{"id":22634,"date":"2024-11-08T13:59:29","date_gmt":"2024-11-08T10:59:29","guid":{"rendered":"https:\/\/www.turna.com\/blog\/?p=22634"},"modified":"2025-08-25T15:57:34","modified_gmt":"2025-08-25T12:57:34","slug":"ankarada-gezilecek-yerler-gorulmesi-gereken-16-yer","status":"publish","type":"post","link":"https:\/\/www.turna.com\/blog\/ankarada-gezilecek-yerler-gorulmesi-gereken-16-yer","title":{"rendered":"Ankara Gezilecek Yerler: Ankara&#8217;da G\u00f6r\u00fclmesi Gereken 17 Yer"},"content":{"rendered":"\n<p>Ankara\u2019y\u0131 ke\u015ffetmeye haz\u0131r m\u0131s\u0131n\u0131z? Ba\u015fkentimizin gizli hazinelerini ve pop\u00fcler noktalar\u0131n\u0131 ke\u015ffetmek i\u00e7in 2 g\u00fcnl\u00fck harika bir yolculu\u011fa \u00e7\u0131k\u0131yoruz. Tarihi dokusu, modern ya\u015fam\u0131 ve do\u011fal g\u00fczellikleriyle her k\u00f6\u015fesinde ayr\u0131 bir hikaye bar\u0131nd\u0131ran bu \u015fehir, size unutulmaz anlar ya\u015fatacak. \u0130ster tarih merakl\u0131s\u0131 olun, ister sanat a\u015f\u0131\u011f\u0131, ya da do\u011fayla i\u00e7 i\u00e7e vakit ge\u00e7irmek isteyin, <strong>2 g\u00fcnl\u00fck Ankara gezi rehberinde<\/strong> herkes i\u00e7in bir \u015feyler var! Haydi, \u00e7antan\u0131z\u0131 haz\u0131rlay\u0131n ve bu muhte\u015fem \u015fehri birlikte ke\u015ffedelim!<\/p>\n\n\n\n<h2 class=\"wp-block-heading has-text-align-center has-neeon-button-dark-gray-color has-text-color has-link-color wp-elements-e1aaa84c7e516e2a3cad83338be9a9c8\"><span class=\"ez-toc-section\" id=\"2_gunluk_ankara_gezi_rehberi\"><\/span><strong><strong><strong>2 G\u00fcnl\u00fck Ankara Gezi Rehberi<\/strong><\/strong><\/strong><span class=\"ez-toc-section-end\"><\/span><\/h2><div id=\"ez-toc-container\" class=\"ez-toc-v2_0_82_2 counter-hierarchy ez-toc-counter ez-toc-black ez-toc-container-direction\">\n<div class=\"ez-toc-title-container\">\n<p class=\"ez-toc-title\" style=\"cursor:inherit\">\u0130\u00e7indekiler<\/p>\n<span class=\"ez-toc-title-toggle\"><a href=\"#\" class=\"ez-toc-pull-right ez-toc-btn ez-toc-btn-xs ez-toc-btn-default ez-toc-toggle\" aria-label=\"\u0130\u00e7indekiler Tablosunu A\u00e7\/Kapat\"><span class=\"ez-toc-js-icon-con\"><span class=\"\"><span class=\"eztoc-hide\" style=\"display:none;\">Toggle<\/span><span class=\"ez-toc-icon-toggle-span\"><svg style=\"fill: #ffffff;color:#ffffff\" xmlns=\"http:\/\/www.w3.org\/2000\/svg\" class=\"list-377408\" width=\"20px\" height=\"20px\" viewBox=\"0 0 24 24\" fill=\"none\"><path d=\"M6 6H4v2h2V6zm14 0H8v2h12V6zM4 11h2v2H4v-2zm16 0H8v2h12v-2zM4 16h2v2H4v-2zm16 0H8v2h12v-2z\" fill=\"currentColor\"><\/path><\/svg><svg style=\"fill: #ffffff;color:#ffffff\" class=\"arrow-unsorted-368013\" xmlns=\"http:\/\/www.w3.org\/2000\/svg\" width=\"10px\" height=\"10px\" viewBox=\"0 0 24 24\" version=\"1.2\" baseProfile=\"tiny\"><path d=\"M18.2 9.3l-6.2-6.3-6.2 6.3c-.2.2-.3.4-.3.7s.1.5.3.7c.2.2.4.3.7.3h11c.3 0 .5-.1.7-.3.2-.2.3-.5.3-.7s-.1-.5-.3-.7zM5.8 14.7l6.2 6.3 6.2-6.3c.2-.2.3-.5.3-.7s-.1-.5-.3-.7c-.2-.2-.4-.3-.7-.3h-11c-.3 0-.5.1-.7.3-.2.2-.3.5-.3.7s.1.5.3.7z\"\/><\/svg><\/span><\/span><\/span><\/a><\/span><\/div>\n<nav><ul class='ez-toc-list ez-toc-list-level-1 eztoc-toggle-hide-by-default' ><li class='ez-toc-page-1 ez-toc-heading-level-2'><a class=\"ez-toc-link ez-toc-heading-1\" href=\"https:\/\/www.turna.com\/blog\/ankarada-gezilecek-yerler-gorulmesi-gereken-16-yer\/#2_gunluk_ankara_gezi_rehberi\" >2 G\u00fcnl\u00fck Ankara Gezi Rehberi<\/a><ul class='ez-toc-list-level-3' ><li class='ez-toc-heading-level-3'><a class=\"ez-toc-link ez-toc-heading-2\" href=\"https:\/\/www.turna.com\/blog\/ankarada-gezilecek-yerler-gorulmesi-gereken-16-yer\/#1_gun\" >1. G\u00fcn<\/a><\/li><li class='ez-toc-page-1 ez-toc-heading-level-3'><a class=\"ez-toc-link ez-toc-heading-3\" href=\"https:\/\/www.turna.com\/blog\/ankarada-gezilecek-yerler-gorulmesi-gereken-16-yer\/#anitkabir\" >An\u0131tkabir<\/a><\/li><li class='ez-toc-page-1 ez-toc-heading-level-3'><a class=\"ez-toc-link ez-toc-heading-4\" href=\"https:\/\/www.turna.com\/blog\/ankarada-gezilecek-yerler-gorulmesi-gereken-16-yer\/#anadolu_medeniyetleri_muzesi\" >Anadolu Medeniyetleri M\u00fczesi<\/a><\/li><li class='ez-toc-page-1 ez-toc-heading-level-3'><a class=\"ez-toc-link ez-toc-heading-5\" href=\"https:\/\/www.turna.com\/blog\/ankarada-gezilecek-yerler-gorulmesi-gereken-16-yer\/#ankara_kalesi\" >Ankara Kalesi<\/a><\/li><li class='ez-toc-page-1 ez-toc-heading-level-3'><a class=\"ez-toc-link ez-toc-heading-6\" href=\"https:\/\/www.turna.com\/blog\/ankarada-gezilecek-yerler-gorulmesi-gereken-16-yer\/#saman_pazari\" >Saman Pazar\u0131<\/a><\/li><li class='ez-toc-page-1 ez-toc-heading-level-3'><a class=\"ez-toc-link ez-toc-heading-7\" href=\"https:\/\/www.turna.com\/blog\/ankarada-gezilecek-yerler-gorulmesi-gereken-16-yer\/#hamamonu\" >Hamam\u00f6n\u00fc<\/a><\/li><li class='ez-toc-page-1 ez-toc-heading-level-3'><a class=\"ez-toc-link ez-toc-heading-8\" href=\"https:\/\/www.turna.com\/blog\/ankarada-gezilecek-yerler-gorulmesi-gereken-16-yer\/#rahmi_m_koc_muzesi\" >Rahmi M. Ko\u00e7 M\u00fczesi<\/a><\/li><li class='ez-toc-page-1 ez-toc-heading-level-3'><a class=\"ez-toc-link ez-toc-heading-9\" href=\"https:\/\/www.turna.com\/blog\/ankarada-gezilecek-yerler-gorulmesi-gereken-16-yer\/#kocatepe_camii\" >Kocatepe Camii<\/a><\/li><li class='ez-toc-page-1 ez-toc-heading-level-3'><a class=\"ez-toc-link ez-toc-heading-10\" href=\"https:\/\/www.turna.com\/blog\/ankarada-gezilecek-yerler-gorulmesi-gereken-16-yer\/#roma_hamami\" >Roma Hamam\u0131<\/a><\/li><li class='ez-toc-page-1 ez-toc-heading-level-3'><a class=\"ez-toc-link ez-toc-heading-11\" href=\"https:\/\/www.turna.com\/blog\/ankarada-gezilecek-yerler-gorulmesi-gereken-16-yer\/#_ulucanlar_cezaevi_muzesi\" >\u00a0Ulucanlar Cezaevi M\u00fczesi<\/a><\/li><li class='ez-toc-page-1 ez-toc-heading-level-3'><a class=\"ez-toc-link ez-toc-heading-12\" href=\"https:\/\/www.turna.com\/blog\/ankarada-gezilecek-yerler-gorulmesi-gereken-16-yer\/#2_gun\" >2. G\u00fcn<\/a><\/li><li class='ez-toc-page-1 ez-toc-heading-level-3'><a class=\"ez-toc-link ez-toc-heading-13\" href=\"https:\/\/www.turna.com\/blog\/ankarada-gezilecek-yerler-gorulmesi-gereken-16-yer\/#haci_bayram_veli_cami\" >Hac\u0131 Bayram Veli Cami<\/a><\/li><li class='ez-toc-page-1 ez-toc-heading-level-3'><a class=\"ez-toc-link ez-toc-heading-14\" href=\"https:\/\/www.turna.com\/blog\/ankarada-gezilecek-yerler-gorulmesi-gereken-16-yer\/#eymir_golu\" >Eymir G\u00f6l\u00fc<\/a><\/li><li class='ez-toc-page-1 ez-toc-heading-level-3'><a class=\"ez-toc-link ez-toc-heading-15\" href=\"https:\/\/www.turna.com\/blog\/ankarada-gezilecek-yerler-gorulmesi-gereken-16-yer\/#altinkoy_acik_hava_muzesi\" >Alt\u0131nk\u00f6y A\u00e7\u0131k Hava M\u00fczesi<\/a><\/li><li class='ez-toc-page-1 ez-toc-heading-level-3'><a class=\"ez-toc-link ez-toc-heading-16\" href=\"https:\/\/www.turna.com\/blog\/ankarada-gezilecek-yerler-gorulmesi-gereken-16-yer\/#kizilcahamam\" >K\u0131z\u0131lcahamam<\/a><\/li><li class='ez-toc-page-1 ez-toc-heading-level-3'><a class=\"ez-toc-link ez-toc-heading-17\" href=\"https:\/\/www.turna.com\/blog\/ankarada-gezilecek-yerler-gorulmesi-gereken-16-yer\/#beypazari\" >Beypazar\u0131<\/a><\/li><li class='ez-toc-page-1 ez-toc-heading-level-3'><a class=\"ez-toc-link ez-toc-heading-18\" href=\"https:\/\/www.turna.com\/blog\/ankarada-gezilecek-yerler-gorulmesi-gereken-16-yer\/#nallihan_kus_cenneti\" >Nall\u0131han Ku\u015f Cenneti<\/a><\/li><li class='ez-toc-page-1 ez-toc-heading-level-3'><a class=\"ez-toc-link ez-toc-heading-19\" href=\"https:\/\/www.turna.com\/blog\/ankarada-gezilecek-yerler-gorulmesi-gereken-16-yer\/#tuz_golu\" >Tuz G\u00f6l\u00fc<\/a><\/li><li class='ez-toc-page-1 ez-toc-heading-level-3'><a class=\"ez-toc-link ez-toc-heading-20\" href=\"https:\/\/www.turna.com\/blog\/ankarada-gezilecek-yerler-gorulmesi-gereken-16-yer\/#kugulu_park\" >Ku\u011fulu Park<\/a><\/li><\/ul><\/li><\/ul><\/nav><\/div>\n\n\n\n\n<figure class=\"wp-block-image size-large\"><img width=\"800\" height=\"500\" data-public-id=\"wordpress-contents\/ankarada_gezilecek_yerler\/ankarada_gezilecek_yerler.jpg\" decoding=\"async\" src=\"https:\/\/res.cloudinary.com\/turna\/images\/w_800,h_500,c_scale\/f_auto,q_auto:low\/v1717184183\/wordpress-contents\/ankarada_gezilecek_yerler\/ankarada_gezilecek_yerler.jpg?_i=AA\" alt=\"Ankara&#039;da Gezilecek Yerler\" class=\"wp-post-0 wp-image-22640\" data-format=\"jpg\" data-transformations=\"f_auto,q_auto:low\" data-version=\"1717184183\" data-seo=\"1\" srcset=\"https:\/\/res.cloudinary.com\/turna\/images\/f_auto,q_auto:low\/v1717184183\/wordpress-contents\/ankarada_gezilecek_yerler\/ankarada_gezilecek_yerler.jpg?_i=AA 800w, https:\/\/res.cloudinary.com\/turna\/images\/w_300,h_188,c_scale\/f_auto,q_auto:low\/v1717184183\/wordpress-contents\/ankarada_gezilecek_yerler\/ankarada_gezilecek_yerler.jpg?_i=AA 300w, https:\/\/res.cloudinary.com\/turna\/images\/w_672,h_420,c_scale\/f_auto,q_auto:low\/v1717184183\/wordpress-contents\/ankarada_gezilecek_yerler\/ankarada_gezilecek_yerler.jpg?_i=AA 672w, https:\/\/res.cloudinary.com\/turna\/images\/w_640,h_400,c_scale\/f_auto,q_auto:low\/v1717184183\/wordpress-contents\/ankarada_gezilecek_yerler\/ankarada_gezilecek_yerler.jpg?_i=AA 640w, https:\/\/res.cloudinary.com\/turna\/images\/w_681,h_426,c_scale\/f_auto,q_auto:low\/v1717184183\/wordpress-contents\/ankarada_gezilecek_yerler\/ankarada_gezilecek_yerler.jpg?_i=AA 681w\" sizes=\"(max-width: 800px) 100vw, 800px\" \/><\/figure>\n\n\n\n<p>Ankara&#8217;da gezilecek yerler o kadar \u00e7ok ve \u00e7e\u015fitli ki, bu \u015fehrin dinamizmi sizi \u015fa\u015f\u0131rtacak! Tarihi d\u00f6nemlerde Ancyra ve Angora olarak bilinen Ankara, Hititler, Frigler, Romal\u0131lar ve Osmanl\u0131lar gibi bir\u00e7ok medeniyete ev sahipli\u011fi yapm\u0131\u015f. \u015eehir, Cumhuriyet\u2019in ilan\u0131yla modern T\u00fcrkiye\u2019nin kalbi haline gelmi\u015f.<\/p>\n\n\n\n<p>Buraya geldi\u011finizde sizi, Atat\u00fcrk\u2019\u00fcn an\u0131t mezar\u0131 An\u0131tkabir\u2019in g\u00f6rkemi, Anadolu Medeniyetleri M\u00fczesi\u2019nin zengin koleksiyonlar\u0131 ve Kocatepe Camii\u2019nin b\u00fcy\u00fcleyici mimarisi kar\u015f\u0131layacak. Ancak Ankara sadece tarih demek de\u011fil; gen\u00e7 ve canl\u0131 ruhuyla Tunal\u0131 Hilmi Caddesi\u2019nde al\u0131\u015fveri\u015f keyfi, Se\u011fmenler Park\u0131\u2019nda do\u011fayla i\u00e7 i\u00e7e anlar ve modern sanat\u0131n kalbinin att\u0131\u011f\u0131 CerModern\u2019de sanatsal ke\u015fifler sizi bekliyor. Bu \u015fehir, hem ge\u00e7mi\u015fin izlerini ta\u015f\u0131yan hem de gelece\u011fe umutla bakan yap\u0131s\u0131yla her ziyaret\u00e7isine farkl\u0131 bir hikaye sunuyor. Haz\u0131r olun, 2 g\u00fcnl\u00fck Ankara gezi rehberi ile unutulmaz bir ser\u00fcven sizi bekliyor!<\/p>\n\n\n\n<h3 class=\"wp-block-heading has-text-align-center has-neeon-button-dark-gray-color has-text-color has-link-color wp-elements-6d46b0dd14ffe562fe8db9989594ee7e\"><span class=\"ez-toc-section\" id=\"1_gun\"><\/span><strong><strong><strong>1. G\u00fcn<\/strong><\/strong><\/strong><span class=\"ez-toc-section-end\"><\/span><\/h3>\n\n\n\n<h3 class=\"wp-block-heading has-text-align-center has-neeon-button-dark-gray-color has-text-color has-link-color wp-elements-d5af72860b6a29c9136678e986ca95e3\"><span class=\"ez-toc-section\" id=\"anitkabir\"><\/span><strong><strong><strong><strong>An\u0131tkabir<\/strong><\/strong><\/strong><\/strong><span class=\"ez-toc-section-end\"><\/span><\/h3>\n\n\n\n<figure class=\"wp-block-image size-large\"><img decoding=\"async\" src=\"https:\/\/res.cloudinary.com\/turna\/image\/upload\/v1717184183\/wordpress-contents\/an%C4%B1tkabir.jpg\" alt=\"Ankara'da Gezilecek Yerler An\u0131tkabir\"\/><\/figure>\n\n\n\n<p>Ankara gezinizin ilk g\u00fcn\u00fcne, \u015fehrin en \u00f6nemli sembollerinden birini ziyaret ederek ba\u015flayabilirsiniz. An\u0131tkabir, sadece bir an\u0131t de\u011fil, milli ruhumuzun kalbinin att\u0131\u011f\u0131 yer! T\u00fcrkiye Cumhuriyeti\u2019nin kurucusu Gazi Mustafa Kemal Atat\u00fcrk\u2019\u00fcn da ebedi istirahatgah\u0131d\u0131r. An\u0131tkabir, g\u00f6rkemi ve ihti\u015fam\u0131yla ziyaret\u00e7ilerini derin bir sayg\u0131 ve minnet duygusuyla sar\u0131yor.<\/p>\n\n\n\n<p>Her bir ta\u015f\u0131nda, her bir s\u00fctununda ba\u011f\u0131ms\u0131zl\u0131k m\u00fccadelesinin izleri sakl\u0131. Aslanl\u0131 Yol\u2019dan y\u00fcr\u00fcy\u00fcp Mozole\u2019ye ula\u015ft\u0131\u011f\u0131n\u0131zda, b\u00fcy\u00fck liderimizin aziz hat\u0131ras\u0131yla bulu\u015fup, Cumhuriyet\u2019in temellerinin at\u0131ld\u0131\u011f\u0131 o b\u00fcy\u00fck g\u00fcnlerin co\u015fkusunu ve gururunu derinden hissedeceksiniz. An\u0131tkabir, her T\u00fcrk vatanda\u015f\u0131n\u0131n kalbinde ta\u015f\u0131d\u0131\u011f\u0131 Atat\u00fcrk sevgisinin ve vatan a\u015fk\u0131n\u0131n somutla\u015ft\u0131\u011f\u0131 kutsal bir mabet.<\/p>\n\n\n\n<p>Konum <strong><a href=\"https:\/\/maps.app.goo.gl\/dbRFMPQzmYwvyUfU9\" target=\"_blank\" rel=\"noreferrer noopener\">burada.<\/a><\/strong><\/p>\n\n\n\n<h3 class=\"wp-block-heading has-text-align-center has-neeon-button-dark-gray-color has-text-color has-link-color wp-elements-b81612f32695d9d7d6265a7d6f71b74b\"><span class=\"ez-toc-section\" id=\"anadolu_medeniyetleri_muzesi\"><\/span><strong><strong><strong><strong>Anadolu Medeniyetleri M\u00fczesi<\/strong><\/strong><\/strong><\/strong><span class=\"ez-toc-section-end\"><\/span><\/h3>\n\n\n\n<figure class=\"wp-block-image size-large\"><img decoding=\"async\" src=\"https:\/\/res.cloudinary.com\/turna\/image\/upload\/v1717184183\/wordpress-contents\/anadolu_medeniyetleri_m%C3%BCzesi.jpg\" alt=\"Ankara'da Gezilecek Yerler Anadolu medeniyetleri m\u00fczesi\"\/><\/figure>\n\n\n\n<p>G\u00fcn\u00fcn devam\u0131nda Anadolu Medeniyetleri M\u00fczesi, sizi tarihin derinliklerine do\u011fru co\u015fkulu bir yolculu\u011fa \u00e7\u0131kar\u0131yor! Bu muhte\u015fem m\u00fcze, Anadolu&#8217;nun binlerce y\u0131ll\u0131k medeniyetlerine ev sahipli\u011fi yap\u0131yor. Hititlerden Friglere, Urartulardan Lidyal\u0131lara kadar say\u0131s\u0131z k\u00fclt\u00fcr\u00fcn izlerini s\u00fcrmek, adeta bir zaman makinesine binmek gibi. M\u00fczede sergilenen e\u015fsiz eserler, Anadolu\u2019nun zengin ge\u00e7mi\u015fini ve insanl\u0131k tarihine yapt\u0131\u011f\u0131 katk\u0131lar\u0131 g\u00f6zler \u00f6n\u00fcne seriyor.<\/p>\n\n\n\n<p>Her bir sergi salonu, tarihin tozlu sayfalar\u0131n\u0131 aralarken, medeniyetlerin y\u00fckseli\u015fini ve \u00e7\u00f6k\u00fc\u015f\u00fcn\u00fc co\u015fkuyla deneyimlemenizi sa\u011fl\u0131yor. Anadolu Medeniyetleri M\u00fczesi, sadece bir m\u00fcze de\u011fil, k\u00fclt\u00fcrel bir miras\u0131n kap\u0131lar\u0131n\u0131 aralayan b\u00fcy\u00fcleyici bir d\u00fcnya.<\/p>\n\n\n\n<p>Konum <strong><a href=\"https:\/\/maps.app.goo.gl\/YjRoaAyvEBSDqqFh9\" target=\"_blank\" rel=\"noreferrer noopener\">burada.<\/a><\/strong><\/p>\n\n\n\n<h3 class=\"wp-block-heading has-text-align-center has-neeon-button-dark-gray-color has-text-color has-link-color wp-elements-b10bfd524689314e72e3a3c4bb7b1e8e\"><span class=\"ez-toc-section\" id=\"ankara_kalesi\"><\/span><strong><strong><strong><strong>Ankara Kalesi<\/strong><\/strong><\/strong><\/strong><span class=\"ez-toc-section-end\"><\/span><\/h3>\n\n\n\n<figure class=\"wp-block-image size-large\"><img decoding=\"async\" src=\"https:\/\/res.cloudinary.com\/turna\/image\/upload\/v1717184183\/wordpress-contents\/ankara_kalesi.jpg\" alt=\"Ankara'da Gezilecek Yerler Ankara Kalesi\"\/><\/figure>\n\n\n\n<p>Zamana meydan okuyan bir di\u011fer ilk g\u00fcn dura\u011f\u0131 ise Ankara Kalesi! Bu tarihi kale, y\u00fczy\u0131llard\u0131r ba\u015fkentin simgesi olarak dimdik ayakta duruyor. Kale surlar\u0131na ad\u0131m att\u0131\u011f\u0131n\u0131zda, tarihin her katman\u0131n\u0131 hissedecek ve ge\u00e7mi\u015fe co\u015fkulu bir yolculuk yapacaks\u0131n\u0131z. Roma, Bizans, Sel\u00e7uklu ve Osmanl\u0131 d\u00f6nemlerine tan\u0131kl\u0131k eden bu g\u00f6rkemli yap\u0131n\u0131n her k\u00f6\u015fesinde bir hikaye sakl\u0131. Surlardan \u015fehre bakt\u0131\u011f\u0131n\u0131zda, modern Ankara\u2019n\u0131n enerjisiyle tarihi dokunun bulu\u015ftu\u011fu e\u015fsiz manzaraya hayran kalacaks\u0131n\u0131z.<\/p>\n\n\n\n<p>Konum <strong><a href=\"https:\/\/maps.app.goo.gl\/hpFzydghcBhqpttM7\" target=\"_blank\" rel=\"noreferrer noopener\">burada.<\/a><\/strong><\/p>\n\n\n\n<h3 class=\"wp-block-heading has-text-align-center has-neeon-button-dark-gray-color has-text-color has-link-color wp-elements-5a75a18eaf975376aeb5801e7fcb8872\"><span class=\"ez-toc-section\" id=\"saman_pazari\"><\/span><strong><strong><strong><strong>Saman Pazar\u0131<\/strong><\/strong><\/strong><\/strong><span class=\"ez-toc-section-end\"><\/span><\/h3>\n\n\n\n<figure class=\"wp-block-image size-large\"><img decoding=\"async\" src=\"https:\/\/res.cloudinary.com\/turna\/image\/upload\/v1717184188\/wordpress-contents\/saman_pazar%C4%B1.jpg\" alt=\"Ankara'da Gezilecek Yerler saman Pazar\u0131\"\/><\/figure>\n\n\n\n<p>Ankara&#8217;n\u0131n kalbindeki renkli ve canl\u0131 bir nokta olan Saman Pazar\u0131, \u015fehrin enerjisini ve co\u015fkusunu hissetmek isteyen herkes i\u00e7in keyifli bir durak! Eski \u00e7ar\u015f\u0131 k\u00fclt\u00fcr\u00fcn\u00fcn modern \u00e7a\u011fa uyum sa\u011flad\u0131\u011f\u0131 bu yerde, el i\u015fi \u00fcr\u00fcnler, y\u00f6resel lezzetler ve al\u0131\u015fveri\u015fin her alan\u0131nda g\u00fczel se\u00e7enekler sizi bekliyor. Saman Pazar\u0131&#8217;n\u0131n dar sokaklar\u0131nda dola\u015f\u0131rken, taze meyve ve sebzelerin kokusunu duyacak, el yap\u0131m\u0131 hediyelik e\u015fyalar aras\u0131nda kaybolacaks\u0131n\u0131z. Canl\u0131 atmosferi ve renkli dokusuyla Saman Pazar\u0131, Ankara&#8217;n\u0131n ya\u015fayan bir par\u00e7as\u0131.<\/p>\n\n\n\n<p>Konum <strong><a href=\"https:\/\/maps.app.goo.gl\/CMLdFCNwS8AqA9VaA\" target=\"_blank\" rel=\"noreferrer noopener\">burada.<\/a><\/strong><\/p>\n\n\n\n<h3 class=\"wp-block-heading has-text-align-center has-neeon-button-dark-gray-color has-text-color has-link-color wp-elements-ca03722b60c816238c5d85bfaf085b0b\"><span class=\"ez-toc-section\" id=\"hamamonu\"><\/span><strong><strong><strong><strong>Hamam\u00f6n\u00fc<\/strong><\/strong><\/strong><\/strong><span class=\"ez-toc-section-end\"><\/span><\/h3>\n\n\n\n<figure class=\"wp-block-image size-large\"><img decoding=\"async\" src=\"https:\/\/res.cloudinary.com\/turna\/image\/upload\/v1717184184\/wordpress-contents\/hamam%C3%B6n%C3%BC.jpg\" alt=\"Hamam\u00f6n\u00fc\"\/><\/figure>\n\n\n\n<p>Bir zamanlar hanlar, hamamlar ve konaklarla dolu olan Hamam\u00f6n\u00fc, \u015fimdi restore edilmi\u015f Osmanl\u0131 d\u00f6nemi evleri ve ta\u015f sokaklar\u0131yla b\u00fcy\u00fcleyici bir atmosfere sahip. Hamam\u00f6n\u00fc, ge\u00e7mi\u015fin izlerini g\u00fcn\u00fcm\u00fcze ta\u015f\u0131yan bir zaman t\u00fcneli gibi. Her ad\u0131mda, tarihin s\u0131cakl\u0131\u011f\u0131n\u0131 ve eski Ankara&#8217;n\u0131n ruhunu hissedeceksiniz. Antikac\u0131lar\u0131n d\u00fckk\u00e2nlar\u0131, butik kafeler ve el sanatlar\u0131 at\u00f6lyeleriyle dolu sokaklar\u0131nda dola\u015f\u0131rken, adeta zamanda yolculuk yap\u0131yormu\u015f hissine kap\u0131lacaks\u0131n\u0131z. Hamam\u00f6n\u00fc, Ankara&#8217;n\u0131n k\u00fclt\u00fcrel miras\u0131n\u0131 ve tarihini ya\u015fatan canl\u0131 bir m\u00fcze gibi. Buran\u0131n otantik mekanlar\u0131nda kahvalt\u0131 yapabilir, bol k\u00f6p\u00fckl\u00fc bir t\u00fcrk kahvesi i\u00e7ebilirsiniz.<\/p>\n\n\n\n<p>Konum <strong><a href=\"https:\/\/maps.app.goo.gl\/A4H3Ma5ttySw1FANA\" target=\"_blank\" rel=\"noreferrer noopener\">burada.<\/a><\/strong><\/p>\n\n\n\n<h3 class=\"wp-block-heading has-text-align-center has-neeon-button-dark-gray-color has-text-color has-link-color wp-elements-2081c369207203401129767177e4213c\"><span class=\"ez-toc-section\" id=\"rahmi_m_koc_muzesi\"><\/span><strong><strong><strong><strong>Rahmi M. Ko\u00e7 M\u00fczesi<\/strong><\/strong><\/strong><\/strong><span class=\"ez-toc-section-end\"><\/span><\/h3>\n\n\n\n<figure class=\"wp-block-image size-large\"><img decoding=\"async\" src=\"https:\/\/res.cloudinary.com\/turna\/image\/upload\/v1717184187\/wordpress-contents\/rahmi_m._ko%C3%A7_m%C3%BCzesi.jpg\" alt=\"Rahmi M. Ko\u00e7 M\u00fczesi\"\/><\/figure>\n\n\n\n<p>Ankara&#8217;da ilk g\u00fcn gezilecek yerler aras\u0131nda teknoloji tutkunlar\u0131n\u0131n g\u00f6zdesi olan Rahmi M. Ko\u00e7 M\u00fczesi, sizi bir zaman yolculu\u011funa \u00e7\u0131kar\u0131yor! Bu b\u00fcy\u00fcl\u00fc m\u00fcze, end\u00fcstriyel miras\u0131m\u0131z\u0131 ve teknolojinin evrimini g\u00f6zler \u00f6n\u00fcne seren benzersiz bir koleksiyona ev sahipli\u011fi yap\u0131yor. Aralar\u0131nda otomobillerden denizalt\u0131 maketlerine, tarih \u00f6ncesi aletlerden uzay meki\u011fi modellerine kadar geni\u015f bir yelpazede eser bulunan m\u00fcze, ziyaret\u00e7ilerini \u015fa\u015f\u0131rt\u0131c\u0131 bir ke\u015ffe davet ediyor. Burada, ge\u00e7mi\u015fin nostaljik cazibesiyle gelece\u011fin heyecan verici potansiyeli bir araya geliyor. Rahmi M. Ko\u00e7 M\u00fczesi, sadece bir sergi alan\u0131 de\u011fil, ayn\u0131 zamanda teknolojinin b\u00fcy\u00fcl\u00fc d\u00fcnyas\u0131na a\u00e7\u0131lan kap\u0131.<\/p>\n\n\n\n<p>Konum <strong><a href=\"https:\/\/maps.app.goo.gl\/aMY6NEiiBBp5bcFr9\" target=\"_blank\" rel=\"noreferrer noopener\">burada.<\/a><\/strong><\/p>\n\n\n\n<h3 class=\"wp-block-heading has-text-align-center has-neeon-button-dark-gray-color has-text-color has-link-color wp-elements-e79a49ab3845f07512c3165a8d365237\"><span class=\"ez-toc-section\" id=\"kocatepe_camii\"><\/span><strong><strong><strong><strong>Kocatepe Camii<\/strong><\/strong><\/strong><\/strong><span class=\"ez-toc-section-end\"><\/span><\/h3>\n\n\n\n<figure class=\"wp-block-image size-large\"><img decoding=\"async\" src=\"https:\/\/res.cloudinary.com\/turna\/image\/upload\/v1717184184\/wordpress-contents\/kocatepe_camii.jpg\" alt=\"Kocatepe Camii\"\/><\/figure>\n\n\n\n<p>Ankara&#8217;n\u0131n g\u00f6ky\u00fcz\u00fcne y\u00fckselen gururu, Kocatepe Camii! Bu muhte\u015fem yap\u0131, T\u00fcrk mimarisinin bir \u015faheseri. Her bir detay\u0131nda titizlikle i\u015flenmi\u015f ola\u011fan\u00fcst\u00fc mimarisiyle g\u00f6z kama\u015ft\u0131ran Kocatepe Camii, i\u00e7inde bar\u0131nd\u0131rd\u0131\u011f\u0131 huzurlu atmosferiyle de ruhlar\u0131 dinlendiriyor. Y\u00fcksek minaresiyle g\u00f6ky\u00fcz\u00fcne do\u011fru uzanan bu kutsal yap\u0131, ziyaret\u00e7ilerini adeta b\u00fcy\u00fcl\u00fcyor. Kocatepe Camii, Ankara&#8217;n\u0131n en b\u00fcy\u00fck camisi olman\u0131n \u00f6tesinde, bir \u015fehrin kalbindeki manevi ve estetik bir hazine.<\/p>\n\n\n\n<p>Konum <strong><a href=\"https:\/\/maps.app.goo.gl\/TGMjbZGowGSAsCqj7\" target=\"_blank\" rel=\"noreferrer noopener\">burada.<\/a><\/strong><\/p>\n\n\n\n<h3 class=\"wp-block-heading has-text-align-center has-neeon-button-dark-gray-color has-text-color has-link-color wp-elements-0221f351c0d3c61c864be4b9563c1c28\"><span class=\"ez-toc-section\" id=\"roma_hamami\"><\/span><strong><strong><strong><strong>Roma Hamam\u0131<\/strong><\/strong><\/strong><\/strong><span class=\"ez-toc-section-end\"><\/span><\/h3>\n\n\n\n<figure class=\"wp-block-image size-large\"><img decoding=\"async\" src=\"https:\/\/res.cloudinary.com\/turna\/image\/upload\/v1717184184\/wordpress-contents\/ankara_roma_hamam%C4%B1.jpg\" alt=\"Roma Hamam\u0131\"\/><\/figure>\n\n\n\n<p>Ankara&#8217;n\u0131n gizemli k\u00f6\u015felerinden biri olan Roma Hamam\u0131, ge\u00e7mi\u015fin izlerini g\u00fcn\u00fcm\u00fcze ta\u015f\u0131yan bir yer! Bu antik yap\u0131, Roma d\u00f6nemine ait bir hamam olarak biliniyor. Antik Roma&#8217;n\u0131n ihti\u015fam\u0131n\u0131 ve l\u00fcks\u00fcn\u00fc yans\u0131tan bu harika yap\u0131, g\u00fcn\u00fcm\u00fcze kadar ayakta kalmay\u0131 ba\u015farm\u0131\u015f nadir eserlerden biri. <\/p>\n\n\n\n<p>Konum <strong><a href=\"https:\/\/maps.app.goo.gl\/NW5G7cpMCBh89pVw5\" target=\"_blank\" rel=\"noreferrer noopener\">burada.<\/a><\/strong><\/p>\n\n\n\n<h3 class=\"wp-block-heading has-text-align-center has-neeon-button-dark-gray-color has-text-color has-link-color wp-elements-3782543d0eeae02f901ba59855d2655a\"><span class=\"ez-toc-section\" id=\"_ulucanlar_cezaevi_muzesi\"><\/span><strong><strong><strong><strong><strong>\u00a0Ulucanlar Cezaevi M\u00fczesi<\/strong><\/strong><\/strong><\/strong><\/strong><span class=\"ez-toc-section-end\"><\/span><\/h3>\n\n\n\n<figure class=\"wp-block-image size-large\"><img decoding=\"async\" src=\"https:\/\/res.cloudinary.com\/turna\/image\/upload\/v1717184188\/wordpress-contents\/Ulucanlar_cezaevi_m%C3%BCzesi.jpg\" alt=\"\u00a0Ulucanlar Cezaevi M\u00fczesi\"\/><\/figure>\n\n\n\n<p>\u0130lk g\u00fcn\u00fcn son dura\u011f\u0131 Ulucanlar Cezaevi M\u00fczesi, T\u00fcrkiye&#8217;nin \u00f6zg\u00fcrl\u00fck m\u00fccadelesinin simgesi! Bu tarihi cezaevi, bir zamanlar politikac\u0131lar, yazarlar, sanat\u00e7\u0131lar ve bir\u00e7ok vatanseverin hapsedildi\u011fi yerdi. Ancak bug\u00fcn, bu an\u0131tsal yap\u0131, \u00f6zg\u00fcrl\u00fck ve adalet m\u00fccadelesinin an\u0131s\u0131n\u0131 ya\u015fat\u0131yor. Ziyaret\u00e7ilerini duygusal bir yolculu\u011fa \u00e7\u0131karan Ulucanlar Cezaevi M\u00fczesi, ge\u00e7mi\u015fin ac\u0131 hat\u0131ralar\u0131n\u0131 hat\u0131rlatman\u0131n yan\u0131 s\u0131ra, umut ve direni\u015fin de sembol\u00fc.<\/p>\n\n\n\n<p>Konum <strong><a href=\"https:\/\/maps.app.goo.gl\/EAbNcHM4po2v8D5t9\" target=\"_blank\" rel=\"noreferrer noopener\">burada.<\/a><\/strong><\/p>\n\n\n\n<h3 class=\"wp-block-heading has-text-align-center has-neeon-button-dark-gray-color has-text-color has-link-color wp-elements-2079b40b9397f26d3897f5ede840ff40\"><span class=\"ez-toc-section\" id=\"2_gun\"><\/span><strong><strong><strong>2. G\u00fcn<\/strong><\/strong><\/strong><span class=\"ez-toc-section-end\"><\/span><\/h3>\n\n\n\n<h3 class=\"wp-block-heading has-text-align-center has-neeon-button-dark-gray-color has-text-color has-link-color wp-elements-72a7865639d25f179a23ea4ab459a0f2\"><span class=\"ez-toc-section\" id=\"haci_bayram_veli_cami\"><\/span><strong><strong><strong><strong><strong>Hac\u0131 Bayram Veli Cami<\/strong><\/strong><\/strong><\/strong><\/strong><span class=\"ez-toc-section-end\"><\/span><\/h3>\n\n\n\n<figure class=\"wp-block-image size-large\"><img decoding=\"async\" src=\"https:\/\/res.cloudinary.com\/turna\/image\/upload\/v1717184184\/wordpress-contents\/hac%C4%B1_bayram_veli_cami.jpg\" alt=\"Hac\u0131 Bayram Veli Cami\"\/><\/figure>\n\n\n\n<p>\u0130kinci g\u00fcnde ilk dura\u011f\u0131m\u0131z Ankara&#8217;n\u0131n ruhani atmosferine \u0131\u015f\u0131k sa\u00e7an bir inci, Hac\u0131 Bayram Veli Camii! Bu kutsal mekan, tarih boyunca say\u0131s\u0131z ibadetin yap\u0131ld\u0131\u011f\u0131 ve dualar\u0131n y\u00fckseldi\u011fi bir merkez olmu\u015f. Caminin etraf\u0131nda dola\u015f\u0131rken, tarihin derinliklerinde bir yolculu\u011fa \u00e7\u0131kacak ve manevi huzurun kollar\u0131na kendinizi b\u0131rakacaks\u0131n\u0131z. Bu e\u015fsiz yap\u0131, mimarisi ve i\u00e7 dizayn\u0131yla g\u00f6z kama\u015ft\u0131r\u0131rken, i\u00e7inde bar\u0131nd\u0131rd\u0131\u011f\u0131 manevi atmosferle ruhlar\u0131 besliyor. Burada, dua edenlerin samimi sesleriyle dolu bir sessizli\u011fi ve i\u00e7 huzuru hissedeceksiniz.<\/p>\n\n\n\n<p>Konum <strong><a href=\"https:\/\/maps.app.goo.gl\/J1BbACXHnu6K53DB8\" target=\"_blank\" rel=\"noreferrer noopener\">burada.<\/a><\/strong><\/p>\n\n\n\n<h3 class=\"wp-block-heading has-text-align-center has-neeon-button-dark-gray-color has-text-color has-link-color wp-elements-0b2e5f4299fad1f36c34961c32d2a9cb\"><span class=\"ez-toc-section\" id=\"eymir_golu\"><\/span><strong><strong><strong><strong><strong>Eymir G\u00f6l\u00fc<\/strong><\/strong><\/strong><\/strong><\/strong><span class=\"ez-toc-section-end\"><\/span><\/h3>\n\n\n\n<figure class=\"wp-block-image size-large\"><img decoding=\"async\" src=\"https:\/\/res.cloudinary.com\/turna\/image\/upload\/v1717184184\/wordpress-contents\/eymir_g%C3%B6l%C3%BC.jpg\" alt=\"Eymir G\u00f6l\u00fc\"\/><\/figure>\n\n\n\n<p>2 g\u00fcnl\u00fck Ankara tatilinizde dinlenmek ve rahatlamak i\u00e7in Eymir G\u00f6l\u00fc harika bir tercih! Ailecek keyifli vakit ge\u00e7irmenin en harika adreslerinden de biri. Bu e\u015fsiz g\u00f6l, ye\u015filliklerle \u00e7evrili muhte\u015fem bir manzara sunarken, g\u00f6l kenar\u0131nda piknik yapmak i\u00e7in m\u00fckemmel bir ortam sa\u011fl\u0131yor. \u00c7ocuklar\u0131n\u0131zla birlikte do\u011fa y\u00fcr\u00fcy\u00fc\u015fleri yapabilir, bisikletle gezintiye \u00e7\u0131kabilir veya sadece g\u00f6l\u00fcn huzur veren manzaras\u0131n\u0131n tad\u0131n\u0131 \u00e7\u0131karabilirsiniz. Eymir G\u00f6l\u00fc, Ankara&#8217;da ailecek keyifli ve unutulmaz bir g\u00fcn ge\u00e7irmek i\u00e7in ideal bir destinasyon!<\/p>\n\n\n\n<p>Konum <strong><a href=\"https:\/\/maps.app.goo.gl\/7drGtixS2bzPrPjB8\" target=\"_blank\" rel=\"noreferrer noopener\">burada.<\/a><\/strong><\/p>\n\n\n\n<h3 class=\"wp-block-heading has-text-align-center has-neeon-button-dark-gray-color has-text-color has-link-color wp-elements-039015f1ca50875b49e998e3c697917c\"><span class=\"ez-toc-section\" id=\"altinkoy_acik_hava_muzesi\"><\/span><strong><strong><strong><strong><strong>Alt\u0131nk\u00f6y A\u00e7\u0131k Hava M\u00fczesi<\/strong><\/strong><\/strong><\/strong><\/strong><span class=\"ez-toc-section-end\"><\/span><\/h3>\n\n\n\n<figure class=\"wp-block-image size-large\"><img decoding=\"async\" src=\"https:\/\/res.cloudinary.com\/turna\/image\/upload\/v1717184183\/wordpress-contents\/alt%C4%B1nk%C3%B6y_a%C3%A7%C4%B1k_hava_m%C3%BCzesi.jpg\" alt=\"Alt\u0131nk\u00f6y A\u00e7\u0131k Hava M\u00fczesi\"\/><\/figure>\n\n\n\n<p><strong>Ankara&#8217;da \u00e7ocuklar i\u00e7in gezilecek yerler <\/strong>ar\u0131yorsan\u0131z, Alt\u0131nk\u00f6y A\u00e7\u0131k Hava M\u00fczesi tam da arad\u0131\u011f\u0131n\u0131z yer! Bu b\u00fcy\u00fcleyici k\u00f6y m\u00fczesi, \u00e7ocuklar\u0131n\u0131z\u0131 do\u011fayla bulu\u015ftururken ge\u00e7mi\u015fin izlerini de ke\u015ffetmelerini sa\u011fl\u0131yor. Geleneksel T\u00fcrk k\u00f6y ya\u015fam\u0131n\u0131n canland\u0131r\u0131ld\u0131\u011f\u0131 bu a\u00e7\u0131k hava m\u00fczesinde, eski zamanlar\u0131n tar\u0131m ara\u00e7lar\u0131, k\u00f6y evleri ve el sanatlar\u0131 at\u00f6lyeleriyle dolu dolu bir g\u00fcn ge\u00e7irebilirsiniz. Alt\u0131nk\u00f6y&#8217;de \u00e7ocuklar\u0131n\u0131z, hayvanlar\u0131 besleyebilir, tarlalarda ko\u015fabilir ve k\u00f6y ya\u015fam\u0131n\u0131n huzurunu hissedebilir. Hem e\u011fitici hem de e\u011flenceli bir deneyim sunan Alt\u0131nk\u00f6y A\u00e7\u0131k Hava M\u00fczesi, Ankara&#8217;da \u00e7ocuklar\u0131n\u0131zla birlikte unutulmaz an\u0131lar biriktirece\u011finiz harika bir yer!<\/p>\n\n\n\n<p>Konum <strong><a href=\"https:\/\/maps.app.goo.gl\/6K3gpqixiJUf7vSHA\" target=\"_blank\" rel=\"noreferrer noopener\">burada.<\/a><\/strong><\/p>\n\n\n\n<h3 class=\"wp-block-heading has-text-align-center has-neeon-button-dark-gray-color has-text-color has-link-color wp-elements-b2f151b4fdb95436c6e9a36ce54faf55\"><span class=\"ez-toc-section\" id=\"kizilcahamam\"><\/span><strong><strong><strong><strong><strong>K\u0131z\u0131lcahamam<\/strong><\/strong><\/strong><\/strong><\/strong><span class=\"ez-toc-section-end\"><\/span><\/h3>\n\n\n\n<figure class=\"wp-block-image size-large\"><img decoding=\"async\" src=\"https:\/\/res.cloudinary.com\/turna\/image\/upload\/v1717184184\/wordpress-contents\/k%C4%B1z%C4%B1lcahamam.jpg\" alt=\"K\u0131z\u0131lcahamam\"\/><\/figure>\n\n\n\n<p>K\u0131sa tatilinizin ikinci g\u00fcn\u00fcnde do\u011fa ile i\u00e7 i\u00e7e bir yer ar\u0131yorsan\u0131z, K\u0131z\u0131lcahamam tam size g\u00f6re! Bu muhte\u015fem b\u00f6lge, termal sular\u0131, yemye\u015fil ormanlar\u0131 ve huzur dolu atmosferiyle do\u011faseverler i\u00e7in bir cennet. K\u0131z\u0131lcahamam Milli Park\u0131&#8217;nda y\u00fcr\u00fcy\u00fc\u015f yapabilir, do\u011fan\u0131n tad\u0131n\u0131 \u00e7\u0131karabilir ve temiz havan\u0131n keyfini s\u00fcrebilirsiniz. Ayr\u0131ca, kapl\u0131calar\u0131n \u015fifal\u0131 sular\u0131nda rahatlayabilir ve yorgunlu\u011funuzu atabilirsiniz. K\u0131z\u0131lcahamam, Ankara&#8217;da do\u011fayla ba\u015f ba\u015fa kalmak ve \u015fehir hayat\u0131n\u0131n stresinden uzakla\u015fmak isteyenler i\u00e7in m\u00fckemmel bir ka\u00e7\u0131\u015f noktas\u0131. Burada, do\u011fan\u0131n b\u00fcy\u00fcs\u00fcne kap\u0131lacak ve her an\u0131ndan keyif alacaks\u0131n\u0131z!<\/p>\n\n\n\n<p>Konum <strong><strong><a href=\"https:\/\/maps.app.goo.gl\/2373qJzZhCuxTNUx6\" target=\"_blank\" rel=\"noreferrer noopener\">burada.<\/a><\/strong><\/strong><\/p>\n\n\n\n<h3 class=\"wp-block-heading has-text-align-center has-neeon-button-dark-gray-color has-text-color has-link-color wp-elements-745046f9adba1570d1017880d940f5db\"><span class=\"ez-toc-section\" id=\"beypazari\"><\/span><strong><strong><strong><strong><strong>Beypazar\u0131<\/strong><\/strong><\/strong><\/strong><\/strong><span class=\"ez-toc-section-end\"><\/span><\/h3>\n\n\n\n<figure class=\"wp-block-image size-large\"><img decoding=\"async\" src=\"https:\/\/res.cloudinary.com\/turna\/image\/upload\/v1717184183\/wordpress-contents\/beypazar%C4%B1.jpg\" alt=\"Beypazar\u0131\"\/><\/figure>\n\n\n\n<p>Ankara&#8217;daki ikinci g\u00fcn\u00fcn\u00fczde vaktiniz<strong> <\/strong>varsa Beypazar\u0131&#8217;n\u0131 mutlaka g\u00f6rmelisiniz! Bu b\u00fcy\u00fcleyici il\u00e7e, tarihi konaklar\u0131, renkli sokaklar\u0131 ve zengin k\u00fclt\u00fcrel miras\u0131yla tam bir a\u00e7\u0131k hava m\u00fczesi gibi. Beypazar\u0131&#8217;nda Osmanl\u0131 d\u00f6nemine ait evleri ve dar sokaklar\u0131 ke\u015ffederken adeta zamanda yolculuk yapacaks\u0131n\u0131z. Y\u00f6resel lezzetlerin tad\u0131na bakabilir, Beypazar\u0131 kurusu ve havu\u00e7 lokumuyla damaklar\u0131n\u0131z\u0131 \u015fenlendirebilirsiniz. Ayr\u0131ca, el i\u015fi \u00fcr\u00fcnler ve hediyelik e\u015fyalarla dolu pazarlar\u0131nda al\u0131\u015fveri\u015f yaparak sevdiklerinize g\u00fczel an\u0131lar g\u00f6t\u00fcrebilirsiniz. Beypazar\u0131, Ankara&#8217;da g\u00fcn\u00fcbirlik ka\u00e7amak yapmak isteyenler i\u00e7in e\u015fsiz bir destinasyon ve unutulmaz bir deneyim sunuyor!<\/p>\n\n\n\n<p>Konum <strong><a href=\"https:\/\/maps.app.goo.gl\/fDkuPmPkvzjJAcfWA\" target=\"_blank\" rel=\"noreferrer noopener\">burada.<\/a><\/strong><\/p>\n\n\n\n<h3 class=\"wp-block-heading has-text-align-center has-neeon-button-dark-gray-color has-text-color has-link-color wp-elements-e8769d06759aee26aaad265ee11ebf10\"><span class=\"ez-toc-section\" id=\"nallihan_kus_cenneti\"><\/span><strong><strong><strong><strong><strong>Nall\u0131han Ku\u015f Cenneti<\/strong><\/strong><\/strong><\/strong><\/strong><span class=\"ez-toc-section-end\"><\/span><\/h3>\n\n\n\n<figure class=\"wp-block-image size-large\"><img decoding=\"async\" src=\"https:\/\/res.cloudinary.com\/turna\/image\/upload\/v1717184184\/wordpress-contents\/nall%C4%B1han_ku%C5%9F_cenneti.jpg\" alt=\"Nall\u0131han Ku\u015f Cenneti\"\/><\/figure>\n\n\n\n<p>Nall\u0131han Ku\u015f Cenneti! Bu e\u015fsiz do\u011fa harikas\u0131, ku\u015f g\u00f6zlemcilerinin ve do\u011fa tutkunlar\u0131n\u0131n vazge\u00e7ilmez adresi. Renk c\u00fcmb\u00fc\u015f\u00fc yaratan tepeleri, sulak alanlar\u0131 ve zengin biyolojik \u00e7e\u015fitlili\u011fi ile adeta bir do\u011fa \u015f\u00f6leni sunan Nall\u0131han Ku\u015f Cenneti, 200&#8217;den fazla ku\u015f t\u00fcr\u00fcne ev sahipli\u011fi yap\u0131yor. Burada, do\u011fan\u0131n sessizli\u011finde ku\u015f c\u0131v\u0131lt\u0131lar\u0131n\u0131 dinleyebilir, foto\u011fraf \u00e7ekebilir ve y\u00fcr\u00fcy\u00fc\u015f yaparak huzur dolu bir g\u00fcn ge\u00e7irebilirsiniz. Nall\u0131han Ku\u015f Cenneti, sizi do\u011fan\u0131n kalbine davet ediyor!<\/p>\n\n\n\n<p>Konum <strong><a href=\"https:\/\/maps.app.goo.gl\/Z4oZR158uJrQgMXx6\" target=\"_blank\" rel=\"noreferrer noopener\">burada.<\/a><\/strong><\/p>\n\n\n\n<h3 class=\"wp-block-heading has-text-align-center has-neeon-button-dark-gray-color has-text-color has-link-color wp-elements-1175dd0139144540aa83f5f117dc0325\"><span class=\"ez-toc-section\" id=\"tuz_golu\"><\/span><strong><strong><strong><strong><strong>Tuz G\u00f6l\u00fc<\/strong><\/strong><\/strong><\/strong><\/strong><span class=\"ez-toc-section-end\"><\/span><\/h3>\n\n\n\n<figure class=\"wp-block-image size-large\"><img decoding=\"async\" src=\"https:\/\/res.cloudinary.com\/turna\/image\/upload\/v1717184188\/wordpress-contents\/tuz_g%C3%B6l%C3%BC.jpg\" alt=\"Tuz G\u00f6l\u00fc\"\/><\/figure>\n\n\n\n<p>Ankara&#8217;ya yak\u0131n gezilecek yerler aras\u0131nda bir do\u011fa harikas\u0131 olan Tuz G\u00f6l\u00fc, benzersiz g\u00fczelli\u011fiyle sizi b\u00fcy\u00fcleyecek! T\u00fcrkiye&#8217;nin en b\u00fcy\u00fck ikinci g\u00f6l\u00fc olan Tuz G\u00f6l\u00fc, bembeyaz tuz kristalleriyle kapl\u0131 y\u00fczeyi ve u\u00e7suz bucaks\u0131z manzaras\u0131yla adeta ba\u015fka bir gezegene yolculuk yapm\u0131\u015fs\u0131n\u0131z gibi hissettiriyor. Burada, g\u00f6l\u00fcn \u00fczerine yans\u0131yan g\u00fcn bat\u0131m\u0131 manzaras\u0131n\u0131 izlerken b\u00fcy\u00fclenmemek elde de\u011fil. Tuz G\u00f6l\u00fc&#8217;n\u00fcn sakin ve huzur dolu atmosferi, hem ruhunuzu dinlendirecek hem de harika foto\u011fraflar \u00e7ekmenize olanak sa\u011flayacak. Ankara&#8217;dan k\u0131sa bir yolculukla ula\u015fabilece\u011finiz bu do\u011fa harikas\u0131nda, tuzun mucizevi g\u00fcc\u00fcyle tan\u0131\u015fmak ve unutulmaz an\u0131lar biriktirmek i\u00e7in haz\u0131r olun!<\/p>\n\n\n\n<p>Konum<a href=\"https:\/\/maps.app.goo.gl\/t55MnTamZzEyB5jg9\" target=\"_blank\" rel=\"noreferrer noopener\"> <strong>burada.<\/strong><\/a><\/p>\n\n\n\n<h3 class=\"wp-block-heading has-text-align-center has-neeon-button-dark-gray-color has-text-color has-link-color wp-elements-e525f517505ab28af9a3b36616e32325\"><span class=\"ez-toc-section\" id=\"kugulu_park\"><\/span><strong><strong><strong><strong>Ku\u011fulu Park<\/strong><\/strong><\/strong><\/strong><span class=\"ez-toc-section-end\"><\/span><\/h3>\n\n\n\n<figure class=\"wp-block-image size-full\"><img width=\"800\" height=\"500\" data-public-id=\"Kugulu-Park_fborp4\/Kugulu-Park_fborp4.jpg\" fetchpriority=\"high\" decoding=\"async\" src=\"https:\/\/res.cloudinary.com\/turna\/images\/w_800,h_500,c_scale\/f_auto,q_auto\/f_auto,q_auto:low\/v1480033245\/Kugulu-Park_fborp4\/Kugulu-Park_fborp4.jpg?_i=AA\" alt=\"\" class=\"wp-post-22634 wp-image-5400\" data-format=\"jpg\" data-transformations=\"f_auto,q_auto\/f_auto,q_auto:low\" data-version=\"1480033245\" data-seo=\"1\" srcset=\"https:\/\/res.cloudinary.com\/turna\/images\/f_auto,q_auto\/f_auto,q_auto\/f_auto,q_auto:low\/v1480033245\/Kugulu-Park_fborp4\/Kugulu-Park_fborp4.jpg?_i=AA 800w, https:\/\/res.cloudinary.com\/turna\/images\/w_300,h_188,c_scale\/f_auto,q_auto\/f_auto,q_auto\/f_auto,q_auto:low\/v1480033245\/Kugulu-Park_fborp4\/Kugulu-Park_fborp4.jpg?_i=AA 300w, https:\/\/res.cloudinary.com\/turna\/images\/w_672,h_420,c_scale\/f_auto,q_auto\/f_auto,q_auto\/f_auto,q_auto:low\/v1480033245\/Kugulu-Park_fborp4\/Kugulu-Park_fborp4.jpg?_i=AA 672w, https:\/\/res.cloudinary.com\/turna\/images\/w_640,h_400,c_scale\/f_auto,q_auto\/f_auto,q_auto\/f_auto,q_auto:low\/v1480033245\/Kugulu-Park_fborp4\/Kugulu-Park_fborp4.jpg?_i=AA 640w, https:\/\/res.cloudinary.com\/turna\/images\/w_681,h_426,c_scale\/f_auto,q_auto\/f_auto,q_auto\/f_auto,q_auto:low\/v1480033245\/Kugulu-Park_fborp4\/Kugulu-Park_fborp4.jpg?_i=AA 681w\" sizes=\"(max-width: 800px) 100vw, 800px\" \/><\/figure>\n\n\n\n<p>Bu k\u00fc\u00e7\u00fck, ama dolu dolu ge\u00e7en Ankara gezinizi sonland\u0131rman\u0131n harika bir yolu var! Ba\u015fkentin&nbsp;en pop\u00fcler ye\u015fil alanlar\u0131 aras\u0131nda g\u00f6sterilen&nbsp;Ku\u011fulu Park, ismini i\u00e7indeki g\u00f6let de bulunan \u015firin ku\u011fulardan al\u0131yor. \u015eehrin bo\u011fucu karma\u015fas\u0131ndan uzakla\u015fmak isteyenlerin ka\u00e7\u0131\u015f noktas\u0131 olan park \u00e7evresinde \u00e7ok say\u0131da kafe ve restoran da yer al\u0131yor.<\/p>\n\n\n\n<p>Konum<strong> <a href=\"https:\/\/www.google.com\/maps?hl=tr&amp;gl=tr&amp;um=1&amp;ie=UTF-8&amp;fb=1&amp;sa=X&amp;geocode=KU-wIQ6iT9MUMX1CC_8qgHEz&amp;daddr=%C3%87ankaya+Ku%C4%9Fulu,+Park,+06690+%C3%87ankaya\/Ankara\" target=\"_blank\" rel=\"noopener\">burada<\/a>.<\/strong><\/p>\n\n\n\n<p>Ba\u015fkentin g\u00fczelliklerini ke\u015ffetmek i\u00e7in <strong><a href=\"https:\/\/www.turna.com\/ucak-bileti\/ankara\" target=\"_blank\" rel=\"noreferrer noopener\">Ankara u\u00e7ak bileti<\/a><\/strong> f\u0131rsatlar\u0131na g\u00f6z at\u0131n.<\/p>\n\n    <div class=\"xs_social_share_widget xs_share_url after_content \t\tmain_content  wslu-style-1 wslu-share-box-shaped wslu-fill-colored wslu-none wslu-share-horizontal wslu-theme-font-no wslu-main_content\">\n\n\t\t\n        <ul>\n\t\t\t        <\/ul>\n    <\/div> \n","protected":false},"excerpt":{"rendered":"<p>Ankara\u2019y\u0131 ke\u015ffetmeye haz\u0131r m\u0131s\u0131n\u0131z? Ba\u015fkentimizin gizli hazinelerini ve pop\u00fcler noktalar\u0131n\u0131 ke\u015ffetmek i\u00e7in harika bir yolculu\u011fa \u00e7\u0131k\u0131yoruz. Tarihi dokusu, modern ya\u015fam\u0131 ve do\u011fal g\u00fczellikleriyle her k\u00f6\u015fesinde ayr\u0131 bir hikaye bar\u0131nd\u0131ran bu \u015fehir, size unutulmaz anlar ya\u015fatacak. \u0130ster tarih merakl\u0131s\u0131 olun, ister sanat a\u015f\u0131\u011f\u0131, ya da do\u011fayla i\u00e7 i\u00e7e vakit ge\u00e7irmek isteyin, Ankara&#8217;da gezilecek yerler listesinde herkes i\u00e7in bir \u015feyler var! Haydi, \u00e7antan\u0131z\u0131 haz\u0131rlay\u0131n ve bu muhte\u015fem \u015fehri birlikte ke\u015ffedelim!<\/p>\n","protected":false},"author":34,"featured_media":22640,"comment_status":"open","ping_status":"open","sticky":false,"template":"","format":"standard","meta":{"rop_custom_images_group":[],"rop_custom_messages_group":[],"rop_publish_now":"initial","rop_publish_now_accounts":[],"rop_publish_now_history":[],"rop_publish_now_status":"pending","_cloudinary_featured_overwrite":false,"footnotes":""},"categories":[1810],"tags":[255,5340],"class_list":["post-22634","post","type-post","status-publish","format-standard","has-post-thumbnail","hentry","category-ankara","tag-ankara","tag-bus"],"_links":{"self":[{"href":"https:\/\/www.turna.com\/blog\/wp-json\/wp\/v2\/posts\/22634","targetHints":{"allow":["GET"]}}],"collection":[{"href":"https:\/\/www.turna.com\/blog\/wp-json\/wp\/v2\/posts"}],"about":[{"href":"https:\/\/www.turna.com\/blog\/wp-json\/wp\/v2\/types\/post"}],"author":[{"embeddable":true,"href":"https:\/\/www.turna.com\/blog\/wp-json\/wp\/v2\/users\/34"}],"replies":[{"embeddable":true,"href":"https:\/\/www.turna.com\/blog\/wp-json\/wp\/v2\/comments?post=22634"}],"version-history":[{"count":0,"href":"https:\/\/www.turna.com\/blog\/wp-json\/wp\/v2\/posts\/22634\/revisions"}],"wp:featuredmedia":[{"embeddable":true,"href":"https:\/\/www.turna.com\/blog\/wp-json\/wp\/v2\/media\/22640"}],"wp:attachment":[{"href":"https:\/\/www.turna.com\/blog\/wp-json\/wp\/v2\/media?parent=22634"}],"wp:term":[{"taxonomy":"category","embeddable":true,"href":"https:\/\/www.turna.com\/blog\/wp-json\/wp\/v2\/categories?post=22634"},{"taxonomy":"post_tag","embeddable":true,"href":"https:\/\/www.turna.com\/blog\/wp-json\/wp\/v2\/tags?post=22634"}],"curies":[{"name":"wp","href":"https:\/\/api.w.org\/{rel}","templated":true}]}}