{"id":22633,"date":"2024-05-30T15:20:33","date_gmt":"2024-05-30T12:20:33","guid":{"rendered":"https:\/\/www.turna.com\/blog\/?p=22633"},"modified":"2025-12-08T17:43:59","modified_gmt":"2025-12-08T14:43:59","slug":"urlada-gezilecek-yerler-en-favori-16-yer","status":"publish","type":"post","link":"https:\/\/www.turna.com\/blog\/urlada-gezilecek-yerler-en-favori-16-yer","title":{"rendered":"Urla&#8217;da Gezilecek Yerler: En Favori 16 Yer"},"content":{"rendered":"\n<p>Ege&#8217;nin incisi \u0130zmir&#8217;in b\u00fcy\u00fcleyici il\u00e7esi Urla, ke\u015ffetmeye doyamayaca\u011f\u0131n\u0131z g\u00fczelliklerle dolu! &#8220;<strong>Urla&#8217;da gezilecek yerler<\/strong>&#8221; denilince akl\u0131n\u0131za gelecek ilk \u015fey, tarihi dokusu ve do\u011fal g\u00fczellikleriyle ba\u015f d\u00f6nd\u00fcren bir rota olmal\u0131. Masmavi denizi, huzur dolu k\u00f6yleri, ba\u011flar\u0131 ve lezzet duraklar\u0131yla sizi kucaklayan bu \u015firin il\u00e7e, her k\u00f6\u015fesinde ayr\u0131 bir s\u00fcrpriz sakl\u0131yor. Urla&#8217;n\u0131n enerjisini hissetmek, kendinizi tarih, do\u011fa ve gastronomi ile i\u00e7 i\u00e7e bulmak istiyorsan\u0131z, bu rehber tam size g\u00f6re! Urla&#8217;n\u0131n sokaklar\u0131nda kaybolmaya ve e\u015fsiz deneyimlerle dolu bir yolculu\u011fa \u00e7\u0131kmaya haz\u0131r olun!<\/p>\n\n\n\n<h2 class=\"wp-block-heading has-text-align-center has-neeon-button-dark-gray-color has-text-color has-link-color wp-elements-026e5d38f94452b916e01c2c1f57c90d\"><span class=\"ez-toc-section\" id=\"urla_gezilecek_yerler_haritasi\"><\/span><strong>Urla Gezilecek Yerler Haritas\u0131<\/strong><span class=\"ez-toc-section-end\"><\/span><\/h2><div id=\"ez-toc-container\" class=\"ez-toc-v2_0_82_2 counter-hierarchy ez-toc-counter ez-toc-black ez-toc-container-direction\">\n<div class=\"ez-toc-title-container\">\n<p class=\"ez-toc-title\" style=\"cursor:inherit\">\u0130\u00e7indekiler<\/p>\n<span class=\"ez-toc-title-toggle\"><a href=\"#\" class=\"ez-toc-pull-right ez-toc-btn ez-toc-btn-xs ez-toc-btn-default ez-toc-toggle\" aria-label=\"\u0130\u00e7indekiler Tablosunu A\u00e7\/Kapat\"><span class=\"ez-toc-js-icon-con\"><span class=\"\"><span class=\"eztoc-hide\" style=\"display:none;\">Toggle<\/span><span class=\"ez-toc-icon-toggle-span\"><svg style=\"fill: #ffffff;color:#ffffff\" xmlns=\"http:\/\/www.w3.org\/2000\/svg\" class=\"list-377408\" width=\"20px\" height=\"20px\" viewBox=\"0 0 24 24\" fill=\"none\"><path d=\"M6 6H4v2h2V6zm14 0H8v2h12V6zM4 11h2v2H4v-2zm16 0H8v2h12v-2zM4 16h2v2H4v-2zm16 0H8v2h12v-2z\" fill=\"currentColor\"><\/path><\/svg><svg style=\"fill: #ffffff;color:#ffffff\" class=\"arrow-unsorted-368013\" xmlns=\"http:\/\/www.w3.org\/2000\/svg\" width=\"10px\" height=\"10px\" viewBox=\"0 0 24 24\" version=\"1.2\" baseProfile=\"tiny\"><path d=\"M18.2 9.3l-6.2-6.3-6.2 6.3c-.2.2-.3.4-.3.7s.1.5.3.7c.2.2.4.3.7.3h11c.3 0 .5-.1.7-.3.2-.2.3-.5.3-.7s-.1-.5-.3-.7zM5.8 14.7l6.2 6.3 6.2-6.3c.2-.2.3-.5.3-.7s-.1-.5-.3-.7c-.2-.2-.4-.3-.7-.3h-11c-.3 0-.5.1-.7.3-.2.2-.3.5-.3.7s.1.5.3.7z\"\/><\/svg><\/span><\/span><\/span><\/a><\/span><\/div>\n<nav><ul class='ez-toc-list ez-toc-list-level-1 eztoc-toggle-hide-by-default' ><li class='ez-toc-page-1 ez-toc-heading-level-2'><a class=\"ez-toc-link ez-toc-heading-1\" href=\"https:\/\/www.turna.com\/blog\/urlada-gezilecek-yerler-en-favori-16-yer\/#urla_gezilecek_yerler_haritasi\" >Urla Gezilecek Yerler Haritas\u0131<\/a><\/li><li class='ez-toc-page-1 ez-toc-heading-level-2'><a class=\"ez-toc-link ez-toc-heading-2\" href=\"https:\/\/www.turna.com\/blog\/urlada-gezilecek-yerler-en-favori-16-yer\/#urlada_gorulmesi_gereken_yerler\" >Urla&#8217;da G\u00f6r\u00fclmesi Gereken Yerler<\/a><ul class='ez-toc-list-level-3' ><li class='ez-toc-heading-level-3'><a class=\"ez-toc-link ez-toc-heading-3\" href=\"https:\/\/www.turna.com\/blog\/urlada-gezilecek-yerler-en-favori-16-yer\/#urla_sanat_sokagi\" >Urla Sanat Soka\u011f\u0131<\/a><\/li><li class='ez-toc-page-1 ez-toc-heading-level-3'><a class=\"ez-toc-link ez-toc-heading-4\" href=\"https:\/\/www.turna.com\/blog\/urlada-gezilecek-yerler-en-favori-16-yer\/#urla_iskelesi\" >Urla \u0130skelesi<\/a><\/li><li class='ez-toc-page-1 ez-toc-heading-level-3'><a class=\"ez-toc-link ez-toc-heading-5\" href=\"https:\/\/www.turna.com\/blog\/urlada-gezilecek-yerler-en-favori-16-yer\/#cesmealti\" >\u00c7e\u015fmealt\u0131<\/a><\/li><li class='ez-toc-page-1 ez-toc-heading-level-3'><a class=\"ez-toc-link ez-toc-heading-6\" href=\"https:\/\/www.turna.com\/blog\/urlada-gezilecek-yerler-en-favori-16-yer\/#guvendik_tepesi\" >G\u00fcvendik Tepesi<\/a><\/li><li class='ez-toc-page-1 ez-toc-heading-level-3'><a class=\"ez-toc-link ez-toc-heading-7\" href=\"https:\/\/www.turna.com\/blog\/urlada-gezilecek-yerler-en-favori-16-yer\/#barbaros_koyu\" >Barbaros K\u00f6y\u00fc<\/a><\/li><li class='ez-toc-page-1 ez-toc-heading-level-3'><a class=\"ez-toc-link ez-toc-heading-8\" href=\"https:\/\/www.turna.com\/blog\/urlada-gezilecek-yerler-en-favori-16-yer\/#bademler_koyu\" >Bademler K\u00f6y\u00fc<\/a><\/li><li class='ez-toc-page-1 ez-toc-heading-level-3'><a class=\"ez-toc-link ez-toc-heading-9\" href=\"https:\/\/www.turna.com\/blog\/urlada-gezilecek-yerler-en-favori-16-yer\/#ozbek_koyu\" >\u00d6zbek K\u00f6y\u00fc<\/a><\/li><li class='ez-toc-page-1 ez-toc-heading-level-3'><a class=\"ez-toc-link ez-toc-heading-10\" href=\"https:\/\/www.turna.com\/blog\/urlada-gezilecek-yerler-en-favori-16-yer\/#karantina_adasi\" >Karantina Adas\u0131<\/a><\/li><li class='ez-toc-page-1 ez-toc-heading-level-3'><a class=\"ez-toc-link ez-toc-heading-11\" href=\"https:\/\/www.turna.com\/blog\/urlada-gezilecek-yerler-en-favori-16-yer\/#malgaca_pazari\" >Malgaca Pazar\u0131<\/a><\/li><li class='ez-toc-page-1 ez-toc-heading-level-3'><a class=\"ez-toc-link ez-toc-heading-12\" href=\"https:\/\/www.turna.com\/blog\/urlada-gezilecek-yerler-en-favori-16-yer\/#kostem_zeytinyagi_muzesi\" >K\u00f6stem Zeytinya\u011f\u0131 M\u00fczesi<\/a><\/li><li class='ez-toc-page-1 ez-toc-heading-level-3'><a class=\"ez-toc-link ez-toc-heading-13\" href=\"https:\/\/www.turna.com\/blog\/urlada-gezilecek-yerler-en-favori-16-yer\/#klazomenai_antik_kenti\" >Klazomenai Antik Kenti<\/a><\/li><li class='ez-toc-page-1 ez-toc-heading-level-3'><a class=\"ez-toc-link ez-toc-heading-14\" href=\"https:\/\/www.turna.com\/blog\/urlada-gezilecek-yerler-en-favori-16-yer\/#arkas_sanat\" >Arkas Sanat<\/a><\/li><li class='ez-toc-page-1 ez-toc-heading-level-3'><a class=\"ez-toc-link ez-toc-heading-15\" href=\"https:\/\/www.turna.com\/blog\/urlada-gezilecek-yerler-en-favori-16-yer\/#yorgo_seferisin_evi\" >Yorgo Seferis\u2019in Evi<\/a><\/li><li class='ez-toc-page-1 ez-toc-heading-level-3'><a class=\"ez-toc-link ez-toc-heading-16\" href=\"https:\/\/www.turna.com\/blog\/urlada-gezilecek-yerler-en-favori-16-yer\/#necati_cumali_ani_ve_kultur_evi\" >Necati Cumal\u0131 An\u0131 ve K\u00fclt\u00fcr Evi<\/a><\/li><li class='ez-toc-page-1 ez-toc-heading-level-3'><a class=\"ez-toc-link ez-toc-heading-17\" href=\"https:\/\/www.turna.com\/blog\/urlada-gezilecek-yerler-en-favori-16-yer\/#urla_bag_yolu\" >Urla Ba\u011f Yolu<\/a><\/li><li class='ez-toc-page-1 ez-toc-heading-level-3'><a class=\"ez-toc-link ez-toc-heading-18\" href=\"https:\/\/www.turna.com\/blog\/urlada-gezilecek-yerler-en-favori-16-yer\/#uzbas_arboretum\" >Uzba\u015f Arboretum<\/a><\/li><\/ul><\/li><\/ul><\/nav><\/div>\n\n\n\n\n<iframe src=\"https:\/\/www.google.com\/maps\/d\/u\/1\/embed?mid=1S9bDr3WxrNWgbaa9mapzgOs8vkfMzsM&#038;ehbc=2E312F\" width=\"640\" height=\"480\"><\/iframe>\n\n\n\n<p><strong>Urla&#8217;da Gezilecek Yerler Listesi<\/strong><\/p>\n\n\n\n<ol class=\"wp-block-list\">\n<li>Urla sanat soka\u011f\u0131<\/li>\n\n\n\n<li>\u0130skele<\/li>\n\n\n\n<li>\u00c7e\u015fmealt\u0131 Sahil<\/li>\n\n\n\n<li>G\u00fcvendik Park<\/li>\n\n\n\n<li>Barbaros<\/li>\n\n\n\n<li>Bademler<\/li>\n\n\n\n<li>\u00d6zbek<\/li>\n\n\n\n<li>Karantina Adas\u0131<\/li>\n\n\n\n<li>Malgaca Pazar\u0131<\/li>\n\n\n\n<li>K\u00d6STEM ZEYT\u0130NYA\u011eI M\u00dcZES\u0130<\/li>\n\n\n\n<li>Klazomenai \u00d6renyeri<\/li>\n\n\n\n<li>Arkas Sanat Urla<\/li>\n\n\n\n<li>Otel Yorgo Seferis Residence<\/li>\n\n\n\n<li>Necati Cumal\u0131 An\u0131 ve K\u00fclt\u00fcr Evi<\/li>\n\n\n\n<li>Urla Ba\u011f Yolu<\/li>\n\n\n\n<li>Uzba\u015f Arboretum<\/li>\n<\/ol>\n\n\n\n<h2 class=\"wp-block-heading has-text-align-center has-neeon-button-dark-gray-color has-text-color has-link-color wp-elements-caa0a5b7cf83855dc5dca4dde33ad485\"><span class=\"ez-toc-section\" id=\"urlada_gorulmesi_gereken_yerler\"><\/span><strong>Urla&#8217;da G\u00f6r\u00fclmesi Gereken Yerler<\/strong><span class=\"ez-toc-section-end\"><\/span><\/h2>\n\n\n\n<figure class=\"wp-block-image size-large\"><img width=\"800\" height=\"500\" decoding=\"async\" src=\"data:image\/svg+xml;base64,PHN2ZyB4bWxucz0iaHR0cDovL3d3dy53My5vcmcvMjAwMC9zdmciIHdpZHRoPSI4MDAiIGhlaWdodD0iNTAwIj48cmVjdCB3aWR0aD0iMTAwJSIgaGVpZ2h0PSIxMDAlIj48YW5pbWF0ZSBhdHRyaWJ1dGVOYW1lPSJmaWxsIiB2YWx1ZXM9InJnYmEoMTUzLDE1MywxNTMsMC41KTtyZ2JhKDE1MywxNTMsMTUzLDAuMSk7cmdiYSgxNTMsMTUzLDE1MywwLjUpIiBkdXI9IjJzIiByZXBlYXRDb3VudD0iaW5kZWZpbml0ZSIgLz48L3JlY3Q+PC9zdmc+\" alt=\"Urla&#039;da Gezilecek Yerler: En Favori 16 Yer\" data-public-id=\"wordpress-contents\/urlada_gezilecek_yerler\/urlada_gezilecek_yerler.jpg\" class=\"wp-post-22633 wp-image-22638\" data-format=\"jpg\" data-transformations=\"f_auto,q_auto:low\" data-version=\"1717068828\" data-seo=\"1\" data-size=\"800 500\" data-srcset=\"https:\/\/res.cloudinary.com\/turna\/images\/f_auto,q_auto:low\/v1717068828\/wordpress-contents\/urlada_gezilecek_yerler\/urlada_gezilecek_yerler.jpg?_i=AA 800w, https:\/\/res.cloudinary.com\/turna\/images\/w_300,h_188,c_scale\/f_auto,q_auto:low\/v1717068828\/wordpress-contents\/urlada_gezilecek_yerler\/urlada_gezilecek_yerler.jpg?_i=AA 300w, https:\/\/res.cloudinary.com\/turna\/images\/w_672,h_420,c_scale\/f_auto,q_auto:low\/v1717068828\/wordpress-contents\/urlada_gezilecek_yerler\/urlada_gezilecek_yerler.jpg?_i=AA 672w, https:\/\/res.cloudinary.com\/turna\/images\/w_640,h_400,c_scale\/f_auto,q_auto:low\/v1717068828\/wordpress-contents\/urlada_gezilecek_yerler\/urlada_gezilecek_yerler.jpg?_i=AA 640w, https:\/\/res.cloudinary.com\/turna\/images\/w_681,h_426,c_scale\/f_auto,q_auto:low\/v1717068828\/wordpress-contents\/urlada_gezilecek_yerler\/urlada_gezilecek_yerler.jpg?_i=AA 681w\" data-sizes=\"(max-width: 800px) 100vw, 800px\" data-delivery=\"upload\" onload=\";window.CLDBind?CLDBind(this):null;\" data-cloudinary=\"lazy\" \/><\/figure>\n\n\n\n<p>Urla&#8217;da gezilecek yerler denince akla ilk olarak, antik \u00e7a\u011flardan g\u00fcn\u00fcm\u00fcze uzanan zengin tarih geliyor. \u00dcnl\u00fc filozof Anaksagoras&#8217;\u0131n memleketi olan Urla, y\u00fczy\u0131llar boyunca bir\u00e7ok medeniyete ev sahipli\u011fi yapm\u0131\u015f. Bug\u00fcn, antik kal\u0131nt\u0131lar ve tarihi yap\u0131lar aras\u0131nda gezinirken, tarihin derinliklerine do\u011fru bir yolculu\u011fa \u00e7\u0131km\u0131\u015f gibi hissedeceksiniz.<\/p>\n\n\n\n<p>Urla&#8217;n\u0131n darac\u0131k sokaklar\u0131nda gezerken, geleneksel ta\u015f evlerin ve tarihi binalar\u0131n aras\u0131nda kaybolacak, yerli halk\u0131n s\u0131cak g\u00fcl\u00fcmsemeleriyle kar\u015f\u0131la\u015facaks\u0131n\u0131z. Burada ya\u015fayanlar, misafirperverli\u011fi ve samimiyetiyle sizi hemen kucaklar. Urla&#8217;da ya\u015fam, huzur ve dinginlik arayanlar i\u00e7in adeta bir cennet. Sahil boyunca uzanan kafeler, butik d\u00fckkanlar ve el yap\u0131m\u0131 \u00fcr\u00fcnlerle dolu pazarlar, bu \u015firin il\u00e7eye ayr\u0131 bir renk kat\u0131yor.<\/p>\n\n\n\n<p>Ba\u011f yollar\u0131nda y\u00fcr\u00fcy\u00fc\u015f yapabilir, d\u00fcnyaca \u00fcnl\u00fc Urla \u015faraplar\u0131n\u0131 tadabilir, yerel lezzetlerin tad\u0131n\u0131 \u00e7\u0131karabilirsiniz. Do\u011fa tutkunlar\u0131 i\u00e7in muhte\u015fem trekking rotalar\u0131 ve su sporlar\u0131 olanaklar\u0131 da cabas\u0131! Hadi, Urla&#8217;n\u0131n keyfini \u00e7\u0131karmak i\u00e7in bir seyahat planlay\u0131n!<\/p>\n\n\n\n<h3 class=\"wp-block-heading has-text-align-center has-neeon-button-dark-gray-color has-text-color has-link-color wp-elements-01666b3e0f93803c13713422a74b4967\"><span class=\"ez-toc-section\" id=\"urla_sanat_sokagi\"><\/span><strong>Urla Sanat Soka\u011f\u0131<\/strong><span class=\"ez-toc-section-end\"><\/span><\/h3>\n\n\n\n<figure class=\"wp-block-image size-large\"><img decoding=\"async\" src=\"https:\/\/res.cloudinary.com\/turna\/image\/upload\/v1717068828\/wordpress-contents\/urla_sanat_soka%C4%9F%C4%B1.jpg\" alt=\"Urla'da Gezilecek Yerler Urla sanat soka\u011f\u0131\"\/><\/figure>\n\n\n\n<p>Urla&#8217;n\u0131n en canl\u0131 ve renkli k\u00f6\u015felerinden biri olan Sanat Soka\u011f\u0131, sanatseverler i\u00e7in adeta bir cennet! Bu sokak, yerel sanat\u00e7\u0131lar\u0131n birbirinden yarat\u0131c\u0131 eserleriyle s\u00fcsl\u00fc, sanat galerileri, at\u00f6lyeler ve el yap\u0131m\u0131 \u00fcr\u00fcnlerin sat\u0131ld\u0131\u011f\u0131 tezgahlarla dolu. Sanat Soka\u011f\u0131&#8217;nda, her ad\u0131mda bir sanat harikas\u0131na rastlayacak, ilham verici atmosferiyle b\u00fcy\u00fcleneceksiniz. Renkli duvar resimleri, canl\u0131 m\u00fczik performanslar\u0131 ve sanata dair her \u015feyin bir arada oldu\u011fu bu sokak, enerjisi ve dinamizmiyle sizi bekliyor.<\/p>\n\n\n\n<p>Konum <strong><a href=\"https:\/\/maps.app.goo.gl\/W85L5junvGdUe5Tb9\" target=\"_blank\" rel=\"noreferrer noopener\">burada.<\/a><\/strong><\/p>\n\n\n\n<h3 class=\"wp-block-heading has-text-align-center has-neeon-button-dark-gray-color has-text-color has-link-color wp-elements-9d6dc56e0d46f00a6c6cc1a352dd62e7\"><span class=\"ez-toc-section\" id=\"urla_iskelesi\"><\/span><strong>Urla \u0130skelesi<\/strong><span class=\"ez-toc-section-end\"><\/span><\/h3>\n\n\n\n<figure class=\"wp-block-image size-large\"><img decoding=\"async\" src=\"https:\/\/res.cloudinary.com\/turna\/image\/upload\/v1717068828\/wordpress-contents\/urla_iskele.jpg\" alt=\"Urla'da Gezilecek Yerler Urla iskele\"\/><\/figure>\n\n\n\n<p>Urla \u0130skelesi, denizle bulu\u015fman\u0131n en keyifli adresi! Masmavi sular\u0131n kucaklad\u0131\u011f\u0131 bu iskelede, deniz kokusunu i\u00e7inize \u00e7ekerek huzurlu anlar ya\u015fayabilirsiniz. Urla \u0130skelesi, sabahlar\u0131 bal\u0131k\u00e7\u0131 teknelerinin hareketlili\u011fiyle, ak\u015famlar\u0131 ise muhte\u015fem g\u00fcn bat\u0131m\u0131 manzaralar\u0131yla sizi kendine hayran b\u0131rakacak. \u0130skelenin \u00e7evresinde yer alan bal\u0131k restoranlar\u0131nda Ege&#8217;nin taze deniz \u00fcr\u00fcnlerini tadabilir, y\u00fcr\u00fcy\u00fc\u015f yolunda sevdiklerinizle keyifli saatler ge\u00e7irebilirsiniz. Ne\u015feli atmosferi ve b\u00fcy\u00fcleyici manzaralar\u0131yla Urla \u0130skelesi, unutulmaz an\u0131lar biriktirece\u011finiz bir yer olacak!<\/p>\n\n\n\n<p>Konum <strong><a href=\"https:\/\/maps.app.goo.gl\/69SW8beGHZPdmuLd7\" target=\"_blank\" rel=\"noreferrer noopener\">burada.<\/a><\/strong><\/p>\n\n\n\n<h3 class=\"wp-block-heading has-text-align-center has-neeon-button-dark-gray-color has-text-color has-link-color wp-elements-a170749dc1e1a83de6404f17b86012b4\"><span class=\"ez-toc-section\" id=\"cesmealti\"><\/span><strong>\u00c7e\u015fmealt\u0131<\/strong><span class=\"ez-toc-section-end\"><\/span><\/h3>\n\n\n\n<p>\u00c7e\u015fmealt\u0131, p\u0131r\u0131l p\u0131r\u0131l plajlar\u0131, s\u0131cac\u0131k denizi ve ne\u015feli atmosferiyle tatilcilerin favorisi. G\u00fcn boyu denizin ve g\u00fcne\u015fin tad\u0131n\u0131 \u00e7\u0131karabilir, sahil boyunca uzanan kafe ve restoranlarda lezzetli at\u0131\u015ft\u0131rmal\u0131klar\u0131n keyfine varabilirsiniz. \u00c7e\u015fmealt\u0131&#8217;n\u0131n liman\u0131nda gezinti yaparken reng\u00e2renk tekneler ve hareketli bal\u0131k\u00e7\u0131 pazarlar\u0131 size e\u015flik edecek. Ak\u015fam\u00fcst\u00fc ise sahil boyunca y\u00fcr\u00fcy\u00fc\u015f yaparak, bu harika yerin huzur dolu havas\u0131n\u0131 soluyabilirsiniz.<\/p>\n\n\n\n<p>Konum <strong><a href=\"https:\/\/maps.app.goo.gl\/v4fVU9C2mdF3q1Qf6\" target=\"_blank\" rel=\"noreferrer noopener\">burada.<\/a><\/strong><\/p>\n\n\n\n<h3 class=\"wp-block-heading has-text-align-center has-neeon-button-dark-gray-color has-text-color has-link-color wp-elements-15e91773cf1446ed2453b8f0e3b86282\"><span class=\"ez-toc-section\" id=\"guvendik_tepesi\"><\/span><strong>G\u00fcvendik Tepesi<\/strong><span class=\"ez-toc-section-end\"><\/span><\/h3>\n\n\n\n<p>G\u00fcvendik Tepesi, Urla&#8217;n\u0131n panoramik g\u00fczelliklerini ku\u015fbak\u0131\u015f\u0131 izlemek isteyenler i\u00e7in m\u00fckemmel bir nokta! G\u00fcn\u00fcn her saatinde ayr\u0131 bir g\u00fczelli\u011fe b\u00fcr\u00fcnen G\u00fcvendik Tepesi, \u00f6zellikle g\u00fcn bat\u0131m\u0131nda tam bir g\u00f6rsel \u015f\u00f6len sunuyor. Tepeye \u00e7\u0131kt\u0131\u011f\u0131n\u0131zda, Ege Denizi&#8217;nin sonsuz mavili\u011fi, yemye\u015fil do\u011fa ve Urla&#8217;n\u0131n \u015firin k\u00f6yleri ayaklar\u0131n\u0131z\u0131n alt\u0131nda serilecek. Burada sevdiklerinizle piknik yapabilir, do\u011fan\u0131n tad\u0131n\u0131 \u00e7\u0131karabilir ve bol bol foto\u011fraf \u00e7ekebilirsiniz.<\/p>\n\n\n\n<p>Konum <strong><a href=\"https:\/\/maps.app.goo.gl\/n3NFRMdnSyYJpK958\" target=\"_blank\" rel=\"noreferrer noopener\">burada.<\/a><\/strong><\/p>\n\n\n\n<h3 class=\"wp-block-heading has-text-align-center has-neeon-button-dark-gray-color has-text-color has-link-color wp-elements-9789cbd9c128148ca933f15d800fab15\"><span class=\"ez-toc-section\" id=\"barbaros_koyu\"><\/span><strong>Barbaros K\u00f6y\u00fc<\/strong><span class=\"ez-toc-section-end\"><\/span><\/h3>\n\n\n\n<figure class=\"wp-block-image size-large\"><img decoding=\"async\" src=\"https:\/\/res.cloudinary.com\/turna\/image\/upload\/v1717068828\/wordpress-contents\/barbaros_k%C3%B6y%C3%BC.jpg\" alt=\"Urla barbaros k\u00f6y\u00fc\"\/><\/figure>\n\n\n\n<p><strong>Urla&#8217;da \u00e7ocuklarla&nbsp;gezilecek yerler<\/strong> ar\u0131yorsan\u0131z Barbaros K\u00f6y\u00fc, tam da arad\u0131\u011f\u0131n\u0131z yer olabilir. Urla&#8217;n\u0131n en otantik ve ne\u015feli k\u00f6ylerinden biri! &#8220;Urla&#8217;da gezilecek yerler&#8221; aras\u0131nda yer almas\u0131 gereken bu sevimli k\u00f6y, reng\u00e2renk evleri, s\u0131cac\u0131k sokaklar\u0131 ve g\u00fcler y\u00fczl\u00fc insanlar\u0131yla sizi kendine \u00e7ekecek. Barbaros K\u00f6y\u00fc&#8217;nde her y\u0131l d\u00fczenlenen Oyuk Festivali, k\u00f6y\u00fc adeta bir sanat galerisine \u00e7eviriyor; bu festivalde sergilenen ilgin\u00e7 ve yarat\u0131c\u0131 korkuluklar sizi \u015fa\u015f\u0131rtacak. K\u00f6y meydan\u0131nda kahve i\u00e7erken, yerel halk\u0131n samimiyetiyle tan\u0131\u015fabilir ve k\u00f6y\u00fcn lezzetli ev yap\u0131m\u0131 \u00fcr\u00fcnlerini tadabilirsiniz. El sanatlar\u0131 at\u00f6lyelerini ziyaret ederek, kendinize ve sevdiklerinize harika hediyeler alabilirsiniz. <\/p>\n\n\n\n<p>Konum <strong><a href=\"https:\/\/maps.app.goo.gl\/LgPfkQqcX12p8Cx8A\" target=\"_blank\" rel=\"noreferrer noopener\">burada.<\/a><\/strong><\/p>\n\n\n\n<h3 class=\"wp-block-heading has-text-align-center has-neeon-button-dark-gray-color has-text-color has-link-color wp-elements-d0f574499159dd278ef73836f2f1bcae\"><span class=\"ez-toc-section\" id=\"bademler_koyu\"><\/span><strong>Bademler K\u00f6y\u00fc<\/strong><span class=\"ez-toc-section-end\"><\/span><\/h3>\n\n\n\n<figure class=\"wp-block-image size-large\"><img decoding=\"async\" src=\"https:\/\/res.cloudinary.com\/turna\/image\/upload\/v1717068828\/wordpress-contents\/bademler_k%C3%B6y%C3%BC.jpg\" alt=\"bademler k\u00f6y\u00fc\"\/><\/figure>\n\n\n\n<p>Bademler K\u00f6y\u00fc, Urla&#8217;n\u0131n en renkli ve k\u00fclt\u00fcrel a\u00e7\u0131dan zengin k\u00f6ylerinden biri! Bu k\u00f6y, tiyatro sever ruhu ve sanata olan tutkusuyla tan\u0131n\u0131yor. T\u00fcrkiye&#8217;nin ilk k\u00f6y tiyatrosuna ev sahipli\u011fi yapan Bademler, size keyifli bir k\u00fclt\u00fcrel deneyim sunacak. K\u00f6y\u00fcn dar sokaklar\u0131nda gezerken, reng\u00e2renk duvar resimleri ve \u00e7i\u00e7eklerle s\u00fcslenmi\u015f evler sizi kar\u015f\u0131layacak. K\u00f6y meydan\u0131nda kurulmu\u015f organik pazarda, taptaze sebze ve meyveleri alabilir, yerel lezzetlerin tad\u0131n\u0131 \u00e7\u0131karabilirsiniz. Ayr\u0131ca, geleneksel Bademler K\u00f6y\u00fc M\u00fczesi&#8217;ni ziyaret ederek, k\u00f6y\u00fcn tarihine ve k\u00fclt\u00fcr\u00fcne dair pek \u00e7ok ilgin\u00e7 bilgi edinebilirsiniz.<\/p>\n\n\n\n<p>Konum <strong><a href=\"https:\/\/maps.app.goo.gl\/FDvM69tUnwqPQcqm7\" target=\"_blank\" rel=\"noreferrer noopener\">burada.<\/a><\/strong><\/p>\n\n\n\n<h3 class=\"wp-block-heading has-text-align-center has-neeon-button-dark-gray-color has-text-color has-link-color wp-elements-284dd51cf7321e224e6d510be8e031aa\"><span class=\"ez-toc-section\" id=\"ozbek_koyu\"><\/span><strong>\u00d6zbek K\u00f6y\u00fc<\/strong><span class=\"ez-toc-section-end\"><\/span><\/h3>\n\n\n\n<p>\u00d6zbek K\u00f6y\u00fc&#8217;nde denizin tad\u0131n\u0131 \u00e7\u0131karabilece\u011finiz sakin plajlar, lezzetli deniz \u00fcr\u00fcnleri sunan bal\u0131k restoranlar\u0131 ve huzur dolu y\u00fcr\u00fcy\u00fc\u015f yollar\u0131 sizi bekliyor. K\u00f6y meydan\u0131nda dola\u015f\u0131rken, yerel halk\u0131n samimi sohbetlerine kat\u0131labilir, k\u00f6y\u00fcn tarihi ve k\u00fclt\u00fcrel dokusunu ke\u015ffedebilirsiniz. \u00d6zbek K\u00f6y\u00fc&#8217;n\u00fcn enerjik atmosferi, taze deniz havas\u0131 ve s\u0131cakkanl\u0131 insanlar\u0131yla tan\u0131\u015fmak, Urla&#8217;da unutulmaz bir deneyim sunuyor. Kendinizi bu ne\u015feli ve huzur dolu k\u00f6y\u00fcn b\u00fcy\u00fcs\u00fcne kapt\u0131r\u0131n!<\/p>\n\n\n\n<p>Konum <strong><a href=\"https:\/\/maps.app.goo.gl\/T3wfc4EmkazBWt9c7\" target=\"_blank\" rel=\"noreferrer noopener\">burada.<\/a><\/strong><\/p>\n\n\n\n<h3 class=\"wp-block-heading has-text-align-center has-neeon-button-dark-gray-color has-text-color has-link-color wp-elements-ec1263220b01da460bd1837f5e5cf81a\"><span class=\"ez-toc-section\" id=\"karantina_adasi\"><\/span><strong>Karantina Adas\u0131<\/strong><span class=\"ez-toc-section-end\"><\/span><\/h3>\n\n\n\n<figure class=\"wp-block-image size-large\"><img decoding=\"async\" src=\"https:\/\/res.cloudinary.com\/turna\/image\/upload\/v1717068828\/wordpress-contents\/karantina_adas%C4%B1.jpg\" alt=\"karantina adas\u0131\"\/><\/figure>\n\n\n\n<p>Karantina Adas\u0131, Urla&#8217;n\u0131n en ilgin\u00e7 ve ke\u015ffetmeye de\u011fer noktalar\u0131ndan biri! Eskiden salg\u0131n hastal\u0131klarla m\u00fccadele i\u00e7in kullan\u0131lan bu ada, \u015fimdi huzurlu y\u00fcr\u00fcy\u00fc\u015f yollar\u0131, muhte\u015fem deniz manzaralar\u0131 ve tarih kokan yap\u0131lar\u0131yla dikkat \u00e7ekiyor. Adan\u0131n etraf\u0131nda dola\u015f\u0131rken, tertemiz havay\u0131 soluyup denizin mavili\u011fine dalabilir, sevdiklerinizle keyifli anlar ge\u00e7irebilirsiniz. Ayr\u0131ca, tarihi binalar\u0131n aras\u0131nda gezinirken adan\u0131n ge\u00e7mi\u015fine dair ilgin\u00e7 hikayeler \u00f6\u011frenebilirsiniz.<\/p>\n\n\n\n<p>Konum <strong><a href=\"https:\/\/maps.app.goo.gl\/WFnnzsbPvAufM7hX7\" target=\"_blank\" rel=\"noreferrer noopener\">burada.<\/a><\/strong><\/p>\n\n\n\n<h3 class=\"wp-block-heading has-text-align-center has-neeon-button-dark-gray-color has-text-color has-link-color wp-elements-7e144099fbf3eb387cd70d3e591082d8\"><span class=\"ez-toc-section\" id=\"malgaca_pazari\"><\/span><strong>Malgaca Pazar\u0131<\/strong><span class=\"ez-toc-section-end\"><\/span><\/h3>\n\n\n\n<figure class=\"wp-block-image size-large\"><img decoding=\"async\" src=\"https:\/\/res.cloudinary.com\/turna\/image\/upload\/v1717068827\/wordpress-contents\/malgaca_pazar%C4%B1.jpg\" alt=\"Malgaca pazar\u0131\"\/><\/figure>\n\n\n\n<p>Malgaca Pazar\u0131, Urla&#8217;n\u0131n renkli ve canl\u0131 y\u00fczlerinden! Her hafta cumartesi g\u00fcnleri kurulan bu pazarda, k\u00f6yden taze meyve ve sebzeler, y\u00f6resel peynirler, zeytinler, ev yap\u0131m\u0131 re\u00e7eller ve daha pek \u00e7ok lezzetli \u00fcr\u00fcn sizi bekliyor. Al\u0131\u015fveri\u015f yaparken yerel halkla sohbet edebilir, g\u00fcler y\u00fczleriyle tan\u0131\u015fabilirsiniz. Ayr\u0131ca, pazarda sergilenen el eme\u011fi g\u00f6z nuru hediyelik e\u015fyalar ve el sanatlar\u0131 da dikkatinizi \u00e7ekecek.<\/p>\n\n\n\n<p>Konum <strong><a href=\"https:\/\/maps.app.goo.gl\/jaKRWUjE52D1kijg6\" target=\"_blank\" rel=\"noreferrer noopener\">burada.<\/a><\/strong><\/p>\n\n\n\n<h3 class=\"wp-block-heading has-text-align-center has-neeon-button-dark-gray-color has-text-color has-link-color wp-elements-3384e03dff675c83a66a172737089913\"><span class=\"ez-toc-section\" id=\"kostem_zeytinyagi_muzesi\"><\/span><strong>K\u00f6stem Zeytinya\u011f\u0131 M\u00fczesi<\/strong><span class=\"ez-toc-section-end\"><\/span><\/h3>\n\n\n\n<figure class=\"wp-block-image size-large\"><img decoding=\"async\" src=\"https:\/\/res.cloudinary.com\/turna\/image\/upload\/v1717068828\/wordpress-contents\/K%C3%B6stem_Zeytinya%C4%9F%C4%B1_M%C3%BCzesi.jpg\" alt=\"K\u00f6stem Zeytinya\u011f\u0131 M\u00fczesi\"\/><\/figure>\n\n\n\n<p>K\u00f6stem Zeytinya\u011f\u0131 M\u00fczesi, Urla&#8217;da zeytinya\u011f\u0131 k\u00fclt\u00fcr\u00fcn\u00fc ke\u015ffetmek i\u00e7in e\u011flenceli ve ilgin\u00e7 bir nokta! &#8220;Urla&#8217;da gezilecek yerler&#8221; listenizde mutlaka yer almas\u0131 gereken bu m\u00fcze, zeytinya\u011f\u0131n\u0131n tarihini, \u00fcretim s\u00fcrecini ve b\u00f6lgenin zeytin k\u00fclt\u00fcr\u00fcn\u00fc size adeta bir hikaye gibi anlat\u0131yor. M\u00fczeyi gezerken eski zeytinya\u011f\u0131 preslerini, antik zeytin hasat aletlerini ve zeytin a\u011fa\u00e7lar\u0131n\u0131n tarihini g\u00f6rebilirsiniz. Ayr\u0131ca, tad\u0131m alan\u0131nda Urla&#8217;n\u0131n en kaliteli zeytinya\u011flar\u0131n\u0131 deneyerek damak zevkinizi ke\u015ffedebilirsiniz.<\/p>\n\n\n\n<p>Konum <strong><a href=\"https:\/\/maps.app.goo.gl\/KXzbZRNeNcrk5ykX6\" target=\"_blank\" rel=\"noreferrer noopener\">burada.<\/a><\/strong><\/p>\n\n\n\n<h3 class=\"wp-block-heading has-text-align-center has-neeon-button-dark-gray-color has-text-color has-link-color wp-elements-1b82612615bba914ef4cc90b8b1318cd\"><span class=\"ez-toc-section\" id=\"klazomenai_antik_kenti\"><\/span><strong>Klazomenai Antik Kenti<\/strong><span class=\"ez-toc-section-end\"><\/span><\/h3>\n\n\n\n<figure class=\"wp-block-image size-large\"><img decoding=\"async\" src=\"https:\/\/res.cloudinary.com\/turna\/image\/upload\/v1717068828\/wordpress-contents\/Klazomenai_Antik_Kenti.jpg\" alt=\"Klazomenai Antik Kenti Urla'da gezilecek yerler\"\/><\/figure>\n\n\n\n<p>Klazomenai Antik Kenti, Urla&#8217;n\u0131n tarih kokan ve heyecan verici bir hazinesi! Bu antik kent, binlerce y\u0131l \u00f6ncesine \u0131\u015f\u0131k tutuyor. Burada antik d\u00f6neme ait kal\u0131nt\u0131lar\u0131 ke\u015ffederken, kendinizi zaman makinesinde bir yolculuk yapm\u0131\u015f gibi hissedeceksiniz. Eski d\u00f6nemlerden kalma tap\u0131naklar, surlar ve di\u011fer yap\u0131lar, Klazomenai&#8217;nin eski ihti\u015fam\u0131n\u0131 yans\u0131t\u0131yor.<\/p>\n\n\n\n<p>Konum <strong><a href=\"https:\/\/maps.app.goo.gl\/qUT1b8wVUWhMGWJj6\" target=\"_blank\" rel=\"noreferrer noopener\">burada.<\/a><\/strong><\/p>\n\n\n\n<h3 class=\"wp-block-heading has-text-align-center has-neeon-button-dark-gray-color has-text-color has-link-color wp-elements-9e9db580a80c1f3408aaf26769cb8a83\"><span class=\"ez-toc-section\" id=\"arkas_sanat\"><\/span><strong>Arkas Sanat<\/strong><span class=\"ez-toc-section-end\"><\/span><\/h3>\n\n\n\n<p>Arkas Sanat Merkezi, \u00e7a\u011fda\u015f sanat\u0131n ve yarat\u0131c\u0131l\u0131\u011f\u0131n izlerini ta\u015f\u0131yor. Sergiler, etkinlikler ve at\u00f6lye \u00e7al\u0131\u015fmalar\u0131yla dolu bu merkezde, sanat\u0131n b\u00fcy\u00fcleyici d\u00fcnyas\u0131na ad\u0131m atabilirsiniz. \u00c7e\u015fitli sanat eserlerini inceleyebilir, sanat\u00e7\u0131larla tan\u0131\u015fabilir ve eserler hakk\u0131nda bilgi alabilirsiniz. Ayr\u0131ca, merkezin ye\u015filliklerle \u00e7evrili bah\u00e7esinde keyifli bir y\u00fcr\u00fcy\u00fc\u015f yapabilir, sanat eserlerinin aras\u0131nda huzurlu bir mola verebilirsiniz.<\/p>\n\n\n\n<p>Konum <strong><a href=\"https:\/\/maps.app.goo.gl\/wJXPWuCtym2et8FDA\" target=\"_blank\" rel=\"noreferrer noopener\">burada.<\/a><\/strong><\/p>\n\n\n\n<h3 class=\"wp-block-heading has-text-align-center has-neeon-button-dark-gray-color has-text-color has-link-color wp-elements-9be05b0e699e16942192b5b359a1fb20\"><span class=\"ez-toc-section\" id=\"yorgo_seferisin_evi\"><\/span><strong>Yorgo Seferis\u2019in Evi<\/strong><span class=\"ez-toc-section-end\"><\/span><\/h3>\n\n\n\n<p>Yorgo Seferis&#8217;in Evi, Urla&#8217;n\u0131n tarih kokan sokaklar\u0131nda bulunan bir m\u00fccevher! Bu tarihi ev, \u00fcnl\u00fc Yunan \u015fair Yorgo Seferis&#8217;in do\u011fdu\u011fu ve \u00e7ocuklu\u011funu ge\u00e7irdi\u011fi yer olarak biliniyor. Evin eski ah\u015fap kap\u0131lar\u0131ndan ad\u0131m\u0131n\u0131z\u0131 att\u0131\u011f\u0131n\u0131z anda, sizi sarmalayan nostaljik bir atmosfer kar\u015f\u0131l\u0131yor olacak. Evin i\u00e7inde gezinirken Seferis&#8217;in eserlerine ve ya\u015fam\u0131na dair detaylar ke\u015ffetmek m\u00fcmk\u00fcn. Bah\u00e7esinde oturup eski g\u00fcnleri d\u00fc\u015f\u00fcnebilir, ku\u015f c\u0131v\u0131lt\u0131lar\u0131 aras\u0131nda huzur bulabilirsiniz.<\/p>\n\n\n\n<p>Konum <strong><a href=\"https:\/\/maps.app.goo.gl\/NdNzctmRUGmV8cA56\" target=\"_blank\" rel=\"noreferrer noopener\">burada.<\/a><\/strong><\/p>\n\n\n\n<h3 class=\"wp-block-heading has-text-align-center has-neeon-button-dark-gray-color has-text-color has-link-color wp-elements-4da38e151806770f581836f44d4fe444\"><span class=\"ez-toc-section\" id=\"necati_cumali_ani_ve_kultur_evi\"><\/span><strong>Necati Cumal\u0131 An\u0131 ve K\u00fclt\u00fcr Evi<\/strong><span class=\"ez-toc-section-end\"><\/span><\/h3>\n\n\n\n<p>Necati Cumal\u0131 An\u0131 ve K\u00fclt\u00fcr Evi, Urla&#8217;n\u0131n k\u00fclt\u00fcrel miras\u0131n\u0131 ve edebiyat d\u00fcnyas\u0131n\u0131n \u00f6nemli isimlerinden birini ya\u015fatmak i\u00e7in canlanan bir nokta! Buras\u0131, \u00fcnl\u00fc yazar Necati Cumal\u0131&#8217;n\u0131n an\u0131s\u0131n\u0131 ya\u015fatmak ve eserlerini ziyaret\u00e7ilere aktarmak amac\u0131yla olu\u015fturulmu\u015f bir m\u00fcze niteli\u011fi ta\u015f\u0131yor. Evin eski ta\u015f duvarlar\u0131 aras\u0131nda dola\u015f\u0131rken, Cumal\u0131&#8217;n\u0131n ya\u015fam\u0131na dair detaylarla kar\u015f\u0131la\u015facak, onun eserlerinin b\u00fcy\u00fcleyici d\u00fcnyas\u0131na ad\u0131m atacaks\u0131n\u0131z. Evin huzurlu bah\u00e7esinde kitap okuyabilir, ku\u015f sesleri e\u015fli\u011finde dinlenebilirsiniz. Necati Cumal\u0131 An\u0131 ve K\u00fclt\u00fcr Evi, sizi edebiyat ve sanat dolu bir yolculu\u011fa \u00e7\u0131karmaya haz\u0131r!<\/p>\n\n\n\n<p>Konum <strong><a href=\"https:\/\/maps.app.goo.gl\/dL7mJtw3tdjTordw9\" target=\"_blank\" rel=\"noreferrer noopener\">burada.<\/a><\/strong><\/p>\n\n\n\n<h3 class=\"wp-block-heading has-text-align-center has-neeon-button-dark-gray-color has-text-color has-link-color wp-elements-6e969c03498c74164faa88b09a9cdda9\"><span class=\"ez-toc-section\" id=\"urla_bag_yolu\"><\/span><strong>Urla Ba\u011f Yolu<\/strong><span class=\"ez-toc-section-end\"><\/span><\/h3>\n\n\n\n<figure class=\"wp-block-image size-large\"><img decoding=\"async\" src=\"https:\/\/res.cloudinary.com\/turna\/image\/upload\/v1717068828\/wordpress-contents\/urla_ba%C4%9F_yolu.jpg\" alt=\"Urla Ba\u011f Yolu\"\/><\/figure>\n\n\n\n<p>Urla Ba\u011f Yolu, \u015farap severlerin ve do\u011fa tutkunlar\u0131n\u0131n bulu\u015fma noktas\u0131! Bu yolculuk, lezzetli \u015faraplar\u0131n ve nefes kesen manzaralar\u0131n izini s\u00fcrmek i\u00e7in ideal bir rota. Ba\u011flar\u0131n aras\u0131nda y\u00fcr\u00fcrken, \u00fcz\u00fcm salk\u0131mlar\u0131n\u0131n co\u015fkusuna ortak olacak, tertemiz havay\u0131 i\u00e7inize \u00e7ekeceksiniz. Yol boyunca s\u0131ralanan \u015farap imalathanelerinde tad\u0131m yapabilir, \u015farap \u00fcretim s\u00fcrecini yak\u0131ndan g\u00f6zlemleyebilirsiniz. Ayr\u0131ca, ba\u011f evlerinde yerel lezzetlerin tad\u0131na bakabilir, keyifli sohbetlerle yerel halkla tan\u0131\u015fabilirsiniz.<\/p>\n\n\n\n<h3 class=\"wp-block-heading has-text-align-center has-neeon-button-dark-gray-color has-text-color has-link-color wp-elements-180105a70a7bb6439f1acaba25beb6c9\"><span class=\"ez-toc-section\" id=\"uzbas_arboretum\"><\/span><strong>Uzba\u015f Arboretum<\/strong><span class=\"ez-toc-section-end\"><\/span><\/h3>\n\n\n\n<figure class=\"wp-block-image size-large\"><img decoding=\"async\" src=\"https:\/\/res.cloudinary.com\/turna\/image\/upload\/v1717068828\/wordpress-contents\/uzba%C5%9F_arboretum.jpg\" alt=\"Uzba\u015f Arboretum Urla'da gezilecek yerler\"\/><\/figure>\n\n\n\n<p>Uzba\u015f Arboretum, <strong>Urla&#8217;da<\/strong>&nbsp;<strong>gezilecek&nbsp;do\u011fal&nbsp;yerler<\/strong> arayanlar i\u00e7in m\u00fckemmel bir yer! Bu do\u011fa harikas\u0131, binlerce farkl\u0131 bitki t\u00fcr\u00fcn\u00fcn bir araya geldi\u011fi muhte\u015fem bir botanik bah\u00e7esi. Arboretum&#8217;da y\u00fcr\u00fcrken, kendinizi do\u011fan\u0131n kollar\u0131nda huzurlu bir yolculu\u011fa \u00e7\u0131km\u0131\u015f gibi hissedeceksiniz. Renkli \u00e7i\u00e7ekler, egzotik a\u011fa\u00e7lar ve mis kokulu bitkiler aras\u0131nda dola\u015f\u0131rken, ku\u015f c\u0131v\u0131lt\u0131lar\u0131 e\u015fli\u011finde do\u011fan\u0131n tad\u0131n\u0131 \u00e7\u0131karabilirsiniz. Ayr\u0131ca, Arboretum&#8217;un piknik alanlar\u0131nda sevdiklerinizle keyifli vakit ge\u00e7irebilir, do\u011fal g\u00fczelliklerin tad\u0131n\u0131 doyas\u0131ya \u00e7\u0131karabilirsiniz.<\/p>\n\n\n\n<p>Konum <strong><a href=\"https:\/\/maps.app.goo.gl\/ZP8qMXUJjM2oFhJH9\" target=\"_blank\" rel=\"noreferrer noopener\">burada.<\/a><\/strong><\/p>\n\n\n\n<p>Urla&#8217;n\u0131n bu keyifli atmosferinde g\u00fczel bir gezi i\u00e7in tek yapman\u0131z gereken <strong><a href=\"https:\/\/www.turna.com\/ucak-bileti\/izmir\" target=\"_blank\" rel=\"noreferrer noopener\">\u0130zmir u\u00e7ak bileti <\/a><\/strong>se\u00e7eneklerine g\u00f6z atmak.<\/p>\n\n\n\n<p><\/p>\n\n    <div class=\"xs_social_share_widget xs_share_url after_content \t\tmain_content  wslu-style-1 wslu-share-box-shaped wslu-fill-colored wslu-none wslu-share-horizontal wslu-theme-font-no wslu-main_content\">\n\n\t\t\n        <ul>\n\t\t\t        <\/ul>\n    <\/div> \n","protected":false},"excerpt":{"rendered":"<p>Ege&#8217;nin incisi \u0130zmir&#8217;in b\u00fcy\u00fcleyici il\u00e7esi Urla, ke\u015ffetmeye doyamayaca\u011f\u0131n\u0131z g\u00fczelliklerle dolu! &#8220;Urla&#8217;da gezilecek yerler&#8221; denilince akl\u0131n\u0131za gelecek ilk \u015fey, tarihi dokusu ve do\u011fal g\u00fczellikleriyle ba\u015f d\u00f6nd\u00fcren bir rota olmal\u0131. Masmavi denizi, huzur dolu k\u00f6yleri, ba\u011flar\u0131 ve lezzet duraklar\u0131yla sizi kucaklayan bu \u015firin il\u00e7e, her k\u00f6\u015fesinde ayr\u0131 bir s\u00fcrpriz sakl\u0131yor. Urla&#8217;n\u0131n enerjisini hissetmek, kendinizi tarih, do\u011fa ve gastronomi ile i\u00e7 i\u00e7e bulmak istiyorsan\u0131z, bu rehber tam size g\u00f6re! Urla&#8217;n\u0131n sokaklar\u0131nda kaybolmaya ve e\u015fsiz deneyimlerle dolu bir yolculu\u011fa \u00e7\u0131kmaya haz\u0131r olun!<\/p>\n","protected":false},"author":34,"featured_media":22638,"comment_status":"open","ping_status":"open","sticky":false,"template":"","format":"standard","meta":{"rop_custom_images_group":[],"rop_custom_messages_group":[],"rop_publish_now":"initial","rop_publish_now_accounts":[],"rop_publish_now_history":[],"rop_publish_now_status":"pending","_cloudinary_featured_overwrite":false,"footnotes":""},"categories":[1839],"tags":[224,1930],"class_list":["post-22633","post","type-post","status-publish","format-standard","has-post-thumbnail","hentry","category-izmir","tag-izmir","tag-urla"],"_links":{"self":[{"href":"https:\/\/www.turna.com\/blog\/wp-json\/wp\/v2\/posts\/22633","targetHints":{"allow":["GET"]}}],"collection":[{"href":"https:\/\/www.turna.com\/blog\/wp-json\/wp\/v2\/posts"}],"about":[{"href":"https:\/\/www.turna.com\/blog\/wp-json\/wp\/v2\/types\/post"}],"author":[{"embeddable":true,"href":"https:\/\/www.turna.com\/blog\/wp-json\/wp\/v2\/users\/34"}],"replies":[{"embeddable":true,"href":"https:\/\/www.turna.com\/blog\/wp-json\/wp\/v2\/comments?post=22633"}],"version-history":[{"count":0,"href":"https:\/\/www.turna.com\/blog\/wp-json\/wp\/v2\/posts\/22633\/revisions"}],"wp:featuredmedia":[{"embeddable":true,"href":"https:\/\/www.turna.com\/blog\/wp-json\/wp\/v2\/media\/22638"}],"wp:attachment":[{"href":"https:\/\/www.turna.com\/blog\/wp-json\/wp\/v2\/media?parent=22633"}],"wp:term":[{"taxonomy":"category","embeddable":true,"href":"https:\/\/www.turna.com\/blog\/wp-json\/wp\/v2\/categories?post=22633"},{"taxonomy":"post_tag","embeddable":true,"href":"https:\/\/www.turna.com\/blog\/wp-json\/wp\/v2\/tags?post=22633"}],"curies":[{"name":"wp","href":"https:\/\/api.w.org\/{rel}","templated":true}]}}