{"id":22631,"date":"2024-05-28T15:28:07","date_gmt":"2024-05-28T12:28:07","guid":{"rendered":"https:\/\/www.turna.com\/blog\/?p=22631"},"modified":"2025-12-08T17:43:14","modified_gmt":"2025-12-08T14:43:14","slug":"tarihi-yarimada-gezilecek-yerler","status":"publish","type":"post","link":"https:\/\/www.turna.com\/blog\/tarihi-yarimada-gezilecek-yerler","title":{"rendered":"Tarihi Yar\u0131mada Gezilecek Yerler: 15 Destans\u0131 De\u011fer"},"content":{"rendered":"\n<p>\u0130stanbul&#8217;un kalbinde, zamanda bir yolculu\u011fa \u00e7\u0131kmak isteyen herkes i\u00e7in bir hazineler yata\u011f\u0131 bulunuyor: Tarihi Yar\u0131mada. Bu e\u015fsiz b\u00f6lge, \u0130stanbul&#8217;un tarih ve k\u00fclt\u00fcr miras\u0131n\u0131n yo\u011funla\u015ft\u0131\u011f\u0131 bir nokta. Sokaklar\u0131nda dola\u015f\u0131rken, her k\u00f6\u015fede farkl\u0131 bir medeniyetin izlerini ke\u015ffetmek m\u00fcmk\u00fcn. Ayasofya&#8217;n\u0131n g\u00f6rkemi, Topkap\u0131 Saray\u0131&#8217;n\u0131n ihti\u015fam\u0131, Sultanahmet Camii&#8217;nin huzuru ve Kapal\u0131 \u00c7ar\u015f\u0131&#8217;n\u0131n canl\u0131l\u0131\u011f\u0131 gibi, Tarihi Yar\u0131mada&#8217;da her ad\u0131mda yeni bir deneyim sizi bekliyor. Bu muhte\u015fem b\u00f6lgenin ruhunu ve zenginli\u011fini sizinle payla\u015faca\u011f\u0131m. Haz\u0131r m\u0131s\u0131n\u0131z? \u00d6yleyse gelin, \u0130stanbul&#8217;un kalbinde tarihi yar\u0131mada gezilecek yerler listesiyle unutulmaz bir ser\u00fcvene ba\u015flayal\u0131m!<\/p>\n\n\n\n<h2 class=\"wp-block-heading has-text-align-center has-neeon-button-dark-gray-color has-text-color has-link-color wp-elements-6f81c3a41a17e7d16b74c55c375ff7ee\"><span class=\"ez-toc-section\" id=\"istanbul_tarihi_yarimadada_gezilecek_yerler\"><\/span><strong>\u0130stanbul Tarihi Yar\u0131mada&#8217;da Gezilecek Yerler<\/strong><span class=\"ez-toc-section-end\"><\/span><\/h2><div id=\"ez-toc-container\" class=\"ez-toc-v2_0_82_2 counter-hierarchy ez-toc-counter ez-toc-black ez-toc-container-direction\">\n<div class=\"ez-toc-title-container\">\n<p class=\"ez-toc-title\" style=\"cursor:inherit\">\u0130\u00e7indekiler<\/p>\n<span class=\"ez-toc-title-toggle\"><a href=\"#\" class=\"ez-toc-pull-right ez-toc-btn ez-toc-btn-xs ez-toc-btn-default ez-toc-toggle\" aria-label=\"\u0130\u00e7indekiler Tablosunu A\u00e7\/Kapat\"><span class=\"ez-toc-js-icon-con\"><span class=\"\"><span class=\"eztoc-hide\" style=\"display:none;\">Toggle<\/span><span class=\"ez-toc-icon-toggle-span\"><svg style=\"fill: #ffffff;color:#ffffff\" xmlns=\"http:\/\/www.w3.org\/2000\/svg\" class=\"list-377408\" width=\"20px\" height=\"20px\" viewBox=\"0 0 24 24\" fill=\"none\"><path d=\"M6 6H4v2h2V6zm14 0H8v2h12V6zM4 11h2v2H4v-2zm16 0H8v2h12v-2zM4 16h2v2H4v-2zm16 0H8v2h12v-2z\" fill=\"currentColor\"><\/path><\/svg><svg style=\"fill: #ffffff;color:#ffffff\" class=\"arrow-unsorted-368013\" xmlns=\"http:\/\/www.w3.org\/2000\/svg\" width=\"10px\" height=\"10px\" viewBox=\"0 0 24 24\" version=\"1.2\" baseProfile=\"tiny\"><path d=\"M18.2 9.3l-6.2-6.3-6.2 6.3c-.2.2-.3.4-.3.7s.1.5.3.7c.2.2.4.3.7.3h11c.3 0 .5-.1.7-.3.2-.2.3-.5.3-.7s-.1-.5-.3-.7zM5.8 14.7l6.2 6.3 6.2-6.3c.2-.2.3-.5.3-.7s-.1-.5-.3-.7c-.2-.2-.4-.3-.7-.3h-11c-.3 0-.5.1-.7.3-.2.2-.3.5-.3.7s.1.5.3.7z\"\/><\/svg><\/span><\/span><\/span><\/a><\/span><\/div>\n<nav><ul class='ez-toc-list ez-toc-list-level-1 eztoc-toggle-hide-by-default' ><li class='ez-toc-page-1 ez-toc-heading-level-2'><a class=\"ez-toc-link ez-toc-heading-1\" href=\"https:\/\/www.turna.com\/blog\/tarihi-yarimada-gezilecek-yerler\/#istanbul_tarihi_yarimadada_gezilecek_yerler\" >\u0130stanbul Tarihi Yar\u0131mada&#8217;da Gezilecek Yerler<\/a><ul class='ez-toc-list-level-3' ><li class='ez-toc-heading-level-3'><a class=\"ez-toc-link ez-toc-heading-2\" href=\"https:\/\/www.turna.com\/blog\/tarihi-yarimada-gezilecek-yerler\/#topkapi_sarayi\" >Topkap\u0131 Saray\u0131<\/a><\/li><li class='ez-toc-page-1 ez-toc-heading-level-3'><a class=\"ez-toc-link ez-toc-heading-3\" href=\"https:\/\/www.turna.com\/blog\/tarihi-yarimada-gezilecek-yerler\/#sultanahmet\" >Sultanahmet<\/a><\/li><li class='ez-toc-page-1 ez-toc-heading-level-3'><a class=\"ez-toc-link ez-toc-heading-4\" href=\"https:\/\/www.turna.com\/blog\/tarihi-yarimada-gezilecek-yerler\/#ayasofya_muzesi\" >Ayasofya M\u00fczesi<\/a><\/li><li class='ez-toc-page-1 ez-toc-heading-level-3'><a class=\"ez-toc-link ez-toc-heading-5\" href=\"https:\/\/www.turna.com\/blog\/tarihi-yarimada-gezilecek-yerler\/#yerebatan_sarnici\" >Yerebatan Sarn\u0131c\u0131<\/a><\/li><li class='ez-toc-page-1 ez-toc-heading-level-3'><a class=\"ez-toc-link ez-toc-heading-6\" href=\"https:\/\/www.turna.com\/blog\/tarihi-yarimada-gezilecek-yerler\/#kapali_carsi\" >Kapal\u0131 \u00c7ar\u015f\u0131<\/a><\/li><li class='ez-toc-page-1 ez-toc-heading-level-3'><a class=\"ez-toc-link ez-toc-heading-7\" href=\"https:\/\/www.turna.com\/blog\/tarihi-yarimada-gezilecek-yerler\/#misir_carsisi\" >M\u0131s\u0131r \u00c7ar\u015f\u0131s\u0131<\/a><\/li><li class='ez-toc-page-1 ez-toc-heading-level-3'><a class=\"ez-toc-link ez-toc-heading-8\" href=\"https:\/\/www.turna.com\/blog\/tarihi-yarimada-gezilecek-yerler\/#gulhane_parki\" >G\u00fclhane Park\u0131<\/a><\/li><li class='ez-toc-page-1 ez-toc-heading-level-3'><a class=\"ez-toc-link ez-toc-heading-9\" href=\"https:\/\/www.turna.com\/blog\/tarihi-yarimada-gezilecek-yerler\/#istanbul_arkeoloji_muzesi\" >\u0130stanbul Arkeoloji M\u00fczesi<\/a><\/li><li class='ez-toc-page-1 ez-toc-heading-level-3'><a class=\"ez-toc-link ez-toc-heading-10\" href=\"https:\/\/www.turna.com\/blog\/tarihi-yarimada-gezilecek-yerler\/#suleymaniye_camii\" >S\u00fcleymaniye Camii<\/a><\/li><li class='ez-toc-page-1 ez-toc-heading-level-3'><a class=\"ez-toc-link ez-toc-heading-11\" href=\"https:\/\/www.turna.com\/blog\/tarihi-yarimada-gezilecek-yerler\/#galata_kulesi\" >Galata Kulesi<\/a><\/li><li class='ez-toc-page-1 ez-toc-heading-level-3'><a class=\"ez-toc-link ez-toc-heading-12\" href=\"https:\/\/www.turna.com\/blog\/tarihi-yarimada-gezilecek-yerler\/#balat_ve_fener_rum_patrikhanesi\" >Balat ve Fener Rum Patrikhanesi<\/a><\/li><li class='ez-toc-page-1 ez-toc-heading-level-3'><a class=\"ez-toc-link ez-toc-heading-13\" href=\"https:\/\/www.turna.com\/blog\/tarihi-yarimada-gezilecek-yerler\/#pera_muzesi\" >Pera M\u00fczesi<\/a><\/li><li class='ez-toc-page-1 ez-toc-heading-level-3'><a class=\"ez-toc-link ez-toc-heading-14\" href=\"https:\/\/www.turna.com\/blog\/tarihi-yarimada-gezilecek-yerler\/#eminonu_ve_sirkeci\" >Emin\u00f6n\u00fc ve Sirkeci<\/a><\/li><li class='ez-toc-page-1 ez-toc-heading-level-3'><a class=\"ez-toc-link ez-toc-heading-15\" href=\"https:\/\/www.turna.com\/blog\/tarihi-yarimada-gezilecek-yerler\/#rustem_pasa_camii\" >R\u00fcstem Pa\u015fa Camii<\/a><\/li><li class='ez-toc-page-1 ez-toc-heading-level-3'><a class=\"ez-toc-link ez-toc-heading-16\" href=\"https:\/\/www.turna.com\/blog\/tarihi-yarimada-gezilecek-yerler\/#dikilitas_yilanli_sutun_ve_orme_dikilitas\" >Dikilita\u015f, Y\u0131lanl\u0131 S\u00fctun ve \u00d6rme Dikilita\u015f<\/a><\/li><\/ul><\/li><\/ul><\/nav><\/div>\n\n\n\n\n<figure class=\"wp-block-image size-large\"><img width=\"800\" height=\"500\" decoding=\"async\" src=\"data:image\/svg+xml;base64,PHN2ZyB4bWxucz0iaHR0cDovL3d3dy53My5vcmcvMjAwMC9zdmciIHdpZHRoPSI4MDAiIGhlaWdodD0iNTAwIj48cmVjdCB3aWR0aD0iMTAwJSIgaGVpZ2h0PSIxMDAlIj48YW5pbWF0ZSBhdHRyaWJ1dGVOYW1lPSJmaWxsIiB2YWx1ZXM9InJnYmEoMTUzLDE1MywxNTMsMC41KTtyZ2JhKDE1MywxNTMsMTUzLDAuMSk7cmdiYSgxNTMsMTUzLDE1MywwLjUpIiBkdXI9IjJzIiByZXBlYXRDb3VudD0iaW5kZWZpbml0ZSIgLz48L3JlY3Q+PC9zdmc+\" alt=\"Tarihi Yar\u0131mada Gezilecek Yerler: 15 Destans\u0131 De\u011fer\" data-public-id=\"wordpress-contents\/tarihi_yar\u0131mada_gezilecek_yerler\/tarihi_yar\u0131mada_gezilecek_yerler.jpg\" class=\"wp-post-22631 wp-image-22635\" data-format=\"jpg\" data-transformations=\"f_auto,q_auto:low\" data-version=\"1716898677\" data-seo=\"1\" data-size=\"800 500\" data-srcset=\"https:\/\/res.cloudinary.com\/turna\/images\/f_auto,q_auto:low\/v1716898677\/wordpress-contents\/tarihi_yar\u0131mada_gezilecek_yerler\/tarihi_yar\u0131mada_gezilecek_yerler.jpg?_i=AA 800w, https:\/\/res.cloudinary.com\/turna\/images\/w_300,h_188,c_scale\/f_auto,q_auto:low\/v1716898677\/wordpress-contents\/tarihi_yar\u0131mada_gezilecek_yerler\/tarihi_yar\u0131mada_gezilecek_yerler.jpg?_i=AA 300w, https:\/\/res.cloudinary.com\/turna\/images\/w_672,h_420,c_scale\/f_auto,q_auto:low\/v1716898677\/wordpress-contents\/tarihi_yar\u0131mada_gezilecek_yerler\/tarihi_yar\u0131mada_gezilecek_yerler.jpg?_i=AA 672w, https:\/\/res.cloudinary.com\/turna\/images\/w_640,h_400,c_scale\/f_auto,q_auto:low\/v1716898677\/wordpress-contents\/tarihi_yar\u0131mada_gezilecek_yerler\/tarihi_yar\u0131mada_gezilecek_yerler.jpg?_i=AA 640w, https:\/\/res.cloudinary.com\/turna\/images\/w_681,h_426,c_scale\/f_auto,q_auto:low\/v1716898677\/wordpress-contents\/tarihi_yar\u0131mada_gezilecek_yerler\/tarihi_yar\u0131mada_gezilecek_yerler.jpg?_i=AA 681w\" data-sizes=\"(max-width: 800px) 100vw, 800px\" data-delivery=\"upload\" onload=\";window.CLDBind?CLDBind(this):null;\" data-cloudinary=\"lazy\" \/><\/figure>\n\n\n\n<p>Tarihi Yar\u0131mada&#8217;n\u0131n sokaklar\u0131nda dola\u015f\u0131rken, adeta bir zaman t\u00fcneline girmi\u015f gibi hissediyorum. Her ta\u015f\u0131n alt\u0131ndan farkl\u0131 bir hikaye \u00e7\u0131k\u0131yor ve her yap\u0131, binlerce y\u0131ll\u0131k \u0130stanbul tarihini anlat\u0131yor. Bu b\u00f6lge, bir zamanlar Bizans&#8217;\u0131n ve ard\u0131ndan Osmanl\u0131 \u0130mparatorlu\u011fu&#8217;nun merkezi olan yer. Burada y\u00fcr\u00fcrken, Ayasofya&#8217;n\u0131n etkileyici kubbesi alt\u0131nda Bizans imparatorlar\u0131n\u0131n ayinlerini hayal ediyor, Topkap\u0131 Saray\u0131&#8217;n\u0131n muhte\u015fem bah\u00e7elerinde Osmanl\u0131 sultanlar\u0131n\u0131n kararlar\u0131n\u0131 verdi\u011fi anlar\u0131 d\u00fc\u015f\u00fcn\u00fcyorum.<\/p>\n\n\n\n<p>Tarihi Yar\u0131mada, \u0130stanbul&#8217;un k\u00fclt\u00fcrel miras\u0131n\u0131n bir yans\u0131mas\u0131; burada her yap\u0131, her sokak, her meydan bir zamanlar burada ya\u015fam\u0131\u015f olan insanlar\u0131n izlerini ta\u015f\u0131yor. Kapal\u0131 \u00c7ar\u015f\u0131&#8217;n\u0131n hareketlili\u011fi, Sultanahmet Meydan\u0131&#8217;n\u0131n canl\u0131l\u0131\u011f\u0131 ve Yerebatan Sarn\u0131c\u0131&#8217;n\u0131n gizemli atmosferi gibi her yerde farkl\u0131 bir ruh hissediyorum. Tarihi Yar\u0131mada&#8217;n\u0131n sokaklar\u0131nda kaybolmak, \u0130stanbul&#8217;un tarihine ve k\u00fclt\u00fcr\u00fcne bir yolculuk yapmak demek.<\/p>\n\n\n\n<p><strong>Tarihi Yar\u0131mada Gezilecek Yerler Listesi<\/strong><\/p>\n\n\n\n<ol class=\"wp-block-list\">\n<li>Topkap\u0131 Saray\u0131<\/li>\n\n\n\n<li>Sultanahmet<\/li>\n\n\n\n<li>Ayasofya M\u00fczesi<\/li>\n\n\n\n<li>Yerebatan Sarn\u0131c\u0131<\/li>\n\n\n\n<li>Kapal\u0131 \u00c7ar\u015f\u0131<\/li>\n\n\n\n<li>M\u0131s\u0131r \u00c7ar\u015f\u0131s\u0131<\/li>\n\n\n\n<li>G\u00fclhane Park\u0131<\/li>\n\n\n\n<li>\u0130stanbul Arkeoloji M\u00fczesi<\/li>\n\n\n\n<li>S\u00fcleymaniye Camii<\/li>\n\n\n\n<li>Galata Kulesi<\/li>\n\n\n\n<li>Balat ve Fener Rum Patrikhanesi<\/li>\n\n\n\n<li>Pera M\u00fczesi<\/li>\n\n\n\n<li>Emin\u00f6n\u00fc ve Sirkeci<\/li>\n\n\n\n<li>R\u00fcstem Pa\u015fa Camii<\/li>\n\n\n\n<li>Dikilita\u015f, Y\u0131lanl\u0131 S\u00fctun ve \u00d6rme Dikilita\u015f<\/li>\n<\/ol>\n\n\n\n<h3 class=\"wp-block-heading has-text-align-center has-neeon-button-dark-gray-color has-text-color has-link-color wp-elements-e9fa0b5c06c1ee5709712aaedb8f0d1f\"><span class=\"ez-toc-section\" id=\"topkapi_sarayi\"><\/span><strong>Topkap\u0131 Saray\u0131<\/strong><span class=\"ez-toc-section-end\"><\/span><\/h3>\n\n\n\n<figure class=\"wp-block-image size-large\"><img decoding=\"async\" src=\"https:\/\/res.cloudinary.com\/turna\/image\/upload\/v1716898678\/wordpress-contents\/topkap%C4%B1_saray%C4%B1.jpg\" alt=\"Tarihi Yar\u0131mada Gezilecek Yerler Topkap\u0131\"\/><\/figure>\n\n\n\n<p>Topkap\u0131 Saray\u0131, \u0130stanbul&#8217;un tarihi yar\u0131madas\u0131nda yer alan ve Osmanl\u0131 \u0130mparatorlu\u011fu&#8217;nun 15. y\u00fczy\u0131l ba\u015flar\u0131ndan 19. y\u00fczy\u0131l\u0131n sonlar\u0131na kadar olan d\u00f6nemdeki idari ve politik merkezi olmu\u015f bir an\u0131t niteli\u011finde. Bu muazzam kompleks, Osmanl\u0131 \u0130mparatorlu\u011fu&#8217;nun en \u00f6nemli kararlar\u0131n\u0131n al\u0131nd\u0131\u011f\u0131 yer ve d\u00fcnya tarihine y\u00f6n veren olaylar\u0131n tan\u0131kl\u0131\u011f\u0131n\u0131 yapm\u0131\u015f.<\/p>\n\n\n\n<p>Saray\u0131n i\u00e7indeki odalar, salonlar ve bah\u00e7eler, Osmanl\u0131 sultanlar\u0131n\u0131n ihti\u015faml\u0131 ya\u015famlar\u0131n\u0131 yans\u0131t\u0131yor. Topkap\u0131 Saray\u0131&#8217;n\u0131n hikayesi ise bir\u00e7ok gizemi bar\u0131nd\u0131r\u0131yor; harem b\u00f6l\u00fcm\u00fcndeki entrikalar, padi\u015fahlar\u0131n tahttaki m\u00fccadeleleri ve saray\u0131n surlar\u0131 ard\u0131nda ya\u015fanan siyasi olaylar\u0131 d\u00fc\u015f\u00fcnmek olduk\u00e7a etkileyici. \u0130hti\u015fam\u0131yla g\u00f6z kama\u015ft\u0131ran bu saray tarihi yar\u0131madada g\u00f6rmeniz gereken ilk yerlerden.<\/p>\n\n\n\n<p>Konum <strong><a href=\"https:\/\/maps.app.goo.gl\/FU5L2hjWy2x7A43FA\" target=\"_blank\" rel=\"noreferrer noopener\">burada.<\/a><\/strong><\/p>\n\n\n\n<h3 class=\"wp-block-heading has-text-align-center has-neeon-button-dark-gray-color has-text-color has-link-color wp-elements-57feded7103664f8701947f98ab186b7\"><span class=\"ez-toc-section\" id=\"sultanahmet\"><\/span><strong>Sultanahmet<\/strong><span class=\"ez-toc-section-end\"><\/span><\/h3>\n\n\n\n<figure class=\"wp-block-image size-large\"><img decoding=\"async\" src=\"https:\/\/res.cloudinary.com\/turna\/image\/upload\/v1716898676\/wordpress-contents\/sultanahmet.jpg\" alt=\"Tarihi Yar\u0131mada Gezilecek Yerler Sultanahmet\"\/><\/figure>\n\n\n\n<p>Sultanahmet, \u015fehrin tarih\u00ee miras\u0131n\u0131n en canl\u0131 ve heyecan verici noktalar\u0131ndan biri. Bu b\u00f6lge, ad\u0131n\u0131 17. y\u00fczy\u0131lda yap\u0131lan ve i\u00e7 mekan\u0131ndaki muhte\u015fem mavi \u00e7inilerle \u00fcnl\u00fc olan Sultanahmet Camii&#8217;nden alm\u0131\u015f.<\/p>\n\n\n\n<p>Ancak Sultanahmet&#8217;in tarihi, \u00e7ok daha eski zamanlara dayan\u0131yor. \u0130stanbul&#8217;un fethinden \u00f6nce, Bizans \u0130mparatorlu\u011fu&#8217;nun d\u00f6neminde &#8220;Hippodrom&#8221; olarak bilinen bir at yar\u0131\u015f\u0131 alan\u0131 burada bulunuyormu\u015f. \u015eehrin y\u00f6netim merkezi olan &#8220;Augustaion&#8221; meydan\u0131 da bu b\u00f6lgedeymi\u015f ve \u00e7e\u015fitli dini ve siyasi etkinliklere ev sahipli\u011fi yap\u0131yormu\u015f. Sultanahmet&#8217;in hikayesi, \u0130stanbul&#8217;un fethi ve ard\u0131ndan Osmanl\u0131 \u0130mparatorlu\u011fu d\u00f6neminde yeni yap\u0131larla \u015fekillenmeye devam etmi\u015f. G\u00fcn\u00fcm\u00fczde ise Sultanahmet, tarih\u00ee dokusuyla ve canl\u0131 atmosferiyle ziyaret\u00e7ilerini b\u00fcy\u00fclemeye devam ediyor.<\/p>\n\n\n\n<p>Konum <strong><a href=\"https:\/\/maps.app.goo.gl\/VDxrAX3vvZQTKA188\" target=\"_blank\" rel=\"noreferrer noopener\">burada.<\/a><\/strong><\/p>\n\n\n\n<h3 class=\"wp-block-heading has-text-align-center has-neeon-button-dark-gray-color has-text-color has-link-color wp-elements-ed3d35c0e89a90cea925ac541b6b4fc5\"><span class=\"ez-toc-section\" id=\"ayasofya_muzesi\"><\/span><strong>Ayasofya M\u00fczesi<\/strong><span class=\"ez-toc-section-end\"><\/span><\/h3>\n\n\n\n<figure class=\"wp-block-image size-large\"><img decoding=\"async\" src=\"https:\/\/res.cloudinary.com\/turna\/image\/upload\/v1716898675\/wordpress-contents\/aya_sofya.jpg\" alt=\"Tarihi Yar\u0131mada Gezilecek Yerler Ayasofya\"\/><\/figure>\n\n\n\n<p>Ayasofya M\u00fczesi, \u0130stanbul&#8217;un mistik ruhunu yans\u0131tan ve tarih\u00ee derinli\u011fiyle b\u00fcy\u00fcleyen bir hazine. \u0130hti\u015fam\u0131n\u0131n \u00f6tesinde, bu muazzam yap\u0131, binlerce y\u0131l boyunca ya\u015fanan d\u00f6n\u00fc\u015f\u00fcmlerin \u015fahidi olmu\u015f. 6. y\u00fczy\u0131lda Bizans \u0130mparatoru I. Justinianus&#8217;un emriyle in\u015fa edilen Ayasofya, zaman\u0131n \u00fczerine \u00f6r\u00fclm\u00fc\u015f bir hikaye gibi.<\/p>\n\n\n\n<p>\u0130lk olarak kilise olarak hizmet veren bu yap\u0131, daha sonra Osmanl\u0131 \u0130mparatorlu\u011fu d\u00f6neminde camiye d\u00f6n\u00fc\u015ft\u00fcr\u00fclm\u00fc\u015f. Bu de\u011fi\u015fim, tarih\u00ee ve k\u00fclt\u00fcrel bir d\u00f6neme\u00e7 ve Ayasofya, \u0130stanbul&#8217;un ve d\u00fcnyan\u0131n tarih sahnesindeki \u00f6nemli bir oyuncu olmu\u015f. \u0130hti\u015fam\u0131n\u0131n alt\u0131nda yatan s\u0131rlar ve duvarlar\u0131nda yank\u0131lanan ge\u00e7mi\u015fin sesleri, ziyaret\u00e7ilerini zamanda bir yolculu\u011fa \u00e7\u0131kar\u0131yor, kalplerini tarih\u00ee bir ser\u00fcvenle dolduruyor. Ayasofya, sadece bir yap\u0131 de\u011fil, ayn\u0131 zamanda insanl\u0131\u011f\u0131n kolektif haf\u0131zas\u0131nda sonsuza kadar iz b\u0131rakan bir destan.<\/p>\n\n\n\n<p>Konum <strong><a href=\"https:\/\/maps.app.goo.gl\/JQzpu8jcwdGVtZ5p9\" target=\"_blank\" rel=\"noreferrer noopener\">burada.<\/a><\/strong><\/p>\n\n\n\n<h3 class=\"wp-block-heading has-text-align-center has-neeon-button-dark-gray-color has-text-color has-link-color wp-elements-81b5aa09e85d7419b66d8a13b712e9fd\"><span class=\"ez-toc-section\" id=\"yerebatan_sarnici\"><\/span><strong>Yerebatan Sarn\u0131c\u0131<\/strong><span class=\"ez-toc-section-end\"><\/span><\/h3>\n\n\n\n<figure class=\"wp-block-image size-large\"><img decoding=\"async\" src=\"https:\/\/res.cloudinary.com\/turna\/image\/upload\/v1716898678\/wordpress-contents\/yerebatan_sarn%C4%B1c%C4%B1.jpg\" alt=\"Tarihi Yar\u0131mada Gezilecek Yerler Yerebatan sarn\u0131c\u0131\"\/><\/figure>\n\n\n\n<p>\u0130stanbul&#8217;un gizemli derinliklerinde sakl\u0131 bir hazine: Yerebatan Sarn\u0131c\u0131. Bu muhte\u015fem yap\u0131, Bizans \u0130mparatoru I. Justinianus d\u00f6neminde 6. y\u00fczy\u0131lda in\u015fa edilmi\u015f. \u0130stanbul&#8217;un su ihtiyac\u0131n\u0131 kar\u015f\u0131lamak amac\u0131yla yap\u0131lan bu sarn\u0131\u00e7, zamanla unutulmu\u015f ve y\u0131llarca gizli bir hazinenin sakland\u0131\u011f\u0131 yer haline gelmi\u015f. G\u00fcn\u00fcm\u00fczde ise ziyaret\u00e7ilerini mistik bir atmosferle kar\u015f\u0131layan Yerebatan Sarn\u0131c\u0131, s\u00fctunlar\u0131 aras\u0131nda kaybolma ve tarihin gizemli dokusunu ke\u015ffetme f\u0131rsat\u0131 sunuyor. Ge\u00e7mi\u015fin derinliklerinde kaybolmak ve sarn\u0131c\u0131n gizemli atmosferini soluyarak zamanda yolculuk yapmak i\u00e7in bu e\u015fsiz yap\u0131y\u0131 ke\u015ffetmeye davetlisiniz!<\/p>\n\n\n\n<p>Konum <strong><a href=\"https:\/\/maps.app.goo.gl\/T8imxk84t2npraNy8\" target=\"_blank\" rel=\"noreferrer noopener\">burada.<\/a><\/strong><\/p>\n\n\n\n<h3 class=\"wp-block-heading has-text-align-center has-neeon-button-dark-gray-color has-text-color has-link-color wp-elements-d2d99d2561869ca8b998cc8a5dfab6a8\"><span class=\"ez-toc-section\" id=\"kapali_carsi\"><\/span><strong>Kapal\u0131 \u00c7ar\u015f\u0131<\/strong><span class=\"ez-toc-section-end\"><\/span><\/h3>\n\n\n\n<figure class=\"wp-block-image size-large\"><img decoding=\"async\" src=\"https:\/\/res.cloudinary.com\/turna\/image\/upload\/v1716898676\/wordpress-contents\/kapal%C4%B1_%C3%A7ar%C5%9F%C4%B1.jpg\" alt=\"Tarihi Yar\u0131mada Gezilecek Yerler kapal\u0131\u00e7ar\u015f\u0131\"\/><\/figure>\n\n\n\n<p>Kapal\u0131 \u00c7ar\u015f\u0131, tarih kokan bir macera! Bu muhte\u015fem \u00e7ar\u015f\u0131, 15. y\u00fczy\u0131lda Osmanl\u0131 \u0130mparatorlu\u011fu&#8217;nun zenginlik ve \u00e7e\u015fitlili\u011finin bir simgesi olarak in\u015fa edilmi\u015f. \u0130\u00e7inde kaybolabilece\u011finiz labirent gibi sokaklar\u0131 ve her k\u00f6\u015fede sizi bekleyen s\u00fcrprizlerle dolu d\u00fckkanlar\u0131yla Kapal\u0131 \u00c7ar\u015f\u0131, al\u0131\u015fveri\u015f deneyimini bir ad\u0131m \u00f6teye ta\u015f\u0131yor. E\u011fer biraz nostaljiye kap\u0131lmak ve tarihin tozlu sayfalar\u0131nda al\u0131\u015fveri\u015f yapmak istiyorsan\u0131z, Kapal\u0131 \u00c7ar\u015f\u0131 tam da size g\u00f6re!<\/p>\n\n\n\n<p>Konum <strong><a href=\"https:\/\/maps.app.goo.gl\/LE72hzjH8aKsn7g38\" target=\"_blank\" rel=\"noreferrer noopener\">burada.<\/a><\/strong><\/p>\n\n\n\n<h3 class=\"wp-block-heading has-text-align-center has-neeon-button-dark-gray-color has-text-color has-link-color wp-elements-226daaa458b9d5e594995380bbc08a31\"><span class=\"ez-toc-section\" id=\"misir_carsisi\"><\/span><strong>M\u0131s\u0131r \u00c7ar\u015f\u0131s\u0131<\/strong><span class=\"ez-toc-section-end\"><\/span><\/h3>\n\n\n\n<figure class=\"wp-block-image size-large\"><img decoding=\"async\" src=\"https:\/\/res.cloudinary.com\/turna\/image\/upload\/v1716898676\/wordpress-contents\/m%C4%B1s%C4%B1r_%C3%A7ar%C5%9F%C4%B1s%C4%B1.jpg\" alt=\"M\u0131s\u0131r \u00c7ar\u015f\u0131s\u0131\"\/><\/figure>\n\n\n\n<p>M\u0131s\u0131r \u00c7ar\u015f\u0131s\u0131, \u0130stanbul&#8217;un baharat ve lezzet dolu d\u00fcnyas\u0131na giri\u015f kap\u0131n\u0131z! Ad\u0131n\u0131 Osmanl\u0131 \u0130mparatorlu\u011fu&#8217;nun M\u0131s\u0131r&#8217;dan gelen vergilerle finanse edilmi\u015f olmas\u0131ndan alan bu renkli \u00e7ar\u015f\u0131, 17. y\u00fczy\u0131lda in\u015fa edilmi\u015f. Buras\u0131, taze baharatlar, egzotik meyveler, lezzetli tatl\u0131lar ve birbirinden g\u00fczel hediyelik e\u015fyalar\u0131n bulundu\u011fu bir cennet gibi! M\u0131s\u0131r \u00c7ar\u015f\u0131s\u0131&#8217;n\u0131n sokaklar\u0131ndan ge\u00e7erken burnunuza dolan mis gibi baharat kokular\u0131, sizi al\u0131p ba\u015fka diyarlara g\u00f6t\u00fcrebilir. Bu \u00e7ar\u015f\u0131ya girdi\u011finizde bir \u00e7ayc\u0131ya u\u011framadan \u00e7\u0131kmay\u0131n; \u00e7\u00fcnk\u00fc \u0130stanbul&#8217;un en lezzetli \u00e7aylar\u0131n\u0131 burada bulabilirsiniz!<\/p>\n\n\n\n<p>Konum <strong><a href=\"https:\/\/maps.app.goo.gl\/pC1wHownN13Qa4az6\" target=\"_blank\" rel=\"noreferrer noopener\">burada.<\/a><\/strong><\/p>\n\n\n\n<h3 class=\"wp-block-heading has-text-align-center has-neeon-button-dark-gray-color has-text-color has-link-color wp-elements-8cc918eaadf515aa4b9b51d98503e23b\"><span class=\"ez-toc-section\" id=\"gulhane_parki\"><\/span><strong>G\u00fclhane Park\u0131<\/strong><span class=\"ez-toc-section-end\"><\/span><\/h3>\n\n\n\n<figure class=\"wp-block-image size-large\"><img decoding=\"async\" src=\"https:\/\/res.cloudinary.com\/turna\/image\/upload\/v1716898677\/wordpress-contents\/g%C3%BClhane_park%C4%B1.jpg\" alt=\"G\u00fclhane Park\u0131\"\/><\/figure>\n\n\n\n<p>G\u00fclhane Park\u0131, Osmanl\u0131 \u0130mparatorlu\u011fu d\u00f6neminde saray\u0131n bah\u00e7esi olarak kullan\u0131lm\u0131\u015f ve g\u00fcn\u00fcm\u00fcze kadar gelen tarih\u00ee dokusunu korumu\u015f. 19. y\u00fczy\u0131lda halka a\u00e7\u0131lan park, \u015fimdi \u0130stanbul&#8217;un sakinlerinin ve ziyaret\u00e7ilerinin dinlenip keyifli vakit ge\u00e7irebilece\u011fi bir yer. G\u00fclhane Park\u0131&#8217;nda y\u00fcr\u00fcrken, g\u00f6lgeli a\u011fa\u00e7lar\u0131n alt\u0131nda piknik yapabilir, tarih\u00ee \u00e7e\u015fmelerin suyunu i\u00e7ebilir veya sadece ku\u015f seslerini dinleyerek ruhunuzu dinlendirebilirsiniz. Bu ye\u015fil cennet, \u0130stanbul&#8217;un karma\u015fas\u0131ndan uzakla\u015fmak ve do\u011fan\u0131n tad\u0131n\u0131 \u00e7\u0131karmak i\u00e7in m\u00fckemmel bir ka\u00e7\u0131\u015f noktas\u0131.<\/p>\n\n\n\n<p>Konum <strong><a href=\"https:\/\/maps.app.goo.gl\/rw9knrcMNKpdMq1J9\" target=\"_blank\" rel=\"noreferrer noopener\">burada.<\/a><\/strong><\/p>\n\n\n\n<h3 class=\"wp-block-heading has-text-align-center has-neeon-button-dark-gray-color has-text-color has-link-color wp-elements-d33654339138e05a2a9691645e1730ef\"><span class=\"ez-toc-section\" id=\"istanbul_arkeoloji_muzesi\"><\/span><strong>\u0130stanbul Arkeoloji M\u00fczesi<\/strong><span class=\"ez-toc-section-end\"><\/span><\/h3>\n\n\n\n<figure class=\"wp-block-image size-large\"><img decoding=\"async\" src=\"https:\/\/res.cloudinary.com\/turna\/image\/upload\/v1716898676\/wordpress-contents\/istanbul_arkeoloji_m%C3%BCzesi.jpg\" alt=\"\u0130stanbul Arkeoloji M\u00fczesi\"\/><\/figure>\n\n\n\n<p>\u0130stanbul Arkeoloji M\u00fczeleri, adeta bir zaman makinesi gibi! Bu m\u00fczeler, insanl\u0131\u011f\u0131n binlerce y\u0131ll\u0131k ge\u00e7mi\u015fine \u0131\u015f\u0131k tutan bir\u00e7ok de\u011ferli eseri bar\u0131nd\u0131r\u0131yor. Antik Yunan, Roma, ve Osmanl\u0131 d\u00f6nemlerine ait bir\u00e7ok \u00f6nemli eser burada sergileniyor. Efsanevi Troya heykellerinden Mezopotamya tabletlerine, Roma mozaiklerinden Osmanl\u0131 d\u00f6nemi silahlar\u0131na kadar bir\u00e7ok farkl\u0131 eseri g\u00f6rebilirsiniz.<\/p>\n\n\n\n<p>Konum <strong><a href=\"https:\/\/maps.app.goo.gl\/DRfBgXnwGQzF2mTU6\" target=\"_blank\" rel=\"noreferrer noopener\">burada.<\/a><\/strong><\/p>\n\n\n\n<h3 class=\"wp-block-heading has-text-align-center has-neeon-button-dark-gray-color has-text-color has-link-color wp-elements-436ef06765b741af1f38488a668b1c2d\"><span class=\"ez-toc-section\" id=\"suleymaniye_camii\"><\/span><strong>S\u00fcleymaniye Camii<\/strong><span class=\"ez-toc-section-end\"><\/span><\/h3>\n\n\n\n<figure class=\"wp-block-image size-large\"><img decoding=\"async\" src=\"https:\/\/res.cloudinary.com\/turna\/image\/upload\/v1716898677\/wordpress-contents\/s%C3%BCleymaniye_camii.jpg\" alt=\"S\u00fcleymaniye Camii\"\/><\/figure>\n\n\n\n<p>S\u00fcleymaniye Camii, \u0130stanbul&#8217;un g\u00f6ky\u00fcz\u00fcne y\u00fckselen incisi ve manevi atmosferiyle sizi b\u00fcy\u00fcleyecek bir yap\u0131! Mimar Sinan&#8217;\u0131n e\u015fsiz yetene\u011finin bir yans\u0131mas\u0131 olan bu muazzam cami, Osmanl\u0131 \u0130mparatorlu\u011fu&#8217;nun ihti\u015faml\u0131 d\u00f6nemlerinin an\u0131s\u0131. \u0130\u00e7ine ad\u0131m att\u0131\u011f\u0131n\u0131zda, sizi kar\u015f\u0131layan huzur ve dinginlik duygusuyla t\u00fcm dertlerinizden ar\u0131n\u0131p, ruhunuzu dinlendirebilirsiniz. Caminin etraf\u0131ndaki k\u00fclliye ise sizi tarihi bir ser\u00fcvene \u00e7\u0131karacak; hastane, k\u00fct\u00fcphane ve medrese gibi \u00e7e\u015fitli yap\u0131larla donat\u0131lm\u0131\u015f. Tarihi yar\u0131mada gezilecek yerler listenize mutlaka ekleyin.<\/p>\n\n\n\n<p>Konum <strong><a href=\"https:\/\/maps.app.goo.gl\/5Ks4ku3nstHFYdcp8\" target=\"_blank\" rel=\"noreferrer noopener\">burada.<\/a><\/strong><\/p>\n\n\n\n<h3 class=\"wp-block-heading has-text-align-center has-neeon-button-dark-gray-color has-text-color has-link-color wp-elements-6d3da3eb1020dc3d0c57a82a7321ef60\"><span class=\"ez-toc-section\" id=\"galata_kulesi\"><\/span><strong>Galata Kulesi<\/strong><span class=\"ez-toc-section-end\"><\/span><\/h3>\n\n\n\n<figure class=\"wp-block-image size-large\"><img decoding=\"async\" src=\"https:\/\/res.cloudinary.com\/turna\/image\/upload\/v1716898677\/wordpress-contents\/galata_kulesi.jpg\" alt=\"Galata Kulesi\"\/><\/figure>\n\n\n\n<p>Galata Kulesi, \u0130stanbul&#8217;un simgelerinden biri olarak g\u00f6ky\u00fcz\u00fcne y\u00fckselen bir kale. 1348 y\u0131l\u0131nda Cenevizliler taraf\u0131ndan in\u015fa edilen bu kule, \u015fehrin panoramik manzaras\u0131n\u0131 sunan bir g\u00f6zlem noktas\u0131 olarak hizmet veriyor. Y\u0131llar boyunca bir\u00e7ok ama\u00e7 i\u00e7in kullan\u0131lan Galata Kulesi, bug\u00fcn turistlerin ve yerli halk\u0131n ziyaret etti\u011fi pop\u00fcler bir nokta. Tarihin ve manzaran\u0131n birle\u015fti\u011fi bu b\u00fcy\u00fcl\u00fc nokta, \u0130stanbul&#8217;un tarih\u00ee yar\u0131madas\u0131n\u0131n ruhunu yakalamak isteyen herkes i\u00e7in bir zorunlu durak.<\/p>\n\n\n\n<p>Konum <strong><a href=\"https:\/\/maps.app.goo.gl\/Nn8op3orA19pBTJE6\" target=\"_blank\" rel=\"noreferrer noopener\">burada.<\/a><\/strong><\/p>\n\n\n\n<h3 class=\"wp-block-heading has-text-align-center has-neeon-button-dark-gray-color has-text-color has-link-color wp-elements-a31a3088354ac6b78d1c92e32d33758c\"><span class=\"ez-toc-section\" id=\"balat_ve_fener_rum_patrikhanesi\"><\/span><strong>Balat ve Fener Rum Patrikhanesi<\/strong><span class=\"ez-toc-section-end\"><\/span><\/h3>\n\n\n\n<figure class=\"wp-block-image size-large\"><img decoding=\"async\" src=\"https:\/\/res.cloudinary.com\/turna\/image\/upload\/v1716898676\/wordpress-contents\/balat.jpg\" alt=\"Balat ve Fener Rum Patrikhanesi\"\/><\/figure>\n\n\n\n<p>Balat ve Fener, \u0130stanbul&#8217;un renkli ve tarih dolu semtlerinden biri ve bu semtlerin en \u00f6nemli yap\u0131lar\u0131ndan biri de Fener Rum Patrikhanesi. Bu tarihi bina, Ortodoks Hristiyanl\u0131\u011f\u0131n en kutsal merkezlerinden biri olarak kabul ediliyor. Patrikhanenin bulundu\u011fu b\u00f6lge, tarihi dokusuyla ve dar sokaklar\u0131yla sizi ge\u00e7mi\u015fe do\u011fru bir yolculu\u011fa \u00e7\u0131kar\u0131rken, patrikhanenin kendisi de muazzam mimarisiyle g\u00f6z kama\u015ft\u0131r\u0131yor. Balat ve Fener semtleri, farkl\u0131 k\u00fclt\u00fcrlerin ve inan\u00e7lar\u0131n bir araya geldi\u011fi bir mozaik gibi.<\/p>\n\n\n\n<p>Konum <strong><a href=\"https:\/\/maps.app.goo.gl\/Kxpq37ZndgcFTdZk8\" target=\"_blank\" rel=\"noreferrer noopener\">burada.<\/a><\/strong><\/p>\n\n\n\n<h3 class=\"wp-block-heading has-text-align-center has-neeon-button-dark-gray-color has-text-color has-link-color wp-elements-aa86f84c05b146ff609fc2846a78b947\"><span class=\"ez-toc-section\" id=\"pera_muzesi\"><\/span><strong>Pera M\u00fczesi<\/strong><span class=\"ez-toc-section-end\"><\/span><\/h3>\n\n\n\n<figure class=\"wp-block-image size-large\"><img decoding=\"async\" src=\"https:\/\/res.cloudinary.com\/turna\/image\/upload\/v1716898677\/wordpress-contents\/pera_m%C3%BCzesi.jpg\" alt=\"Pera M\u00fczesi\"\/><\/figure>\n\n\n\n<p>Pera M\u00fczesi, \u0130stanbul&#8217;un k\u00fclt\u00fcrel zenginli\u011fini ke\u015ffetmek isteyenler i\u00e7in bir hazine. Beyo\u011flu&#8217;nun kalbinde yer alan bu m\u00fcze, modern T\u00fcrk ve Osmanl\u0131 sanat\u0131n\u0131n \u00f6nemli eserlerine ev sahipli\u011fi yap\u0131yor. Ziyaret\u00e7ilerini tarih\u00ee bir yolculu\u011fa \u00e7\u0131kar\u0131rken, ayn\u0131 zamanda sanat\u0131n derinliklerine dalma f\u0131rsat\u0131 sunuyor. M\u00fczenin kendisi, tarihi bir binada bulunuyor ve mimarisi bile ba\u015fl\u0131 ba\u015f\u0131na bir eser. G\u00f6rmeden d\u00f6nmeyin!<\/p>\n\n\n\n<p>Konum <strong><a href=\"https:\/\/maps.app.goo.gl\/eKsicieMCf3wFoPL7\" target=\"_blank\" rel=\"noreferrer noopener\">burada.<\/a><\/strong><\/p>\n\n\n\n<h3 class=\"wp-block-heading has-text-align-center has-neeon-button-dark-gray-color has-text-color has-link-color wp-elements-68caf1a1c8906d21e18c37c3cf9bdfc6\"><span class=\"ez-toc-section\" id=\"eminonu_ve_sirkeci\"><\/span><strong><strong>Emin\u00f6n\u00fc ve Sirkeci<\/strong><\/strong><span class=\"ez-toc-section-end\"><\/span><\/h3>\n\n\n\n<figure class=\"wp-block-image size-large\"><img decoding=\"async\" src=\"https:\/\/res.cloudinary.com\/turna\/image\/upload\/v1716898676\/wordpress-contents\/emin%C3%B6n%C3%BC.jpg\" alt=\"Emin\u00f6n\u00fc ve Sirkeci\"\/><\/figure>\n\n\n\n<p>Emin\u00f6n\u00fc ve Sirkeci, \u0130stanbul&#8217;un tarih\u00ee yar\u0131madas\u0131n\u0131n kalbinde yer alan ve \u015fehrin canl\u0131l\u0131\u011f\u0131n\u0131 en yo\u011fun \u015fekilde hissedebilece\u011finiz semtler. Emin\u00f6n\u00fc, tarihi yap\u0131lar\u0131, \u00e7ar\u015f\u0131lar\u0131 ve lezzetli sokak yemekleriyle \u00fcnl\u00fc. Burada Galata K\u00f6pr\u00fcs\u00fc&#8217;n\u00fcn manzaras\u0131 alt\u0131nda bal\u0131k ekmek yemek ya da M\u0131s\u0131r \u00c7ar\u015f\u0131s\u0131&#8217;n\u0131 gezerek nefis baharatlar almak olmazsa olmazlardan. Sirkeci ise, tarih boyunca \u0130stanbul&#8217;un \u00f6nemli bir ula\u015f\u0131m merkezi olmu\u015f. Ayr\u0131ca Sirkeci Gar\u0131, \u00fcnl\u00fc Bel\u00e7ikal\u0131 yazar Georges Simenon&#8217;un &#8220;Orient Express&#8221; serisinin ba\u015flang\u0131\u00e7 noktas\u0131 olmas\u0131yla da \u00fcnl\u00fc. Emin\u00f6n\u00fc ve Sirkeci, tarih ve modern ya\u015fam\u0131n kusursuz bir kar\u0131\u015f\u0131m\u0131n\u0131 sunarak \u0130stanbul&#8217;un benzersiz atmosferini yans\u0131t\u0131yor.<\/p>\n\n\n\n<p>Konum <strong><a href=\"https:\/\/maps.app.goo.gl\/f3ogXvPNHdzXPwhp9\" target=\"_blank\" rel=\"noreferrer noopener\">burada.<\/a><\/strong><\/p>\n\n\n\n<h3 class=\"wp-block-heading has-text-align-center has-neeon-button-dark-gray-color has-text-color has-link-color wp-elements-723a501fb91106ce2562eb136285fe09\"><span class=\"ez-toc-section\" id=\"rustem_pasa_camii\"><\/span><strong><strong>R\u00fcstem Pa\u015fa Camii<\/strong><\/strong><span class=\"ez-toc-section-end\"><\/span><\/h3>\n\n\n\n<figure class=\"wp-block-image size-large\"><img decoding=\"async\" src=\"https:\/\/res.cloudinary.com\/turna\/image\/upload\/v1716898676\/wordpress-contents\/r%C3%BCstem_pa%C5%9Fa_camii.jpg\" alt=\"R\u00fcstem Pa\u015fa Camii\"\/><\/figure>\n\n\n\n<p>R\u00fcstem Pa\u015fa Camii, 16. y\u00fczy\u0131lda Mimar Sinan taraf\u0131ndan yap\u0131lan muazzam bir yap\u0131. Cami, i\u00e7 mekan\u0131ndaki \u00e7arp\u0131c\u0131 \u00e7ini i\u015f\u00e7ili\u011fiyle \u00fcnl\u00fc. Her bir k\u00f6\u015fesinde Osmanl\u0131 d\u00f6neminin zarafeti ve esteti\u011fi yans\u0131yor. Cami Osmanl\u0131 \u0130mparatorlu\u011fu&#8217;nun alt\u0131n \u00e7a\u011flar\u0131ndan birinden g\u00fcn\u00fcm\u00fcze miras ve mimari a\u00e7\u0131dan bir ba\u015fyap\u0131t.<\/p>\n\n\n\n<p>Konum <strong><a href=\"https:\/\/maps.app.goo.gl\/FYE71y9PoKfgMKRp6\" target=\"_blank\" rel=\"noreferrer noopener\">burada.<\/a><\/strong><\/p>\n\n\n\n<h3 class=\"wp-block-heading has-text-align-center has-neeon-button-dark-gray-color has-text-color has-link-color wp-elements-f65978bb4262e79ef76e92951da2d0cc\"><span class=\"ez-toc-section\" id=\"dikilitas_yilanli_sutun_ve_orme_dikilitas\"><\/span><strong><strong>Dikilita\u015f, Y\u0131lanl\u0131 S\u00fctun ve \u00d6rme Dikilita\u015f<\/strong><\/strong><span class=\"ez-toc-section-end\"><\/span><\/h3>\n\n\n\n<figure class=\"wp-block-image size-large\"><img decoding=\"async\" src=\"https:\/\/res.cloudinary.com\/turna\/image\/upload\/v1716898676\/wordpress-contents\/dikilita%C5%9F.jpg\" alt=\"Dikilita\u015f, Y\u0131lanl\u0131 S\u00fctun ve \u00d6rme Dikilita\u015f\"\/><\/figure>\n\n\n\n<p>Dikilita\u015f, Y\u0131lanl\u0131 S\u00fctun ve \u00d6rme Dikilita\u015f gibi tarih\u00ee yap\u0131lar, \u0130stanbul&#8217;un tarih\u00ee yar\u0131madas\u0131nda \u00f6nemli birer sembol olarak y\u00fckseliyor. Bu antik kal\u0131nt\u0131lar, \u015fehrin ge\u00e7mi\u015fine \u0131\u015f\u0131k tutuyor. Dikilita\u015f, Osmanl\u0131 \u0130mparatorlu\u011fu&#8217;nun farkl\u0131 d\u00f6nemlerine ait izler ta\u015f\u0131rken, Y\u0131lanl\u0131 S\u00fctun, eski bir an\u0131t olan Serpent S\u00fctunu olarak da biliniyor ve Bizans d\u00f6neminden g\u00fcn\u00fcm\u00fcze kalan nadir eserlerden biri. Bu antik yap\u0131lar, \u0130stanbul&#8217;un tarih\u00ee ve k\u00fclt\u00fcrel miras\u0131n\u0131n \u00f6nemli birer par\u00e7as\u0131.<\/p>\n\n\n\n<p>Konum <strong><a href=\"https:\/\/maps.app.goo.gl\/nyMUBXiniQ7ErEUe7\" target=\"_blank\" rel=\"noreferrer noopener\">burada.<\/a><\/strong><\/p>\n\n\n\n<p>Tarihi yar\u0131mada gezilecek yerler listesine birer birer tik atmak i\u00e7in tek yapman\u0131z gereken <strong><a href=\"https:\/\/www.turna.com\/ucak-bileti\" target=\"_blank\" rel=\"noreferrer noopener\">\u0130stanbul u\u00e7ak bileti<\/a><\/strong> f\u0131rsatlar\u0131n\u0131 incelemek.<\/p>\n\n\n\n<p><\/p>\n\n    <div class=\"xs_social_share_widget xs_share_url after_content \t\tmain_content  wslu-style-1 wslu-share-box-shaped wslu-fill-colored wslu-none wslu-share-horizontal wslu-theme-font-no wslu-main_content\">\n\n\t\t\n        <ul>\n\t\t\t        <\/ul>\n    <\/div> \n","protected":false},"excerpt":{"rendered":"<p>\u0130stanbul&#8217;un kalbinde, zamanda bir yolculu\u011fa \u00e7\u0131kmak isteyen herkes i\u00e7in bir hazineler yata\u011f\u0131 bulunuyor: Tarihi Yar\u0131mada. Bu e\u015fsiz b\u00f6lge, \u0130stanbul&#8217;un tarih ve k\u00fclt\u00fcr miras\u0131n\u0131n yo\u011funla\u015ft\u0131\u011f\u0131 bir nokta. Sokaklar\u0131nda dola\u015f\u0131rken, her k\u00f6\u015fede farkl\u0131 bir medeniyetin izlerini ke\u015ffetmek m\u00fcmk\u00fcn. Ayasofya&#8217;n\u0131n g\u00f6rkemi, Topkap\u0131 Saray\u0131&#8217;n\u0131n ihti\u015fam\u0131, Sultanahmet Camii&#8217;nin huzuru ve Kapal\u0131 \u00c7ar\u015f\u0131&#8217;n\u0131n canl\u0131l\u0131\u011f\u0131 gibi, Tarihi Yar\u0131mada&#8217;da her ad\u0131mda yeni bir deneyim sizi bekliyor. Bu muhte\u015fem b\u00f6lgenin ruhunu ve zenginli\u011fini sizinle payla\u015faca\u011f\u0131m. Haz\u0131r m\u0131s\u0131n\u0131z? \u00d6yleyse gelin, \u0130stanbul&#8217;un kalbinde tarihi yar\u0131mada gezilecek yerler listesiyle unutulmaz bir ser\u00fcvene ba\u015flayal\u0131m!<\/p>\n","protected":false},"author":34,"featured_media":22635,"comment_status":"open","ping_status":"open","sticky":false,"template":"","format":"standard","meta":{"rop_custom_images_group":[],"rop_custom_messages_group":[],"rop_publish_now":"initial","rop_publish_now_accounts":[],"rop_publish_now_history":[],"rop_publish_now_status":"pending","_cloudinary_featured_overwrite":false,"footnotes":""},"categories":[1838],"tags":[204],"class_list":["post-22631","post","type-post","status-publish","format-standard","has-post-thumbnail","hentry","category-istanbul","tag-istanbul"],"_links":{"self":[{"href":"https:\/\/www.turna.com\/blog\/wp-json\/wp\/v2\/posts\/22631","targetHints":{"allow":["GET"]}}],"collection":[{"href":"https:\/\/www.turna.com\/blog\/wp-json\/wp\/v2\/posts"}],"about":[{"href":"https:\/\/www.turna.com\/blog\/wp-json\/wp\/v2\/types\/post"}],"author":[{"embeddable":true,"href":"https:\/\/www.turna.com\/blog\/wp-json\/wp\/v2\/users\/34"}],"replies":[{"embeddable":true,"href":"https:\/\/www.turna.com\/blog\/wp-json\/wp\/v2\/comments?post=22631"}],"version-history":[{"count":0,"href":"https:\/\/www.turna.com\/blog\/wp-json\/wp\/v2\/posts\/22631\/revisions"}],"wp:featuredmedia":[{"embeddable":true,"href":"https:\/\/www.turna.com\/blog\/wp-json\/wp\/v2\/media\/22635"}],"wp:attachment":[{"href":"https:\/\/www.turna.com\/blog\/wp-json\/wp\/v2\/media?parent=22631"}],"wp:term":[{"taxonomy":"category","embeddable":true,"href":"https:\/\/www.turna.com\/blog\/wp-json\/wp\/v2\/categories?post=22631"},{"taxonomy":"post_tag","embeddable":true,"href":"https:\/\/www.turna.com\/blog\/wp-json\/wp\/v2\/tags?post=22631"}],"curies":[{"name":"wp","href":"https:\/\/api.w.org\/{rel}","templated":true}]}}