{"id":22618,"date":"2024-05-23T16:14:28","date_gmt":"2024-05-23T13:14:28","guid":{"rendered":"https:\/\/www.turna.com\/blog\/?p=22618"},"modified":"2025-12-08T17:41:59","modified_gmt":"2025-12-08T14:41:59","slug":"meis-adasi-gezilecek-yerler-en-guzel-8-yer","status":"publish","type":"post","link":"https:\/\/www.turna.com\/blog\/meis-adasi-gezilecek-yerler-en-guzel-8-yer","title":{"rendered":"Meis Adas\u0131 Gezilecek Yerler: En G\u00fczel 8 Yer"},"content":{"rendered":"\n<p>Ege Denizi&#8217;nin sakin sular\u0131nda, Yunanistan&#8217;\u0131n en do\u011fusunda yer alan Meis Adas\u0131, bir tatilden bekledi\u011finiz her \u015feyi sunuyor! Renkli neoklasik evlerin s\u00fcsledi\u011fi liman\u0131ndan b\u00fcy\u00fcleyici Mavi Ma\u011faras\u0131&#8217;na kadar her k\u00f6\u015fesi ke\u015ffedilmeyi bekleyen bir cennet. Meis Adas\u0131 gezilecek yerler listemizde, bu \u015firin adan\u0131n sakl\u0131 hazinelerini ve tarihi zenginliklerini sizlere tan\u0131taca\u011f\u0131z. Haz\u0131rsan\u0131z, bu k\u00fc\u00e7\u00fck ama etkileyici adada unutulmaz bir yolculu\u011fa \u00e7\u0131kal\u0131m!<\/p>\n\n\n\n<h2 class=\"wp-block-heading has-text-align-center has-neeon-button-dark-gray-color has-text-color has-link-color wp-elements-6522f4708ea5448d2abd80cbb947f68e\"><span class=\"ez-toc-section\" id=\"meis_gezilecek_yerler_haritasi\"><\/span><strong>Meis Gezilecek Yerler Haritas\u0131<\/strong><span class=\"ez-toc-section-end\"><\/span><\/h2><div id=\"ez-toc-container\" class=\"ez-toc-v2_0_82_2 counter-hierarchy ez-toc-counter ez-toc-black ez-toc-container-direction\">\n<div class=\"ez-toc-title-container\">\n<p class=\"ez-toc-title\" style=\"cursor:inherit\">\u0130\u00e7indekiler<\/p>\n<span class=\"ez-toc-title-toggle\"><a href=\"#\" class=\"ez-toc-pull-right ez-toc-btn ez-toc-btn-xs ez-toc-btn-default ez-toc-toggle\" aria-label=\"\u0130\u00e7indekiler Tablosunu A\u00e7\/Kapat\"><span class=\"ez-toc-js-icon-con\"><span class=\"\"><span class=\"eztoc-hide\" style=\"display:none;\">Toggle<\/span><span class=\"ez-toc-icon-toggle-span\"><svg style=\"fill: #ffffff;color:#ffffff\" xmlns=\"http:\/\/www.w3.org\/2000\/svg\" class=\"list-377408\" width=\"20px\" height=\"20px\" viewBox=\"0 0 24 24\" fill=\"none\"><path d=\"M6 6H4v2h2V6zm14 0H8v2h12V6zM4 11h2v2H4v-2zm16 0H8v2h12v-2zM4 16h2v2H4v-2zm16 0H8v2h12v-2z\" fill=\"currentColor\"><\/path><\/svg><svg style=\"fill: #ffffff;color:#ffffff\" class=\"arrow-unsorted-368013\" xmlns=\"http:\/\/www.w3.org\/2000\/svg\" width=\"10px\" height=\"10px\" viewBox=\"0 0 24 24\" version=\"1.2\" baseProfile=\"tiny\"><path d=\"M18.2 9.3l-6.2-6.3-6.2 6.3c-.2.2-.3.4-.3.7s.1.5.3.7c.2.2.4.3.7.3h11c.3 0 .5-.1.7-.3.2-.2.3-.5.3-.7s-.1-.5-.3-.7zM5.8 14.7l6.2 6.3 6.2-6.3c.2-.2.3-.5.3-.7s-.1-.5-.3-.7c-.2-.2-.4-.3-.7-.3h-11c-.3 0-.5.1-.7.3-.2.2-.3.5-.3.7s.1.5.3.7z\"\/><\/svg><\/span><\/span><\/span><\/a><\/span><\/div>\n<nav><ul class='ez-toc-list ez-toc-list-level-1 eztoc-toggle-hide-by-default' ><li class='ez-toc-page-1 ez-toc-heading-level-2'><a class=\"ez-toc-link ez-toc-heading-1\" href=\"https:\/\/www.turna.com\/blog\/meis-adasi-gezilecek-yerler-en-guzel-8-yer\/#meis_gezilecek_yerler_haritasi\" >Meis Gezilecek Yerler Haritas\u0131<\/a><\/li><li class='ez-toc-page-1 ez-toc-heading-level-2'><a class=\"ez-toc-link ez-toc-heading-2\" href=\"https:\/\/www.turna.com\/blog\/meis-adasi-gezilecek-yerler-en-guzel-8-yer\/#meiste_gezilecek_yerler\" >Meis&#8217;te Gezilecek Yerler<\/a><ul class='ez-toc-list-level-3' ><li class='ez-toc-heading-level-3'><a class=\"ez-toc-link ez-toc-heading-3\" href=\"https:\/\/www.turna.com\/blog\/meis-adasi-gezilecek-yerler-en-guzel-8-yer\/#mavi_magara_blue_cave\" >Mavi Ma\u011fara (Blue Cave)<\/a><\/li><li class='ez-toc-page-1 ez-toc-heading-level-3'><a class=\"ez-toc-link ez-toc-heading-4\" href=\"https:\/\/www.turna.com\/blog\/meis-adasi-gezilecek-yerler-en-guzel-8-yer\/#osmanli_camii\" >Osmanl\u0131 Camii<\/a><\/li><li class='ez-toc-page-1 ez-toc-heading-level-3'><a class=\"ez-toc-link ez-toc-heading-5\" href=\"https:\/\/www.turna.com\/blog\/meis-adasi-gezilecek-yerler-en-guzel-8-yer\/#saint_george_of_the_mountain_kilisesi\" >Saint George of the Mountain Kilisesi<\/a><\/li><li class='ez-toc-page-1 ez-toc-heading-level-3'><a class=\"ez-toc-link ez-toc-heading-6\" href=\"https:\/\/www.turna.com\/blog\/meis-adasi-gezilecek-yerler-en-guzel-8-yer\/#arkeoloji_muzesi\" >Arkeoloji M\u00fczesi<\/a><\/li><li class='ez-toc-page-1 ez-toc-heading-level-3'><a class=\"ez-toc-link ez-toc-heading-7\" href=\"https:\/\/www.turna.com\/blog\/meis-adasi-gezilecek-yerler-en-guzel-8-yer\/#paleokastro_eski_kale\" >Paleokastro (Eski Kale)<\/a><\/li><li class='ez-toc-page-1 ez-toc-heading-level-3'><a class=\"ez-toc-link ez-toc-heading-8\" href=\"https:\/\/www.turna.com\/blog\/meis-adasi-gezilecek-yerler-en-guzel-8-yer\/#likya_mezari\" >Likya Mezar\u0131<\/a><\/li><li class='ez-toc-page-1 ez-toc-heading-level-3'><a class=\"ez-toc-link ez-toc-heading-9\" href=\"https:\/\/www.turna.com\/blog\/meis-adasi-gezilecek-yerler-en-guzel-8-yer\/#castellorizo_kalesi\" >Castellorizo Kalesi<\/a><\/li><li class='ez-toc-page-1 ez-toc-heading-level-3'><a class=\"ez-toc-link ez-toc-heading-10\" href=\"https:\/\/www.turna.com\/blog\/meis-adasi-gezilecek-yerler-en-guzel-8-yer\/#mandraki_beach\" >Mandraki Beach<\/a><\/li><\/ul><\/li><li class='ez-toc-page-1 ez-toc-heading-level-2'><a class=\"ez-toc-link ez-toc-heading-11\" href=\"https:\/\/www.turna.com\/blog\/meis-adasi-gezilecek-yerler-en-guzel-8-yer\/#meis_adasina_nasil_gidilir\" >Meis Adas\u0131&#8217;na Nas\u0131l Gidilir?<\/a><\/li><\/ul><\/nav><\/div>\n\n\n\n\n<iframe src=\"https:\/\/www.google.com\/maps\/d\/u\/1\/embed?mid=1L4q0JexVvGOEhRtbuuI3JO7aZ7YI2yk&#038;ehbc=2E312F\" width=\"640\" height=\"480\"><\/iframe>\n\n\n\n<p><strong>Meis Adas\u0131 Gezilecek Yerler Listesi<\/strong><\/p>\n\n\n\n<ol class=\"wp-block-list\">\n<li>Mavi Ma\u011fara (Blue Cave)<\/li>\n\n\n\n<li>Osmanl\u0131 Camii<\/li>\n\n\n\n<li>Saint George of the Mountain Kilisesi<\/li>\n\n\n\n<li>Arkeoloji M\u00fczesi<\/li>\n\n\n\n<li>Paleokastro (Eski Kale)<\/li>\n\n\n\n<li>Likya Mezar\u0131<\/li>\n\n\n\n<li>Castellorizo Kalesi<\/li>\n\n\n\n<li>Mandraki Beach<\/li>\n<\/ol>\n\n\n\n<h2 class=\"wp-block-heading has-text-align-center has-neeon-button-dark-gray-color has-text-color has-link-color wp-elements-4588dc0341bc990fb5347cc118070c39\"><span class=\"ez-toc-section\" id=\"meiste_gezilecek_yerler\"><\/span><strong>Meis&#8217;te Gezilecek Yerler<\/strong><span class=\"ez-toc-section-end\"><\/span><\/h2>\n\n\n\n<figure class=\"wp-block-image size-large\"><img width=\"800\" height=\"500\" decoding=\"async\" src=\"data:image\/svg+xml;base64,PHN2ZyB4bWxucz0iaHR0cDovL3d3dy53My5vcmcvMjAwMC9zdmciIHdpZHRoPSI4MDAiIGhlaWdodD0iNTAwIj48cmVjdCB3aWR0aD0iMTAwJSIgaGVpZ2h0PSIxMDAlIj48YW5pbWF0ZSBhdHRyaWJ1dGVOYW1lPSJmaWxsIiB2YWx1ZXM9InJnYmEoMTUzLDE1MywxNTMsMC41KTtyZ2JhKDE1MywxNTMsMTUzLDAuMSk7cmdiYSgxNTMsMTUzLDE1MywwLjUpIiBkdXI9IjJzIiByZXBlYXRDb3VudD0iaW5kZWZpbml0ZSIgLz48L3JlY3Q+PC9zdmc+\" alt=\"Meis adas\u0131 gezilecek yerler\" data-public-id=\"wordpress-contents\/Meis_adas\u0131_gezilecek_yerler\/Meis_adas\u0131_gezilecek_yerler.jpg\" class=\"wp-post-22618 wp-image-22619\" data-format=\"jpg\" data-transformations=\"f_auto,q_auto:low\" data-version=\"1716469745\" data-seo=\"1\" data-size=\"800 500\" data-srcset=\"https:\/\/res.cloudinary.com\/turna\/images\/f_auto,q_auto:low\/v1716469745\/wordpress-contents\/Meis_adas\u0131_gezilecek_yerler\/Meis_adas\u0131_gezilecek_yerler.jpg?_i=AA 800w, https:\/\/res.cloudinary.com\/turna\/images\/w_300,h_188,c_scale\/f_auto,q_auto:low\/v1716469745\/wordpress-contents\/Meis_adas\u0131_gezilecek_yerler\/Meis_adas\u0131_gezilecek_yerler.jpg?_i=AA 300w, https:\/\/res.cloudinary.com\/turna\/images\/w_672,h_420,c_scale\/f_auto,q_auto:low\/v1716469745\/wordpress-contents\/Meis_adas\u0131_gezilecek_yerler\/Meis_adas\u0131_gezilecek_yerler.jpg?_i=AA 672w, https:\/\/res.cloudinary.com\/turna\/images\/w_640,h_400,c_scale\/f_auto,q_auto:low\/v1716469745\/wordpress-contents\/Meis_adas\u0131_gezilecek_yerler\/Meis_adas\u0131_gezilecek_yerler.jpg?_i=AA 640w, https:\/\/res.cloudinary.com\/turna\/images\/w_681,h_426,c_scale\/f_auto,q_auto:low\/v1716469745\/wordpress-contents\/Meis_adas\u0131_gezilecek_yerler\/Meis_adas\u0131_gezilecek_yerler.jpg?_i=AA 681w\" data-sizes=\"(max-width: 800px) 100vw, 800px\" data-delivery=\"upload\" onload=\";window.CLDBind?CLDBind(this):null;\" data-cloudinary=\"lazy\" \/><\/figure>\n\n\n\n<p>Meis Adas\u0131, tarihi boyunca pek \u00e7ok medeniyete ev sahipli\u011fi yapm\u0131\u015f, adeta bir k\u00fclt\u00fcr mozai\u011fi! Adan\u0131n tarihine dalarak, antik d\u00f6nemlerden Rodos \u015e\u00f6valyeleri\u2019ne, Osmanl\u0131 \u0130mparatorlu\u011fu\u2019ndan \u0130talyan hakimiyetine kadar uzanan zengin ge\u00e7mi\u015fini ke\u015ffedebilirsiniz. Paleokastro, yani Eski Kale, bu tarihin en etkileyici izlerinden biri. Kaleye \u00e7\u0131karak hem adan\u0131n panoramik manzaras\u0131n\u0131n tad\u0131n\u0131 \u00e7\u0131karabilir hem de tarihin derinliklerinde bir yolculu\u011fa \u00e7\u0131kabilirsiniz. Arkeoloji M\u00fczesi ise, Meis\u2019in ge\u00e7mi\u015fine \u0131\u015f\u0131k tutan eserlerle dolu. Burada dola\u015f\u0131rken kendinizi tarihin sayfalar\u0131nda kaybolmu\u015f gibi hissedeceksiniz.<\/p>\n\n\n\n<p>Meis Adas\u0131 gezilecek yerler listesinde e\u011flence ve macera dolu aktiviteler de var! Tekne turuna kat\u0131labilir, rengarenk neoklasik evlerle \u00e7evrili sokaklarda dola\u015f\u0131p, yerel d\u00fckkanlarda al\u0131\u015fveri\u015f yapabilir ve taze deniz \u00fcr\u00fcnlerinin tad\u0131na bakabilirsiniz. Ak\u015famlar\u0131 ise, a\u00e7\u0131k hava sinemas\u0131nda y\u0131ld\u0131zlar\u0131n alt\u0131nda film izlemek bamba\u015fka bir deneyim sunuyor. Meis Adas\u0131, her an\u0131 dolu dolu ya\u015faman\u0131z i\u00e7in sizi bekliyor!<\/p>\n\n\n\n<h3 class=\"wp-block-heading has-text-align-center has-neeon-button-dark-gray-color has-text-color has-link-color wp-elements-cbafebb237e91bee47247dd4a9269558\"><span class=\"ez-toc-section\" id=\"mavi_magara_blue_cave\"><\/span><strong>Mavi Ma\u011fara (Blue Cave)<\/strong><span class=\"ez-toc-section-end\"><\/span><\/h3>\n\n\n\n<figure class=\"wp-block-image size-large\"><img decoding=\"async\" src=\"https:\/\/res.cloudinary.com\/turna\/image\/upload\/v1716469739\/wordpress-contents\/mavi_ma%C4%9Fara_meis.jpg\" alt=\"Meis adas\u0131 gezilecek yerler mavi ma\u011fara\"\/><\/figure>\n\n\n\n<p>Meis Adas\u0131&#8217;nda mutlaka g\u00f6r\u00fclmesi gereken yerlerin ba\u015f\u0131nda, b\u00fcy\u00fcleyici Mavi Ma\u011fara (Blue Cave) geliyor. Bu do\u011fal harika, sadece adan\u0131n de\u011fil, t\u00fcm Akdeniz&#8217;in en etkileyici yerlerinden biri! Ma\u011faraya k\u00fc\u00e7\u00fck teknelerle yap\u0131lan heyecan verici bir yolculukla ula\u015f\u0131l\u0131yor. \u0130\u00e7eri girdi\u011finizde sizi kar\u015f\u0131layan manzara ise ger\u00e7ekten nefes kesici: Suyun yans\u0131mas\u0131yla ma\u011fara duvarlar\u0131nda dans eden b\u00fcy\u00fcl\u00fc mavi \u0131\u015f\u0131klar, sanki ba\u015fka bir d\u00fcnyaya ad\u0131m atm\u0131\u015fs\u0131n\u0131z gibi hissettiriyor. Ma\u011faran\u0131n i\u00e7indeki kristal berrakl\u0131\u011f\u0131ndaki su, her y\u00fczeyde parlayan turkuaz tonlar\u0131yla adeta bir do\u011fal \u0131\u015f\u0131k g\u00f6sterisi sunuyor. Bu e\u015fsiz deneyimi ya\u015farken, zaman\u0131n nas\u0131l ge\u00e7ti\u011fini anlamayacak ve bu b\u00fcy\u00fcl\u00fc anlar\u0131 haf\u0131zan\u0131za kaz\u0131yacaks\u0131n\u0131z.<\/p>\n\n\n\n<p>Konum <strong><a href=\"https:\/\/maps.app.goo.gl\/4jTtF2wmB6nsDdHV6\" target=\"_blank\" rel=\"noreferrer noopener\">burada.<\/a><\/strong><\/p>\n\n\n\n<h3 class=\"wp-block-heading has-text-align-center has-neeon-button-dark-gray-color has-text-color has-link-color wp-elements-df47071c1656758c6d7fcf498aaa1fb0\"><span class=\"ez-toc-section\" id=\"osmanli_camii\"><\/span><strong>Osmanl\u0131 Camii<\/strong><span class=\"ez-toc-section-end\"><\/span><\/h3>\n\n\n\n<figure class=\"wp-block-image size-large\"><img decoding=\"async\" src=\"https:\/\/res.cloudinary.com\/turna\/image\/upload\/v1716469742\/wordpress-contents\/osmanl%C4%B1_camii_meis.jpg\" alt=\"Meis adas\u0131 gezilecek yerler Osmanl\u0131 camii\"\/><\/figure>\n\n\n\n<p>Meis Adas\u0131&#8217;nda tarihin farkl\u0131 katmanlar\u0131n\u0131 ke\u015ffetmek istiyorsan\u0131z, Osmanl\u0131 Camii tam da u\u011framan\u0131z gereken yerlerden biri. Bu tarihi yap\u0131, adan\u0131n Osmanl\u0131 \u0130mparatorlu\u011fu d\u00f6nemindeki zengin ge\u00e7mi\u015fine tan\u0131kl\u0131k ediyor. 18. y\u00fczy\u0131lda in\u015fa edilen cami, bir zamanlar Meis&#8217;te ya\u015fayan Osmanl\u0131 toplulu\u011funun ibadet merkeziymi\u015f.<\/p>\n\n\n\n<p>Konum <strong><a href=\"https:\/\/maps.app.goo.gl\/zvpK2pH8D18KZga8A\" target=\"_blank\" rel=\"noreferrer noopener\">burada.<\/a><\/strong><\/p>\n\n\n\n<h3 class=\"wp-block-heading has-text-align-center has-neeon-button-dark-gray-color has-text-color has-link-color wp-elements-049f6967c433e45bd4e9a9f4933795ad\"><span class=\"ez-toc-section\" id=\"saint_george_of_the_mountain_kilisesi\"><\/span><strong><strong><strong>Saint George of the Mountain Kilisesi<\/strong><\/strong><\/strong><span class=\"ez-toc-section-end\"><\/span><\/h3>\n\n\n\n<figure class=\"wp-block-image size-large\"><img decoding=\"async\" src=\"https:\/\/res.cloudinary.com\/turna\/image\/upload\/v1716469746\/wordpress-contents\/Saint_George_of_the_Mountain_Kilisesi.jpg\" alt=\"Saint George of the Mountain Kilisesi\"\/><\/figure>\n\n\n\n<p>Meis Adas\u0131&#8217;n\u0131n y\u00fcksek tepelerinden birinde konumlanm\u0131\u015f olan Saint George of the Mountain Kilisesi, adeta g\u00f6ky\u00fcz\u00fcne dokunuyor! Bu tarihi ve dini yap\u0131, hem manzaras\u0131yla hem de huzur dolu atmosferiyle ziyaret\u00e7ilerini b\u00fcy\u00fcl\u00fcyor. Kiliseye ula\u015fmak i\u00e7in biraz t\u0131rmanman\u0131z gerekecek, ama merak etmeyin, buna kesinlikle de\u011fer! Yol boyunca do\u011fan\u0131n tad\u0131n\u0131 \u00e7\u0131kararak t\u0131rman\u0131rken, zirveye ula\u015ft\u0131\u011f\u0131n\u0131zda \u00f6d\u00fcl\u00fcn\u00fcz muhte\u015fem bir panoramik manzara olacak. Adan\u0131n ve \u00e7evresindeki denizin nefes kesen g\u00fczelli\u011fi, burada \u00e7ekti\u011finiz her foto\u011fraf\u0131 kartpostal kadar g\u00fczel yapacak.<\/p>\n\n\n\n<p>Konum <strong><a href=\"https:\/\/maps.app.goo.gl\/tquswV3DeFEjQVQf6\" target=\"_blank\" rel=\"noreferrer noopener\">burada.<\/a><\/strong><\/p>\n\n\n\n<h3 class=\"wp-block-heading has-text-align-center has-neeon-button-dark-gray-color has-text-color has-link-color wp-elements-c54c973d3d5b0278a8ac65e6e487cec6\"><span class=\"ez-toc-section\" id=\"arkeoloji_muzesi\"><\/span><strong>Arkeoloji M\u00fczesi<\/strong><span class=\"ez-toc-section-end\"><\/span><\/h3>\n\n\n\n<figure class=\"wp-block-image size-large\"><img decoding=\"async\" src=\"https:\/\/res.cloudinary.com\/turna\/image\/upload\/v1716469744\/wordpress-contents\/meis_arkeoloji_m%C3%BCze.jpg\" alt=\"Arkeoloji M\u00fczesi\"\/><\/figure>\n\n\n\n<p>Bu k\u00fc\u00e7\u00fck ama etkileyici m\u00fcze, adan\u0131n zengin ge\u00e7mi\u015fine dair pek \u00e7ok eseri bar\u0131nd\u0131r\u0131yor. Mandraki Liman\u0131 yak\u0131nlar\u0131nda, \u015firin bir binada yer alan m\u00fcze, antik d\u00f6nemlerden Osmanl\u0131 \u0130mparatorlu\u011fu&#8217;na kadar uzanan geni\u015f bir zaman dilimini kaps\u0131yor. Giri\u015fte sizi kar\u015f\u0131layan heykeller ve antik e\u015fyalar, ad\u0131m\u0131n\u0131z\u0131 atar atmaz tarihin tozlu sayfalar\u0131na s\u00fcr\u00fckleyecek. Eski sikkelerden, seramiklere, mezar ta\u015flar\u0131ndan mozaiklere kadar geni\u015f bir koleksiyonu inceleyebilirsiniz. \u00d6zellikle kaz\u0131larda bulunan g\u00fcnl\u00fck e\u015fyalar ve s\u00fcslemeler, adan\u0131n g\u00fcnl\u00fck ya\u015fam\u0131na dair ilgin\u00e7 ipu\u00e7lar\u0131 sunuyor.<\/p>\n\n\n\n<p>Konum <strong><a href=\"https:\/\/maps.app.goo.gl\/L9szCSBvi2QApXe86\" target=\"_blank\" rel=\"noreferrer noopener\">burada.<\/a><\/strong><\/p>\n\n\n\n<h3 class=\"wp-block-heading has-text-align-center has-neeon-button-dark-gray-color has-text-color has-link-color wp-elements-00c0ab7f6684be86b2f2943d1dfcfac3\"><span class=\"ez-toc-section\" id=\"paleokastro_eski_kale\"><\/span><strong><strong><strong><strong><strong>Paleokastro (Eski Kale)<\/strong><\/strong><\/strong><\/strong><\/strong><span class=\"ez-toc-section-end\"><\/span><\/h3>\n\n\n\n<figure class=\"wp-block-image size-large\"><img decoding=\"async\" src=\"https:\/\/res.cloudinary.com\/turna\/image\/upload\/v1716469745\/wordpress-contents\/Paleokastro_Eski_Kale.jpg\" alt=\"Paleokastro (Eski Kale)\"\/><\/figure>\n\n\n\n<p>Meis Adas\u0131&#8217;n\u0131n zirvesinde yer alan Paleokastro, tarih ve macera tutkunlar\u0131 i\u00e7in bir cennet! Eski Kale anlam\u0131na gelen Paleokastro, adan\u0131n en y\u00fcksek noktalar\u0131ndan birinde konumlanm\u0131\u015f ve ziyaret\u00e7ilerine hem tarihi bir yolculuk hem de muhte\u015fem manzaralar sunuyor. T\u0131rman\u0131\u015f biraz zorlu olabilir, ama biraz macera ruhu kime zarar verir ki? Zirveye ula\u015ft\u0131\u011f\u0131n\u0131zda, \u00f6n\u00fcn\u00fczde serilen Akdeniz&#8217;in b\u00fcy\u00fcleyici manzaras\u0131 ve adan\u0131n panoramik g\u00f6r\u00fcnt\u00fcs\u00fc, t\u00fcm yorgunlu\u011funuzu unutturacak. Paleokastro, Meis Adas\u0131 gezilecek yerler listenize mutlaka eklemeniz gereken bir durak.<\/p>\n\n\n\n<p>Konum <strong><a href=\"https:\/\/maps.app.goo.gl\/sCABpo5LEGygc1ux7\" target=\"_blank\" rel=\"noreferrer noopener\">burada.<\/a><\/strong><\/p>\n\n\n\n<h3 class=\"wp-block-heading has-text-align-center has-neeon-button-dark-gray-color has-text-color has-link-color wp-elements-36d00338bd727a7340b0a3c3d3050d28\"><span class=\"ez-toc-section\" id=\"likya_mezari\"><\/span><strong><strong><strong><strong><strong><strong><strong>Likya Mezar\u0131<\/strong><\/strong><\/strong><\/strong><\/strong><\/strong><\/strong><span class=\"ez-toc-section-end\"><\/span><\/h3>\n\n\n\n<figure class=\"wp-block-image size-large\"><img decoding=\"async\" src=\"https:\/\/res.cloudinary.com\/turna\/image\/upload\/v1716469740\/wordpress-contents\/likya_mezar%C4%B1_meis.jpg\" alt=\"Likya Mezar\u0131\"\/><\/figure>\n\n\n\n<p>Meis Adas\u0131&#8217;n\u0131n en mistik ve b\u00fcy\u00fcleyici duraklar\u0131ndan biri de Likya Mezar\u0131! Adan\u0131n tarih kokan patikalar\u0131nda gezinirken, bir anda kar\u015f\u0131n\u0131za \u00e7\u0131kan bu antik mezar, sizi binlerce y\u0131l \u00f6ncesine g\u00f6t\u00fcrecek. Kayalara oyulmu\u015f bu etkileyici yap\u0131, Likya medeniyetinin izlerini ta\u015f\u0131yor ve adeta bir a\u00e7\u0131k hava m\u00fczesi gibi. Likya Mezar\u0131&#8217;n\u0131n detayl\u0131 i\u015f\u00e7ili\u011fi ve zamana meydan okuyan yap\u0131s\u0131, tarih merakl\u0131lar\u0131 i\u00e7in tam bir hazine.<\/p>\n\n\n\n<p>Konum <strong><a href=\"https:\/\/maps.app.goo.gl\/Rbe926mr3mQfFdjv9\" target=\"_blank\" rel=\"noreferrer noopener\">burada.<\/a><\/strong><\/p>\n\n\n\n<h3 class=\"wp-block-heading has-text-align-center has-neeon-button-dark-gray-color has-text-color has-link-color wp-elements-46d534d76c7c2ffd58c51b91412ab1c9\"><span class=\"ez-toc-section\" id=\"castellorizo_kalesi\"><\/span><strong><strong><strong><strong><strong><strong><strong><strong>Castellorizo Kalesi<\/strong><\/strong><\/strong><\/strong><\/strong><\/strong><\/strong><\/strong><span class=\"ez-toc-section-end\"><\/span><\/h3>\n\n\n\n<figure class=\"wp-block-image size-large\"><img decoding=\"async\" src=\"https:\/\/res.cloudinary.com\/turna\/image\/upload\/v1716469735\/wordpress-contents\/Castellorizo_Kalesi.jpg\" alt=\"Castellorizo Kalesi\"\/><\/figure>\n\n\n\n<p>Meis Adas\u0131&#8217;n\u0131n ta\u00e7land\u0131r\u0131lm\u0131\u015f incisi, Castellorizo Kalesi! Adan\u0131n tarihini y\u00fckseklerden seyretmek isteyenler i\u00e7in bu kale, adeta bir kutsal mabed gibi. 14. y\u00fczy\u0131lda Rodos \u015e\u00f6valyeleri taraf\u0131ndan in\u015fa edilen bu ihti\u015faml\u0131 kale, adan\u0131n tarihi ve k\u00fclt\u00fcrel miras\u0131n\u0131 g\u00fcn\u00fcm\u00fcze ta\u015f\u0131yor. Kaleye \u00e7\u0131kt\u0131\u011f\u0131n\u0131zda, adan\u0131n ve \u00e7evresindeki Ege Denizi&#8217;nin g\u00f6rkemli manzaras\u0131na kar\u015f\u0131 nefesinizi kesecek bir manzara sizi bekliyor olacak. Hem tarih hem de manzara tutkunlar\u0131 i\u00e7in adeta bir cennet olan Castellorizo Kalesi, Meis Adas\u0131&#8217;n\u0131 ziyaret eden herkesin g\u00f6rmesi gereken bir yer.<\/p>\n\n\n\n<p>Konum <strong><a href=\"https:\/\/maps.app.goo.gl\/yLP5bd3DshmUN8of9\" target=\"_blank\" rel=\"noreferrer noopener\">burada.<\/a><\/strong><\/p>\n\n\n\n<h3 class=\"wp-block-heading has-text-align-center has-neeon-button-dark-gray-color has-text-color has-link-color wp-elements-9c474c68a303411d0e2fd04624c17d19\"><span class=\"ez-toc-section\" id=\"mandraki_beach\"><\/span><strong><strong><strong><strong><strong><strong><strong><strong><strong>Mandraki Beach<\/strong><\/strong><\/strong><\/strong><\/strong><\/strong><\/strong><\/strong><\/strong><span class=\"ez-toc-section-end\"><\/span><\/h3>\n\n\n\n<figure class=\"wp-block-image size-large\"><img decoding=\"async\" src=\"https:\/\/res.cloudinary.com\/turna\/image\/upload\/v1716469736\/wordpress-contents\/mandraki_meis.jpg\" alt=\"Mandraki Beach\"\/><\/figure>\n\n\n\n<p>Meis Adas\u0131&#8217;n\u0131n turkuaz sular\u0131nda serinlemek i\u00e7in en m\u00fckemmel mekanlardan biri olan Mandraki Beach, adeta bir yaz r\u00fcyas\u0131! Bu kumsal, kristal berrakl\u0131\u011f\u0131ndaki deniziyle ve yumu\u015fac\u0131k kumuyla sizi kar\u015f\u0131layacak. G\u00fcne\u015fin alt\u0131nda uzan\u0131rken, Ege&#8217;nin serin sular\u0131nda y\u00fczmenin keyfini \u00e7\u0131karabilir ve kumsalda g\u00fcne\u015flenirken mavi g\u00f6ky\u00fcz\u00fcn\u00fcn alt\u0131nda huzur bulabilirsiniz. Mandraki Beach, s\u0131cak bir yaz g\u00fcn\u00fcnde bile serin kalman\u0131z\u0131 sa\u011flayacak, size unutulmaz bir plaj deneyimi sunacak ve Meis Adas\u0131 gezilecek yerler listesindeki en g\u00f6zde duraklardan biri olacak!<\/p>\n\n\n\n<p>Konum <strong><a href=\"https:\/\/maps.app.goo.gl\/TDKj3Z3k2sbnwqhP9\" target=\"_blank\" rel=\"noreferrer noopener\">burada.<\/a><\/strong><\/p>\n\n\n\n<h2 class=\"wp-block-heading has-text-align-center has-neeon-button-dark-gray-color has-text-color has-link-color wp-elements-ca37d7829baeef9d8c42a650cc3ab310\"><span class=\"ez-toc-section\" id=\"meis_adasina_nasil_gidilir\"><\/span><strong>Meis Adas\u0131&#8217;na Nas\u0131l Gidilir?<\/strong><span class=\"ez-toc-section-end\"><\/span><\/h2>\n\n\n\n<figure class=\"wp-block-image size-large\"><img decoding=\"async\" src=\"https:\/\/res.cloudinary.com\/turna\/image\/upload\/v1716469745\/wordpress-contents\/meis_adas%C4%B1na_nas%C4%B1l_gidilir.jpg\" alt=\"\"\/><\/figure>\n\n\n\n<p>Ka\u015f Liman\u0131&#8217;ndan d\u00fczenlenen feribot seferleriyle Meis Adas\u0131&#8217;na ula\u015fmak m\u00fcmk\u00fcn. Ka\u015f, Antalya&#8217;n\u0131n bat\u0131s\u0131nda yer alan ve sahil kasabas\u0131 olarak \u00fcnlenmi\u015f bir destinasyon. Buradan Meis Adas\u0131&#8217;na olan feribot seferleri, genellikle sabah saatlerinde ba\u015fl\u0131yor ve g\u00fcn boyunca d\u00fczenli aral\u0131klarla devam ediyor.<\/p>\n\n\n\n<p>Feribot yolculu\u011fu yakla\u015f\u0131k 20-30 dakika s\u00fcr\u00fcyor ve muhte\u015fem Ege Denizi manzaras\u0131 e\u015fli\u011finde keyifli bir deniz yolculu\u011fu sunuyor. Feribotun Meis Adas\u0131&#8217;ndaki limana var\u0131\u015f\u0131yla birlikte, adan\u0131n renkli ve neoklasik tarzdaki evleri sizi kar\u015f\u0131l\u0131yor. Pasaport kontrol\u00fc i\u00e7in ad\u0131m att\u0131\u011f\u0131n\u0131z limanda, Yunanistan g\u00fcmr\u00fck ve vize i\u015flemleri yap\u0131l\u0131yor ve sonras\u0131nda ada sizi bekliyor.<\/p>\n\n\n\n<p><strong><a href=\"https:\/\/www.turna.com\/feribot-bileti?swcfpc=1\" target=\"_blank\" rel=\"noreferrer noopener\">Feribot bileti&nbsp;<\/a><\/strong>sat\u0131n almak i\u00e7in Turna.com\u2019u ziyaret edin.<\/p>\n\n\n\n<p><strong><a href=\"https:\/\/www.turna.com\/blog\/feribot-bileti-turna-comda?swcfpc=1\" target=\"_blank\" rel=\"noreferrer noopener\">Feribot Bileti Turna.com\u2019da!<\/a><\/strong><\/p>\n\n\n\n<p><strong><a href=\"https:\/\/www.turna.com\/blog\/feribotla-gidilen-yunan-adalari?swcfpc=1\" target=\"_blank\" rel=\"noreferrer noopener\">Feribotla Gidilen Yunan Adalar\u0131 | 2024 G\u00fcncel Liste<\/a><\/strong><\/p>\n\n\n\n<p><strong><a href=\"https:\/\/www.turna.com\/blog\/kalimnos-adasi-gezilecek-yerler?swcfpc=1\" target=\"_blank\" rel=\"noreferrer noopener\">Kalimnos Adas\u0131 Gezilecek Yerler<\/a><\/strong><\/p>\n\n\n\n<p><strong><a href=\"https:\/\/www.turna.com\/blog\/samos-adasi-gezilecek-yerler-11-harika-yer?swcfpc=1\" target=\"_blank\" rel=\"noreferrer noopener\">Samos Adas\u0131 Gezilecek Yerler: 11 Harika Yer<\/a><\/strong><\/p>\n\n\n\n<p><strong><a href=\"https:\/\/www.turna.com\/blog\/feribot-seyahati-yapmanin-ipuclari?swcfpc=1\" target=\"_blank\" rel=\"noreferrer noopener\">Feribot Seyahati Yapman\u0131n \u0130pu\u00e7lar\u0131<\/a><\/strong><\/p>\n\n    <div class=\"xs_social_share_widget xs_share_url after_content \t\tmain_content  wslu-style-1 wslu-share-box-shaped wslu-fill-colored wslu-none wslu-share-horizontal wslu-theme-font-no wslu-main_content\">\n\n\t\t\n        <ul>\n\t\t\t        <\/ul>\n    <\/div> \n","protected":false},"excerpt":{"rendered":"<p>Ege Denizi&#8217;nin sakin sular\u0131nda, Yunanistan&#8217;\u0131n en do\u011fusunda yer alan Meis Adas\u0131, bir tatilden bekledi\u011finiz her \u015feyi sunuyor! Renkli neoklasik evlerin s\u00fcsledi\u011fi liman\u0131ndan b\u00fcy\u00fcleyici Mavi Ma\u011faras\u0131&#8217;na kadar her k\u00f6\u015fesi ke\u015ffedilmeyi bekleyen bir cennet. Meis Adas\u0131 gezilecek yerler listemizde, bu \u015firin adan\u0131n sakl\u0131 hazinelerini ve tarihi zenginliklerini sizlere tan\u0131taca\u011f\u0131z. Haz\u0131rsan\u0131z, bu k\u00fc\u00e7\u00fck ama etkileyici adada unutulmaz bir yolculu\u011fa \u00e7\u0131kal\u0131m!<\/p>\n","protected":false},"author":34,"featured_media":22619,"comment_status":"open","ping_status":"open","sticky":false,"template":"","format":"standard","meta":{"rop_custom_images_group":[],"rop_custom_messages_group":[],"rop_publish_now":"initial","rop_publish_now_accounts":[],"rop_publish_now_history":[],"rop_publish_now_status":"pending","_cloudinary_featured_overwrite":false,"footnotes":""},"categories":[18],"tags":[1803,272],"class_list":["post-22618","post","type-post","status-publish","format-standard","has-post-thumbnail","hentry","category-yunanistan","tag-meis","tag-yunan-adalari"],"_links":{"self":[{"href":"https:\/\/www.turna.com\/blog\/wp-json\/wp\/v2\/posts\/22618","targetHints":{"allow":["GET"]}}],"collection":[{"href":"https:\/\/www.turna.com\/blog\/wp-json\/wp\/v2\/posts"}],"about":[{"href":"https:\/\/www.turna.com\/blog\/wp-json\/wp\/v2\/types\/post"}],"author":[{"embeddable":true,"href":"https:\/\/www.turna.com\/blog\/wp-json\/wp\/v2\/users\/34"}],"replies":[{"embeddable":true,"href":"https:\/\/www.turna.com\/blog\/wp-json\/wp\/v2\/comments?post=22618"}],"version-history":[{"count":0,"href":"https:\/\/www.turna.com\/blog\/wp-json\/wp\/v2\/posts\/22618\/revisions"}],"wp:featuredmedia":[{"embeddable":true,"href":"https:\/\/www.turna.com\/blog\/wp-json\/wp\/v2\/media\/22619"}],"wp:attachment":[{"href":"https:\/\/www.turna.com\/blog\/wp-json\/wp\/v2\/media?parent=22618"}],"wp:term":[{"taxonomy":"category","embeddable":true,"href":"https:\/\/www.turna.com\/blog\/wp-json\/wp\/v2\/categories?post=22618"},{"taxonomy":"post_tag","embeddable":true,"href":"https:\/\/www.turna.com\/blog\/wp-json\/wp\/v2\/tags?post=22618"}],"curies":[{"name":"wp","href":"https:\/\/api.w.org\/{rel}","templated":true}]}}