{"id":22585,"date":"2025-06-23T11:20:39","date_gmt":"2025-06-23T08:20:39","guid":{"rendered":"https:\/\/www.turna.com\/blog\/?p=22585"},"modified":"2026-01-02T15:43:23","modified_gmt":"2026-01-02T12:43:23","slug":"feribotla-gidilen-yunan-adalari","status":"publish","type":"post","link":"https:\/\/www.turna.com\/blog\/feribotla-gidilen-yunan-adalari","title":{"rendered":"Feribotla Gidilen Yunan Adalar\u0131 | 2026 G\u00fcncel Liste"},"content":{"rendered":"\n<p>Heyecan verici bir tatil plan\u0131 yapmaya ne dersiniz? 2026 y\u0131l\u0131nda <strong>feribotla gidilen Yunan adalar\u0131<\/strong>, sizi mistik tarih, s\u0131cak g\u00fcne\u015f ve berrak sularla dolu bir maceraya davet ediyor. Ege&#8217;nin serin sular\u0131nda kaybolmak, antik Yunan mitolojisinin izlerini takip etmek ve lezzetli yerel yemeklerin tad\u0131n\u0131 \u00e7\u0131karmak i\u00e7in daha iyi bir zaman olamazd\u0131. Yunan adalar\u0131 maceras\u0131na haz\u0131rsan\u0131z feribot biletlerinizi al\u0131n ve bu b\u00fcy\u00fcl\u00fc yolculu\u011fa \u00e7\u0131k\u0131n!<\/p>\n\n\n\n<h2 class=\"wp-block-heading has-text-align-center has-neeon-button-dark-gray-color has-text-color has-link-color wp-elements-25d4b0fdb5cabd0b24b41306cadf0df7\"><span class=\"ez-toc-section\" id=\"turkiyeden_feribotla_gidilebilen_yunan_adalari\"><\/span><strong><strong><strong><strong>T\u00fcrkiye&#8217;den Feribotla Gidilebilen Yunan Adalar\u0131<\/strong><\/strong><\/strong><\/strong><span class=\"ez-toc-section-end\"><\/span><\/h2><div id=\"ez-toc-container\" class=\"ez-toc-v2_0_82_2 counter-hierarchy ez-toc-counter ez-toc-black ez-toc-container-direction\">\n<div class=\"ez-toc-title-container\">\n<p class=\"ez-toc-title\" style=\"cursor:inherit\">\u0130\u00e7indekiler<\/p>\n<span class=\"ez-toc-title-toggle\"><a href=\"#\" class=\"ez-toc-pull-right ez-toc-btn ez-toc-btn-xs ez-toc-btn-default ez-toc-toggle\" aria-label=\"\u0130\u00e7indekiler Tablosunu A\u00e7\/Kapat\"><span class=\"ez-toc-js-icon-con\"><span class=\"\"><span class=\"eztoc-hide\" style=\"display:none;\">Toggle<\/span><span class=\"ez-toc-icon-toggle-span\"><svg style=\"fill: #ffffff;color:#ffffff\" xmlns=\"http:\/\/www.w3.org\/2000\/svg\" class=\"list-377408\" width=\"20px\" height=\"20px\" viewBox=\"0 0 24 24\" fill=\"none\"><path d=\"M6 6H4v2h2V6zm14 0H8v2h12V6zM4 11h2v2H4v-2zm16 0H8v2h12v-2zM4 16h2v2H4v-2zm16 0H8v2h12v-2z\" fill=\"currentColor\"><\/path><\/svg><svg style=\"fill: #ffffff;color:#ffffff\" class=\"arrow-unsorted-368013\" xmlns=\"http:\/\/www.w3.org\/2000\/svg\" width=\"10px\" height=\"10px\" viewBox=\"0 0 24 24\" version=\"1.2\" baseProfile=\"tiny\"><path d=\"M18.2 9.3l-6.2-6.3-6.2 6.3c-.2.2-.3.4-.3.7s.1.5.3.7c.2.2.4.3.7.3h11c.3 0 .5-.1.7-.3.2-.2.3-.5.3-.7s-.1-.5-.3-.7zM5.8 14.7l6.2 6.3 6.2-6.3c.2-.2.3-.5.3-.7s-.1-.5-.3-.7c-.2-.2-.4-.3-.7-.3h-11c-.3 0-.5.1-.7.3-.2.2-.3.5-.3.7s.1.5.3.7z\"\/><\/svg><\/span><\/span><\/span><\/a><\/span><\/div>\n<nav><ul class='ez-toc-list ez-toc-list-level-1 eztoc-toggle-hide-by-default' ><li class='ez-toc-page-1 ez-toc-heading-level-2'><a class=\"ez-toc-link ez-toc-heading-1\" href=\"https:\/\/www.turna.com\/blog\/feribotla-gidilen-yunan-adalari\/#turkiyeden_feribotla_gidilebilen_yunan_adalari\" >T\u00fcrkiye&#8217;den Feribotla Gidilebilen Yunan Adalar\u0131<\/a><ul class='ez-toc-list-level-3' ><li class='ez-toc-heading-level-3'><a class=\"ez-toc-link ez-toc-heading-2\" href=\"https:\/\/www.turna.com\/blog\/feribotla-gidilen-yunan-adalari\/#kos_istankoy\" >Kos (\u0130stank\u00f6y)<\/a><\/li><li class='ez-toc-page-1 ez-toc-heading-level-3'><a class=\"ez-toc-link ez-toc-heading-3\" href=\"https:\/\/www.turna.com\/blog\/feribotla-gidilen-yunan-adalari\/#rodos\" >Rodos<\/a><\/li><li class='ez-toc-page-1 ez-toc-heading-level-3'><a class=\"ez-toc-link ez-toc-heading-4\" href=\"https:\/\/www.turna.com\/blog\/feribotla-gidilen-yunan-adalari\/#sakiz_adasi_chios\" >Sak\u0131z Adas\u0131 (Chios)<\/a><\/li><li class='ez-toc-page-1 ez-toc-heading-level-3'><a class=\"ez-toc-link ez-toc-heading-5\" href=\"https:\/\/www.turna.com\/blog\/feribotla-gidilen-yunan-adalari\/#midilli_lesvos\" >Midilli (Lesvos)<\/a><\/li><li class='ez-toc-page-1 ez-toc-heading-level-3'><a class=\"ez-toc-link ez-toc-heading-6\" href=\"https:\/\/www.turna.com\/blog\/feribotla-gidilen-yunan-adalari\/#samos_sisam\" >Samos (Sisam)<\/a><\/li><li class='ez-toc-page-1 ez-toc-heading-level-3'><a class=\"ez-toc-link ez-toc-heading-7\" href=\"https:\/\/www.turna.com\/blog\/feribotla-gidilen-yunan-adalari\/#leros_ileryoz\" >Leros (\u0130leryoz)<\/a><\/li><li class='ez-toc-page-1 ez-toc-heading-level-3'><a class=\"ez-toc-link ez-toc-heading-8\" href=\"https:\/\/www.turna.com\/blog\/feribotla-gidilen-yunan-adalari\/#kalimnos\" >Kalimnos<\/a><\/li><li class='ez-toc-page-1 ez-toc-heading-level-3'><a class=\"ez-toc-link ez-toc-heading-9\" href=\"https:\/\/www.turna.com\/blog\/feribotla-gidilen-yunan-adalari\/#patmos\" >Patmos<\/a><\/li><li class='ez-toc-page-1 ez-toc-heading-level-3'><a class=\"ez-toc-link ez-toc-heading-10\" href=\"https:\/\/www.turna.com\/blog\/feribotla-gidilen-yunan-adalari\/#symi_sombeki\" >Symi (S\u00f6mbeki)<\/a><\/li><li class='ez-toc-page-1 ez-toc-heading-level-3'><a class=\"ez-toc-link ez-toc-heading-11\" href=\"https:\/\/www.turna.com\/blog\/feribotla-gidilen-yunan-adalari\/#meis\" >Meis<\/a><\/li><\/ul><\/li><li class='ez-toc-page-1 ez-toc-heading-level-2'><a class=\"ez-toc-link ez-toc-heading-12\" href=\"https:\/\/www.turna.com\/blog\/feribotla-gidilen-yunan-adalari\/#yunan_adalarinda_ne_yenir\" >Yunan Adalar\u0131\u2019nda Ne Yenir?<\/a><\/li><li class='ez-toc-page-1 ez-toc-heading-level-2'><a class=\"ez-toc-link ez-toc-heading-13\" href=\"https:\/\/www.turna.com\/blog\/feribotla-gidilen-yunan-adalari\/#sikca_sorulan_sorular\" >S\u0131k\u00e7a Sorulan Sorular<\/a><ul class='ez-toc-list-level-3' ><li class='ez-toc-heading-level-3'><a class=\"ez-toc-link ez-toc-heading-14\" href=\"https:\/\/www.turna.com\/blog\/feribotla-gidilen-yunan-adalari\/#bodrumdan_hangi_yunan_adalarina_feribot_var\" >Bodrum&#8217;dan hangi Yunan adalar\u0131na feribot var?<\/a><\/li><li class='ez-toc-page-1 ez-toc-heading-level-3'><a class=\"ez-toc-link ez-toc-heading-15\" href=\"https:\/\/www.turna.com\/blog\/feribotla-gidilen-yunan-adalari\/#bodrum-kos_feribot_bileti_kac_tl\" >Bodrum-Kos feribot bileti ka\u00e7 TL?<\/a><\/li><li class='ez-toc-page-1 ez-toc-heading-level-3'><a class=\"ez-toc-link ez-toc-heading-16\" href=\"https:\/\/www.turna.com\/blog\/feribotla-gidilen-yunan-adalari\/#hangi_yunan_adasina_feribot_var\" >Hangi Yunan adas\u0131na feribot var?<\/a><\/li><li class='ez-toc-page-1 ez-toc-heading-level-3'><a class=\"ez-toc-link ez-toc-heading-17\" href=\"https:\/\/www.turna.com\/blog\/feribotla-gidilen-yunan-adalari\/#bodrum-kos_adasi_feribot_kac_saat\" >Bodrum-Kos Adas\u0131 feribot ka\u00e7 saat?<\/a><\/li><\/ul><\/li><\/ul><\/nav><\/div>\n\n\n\n\n<figure class=\"wp-block-image size-large\"><img width=\"800\" height=\"500\" decoding=\"async\" src=\"data:image\/svg+xml;base64,PHN2ZyB4bWxucz0iaHR0cDovL3d3dy53My5vcmcvMjAwMC9zdmciIHdpZHRoPSI4MDAiIGhlaWdodD0iNTAwIj48cmVjdCB3aWR0aD0iMTAwJSIgaGVpZ2h0PSIxMDAlIj48YW5pbWF0ZSBhdHRyaWJ1dGVOYW1lPSJmaWxsIiB2YWx1ZXM9InJnYmEoMTUzLDE1MywxNTMsMC41KTtyZ2JhKDE1MywxNTMsMTUzLDAuMSk7cmdiYSgxNTMsMTUzLDE1MywwLjUpIiBkdXI9IjJzIiByZXBlYXRDb3VudD0iaW5kZWZpbml0ZSIgLz48L3JlY3Q+PC9zdmc+\" alt=\"Feribotla Gidilebilen Yunan Adalar\u0131\" data-public-id=\"wordpress-contents\/feribotla_gidilen_yunan_adalar\u0131\/feribotla_gidilen_yunan_adalar\u0131.jpg\" class=\"wp-post-22585 wp-image-22586\" data-format=\"jpg\" data-transformations=\"f_auto,q_auto:low\" data-version=\"1715112728\" data-seo=\"1\" data-size=\"800 500\" data-srcset=\"https:\/\/res.cloudinary.com\/turna\/images\/f_auto,q_auto:low\/v1715112728\/wordpress-contents\/feribotla_gidilen_yunan_adalar\u0131\/feribotla_gidilen_yunan_adalar\u0131.jpg?_i=AA 800w, https:\/\/res.cloudinary.com\/turna\/images\/w_300,h_188,c_scale\/f_auto,q_auto:low\/v1715112728\/wordpress-contents\/feribotla_gidilen_yunan_adalar\u0131\/feribotla_gidilen_yunan_adalar\u0131.jpg?_i=AA 300w, https:\/\/res.cloudinary.com\/turna\/images\/w_672,h_420,c_scale\/f_auto,q_auto:low\/v1715112728\/wordpress-contents\/feribotla_gidilen_yunan_adalar\u0131\/feribotla_gidilen_yunan_adalar\u0131.jpg?_i=AA 672w, https:\/\/res.cloudinary.com\/turna\/images\/w_640,h_400,c_scale\/f_auto,q_auto:low\/v1715112728\/wordpress-contents\/feribotla_gidilen_yunan_adalar\u0131\/feribotla_gidilen_yunan_adalar\u0131.jpg?_i=AA 640w, https:\/\/res.cloudinary.com\/turna\/images\/w_681,h_426,c_scale\/f_auto,q_auto:low\/v1715112728\/wordpress-contents\/feribotla_gidilen_yunan_adalar\u0131\/feribotla_gidilen_yunan_adalar\u0131.jpg?_i=AA 681w\" data-sizes=\"(max-width: 800px) 100vw, 800px\" data-delivery=\"upload\" onload=\";window.CLDBind?CLDBind(this):null;\" data-cloudinary=\"lazy\" \/><\/figure>\n\n\n\n<p>Feribotla gidilen Yunan adalar\u0131, ula\u015f\u0131m konusunda kolayl\u0131k sunmas\u0131ndan dolay\u0131 tatilcilerin favori destinasyonlar\u0131 aras\u0131nda yer al\u0131yor. Ege Denizi&#8217;nin dalgalar\u0131nda rahat bir yolculukla ula\u015fabilece\u011finiz bu adalar, her biri farkl\u0131 bir deneyim sunuyor. Rodos&#8217;un antik kal\u0131nt\u0131lar\u0131 ve tarih kokan atmosferi, Kos&#8217;un sakinli\u011fi, Symi&#8217;nin rengarenk evleri ile her biri kendine has deneyimler vadediyor. A\u015fa\u011f\u0131da hangi adalara feribot ile gidebilece\u011finizi, hangi adaya nereden feribot kalkt\u0131\u011f\u0131n\u0131 detayl\u0131ca anlataca\u011f\u0131m.<\/p>\n\n\n\n<p><strong>Not:<\/strong> Yunan Adalar\u0131 T\u00fcrk vatanda\u015flar\u0131ndan vize istiyor. Schengen vizesi ya da kap\u0131 vizesi ile bu adalara giri\u015f yapabilirsiniz. <strong><a href=\"https:\/\/www.turna.com\/blog\/yunanistan-kapi-vizesi-nedir?swcfpc=1\" target=\"_blank\" rel=\"noreferrer noopener\">Yunanistan Kap\u0131 Vizesi Nedir?<\/a><\/strong> ve <strong><a href=\"https:\/\/www.turna.com\/blog\/yunan-adalari-kapi-vizesi-nasil-alinir?swcfpc=1\" target=\"_blank\" rel=\"noreferrer noopener\">Yunan Adalar\u0131 Kap\u0131 Vizesi Nas\u0131l Al\u0131n\u0131r? <\/a><\/strong>yaz\u0131lar\u0131m\u0131za g\u00f6z atarak daha detayl\u0131 bilgi edinebilirsiniz.<\/p>\n\n\n\n<h3 class=\"wp-block-heading has-text-align-center has-neeon-button-dark-gray-color has-text-color has-link-color wp-elements-4d168387ee00ddc8ae129c1c23b178d6\"><span class=\"ez-toc-section\" id=\"kos_istankoy\"><\/span><strong><strong><strong><strong><strong>Kos (\u0130stank\u00f6y)<\/strong><\/strong><\/strong><\/strong><\/strong><span class=\"ez-toc-section-end\"><\/span><\/h3>\n\n\n\n<figure class=\"wp-block-image size-large\"><img decoding=\"async\" src=\"https:\/\/res.cloudinary.com\/turna\/image\/upload\/v1657007245\/kos_adas%C4%B1.jpg\" alt=\" Feribotla Gidilebilen Yunan Adalar\u0131 Kos\"\/><\/figure>\n\n\n\n<p><strong><a href=\"https:\/\/maps.app.goo.gl\/xTD97kiGADxGhrAF8\" target=\"_blank\" rel=\"noreferrer noopener\">Kos Adas\u0131<\/a><\/strong>, Ege&#8217;de bir cennet k\u00f6\u015fe! \u00dcstelik, tatil heyecan\u0131n\u0131za hemen hemen kap\u0131 \u00f6n\u00fcnden ba\u015flayabilirsiniz \u00e7\u00fcnk\u00fc Bodrum ve Turgutreis&#8217;ten feribotla ula\u015fmak son derece kolay. Hele bir de katamaran se\u00e7ene\u011fiyle yolculu\u011funuzu daha da h\u0131zland\u0131rarak 20 dakikada bu \u015firin adaya ula\u015fabilirsiniz. Kos&#8217;a vard\u0131\u011f\u0131n\u0131zda ise kar\u015f\u0131n\u0131za \u00e7\u0131kan manzara sizi b\u00fcy\u00fcleyecek. Beyaz badanal\u0131 evler, masmavi sular, tarihi yap\u0131lar ve keyifli plajlar\u2026 Her k\u00f6\u015fesi foto\u011fraf karesi gibi! \u0130ster antik kal\u0131nt\u0131lar\u0131 ke\u015ffedin, ister g\u00fcn boyu g\u00fcne\u015flenip denizin tad\u0131n\u0131 \u00e7\u0131kar\u0131n, Kos Adas\u0131 size unutulmaz bir tatil deneyimi sunmaya haz\u0131r!<\/p>\n\n\n\n<p><strong>Kos Adas\u0131&#8217;nda Mutlaka G\u00f6r\u00fclmesi Gereken Yerler<\/strong><\/p>\n\n\n\n<ul class=\"wp-block-list\">\n<li>Asklepion<\/li>\n\n\n\n<li>Neratzia Kalesi<\/li>\n\n\n\n<li>Hasanpa\u015fa Camii<\/li>\n\n\n\n<li>Hipokrat A\u011fac\u0131<\/li>\n\n\n\n<li>Eleftherias Meydan\u0131<\/li>\n\n\n\n<li>\u0130stank\u00f6y Antik Agora<\/li>\n\n\n\n<li>Zia K\u00f6y\u00fc<\/li>\n<\/ul>\n\n\n\n<p><strong>Nereden Gidilir: <\/strong>Bodrum ve Turgutreis&#8217;ten kalkan feribotlarla gidebilirsiniz.<\/p>\n\n\n\n<h3 class=\"wp-block-heading has-text-align-center has-neeon-button-dark-gray-color has-text-color has-link-color wp-elements-809a6ef8067c6815a309122d64155163\"><span class=\"ez-toc-section\" id=\"rodos\"><\/span><strong><strong><strong><strong><strong><strong><strong><strong>Rodos<\/strong><\/strong><\/strong><\/strong><\/strong><\/strong><\/strong><\/strong><span class=\"ez-toc-section-end\"><\/span><\/h3>\n\n\n\n<figure class=\"wp-block-image size-large\"><img width=\"800\" height=\"500\" decoding=\"async\" src=\"data:image\/svg+xml;base64,PHN2ZyB4bWxucz0iaHR0cDovL3d3dy53My5vcmcvMjAwMC9zdmciIHdpZHRoPSI4MDAiIGhlaWdodD0iNTAwIj48cmVjdCB3aWR0aD0iMTAwJSIgaGVpZ2h0PSIxMDAlIj48YW5pbWF0ZSBhdHRyaWJ1dGVOYW1lPSJmaWxsIiB2YWx1ZXM9InJnYmEoMTUzLDE1MywxNTMsMC41KTtyZ2JhKDE1MywxNTMsMTUzLDAuMSk7cmdiYSgxNTMsMTUzLDE1MywwLjUpIiBkdXI9IjJzIiByZXBlYXRDb3VudD0iaW5kZWZpbml0ZSIgLz48L3JlY3Q+PC9zdmc+\" alt=\"Feribotla Gidilebilen Yunan Adalar\u0131 Rodos\" data-public-id=\"mandraki-limani-rodos\/mandraki-limani-rodos.jpg\" class=\"wp-post-22585 wp-image-19677\" data-format=\"jpg\" data-transformations=\"f_auto,q_auto:low\" data-version=\"1628521832\" data-seo=\"1\" data-size=\"800 500\" data-srcset=\"https:\/\/res.cloudinary.com\/turna\/images\/f_auto,q_auto:low\/v1628521832\/mandraki-limani-rodos\/mandraki-limani-rodos.jpg?_i=AA 800w, https:\/\/res.cloudinary.com\/turna\/images\/w_300,h_188,c_scale\/f_auto,q_auto:low\/v1628521832\/mandraki-limani-rodos\/mandraki-limani-rodos.jpg?_i=AA 300w, https:\/\/res.cloudinary.com\/turna\/images\/w_672,h_420,c_scale\/f_auto,q_auto:low\/v1628521832\/mandraki-limani-rodos\/mandraki-limani-rodos.jpg?_i=AA 672w, https:\/\/res.cloudinary.com\/turna\/images\/w_640,h_400,c_scale\/f_auto,q_auto:low\/v1628521832\/mandraki-limani-rodos\/mandraki-limani-rodos.jpg?_i=AA 640w, https:\/\/res.cloudinary.com\/turna\/images\/w_681,h_426,c_scale\/f_auto,q_auto:low\/v1628521832\/mandraki-limani-rodos\/mandraki-limani-rodos.jpg?_i=AA 681w\" data-sizes=\"(max-width: 800px) 100vw, 800px\" data-delivery=\"upload\" onload=\";window.CLDBind?CLDBind(this):null;\" data-cloudinary=\"lazy\" \/><\/figure>\n\n\n\n<p>Rodos Adas\u0131, tarihi zenginli\u011fi ve do\u011fal g\u00fczellikleriyle Ege Denizi&#8217;nin incilerinden biri! Fethiye ve Marmaris&#8217;ten kalkan feribotlar sayesinde, bu masals\u0131 adaya kolayl\u0131kla ula\u015fabilirsiniz. Yolculu\u011funuz boyunca, Ege&#8217;nin serin sular\u0131nda keyifli bir yolculuk yaparken, heyecanla Rodos&#8217;un e\u015fsiz manzaralar\u0131n\u0131 hayal edin. Ada, antik \u00e7a\u011flardan kalma kaleleri, eski \u015fehri, muhte\u015fem plajlar\u0131 ve canl\u0131 gece hayat\u0131yla sizi b\u00fcy\u00fcleyecek. Unutulmaz g\u00fcn bat\u0131m\u0131 manzaralar\u0131, leziz Yunan mutfa\u011f\u0131 ve tarih kokan sokaklar\u0131yla Rodos Adas\u0131 harika bir destinasyon.<\/p>\n\n\n\n<p><strong>Rodos&#8217;ta Mutlaka G\u00f6r\u00fclmesi Gereken Yerler<\/strong><\/p>\n\n\n\n<ul class=\"wp-block-list\">\n<li>Hipokrat Meydan\u0131<\/li>\n\n\n\n<li>Street of the Knights of Rhodes<\/li>\n\n\n\n<li>Church of the Virgin of the Burgh<\/li>\n\n\n\n<li>Palace of the Grand Master of the Knights of Rhodes<\/li>\n\n\n\n<li>Kanuni Sultan S\u00fcleyman Camii<\/li>\n\n\n\n<li>Mandraki Liman\u0131 ve Yel De\u011firmenleri<\/li>\n\n\n\n<li>Anthony Quinn Bay<\/li>\n\n\n\n<li>Kelebekler Vadisi<\/li>\n<\/ul>\n\n\n\n<p><strong>Nereden Gidilir: <\/strong>Fethiye ve Marmaris&#8217;ten kalkan feribotlarla gidebilirsiniz.<\/p>\n\n\n\n<h3 class=\"wp-block-heading has-text-align-center has-neeon-button-dark-gray-color has-text-color has-link-color wp-elements-1f5de07a27fa040f6738e48953435b85\"><span class=\"ez-toc-section\" id=\"sakiz_adasi_chios\"><\/span><strong><strong><strong><strong><strong><strong><strong><strong>Sak\u0131z Adas\u0131 (Chios)<\/strong><\/strong><\/strong><\/strong><\/strong><\/strong><\/strong><\/strong><span class=\"ez-toc-section-end\"><\/span><\/h3>\n\n\n\n<figure class=\"wp-block-image size-large\"><img width=\"800\" height=\"500\" decoding=\"async\" src=\"data:image\/svg+xml;base64,PHN2ZyB4bWxucz0iaHR0cDovL3d3dy53My5vcmcvMjAwMC9zdmciIHdpZHRoPSI4MDAiIGhlaWdodD0iNTAwIj48cmVjdCB3aWR0aD0iMTAwJSIgaGVpZ2h0PSIxMDAlIj48YW5pbWF0ZSBhdHRyaWJ1dGVOYW1lPSJmaWxsIiB2YWx1ZXM9InJnYmEoMTUzLDE1MywxNTMsMC41KTtyZ2JhKDE1MywxNTMsMTUzLDAuMSk7cmdiYSgxNTMsMTUzLDE1MywwLjUpIiBkdXI9IjJzIiByZXBlYXRDb3VudD0iaW5kZWZpbml0ZSIgLz48L3JlY3Q+PC9zdmc+\" alt=\"Feribotla Gidilebilen Yunan Adalar\u0131 sak\u0131z adas\u0131\" data-public-id=\"sak\u0131z_adas\u0131\/sak\u0131z_adas\u0131.jpg\" class=\"wp-post-22585 wp-image-22583\" data-format=\"jpg\" data-transformations=\"f_auto,q_auto:low\" data-version=\"1657007245\" data-seo=\"1\" data-size=\"800 500\" data-srcset=\"https:\/\/res.cloudinary.com\/turna\/images\/f_auto,q_auto:low\/v1657007245\/sak\u0131z_adas\u0131\/sak\u0131z_adas\u0131.jpg?_i=AA 800w, https:\/\/res.cloudinary.com\/turna\/images\/w_300,h_188,c_scale\/f_auto,q_auto:low\/v1657007245\/sak\u0131z_adas\u0131\/sak\u0131z_adas\u0131.jpg?_i=AA 300w, https:\/\/res.cloudinary.com\/turna\/images\/w_672,h_420,c_scale\/f_auto,q_auto:low\/v1657007245\/sak\u0131z_adas\u0131\/sak\u0131z_adas\u0131.jpg?_i=AA 672w, https:\/\/res.cloudinary.com\/turna\/images\/w_640,h_400,c_scale\/f_auto,q_auto:low\/v1657007245\/sak\u0131z_adas\u0131\/sak\u0131z_adas\u0131.jpg?_i=AA 640w, https:\/\/res.cloudinary.com\/turna\/images\/w_681,h_426,c_scale\/f_auto,q_auto:low\/v1657007245\/sak\u0131z_adas\u0131\/sak\u0131z_adas\u0131.jpg?_i=AA 681w\" data-sizes=\"(max-width: 800px) 100vw, 800px\" data-delivery=\"upload\" onload=\";window.CLDBind?CLDBind(this):null;\" data-cloudinary=\"lazy\" \/><\/figure>\n\n\n\n<p><strong>\u00c7e\u015fme&#8217;den<\/strong>&nbsp;<strong>yunan<\/strong>&nbsp;<strong>adalar\u0131na nas\u0131l gidilir<\/strong> sorusunun cevab\u0131 Chios! Sak\u0131z Adas\u0131&#8217;n\u0131n kendine \u00f6zg\u00fc g\u00fczellikleri ise sizi adeta b\u00fcy\u00fcleyecek. Adan\u0131n pitoresk k\u00f6ylerinde kaybolabilir, muhte\u015fem plajlar\u0131nda g\u00fcne\u015flenip serin sular\u0131na dalabilirsiniz. Sak\u0131z a\u011fa\u00e7lar\u0131n\u0131n bolca bulundu\u011fu adada, taze sak\u0131z\u0131n tad\u0131na bakmak da unutulmaz bir deneyim olacak! Gece ise adan\u0131n hareketli atmosferinde yerel tavernalarda geleneksel m\u00fczikler e\u015fli\u011finde e\u011flenmeyi unutmay\u0131n. Sak\u0131z Adas\u0131, adeta bir masal diyar\u0131 gibi; ke\u015ffedilmeyi bekleyen bir\u00e7ok s\u00fcrprizle dolu! <\/p>\n\n\n\n<p><strong>Sak\u0131z Adas\u0131&#8217;nda Mutlaka G\u00f6r\u00fclmesi Gereken Yerler<\/strong><\/p>\n\n\n\n<ul class=\"wp-block-list\">\n<li>Mesta K\u00f6y\u00fc<\/li>\n\n\n\n<li>Pyrgi K\u00f6y\u00fc<\/li>\n\n\n\n<li>Nea Moni Manast\u0131r\u0131<\/li>\n\n\n\n<li>Kardamyla Plaj\u0131<\/li>\n\n\n\n<li>Kampos<\/li>\n<\/ul>\n\n\n\n<p><strong>Nereden Gidilir: <\/strong>\u0130zmir \u00c7e\u015fme&#8217;den kalkan feribotlarla gidebilirsiniz.<\/p>\n\n\n\n<h3 class=\"wp-block-heading has-text-align-center has-neeon-button-dark-gray-color has-text-color has-link-color wp-elements-6b071de2da66795b46aaea8604048474\"><span class=\"ez-toc-section\" id=\"midilli_lesvos\"><\/span><strong><strong><strong><strong><strong><strong><strong><strong>Midilli (Lesvos)<\/strong><\/strong><\/strong><\/strong><\/strong><\/strong><\/strong><\/strong><span class=\"ez-toc-section-end\"><\/span><\/h3>\n\n\n\n<figure class=\"wp-block-image size-large\"><img width=\"800\" height=\"500\" decoding=\"async\" src=\"data:image\/svg+xml;base64,PHN2ZyB4bWxucz0iaHR0cDovL3d3dy53My5vcmcvMjAwMC9zdmciIHdpZHRoPSI4MDAiIGhlaWdodD0iNTAwIj48cmVjdCB3aWR0aD0iMTAwJSIgaGVpZ2h0PSIxMDAlIj48YW5pbWF0ZSBhdHRyaWJ1dGVOYW1lPSJmaWxsIiB2YWx1ZXM9InJnYmEoMTUzLDE1MywxNTMsMC41KTtyZ2JhKDE1MywxNTMsMTUzLDAuMSk7cmdiYSgxNTMsMTUzLDE1MywwLjUpIiBkdXI9IjJzIiByZXBlYXRDb3VudD0iaW5kZWZpbml0ZSIgLz48L3JlY3Q+PC9zdmc+\" alt=\"midilli\" data-public-id=\"Midilli_doxi9i\/Midilli_doxi9i.jpg\" class=\"wp-post-22585 wp-image-13659\" data-format=\"jpg\" data-transformations=\"f_auto,q_auto:low\" data-version=\"1530268845\" data-seo=\"1\" data-size=\"800 500\" data-srcset=\"https:\/\/res.cloudinary.com\/turna\/images\/f_auto,q_auto:low\/v1530268845\/Midilli_doxi9i\/Midilli_doxi9i.jpg?_i=AA 800w, https:\/\/res.cloudinary.com\/turna\/images\/w_300,h_188,c_scale\/f_auto,q_auto:low\/v1530268845\/Midilli_doxi9i\/Midilli_doxi9i.jpg?_i=AA 300w, https:\/\/res.cloudinary.com\/turna\/images\/w_672,h_420,c_scale\/f_auto,q_auto:low\/v1530268845\/Midilli_doxi9i\/Midilli_doxi9i.jpg?_i=AA 672w, https:\/\/res.cloudinary.com\/turna\/images\/w_640,h_400,c_scale\/f_auto,q_auto:low\/v1530268845\/Midilli_doxi9i\/Midilli_doxi9i.jpg?_i=AA 640w, https:\/\/res.cloudinary.com\/turna\/images\/w_681,h_426,c_scale\/f_auto,q_auto:low\/v1530268845\/Midilli_doxi9i\/Midilli_doxi9i.jpg?_i=AA 681w\" data-sizes=\"(max-width: 800px) 100vw, 800px\" data-delivery=\"upload\" onload=\";window.CLDBind?CLDBind(this):null;\" data-cloudinary=\"lazy\" \/><\/figure>\n\n\n\n<p>Ayval\u0131k&#8217;tan kalkan feribotlar sayesinde, h\u0131zla Midilli&#8217;ye ula\u015fabilirsiniz. Bu sevimli adan\u0131n g\u00fczellikleri ise sizi adeta b\u00fcy\u00fcleyecek. Renkli liman\u0131, ta\u015f sokaklar\u0131 ve tarihi kaleleriyle Mytilene, adan\u0131n kalbinde sizi bekliyor olacak. Molyvos&#8217;un rengarenk ta\u015f evleri ve etkileyici kalesi, adeta bir masal k\u00f6y\u00fc gibi. Eftalou Kapl\u0131calar\u0131 ise s\u0131cak suyu ve do\u011fal g\u00fczelli\u011fiyle huzur dolu anlar ya\u015faman\u0131z\u0131 sa\u011flayacak. Midilli Adas\u0131, hem tarihi dokusuyla hem de do\u011fal g\u00fczellikleriyle adeta bir tatil cenneti!<\/p>\n\n\n\n<p><strong>Midilli&#8217;de Mutlaka G\u00f6r\u00fclmesi Gereken Yerler<\/strong><\/p>\n\n\n\n<ul class=\"wp-block-list\">\n<li>Mytilene<\/li>\n\n\n\n<li>Molyvos<\/li>\n\n\n\n<li>Petra Plaj\u0131<\/li>\n\n\n\n<li>Molivos Kalesi<\/li>\n\n\n\n<li>Eftalou Kapl\u0131calar\u0131<\/li>\n\n\n\n<li>Anaxos Plaj\u0131<\/li>\n<\/ul>\n\n\n\n<p><strong>Nereden Gidilir: <\/strong>Ayval\u0131k&#8217;tan kalkan feribotlarla gidebilirsiniz.<\/p>\n\n\n\n<h3 class=\"wp-block-heading has-text-align-center has-neeon-button-dark-gray-color has-text-color has-link-color wp-elements-827e397caa69d83504558ff994f715a0\"><span class=\"ez-toc-section\" id=\"samos_sisam\"><\/span><strong><strong><strong><strong><strong><strong><strong><strong>Samos (Sisam)<\/strong><\/strong><\/strong><\/strong><\/strong><\/strong><\/strong><\/strong><span class=\"ez-toc-section-end\"><\/span><\/h3>\n\n\n\n<figure class=\"wp-block-image size-large\"><img width=\"800\" height=\"500\" decoding=\"async\" src=\"data:image\/svg+xml;base64,PHN2ZyB4bWxucz0iaHR0cDovL3d3dy53My5vcmcvMjAwMC9zdmciIHdpZHRoPSI4MDAiIGhlaWdodD0iNTAwIj48cmVjdCB3aWR0aD0iMTAwJSIgaGVpZ2h0PSIxMDAlIj48YW5pbWF0ZSBhdHRyaWJ1dGVOYW1lPSJmaWxsIiB2YWx1ZXM9InJnYmEoMTUzLDE1MywxNTMsMC41KTtyZ2JhKDE1MywxNTMsMTUzLDAuMSk7cmdiYSgxNTMsMTUzLDE1MywwLjUpIiBkdXI9IjJzIiByZXBlYXRDb3VudD0iaW5kZWZpbml0ZSIgLz48L3JlY3Q+PC9zdmc+\" alt=\"samos\" data-public-id=\"Samos_siwlxb\/Samos_siwlxb.jpg\" class=\"wp-post-22585 wp-image-16072\" data-format=\"jpg\" data-transformations=\"f_auto,q_auto:low\" data-version=\"1559518891\" data-seo=\"1\" data-size=\"800 500\" data-srcset=\"https:\/\/res.cloudinary.com\/turna\/images\/f_auto,q_auto:low\/v1559518891\/Samos_siwlxb\/Samos_siwlxb.jpg?_i=AA 800w, https:\/\/res.cloudinary.com\/turna\/images\/w_300,h_188,c_scale\/f_auto,q_auto:low\/v1559518891\/Samos_siwlxb\/Samos_siwlxb.jpg?_i=AA 300w, https:\/\/res.cloudinary.com\/turna\/images\/w_672,h_420,c_scale\/f_auto,q_auto:low\/v1559518891\/Samos_siwlxb\/Samos_siwlxb.jpg?_i=AA 672w, https:\/\/res.cloudinary.com\/turna\/images\/w_640,h_400,c_scale\/f_auto,q_auto:low\/v1559518891\/Samos_siwlxb\/Samos_siwlxb.jpg?_i=AA 640w, https:\/\/res.cloudinary.com\/turna\/images\/w_681,h_426,c_scale\/f_auto,q_auto:low\/v1559518891\/Samos_siwlxb\/Samos_siwlxb.jpg?_i=AA 681w\" data-sizes=\"(max-width: 800px) 100vw, 800px\" data-delivery=\"upload\" onload=\";window.CLDBind?CLDBind(this):null;\" data-cloudinary=\"lazy\" \/><\/figure>\n\n\n\n<p>Ku\u015fadas\u0131 ve Seferihisar&#8217;dan kalkan feribotlarla ula\u015fabilece\u011finiz samos&#8217;a vard\u0131\u011f\u0131n\u0131zda, sizi benzersiz bir macera bekliyor olacak. Samos&#8217;un yemye\u015fil da\u011flar\u0131, masmavi denizi ve do\u011fal ya\u015fam\u0131, adeta bir do\u011fa harikas\u0131! Ada, ayn\u0131 zamanda antik \u00e7a\u011flardan kalan tarihi zenginlikleriyle de \u00fcnl\u00fc. Heraion Tap\u0131na\u011f\u0131 ve Pythagoras&#8217;\u0131n evi gibi tarihi mekanlar, adan\u0131n ge\u00e7mi\u015fine \u0131\u015f\u0131k tutuyor. Ayr\u0131ca, Samos&#8217;un zengin gastronomi k\u00fclt\u00fcr\u00fc de ke\u015ffedilmeyi bekliyor. Leziz deniz \u00fcr\u00fcnleri, yerel \u015faraplar ve tatl\u0131lar, tatilinizi renklendirecek. Samos Adas\u0131, hem ruhunuzu dinlendirecek hem de g\u00f6zlerinizi b\u00fcy\u00fcleyecek bir destinasyon!<\/p>\n\n\n\n<p><strong>Samos&#8217;ta Mutlaka G\u00f6r\u00fclmesi Gereken Yerler<\/strong><\/p>\n\n\n\n<ul class=\"wp-block-list\">\n<li>Heraion Antik Kenti<\/li>\n\n\n\n<li>Pythagoras An\u0131t\u0131 ve M\u00fczesi<\/li>\n\n\n\n<li>Kokkari K\u00f6y\u00fc<\/li>\n\n\n\n<li>Karlovasi<\/li>\n\n\n\n<li>Pythagoras Ma\u011faras\u0131<\/li>\n<\/ul>\n\n\n\n<p><strong>Nereden Gidilir: <\/strong>Ku\u015fadas\u0131 ve Seferihisar&#8217;dan kalkan feribotlarla gidebilirsiniz.<\/p>\n\n\n\n<h3 class=\"wp-block-heading has-text-align-center has-neeon-button-dark-gray-color has-text-color has-link-color wp-elements-6de64f2e716fe7621c96536c78f0659e\"><span class=\"ez-toc-section\" id=\"leros_ileryoz\"><\/span><strong><strong><strong><strong><strong><strong><strong><strong>Leros (\u0130leryoz)<\/strong><\/strong><\/strong><\/strong><\/strong><\/strong><\/strong><\/strong><span class=\"ez-toc-section-end\"><\/span><\/h3>\n\n\n\n<figure class=\"wp-block-image size-large\"><img decoding=\"async\" src=\"https:\/\/res.cloudinary.com\/turna\/image\/upload\/v1715112729\/wordpress-contents\/leros.jpg\" alt=\"leros\"\/><\/figure>\n\n\n\n<p>Leros&#8217;a ad\u0131m att\u0131\u011f\u0131n\u0131zda, kendinizi adeta bir r\u00fcyan\u0131n i\u00e7inde bulacaks\u0131n\u0131z. Adan\u0131n do\u011fal g\u00fczellikleri, bembeyaz plajlar\u0131 ve turkuaz sular\u0131, size huzur dolu bir tatil vaat ediyor. Muhte\u015fem manzaralar\u0131na sahip tepeleri ve kaleleri, g\u00f6zlerinizi kama\u015ft\u0131racak. Leros&#8217;un sakin atmosferi ve kendine \u00f6zg\u00fc k\u00fclt\u00fcr\u00fc, tatiliniz boyunca size unutulmaz an\u0131lar ya\u015fatacak.<\/p>\n\n\n\n<p><strong>Leros&#8217;ta Mutlaka G\u00f6r\u00fclmesi Gereken Yerler<\/strong><\/p>\n\n\n\n<ul class=\"wp-block-list\">\n<li>Agia Marina<\/li>\n\n\n\n<li>Panteli K\u00f6y\u00fc<\/li>\n\n\n\n<li>Platanos<\/li>\n\n\n\n<li>Pandeli K\u00f6y\u00fc<\/li>\n\n\n\n<li>Kastro Tepesi<\/li>\n\n\n\n<li>Agios Isidoros Plaj\u0131<\/li>\n<\/ul>\n\n\n\n<p><strong>Nereden Gidilir: <\/strong>Bodrum Turgutreis&#8217;ten kalkan feribotlarla gidebilirsiniz.<\/p>\n\n\n\n<h3 class=\"wp-block-heading has-text-align-center has-neeon-button-dark-gray-color has-text-color has-link-color wp-elements-281c85c12d3c0e8319a499713b407c75\"><span class=\"ez-toc-section\" id=\"kalimnos\"><\/span><strong><strong><strong><strong><strong><strong><strong><strong>Kalimnos<\/strong><\/strong><\/strong><\/strong><\/strong><\/strong><\/strong><\/strong><span class=\"ez-toc-section-end\"><\/span><\/h3>\n\n\n\n<figure class=\"wp-block-image size-large\"><img decoding=\"async\" src=\"https:\/\/res.cloudinary.com\/turna\/image\/upload\/v1715112730\/wordpress-contents\/kalymnos.jpg\" alt=\"kalimnos\"\/><\/figure>\n\n\n\n<p>Kalimnos, di\u011fer adalar\u0131n biraz g\u00f6lgesinde kalm\u0131\u015f bir ada oldu\u011fu i\u00e7in hem daha sakin hem de ekonomik anlamda daha uygun. E\u011fer dingin, huzurlu bir tatil aray\u0131\u015f\u0131ndaysan\u0131z arad\u0131\u011f\u0131n\u0131z yer buras\u0131 olabilir. Adalar aras\u0131nda da feribot ile ula\u015f\u0131m oldu\u011fundan dolay\u0131 buradan Kos&#8217;a ya da Leros&#8217;a da ge\u00e7ebilirsiniz.<\/p>\n\n\n\n<p><strong>Kalimnos&#8217;ta Mutlaka G\u00f6r\u00fclmesi Gereken Yerler<\/strong><\/p>\n\n\n\n<ul class=\"wp-block-list\">\n<li>Vathi Liman\u0131<\/li>\n\n\n\n<li>Pothia<\/li>\n\n\n\n<li>Chorio<\/li>\n\n\n\n<li>Vathy Ma\u011faras\u0131<\/li>\n\n\n\n<li>Masouri Plaj\u0131<\/li>\n<\/ul>\n\n\n\n<p><strong>Nereden Gidilir: <\/strong>Bodrum Turgutreis&#8217;ten kalkan feribotlarla gidebilirsiniz.<\/p>\n\n\n\n<h3 class=\"wp-block-heading has-text-align-center has-neeon-button-dark-gray-color has-text-color has-link-color wp-elements-21e2c216dcb7f4d4295a74d474e44a75\"><span class=\"ez-toc-section\" id=\"patmos\"><\/span><strong><strong><strong><strong><strong><strong><strong><strong>Patmos<\/strong><\/strong><\/strong><\/strong><\/strong><\/strong><\/strong><\/strong><span class=\"ez-toc-section-end\"><\/span><\/h3>\n\n\n\n<figure class=\"wp-block-image size-large\"><img width=\"800\" height=\"500\" decoding=\"async\" src=\"data:image\/svg+xml;base64,PHN2ZyB4bWxucz0iaHR0cDovL3d3dy53My5vcmcvMjAwMC9zdmciIHdpZHRoPSI4MDAiIGhlaWdodD0iNTAwIj48cmVjdCB3aWR0aD0iMTAwJSIgaGVpZ2h0PSIxMDAlIj48YW5pbWF0ZSBhdHRyaWJ1dGVOYW1lPSJmaWxsIiB2YWx1ZXM9InJnYmEoMTUzLDE1MywxNTMsMC41KTtyZ2JhKDE1MywxNTMsMTUzLDAuMSk7cmdiYSgxNTMsMTUzLDE1MywwLjUpIiBkdXI9IjJzIiByZXBlYXRDb3VudD0iaW5kZWZpbml0ZSIgLz48L3JlY3Q+PC9zdmc+\" alt=\"patmos\" data-public-id=\"Patmos-Yunanistan_h9xb5i\/Patmos-Yunanistan_h9xb5i.jpg\" class=\"wp-post-22585 wp-image-3702\" data-format=\"jpg\" data-transformations=\"f_auto,q_auto\/f_auto,q_auto:low\" data-version=\"1469873288\" data-seo=\"1\" data-size=\"800 500\" data-srcset=\"https:\/\/res.cloudinary.com\/turna\/images\/f_auto,q_auto\/f_auto,q_auto\/f_auto,q_auto:low\/v1469873288\/Patmos-Yunanistan_h9xb5i\/Patmos-Yunanistan_h9xb5i.jpg?_i=AA 800w, https:\/\/res.cloudinary.com\/turna\/images\/w_300,h_188,c_scale\/f_auto,q_auto\/f_auto,q_auto\/f_auto,q_auto:low\/v1469873288\/Patmos-Yunanistan_h9xb5i\/Patmos-Yunanistan_h9xb5i.jpg?_i=AA 300w, https:\/\/res.cloudinary.com\/turna\/images\/w_672,h_420,c_scale\/f_auto,q_auto\/f_auto,q_auto\/f_auto,q_auto:low\/v1469873288\/Patmos-Yunanistan_h9xb5i\/Patmos-Yunanistan_h9xb5i.jpg?_i=AA 672w, https:\/\/res.cloudinary.com\/turna\/images\/w_640,h_400,c_scale\/f_auto,q_auto\/f_auto,q_auto\/f_auto,q_auto:low\/v1469873288\/Patmos-Yunanistan_h9xb5i\/Patmos-Yunanistan_h9xb5i.jpg?_i=AA 640w, https:\/\/res.cloudinary.com\/turna\/images\/w_681,h_426,c_scale\/f_auto,q_auto\/f_auto,q_auto\/f_auto,q_auto:low\/v1469873288\/Patmos-Yunanistan_h9xb5i\/Patmos-Yunanistan_h9xb5i.jpg?_i=AA 681w\" data-sizes=\"(max-width: 800px) 100vw, 800px\" data-delivery=\"upload\" onload=\";window.CLDBind?CLDBind(this):null;\" data-cloudinary=\"lazy\" \/><\/figure>\n\n\n\n<p>Patmos&#8217;un beyaz badanal\u0131 evleri ve dar sokaklar\u0131, adeta birer sanat eseri gibi. Adan\u0131n geleneksel tavernalar\u0131 ve kafeleri, yerel lezzetlerle ve canl\u0131 m\u00fczikle dolu. Ama en etkileyici olan\u0131, mistik atmosferi ve tarihi zenginlikleri. Patmos, Aziz Yuhanna&#8217;n\u0131n Ma\u011faras\u0131 ve Aziz Yuhanna Manast\u0131r\u0131 gibi kutsal yerleriyle dini bir merkez. G\u00fcn bat\u0131m\u0131nda, masmavi deniz ve alt\u0131n renkli kumlar\u0131n \u00fczerinde izledi\u011finiz manzara, size adeta bir r\u00fcyada oldu\u011funuzu hissettirecek.<\/p>\n\n\n\n<p><strong>Patmos&#8217;ta Mutlaka G\u00f6r\u00fclmesi Gereken Yerler<\/strong><\/p>\n\n\n\n<ul class=\"wp-block-list\">\n<li>Aziz Yuhanna Manast\u0131r\u0131<\/li>\n\n\n\n<li>Chora<\/li>\n\n\n\n<li>Skala Liman\u0131<\/li>\n\n\n\n<li>Kastro Tepesi<\/li>\n\n\n\n<li>Lambi Plaj\u0131<\/li>\n<\/ul>\n\n\n\n<p><strong>Nereden Gidilir: <\/strong>Bodrum&#8217;dan kalkan feribotlarla gidebilirsiniz.<\/p>\n\n\n\n<h3 class=\"wp-block-heading has-text-align-center has-neeon-button-dark-gray-color has-text-color has-link-color wp-elements-f4b21a0771d75ea28d951104fa0ae651\"><span class=\"ez-toc-section\" id=\"symi_sombeki\"><\/span><strong><strong><strong><strong><strong><strong><strong><strong>Symi (S\u00f6mbeki)<\/strong><\/strong><\/strong><\/strong><\/strong><\/strong><\/strong><\/strong><span class=\"ez-toc-section-end\"><\/span><\/h3>\n\n\n\n<figure class=\"wp-block-image size-large\"><img decoding=\"async\" src=\"https:\/\/res.cloudinary.com\/turna\/image\/upload\/v1715112729\/wordpress-contents\/symi.jpg\" alt=\"simi\"\/><\/figure>\n\n\n\n<p>Feribotla gidilen Yunan adalar\u0131 aras\u0131nda yer alan Symi Adas\u0131&#8217;nda gezilecek pek \u00e7ok harika yer var. \u00d6ncelikle, Gialos Liman\u0131&#8217;nda renkli binalar\u0131n ve geleneksel bal\u0131k\u00e7\u0131 teknelerinin aras\u0131nda dola\u015f\u0131rken adan\u0131n benzersiz atmosferini hissedebilirsiniz. Panormitis Manast\u0131r\u0131&#8217;n\u0131 ziyaret ederek adan\u0131n dini tarihini ke\u015ffetmek ve manast\u0131r\u0131n huzur dolu atmosferinde dinlenmek de harika bir deneyim olabilir. Symi&#8217;nin eski \u015fehri Chorio&#8217;da dar sokaklarda y\u00fcr\u00fcy\u00fc\u015f yaparak geleneksel ya\u015fam\u0131 ve k\u00fclt\u00fcr\u00fc yak\u0131ndan tan\u0131yabilirsiniz. Ayr\u0131ca, Nimborio Plaj\u0131 ve Pedi Koyu gibi g\u00fczel plajlar da dinlenmek ve denizin tad\u0131n\u0131 \u00e7\u0131karmak i\u00e7in m\u00fckemmel noktalar. Symi Adas\u0131, kendine \u00f6zg\u00fc atmosferi ve do\u011fal g\u00fczellikleriyle ziyaret\u00e7ilerine unutulmaz anlar sunuyor.<\/p>\n\n\n\n<p><strong>Simi&#8217;de Mutlaka G\u00f6r\u00fclmesi Gereken Yerler<\/strong><\/p>\n\n\n\n<ul class=\"wp-block-list\">\n<li>Gialos Liman\u0131<\/li>\n\n\n\n<li>Panormitis Manast\u0131r\u0131<\/li>\n\n\n\n<li>Nimborio Plaj\u0131<\/li>\n\n\n\n<li>Pedi Koyu<\/li>\n\n\n\n<li>Toli Koyu<\/li>\n<\/ul>\n\n\n\n<p><strong>Nereden Gidilir: <\/strong>Fethiye ve Marmaris&#8217;ten kalkan feribotlarla gidebilirsiniz.<\/p>\n\n\n\n<h3 class=\"wp-block-heading has-text-align-center has-neeon-button-dark-gray-color has-text-color has-link-color wp-elements-84ff34ce6c81d10cd6cf4c79050cabb3\"><span class=\"ez-toc-section\" id=\"meis\"><\/span><strong><strong><strong><strong><strong><strong><strong><strong>Meis<\/strong><\/strong><\/strong><\/strong><\/strong><\/strong><\/strong><\/strong><span class=\"ez-toc-section-end\"><\/span><\/h3>\n\n\n\n<figure class=\"wp-block-image size-large\"><img width=\"800\" height=\"500\" decoding=\"async\" src=\"data:image\/svg+xml;base64,PHN2ZyB4bWxucz0iaHR0cDovL3d3dy53My5vcmcvMjAwMC9zdmciIHdpZHRoPSI4MDAiIGhlaWdodD0iNTAwIj48cmVjdCB3aWR0aD0iMTAwJSIgaGVpZ2h0PSIxMDAlIj48YW5pbWF0ZSBhdHRyaWJ1dGVOYW1lPSJmaWxsIiB2YWx1ZXM9InJnYmEoMTUzLDE1MywxNTMsMC41KTtyZ2JhKDE1MywxNTMsMTUzLDAuMSk7cmdiYSgxNTMsMTUzLDE1MywwLjUpIiBkdXI9IjJzIiByZXBlYXRDb3VudD0iaW5kZWZpbml0ZSIgLz48L3JlY3Q+PC9zdmc+\" alt=\"\" data-public-id=\"Meis_sku40p\/Meis_sku40p.jpg\" class=\"wp-post-22585 wp-image-16447\" data-format=\"jpg\" data-transformations=\"f_auto,q_auto:low\" data-version=\"1565300486\" data-seo=\"1\" data-size=\"800 500\" data-srcset=\"https:\/\/res.cloudinary.com\/turna\/images\/f_auto,q_auto:low\/v1565300486\/Meis_sku40p\/Meis_sku40p.jpg?_i=AA 800w, https:\/\/res.cloudinary.com\/turna\/images\/w_300,h_188,c_scale\/f_auto,q_auto:low\/v1565300486\/Meis_sku40p\/Meis_sku40p.jpg?_i=AA 300w, https:\/\/res.cloudinary.com\/turna\/images\/w_672,h_420,c_scale\/f_auto,q_auto:low\/v1565300486\/Meis_sku40p\/Meis_sku40p.jpg?_i=AA 672w, https:\/\/res.cloudinary.com\/turna\/images\/w_640,h_400,c_scale\/f_auto,q_auto:low\/v1565300486\/Meis_sku40p\/Meis_sku40p.jpg?_i=AA 640w, https:\/\/res.cloudinary.com\/turna\/images\/w_681,h_426,c_scale\/f_auto,q_auto:low\/v1565300486\/Meis_sku40p\/Meis_sku40p.jpg?_i=AA 681w\" data-sizes=\"(max-width: 800px) 100vw, 800px\" data-delivery=\"upload\" onload=\";window.CLDBind?CLDBind(this):null;\" data-cloudinary=\"lazy\" \/><\/figure>\n\n\n\n<p>Meis Adas\u0131, Ka\u015f&#8217;tan sadece k\u0131sa bir feribot yolculu\u011fuyla ula\u015fabilece\u011finiz e\u015fsiz bir destinasyon. Adan\u0131n ke\u015ffedilecek pek \u00e7ok harika yeri var. \u00d6ncelikle, liman b\u00f6lgesindeki renkli evleri ve geleneksel bal\u0131k\u00e7\u0131 teknelerini g\u00f6rmek i\u00e7in limanda bir y\u00fcr\u00fcy\u00fc\u015f yapabilirsiniz. Sonra Megisti Yar\u0131madas\u0131&#8217;na do\u011fru yola \u00e7\u0131karak adan\u0131n do\u011fal g\u00fczelliklerini ke\u015ffedebilirsiniz. Ayr\u0131ca, Meis Adas\u0131 \u00e7evresindeki deniz alt\u0131 ma\u011faralar\u0131n\u0131 ke\u015ffetmek ve dal\u0131\u015f yapmak da heyecan verici olabilir. Meis ke\u015ffedilmeyi bekleyen bir cennet.<\/p>\n\n\n\n<p><strong>Meis&#8217;te Mutlaka G\u00f6r\u00fclmesi Gereken Yerler<\/strong><\/p>\n\n\n\n<ul class=\"wp-block-list\">\n<li>Megisti Yar\u0131madas\u0131<\/li>\n\n\n\n<li>Liman<\/li>\n\n\n\n<li>Kale<\/li>\n\n\n\n<li>Liman Camii<\/li>\n\n\n\n<li>Agios Nikolaos Adas\u0131<\/li>\n<\/ul>\n\n\n\n<p><strong>Nereden Gidilir: <\/strong>Antalya&#8217;n\u0131n Ka\u015f il\u00e7esinden kalkan feribotlarla gidebilirsiniz.<\/p>\n\n\n\n<p><strong>Yunan adalar\u0131na gitmek i\u00e7in ne gerekli<\/strong> derseniz pasaport, vize ve bir feribot bileti gerekli. <strong><a href=\"https:\/\/www.turna.com\/feribot-bileti\" target=\"_blank\" rel=\"noreferrer noopener\">Feribot bileti<\/a><\/strong> sat\u0131n almak i\u00e7in Turna.com&#8217;u ziyaret edin.<\/p>\n\n\n\n<h2 class=\"wp-block-heading has-text-align-center has-neeon-button-dark-gray-color has-text-color has-link-color wp-elements-005fa830f12bd86bc27ce8414f8f902c\"><span class=\"ez-toc-section\" id=\"yunan_adalarinda_ne_yenir\"><\/span><strong><strong><strong><strong>Yunan Adalar\u0131\u2019nda Ne Yenir?<\/strong><\/strong><\/strong><\/strong><span class=\"ez-toc-section-end\"><\/span><\/h2>\n\n\n\n<figure class=\"wp-block-image size-large\"><img decoding=\"async\" src=\"https:\/\/res.cloudinary.com\/turna\/image\/upload\/v1748243890\/wordpress-contents\/yunanistan_yemek.jpg\" alt=\"\"\/><\/figure>\n\n\n\n<p>Yunan Adalar\u0131\u2019na yolunuz d\u00fc\u015ft\u00fc\u011f\u00fcnde denizin mavisine de\u011fil, mutfa\u011f\u0131n enfes kokular\u0131na da kendinizi b\u0131rakmaya haz\u0131r olun. Adalar\u0131n dar sokaklar\u0131nda y\u00fcr\u00fcrken bir anda burnunuza gelen taze otlar ve f\u0131r\u0131ndan yeni \u00e7\u0131km\u0131\u015f b\u00f6rek kokusu sizi kendine do\u011fru \u00e7eker. Bizim mutfa\u011f\u0131m\u0131za \u00e7ok da uzak olmaya bu lezzetler ayn\u0131 zamanda bir o kadar da farkl\u0131 bir deneyim. Ba\u015flang\u0131\u00e7 olarak i\u00e7i domates ve biberle doldurulmu\u015f nefis Gemista ile yeme\u011fe giri\u015f yapabilirsiniz. Ard\u0131ndan tavuk etiyle ya da k\u0131rm\u0131z\u0131 etle haz\u0131rlanan, \u00e7\u0131t\u0131r \u00e7\u0131t\u0131r lava\u015f i\u00e7inde servis edilen Gyros ya da \u015fi\u015fe ge\u00e7irilip k\u00f6m\u00fcr ate\u015finde pi\u015firilen klasik Suvlaki mutlaka tad\u0131lmal\u0131. Et severler i\u00e7in bir di\u011fer harika se\u00e7enek de yumu\u015fac\u0131k k\u00f6fteleriyle me\u015fhur Keftedes. Yan\u0131na bir de s\u0131cak s\u0131cak gelen peynirli Tiropita eklenirse, lezzet \u015f\u00f6leni daha ba\u015ftan ba\u015flam\u0131\u015f oluyor.<\/p>\n\n\n\n<p>Ana yemek olarak bol be\u015famel soslu, lazanya benzeri ama bamba\u015fka bir tada sahip Pasti\u00e7iyo ya da patl\u0131canla yap\u0131lan efsanevi Musakas sizi ev yemeklerinin s\u0131cakl\u0131\u011f\u0131na g\u00f6t\u00fcr\u00fcyor. Yeme\u011fin ard\u0131ndan tatl\u0131 bir final i\u00e7in \u00fczeri \u00e7\u0131t\u0131r, i\u00e7i yumu\u015fac\u0131k Galaktobureko\u2019yu sak\u0131n atlamay\u0131n; \u00f6zellikle yan\u0131nda bir fincan sert ve aromal\u0131 Ellinikos (Yunan kahvesi) ile harika gidiyor. Adalarda yemek, hayat\u0131n keyfini \u00e7\u0131karman\u0131n g\u00fczel bir yolu. Oturun ve yava\u015f yava\u015f tad\u0131n\u0131 \u00e7\u0131kar\u0131n.<\/p>\n\n\n\n<p><strong><a href=\"https:\/\/www.turna.com\/blog\/feribot-bileti-turna-comda\" target=\"_blank\" rel=\"noreferrer noopener\">Feribot Bileti Turna.com\u2019da!<\/a><\/strong><\/p>\n\n\n\n<h2 class=\"wp-block-heading has-text-align-center has-neeon-button-dark-gray-color has-text-color has-link-color wp-elements-b365ff630701c4fb3a9f14f12cd5582b\"><span class=\"ez-toc-section\" id=\"sikca_sorulan_sorular\"><\/span><strong><strong><strong><strong>S\u0131k\u00e7a Sorulan Sorular<\/strong><\/strong><\/strong><\/strong><span class=\"ez-toc-section-end\"><\/span><\/h2>\n\n\n<div id=\"rank-math-faq\" class=\"rank-math-block\">\n<div class=\"rank-math-list \">\n<div id=\"faq-question-685a803390b53\" class=\"rank-math-list-item\">\n<h3 class=\"rank-math-question \"><span class=\"ez-toc-section\" id=\"bodrumdan_hangi_yunan_adalarina_feribot_var\"><\/span>Bodrum&#8217;dan hangi Yunan adalar\u0131na feribot var?<span class=\"ez-toc-section-end\"><\/span><\/h3>\n<div class=\"rank-math-answer \">\n\n<p>Kos, Kalymnos, Leros ve Patmos adalar\u0131na Bodrum ve Turgutreis&#8217;ten kalkan teknelerle ula\u015fabilirsiniz.<\/p>\n\n<\/div>\n<\/div>\n<div id=\"faq-question-685a803390b55\" class=\"rank-math-list-item\">\n<h3 class=\"rank-math-question \"><span class=\"ez-toc-section\" id=\"bodrum-kos_feribot_bileti_kac_tl\"><\/span>Bodrum-Kos feribot bileti ka\u00e7 TL?<span class=\"ez-toc-section-end\"><\/span><\/h3>\n<div class=\"rank-math-answer \">\n\n<p>Bodrum Kos feribot bileti Turna.com&#8217;da tek y\u00f6n 680 TL.<\/p>\n\n<\/div>\n<\/div>\n<div id=\"faq-question-685a803390b56\" class=\"rank-math-list-item\">\n<h3 class=\"rank-math-question \"><span class=\"ez-toc-section\" id=\"hangi_yunan_adasina_feribot_var\"><\/span>Hangi Yunan adas\u0131na feribot var?<span class=\"ez-toc-section-end\"><\/span><\/h3>\n<div class=\"rank-math-answer \">\n\n<p>Meis, Simi, Patmos, Kalymnos, Leros, Samos, Midilli, Sak\u0131z Adas\u0131, Kos ve Rodos&#8217;a feribot ile ula\u015fabilirsiniz.<\/p>\n\n<\/div>\n<\/div>\n<div id=\"faq-question-685a803390b57\" class=\"rank-math-list-item\">\n<h3 class=\"rank-math-question \"><span class=\"ez-toc-section\" id=\"bodrum-kos_adasi_feribot_kac_saat\"><\/span>Bodrum-Kos Adas\u0131 feribot ka\u00e7 saat?<span class=\"ez-toc-section-end\"><\/span><\/h3>\n<div class=\"rank-math-answer \">\n\n<p>Bodrum&#8217;dan Kos adas\u0131na yakla\u015f\u0131k 30 dakikal\u0131k bir yolculukla ula\u015fabilirsiniz.<\/p>\n\n<\/div>\n<\/div>\n<\/div>\n<\/div>\n\n\n<p><\/p>\n\n    <div class=\"xs_social_share_widget xs_share_url after_content \t\tmain_content  wslu-style-1 wslu-share-box-shaped wslu-fill-colored wslu-none wslu-share-horizontal wslu-theme-font-no wslu-main_content\">\n\n\t\t\n        <ul>\n\t\t\t        <\/ul>\n    <\/div> \n","protected":false},"excerpt":{"rendered":"<p>Heyecan verici bir tatil plan\u0131 yapmaya ne dersiniz? 2024 y\u0131l\u0131nda feribotla gidilen Yunan adalar\u0131, sizi mistik tarih, s\u0131cak g\u00fcne\u015f ve berrak sularla dolu bir maceraya davet ediyor. Ege&#8217;nin serin sular\u0131nda kaybolmak, antik Yunan mitolojisinin izlerini takip etmek ve lezzetli yerel yemeklerin tad\u0131n\u0131 \u00e7\u0131karmak i\u00e7in daha iyi bir zaman olamazd\u0131. Yunan adalar\u0131 maceras\u0131na haz\u0131rsan\u0131z feribot biletlerinizi al\u0131n ve bu b\u00fcy\u00fcl\u00fc yolculu\u011fa \u00e7\u0131k\u0131n!<\/p>\n","protected":false},"author":34,"featured_media":22586,"comment_status":"open","ping_status":"open","sticky":false,"template":"","format":"standard","meta":{"rop_custom_images_group":[],"rop_custom_messages_group":[],"rop_publish_now":"initial","rop_publish_now_accounts":[],"rop_publish_now_history":[],"rop_publish_now_status":"pending","_cloudinary_featured_overwrite":false,"footnotes":""},"categories":[1],"tags":[77,14],"class_list":["post-22585","post","type-post","status-publish","format-standard","has-post-thumbnail","hentry","category-seyahat-rehberi","tag-kos","tag-rodos"],"_links":{"self":[{"href":"https:\/\/www.turna.com\/blog\/wp-json\/wp\/v2\/posts\/22585","targetHints":{"allow":["GET"]}}],"collection":[{"href":"https:\/\/www.turna.com\/blog\/wp-json\/wp\/v2\/posts"}],"about":[{"href":"https:\/\/www.turna.com\/blog\/wp-json\/wp\/v2\/types\/post"}],"author":[{"embeddable":true,"href":"https:\/\/www.turna.com\/blog\/wp-json\/wp\/v2\/users\/34"}],"replies":[{"embeddable":true,"href":"https:\/\/www.turna.com\/blog\/wp-json\/wp\/v2\/comments?post=22585"}],"version-history":[{"count":0,"href":"https:\/\/www.turna.com\/blog\/wp-json\/wp\/v2\/posts\/22585\/revisions"}],"wp:featuredmedia":[{"embeddable":true,"href":"https:\/\/www.turna.com\/blog\/wp-json\/wp\/v2\/media\/22586"}],"wp:attachment":[{"href":"https:\/\/www.turna.com\/blog\/wp-json\/wp\/v2\/media?parent=22585"}],"wp:term":[{"taxonomy":"category","embeddable":true,"href":"https:\/\/www.turna.com\/blog\/wp-json\/wp\/v2\/categories?post=22585"},{"taxonomy":"post_tag","embeddable":true,"href":"https:\/\/www.turna.com\/blog\/wp-json\/wp\/v2\/tags?post=22585"}],"curies":[{"name":"wp","href":"https:\/\/api.w.org\/{rel}","templated":true}]}}