{"id":22575,"date":"2024-05-03T13:57:18","date_gmt":"2024-05-03T10:57:18","guid":{"rendered":"https:\/\/www.turna.com\/blog\/?p=22575"},"modified":"2025-12-08T17:36:39","modified_gmt":"2025-12-08T14:36:39","slug":"mayis-ayi-festivalleri","status":"publish","type":"post","link":"https:\/\/www.turna.com\/blog\/mayis-ayi-festivalleri","title":{"rendered":"May\u0131s Ay\u0131 Festivalleri: 2024 G\u00fcncel Rehber"},"content":{"rendered":"\n<p>Ho\u015f geldin, festival sezonunun ba\u015flang\u0131c\u0131! May\u0131s ay\u0131 geldi\u011finde, her yer renkleniyor, m\u00fczik dolu sokaklar ve co\u015fkulu kalabal\u0131klarla dolup ta\u015f\u0131yor. Heyecan verici bir atmosferde, d\u00fcnyan\u0131n d\u00f6rt bir yan\u0131ndaki insanlar bir araya gelerek e\u011flencenin tad\u0131n\u0131 \u00e7\u0131kar\u0131yorlar. May\u0131s Ay\u0131 Festivalleri, her zevke ve ilgiye hitap eden bir\u00e7ok etkinlik sunuyor. M\u00fczik festivallerinden sanat sergilerine, geleneksel kutlamalardan lezzet \u015f\u00f6lenlerine kadar, May\u0131s ay\u0131 herkes i\u00e7in bir \u015f\u00f6len vaat ediyor. Haz\u0131r m\u0131s\u0131n\u0131z? \u00c7\u00fcnk\u00fc bu rehber sizi unutulmaz bir festival maceras\u0131na g\u00f6t\u00fcrecek!<\/p>\n\n\n\n<h2 class=\"wp-block-heading has-text-align-center has-neeon-button-dark-gray-color has-text-color has-link-color wp-elements-cd288955d7b82788fc45c2aa3efc2902\"><span class=\"ez-toc-section\" id=\"mayis_ayinda_turkiyedeki_festivaller\"><\/span><strong>May\u0131s Ay\u0131nda T\u00fcrkiye&#8217;deki Festivaller<\/strong><span class=\"ez-toc-section-end\"><\/span><\/h2><div id=\"ez-toc-container\" class=\"ez-toc-v2_0_82_2 counter-hierarchy ez-toc-counter ez-toc-black ez-toc-container-direction\">\n<div class=\"ez-toc-title-container\">\n<p class=\"ez-toc-title\" style=\"cursor:inherit\">\u0130\u00e7indekiler<\/p>\n<span class=\"ez-toc-title-toggle\"><a href=\"#\" class=\"ez-toc-pull-right ez-toc-btn ez-toc-btn-xs ez-toc-btn-default ez-toc-toggle\" aria-label=\"\u0130\u00e7indekiler Tablosunu A\u00e7\/Kapat\"><span class=\"ez-toc-js-icon-con\"><span class=\"\"><span class=\"eztoc-hide\" style=\"display:none;\">Toggle<\/span><span class=\"ez-toc-icon-toggle-span\"><svg style=\"fill: #ffffff;color:#ffffff\" xmlns=\"http:\/\/www.w3.org\/2000\/svg\" class=\"list-377408\" width=\"20px\" height=\"20px\" viewBox=\"0 0 24 24\" fill=\"none\"><path d=\"M6 6H4v2h2V6zm14 0H8v2h12V6zM4 11h2v2H4v-2zm16 0H8v2h12v-2zM4 16h2v2H4v-2zm16 0H8v2h12v-2z\" fill=\"currentColor\"><\/path><\/svg><svg style=\"fill: #ffffff;color:#ffffff\" class=\"arrow-unsorted-368013\" xmlns=\"http:\/\/www.w3.org\/2000\/svg\" width=\"10px\" height=\"10px\" viewBox=\"0 0 24 24\" version=\"1.2\" baseProfile=\"tiny\"><path d=\"M18.2 9.3l-6.2-6.3-6.2 6.3c-.2.2-.3.4-.3.7s.1.5.3.7c.2.2.4.3.7.3h11c.3 0 .5-.1.7-.3.2-.2.3-.5.3-.7s-.1-.5-.3-.7zM5.8 14.7l6.2 6.3 6.2-6.3c.2-.2.3-.5.3-.7s-.1-.5-.3-.7c-.2-.2-.4-.3-.7-.3h-11c-.3 0-.5.1-.7.3-.2.2-.3.5-.3.7s.1.5.3.7z\"\/><\/svg><\/span><\/span><\/span><\/a><\/span><\/div>\n<nav><ul class='ez-toc-list ez-toc-list-level-1 eztoc-toggle-hide-by-default' ><li class='ez-toc-page-1 ez-toc-heading-level-2'><a class=\"ez-toc-link ez-toc-heading-1\" href=\"https:\/\/www.turna.com\/blog\/mayis-ayi-festivalleri\/#mayis_ayinda_turkiyedeki_festivaller\" >May\u0131s Ay\u0131nda T\u00fcrkiye&#8217;deki Festivaller<\/a><ul class='ez-toc-list-level-3' ><li class='ez-toc-heading-level-3'><a class=\"ez-toc-link ez-toc-heading-2\" href=\"https:\/\/www.turna.com\/blog\/mayis-ayi-festivalleri\/#urla_enginar_festivali\" >Urla Enginar Festivali<\/a><\/li><li class='ez-toc-page-1 ez-toc-heading-level-3'><a class=\"ez-toc-link ez-toc-heading-3\" href=\"https:\/\/www.turna.com\/blog\/mayis-ayi-festivalleri\/#kakava_senlikleri\" >Kakava \u015eenlikleri<\/a><\/li><li class='ez-toc-page-1 ez-toc-heading-level-3'><a class=\"ez-toc-link ez-toc-heading-4\" href=\"https:\/\/www.turna.com\/blog\/mayis-ayi-festivalleri\/#izmir_cicek_festivali\" >\u0130zmir \u00c7i\u00e7ek Festivali<\/a><\/li><li class='ez-toc-page-1 ez-toc-heading-level-3'><a class=\"ez-toc-link ez-toc-heading-5\" href=\"https:\/\/www.turna.com\/blog\/mayis-ayi-festivalleri\/#geleneksel_gorukle_hidirellez_senligi\" >Geleneksel G\u00f6r\u00fckle H\u0131d\u0131rellez \u015eenli\u011fi<\/a><\/li><li class='ez-toc-page-1 ez-toc-heading-level-3'><a class=\"ez-toc-link ez-toc-heading-6\" href=\"https:\/\/www.turna.com\/blog\/mayis-ayi-festivalleri\/#menderes_belediyesi_geleneksel_ucurtma_senligi\" >Menderes Belediyesi Geleneksel U\u00e7urtma \u015eenli\u011fi<\/a><\/li><li class='ez-toc-page-1 ez-toc-heading-level-3'><a class=\"ez-toc-link ez-toc-heading-7\" href=\"https:\/\/www.turna.com\/blog\/mayis-ayi-festivalleri\/#emiralem_cilek_festivali\" >Emiralem \u00c7ilek Festivali<\/a><\/li><li class='ez-toc-page-1 ez-toc-heading-level-3'><a class=\"ez-toc-link ez-toc-heading-8\" href=\"https:\/\/www.turna.com\/blog\/mayis-ayi-festivalleri\/#uluslararasi_mandalina_cicegi_festivali\" >Uluslararas\u0131 Mandalina \u00c7i\u00e7e\u011fi Festivali<\/a><\/li><\/ul><\/li><\/ul><\/nav><\/div>\n\n\n\n\n<figure class=\"wp-block-image size-large\"><img width=\"800\" height=\"500\" decoding=\"async\" src=\"data:image\/svg+xml;base64,PHN2ZyB4bWxucz0iaHR0cDovL3d3dy53My5vcmcvMjAwMC9zdmciIHdpZHRoPSI4MDAiIGhlaWdodD0iNTAwIj48cmVjdCB3aWR0aD0iMTAwJSIgaGVpZ2h0PSIxMDAlIj48YW5pbWF0ZSBhdHRyaWJ1dGVOYW1lPSJmaWxsIiB2YWx1ZXM9InJnYmEoMTUzLDE1MywxNTMsMC41KTtyZ2JhKDE1MywxNTMsMTUzLDAuMSk7cmdiYSgxNTMsMTUzLDE1MywwLjUpIiBkdXI9IjJzIiByZXBlYXRDb3VudD0iaW5kZWZpbml0ZSIgLz48L3JlY3Q+PC9zdmc+\" alt=\"May\u0131s ay\u0131 festivalleri\" data-public-id=\"wordpress-contents\/may\u0131s_ay\u0131_festivalleri\/may\u0131s_ay\u0131_festivalleri.jpg\" class=\"wp-post-22575 wp-image-22576\" data-format=\"jpg\" data-transformations=\"f_auto,q_auto:low\" data-version=\"1714733486\" data-seo=\"1\" data-size=\"800 500\" data-srcset=\"https:\/\/res.cloudinary.com\/turna\/images\/f_auto,q_auto:low\/v1714733486\/wordpress-contents\/may\u0131s_ay\u0131_festivalleri\/may\u0131s_ay\u0131_festivalleri.jpg?_i=AA 800w, https:\/\/res.cloudinary.com\/turna\/images\/w_300,h_188,c_scale\/f_auto,q_auto:low\/v1714733486\/wordpress-contents\/may\u0131s_ay\u0131_festivalleri\/may\u0131s_ay\u0131_festivalleri.jpg?_i=AA 300w, https:\/\/res.cloudinary.com\/turna\/images\/w_672,h_420,c_scale\/f_auto,q_auto:low\/v1714733486\/wordpress-contents\/may\u0131s_ay\u0131_festivalleri\/may\u0131s_ay\u0131_festivalleri.jpg?_i=AA 672w, https:\/\/res.cloudinary.com\/turna\/images\/w_640,h_400,c_scale\/f_auto,q_auto:low\/v1714733486\/wordpress-contents\/may\u0131s_ay\u0131_festivalleri\/may\u0131s_ay\u0131_festivalleri.jpg?_i=AA 640w, https:\/\/res.cloudinary.com\/turna\/images\/w_681,h_426,c_scale\/f_auto,q_auto:low\/v1714733486\/wordpress-contents\/may\u0131s_ay\u0131_festivalleri\/may\u0131s_ay\u0131_festivalleri.jpg?_i=AA 681w\" data-sizes=\"(max-width: 800px) 100vw, 800px\" data-delivery=\"upload\" onload=\";window.CLDBind?CLDBind(this):null;\" data-cloudinary=\"lazy\" \/><\/figure>\n\n\n\n<p>May\u0131s&#8217;\u0131n gelmesiyle birlikte, \u00fclkenin d\u00f6rt bir yan\u0131nda renkli etkinlikler, m\u00fczik \u015f\u00f6lenleri ve k\u00fclt\u00fcrel kutlamalar ba\u015fl\u0131yor. Do\u011fan\u0131n uyan\u0131\u015f\u0131yla birlikte, a\u00e7\u0131k hava etkinliklerinin keyfi art\u0131yor ve insanlar g\u00fcne\u015fin tad\u0131n\u0131 \u00e7\u0131karmak i\u00e7in d\u0131\u015far\u0131ya \u00e7\u0131k\u0131yorlar. T\u00fcrkiye&#8217;nin zengin k\u00fclt\u00fcrel miras\u0131, May\u0131s ay\u0131nda ger\u00e7ekle\u015fen festivallerle daha da parl\u0131yor. Hem yerel hem de uluslararas\u0131 kat\u0131l\u0131mc\u0131lar\u0131n bulu\u015ftu\u011fu bu etkinlikler, T\u00fcrk k\u00fclt\u00fcr\u00fcn\u00fc, sanat\u0131n\u0131 ve m\u00fczi\u011fini kutlaman\u0131n e\u015fsiz bir yolunu sunuyor. T\u00fcrkiye&#8217;nin her k\u00f6\u015fesinde, May\u0131s ay\u0131 festivalleri ile dolu dolu ge\u00e7iyor ve herkesi co\u015fkulu bir deneyim i\u00e7in bekliyor.<\/p>\n\n\n\n<h3 class=\"wp-block-heading has-text-align-center has-neeon-button-dark-gray-color has-text-color has-link-color wp-elements-4dcc67f091f47f0d04b04cd5536a528b\"><span class=\"ez-toc-section\" id=\"urla_enginar_festivali\"><\/span><strong>Urla Enginar Festivali<\/strong><span class=\"ez-toc-section-end\"><\/span><\/h3>\n\n\n\n<figure class=\"wp-block-image size-large\"><img decoding=\"async\" src=\"https:\/\/res.cloudinary.com\/turna\/image\/upload\/v1714733487\/wordpress-contents\/urla_enginar_festivali.jpg\" alt=\"May\u0131s ay\u0131 festivalleri Urla Enginar festivali\"\/><\/figure>\n\n\n\n<p>Sa\u011fl\u0131k ve lezzet dolu bir maceraya haz\u0131r m\u0131s\u0131n\u0131z? Bu y\u0131l, Yunan Tanr\u0131s\u0131 Zeus&#8217;un a\u015f\u0131k oldu\u011fu Cynara&#8217;dan esinlenen enginar, Urla&#8217;da ger\u00e7ekle\u015fecek festivalde sizi bekliyor. 18. y\u00fczy\u0131lda \u00fcnl\u00fc gastronom Jean Anthelme Brillat Savarin&#8217;in dedi\u011fi gibi, &#8220;Yeni bir yeme\u011fin ke\u015ffi, yeni bir y\u0131ld\u0131z\u0131 ke\u015ffetmekten daha de\u011ferlidir.&#8221; diyorsan\u0131z, Sak\u0131z Enginar\u0131 ile tan\u0131\u015fmaya haz\u0131r olun. Urla&#8217;da, bahar\u0131n taptaze kokusunu ve sevincini ya\u015farken, Sak\u0131z Enginar\u0131&#8217;n\u0131n tad\u0131n\u0131 \u00e7\u0131kar\u0131rken yeni hikayeler yazal\u0131m. Ven\u00fcs&#8217;\u00fcn do\u011fay\u0131 ke\u015ffe davet etti\u011fi gibi, bu festivalde enginar\u0131n sa\u011fl\u0131k dolu kalbiyle bulu\u015fup unutulmaz an\u0131lar biriktirelim.<\/p>\n\n\n\n<p><strong>Festival Tarihleri:<\/strong> 03-05 May\u0131s 2024<\/p>\n\n\n\n<p><strong><a href=\"https:\/\/www.turna.com\/ucak-bileti\/izmir\" target=\"_blank\" rel=\"noreferrer noopener\">\u0130zmir u\u00e7ak bileti<\/a><\/strong> se\u00e7enekleri web sitemizde.<\/p>\n\n\n\n<h3 class=\"wp-block-heading has-text-align-center has-neeon-button-dark-gray-color has-text-color has-link-color wp-elements-15b44966c74130b7958c7f9593e0d57f\"><span class=\"ez-toc-section\" id=\"kakava_senlikleri\"><\/span><strong>Kakava \u015eenlikleri<\/strong><span class=\"ez-toc-section-end\"><\/span><\/h3>\n\n\n\n<figure class=\"wp-block-image size-large\"><img decoding=\"async\" src=\"https:\/\/res.cloudinary.com\/turna\/image\/upload\/v1714733483\/wordpress-contents\/kakava_%C5%9Fenlikleri.jpg\" alt=\"May\u0131s ay\u0131 festivalleri kakava \u015fenlikleri\"\/><\/figure>\n\n\n\n<p>T\u00fcrk d\u00fcnyas\u0131nda \u00f6nemli bir yere sahip olan H\u0131z\u0131r ve \u0130lyas peygamberlerin efsanevi bulu\u015fmas\u0131n\u0131n yans\u0131mas\u0131 olan H\u0131drellez&#8217;in, Romanlar aras\u0131ndaki kar\u015f\u0131l\u0131\u011f\u0131 Kakava, her y\u0131l b\u00fcy\u00fck bir co\u015fkuyla kutlanan \u00f6nemli g\u00fcnlerden biri. Kakava \u015eenlikleri, bahar\u0131 kar\u015f\u0131lamak i\u00e7in \u00f6zel rit\u00fcellerle ba\u015fl\u0131yor. Bereketin artmas\u0131 ve g\u00fczelliklerin payla\u015f\u0131lmas\u0131 simgesi olan Kakava Ate\u015fi&#8217;nin yak\u0131lmas\u0131 ve pilav ikram\u0131 5 May\u0131s&#8217;ta Sarayi\u00e7i&#8217;nde ger\u00e7ekle\u015fiyor.<\/p>\n\n\n\n<p>Ard\u0131ndan, 6 May\u0131s sabah\u0131 saat 06.00&#8217;da, Tunca Nehri k\u0131y\u0131s\u0131nda &#8220;Bahara Giri\u015f&#8221; rit\u00fceli d\u00fczenleniyor. Bu rit\u00fcelde, Romanlar sabah\u0131n ilk \u0131\u015f\u0131klar\u0131yla birlikte nehir k\u0131y\u0131s\u0131na ak\u0131n ederken, gen\u00e7 k\u0131zlar gelinliklerini giyerek nehir kenar\u0131na gidiyorlar. G\u00fcn\u00fcn a\u011farmas\u0131yla birlikte, Romanlar eski bir gelene\u011fi canland\u0131rarak nehir suyunu \u015fi\u015felere doldurup a\u011fa\u00e7 dallar\u0131n\u0131 kopar\u0131yorlar. Bu renkli ve anlaml\u0131 \u015fenlikler, her y\u0131l binlerce ki\u015fiyi bir araya getirerek co\u015fku dolu anlara ev sahipli\u011fi yap\u0131yor.<\/p>\n\n\n\n<p><strong>Festival Tarihleri:<\/strong> 04-06 May\u0131s 2024<\/p>\n\n\n\n<h3 class=\"wp-block-heading has-text-align-center has-neeon-button-dark-gray-color has-text-color has-link-color wp-elements-8b7d3260cb27f5f452acb466ec71cfe3\"><span class=\"ez-toc-section\" id=\"izmir_cicek_festivali\"><\/span><strong>\u0130zmir \u00c7i\u00e7ek Festivali<\/strong><span class=\"ez-toc-section-end\"><\/span><\/h3>\n\n\n\n<figure class=\"wp-block-image size-large\"><img decoding=\"async\" src=\"https:\/\/res.cloudinary.com\/turna\/image\/upload\/v1714733482\/wordpress-contents\/izmir_%C3%A7i%C3%A7ek_festivali.jpg\" alt=\"May\u0131s ay\u0131 festivalleri \u0130zmir \u00e7i\u00e7ek festivali\"\/><\/figure>\n\n\n\n<p>Anneler G\u00fcn\u00fc yakla\u015f\u0131rken, annenize unutulmaz bir hediye vermek i\u00e7in m\u00fckemmel bir f\u0131rsat\u0131n\u0131z var: \u0130zmir \u00c7i\u00e7ek Festivali! 10-12 May\u0131s tarihleri aras\u0131nda ALSANCAK TAR\u0130H\u0130 HAVAGAZI FABR\u0130KASI&#8217;nda ger\u00e7ekle\u015fecek olan bu festivalde, geni\u015f bir \u00e7i\u00e7ek yelpazesi sizi bekliyor olacak. Renk renk, taze \u00e7i\u00e7eklerden, bitkilere, fidanlardan tohumlara kadar her \u015feyi bulabilece\u011finiz festivalde, bah\u00e7enizi, balkonunuzu, evinizi veya ofisinizi ye\u015fillendirmek i\u00e7in ihtiyac\u0131n\u0131z olan her \u015feyi bulabilirsiniz. Annenize bu \u00f6zel g\u00fcn\u00fc unutulmaz k\u0131lacak bir \u00e7i\u00e7ek denizi sunmak i\u00e7in \u0130zmir \u00c7i\u00e7ek Festivali g\u00fczel bir se\u00e7enek. \u0130zel, \u00dcmit Say\u0131n, Burak Kut gibi isimler de festivalde konser verecek.<\/p>\n\n\n\n<p><strong>Festival Tarihleri:<\/strong> 10-12 May\u0131s 2024<\/p>\n\n\n\n<h3 class=\"wp-block-heading has-text-align-center has-neeon-button-dark-gray-color has-text-color has-link-color wp-elements-488d08e155d2fb56cd3568b2c59d9809\"><span class=\"ez-toc-section\" id=\"geleneksel_gorukle_hidirellez_senligi\"><\/span><strong>Geleneksel G\u00f6r\u00fckle H\u0131d\u0131rellez \u015eenli\u011fi<\/strong><span class=\"ez-toc-section-end\"><\/span><\/h3>\n\n\n\n<figure class=\"wp-block-image size-large\"><img decoding=\"async\" src=\"https:\/\/res.cloudinary.com\/turna\/image\/upload\/v1714733482\/wordpress-contents\/g%C3%B6r%C3%BCkle_h%C4%B1d%C4%B1rellez_%C5%9Fenli%C4%9Fi.jpg\" alt=\"Geleneksel G\u00f6r\u00fckle H\u0131d\u0131rellez \u015eenli\u011fi\"\/><\/figure>\n\n\n\n<p>May\u0131s ay\u0131 festivalleri i\u00e7inde, Bursa G\u00f6r\u00fckle&#8217;de geleneksel H\u0131d\u0131rellez \u015eenli\u011fi&#8217;nin heyecan\u0131 ba\u015fl\u0131yor! Bu muhte\u015fem etkinlikte, halk danslar\u0131ndan roman orkestralar\u0131na, sokak oyunlar\u0131ndan at\u00f6lyelere kadar bir\u00e7ok renkli etkinlik bulunacak. <strong><a href=\"https:\/\/maps.app.goo.gl\/1A9XYQv3ggDaN5i37\" target=\"_blank\" rel=\"noreferrer noopener\">G\u00f6r\u00fckle&#8217;nin<\/a><\/strong> sokaklar\u0131, H\u0131d\u0131rellez&#8217;in co\u015fkusunu kutlamak i\u00e7in dolup ta\u015facak. Ayr\u0131ca, Nil\u00fcfer Makam Toplulu\u011fu&#8217;nun &#8220;H\u0131d\u0131rellez Sesleri&#8221; konseri de \u015fenli\u011fe m\u00fczikal bir dokunu\u015f katacak. Bu muhte\u015fem \u015fenlikte bulu\u015fmak i\u00e7in sab\u0131rs\u0131zlan\u0131yoruz!<\/p>\n\n\n\n<p><strong>Festival Tarihleri:<\/strong> 05 May\u0131s 2024<\/p>\n\n\n\n<h3 class=\"wp-block-heading has-text-align-center has-neeon-button-dark-gray-color has-text-color has-link-color wp-elements-684b2da1ab6fdd221344d40b2631b08a\"><span class=\"ez-toc-section\" id=\"menderes_belediyesi_geleneksel_ucurtma_senligi\"><\/span><strong>Menderes Belediyesi Geleneksel U\u00e7urtma \u015eenli\u011fi<\/strong><span class=\"ez-toc-section-end\"><\/span><\/h3>\n\n\n\n<figure class=\"wp-block-image size-large\"><img decoding=\"async\" src=\"https:\/\/res.cloudinary.com\/turna\/image\/upload\/v1714733486\/wordpress-contents\/u%C3%A7urtma_%C5%9Fenli%C4%9Fi.jpg\" alt=\"Menderes Belediyesi Geleneksel U\u00e7urtma \u015eenli\u011fi\"\/><\/figure>\n\n\n\n<p>G\u00f6r\u00fckle&#8217;de her y\u0131l d\u00fczenlenen geleneksel H\u0131d\u0131rellez \u015eenli\u011fi, bu y\u0131l yine b\u00fcy\u00fck bir co\u015fkuyla kar\u015f\u0131l\u0131yor bizi! H\u0131d\u0131rellez Ate\u015fi&#8217;nin etraf\u0131nda toplanacak olan ziyaret\u00e7iler, \u00e7e\u015fitli etkinliklere kat\u0131lma f\u0131rsat\u0131 bulacaklar. Halk oyunlar\u0131 g\u00f6sterileri, roman orkestralar\u0131n\u0131n canl\u0131 performanslar\u0131 ve sokak oyunlar\u0131 gibi renkli etkinliklerle dolu bir g\u00fcn sizi bekliyor olacak. Ayr\u0131ca, yar\u0131\u015fmalar d\u00fczenlenirken, ikramlar ve \u00fccretsiz u\u00e7urtma da\u011f\u0131t\u0131m\u0131 da \u015fenli\u011fin vazge\u00e7ilmezleri aras\u0131nda yer alacak.<\/p>\n\n\n\n<p><strong>Festival Tarihleri:<\/strong> 05 May\u0131s 2024<\/p>\n\n\n\n<h3 class=\"wp-block-heading has-text-align-center has-neeon-button-dark-gray-color has-text-color has-link-color wp-elements-564acd932fe0d3ffaa3a928c598f8c21\"><span class=\"ez-toc-section\" id=\"emiralem_cilek_festivali\"><\/span><strong>Emiralem \u00c7ilek Festivali<\/strong><span class=\"ez-toc-section-end\"><\/span><\/h3>\n\n\n\n<figure class=\"wp-block-image size-large\"><img decoding=\"async\" src=\"https:\/\/res.cloudinary.com\/turna\/image\/upload\/v1714733482\/wordpress-contents\/emiralem_%C3%A7ilek_festivali.jpg\" alt=\"Emiralem \u00c7ilek Festivali\"\/><\/figure>\n\n\n\n<p>G\u00f6r\u00fckle&#8217;de her y\u0131l d\u00fczenlenen H\u0131d\u0131rellez \u015eenli\u011fi, do\u011fan\u0131n uyan\u0131\u015f\u0131n\u0131 ve bereketini kutlaman\u0131n en g\u00fczel yollar\u0131ndan biri haline geliyor. Bu y\u0131l, Menemen&#8217;in verimli tarlalar\u0131nda yeti\u015fen e\u015fsiz Emiralem \u00c7ile\u011fi d\u00fcnya ile bulu\u015facak. \u00c7ilek severler i\u00e7in ka\u00e7\u0131r\u0131lmayacak bir f\u0131rsat olan &#8220;Emiralem \u00c7ilek Festivali&#8221;, en lezzetli \u00e7ilek re\u00e7eli tariflerini \u00f6\u011frenmek ve \u00e7ilek dikmenin inceliklerini ke\u015ffetmek isteyen herkesi bekliyor. B\u00f6lgenin en taze ve en lezzetli \u00e7ileklerini tatmak i\u00e7in, G\u00f6r\u00fckle&#8217;deki H\u0131d\u0131rellez \u015eenli\u011fi&#8217;ne kat\u0131lmaya ne dersiniz?<\/p>\n\n\n\n<p><strong>Festival Tarihleri:<\/strong> 18-19 May\u0131s 2024<\/p>\n\n\n\n<h3 class=\"wp-block-heading has-text-align-center has-neeon-button-dark-gray-color has-text-color has-link-color wp-elements-008ad4231e5db774fe4ee5a7e7916940\"><span class=\"ez-toc-section\" id=\"uluslararasi_mandalina_cicegi_festivali\"><\/span><strong>Uluslararas\u0131 Mandalina \u00c7i\u00e7e\u011fi Festivali<\/strong><span class=\"ez-toc-section-end\"><\/span><\/h3>\n\n\n\n<figure class=\"wp-block-image size-large\"><img decoding=\"async\" src=\"https:\/\/res.cloudinary.com\/turna\/image\/upload\/v1714733484\/wordpress-contents\/mandalina_%C3%A7i%C3%A7e%C4%9Fi_festival.jpg\" alt=\"Uluslararas\u0131 Mandalina \u00c7i\u00e7e\u011fi Festivali\"\/><\/figure>\n\n\n\n<p>May\u0131s ay\u0131 festivallerinin renkli atmosferine kat\u0131lmak i\u00e7in \u00d6zdere&#8217;de bir ba\u015fka heyecan verici etkinlik daha var: Uluslararas\u0131 Mandalina \u00c7i\u00e7e\u011fi Festivali! Menderes Belediyesi Amfi Tiyatro ve \u00d6zdere Hizmet Binas\u0131 ev sahipli\u011finde d\u00fczenlenecek olan bu festival, do\u011fan\u0131n e\u015fsiz g\u00fczelliklerini kutlaman\u0131n ve mandalina \u00e7i\u00e7e\u011finin zarif kokusunu payla\u015fman\u0131n bir yolu olarak \u00f6n plana \u00e7\u0131k\u0131yor. Festivalde, \u00e7e\u015fitli etkinlikler, g\u00f6steriler ve mandalina \u00e7i\u00e7e\u011fiyle ilgili keyifli aktiviteler yer alacak. Kat\u0131l\u0131mc\u0131lar, bu b\u00fcy\u00fcl\u00fc festivalde bahar\u0131n ve do\u011fan\u0131n uyan\u0131\u015f\u0131n\u0131 kutlarken unutulmaz an\u0131lar biriktirecekler.<\/p>\n\n\n\n<p><strong>Festival Tarihleri:<\/strong> 20-22 May\u0131s 2024<\/p>\n\n    <div class=\"xs_social_share_widget xs_share_url after_content \t\tmain_content  wslu-style-1 wslu-share-box-shaped wslu-fill-colored wslu-none wslu-share-horizontal wslu-theme-font-no wslu-main_content\">\n\n\t\t\n        <ul>\n\t\t\t        <\/ul>\n    <\/div> \n","protected":false},"excerpt":{"rendered":"<p>Ho\u015f geldin, festival sezonunun ba\u015flang\u0131c\u0131! May\u0131s ay\u0131 geldi\u011finde, her yer renkleniyor, m\u00fczik dolu sokaklar ve co\u015fkulu kalabal\u0131klarla dolup ta\u015f\u0131yor. Heyecan verici bir atmosferde, d\u00fcnyan\u0131n d\u00f6rt bir yan\u0131ndaki insanlar bir araya gelerek e\u011flencenin tad\u0131n\u0131 \u00e7\u0131kar\u0131yorlar. May\u0131s Ay\u0131 Festivalleri, her zevke ve ilgiye hitap eden bir\u00e7ok etkinlik sunuyor. M\u00fczik festivallerinden sanat sergilerine, geleneksel kutlamalardan lezzet \u015f\u00f6lenlerine kadar, May\u0131s ay\u0131 herkes i\u00e7in bir \u015f\u00f6len vaat ediyor. Haz\u0131r m\u0131s\u0131n\u0131z? \u00c7\u00fcnk\u00fc bu rehber sizi unutulmaz bir festival maceras\u0131na g\u00f6t\u00fcrecek!<\/p>\n","protected":false},"author":34,"featured_media":22576,"comment_status":"open","ping_status":"open","sticky":false,"template":"","format":"standard","meta":{"rop_custom_images_group":[],"rop_custom_messages_group":[],"rop_publish_now":"initial","rop_publish_now_accounts":[],"rop_publish_now_history":[],"rop_publish_now_status":"pending","_cloudinary_featured_overwrite":false,"footnotes":""},"categories":[1],"tags":[],"class_list":["post-22575","post","type-post","status-publish","format-standard","has-post-thumbnail","hentry","category-seyahat-rehberi"],"_links":{"self":[{"href":"https:\/\/www.turna.com\/blog\/wp-json\/wp\/v2\/posts\/22575","targetHints":{"allow":["GET"]}}],"collection":[{"href":"https:\/\/www.turna.com\/blog\/wp-json\/wp\/v2\/posts"}],"about":[{"href":"https:\/\/www.turna.com\/blog\/wp-json\/wp\/v2\/types\/post"}],"author":[{"embeddable":true,"href":"https:\/\/www.turna.com\/blog\/wp-json\/wp\/v2\/users\/34"}],"replies":[{"embeddable":true,"href":"https:\/\/www.turna.com\/blog\/wp-json\/wp\/v2\/comments?post=22575"}],"version-history":[{"count":0,"href":"https:\/\/www.turna.com\/blog\/wp-json\/wp\/v2\/posts\/22575\/revisions"}],"wp:featuredmedia":[{"embeddable":true,"href":"https:\/\/www.turna.com\/blog\/wp-json\/wp\/v2\/media\/22576"}],"wp:attachment":[{"href":"https:\/\/www.turna.com\/blog\/wp-json\/wp\/v2\/media?parent=22575"}],"wp:term":[{"taxonomy":"category","embeddable":true,"href":"https:\/\/www.turna.com\/blog\/wp-json\/wp\/v2\/categories?post=22575"},{"taxonomy":"post_tag","embeddable":true,"href":"https:\/\/www.turna.com\/blog\/wp-json\/wp\/v2\/tags?post=22575"}],"curies":[{"name":"wp","href":"https:\/\/api.w.org\/{rel}","templated":true}]}}