{"id":22523,"date":"2024-04-08T22:19:00","date_gmt":"2024-04-08T19:19:00","guid":{"rendered":"https:\/\/www.turna.com\/blog\/?p=22523"},"modified":"2025-12-08T16:31:14","modified_gmt":"2025-12-08T13:31:14","slug":"yunanistan-kapi-vizesi-nedir","status":"publish","type":"post","link":"https:\/\/www.turna.com\/blog\/yunanistan-kapi-vizesi-nedir","title":{"rendered":"8 Ba\u015fl\u0131kta Yunanistan Kap\u0131 Vizesi Nedir?"},"content":{"rendered":"<div id=\"ez-toc-container\" class=\"ez-toc-v2_0_82_2 counter-hierarchy ez-toc-counter ez-toc-black ez-toc-container-direction\">\n<div class=\"ez-toc-title-container\">\n<p class=\"ez-toc-title\" style=\"cursor:inherit\">\u0130\u00e7indekiler<\/p>\n<span class=\"ez-toc-title-toggle\"><a href=\"#\" class=\"ez-toc-pull-right ez-toc-btn ez-toc-btn-xs ez-toc-btn-default ez-toc-toggle\" aria-label=\"\u0130\u00e7indekiler Tablosunu A\u00e7\/Kapat\"><span class=\"ez-toc-js-icon-con\"><span class=\"\"><span class=\"eztoc-hide\" style=\"display:none;\">Toggle<\/span><span class=\"ez-toc-icon-toggle-span\"><svg style=\"fill: #ffffff;color:#ffffff\" xmlns=\"http:\/\/www.w3.org\/2000\/svg\" class=\"list-377408\" width=\"20px\" height=\"20px\" viewBox=\"0 0 24 24\" fill=\"none\"><path d=\"M6 6H4v2h2V6zm14 0H8v2h12V6zM4 11h2v2H4v-2zm16 0H8v2h12v-2zM4 16h2v2H4v-2zm16 0H8v2h12v-2z\" fill=\"currentColor\"><\/path><\/svg><svg style=\"fill: #ffffff;color:#ffffff\" class=\"arrow-unsorted-368013\" xmlns=\"http:\/\/www.w3.org\/2000\/svg\" width=\"10px\" height=\"10px\" viewBox=\"0 0 24 24\" version=\"1.2\" baseProfile=\"tiny\"><path d=\"M18.2 9.3l-6.2-6.3-6.2 6.3c-.2.2-.3.4-.3.7s.1.5.3.7c.2.2.4.3.7.3h11c.3 0 .5-.1.7-.3.2-.2.3-.5.3-.7s-.1-.5-.3-.7zM5.8 14.7l6.2 6.3 6.2-6.3c.2-.2.3-.5.3-.7s-.1-.5-.3-.7c-.2-.2-.4-.3-.7-.3h-11c-.3 0-.5.1-.7.3-.2.2-.3.5-.3.7s.1.5.3.7z\"\/><\/svg><\/span><\/span><\/span><\/a><\/span><\/div>\n<nav><ul class='ez-toc-list ez-toc-list-level-1 eztoc-toggle-hide-by-default' ><li class='ez-toc-page-1 ez-toc-heading-level-2'><a class=\"ez-toc-link ez-toc-heading-1\" href=\"https:\/\/www.turna.com\/blog\/yunanistan-kapi-vizesi-nedir\/#yunanistan_kapi_vizesi_nedir\" >Yunanistan Kap\u0131 Vizesi Nedir ?<\/a><ul class='ez-toc-list-level-3' ><li class='ez-toc-heading-level-3'><a class=\"ez-toc-link ez-toc-heading-2\" href=\"https:\/\/www.turna.com\/blog\/yunanistan-kapi-vizesi-nedir\/#hangi_yunan_adalari_kapida_vize_istiyor\" >Hangi Yunan Adalar\u0131 Kap\u0131da Vize \u0130stiyor?<\/a><\/li><li class='ez-toc-page-1 ez-toc-heading-level-3'><a class=\"ez-toc-link ez-toc-heading-3\" href=\"https:\/\/www.turna.com\/blog\/yunanistan-kapi-vizesi-nedir\/#yunanistan_kapi_vizesi_ne_zaman_basliyor\" >Yunanistan Kap\u0131 Vizesi Ne Zaman Ba\u015fl\u0131yor ?<\/a><\/li><li class='ez-toc-page-1 ez-toc-heading-level-3'><a class=\"ez-toc-link ez-toc-heading-4\" href=\"https:\/\/www.turna.com\/blog\/yunanistan-kapi-vizesi-nedir\/#yunanistan_kapi_vizesi_ucreti_ne_kadar\" >Yunanistan Kap\u0131 Vizesi \u00dccreti Ne Kadar ?<\/a><\/li><li class='ez-toc-page-1 ez-toc-heading-level-3'><a class=\"ez-toc-link ez-toc-heading-5\" href=\"https:\/\/www.turna.com\/blog\/yunanistan-kapi-vizesi-nedir\/#kapida_vize_icin_ne_gerekli\" >Kap\u0131da Vize \u0130\u00e7in Ne Gerekli ?<\/a><\/li><li class='ez-toc-page-1 ez-toc-heading-level-3'><a class=\"ez-toc-link ez-toc-heading-6\" href=\"https:\/\/www.turna.com\/blog\/yunanistan-kapi-vizesi-nedir\/#yunanistan_kapi_vizesi_icin_nereye_basvurulur\" >Yunanistan Kap\u0131 Vizesi \u0130\u00e7in Nereye Ba\u015fvurulur ?<\/a><\/li><li class='ez-toc-page-1 ez-toc-heading-level-3'><a class=\"ez-toc-link ez-toc-heading-7\" href=\"https:\/\/www.turna.com\/blog\/yunanistan-kapi-vizesi-nedir\/#vizesiz_yunan_adalari_var_mi\" >Vizesiz Yunan Adalar\u0131 Var m\u0131 ?<\/a><\/li><li class='ez-toc-page-1 ez-toc-heading-level-3'><a class=\"ez-toc-link ez-toc-heading-8\" href=\"https:\/\/www.turna.com\/blog\/yunanistan-kapi-vizesi-nedir\/#kapi_vizesinde_dikkat_edilmesi_gerekenler\" >Kap\u0131 Vizesinde Dikkat Edilmesi Gerekenler<\/a><\/li><li class='ez-toc-page-1 ez-toc-heading-level-3'><a class=\"ez-toc-link ez-toc-heading-9\" href=\"https:\/\/www.turna.com\/blog\/yunanistan-kapi-vizesi-nedir\/#yunanistan_kapi_vizesi_sikca_sorulan_sorular\" >Yunanistan Kap\u0131 Vizesi S\u0131k\u00e7a Sorulan Sorular<\/a><\/li><li class='ez-toc-page-1 ez-toc-heading-level-3'><a class=\"ez-toc-link ez-toc-heading-10\" href=\"https:\/\/www.turna.com\/blog\/yunanistan-kapi-vizesi-nedir\/#kapi_vizesi_mi_schengen_mi\" >Kap\u0131 vizesi mi Schengen mi?<\/a><\/li><li class='ez-toc-page-1 ez-toc-heading-level-3'><a class=\"ez-toc-link ez-toc-heading-11\" href=\"https:\/\/www.turna.com\/blog\/yunanistan-kapi-vizesi-nedir\/#yunanistan_kapida_vize_kac_gun\" >Yunanistan kap\u0131da vize ka\u00e7 g\u00fcn?<\/a><\/li><\/ul><\/li><\/ul><\/nav><\/div>\n\n<p>Son zamanlarda uygulamaya ba\u015flan\u0131lan kap\u0131 vizesi prosed\u00fcr\u00fc bir \u00e7ok ki\u015fide hem merak hem de heyecan uyand\u0131rd\u0131. <strong>Yunanistan kap\u0131 vizesi nedir<\/strong> ba\u015fl\u0131kl\u0131 bu yaz\u0131mda bu vizenin t\u00fcm detaylar\u0131na hakim olabileceksiniz. Pandemiden dolay\u0131 kald\u0131r\u0131lan, <strong>2024 mart ay\u0131<\/strong> itibariyle tekrar hayata ge\u00e7en Yunanistan kap\u0131 vizesi Yunan Adalar\u0131n\u0131 g\u00f6rmek i\u00e7in en g\u00fczel yollardan biri. Bu vize sayesinde k\u0131sa s\u00fcreli de olsa bu adalar\u0131 ziyaret edip keyifli bir tatil yapabilirsiniz. Schengen vizesi almadan bu adalar\u0131 g\u00f6rmek istiyorsan\u0131z yaz\u0131m\u0131zdaki t\u00fcm detaylar\u0131 iyi okuman\u0131z laz\u0131m. Hadi gelin <strong>Yunanistan kap\u0131 vizesi<\/strong> dosyam\u0131z\u0131 a\u00e7al\u0131m.<\/p>\n\n\n\n<h2 class=\"wp-block-heading has-text-align-center has-neeon-button-dark-gray-color has-text-color has-link-color wp-elements-74bc02483b6b8f77cc1a90d3ea9f8670\"><span class=\"ez-toc-section\" id=\"yunanistan_kapi_vizesi_nedir\"><\/span><strong><strong><strong><strong>Yunanistan Kap\u0131 Vizesi Nedir ?<\/strong><\/strong><\/strong><\/strong><span class=\"ez-toc-section-end\"><\/span><\/h2>\n\n\n\n<p><strong>Yunanistan Kap\u0131 Vizesi Nedir ?<\/strong> Yunanistan kap\u0131 vizesi uygulamas\u0131, T\u00fcrkiye Cumhuriyeti vatanda\u015flar\u0131n\u0131n Schengen vizesi almadan daha kolay bir prosed\u00fcrle Yunan Adalar\u0131\u2019n\u0131 ziyaret etmesini sa\u011flayan bir vize \u00e7e\u015fidi. Bu vizeyi alarak belirli Yunan adalar\u0131na belirli bir s\u00fcre ile Schengen&#8217;siz giri\u015f yapabiliyorsunuz. <\/p>\n\n\n\n<h3 class=\"wp-block-heading has-text-align-center has-neeon-button-dark-gray-color has-text-color has-link-color wp-elements-a61c2c86812d0bc7fe0c576f654259bd\"><span class=\"ez-toc-section\" id=\"hangi_yunan_adalari_kapida_vize_istiyor\"><\/span><strong><strong><strong><strong>Hangi Yunan Adalar\u0131 Kap\u0131da Vize \u0130stiyor?<\/strong><\/strong><\/strong><\/strong><span class=\"ez-toc-section-end\"><\/span><\/h3>\n\n\n<div class=\"wp-block-image\">\n<figure class=\"aligncenter size-large\"><img decoding=\"async\" src=\"https:\/\/res.cloudinary.com\/turna\/image\/upload\/v1708073533\/milos_yunanistan.jpg\" alt=\"Yunanistan Kap\u0131 Vizesi Nedir\"\/><\/figure>\n<\/div>\n\n\n<p>T\u00fcrk vatanda\u015flar\u0131 kap\u0131da vize alarak belirli <strong>Yunan Adalar\u0131na<\/strong> belli bir s\u00fcre ile gidebiliyor. Schengen vizeniz varsa kap\u0131da vize alman\u0131za gerek yok. A\u015fa\u011f\u0131daki Yunan Adalar\u0131na kap\u0131da vize alarak giri\u015f yapabilirsiniz.<\/p>\n\n\n\n<p><\/p>\n\n\n\n<p><strong>Hangi Yunan Adalar\u0131 Kap\u0131da Vize \u0130stiyor ?<\/strong><\/p>\n\n\n\n<ul class=\"wp-block-list\">\n<li><strong>Rodos<\/strong><\/li>\n\n\n\n<li><strong>Midilli (Lesvos)<\/strong><\/li>\n\n\n\n<li><strong>Sak\u0131z (Chios)<\/strong><\/li>\n\n\n\n<li><strong>Kos (\u0130stank\u00f6y)<\/strong><\/li>\n\n\n\n<li><strong>Meis (Kastellorizo)<\/strong><\/li>\n\n\n\n<li><strong>Sisam (Samos)<\/strong><\/li>\n\n\n\n<li><strong>Simi<\/strong><\/li>\n\n\n\n<li><strong>Kalimnos<\/strong><\/li>\n\n\n\n<li><strong>Leros<\/strong><\/li>\n\n\n\n<li><strong>Patmos<\/strong><\/li>\n<\/ul>\n\n\n\n<p>Pasaportunuzda KKTC vize damgas\u0131 bulunmas\u0131 halinde Yunanistan kap\u0131 vizesi alman\u0131z m\u00fcmk\u00fcn de\u011fil. Ayr\u0131ca 2024 Nisan itibariyle \u015fu an sadece <strong>Midilli, Sak\u0131z, Samos, Kos, Rodos adalar\u0131<\/strong> i\u00e7in kap\u0131da vize uygulamas\u0131 ba\u015flad\u0131. Bu adalar\u0131n say\u0131s\u0131nda ilerleyen d\u00f6nemlerde muhtemelen art\u0131\u015f olacak.<\/p>\n\n\n\n<h3 class=\"wp-block-heading has-text-align-center has-neeon-button-dark-gray-color has-text-color has-link-color wp-elements-cf89256e087599fff38bbab052f34e4a\"><span class=\"ez-toc-section\" id=\"yunanistan_kapi_vizesi_ne_zaman_basliyor\"><\/span><strong><strong><strong><strong>Yunanistan Kap\u0131 Vizesi Ne Zaman Ba\u015fl\u0131yor ?<\/strong><\/strong><\/strong><\/strong><span class=\"ez-toc-section-end\"><\/span><\/h3>\n\n\n<div class=\"wp-block-image\">\n<figure class=\"aligncenter size-large\"><img width=\"800\" height=\"500\" data-public-id=\"Yunanistan_mzwpvv\/Yunanistan_mzwpvv.jpg\" decoding=\"async\" src=\"https:\/\/res.cloudinary.com\/turna\/images\/w_800,h_500,c_scale\/f_auto,q_auto:low\/v1543823074\/Yunanistan_mzwpvv\/Yunanistan_mzwpvv.jpg?_i=AA\" alt=\"Yunanistan Kap\u0131 Vizesi Nedir\" class=\"wp-post-0 wp-image-14745\" data-format=\"jpg\" data-transformations=\"f_auto,q_auto:low\" data-version=\"1543823074\" data-seo=\"1\" srcset=\"https:\/\/res.cloudinary.com\/turna\/images\/f_auto,q_auto:low\/v1543823074\/Yunanistan_mzwpvv\/Yunanistan_mzwpvv.jpg?_i=AA 800w, https:\/\/res.cloudinary.com\/turna\/images\/w_300,h_188,c_scale\/f_auto,q_auto:low\/v1543823074\/Yunanistan_mzwpvv\/Yunanistan_mzwpvv.jpg?_i=AA 300w, https:\/\/res.cloudinary.com\/turna\/images\/w_672,h_420,c_scale\/f_auto,q_auto:low\/v1543823074\/Yunanistan_mzwpvv\/Yunanistan_mzwpvv.jpg?_i=AA 672w, https:\/\/res.cloudinary.com\/turna\/images\/w_640,h_400,c_scale\/f_auto,q_auto:low\/v1543823074\/Yunanistan_mzwpvv\/Yunanistan_mzwpvv.jpg?_i=AA 640w, https:\/\/res.cloudinary.com\/turna\/images\/w_681,h_426,c_scale\/f_auto,q_auto:low\/v1543823074\/Yunanistan_mzwpvv\/Yunanistan_mzwpvv.jpg?_i=AA 681w\" sizes=\"(max-width: 800px) 100vw, 800px\" \/><\/figure>\n<\/div>\n\n\n<p>Yunanistan kap\u0131 vizesi pandemi nedeniyle rafa kald\u0131r\u0131lm\u0131\u015ft\u0131. Fakat T\u00fcrk ve Yunan h\u00fck\u00fcmetinin g\u00f6r\u00fc\u015fmesi sonras\u0131nda <strong>30 Mart 2024<\/strong> tarihi itibariyle <strong>\u0130stank\u00f6y (Kos), Midilli (Lesvos), Rodos, Sisam (Samos) ve Sak\u0131z (Chios) adalar\u0131<\/strong> i\u00e7in&nbsp;kap\u0131da vize uygulamas\u0131 ba\u015flad\u0131.<\/p>\n\n\n\n<h3 class=\"wp-block-heading has-text-align-center has-neeon-button-dark-gray-color has-text-color has-link-color wp-elements-479f47a8722ac82a6d81cd7022f71527\"><span class=\"ez-toc-section\" id=\"yunanistan_kapi_vizesi_ucreti_ne_kadar\"><\/span><strong><strong><strong><strong>Yunanistan Kap\u0131 Vizesi \u00dccreti Ne Kadar ?<\/strong><\/strong><\/strong><\/strong><span class=\"ez-toc-section-end\"><\/span><\/h3>\n\n\n<div class=\"wp-block-image\">\n<figure class=\"aligncenter size-large\"><img width=\"800\" height=\"500\" data-public-id=\"Patmos-Yunanistan_h9xb5i\/Patmos-Yunanistan_h9xb5i.jpg\" decoding=\"async\" src=\"https:\/\/res.cloudinary.com\/turna\/images\/w_800,h_500,c_scale\/f_auto,q_auto\/f_auto,q_auto:low\/v1469873288\/Patmos-Yunanistan_h9xb5i\/Patmos-Yunanistan_h9xb5i.jpg?_i=AA\" alt=\"Yunanistan Kap\u0131 Vizesi Nedir\" class=\"wp-post-0 wp-image-3702\" data-format=\"jpg\" data-transformations=\"f_auto,q_auto\/f_auto,q_auto:low\" data-version=\"1469873288\" data-seo=\"1\" srcset=\"https:\/\/res.cloudinary.com\/turna\/images\/f_auto,q_auto\/f_auto,q_auto\/f_auto,q_auto:low\/v1469873288\/Patmos-Yunanistan_h9xb5i\/Patmos-Yunanistan_h9xb5i.jpg?_i=AA 800w, https:\/\/res.cloudinary.com\/turna\/images\/w_300,h_188,c_scale\/f_auto,q_auto\/f_auto,q_auto\/f_auto,q_auto:low\/v1469873288\/Patmos-Yunanistan_h9xb5i\/Patmos-Yunanistan_h9xb5i.jpg?_i=AA 300w, https:\/\/res.cloudinary.com\/turna\/images\/w_672,h_420,c_scale\/f_auto,q_auto\/f_auto,q_auto\/f_auto,q_auto:low\/v1469873288\/Patmos-Yunanistan_h9xb5i\/Patmos-Yunanistan_h9xb5i.jpg?_i=AA 672w, https:\/\/res.cloudinary.com\/turna\/images\/w_640,h_400,c_scale\/f_auto,q_auto\/f_auto,q_auto\/f_auto,q_auto:low\/v1469873288\/Patmos-Yunanistan_h9xb5i\/Patmos-Yunanistan_h9xb5i.jpg?_i=AA 640w, https:\/\/res.cloudinary.com\/turna\/images\/w_681,h_426,c_scale\/f_auto,q_auto\/f_auto,q_auto\/f_auto,q_auto:low\/v1469873288\/Patmos-Yunanistan_h9xb5i\/Patmos-Yunanistan_h9xb5i.jpg?_i=AA 681w\" sizes=\"(max-width: 800px) 100vw, 800px\" \/><\/figure>\n<\/div>\n\n\n<p><strong>Yunanistan Kap\u0131 Vizesi \u00dccreti Ne Kadar ?<\/strong> T\u00fcrk vatanda\u015flar\u0131 2024 y\u0131l\u0131nda <strong>60 \u20ac<\/strong> kap\u0131da vize \u00fccreti \u00f6deyerek bu adalarda 7 g\u00fcn s\u00fcre ile kal\u0131\u015f yapabilir. Bu vize ile birlikte Schengen vizesine ihtiya\u00e7 duyulmuyor.<\/p>\n\n\n\n<h3 class=\"wp-block-heading has-text-align-center has-neeon-button-dark-gray-color has-text-color has-link-color wp-elements-038a00a944e974a26ef6b8b0f69aa99d\"><span class=\"ez-toc-section\" id=\"kapida_vize_icin_ne_gerekli\"><\/span><strong><strong><strong><strong>Kap\u0131da Vize \u0130\u00e7in Ne Gerekli ?<\/strong><\/strong><\/strong><\/strong><span class=\"ez-toc-section-end\"><\/span><\/h3>\n\n\n<div class=\"wp-block-image\">\n<figure class=\"aligncenter size-large\"><img decoding=\"async\" src=\"https:\/\/res.cloudinary.com\/turna\/image\/upload\/v1470156161\/Fole%CC%81gandros_-Yunanistan_d2lsqv.png\" alt=\"\"\/><\/figure>\n<\/div>\n\n\n<p><strong>Kap\u0131da Vize \u0130\u00e7in Gerekli Evraklar Nedir ?<\/strong><\/p>\n\n\n\n<ul class=\"wp-block-list\">\n<li>Ba\u015fvuru Formu (el ile doldurup imza at\u0131p dosyaya ekleyiniz)<\/li>\n\n\n\n<li>En az 6 ay ge\u00e7erli pasaport fotokopisi<\/li>\n\n\n\n<li>2 adet yeni \u00e7ekilmi\u015f 3,5*4,5mm foto\u011fraf<\/li>\n\n\n\n<li>Kimlik fotokopisi<\/li>\n\n\n\n<li>Varsa son al\u0131nan schengen vize g\u00f6rseli<\/li>\n\n\n\n<li>Kesin gidi\u015f-d\u00f6n\u00fc\u015f feribot bileti sat\u0131n al\u0131nm\u0131\u015f olmal\u0131.(\u00d6deme dekontu sunulmal\u0131.)<\/li>\n\n\n\n<li>Konfirme otel sat\u0131n al\u0131nm\u0131\u015f olmal\u0131.(\u00d6deme dekontu sunulmal\u0131.)<\/li>\n\n\n\n<li>Banka hesap d\u00f6k\u00fcm\u00fc \u0131slak imzal\u0131 ka\u015feli banka imza sirk\u00fcleriyle minimum 400\u20ac bakiyeli olmal\u0131.<\/li>\n<\/ul>\n\n\n\n<h3 class=\"wp-block-heading has-text-align-center has-neeon-button-dark-gray-color has-text-color has-link-color wp-elements-98b9d7d27ec521aa1726151de3d84cf9\"><span class=\"ez-toc-section\" id=\"yunanistan_kapi_vizesi_icin_nereye_basvurulur\"><\/span><strong><strong><strong><strong>Yunanistan Kap\u0131 Vizesi \u0130\u00e7in Nereye Ba\u015fvurulur ?<\/strong><\/strong><\/strong><\/strong><span class=\"ez-toc-section-end\"><\/span><\/h3>\n\n\n<div class=\"wp-block-image\">\n<figure class=\"aligncenter size-large\"><img width=\"800\" height=\"500\" data-public-id=\"Skiathos-Yunanistan_gkfu22\/Skiathos-Yunanistan_gkfu22.jpg\" decoding=\"async\" src=\"https:\/\/res.cloudinary.com\/turna\/images\/w_800,h_500,c_scale\/f_auto,q_auto:low\/v1466455811\/Skiathos-Yunanistan_gkfu22\/Skiathos-Yunanistan_gkfu22.jpg?_i=AA\" alt=\"\" class=\"wp-post-0 wp-image-3104\" data-format=\"jpg\" data-transformations=\"f_auto,q_auto:low\" data-version=\"1466455811\" data-seo=\"1\" srcset=\"https:\/\/res.cloudinary.com\/turna\/images\/f_auto,q_auto:low\/v1466455811\/Skiathos-Yunanistan_gkfu22\/Skiathos-Yunanistan_gkfu22.jpg?_i=AA 800w, https:\/\/res.cloudinary.com\/turna\/images\/w_300,h_188,c_scale\/f_auto,q_auto:low\/v1466455811\/Skiathos-Yunanistan_gkfu22\/Skiathos-Yunanistan_gkfu22.jpg?_i=AA 300w, https:\/\/res.cloudinary.com\/turna\/images\/w_672,h_420,c_scale\/f_auto,q_auto:low\/v1466455811\/Skiathos-Yunanistan_gkfu22\/Skiathos-Yunanistan_gkfu22.jpg?_i=AA 672w, https:\/\/res.cloudinary.com\/turna\/images\/w_640,h_400,c_scale\/f_auto,q_auto:low\/v1466455811\/Skiathos-Yunanistan_gkfu22\/Skiathos-Yunanistan_gkfu22.jpg?_i=AA 640w, https:\/\/res.cloudinary.com\/turna\/images\/w_681,h_426,c_scale\/f_auto,q_auto:low\/v1466455811\/Skiathos-Yunanistan_gkfu22\/Skiathos-Yunanistan_gkfu22.jpg?_i=AA 681w\" sizes=\"(max-width: 800px) 100vw, 800px\" \/><\/figure>\n<\/div>\n\n\n<p><strong>Yunanistan Kap\u0131 Vizesi \u0130\u00e7in Nereye Ba\u015fvurulur ? <\/strong>Yunanistan kap\u0131 vizesi ba\u015fvurular\u0131 i\u00e7in&nbsp;<strong>yetkili seyahat acentelerine<\/strong> ba\u015fvurman\u0131z gerekiyor. Bu firmalar\u0131 gidece\u011finiz adaya giden feribot firmalar\u0131ndan \u00f6\u011frenebilirsiniz. Hatta bu acenteler kap\u0131da vize i\u00e7in gereken t\u00fcm i\u015flemleri yap\u0131yor. 2-3 hafta \u00f6ncesinden kap\u0131 vizesine ba\u015fvurman\u0131z yeterli olur.<\/p>\n\n\n\n<h3 class=\"wp-block-heading has-text-align-center has-neeon-button-dark-gray-color has-text-color has-link-color wp-elements-67c65fb8fe2513a98622367226f84abb\"><span class=\"ez-toc-section\" id=\"vizesiz_yunan_adalari_var_mi\"><\/span><strong><strong><strong><strong>Vizesiz Yunan Adalar\u0131 Var m\u0131 ?<\/strong><\/strong><\/strong><\/strong><span class=\"ez-toc-section-end\"><\/span><\/h3>\n\n\n<div class=\"wp-block-image\">\n<figure class=\"aligncenter size-large\"><img width=\"800\" height=\"500\" data-public-id=\"Yunan-Adalari_sxliav\/Yunan-Adalari_sxliav.jpg\" decoding=\"async\" src=\"https:\/\/res.cloudinary.com\/turna\/images\/w_800,h_500,c_scale\/f_auto,q_auto:low\/v1464900205\/Yunan-Adalari_sxliav\/Yunan-Adalari_sxliav.jpg?_i=AA\" alt=\"\" class=\"wp-post-0 wp-image-22525\" data-format=\"jpg\" data-transformations=\"f_auto,q_auto:low\" data-version=\"1464900205\" data-seo=\"1\" srcset=\"https:\/\/res.cloudinary.com\/turna\/images\/f_auto,q_auto:low\/v1464900205\/Yunan-Adalari_sxliav\/Yunan-Adalari_sxliav.jpg?_i=AA 800w, https:\/\/res.cloudinary.com\/turna\/images\/w_300,h_188,c_scale\/f_auto,q_auto:low\/v1464900205\/Yunan-Adalari_sxliav\/Yunan-Adalari_sxliav.jpg?_i=AA 300w, https:\/\/res.cloudinary.com\/turna\/images\/w_672,h_420,c_scale\/f_auto,q_auto:low\/v1464900205\/Yunan-Adalari_sxliav\/Yunan-Adalari_sxliav.jpg?_i=AA 672w, https:\/\/res.cloudinary.com\/turna\/images\/w_640,h_400,c_scale\/f_auto,q_auto:low\/v1464900205\/Yunan-Adalari_sxliav\/Yunan-Adalari_sxliav.jpg?_i=AA 640w, https:\/\/res.cloudinary.com\/turna\/images\/w_681,h_426,c_scale\/f_auto,q_auto:low\/v1464900205\/Yunan-Adalari_sxliav\/Yunan-Adalari_sxliav.jpg?_i=AA 681w\" sizes=\"(max-width: 800px) 100vw, 800px\" \/><\/figure>\n<\/div>\n\n\n<p><strong>Vizesiz Yunan Adalar\u0131 Var m\u0131 ?<\/strong> T\u00fcrkiye&#8217;den Yunan adalar\u0131na <strong>vizesiz gidi\u015f yok<\/strong>. Bu adalara gitmek i\u00e7in ya Schengen Vizesi ya da Kap\u0131 Vizesi alman\u0131z gerekiyor. Di\u011fer bir alternatif olarak ye\u015fil pasaportunuz varsa Yunan adalar\u0131na vizesiz giri\u015f yapabilirsiniz. Bordo pasaportunuz varsa Yunanistan AB \u00fcyesi oldu\u011fundan vize alman\u0131z \u015fart.<\/p>\n\n\n\n<h3 class=\"wp-block-heading has-text-align-center has-neeon-button-dark-gray-color has-text-color has-link-color wp-elements-027d09d12e3139acce84a57917bfa637\"><span class=\"ez-toc-section\" id=\"kapi_vizesinde_dikkat_edilmesi_gerekenler\"><\/span><strong><strong><strong><strong>Kap\u0131 Vizesinde Dikkat Edilmesi Gerekenler<\/strong><\/strong><\/strong><\/strong><span class=\"ez-toc-section-end\"><\/span><\/h3>\n\n\n\n<p><strong>Kap\u0131 Vizesinde Dikkat Edilmesi Gerekenler:<\/strong><\/p>\n\n\n\n<ul class=\"wp-block-list\">\n<li><strong><a href=\"https:\/\/www.turna.com\/blog\/kibris-gezilecek-yerler\" target=\"_blank\" rel=\"noreferrer noopener\">KKTC<\/a><\/strong> giri\u015f m\u00fchr\u00fc olan pasaportlara Yunan kap\u0131 vizesi i\u015flemi yap\u0131lm\u0131yor. Pasaportunda Kuzey K\u0131br\u0131s T\u00fcrk Cumhuriyeti&#8217;ne giri\u015f m\u00fchr\u00fc olan vize alm\u0131\u015f olsa da s\u0131n\u0131rda problem ya\u015fayabilirler. Bunun i\u00e7in K\u0131br\u0131s&#8217;a kimlikle girmeniz yoksa da pasaportunuzu yenilemeniz laz\u0131m.<\/li>\n\n\n\n<li>Kap\u0131 vizesi ba\u015fvurusunu seyahatinizden 2-3 hafta \u00f6nceden yapman\u0131z g\u00fczel olur.<\/li>\n\n\n\n<li>Kap\u0131 vizesi b\u00fct\u00fcn Yunan adalar\u0131nda ge\u00e7erli de\u011fildir, sadece vizesi al\u0131nan aday\u0131 ve kap\u0131 vizesi ile giri\u015f yap\u0131lan adalar\u0131 kapsar.<\/li>\n\n\n\n<li>Vize s\u00fcresine muhakkak dikkat edin. S\u00fcreyi a\u015farsan\u0131z vize ihlali cezas\u0131 \u00f6dersiniz.<\/li>\n\n\n\n<li>G\u00fcn\u00fcbirlik ziyaretler i\u00e7in otel rezervasyonuna gerek yok.<\/li>\n\n\n\n<li>Pasaportunuzun en az 6 ay ge\u00e7erli olmas\u0131 laz\u0131m.<\/li>\n<\/ul>\n\n\n\n<h3 class=\"wp-block-heading has-text-align-center has-neeon-button-dark-gray-color has-text-color has-link-color wp-elements-5a764a31d48b0e1292dafc9014200294\"><span class=\"ez-toc-section\" id=\"yunanistan_kapi_vizesi_sikca_sorulan_sorular\"><\/span><strong><strong><strong><strong>Yunanistan Kap\u0131 Vizesi S\u0131k\u00e7a Sorulan Sorular<\/strong><\/strong><\/strong><\/strong><span class=\"ez-toc-section-end\"><\/span><\/h3>\n\n\n<div id=\"rank-math-faq\" class=\"rank-math-block\">\n<div class=\"rank-math-list \">\n<div id=\"faq-question-685a803e32389\" class=\"rank-math-list-item\">\n<h3 class=\"rank-math-question \"><span class=\"ez-toc-section\" id=\"kapi_vizesi_mi_schengen_mi\"><\/span>Kap\u0131 vizesi mi Schengen mi?<span class=\"ez-toc-section-end\"><\/span><\/h3>\n<div class=\"rank-math-answer \">\n\n<p>\u0130mkan\u0131n\u0131z varsa Schengen vizesi alman\u0131z\u0131 \u00f6neririm. Prosed\u00fcrler ve maliyet d\u00fc\u015f\u00fcn\u00fcl\u00fcnce Schengen almak daha iyi bir se\u00e7enek.<\/p>\n\n<\/div>\n<\/div>\n<div id=\"faq-question-685a803e3238b\" class=\"rank-math-list-item\">\n<h3 class=\"rank-math-question \"><span class=\"ez-toc-section\" id=\"yunanistan_kapida_vize_kac_gun\"><\/span>Yunanistan kap\u0131da vize ka\u00e7 g\u00fcn?<span class=\"ez-toc-section-end\"><\/span><\/h3>\n<div class=\"rank-math-answer \">\n\n<p><strong><a href=\"https:\/\/maps.app.goo.gl\/8WciYTxkd2rNARb86\" target=\"_blank\" rel=\"noreferrer noopener\">Yunanistan<\/a><\/strong> kap\u0131 vizesinin s\u00fcresi 2024 y\u0131l\u0131nda 7 g\u00fcnl\u00fck s\u00fcreyi kaps\u0131yor. 7 g\u00fcnden fazla bu adalarda kalamazs\u0131n\u0131z. Kal\u0131rsan\u0131z vize ihlali cezas\u0131 \u00f6dersiniz.<\/p>\n\n<\/div>\n<\/div>\n<\/div>\n<\/div>\n    <div class=\"xs_social_share_widget xs_share_url after_content \t\tmain_content  wslu-style-1 wslu-share-box-shaped wslu-fill-colored wslu-none wslu-share-horizontal wslu-theme-font-no wslu-main_content\">\n\n\t\t\n        <ul>\n\t\t\t        <\/ul>\n    <\/div> \n","protected":false},"excerpt":{"rendered":"<p>Son zamanlarda uygulamaya ba\u015flan\u0131lan kap\u0131 vizesi prosed\u00fcr\u00fc bir \u00e7ok ki\u015fide hem merak hem de heyecan uyand\u0131rd\u0131. Yunanistan kap\u0131 vizesi nedir ba\u015fl\u0131kl\u0131 bu yaz\u0131mda bu vizenin t\u00fcm detaylar\u0131na hakim olabileceksiniz. Pandemiden dolay\u0131 kald\u0131r\u0131lan, 2024 mart ay\u0131 itibariyle tekrar hayata ge\u00e7en Yunanistan kap\u0131 vizesi Yunan Adalar\u0131n\u0131 g\u00f6rmek i\u00e7in en g\u00fczel yollardan biri. Bu vize sayesinde k\u0131sa s\u00fcreli de olsa bu adalar\u0131 ziyaret edip keyifli bir tatil yapabilirsiniz. Schengen vizesi almadan bu adalar\u0131 g\u00f6rmek istiyorsan\u0131z yaz\u0131m\u0131zdaki t\u00fcm detaylar\u0131 iyi okuman\u0131z laz\u0131m. Hadi gelin Yunanistan kap\u0131 vizesi dosyam\u0131z\u0131 a\u00e7al\u0131m.<\/p>\n","protected":false},"author":34,"featured_media":20328,"comment_status":"open","ping_status":"open","sticky":false,"template":"","format":"standard","meta":{"rop_custom_images_group":[],"rop_custom_messages_group":[],"rop_publish_now":"initial","rop_publish_now_accounts":[],"rop_publish_now_history":[],"rop_publish_now_status":"pending","_cloudinary_featured_overwrite":false,"footnotes":""},"categories":[18,1],"tags":[10],"class_list":["post-22523","post","type-post","status-publish","format-standard","has-post-thumbnail","hentry","category-yunanistan","category-seyahat-rehberi","tag-yunanistan"],"_links":{"self":[{"href":"https:\/\/www.turna.com\/blog\/wp-json\/wp\/v2\/posts\/22523","targetHints":{"allow":["GET"]}}],"collection":[{"href":"https:\/\/www.turna.com\/blog\/wp-json\/wp\/v2\/posts"}],"about":[{"href":"https:\/\/www.turna.com\/blog\/wp-json\/wp\/v2\/types\/post"}],"author":[{"embeddable":true,"href":"https:\/\/www.turna.com\/blog\/wp-json\/wp\/v2\/users\/34"}],"replies":[{"embeddable":true,"href":"https:\/\/www.turna.com\/blog\/wp-json\/wp\/v2\/comments?post=22523"}],"version-history":[{"count":0,"href":"https:\/\/www.turna.com\/blog\/wp-json\/wp\/v2\/posts\/22523\/revisions"}],"wp:featuredmedia":[{"embeddable":true,"href":"https:\/\/www.turna.com\/blog\/wp-json\/wp\/v2\/media\/20328"}],"wp:attachment":[{"href":"https:\/\/www.turna.com\/blog\/wp-json\/wp\/v2\/media?parent=22523"}],"wp:term":[{"taxonomy":"category","embeddable":true,"href":"https:\/\/www.turna.com\/blog\/wp-json\/wp\/v2\/categories?post=22523"},{"taxonomy":"post_tag","embeddable":true,"href":"https:\/\/www.turna.com\/blog\/wp-json\/wp\/v2\/tags?post=22523"}],"curies":[{"name":"wp","href":"https:\/\/api.w.org\/{rel}","templated":true}]}}