{"id":22479,"date":"2024-03-14T11:58:07","date_gmt":"2024-03-14T08:58:07","guid":{"rendered":"https:\/\/www.turna.com\/blog\/?p=22479"},"modified":"2025-12-08T15:06:49","modified_gmt":"2025-12-08T12:06:49","slug":"dunyaca-unlu-gezginler","status":"publish","type":"post","link":"https:\/\/www.turna.com\/blog\/dunyaca-unlu-gezginler","title":{"rendered":"D\u00fcnyaca \u00dcnl\u00fc Gezginler: \u0130lham Veren 10 Seyyah"},"content":{"rendered":"<div id=\"ez-toc-container\" class=\"ez-toc-v2_0_82_2 counter-hierarchy ez-toc-counter ez-toc-black ez-toc-container-direction\">\n<div class=\"ez-toc-title-container\">\n<p class=\"ez-toc-title\" style=\"cursor:inherit\">\u0130\u00e7indekiler<\/p>\n<span class=\"ez-toc-title-toggle\"><a href=\"#\" class=\"ez-toc-pull-right ez-toc-btn ez-toc-btn-xs ez-toc-btn-default ez-toc-toggle\" aria-label=\"\u0130\u00e7indekiler Tablosunu A\u00e7\/Kapat\"><span class=\"ez-toc-js-icon-con\"><span class=\"\"><span class=\"eztoc-hide\" style=\"display:none;\">Toggle<\/span><span class=\"ez-toc-icon-toggle-span\"><svg style=\"fill: #ffffff;color:#ffffff\" xmlns=\"http:\/\/www.w3.org\/2000\/svg\" class=\"list-377408\" width=\"20px\" height=\"20px\" viewBox=\"0 0 24 24\" fill=\"none\"><path d=\"M6 6H4v2h2V6zm14 0H8v2h12V6zM4 11h2v2H4v-2zm16 0H8v2h12v-2zM4 16h2v2H4v-2zm16 0H8v2h12v-2z\" fill=\"currentColor\"><\/path><\/svg><svg style=\"fill: #ffffff;color:#ffffff\" class=\"arrow-unsorted-368013\" xmlns=\"http:\/\/www.w3.org\/2000\/svg\" width=\"10px\" height=\"10px\" viewBox=\"0 0 24 24\" version=\"1.2\" baseProfile=\"tiny\"><path d=\"M18.2 9.3l-6.2-6.3-6.2 6.3c-.2.2-.3.4-.3.7s.1.5.3.7c.2.2.4.3.7.3h11c.3 0 .5-.1.7-.3.2-.2.3-.5.3-.7s-.1-.5-.3-.7zM5.8 14.7l6.2 6.3 6.2-6.3c.2-.2.3-.5.3-.7s-.1-.5-.3-.7c-.2-.2-.4-.3-.7-.3h-11c-.3 0-.5.1-.7.3-.2.2-.3.5-.3.7s.1.5.3.7z\"\/><\/svg><\/span><\/span><\/span><\/a><\/span><\/div>\n<nav><ul class='ez-toc-list ez-toc-list-level-1 eztoc-toggle-hide-by-default' ><li class='ez-toc-page-1 ez-toc-heading-level-2'><a class=\"ez-toc-link ez-toc-heading-1\" href=\"https:\/\/www.turna.com\/blog\/dunyaca-unlu-gezginler\/#dunyanin_en_unlu_gezginleri\" >D\u00fcnyan\u0131n En \u00dcnl\u00fc Gezginleri<\/a><ul class='ez-toc-list-level-3' ><li class='ez-toc-heading-level-3'><a class=\"ez-toc-link ez-toc-heading-2\" href=\"https:\/\/www.turna.com\/blog\/dunyaca-unlu-gezginler\/#marco_polo_1254-1324\" >Marco Polo (1254-1324)<\/a><\/li><li class='ez-toc-page-1 ez-toc-heading-level-3'><a class=\"ez-toc-link ez-toc-heading-3\" href=\"https:\/\/www.turna.com\/blog\/dunyaca-unlu-gezginler\/#christoph_colomb_1451-1506\" >Christoph Colomb (1451-1506)<\/a><\/li><li class='ez-toc-page-1 ez-toc-heading-level-3'><a class=\"ez-toc-link ez-toc-heading-4\" href=\"https:\/\/www.turna.com\/blog\/dunyaca-unlu-gezginler\/#ibn_battuta_1304-1369\" >Ibn Battuta (1304-1369)<\/a><\/li><li class='ez-toc-page-1 ez-toc-heading-level-3'><a class=\"ez-toc-link ez-toc-heading-5\" href=\"https:\/\/www.turna.com\/blog\/dunyaca-unlu-gezginler\/#james_cook_1728-1779\" >James Cook (1728-1779)<\/a><\/li><li class='ez-toc-page-1 ez-toc-heading-level-3'><a class=\"ez-toc-link ez-toc-heading-6\" href=\"https:\/\/www.turna.com\/blog\/dunyaca-unlu-gezginler\/#ferdinand_magellan_1480-1521\" >Ferdinand Magellan (1480-1521)<\/a><\/li><li class='ez-toc-page-1 ez-toc-heading-level-3'><a class=\"ez-toc-link ez-toc-heading-7\" href=\"https:\/\/www.turna.com\/blog\/dunyaca-unlu-gezginler\/#vasco_da_gama_1460-1524\" >Vasco da Gama (1460-1524)<\/a><\/li><li class='ez-toc-page-1 ez-toc-heading-level-3'><a class=\"ez-toc-link ez-toc-heading-8\" href=\"https:\/\/www.turna.com\/blog\/dunyaca-unlu-gezginler\/#evliya_celebi_1611-1682\" >Evliya \u00c7elebi (1611-1682)<\/a><\/li><li class='ez-toc-page-1 ez-toc-heading-level-3'><a class=\"ez-toc-link ez-toc-heading-9\" href=\"https:\/\/www.turna.com\/blog\/dunyaca-unlu-gezginler\/#amerigo_vespucci_1454-1512\" >Amerigo Vespucci (1454-1512)<\/a><\/li><li class='ez-toc-page-1 ez-toc-heading-level-3'><a class=\"ez-toc-link ez-toc-heading-10\" href=\"https:\/\/www.turna.com\/blog\/dunyaca-unlu-gezginler\/#zheng_he_1371-1433\" >Zheng He (1371-1433)<\/a><\/li><li class='ez-toc-page-1 ez-toc-heading-level-3'><a class=\"ez-toc-link ez-toc-heading-11\" href=\"https:\/\/www.turna.com\/blog\/dunyaca-unlu-gezginler\/#sir_richard_francis_burton_1821-1890\" >Sir Richard Francis Burton (1821-1890)<\/a><\/li><\/ul><\/li><\/ul><\/nav><\/div>\n\n<p><strong>D\u00fcnyaca \u00fcnl\u00fc gezginler<\/strong>, tarih boyunca insanl\u0131\u011f\u0131n ke\u015fif ve macera tutkusunu temsil etmi\u015flerdir. Denizleri a\u015fan cesaretleriyle, k\u0131talar aras\u0131 yolculuklara \u00e7\u0131kan bu ka\u015fifler, bilinmeyen topraklar\u0131 ke\u015ffetmek i\u00e7in hayatlar\u0131n\u0131 riske atm\u0131\u015flar. Marco Polo&#8217;nun Do\u011fu&#8217;yu ke\u015ffi, Christopher Columbus&#8217;un Amerika&#8217;ya yolculu\u011fu, Magellan&#8217;\u0131n d\u00fcnya turu gibi efsanevi hikayeler, d\u00fcnyan\u0131n d\u00f6rt bir yan\u0131ndaki insanlar\u0131 merakland\u0131rm\u0131\u015f ve hayran b\u0131rakm\u0131\u015ft\u0131r. Bu cesur gezginlerin izinden gitmek, bizlere tarihin derinliklerine bir yolculuk yapma f\u0131rsat\u0131 sunar, ayn\u0131 zamanda i\u00e7imizdeki ke\u015ffetme arzusunu ate\u015fler. \u00d6yleyse, d\u00fcnyaca \u00fcnl\u00fc gezginlerin izinde bu heyecan verici ser\u00fcvene kat\u0131lal\u0131m.<\/p>\n\n\n\n<h2 class=\"wp-block-heading has-text-align-center has-neeon-button-dark-gray-color has-text-color has-link-color wp-elements-4e6d6f64ad8c6e95c432d816664cc431\"><span class=\"ez-toc-section\" id=\"dunyanin_en_unlu_gezginleri\"><\/span><strong><strong><strong><strong>D\u00fcnyan\u0131n En \u00dcnl\u00fc Gezginleri<\/strong><\/strong><\/strong><\/strong><span class=\"ez-toc-section-end\"><\/span><\/h2>\n\n\n\n<figure class=\"wp-block-image size-large\"><img width=\"800\" height=\"500\" decoding=\"async\" src=\"data:image\/svg+xml;base64,PHN2ZyB4bWxucz0iaHR0cDovL3d3dy53My5vcmcvMjAwMC9zdmciIHdpZHRoPSI4MDAiIGhlaWdodD0iNTAwIj48cmVjdCB3aWR0aD0iMTAwJSIgaGVpZ2h0PSIxMDAlIj48YW5pbWF0ZSBhdHRyaWJ1dGVOYW1lPSJmaWxsIiB2YWx1ZXM9InJnYmEoMTUzLDE1MywxNTMsMC41KTtyZ2JhKDE1MywxNTMsMTUzLDAuMSk7cmdiYSgxNTMsMTUzLDE1MywwLjUpIiBkdXI9IjJzIiByZXBlYXRDb3VudD0iaW5kZWZpbml0ZSIgLz48L3JlY3Q+PC9zdmc+\" alt=\"D\u00fcnyaca \u00fcnl\u00fc gezginler\" data-public-id=\"d\u00fcnyaca_\u00fcnl\u00fc_gezginler\/d\u00fcnyaca_\u00fcnl\u00fc_gezginler.jpg\" class=\"wp-post-22479 wp-image-22480\" data-format=\"jpg\" data-transformations=\"f_auto,q_auto:low\" data-version=\"1710406296\" data-seo=\"1\" data-size=\"800 500\" data-srcset=\"https:\/\/res.cloudinary.com\/turna\/images\/f_auto,q_auto:low\/v1710406296\/d\u00fcnyaca_\u00fcnl\u00fc_gezginler\/d\u00fcnyaca_\u00fcnl\u00fc_gezginler.jpg?_i=AA 800w, https:\/\/res.cloudinary.com\/turna\/images\/w_300,h_188,c_scale\/f_auto,q_auto:low\/v1710406296\/d\u00fcnyaca_\u00fcnl\u00fc_gezginler\/d\u00fcnyaca_\u00fcnl\u00fc_gezginler.jpg?_i=AA 300w, https:\/\/res.cloudinary.com\/turna\/images\/w_672,h_420,c_scale\/f_auto,q_auto:low\/v1710406296\/d\u00fcnyaca_\u00fcnl\u00fc_gezginler\/d\u00fcnyaca_\u00fcnl\u00fc_gezginler.jpg?_i=AA 672w, https:\/\/res.cloudinary.com\/turna\/images\/w_640,h_400,c_scale\/f_auto,q_auto:low\/v1710406296\/d\u00fcnyaca_\u00fcnl\u00fc_gezginler\/d\u00fcnyaca_\u00fcnl\u00fc_gezginler.jpg?_i=AA 640w, https:\/\/res.cloudinary.com\/turna\/images\/w_681,h_426,c_scale\/f_auto,q_auto:low\/v1710406296\/d\u00fcnyaca_\u00fcnl\u00fc_gezginler\/d\u00fcnyaca_\u00fcnl\u00fc_gezginler.jpg?_i=AA 681w\" data-sizes=\"(max-width: 800px) 100vw, 800px\" data-delivery=\"upload\" onload=\";window.CLDBind?CLDBind(this):null;\" data-cloudinary=\"lazy\" \/><\/figure>\n\n\n\n<p>Seyahat bir istek de\u011fil bir ihtiya\u00e7 bence. \u00d6yle ki tarih boyunca bir \u00e7ok ki\u015fi d\u00fcnyay\u0131 ke\u015ffetmek, ba\u015fka co\u011frafyalar\u0131, farkl\u0131 k\u00fclt\u00fcrleri g\u00f6rmek, tan\u0131mak i\u00e7in yollar a\u015fm\u0131\u015f. Bu ka\u015fiflerin baz\u0131lar\u0131 isimlerini tarihe alt\u0131n harflerle yazd\u0131rm\u0131\u015f. Bu seyyahlar ve ke\u015fifleri olduk\u00e7a heyecan verici. D\u00fcnya bir hazine sand\u0131\u011f\u0131 ve d\u00fcnyaca \u00fcnl\u00fc gezginlerin bize g\u00f6sterdi\u011fi gibi, bu hazineyi ke\u015ffetmek i\u00e7in yaln\u0131zca cesaret ve merak gerekiyor. \u0130\u015fte gezgin ruhumuzu besleyecek, bize ilham olacak <strong>d\u00fcnyaca \u00fcnl\u00fc gezginler<\/strong>&#8230;<\/p>\n\n\n\n<h3 class=\"wp-block-heading has-text-align-center has-neeon-button-dark-gray-color has-text-color has-link-color wp-elements-0028df2869f8a13ede607c6cfb1119f7\"><span class=\"ez-toc-section\" id=\"marco_polo_1254-1324\"><\/span><strong><strong><strong><strong>Marco Polo (1254-1324)<\/strong><\/strong><\/strong><\/strong><span class=\"ez-toc-section-end\"><\/span><\/h3>\n\n\n\n<figure class=\"wp-block-image size-large\"><img decoding=\"async\" src=\"https:\/\/res.cloudinary.com\/turna\/image\/upload\/v1710406297\/marco_polo.jpg\" alt=\"D\u00fcnyaca \u00fcnl\u00fc gezginler marco polo\"\/><\/figure>\n\n\n\n<p>Marco Polo, d\u00fcnya tarihindeki en \u00fcnl\u00fc ve etkileyici gezginlerden biri. 13. y\u00fczy\u0131l\u0131n ba\u015flar\u0131nda do\u011fan \u0130talyan t\u00fcccar, \u00c7in&#8217;e yapt\u0131\u011f\u0131 epik seyahatlerle tan\u0131n\u0131yor. Marco Polo&#8217;nun hikayesi, Do\u011fu&#8217;nun gizemli ve b\u00fcy\u00fcleyici d\u00fcnyas\u0131na olan merak\u0131n\u0131 ve cesaretini yans\u0131t\u0131yor. Polo&#8217;nun \u00c7in&#8217;de ge\u00e7irdi\u011fi y\u0131llar, o d\u00f6nemde Avrupa i\u00e7in neredeyse efsanevi olan do\u011fu medeniyetlerinin ger\u00e7ekli\u011fini g\u00f6zler \u00f6n\u00fcne serer. Onun hikayesi, sadece co\u011frafi ke\u015fiflerle de\u011fil, ayn\u0131 zamanda k\u00fclt\u00fcrel al\u0131\u015fveri\u015fin ve anlay\u0131\u015f\u0131n derinli\u011fiyle de dolu. Marco Polo, gezgin ruhuyla, bilinmeyene do\u011fru cesur bir yolculu\u011fun sembol\u00fc.<\/p>\n\n\n\n<h3 class=\"wp-block-heading has-text-align-center has-neeon-button-dark-gray-color has-text-color has-link-color wp-elements-7f4c55d8e10e4d364929ae90397c90de\"><span class=\"ez-toc-section\" id=\"christoph_colomb_1451-1506\"><\/span><strong><strong><strong><strong>Christoph Colomb (1451-1506)<\/strong><\/strong><\/strong><\/strong><span class=\"ez-toc-section-end\"><\/span><\/h3>\n\n\n\n<figure class=\"wp-block-image size-large\"><img decoding=\"async\" src=\"https:\/\/res.cloudinary.com\/turna\/image\/upload\/v1710406297\/kristof_kolomv.jpg\" alt=\"D\u00fcnyaca \u00fcnl\u00fc gezginler kristof kolomb\"\/><\/figure>\n\n\n\n<p><strong>D\u00fcnyaca&nbsp;\u00fcnl\u00fc&nbsp;seyyahlar<\/strong> denildi\u011finde akla gelen ilk isimlerden biri Kristof Kolomb. Colomb, ke\u015fifler tarihinde efsanevi bir fig\u00fcr olarak yer al\u0131r. \u0130talyan k\u00f6kenli olan ka\u015fif, 15. y\u00fczy\u0131l\u0131n sonlar\u0131nda Cebelitar\u0131k Bo\u011faz\u0131&#8217;n\u0131 ge\u00e7erek Amerika k\u0131tas\u0131n\u0131 &#8220;ke\u015ffeden&#8221; isim olarak biliniyor. Bu yolculu\u011fu, Avrupa&#8217;n\u0131n s\u0131n\u0131rlar\u0131n\u0131 geni\u015fletmek ve Do\u011fu&#8217;ya yeni bir deniz yolu bulmak amac\u0131yla ger\u00e7ekle\u015ftirmi\u015f. Kolomb&#8217;un seyahati, co\u011frafyan\u0131n yan\u0131 s\u0131ra tarih ve k\u00fclt\u00fcrde de \u00f6nemli bir d\u00f6n\u00fcm noktas\u0131 olmu\u015f. O, cesur bir k\u00e2\u015fif ve maceraperest ruhuyla, d\u00fcnyan\u0131n bilinmeyen sular\u0131nda yeni ufuklar aram\u0131\u015f.<\/p>\n\n\n\n<h3 class=\"wp-block-heading has-text-align-center has-neeon-button-dark-gray-color has-text-color has-link-color wp-elements-68a1c347c1fc52fe5f4f133d07614c4a\"><span class=\"ez-toc-section\" id=\"ibn_battuta_1304-1369\"><\/span><strong><strong><strong><strong>Ibn Battuta (1304-1369)<\/strong><\/strong><\/strong><\/strong><span class=\"ez-toc-section-end\"><\/span><\/h3>\n\n\n\n<figure class=\"wp-block-image size-large\"><img decoding=\"async\" src=\"https:\/\/res.cloudinary.com\/turna\/image\/upload\/v1710406297\/ibn_battuta.jpg\" alt=\"D\u00fcnyaca \u00fcnl\u00fc gezginler ibn battuta\"\/><\/figure>\n\n\n\n<p>Ibn Battuta, Orta \u00c7a\u011f&#8217;\u0131n en \u00fcnl\u00fc gezginlerinden biri olarak kabul edilir. Berberi as\u0131ll\u0131 olan Battuta, 14. y\u00fczy\u0131l boyunca \u0130slam d\u00fcnyas\u0131n\u0131 dola\u015farak bir\u00e7ok \u00fclkeyi ziyaret etmi\u015f. Seyahatnamesi, o d\u00f6nemdeki Orta Do\u011fu, Afrika ve Asya&#8217;n\u0131n detayl\u0131 bir portresini sunar. Ibn Battuta&#8217;n\u0131n maceralar\u0131, sadece co\u011frafi ke\u015fiflerle s\u0131n\u0131rl\u0131 kalmaz, ayn\u0131 zamanda o d\u00f6nemin k\u00fclt\u00fcrel ve sosyal dokusunu da anlamam\u0131za yard\u0131mc\u0131 olur. Onun hikayesi, merak\u0131n\u0131n s\u0131n\u0131rlar\u0131n\u0131 zorlayan, bilinmeyene do\u011fru at\u0131lan cesur bir ad\u0131m\u0131n izlerini ta\u015f\u0131r ve okuyucular\u0131n\u0131 d\u00fcnya \u00e7ap\u0131nda bir yolculu\u011fa davet eder.<\/p>\n\n\n\n<h3 class=\"wp-block-heading has-text-align-center has-neeon-button-dark-gray-color has-text-color has-link-color wp-elements-4877729b078ce1dd30d053a38d986acb\"><span class=\"ez-toc-section\" id=\"james_cook_1728-1779\"><\/span><strong><strong><strong><strong>James Cook (1728-1779)<\/strong><\/strong><\/strong><\/strong><span class=\"ez-toc-section-end\"><\/span><\/h3>\n\n\n\n<figure class=\"wp-block-image size-large\"><img decoding=\"async\" src=\"https:\/\/res.cloudinary.com\/turna\/image\/upload\/v1710406297\/james_cook.jpg\" alt=\"D\u00fcnyaca \u00fcnl\u00fc gezginler james cook\"\/><\/figure>\n\n\n\n<p>James Cook, ke\u015fif tarihinde iz b\u0131rakan bir kaptan ve k\u00e2\u015fiftir. 18. y\u00fczy\u0131l\u0131n ortalar\u0131nda ya\u015fayan Cook, B\u00fcy\u00fck Okyanus&#8217;un ke\u015ffi ve haritalanmas\u0131yla tan\u0131n\u0131r. \u0130ngiliz Kraliyet Donanmas\u0131&#8217;nda g\u00f6rev yaparken ger\u00e7ekle\u015ftirdi\u011fi \u00fc\u00e7 b\u00fcy\u00fck yolculuk, Avustralya&#8217;n\u0131n ke\u015ffi ve Pasifik adalar\u0131n\u0131n haritas\u0131n\u0131n \u00e7\u0131kar\u0131lmas\u0131 gibi \u00f6nemli ba\u015far\u0131larla sonu\u00e7lanm\u0131\u015f. Cook&#8217;un ke\u015fifleri, o d\u00f6nemde bilinmeyen sular\u0131n haritas\u0131n\u0131 \u00e7\u0131karmakla kalmam\u0131\u015f, ayn\u0131 zamanda co\u011frafi bilginin ve denizcilik teknolojisinin geli\u015fimine de katk\u0131da bulunmu\u015f. Onun maceralar\u0131, d\u00fcnya haritas\u0131n\u0131 de\u011fi\u015ftiren cesur bir k\u00e2\u015fifin izlerini takip eden herkes i\u00e7in ilham verici bir hikayedir.<\/p>\n\n\n\n<h3 class=\"wp-block-heading has-text-align-center has-neeon-button-dark-gray-color has-text-color has-link-color wp-elements-1ecd78b3550b5503a6ff571e0536b231\"><span class=\"ez-toc-section\" id=\"ferdinand_magellan_1480-1521\"><\/span><strong><strong><strong><strong>Ferdinand Magellan (1480-1521)<\/strong><\/strong><\/strong><\/strong><span class=\"ez-toc-section-end\"><\/span><\/h3>\n\n\n\n<figure class=\"wp-block-image size-large\"><img decoding=\"async\" src=\"https:\/\/res.cloudinary.com\/turna\/image\/upload\/v1710406296\/ferdinand_magellan.jpg\" alt=\"Ferdinand Magellan\n\"\/><\/figure>\n\n\n\n<p>Ferdinand Magellan, d\u00fcnya tarihinde unutulmaz bir yere sahip olan bir denizci ve ka\u015fif. 16. y\u00fczy\u0131l\u0131n ba\u015flar\u0131nda ya\u015fayan Magellan, Portekizli bir ka\u015fif olarak bilinir. Onun en \u00fcnl\u00fc ba\u015far\u0131s\u0131, 1519&#8217;da ba\u015flayan ve 1522&#8217;de tamamlanan d\u00fcnya turu olan yolculu\u011fu. Bu yolculuk, Magellan&#8217;\u0131n liderli\u011findeki be\u015f geminin, d\u00fcnya \u00e7evresindeki ilk tam seyri olarak tarihe ge\u00e7mi\u015f. Magellan&#8217;\u0131n ke\u015fifleri, d\u00fcnya haritas\u0131n\u0131 yeniden \u015fekillendirmi\u015f ve d\u00fcnya denizcilik tarihinde bir d\u00f6n\u00fcm noktas\u0131 olmu\u015f. Onun hikayesi, ke\u015ffetme arzusunun ve insan\u0131n s\u0131n\u0131rlar\u0131n\u0131 zorlama tutkusunun bir simgesi. Magellan, cesur bir ruhla donanm\u0131\u015f bir k\u00e2\u015fif olarak, bilinmeyen sular\u0131n \u00f6tesine do\u011fru yola \u00e7\u0131kanlara ilham veriyor.<\/p>\n\n\n\n<h3 class=\"wp-block-heading has-text-align-center has-neeon-button-dark-gray-color has-text-color has-link-color wp-elements-3fde74b8c2c7858a81c32b57cdf08edb\"><span class=\"ez-toc-section\" id=\"vasco_da_gama_1460-1524\"><\/span><strong><strong><strong><strong>Vasco da Gama (1460-1524)<\/strong><\/strong><\/strong><\/strong><span class=\"ez-toc-section-end\"><\/span><\/h3>\n\n\n\n<figure class=\"wp-block-image size-large\"><img decoding=\"async\" src=\"https:\/\/res.cloudinary.com\/turna\/image\/upload\/v1710406296\/vasco_de_gama.jpg\" alt=\"Vasco da Gama\"\/><\/figure>\n\n\n\n<p>Vasco da Gama, ke\u015fif \u00e7a\u011f\u0131n\u0131n \u00f6nde gelen fig\u00fcrlerinden biri. 15. ve 16. y\u00fczy\u0131llar aras\u0131nda ya\u015fam\u0131\u015f olan Portekizli ka\u015fif, deniz yoluyla Hindistan&#8217;a ula\u015fan ilk Avrupal\u0131. 1497 y\u0131l\u0131nda ba\u015flatt\u0131\u011f\u0131 seyahati, G\u00fcney Atlantik Okyanusu ve Hint Okyanusu&#8217;nu a\u015farak, Afrika&#8217;n\u0131n g\u00fcneyinden Hindistan&#8217;a ula\u015fmas\u0131yla tarihe ge\u00e7mi\u015f. Bu yolculuk, Avrupa ile Asya aras\u0131ndaki ticaret yollar\u0131n\u0131 ke\u015ffetmek ve geni\u015fletmek i\u00e7in b\u00fcy\u00fck \u00f6nem ta\u015f\u0131m\u0131\u015f. Vasco da Gama&#8217;n\u0131n ke\u015ffi, co\u011frafi ke\u015fiflerin ve k\u00fclt\u00fcrel etkile\u015fimin kap\u0131lar\u0131n\u0131 daha da a\u00e7m\u0131\u015f, d\u00fcnya tarihindeki \u00f6nemli d\u00f6n\u00fcm noktalar\u0131ndan birini olu\u015fturmu\u015f. Gama bilinmeyene do\u011fru at\u0131lan bir ad\u0131m\u0131n nas\u0131l b\u00fcy\u00fck sonu\u00e7lar do\u011furabilece\u011fini g\u00f6steren ilham verici bir \u00f6rnek.<\/p>\n\n\n\n<h3 class=\"wp-block-heading has-text-align-center has-neeon-button-dark-gray-color has-text-color has-link-color wp-elements-a1688d022ac50d62b76c8d44839001f3\"><span class=\"ez-toc-section\" id=\"evliya_celebi_1611-1682\"><\/span><strong><strong><strong><strong>Evliya \u00c7elebi (1611-1682)<\/strong><\/strong><\/strong><\/strong><span class=\"ez-toc-section-end\"><\/span><\/h3>\n\n\n\n<figure class=\"wp-block-image size-large\"><img decoding=\"async\" src=\"https:\/\/res.cloudinary.com\/turna\/image\/upload\/v1710406296\/evliya_%C3%A7elebi.jpg\" alt=\"Evliya \u00c7elebi\"\/><\/figure>\n\n\n\n<p><strong>Tarihteki T\u00fcrk gezginler<\/strong> aras\u0131nda \u00f6nemli bir yere sahip olan Evliya \u00c7elebi, 17. y\u00fczy\u0131lda Osmanl\u0131 \u0130mparatorlu\u011fu&#8217;nun geni\u015f topraklar\u0131n\u0131 dola\u015fan \u00fcnl\u00fc bir seyyah. Seyahatnamesi, o d\u00f6nemin co\u011frafyas\u0131, k\u00fclt\u00fcr\u00fc ve insanlar\u0131 hakk\u0131nda e\u015fsiz bir kaynak niteli\u011fi ta\u015f\u0131yor. Evliya \u00c7elebi&#8217;nin gezi yaz\u0131lar\u0131, hem do\u011fu\u015ftan gelen bir merak\u0131n hem de kapsaml\u0131 bir g\u00f6zlem yetene\u011finin \u00fcr\u00fcn\u00fc. O, T\u00fcrk k\u00fclt\u00fcr\u00fcn\u00fcn ve tarihinin \u00f6nemli bir par\u00e7as\u0131 olan bu eseriyle, T\u00fcrk gezginler aras\u0131nda unutulmaz bir yere sahip.<\/p>\n\n\n\n<h3 class=\"wp-block-heading has-text-align-center has-neeon-button-dark-gray-color has-text-color has-link-color wp-elements-4db1d07294e90e72845c62cac52fcea3\"><span class=\"ez-toc-section\" id=\"amerigo_vespucci_1454-1512\"><\/span><strong><strong><strong><strong>Amerigo Vespucci (1454-1512)<\/strong><\/strong><\/strong><\/strong><span class=\"ez-toc-section-end\"><\/span><\/h3>\n\n\n\n<figure class=\"wp-block-image size-large\"><img decoding=\"async\" src=\"https:\/\/res.cloudinary.com\/turna\/image\/upload\/v1710406296\/amerigo_vespucci.jpg\" alt=\"Amerigo Vespucci\"\/><\/figure>\n\n\n\n<p>Amerigo Vespucci, ke\u015fif tarihinin dikkate de\u011fer fig\u00fcrlerinden biri. 15. y\u00fczy\u0131lda ya\u015fayan \u0130talyan k\u00e2\u015fif, Amerika k\u0131tas\u0131n\u0131n Avrupa&#8217;ya tan\u0131t\u0131lmas\u0131nda \u00f6nemli bir rol oynam\u0131\u015f. Vespucci&#8217;nin yolculuklar\u0131, bilinmeyen sular\u0131n \u00f6tesine do\u011fru cesur bir ad\u0131m\u0131n izlerini ta\u015f\u0131yor. Amerika k\u0131tas\u0131n\u0131n ke\u015ffi, sadece co\u011frafi olarak de\u011fil, ayn\u0131 zamanda tarihi ve k\u00fclt\u00fcrel a\u00e7\u0131dan da b\u00fcy\u00fck bir d\u00f6n\u00fcm noktas\u0131 olmu\u015f. Vespucci&#8217;nin ad\u0131, bu yeni k\u0131taya verilen isimle \u00f6l\u00fcms\u00fczle\u015fmi\u015f.<\/p>\n\n\n\n<h3 class=\"wp-block-heading has-text-align-center has-neeon-button-dark-gray-color has-text-color has-link-color wp-elements-024ad783fccabc48f2f53ab929dc9b0a\"><span class=\"ez-toc-section\" id=\"zheng_he_1371-1433\"><\/span><strong><strong><strong><strong>Zheng He (1371-1433)<\/strong><\/strong><\/strong><\/strong><span class=\"ez-toc-section-end\"><\/span><\/h3>\n\n\n\n<figure class=\"wp-block-image size-large\"><img decoding=\"async\" src=\"https:\/\/res.cloudinary.com\/turna\/image\/upload\/v1710406297\/zheng_he.jpg\" alt=\"Zheng He\"\/><\/figure>\n\n\n\n<p>Zheng He, \u00c7in tarihinin ve ke\u015fiflerinin unutulmaz fig\u00fcrlerinden biri. 15. y\u00fczy\u0131lda ya\u015fam\u0131\u015f olan \u00c7inli amiral ve ka\u015fif, B\u00fcy\u00fck Donanma&#8217;n\u0131n komutan\u0131 olarak biliniyor. Zheng He&#8217;nin liderli\u011findeki deniz seferleri, \u00c7in&#8217;in s\u0131n\u0131rlar\u0131n\u0131 geni\u015fletmek ve deniza\u015f\u0131r\u0131 ticaret ba\u011flant\u0131lar\u0131n\u0131 g\u00fc\u00e7lendirmek i\u00e7in yap\u0131lm\u0131\u015f. \u00c7in&#8217;in Hindistan, Arap Yar\u0131madas\u0131, Afrika ve G\u00fcneydo\u011fu Asya&#8217;ya yapt\u0131\u011f\u0131 yolculuklar, o d\u00f6nemdeki deniz ticaretinin ve k\u00fclt\u00fcrel al\u0131\u015fveri\u015fin \u00f6nemli bir par\u00e7as\u0131 olmu\u015f. Zheng He, cesur bir ruha sahip olan ve bilinmeyene do\u011fru at\u0131lan b\u00fcy\u00fck bir ad\u0131m\u0131n sembol\u00fcd\u00fcr.<\/p>\n\n\n\n<h3 class=\"wp-block-heading has-text-align-center has-neeon-button-dark-gray-color has-text-color has-link-color wp-elements-2f77deeab8b34247b9ef6ba6bfb58dce\"><span class=\"ez-toc-section\" id=\"sir_richard_francis_burton_1821-1890\"><\/span><strong><strong><strong><strong>Sir Richard Francis Burton (1821-1890)<\/strong><\/strong><\/strong><\/strong><span class=\"ez-toc-section-end\"><\/span><\/h3>\n\n\n\n<figure class=\"wp-block-image size-large\"><img decoding=\"async\" src=\"https:\/\/res.cloudinary.com\/turna\/image\/upload\/v1710406296\/Sir_Richard_Francis_Burton.jpg\" alt=\"Sir Richard Francis Burton\"\/><\/figure>\n\n\n\n<p>Sir Richard Francis Burton, d\u00fcnyaca \u00fcnl\u00fc gezginler aras\u0131nda 19. y\u00fczy\u0131l\u0131n \u00f6nde gelen ka\u015fiflerinden biri. \u0130ngiliz do\u011fa bilimci, yazar, asker ve diplomat olarak \u00e7e\u015fitli alanlarda faaliyet g\u00f6stermi\u015f. Burton, Afrika, Orta Do\u011fu ve Hindistan gibi b\u00f6lgelerde ke\u015fifler yapm\u0131\u015f, yerel k\u00fclt\u00fcrleri ve dilleri incelemi\u015f. \u00d6zellikle, 1850&#8217;lerde \u0130slam d\u00fcnyas\u0131n\u0131 ve Kabe&#8217;yi ziyaret eden Bat\u0131l\u0131 olmayan ilk ki\u015fi olarak tan\u0131nmas\u0131yla \u00fcn kazanm\u0131\u015f. Ayr\u0131ca, Hindistan&#8217;daki Thuggee su\u00e7 \u00f6rg\u00fct\u00fcn\u00fcn derinlemesine incelenmesi ve \u00e7\u00f6z\u00fclmesine de katk\u0131da bulunmu\u015f. Burton, cesur ve merakl\u0131 bir ruha sahip olan ve d\u00fcnya \u00fczerinde bilinmeyen topraklara olan tutkusunu hayat\u0131 boyunca s\u00fcrd\u00fcren bir gezgin olarak hat\u0131rlan\u0131r.<\/p>\n\n\n\n<p><strong><a href=\"https:\/\/www.turna.com\/blog\/ulkelerin-tuhaf-kurallari?swcfpc=1\">\u00dclkelerin Tuhaf Kurallar\u0131: \u015ea\u015f\u0131raca\u011f\u0131n\u0131z 9 Yasak<\/a><\/strong><\/p>\n\n\n\n<p><strong><a href=\"https:\/\/www.turna.com\/blog\/dunyanin-en-buyuk-havalimanlari?swcfpc=1\">D\u00fcnyan\u0131n En B\u00fcy\u00fck Havalimanlar\u0131<\/a><\/strong><\/p>\n\n\n\n<p><strong><a href=\"https:\/\/www.turna.com\/blog\/dunyayi-kesfetmeyi-sevenlere-seyahat-kitabi-onerileri?swcfpc=1\" target=\"_blank\" rel=\"noreferrer noopener\">Gezi Kitaplar\u0131 \u00d6nerileri: Olmazsa Olmaz 9 Kitap<\/a><\/strong><\/p>\n\n    <div class=\"xs_social_share_widget xs_share_url after_content \t\tmain_content  wslu-style-1 wslu-share-box-shaped wslu-fill-colored wslu-none wslu-share-horizontal wslu-theme-font-no wslu-main_content\">\n\n\t\t\n        <ul>\n\t\t\t        <\/ul>\n    <\/div> \n","protected":false},"excerpt":{"rendered":"<p>D\u00fcnyaca \u00fcnl\u00fc gezginler, tarih boyunca insanl\u0131\u011f\u0131n ke\u015fif ve macera tutkusunu temsil etmi\u015flerdir. Denizleri a\u015fan cesaretleriyle, k\u0131talar aras\u0131 yolculuklara \u00e7\u0131kan bu ka\u015fifler, bilinmeyen topraklar\u0131 ke\u015ffetmek i\u00e7in hayatlar\u0131n\u0131 riske atm\u0131\u015flar. Marco Polo&#8217;nun Do\u011fu&#8217;yu ke\u015ffi, Christopher Columbus&#8217;un Amerika&#8217;ya yolculu\u011fu, Magellan&#8217;\u0131n d\u00fcnya turu gibi efsanevi hikayeler, d\u00fcnyan\u0131n d\u00f6rt bir yan\u0131ndaki insanlar\u0131 merakland\u0131rm\u0131\u015f ve hayran b\u0131rakm\u0131\u015ft\u0131r. Bu cesur gezginlerin izinden gitmek, bizlere tarihin derinliklerine bir yolculuk yapma f\u0131rsat\u0131 sunar, ayn\u0131 zamanda i\u00e7imizdeki ke\u015ffetme arzusunu ate\u015fler. \u00d6yleyse, d\u00fcnyaca \u00fcnl\u00fc gezginlerin izinde bu heyecan verici ser\u00fcvene kat\u0131lal\u0131m.<\/p>\n","protected":false},"author":34,"featured_media":22480,"comment_status":"open","ping_status":"open","sticky":false,"template":"","format":"standard","meta":{"rop_custom_images_group":[],"rop_custom_messages_group":[],"rop_publish_now":"initial","rop_publish_now_accounts":[],"rop_publish_now_history":[],"rop_publish_now_status":"pending","_cloudinary_featured_overwrite":false,"footnotes":""},"categories":[1],"tags":[],"class_list":["post-22479","post","type-post","status-publish","format-standard","has-post-thumbnail","hentry","category-seyahat-rehberi"],"_links":{"self":[{"href":"https:\/\/www.turna.com\/blog\/wp-json\/wp\/v2\/posts\/22479","targetHints":{"allow":["GET"]}}],"collection":[{"href":"https:\/\/www.turna.com\/blog\/wp-json\/wp\/v2\/posts"}],"about":[{"href":"https:\/\/www.turna.com\/blog\/wp-json\/wp\/v2\/types\/post"}],"author":[{"embeddable":true,"href":"https:\/\/www.turna.com\/blog\/wp-json\/wp\/v2\/users\/34"}],"replies":[{"embeddable":true,"href":"https:\/\/www.turna.com\/blog\/wp-json\/wp\/v2\/comments?post=22479"}],"version-history":[{"count":0,"href":"https:\/\/www.turna.com\/blog\/wp-json\/wp\/v2\/posts\/22479\/revisions"}],"wp:featuredmedia":[{"embeddable":true,"href":"https:\/\/www.turna.com\/blog\/wp-json\/wp\/v2\/media\/22480"}],"wp:attachment":[{"href":"https:\/\/www.turna.com\/blog\/wp-json\/wp\/v2\/media?parent=22479"}],"wp:term":[{"taxonomy":"category","embeddable":true,"href":"https:\/\/www.turna.com\/blog\/wp-json\/wp\/v2\/categories?post=22479"},{"taxonomy":"post_tag","embeddable":true,"href":"https:\/\/www.turna.com\/blog\/wp-json\/wp\/v2\/tags?post=22479"}],"curies":[{"name":"wp","href":"https:\/\/api.w.org\/{rel}","templated":true}]}}