{"id":22460,"date":"2024-03-12T20:29:29","date_gmt":"2024-03-12T17:29:29","guid":{"rendered":"https:\/\/www.turna.com\/blog\/?p=22460"},"modified":"2025-12-08T15:04:06","modified_gmt":"2025-12-08T12:04:06","slug":"avrupanin-en-iyi-plajlari","status":"publish","type":"post","link":"https:\/\/www.turna.com\/blog\/avrupanin-en-iyi-plajlari","title":{"rendered":"Avrupa&#8217;n\u0131n En \u0130yi Plajlar\u0131 : 25 Harika Yer"},"content":{"rendered":"<div id=\"ez-toc-container\" class=\"ez-toc-v2_0_82_2 counter-hierarchy ez-toc-counter ez-toc-black ez-toc-container-direction\">\n<div class=\"ez-toc-title-container\">\n<p class=\"ez-toc-title\" style=\"cursor:inherit\">\u0130\u00e7indekiler<\/p>\n<span class=\"ez-toc-title-toggle\"><a href=\"#\" class=\"ez-toc-pull-right ez-toc-btn ez-toc-btn-xs ez-toc-btn-default ez-toc-toggle\" aria-label=\"\u0130\u00e7indekiler Tablosunu A\u00e7\/Kapat\"><span class=\"ez-toc-js-icon-con\"><span class=\"\"><span class=\"eztoc-hide\" style=\"display:none;\">Toggle<\/span><span class=\"ez-toc-icon-toggle-span\"><svg style=\"fill: #ffffff;color:#ffffff\" xmlns=\"http:\/\/www.w3.org\/2000\/svg\" class=\"list-377408\" width=\"20px\" height=\"20px\" viewBox=\"0 0 24 24\" fill=\"none\"><path d=\"M6 6H4v2h2V6zm14 0H8v2h12V6zM4 11h2v2H4v-2zm16 0H8v2h12v-2zM4 16h2v2H4v-2zm16 0H8v2h12v-2z\" fill=\"currentColor\"><\/path><\/svg><svg style=\"fill: #ffffff;color:#ffffff\" class=\"arrow-unsorted-368013\" xmlns=\"http:\/\/www.w3.org\/2000\/svg\" width=\"10px\" height=\"10px\" viewBox=\"0 0 24 24\" version=\"1.2\" baseProfile=\"tiny\"><path d=\"M18.2 9.3l-6.2-6.3-6.2 6.3c-.2.2-.3.4-.3.7s.1.5.3.7c.2.2.4.3.7.3h11c.3 0 .5-.1.7-.3.2-.2.3-.5.3-.7s-.1-.5-.3-.7zM5.8 14.7l6.2 6.3 6.2-6.3c.2-.2.3-.5.3-.7s-.1-.5-.3-.7c-.2-.2-.4-.3-.7-.3h-11c-.3 0-.5.1-.7.3-.2.2-.3.5-.3.7s.1.5.3.7z\"\/><\/svg><\/span><\/span><\/span><\/a><\/span><\/div>\n<nav><ul class='ez-toc-list ez-toc-list-level-1 eztoc-toggle-hide-by-default' ><li class='ez-toc-page-1 ez-toc-heading-level-2'><a class=\"ez-toc-link ez-toc-heading-1\" href=\"https:\/\/www.turna.com\/blog\/avrupanin-en-iyi-plajlari\/#avrupanin_en_iyi_plajlari\" >Avrupa&#8217;n\u0131n En \u0130yi Plajlar\u0131<\/a><ul class='ez-toc-list-level-3' ><li class='ez-toc-heading-level-3'><a class=\"ez-toc-link ez-toc-heading-2\" href=\"https:\/\/www.turna.com\/blog\/avrupanin-en-iyi-plajlari\/#praia_da_falesia\" >Praia da Fal\u00e9sia<\/a><\/li><li class='ez-toc-page-1 ez-toc-heading-level-3'><a class=\"ez-toc-link ez-toc-heading-3\" href=\"https:\/\/www.turna.com\/blog\/avrupanin-en-iyi-plajlari\/#spiaggia_dei_conigli\" >Spiaggia dei Conigli<\/a><\/li><li class='ez-toc-page-1 ez-toc-heading-level-3'><a class=\"ez-toc-link ez-toc-heading-4\" href=\"https:\/\/www.turna.com\/blog\/avrupanin-en-iyi-plajlari\/#la_concha_beach\" >La Concha Beach<\/a><\/li><li class='ez-toc-page-1 ez-toc-heading-level-3'><a class=\"ez-toc-link ez-toc-heading-5\" href=\"https:\/\/www.turna.com\/blog\/avrupanin-en-iyi-plajlari\/#reynisfjara_beach\" >Reynisfjara Beach<\/a><\/li><li class='ez-toc-page-1 ez-toc-heading-level-3'><a class=\"ez-toc-link ez-toc-heading-6\" href=\"https:\/\/www.turna.com\/blog\/avrupanin-en-iyi-plajlari\/#playa_de_las_canteras\" >Playa de Las Canteras<\/a><\/li><li class='ez-toc-page-1 ez-toc-heading-level-3'><a class=\"ez-toc-link ez-toc-heading-7\" href=\"https:\/\/www.turna.com\/blog\/avrupanin-en-iyi-plajlari\/#falassarna_beach\" >Falassarna Beach<\/a><\/li><li class='ez-toc-page-1 ez-toc-heading-level-3'><a class=\"ez-toc-link ez-toc-heading-8\" href=\"https:\/\/www.turna.com\/blog\/avrupanin-en-iyi-plajlari\/#nissi_beach\" >Nissi Beach<\/a><\/li><li class='ez-toc-page-1 ez-toc-heading-level-3'><a class=\"ez-toc-link ez-toc-heading-9\" href=\"https:\/\/www.turna.com\/blog\/avrupanin-en-iyi-plajlari\/#myrtos_beach\" >Myrtos Beach<\/a><\/li><li class='ez-toc-page-1 ez-toc-heading-level-3'><a class=\"ez-toc-link ez-toc-heading-10\" href=\"https:\/\/www.turna.com\/blog\/avrupanin-en-iyi-plajlari\/#playa_de_maspalomas\" >Playa de Maspalomas<\/a><\/li><li class='ez-toc-page-1 ez-toc-heading-level-3'><a class=\"ez-toc-link ez-toc-heading-11\" href=\"https:\/\/www.turna.com\/blog\/avrupanin-en-iyi-plajlari\/#black_sand_beach\" >Black Sand Beach<\/a><\/li><li class='ez-toc-page-1 ez-toc-heading-level-3'><a class=\"ez-toc-link ez-toc-heading-12\" href=\"https:\/\/www.turna.com\/blog\/avrupanin-en-iyi-plajlari\/#playa_de_muro_beach\" >Playa de Muro Beach<\/a><\/li><li class='ez-toc-page-1 ez-toc-heading-level-3'><a class=\"ez-toc-link ez-toc-heading-13\" href=\"https:\/\/www.turna.com\/blog\/avrupanin-en-iyi-plajlari\/#anthony_quinn_bay\" >Anthony Quinn Bay<\/a><\/li><li class='ez-toc-page-1 ez-toc-heading-level-3'><a class=\"ez-toc-link ez-toc-heading-14\" href=\"https:\/\/www.turna.com\/blog\/avrupanin-en-iyi-plajlari\/#plage_de_palombaggia\" >Plage de Palombaggia<\/a><\/li><li class='ez-toc-page-1 ez-toc-heading-level-3'><a class=\"ez-toc-link ez-toc-heading-15\" href=\"https:\/\/www.turna.com\/blog\/avrupanin-en-iyi-plajlari\/#matala_beach\" >Matala Beach<\/a><\/li><li class='ez-toc-page-1 ez-toc-heading-level-3'><a class=\"ez-toc-link ez-toc-heading-16\" href=\"https:\/\/www.turna.com\/blog\/avrupanin-en-iyi-plajlari\/#fig_tree_bay\" >Fig Tree Bay<\/a><\/li><li class='ez-toc-page-1 ez-toc-heading-level-3'><a class=\"ez-toc-link ez-toc-heading-17\" href=\"https:\/\/www.turna.com\/blog\/avrupanin-en-iyi-plajlari\/#iztuzu_plaji\" >\u0130ztuzu Plaj\u0131<\/a><\/li><li class='ez-toc-page-1 ez-toc-heading-level-3'><a class=\"ez-toc-link ez-toc-heading-18\" href=\"https:\/\/www.turna.com\/blog\/avrupanin-en-iyi-plajlari\/#cala_mariolu\" >Cala Mariolu<\/a><\/li><li class='ez-toc-page-1 ez-toc-heading-level-3'><a class=\"ez-toc-link ez-toc-heading-19\" href=\"https:\/\/www.turna.com\/blog\/avrupanin-en-iyi-plajlari\/#makronissos_beach\" >Makronissos Beach<\/a><\/li><li class='ez-toc-page-1 ez-toc-heading-level-3'><a class=\"ez-toc-link ez-toc-heading-20\" href=\"https:\/\/www.turna.com\/blog\/avrupanin-en-iyi-plajlari\/#weymouth_beach\" >Weymouth Beach<\/a><\/li><li class='ez-toc-page-1 ez-toc-heading-level-3'><a class=\"ez-toc-link ez-toc-heading-21\" href=\"https:\/\/www.turna.com\/blog\/avrupanin-en-iyi-plajlari\/#bournemouth_beach\" >Bournemouth Beach<\/a><\/li><li class='ez-toc-page-1 ez-toc-heading-level-3'><a class=\"ez-toc-link ez-toc-heading-22\" href=\"https:\/\/www.turna.com\/blog\/avrupanin-en-iyi-plajlari\/#konyaalti_plaji\" >Konyaalt\u0131 Plaj\u0131<\/a><\/li><li class='ez-toc-page-1 ez-toc-heading-level-3'><a class=\"ez-toc-link ez-toc-heading-23\" href=\"https:\/\/www.turna.com\/blog\/avrupanin-en-iyi-plajlari\/#praia_da_nazare\" >Praia da Nazare<\/a><\/li><li class='ez-toc-page-1 ez-toc-heading-level-3'><a class=\"ez-toc-link ez-toc-heading-24\" href=\"https:\/\/www.turna.com\/blog\/avrupanin-en-iyi-plajlari\/#lido_marakaibbo\" >Lido Marakaibbo<\/a><\/li><li class='ez-toc-page-1 ez-toc-heading-level-3'><a class=\"ez-toc-link ez-toc-heading-25\" href=\"https:\/\/www.turna.com\/blog\/avrupanin-en-iyi-plajlari\/#praia_dos_tres_irmaos\" >Praia dos Tr\u00eas Irm\u00e3os<\/a><\/li><li class='ez-toc-page-1 ez-toc-heading-level-3'><a class=\"ez-toc-link ez-toc-heading-26\" href=\"https:\/\/www.turna.com\/blog\/avrupanin-en-iyi-plajlari\/#mellieha_beach\" >Mellieha Beach<\/a><\/li><\/ul><\/li><\/ul><\/nav><\/div>\n\n<p>Avrupa&#8217;n\u0131n muhte\u015fem k\u0131y\u0131lar\u0131, bizlere \u00e7a\u011fr\u0131 yap\u0131yor. Bu sahiller g\u00f6z al\u0131c\u0131 mavisi, do\u011fas\u0131 ile en iyiler listesine ad\u0131n\u0131 yazd\u0131rm\u0131\u015f. <strong>Avrupa&#8217;n\u0131n en iyi plajlar\u0131<\/strong>, d\u00fcnyan\u0131n d\u00f6rt bir yan\u0131ndaki gezginlerin hayallerini s\u00fcsl\u00fcyor. TripAdvisor&#8217;\u0131n 12 ayl\u0131k kullan\u0131c\u0131 yorumlar\u0131 ve g\u00f6r\u00fc\u015fleriyle belirlenen bu liste, deniz severler i\u00e7in bir ba\u015fvuru kayna\u011f\u0131. G\u00f6z al\u0131c\u0131 manzaralar\u0131yla, berrak sular\u0131yla ve s\u0131cak atmosferleriyle bu plajlar, unutulmaz bir tatil deneyimi sunmak i\u00e7in sizi bekliyor.<\/p>\n\n\n\n<h2 class=\"wp-block-heading has-text-align-center has-neeon-button-dark-gray-color has-text-color has-link-color wp-elements-4e4a3f19bec92ceee7efe4057004a66a\"><span class=\"ez-toc-section\" id=\"avrupanin_en_iyi_plajlari\"><\/span><strong><strong><strong><strong>Avrupa&#8217;n\u0131n En \u0130yi Plajlar\u0131<\/strong><\/strong><\/strong><\/strong><span class=\"ez-toc-section-end\"><\/span><\/h2>\n\n\n\n<p>Avrupa sahilleri, her zevke ve tercihe hitap eden geni\u015f bir yelpazede yer al\u0131yor. TripAdvisor&#8217;\u0131n titiz bir de\u011ferlendirme s\u00fcreci sonucunda belirlenen 25 maddelik listede, T\u00fcrkiye&#8217;den de 2 plaj\u0131n yer almas\u0131, \u00fclkemizin sahip oldu\u011fu e\u015fsiz do\u011fal g\u00fczelliklerin bir yans\u0131mas\u0131. Bu plajlar, kristal berrakl\u0131\u011f\u0131ndaki sular\u0131, alt\u0131n kumlar\u0131 ve misafirperver atmosferleriyle Avrupa&#8217;n\u0131n en iyi plajlar\u0131 aras\u0131nda hakl\u0131 bir yer edinmi\u015f. Her biri, unutulmaz bir tatil deneyimi sunmak i\u00e7in bekleyen benzersiz bir ser\u00fcvenin kap\u0131lar\u0131n\u0131 aral\u0131yor. Sizi daha fazla bekletmeden, tatil planlar\u0131n\u0131z\u0131 \u015fekillendirecek o muhte\u015fem plajlar\u0131 anlatmaya ba\u015fl\u0131yorum.<\/p>\n\n\n\n<h3 class=\"wp-block-heading has-text-align-center has-neeon-button-dark-gray-color has-text-color has-link-color wp-elements-d172e350cbb02039ac3cb52c402ee4fd\"><span class=\"ez-toc-section\" id=\"praia_da_falesia\"><\/span><strong><strong><strong><strong>Praia da Fal\u00e9sia<\/strong><\/strong><\/strong><\/strong><span class=\"ez-toc-section-end\"><\/span><\/h3>\n\n\n\n<figure class=\"wp-block-image size-large\"><img decoding=\"async\" src=\"https:\/\/res.cloudinary.com\/turna\/image\/upload\/v1710263123\/Praia_da_Fal%C3%A9sia.jpg\" alt=\"Avrupa'n\u0131n En \u0130yi Plajlar\u0131 Praia da Fal\u00e9sia\"\/><\/figure>\n\n\n\n<p>Praia da Fal\u00e9sia, Portekiz&#8217;in g\u00fcney sahilinde Algarve b\u00f6lgesinde yer alan e\u015fsiz bir plaj. Bu muhte\u015fem plaj, Avrupa&#8217;n\u0131n en iyi plajlar\u0131 aras\u0131nda hakl\u0131 bir \u00fcne sahip. Praia da Fal\u00e9sia&#8217;n\u0131n ba\u015fl\u0131ca \u00f6zelliklerinden biri, uzun kumsal\u0131 boyunca uzanan y\u00fcksek k\u0131rm\u0131z\u0131 kum kayal\u0131klar\u0131. Upuzun sahil \u015feridi boyunca y\u00fcr\u00fcmek gezginlerin en sevdi\u011fi detaylardan.<\/p>\n\n\n\n<p>Konum <strong><a href=\"https:\/\/maps.app.goo.gl\/W1L35WVLWemjYdby7\" target=\"_blank\" rel=\"noreferrer noopener\">burada.<\/a><\/strong><\/p>\n\n\n\n<p><strong><a href=\"https:\/\/www.turna.com\/ucak-bileti\/portekiz\" target=\"_blank\" rel=\"noreferrer noopener\">Portekiz u\u00e7ak bileti<\/a><\/strong> se\u00e7enekleri web sitemizde.<\/p>\n\n\n\n<h3 class=\"wp-block-heading has-text-align-center has-neeon-button-dark-gray-color has-text-color has-link-color wp-elements-0f18b63bc3559b062001400e1ddc39dd\"><span class=\"ez-toc-section\" id=\"spiaggia_dei_conigli\"><\/span><strong><strong><strong><strong>Spiaggia dei Conigli<\/strong><\/strong><\/strong><\/strong><span class=\"ez-toc-section-end\"><\/span><\/h3>\n\n\n\n<figure class=\"wp-block-image size-large\"><img decoding=\"async\" src=\"https:\/\/res.cloudinary.com\/turna\/image\/upload\/v1710263127\/Spiaggia_dei_Conigli.jpg\" alt=\"Avrupa'n\u0131n En \u0130yi Plajlar\u0131 Spiaggia dei Conigli\"\/><\/figure>\n\n\n\n<p>Spiaggia dei Conigli, \u0130talya&#8217;n\u0131n g\u00fcneyindeki Sicilya adas\u0131nda bulunuyor. Bu muhte\u015fem plaj\u0131n ad\u0131 \u0130talyancada &#8220;Tav\u015fanlar Plaj\u0131&#8221; anlam\u0131na geliyor. Spiaggia dei Conigli, sahilin s\u0131\u011f sular\u0131 ve beyaz kumlar\u0131yla \u00e7evrili olmas\u0131yla \u00f6ne \u00e7\u0131k\u0131yor. Do\u011fal g\u00fczellikleri ve korunan alanlar\u0131yla \u00fcnl\u00fc olan bu plaj, deniz kaplumba\u011falar\u0131n\u0131n \u00fcreme b\u00f6lgesi olarak da biliniyor.<\/p>\n\n\n\n<p>Konum <strong><a href=\"https:\/\/maps.app.goo.gl\/pVs6BsXY4xHd5sGj6\" target=\"_blank\" rel=\"noreferrer noopener\">burada.<\/a><\/strong><\/p>\n\n\n\n<p><strong><a href=\"https:\/\/www.turna.com\/ucak-bileti\/italya\" target=\"_blank\" rel=\"noreferrer noopener\">\u0130talya u\u00e7ak bileti<\/a><\/strong> se\u00e7enekleri web sitemizde.<\/p>\n\n\n\n<h3 class=\"wp-block-heading has-text-align-center has-neeon-button-dark-gray-color has-text-color has-link-color wp-elements-00d0ff19afebf5f51d1d70eddc40deae\"><span class=\"ez-toc-section\" id=\"la_concha_beach\"><\/span><strong><strong><strong><strong>La Concha Beach<\/strong><\/strong><\/strong><\/strong><span class=\"ez-toc-section-end\"><\/span><\/h3>\n\n\n\n<figure class=\"wp-block-image size-large\"><img decoding=\"async\" src=\"https:\/\/res.cloudinary.com\/turna\/image\/upload\/v1710263111\/La_Concha_Beach.jpg\" alt=\"La Concha Beach\"\/><\/figure>\n\n\n\n<p>La Concha Beach, \u0130spanya&#8217;n\u0131n \u00fcnl\u00fc turizm merkezi San Sebasti\u00e1n&#8217;da yer al\u0131yor. Avrupa&#8217;n\u0131n en iyi plajlar\u0131 aras\u0131nda yer alan La Concha, kendine \u00f6zg\u00fc manzaras\u0131 ve kristal berrakl\u0131\u011f\u0131ndaki sular\u0131yla dikkat \u00e7ekiyor. Ad\u0131n\u0131, &#8220;kabuk plaj\u0131&#8221; anlam\u0131na gelen \u0130spanyolca isminden alan bu plaj, muhte\u015fem kumsal\u0131 boyunca uzanan s\u0131ra d\u0131\u015f\u0131 konumuyla \u00fcnl\u00fc. La Concha Beach, etraf\u0131ndaki da\u011flar\u0131n ve \u015fehrin siluetiyle \u00e7evrili olmas\u0131yla sakin ve huzurlu bir atmosfer sunuyor. <\/p>\n\n\n\n<p>Konum <strong><a href=\"https:\/\/maps.app.goo.gl\/yMVLMq6WZ9GNbces6\" target=\"_blank\" rel=\"noreferrer noopener\">burada.<\/a><\/strong><\/p>\n\n\n\n<p><strong><a href=\"https:\/\/www.turna.com\/ucak-bileti\/ispanya\" target=\"_blank\" rel=\"noreferrer noopener\">\u0130spanya u\u00e7ak bileti<\/a><\/strong> se\u00e7enekleri web sitemizde.<\/p>\n\n\n\n<h3 class=\"wp-block-heading has-text-align-center has-neeon-button-dark-gray-color has-text-color has-link-color wp-elements-7b42730ddf3a7ee2d4ec4c3908b75529\"><span class=\"ez-toc-section\" id=\"reynisfjara_beach\"><\/span><strong><strong><strong><strong>Reynisfjara Beach<\/strong><\/strong><\/strong><\/strong><span class=\"ez-toc-section-end\"><\/span><\/h3>\n\n\n\n<figure class=\"wp-block-image size-large\"><img decoding=\"async\" src=\"https:\/\/res.cloudinary.com\/turna\/image\/upload\/v1710263126\/Reynisfjara_Beach.jpg\" alt=\"Reynisfjara Beach\"\/><\/figure>\n\n\n\n<p>Reynisfjara Beach, \u0130zlanda&#8217;n\u0131n g\u00fcney k\u0131y\u0131s\u0131nda, Vik kasabas\u0131 yak\u0131nlar\u0131nda bulunan etkileyici bir plaj. Nadir g\u00f6r\u00fclen bir yer olan Reynisfjara, siyah volkanik kumlar\u0131, y\u00fcksek s\u00fctunlu kaya olu\u015fumlar\u0131 ve kuvvetli dalgalar\u0131yla \u00fcnl\u00fc. Bu benzersiz do\u011fal g\u00fczellik, ziyaret\u00e7ilere adeta ba\u015fka bir d\u00fcnyada oldu\u011funu hissettiriyor. Reynisfjara Beach, ayn\u0131 zamanda efsanelerle ve mitlerle \u00e7evrili bir tarihe sahip ve buraya gelenlerin hem g\u00f6rsel hem de k\u00fclt\u00fcrel bir deneyim ya\u015famalar\u0131n\u0131 sa\u011fl\u0131yor.<\/p>\n\n\n\n<p>Konum <strong><a href=\"https:\/\/maps.app.goo.gl\/8uCvjvekbVwMmTseA\" target=\"_blank\" rel=\"noreferrer noopener\">burada.<\/a><\/strong><\/p>\n\n\n\n<p><strong><a href=\"https:\/\/www.turna.com\/ucak-bileti\/izlanda\" target=\"_blank\" rel=\"noreferrer noopener\">\u0130zlanda u\u00e7ak bileti<\/a><\/strong> se\u00e7enekleri web sitemizde.<\/p>\n\n\n\n<h3 class=\"wp-block-heading has-text-align-center has-neeon-button-dark-gray-color has-text-color has-link-color wp-elements-99fe5265737eff76276987ec1801e6b2\"><span class=\"ez-toc-section\" id=\"playa_de_las_canteras\"><\/span><strong><strong><strong><strong>Playa de Las Canteras<\/strong><\/strong><\/strong><\/strong><span class=\"ez-toc-section-end\"><\/span><\/h3>\n\n\n\n<figure class=\"wp-block-image size-large\"><img decoding=\"async\" src=\"https:\/\/res.cloudinary.com\/turna\/image\/upload\/v1710263120\/Playa_de_Las_Canteras.jpg\" alt=\"Playa de Las Canteras\"\/><\/figure>\n\n\n\n<p>Playa de Las Canteras, \u0130spanya&#8217;n\u0131n Gran Canaria adas\u0131nda bulunuyor. Avrupa&#8217;n\u0131n en iyi plajlar\u0131ndan biri olarak kabul edilen Las Canteras, kristal berrakl\u0131\u011f\u0131ndaki sular\u0131, alt\u0131n kumsal\u0131 ile bu listedeki yerini hak ediyor. Plaj, sahil boyunca uzanan Mercado del Puerto semtinden, heykellerle s\u00fcslenmi\u015f La Puntilla&#8217;ya kadar uzanan geni\u015f bir kumsala sahip. Playa de Las Canteras ayn\u0131 zamanda \u015fnorkelle dal\u0131\u015f yapmak i\u00e7in ideal bir nokta olan Barrio de San Crist\u00f3bal b\u00f6lgesine de ev sahipli\u011fi yap\u0131yor. Bu muhte\u015fem plaj, s\u0131cak iklimi ve canl\u0131 atmosferiyle tatilcilerin ilgisini \u00e7ekerken, \u00e7evredeki restoranlar ve kafeler de lezzetli \u0130spanyol mutfa\u011f\u0131n\u0131n tad\u0131n\u0131 \u00e7\u0131karmak isteyenlere \u00e7e\u015fitli se\u00e7enekler sunuyor.<\/p>\n\n\n\n<p>Konum <strong><a href=\"https:\/\/maps.app.goo.gl\/FhsGbsaWKJae3TheA\" target=\"_blank\" rel=\"noreferrer noopener\">burada.<\/a><\/strong><\/p>\n\n\n\n<p><strong><a href=\"https:\/\/www.turna.com\/ucak-bileti\/ispanya\" target=\"_blank\" rel=\"noreferrer noopener\">\u0130spanya u\u00e7ak bileti <\/a><\/strong>se\u00e7enekleri web sitemizde.<\/p>\n\n\n\n<h3 class=\"wp-block-heading has-text-align-center has-neeon-button-dark-gray-color has-text-color has-link-color wp-elements-38c292b3a335c878edeee67d1595bda2\"><span class=\"ez-toc-section\" id=\"falassarna_beach\"><\/span><strong><strong><strong><strong>Falassarna Beach<\/strong><\/strong><\/strong><\/strong><span class=\"ez-toc-section-end\"><\/span><\/h3>\n\n\n\n<figure class=\"wp-block-image size-large\"><img decoding=\"async\" src=\"https:\/\/res.cloudinary.com\/turna\/image\/upload\/v1710263108\/Falassarna_Beach.jpg\" alt=\"Falassarna Beach\"\/><\/figure>\n\n\n\n<p>Falassarna Beach, Yunanistan&#8217;\u0131n bat\u0131s\u0131ndaki Girit adas\u0131nda bulunuyor. Avrupa&#8217;n\u0131n en iyi plajlar\u0131 aras\u0131nda s\u0131k\u00e7a ad\u0131 ge\u00e7en Falassarna, s\u0131ra d\u0131\u015f\u0131 g\u00fczellikleriyle ziyaret\u00e7ilerini b\u00fcy\u00fcl\u00fcyor. Antik d\u00f6nemlerden beri bilinen bir yerle\u015fim yeri olan Falassarna, tarih ve do\u011fan\u0131n bulu\u015fma noktas\u0131. Plaj\u0131n etraf\u0131ndaki da\u011flar, g\u00f6z al\u0131c\u0131 manzaralar sunarken, \u00e7evredeki kafeler ve restoranlar da ziyaret\u00e7ilere dinlenme ve e\u011flenme imkan\u0131 sa\u011fl\u0131yor.<\/p>\n\n\n\n<p>Konum <strong><a href=\"https:\/\/maps.app.goo.gl\/CXuBssfTvLrJvLyX7\" target=\"_blank\" rel=\"noreferrer noopener\">burada.<\/a><\/strong><\/p>\n\n\n\n<p><strong><a href=\"https:\/\/www.turna.com\/ucak-bileti\/yunanistan\" target=\"_blank\" rel=\"noreferrer noopener\">Yunanistan u\u00e7ak bileti<\/a><\/strong> se\u00e7enekleri web sitemizde.<\/p>\n\n\n\n<h3 class=\"wp-block-heading has-text-align-center has-neeon-button-dark-gray-color has-text-color has-link-color wp-elements-a45c7ea19e8114ccb96181c6b2e760f9\"><span class=\"ez-toc-section\" id=\"nissi_beach\"><\/span><strong><strong><strong><strong>Nissi Beach<\/strong><\/strong><\/strong><\/strong><span class=\"ez-toc-section-end\"><\/span><\/h3>\n\n\n\n<figure class=\"wp-block-image size-large\"><img decoding=\"async\" src=\"https:\/\/res.cloudinary.com\/turna\/image\/upload\/v1710263118\/Nissi_Beach.jpg\" alt=\"Nissi Beach\"\/><\/figure>\n\n\n\n<p>Nissi Beach, K\u0131br\u0131s&#8217;\u0131n g\u00fcney k\u0131y\u0131s\u0131nda bulunan Ayia Napa beldesinde bulunuyor. Ad\u0131n\u0131, &#8220;ada&#8221; anlam\u0131na gelen Yunanca kelimesinden alan bu plaj, k\u00fc\u00e7\u00fck bir ada gibi denizin i\u00e7ine uzanan bir kumsala sahip. Nissi Beach, plaj voleybolu ve su sporlar\u0131 gibi \u00e7e\u015fitli aktiviteler i\u00e7in de pop\u00fcler. <\/p>\n\n\n\n<p>Konum <strong><a href=\"https:\/\/maps.app.goo.gl\/Nyz63NPyxF1yrUwz5\" target=\"_blank\" rel=\"noreferrer noopener\">burada.<\/a><\/strong><\/p>\n\n\n\n<p><a href=\"https:\/\/www.turna.com\/ucak-bileti\/kibris\" target=\"_blank\" rel=\"noreferrer noopener\"><strong>K\u0131br\u0131s u\u00e7ak bileti<\/strong> <\/a>se\u00e7enekleri web sitemizde.<\/p>\n\n\n\n<h3 class=\"wp-block-heading has-text-align-center has-neeon-button-dark-gray-color has-text-color has-link-color wp-elements-3ad9c00a24ded8634b83efc04b0d2f73\"><span class=\"ez-toc-section\" id=\"myrtos_beach\"><\/span><strong><strong><strong><strong>Myrtos Beach<\/strong><\/strong><\/strong><\/strong><span class=\"ez-toc-section-end\"><\/span><\/h3>\n\n\n\n<figure class=\"wp-block-image size-large\"><img decoding=\"async\" src=\"https:\/\/res.cloudinary.com\/turna\/image\/upload\/v1710263117\/Myrtos_Beach.jpg\" alt=\"Myrtos Beach Avrupa'n\u0131n en iyi plajlar\u0131\"\/><\/figure>\n\n\n\n<p>Myrtos Beach, Yunanistan&#8217;\u0131n muhte\u015fem adas\u0131 Kefalonia&#8217;da yer alan g\u00f6rkemli bir plaj. Beyaz kumlar\u0131 ve turkuaz renkli deniziyle ziyaret\u00e7ilerini b\u00fcy\u00fcleyen bu plaj, kendine has do\u011fal g\u00fczelli\u011fiyle dikkat \u00e7ekiyor. Myrtos&#8217;un yama\u00e7lardan inen dik yollar\u0131 ve etkileyici u\u00e7urum manzaralar\u0131, unutulmaz bir deneyim sunuyor.<\/p>\n\n\n\n<p>Konum <strong><a href=\"https:\/\/maps.app.goo.gl\/Mmz7VECNxQ8Qq7EJA\" target=\"_blank\" rel=\"noreferrer noopener\">burada.<\/a><\/strong><\/p>\n\n\n\n<p><strong><a href=\"https:\/\/www.turna.com\/ucak-bileti\/yunanistan\" target=\"_blank\" rel=\"noreferrer noopener\">Yunanistan u\u00e7ak bileti<\/a><\/strong> se\u00e7enekleri web sitemizde.<\/p>\n\n\n\n<h3 class=\"wp-block-heading has-text-align-center has-neeon-button-dark-gray-color has-text-color has-link-color wp-elements-92ff2f35472430e7ba7ff662bf892bbd\"><span class=\"ez-toc-section\" id=\"playa_de_maspalomas\"><\/span><strong><strong><strong><strong>Playa de Maspalomas<\/strong><\/strong><\/strong><\/strong><span class=\"ez-toc-section-end\"><\/span><\/h3>\n\n\n\n<figure class=\"wp-block-image size-large\"><img decoding=\"async\" src=\"https:\/\/res.cloudinary.com\/turna\/image\/upload\/v1710263121\/Playa_de_Maspalomas.jpg\" alt=\"Playa de Maspalomas\"\/><\/figure>\n\n\n\n<p>Playa de Maspalomas, \u0130spanya&#8217;n\u0131n Kanarya Adalar\u0131&#8217;ndan Gran Canaria&#8217;da yer alan benzersiz bir plaj. Avrupa&#8217;n\u0131n en iyi plajlar\u0131 aras\u0131nda g\u00f6sterilen Maspalomas, geni\u015f kumullar\u0131 ve alt\u0131n renkli kumuyla \u00fcnl\u00fc olan bu plaj, adeta bir \u00e7\u00f6l manzaras\u0131yla g\u00f6zleri kama\u015ft\u0131r\u0131yor. Ayr\u0131ca plaj\u0131n arkas\u0131ndaki Maspalomas Lag\u00fcn\u00fc ve \u00e7amur banyolar\u0131, ziyaret\u00e7ilere farkl\u0131 bir deneyim sunuyor. Playa de Maspalomas, sakin ve rahatlat\u0131c\u0131 atmosferiyle tatilcilerin vazge\u00e7ilmez destinasyonlar\u0131ndan biri.<\/p>\n\n\n\n<p>Konum <strong><a href=\"https:\/\/maps.app.goo.gl\/qvr1jrFB64bMUFMD7\" target=\"_blank\" rel=\"noreferrer noopener\">burada.<\/a><\/strong><\/p>\n\n\n\n<p><strong><a href=\"https:\/\/www.turna.com\/ucak-bileti\/ispanya\" target=\"_blank\" rel=\"noreferrer noopener\">\u0130spanya u\u00e7ak bileti <\/a><\/strong>se\u00e7enekleri web sitemizde.<\/p>\n\n\n\n<h3 class=\"wp-block-heading has-text-align-center has-neeon-button-dark-gray-color has-text-color has-link-color wp-elements-a0bb29885cb4c704937ca0bbcde68f83\"><span class=\"ez-toc-section\" id=\"black_sand_beach\"><\/span><strong><strong><strong><strong>Black Sand Beach<\/strong><\/strong><\/strong><\/strong><span class=\"ez-toc-section-end\"><\/span><\/h3>\n\n\n\n<figure class=\"wp-block-image size-large\"><img decoding=\"async\" src=\"https:\/\/res.cloudinary.com\/turna\/image\/upload\/v1710263105\/Black_Sand_Beach.jpg\" alt=\"Black Sand Beach\"\/><\/figure>\n\n\n\n<p>Black Sand Beach, \u0130zlanda&#8217;n\u0131n g\u00fcney k\u0131y\u0131s\u0131nda, Vik kasabas\u0131 yak\u0131nlar\u0131nda bulunuyor. Siyah volkanik kumlar\u0131 ve \u00e7arp\u0131c\u0131 manzaras\u0131yla \u00fcnl\u00fc olan bu plajda Atlantik Okyanusu&#8217;nun dalgalar\u0131, kara kumlar\u0131n \u00fczerine vurarak mistik bir g\u00f6r\u00fcnt\u00fc olu\u015fturuyor. Ayn\u0131 zamanda plaj\u0131n yan\u0131nda y\u00fckselen Reynisfjara kayal\u0131klar\u0131, manzaray\u0131 tamaml\u0131yor ve unutulmaz bir deneyim sunuyor.<\/p>\n\n\n\n<p>Konum <strong><a href=\"https:\/\/maps.app.goo.gl\/X1UgsmDC2cwMXoE97\" target=\"_blank\" rel=\"noreferrer noopener\">burada.<\/a><\/strong><\/p>\n\n\n\n<p><strong><a href=\"https:\/\/www.turna.com\/ucak-bileti\/izlanda\" target=\"_blank\" rel=\"noreferrer noopener\">\u0130zlanda u\u00e7ak bileti <\/a><\/strong>se\u00e7enekleri web sitemizde.<\/p>\n\n\n\n<h3 class=\"wp-block-heading has-text-align-center has-neeon-button-dark-gray-color has-text-color has-link-color wp-elements-18a2ab857bb218a9bc495192fe54a23f\"><span class=\"ez-toc-section\" id=\"playa_de_muro_beach\"><\/span><strong><strong><strong><strong>Playa de Muro Beach<\/strong><\/strong><\/strong><\/strong><span class=\"ez-toc-section-end\"><\/span><\/h3>\n\n\n\n<figure class=\"wp-block-image size-large\"><img width=\"800\" height=\"500\" decoding=\"async\" src=\"data:image\/svg+xml;base64,PHN2ZyB4bWxucz0iaHR0cDovL3d3dy53My5vcmcvMjAwMC9zdmciIHdpZHRoPSI4MDAiIGhlaWdodD0iNTAwIj48cmVjdCB3aWR0aD0iMTAwJSIgaGVpZ2h0PSIxMDAlIj48YW5pbWF0ZSBhdHRyaWJ1dGVOYW1lPSJmaWxsIiB2YWx1ZXM9InJnYmEoMTUzLDE1MywxNTMsMC41KTtyZ2JhKDE1MywxNTMsMTUzLDAuMSk7cmdiYSgxNTMsMTUzLDE1MywwLjUpIiBkdXI9IjJzIiByZXBlYXRDb3VudD0iaW5kZWZpbml0ZSIgLz48L3JlY3Q+PC9zdmc+\" alt=\"Playa de Muro Beach Avrupa&#039;n\u0131n en iyi plajlar\u0131\" data-public-id=\"Playa_de_Muro_Beach\/Playa_de_Muro_Beach.jpg\" class=\"wp-post-22460 wp-image-22473\" data-format=\"jpg\" data-transformations=\"f_auto,q_auto:low\" data-version=\"1710263122\" data-seo=\"1\" data-size=\"800 500\" data-srcset=\"https:\/\/res.cloudinary.com\/turna\/images\/f_auto,q_auto:low\/v1710263122\/Playa_de_Muro_Beach\/Playa_de_Muro_Beach.jpg?_i=AA 800w, https:\/\/res.cloudinary.com\/turna\/images\/w_300,h_188,c_scale\/f_auto,q_auto:low\/v1710263122\/Playa_de_Muro_Beach\/Playa_de_Muro_Beach.jpg?_i=AA 300w, https:\/\/res.cloudinary.com\/turna\/images\/w_672,h_420,c_scale\/f_auto,q_auto:low\/v1710263122\/Playa_de_Muro_Beach\/Playa_de_Muro_Beach.jpg?_i=AA 672w, https:\/\/res.cloudinary.com\/turna\/images\/w_640,h_400,c_scale\/f_auto,q_auto:low\/v1710263122\/Playa_de_Muro_Beach\/Playa_de_Muro_Beach.jpg?_i=AA 640w, https:\/\/res.cloudinary.com\/turna\/images\/w_681,h_426,c_scale\/f_auto,q_auto:low\/v1710263122\/Playa_de_Muro_Beach\/Playa_de_Muro_Beach.jpg?_i=AA 681w\" data-sizes=\"(max-width: 800px) 100vw, 800px\" data-delivery=\"upload\" onload=\";window.CLDBind?CLDBind(this):null;\" data-cloudinary=\"lazy\" \/><\/figure>\n\n\n\n<p>Playa de Muro Beach, \u0130spanya&#8217;n\u0131n g\u00fcneydo\u011fusundaki Balear Adalar\u0131&#8217;ndan biri olan Majorca&#8217;da yer alan muhte\u015fem bir plaj. Plaj\u0131n \u00e7evresindeki do\u011fal ya\u015fam koruma alanlar\u0131 ve sahil boyunca uzanan palmiye a\u011fa\u00e7lar\u0131, dinlendirici bir atmosfer sa\u011fl\u0131yor. Ayr\u0131ca plaj\u0131n yak\u0131n\u0131nda bulunan kafeler, restoranlar ve su sporlar\u0131 olanaklar\u0131, tatilcilerin keyifli vakit ge\u00e7irmesini sa\u011fl\u0131yor. Playa de Muro Beach, m\u00fckemmel iklimi ve kristal berrakl\u0131\u011f\u0131ndaki deniziyle deniz severler i\u00e7in vazge\u00e7ilmez bir destinasyon.<\/p>\n\n\n\n<p>Konum <strong><a href=\"https:\/\/maps.app.goo.gl\/bQhqEJqp4ydsqEfm8\" target=\"_blank\" rel=\"noreferrer noopener\">burada.<\/a><\/strong><\/p>\n\n\n\n<p><strong><a href=\"https:\/\/www.turna.com\/ucak-bileti\/ispanya\" target=\"_blank\" rel=\"noreferrer noopener\">\u0130spanya u\u00e7ak bileti<\/a><\/strong> se\u00e7enekleri web sitemizde.<\/p>\n\n\n\n<h3 class=\"wp-block-heading has-text-align-center has-neeon-button-dark-gray-color has-text-color has-link-color wp-elements-6029b640136d21478e99f07c6aa127d6\"><span class=\"ez-toc-section\" id=\"anthony_quinn_bay\"><\/span><strong><strong><strong><strong>Anthony Quinn Bay<\/strong><\/strong><\/strong><\/strong><span class=\"ez-toc-section-end\"><\/span><\/h3>\n\n\n\n<figure class=\"wp-block-image size-large\"><img decoding=\"async\" src=\"https:\/\/res.cloudinary.com\/turna\/image\/upload\/v1710263105\/Anthony_Quinn_Bay.jpg\" alt=\"Anthony Quinn Bay Avrupa'n\u0131n En \u0130yi Plajlar\u0131\"\/><\/figure>\n\n\n\n<p>Anthony Quinn Bay, Yunanistan&#8217;\u0131n g\u00fczel Rodos adas\u0131nda bulunan pop\u00fcler bir plaj. Bu koy, turkuaz renkli sular\u0131 ve sakin atmosferiyle dikkat \u00e7ekiyor. \u00dcnl\u00fc akt\u00f6r Anthony Quinn&#8217;in &#8220;Guns of Navarone&#8221; filminin \u00e7ekimleri s\u0131ras\u0131nda plaj\u0131n g\u00fczelli\u011fine hayran kald\u0131\u011f\u0131 ve hatta plaj\u0131n ad\u0131n\u0131 verdi\u011fi biliniyor. Anthony Quinn Bay, s\u0131\u011f sular\u0131 ve renkli deniz taban\u0131yla \u015fnorkelle dal\u0131\u015f yapmay\u0131 sevenler i\u00e7in ideal. <strong>Deniz tatili i\u00e7in Avrupa&#8217;da nereye gidilir <\/strong>derseniz Rodos \u015fahane bir tercih olur derim.<\/p>\n\n\n\n<p>Konum <strong><a href=\"https:\/\/maps.app.goo.gl\/yYPabdAwZQ1i3tN68\" target=\"_blank\" rel=\"noreferrer noopener\">burada.<\/a><\/strong><\/p>\n\n\n\n<p><strong><a href=\"https:\/\/www.turna.com\/ucak-bileti\/rodos\" target=\"_blank\" rel=\"noreferrer noopener\">Rodos u\u00e7ak bileti<\/a><\/strong> se\u00e7enekleri web sitemizde.<\/p>\n\n\n\n<h3 class=\"wp-block-heading has-text-align-center has-neeon-button-dark-gray-color has-text-color has-link-color wp-elements-d9075544e665a3b2a190b08adf9df937\"><span class=\"ez-toc-section\" id=\"plage_de_palombaggia\"><\/span><strong><strong><strong><strong>Plage de Palombaggia<\/strong><\/strong><\/strong><\/strong><span class=\"ez-toc-section-end\"><\/span><\/h3>\n\n\n\n<figure class=\"wp-block-image size-large\"><img decoding=\"async\" src=\"https:\/\/res.cloudinary.com\/turna\/image\/upload\/v1710263119\/Plage_de_Palombaggia.jpg\" alt=\"Plage de Palombaggia\"\/><\/figure>\n\n\n\n<p>Plage de Palombaggia, Fransa&#8217;n\u0131n g\u00fcneyindeki Korsika adas\u0131nda bulunuyor. Avrupa&#8217;n\u0131n en g\u00f6zde plajlar\u0131 aras\u0131nda yer alan Palombaggia, beyaz kumlar\u0131, turkuaz renkli sular\u0131 ve muhte\u015fem do\u011fal manzaras\u0131yla ziyaret\u00e7ilerini b\u00fcy\u00fcl\u00fcyor. Plaj\u0131n \u00e7evresinde yer alan \u00e7am a\u011fa\u00e7lar\u0131, zeytin a\u011fa\u00e7lar\u0131 ve k\u0131rm\u0131z\u0131 kayal\u0131klar, adeta bir do\u011fal cennetin i\u00e7indeymi\u015f hissi veriyor.<\/p>\n\n\n\n<p>Konum <strong><a href=\"https:\/\/maps.app.goo.gl\/iRHDEouNnqyBLkqSA\" target=\"_blank\" rel=\"noreferrer noopener\">burada.<\/a><\/strong><\/p>\n\n\n\n<p><strong><a href=\"https:\/\/www.turna.com\/ucak-bileti\/fransa\" target=\"_blank\" rel=\"noreferrer noopener\">Fransa u\u00e7ak bileti<\/a><\/strong> se\u00e7enekleri web sitemizde.<\/p>\n\n\n\n<h3 class=\"wp-block-heading has-text-align-center has-neeon-button-dark-gray-color has-text-color has-link-color wp-elements-0512caa784c700c3af76e5f1eb741b38\"><span class=\"ez-toc-section\" id=\"matala_beach\"><\/span><strong><strong><strong><strong>Matala Beach<\/strong><\/strong><\/strong><\/strong><span class=\"ez-toc-section-end\"><\/span><\/h3>\n\n\n\n<figure class=\"wp-block-image size-large\"><img decoding=\"async\" src=\"https:\/\/res.cloudinary.com\/turna\/image\/upload\/v1710263114\/matala_beach.jpg\" alt=\"Matala Beach Avrupa'n\u0131n En \u0130yi Plajlar\u0131\"\/><\/figure>\n\n\n\n<p>Matala Beach, Yunanistan&#8217;\u0131n g\u00fcneyindeki Kreta adas\u0131nda bulunan tarihi ve do\u011fal g\u00fczellikleriyle \u00fcnl\u00fc bir plaj. Matala, berrak sular\u0131, alt\u0131n rengi kumu ve etkileyici kaya olu\u015fumlar\u0131yla dikkat \u00e7ekiyor. Antik d\u00f6nemlerden beri bilinen bir yerle\u015fim yeri olan Matala, e\u015fsiz ma\u011fara yap\u0131lar\u0131yla da tan\u0131n\u0131yor. 1960&#8217;l\u0131 ve 1970&#8217;li y\u0131llarda \u00fcnl\u00fc bir hippie mekan\u0131 olan plaj, g\u00fcn\u00fcm\u00fczde hala bohem bir atmosfere sahip.<\/p>\n\n\n\n<p>Konum <strong><a href=\"https:\/\/maps.app.goo.gl\/K3cgdR6Q8pJYQqvi7\" target=\"_blank\" rel=\"noreferrer noopener\">burada.<\/a><\/strong><\/p>\n\n\n\n<p><strong><a href=\"https:\/\/www.turna.com\/ucak-bileti\/yunanistan\" target=\"_blank\" rel=\"noreferrer noopener\">Yunanistan u\u00e7ak bileti<\/a><\/strong> se\u00e7enekleri web sitemizde.<\/p>\n\n\n\n<h3 class=\"wp-block-heading has-text-align-center has-neeon-button-dark-gray-color has-text-color has-link-color wp-elements-0ef41e7791a1aab3ee048dff62a7845f\"><span class=\"ez-toc-section\" id=\"fig_tree_bay\"><\/span><strong><strong><strong><strong>Fig Tree Bay<\/strong><\/strong><\/strong><\/strong><span class=\"ez-toc-section-end\"><\/span><\/h3>\n\n\n\n<figure class=\"wp-block-image size-large\"><img decoding=\"async\" src=\"https:\/\/res.cloudinary.com\/turna\/image\/upload\/v1710263109\/Fig_Tree_Bay.jpg\" alt=\"Fig Tree Bay\"\/><\/figure>\n\n\n\n<p>Fig Tree Bay, K\u0131br\u0131s&#8217;\u0131n g\u00fcneydo\u011fusunda konumlan\u0131yor. Plaj ad\u0131n\u0131, k\u0131y\u0131 boyunca bulunan incir a\u011fa\u00e7lar\u0131ndan alm\u0131\u015f. Sahil boyunca uzanan bu a\u011fa\u00e7lar, plaja do\u011fal bir g\u00f6lgelik sa\u011flarken, ayn\u0131 zamanda manzaraya da estetik bir hava kat\u0131yor. Fig Tree Bay, su sporlar\u0131 i\u00e7in de ideal bir nokta ve \u015fnorkelle dal\u0131\u015f yapmak isteyenler i\u00e7in m\u00fckemmel bir deniz alt\u0131 ya\u015fam\u0131na ev sahipli\u011fi yap\u0131yor.<\/p>\n\n\n\n<p>Konum <strong><a href=\"https:\/\/maps.app.goo.gl\/CHJJVcf3wJT7juav5\" target=\"_blank\" rel=\"noreferrer noopener\">burada.<\/a><\/strong><\/p>\n\n\n\n<p><strong><a href=\"https:\/\/www.turna.com\/ucak-bileti\/kibris\" target=\"_blank\" rel=\"noreferrer noopener\">K\u0131br\u0131s u\u00e7ak bileti<\/a><\/strong> se\u00e7enekleri web sitemizde.<\/p>\n\n\n\n<h3 class=\"wp-block-heading has-text-align-center has-neeon-button-dark-gray-color has-text-color has-link-color wp-elements-a1196b4bb2169aa65a4871ee614c0b50\"><span class=\"ez-toc-section\" id=\"iztuzu_plaji\"><\/span><strong><strong><strong><strong>\u0130ztuzu Plaj\u0131<\/strong><\/strong><\/strong><\/strong><span class=\"ez-toc-section-end\"><\/span><\/h3>\n\n\n\n<figure class=\"wp-block-image size-large\"><img decoding=\"async\" src=\"https:\/\/res.cloudinary.com\/turna\/image\/upload\/v1688038649\/iztuzu_plaj%C4%B1.jpg\" alt=\"\u0130ztuzu Plaj\u0131 Avrupa'n\u0131n en iyi plajlar\u0131\"\/><\/figure>\n\n\n\n<p>\u0130\u015fte en iyi Avrupa plajlar\u0131 listesine ad\u0131n\u0131 yazd\u0131ran g\u00fczelli\u011fimiz \u0130ztuzu Plaj\u0131. T\u00fcrkiye&#8217;nin g\u00fcneybat\u0131s\u0131ndaki Mu\u011fla ili Dalyan mahallesinde bulunan bu plaj Dalyan \u00c7ay\u0131&#8217;n\u0131n denize d\u00f6k\u00fcld\u00fc\u011f\u00fc noktada yer al\u0131yor. En \u00f6nemli \u00f6zelliklerinden biri, caretta carettalar\u0131n \u00fcreme sahas\u0131 olmas\u0131. Plajda bu nadir deniz kaplumba\u011falar\u0131n\u0131 koruma alt\u0131na almak i\u00e7in \u00e7e\u015fitli tedbirler al\u0131n\u0131yor. Ayr\u0131ca Dalyan Deltas\u0131 ile birle\u015fti\u011finden muhte\u015fem bir manzara vadediyor. Bu manzaray\u0131 G\u00f6kbel Radar Tepesi ya da \u00c7and\u0131r seyir teras\u0131ndan izleyebilirsiniz. <strong>T\u00fcrkiye&#8217;nin<\/strong>&nbsp;<strong>en iyi plajlar\u0131<\/strong> i\u00e7inde olan bu plaj\u0131 mutlaka g\u00f6rmelisiniz.<\/p>\n\n\n\n<p>Konum <strong><a href=\"https:\/\/maps.app.goo.gl\/Ggqzm4JP9qTfF4GL9\" target=\"_blank\" rel=\"noreferrer noopener\">burada.<\/a><\/strong><\/p>\n\n\n\n<p><strong><a href=\"https:\/\/www.turna.com\/ucak-bileti\/dalaman\" target=\"_blank\" rel=\"noreferrer noopener\">Dalaman u\u00e7ak bileti<\/a><\/strong> se\u00e7enekleri web sitemizde.<\/p>\n\n\n\n<h3 class=\"wp-block-heading has-text-align-center has-neeon-button-dark-gray-color has-text-color has-link-color wp-elements-f69a2b80792fcf1bf303e5373c562f9e\"><span class=\"ez-toc-section\" id=\"cala_mariolu\"><\/span><strong><strong><strong><strong>Cala Mariolu<\/strong><\/strong><\/strong><\/strong><span class=\"ez-toc-section-end\"><\/span><\/h3>\n\n\n\n<figure class=\"wp-block-image size-large\"><img decoding=\"async\" src=\"https:\/\/res.cloudinary.com\/turna\/image\/upload\/v1710263107\/Cala_Mariolu.jpg\" alt=\"Cala Mariolu\"\/><\/figure>\n\n\n\n<p>Cala Mariolu, \u0130talya&#8217;n\u0131n g\u00fcneyindeki Sardinya adas\u0131nda yer alan g\u00f6z al\u0131c\u0131 bir plaj. Ad\u0131n\u0131, yerel bir deniz k\u0131z\u0131 efsanesinden alan bu plaj, masmavi denizi ve yemye\u015fil \u00e7evresiyle adeta bir cennet k\u00f6\u015fesi gibi. Sahilde bulunan renkli bal\u0131klar\u0131n y\u00fczd\u00fc\u011f\u00fc \u015fnorkelle dal\u0131\u015f yapma imkan\u0131, deniz severler i\u00e7in vazge\u00e7ilmez bir aktivite. Ayr\u0131ca plaj\u0131n \u00e7evresindeki do\u011fal y\u00fcr\u00fcy\u00fc\u015f parkurlar\u0131, do\u011fa tutkunlar\u0131na e\u015fsiz manzaralar sunuyor.<\/p>\n\n\n\n<p>Konum <strong><a href=\"https:\/\/maps.app.goo.gl\/iWFoGh3WEnhPnCZK8\" target=\"_blank\" rel=\"noreferrer noopener\">burada.<\/a><\/strong><\/p>\n\n\n\n<p><strong><a href=\"https:\/\/www.turna.com\/ucak-bileti\/italya\" target=\"_blank\" rel=\"noreferrer noopener\">\u0130talya u\u00e7ak bileti<\/a><\/strong> se\u00e7enekleri web sitemizde.<\/p>\n\n\n\n<h3 class=\"wp-block-heading has-text-align-center has-neeon-button-dark-gray-color has-text-color has-link-color wp-elements-4e3d12c1bde04e9935c581be2e760eb9\"><span class=\"ez-toc-section\" id=\"makronissos_beach\"><\/span><strong><strong><strong><strong>Makronissos Beach<\/strong><\/strong><\/strong><\/strong><span class=\"ez-toc-section-end\"><\/span><\/h3>\n\n\n\n<figure class=\"wp-block-image size-large\"><img decoding=\"async\" src=\"https:\/\/res.cloudinary.com\/turna\/image\/upload\/v1710263113\/Makronissos_Beach.jpg\" alt=\"Makronissos Beach Avrupa'n\u0131n En \u0130yi Plajlar\u0131\"\/><\/figure>\n\n\n\n<p>Makronissos Beach, K\u0131br\u0131s&#8217;\u0131n g\u00fcneyindeki Ayia Napa beldesinde bulunan g\u00f6zde bir plaj. Geni\u015f kumsal\u0131 ve \u00e7e\u015fitli su sporlar\u0131 olanaklar\u0131yla adrenalin tutkunlar\u0131n\u0131 cezbederken, sahil boyunca uzanan beach barlar ve restoranlar da rahatlat\u0131c\u0131 bir deniz tatili arayanlara hitap ediyor. Ayr\u0131ca plaj\u0131n \u00e7evresinde bulunan do\u011fal alanlar ve y\u00fcr\u00fcy\u00fc\u015f parkurlar\u0131, do\u011fa severler i\u00e7in m\u00fckemmel bir ka\u00e7\u0131\u015f noktas\u0131 sunuyor.<\/p>\n\n\n\n<p>Konum <strong><a href=\"https:\/\/maps.app.goo.gl\/Zbx8U3fpvrevrD287\" target=\"_blank\" rel=\"noreferrer noopener\">burada.<\/a><\/strong><\/p>\n\n\n\n<p><strong><a href=\"https:\/\/www.turna.com\/ucak-bileti\/kibris\" target=\"_blank\" rel=\"noreferrer noopener\">K\u0131br\u0131s u\u00e7ak bileti<\/a><\/strong> se\u00e7enekleri web sitemizde.<\/p>\n\n\n\n<h3 class=\"wp-block-heading has-text-align-center has-neeon-button-dark-gray-color has-text-color has-link-color wp-elements-45b73536fc4f23f213d3939958ef0d69\"><span class=\"ez-toc-section\" id=\"weymouth_beach\"><\/span><strong><strong><strong><strong>Weymouth Beach<\/strong><\/strong><\/strong><\/strong><span class=\"ez-toc-section-end\"><\/span><\/h3>\n\n\n\n<figure class=\"wp-block-image size-large\"><img decoding=\"async\" src=\"https:\/\/res.cloudinary.com\/turna\/image\/upload\/v1710263128\/Weymouth_Beach.jpg\" alt=\"Weymouth Beach\"\/><\/figure>\n\n\n\n<p>Weymouth Beach, \u0130ngiltere&#8217;nin g\u00fcney k\u0131y\u0131s\u0131nda yer alan Dorset kentinde bulunuyor. Plaj\u0131n \u00e7evresinde yer alan renkli beach hut&#8217;lar\u0131 ve gezinti yollar\u0131, tatilcilerin dinlenme ve e\u011flence ihtiya\u00e7lar\u0131n\u0131 kar\u015f\u0131lamak i\u00e7in ideal bir atmosfer sunuyor. Weymouth Beach, ayn\u0131 zamanda bir\u00e7ok su sporu olanaklar\u0131na da ev sahipli\u011fi yap\u0131yor. S\u00f6rf\u00e7\u00fclerin ve yelkencilerin pop\u00fcler bir durak noktas\u0131.<\/p>\n\n\n\n<p>Konum <strong><a href=\"https:\/\/maps.app.goo.gl\/X6efUdr63yea6Qu69\" target=\"_blank\" rel=\"noreferrer noopener\">burada.<\/a><\/strong><\/p>\n\n\n\n<p><strong><a href=\"https:\/\/www.turna.com\/ucak-bileti\/ingiltere\" target=\"_blank\" rel=\"noreferrer noopener\">\u0130ngiltere u\u00e7ak bileti<\/a><\/strong> se\u00e7enekleri web sitemizde.<\/p>\n\n\n\n<h3 class=\"wp-block-heading has-text-align-center has-neeon-button-dark-gray-color has-text-color has-link-color wp-elements-b6675c7f73aa8df48b4427fbb53ad48e\"><span class=\"ez-toc-section\" id=\"bournemouth_beach\"><\/span><strong><strong><strong><strong>Bournemouth Beach<\/strong><\/strong><\/strong><\/strong><span class=\"ez-toc-section-end\"><\/span><\/h3>\n\n\n\n<figure class=\"wp-block-image size-large\"><img decoding=\"async\" src=\"https:\/\/res.cloudinary.com\/turna\/image\/upload\/v1710263106\/Bournemouth_Beach.jpg\" alt=\"Bournemouth Beach Avrupa'n\u0131n En \u0130yi Plajlar\u0131\"\/><\/figure>\n\n\n\n<p>Listemize \u0130ngiltere ile devam ediyoruz. Bournemouth Beach de \u0130ngiltere&#8217;nin Dorset kentinde bulunuyor. Bournemouth Beach, hem dinlenmek hem de e\u011flenmek isteyenler i\u00e7in m\u00fckemmel bir destinasyon ve her ya\u015fa hitap eden bir atmosfer sunuyor.<\/p>\n\n\n\n<p>Konum <strong><a href=\"https:\/\/maps.app.goo.gl\/1CJA4vzA3BSgWyko7\" target=\"_blank\" rel=\"noreferrer noopener\">burada.<\/a><\/strong><\/p>\n\n\n\n<p><strong><a href=\"https:\/\/www.turna.com\/ucak-bileti\/ingiltere\" target=\"_blank\" rel=\"noreferrer noopener\">\u0130ngiltere u\u00e7ak bileti<\/a><\/strong> se\u00e7enekleri web sitemizde.<\/p>\n\n\n\n<h3 class=\"wp-block-heading has-text-align-center has-neeon-button-dark-gray-color has-text-color has-link-color wp-elements-5b86e7beeeae410804f827cdfd2cf2e0\"><span class=\"ez-toc-section\" id=\"konyaalti_plaji\"><\/span><strong><strong><strong><strong>Konyaalt\u0131 Plaj\u0131<\/strong><\/strong><\/strong><\/strong><span class=\"ez-toc-section-end\"><\/span><\/h3>\n\n\n\n<figure class=\"wp-block-image size-large\"><img decoding=\"async\" src=\"https:\/\/res.cloudinary.com\/turna\/image\/upload\/v1710263110\/konyaalt%C4%B1_plaj%C4%B1.jpg\" alt=\"Konyaalt\u0131 Plaj\u0131\"\/><\/figure>\n\n\n\n<p>\u0130\u015fte Avrupa&#8217;n\u0131n en iyi plajlar\u0131 listesine ad\u0131n\u0131 yazd\u0131ran <strong>T\u00fcrkiye&#8217;deki \u00fcnl\u00fc plajlar<\/strong> i\u00e7indeki plaj\u0131m\u0131z Konyaalt\u0131. Konyaalt\u0131 Plaj\u0131, T\u00fcrkiye&#8217;nin Akdeniz k\u0131y\u0131s\u0131nda bulunan Antalya \u015fehrindeki g\u00f6zde plajlardan biri. \u015eehir merkezine yak\u0131n bir konumda bulunan plaj, hem yerel halk\u0131n hem de turistlerin s\u0131k\u00e7a tercih etti\u011fi bir nokta. Merkezi konumda olmas\u0131 olanaklar\u0131 da olduk\u00e7a \u00e7e\u015fitli k\u0131l\u0131yor.<\/p>\n\n\n\n<p>Konum <strong><a href=\"https:\/\/maps.app.goo.gl\/ALEjiH5h3xjMmJar9\" target=\"_blank\" rel=\"noreferrer noopener\">burada.<\/a><\/strong><\/p>\n\n\n\n<p><a href=\"https:\/\/www.turna.com\/ucak-bileti\/antalya\" target=\"_blank\" rel=\"noreferrer noopener\"><strong>Antalya u\u00e7ak bileti<\/strong> <\/a>se\u00e7enekleri web sitemizde.<\/p>\n\n\n\n<h3 class=\"wp-block-heading has-text-align-center has-neeon-button-dark-gray-color has-text-color has-link-color wp-elements-2de922df0a95c052f0af28c229e6ccc9\"><span class=\"ez-toc-section\" id=\"praia_da_nazare\"><\/span><strong><strong><strong><strong>Praia da Nazare<\/strong><\/strong><\/strong><\/strong><span class=\"ez-toc-section-end\"><\/span><\/h3>\n\n\n\n<figure class=\"wp-block-image size-large\"><img decoding=\"async\" src=\"https:\/\/res.cloudinary.com\/turna\/image\/upload\/v1710263124\/Praia_da_Nazare.jpg\" alt=\"Praia da Nazare Avrupa'n\u0131n En \u0130yi Plajlar\u0131\"\/><\/figure>\n\n\n\n<p>Praia da Nazare, Portekiz&#8217;in bat\u0131 k\u0131y\u0131s\u0131nda bulunan \u00fcnl\u00fc bir plaj. Plaj\u0131n \u00f6ne \u00e7\u0131kan \u00f6zelliklerinden biri, dev dalgalar\u0131 ve d\u00fcnya \u00e7ap\u0131nda \u00fcnl\u00fc surf sahas\u0131. \u00d6zellikle k\u0131\u015f aylar\u0131nda, Portekiz&#8217;in kuzeybat\u0131 sahilinde olu\u015fan dev dalgalar, d\u00fcnyan\u0131n en cesur s\u00f6rf\u00e7\u00fclerini cezbediyor. Ayr\u0131ca plaj, sahil boyunca uzanan renkli bal\u0131k\u00e7\u0131 tekneleri ve \u00e7evresindeki tarihi kasaba ile de \u00fcnl\u00fc.<\/p>\n\n\n\n<p>Konum <strong><a href=\"https:\/\/maps.app.goo.gl\/JaLtPLD4tHqnxB767\" target=\"_blank\" rel=\"noreferrer noopener\">burada.<\/a><\/strong><\/p>\n\n\n\n<p><strong><a href=\"https:\/\/www.turna.com\/ucak-bileti\/portekiz\" target=\"_blank\" rel=\"noreferrer noopener\">Portekiz u\u00e7ak bileti<\/a><\/strong> se\u00e7enekleri web sitemizde.<\/p>\n\n\n\n<h3 class=\"wp-block-heading has-text-align-center has-neeon-button-dark-gray-color has-text-color has-link-color wp-elements-f0cdd5e5042923701fc6047c0e049cab\"><span class=\"ez-toc-section\" id=\"lido_marakaibbo\"><\/span><strong><strong><strong><strong>Lido Marakaibbo<\/strong><\/strong><\/strong><\/strong><span class=\"ez-toc-section-end\"><\/span><\/h3>\n\n\n\n<figure class=\"wp-block-image size-large\"><img decoding=\"async\" src=\"https:\/\/res.cloudinary.com\/turna\/image\/upload\/v1710263112\/Lido_Marakaibbo.jpg\" alt=\"Lido Marakaibbo\"\/><\/figure>\n\n\n\n<p>Lido Marakaibbo, \u0130talya&#8217;n\u0131n g\u00fcneyinde, Sicilya adas\u0131n\u0131n bat\u0131 k\u0131y\u0131s\u0131nda yer alan g\u00f6z al\u0131c\u0131 bir plaj. Sahil boyunca uzanan renkli \u015femsiyeler ve \u015fezlonglar, ziyaret\u00e7ilere rahatlat\u0131c\u0131 bir deniz tatili atmosferi sunuyor. Ayr\u0131ca plaj\u0131n etraf\u0131ndaki kafeler, restoranlar ve beach barlar, lezzetli \u0130talyan mutfa\u011f\u0131n\u0131n tad\u0131n\u0131 \u00e7\u0131karmak isteyenlere \u00e7e\u015fitli se\u00e7enekler sunuyor. Lido Marakaibbo, m\u00fckemmel iklimi ve g\u00f6z kama\u015ft\u0131r\u0131c\u0131 manzaras\u0131yla deniz severler i\u00e7in vazge\u00e7ilmez bir destinasyon.<\/p>\n\n\n\n<p>Konum <strong><a href=\"https:\/\/maps.app.goo.gl\/RgZNQmtNp27kzNB7A\" target=\"_blank\" rel=\"noreferrer noopener\">burada.<\/a><\/strong><\/p>\n\n\n\n<p><strong><a href=\"https:\/\/www.turna.com\/ucak-bileti\/italya\" target=\"_blank\" rel=\"noreferrer noopener\">\u0130talya u\u00e7ak bileti<\/a><\/strong> se\u00e7enekleri web sitemizde.<\/p>\n\n\n\n<h3 class=\"wp-block-heading has-text-align-center has-neeon-button-dark-gray-color has-text-color has-link-color wp-elements-119a80749f234361b8dd92f195a6bef8\"><span class=\"ez-toc-section\" id=\"praia_dos_tres_irmaos\"><\/span><strong><strong><strong><strong>Praia dos Tr\u00eas Irm\u00e3os<\/strong><\/strong><\/strong><\/strong><span class=\"ez-toc-section-end\"><\/span><\/h3>\n\n\n\n<figure class=\"wp-block-image size-large\"><img decoding=\"async\" src=\"https:\/\/res.cloudinary.com\/turna\/image\/upload\/v1710263125\/Praia_dos_Tr%C3%AAs_Irm%C3%A3os.jpg\" alt=\"Praia dos Tr\u00eas Irm\u00e3os\"\/><\/figure>\n\n\n\n<p>Praia dos Tr\u00eas Irm\u00e3os, Portekiz&#8217;in g\u00fcney sahilinde yer alan Algarve b\u00f6lgesindeki muhte\u015fem bir plaj. Plaj\u0131n ad\u0131, &#8220;\u00dc\u00e7 Karde\u015f Plaj\u0131&#8221; anlam\u0131na geliyor. Y\u00fcksek kaya olu\u015fumlar\u0131 aras\u0131nda gizlenmi\u015f k\u00fc\u00e7\u00fck koylar, ziyaret\u00e7ilere e\u015fsiz ve izole bir deneyim sunuyor.<\/p>\n\n\n\n<p>Konum <strong><a href=\"https:\/\/maps.app.goo.gl\/bbSqt3mmKT12FeS9A\" target=\"_blank\" rel=\"noreferrer noopener\">burada.<\/a><\/strong><\/p>\n\n\n\n<p><strong><a href=\"https:\/\/www.turna.com\/ucak-bileti\/portekiz\" target=\"_blank\" rel=\"noreferrer noopener\">Portekiz u\u00e7ak bileti<\/a><\/strong> se\u00e7enekleri web sitemizde.<\/p>\n\n\n\n<h3 class=\"wp-block-heading has-text-align-center has-neeon-button-dark-gray-color has-text-color has-link-color wp-elements-d7ce9a90fe163391528f3af3c363cdf7\"><span class=\"ez-toc-section\" id=\"mellieha_beach\"><\/span><strong><strong><strong><strong>Mellieha Beach<\/strong><\/strong><\/strong><\/strong><span class=\"ez-toc-section-end\"><\/span><\/h3>\n\n\n\n<figure class=\"wp-block-image size-large\"><img decoding=\"async\" src=\"https:\/\/res.cloudinary.com\/turna\/image\/upload\/v1710263115\/Mellieha_Beach.jpg\" alt=\"Mellieha Beach\"\/><\/figure>\n\n\n\n<p>Mellieha Beach, Malta&#8217;da denize girilir mi sorusunun en g\u00fczel cevab\u0131. Malta&#8217;n\u0131n kuzey k\u0131y\u0131s\u0131nda yer alan b\u00fcy\u00fcleyici plaj\u0131n etraf\u0131nda bulunan do\u011fal kaya olu\u015fumlar\u0131 ve ye\u015fil alanlar, g\u00f6z al\u0131c\u0131 bir manzara sunuyor. Plaj, g\u00fcne\u015flenmek, y\u00fczmek ve su sporlar\u0131 yapmak isteyenler i\u00e7in m\u00fckemmel bir ortama sahip.<\/p>\n\n\n\n<p>Konum <strong><a href=\"https:\/\/maps.app.goo.gl\/Y1xEhhL2cK7ZT3Hz6\" target=\"_blank\" rel=\"noreferrer noopener\">burada.<\/a><\/strong><\/p>\n\n\n\n<p><a href=\"https:\/\/www.turna.com\/ucak-bileti\/malta\" target=\"_blank\" rel=\"noreferrer noopener\"><strong>Malta u\u00e7ak bileti<\/strong> <\/a>se\u00e7enekleri web sitemizde.<\/p>\n\n    <div class=\"xs_social_share_widget xs_share_url after_content \t\tmain_content  wslu-style-1 wslu-share-box-shaped wslu-fill-colored wslu-none wslu-share-horizontal wslu-theme-font-no wslu-main_content\">\n\n\t\t\n        <ul>\n\t\t\t        <\/ul>\n    <\/div> \n","protected":false},"excerpt":{"rendered":"<p>Avrupa&#8217;n\u0131n muhte\u015fem k\u0131y\u0131lar\u0131, bizlere \u00e7a\u011fr\u0131 yap\u0131yor. Bu sahiller g\u00f6z al\u0131c\u0131 mavisi, do\u011fas\u0131 ile en iyiler listesine ad\u0131n\u0131 yazd\u0131rm\u0131\u015f. Avrupa&#8217;n\u0131n en iyi plajlar\u0131, d\u00fcnyan\u0131n d\u00f6rt bir yan\u0131ndaki gezginlerin hayallerini s\u00fcsl\u00fcyor. TripAdvisor&#8217;\u0131n 12 ayl\u0131k kullan\u0131c\u0131 yorumlar\u0131 ve g\u00f6r\u00fc\u015fleriyle belirlenen bu liste, deniz severler i\u00e7in bir ba\u015fvuru kayna\u011f\u0131. G\u00f6z al\u0131c\u0131 manzaralar\u0131yla, berrak sular\u0131yla ve s\u0131cak atmosferleriyle bu plajlar, unutulmaz bir tatil deneyimi sunmak i\u00e7in sizi bekliyor.<\/p>\n","protected":false},"author":34,"featured_media":22473,"comment_status":"open","ping_status":"open","sticky":false,"template":"","format":"standard","meta":{"rop_custom_images_group":[],"rop_custom_messages_group":[],"rop_publish_now":"initial","rop_publish_now_accounts":[],"rop_publish_now_history":[],"rop_publish_now_status":"pending","_cloudinary_featured_overwrite":false,"footnotes":""},"categories":[1],"tags":[306,359,379,737,317,40,1217,333,157,510,10],"class_list":["post-22460","post","type-post","status-publish","format-standard","has-post-thumbnail","hentry","category-seyahat-rehberi","tag-antalya","tag-dalaman","tag-fransa","tag-ingiltere","tag-ispanya","tag-italya","tag-izlanda","tag-kibris","tag-malta","tag-portekiz","tag-yunanistan"],"_links":{"self":[{"href":"https:\/\/www.turna.com\/blog\/wp-json\/wp\/v2\/posts\/22460","targetHints":{"allow":["GET"]}}],"collection":[{"href":"https:\/\/www.turna.com\/blog\/wp-json\/wp\/v2\/posts"}],"about":[{"href":"https:\/\/www.turna.com\/blog\/wp-json\/wp\/v2\/types\/post"}],"author":[{"embeddable":true,"href":"https:\/\/www.turna.com\/blog\/wp-json\/wp\/v2\/users\/34"}],"replies":[{"embeddable":true,"href":"https:\/\/www.turna.com\/blog\/wp-json\/wp\/v2\/comments?post=22460"}],"version-history":[{"count":0,"href":"https:\/\/www.turna.com\/blog\/wp-json\/wp\/v2\/posts\/22460\/revisions"}],"wp:featuredmedia":[{"embeddable":true,"href":"https:\/\/www.turna.com\/blog\/wp-json\/wp\/v2\/media\/22473"}],"wp:attachment":[{"href":"https:\/\/www.turna.com\/blog\/wp-json\/wp\/v2\/media?parent=22460"}],"wp:term":[{"taxonomy":"category","embeddable":true,"href":"https:\/\/www.turna.com\/blog\/wp-json\/wp\/v2\/categories?post=22460"},{"taxonomy":"post_tag","embeddable":true,"href":"https:\/\/www.turna.com\/blog\/wp-json\/wp\/v2\/tags?post=22460"}],"curies":[{"name":"wp","href":"https:\/\/api.w.org\/{rel}","templated":true}]}}