{"id":22458,"date":"2024-03-06T23:04:21","date_gmt":"2024-03-06T20:04:21","guid":{"rendered":"https:\/\/www.turna.com\/blog\/?p=22458"},"modified":"2025-12-08T14:50:54","modified_gmt":"2025-12-08T11:50:54","slug":"aksaray-gezilecek-yerler-13-adimda-aksaray","status":"publish","type":"post","link":"https:\/\/www.turna.com\/blog\/aksaray-gezilecek-yerler-13-adimda-aksaray","title":{"rendered":"Aksaray Gezilecek Yerler: 13 Ad\u0131mda Aksaray"},"content":{"rendered":"<div id=\"ez-toc-container\" class=\"ez-toc-v2_0_82_2 counter-hierarchy ez-toc-counter ez-toc-black ez-toc-container-direction\">\n<div class=\"ez-toc-title-container\">\n<p class=\"ez-toc-title\" style=\"cursor:inherit\">\u0130\u00e7indekiler<\/p>\n<span class=\"ez-toc-title-toggle\"><a href=\"#\" class=\"ez-toc-pull-right ez-toc-btn ez-toc-btn-xs ez-toc-btn-default ez-toc-toggle\" aria-label=\"\u0130\u00e7indekiler Tablosunu A\u00e7\/Kapat\"><span class=\"ez-toc-js-icon-con\"><span class=\"\"><span class=\"eztoc-hide\" style=\"display:none;\">Toggle<\/span><span class=\"ez-toc-icon-toggle-span\"><svg style=\"fill: #ffffff;color:#ffffff\" xmlns=\"http:\/\/www.w3.org\/2000\/svg\" class=\"list-377408\" width=\"20px\" height=\"20px\" viewBox=\"0 0 24 24\" fill=\"none\"><path d=\"M6 6H4v2h2V6zm14 0H8v2h12V6zM4 11h2v2H4v-2zm16 0H8v2h12v-2zM4 16h2v2H4v-2zm16 0H8v2h12v-2z\" fill=\"currentColor\"><\/path><\/svg><svg style=\"fill: #ffffff;color:#ffffff\" class=\"arrow-unsorted-368013\" xmlns=\"http:\/\/www.w3.org\/2000\/svg\" width=\"10px\" height=\"10px\" viewBox=\"0 0 24 24\" version=\"1.2\" baseProfile=\"tiny\"><path d=\"M18.2 9.3l-6.2-6.3-6.2 6.3c-.2.2-.3.4-.3.7s.1.5.3.7c.2.2.4.3.7.3h11c.3 0 .5-.1.7-.3.2-.2.3-.5.3-.7s-.1-.5-.3-.7zM5.8 14.7l6.2 6.3 6.2-6.3c.2-.2.3-.5.3-.7s-.1-.5-.3-.7c-.2-.2-.4-.3-.7-.3h-11c-.3 0-.5.1-.7.3-.2.2-.3.5-.3.7s.1.5.3.7z\"\/><\/svg><\/span><\/span><\/span><\/a><\/span><\/div>\n<nav><ul class='ez-toc-list ez-toc-list-level-1 eztoc-toggle-hide-by-default' ><li class='ez-toc-page-1 ez-toc-heading-level-2'><a class=\"ez-toc-link ez-toc-heading-1\" href=\"https:\/\/www.turna.com\/blog\/aksaray-gezilecek-yerler-13-adimda-aksaray\/#aksaray_gezilecek_yerler_haritasi\" >Aksaray Gezilecek Yerler Haritas\u0131<\/a><\/li><li class='ez-toc-page-1 ez-toc-heading-level-2'><a class=\"ez-toc-link ez-toc-heading-2\" href=\"https:\/\/www.turna.com\/blog\/aksaray-gezilecek-yerler-13-adimda-aksaray\/#aksarayda_gorulmesi_gereken_yerler\" >Aksaray&#8217;da G\u00f6r\u00fclmesi Gereken Yerler<\/a><ul class='ez-toc-list-level-3' ><li class='ez-toc-heading-level-3'><a class=\"ez-toc-link ez-toc-heading-3\" href=\"https:\/\/www.turna.com\/blog\/aksaray-gezilecek-yerler-13-adimda-aksaray\/#hasandagi\" >Hasanda\u011f\u0131<\/a><\/li><li class='ez-toc-page-1 ez-toc-heading-level-3'><a class=\"ez-toc-link ez-toc-heading-4\" href=\"https:\/\/www.turna.com\/blog\/aksaray-gezilecek-yerler-13-adimda-aksaray\/#ihlara_vadisi\" >Ihlara Vadisi<\/a><\/li><li class='ez-toc-page-1 ez-toc-heading-level-3'><a class=\"ez-toc-link ez-toc-heading-5\" href=\"https:\/\/www.turna.com\/blog\/aksaray-gezilecek-yerler-13-adimda-aksaray\/#tuz_golu\" >Tuz G\u00f6l\u00fc<\/a><\/li><li class='ez-toc-page-1 ez-toc-heading-level-3'><a class=\"ez-toc-link ez-toc-heading-6\" href=\"https:\/\/www.turna.com\/blog\/aksaray-gezilecek-yerler-13-adimda-aksaray\/#selime_katedrali_ve_peribacalari\" >Selime Katedrali ve Peribacalar\u0131<\/a><\/li><li class='ez-toc-page-1 ez-toc-heading-level-3'><a class=\"ez-toc-link ez-toc-heading-7\" href=\"https:\/\/www.turna.com\/blog\/aksaray-gezilecek-yerler-13-adimda-aksaray\/#narligol\" >Narl\u0131g\u00f6l<\/a><\/li><li class='ez-toc-page-1 ez-toc-heading-level-3'><a class=\"ez-toc-link ez-toc-heading-8\" href=\"https:\/\/www.turna.com\/blog\/aksaray-gezilecek-yerler-13-adimda-aksaray\/#zinciriye_medresesi\" >Zinciriye Medresesi<\/a><\/li><li class='ez-toc-page-1 ez-toc-heading-level-3'><a class=\"ez-toc-link ez-toc-heading-9\" href=\"https:\/\/www.turna.com\/blog\/aksaray-gezilecek-yerler-13-adimda-aksaray\/#aksaray_muzesi\" >Aksaray M\u00fczesi<\/a><\/li><li class='ez-toc-page-1 ez-toc-heading-level-3'><a class=\"ez-toc-link ez-toc-heading-10\" href=\"https:\/\/www.turna.com\/blog\/aksaray-gezilecek-yerler-13-adimda-aksaray\/#sultanhani_kervansarayi\" >Sultanhan\u0131 Kervansaray\u0131<\/a><\/li><li class='ez-toc-page-1 ez-toc-heading-level-3'><a class=\"ez-toc-link ez-toc-heading-11\" href=\"https:\/\/www.turna.com\/blog\/aksaray-gezilecek-yerler-13-adimda-aksaray\/#somuncu_baba_turbesi\" >Somuncu Baba T\u00fcrbesi<\/a><\/li><li class='ez-toc-page-1 ez-toc-heading-level-3'><a class=\"ez-toc-link ez-toc-heading-12\" href=\"https:\/\/www.turna.com\/blog\/aksaray-gezilecek-yerler-13-adimda-aksaray\/#egri_minare\" >E\u011fri Minare<\/a><\/li><li class='ez-toc-page-1 ez-toc-heading-level-3'><a class=\"ez-toc-link ez-toc-heading-13\" href=\"https:\/\/www.turna.com\/blog\/aksaray-gezilecek-yerler-13-adimda-aksaray\/#ulu_camii\" >Ulu Camii<\/a><\/li><li class='ez-toc-page-1 ez-toc-heading-level-3'><a class=\"ez-toc-link ez-toc-heading-14\" href=\"https:\/\/www.turna.com\/blog\/aksaray-gezilecek-yerler-13-adimda-aksaray\/#saratli_kirkgoz_yeralti_sehri\" >Saratl\u0131 K\u0131rkg\u00f6z Yeralt\u0131 \u015eehri<\/a><\/li><li class='ez-toc-page-1 ez-toc-heading-level-3'><a class=\"ez-toc-link ez-toc-heading-15\" href=\"https:\/\/www.turna.com\/blog\/aksaray-gezilecek-yerler-13-adimda-aksaray\/#kilise_cami\" >Kilise Cami<\/a><\/li><\/ul><\/li><\/ul><\/nav><\/div>\n\n<p>Aksaray, kendine has do\u011fal ve tarihi g\u00fczellikleriyle her y\u0131l binlerce ziyaret\u00e7iyi cezbeden bir \u015fehir. Peri Bacalar\u0131&#8217;n\u0131n gizemli siluetleri, Ihlara Vadisi&#8217;nin mistik atmosferi ve tarihi kervansaraylar\u0131yla Aksaray, adeta bir a\u00e7\u0131k hava m\u00fczesi gibi. Do\u011fa ile tarih aras\u0131nda kusursuz bir denge sunan bu \u015fehir, ke\u015ffedilmeyi bekleyen bir\u00e7ok s\u00fcrprizle dolu. <strong>Aksaray gezilecek yerler<\/strong> listesine birer birer tik atmak i\u00e7in Aksaray&#8217;\u0131n g\u00f6z kama\u015ft\u0131ran g\u00fczelliklerine yolculuk yapmaya haz\u0131r m\u0131s\u0131n\u0131z? \u00d6yleyse gelin, bu e\u015fsiz ser\u00fcvene birlikte \u00e7\u0131kal\u0131m!<\/p>\n\n\n\n<h2 class=\"wp-block-heading has-text-align-center has-neeon-button-dark-gray-color has-text-color has-link-color wp-elements-0730ef04c07a83a1ae7d688220af93c7\"><span class=\"ez-toc-section\" id=\"aksaray_gezilecek_yerler_haritasi\"><\/span><strong><strong><strong><strong>Aksaray Gezilecek Yerler Haritas\u0131<\/strong><\/strong><\/strong><\/strong><span class=\"ez-toc-section-end\"><\/span><\/h2>\n\n\n\n<iframe src=\"https:\/\/www.google.com\/maps\/d\/u\/1\/embed?mid=1lPFhFTTbM9nQnfZNe9PPrrjocyf3Otk&#038;ehbc=2E312F\" width=\"640\" height=\"480\"><\/iframe>\n\n\n\n<h2 class=\"wp-block-heading has-text-align-center has-neeon-button-dark-gray-color has-text-color has-link-color wp-elements-85d1c4b31a571120a4c5c1e08ae2bd37\"><span class=\"ez-toc-section\" id=\"aksarayda_gorulmesi_gereken_yerler\"><\/span><strong><strong><strong><strong>Aksaray&#8217;da G\u00f6r\u00fclmesi Gereken Yerler<\/strong><\/strong><\/strong><\/strong><span class=\"ez-toc-section-end\"><\/span><\/h2>\n\n\n\n<figure class=\"wp-block-image size-large\"><img width=\"800\" height=\"500\" decoding=\"async\" src=\"data:image\/svg+xml;base64,PHN2ZyB4bWxucz0iaHR0cDovL3d3dy53My5vcmcvMjAwMC9zdmciIHdpZHRoPSI4MDAiIGhlaWdodD0iNTAwIj48cmVjdCB3aWR0aD0iMTAwJSIgaGVpZ2h0PSIxMDAlIj48YW5pbWF0ZSBhdHRyaWJ1dGVOYW1lPSJmaWxsIiB2YWx1ZXM9InJnYmEoMTUzLDE1MywxNTMsMC41KTtyZ2JhKDE1MywxNTMsMTUzLDAuMSk7cmdiYSgxNTMsMTUzLDE1MywwLjUpIiBkdXI9IjJzIiByZXBlYXRDb3VudD0iaW5kZWZpbml0ZSIgLz48L3JlY3Q+PC9zdmc+\" alt=\"Aksaray gezilecek yerler\" data-public-id=\"aksaray_gezilecek_yerler\/aksaray_gezilecek_yerler.jpg\" class=\"wp-post-22458 wp-image-22466\" data-format=\"jpg\" data-transformations=\"f_auto,q_auto:low\" data-version=\"1709753659\" data-seo=\"1\" data-size=\"800 500\" data-srcset=\"https:\/\/res.cloudinary.com\/turna\/images\/f_auto,q_auto:low\/v1709753659\/aksaray_gezilecek_yerler\/aksaray_gezilecek_yerler.jpg?_i=AA 800w, https:\/\/res.cloudinary.com\/turna\/images\/w_300,h_188,c_scale\/f_auto,q_auto:low\/v1709753659\/aksaray_gezilecek_yerler\/aksaray_gezilecek_yerler.jpg?_i=AA 300w, https:\/\/res.cloudinary.com\/turna\/images\/w_672,h_420,c_scale\/f_auto,q_auto:low\/v1709753659\/aksaray_gezilecek_yerler\/aksaray_gezilecek_yerler.jpg?_i=AA 672w, https:\/\/res.cloudinary.com\/turna\/images\/w_640,h_400,c_scale\/f_auto,q_auto:low\/v1709753659\/aksaray_gezilecek_yerler\/aksaray_gezilecek_yerler.jpg?_i=AA 640w, https:\/\/res.cloudinary.com\/turna\/images\/w_681,h_426,c_scale\/f_auto,q_auto:low\/v1709753659\/aksaray_gezilecek_yerler\/aksaray_gezilecek_yerler.jpg?_i=AA 681w\" data-sizes=\"(max-width: 800px) 100vw, 800px\" data-delivery=\"upload\" onload=\";window.CLDBind?CLDBind(this):null;\" data-cloudinary=\"lazy\" \/><\/figure>\n\n\n\n<p>Aksaray, kendine \u00f6zg\u00fc do\u011fal ve tarihi g\u00fczellikleriyle T\u00fcrkiye&#8217;nin gizli kalm\u0131\u015f hazinelerinden biri. \u015eehir, Peri Bacalar\u0131&#8217;n\u0131n e\u015fsiz manzaralar\u0131yla tan\u0131n\u0131rken, ayn\u0131 zamanda tarihi dokusuyla da b\u00fcy\u00fcl\u00fcyor. Ihlara Vadisi&#8217;nin derin kanyonlar\u0131, yemye\u015fil vadileri ve antik kiliseleri ziyaret\u00e7ilere do\u011fan\u0131n ve tarihin muhte\u015fem bir birlikteli\u011fini sunuyor. Dolu dolu bir program sizi bekliyor. Unutulmaz bir k\u00fclt\u00fcr Ke\u015ffi i\u00e7in Aksaray&#8217;\u0131 gezmeye ba\u015flayal\u0131m.<\/p>\n\n\n\n<p><strong>Aksaray Gezilecek Yerler Listesi<\/strong><\/p>\n\n\n\n<ol class=\"wp-block-list\">\n<li>Hasanda\u011f\u0131<\/li>\n\n\n\n<li>Ihlara Vadisi<\/li>\n\n\n\n<li>Tuz G\u00f6l\u00fc<\/li>\n\n\n\n<li>Selime Katedrali ve Peribacalar\u0131<\/li>\n\n\n\n<li>Narl\u0131g\u00f6l<\/li>\n\n\n\n<li>Zinciriye Medresesi<\/li>\n\n\n\n<li>Aksaray M\u00fczesi<\/li>\n\n\n\n<li>Sultanhan\u0131 Kervansaray\u0131<\/li>\n\n\n\n<li>Somuncu Baba T\u00fcrbesi<\/li>\n\n\n\n<li>E\u011fri Minare<\/li>\n\n\n\n<li>Ulu Camii<\/li>\n\n\n\n<li>Saratl\u0131 K\u0131rkg\u00f6z Yeralt\u0131 \u015eehri<\/li>\n\n\n\n<li>Kilise Cami<\/li>\n<\/ol>\n\n\n\n<h3 class=\"wp-block-heading has-text-align-center has-neeon-button-dark-gray-color has-text-color has-link-color wp-elements-12b2b3e5533274dd3eff8f0c366c8709\"><span class=\"ez-toc-section\" id=\"hasandagi\"><\/span><strong><strong><strong><strong>Hasanda\u011f\u0131<\/strong><\/strong><\/strong><\/strong><span class=\"ez-toc-section-end\"><\/span><\/h3>\n\n\n\n<figure class=\"wp-block-image size-large\"><img decoding=\"async\" src=\"https:\/\/res.cloudinary.com\/turna\/image\/upload\/v1709753660\/hasanda%C4%9F%C4%B1.jpg\" alt=\"Aksaray gezilecek yerler Hasanda\u011f\u0131\"\/><\/figure>\n\n\n\n<p><strong>Aksaray&#8217;da<\/strong>&nbsp;<strong>gezilecek&nbsp;do\u011fal&nbsp;yerler <\/strong>ar\u0131yorsan\u0131z Hasanda\u011f\u0131 mutlaka g\u00f6rmeniz gereken yerlerden. Aksaray&#8217;\u0131n g\u00f6rkemli do\u011fal simgelerinden Hasanda\u011f\u0131 efsanelere ve mitlere konu olan muhte\u015fem bir volkanik da\u011f. \u015eehre muazzam bir manzara ve benzersiz bir do\u011fal \u00e7ekicilik katan da\u011f trekking tutkunlar\u0131 i\u00e7in bir cennet gibi.<\/p>\n\n\n\n<p>Konum <strong><a href=\"https:\/\/maps.app.goo.gl\/ndimEjFaRuCBjKka8\" target=\"_blank\" rel=\"noreferrer noopener\">burada.<\/a><\/strong><\/p>\n\n\n\n<h3 class=\"wp-block-heading has-text-align-center has-neeon-button-dark-gray-color has-text-color has-link-color wp-elements-0edc136f0e647138ce7acd8ee3e5efe2\"><span class=\"ez-toc-section\" id=\"ihlara_vadisi\"><\/span><strong><strong><strong><strong>Ihlara Vadisi<\/strong><\/strong><\/strong><\/strong><span class=\"ez-toc-section-end\"><\/span><\/h3>\n\n\n\n<figure class=\"wp-block-image size-large\"><img decoding=\"async\" src=\"https:\/\/res.cloudinary.com\/turna\/image\/upload\/v1709753661\/%C4%B1hlara_vadisi.jpg\" alt=\"Aksaray gezilecek yerler Ihlara\"\/><\/figure>\n\n\n\n<p>Ihlara Vadisi, \u015f\u00fcphesiz <strong>Aksaray&#8217;\u0131n tarihi ve turistik yerleri<\/strong> aras\u0131nda parlayan bir y\u0131ld\u0131z. Buras\u0131 Aksaray&#8217;\u0131n en b\u00fcy\u00fcleyici do\u011fal g\u00fczelliklerinden. E\u015fsiz do\u011fal olu\u015fumlar\u0131, tarihi kiliseleri ve serinletici akan sular\u0131yla ziyaret\u00e7ilerini b\u00fcy\u00fcl\u00fcyor. Muazzam y\u00fcksekli\u011fi ve derinli\u011fiyle dikkat \u00e7eken vadi, binlerce y\u0131ll\u0131k tarih ve k\u00fclt\u00fcrel mirasla bezeli. Ihlara Vadisi&#8217;nde y\u00fcr\u00fcy\u00fc\u015f yapmak, antik d\u00f6nemlerden kalma kiliseleri ziyaret etmek ve do\u011fan\u0131n sakinli\u011finin tad\u0131n\u0131 \u00e7\u0131karmak, unutulmaz bir deneyim.<\/p>\n\n\n\n<p>Konum <strong><a href=\"https:\/\/maps.app.goo.gl\/AXV2GNH6J1JZC1gn8\" target=\"_blank\" rel=\"noreferrer noopener\">burada.<\/a><\/strong><\/p>\n\n\n\n<h3 class=\"wp-block-heading has-text-align-center has-neeon-button-dark-gray-color has-text-color has-link-color wp-elements-cf91e80a1e1734705770b91c8977fabd\"><span class=\"ez-toc-section\" id=\"tuz_golu\"><\/span><strong><strong><strong><strong>Tuz G\u00f6l\u00fc<\/strong><\/strong><\/strong><\/strong><span class=\"ez-toc-section-end\"><\/span><\/h3>\n\n\n\n<figure class=\"wp-block-image size-large\"><img decoding=\"async\" src=\"https:\/\/res.cloudinary.com\/turna\/image\/upload\/v1709753661\/tuz_g%C3%B6l%C3%BC.jpg\" alt=\"Aksaray gezilecek yerler Tuz G\u00f6l\u00fc\"\/><\/figure>\n\n\n\n<p>Aksaray&#8217;\u0131n benzersiz do\u011fal g\u00fczelliklerinden biri olan Tuz G\u00f6l\u00fc, berrak suyu ve etkileyici manzaras\u0131yla ziyaret\u00e7ilerini kendine hayran b\u0131rak\u0131yor. Geni\u015f alan\u0131yla g\u00f6z al\u0131c\u0131 bir manzara sunan g\u00f6l, \u00f6zellikle do\u011fa foto\u011fraf\u00e7\u0131lar\u0131 i\u00e7in bir cazibe merkezi. Suyun y\u00fczeyinde olu\u015fan tuz birikintileri, do\u011fal bir sanat eseri gibi g\u00f6r\u00fcnmektedir. Tuz G\u00f6l\u00fc&#8217;nde y\u00fcr\u00fcy\u00fc\u015f yapmak, g\u00fcne\u015fin alt\u0131nda dinlenmek veya ku\u015f g\u00f6zlemi yapmak isteyenler i\u00e7in m\u00fckemmel bir mekand\u0131r. Aksaray&#8217;a seyahat edenler, bu benzersiz do\u011fal g\u00fczelli\u011fi mutlaka ziyaret etmelidirler.<\/p>\n\n\n\n<p>Konum <strong><a href=\"https:\/\/maps.app.goo.gl\/91SoBtfJQRX4XxWe8\" target=\"_blank\" rel=\"noreferrer noopener\">burada.<\/a><\/strong><\/p>\n\n\n\n<h3 class=\"wp-block-heading has-text-align-center has-neeon-button-dark-gray-color has-text-color has-link-color wp-elements-b897f8f4f22f60dc11d5a4a8cf47758f\"><span class=\"ez-toc-section\" id=\"selime_katedrali_ve_peribacalari\"><\/span><strong><strong><strong><strong>Selime Katedrali ve Peribacalar\u0131<\/strong><\/strong><\/strong><\/strong><span class=\"ez-toc-section-end\"><\/span><\/h3>\n\n\n\n<figure class=\"wp-block-image size-large\"><img decoding=\"async\" src=\"https:\/\/res.cloudinary.com\/turna\/image\/upload\/v1709753661\/selime_katedrali.jpg\" alt=\"Selime Katedrali ve Peribacalar\u0131\"\/><\/figure>\n\n\n\n<p>Aksaray&#8217;\u0131n mistik atmosferini en iyi yans\u0131tan yerlerden biri olan Selime Katedrali ve Peribacalar\u0131, b\u00f6lgenin benzersiz tarihi ve do\u011fal miras\u0131n\u0131 bir araya getiriyor. Selime Katedrali, tarihi kiliselerin en g\u00f6z al\u0131c\u0131 \u00f6rneklerinden biri ve peribacalar\u0131n\u0131n aras\u0131na oyulmu\u015f bir ma\u011fara kilisesi olarak hizmet vermi\u015f. Aksaray&#8217;a gelenler i\u00e7in Selime Katedrali ve Peribacalar\u0131, hem tarihi hem de do\u011fal g\u00fczellikleri bir arada deneyimlemek i\u00e7in m\u00fckemmel bir nokta.<\/p>\n\n\n\n<p>Konum <strong><a href=\"https:\/\/maps.app.goo.gl\/zhaE9bEQADAScciY9\" target=\"_blank\" rel=\"noopener\">burada.<\/a><\/strong><\/p>\n\n\n\n<h3 class=\"wp-block-heading has-text-align-center has-neeon-button-dark-gray-color has-text-color has-link-color wp-elements-1dbf640478e4648948388075a13604fe\"><span class=\"ez-toc-section\" id=\"narligol\"><\/span><strong><strong><strong><strong>Narl\u0131g\u00f6l<\/strong><\/strong><\/strong><\/strong><span class=\"ez-toc-section-end\"><\/span><\/h3>\n\n\n\n<figure class=\"wp-block-image size-large\"><img decoding=\"async\" src=\"https:\/\/res.cloudinary.com\/turna\/image\/upload\/v1709753660\/narl%C4%B1g%C3%B6l.jpg\" alt=\"Narl\u0131g\u00f6l\"\/><\/figure>\n\n\n\n<p><strong>Narl\u0131g\u00f6l<\/strong> bir di\u011fer bilinen ismiyle Ac\u0131g\u00f6l Aksaray-Ni\u011fde s\u0131n\u0131r\u0131nda bulunuyor. G\u00f6l kalsiyum, sodyum ve bikarbonat a\u00e7\u0131s\u0131ndan olduk\u00e7a zengin. O nedenle \u00e7e\u015fitli hastal\u0131klara iyi geldi\u011fi biliniyor. G\u00f6l suyu 65 derece s\u0131cakl\u0131\u011fa sahip.<\/p>\n\n\n\n<p>Konum <strong><a href=\"https:\/\/maps.app.goo.gl\/cTXGBpft1g7TmdTx5\" target=\"_blank\" rel=\"noreferrer noopener\">burada.<\/a><\/strong><\/p>\n\n\n\n<h3 class=\"wp-block-heading has-text-align-center has-neeon-button-dark-gray-color has-text-color has-link-color wp-elements-9748277784b9445cf65cd8a8862c4144\"><span class=\"ez-toc-section\" id=\"zinciriye_medresesi\"><\/span><strong><strong><strong><strong>Zinciriye Medresesi<\/strong><\/strong><\/strong><\/strong><span class=\"ez-toc-section-end\"><\/span><\/h3>\n\n\n\n<figure class=\"wp-block-image size-large\"><img decoding=\"async\" src=\"https:\/\/res.cloudinary.com\/turna\/image\/upload\/v1709753659\/aksaray_zinciriye_medresesi.jpg\" alt=\"Zinciriye Medresesi\"\/><\/figure>\n\n\n\n<p><strong>Aksaray merkezde&nbsp;gezilecek&nbsp;yerler<\/strong> i\u00e7inde \u015fehrin tarih\u00ee ve k\u00fclt\u00fcrel dokusunu yans\u0131tan \u00f6nemli yerlerden biri Zinciriye Medresesi. Sel\u00e7uklu mimarisinin \u00f6nemli \u00f6rneklerinden biri olan medrese, 13. y\u00fczy\u0131lda in\u015fa edilmi\u015f ve zarif s\u00fcslemeleriyle dikkat \u00e7ekiyor. Medrese,&nbsp;Osmanl\u0131 d\u00f6neminde hapishane olarak kullan\u0131lm\u0131\u015f. 1985&#8217;te Aksaray M\u00fczesi olarak hizmet vermeye ba\u015flam\u0131\u015f. M\u00fczenin ta\u015f\u0131nd\u0131ktan sonra medrese restore edilmi\u015f.<\/p>\n\n\n\n<p>Konum <strong><a href=\"https:\/\/maps.app.goo.gl\/qjhYAnujwvqvjNxs5\" target=\"_blank\" rel=\"noreferrer noopener\">burada.<\/a><\/strong><\/p>\n\n\n\n<h3 class=\"wp-block-heading has-text-align-center has-neeon-button-dark-gray-color has-text-color has-link-color wp-elements-9eea818c9e35bfa6eaa7902b3cd7d66c\"><span class=\"ez-toc-section\" id=\"aksaray_muzesi\"><\/span><strong><strong><strong><strong>Aksaray M\u00fczesi<\/strong><\/strong><\/strong><\/strong><span class=\"ez-toc-section-end\"><\/span><\/h3>\n\n\n\n<figure class=\"wp-block-image size-large\"><img decoding=\"async\" src=\"https:\/\/res.cloudinary.com\/turna\/image\/upload\/v1709753659\/aksaray_m%C3%BCzesi.jpg\" alt=\"Aksaray M\u00fczesi Aksaray gezilecek yerler\"\/><\/figure>\n\n\n\n<p>Aksaray M\u00fczesi, \u015fehrin zengin tarih\u00ee ve k\u00fclt\u00fcrel miras\u0131n\u0131 ke\u015ffetmek isteyenler i\u00e7in \u00f6nemli bir durak noktas\u0131. M\u00fcze, b\u00f6lgede bulunan arkeolojik eserlerin sergilendi\u011fi modern bir yap\u0131ya sahip. Hititler, Frigler, Roma ve Bizans gibi \u00e7e\u015fitli d\u00f6nemlere ait eserlerin yan\u0131 s\u0131ra Sel\u00e7uklu ve Osmanl\u0131 d\u00f6nemine ait tarih\u00ee eserler de m\u00fczede sergileniyor. Aksaray M\u00fczesi, \u015fehrin ge\u00e7mi\u015fine ve k\u00fclt\u00fcrel dokusuna \u0131\u015f\u0131k tutan \u00f6nemli bir k\u00fclt\u00fcrel miras deposu.<\/p>\n\n\n\n<p>Konum <strong><a href=\"https:\/\/maps.app.goo.gl\/tmnRmvDtvModf78C7\" target=\"_blank\" rel=\"noreferrer noopener\">burada.<\/a><\/strong><\/p>\n\n\n\n<h3 class=\"wp-block-heading has-text-align-center has-neeon-button-dark-gray-color has-text-color has-link-color wp-elements-544c7772d795995de0e3e538e661f88f\"><span class=\"ez-toc-section\" id=\"sultanhani_kervansarayi\"><\/span><strong><strong><strong><strong>Sultanhan\u0131 Kervansaray\u0131<\/strong><\/strong><\/strong><\/strong><span class=\"ez-toc-section-end\"><\/span><\/h3>\n\n\n\n<figure class=\"wp-block-image size-large\"><img decoding=\"async\" src=\"https:\/\/res.cloudinary.com\/turna\/image\/upload\/v1709753661\/sultanhan%C4%B1_kervansaray%C4%B1.jpg\" alt=\"Sultanhan\u0131 Kervansaray\u0131\"\/><\/figure>\n\n\n\n<p>Sultanhan\u0131 Kervansaray\u0131, Aksaray&#8217;\u0131n tarih\u00ee ve k\u00fclt\u00fcrel miras\u0131n\u0131n en \u00f6nemli simgelerinden biri. Sel\u00e7uklu d\u00f6neminde ticaret yollar\u0131n\u0131n \u00f6nemli bir noktas\u0131nda in\u015fa edilen bu muhte\u015fem yap\u0131, konukseverli\u011fi ve ihti\u015fam\u0131yla dikkat \u00e7ekiyor. 13. y\u00fczy\u0131lda yap\u0131lm\u0131\u015f olan kervansaray, o d\u00f6nemin ticaret ve k\u00fclt\u00fcrel al\u0131\u015fveri\u015finin merkezi konumundaym\u0131\u015f. \u0130hti\u015faml\u0131 giri\u015f kap\u0131s\u0131, b\u00fcy\u00fck avlusu ve \u00f6zenle i\u015flenmi\u015f ta\u015f i\u015f\u00e7ili\u011fiyle insan\u0131 b\u00fcy\u00fcl\u00fcyor. Bu g\u00f6rkemli yap\u0131y\u0131 mutlaka g\u00f6rmelisiniz.<\/p>\n\n\n\n<p>Konum <strong><a href=\"https:\/\/maps.app.goo.gl\/fih2FEptDUFejL5JA\" target=\"_blank\" rel=\"noreferrer noopener\">burada.<\/a><\/strong><\/p>\n\n\n\n<h3 class=\"wp-block-heading has-text-align-center has-neeon-button-dark-gray-color has-text-color has-link-color wp-elements-a88a6100f12a506949668bb6bfd15d9c\"><span class=\"ez-toc-section\" id=\"somuncu_baba_turbesi\"><\/span><strong><strong><strong><strong>Somuncu Baba T\u00fcrbesi<\/strong><\/strong><\/strong><\/strong><span class=\"ez-toc-section-end\"><\/span><\/h3>\n\n\n\n<figure class=\"wp-block-image size-large\"><img decoding=\"async\" src=\"https:\/\/res.cloudinary.com\/turna\/image\/upload\/v1709753661\/somuncu_baba_t%C3%BCrbesi.jpg\" alt=\"Somuncu Baba T\u00fcrbesi Aksaray gezilecek yerler\"\/><\/figure>\n\n\n\n<p>14. y\u00fczy\u0131lda ya\u015fam\u0131\u015f olan ve Anadolu&#8217;nun en \u00f6nemli T\u00fcrkmen velilerinden biri olarak kabul edilen Somuncu Baba&#8217;n\u0131n t\u00fcrbesi, onun manevi miras\u0131n\u0131 ya\u015fat\u0131yor. Somuncu Baba T\u00fcrbesi, hem manevi bir ziyaret noktas\u0131 olarak hem de tarihi bir eser olarak Aksaray&#8217;\u0131 ziyaret etti\u011finizde g\u00f6rmeniz gereken huzur dolu bir durak.<\/p>\n\n\n\n<p>Konum <strong><a href=\"https:\/\/maps.app.goo.gl\/nFr399SD3ki6qtdB9\" target=\"_blank\" rel=\"noreferrer noopener\">burada.<\/a><\/strong><\/p>\n\n\n\n<h3 class=\"wp-block-heading has-text-align-center has-neeon-button-dark-gray-color has-text-color has-link-color wp-elements-9e10c078080d7bce46e94001f6cf15a1\"><span class=\"ez-toc-section\" id=\"egri_minare\"><\/span><strong><strong><strong><strong>E\u011fri Minare<\/strong><\/strong><\/strong><\/strong><span class=\"ez-toc-section-end\"><\/span><\/h3>\n\n\n\n<figure class=\"wp-block-image size-large\"><img decoding=\"async\" src=\"https:\/\/res.cloudinary.com\/turna\/image\/upload\/v1709753659\/e%C4%9Fri_minare_aksaray.jpg\" alt=\"E\u011fri Minare\"\/><\/figure>\n\n\n\n<p>E\u011fri Minare <strong>Aksaray&#8217;\u0131n turistik yerleri<\/strong> aras\u0131nda kendine bir yer edinmi\u015f. Sel\u00e7uklu d\u00f6neminde in\u015fa edilmi\u015f olan minare, ad\u0131n\u0131 e\u011fik duru\u015fundan al\u0131yor ve bu \u00f6zelli\u011fiyle dikkat \u00e7ekiyor. 13. y\u00fczy\u0131lda yap\u0131lm\u0131\u015f olan E\u011fri Minare, o d\u00f6nemin mimari \u015faheserlerinden biri. \u0130hti\u015faml\u0131 yap\u0131s\u0131 ve detayl\u0131 i\u015f\u00e7ili\u011fiyle ziyaret\u00e7ilerini etkileyen minare, Aksaray&#8217;\u0131n tarih\u00ee ve k\u00fclt\u00fcrel zenginli\u011fini yans\u0131tan \u00f6nemli bir yap\u0131.<\/p>\n\n\n\n<p>Konum <strong><a href=\"https:\/\/maps.app.goo.gl\/8VVW2Xse8b7iW7B8A\" target=\"_blank\" rel=\"noreferrer noopener\">burada.<\/a><\/strong><\/p>\n\n\n\n<h3 class=\"wp-block-heading has-text-align-center has-neeon-button-dark-gray-color has-text-color has-link-color wp-elements-7c17b1592d979ce7c3cbea293e648768\"><span class=\"ez-toc-section\" id=\"ulu_camii\"><\/span><strong><strong><strong><strong>Ulu Camii<\/strong><\/strong><\/strong><\/strong><span class=\"ez-toc-section-end\"><\/span><\/h3>\n\n\n\n<figure class=\"wp-block-image size-large\"><img decoding=\"async\" src=\"https:\/\/res.cloudinary.com\/turna\/image\/upload\/v1709753659\/aksaray_ulu_camii.jpg\" alt=\"Ulu Camii Aksaray gezilecek yerler\"\/><\/figure>\n\n\n\n<p>Aksaray&#8217;\u0131n tarih\u00ee ve dini \u00f6nemine tan\u0131kl\u0131k eden yap\u0131lar\u0131ndan biri olan Ulu Cami, \u015fehrin merkezinde yer al\u0131yor. Sel\u00e7uklu d\u00f6nemine ait olan bu cami, zarif mimarisi ve ihti\u015faml\u0131 s\u00fcslemeleriyle dikkat \u00e7ekiyor. Caminin i\u00e7i de d\u0131\u015f\u0131 kadar etkileyici; \u00f6zellikle ah\u015fap i\u015f\u00e7ili\u011fi ve \u00e7ini s\u00fcslemeleriyle s\u00fcslenmi\u015f mihrap ve minberi g\u00f6rmelisiniz.<\/p>\n\n\n\n<p>Konum <strong><a href=\"https:\/\/maps.app.goo.gl\/S8ACLxcDZ2L886cF8\" target=\"_blank\" rel=\"noreferrer noopener\">burada.<\/a><\/strong><\/p>\n\n\n\n<h3 class=\"wp-block-heading has-text-align-center has-neeon-button-dark-gray-color has-text-color has-link-color wp-elements-cb0c47887a4d7e0e261e910b720f65fc\"><span class=\"ez-toc-section\" id=\"saratli_kirkgoz_yeralti_sehri\"><\/span><strong><strong><strong><strong>Saratl\u0131 K\u0131rkg\u00f6z Yeralt\u0131 \u015eehri<\/strong><\/strong><\/strong><\/strong><span class=\"ez-toc-section-end\"><\/span><\/h3>\n\n\n\n<figure class=\"wp-block-image size-large\"><img decoding=\"async\" src=\"https:\/\/res.cloudinary.com\/turna\/image\/upload\/v1709753660\/saratl%C4%B1_k%C4%B1rkg%C3%B6z_yeralt%C4%B1_%C5%9Fehri.jpg\" alt=\"Saratl\u0131 K\u0131rkg\u00f6z Yeralt\u0131 \u015eehri\"\/><\/figure>\n\n\n\n<p>Binlerce y\u0131l \u00f6nce yap\u0131lm\u0131\u015f olan Saratl\u0131 K\u0131rkg\u00f6z Yeralt\u0131 \u015eehri, insanlar\u0131n g\u00fcvenli bir \u015fekilde bar\u0131nabilece\u011fi, ya\u015fayabilece\u011fi ve ibadet edebilece\u011fi kompleks yap\u0131larla dolu. Labirent benzeri koridorlar\u0131, oda ve odac\u0131klar\u0131 ile \u015fehir, derinlerinde gizemler sakl\u0131yor. \u00dc\u00e7 katl\u0131 yer alt\u0131 \u015fehrinin i\u00e7erisinde ah\u0131r, mutfak, su kuyular\u0131, tand\u0131r, ocak, ambar gibi alanlar var.<\/p>\n\n\n\n<p>Konum <strong><a href=\"https:\/\/maps.app.goo.gl\/Yq4GykE3vLYBq5Bc8\" target=\"_blank\" rel=\"noreferrer noopener\">burada.<\/a><\/strong><\/p>\n\n\n\n<h3 class=\"wp-block-heading has-text-align-center has-neeon-button-dark-gray-color has-text-color has-link-color wp-elements-830be174177bc723124ffe9d1482a078\"><span class=\"ez-toc-section\" id=\"kilise_cami\"><\/span><strong><strong><strong><strong>Kilise Cami<\/strong><\/strong><\/strong><\/strong><span class=\"ez-toc-section-end\"><\/span><\/h3>\n\n\n\n<figure class=\"wp-block-image size-large\"><img decoding=\"async\" src=\"https:\/\/res.cloudinary.com\/turna\/image\/upload\/v1709753660\/kilise_cami_aksaray.jpg\" alt=\"Kilise Cami Aksaray gezilecek yerler\"\/><\/figure>\n\n\n\n<p>Aksaray&#8217;\u0131n dini ge\u00e7mi\u015fine \u0131\u015f\u0131k tutan Kilise Cami, \u015fehrin farkl\u0131 dini inan\u00e7lar\u0131n\u0131n bir arada bulundu\u011fu bir sembol olarak \u00f6ne \u00e7\u0131k\u0131yor. \u0130lk olarak bir kilise olarak in\u015fa edilmi\u015f olan yap\u0131, daha sonra camiye d\u00f6n\u00fc\u015ft\u00fcr\u00fclm\u00fc\u015f. Bu \u00f6zg\u00fcn ge\u00e7mi\u015fiyle, Kilise Cami ziyaret\u00e7ilerine farkl\u0131 k\u00fclt\u00fcrel ve dini izlerin bir arada bulundu\u011fu bir yap\u0131y\u0131 ke\u015ffetme f\u0131rsat\u0131 sunuyor.<\/p>\n\n\n\n<p>Konum <strong><a href=\"https:\/\/maps.app.goo.gl\/YMZZK6zxPCchYeb99\" target=\"_blank\" rel=\"noreferrer noopener\">burada.<\/a><\/strong><\/p>\n\n\n\n<p>Aksaray&#8217;\u0131n e\u015fsiz g\u00fczelliklerini yerinde g\u00f6rmek i\u00e7in yapman\u0131z gereken <strong><a href=\"https:\/\/www.turna.com\/otobus-bileti\/aksaray\" target=\"_blank\" rel=\"noreferrer noopener\">Aksaray otob\u00fcs bileti<\/a><\/strong> se\u00e7eneklerine g\u00f6z atmak.<\/p>\n\n\n\n<p>Aksaray hakk\u0131nda di\u011fer i\u00e7eriklerime de mutlaka g\u00f6z at\u0131n.<\/p>\n\n\n\n<p><strong><a href=\"https:\/\/www.turna.com\/blog\/aksaray-nerede-aksaraya-nasil-gidilir\" target=\"_blank\" rel=\"noreferrer noopener\">Aksaray Nerede &amp; Aksaray\u2019a Nas\u0131l Gidilir?<\/a><\/strong><\/p>\n\n    <div class=\"xs_social_share_widget xs_share_url after_content \t\tmain_content  wslu-style-1 wslu-share-box-shaped wslu-fill-colored wslu-none wslu-share-horizontal wslu-theme-font-no wslu-main_content\">\n\n\t\t\n        <ul>\n\t\t\t        <\/ul>\n    <\/div> \n","protected":false},"excerpt":{"rendered":"<p>Aksaray, kendine has do\u011fal ve tarihi g\u00fczellikleriyle her y\u0131l binlerce ziyaret\u00e7iyi cezbeden bir \u015fehir. Peri Bacalar\u0131&#8217;n\u0131n gizemli siluetleri, Ihlara Vadisi&#8217;nin mistik atmosferi ve tarihi kervansaraylar\u0131yla Aksaray, adeta bir a\u00e7\u0131k hava m\u00fczesi gibi. Do\u011fa ile tarih aras\u0131nda kusursuz bir denge sunan bu \u015fehir, ke\u015ffedilmeyi bekleyen bir\u00e7ok s\u00fcrprizle dolu. Aksaray gezilecek yerler listesine birer birer tik atmak i\u00e7in Aksaray&#8217;\u0131n g\u00f6z kama\u015ft\u0131ran g\u00fczelliklerine yolculuk yapmaya haz\u0131r m\u0131s\u0131n\u0131z? \u00d6yleyse gelin, bu e\u015fsiz ser\u00fcvene birlikte \u00e7\u0131kal\u0131m!<\/p>\n","protected":false},"author":34,"featured_media":22466,"comment_status":"open","ping_status":"open","sticky":false,"template":"","format":"standard","meta":{"rop_custom_images_group":[],"rop_custom_messages_group":[],"rop_publish_now":"initial","rop_publish_now_accounts":[],"rop_publish_now_history":[],"rop_publish_now_status":"pending","_cloudinary_featured_overwrite":false,"footnotes":""},"categories":[84,1872],"tags":[2131],"class_list":["post-22458","post","type-post","status-publish","format-standard","has-post-thumbnail","hentry","category-turkiye","category-aksaray","tag-aksaray"],"_links":{"self":[{"href":"https:\/\/www.turna.com\/blog\/wp-json\/wp\/v2\/posts\/22458","targetHints":{"allow":["GET"]}}],"collection":[{"href":"https:\/\/www.turna.com\/blog\/wp-json\/wp\/v2\/posts"}],"about":[{"href":"https:\/\/www.turna.com\/blog\/wp-json\/wp\/v2\/types\/post"}],"author":[{"embeddable":true,"href":"https:\/\/www.turna.com\/blog\/wp-json\/wp\/v2\/users\/34"}],"replies":[{"embeddable":true,"href":"https:\/\/www.turna.com\/blog\/wp-json\/wp\/v2\/comments?post=22458"}],"version-history":[{"count":0,"href":"https:\/\/www.turna.com\/blog\/wp-json\/wp\/v2\/posts\/22458\/revisions"}],"wp:featuredmedia":[{"embeddable":true,"href":"https:\/\/www.turna.com\/blog\/wp-json\/wp\/v2\/media\/22466"}],"wp:attachment":[{"href":"https:\/\/www.turna.com\/blog\/wp-json\/wp\/v2\/media?parent=22458"}],"wp:term":[{"taxonomy":"category","embeddable":true,"href":"https:\/\/www.turna.com\/blog\/wp-json\/wp\/v2\/categories?post=22458"},{"taxonomy":"post_tag","embeddable":true,"href":"https:\/\/www.turna.com\/blog\/wp-json\/wp\/v2\/tags?post=22458"}],"curies":[{"name":"wp","href":"https:\/\/api.w.org\/{rel}","templated":true}]}}