{"id":2234,"date":"2016-04-28T00:34:57","date_gmt":"2016-04-27T21:34:57","guid":{"rendered":"https:\/\/www.turna.com\/blog\/?p=2234"},"modified":"2021-12-25T18:58:47","modified_gmt":"2021-12-25T15:58:47","slug":"anadolu-hazinesi-konya","status":"publish","type":"post","link":"https:\/\/www.turna.com\/blog\/anadolu-hazinesi-konya","title":{"rendered":"Anadolu Hazinesi Konya"},"content":{"rendered":"<p>Anadolu\u2019nun kav\u015fak noktas\u0131 <strong>Konya<\/strong>, insanl\u0131k tarihi ile ya\u015f\u0131t bir ge\u00e7mi\u015fe sahip. Mevlana\u2019n\u0131n \u015fehri Konya, ho\u015fg\u00f6r\u00fc ile an\u0131lan k\u00fclt\u00fcrel yap\u0131s\u0131, do\u011fal g\u00fczellikleri, harika lezzetleri ve d\u00fczenli \u015fehir ya\u015fam\u0131 ile \u00fclkemizin en g\u00fczel rotalar\u0131ndan biri.<\/p>\n<p>G\u00fc\u00e7l\u00fc ekonomisiyle \u00fclkemizin geli\u015fmi\u015f kentlerinden biri olan tarihsel ve do\u011fal zenginlikleri ile \u00f6zellikle yerli turistlerin ilgisini \u00e7ekiyor. \u0130nan\u00e7 turizminde giderek y\u00fckselen bir potansiyele sahip olan \u015fehirde bulunan \u00c7atalh\u00f6y\u00fck UNESCO D\u00fcnya Miras\u0131\u2019n\u0131n koruma listesinde yer al\u0131yor.<\/p>\n<p><img width=\"800\" height=\"500\" data-public-id=\"Konya-Gezi-Seyahat_dnjytu\/Konya-Gezi-Seyahat_dnjytu.jpg\" fetchpriority=\"high\" decoding=\"async\" class=\"aligncenter wp-post-2234 wp-image-2236\" src=\"https:\/\/res.cloudinary.com\/turna\/images\/w_800,h_500,c_scale\/f_auto,q_auto:low\/v1461792828\/Konya-Gezi-Seyahat_dnjytu\/Konya-Gezi-Seyahat_dnjytu.jpg?_i=AA\" data-format=\"jpg\" data-transformations=\"f_auto,q_auto:low\" data-version=\"1461792828\" data-seo=\"1\" srcset=\"https:\/\/res.cloudinary.com\/turna\/images\/f_auto,q_auto:low\/v1461792828\/Konya-Gezi-Seyahat_dnjytu\/Konya-Gezi-Seyahat_dnjytu.jpg?_i=AA 800w, https:\/\/res.cloudinary.com\/turna\/images\/w_300,h_188,c_scale\/f_auto,q_auto:low\/v1461792828\/Konya-Gezi-Seyahat_dnjytu\/Konya-Gezi-Seyahat_dnjytu.jpg?_i=AA 300w, https:\/\/res.cloudinary.com\/turna\/images\/w_672,h_420,c_scale\/f_auto,q_auto:low\/v1461792828\/Konya-Gezi-Seyahat_dnjytu\/Konya-Gezi-Seyahat_dnjytu.jpg?_i=AA 672w, https:\/\/res.cloudinary.com\/turna\/images\/w_640,h_400,c_scale\/f_auto,q_auto:low\/v1461792828\/Konya-Gezi-Seyahat_dnjytu\/Konya-Gezi-Seyahat_dnjytu.jpg?_i=AA 640w, https:\/\/res.cloudinary.com\/turna\/images\/w_681,h_426,c_scale\/f_auto,q_auto:low\/v1461792828\/Konya-Gezi-Seyahat_dnjytu\/Konya-Gezi-Seyahat_dnjytu.jpg?_i=AA 681w\" sizes=\"(max-width: 800px) 100vw, 800px\" \/><\/p>\n<p>Anadolu\u2019daki en eski yerle\u015fim yerleri aras\u0131nda g\u00f6sterilen \u015fehirde yerle\u015fimin tarih \u00f6ncesi d\u00f6nemde ba\u015flad\u0131\u011f\u0131 d\u00fc\u015f\u00fcn\u00fcl\u00fcyor. G\u00fcn\u00fcm\u00fczde \u015fehir merkezinde yer alan ve ayn\u0131 zamanda h\u00f6y\u00fck olan Al\u00e2eddin Tepesi ad\u0131 verilen suni tepede yap\u0131lan ara\u015ft\u0131rmalar cilal ta\u015f devri, kalkolitik ve erken bronz \u00e7a\u011flar\u0131na ait izleri ortaya \u00e7\u0131karm\u0131\u015f.<\/p>\n<p>Karah\u00f6y\u00fck ve \u00c7atalh\u00f6y\u00fck insanl\u0131k tarihine \u0131\u015f\u0131k tutan iki \u00f6nemli yerle\u015fim yerinden biri. Hitiler, Frigler, Lidyal\u0131lar, Persler ve B\u00fcy\u00fck \u0130skender&#8217;in istilalar\u0131na u\u011frayan Konya Anadolu\u2019da Roma hakimiyetinin sa\u011flanmas\u0131yla birlikte \u0130conium olarak varl\u0131\u011f\u0131n\u0131 korumu\u015f.<\/p>\n<p>Hem Roma hem de Bizans d\u00f6nemlerinde \u00f6nemini koruyan \u015fehir, Hristiyanl\u0131\u011f\u0131n ilk y\u0131llar\u0131nda dini bir merkez olarak tan\u0131nm\u0131\u015f. \u0130smi \u0130ncil\u2019de m\u00fcjdeleyici olarak ge\u00e7en Aziz Paul, Anadolu\u2019daki seyahatleri s\u0131ras\u0131nda Konya\u2019ya da u\u011fram\u0131\u015f.<\/p>\n<p><img width=\"800\" height=\"500\" data-public-id=\"Konya-Seyahat-Gezi_wqqnes\/Konya-Seyahat-Gezi_wqqnes.jpg\" decoding=\"async\" class=\"aligncenter wp-post-2234 wp-image-2237\" src=\"https:\/\/res.cloudinary.com\/turna\/images\/w_800,h_500,c_scale\/f_auto,q_auto:low\/v1461792850\/Konya-Seyahat-Gezi_wqqnes\/Konya-Seyahat-Gezi_wqqnes.jpg?_i=AA\" data-format=\"jpg\" data-transformations=\"f_auto,q_auto:low\" data-version=\"1461792850\" data-seo=\"1\" srcset=\"https:\/\/res.cloudinary.com\/turna\/images\/f_auto,q_auto:low\/v1461792850\/Konya-Seyahat-Gezi_wqqnes\/Konya-Seyahat-Gezi_wqqnes.jpg?_i=AA 800w, https:\/\/res.cloudinary.com\/turna\/images\/w_300,h_188,c_scale\/f_auto,q_auto:low\/v1461792850\/Konya-Seyahat-Gezi_wqqnes\/Konya-Seyahat-Gezi_wqqnes.jpg?_i=AA 300w, https:\/\/res.cloudinary.com\/turna\/images\/w_672,h_420,c_scale\/f_auto,q_auto:low\/v1461792850\/Konya-Seyahat-Gezi_wqqnes\/Konya-Seyahat-Gezi_wqqnes.jpg?_i=AA 672w, https:\/\/res.cloudinary.com\/turna\/images\/w_640,h_400,c_scale\/f_auto,q_auto:low\/v1461792850\/Konya-Seyahat-Gezi_wqqnes\/Konya-Seyahat-Gezi_wqqnes.jpg?_i=AA 640w, https:\/\/res.cloudinary.com\/turna\/images\/w_681,h_426,c_scale\/f_auto,q_auto:low\/v1461792850\/Konya-Seyahat-Gezi_wqqnes\/Konya-Seyahat-Gezi_wqqnes.jpg?_i=AA 681w\" sizes=\"(max-width: 800px) 100vw, 800px\" \/><\/p>\n<p>Anadolu Sel\u00e7uklu Devleti, Karamano\u011fullar\u0131 Beyli\u011fi ve Osmanl\u0131 egemenli\u011fini de ya\u015fayan Konya\u2019da bu y\u0131llara ait \u00e7ok say\u0131da eser bulunuyor. Kurtulu\u015f Sava\u015f\u0131 s\u0131ras\u0131nda Konya, i\u015fgal g\u00f6rmeyen Ankara, Kayseri, Yozgat, \u00c7orum, \u00c7ank\u0131r\u0131 gibi i\u00e7 Anadolu \u015fehirleriyle lojistik a\u00e7\u0131dan \u00f6nemli bir koridora d\u00f6n\u00fc\u015fm\u00fc\u015f.<\/p>\n<p>Y\u00fcz\u00f6l\u00e7\u00fcm\u00fc ile T\u00fcrkiye\u2019nin en geni\u015f \u015fehri olan bu g\u00fczel kent, Tuz G\u00f6l\u00fc, Bey\u015fehir G\u00f6l\u00fc, Su\u011fla G\u00f6l\u00fc, Ak\u015fehir G\u00f6l\u00fc, Ilg\u0131n G\u00f6l\u00fc, D\u00fcden G\u00f6l\u00fc, Ac\u0131g\u00f6l, Bolluk G\u00f6l\u00fc, Meke Krater G\u00f6l\u00fc gibi do\u011fal g\u00fczellikleri ile ziyaret\u00e7ilerini etkiliyor.<\/p>\n<p>Kenti\u00a0ziyaret edenlerin ilk gitti\u011fi yerler aras\u0131nda bulunan Mevlana M\u00fczesi, olduk\u00e7a duygusal anlar\u0131n ya\u015fand\u0131\u011f\u0131, ruhani bir yap\u0131. Mevlana M\u00fczesi d\u0131\u015f\u0131nda \u015fehirde\u00a0ziyaret edilebilecek yerler aras\u0131nda, \u015eehirde \u00e7e\u015fitli m\u00fczeler de bulunmaktad\u0131r. Konya Arkeoloji M\u00fczesi, Atat\u00fcrk Evi M\u00fczesi, Karatay Medresesi (\u00c7ini Eserler M\u00fczesi), S\u0131r\u00e7al\u0131 Medrese (Mezar An\u0131tlar\u0131 M\u00fczesi), \u0130nce Minare (Ta\u015f-Ah\u015fap Eserleri M\u00fczesi), Etnografya M\u00fczesi ve Konya \u0130zzet Koyuno\u011flu \u015eehir M\u00fczesi bulunuyor.<\/p>\n<p><img width=\"800\" height=\"500\" data-public-id=\"Konya-Gezi-Rehberi_kiwskr\/Konya-Gezi-Rehberi_kiwskr.jpg\" decoding=\"async\" class=\"aligncenter wp-post-2234 wp-image-2238\" src=\"https:\/\/res.cloudinary.com\/turna\/images\/w_800,h_500,c_scale\/f_auto,q_auto:low\/v1461792869\/Konya-Gezi-Rehberi_kiwskr\/Konya-Gezi-Rehberi_kiwskr.jpg?_i=AA\" data-format=\"jpg\" data-transformations=\"f_auto,q_auto:low\" data-version=\"1461792869\" data-seo=\"1\" srcset=\"https:\/\/res.cloudinary.com\/turna\/images\/f_auto,q_auto:low\/v1461792869\/Konya-Gezi-Rehberi_kiwskr\/Konya-Gezi-Rehberi_kiwskr.jpg?_i=AA 800w, https:\/\/res.cloudinary.com\/turna\/images\/w_300,h_188,c_scale\/f_auto,q_auto:low\/v1461792869\/Konya-Gezi-Rehberi_kiwskr\/Konya-Gezi-Rehberi_kiwskr.jpg?_i=AA 300w, https:\/\/res.cloudinary.com\/turna\/images\/w_672,h_420,c_scale\/f_auto,q_auto:low\/v1461792869\/Konya-Gezi-Rehberi_kiwskr\/Konya-Gezi-Rehberi_kiwskr.jpg?_i=AA 672w, https:\/\/res.cloudinary.com\/turna\/images\/w_640,h_400,c_scale\/f_auto,q_auto:low\/v1461792869\/Konya-Gezi-Rehberi_kiwskr\/Konya-Gezi-Rehberi_kiwskr.jpg?_i=AA 640w, https:\/\/res.cloudinary.com\/turna\/images\/w_681,h_426,c_scale\/f_auto,q_auto:low\/v1461792869\/Konya-Gezi-Rehberi_kiwskr\/Konya-Gezi-Rehberi_kiwskr.jpg?_i=AA 681w\" sizes=\"(max-width: 800px) 100vw, 800px\" \/><\/p>\n<h2><strong>Konya\u2019ya Nas\u0131l Gidilir<\/strong><\/h2>\n<p>Konya\u2019ya T\u00fcrkiye\u2019nin d\u00f6rt bir yan\u0131ndan \u015fehirleraras\u0131 otob\u00fcs ve tren seferi bulunuyor. Ayr\u0131ca \u0130zmir, \u0130stanbul ve d\u00f6nemsel olarak farkl\u0131 \u015fehirlerden direkt u\u00e7ak seferlerini yakalamak da m\u00fcmk\u00fcn. Bunun i\u00e7in <a href=\"https:\/\/www.turna.com\/ucak-bileti\/konya\" target=\"_blank\" rel=\"noopener noreferrer\"><strong>Konya u\u00e7ak bileti<\/strong><\/a> se\u00e7eneklerine g\u00f6z atmak gerekiyor.<\/p>\n<p>Anadolu\u2019nun kalbinde yer alan Konya, lezzetleri, k\u00fclt\u00fcr\u00fc, do\u011fas\u0131 ve tarihiyle mutlaka ke\u015ffedilmesi gereken bir hazine.<\/p>\n<p><a href=\"https:\/\/www.turna.com\/otobus-bileti\/konya\"><strong>Konya otob\u00fcs bileti<\/strong> <\/a>se\u00e7eneklerine de g\u00f6z atabilirsiniz.<\/p>\n\n\n<p><\/p>\n\n    <div class=\"xs_social_share_widget xs_share_url after_content \t\tmain_content  wslu-style-1 wslu-share-box-shaped wslu-fill-colored wslu-none wslu-share-horizontal wslu-theme-font-no wslu-main_content\">\n\n\t\t\n        <ul>\n\t\t\t        <\/ul>\n    <\/div> \n","protected":false},"excerpt":{"rendered":"<p>Anadolu\u2019nun kav\u015fak noktas\u0131 Konya, insanl\u0131k tarihi ile ya\u015f\u0131t bir ge\u00e7mi\u015fe sahip. Mevlana\u2019n\u0131n \u015fehri Konya, ho\u015fg\u00f6r\u00fc ile an\u0131lan k\u00fclt\u00fcrel yap\u0131s\u0131, do\u011fal g\u00fczellikleri, harika lezzetleri ve d\u00fczenli \u015fehir ya\u015fam\u0131 ile \u00fclkemizin en g\u00fczel rotalar\u0131ndan biri. G\u00fc\u00e7l\u00fc ekonomisiyle \u00fclkemizin geli\u015fmi\u015f kentlerinden biri olan tarihsel ve do\u011fal zenginlikleri ile \u00f6zellikle yerli turistlerin ilgisini \u00e7ekiyor. \u0130nan\u00e7 turizminde giderek y\u00fckselen bir [&hellip;]<\/p>\n","protected":false},"author":9,"featured_media":2236,"comment_status":"open","ping_status":"open","sticky":false,"template":"","format":"standard","meta":{"rop_custom_images_group":[],"rop_custom_messages_group":[],"rop_publish_now":"initial","rop_publish_now_accounts":[],"rop_publish_now_history":[],"rop_publish_now_status":"pending","_cloudinary_featured_overwrite":false,"footnotes":""},"categories":[84,1846],"tags":[2438,391],"class_list":["post-2234","post","type-post","status-publish","format-standard","has-post-thumbnail","hentry","category-turkiye","category-konya","tag-karaman","tag-konya"],"_links":{"self":[{"href":"https:\/\/www.turna.com\/blog\/wp-json\/wp\/v2\/posts\/2234","targetHints":{"allow":["GET"]}}],"collection":[{"href":"https:\/\/www.turna.com\/blog\/wp-json\/wp\/v2\/posts"}],"about":[{"href":"https:\/\/www.turna.com\/blog\/wp-json\/wp\/v2\/types\/post"}],"author":[{"embeddable":true,"href":"https:\/\/www.turna.com\/blog\/wp-json\/wp\/v2\/users\/9"}],"replies":[{"embeddable":true,"href":"https:\/\/www.turna.com\/blog\/wp-json\/wp\/v2\/comments?post=2234"}],"version-history":[{"count":0,"href":"https:\/\/www.turna.com\/blog\/wp-json\/wp\/v2\/posts\/2234\/revisions"}],"wp:featuredmedia":[{"embeddable":true,"href":"https:\/\/www.turna.com\/blog\/wp-json\/wp\/v2\/media\/2236"}],"wp:attachment":[{"href":"https:\/\/www.turna.com\/blog\/wp-json\/wp\/v2\/media?parent=2234"}],"wp:term":[{"taxonomy":"category","embeddable":true,"href":"https:\/\/www.turna.com\/blog\/wp-json\/wp\/v2\/categories?post=2234"},{"taxonomy":"post_tag","embeddable":true,"href":"https:\/\/www.turna.com\/blog\/wp-json\/wp\/v2\/tags?post=2234"}],"curies":[{"name":"wp","href":"https:\/\/api.w.org\/{rel}","templated":true}]}}