{"id":22154,"date":"2024-09-27T14:35:00","date_gmt":"2024-09-27T11:35:00","guid":{"rendered":"https:\/\/www.turna.com\/blog\/?p=22154"},"modified":"2025-12-08T10:46:47","modified_gmt":"2025-12-08T07:46:47","slug":"12-adimda-afyonkarahisar-gezilecek-yerler","status":"publish","type":"post","link":"https:\/\/www.turna.com\/blog\/12-adimda-afyonkarahisar-gezilecek-yerler","title":{"rendered":"19 Ad\u0131mda Afyonkarahisar Gezilecek Yerler"},"content":{"rendered":"<div id=\"ez-toc-container\" class=\"ez-toc-v2_0_82_2 counter-hierarchy ez-toc-counter ez-toc-black ez-toc-container-direction\">\n<div class=\"ez-toc-title-container\">\n<p class=\"ez-toc-title\" style=\"cursor:inherit\">\u0130\u00e7indekiler<\/p>\n<span class=\"ez-toc-title-toggle\"><a href=\"#\" class=\"ez-toc-pull-right ez-toc-btn ez-toc-btn-xs ez-toc-btn-default ez-toc-toggle\" aria-label=\"\u0130\u00e7indekiler Tablosunu A\u00e7\/Kapat\"><span class=\"ez-toc-js-icon-con\"><span class=\"\"><span class=\"eztoc-hide\" style=\"display:none;\">Toggle<\/span><span class=\"ez-toc-icon-toggle-span\"><svg style=\"fill: #ffffff;color:#ffffff\" xmlns=\"http:\/\/www.w3.org\/2000\/svg\" class=\"list-377408\" width=\"20px\" height=\"20px\" viewBox=\"0 0 24 24\" fill=\"none\"><path d=\"M6 6H4v2h2V6zm14 0H8v2h12V6zM4 11h2v2H4v-2zm16 0H8v2h12v-2zM4 16h2v2H4v-2zm16 0H8v2h12v-2z\" fill=\"currentColor\"><\/path><\/svg><svg style=\"fill: #ffffff;color:#ffffff\" class=\"arrow-unsorted-368013\" xmlns=\"http:\/\/www.w3.org\/2000\/svg\" width=\"10px\" height=\"10px\" viewBox=\"0 0 24 24\" version=\"1.2\" baseProfile=\"tiny\"><path d=\"M18.2 9.3l-6.2-6.3-6.2 6.3c-.2.2-.3.4-.3.7s.1.5.3.7c.2.2.4.3.7.3h11c.3 0 .5-.1.7-.3.2-.2.3-.5.3-.7s-.1-.5-.3-.7zM5.8 14.7l6.2 6.3 6.2-6.3c.2-.2.3-.5.3-.7s-.1-.5-.3-.7c-.2-.2-.4-.3-.7-.3h-11c-.3 0-.5.1-.7.3-.2.2-.3.5-.3.7s.1.5.3.7z\"\/><\/svg><\/span><\/span><\/span><\/a><\/span><\/div>\n<nav><ul class='ez-toc-list ez-toc-list-level-1 eztoc-toggle-hide-by-default' ><li class='ez-toc-page-1 ez-toc-heading-level-2'><a class=\"ez-toc-link ez-toc-heading-1\" href=\"https:\/\/www.turna.com\/blog\/12-adimda-afyonkarahisar-gezilecek-yerler\/#2_gunluk_afyon_gezi_plani\" >2 G\u00fcnl\u00fck Afyon Gezi Plan\u0131<\/a><ul class='ez-toc-list-level-3' ><li class='ez-toc-heading-level-3'><a class=\"ez-toc-link ez-toc-heading-2\" href=\"https:\/\/www.turna.com\/blog\/12-adimda-afyonkarahisar-gezilecek-yerler\/#2_gun_doga_ve_termal_rotalar\" >2. G\u00fcn: Do\u011fa ve Termal Rotalar<\/a><\/li><\/ul><\/li><li class='ez-toc-page-1 ez-toc-heading-level-2'><a class=\"ez-toc-link ez-toc-heading-3\" href=\"https:\/\/www.turna.com\/blog\/12-adimda-afyonkarahisar-gezilecek-yerler\/#afyonda_gormeniz_gereken_yerler\" >Afyon&#8217;da G\u00f6rmeniz Gereken Yerler<\/a><ul class='ez-toc-list-level-3' ><li class='ez-toc-heading-level-3'><a class=\"ez-toc-link ez-toc-heading-4\" href=\"https:\/\/www.turna.com\/blog\/12-adimda-afyonkarahisar-gezilecek-yerler\/#karahisar_kalesi\" >Karahisar Kalesi<\/a><\/li><li class='ez-toc-page-1 ez-toc-heading-level-3'><a class=\"ez-toc-link ez-toc-heading-5\" href=\"https:\/\/www.turna.com\/blog\/12-adimda-afyonkarahisar-gezilecek-yerler\/#afyonkarahisar_muzesi\" >Afyonkarahisar M\u00fczesi<\/a><\/li><li class='ez-toc-page-1 ez-toc-heading-level-3'><a class=\"ez-toc-link ez-toc-heading-6\" href=\"https:\/\/www.turna.com\/blog\/12-adimda-afyonkarahisar-gezilecek-yerler\/#ulu_camii\" >Ulu Camii<\/a><\/li><li class='ez-toc-page-1 ez-toc-heading-level-3'><a class=\"ez-toc-link ez-toc-heading-7\" href=\"https:\/\/www.turna.com\/blog\/12-adimda-afyonkarahisar-gezilecek-yerler\/#ibrahim_alimoglu_muzik_muzesi\" >\u0130brahim Alimo\u011flu M\u00fczik M\u00fczesi<\/a><\/li><li class='ez-toc-page-1 ez-toc-heading-level-3'><a class=\"ez-toc-link ez-toc-heading-8\" href=\"https:\/\/www.turna.com\/blog\/12-adimda-afyonkarahisar-gezilecek-yerler\/#tashan\" >Ta\u015fhan<\/a><\/li><li class='ez-toc-page-1 ez-toc-heading-level-3'><a class=\"ez-toc-link ez-toc-heading-9\" href=\"https:\/\/www.turna.com\/blog\/12-adimda-afyonkarahisar-gezilecek-yerler\/#zafer_muzesi\" >Zafer M\u00fczesi<\/a><\/li><li class='ez-toc-page-1 ez-toc-heading-level-3'><a class=\"ez-toc-link ez-toc-heading-10\" href=\"https:\/\/www.turna.com\/blog\/12-adimda-afyonkarahisar-gezilecek-yerler\/#imaret_camii\" >\u0130maret Camii<\/a><\/li><li class='ez-toc-page-1 ez-toc-heading-level-3'><a class=\"ez-toc-link ez-toc-heading-11\" href=\"https:\/\/www.turna.com\/blog\/12-adimda-afyonkarahisar-gezilecek-yerler\/#baskomutan_tarihi_milli_parki\" >Ba\u015fkomutan Tarihi Milli Park\u0131<\/a><\/li><li class='ez-toc-page-1 ez-toc-heading-level-3'><a class=\"ez-toc-link ez-toc-heading-12\" href=\"https:\/\/www.turna.com\/blog\/12-adimda-afyonkarahisar-gezilecek-yerler\/#buzluk_magarasi\" >Buzluk Ma\u011faras\u0131<\/a><\/li><li class='ez-toc-page-1 ez-toc-heading-level-3'><a class=\"ez-toc-link ez-toc-heading-13\" href=\"https:\/\/www.turna.com\/blog\/12-adimda-afyonkarahisar-gezilecek-yerler\/#eber_golu\" >Eber G\u00f6l\u00fc<\/a><\/li><li class='ez-toc-page-1 ez-toc-heading-level-3'><a class=\"ez-toc-link ez-toc-heading-14\" href=\"https:\/\/www.turna.com\/blog\/12-adimda-afyonkarahisar-gezilecek-yerler\/#ayazini_koyu_ve_ayazini_kilisesi\" >Ayazini K\u00f6y\u00fc ve Ayazini Kilisesi<\/a><\/li><li class='ez-toc-page-1 ez-toc-heading-level-3'><a class=\"ez-toc-link ez-toc-heading-15\" href=\"https:\/\/www.turna.com\/blog\/12-adimda-afyonkarahisar-gezilecek-yerler\/#doger_yaylasi_ve_emre_tekkesi\" >D\u00f6\u011fer Yaylas\u0131 ve Emre Tekkesi<\/a><\/li><li class='ez-toc-page-1 ez-toc-heading-level-3'><a class=\"ez-toc-link ez-toc-heading-16\" href=\"https:\/\/www.turna.com\/blog\/12-adimda-afyonkarahisar-gezilecek-yerler\/#avdalas_kalesi\" >Avdalas Kalesi<\/a><\/li><li class='ez-toc-page-1 ez-toc-heading-level-3'><a class=\"ez-toc-link ez-toc-heading-17\" href=\"https:\/\/www.turna.com\/blog\/12-adimda-afyonkarahisar-gezilecek-yerler\/#bolvadin_termal_kaplicalari\" >Bolvadin Termal Kapl\u0131calar\u0131<\/a><\/li><li class='ez-toc-page-1 ez-toc-heading-level-3'><a class=\"ez-toc-link ez-toc-heading-18\" href=\"https:\/\/www.turna.com\/blog\/12-adimda-afyonkarahisar-gezilecek-yerler\/#akdag_tabiat_parki\" >Akda\u011f Tabiat Park\u0131<\/a><\/li><li class='ez-toc-page-1 ez-toc-heading-level-3'><a class=\"ez-toc-link ez-toc-heading-19\" href=\"https:\/\/www.turna.com\/blog\/12-adimda-afyonkarahisar-gezilecek-yerler\/#frig_vadisi\" >Frig Vadisi<\/a><\/li><li class='ez-toc-page-1 ez-toc-heading-level-3'><a class=\"ez-toc-link ez-toc-heading-20\" href=\"https:\/\/www.turna.com\/blog\/12-adimda-afyonkarahisar-gezilecek-yerler\/#acigol\" >Ac\u0131g\u00f6l<\/a><\/li><li class='ez-toc-page-1 ez-toc-heading-level-3'><a class=\"ez-toc-link ez-toc-heading-21\" href=\"https:\/\/www.turna.com\/blog\/12-adimda-afyonkarahisar-gezilecek-yerler\/#apameia_antik_kenti\" >Apameia Antik Kenti<\/a><\/li><li class='ez-toc-page-1 ez-toc-heading-level-3'><a class=\"ez-toc-link ez-toc-heading-22\" href=\"https:\/\/www.turna.com\/blog\/12-adimda-afyonkarahisar-gezilecek-yerler\/#goynus_vadisi\" >G\u00f6yn\u00fc\u015f Vadisi<\/a><\/li><\/ul><\/li><\/ul><\/nav><\/div>\n\n<p>Afyonkarahisar, tarih kokan sokaklar\u0131, lezzetli mutfa\u011f\u0131 ve g\u00f6rkemli manzaralar\u0131yla ziyaret etmeniz gereken bir \u015fehir. &#8220;<strong>Afyonkarahisar gezilecek yerler<\/strong>&#8221; ara\u015ft\u0131rmas\u0131 yap\u0131yorsan\u0131z, bu \u015fehirde ke\u015ffedilecek bir\u00e7ok g\u00fczellik sizi bekliyor. Tarihiyle i\u00e7 i\u00e7e ge\u00e7mi\u015f, her k\u00f6\u015fesinde farkl\u0131 bir hikaye bar\u0131nd\u0131ran Afyonkarahisar, s\u0131cakkanl\u0131 insanlar\u0131yla da unutulmaz an\u0131lar b\u0131rakacak.<\/p>\n\n\n\n<h2 class=\"wp-block-heading has-text-align-center has-neeon-button-dark-gray-color has-text-color has-link-color wp-elements-d3869270d2d4c7fa3febee80ef2a0ddd\"><span class=\"ez-toc-section\" id=\"2_gunluk_afyon_gezi_plani\"><\/span><strong>2 G\u00fcnl\u00fck Afyon Gezi Plan\u0131<\/strong><span class=\"ez-toc-section-end\"><\/span><\/h2>\n\n\n\n<figure class=\"wp-block-image size-large\"><img decoding=\"async\" src=\"https:\/\/res.cloudinary.com\/turna\/image\/upload\/v1727437845\/wordpress-contents\/afyon_gezi_plani.webp\" alt=\"2 G\u00fcnl\u00fck Afyon Gezi Plan\u0131\"\/><\/figure>\n\n\n\n<p><strong>1. G\u00fcn: Tarih ve K\u00fclt\u00fcr Ke\u015ffi<\/strong><\/p>\n\n\n\n<ul class=\"wp-block-list\">\n<li><strong>Kahvalt\u0131: Afyon Sucu\u011fu ve Kaymakl\u0131 Ekmek Kaday\u0131f\u0131<\/strong><br>G\u00fcne Afyon\u2019un me\u015fhur sucu\u011fuyla ba\u015flay\u0131n. Yan\u0131nda kaymakl\u0131 ekmek kaday\u0131f\u0131 ile tatl\u0131 bir kahvalt\u0131 yapabilirsiniz. Bu lezzetleri yerinde denemek i\u00e7in \u015fehir merkezinde bulunan yerel bir kahvalt\u0131 mekan\u0131 tercih edilebilir.<\/li>\n\n\n\n<li>G\u00fcn i\u00e7inde Afyon&#8217;un tarihine ve k\u00fclt\u00fcr\u00fcne tan\u0131kl\u0131k edebilece\u011finiz bu noktalar\u0131 ziyaret edin: <strong>Afyon Kalesi<\/strong>, <strong>Afyonkarahisar Ulu Camii<\/strong>, <strong>Zafer M\u00fczesi<\/strong>, <strong>\u0130maret Camii ve K\u00fclliyesi<\/strong>, <strong>Afyonkarahisar Arkeoloji M\u00fczesi<\/strong><\/li>\n\n\n\n<li><strong>Afyon Termal Kapl\u0131calar\u0131<\/strong>: Afyon\u2019un me\u015fhur kapl\u0131calar\u0131nda rahatlay\u0131n. Bolvadin ya da Sand\u0131kl\u0131 gibi termal b\u00f6lgelerde konaklayarak \u015fifal\u0131 sular\u0131n keyfini \u00e7\u0131karabilirsiniz.<\/li>\n\n\n\n<li><strong>Ak\u015fam Yeme\u011fi: <\/strong>Afyon\u2019un me\u015fhur lezzetlerinden olan Afyon Kebab\u0131 ve pa\u00e7\u0131k gibi y\u00f6resel yemeklerin tad\u0131na bak\u0131n. Ayr\u0131ca ke\u015fkek de mutlaka denemeniz gereken lezzetlerden.<\/li>\n<\/ul>\n\n\n\n<h3 class=\"wp-block-heading\"><span class=\"ez-toc-section\" id=\"2_gun_doga_ve_termal_rotalar\"><\/span><strong>2. G\u00fcn: Do\u011fa ve Termal Rotalar<\/strong><span class=\"ez-toc-section-end\"><\/span><\/h3>\n\n\n\n<ul class=\"wp-block-list\">\n<li><strong>Frig Vadisi Gezisi<\/strong>: \u0130kinci g\u00fcn\u00fcn\u00fczde do\u011fayla i\u00e7 i\u00e7e olmak isterseniz <strong>Frig Vadisi<\/strong>&#8216;ni ziyaret edin. Bu antik b\u00f6lgede hem y\u00fcr\u00fcy\u00fc\u015f yapabilir hem de Frig d\u00f6nemine ait kaya an\u0131tlar\u0131n\u0131, mezar odalar\u0131n\u0131 ve kiliseleri g\u00f6rebilirsiniz. Do\u011fal g\u00fczellikler ve tarihin i\u00e7 i\u00e7e ge\u00e7ti\u011fi bu b\u00f6lgede bol bol foto\u011fraf \u00e7ekmeyi unutmay\u0131n.<\/li>\n\n\n\n<li><strong>\u00d6\u011fle Yeme\u011fi: \u00c7ullama K\u00f6fte<\/strong>: Gezinin ortas\u0131nda enerji toplamak i\u00e7in Afyon\u2019un lezzetlerinden biri olan <strong>\u00c7ullama K\u00f6fte<\/strong>&#8216;yi deneyin. Bu k\u00f6fte \u00f6zel bir haz\u0131rl\u0131k s\u00fcrecine sahip ve Afyon\u2019un en me\u015fhur et yemeklerinden biri.<\/li>\n\n\n\n<li>G\u00fcn boyunca ziyaret edebilece\u011finiz noktalar: <strong>Afyonkarahisar Kervansaray\u0131<\/strong>, <strong>Afyon Kent Orman\u0131<\/strong>, <strong>Afyon Mevlevihanesi<\/strong><\/li>\n\n\n\n<li><strong>Yemek ve Hediyelik Al\u0131\u015fveri\u015fi<\/strong>: Afyon\u2019un me\u015fhur lezzetlerinden olu\u015fan bir ak\u015fam yeme\u011fi ile g\u00fcn\u00fc sonland\u0131r\u0131n. Sonras\u0131nda \u015fehirdeki d\u00fckk\u00e2nlardan Afyon lokumu, sucuk, ha\u015fha\u015f ezmesi ve kaymak gibi y\u00f6resel \u00fcr\u00fcnleri almay\u0131 unutmay\u0131n.<\/li>\n<\/ul>\n\n\n\n<h2 class=\"wp-block-heading has-text-align-center has-neeon-button-dark-gray-color has-text-color has-link-color wp-elements-8d9d0fceee3ef1ed41b167092e77fbde\"><span class=\"ez-toc-section\" id=\"afyonda_gormeniz_gereken_yerler\"><\/span><strong>Afyon&#8217;da G\u00f6rmeniz Gereken Yerler<\/strong><span class=\"ez-toc-section-end\"><\/span><\/h2>\n\n\n\n<figure class=\"wp-block-image size-large\"><img width=\"800\" height=\"500\" data-public-id=\"afyonkarahisar_gezilecek_yerler\/afyonkarahisar_gezilecek_yerler.jpg\" decoding=\"async\" src=\"https:\/\/res.cloudinary.com\/turna\/images\/w_800,h_500,c_scale\/f_auto,q_auto:low\/v1700223870\/afyonkarahisar_gezilecek_yerler\/afyonkarahisar_gezilecek_yerler.jpg?_i=AA\" alt=\"Afyonkarahisar Gezilecek Yerler\" class=\"wp-post-0 wp-image-22155\" data-format=\"jpg\" data-transformations=\"f_auto,q_auto:low\" data-version=\"1700223870\" data-seo=\"1\" srcset=\"https:\/\/res.cloudinary.com\/turna\/images\/f_auto,q_auto:low\/v1700223870\/afyonkarahisar_gezilecek_yerler\/afyonkarahisar_gezilecek_yerler.jpg?_i=AA 800w, https:\/\/res.cloudinary.com\/turna\/images\/w_300,h_188,c_scale\/f_auto,q_auto:low\/v1700223870\/afyonkarahisar_gezilecek_yerler\/afyonkarahisar_gezilecek_yerler.jpg?_i=AA 300w, https:\/\/res.cloudinary.com\/turna\/images\/w_672,h_420,c_scale\/f_auto,q_auto:low\/v1700223870\/afyonkarahisar_gezilecek_yerler\/afyonkarahisar_gezilecek_yerler.jpg?_i=AA 672w, https:\/\/res.cloudinary.com\/turna\/images\/w_640,h_400,c_scale\/f_auto,q_auto:low\/v1700223870\/afyonkarahisar_gezilecek_yerler\/afyonkarahisar_gezilecek_yerler.jpg?_i=AA 640w, https:\/\/res.cloudinary.com\/turna\/images\/w_681,h_426,c_scale\/f_auto,q_auto:low\/v1700223870\/afyonkarahisar_gezilecek_yerler\/afyonkarahisar_gezilecek_yerler.jpg?_i=AA 681w\" sizes=\"(max-width: 800px) 100vw, 800px\" \/><\/figure>\n\n\n\n<p>Afyonkarahisar, ziyaret\u00e7ilerine birbirinden \u00e7e\u015fitli deneyimler sunan termal tesisleriyle \u00fcnl\u00fc. Afyon&#8217;un s\u0131cak termal sular\u0131, yorgun bedenleri rahatlatman\u0131n yan\u0131 s\u0131ra sa\u011fl\u0131k ve huzur dolu bir tatilin kap\u0131lar\u0131n\u0131 aral\u0131yor. \u015eehir, termal otelleri, spa merkezleri ve kapl\u0131calar\u0131yla adeta bir sa\u011fl\u0131k cenneti.<\/p>\n\n\n\n<p>Antik d\u00f6nemden g\u00fcn\u00fcm\u00fcze uzanan tarihi dokusuyla \u015fehir, bir a\u00e7\u0131k hava m\u00fczesini and\u0131r\u0131yor. Afyonkarahisar Kalesi&#8217;nin g\u00f6ky\u00fcz\u00fcne y\u00fckselen ihti\u015fam\u0131, tarihi hanlar\u0131 ve \u00e7ar\u015f\u0131lar\u0131yla \u015fehrin merkezi, ziyaret\u00e7ilere adeta zaman t\u00fcnelinde bir yolculuk yapma f\u0131rsat\u0131 veriyor. Afyon ayn\u0131 zamanda kendine \u00f6zg\u00fc mutfa\u011f\u0131yla da me\u015fhur. Afyon sucu\u011fu ve kaymak gibi lezzetleriyle gastronomi tutkunlar\u0131n\u0131 cezbediyor. Afyon&#8217;u ke\u015ffetmeye ne dersiniz?<\/p>\n\n\n\n<p><strong>Afyonkarahisar Gezilecek Yerler Listesi<\/strong><\/p>\n\n\n\n<ol class=\"wp-block-list\">\n<li>Karahisar Kalesi<\/li>\n\n\n\n<li>Afyonkarahisar M\u00fczesi<\/li>\n\n\n\n<li>Ulu Camii<\/li>\n\n\n\n<li>\u0130brahim Alimo\u011flu M\u00fczik M\u00fczesi<\/li>\n\n\n\n<li>Ta\u015fhan<\/li>\n\n\n\n<li>Zafer M\u00fczesi<\/li>\n\n\n\n<li>\u0130maret camii<\/li>\n\n\n\n<li>Ba\u015fkomutan Tarihi Milli Park\u0131<\/li>\n\n\n\n<li>Buzluk Ma\u011faras\u0131<\/li>\n\n\n\n<li>Eber G\u00f6l\u00fc<\/li>\n\n\n\n<li>Ayazini K\u00f6y\u00fc ve Ayazini Kilisesi<\/li>\n\n\n\n<li>D\u00f6\u011fer Yaylas\u0131 ve Emre Tekkesi<\/li>\n\n\n\n<li>Avdalas Kalesi<\/li>\n\n\n\n<li>Bolvadin Termal Kapl\u0131calar\u0131<\/li>\n\n\n\n<li>Akda\u011f Tabiat Park\u0131<\/li>\n\n\n\n<li>Frig Vadisi<\/li>\n\n\n\n<li>Ac\u0131g\u00f6l<\/li>\n\n\n\n<li>Apameia Antik Kenti<\/li>\n\n\n\n<li>G\u00f6yn\u00fc\u015f Vadisi<\/li>\n<\/ol>\n\n\n\n<h3 class=\"wp-block-heading has-text-align-center has-neeon-button-dark-gray-color has-text-color has-link-color wp-elements-e81eec149270919d1f57343fc784068b\"><span class=\"ez-toc-section\" id=\"karahisar_kalesi\"><\/span><strong>Karahisar Kalesi<\/strong><span class=\"ez-toc-section-end\"><\/span><\/h3>\n\n\n\n<figure class=\"wp-block-image size-large\"><img decoding=\"async\" src=\"https:\/\/res.cloudinary.com\/turna\/image\/upload\/v1700223871\/karahisar_kalesi.jpg\" alt=\"Afyonkarahisar Gezilecek Yerler Karahisar kalesi\"\/><\/figure>\n\n\n\n<p>Afyonkarahisar&#8217;\u0131n simgesi ve tarihine tan\u0131kl\u0131k eden muazzam bir yap\u0131 olan Karahisar Kalesi, \u015fehrin panoramik g\u00fczelliklerine y\u00fcksekten bir bak\u0131\u015f sunuyor. Tarihi ge\u00e7mi\u015fi M.\u00d6. 1350&#8217;lere kadar uzanan bu kale, zaman i\u00e7inde pek \u00e7ok medeniyetin izlerini ta\u015f\u0131yan bir a\u00e7\u0131k hava m\u00fczesine d\u00f6n\u00fc\u015fm\u00fc\u015f.<\/p>\n\n\n\n<p>Ta\u015f duvarlar\u0131 aras\u0131nda dola\u015ft\u0131\u011f\u0131n\u0131zda, ge\u00e7mi\u015fin derinliklerine yolculuk yapman\u0131n heyecan\u0131n\u0131 hissedersiniz. Kale, Osmanl\u0131 d\u00f6neminde de stratejik bir \u00f6neme sahip olarak kullan\u0131lm\u0131\u015f ve bu tarihi mekan, g\u00fcn\u00fcm\u00fczde ziyaret\u00e7ilere tarih kokan bir atmosfer sunuyor. Konum <strong><a href=\"https:\/\/maps.app.goo.gl\/DujMksaksBRje6y39\" target=\"_blank\" rel=\"noopener\">burada.<\/a><\/strong><\/p>\n\n\n\n<h3 class=\"wp-block-heading has-text-align-center has-neeon-button-dark-gray-color has-text-color has-link-color wp-elements-3d342e486cd65ec139bd32536509c29f\"><span class=\"ez-toc-section\" id=\"afyonkarahisar_muzesi\"><\/span><strong>Afyonkarahisar M\u00fczesi<\/strong><span class=\"ez-toc-section-end\"><\/span><\/h3>\n\n\n\n<p>Afyonkarahisar M\u00fczesi, b\u00f6lgenin tarih ve k\u00fclt\u00fcr zenginliklerini ke\u015ffetmek isteyen ziyaret\u00e7ilere kap\u0131lar\u0131n\u0131 a\u00e7an \u00f6nemli bir m\u00fcze. Afyonkarahisar&#8217;\u0131n tarihine \u0131\u015f\u0131k tutan bu m\u00fcze, zengin arkeolojik koleksiyonlar\u0131yla dikkat \u00e7ekiyor. Roma, Bizans, Sel\u00e7uklu ve Osmanl\u0131 d\u00f6nemlerine ait pek \u00e7ok eser bar\u0131nd\u0131r\u0131yor. Sergilenen eserler aras\u0131nda antik \u00e7a\u011fdan kalma mozaikler, heykeller, seramikler ve daha pek \u00e7ok tarihi obje bulunuyor. Ayn\u0131 zamanda, m\u00fczenin mimarisi de dikkat \u00e7ekici; modern tasar\u0131m\u0131yla tarih\u00ee \u00f6\u011feleri ba\u015far\u0131yla bir araya getirerek ziyaret\u00e7ilere estetik bir deneyim sunuyor. M\u00fcze giri\u015f \u00fccreti 90 TL. M\u00fcze kart ge\u00e7erli. Konum <strong><a href=\"https:\/\/maps.app.goo.gl\/w5CEBmRwhWAVBpd98\" target=\"_blank\" rel=\"noopener\">burada.<\/a><\/strong><\/p>\n\n\n\n<h3 class=\"wp-block-heading has-text-align-center has-neeon-button-dark-gray-color has-text-color has-link-color wp-elements-740efeefdb7c8331d93ef1c6d00e8504\"><span class=\"ez-toc-section\" id=\"ulu_camii\"><\/span><strong>Ulu Camii<\/strong><span class=\"ez-toc-section-end\"><\/span><\/h3>\n\n\n\n<figure class=\"wp-block-image size-large\"><img decoding=\"async\" src=\"https:\/\/res.cloudinary.com\/turna\/image\/upload\/v1700223870\/afyon_ulu_cami.jpg\" alt=\"Afyonkarahisar Gezilecek Yerler Ulu Cami\"\/><\/figure>\n\n\n\n<p>Afyonkarahisar&#8217;\u0131n tarihi ve dini atmosferini en iyi yans\u0131tan yap\u0131lar\u0131n ba\u015f\u0131nda gelen Ulu Camii, \u015fehirdeki \u00f6nemli bir k\u00fclt\u00fcrel miras\u0131 temsil ediyor. Cami, Osmanl\u0131 \u0130mparatorlu\u011fu&#8217;nun h\u00fck\u00fcmdar\u0131 Y\u0131ld\u0131r\u0131m Bayezid taraf\u0131ndan 1396 y\u0131l\u0131nda in\u015fa ettirilmi\u015f. Yap\u0131n\u0131n b\u00fcy\u00fckl\u00fc\u011f\u00fc ve etkileyici mimarisi, ziyaret\u00e7ileri adeta tarih yolculu\u011funa \u00e7\u0131kar\u0131yor. Ulu Camii&#8217;nin \u00e7ini i\u015f\u00e7ili\u011fi, ah\u015fap oymac\u0131l\u0131\u011f\u0131 ve s\u00fcslemeleri, Osmanl\u0131 mimarisinin izlerini ta\u015f\u0131yan bir sanat \u015faheseri niteli\u011finde. Caminin i\u00e7 mek\u00e2n\u0131ndaki b\u00fcy\u00fcleyici mihrap, minber ve duvar s\u00fcslemeleri, d\u00f6nemin estetik anlay\u0131\u015f\u0131n\u0131 yans\u0131tarak insan\u0131 etkisi alt\u0131na al\u0131yor. Konum <strong><a href=\"https:\/\/maps.app.goo.gl\/EouAoDLu68ymdKeN7\" target=\"_blank\" rel=\"noopener\">burada.<\/a><\/strong><\/p>\n\n\n\n<h3 class=\"wp-block-heading has-text-align-center has-neeon-button-dark-gray-color has-text-color has-link-color wp-elements-6be554d9c234240b62b4f0fd16502b39\"><span class=\"ez-toc-section\" id=\"ibrahim_alimoglu_muzik_muzesi\"><\/span><strong>\u0130brahim Alimo\u011flu M\u00fczik M\u00fczesi<\/strong><span class=\"ez-toc-section-end\"><\/span><\/h3>\n\n\n\n<p>Afyonkarahisar&#8217;\u0131n k\u00fclt\u00fcr ve sanat hayat\u0131na renk katan \u0130brahim Alimo\u011flu M\u00fczik M\u00fczesi, m\u00fczikseverleri tarihi ve melodik bir yolculu\u011fa davet ediyor. Ad\u0131n\u0131 T\u00fcrk m\u00fczi\u011finin \u00f6nemli isimlerinden biri olan sanat\u00e7\u0131 \u0130brahim Alimo\u011flu&#8217;ndan alan m\u00fcze, onun hayat\u0131na ve sanat\u0131na adanm\u0131\u015f bir sergi alan\u0131 olarak \u00f6ne \u00e7\u0131k\u0131yor. Ziyaret\u00e7ilere, sanat\u00e7\u0131n\u0131n kariyerine dair zengin bir g\u00f6rsel ve i\u015fitsel deneyim sunan m\u00fcze, enstr\u00fcmanlar\u0131, notalar\u0131, ki\u015fisel e\u015fyalar\u0131 ve \u00f6zel an\u0131lar\u0131yla Alimo\u011flu&#8217;nun sanat yolculu\u011funu detayl\u0131 bir \u015fekilde anlat\u0131yor.<\/p>\n\n\n\n<p>Sergilenen eserler aras\u0131nda geleneksel T\u00fcrk m\u00fczi\u011fi \u00f6rnekleri, makamlar, ve sanat\u00e7\u0131n\u0131n sahne performanslar\u0131na dair belge ve an\u0131lar bulunmaktad\u0131r. \u0130brahim Alimo\u011flu M\u00fczik M\u00fczesi, ziyaret\u00e7ilerini T\u00fcrk m\u00fczi\u011finin derinliklerine \u00e7ekerek, sanat\u0131n evrensel dilini ke\u015ffetmeye davet ediyor. M\u00fczenin interaktif alanlar\u0131 ve e\u011fitici i\u00e7erikleriyle dolu olanaklar\u0131, m\u00fczikseverleri unutulmaz bir k\u00fclt\u00fcr deneyimine s\u00fcr\u00fckl\u00fcyor. Konum <strong><a href=\"https:\/\/maps.app.goo.gl\/36TxAujMdsQFncdk6\" target=\"_blank\" rel=\"noreferrer noopener\">burada.<\/a><\/strong><\/p>\n\n\n\n<h3 class=\"wp-block-heading has-text-align-center has-neeon-button-dark-gray-color has-text-color has-link-color wp-elements-1ff4393c3cc7f8d21d5896d114a3a94b\"><span class=\"ez-toc-section\" id=\"tashan\"><\/span><strong>Ta\u015fhan<\/strong><span class=\"ez-toc-section-end\"><\/span><\/h3>\n\n\n\n<figure class=\"wp-block-image size-large\"><img decoding=\"async\" src=\"https:\/\/res.cloudinary.com\/turna\/image\/upload\/v1700223869\/afyon_ta%C5%9Fhan.jpg\" alt=\"Afyonkarahisar Gezilecek Yerler Ta\u015fhan\"\/><figcaption class=\"wp-element-caption\">Afyonkarahisar Gezilecek Yerler &#8211; Ta\u015fhan<\/figcaption><\/figure>\n\n\n\n<p><strong>Afyon&#8217;da<\/strong>&nbsp;<strong>gezilecek yerler&nbsp;merkez<\/strong> listesinde u\u011framan\u0131z gereken yerlerden biri de Ta\u015fhan. Afyonkarahisar&#8217;\u0131n tarih kokan dokusunu yans\u0131tan Ta\u015fhan, \u015fehirdeki k\u00fclt\u00fcrel miras\u0131 en iyi \u015fekilde temsil eden tarihi bir yap\u0131. 17. y\u00fczy\u0131lda in\u015fa edilen bu ta\u015f kervansaray, Osmanl\u0131 \u0130mparatorlu\u011fu&#8217;nun ticaret yollar\u0131nda \u00f6nemli bir konaklama ve ticaret merkezi olarak hizmet vermi\u015f.<\/p>\n\n\n\n<p>\u0130\u00e7 avlusu etraf\u0131ndaki tarihi odalarda gezebilir ve Osmanl\u0131 d\u00f6nemine ait geleneksel el sanatlar\u0131, dokuma \u00fcr\u00fcnleri ve antik e\u015fyalar\u0131 inceleyebilirsiniz. Ayr\u0131ca, Ta\u015fhan&#8217;\u0131n \u00e7evresindeki tarihi \u00e7ar\u015f\u0131 alan\u0131nda al\u0131\u015fveri\u015f yapabilir ve geleneksel \u00fcr\u00fcnleri ke\u015ffetme imkan\u0131 bulabilirsiniz. Konum <strong><a href=\"https:\/\/maps.app.goo.gl\/g99UVW9KEivgbbML8\" target=\"_blank\" rel=\"noopener\">burada.<\/a><\/strong><\/p>\n\n\n\n<h3 class=\"wp-block-heading has-text-align-center has-neeon-button-dark-gray-color has-text-color has-link-color wp-elements-1fecb6c99ef83226793aa86d5b7f947a\"><span class=\"ez-toc-section\" id=\"zafer_muzesi\"><\/span><strong>Zafer M\u00fczesi<\/strong><span class=\"ez-toc-section-end\"><\/span><\/h3>\n\n\n\n<p>Afyonkarahisar&#8217;\u0131n tarihi zenginliklerini bar\u0131nd\u0131ran \u00f6nemli bir m\u00fcze olarak kar\u015f\u0131m\u0131za \u00e7\u0131kan Zafer M\u00fczesi, T\u00fcrk Kurtulu\u015f Sava\u015f\u0131&#8217;n\u0131n \u00f6nemli bir d\u00f6nemine \u0131\u015f\u0131k tutan etkileyici bir k\u00fclt\u00fcr miras\u0131. Mustafa Kemal Atat\u00fcrk&#8217;\u00fcn liderli\u011findeki T\u00fcrk ordusunun Ba\u015fkomutanl\u0131k Meydan Muharebesi&#8217;nde kazand\u0131\u011f\u0131 b\u00fcy\u00fck zaferin an\u0131s\u0131na 1982 y\u0131l\u0131nda kurulan m\u00fcze, ziyaret\u00e7ilere tarihi bir yolculuk sunuyor.<\/p>\n\n\n\n<p>Sergilenen objeler aras\u0131nda d\u00f6neme ait silahlar, askeri te\u00e7hizatlar, belgeler ve foto\u011fraflar, T\u00fcrk milletinin ba\u011f\u0131ms\u0131zl\u0131k m\u00fccadelesinin izlerini ta\u015f\u0131yor. Zafer M\u00fczesi ayn\u0131 zamanda Mustafa Kemal Atat\u00fcrk ve silah arkada\u015flar\u0131na dair ki\u015fisel e\u015fyalar\u0131 ve an\u0131lar\u0131 da i\u00e7eren \u00f6zel bir koleksiyona ev sahipli\u011fi yap\u0131yor. M\u00fczenin modern tasar\u0131m\u0131, interaktif sergi alanlar\u0131 ve bilgi panolar\u0131, ziyaret\u00e7ilere tarihi olaylar\u0131 anlama ve de\u011ferlendirme f\u0131rsat\u0131 sunarak T\u00fcrk milletinin kahramanl\u0131k dolu ge\u00e7mi\u015fine sayg\u0131 duru\u015funda bulunuyor. Konum <strong><a href=\"https:\/\/maps.app.goo.gl\/2qZftckyW8N7VFCh6\" target=\"_blank\" rel=\"noreferrer noopener\">burada.<\/a><\/strong><\/p>\n\n\n\n<h3 class=\"wp-block-heading has-text-align-center has-neeon-button-dark-gray-color has-text-color has-link-color wp-elements-10e8d4718a04b85be20cfa5897d603e5\"><span class=\"ez-toc-section\" id=\"imaret_camii\"><\/span><strong>\u0130maret Camii<\/strong><span class=\"ez-toc-section-end\"><\/span><\/h3>\n\n\n\n<figure class=\"wp-block-image size-large\"><img decoding=\"async\" src=\"https:\/\/res.cloudinary.com\/turna\/image\/upload\/v1700223870\/imaret_cami_afyon.jpg\" alt=\"\u0130maret Camii\"\/><\/figure>\n\n\n\n<p>Afyonkarahisar&#8217;\u0131n tarihi dokusunu zenginle\u015ftiren \u0130maret Camii, Osmanl\u0131 d\u00f6neminin mimari \u015faheserlerinden biri olarak \u00f6ne \u00e7\u0131k\u0131yor. 1471 y\u0131l\u0131nda Sultan Mehmet II taraf\u0131ndan yapt\u0131r\u0131lan bu cami, zarif mimarisi ve d\u00f6nemin izlerini ta\u015f\u0131yan detaylar\u0131yla dikkat \u00e7ekiyor. Osmanl\u0131 mimarisinin etkileyici \u00f6rneklerinden biri olan \u0130maret Camii, sadece ibadet ama\u00e7l\u0131 de\u011fil ayn\u0131 zamanda sosyal ve k\u00fclt\u00fcrel bir merkez olarak da kullan\u0131lm\u0131\u015f.<\/p>\n\n\n\n<p>Cami, i\u00e7erisinde yer alan imaret b\u00f6l\u00fcm\u00fc ile ihtiya\u00e7 sahiplerine yemek ve yard\u0131m da\u011f\u0131tan bir hay\u0131r kurumu i\u015flevi g\u00f6rm\u00fc\u015f. Bu \u00f6zelli\u011fiyle, sadece dini bir yap\u0131 olman\u0131n \u00f6tesinde toplumsal dayan\u0131\u015fman\u0131n bir simgesi haline gelmi\u015f. Afyonkarahisar&#8217;\u0131n g\u00f6zde turistik noktalar\u0131ndan biri olan \u0130maret Camii, hem mimari esteti\u011fi hem de sosyal tarih katmanlar\u0131yla \u015fehrin tarihine \u0131\u015f\u0131k tutan \u00f6nemli bir durak. Konum <strong><a href=\"https:\/\/maps.app.goo.gl\/tyBFFmny1r5XhJeu9\" target=\"_blank\" rel=\"noopener\">burada.<\/a><\/strong><\/p>\n\n\n\n<h3 class=\"wp-block-heading has-text-align-center has-neeon-button-dark-gray-color has-text-color has-link-color wp-elements-db3cec735b5eb1c1d01ddd52cf2fcf99\"><span class=\"ez-toc-section\" id=\"baskomutan_tarihi_milli_parki\"><\/span><strong>Ba\u015fkomutan Tarihi Milli Park\u0131<\/strong><span class=\"ez-toc-section-end\"><\/span><\/h3>\n\n\n\n<figure class=\"wp-block-image size-large\"><img width=\"1024\" height=\"640\" data-public-id=\"Baskomutan-Milli-Parki\/Baskomutan-Milli-Parki.jpg\" decoding=\"async\" src=\"https:\/\/res.cloudinary.com\/turna\/images\/w_1024,h_640,c_scale\/f_auto,q_auto:low\/v1606386676\/Baskomutan-Milli-Parki\/Baskomutan-Milli-Parki.jpg?_i=AA\" alt=\"Ba\u015fkomutan Tarihi Milli Park\u0131\" class=\"wp-post-0 wp-image-17937\" data-format=\"jpg\" data-transformations=\"f_auto,q_auto:low\" data-version=\"1606386676\" data-seo=\"1\" srcset=\"https:\/\/res.cloudinary.com\/turna\/images\/f_auto,q_auto:low\/v1606386676\/Baskomutan-Milli-Parki\/Baskomutan-Milli-Parki.jpg?_i=AA 1024w, https:\/\/res.cloudinary.com\/turna\/images\/w_800,h_500,c_scale\/f_auto,q_auto:low\/v1606386676\/Baskomutan-Milli-Parki\/Baskomutan-Milli-Parki.jpg?_i=AA 800w, https:\/\/res.cloudinary.com\/turna\/images\/w_300,h_188,c_scale\/f_auto,q_auto:low\/v1606386676\/Baskomutan-Milli-Parki\/Baskomutan-Milli-Parki.jpg?_i=AA 300w, https:\/\/res.cloudinary.com\/turna\/images\/w_672,h_420,c_scale\/f_auto,q_auto:low\/v1606386676\/Baskomutan-Milli-Parki\/Baskomutan-Milli-Parki.jpg?_i=AA 672w, https:\/\/res.cloudinary.com\/turna\/images\/w_640,h_400,c_scale\/f_auto,q_auto:low\/v1606386676\/Baskomutan-Milli-Parki\/Baskomutan-Milli-Parki.jpg?_i=AA 640w, https:\/\/res.cloudinary.com\/turna\/images\/w_681,h_426,c_scale\/f_auto,q_auto:low\/v1606386676\/Baskomutan-Milli-Parki\/Baskomutan-Milli-Parki.jpg?_i=AA 681w\" sizes=\"(max-width: 1024px) 100vw, 1024px\" \/><\/figure>\n\n\n\n<p><strong>Afyonkarahisar<\/strong>&nbsp;<strong>gezilecek&nbsp;tarihi&nbsp;yerler<\/strong> ar\u0131yorsan\u0131z u\u011framan\u0131z gereken ilk yer kesinlikle Ba\u015fkomutan Tarihi Milli Park\u0131. T\u00fcrk Kurtulu\u015f Sava\u015f\u0131&#8217;n\u0131n kritik bir d\u00f6nemine ev sahipli\u011fi yapm\u0131\u015f \u00f6nemli bir alan olarak \u00f6ne \u00e7\u0131k\u0131yor buras\u0131. Mustafa Kemal Atat\u00fcrk&#8217;\u00fcn Ba\u015fkomutanl\u0131k Meydan Muharebesi&#8217;nde kazand\u0131\u011f\u0131 zaferin an\u0131s\u0131na ayr\u0131lan bu milli park, ziyaret\u00e7ilere tarih\u00ee bir atmosfer sunman\u0131n yan\u0131 s\u0131ra muazzam do\u011fal g\u00fczellikleriyle de b\u00fcy\u00fcleyici bir deneyim sunuyor.<\/p>\n\n\n\n<p>Park\u0131n i\u00e7inde yer alan Atat\u00fcrk ve silah arkada\u015flar\u0131n\u0131n an\u0131t mezarlar\u0131, ziyaret\u00e7ilere T\u00fcrk milletinin kahramanl\u0131k dolu ge\u00e7mi\u015fine duyulan sayg\u0131y\u0131 hissettiriyor. Konum <strong><a href=\"https:\/\/maps.app.goo.gl\/X9GrD8NW6mW29NPW9\" target=\"_blank\" rel=\"noreferrer noopener\">burada.<\/a><\/strong><\/p>\n\n\n\n<h3 class=\"wp-block-heading has-text-align-center has-neeon-button-dark-gray-color has-text-color has-link-color wp-elements-2852750bd1b36587baefb0ce331ecd07\"><span class=\"ez-toc-section\" id=\"buzluk_magarasi\"><\/span><strong>Buzluk Ma\u011faras\u0131<\/strong><span class=\"ez-toc-section-end\"><\/span><\/h3>\n\n\n\n<p>Afyonkarahisar&#8217;\u0131n do\u011fal g\u00fczellikleri aras\u0131nda kendine \u00f6zg\u00fc bir yer edinen Buzluk Ma\u011faras\u0131, muazzam stalaktit ve stalagmit olu\u015fumlar\u0131yla ziyaret\u00e7ilerini etkileyen bir do\u011fa harikas\u0131. \u015eehrin merkezine yakla\u015f\u0131k 16 kilometre uzakl\u0131kta yer alan bu ma\u011fara, serin havas\u0131, sark\u0131t ve dikitleriyle olduk\u00e7a g\u00fczel.<\/p>\n\n\n\n<p>Ma\u011faran\u0131n i\u00e7indeki b\u00fcy\u00fcleyici atmosfer, zamanla olu\u015fan do\u011fal kalsit olu\u015fumlar\u0131 \u0131\u015f\u0131kland\u0131rmalarla daha da dikkat \u00e7ekici g\u00f6r\u00fcn\u00fcyor. Buzluk Ma\u011faras\u0131, s\u0131cak yaz g\u00fcnlerinde bile i\u00e7erisinde hissedilen serin atmosferi ile adeta bir do\u011fal klima g\u00f6revi \u00fcstleniyor. Ma\u011fara Sultanda\u011f\u0131 il\u00e7esi s\u0131n\u0131rlar\u0131nda bulunuyor.<\/p>\n\n\n\n<h3 class=\"wp-block-heading has-text-align-center has-neeon-button-dark-gray-color has-text-color has-link-color wp-elements-bb0b7a67979028315f68b586c853c546\"><span class=\"ez-toc-section\" id=\"eber_golu\"><\/span><strong>Eber G\u00f6l\u00fc<\/strong><span class=\"ez-toc-section-end\"><\/span><\/h3>\n\n\n\n<figure class=\"wp-block-image size-large\"><img decoding=\"async\" src=\"https:\/\/res.cloudinary.com\/turna\/image\/upload\/v1700223870\/eber_g%C3%B6l%C3%BC.jpg\" alt=\"Eber G\u00f6l\u00fc\"\/><\/figure>\n\n\n\n<p><strong>Afyon&#8217;da gezilecek yerler do\u011fa<\/strong> y\u00f6n\u00fcnden de olduk\u00e7a zengin. Eber G\u00f6l\u00fc, \u015fehrin do\u011fa severler i\u00e7in vazge\u00e7ilmez bir destinasyonu olarak \u00f6ne \u00e7\u0131k\u0131yor. Afyon&#8217;un huzur veren atmosferinden sadece k\u0131sa bir mesafede bulunan bu do\u011fal g\u00f6l, muazzam manzaras\u0131 ve \u00e7evresindeki do\u011fal ya\u015fam\u0131yla b\u00fcy\u00fcleyici bir deneyim sunuyor.<\/p>\n\n\n\n<p>Eber G\u00f6l\u00fc, ku\u015f g\u00f6zlemleri i\u00e7in ideal bir nokta, \u00f6zellikle ku\u015f g\u00f6\u00e7\u00fc d\u00f6nemlerinde bir\u00e7ok farkl\u0131 t\u00fcr\u00fc a\u011f\u0131rlayarak do\u011fa tutkunlar\u0131n\u0131 kendine \u00e7ekiyor. Ayr\u0131ca, g\u00f6l \u00e7evresindeki y\u00fcr\u00fcy\u00fc\u015f yollar\u0131 ve piknik alanlar\u0131, ziyaret\u00e7ilere huzur dolu anlar ya\u015fat\u0131yor. Konum <strong><a href=\"https:\/\/maps.app.goo.gl\/CFjuEY8kfFynFVCn7\" target=\"_blank\" rel=\"noreferrer noopener\">burada.<\/a><\/strong><\/p>\n\n\n\n<h3 class=\"wp-block-heading has-text-align-center has-neeon-button-dark-gray-color has-text-color has-link-color wp-elements-cad355e39b9ca5ca8122701fb435b88c\"><span class=\"ez-toc-section\" id=\"ayazini_koyu_ve_ayazini_kilisesi\"><\/span><strong>Ayazini K\u00f6y\u00fc ve Ayazini Kilisesi<\/strong><span class=\"ez-toc-section-end\"><\/span><\/h3>\n\n\n\n<figure class=\"wp-block-image size-large\"><img decoding=\"async\" src=\"https:\/\/res.cloudinary.com\/turna\/image\/upload\/v1727437845\/wordpress-contents\/ayazini.webp\" alt=\"Ayazini K\u00f6y\u00fc ve Ayazini Kilisesi\"\/><\/figure>\n\n\n\n<p><strong>Ayazini K\u00f6y\u00fc<\/strong>, Frig Vadisi\u2019nin kalbinde yer al\u0131yor ve olduk\u00e7a etkileyici! Bu k\u00f6yde dola\u015f\u0131rken ad\u0131m ba\u015f\u0131 tarihle kar\u015f\u0131la\u015facaks\u0131n\u0131z. En \u00f6zel duraklardan biri ise <strong>Ayazini Kilisesi<\/strong>. Kaya oyma y\u00f6ntemiyle in\u015fa edilmi\u015f bu kilise, Bizans d\u00f6neminden kalma ve bug\u00fcn bile mistik atmosferini koruyor. Ayazini\u2019nin ta\u015f sokaklar\u0131nda dola\u015f\u0131rken, binlerce y\u0131ll\u0131k tarihin dokusunu hissedecek, Friglerden Bizans\u2019a uzanan bir k\u00fclt\u00fcr mozai\u011fine tan\u0131kl\u0131k edeceksiniz.<\/p>\n\n\n\n<h3 class=\"wp-block-heading has-text-align-center has-neeon-button-dark-gray-color has-text-color has-link-color wp-elements-c7715e93e85a6365537b514b323d8f45\"><span class=\"ez-toc-section\" id=\"doger_yaylasi_ve_emre_tekkesi\"><\/span><strong>D\u00f6\u011fer Yaylas\u0131 ve Emre Tekkesi<\/strong><span class=\"ez-toc-section-end\"><\/span><\/h3>\n\n\n\n<figure class=\"wp-block-image size-large\"><img decoding=\"async\" src=\"https:\/\/res.cloudinary.com\/turna\/image\/upload\/v1727437846\/wordpress-contents\/emre_tekkesi.webp\" alt=\"D\u00f6\u011fer Yaylas\u0131 ve Emre Tekkesi\"\/><\/figure>\n\n\n\n<p>Afyonkarahisar&#8217;\u0131n cennet k\u00f6\u015felerinden <strong>D\u00f6\u011fer Yaylas\u0131<\/strong>, tertemiz havas\u0131 ve e\u015fsiz do\u011fas\u0131yla huzur dolu bir ka\u00e7\u0131\u015f noktas\u0131! Burada yemye\u015fil yayla manzaralar\u0131 aras\u0131nda y\u00fcr\u00fcy\u00fc\u015f yaparken tarihin izlerini de s\u00fcrmeye haz\u0131r olun. Yaylan\u0131n hemen yan\u0131 ba\u015f\u0131nda yer alan <strong>Emre Tekkesi<\/strong>, Hoca Ahmet Yesevi&#8217;nin takip\u00e7ilerinden biri olan Emre Sultan\u2019a adanm\u0131\u015f mistik bir yap\u0131. Hem do\u011fa tutkunlar\u0131 hem de tarihe merakl\u0131 olanlar i\u00e7in bi\u00e7ilmi\u015f kaftan!<\/p>\n\n\n\n<h3 class=\"wp-block-heading has-text-align-center has-neeon-button-dark-gray-color has-text-color has-link-color wp-elements-857f2fd9b9a7baac453babef0a2aa5d3\"><span class=\"ez-toc-section\" id=\"avdalas_kalesi\"><\/span><strong>Avdalas Kalesi<\/strong><span class=\"ez-toc-section-end\"><\/span><\/h3>\n\n\n\n<figure class=\"wp-block-image size-large\"><img decoding=\"async\" src=\"https:\/\/res.cloudinary.com\/turna\/image\/upload\/v1727437846\/wordpress-contents\/avdalas_kalesi.webp\" alt=\"Avdalas Kalesi\"\/><\/figure>\n\n\n\n<p>Kayalara oyulmu\u015f odalar\u0131 ve merdivenleriyle, Frig Vadisi\u2019ne ku\u015fbak\u0131\u015f\u0131 bakan Avdalas Kalesi, adeta g\u00f6ky\u00fcz\u00fcne as\u0131l\u0131 bir tarihi eser gibi. \u0130nan\u0131lmaz bir manzara e\u015fli\u011finde hem tarihin izlerini s\u00fcr\u00fcp hem de da\u011f havas\u0131n\u0131 i\u00e7inize \u00e7ekebilece\u011finiz bir yer buras\u0131. Kale, Bizans d\u00f6neminden kalma ve o d\u00f6nemin savunma stratejilerinin izlerini ta\u015f\u0131yor. Do\u011fayla b\u00fct\u00fcnle\u015fmi\u015f bu mistik yap\u0131ya t\u0131rman\u0131rken kendinizi bir ke\u015fif yolculu\u011funda hissedeceksiniz. Macerac\u0131 ruhlar i\u00e7in Afyonkarahisar gezilecek yerler listesinin olmazsa olmazlar\u0131ndan!<\/p>\n\n\n\n<h3 class=\"wp-block-heading has-text-align-center has-neeon-button-dark-gray-color has-text-color has-link-color wp-elements-7aecc04c7168524a5fa7ca9d925cc110\"><span class=\"ez-toc-section\" id=\"bolvadin_termal_kaplicalari\"><\/span><strong>Bolvadin Termal Kapl\u0131calar\u0131<\/strong><span class=\"ez-toc-section-end\"><\/span><\/h3>\n\n\n\n<figure class=\"wp-block-image size-large\"><img decoding=\"async\" src=\"https:\/\/res.cloudinary.com\/turna\/image\/upload\/v1727437846\/wordpress-contents\/bolvadin_kaplica.webp\" alt=\"Bolvadin Termal Kapl\u0131calar\u0131\"\/><\/figure>\n\n\n\n<p>Afyonkarahisar denince akla gelen ilk \u015feylerden biri \u015f\u00fcphesiz kapl\u0131calar, ama <strong>Bolvadin Termal Kapl\u0131calar\u0131<\/strong> bu i\u015fin uzman\u0131! Y\u00fczy\u0131llard\u0131r \u015fifal\u0131 sular\u0131yla bilinen Bolvadin, hem bedeninizi hem ruhunuzu dinlendirece\u011finiz bir ka\u00e7\u0131\u015f noktas\u0131. Bu kapl\u0131calar\u0131n suyu, kas ve eklem a\u011fr\u0131lar\u0131na iyi gelmesiyle \u00fcnl\u00fc; adeta do\u011fan\u0131n size sundu\u011fu bir spa deneyimi! Suyun s\u0131cakl\u0131\u011f\u0131na kendinizi b\u0131rakt\u0131\u011f\u0131n\u0131zda t\u00fcm stresinizi unutacak, Afyon\u2019un termal mucizesini iliklerinize kadar hissedeceksiniz.<\/p>\n\n\n\n<h3 class=\"wp-block-heading has-text-align-center has-neeon-button-dark-gray-color has-text-color has-link-color wp-elements-4c76c5d0406794dd770fe4debfe31c31\"><span class=\"ez-toc-section\" id=\"akdag_tabiat_parki\"><\/span><strong>Akda\u011f Tabiat Park\u0131<\/strong><span class=\"ez-toc-section-end\"><\/span><\/h3>\n\n\n\n<figure class=\"wp-block-image size-large\"><img decoding=\"async\" src=\"https:\/\/res.cloudinary.com\/turna\/image\/upload\/v1700223870\/akda%C4%9F_tabiat_park%C4%B1.jpg\" alt=\"Akda\u011f Tabiat Park\u0131\"\/><figcaption class=\"wp-element-caption\">Afyonkarahisar Gezilecek Yerler &#8211; Akda\u011f Tabiat Park\u0131 <\/figcaption><\/figure>\n\n\n\n<p>Afyonkarahisar&#8217;\u0131n do\u011fal zenginliklerini ke\u015ffetmek isteyenler i\u00e7in e\u015fsiz bir do\u011fa cenneti olan Akda\u011f Tabiat Park\u0131, \u015fehrin do\u011faseverler i\u00e7in vazge\u00e7ilmez destinasyonlar\u0131ndan biri. Park, muhte\u015fem da\u011f manzaralar\u0131, ye\u015fil vadiler ve zengin flora ile do\u011fan\u0131n t\u00fcm g\u00fczelliklerini bir araya getiriyor.<\/p>\n\n\n\n<p>Serin ve temiz havay\u0131 soluyabilece\u011finiz bu tabiat park\u0131 i\u00e7indeki y\u00fcr\u00fcy\u00fc\u015f yollar\u0131, ziyaret\u00e7ilere unutulmaz manzaralar e\u015fli\u011finde do\u011fa y\u00fcr\u00fcy\u00fc\u015fleri yapma imkan\u0131 tan\u0131rken, piknik alanlar\u0131 da ailecek keyifli zaman ge\u00e7irmek isteyenleri cezbediyor. \u015eehrin g\u00fcr\u00fclt\u00fcs\u00fcnden uzakla\u015f\u0131p huzur dolu bir do\u011fa ka\u00e7ama\u011f\u0131 yapmak isterseniz buraya mutlaka u\u011fray\u0131n. Konum <strong><a href=\"https:\/\/maps.app.goo.gl\/WezQP5Gm4EgvCSe57\" target=\"_blank\" rel=\"noreferrer noopener\">burada.<\/a><\/strong><\/p>\n\n\n\n<h3 class=\"wp-block-heading has-text-align-center has-neeon-button-dark-gray-color has-text-color has-link-color wp-elements-6814e59ef8c4fb8a76af6811d944378c\"><span class=\"ez-toc-section\" id=\"frig_vadisi\"><\/span><strong>Frig Vadisi<\/strong><span class=\"ez-toc-section-end\"><\/span><\/h3>\n\n\n\n<figure class=\"wp-block-image size-large\"><img decoding=\"async\" src=\"https:\/\/res.cloudinary.com\/turna\/image\/upload\/v1700223869\/frig_vadisi.jpg\" alt=\"Frig Vadisi\"\/><\/figure>\n\n\n\n<p><strong>Afyon&#8217;a yak\u0131n gezilecek yerler<\/strong> i\u00e7inde muazzam bir tarih ve do\u011fa harikas\u0131 olan Frig Vadisi, ziyaret\u00e7ilere e\u015fsiz bir ke\u015fif deneyimi sunan bir destinasyon. Antik Frigya uygarl\u0131\u011f\u0131n\u0131n izlerini ta\u015f\u0131yan bu vadide, tarih\u00ee kal\u0131nt\u0131lar ve nefes kesen do\u011fal g\u00fczellikler bir araya geliyor. Vadide dola\u015f\u0131rken, ta\u015f oymac\u0131l\u0131\u011f\u0131yla yap\u0131lm\u0131\u015f antik kaya mezarlar\u0131, tap\u0131nak kal\u0131nt\u0131lar\u0131 ve do\u011fal olu\u015fumlar aras\u0131nda kaybolma hissiyle kar\u015f\u0131la\u015fabilirsiniz.<\/p>\n\n\n\n<p>Frig Vadisi, tarihe duyulan ilginin yan\u0131 s\u0131ra, \u015felaleleri, vadileri ve ye\u015fil dokusuyla da do\u011fa severlerin beklentilerini kar\u015f\u0131l\u0131yor. Afyonkarahisar&#8217;a k\u0131sa bir mesafede bulunan bu benzersiz vadi, tarih ve do\u011fa tutkunlar\u0131 i\u00e7in adeta bir a\u00e7\u0131k hava m\u00fczesi niteli\u011finde, Afyonkarahisar&#8217;\u0131n zengin turistik destinasyonlar\u0131 aras\u0131nda \u00f6nemli bir yer tutuyor.<\/p>\n\n\n\n<h3 class=\"wp-block-heading has-text-align-center\"><span class=\"ez-toc-section\" id=\"acigol\"><\/span><strong>Ac\u0131g\u00f6l<\/strong><span class=\"ez-toc-section-end\"><\/span><\/h3>\n\n\n\n<p>Denizli il s\u0131n\u0131rlar\u0131 i\u00e7erisinde bulunan suyu sodal\u0131&nbsp;<strong>Ac\u0131g\u00f6l<\/strong>, yaz-k\u0131\u015f flamingo s\u00fcr\u00fclerinin ya\u015fayabildi\u011fi \u00f6zel b\u00f6lgelerden biri. Sazl\u0131k alanlarda ve su kaynaklar\u0131na yak\u0131n k\u0131s\u0131mlarda, besin zincirinin zengin oldu\u011fu A\u015fa\u011f\u0131 Akp\u0131nar K\u00f6y\u00fc ve \u00e7evresine flamingo, mart\u0131, karabatak, yaban \u00f6rde\u011fi, turna, yaban kaz\u0131, pelikan, leylek gibi g\u00f6\u00e7men ku\u015flar u\u011fruyor. G\u00fcney do\u011fusundaki da\u011flar\u0131n y\u0131rt\u0131c\u0131 ku\u015flara ev sahipli\u011fi yapt\u0131\u011f\u0131 b\u00f6lge, do\u011fa sporlar\u0131yla ilgilenenler i\u00e7in \u00f6zellikle g\u00fcney do\u011fusundaki alanlarla olduk\u00e7a \u00f6nemli. Ac\u0131g\u00f6l ayr\u0131ca, ku\u015f pop\u00fcl\u00e2syonu bak\u0131m\u0131ndan Anadolu\u2019da korunagelmi\u015f en \u00f6nemli b\u00f6lgelerden biri.<\/p>\n\n\n\n<h3 class=\"wp-block-heading has-text-align-center has-neeon-button-dark-gray-color has-text-color has-link-color wp-elements-a1b28d754e5ac6f66b059e64b3e77a21\"><span class=\"ez-toc-section\" id=\"apameia_antik_kenti\"><\/span><strong>Apameia Antik Kenti<\/strong><span class=\"ez-toc-section-end\"><\/span><\/h3>\n\n\n\n<p>Dinar&nbsp;il\u00e7esinde bulunan ve \u00f6nceki ad\u0131 Kelainai olan&nbsp;<strong>Apameia Antik Kenti<\/strong>, M\u00d6 6. y\u00fczy\u0131ldan itibaren klasik d\u00f6nem boyunca Efes\u2019ten sonra en \u00f6nemli merkez olmu\u015f bir antik kent. Roma valisi taraf\u0131ndan y\u00f6netilen \u015fehir, \u00f6nemini, Ankara\u2019dan Attaleia\u2019ya ve Do\u011fu\u2019dan Efes\u2019e giden anayollar\u0131n kesi\u015fmesinden alan ticari merkez konumuna gelmi\u015f.<\/p>\n\n\n\n<p>Mercimek Tepesi yama\u00e7lar\u0131ndaki Helenistik tiyatro, stadyum, tepenin zirvesindeki bir kilise ve Dinar\u2019dan ge\u00e7en karayolunun hemen kenar\u0131nda yar\u0131m daire \u015feklinde olan bir yap\u0131 yer al\u0131yor. MS 3. y\u00fczy\u0131lda \u015fehirde bas\u0131lm\u0131\u015f baz\u0131 sikkeler \u00fczerinde Nuh\u2019un gemisinin resimleri oldu\u011fundan b\u00f6lgede n\u00fcfuzlu bir Yahudi toplulu\u011funun bulundu\u011fu d\u00fc\u015f\u00fcn\u00fcl\u00fcyor.<\/p>\n\n\n\n<h3 class=\"wp-block-heading has-text-align-center has-neeon-button-dark-gray-color has-text-color has-link-color wp-elements-a070a2fcf3491cdfa96324aac572ef1e\"><span class=\"ez-toc-section\" id=\"goynus_vadisi\"><\/span><strong>G\u00f6yn\u00fc\u015f Vadisi<\/strong><span class=\"ez-toc-section-end\"><\/span><\/h3>\n\n\n\n<figure class=\"wp-block-image size-large\"><img decoding=\"async\" src=\"https:\/\/res.cloudinary.com\/turna\/image\/upload\/v1727437847\/wordpress-contents\/goynus_vadisi.webp\" alt=\"G\u00f6yn\u00fc\u015f Vadisi\"\/><\/figure>\n\n\n\n<p>Aslanta\u015f ve Y\u0131lanta\u015f Kaya Mezarlar\u0131 ile bilinen ve \u0130hsaniye il\u00e7esinde yer alan G\u00f6yn\u00fc\u015f Vadisi\u2019nde, Frig d\u00f6nemine ait kaya mezarlar\u0131 bulunuyor. Vadi i\u00e7inde kale, Aslanta\u015f, Y\u0131lanta\u015f, Malta\u015f ve Kumcabo\u011faz an\u0131tlar\u0131 var. Aslanta\u015f\u2019\u0131n, \u00f6nemli bir Frig kral\u0131n\u0131n mezar\u0131 oldu\u011fu ve M\u00d6.7. y\u00fczy\u0131lda yap\u0131ld\u0131\u011f\u0131 san\u0131l\u0131yor.<\/p>\n\n\n\n<p>Kaya mezar odas\u0131n\u0131n \u00f6n y\u00fcz\u00fcndeki kap\u0131 bo\u015flu\u011funun her iki yan\u0131nda aya\u011fa kalkm\u0131\u015f, iki heybetli aslan ve ayaklar\u0131 alt\u0131nda birer yavru aslan bulunurken, kap\u0131 \u00fczerinde ise hayat a\u011fac\u0131n\u0131 and\u0131ran k\u00fctle ve bunun \u00fcst\u00fcnde her iki yana uzanm\u0131\u015f kanatl\u0131 g\u00fcne\u015f kursu var. Aslanta\u015f\u2019\u0131n bat\u0131s\u0131nda ayn\u0131 kayal\u0131klar\u0131n devam\u0131nda bulunan ve ayn\u0131 y\u00fczy\u0131la ait Y\u0131lanta\u015f ise, Medusa ba\u015fl\u0131 y\u0131lan kabartmas\u0131 ile olduk\u00e7a \u00f6nemli. <\/p>\n\n\n\n<p>Afyonkarahisar gezilecek yerler yaz\u0131m umar\u0131m sizin i\u00e7in yol g\u00f6sterici olmu\u015ftur. Afyon hakk\u0131nda di\u011fer i\u00e7eriklerime de mutlaka g\u00f6z at\u0131n.<\/p>\n\n\n\n<p><strong><a href=\"https:\/\/www.turna.com\/blog\/afyonda-ne-yenir\" target=\"_blank\" rel=\"noreferrer noopener\">Afyon\u2019da Ne Yenir? 9 Damak \u00c7atlatan Lezzet<\/a><\/strong><\/p>\n\n\n\n<p><strong><a href=\"https:\/\/www.turna.com\/blog\/afyon-gezi-rehberi-termal-keyfin-sehri\" target=\"_blank\" rel=\"noreferrer noopener\">Afyon Gezi Rehberi: Termal Keyfin \u015eehri<\/a><\/strong><\/p>\n\n\n\n<p><strong><a href=\"https:\/\/www.turna.com\/blog\/afyonkarahisarin-en-unlu-geleneksel-el-sanatlari\" target=\"_blank\" rel=\"noreferrer noopener\">Afyonkarahisar\u2019\u0131n En \u00dcnl\u00fc Geleneksel El Sanatlar\u0131<\/a><\/strong><\/p>\n\n\n\n<p><strong><a href=\"https:\/\/www.turna.com\/blog\/baskomutan-tarihi-milli-parki\" target=\"_blank\" rel=\"noreferrer noopener\">Ba\u015fkomutan Tarihi Milli Park\u0131<\/a><\/strong><\/p>\n\n    <div class=\"xs_social_share_widget xs_share_url after_content \t\tmain_content  wslu-style-1 wslu-share-box-shaped wslu-fill-colored wslu-none wslu-share-horizontal wslu-theme-font-no wslu-main_content\">\n\n\t\t\n        <ul>\n\t\t\t        <\/ul>\n    <\/div> \n","protected":false},"excerpt":{"rendered":"<p>Afyonkarahisar, tarih kokan sokaklar\u0131, lezzetli mutfa\u011f\u0131 ve g\u00f6rkemli manzaralar\u0131yla ziyaret etmeniz gereken bir \u015fehir. &#8220;Afyonkarahisar gezilecek yerler&#8221; ara\u015ft\u0131rmas\u0131 yap\u0131yorsan\u0131z, bu \u015fehirde ke\u015ffedilecek bir\u00e7ok g\u00fczellik sizi bekliyor. Tarihiyle i\u00e7 i\u00e7e ge\u00e7mi\u015f, her k\u00f6\u015fesinde farkl\u0131 bir hikaye bar\u0131nd\u0131ran Afyonkarahisar, s\u0131cakkanl\u0131 insanlar\u0131yla da unutulmaz an\u0131lar b\u0131rakacak.<\/p>\n","protected":false},"author":34,"featured_media":22155,"comment_status":"open","ping_status":"open","sticky":false,"template":"","format":"standard","meta":{"rop_custom_images_group":[],"rop_custom_messages_group":[],"rop_publish_now":"initial","rop_publish_now_accounts":[],"rop_publish_now_history":[],"rop_publish_now_status":"pending","_cloudinary_featured_overwrite":false,"footnotes":""},"categories":[2,1807,84],"tags":[929],"class_list":["post-22154","post","type-post","status-publish","format-standard","has-post-thumbnail","hentry","category-ulkeler","category-afyon","category-turkiye","tag-afyonkarahisar"],"_links":{"self":[{"href":"https:\/\/www.turna.com\/blog\/wp-json\/wp\/v2\/posts\/22154","targetHints":{"allow":["GET"]}}],"collection":[{"href":"https:\/\/www.turna.com\/blog\/wp-json\/wp\/v2\/posts"}],"about":[{"href":"https:\/\/www.turna.com\/blog\/wp-json\/wp\/v2\/types\/post"}],"author":[{"embeddable":true,"href":"https:\/\/www.turna.com\/blog\/wp-json\/wp\/v2\/users\/34"}],"replies":[{"embeddable":true,"href":"https:\/\/www.turna.com\/blog\/wp-json\/wp\/v2\/comments?post=22154"}],"version-history":[{"count":0,"href":"https:\/\/www.turna.com\/blog\/wp-json\/wp\/v2\/posts\/22154\/revisions"}],"wp:featuredmedia":[{"embeddable":true,"href":"https:\/\/www.turna.com\/blog\/wp-json\/wp\/v2\/media\/22155"}],"wp:attachment":[{"href":"https:\/\/www.turna.com\/blog\/wp-json\/wp\/v2\/media?parent=22154"}],"wp:term":[{"taxonomy":"category","embeddable":true,"href":"https:\/\/www.turna.com\/blog\/wp-json\/wp\/v2\/categories?post=22154"},{"taxonomy":"post_tag","embeddable":true,"href":"https:\/\/www.turna.com\/blog\/wp-json\/wp\/v2\/tags?post=22154"}],"curies":[{"name":"wp","href":"https:\/\/api.w.org\/{rel}","templated":true}]}}