{"id":22151,"date":"2024-11-12T10:14:35","date_gmt":"2024-11-12T07:14:35","guid":{"rendered":"https:\/\/www.turna.com\/blog\/?p=22151"},"modified":"2025-08-25T15:48:03","modified_gmt":"2025-08-25T12:48:03","slug":"afyonda-ne-yenir","status":"publish","type":"post","link":"https:\/\/www.turna.com\/blog\/afyonda-ne-yenir","title":{"rendered":"Afyon&#8217;da Ne Yenir? 13 Damak \u00c7atlatan Lezzet"},"content":{"rendered":"<div id=\"ez-toc-container\" class=\"ez-toc-v2_0_82_2 counter-hierarchy ez-toc-counter ez-toc-black ez-toc-container-direction\">\n<div class=\"ez-toc-title-container\">\n<p class=\"ez-toc-title\" style=\"cursor:inherit\">\u0130\u00e7indekiler<\/p>\n<span class=\"ez-toc-title-toggle\"><a href=\"#\" class=\"ez-toc-pull-right ez-toc-btn ez-toc-btn-xs ez-toc-btn-default ez-toc-toggle\" aria-label=\"\u0130\u00e7indekiler Tablosunu A\u00e7\/Kapat\"><span class=\"ez-toc-js-icon-con\"><span class=\"\"><span class=\"eztoc-hide\" style=\"display:none;\">Toggle<\/span><span class=\"ez-toc-icon-toggle-span\"><svg style=\"fill: #ffffff;color:#ffffff\" xmlns=\"http:\/\/www.w3.org\/2000\/svg\" class=\"list-377408\" width=\"20px\" height=\"20px\" viewBox=\"0 0 24 24\" fill=\"none\"><path d=\"M6 6H4v2h2V6zm14 0H8v2h12V6zM4 11h2v2H4v-2zm16 0H8v2h12v-2zM4 16h2v2H4v-2zm16 0H8v2h12v-2z\" fill=\"currentColor\"><\/path><\/svg><svg style=\"fill: #ffffff;color:#ffffff\" class=\"arrow-unsorted-368013\" xmlns=\"http:\/\/www.w3.org\/2000\/svg\" width=\"10px\" height=\"10px\" viewBox=\"0 0 24 24\" version=\"1.2\" baseProfile=\"tiny\"><path d=\"M18.2 9.3l-6.2-6.3-6.2 6.3c-.2.2-.3.4-.3.7s.1.5.3.7c.2.2.4.3.7.3h11c.3 0 .5-.1.7-.3.2-.2.3-.5.3-.7s-.1-.5-.3-.7zM5.8 14.7l6.2 6.3 6.2-6.3c.2-.2.3-.5.3-.7s-.1-.5-.3-.7c-.2-.2-.4-.3-.7-.3h-11c-.3 0-.5.1-.7.3-.2.2-.3.5-.3.7s.1.5.3.7z\"\/><\/svg><\/span><\/span><\/span><\/a><\/span><\/div>\n<nav><ul class='ez-toc-list ez-toc-list-level-1 eztoc-toggle-hide-by-default' ><li class='ez-toc-page-1 ez-toc-heading-level-2'><a class=\"ez-toc-link ez-toc-heading-1\" href=\"https:\/\/www.turna.com\/blog\/afyonda-ne-yenir\/#afyon_yoresel_yemekleri\" >Afyon Y\u00f6resel Yemekleri<\/a><ul class='ez-toc-list-level-3' ><li class='ez-toc-heading-level-3'><a class=\"ez-toc-link ez-toc-heading-2\" href=\"https:\/\/www.turna.com\/blog\/afyonda-ne-yenir\/#afyon_kaymagi\" >Afyon Kayma\u011f\u0131<\/a><\/li><li class='ez-toc-page-1 ez-toc-heading-level-3'><a class=\"ez-toc-link ez-toc-heading-3\" href=\"https:\/\/www.turna.com\/blog\/afyonda-ne-yenir\/#afyon_lokumu\" >Afyon Lokumu<\/a><\/li><li class='ez-toc-page-1 ez-toc-heading-level-3'><a class=\"ez-toc-link ez-toc-heading-4\" href=\"https:\/\/www.turna.com\/blog\/afyonda-ne-yenir\/#afyon_bukmesi\" >Afyon B\u00fckmesi<\/a><\/li><li class='ez-toc-page-1 ez-toc-heading-level-3'><a class=\"ez-toc-link ez-toc-heading-5\" href=\"https:\/\/www.turna.com\/blog\/afyonda-ne-yenir\/#afyon_sucugu\" >Afyon Sucu\u011fu<\/a><\/li><li class='ez-toc-page-1 ez-toc-heading-level-3'><a class=\"ez-toc-link ez-toc-heading-6\" href=\"https:\/\/www.turna.com\/blog\/afyonda-ne-yenir\/#sakala_carpan_corbasi\" >Sakala \u00c7arpan \u00c7orbas\u0131<\/a><\/li><li class='ez-toc-page-1 ez-toc-heading-level-3'><a class=\"ez-toc-link ez-toc-heading-7\" href=\"https:\/\/www.turna.com\/blog\/afyonda-ne-yenir\/#afyon_keskegi\" >Afyon Ke\u015fke\u011fi<\/a><\/li><li class='ez-toc-page-1 ez-toc-heading-level-3'><a class=\"ez-toc-link ez-toc-heading-8\" href=\"https:\/\/www.turna.com\/blog\/afyonda-ne-yenir\/#zurbiye\" >Z\u00fcrbiye<\/a><\/li><li class='ez-toc-page-1 ez-toc-heading-level-3'><a class=\"ez-toc-link ez-toc-heading-9\" href=\"https:\/\/www.turna.com\/blog\/afyonda-ne-yenir\/#ilibada_sarmasi\" >\u0130libada Sarmas\u0131<\/a><\/li><li class='ez-toc-page-1 ez-toc-heading-level-3'><a class=\"ez-toc-link ez-toc-heading-10\" href=\"https:\/\/www.turna.com\/blog\/afyonda-ne-yenir\/#ekmek_kadayifi\" >Ekmek Kaday\u0131f\u0131<\/a><\/li><li class='ez-toc-page-1 ez-toc-heading-level-3'><a class=\"ez-toc-link ez-toc-heading-11\" href=\"https:\/\/www.turna.com\/blog\/afyonda-ne-yenir\/#pacik\" >Pa\u00e7\u0131k<\/a><\/li><li class='ez-toc-page-1 ez-toc-heading-level-3'><a class=\"ez-toc-link ez-toc-heading-12\" href=\"https:\/\/www.turna.com\/blog\/afyonda-ne-yenir\/#goce_koftesi\" >G\u00f6ce K\u00f6ftesi<\/a><\/li><li class='ez-toc-page-1 ez-toc-heading-level-3'><a class=\"ez-toc-link ez-toc-heading-13\" href=\"https:\/\/www.turna.com\/blog\/afyonda-ne-yenir\/#dugulu_hashas_tatlisi\" >D\u00fc\u011f\u00fcl\u00fc Ha\u015fha\u015f Tatl\u0131s\u0131<\/a><\/li><li class='ez-toc-page-1 ez-toc-heading-level-3'><a class=\"ez-toc-link ez-toc-heading-14\" href=\"https:\/\/www.turna.com\/blog\/afyonda-ne-yenir\/#patlican_boregi\" >Patl\u0131can B\u00f6re\u011fi<\/a><\/li><\/ul><\/li><\/ul><\/nav><\/div>\n\n<p>Afyon, tarihi zenginlikleri ve do\u011fal g\u00fczellikleriyle \u00fcnl\u00fc bir \u015fehir olman\u0131n \u00f6tesinde, kendine \u00f6zg\u00fc lezzetleriyle de damaklar\u0131 \u015fenlendiren bir gastronomi ba\u015fkenti. Bu \u015fehir, sadece tarihi ve k\u00fclt\u00fcrel miras\u0131yla de\u011fil, ayn\u0131 zamanda &#8220;<strong>Afyon&#8217;da ne yenir<\/strong>?&#8221; sorusuna verilecek bir\u00e7ok lezzetli cevapla da b\u00fcy\u00fcleyici bir destinasyon olarak \u00f6ne \u00e7\u0131k\u0131yor. Afyon mutfa\u011f\u0131, y\u00f6resel \u00fcr\u00fcnlerin ustaca kullan\u0131lmas\u0131yla, damaklarda unutulmaz izler b\u0131rak\u0131yor. \u015eimdi, Afyon&#8217;un bu lezzet dolu d\u00fcnyas\u0131na bir yolculuk yapmaya ne dersiniz?<\/p>\n\n\n\n<h2 class=\"wp-block-heading has-text-align-center has-neeon-button-dark-gray-color has-text-color has-link-color wp-elements-7cbd2806e74b8b75c8245e71c478fd09\"><span class=\"ez-toc-section\" id=\"afyon_yoresel_yemekleri\"><\/span><strong><strong><strong>Afyon Y\u00f6resel Yemekleri<\/strong><\/strong><\/strong><span class=\"ez-toc-section-end\"><\/span><\/h2>\n\n\n\n<figure class=\"wp-block-image size-large\"><img width=\"800\" height=\"500\" data-public-id=\"Afyonda_ne_yenir\/Afyonda_ne_yenir.jpg\" decoding=\"async\" src=\"https:\/\/res.cloudinary.com\/turna\/images\/w_800,h_500,c_scale\/f_auto,q_auto:low\/v1700048358\/Afyonda_ne_yenir\/Afyonda_ne_yenir.jpg?_i=AA\" alt=\"Afyon&#039;da Ne Yenir\" class=\"wp-post-0 wp-image-22152\" data-format=\"jpg\" data-transformations=\"f_auto,q_auto:low\" data-version=\"1700048358\" data-seo=\"1\" srcset=\"https:\/\/res.cloudinary.com\/turna\/images\/f_auto,q_auto:low\/v1700048358\/Afyonda_ne_yenir\/Afyonda_ne_yenir.jpg?_i=AA 800w, https:\/\/res.cloudinary.com\/turna\/images\/w_300,h_188,c_scale\/f_auto,q_auto:low\/v1700048358\/Afyonda_ne_yenir\/Afyonda_ne_yenir.jpg?_i=AA 300w, https:\/\/res.cloudinary.com\/turna\/images\/w_672,h_420,c_scale\/f_auto,q_auto:low\/v1700048358\/Afyonda_ne_yenir\/Afyonda_ne_yenir.jpg?_i=AA 672w, https:\/\/res.cloudinary.com\/turna\/images\/w_640,h_400,c_scale\/f_auto,q_auto:low\/v1700048358\/Afyonda_ne_yenir\/Afyonda_ne_yenir.jpg?_i=AA 640w, https:\/\/res.cloudinary.com\/turna\/images\/w_681,h_426,c_scale\/f_auto,q_auto:low\/v1700048358\/Afyonda_ne_yenir\/Afyonda_ne_yenir.jpg?_i=AA 681w\" sizes=\"(max-width: 800px) 100vw, 800px\" \/><\/figure>\n\n\n\n<p>\u015eehrin her k\u00f6\u015fesinde sizi kar\u015f\u0131layan lezzetli s\u00fcrprizler, sadece bir damak lezzetinden \u00f6te, bir k\u00fclt\u00fcr\u00fc, tarihi ve insanlar\u0131 anlamak demek. Afyon sucu\u011fu, kaymakl\u0131 ekmek kaday\u0131f\u0131 gibi efsanevi yiyeceklerle tan\u0131\u015facak, tad\u0131 dama\u011f\u0131n\u0131za kaz\u0131nacak lezzetlerle bu \u015fehre hayranl\u0131\u011f\u0131n\u0131z artacak. Bu \u015fehirde yemek yemek doymaktan \u00e7ok \u00f6te. Yani ya\u015famak i\u00e7in yemek de\u011fil, yemek i\u00e7in ya\u015famak c\u00fcmlesi Afyon&#8217;da anlam kazanacak. \ud83d\ude0b<\/p>\n\n\n\n<p><strong>Afyon&#8217;da Ne Yenir?<\/strong><\/p>\n\n\n\n<ol class=\"wp-block-list\">\n<li>Afyon Kayma\u011f\u0131<\/li>\n\n\n\n<li>Afyon Lokumu<\/li>\n\n\n\n<li>Afyon B\u00fckmesi<\/li>\n\n\n\n<li>Afyon Sucu\u011fu<\/li>\n\n\n\n<li>Sakala \u00c7arpan \u00c7orbas\u0131<\/li>\n\n\n\n<li>Afyon Ke\u015fke\u011fi<\/li>\n\n\n\n<li>Z\u00fcrbiye<\/li>\n\n\n\n<li>\u0130libada Sarmas\u0131<\/li>\n\n\n\n<li>Ekmek Kaday\u0131f\u0131<\/li>\n\n\n\n<li>Pa\u00e7\u0131k<\/li>\n\n\n\n<li>G\u00f6ce K\u00f6ftesi<\/li>\n\n\n\n<li>D\u00fc\u011f\u00fcl\u00fc Ha\u015fha\u015f Tatl\u0131s\u0131<\/li>\n\n\n\n<li>Patl\u0131can B\u00f6re\u011fi<\/li>\n<\/ol>\n\n\n\n<h3 class=\"wp-block-heading has-text-align-center has-neeon-button-dark-gray-color has-text-color has-link-color wp-elements-2f8a8def12609ddfbda77a50f1efd144\"><span class=\"ez-toc-section\" id=\"afyon_kaymagi\"><\/span><strong><strong><strong><strong>Afyon Kayma\u011f\u0131<\/strong><\/strong><\/strong><\/strong><span class=\"ez-toc-section-end\"><\/span><\/h3>\n\n\n\n<figure class=\"wp-block-image size-large\"><img decoding=\"async\" src=\"https:\/\/res.cloudinary.com\/turna\/image\/upload\/v1700048356\/afyon_kayma%C4%9F%C4%B1.jpg\" alt=\"Afyon'da Ne Yenir kaymak\"\/><\/figure>\n\n\n\n<p>Afyon kayma\u011f\u0131 yolunuz Afyon&#8217;dan ge\u00e7ti\u011finde mutlaka tatman\u0131z hatta eve de g\u00f6t\u00fcrmeniz gereken bir lezzet. Manda kayma\u011f\u0131 ve inek s\u00fct\u00fcnden yap\u0131lan kaymak olarak 2 t\u00fcr oluyor. E\u011fer seviyorsan\u0131z tabi ki manda kayma\u011f\u0131 al\u0131n derim. \u00c7o\u011fu lokumcuda vs sat\u0131l\u0131yor.<\/p>\n\n\n\n<h3 class=\"wp-block-heading has-text-align-center has-neeon-button-dark-gray-color has-text-color has-link-color wp-elements-9eba5ba3ee0cc8f342c24d0094f66788\"><span class=\"ez-toc-section\" id=\"afyon_lokumu\"><\/span><strong><strong><strong><strong>Afyon Lokumu<\/strong><\/strong><\/strong><\/strong><span class=\"ez-toc-section-end\"><\/span><\/h3>\n\n\n\n<figure class=\"wp-block-image size-large\"><img decoding=\"async\" src=\"https:\/\/res.cloudinary.com\/turna\/image\/upload\/v1700048357\/afyon_lokumu.jpg\" alt=\"Afyon'da Ne Yenir lokum\"\/><\/figure>\n\n\n\n<p>Afyon yol \u00fcst\u00fc lezzet duraklar\u0131 sucuk, lokum gibi lezzetleri tatmak isteyenler i\u00e7in u\u011frak yerler oluyor. Bu ma\u011fazalarda \u00e7e\u015fit \u00e7e\u015fit lokumlar insan\u0131n akl\u0131n\u0131 ba\u015f\u0131ndan al\u0131yor. Afyon&#8217;a \u00f6zg\u00fc bir \u015fey alay\u0131m derseniz kaymakl\u0131 lokum almal\u0131s\u0131n\u0131z. Damak tad\u0131n\u0131za g\u00f6re di\u011ferlerine de bakabilirsiniz. Benim favorim pudra \u015fekerli \u00e7ifte kavrulmu\u015f. \ud83d\ude0d<\/p>\n\n\n\n<h3 class=\"wp-block-heading has-text-align-center has-neeon-button-dark-gray-color has-text-color has-link-color wp-elements-dab0d39a88a22e783ad0e480c16b21b3\"><span class=\"ez-toc-section\" id=\"afyon_bukmesi\"><\/span><strong><strong><strong><strong>Afyon B\u00fckmesi<\/strong><\/strong><\/strong><\/strong><span class=\"ez-toc-section-end\"><\/span><\/h3>\n\n\n\n<figure class=\"wp-block-image size-large\"><img decoding=\"async\" src=\"https:\/\/res.cloudinary.com\/turna\/image\/upload\/v1700048357\/afyok_b%C3%BCkme.jpg\" alt=\"Afyon'da Ne Yenir b\u00fckme\"\/><\/figure>\n\n\n\n<p>Afyon&#8217;da kahvalt\u0131da ne yenir diye sorarsan\u0131z b\u00fckme cevab\u0131 alabilirsiniz. \u00c7ay saatlerinin de olmazsa olmaz\u0131 Afyon b\u00fckmesi mayal\u0131 bir hamurun i\u00e7inde ha\u015flanm\u0131\u015f mercimeklerle f\u0131r\u0131nda pi\u015fiyor. Kokusuyla cezbeden bu lezzetli y\u00f6resel \u00fcr\u00fcn Afyon seyahatinizde mutlaka tatman\u0131z gerekenlerden.<\/p>\n\n\n\n<h3 class=\"wp-block-heading has-text-align-center has-neeon-button-dark-gray-color has-text-color has-link-color wp-elements-ef3a6bc8a802ca29078d6c652d0eea5e\"><span class=\"ez-toc-section\" id=\"afyon_sucugu\"><\/span><strong><strong><strong><strong>Afyon Sucu\u011fu<\/strong><\/strong><\/strong><\/strong><span class=\"ez-toc-section-end\"><\/span><\/h3>\n\n\n\n<figure class=\"wp-block-image size-large\"><img decoding=\"async\" src=\"https:\/\/res.cloudinary.com\/turna\/image\/upload\/v1700048357\/sucuk_d%C3%B6ner.jpg\" alt=\"Afyon Sucu\u011fu\"\/><\/figure>\n\n\n\n<p>Afyon&#8217;das\u0131n\u0131z ve karn\u0131n\u0131z ac\u0131kt\u0131, yiyebilece\u011finiz en pratik ve en lezzetli \u015fey sucuk d\u00f6ner olabilir. K\u0131zarm\u0131\u015f \u00e7\u0131t\u0131r \u00e7\u0131t\u0131r bir ekme\u011fin aras\u0131nda incecik sucuk yapraklar\u0131 ve damakta patlayan bir lezzet bombas\u0131. Ayr\u0131ca tatmakla kalmay\u0131p diledi\u011finiz kadar al\u0131p evinize de g\u00f6t\u00fcrebilirsiniz.<\/p>\n\n\n\n<h3 class=\"wp-block-heading has-text-align-center has-neeon-button-dark-gray-color has-text-color has-link-color wp-elements-6c27cf25752aea50bea92925529edac0\"><span class=\"ez-toc-section\" id=\"sakala_carpan_corbasi\"><\/span><strong><strong><strong><strong>Sakala \u00c7arpan \u00c7orbas\u0131<\/strong><\/strong><\/strong><\/strong><span class=\"ez-toc-section-end\"><\/span><\/h3>\n\n\n\n<p>Belki de bir \u00e7ok y\u00f6rede yap\u0131lan ve yenen bilindik bir \u00e7orba bu. Annem de bu \u00e7orbay\u0131 s\u0131k s\u0131k yapar ve \u00e7ok severim. Ama sakala \u00e7arpan dendi\u011fini daha birka\u00e7 sene \u00f6nce \u00f6\u011frendim. \ud83d\ude0a Ye\u015fil mercimek, eri\u015fte ve baharatlar\u0131n m\u00fckemmel uyumu eminim sizin de ho\u015funuza gidecek. Daha \u00f6nce denemediyseniz Afyon&#8217;da mutlaka tad\u0131n. Y\u00f6resel yemekler yapan mekanlarda bu \u00e7orbay\u0131 yiyebilirsiniz.<\/p>\n\n\n\n<h3 class=\"wp-block-heading has-text-align-center has-neeon-button-dark-gray-color has-text-color has-link-color wp-elements-50558c6e0e41dbe88abf760f8ab7b184\"><span class=\"ez-toc-section\" id=\"afyon_keskegi\"><\/span><strong><strong><strong><strong>Afyon Ke\u015fke\u011fi<\/strong><\/strong><\/strong><\/strong><span class=\"ez-toc-section-end\"><\/span><\/h3>\n\n\n\n<p>Ke\u015fkek T\u00fcrkiye\u2019nin bir\u00e7ok y\u00f6resinde haz\u0131rlanan kadim bir lezzet. Afyon ke\u015fke\u011fi y\u00f6rede \u015fuhut ke\u015fke\u011fi olarak an\u0131l\u0131yor. \u015euhut ke\u015fke\u011finin di\u011fer ke\u015fkeklerden fark\u0131 kara f\u0131r\u0131nda \u00e7\u00f6mlekler i\u00e7inde pi\u015firilmesi ve kaymak ile d\u00f6v\u00fclmesi. Genelde yan\u0131nda tur\u015fu ve patatesli Afyon ekme\u011fi ile birlikte yeniyor. <\/p>\n\n\n\n<p>Ayr\u0131ca \u015euhut ke\u015fke\u011fi 11.12.2018 tarihinde 6769 say\u0131l\u0131 S\u0131nai M\u00fclkiyet Kanunu kapsam\u0131nda tescillenerek koruma alt\u0131na al\u0131nm\u0131\u015ft\u0131r.<\/p>\n\n\n\n<h3 class=\"wp-block-heading has-text-align-center has-neeon-button-dark-gray-color has-text-color has-link-color wp-elements-6666e0fefe28f797a65a44ae6e9de83b\"><span class=\"ez-toc-section\" id=\"zurbiye\"><\/span><strong><strong><strong><strong>Z\u00fcrbiye<\/strong><\/strong><\/strong><\/strong><span class=\"ez-toc-section-end\"><\/span><\/h3>\n\n\n\n<figure class=\"wp-block-image size-large\"><img decoding=\"async\" src=\"https:\/\/res.cloudinary.com\/turna\/image\/upload\/v1700048357\/z%C3%BCrbiye_afyon_mutfa%C4%9F%C4%B1.jpg\" alt=\"Z\u00fcrbiye\"\/><\/figure>\n\n\n\n<p>Afyonkarahisar mutfa\u011f\u0131nda etli sebze yemekleri \u00f6nemli bir yer tutuyor. Afyon\u2019da so\u011fan a\u015f\u0131 olarak da an\u0131lan z\u00fcrbiye yaln\u0131zca arpac\u0131k so\u011fan ile yap\u0131l\u0131yor. Arpac\u0131k so\u011fan\u0131n kendine has tatl\u0131l\u0131\u011f\u0131n\u0131n dana eti ve nohut ile bulu\u015fmas\u0131 ve yeme\u011fin suyunun t\u00fcm\u00fcn\u00fcn et suyundan olu\u015fmas\u0131, damaklarda \u015fenlik yarat\u0131yor.<\/p>\n\n\n\n<h3 class=\"wp-block-heading has-text-align-center has-neeon-button-dark-gray-color has-text-color has-link-color wp-elements-33ed04a55ecbeb6e3e4d5beff6e5e11c\"><span class=\"ez-toc-section\" id=\"ilibada_sarmasi\"><\/span><strong><strong><strong><strong>\u0130libada Sarmas\u0131<\/strong><\/strong><\/strong><\/strong><span class=\"ez-toc-section-end\"><\/span><\/h3>\n\n\n\n<figure class=\"wp-block-image size-large\"><img decoding=\"async\" src=\"https:\/\/res.cloudinary.com\/turna\/image\/upload\/v1700048358\/ilibada_sarmas%C4%B1.jpg\" alt=\"\u0130libada Sarmas\u0131\"\/><\/figure>\n\n\n\n<p>\u0130libada Afyon y\u00f6resinde do\u011fada kendili\u011finden yeti\u015fen bir ot \u00e7e\u015fidi. Bahar aylar\u0131nda do\u011fadan toplan\u0131yor ve sarma yap\u0131l\u0131yor. \u0130libada dolmas\u0131n\u0131 genelde kad\u0131nlar bir araya gelerek haz\u0131rl\u0131yor ve \u00f6\u011flen yemeklerinde k\u00f6y\/mahalle sakinleri toplu sofralarda ortadan yiyor. Bu y\u00f6resel lezzet ayn\u0131 zamanda tescilli.<\/p>\n\n\n\n<h3 class=\"wp-block-heading has-text-align-center has-neeon-button-dark-gray-color has-text-color has-link-color wp-elements-da2f864d841ff62e05e2d72c68fa75f8\"><span class=\"ez-toc-section\" id=\"ekmek_kadayifi\"><\/span><strong><strong><strong><strong>Ekmek Kaday\u0131f\u0131<\/strong><\/strong><\/strong><\/strong><span class=\"ez-toc-section-end\"><\/span><\/h3>\n\n\n\n<figure class=\"wp-block-image size-large\"><img decoding=\"async\" src=\"https:\/\/res.cloudinary.com\/turna\/image\/upload\/v1700048357\/ekmek_kaday%C4%B1f%C4%B1.jpg\" alt=\"Ekmek Kaday\u0131f\u0131\"\/><\/figure>\n\n\n\n<p>Bu i\u015ftah a\u00e7\u0131c\u0131 listeye tatl\u0131 bir kapan\u0131\u015f yapal\u0131m. Ekmek kaday\u0131f\u0131 Afyon lezzetlerinin olmazsa olmaz\u0131 benim i\u00e7in. Hem sadesi hem vi\u015fnelisi me\u015fhur. \u00dczerine de leziz bir Afyon kayma\u011f\u0131 gelince \u00f6f, yeme de yan\u0131nda yat. Denemeden d\u00f6nmeyin.<\/p>\n\n\n\n<h3 class=\"wp-block-heading has-text-align-center has-neeon-button-dark-gray-color has-text-color has-link-color wp-elements-1325d9f468446720f2daaa54c3b33b0f\"><span class=\"ez-toc-section\" id=\"pacik\"><\/span><strong><strong><strong><strong>Pa\u00e7\u0131k<\/strong><\/strong><\/strong><\/strong><span class=\"ez-toc-section-end\"><\/span><\/h3>\n\n\n\n<p>Pa\u00e7\u0131k, Afyon\u2019un \u00f6zel sosuyla marine edilmi\u015f dana veya kuzu etinin \u0131zgarada pi\u015firilmesiyle haz\u0131rlan\u0131yor. \u00d6zenle se\u00e7ilen etler, baharatlarla marine edildikten sonra k\u0131s\u0131k ate\u015fte pi\u015firiliyor ve bu sayede yumu\u015fac\u0131k bir k\u0131vam kazan\u0131yor. Etin tad\u0131n\u0131 daha da g\u00fczelle\u015ftiren ise yan\u0131nda servis edilen yo\u011furtlu sos ve baharatlar. Pa\u00e7\u0131k, genellikle k\u00f6zlenmi\u015f domates, biber ve so\u011fanla birlikte sunuluyor. Doyurucu, lezzetli ve \u015fehrin y\u00f6resel tad\u0131n\u0131 hissettiren bu yemek, Afyon\u2019da mutlaka denenmesi gerekenlerden biri.<\/p>\n\n\n\n<h3 class=\"wp-block-heading has-text-align-center has-neeon-button-dark-gray-color has-text-color has-link-color wp-elements-6d540870b57906e86234e8cdf114501f\"><span class=\"ez-toc-section\" id=\"goce_koftesi\"><\/span><strong><strong><strong><strong>G\u00f6ce K\u00f6ftesi<\/strong><\/strong><\/strong><\/strong><span class=\"ez-toc-section-end\"><\/span><\/h3>\n\n\n\n<p>G\u00f6ce k\u00f6ftesi deyince akla bildi\u011fimiz k\u00f6fte geliyor olabilir ama bu k\u00f6ftenin malzemesi biraz farkl\u0131. G\u00f6ce, Anadolu mutfa\u011f\u0131nda bu\u011fday\u0131n k\u0131r\u0131larak elde edilen iri par\u00e7ac\u0131klar\u0131na verilen bir isim. Afyon\u2019da ise bu \u00f6zel malzeme, k\u00f6ftenin ana kahraman\u0131 olarak kullan\u0131l\u0131yor. Et yerine g\u00f6ce kullan\u0131lmas\u0131 sayesinde bu k\u00f6fte hafif ve lezzetli bir hale geliyor. \u0130nce ince do\u011franm\u0131\u015f so\u011fan, \u00e7e\u015fitli baharatlar ve bazen k\u0131yma eklenerek haz\u0131rlanan bu k\u00f6fteler, ha\u015flanarak veya k\u0131zart\u0131larak pi\u015firiliyor. Afyon\u2019da denemeniz gereken lezzetlere g\u00f6ce k\u00f6ftesini mutlaka ekleyin.<br><\/p>\n\n\n\n<h3 class=\"wp-block-heading has-text-align-center has-neeon-button-dark-gray-color has-text-color has-link-color wp-elements-57b620f20ec252ecd531119313f415e5\"><span class=\"ez-toc-section\" id=\"dugulu_hashas_tatlisi\"><\/span><strong><strong><strong><strong>D\u00fc\u011f\u00fcl\u00fc Ha\u015fha\u015f Tatl\u0131s\u0131<\/strong><\/strong><\/strong><\/strong><span class=\"ez-toc-section-end\"><\/span><\/h3>\n\n\n\n<p>Afyon\u2019un ha\u015fha\u015f ile me\u015fhur oldu\u011funu bilmeyen yoktur; her ne kadar ha\u015fha\u015f denince akla hemen \u00e7\u00f6rek gelse de, bu tatl\u0131 \u00e7ok farkl\u0131. D\u00fc\u011f\u00fcl\u00fc ha\u015fha\u015f tatl\u0131s\u0131, d\u00fc\u011f\u00fc (ince bulgur), ha\u015fha\u015f ve \u015fekerin bulu\u015ftu\u011fu benzersiz bir y\u00f6resel lezzet. Afyon kayma\u011f\u0131 ile servis edilen bu hafif tatl\u0131 \u015fehre gelen ziyaret\u00e7ilerin kesinlikle denemesi gereken bir lezzet. Buraya yolunuz d\u00fc\u015ft\u00fc\u011f\u00fcnde kendinize lezzet dolu bir mola verin ve mutlaka bu tatl\u0131y\u0131 deneyin.<\/p>\n\n\n\n<h3 class=\"wp-block-heading has-text-align-center has-neeon-button-dark-gray-color has-text-color has-link-color wp-elements-b658a6f5d52ba193ab35f1e54bef3857\"><span class=\"ez-toc-section\" id=\"patlican_boregi\"><\/span><strong><strong><strong><strong>Patl\u0131can B\u00f6re\u011fi<\/strong><\/strong><\/strong><\/strong><span class=\"ez-toc-section-end\"><\/span><\/h3>\n\n\n\n<figure class=\"wp-block-image size-large\"><img decoding=\"async\" src=\"https:\/\/res.cloudinary.com\/turna\/image\/upload\/v1731395617\/wordpress-contents\/b%C3%B6rek.jpg\" alt=\"\"\/><\/figure>\n\n\n\n<p>\u00c7e\u015fit \u00e7e\u015fit b\u00f6rek bulabilece\u011finiz T\u00fcrk mutfa\u011f\u0131n\u0131n en \u00e7ok t\u00fcketilen yiyeceklerinden olan patl\u0131can b\u00f6re\u011fini tadabilece\u011finiz adreslerden biri de Afyon. Patl\u0131can\u0131n yan\u0131 s\u0131ra k\u0131yma, yumurta ve \u00e7e\u015fitli baharatlar\u0131n da eklenmesi ile haz\u0131rlanan patl\u0131can b\u00f6re\u011fi, Afyonlular\u0131n vazge\u00e7ilmez at\u0131\u015ft\u0131rmal\u0131klar\u0131ndan.<\/p>\n\n\n\n<p><strong><a href=\"https:\/\/maps.app.goo.gl\/hwiYBNsqo8xHVt7L6\" target=\"_blank\" rel=\"noreferrer noopener\">Afyon<\/a><\/strong> hakk\u0131nda di\u011fer i\u00e7eriklerime de mutlaka g\u00f6z at\u0131n. Bu lezzetleri yerinde tatmak ve Afyon&#8217;un t\u00fcm g\u00fczellikleri ziyaret etmek i\u00e7in de hemen <a href=\"https:\/\/www.turna.com\/otobus-bileti\/afyon\">Afyon otob\u00fcs bileti<\/a> al\u0131n ve yola \u00e7\u0131k\u0131n!<\/p>\n\n\n\n<p><strong><a href=\"https:\/\/www.turna.com\/blog\/baskomutan-tarihi-milli-parki\" target=\"_blank\" rel=\"noreferrer noopener\">Ba\u015fkomutan Tarihi Milli Park\u0131<\/a><\/strong><\/p>\n\n\n\n<p><strong><a href=\"https:\/\/www.turna.com\/blog\/afyonkarahisarin-en-unlu-geleneksel-el-sanatlari\" target=\"_blank\" rel=\"noreferrer noopener\">Afyonkarahisar\u2019\u0131n En \u00dcnl\u00fc Geleneksel El Sanatlar\u0131<\/a><\/strong><\/p>\n\n\n\n<p><strong><a href=\"https:\/\/www.turna.com\/blog\/afyon-gezi-rehberi-termal-keyfin-sehri\" target=\"_blank\" rel=\"noreferrer noopener\">Afyon Gezi Rehberi: Termal Keyfin \u015eehri<\/a><\/strong><\/p>\n\n    <div class=\"xs_social_share_widget xs_share_url after_content \t\tmain_content  wslu-style-1 wslu-share-box-shaped wslu-fill-colored wslu-none wslu-share-horizontal wslu-theme-font-no wslu-main_content\">\n\n\t\t\n        <ul>\n\t\t\t        <\/ul>\n    <\/div> \n","protected":false},"excerpt":{"rendered":"<p>Afyon, tarihi zenginlikleri ve do\u011fal g\u00fczellikleriyle \u00fcnl\u00fc bir \u015fehir olman\u0131n \u00f6tesinde, kendine \u00f6zg\u00fc lezzetleriyle de damaklar\u0131 \u015fenlendiren bir gastronomi ba\u015fkenti. Bu \u015fehir, sadece tarihi ve k\u00fclt\u00fcrel miras\u0131yla de\u011fil, ayn\u0131 zamanda &#8220;Afyon&#8217;da ne yenir?&#8221; sorusuna verilecek bir\u00e7ok lezzetli cevapla da b\u00fcy\u00fcleyici bir destinasyon olarak \u00f6ne \u00e7\u0131k\u0131yor. Afyon mutfa\u011f\u0131, y\u00f6resel \u00fcr\u00fcnlerin ustaca kullan\u0131lmas\u0131yla, damaklarda unutulmaz izler b\u0131rak\u0131yor. \u015eimdi, Afyon&#8217;un bu lezzet dolu d\u00fcnyas\u0131na bir yolculuk yapmaya ne dersiniz?<\/p>\n","protected":false},"author":34,"featured_media":22152,"comment_status":"open","ping_status":"open","sticky":false,"template":"","format":"standard","meta":{"rop_custom_images_group":[],"rop_custom_messages_group":[],"rop_publish_now":"initial","rop_publish_now_accounts":[],"rop_publish_now_history":[],"rop_publish_now_status":"pending","_cloudinary_featured_overwrite":false,"footnotes":""},"categories":[1807,695],"tags":[5340],"class_list":["post-22151","post","type-post","status-publish","format-standard","has-post-thumbnail","hentry","category-afyon","category-gurme","tag-bus"],"_links":{"self":[{"href":"https:\/\/www.turna.com\/blog\/wp-json\/wp\/v2\/posts\/22151","targetHints":{"allow":["GET"]}}],"collection":[{"href":"https:\/\/www.turna.com\/blog\/wp-json\/wp\/v2\/posts"}],"about":[{"href":"https:\/\/www.turna.com\/blog\/wp-json\/wp\/v2\/types\/post"}],"author":[{"embeddable":true,"href":"https:\/\/www.turna.com\/blog\/wp-json\/wp\/v2\/users\/34"}],"replies":[{"embeddable":true,"href":"https:\/\/www.turna.com\/blog\/wp-json\/wp\/v2\/comments?post=22151"}],"version-history":[{"count":0,"href":"https:\/\/www.turna.com\/blog\/wp-json\/wp\/v2\/posts\/22151\/revisions"}],"wp:featuredmedia":[{"embeddable":true,"href":"https:\/\/www.turna.com\/blog\/wp-json\/wp\/v2\/media\/22152"}],"wp:attachment":[{"href":"https:\/\/www.turna.com\/blog\/wp-json\/wp\/v2\/media?parent=22151"}],"wp:term":[{"taxonomy":"category","embeddable":true,"href":"https:\/\/www.turna.com\/blog\/wp-json\/wp\/v2\/categories?post=22151"},{"taxonomy":"post_tag","embeddable":true,"href":"https:\/\/www.turna.com\/blog\/wp-json\/wp\/v2\/tags?post=22151"}],"curies":[{"name":"wp","href":"https:\/\/api.w.org\/{rel}","templated":true}]}}