{"id":22086,"date":"2023-10-02T16:11:53","date_gmt":"2023-10-02T13:11:53","guid":{"rendered":"https:\/\/www.turna.com\/blog\/?p=22086"},"modified":"2025-12-08T14:49:54","modified_gmt":"2025-12-08T11:49:54","slug":"ekim-ayi-festivalleri-turkiyeden-7-festival","status":"publish","type":"post","link":"https:\/\/www.turna.com\/blog\/ekim-ayi-festivalleri-turkiyeden-7-festival","title":{"rendered":"Ekim Ay\u0131 Festivalleri:  T\u00fcrkiye&#8217;den 7 Festival"},"content":{"rendered":"<div id=\"ez-toc-container\" class=\"ez-toc-v2_0_82_2 counter-hierarchy ez-toc-counter ez-toc-black ez-toc-container-direction\">\n<div class=\"ez-toc-title-container\">\n<p class=\"ez-toc-title\" style=\"cursor:inherit\">\u0130\u00e7indekiler<\/p>\n<span class=\"ez-toc-title-toggle\"><a href=\"#\" class=\"ez-toc-pull-right ez-toc-btn ez-toc-btn-xs ez-toc-btn-default ez-toc-toggle\" aria-label=\"\u0130\u00e7indekiler Tablosunu A\u00e7\/Kapat\"><span class=\"ez-toc-js-icon-con\"><span class=\"\"><span class=\"eztoc-hide\" style=\"display:none;\">Toggle<\/span><span class=\"ez-toc-icon-toggle-span\"><svg style=\"fill: #ffffff;color:#ffffff\" xmlns=\"http:\/\/www.w3.org\/2000\/svg\" class=\"list-377408\" width=\"20px\" height=\"20px\" viewBox=\"0 0 24 24\" fill=\"none\"><path d=\"M6 6H4v2h2V6zm14 0H8v2h12V6zM4 11h2v2H4v-2zm16 0H8v2h12v-2zM4 16h2v2H4v-2zm16 0H8v2h12v-2z\" fill=\"currentColor\"><\/path><\/svg><svg style=\"fill: #ffffff;color:#ffffff\" class=\"arrow-unsorted-368013\" xmlns=\"http:\/\/www.w3.org\/2000\/svg\" width=\"10px\" height=\"10px\" viewBox=\"0 0 24 24\" version=\"1.2\" baseProfile=\"tiny\"><path d=\"M18.2 9.3l-6.2-6.3-6.2 6.3c-.2.2-.3.4-.3.7s.1.5.3.7c.2.2.4.3.7.3h11c.3 0 .5-.1.7-.3.2-.2.3-.5.3-.7s-.1-.5-.3-.7zM5.8 14.7l6.2 6.3 6.2-6.3c.2-.2.3-.5.3-.7s-.1-.5-.3-.7c-.2-.2-.4-.3-.7-.3h-11c-.3 0-.5.1-.7.3-.2.2-.3.5-.3.7s.1.5.3.7z\"\/><\/svg><\/span><\/span><\/span><\/a><\/span><\/div>\n<nav><ul class='ez-toc-list ez-toc-list-level-1 eztoc-toggle-hide-by-default' ><li class='ez-toc-page-1 ez-toc-heading-level-2'><a class=\"ez-toc-link ez-toc-heading-1\" href=\"https:\/\/www.turna.com\/blog\/ekim-ayi-festivalleri-turkiyeden-7-festival\/#ekim_ayinda_turkiyedeki_festivaller\" >Ekim Ay\u0131nda T\u00fcrkiye&#8217;deki Festivaller<\/a><ul class='ez-toc-list-level-3' ><li class='ez-toc-heading-level-3'><a class=\"ez-toc-link ez-toc-heading-2\" href=\"https:\/\/www.turna.com\/blog\/ekim-ayi-festivalleri-turkiyeden-7-festival\/#10_fest_afyon\" >1.0 Fest Afyon<\/a><\/li><li class='ez-toc-page-1 ez-toc-heading-level-3'><a class=\"ez-toc-link ez-toc-heading-3\" href=\"https:\/\/www.turna.com\/blog\/ekim-ayi-festivalleri-turkiyeden-7-festival\/#adana_lezzet_festivali\" >Adana Lezzet Festivali<\/a><\/li><li class='ez-toc-page-1 ez-toc-heading-level-3'><a class=\"ez-toc-link ez-toc-heading-4\" href=\"https:\/\/www.turna.com\/blog\/ekim-ayi-festivalleri-turkiyeden-7-festival\/#izmir_coffee_festival\" >\u0130zmir Coffee Festival<\/a><\/li><li class='ez-toc-page-1 ez-toc-heading-level-3'><a class=\"ez-toc-link ez-toc-heading-5\" href=\"https:\/\/www.turna.com\/blog\/ekim-ayi-festivalleri-turkiyeden-7-festival\/#salda_genclik_festivali\" >Salda Gen\u00e7lik Festivali<\/a><\/li><li class='ez-toc-page-1 ez-toc-heading-level-3'><a class=\"ez-toc-link ez-toc-heading-6\" href=\"https:\/\/www.turna.com\/blog\/ekim-ayi-festivalleri-turkiyeden-7-festival\/#cukurova_rock_festivali\" >\u00c7ukurova Rock Festivali<\/a><\/li><li class='ez-toc-page-1 ez-toc-heading-level-3'><a class=\"ez-toc-link ez-toc-heading-7\" href=\"https:\/\/www.turna.com\/blog\/ekim-ayi-festivalleri-turkiyeden-7-festival\/#mersin_genclik_festivali\" >Mersin Gen\u00e7lik Festivali<\/a><\/li><li class='ez-toc-page-1 ez-toc-heading-level-3'><a class=\"ez-toc-link ez-toc-heading-8\" href=\"https:\/\/www.turna.com\/blog\/ekim-ayi-festivalleri-turkiyeden-7-festival\/#the_bodrum_cup\" >The Bodrum Cup<\/a><\/li><\/ul><\/li><\/ul><\/nav><\/div>\n\n<p>Ekim ay\u0131 geldi\u011finde, d\u00fcnyan\u0131n d\u00f6rt bir yan\u0131nda co\u015fkuyla kar\u015f\u0131lanan bir d\u00f6nem ba\u015fl\u0131yor. Havan\u0131n serinlemesiyle birlikte, sonbahar\u0131n tad\u0131n\u0131 \u00e7\u0131kar\u0131rken ayn\u0131 zamanda Ekim ay\u0131 festivalleriyle dolup ta\u015fan bir ay Ekim. Her y\u0131l bu d\u00f6nemde, renkli etkinlikler, lezzetli yiyecekler ve keyifli anlarla dolu bir atmosfer olu\u015fur. \u0130ster b\u00fcy\u00fck bir \u015fehirde ya\u015fay\u0131n, ister k\u0131rsal bir b\u00f6lgede, Ekim ay\u0131n\u0131n tad\u0131n\u0131 \u00e7\u0131karmak i\u00e7in bir\u00e7ok f\u0131rsat var. \u0130\u015fte <strong>Ekim ay\u0131 festivalleri<\/strong> hakk\u0131nda bilmeniz gerekenler ve bu e\u015fsiz deneyimin keyfini \u00e7\u0131karmak i\u00e7in bir\u00e7ok neden!<\/p>\n\n\n\n<h2 class=\"wp-block-heading has-text-align-center has-neeon-button-dark-gray-color has-text-color has-link-color wp-elements-775debfcb72a2ba895dd462139b9412c\"><span class=\"ez-toc-section\" id=\"ekim_ayinda_turkiyedeki_festivaller\"><\/span><strong>Ekim Ay\u0131nda T\u00fcrkiye&#8217;deki Festivaller<\/strong><span class=\"ez-toc-section-end\"><\/span><\/h2>\n\n\n\n<figure class=\"wp-block-image size-large\"><img width=\"800\" height=\"500\" decoding=\"async\" src=\"data:image\/svg+xml;base64,PHN2ZyB4bWxucz0iaHR0cDovL3d3dy53My5vcmcvMjAwMC9zdmciIHdpZHRoPSI4MDAiIGhlaWdodD0iNTAwIj48cmVjdCB3aWR0aD0iMTAwJSIgaGVpZ2h0PSIxMDAlIj48YW5pbWF0ZSBhdHRyaWJ1dGVOYW1lPSJmaWxsIiB2YWx1ZXM9InJnYmEoMTUzLDE1MywxNTMsMC41KTtyZ2JhKDE1MywxNTMsMTUzLDAuMSk7cmdiYSgxNTMsMTUzLDE1MywwLjUpIiBkdXI9IjJzIiByZXBlYXRDb3VudD0iaW5kZWZpbml0ZSIgLz48L3JlY3Q+PC9zdmc+\" alt=\"Ekim ay\u0131 festivalleri\" data-public-id=\"ekim_ay\u0131_festivalleri\/ekim_ay\u0131_festivalleri.jpg\" class=\"wp-post-22086 wp-image-22091\" data-format=\"jpg\" data-transformations=\"f_auto,q_auto:low\" data-version=\"1696252121\" data-seo=\"1\" data-size=\"800 500\" data-srcset=\"https:\/\/res.cloudinary.com\/turna\/images\/f_auto,q_auto:low\/v1696252121\/ekim_ay\u0131_festivalleri\/ekim_ay\u0131_festivalleri.jpg?_i=AA 800w, https:\/\/res.cloudinary.com\/turna\/images\/w_300,h_188,c_scale\/f_auto,q_auto:low\/v1696252121\/ekim_ay\u0131_festivalleri\/ekim_ay\u0131_festivalleri.jpg?_i=AA 300w, https:\/\/res.cloudinary.com\/turna\/images\/w_672,h_420,c_scale\/f_auto,q_auto:low\/v1696252121\/ekim_ay\u0131_festivalleri\/ekim_ay\u0131_festivalleri.jpg?_i=AA 672w, https:\/\/res.cloudinary.com\/turna\/images\/w_640,h_400,c_scale\/f_auto,q_auto:low\/v1696252121\/ekim_ay\u0131_festivalleri\/ekim_ay\u0131_festivalleri.jpg?_i=AA 640w, https:\/\/res.cloudinary.com\/turna\/images\/w_681,h_426,c_scale\/f_auto,q_auto:low\/v1696252121\/ekim_ay\u0131_festivalleri\/ekim_ay\u0131_festivalleri.jpg?_i=AA 681w\" data-sizes=\"(max-width: 800px) 100vw, 800px\" data-delivery=\"upload\" onload=\";window.CLDBind?CLDBind(this):null;\" data-cloudinary=\"lazy\" \/><figcaption class=\"wp-element-caption\">Ekim Ay\u0131 Festivalleri<\/figcaption><\/figure>\n\n\n\n<p>Ekim ay\u0131 festival takvimini inceledi\u011fimizde, birbirinden heyecan verici etkinliklerin kap\u0131da oldu\u011funu g\u00f6r\u00fcyoruz. Bu ay, tarihi, k\u00fclt\u00fcrel ve gastronomik zenginliklerin bir araya geldi\u011fi bir\u00e7ok renkli etkinli\u011fe ev sahipli\u011fi yap\u0131yor. \u00dclkenin farkl\u0131 b\u00f6lgelerinde d\u00fczenlenen festivaller, yerel tatlar, gelenekler ve sanat\u0131n bir araya geldi\u011fi benzersiz deneyimler sunuyor. Hadi Ekim ay\u0131 boyunca T\u00fcrkiye&#8217;de hangi etkinlikler olacak g\u00f6z atal\u0131m.<\/p>\n\n\n\n<p><strong><a href=\"https:\/\/www.turna.com\/blog\/ekim-ayinda-gezilecek-yerler?swcfpc=1\">Ekim ay\u0131nda gezilecek yerler<\/a><\/strong> i\u00e7eri\u011fimize de g\u00f6z at\u0131n.<\/p>\n\n\n\n<h3 class=\"wp-block-heading has-text-align-center has-neeon-button-dark-gray-color has-text-color has-link-color wp-elements-b854a8f120f0c21e3fa7d347e97be8e5\"><span class=\"ez-toc-section\" id=\"10_fest_afyon\"><\/span><strong>1.0 Fest Afyon<\/strong><span class=\"ez-toc-section-end\"><\/span><\/h3>\n\n\n\n<p>O\u00b4fest Afyon 05-06-07-08 Ekim\u00b4de <strong><a href=\"https:\/\/maps.app.goo.gl\/HMyRBp6X6GbULZKr9\" target=\"_blank\" rel=\"noreferrer noopener\">Jura Termal Hotels Afyon<\/a><\/strong>\u00b4da ger\u00e7ekle\u015fecek. Festivalde Emre Ayd\u0131n, Fatma Turgut, Kalben, Pinhani gibi isimler sahne alacak. Festivalin g\u00fcnl\u00fck bileti 90 TL, kombine bilet ise 190 TL. Biletix&#8217;den sat\u0131n alabilirsiniz.<\/p>\n\n\n\n<p><strong>Etkinlik Tarihleri:<\/strong> 5-8 Ekim 2023<\/p>\n\n\n\n<h3 class=\"wp-block-heading has-text-align-center has-neeon-button-dark-gray-color has-text-color has-link-color wp-elements-5c3aecb63539b02dcb1fa437d1cb2fdc\"><span class=\"ez-toc-section\" id=\"adana_lezzet_festivali\"><\/span><strong>Adana Lezzet Festivali<\/strong><span class=\"ez-toc-section-end\"><\/span><\/h3>\n\n\n\n<p>Adana Lezzet Festivali, Adana\u2019n\u0131n yerel ve geleneksel mutfak k\u00fclt\u00fcr\u00fcn\u00fc d\u00fcnyaya tan\u0131tan bir etkinlik. Festivalde 3 g\u00fcn boyunca Adana\u2019da bir gastronomi \u015f\u00f6leni olacak.<\/p>\n\n\n\n<p><strong>Etkinlik Tarihleri:<\/strong> 6-8 Ekim 2023<\/p>\n\n\n\n<h3 class=\"wp-block-heading has-text-align-center has-neeon-button-dark-gray-color has-text-color has-link-color wp-elements-92bbdd1c81d784bcf4942486460e1c30\"><span class=\"ez-toc-section\" id=\"izmir_coffee_festival\"><\/span><strong>\u0130zmir Coffee Festival<\/strong><span class=\"ez-toc-section-end\"><\/span><\/h3>\n\n\n\n<p>Deniz ve kahve kokusunun birbirine kar\u0131\u015ft\u0131\u011f\u0131 bir festival epey i\u015ftah kabart\u0131yor. Bir \u00e7ok kahve firmas\u0131n\u0131n kat\u0131l\u0131m g\u00f6sterdi\u011fi festivalde farkl\u0131 lezzetler, renkli kahve demleme teknikleri ile dolu dolu bir program sizleri bekliyor! \u00c7e\u015fitli aroma ve g\u00f6rselde kahveler tadabilece\u011finiz bu keyifli festival epey ilgi g\u00f6r\u00fcyor.<\/p>\n\n\n\n<p><strong>Etkinlik Tarihleri:<\/strong> 6-8 Ekim 2023<\/p>\n\n\n\n<h3 class=\"wp-block-heading has-text-align-center has-neeon-button-dark-gray-color has-text-color has-link-color wp-elements-6b4f53d2529f7be9a84688ec436a8b96\"><span class=\"ez-toc-section\" id=\"salda_genclik_festivali\"><\/span><strong>Salda Gen\u00e7lik Festivali<\/strong><span class=\"ez-toc-section-end\"><\/span><\/h3>\n\n\n\n<p>Bu sene 2.si kutlanacak olan Salda Gen\u00e7lik Festivali Ye\u015filova Kapal\u0131 Pazar Yerinde yap\u0131lacak. K\u0131ra\u00e7 ve \u0130mera konserleri ile \u015fenlenecek festival.<\/p>\n\n\n\n<p><strong>Etkinlik Tarihleri:<\/strong> 8-9 Ekim 2023<\/p>\n\n\n\n<h3 class=\"wp-block-heading has-text-align-center has-neeon-button-dark-gray-color has-text-color has-link-color wp-elements-4f93f4a1e9a180d11f4ca253057305cb\"><span class=\"ez-toc-section\" id=\"cukurova_rock_festivali\"><\/span><strong>\u00c7ukurova Rock Festivali<\/strong><span class=\"ez-toc-section-end\"><\/span><\/h3>\n\n\n\n<p>T\u00fcrk rock m\u00fczi\u011finin \u00f6nde gelen isimlerini bir araya getiren \u00c7ukurova Rock Festivali, &nbsp;Bacardi Birbi\u00e7er Tesisleri&#8217;nde yap\u0131lacak. 4 g\u00fcn s\u00fcrecek olan festivalde ba\u015fta Adana olmak \u00fczere b\u00f6lgedeki t\u00fcm m\u00fczikseverler bulu\u015facak. G\u00fcnl\u00fck bilet 90 TL, kombine bilet 190 TL. <\/p>\n\n\n\n<p><strong>Etkinlik Tarihleri:<\/strong> 12-15 Ekim 2023<\/p>\n\n\n\n<h3 class=\"wp-block-heading has-text-align-center has-neeon-button-dark-gray-color has-text-color has-link-color wp-elements-c98a0da210dcfdb3ed1eedc84d50a778\"><span class=\"ez-toc-section\" id=\"mersin_genclik_festivali\"><\/span><strong>Mersin Gen\u00e7lik Festivali<\/strong><span class=\"ez-toc-section-end\"><\/span><\/h3>\n\n\n\n<p>Mersin Gen\u00e7lik Festivali, \u00d6zgecan Aslan Meydan\u0131&#8217;nda birbirinden e\u011flenceli etkinlikler ve konserlerle ger\u00e7ekle\u015fecek. Festivalde K\u00f6fn, Zeynep Bast\u0131k, Aleyna Tilki, Ceza sahne alacak. Konserler \u00fccretsiz.<\/p>\n\n\n\n<p><strong>Etkinlik Tarihleri:<\/strong> 13-14 Ekim 2023<\/p>\n\n\n\n<h3 class=\"wp-block-heading has-text-align-center has-neeon-button-dark-gray-color has-text-color has-link-color wp-elements-ebc86fca59b21a5f24b9e0fe43116645\"><span class=\"ez-toc-section\" id=\"the_bodrum_cup\"><\/span><strong>The Bodrum Cup<\/strong><span class=\"ez-toc-section-end\"><\/span><\/h3>\n\n\n\n<p>Bu etkinlik deniz merakl\u0131lar\u0131na ve profesyonel yat m\u00fcrettebat\u0131na yelkencili\u011fi \u00f6\u011fretip benimsetmek \u00fczere 1989 y\u0131l\u0131nda hayata ge\u00e7irilmi\u015f. The Bodrum Cup, koylar\u0131n ve denizlerin korunmas\u0131nda fark\u0131ndal\u0131k yaratan bir\u00e7ok projeye de imza at\u0131yor. <\/p>\n\n\n\n<p><strong>Etkinlik Tarihleri:<\/strong> 14-21 Ekim 2023<\/p>\n\n\n\n<p>Benzer i\u00e7eriklerime g\u00f6z atmay\u0131 unutmay\u0131n.<\/p>\n\n\n\n<p><strong><a href=\"https:\/\/www.turna.com\/blog\/eylul-ayi-festivalleri-turkiyeden-6-festival?swcfpc=1\" target=\"_blank\" rel=\"noreferrer noopener\">Eyl\u00fcl Ay\u0131 Festivalleri: T\u00fcrkiye\u2019den 6 Festival<\/a><\/strong><\/p>\n\n\n\n<p><strong><a href=\"https:\/\/www.turna.com\/blog\/nisan-ayi-festivalleri?swcfpc=1\" target=\"_blank\" rel=\"noreferrer noopener\">Nisan Ay\u0131 Festivalleri: T\u00fcrkiye\u2019nin Zenginli\u011fini Ke\u015ffedin<\/a><\/strong><\/p>\n\n\n\n<p><strong><a href=\"https:\/\/www.turna.com\/blog\/dunyada-subat-ayi-festivalleri?swcfpc=1\" target=\"_blank\" rel=\"noreferrer noopener\">D\u00fcnyada \u015eubat Ay\u0131 Festivalleri<\/a><\/strong><\/p>\n\n\n\n<p><strong><a href=\"https:\/\/www.turna.com\/blog\/turkiyede-ocak-ayi-festivalleri?swcfpc=1\" target=\"_blank\" rel=\"noreferrer noopener\">T\u00fcrkiye\u2019de Ocak Ay\u0131 Festivalleri<\/a><\/strong><\/p>\n\n\n\n<p><strong><a href=\"https:\/\/www.turna.com\/blog\/aralik-ayi-festivalleri?swcfpc=1\" target=\"_blank\" rel=\"noreferrer noopener\">Aral\u0131k Ay\u0131 Festivalleri<\/a><\/strong><\/p>\n\n    <div class=\"xs_social_share_widget xs_share_url after_content \t\tmain_content  wslu-style-1 wslu-share-box-shaped wslu-fill-colored wslu-none wslu-share-horizontal wslu-theme-font-no wslu-main_content\">\n\n\t\t\n        <ul>\n\t\t\t        <\/ul>\n    <\/div> \n","protected":false},"excerpt":{"rendered":"<p>Ekim ay\u0131 geldi\u011finde, d\u00fcnyan\u0131n d\u00f6rt bir yan\u0131nda co\u015fkuyla kar\u015f\u0131lanan bir d\u00f6nem ba\u015fl\u0131yor. Havan\u0131n serinlemesiyle birlikte, sonbahar\u0131n tad\u0131n\u0131 \u00e7\u0131kar\u0131rken ayn\u0131 zamanda Ekim ay\u0131 festivalleriyle dolup ta\u015fan bir ay Ekim. Her y\u0131l bu d\u00f6nemde, renkli etkinlikler, lezzetli yiyecekler ve keyifli anlarla dolu bir atmosfer olu\u015fur. \u0130ster b\u00fcy\u00fck bir \u015fehirde ya\u015fay\u0131n, ister k\u0131rsal bir b\u00f6lgede, Ekim ay\u0131n\u0131n tad\u0131n\u0131 \u00e7\u0131karmak i\u00e7in bir\u00e7ok f\u0131rsat var. \u0130\u015fte Ekim ay\u0131 festivalleri hakk\u0131nda bilmeniz gerekenler ve bu e\u015fsiz deneyimin keyfini \u00e7\u0131karmak i\u00e7in bir\u00e7ok neden!<\/p>\n","protected":false},"author":34,"featured_media":22091,"comment_status":"open","ping_status":"open","sticky":false,"template":"","format":"standard","meta":{"rop_custom_images_group":[],"rop_custom_messages_group":[],"rop_publish_now":"initial","rop_publish_now_accounts":[],"rop_publish_now_history":[],"rop_publish_now_status":"pending","_cloudinary_featured_overwrite":false,"footnotes":""},"categories":[2,1],"tags":[],"class_list":["post-22086","post","type-post","status-publish","format-standard","has-post-thumbnail","hentry","category-ulkeler","category-seyahat-rehberi"],"_links":{"self":[{"href":"https:\/\/www.turna.com\/blog\/wp-json\/wp\/v2\/posts\/22086","targetHints":{"allow":["GET"]}}],"collection":[{"href":"https:\/\/www.turna.com\/blog\/wp-json\/wp\/v2\/posts"}],"about":[{"href":"https:\/\/www.turna.com\/blog\/wp-json\/wp\/v2\/types\/post"}],"author":[{"embeddable":true,"href":"https:\/\/www.turna.com\/blog\/wp-json\/wp\/v2\/users\/34"}],"replies":[{"embeddable":true,"href":"https:\/\/www.turna.com\/blog\/wp-json\/wp\/v2\/comments?post=22086"}],"version-history":[{"count":0,"href":"https:\/\/www.turna.com\/blog\/wp-json\/wp\/v2\/posts\/22086\/revisions"}],"wp:featuredmedia":[{"embeddable":true,"href":"https:\/\/www.turna.com\/blog\/wp-json\/wp\/v2\/media\/22091"}],"wp:attachment":[{"href":"https:\/\/www.turna.com\/blog\/wp-json\/wp\/v2\/media?parent=22086"}],"wp:term":[{"taxonomy":"category","embeddable":true,"href":"https:\/\/www.turna.com\/blog\/wp-json\/wp\/v2\/categories?post=22086"},{"taxonomy":"post_tag","embeddable":true,"href":"https:\/\/www.turna.com\/blog\/wp-json\/wp\/v2\/tags?post=22086"}],"curies":[{"name":"wp","href":"https:\/\/api.w.org\/{rel}","templated":true}]}}