{"id":22032,"date":"2023-09-11T12:47:00","date_gmt":"2023-09-11T09:47:00","guid":{"rendered":"https:\/\/www.turna.com\/blog\/?p=22032"},"modified":"2025-12-08T15:14:37","modified_gmt":"2025-12-08T12:14:37","slug":"ayvalika-nasil-gidilir","status":"publish","type":"post","link":"https:\/\/www.turna.com\/blog\/ayvalika-nasil-gidilir","title":{"rendered":"Ayval\u0131k&#8217;a Nas\u0131l Gidilir? Ayval\u0131k Ula\u015f\u0131m Rehberi"},"content":{"rendered":"<div id=\"ez-toc-container\" class=\"ez-toc-v2_0_82_2 counter-hierarchy ez-toc-counter ez-toc-black ez-toc-container-direction\">\n<div class=\"ez-toc-title-container\">\n<p class=\"ez-toc-title\" style=\"cursor:inherit\">\u0130\u00e7indekiler<\/p>\n<span class=\"ez-toc-title-toggle\"><a href=\"#\" class=\"ez-toc-pull-right ez-toc-btn ez-toc-btn-xs ez-toc-btn-default ez-toc-toggle\" aria-label=\"\u0130\u00e7indekiler Tablosunu A\u00e7\/Kapat\"><span class=\"ez-toc-js-icon-con\"><span class=\"\"><span class=\"eztoc-hide\" style=\"display:none;\">Toggle<\/span><span class=\"ez-toc-icon-toggle-span\"><svg style=\"fill: #ffffff;color:#ffffff\" xmlns=\"http:\/\/www.w3.org\/2000\/svg\" class=\"list-377408\" width=\"20px\" height=\"20px\" viewBox=\"0 0 24 24\" fill=\"none\"><path d=\"M6 6H4v2h2V6zm14 0H8v2h12V6zM4 11h2v2H4v-2zm16 0H8v2h12v-2zM4 16h2v2H4v-2zm16 0H8v2h12v-2z\" fill=\"currentColor\"><\/path><\/svg><svg style=\"fill: #ffffff;color:#ffffff\" class=\"arrow-unsorted-368013\" xmlns=\"http:\/\/www.w3.org\/2000\/svg\" width=\"10px\" height=\"10px\" viewBox=\"0 0 24 24\" version=\"1.2\" baseProfile=\"tiny\"><path d=\"M18.2 9.3l-6.2-6.3-6.2 6.3c-.2.2-.3.4-.3.7s.1.5.3.7c.2.2.4.3.7.3h11c.3 0 .5-.1.7-.3.2-.2.3-.5.3-.7s-.1-.5-.3-.7zM5.8 14.7l6.2 6.3 6.2-6.3c.2-.2.3-.5.3-.7s-.1-.5-.3-.7c-.2-.2-.4-.3-.7-.3h-11c-.3 0-.5.1-.7.3-.2.2-.3.5-.3.7s.1.5.3.7z\"\/><\/svg><\/span><\/span><\/span><\/a><\/span><\/div>\n<nav><ul class='ez-toc-list ez-toc-list-level-1 eztoc-toggle-hide-by-default' ><li class='ez-toc-page-1 ez-toc-heading-level-2'><a class=\"ez-toc-link ez-toc-heading-1\" href=\"https:\/\/www.turna.com\/blog\/ayvalika-nasil-gidilir\/#ayvalik_nerede\" >Ayval\u0131k Nerede?<\/a><\/li><li class='ez-toc-page-1 ez-toc-heading-level-2'><a class=\"ez-toc-link ez-toc-heading-2\" href=\"https:\/\/www.turna.com\/blog\/ayvalika-nasil-gidilir\/#ayvalika_nasil_gidilir\" >Ayval\u0131k&#8217;a Nas\u0131l Gidilir?<\/a><ul class='ez-toc-list-level-3' ><li class='ez-toc-heading-level-3'><a class=\"ez-toc-link ez-toc-heading-3\" href=\"https:\/\/www.turna.com\/blog\/ayvalika-nasil-gidilir\/#ayvalika_hava_yolu_ile_ulasim\" >Ayval\u0131k&#8217;a Hava Yolu ile Ula\u015f\u0131m<\/a><\/li><li class='ez-toc-page-1 ez-toc-heading-level-3'><a class=\"ez-toc-link ez-toc-heading-4\" href=\"https:\/\/www.turna.com\/blog\/ayvalika-nasil-gidilir\/#ayvalika_otobusle_ulasim\" >Ayval\u0131k&#8217;a Otob\u00fcsle Ula\u015f\u0131m<\/a><\/li><li class='ez-toc-page-1 ez-toc-heading-level-3'><a class=\"ez-toc-link ez-toc-heading-5\" href=\"https:\/\/www.turna.com\/blog\/ayvalika-nasil-gidilir\/#ayvalika_deniz_yolu_ile_ulasim\" >Ayval\u0131k&#8217;a Deniz Yolu \u0130le Ula\u015f\u0131m<\/a><\/li><li class='ez-toc-page-1 ez-toc-heading-level-3'><a class=\"ez-toc-link ez-toc-heading-6\" href=\"https:\/\/www.turna.com\/blog\/ayvalika-nasil-gidilir\/#ayvalikta_tren_var_mi\" >Ayval\u0131k&#8217;ta tren var m\u0131?<\/a><\/li><li class='ez-toc-page-1 ez-toc-heading-level-3'><a class=\"ez-toc-link ez-toc-heading-7\" href=\"https:\/\/www.turna.com\/blog\/ayvalika-nasil-gidilir\/#istanbul_ayvalik_feribot_nereden_kalkiyor\" >\u0130stanbul Ayval\u0131k feribot nereden kalk\u0131yor?<\/a><\/li><li class='ez-toc-page-1 ez-toc-heading-level-3'><a class=\"ez-toc-link ez-toc-heading-8\" href=\"https:\/\/www.turna.com\/blog\/ayvalika-nasil-gidilir\/#ayvaliga_gitmek_icin_hangi_havaalani\" >Ayval\u0131\u011fa gitmek i\u00e7in hangi havaalan\u0131?<\/a><\/li><\/ul><\/li><\/ul><\/nav><\/div>\n\n<p>Ayval\u0131k&#8217;a nas\u0131l gidilir, bu g\u00fczel sahil kasabas\u0131na tatil planlayan bir\u00e7ok gezginin merak etti\u011fi bir soru. T\u00fcrkiye&#8217;nin bat\u0131 sahilinde yer alan Ayval\u0131k, tarihi ve do\u011fal g\u00fczellikleriyle \u00fcnl\u00fc bir destinasyon. Bu yaz\u0131da, <strong>Ayval\u0131k&#8217;a nas\u0131l gidilir<\/strong> sorusuna yan\u0131t bulacak ve bu muhte\u015fem kasabaya yolculu\u011funuzu planlaman\u0131za yard\u0131mc\u0131 olacak ipu\u00e7lar\u0131 sunaca\u011f\u0131m. \u015eimdi, Ayval\u0131k maceran\u0131z\u0131 ba\u015flatmak i\u00e7in gereken ad\u0131mlara birlikte g\u00f6z atal\u0131m.<\/p>\n\n\n\n<h2 class=\"wp-block-heading has-text-align-center has-neeon-button-dark-gray-color has-text-color has-link-color wp-elements-37a7a0fb55f51d08c95629c08b1ba5e2\"><span class=\"ez-toc-section\" id=\"ayvalik_nerede\"><\/span>Ayval\u0131k Nerede?<span class=\"ez-toc-section-end\"><\/span><\/h2>\n\n\n\n<figure class=\"wp-block-image size-large\"><img width=\"800\" height=\"500\" decoding=\"async\" src=\"data:image\/svg+xml;base64,PHN2ZyB4bWxucz0iaHR0cDovL3d3dy53My5vcmcvMjAwMC9zdmciIHdpZHRoPSI4MDAiIGhlaWdodD0iNTAwIj48cmVjdCB3aWR0aD0iMTAwJSIgaGVpZ2h0PSIxMDAlIj48YW5pbWF0ZSBhdHRyaWJ1dGVOYW1lPSJmaWxsIiB2YWx1ZXM9InJnYmEoMTUzLDE1MywxNTMsMC41KTtyZ2JhKDE1MywxNTMsMTUzLDAuMSk7cmdiYSgxNTMsMTUzLDE1MywwLjUpIiBkdXI9IjJzIiByZXBlYXRDb3VudD0iaW5kZWZpbml0ZSIgLz48L3JlY3Q+PC9zdmc+\" alt=\"Ayval\u0131k Nerede\" data-public-id=\"Ayval\u0131k_eyjvuu\/Ayval\u0131k_eyjvuu.jpg\" class=\"wp-post-22032 wp-image-22020\" data-format=\"jpg\" data-transformations=\"f_auto,q_auto:low\" data-version=\"1562720661\" data-seo=\"1\" data-size=\"800 500\" data-srcset=\"https:\/\/res.cloudinary.com\/turna\/images\/f_auto,q_auto:low\/v1562720661\/Ayval\u0131k_eyjvuu\/Ayval\u0131k_eyjvuu.jpg?_i=AA 800w, https:\/\/res.cloudinary.com\/turna\/images\/w_300,h_188,c_scale\/f_auto,q_auto:low\/v1562720661\/Ayval\u0131k_eyjvuu\/Ayval\u0131k_eyjvuu.jpg?_i=AA 300w, https:\/\/res.cloudinary.com\/turna\/images\/w_672,h_420,c_scale\/f_auto,q_auto:low\/v1562720661\/Ayval\u0131k_eyjvuu\/Ayval\u0131k_eyjvuu.jpg?_i=AA 672w, https:\/\/res.cloudinary.com\/turna\/images\/w_640,h_400,c_scale\/f_auto,q_auto:low\/v1562720661\/Ayval\u0131k_eyjvuu\/Ayval\u0131k_eyjvuu.jpg?_i=AA 640w, https:\/\/res.cloudinary.com\/turna\/images\/w_681,h_426,c_scale\/f_auto,q_auto:low\/v1562720661\/Ayval\u0131k_eyjvuu\/Ayval\u0131k_eyjvuu.jpg?_i=AA 681w\" data-sizes=\"(max-width: 800px) 100vw, 800px\" data-delivery=\"upload\" onload=\";window.CLDBind?CLDBind(this):null;\" data-cloudinary=\"lazy\" \/><\/figure>\n\n\n\n<p>Ayval\u0131k, T\u00fcrkiye&#8217;nin bat\u0131s\u0131nda, Bal\u0131kesir iline ba\u011fl\u0131 olan Ege B\u00f6lgesi&#8217;nde bulunan bir sahil kasabas\u0131. Ege Denizi k\u0131y\u0131s\u0131nda yer alan bu g\u00fczel kasaba, yak\u0131nlar\u0131ndaki Cunda Adas\u0131 ile birlikte, Ayval\u0131k K\u00f6rfezi&#8217;nin e\u015fsiz manzaras\u0131na ev sahipli\u011fi yap\u0131yor.<\/p>\n\n\n\n<p>Ayval\u0131k&#8217;\u0131n haritadaki konumu <strong><a href=\"https:\/\/goo.gl\/maps\/fRijcnuo58MXAfeD8\" target=\"_blank\" rel=\"noreferrer noopener\">burada.<\/a><\/strong><\/p>\n\n\n\n<h2 class=\"wp-block-heading has-text-align-center has-neeon-button-dark-gray-color has-text-color has-link-color wp-elements-9572fe3e77eccb6b852daf81831f6104\"><span class=\"ez-toc-section\" id=\"ayvalika_nasil_gidilir\"><\/span>Ayval\u0131k&#8217;a Nas\u0131l Gidilir?<span class=\"ez-toc-section-end\"><\/span><\/h2>\n\n\n\n<figure class=\"wp-block-image size-large\"><img width=\"800\" height=\"500\" decoding=\"async\" src=\"data:image\/svg+xml;base64,PHN2ZyB4bWxucz0iaHR0cDovL3d3dy53My5vcmcvMjAwMC9zdmciIHdpZHRoPSI4MDAiIGhlaWdodD0iNTAwIj48cmVjdCB3aWR0aD0iMTAwJSIgaGVpZ2h0PSIxMDAlIj48YW5pbWF0ZSBhdHRyaWJ1dGVOYW1lPSJmaWxsIiB2YWx1ZXM9InJnYmEoMTUzLDE1MywxNTMsMC41KTtyZ2JhKDE1MywxNTMsMTUzLDAuMSk7cmdiYSgxNTMsMTUzLDE1MywwLjUpIiBkdXI9IjJzIiByZXBlYXRDb3VudD0iaW5kZWZpbml0ZSIgLz48L3JlY3Q+PC9zdmc+\" alt=\"Ayval\u0131ka Nas\u0131l Gidilir\" data-public-id=\"ayval\u0131k\/ayval\u0131k.jpg\" class=\"wp-post-22032 wp-image-22033\" data-format=\"jpg\" data-transformations=\"f_auto,q_auto:low\" data-version=\"1692961060\" data-seo=\"1\" data-size=\"800 500\" data-srcset=\"https:\/\/res.cloudinary.com\/turna\/images\/f_auto,q_auto:low\/v1692961060\/ayval\u0131k\/ayval\u0131k.jpg?_i=AA 800w, https:\/\/res.cloudinary.com\/turna\/images\/w_300,h_188,c_scale\/f_auto,q_auto:low\/v1692961060\/ayval\u0131k\/ayval\u0131k.jpg?_i=AA 300w, https:\/\/res.cloudinary.com\/turna\/images\/w_672,h_420,c_scale\/f_auto,q_auto:low\/v1692961060\/ayval\u0131k\/ayval\u0131k.jpg?_i=AA 672w, https:\/\/res.cloudinary.com\/turna\/images\/w_640,h_400,c_scale\/f_auto,q_auto:low\/v1692961060\/ayval\u0131k\/ayval\u0131k.jpg?_i=AA 640w, https:\/\/res.cloudinary.com\/turna\/images\/w_681,h_426,c_scale\/f_auto,q_auto:low\/v1692961060\/ayval\u0131k\/ayval\u0131k.jpg?_i=AA 681w\" data-sizes=\"(max-width: 800px) 100vw, 800px\" data-delivery=\"upload\" onload=\";window.CLDBind?CLDBind(this):null;\" data-cloudinary=\"lazy\" \/><\/figure>\n\n\n\n<p>Ayval\u0131k&#8217;a ula\u015fmak i\u00e7in farkl\u0131 ula\u015f\u0131m se\u00e7enekleri mevcut. Havayolu ve otob\u00fcs ile ula\u015f\u0131m yollar\u0131n\u0131 a\u015fa\u011f\u0131da detayl\u0131ca anlataca\u011f\u0131m. \u015eimdi Ayval\u0131k ile baz\u0131 illerin aras\u0131ndaki mesafeye bakal\u0131m.<\/p>\n\n\n\n<p>Ayval\u0131k &#8211; Bal\u0131kesir aras\u0131 126 km<\/p>\n\n\n\n<p>Ayval\u0131k &#8211; \u0130zmir aras\u0131 157 km<\/p>\n\n\n\n<p>Ayval\u0131k &#8211; \u0130stanbul aras\u0131 475 km<\/p>\n\n\n\n<h3 class=\"wp-block-heading has-text-align-center has-neeon-button-dark-gray-color has-text-color has-link-color wp-elements-1b8c950e379a8920085e2fab093fe4ec\"><span class=\"ez-toc-section\" id=\"ayvalika_hava_yolu_ile_ulasim\"><\/span><strong>Ayval\u0131k&#8217;a Hava Yolu ile Ula\u015f\u0131m<\/strong><span class=\"ez-toc-section-end\"><\/span><\/h3>\n\n\n\n<p>Ayval\u0131k&#8217;a hava yoluyla gitmek isteyenler i\u00e7in birden fazla alternatif bulunuyor. En yak\u0131n havalimanlar\u0131 Bal\u0131kesir Koca Seyit Havaliman\u0131 ve \u0130zmir Adnan Menderes Havaliman\u0131.<\/p>\n\n\n\n<p><strong>Bal\u0131kesir Koca Seyit Havaliman\u0131<\/strong>, Ayval\u0131k&#8217;a 41 km mesafede. Buradan Ayval\u0131k&#8217;a ula\u015fmak olduk\u00e7a kolay! Havaliman\u0131 \u00e7\u0131k\u0131\u015f\u0131nda Ayval\u0131k&#8217;a do\u011fru hareket eden otob\u00fcslere binebilirsiniz.<\/p>\n\n\n\n<p>Alternatif olarak, havaliman\u0131nda ara\u00e7 kiralama se\u00e7ene\u011fini de de\u011ferlendirebilirsiniz. Havaliman\u0131nda bulunan ara\u00e7 kiralama ofislerine ba\u015fvurarak, size uygun bir ara\u00e7 kiralayabilirsiniz. Ara\u00e7 kiralama se\u00e7ene\u011fi, Assos ve \u00e7evresini ke\u015ffetmek i\u00e7in de ideal bir se\u00e7enek.<\/p>\n\n\n\n<p><strong>\u0130zmir Adnan Menderes Havaliman\u0131<\/strong> ise Ayval\u0131k&#8217;a 183 km uzakl\u0131kta. Bu da bir ba\u015fka alternatif. Her 2 se\u00e7enek i\u00e7in de s\u0131ras\u0131yla u\u00e7ak bileti f\u0131rsatlar\u0131na g\u00f6z atmadan plan yapmay\u0131n.<\/p>\n\n\n\n<p><strong><a href=\"https:\/\/www.turna.com\/ucak-bileti\/edremit\" target=\"_blank\" rel=\"noreferrer noopener\">Bal\u0131kesir U\u00e7ak Bileti<\/a><\/strong><\/p>\n\n\n\n<p><strong><a href=\"https:\/\/www.turna.com\/ucak-bileti\/izmir\" target=\"_blank\" rel=\"noreferrer noopener\">\u0130zmir U\u00e7ak Bileti<\/a><\/strong><\/p>\n\n\n\n<h3 class=\"wp-block-heading has-text-align-center has-neeon-button-dark-gray-color has-text-color has-link-color wp-elements-736ba578e86479f6d6d425e362285ea6\"><span class=\"ez-toc-section\" id=\"ayvalika_otobusle_ulasim\"><\/span><strong>Ayval\u0131k&#8217;a Otob\u00fcsle Ula\u015f\u0131m<\/strong><span class=\"ez-toc-section-end\"><\/span><\/h3>\n\n\n\n<p>Rahat koltuklarda yolculuk ederken, Ege&#8217;nin b\u00fcy\u00fcleyici manzaralar\u0131n\u0131 seyretmek ger\u00e7ekten unutulmaz. \u0130stanbul, \u0130zmir, Ankara gibi b\u00fcy\u00fck \u015fehirlerden d\u00fczenlenen otob\u00fcs seferleri, Ayval\u0131k&#8217;a keyifli bir yolculukla ula\u015fman\u0131z\u0131 sa\u011fl\u0131yor.<\/p>\n\n\n\n<p><strong><a href=\"https:\/\/www.turna.com\/otobus-bileti\/ayvalik\" target=\"_blank\" rel=\"noreferrer noopener\">Ayval\u0131k otob\u00fcs bileti<\/a><\/strong> se\u00e7eneklerine g\u00f6z at\u0131n.<\/p>\n\n\n\n<h3 class=\"wp-block-heading has-text-align-center has-neeon-button-dark-gray-color has-text-color has-link-color wp-elements-e3682144b9892215dd6d22d65aa21503\"><span class=\"ez-toc-section\" id=\"ayvalika_deniz_yolu_ile_ulasim\"><\/span><strong>Ayval\u0131k&#8217;a Deniz Yolu \u0130le Ula\u015f\u0131m<\/strong><span class=\"ez-toc-section-end\"><\/span><\/h3>\n\n\n\n<figure class=\"wp-block-image size-large\"><img width=\"1200\" height=\"675\" decoding=\"async\" src=\"data:image\/svg+xml;base64,PHN2ZyB4bWxucz0iaHR0cDovL3d3dy53My5vcmcvMjAwMC9zdmciIHdpZHRoPSIxMjAwIiBoZWlnaHQ9IjY3NSI+PHJlY3Qgd2lkdGg9IjEwMCUiIGhlaWdodD0iMTAwJSI+PGFuaW1hdGUgYXR0cmlidXRlTmFtZT0iZmlsbCIgdmFsdWVzPSJyZ2JhKDE1MywxNTMsMTUzLDAuNSk7cmdiYSgxNTMsMTUzLDE1MywwLjEpO3JnYmEoMTUzLDE1MywxNTMsMC41KSIgZHVyPSIycyIgcmVwZWF0Q291bnQ9ImluZGVmaW5pdGUiIC8+PC9yZWN0Pjwvc3ZnPg==\" alt=\"Ayval\u0131k&#039;a Deniz Yolu \u0130le Ula\u015f\u0131m\" data-public-id=\"ayval\u0131kta_ne_yenir\/ayval\u0131kta_ne_yenir.jpg\" class=\"wp-post-22032 wp-image-22023\" data-format=\"jpg\" data-transformations=\"f_auto,q_auto:low\" data-version=\"1693944851\" data-seo=\"1\" data-size=\"1200 675\" data-srcset=\"https:\/\/res.cloudinary.com\/turna\/images\/f_auto,q_auto:low\/v1693944851\/ayval\u0131kta_ne_yenir\/ayval\u0131kta_ne_yenir.jpg?_i=AA 1200w, https:\/\/res.cloudinary.com\/turna\/images\/w_800,h_450,c_scale\/f_auto,q_auto:low\/v1693944851\/ayval\u0131kta_ne_yenir\/ayval\u0131kta_ne_yenir.jpg?_i=AA 800w, https:\/\/res.cloudinary.com\/turna\/images\/w_1024,h_576,c_scale\/f_auto,q_auto:low\/v1693944851\/ayval\u0131kta_ne_yenir\/ayval\u0131kta_ne_yenir.jpg?_i=AA 1024w, https:\/\/res.cloudinary.com\/turna\/images\/w_300,h_169,c_scale\/f_auto,q_auto:low\/v1693944851\/ayval\u0131kta_ne_yenir\/ayval\u0131kta_ne_yenir.jpg?_i=AA 300w, https:\/\/res.cloudinary.com\/turna\/images\/w_747,h_420,c_scale\/f_auto,q_auto:low\/v1693944851\/ayval\u0131kta_ne_yenir\/ayval\u0131kta_ne_yenir.jpg?_i=AA 747w, https:\/\/res.cloudinary.com\/turna\/images\/w_640,h_360,c_scale\/f_auto,q_auto:low\/v1693944851\/ayval\u0131kta_ne_yenir\/ayval\u0131kta_ne_yenir.jpg?_i=AA 640w, https:\/\/res.cloudinary.com\/turna\/images\/w_681,h_383,c_scale\/f_auto,q_auto:low\/v1693944851\/ayval\u0131kta_ne_yenir\/ayval\u0131kta_ne_yenir.jpg?_i=AA 681w\" data-sizes=\"(max-width: 1200px) 100vw, 1200px\" data-delivery=\"upload\" onload=\";window.CLDBind?CLDBind(this):null;\" data-cloudinary=\"lazy\" \/><\/figure>\n\n\n\n<p>\u0130stanbul Yenikap\u0131 ve Kad\u0131k\u00f6y Terminal&#8217;den Band\u0131rma terminale deniz otob\u00fcs\u00fc ile ula\u015f\u0131m sa\u011flayabiliyorsunuz. Deniz otob\u00fcs\u00fc ile \u0130DO \u0130stanbul Yenikap\u0131 Terminali\u2019nden Band\u0131rma yakla\u015f\u0131k 2 Saat 30 Dakika, \u0130DO \u0130stanbul Kad\u0131k\u00f6y Terminali\u2019nden Band\u0131rma yakla\u015f\u0131k 3 Saat s\u00fcr\u00fcyor. Sonras\u0131nda BTT ile Ayval\u0131k&#8217;a karayoluyla direkt ula\u015fabilirsiniz. Sefer saatleri, bilet fiyatlar\u0131 gibi detaylar\u0131 \u0130DO&#8217;nun sitesinden inceleyebilirsiniz.<\/p>\n\n\n\n<p>Ayval\u0131k seyahat planlar\u0131n\u0131z aras\u0131ndaysa di\u011fer i\u00e7eriklerime g\u00f6z atmadan yola \u00e7\u0131kmay\u0131n.<\/p>\n\n\n\n<p><strong><a href=\"https:\/\/www.turna.com\/blog\/ayvalik-gezi-rehberi?swcfpc=1\" target=\"_blank\" rel=\"noreferrer noopener\">Ayval\u0131k Gezi Rehberi<\/a><\/strong><\/p>\n\n\n\n<p><strong><a href=\"https:\/\/www.turna.com\/blog\/ayvalikta-ne-yenir?swcfpc=1\" target=\"_blank\" rel=\"noreferrer noopener\">Ayval\u0131k\u2019ta Ne Yenir?<\/a><\/strong><\/p>\n\n\n\n<p><strong><a href=\"https:\/\/www.turna.com\/blog\/ayvalikta-ne-yapilir?swcfpc=1\" target=\"_blank\" rel=\"noreferrer noopener\">Ayval\u0131k\u2019ta Ne Yap\u0131l\u0131r?<\/a><\/strong><\/p>\n\n\n<div id=\"rank-math-faq\" class=\"rank-math-block\">\n<div class=\"rank-math-list \">\n<div id=\"faq-question-685a80481becd\" class=\"rank-math-list-item\">\n<h3 class=\"rank-math-question \"><span class=\"ez-toc-section\" id=\"ayvalikta_tren_var_mi\"><\/span>Ayval\u0131k&#8217;ta tren var m\u0131?<span class=\"ez-toc-section-end\"><\/span><\/h3>\n<div class=\"rank-math-answer \">\n\n<p>Ayval\u0131k&#8217;ta demir yolu yok. En yak\u0131n se\u00e7enek Bal\u0131kesir. TCDD \u0130zmir Mavi Treni ile Bal\u0131kesir\u2019e oradan da Ayval\u0131k\u2019a ula\u015f\u0131m sa\u011flayabilirsiniz.<\/p>\n\n<\/div>\n<\/div>\n<div id=\"faq-question-685a80481bed0\" class=\"rank-math-list-item\">\n<h3 class=\"rank-math-question \"><span class=\"ez-toc-section\" id=\"istanbul_ayvalik_feribot_nereden_kalkiyor\"><\/span>\u0130stanbul Ayval\u0131k feribot nereden kalk\u0131yor?<span class=\"ez-toc-section-end\"><\/span><\/h3>\n<div class=\"rank-math-answer \">\n\n<p>Ayval\u0131k&#8217;a direkt giden bir feribot bulunmuyor. Band\u0131rma&#8217;ya gidebilece\u011finiz feribotlar ise Yenikap\u0131 ve Kad\u0131k\u00f6y terminallerinden kalk\u0131yor.<\/p>\n\n<\/div>\n<\/div>\n<div id=\"faq-question-685a80481bed1\" class=\"rank-math-list-item\">\n<h3 class=\"rank-math-question \"><span class=\"ez-toc-section\" id=\"ayvaliga_gitmek_icin_hangi_havaalani\"><\/span>Ayval\u0131\u011fa gitmek i\u00e7in hangi havaalan\u0131?<span class=\"ez-toc-section-end\"><\/span><\/h3>\n<div class=\"rank-math-answer \">\n\n<p>En uygun havaliman\u0131 yak\u0131nl\u0131k bak\u0131m\u0131ndan Bal\u0131kesir Edremit Havaliman\u0131. Buradan Ayval\u0131k&#8217;a yar\u0131m saatlik bir yolculuk ile ula\u015fabilirsiniz.<\/p>\n\n<\/div>\n<\/div>\n<\/div>\n<\/div>\n    <div class=\"xs_social_share_widget xs_share_url after_content \t\tmain_content  wslu-style-1 wslu-share-box-shaped wslu-fill-colored wslu-none wslu-share-horizontal wslu-theme-font-no wslu-main_content\">\n\n\t\t\n        <ul>\n\t\t\t        <\/ul>\n    <\/div> \n","protected":false},"excerpt":{"rendered":"<p>Ayval\u0131k&#8217;a nas\u0131l gidilir, bu g\u00fczel sahil kasabas\u0131na tatil planlayan bir\u00e7ok gezginin merak etti\u011fi bir soru. T\u00fcrkiye&#8217;nin bat\u0131 sahilinde yer alan Ayval\u0131k, tarihi ve do\u011fal g\u00fczellikleriyle \u00fcnl\u00fc bir destinasyon. Bu yaz\u0131da, Ayval\u0131k&#8217;a nas\u0131l gidilir sorusuna yan\u0131t bulacak ve bu muhte\u015fem kasabaya yolculu\u011funuzu planlaman\u0131za yard\u0131mc\u0131 olacak ipu\u00e7lar\u0131 sunaca\u011f\u0131m. \u015eimdi, Ayval\u0131k maceran\u0131z\u0131 ba\u015flatmak i\u00e7in gereken ad\u0131mlara birlikte g\u00f6z atal\u0131m.<\/p>\n","protected":false},"author":34,"featured_media":22033,"comment_status":"open","ping_status":"open","sticky":false,"template":"","format":"standard","meta":{"rop_custom_images_group":[],"rop_custom_messages_group":[],"rop_publish_now":"initial","rop_publish_now_accounts":[],"rop_publish_now_history":[],"rop_publish_now_status":"pending","_cloudinary_featured_overwrite":false,"footnotes":""},"categories":[1814],"tags":[287],"class_list":["post-22032","post","type-post","status-publish","format-standard","has-post-thumbnail","hentry","category-balikesir","tag-ayvalik"],"_links":{"self":[{"href":"https:\/\/www.turna.com\/blog\/wp-json\/wp\/v2\/posts\/22032","targetHints":{"allow":["GET"]}}],"collection":[{"href":"https:\/\/www.turna.com\/blog\/wp-json\/wp\/v2\/posts"}],"about":[{"href":"https:\/\/www.turna.com\/blog\/wp-json\/wp\/v2\/types\/post"}],"author":[{"embeddable":true,"href":"https:\/\/www.turna.com\/blog\/wp-json\/wp\/v2\/users\/34"}],"replies":[{"embeddable":true,"href":"https:\/\/www.turna.com\/blog\/wp-json\/wp\/v2\/comments?post=22032"}],"version-history":[{"count":0,"href":"https:\/\/www.turna.com\/blog\/wp-json\/wp\/v2\/posts\/22032\/revisions"}],"wp:featuredmedia":[{"embeddable":true,"href":"https:\/\/www.turna.com\/blog\/wp-json\/wp\/v2\/media\/22033"}],"wp:attachment":[{"href":"https:\/\/www.turna.com\/blog\/wp-json\/wp\/v2\/media?parent=22032"}],"wp:term":[{"taxonomy":"category","embeddable":true,"href":"https:\/\/www.turna.com\/blog\/wp-json\/wp\/v2\/categories?post=22032"},{"taxonomy":"post_tag","embeddable":true,"href":"https:\/\/www.turna.com\/blog\/wp-json\/wp\/v2\/tags?post=22032"}],"curies":[{"name":"wp","href":"https:\/\/api.w.org\/{rel}","templated":true}]}}