{"id":21958,"date":"2023-08-23T13:22:00","date_gmt":"2023-08-23T10:22:00","guid":{"rendered":"https:\/\/www.turna.com\/blog\/?p=21958"},"modified":"2025-12-08T16:02:20","modified_gmt":"2025-12-08T13:02:20","slug":"edremite-nasil-gidilir-edremit-nerede","status":"publish","type":"post","link":"https:\/\/www.turna.com\/blog\/edremite-nasil-gidilir-edremit-nerede","title":{"rendered":"Edremit&#8217;e Nas\u0131l Gidilir? Edremit Nerede?"},"content":{"rendered":"<div id=\"ez-toc-container\" class=\"ez-toc-v2_0_82_2 counter-hierarchy ez-toc-counter ez-toc-black ez-toc-container-direction\">\n<div class=\"ez-toc-title-container\">\n<p class=\"ez-toc-title\" style=\"cursor:inherit\">\u0130\u00e7indekiler<\/p>\n<span class=\"ez-toc-title-toggle\"><a href=\"#\" class=\"ez-toc-pull-right ez-toc-btn ez-toc-btn-xs ez-toc-btn-default ez-toc-toggle\" aria-label=\"\u0130\u00e7indekiler Tablosunu A\u00e7\/Kapat\"><span class=\"ez-toc-js-icon-con\"><span class=\"\"><span class=\"eztoc-hide\" style=\"display:none;\">Toggle<\/span><span class=\"ez-toc-icon-toggle-span\"><svg style=\"fill: #ffffff;color:#ffffff\" xmlns=\"http:\/\/www.w3.org\/2000\/svg\" class=\"list-377408\" width=\"20px\" height=\"20px\" viewBox=\"0 0 24 24\" fill=\"none\"><path d=\"M6 6H4v2h2V6zm14 0H8v2h12V6zM4 11h2v2H4v-2zm16 0H8v2h12v-2zM4 16h2v2H4v-2zm16 0H8v2h12v-2z\" fill=\"currentColor\"><\/path><\/svg><svg style=\"fill: #ffffff;color:#ffffff\" class=\"arrow-unsorted-368013\" xmlns=\"http:\/\/www.w3.org\/2000\/svg\" width=\"10px\" height=\"10px\" viewBox=\"0 0 24 24\" version=\"1.2\" baseProfile=\"tiny\"><path d=\"M18.2 9.3l-6.2-6.3-6.2 6.3c-.2.2-.3.4-.3.7s.1.5.3.7c.2.2.4.3.7.3h11c.3 0 .5-.1.7-.3.2-.2.3-.5.3-.7s-.1-.5-.3-.7zM5.8 14.7l6.2 6.3 6.2-6.3c.2-.2.3-.5.3-.7s-.1-.5-.3-.7c-.2-.2-.4-.3-.7-.3h-11c-.3 0-.5.1-.7.3-.2.2-.3.5-.3.7s.1.5.3.7z\"\/><\/svg><\/span><\/span><\/span><\/a><\/span><\/div>\n<nav><ul class='ez-toc-list ez-toc-list-level-1 eztoc-toggle-hide-by-default' ><li class='ez-toc-page-1 ez-toc-heading-level-2'><a class=\"ez-toc-link ez-toc-heading-1\" href=\"https:\/\/www.turna.com\/blog\/edremite-nasil-gidilir-edremit-nerede\/#edremit_nerede\" >Edremit Nerede?<\/a><\/li><li class='ez-toc-page-1 ez-toc-heading-level-2'><a class=\"ez-toc-link ez-toc-heading-2\" href=\"https:\/\/www.turna.com\/blog\/edremite-nasil-gidilir-edremit-nerede\/#edremite_nasil_gidilir\" >Edremit&#8217;e Nas\u0131l Gidilir?<\/a><ul class='ez-toc-list-level-3' ><li class='ez-toc-heading-level-3'><a class=\"ez-toc-link ez-toc-heading-3\" href=\"https:\/\/www.turna.com\/blog\/edremite-nasil-gidilir-edremit-nerede\/#kara_yoluyla\" >Kara Yoluyla<\/a><\/li><li class='ez-toc-page-1 ez-toc-heading-level-3'><a class=\"ez-toc-link ez-toc-heading-4\" href=\"https:\/\/www.turna.com\/blog\/edremite-nasil-gidilir-edremit-nerede\/#hava_yoluyla\" >Hava Yoluyla<\/a><\/li><li class='ez-toc-page-1 ez-toc-heading-level-3'><a class=\"ez-toc-link ez-toc-heading-5\" href=\"https:\/\/www.turna.com\/blog\/edremite-nasil-gidilir-edremit-nerede\/#deniz_yoluyla\" >Deniz Yoluyla<\/a><\/li><\/ul><\/li><\/ul><\/nav><\/div>\n\n<p>Edremit, T\u00fcrkiye&#8217;nin muhte\u015fem do\u011fal g\u00fczellikleriyle s\u00fcslenmi\u015f enfes bir destinasyonu ve her y\u0131l yerli ve yabanc\u0131 turistlerin ilgisini \u00e7ekiyor. E\u015fsiz sahil \u015feridi, tarihi zenginlikleri ve leziz y\u00f6resel mutfa\u011f\u0131 ile Edremit, tatilcilerin unutulmaz an\u0131lar biriktirdi\u011fi bir cennet. Bu g\u00fczellikleri ke\u015ffetmek isteyen ziyaret\u00e7ilerin akl\u0131nda en \u00e7ok yer alan sorulardan biri, Edremit&#8217;e ula\u015f\u0131m\u0131n nas\u0131l sa\u011flanaca\u011f\u0131. Neyse ki, Edremit&#8217;e ula\u015f\u0131m konusunda bir\u00e7ok se\u00e7enek mevcut ve bu rehber yaz\u0131mda sizlere bu se\u00e7enekleri detaylar\u0131yla sunaca\u011f\u0131m. <strong>Edremit nerede, Edremit&#8217;e nas\u0131l gidilir<\/strong> sorular\u0131n\u0131n cevaplar\u0131 bu rehberde!<\/p>\n\n\n\n<h2 class=\"wp-block-heading has-text-align-center has-neeon-button-dark-gray-color has-text-color has-link-color wp-elements-5f2efe1945f17485c9953bf8c83f625f\"><span class=\"ez-toc-section\" id=\"edremit_nerede\"><\/span><strong>Edremit Nerede?<\/strong><span class=\"ez-toc-section-end\"><\/span><\/h2>\n\n\n\n<figure class=\"wp-block-image size-large\"><img width=\"800\" height=\"500\" decoding=\"async\" src=\"data:image\/svg+xml;base64,PHN2ZyB4bWxucz0iaHR0cDovL3d3dy53My5vcmcvMjAwMC9zdmciIHdpZHRoPSI4MDAiIGhlaWdodD0iNTAwIj48cmVjdCB3aWR0aD0iMTAwJSIgaGVpZ2h0PSIxMDAlIj48YW5pbWF0ZSBhdHRyaWJ1dGVOYW1lPSJmaWxsIiB2YWx1ZXM9InJnYmEoMTUzLDE1MywxNTMsMC41KTtyZ2JhKDE1MywxNTMsMTUzLDAuMSk7cmdiYSgxNTMsMTUzLDE1MywwLjUpIiBkdXI9IjJzIiByZXBlYXRDb3VudD0iaW5kZWZpbml0ZSIgLz48L3JlY3Q+PC9zdmc+\" alt=\"Edremit Nerede?\" data-public-id=\"edremit_nerede\/edremit_nerede.jpg\" class=\"wp-post-21958 wp-image-21959\" data-format=\"jpg\" data-transformations=\"f_auto,q_auto:low\" data-version=\"1692709527\" data-seo=\"1\" data-size=\"800 500\" data-srcset=\"https:\/\/res.cloudinary.com\/turna\/images\/f_auto,q_auto:low\/v1692709527\/edremit_nerede\/edremit_nerede.jpg?_i=AA 800w, https:\/\/res.cloudinary.com\/turna\/images\/w_300,h_188,c_scale\/f_auto,q_auto:low\/v1692709527\/edremit_nerede\/edremit_nerede.jpg?_i=AA 300w, https:\/\/res.cloudinary.com\/turna\/images\/w_672,h_420,c_scale\/f_auto,q_auto:low\/v1692709527\/edremit_nerede\/edremit_nerede.jpg?_i=AA 672w, https:\/\/res.cloudinary.com\/turna\/images\/w_640,h_400,c_scale\/f_auto,q_auto:low\/v1692709527\/edremit_nerede\/edremit_nerede.jpg?_i=AA 640w, https:\/\/res.cloudinary.com\/turna\/images\/w_681,h_426,c_scale\/f_auto,q_auto:low\/v1692709527\/edremit_nerede\/edremit_nerede.jpg?_i=AA 681w\" data-sizes=\"(max-width: 800px) 100vw, 800px\" data-delivery=\"upload\" onload=\";window.CLDBind?CLDBind(this):null;\" data-cloudinary=\"lazy\" \/><\/figure>\n\n\n\n<p>Edremit, benzersiz g\u00fczelliklere sahip olan bir k\u00f6\u015fe par\u00e7as\u0131 olarak T\u00fcrkiye&#8217;nin bat\u0131s\u0131nda konumlanm\u0131\u015f durumda. Bal\u0131kesir iline ba\u011fl\u0131 bu il\u00e7e Kaz Da\u011flar\u0131&#8217;n\u0131n eteklerinde yer al\u0131yor. Ege&#8217;nin berrak sular\u0131yla kucakla\u015fan bu \u015firin il\u00e7e, ye\u015filin ve mavinin dans etti\u011fi bir tabloya ev sahipli\u011fi yap\u0131yor. Kendine \u00f6zg\u00fc do\u011fal dokusu ve tarihi zenginlikleriyle Edremit, benim i\u00e7in ke\u015ffedilmeyi bekleyen bir hazinenin kap\u0131lar\u0131n\u0131 aral\u0131yor. \u015eehir hayat\u0131n\u0131n tela\u015f\u0131ndan uzak, sakinli\u011fi ve huzuruyla dikkat \u00e7eken Edremit, en g\u00fczel an\u0131lar\u0131n ve unutulmaz deneyimlerin bir araya geldi\u011fi \u00f6zel bir mekan olarak kalbimde \u00f6zel bir yerde.<\/p>\n\n\n\n<p>Edremit&#8217;in haritadaki konumu <strong><a href=\"https:\/\/goo.gl\/maps\/p3hj2N1sQpb19Zgb6\" target=\"_blank\" rel=\"noreferrer noopener\">burada.<\/a><\/strong><\/p>\n\n\n\n<h2 class=\"wp-block-heading has-text-align-center has-neeon-button-dark-gray-color has-text-color has-link-color wp-elements-5b7c29df41e9c8e297a666ee6e1fd771\"><span class=\"ez-toc-section\" id=\"edremite_nasil_gidilir\"><\/span><strong>Edremit&#8217;e Nas\u0131l Gidilir?<\/strong><span class=\"ez-toc-section-end\"><\/span><\/h2>\n\n\n\n<h3 class=\"wp-block-heading has-text-align-center has-neeon-button-dark-gray-color has-text-color has-link-color wp-elements-09eb00686205d2573f388538f610e519\"><span class=\"ez-toc-section\" id=\"kara_yoluyla\"><\/span><strong>Kara Yoluyla<\/strong><span class=\"ez-toc-section-end\"><\/span><\/h3>\n\n\n\n<figure class=\"wp-block-image size-large\"><img width=\"800\" height=\"500\" decoding=\"async\" src=\"data:image\/svg+xml;base64,PHN2ZyB4bWxucz0iaHR0cDovL3d3dy53My5vcmcvMjAwMC9zdmciIHdpZHRoPSI4MDAiIGhlaWdodD0iNTAwIj48cmVjdCB3aWR0aD0iMTAwJSIgaGVpZ2h0PSIxMDAlIj48YW5pbWF0ZSBhdHRyaWJ1dGVOYW1lPSJmaWxsIiB2YWx1ZXM9InJnYmEoMTUzLDE1MywxNTMsMC41KTtyZ2JhKDE1MywxNTMsMTUzLDAuMSk7cmdiYSgxNTMsMTUzLDE1MywwLjUpIiBkdXI9IjJzIiByZXBlYXRDb3VudD0iaW5kZWZpbml0ZSIgLz48L3JlY3Q+PC9zdmc+\" alt=\"Edremit&#039;e Nas\u0131l Gidilir?\" data-public-id=\"edremit_nerede\/edremit_nerede.jpg\" class=\"wp-post-21958 wp-image-21959\" data-format=\"jpg\" data-transformations=\"f_auto,q_auto:low\" data-version=\"1692709527\" data-seo=\"1\" data-size=\"800 500\" data-srcset=\"https:\/\/res.cloudinary.com\/turna\/images\/f_auto,q_auto:low\/v1692709527\/edremit_nerede\/edremit_nerede.jpg?_i=AA 800w, https:\/\/res.cloudinary.com\/turna\/images\/w_300,h_188,c_scale\/f_auto,q_auto:low\/v1692709527\/edremit_nerede\/edremit_nerede.jpg?_i=AA 300w, https:\/\/res.cloudinary.com\/turna\/images\/w_672,h_420,c_scale\/f_auto,q_auto:low\/v1692709527\/edremit_nerede\/edremit_nerede.jpg?_i=AA 672w, https:\/\/res.cloudinary.com\/turna\/images\/w_640,h_400,c_scale\/f_auto,q_auto:low\/v1692709527\/edremit_nerede\/edremit_nerede.jpg?_i=AA 640w, https:\/\/res.cloudinary.com\/turna\/images\/w_681,h_426,c_scale\/f_auto,q_auto:low\/v1692709527\/edremit_nerede\/edremit_nerede.jpg?_i=AA 681w\" data-sizes=\"(max-width: 800px) 100vw, 800px\" data-delivery=\"upload\" onload=\";window.CLDBind?CLDBind(this):null;\" data-cloudinary=\"lazy\" \/><\/figure>\n\n\n\n<p>Edremit&#8217;e kendi arac\u0131n\u0131zla veya otob\u00fcsle kara yoluyla ula\u015fabilirsiniz. \u0130stanbul, Ankara gibi b\u00fcy\u00fck \u015fehirlerden Bal\u0131kesir istikametine gitmek ve oradan Edremit&#8217;e y\u00f6nlenebilmek m\u00fcmk\u00fcn. Ege Sahil Yolu (D550) ve Bal\u0131kesir-Edremit yolu gibi ana yollar\u0131 takip ederek il\u00e7eye rahatl\u0131kla varabilirsiniz.<\/p>\n\n\n\n<p>\u0130stanbul-Edremit aras\u0131 400 km<\/p>\n\n\n\n<p>Ankara-Edremit aras\u0131 651 km<\/p>\n\n\n\n<p>\u0130zmir-Edremit aras\u0131 229 km<\/p>\n\n\n\n<p>Bal\u0131kesir-Edremit aras\u0131 122 km<\/p>\n\n\n\n<p><strong><a href=\"https:\/\/www.turna.com\/otobus-bileti\/edremit-balikesir\" target=\"_blank\" rel=\"noreferrer noopener\">Edremit otob\u00fcs bileti<\/a><\/strong> se\u00e7eneklerini web sitemizde inceleyebilirsiniz.<\/p>\n\n\n\n<h3 class=\"wp-block-heading has-text-align-center has-neeon-button-dark-gray-color has-text-color has-link-color wp-elements-5e5082e2c2ae8169929a8c69ab4d2a14\"><span class=\"ez-toc-section\" id=\"hava_yoluyla\"><\/span><strong>Hava Yoluyla<\/strong><span class=\"ez-toc-section-end\"><\/span><\/h3>\n\n\n\n<figure class=\"wp-block-image size-large\"><img decoding=\"async\" src=\"https:\/\/res.cloudinary.com\/turna\/image\/upload\/v1692709527\/edremit_havaliman%C4%B1.jpg\" alt=\"Edremit Havaliman\u0131\"\/><\/figure>\n\n\n\n<p>Edremit K\u00f6rfez Havaliman\u0131, buraya havayoluyla ula\u015fmak isteyenler i\u00e7in bir se\u00e7enektir. \u0130stanbul ve Ankara gibi b\u00fcy\u00fck \u015fehirlerden direkt u\u00e7u\u015flar d\u00fczenlenebilmektedir. Havaliman\u0131na indikten sonra \u015fehir merkezine veya \u00e7evre b\u00f6lgelere ula\u015f\u0131m i\u00e7in taksi veya ara\u00e7 kiralama gibi se\u00e7enekleri de\u011ferlendirebilirsiniz.<\/p>\n\n\n\n<p><strong><a href=\"https:\/\/www.turna.com\/ucak-bileti\/edremit\" target=\"_blank\" rel=\"noreferrer noopener\">Edremit u\u00e7ak bileti<\/a><\/strong> i\u00e7in web sitemizi ziyaret edin.<\/p>\n\n\n\n<h3 class=\"wp-block-heading has-text-align-center has-neeon-button-dark-gray-color has-text-color has-link-color wp-elements-955b145af588eaaa68c1c5cbf9132997\"><span class=\"ez-toc-section\" id=\"deniz_yoluyla\"><\/span><strong>Deniz Yoluyla<\/strong><span class=\"ez-toc-section-end\"><\/span><\/h3>\n\n\n\n<p>Ege Denizi \u00fczerinden feribot seferleri de bulunuyor. \u00d6zellikle \u00c7anakkale ve \u0130zmir gibi \u015fehirlerden feribotlarla Edremit&#8217;e ge\u00e7i\u015f sa\u011flayabilirsiniz. Feribot seferleri, tatil d\u00f6nemlerinde ve yaz aylar\u0131nda daha yo\u011fun olabilir. Bu adresten sefer saatlerini kontrol edebilir ve bilet sat\u0131n alabilirsiniz.<\/p>\n\n    <div class=\"xs_social_share_widget xs_share_url after_content \t\tmain_content  wslu-style-1 wslu-share-box-shaped wslu-fill-colored wslu-none wslu-share-horizontal wslu-theme-font-no wslu-main_content\">\n\n\t\t\n        <ul>\n\t\t\t        <\/ul>\n    <\/div> \n","protected":false},"excerpt":{"rendered":"<p>Edremit, T\u00fcrkiye&#8217;nin muhte\u015fem do\u011fal g\u00fczellikleriyle s\u00fcslenmi\u015f enfes bir destinasyonu ve her y\u0131l yerli ve yabanc\u0131 turistlerin ilgisini \u00e7ekiyor. E\u015fsiz sahil \u015feridi, tarihi zenginlikleri ve leziz y\u00f6resel mutfa\u011f\u0131 ile Edremit, tatilcilerin unutulmaz an\u0131lar biriktirdi\u011fi bir cennet. Bu g\u00fczellikleri ke\u015ffetmek isteyen ziyaret\u00e7ilerin akl\u0131nda en \u00e7ok yer alan sorulardan biri, Edremit&#8217;e ula\u015f\u0131m\u0131n nas\u0131l sa\u011flanaca\u011f\u0131. Neyse ki, Edremit&#8217;e ula\u015f\u0131m konusunda bir\u00e7ok se\u00e7enek mevcut ve bu rehber yaz\u0131mda sizlere bu se\u00e7enekleri detaylar\u0131yla sunaca\u011f\u0131m. Edremit nerede, Edremit&#8217;e nas\u0131l gidilir sorular\u0131n\u0131n cevaplar\u0131 bu rehberde!<\/p>\n","protected":false},"author":34,"featured_media":21959,"comment_status":"open","ping_status":"open","sticky":false,"template":"","format":"standard","meta":{"rop_custom_images_group":[],"rop_custom_messages_group":[],"rop_publish_now":"initial","rop_publish_now_accounts":[],"rop_publish_now_history":[],"rop_publish_now_status":"pending","_cloudinary_featured_overwrite":false,"footnotes":""},"categories":[2,1814],"tags":[259,261],"class_list":["post-21958","post","type-post","status-publish","format-standard","has-post-thumbnail","hentry","category-ulkeler","category-balikesir","tag-balikesir","tag-edremit"],"_links":{"self":[{"href":"https:\/\/www.turna.com\/blog\/wp-json\/wp\/v2\/posts\/21958","targetHints":{"allow":["GET"]}}],"collection":[{"href":"https:\/\/www.turna.com\/blog\/wp-json\/wp\/v2\/posts"}],"about":[{"href":"https:\/\/www.turna.com\/blog\/wp-json\/wp\/v2\/types\/post"}],"author":[{"embeddable":true,"href":"https:\/\/www.turna.com\/blog\/wp-json\/wp\/v2\/users\/34"}],"replies":[{"embeddable":true,"href":"https:\/\/www.turna.com\/blog\/wp-json\/wp\/v2\/comments?post=21958"}],"version-history":[{"count":0,"href":"https:\/\/www.turna.com\/blog\/wp-json\/wp\/v2\/posts\/21958\/revisions"}],"wp:featuredmedia":[{"embeddable":true,"href":"https:\/\/www.turna.com\/blog\/wp-json\/wp\/v2\/media\/21959"}],"wp:attachment":[{"href":"https:\/\/www.turna.com\/blog\/wp-json\/wp\/v2\/media?parent=21958"}],"wp:term":[{"taxonomy":"category","embeddable":true,"href":"https:\/\/www.turna.com\/blog\/wp-json\/wp\/v2\/categories?post=21958"},{"taxonomy":"post_tag","embeddable":true,"href":"https:\/\/www.turna.com\/blog\/wp-json\/wp\/v2\/tags?post=21958"}],"curies":[{"name":"wp","href":"https:\/\/api.w.org\/{rel}","templated":true}]}}