{"id":21872,"date":"2024-09-13T14:00:00","date_gmt":"2024-09-13T11:00:00","guid":{"rendered":"https:\/\/www.turna.com\/blog\/?p=21872"},"modified":"2025-12-08T11:55:52","modified_gmt":"2025-12-08T08:55:52","slug":"gokceada-gezi-rehberi","status":"publish","type":"post","link":"https:\/\/www.turna.com\/blog\/gokceada-gezi-rehberi","title":{"rendered":"G\u00f6k\u00e7eada Gezi Rehberi: Bir Ege Masal\u0131"},"content":{"rendered":"<div id=\"ez-toc-container\" class=\"ez-toc-v2_0_82_2 counter-hierarchy ez-toc-counter ez-toc-black ez-toc-container-direction\">\n<div class=\"ez-toc-title-container\">\n<p class=\"ez-toc-title\" style=\"cursor:inherit\">\u0130\u00e7indekiler<\/p>\n<span class=\"ez-toc-title-toggle\"><a href=\"#\" class=\"ez-toc-pull-right ez-toc-btn ez-toc-btn-xs ez-toc-btn-default ez-toc-toggle\" aria-label=\"\u0130\u00e7indekiler Tablosunu A\u00e7\/Kapat\"><span class=\"ez-toc-js-icon-con\"><span class=\"\"><span class=\"eztoc-hide\" style=\"display:none;\">Toggle<\/span><span class=\"ez-toc-icon-toggle-span\"><svg style=\"fill: #ffffff;color:#ffffff\" xmlns=\"http:\/\/www.w3.org\/2000\/svg\" class=\"list-377408\" width=\"20px\" height=\"20px\" viewBox=\"0 0 24 24\" fill=\"none\"><path d=\"M6 6H4v2h2V6zm14 0H8v2h12V6zM4 11h2v2H4v-2zm16 0H8v2h12v-2zM4 16h2v2H4v-2zm16 0H8v2h12v-2z\" fill=\"currentColor\"><\/path><\/svg><svg style=\"fill: #ffffff;color:#ffffff\" class=\"arrow-unsorted-368013\" xmlns=\"http:\/\/www.w3.org\/2000\/svg\" width=\"10px\" height=\"10px\" viewBox=\"0 0 24 24\" version=\"1.2\" baseProfile=\"tiny\"><path d=\"M18.2 9.3l-6.2-6.3-6.2 6.3c-.2.2-.3.4-.3.7s.1.5.3.7c.2.2.4.3.7.3h11c.3 0 .5-.1.7-.3.2-.2.3-.5.3-.7s-.1-.5-.3-.7zM5.8 14.7l6.2 6.3 6.2-6.3c.2-.2.3-.5.3-.7s-.1-.5-.3-.7c-.2-.2-.4-.3-.7-.3h-11c-.3 0-.5.1-.7.3-.2.2-.3.5-.3.7s.1.5.3.7z\"\/><\/svg><\/span><\/span><\/span><\/a><\/span><\/div>\n<nav><ul class='ez-toc-list ez-toc-list-level-1 eztoc-toggle-hide-by-default' ><li class='ez-toc-page-1 ez-toc-heading-level-2'><a class=\"ez-toc-link ez-toc-heading-1\" href=\"https:\/\/www.turna.com\/blog\/gokceada-gezi-rehberi\/#gokceada_hakkinda_hap_bilgiler\" >G\u00f6k\u00e7eada Hakk\u0131nda Hap Bilgiler<\/a><ul class='ez-toc-list-level-3' ><li class='ez-toc-heading-level-3'><a class=\"ez-toc-link ez-toc-heading-2\" href=\"https:\/\/www.turna.com\/blog\/gokceada-gezi-rehberi\/#gokceada_nerede_nasil_gidilir\" >G\u00f6k\u00e7eada Nerede &amp; Nas\u0131l Gidilir?<\/a><\/li><li class='ez-toc-page-1 ez-toc-heading-level-3'><a class=\"ez-toc-link ez-toc-heading-3\" href=\"https:\/\/www.turna.com\/blog\/gokceada-gezi-rehberi\/#gokceadada_kac_gun_kalinir\" >G\u00f6k\u00e7eada&#8217;da Ka\u00e7 G\u00fcn Kal\u0131n\u0131r?<\/a><\/li><li class='ez-toc-page-1 ez-toc-heading-level-3'><a class=\"ez-toc-link ez-toc-heading-4\" href=\"https:\/\/www.turna.com\/blog\/gokceada-gezi-rehberi\/#gokceadada_nerede_kalinir\" >G\u00f6k\u00e7eada&#8217;da Nerede Kal\u0131n\u0131r?<\/a><\/li><li class='ez-toc-page-1 ez-toc-heading-level-3'><a class=\"ez-toc-link ez-toc-heading-5\" href=\"https:\/\/www.turna.com\/blog\/gokceada-gezi-rehberi\/#gokceadada_ne_yenir\" >G\u00f6k\u00e7eada&#8217;da Ne Yenir?<\/a><\/li><li class='ez-toc-page-1 ez-toc-heading-level-3'><a class=\"ez-toc-link ez-toc-heading-6\" href=\"https:\/\/www.turna.com\/blog\/gokceada-gezi-rehberi\/#gokceadada_ne_yapilir\" >G\u00f6k\u00e7eada&#8217;da Ne Yap\u0131l\u0131r?<\/a><\/li><\/ul><\/li><li class='ez-toc-page-1 ez-toc-heading-level-2'><a class=\"ez-toc-link ez-toc-heading-7\" href=\"https:\/\/www.turna.com\/blog\/gokceada-gezi-rehberi\/#gokceadada_gezilecek_yerler\" >G\u00f6k\u00e7eada&#8217;da Gezilecek Yerler<\/a><ul class='ez-toc-list-level-3' ><li class='ez-toc-heading-level-3'><a class=\"ez-toc-link ez-toc-heading-8\" href=\"https:\/\/www.turna.com\/blog\/gokceada-gezi-rehberi\/#aydincik_plaji\" >Ayd\u0131nc\u0131k Plaj\u0131<\/a><\/li><li class='ez-toc-page-1 ez-toc-heading-level-3'><a class=\"ez-toc-link ez-toc-heading-9\" href=\"https:\/\/www.turna.com\/blog\/gokceada-gezi-rehberi\/#yildiz_koyu\" >Y\u0131ld\u0131z Koyu<\/a><\/li><li class='ez-toc-page-1 ez-toc-heading-level-3'><a class=\"ez-toc-link ez-toc-heading-10\" href=\"https:\/\/www.turna.com\/blog\/gokceada-gezi-rehberi\/#gokceada_kent_muzesi\" >G\u00f6k\u00e7eada Kent M\u00fczesi<\/a><\/li><li class='ez-toc-page-1 ez-toc-heading-level-3'><a class=\"ez-toc-link ez-toc-heading-11\" href=\"https:\/\/www.turna.com\/blog\/gokceada-gezi-rehberi\/#gokceada_sualti_milli_parki\" >G\u00f6k\u00e7eada Sualt\u0131 Milli Park\u0131<\/a><\/li><li class='ez-toc-page-1 ez-toc-heading-level-3'><a class=\"ez-toc-link ez-toc-heading-12\" href=\"https:\/\/www.turna.com\/blog\/gokceada-gezi-rehberi\/#gokceada_tuz_golu\" >G\u00f6k\u00e7eada Tuz G\u00f6l\u00fc<\/a><\/li><li class='ez-toc-page-1 ez-toc-heading-level-3'><a class=\"ez-toc-link ez-toc-heading-13\" href=\"https:\/\/www.turna.com\/blog\/gokceada-gezi-rehberi\/#marmaros_selalesi\" >Marmaros \u015eelalesi<\/a><\/li><li class='ez-toc-page-1 ez-toc-heading-level-3'><a class=\"ez-toc-link ez-toc-heading-14\" href=\"https:\/\/www.turna.com\/blog\/gokceada-gezi-rehberi\/#peynir_kayaliklari\" >Peynir Kayal\u0131klar\u0131<\/a><\/li><li class='ez-toc-page-1 ez-toc-heading-level-3'><a class=\"ez-toc-link ez-toc-heading-15\" href=\"https:\/\/www.turna.com\/blog\/gokceada-gezi-rehberi\/#kalekoy\" >Kalek\u00f6y<\/a><\/li><li class='ez-toc-page-1 ez-toc-heading-level-3'><a class=\"ez-toc-link ez-toc-heading-16\" href=\"https:\/\/www.turna.com\/blog\/gokceada-gezi-rehberi\/#zeytinlikoy\" >Zeytinlik\u00f6y<\/a><\/li><li class='ez-toc-page-1 ez-toc-heading-level-3'><a class=\"ez-toc-link ez-toc-heading-17\" href=\"https:\/\/www.turna.com\/blog\/gokceada-gezi-rehberi\/#tepekoy\" >Tepek\u00f6y<\/a><\/li><li class='ez-toc-page-1 ez-toc-heading-level-3'><a class=\"ez-toc-link ez-toc-heading-18\" href=\"https:\/\/www.turna.com\/blog\/gokceada-gezi-rehberi\/#bademli_koyu\" >Bademli K\u00f6y\u00fc<\/a><\/li><li class='ez-toc-page-1 ez-toc-heading-level-3'><a class=\"ez-toc-link ez-toc-heading-19\" href=\"https:\/\/www.turna.com\/blog\/gokceada-gezi-rehberi\/#kefalos_plaji\" >Kefalos Plaj\u0131<\/a><\/li><li class='ez-toc-page-1 ez-toc-heading-level-3'><a class=\"ez-toc-link ez-toc-heading-20\" href=\"https:\/\/www.turna.com\/blog\/gokceada-gezi-rehberi\/#gokceada_gunubirlik_gezilir_mi\" >G\u00f6k\u00e7eada g\u00fcn\u00fcbirlik gezilir mi?<\/a><\/li><li class='ez-toc-page-1 ez-toc-heading-level-3'><a class=\"ez-toc-link ez-toc-heading-21\" href=\"https:\/\/www.turna.com\/blog\/gokceada-gezi-rehberi\/#gokceadada_yuruyerek_gezilir_mi\" >G\u00f6k\u00e7eada&#8217;da y\u00fcr\u00fcyerek gezilir mi?<\/a><\/li><li class='ez-toc-page-1 ez-toc-heading-level-3'><a class=\"ez-toc-link ez-toc-heading-22\" href=\"https:\/\/www.turna.com\/blog\/gokceada-gezi-rehberi\/#gokceada_ne_ile_meshur\" >G\u00f6k\u00e7eada ne ile me\u015fhur?<\/a><\/li><\/ul><\/li><\/ul><\/nav><\/div>\n\n<p>G\u00f6k\u00e7eada&#8217;n\u0131n b\u00fcy\u00fcl\u00fc d\u00fcnyas\u0131na ho\u015f geldiniz! Ben, gezmeyi ve ke\u015ffetmeyi seven bir gezgin olarak, size <strong>G\u00f6k\u00e7eada gezi rehberi<\/strong> olmak i\u00e7in buraday\u0131m. \ud83d\ude0a Evet, tam da arad\u0131\u011f\u0131n\u0131z gibi; sizleri G\u00f6k\u00e7eada&#8217;n\u0131n en ince ipu\u00e7lar\u0131 ile donatarak, bu harika ada hakk\u0131nda her \u015feyi \u00f6\u011frenece\u011finiz ve unutulmaz an\u0131lar biriktirece\u011finiz bir yolculu\u011fa davet ediyorum. Masmavi denizi, tertemiz plajlar\u0131 ve tarihin i\u00e7 i\u00e7e ge\u00e7ti\u011fi sokaklar\u0131yla G\u00f6k\u00e7eada, ke\u015ffetmek i\u00e7in bir cennet. Siz de haz\u0131rsan\u0131z, bavullar\u0131n\u0131z\u0131 al\u0131n, heyecan\u0131n\u0131z\u0131 doruklara \u00e7\u0131kar\u0131n ve bu rehberle G\u00f6k\u00e7eada&#8217;n\u0131n b\u00fcy\u00fcl\u00fc d\u00fcnyas\u0131na ad\u0131m at\u0131n!<\/p>\n\n\n\n<h2 class=\"wp-block-heading has-text-align-center has-neeon-button-dark-gray-color has-text-color has-link-color wp-elements-99e0dde328b48d406b085dc0006f4ea0\"><span class=\"ez-toc-section\" id=\"gokceada_hakkinda_hap_bilgiler\"><\/span><strong>G\u00f6k\u00e7eada Hakk\u0131nda Hap Bilgiler<\/strong><span class=\"ez-toc-section-end\"><\/span><\/h2>\n\n\n\n<figure class=\"wp-block-image size-large\"><img width=\"800\" height=\"500\" data-public-id=\"g\u00f6k\u00e7eada_gezi_rehberi\/g\u00f6k\u00e7eada_gezi_rehberi.jpg\" decoding=\"async\" src=\"https:\/\/res.cloudinary.com\/turna\/images\/w_800,h_500,c_scale\/f_auto,q_auto:low\/v1689857345\/g\u00f6k\u00e7eada_gezi_rehberi\/g\u00f6k\u00e7eada_gezi_rehberi.jpg?_i=AA\" alt=\"G\u00f6k\u00e7eada Gezi Rehberi\" class=\"wp-post-0 wp-image-21873\" data-format=\"jpg\" data-transformations=\"f_auto,q_auto:low\" data-version=\"1689857345\" data-seo=\"1\" srcset=\"https:\/\/res.cloudinary.com\/turna\/images\/f_auto,q_auto:low\/v1689857345\/g\u00f6k\u00e7eada_gezi_rehberi\/g\u00f6k\u00e7eada_gezi_rehberi.jpg?_i=AA 800w, https:\/\/res.cloudinary.com\/turna\/images\/w_300,h_188,c_scale\/f_auto,q_auto:low\/v1689857345\/g\u00f6k\u00e7eada_gezi_rehberi\/g\u00f6k\u00e7eada_gezi_rehberi.jpg?_i=AA 300w, https:\/\/res.cloudinary.com\/turna\/images\/w_672,h_420,c_scale\/f_auto,q_auto:low\/v1689857345\/g\u00f6k\u00e7eada_gezi_rehberi\/g\u00f6k\u00e7eada_gezi_rehberi.jpg?_i=AA 672w, https:\/\/res.cloudinary.com\/turna\/images\/w_640,h_400,c_scale\/f_auto,q_auto:low\/v1689857345\/g\u00f6k\u00e7eada_gezi_rehberi\/g\u00f6k\u00e7eada_gezi_rehberi.jpg?_i=AA 640w, https:\/\/res.cloudinary.com\/turna\/images\/w_681,h_426,c_scale\/f_auto,q_auto:low\/v1689857345\/g\u00f6k\u00e7eada_gezi_rehberi\/g\u00f6k\u00e7eada_gezi_rehberi.jpg?_i=AA 681w\" sizes=\"(max-width: 800px) 100vw, 800px\" \/><\/figure>\n\n\n\n<p>G\u00f6k\u00e7eada, T\u00fcrkiye&#8217;nin en b\u00fcy\u00fck adas\u0131 olman\u0131n yan\u0131 s\u0131ra do\u011fal g\u00fczellikleri ve zengin tarihiyle de tam anlam\u0131yla bir cennet k\u00f6\u015fesi. Masmavi denizi, tertemiz plajlar\u0131 ve el de\u011fmemi\u015f do\u011fas\u0131yla adeta bir do\u011fa harikas\u0131 olan ada, ad\u0131m att\u0131\u011f\u0131n\u0131z anda sizi b\u00fcy\u00fcleyen e\u015fsiz bir atmosfere sahip.<\/p>\n\n\n\n<p>Tarihi ge\u00e7mi\u015fiyle de dikkat \u00e7eken G\u00f6k\u00e7eada, farkl\u0131 medeniyetlerin izlerini ta\u015f\u0131yor. Eski \u00e7a\u011flardan itibaren yerle\u015fim yeri olan ada, Osmanl\u0131 \u0130mparatorlu\u011fu&#8217;nun da etkisiyle zengin bir tarihi mirasa sahip. G\u00f6k\u00e7eada&#8217;da bulunan eski Rum k\u00f6yleri, ta\u015f evleri ve tarihi yap\u0131lar\u0131 hala g\u00fcn\u00fcm\u00fczde izlerini koruyor. Tarihi mekanlar ve antik kal\u0131nt\u0131lar, adan\u0131n zengin ge\u00e7mi\u015fini ke\u015ffetmek isteyen tatilciler i\u00e7in adeta bir a\u00e7\u0131k hava m\u00fczesi gibi.<\/p>\n\n\n\n<p>Ancak G\u00f6k\u00e7eada sadece tarihiyle de\u011fil, do\u011fal g\u00fczellikleriyle de g\u00f6z kama\u015ft\u0131r\u0131yor. \u00c7am ormanlar\u0131, zeytinlikler, lavanta tarlalar\u0131 ve rengarenk \u00e7i\u00e7eklerle s\u00fcslenen vadiler, adeta bir tablo gibi kar\u015f\u0131n\u0131za \u00e7\u0131k\u0131yor. E\u015fsiz plajlar\u0131 ve gizli koylar\u0131, denizin ve g\u00fcne\u015fin tad\u0131n\u0131 \u00e7\u0131karmak isteyenleri cezbediyor.<\/p>\n\n\n\n<p>G\u00f6k\u00e7eada&#8217;y\u0131 ziyaret etmeli; do\u011fan\u0131n kuca\u011f\u0131nda dingin bir tatilin, tarihin b\u00fcy\u00fcs\u00fcne kap\u0131larak zamanda yolculu\u011fun ve unutulmaz an\u0131lar\u0131n pe\u015finden gitmelisiniz. G\u00f6k\u00e7eada, sadece bir tatil destinasyonu de\u011fil, adeta ruhunuzu besleyen bir ahenk&#8230; Haz\u0131rsan\u0131z G\u00f6k\u00e7eada gezi rehberi ile aday\u0131 ar\u015f\u0131nlamaya ba\u015fl\u0131yoruz! \ud83d\udc99<\/p>\n\n\n\n<h3 class=\"wp-block-heading has-text-align-center has-neeon-button-dark-gray-color has-text-color has-link-color wp-elements-e6e0176e1394a53b4726a4888b00c6a4\"><span class=\"ez-toc-section\" id=\"gokceada_nerede_nasil_gidilir\"><\/span><strong>G\u00f6k\u00e7eada Nerede &amp; Nas\u0131l Gidilir?<\/strong><span class=\"ez-toc-section-end\"><\/span><\/h3>\n\n\n\n<figure class=\"wp-block-image size-large\"><img decoding=\"async\" src=\"https:\/\/res.cloudinary.com\/turna\/image\/upload\/v1689773076\/g%C3%B6k%C3%A7eada_ula%C5%9F%C4%B1m_rehberi.jpg\" alt=\"G\u00f6k\u00e7eada Gezi Rehberi: Bir Ege Masal\u0131\"\/><\/figure>\n\n\n\n<p><strong><a href=\"https:\/\/goo.gl\/maps\/Puoduub4LCx9CLDb7\" target=\"_blank\" rel=\"noreferrer noopener\">G\u00f6k\u00e7eada<\/a><\/strong>, T\u00fcrkiye&#8217;nin en b\u00fcy\u00fck adas\u0131 ve \u00c7anakkale iline ba\u011fl\u0131. Ege Denizi&#8217;nde bulunan ada, Ege B\u00f6lgesi&#8217;nin en bat\u0131 ucunda yer al\u0131yor.<\/p>\n\n\n\n<p>G\u00f6k\u00e7eada&#8217;ya ula\u015fmak i\u00e7in birka\u00e7 farkl\u0131 y\u00f6ntem var. \u0130\u015fte G\u00f6k\u00e7eada&#8217;ya nas\u0131l gidilece\u011fine dair baz\u0131 se\u00e7enekler:<\/p>\n\n\n\n<ol class=\"wp-block-list\">\n<li><strong>Deniz Yoluyla:<\/strong> G\u00f6k\u00e7eada&#8217;ya en yayg\u0131n ve kolay ula\u015f\u0131m y\u00f6ntemi deniz yoluyla. \u00c7anakkale&#8217;den Gesta\u015f Feribotlar\u0131 ile ada merkezine do\u011frudan ula\u015fabilirsiniz. Feribot seferleri, her g\u00fcn d\u00fczenli olarak ger\u00e7ekle\u015ftiriliyor. Feribotla yakla\u015f\u0131k 1,5 saat s\u00fcren keyifli bir yolculuktan sonra G\u00f6k\u00e7eada&#8217;ya ula\u015fabilirsiniz.<\/li>\n\n\n\n<li><strong>Hava Yoluyla:<\/strong> E\u011fer daha h\u0131zl\u0131 bir ula\u015f\u0131m tercih ediyorsan\u0131z, G\u00f6k\u00e7eada&#8217;ya hava yoluyla da ula\u015fabilirsiniz. G\u00f6k\u00e7eada Havaliman\u0131, adan\u0131n merkezine yak\u0131n bir konumda bulunuyor. \u00c7anakkale Havaliman\u0131&#8217;na u\u00e7u\u015f ger\u00e7ekle\u015ftiren havayollar\u0131n\u0131 tercih ederek adaya yakla\u015f\u0131k 30 dakika i\u00e7inde ula\u015fabilirsiniz.<\/li>\n\n\n\n<li><strong>Karayoluyla ve Feribotla:<\/strong> E\u011fer kendi arac\u0131n\u0131zla seyahat etmek istiyorsan\u0131z, \u00f6nce \u00c7anakkale&#8217;ye kadar karayoluyla gelmeniz gerek. Daha sonra \u00c7anakkale&#8217;den G\u00f6k\u00e7eada&#8217;ya feribotla ge\u00e7i\u015f yapabilirsiniz. Feribotla yakla\u015f\u0131k 1,5 saat s\u00fcren bu yolculuk, arac\u0131n\u0131zla adaya ula\u015fman\u0131n en rahat y\u00f6ntemlerinden biri.<\/li>\n<\/ol>\n\n\n\n<p><strong><a href=\"https:\/\/www.turna.com\/ucak-bileti\/canakkale\" target=\"_blank\" rel=\"noreferrer noopener\">\u00c7anakkale u\u00e7ak bileti<\/a><\/strong> i\u00e7in web sitemizi ziyaret edin.<\/p>\n\n\n\n<p>Daha detayl\u0131 bilgi i\u00e7in <strong><a href=\"https:\/\/www.turna.com\/blog\/gokceadaya-nasil-gidilir-gokceada-ulasim-rehberi\" target=\"_blank\" rel=\"noreferrer noopener\">G\u00f6k\u00e7eada&#8217;ya nas\u0131l gidilir<\/a><\/strong> yaz\u0131m\u0131 okuyabilirsiniz.<\/p>\n\n\n\n<h3 class=\"wp-block-heading has-text-align-center has-neeon-button-dark-gray-color has-text-color has-link-color wp-elements-5f81c92074371dbd5bcc0f25f3be3b89\"><span class=\"ez-toc-section\" id=\"gokceadada_kac_gun_kalinir\"><\/span><strong>G\u00f6k\u00e7eada&#8217;da Ka\u00e7 G\u00fcn Kal\u0131n\u0131r?<\/strong><span class=\"ez-toc-section-end\"><\/span><\/h3>\n\n\n\n<figure class=\"wp-block-image size-large\"><img decoding=\"async\" src=\"https:\/\/res.cloudinary.com\/turna\/image\/upload\/v1689857345\/g%C3%B6k%C3%A7eadada_gezilecek_yerler.jpg\" alt=\"G\u00f6k\u00e7eada'da Ka\u00e7 G\u00fcn Kal\u0131n\u0131r\"\/><figcaption class=\"wp-element-caption\">G\u00f6k\u00e7eada Gezi Rehberi<\/figcaption><\/figure>\n\n\n\n<p>G\u00f6k\u00e7eada&#8217;n\u0131n g\u00fczelliklerini ke\u015ffetmek ve tad\u0131n\u0131 \u00e7\u0131karmak i\u00e7in en az <strong>3-4 g\u00fcn<\/strong> kalman\u0131z\u0131 \u00f6neririm. E\u011fer daha fazla ke\u015fif yapmak ve daha derinlemesine bir deneyim ya\u015famak istiyorsan\u0131z, 1 hafta veya daha uzun bir s\u00fcre kalabilirsiniz. G\u00f6k\u00e7eada&#8217;n\u0131n huzurlu atmosferi ve do\u011fal g\u00fczellikleri, uzun s\u00fcreli tatiller i\u00e7in de m\u00fckemmel bir se\u00e7enek olabilir.<\/p>\n\n\n\n<h3 class=\"wp-block-heading has-text-align-center has-neeon-button-dark-gray-color has-text-color has-link-color wp-elements-baa06aa67189e7abc416553773be6b10\"><span class=\"ez-toc-section\" id=\"gokceadada_nerede_kalinir\"><\/span><strong>G\u00f6k\u00e7eada&#8217;da Nerede Kal\u0131n\u0131r?<\/strong><span class=\"ez-toc-section-end\"><\/span><\/h3>\n\n\n\n<figure class=\"wp-block-image size-large\"><img width=\"800\" height=\"500\" data-public-id=\"g\u00f6k\u00e7eada_gezilecek_yerler\/g\u00f6k\u00e7eada_gezilecek_yerler.jpg\" decoding=\"async\" src=\"https:\/\/res.cloudinary.com\/turna\/images\/w_800,h_500,c_scale\/f_auto,q_auto:low\/v1690267816\/g\u00f6k\u00e7eada_gezilecek_yerler\/g\u00f6k\u00e7eada_gezilecek_yerler.jpg?_i=AA\" alt=\"G\u00f6k\u00e7eada Gezi Rehberi\" class=\"wp-post-0 wp-image-21876\" data-format=\"jpg\" data-transformations=\"f_auto,q_auto:low\" data-version=\"1690267816\" data-seo=\"1\" srcset=\"https:\/\/res.cloudinary.com\/turna\/images\/f_auto,q_auto:low\/v1690267816\/g\u00f6k\u00e7eada_gezilecek_yerler\/g\u00f6k\u00e7eada_gezilecek_yerler.jpg?_i=AA 800w, https:\/\/res.cloudinary.com\/turna\/images\/w_300,h_188,c_scale\/f_auto,q_auto:low\/v1690267816\/g\u00f6k\u00e7eada_gezilecek_yerler\/g\u00f6k\u00e7eada_gezilecek_yerler.jpg?_i=AA 300w, https:\/\/res.cloudinary.com\/turna\/images\/w_672,h_420,c_scale\/f_auto,q_auto:low\/v1690267816\/g\u00f6k\u00e7eada_gezilecek_yerler\/g\u00f6k\u00e7eada_gezilecek_yerler.jpg?_i=AA 672w, https:\/\/res.cloudinary.com\/turna\/images\/w_640,h_400,c_scale\/f_auto,q_auto:low\/v1690267816\/g\u00f6k\u00e7eada_gezilecek_yerler\/g\u00f6k\u00e7eada_gezilecek_yerler.jpg?_i=AA 640w, https:\/\/res.cloudinary.com\/turna\/images\/w_681,h_426,c_scale\/f_auto,q_auto:low\/v1690267816\/g\u00f6k\u00e7eada_gezilecek_yerler\/g\u00f6k\u00e7eada_gezilecek_yerler.jpg?_i=AA 681w\" sizes=\"(max-width: 800px) 100vw, 800px\" \/><\/figure>\n\n\n\n<p>G\u00f6k\u00e7eada&#8217;da konaklamak i\u00e7in bir\u00e7ok g\u00fczel se\u00e7ene\u011finiz bulunuyor. Adan\u0131n do\u011fal g\u00fczelliklerine yak\u0131n ve huzurlu bir konumda olan oteller, keyifli bir tatil deneyimi i\u00e7in ideal. \u0130\u015fte size birka\u00e7 g\u00fczel otel \u00f6nerisi:<\/p>\n\n\n\n<ol class=\"wp-block-list\">\n<li><strong>Mavi Koy Boutique Hotel:<\/strong> G\u00f6k\u00e7eada&#8217;n\u0131n \u00fcnl\u00fc plajlar\u0131ndan biri olan Mavi Koy Plaj\u0131&#8217;na yak\u0131n olan bu \u015firin otel, deniz manzaras\u0131 ve do\u011fal atmosferiyle b\u00fcy\u00fcleyici bir konaklama sunuyor. Odalar\u0131 rahat ve modern, bah\u00e7esi ise huzur dolu bir ortam sunuyor.<\/li>\n\n\n\n<li><strong>Nar Ada Evleri:<\/strong> G\u00f6k\u00e7eada&#8217;n\u0131n do\u011fal g\u00fczelliklerinin i\u00e7inde yer alan bu sevimli butik otel, ta\u015f ev mimarisiyle tasarlanm\u0131\u015f. Burada konaklayarak adan\u0131n sakin atmosferinin ve do\u011fan\u0131n tad\u0131n\u0131 doyas\u0131ya \u00e7\u0131karabilirsiniz.<\/li>\n\n\n\n<li><strong>Erguvan Otel:<\/strong> G\u00f6k\u00e7eada&#8217;n\u0131n merkezinde yer alan bu otel, konum avantaj\u0131 sayesinde restoranlara, kafelere ve di\u011fer turistik yerlere kolayca ula\u015fman\u0131z\u0131 sa\u011flar. Rahat ve modern odalar\u0131yla misafirlerine keyifli bir konaklama deneyimi sunuyor.<\/li>\n\n\n\n<li><strong>Aylak Butik Otel:<\/strong> Eski bir Rum evinin restore edilmesiyle olu\u015fan bu butik otel, G\u00f6k\u00e7eada&#8217;n\u0131n tarihi atmosferini modern konforla birle\u015ftiriyor. A\u011fa\u00e7larla \u00e7evrili avlusu, g\u00fcne\u015flenme teras\u0131 ve samimi atmosferiyle tatilinizi unutulmaz k\u0131lacak.<\/li>\n<\/ol>\n\n\n\n<p>Otel rezervasyonu <strong><a href=\"https:\/\/www.turna.com\/otel\" target=\"_blank\" rel=\"noreferrer noopener\">Turna.com<\/a><\/strong>&#8216;da! Geli\u015fmi\u015f arama teknolojisi sayesinde binlerce oteli kolayca kar\u015f\u0131la\u015ft\u0131rabilir, rezervasyonunuzu 12 taksit imkan\u0131yla yapabilirsiniz.<\/p>\n\n\n\n<h3 class=\"wp-block-heading has-text-align-center has-neeon-button-dark-gray-color has-text-color has-link-color wp-elements-2ad3cb82db28eefc21bf4e0875022f4b\"><span class=\"ez-toc-section\" id=\"gokceadada_ne_yenir\"><\/span><strong>G\u00f6k\u00e7eada&#8217;da Ne Yenir?<\/strong><span class=\"ez-toc-section-end\"><\/span><\/h3>\n\n\n\n<p>G\u00f6k\u00e7eada gezi rehberi yemeksiz d\u00fc\u015f\u00fcn\u00fclemezdi. G\u00f6k\u00e7eada, geleneksel Ege mutfa\u011f\u0131n\u0131n lezzetli \u00f6rneklerini sunan zengin bir yemek k\u00fclt\u00fcr\u00fcne sahip. Ada, do\u011fal \u00fcr\u00fcnleri ve taze deniz \u00fcr\u00fcnleriyle me\u015fhur. G\u00f6k\u00e7eada&#8217;da deniz ve toprak \u00fcr\u00fcnlerinin muhte\u015fem bir uyumu ile haz\u0131rlanan yemekleri tatman\u0131z\u0131 \u015fiddetle \u00f6neririm. \u0130\u015fte G\u00f6k\u00e7eada&#8217;da mutlaka denemeniz gereken lezzetler:<\/p>\n\n\n\n<ol class=\"wp-block-list\">\n<li><strong>Kalamar Dolmas\u0131:<\/strong> Taze ve lezzetli kalamarlar, zeytinya\u011f\u0131 ve baharatlarla doldurulup pi\u015firilerek sunulan bu lezzetli dolma, deniz \u00fcr\u00fcnleri sevenlerin favorisi olacak.<\/li>\n\n\n\n<li><strong>Zeytinya\u011fl\u0131lar:<\/strong> Ada, zeytinliklerle \u00fcnl\u00fc ve zeytinya\u011fl\u0131 yemekler de olduk\u00e7a yayg\u0131n. Kabak \u00e7i\u00e7e\u011fi dolmas\u0131, enginar ve yaprak sarma gibi zeytinya\u011fl\u0131 lezzetleri mutlaka denemelisiniz.<\/li>\n\n\n\n<li><strong>Ada Bal\u0131\u011f\u0131:<\/strong> Taze ve bol \u00e7e\u015fitli bal\u0131k, G\u00f6k\u00e7eada&#8217;n\u0131n mutfak k\u00fclt\u00fcr\u00fcn\u00fcn \u00f6nemli bir par\u00e7as\u0131. Mevsimine g\u00f6re \u00e7e\u015fitlilik g\u00f6steren bal\u0131klar\u0131, deniz kenar\u0131ndaki restoranlarda lezzetli bir \u015fekilde tadabilirsiniz.<\/li>\n\n\n\n<li><strong>Lokma Tatl\u0131s\u0131:<\/strong> Gezginlerin en sevdi\u011fi tatl\u0131lardan biri olan lokma, \u015ferbetli ve s\u0131cac\u0131k olarak servis ediliyor. Hem tad\u0131 hem de g\u00f6r\u00fcnt\u00fcs\u00fc ile sizi cezbedecek.<\/li>\n<\/ol>\n\n\n\n<h3 class=\"wp-block-heading has-text-align-center has-neeon-button-dark-gray-color has-text-color has-link-color wp-elements-50a46f2b9989d60680b9726409da034f\"><span class=\"ez-toc-section\" id=\"gokceadada_ne_yapilir\"><\/span><strong>G\u00f6k\u00e7eada&#8217;da Ne Yap\u0131l\u0131r?<\/strong><span class=\"ez-toc-section-end\"><\/span><\/h3>\n\n\n\n<figure class=\"wp-block-image size-large\"><img width=\"800\" height=\"500\" data-public-id=\"g\u00f6k\u00e7eada_gezi_rehberi\/g\u00f6k\u00e7eada_gezi_rehberi.jpg\" decoding=\"async\" src=\"https:\/\/res.cloudinary.com\/turna\/images\/w_800,h_500,c_scale\/f_auto,q_auto:low\/v1689857345\/g\u00f6k\u00e7eada_gezi_rehberi\/g\u00f6k\u00e7eada_gezi_rehberi.jpg?_i=AA\" alt=\"G\u00f6k\u00e7eada Gezi Rehberi\" class=\"wp-post-0 wp-image-21873\" data-format=\"jpg\" data-transformations=\"f_auto,q_auto:low\" data-version=\"1689857345\" data-seo=\"1\" srcset=\"https:\/\/res.cloudinary.com\/turna\/images\/f_auto,q_auto:low\/v1689857345\/g\u00f6k\u00e7eada_gezi_rehberi\/g\u00f6k\u00e7eada_gezi_rehberi.jpg?_i=AA 800w, https:\/\/res.cloudinary.com\/turna\/images\/w_300,h_188,c_scale\/f_auto,q_auto:low\/v1689857345\/g\u00f6k\u00e7eada_gezi_rehberi\/g\u00f6k\u00e7eada_gezi_rehberi.jpg?_i=AA 300w, https:\/\/res.cloudinary.com\/turna\/images\/w_672,h_420,c_scale\/f_auto,q_auto:low\/v1689857345\/g\u00f6k\u00e7eada_gezi_rehberi\/g\u00f6k\u00e7eada_gezi_rehberi.jpg?_i=AA 672w, https:\/\/res.cloudinary.com\/turna\/images\/w_640,h_400,c_scale\/f_auto,q_auto:low\/v1689857345\/g\u00f6k\u00e7eada_gezi_rehberi\/g\u00f6k\u00e7eada_gezi_rehberi.jpg?_i=AA 640w, https:\/\/res.cloudinary.com\/turna\/images\/w_681,h_426,c_scale\/f_auto,q_auto:low\/v1689857345\/g\u00f6k\u00e7eada_gezi_rehberi\/g\u00f6k\u00e7eada_gezi_rehberi.jpg?_i=AA 681w\" sizes=\"(max-width: 800px) 100vw, 800px\" \/><\/figure>\n\n\n\n<p>Adan\u0131n do\u011fal g\u00fczelliklerine hayran kalman\u0131z ka\u00e7\u0131n\u0131lmaz. <strong>Bisiklet<\/strong> kiralayarak ya da <strong>y\u00fcr\u00fcy\u00fc\u015f <\/strong>rotalar\u0131n\u0131 takip ederek, adan\u0131n nefes kesen manzaralar\u0131n\u0131n tad\u0131n\u0131 \u00e7\u0131karabilirsiniz. R\u00fczgar\u0131n sa\u00e7lar\u0131n\u0131z\u0131 ok\u015fad\u0131\u011f\u0131, \u00e7i\u00e7eklerin tatl\u0131 kokusunun etraf\u0131 sard\u0131\u011f\u0131 bu do\u011fa y\u00fcr\u00fcy\u00fc\u015fleri, do\u011fayla i\u00e7 i\u00e7e olman\u0131n keyfini size doyas\u0131ya ya\u015fatacak.<\/p>\n\n\n\n<p>E\u011fer su alt\u0131 d\u00fcnyas\u0131na merakl\u0131ysan\u0131z, G\u00f6k\u00e7eada&#8217;n\u0131n sakin sularda sakl\u0131 olan renkli d\u00fcnyas\u0131n\u0131 ke\u015ffetmek i\u00e7in <strong>\u015fnorkel veya dal\u0131\u015f<\/strong> yapabilirsiniz. Renkli mercanlar, zarif denizanas\u0131 t\u00fcrleri ve rengarenk bal\u0131klar, size adeta masals\u0131 bir d\u00fcnyada yolculuk yapma hissi verecek.<\/p>\n\n\n\n<p>G\u00f6k\u00e7eada&#8217;n\u0131n tarihi ve k\u00fclt\u00fcrel zenginliklerine de mutlaka g\u00f6z atmal\u0131s\u0131n\u0131z. K\u00f6y meydanlar\u0131, ta\u015f sokaklar ve geleneksel evler, sizi zamanda yolculu\u011fa \u00e7\u0131karacak. Yerel pazarlar\u0131 gezip, el yap\u0131m\u0131 \u00fcr\u00fcnleri inceleyerek ve geleneksel lezzetleri tatma \u015fans\u0131n\u0131 yakalayarak, adan\u0131n k\u00fclt\u00fcrel dokusunu yak\u0131ndan tan\u0131yabilirsiniz.<\/p>\n\n\n\n<p>E\u011fer hareketli bir tatil istiyorsan\u0131z, <strong>su sporlar\u0131<\/strong> yapma \u015fans\u0131 da bulabilirsiniz. <strong>R\u00fczgar s\u00f6rf\u00fc<\/strong> gibi su sporlar\u0131yla adan\u0131n r\u00fczgarl\u0131 k\u0131y\u0131lar\u0131nda e\u011flenceli vakit ge\u00e7irebilirsiniz. Hem denizin hem de r\u00fczgar\u0131n tad\u0131n\u0131 \u00e7\u0131kararak unutulmaz an\u0131lar biriktirece\u011finizden emin olabilirsiniz. Unutmay\u0131n, G\u00f6k\u00e7eada size e\u015fsiz deneyimler sunuyor. Ke\u015ffetmeye ve e\u011flenmeye a\u00e7\u0131k olun; \u00e7\u00fcnk\u00fc bu adada s\u0131n\u0131rlar\u0131n\u0131z\u0131 zorlayan ve sizi adeta b\u00fcy\u00fcleyen bir yolculuk sizi bekliyor!<\/p>\n\n\n\n<h2 class=\"wp-block-heading has-text-align-center has-neeon-button-dark-gray-color has-text-color has-link-color wp-elements-5ab05aabd1813de5fac9b56d9cc87347\"><span class=\"ez-toc-section\" id=\"gokceadada_gezilecek_yerler\"><\/span><strong>G\u00f6k\u00e7eada&#8217;da Gezilecek Yerler<\/strong><span class=\"ez-toc-section-end\"><\/span><\/h2>\n\n\n\n<figure class=\"wp-block-image size-large\"><img decoding=\"async\" src=\"https:\/\/res.cloudinary.com\/turna\/image\/upload\/v1689857346\/g%C3%B6k%C3%A7eada.jpg\" alt=\"G\u00f6k\u00e7eada'da Gezilecek Yerler\"\/><\/figure>\n\n\n\n<p>Tarihi dokusuyla zaman\u0131n izini s\u00fcren G\u00f6k\u00e7eada, binlerce y\u0131l \u00f6ncesine uzanan zengin bir ge\u00e7mi\u015fe sahip. Antik d\u00f6nemden Osmanl\u0131 \u0130mparatorlu\u011fu\u2019na kadar bir\u00e7ok medeniyetin izlerini ta\u015f\u0131yan bu adada, tarihin tozlu sayfalar\u0131n\u0131 kar\u0131\u015ft\u0131rma f\u0131rsat\u0131 bulacaks\u0131n\u0131z. Ad\u0131m\u0131n\u0131z\u0131 tarihi sokaklara att\u0131\u011f\u0131n\u0131zda, sizi s\u0131cak bir kucaklama ile kar\u015f\u0131layan Rum evlerinin g\u00fczelliklerine hayran kalmamak elde de\u011fil!<\/p>\n\n\n\n<p>G\u00f6k\u00e7eada\u2019n\u0131n n\u00fcfusu, zeytinliklerle \u00e7evrili k\u00f6ylerinde geleneksel ya\u015fam\u0131 s\u00fcrd\u00fcrenler, adada bulunan Rumlar ve adaya yeni yerle\u015fenlerle \u00e7e\u015fitlenmi\u015f bir mozaik gibi. Her biri farkl\u0131 hikayelere sahip insanlarla tan\u0131\u015facak, k\u00fclt\u00fcrel \u00e7e\u015fitlili\u011fin tad\u0131n\u0131 \u00e7\u0131karacaks\u0131n\u0131z.<\/p>\n\n\n\n<p>Sonu gelmeyen ke\u015fiflerle dolu bu adada, her ad\u0131m\u0131n\u0131z size yeni bir s\u00fcrpriz haz\u0131rl\u0131yor olacak. G\u00f6k\u00e7eada\u2019n\u0131n s\u0131cak atmosferi, tarih kokan sokaklar\u0131 ve g\u00f6z kama\u015ft\u0131ran do\u011fas\u0131, sizi i\u00e7ine \u00e7eken b\u00fcy\u00fcl\u00fc bir d\u00fcnyan\u0131n kap\u0131lar\u0131n\u0131 aral\u0131yor. Burada ya\u015fanan her an, ruhunuza dokunacak, kalbinizi \u0131s\u0131tacak ve unutulmaz an\u0131larla dolu bir deneyim sunacak.<\/p>\n\n\n\n<h3 class=\"wp-block-heading has-text-align-center has-neeon-button-dark-gray-color has-text-color has-link-color wp-elements-732ce3f94d84b624119a07b01bc390d3\"><span class=\"ez-toc-section\" id=\"aydincik_plaji\"><\/span><strong>Ayd\u0131nc\u0131k Plaj\u0131<\/strong><span class=\"ez-toc-section-end\"><\/span><\/h3>\n\n\n\n<p>Ayd\u0131nc\u0131k Plaj\u0131, G\u00f6k\u00e7eada\u2019n\u0131n s\u00f6rf tutkunlar\u0131n\u0131n vazge\u00e7ilmez adresi! R\u00fczgar\u0131 bol, dalgalar\u0131 co\u015fkulu bu plaj, kiteboard merakl\u0131lar\u0131 i\u00e7in adeta bir oyun park\u0131. Ege\u2019nin en uzun plajlar\u0131ndan biri olan Ayd\u0131nc\u0131k, \u201cDeniz, kum, g\u00fcne\u015f\u201d \u00fc\u00e7l\u00fcs\u00fcn\u00fc sevenler i\u00e7in de m\u00fckemmel bir nokta. S\u00f6rf yapmay\u0131 bilmiyorsan\u0131z da \u00fcz\u00fclmeyin! Kumsalda y\u00fcr\u00fcy\u00fc\u015f yap\u0131n, r\u00fczgar\u0131n y\u00fcz\u00fcn\u00fcz\u00fc ok\u015fad\u0131\u011f\u0131 o anlar\u0131n tad\u0131n\u0131 \u00e7\u0131kar\u0131n. Bir de bonus: Tuz G\u00f6l\u00fc hemen yan\u0131nda, \u00f6nce plajda g\u00fcne\u015flenip ard\u0131ndan do\u011fal bir \u00e7amur banyosuna ne dersiniz? E\u011flence garantili bir g\u00fcn sizi bekliyor!<\/p>\n\n\n\n<p>Konum <strong><a href=\"https:\/\/maps.app.goo.gl\/ARLcTSUSbVFVHHuZ9\" target=\"_blank\" rel=\"noreferrer noopener\">burada.<\/a><\/strong><\/p>\n\n\n\n<h3 class=\"wp-block-heading has-text-align-center has-neeon-button-dark-gray-color has-text-color has-link-color wp-elements-d6c254471ce39ece158361d3b87a8bcc\"><span class=\"ez-toc-section\" id=\"yildiz_koyu\"><\/span><strong>Y\u0131ld\u0131z Koyu<\/strong><span class=\"ez-toc-section-end\"><\/span><\/h3>\n\n\n\n<figure class=\"wp-block-image size-large\"><img decoding=\"async\" src=\"https:\/\/res.cloudinary.com\/turna\/image\/upload\/v1690296489\/y%C4%B1ld%C4%B1zkoy_plaj%C4%B1_g%C3%B6k%C3%A7eada.jpg\" alt=\"G\u00f6k\u00e7eada Gezi Rehberi Y\u0131ld\u0131z Koyu\"\/><\/figure>\n\n\n\n<p>Y\u0131ld\u0131zkoy, G\u00f6k\u00e7eada\u2019n\u0131n su alt\u0131 zenginliklerini g\u00f6zler \u00f6n\u00fcne seren bir cennet! Buras\u0131, \u015fnorkel tutkunlar\u0131n\u0131n kalbini fetheden berrak sular\u0131yla \u00fcnl\u00fc. Renkli bal\u0131klar, ilgin\u00e7 kaya olu\u015fumlar\u0131 ve masmavi deniz\u2026 Kendinizi bir akvaryumun i\u00e7inde y\u00fcz\u00fcyormu\u015f gibi hissedeceksiniz! \u00dcstelik koyun sakinli\u011fi, bu ke\u015ffi daha da keyifli hale getiriyor. Dalgalar nazik\u00e7e k\u0131y\u0131ya vururken, siz denizin alt\u0131ndaki bu b\u00fcy\u00fcleyici d\u00fcnyay\u0131 ke\u015ffetmeye devam edin.<\/p>\n\n\n\n<p>Konum <strong><a href=\"https:\/\/maps.app.goo.gl\/epyvsg5sNvPW3K2w8\" target=\"_blank\" rel=\"noreferrer noopener\">burada.<\/a><\/strong><\/p>\n\n\n\n<h3 class=\"wp-block-heading has-text-align-center has-neeon-button-dark-gray-color has-text-color has-link-color wp-elements-d3faf52c473b25c7b6016dfd6171f3a4\"><span class=\"ez-toc-section\" id=\"gokceada_kent_muzesi\"><\/span><strong>G\u00f6k\u00e7eada Kent M\u00fczesi<\/strong><span class=\"ez-toc-section-end\"><\/span><\/h3>\n\n\n\n<p class=\"has-text-align-left\">G\u00f6k\u00e7eada Kent M\u00fczesi, G\u00f6k\u00e7eada merkez gezilecek yerler i\u00e7inde adan\u0131n zengin tarihini ve k\u00fclt\u00fcrel miras\u0131n\u0131 sergileyen \u00f6nemli bir m\u00fcze. Eski bir Rum okul binas\u0131nda yer alan m\u00fcze, tarihi atmosferini koruyarak ziyaret\u00e7ilerini ge\u00e7mi\u015fe bir yolculu\u011fa \u00e7\u0131kar\u0131yor. Adan\u0131n yerel halk\u0131n\u0131n ve ge\u00e7mi\u015fte ya\u015fam\u0131\u015f olan Rum toplulu\u011funun g\u00fcnl\u00fck ya\u015fam\u0131n\u0131 yans\u0131tan eserler, foto\u011fraflar ve di\u011fer tarihi objelerle dolu olan m\u00fcze, adan\u0131n tarihini anlamak ve ke\u015ffetmek i\u00e7in ideal.<\/p>\n\n\n\n<p>G\u00f6k\u00e7eada Kent M\u00fczesi\u2019nde, geleneksel tar\u0131m aletleri, el dokuma ve el i\u015f\u00e7ili\u011fi \u00f6rnekleri, eski mobilyalar ve ev e\u015fyalar\u0131 gibi tarihi artefaktlar sergileniyor. Ayn\u0131 zamanda, adan\u0131n farkl\u0131 d\u00f6nemlerinden kalma belgeler, haritalar ve ar\u015fiv materyalleri de m\u00fczede yer al\u0131yor.<\/p>\n\n\n\n<p class=\"has-text-align-left\">G\u00f6k\u00e7eada Kent M\u00fczesi konumu&nbsp;<strong><a href=\"https:\/\/goo.gl\/maps\/zq4NY5giwbFAdxsX8\" target=\"_blank\" rel=\"noreferrer noopener\">burada.<\/a><\/strong><\/p>\n\n\n\n<p class=\"has-text-align-center\"><strong><span class=\"ez-toc-section-end\" style=\"box-sizing: border-box;\"><\/span><\/strong><div><strong style=\"box-sizing: border-box;\"><\/strong><\/div><\/p>\n\n\n\n<h3 class=\"wp-block-heading has-text-align-center has-neeon-button-dark-gray-color has-text-color has-link-color wp-elements-a5053ff4b6c08441b1b83e84f4d957fa\"><span class=\"ez-toc-section\" id=\"gokceada_sualti_milli_parki\"><\/span><strong>G\u00f6k\u00e7eada Sualt\u0131 Milli Park\u0131<\/strong><span class=\"ez-toc-section-end\"><\/span><\/h3>\n\n\n\n<figure class=\"wp-block-image size-large\"><img decoding=\"async\" src=\"https:\/\/res.cloudinary.com\/turna\/image\/upload\/v1690267816\/G%C3%B6k%C3%A7eada_Sualt%C4%B1_Milli_Park%C4%B1.jpg\" alt=\"G\u00f6k\u00e7eada Sualt\u0131 Milli Park\u0131\"\/><\/figure>\n\n\n\n<p class=\"has-text-align-left\">G\u00f6k\u00e7eada Sualt\u0131 Milli Park\u0131, T\u00fcrkiye\u2019nin ilk sualt\u0131 milli park\u0131 olma \u00f6zelli\u011fine sahip ve \u00fclkemizin do\u011fal g\u00fczelliklerini denizalt\u0131nda ke\u015ffetmek isteyenler i\u00e7in e\u015fsiz bir yer. 1996 y\u0131l\u0131nda kurulan bu muhte\u015fem milli park, G\u00f6k\u00e7eada\u2019n\u0131n etkileyici sular\u0131nda yer al\u0131yor ve Akdeniz ve Ege Denizi\u2019nin birle\u015fim noktas\u0131nda yer ald\u0131\u011f\u0131 i\u00e7in biyolojik \u00e7e\u015fitlilik a\u00e7\u0131s\u0131ndan olduk\u00e7a zengin.<\/p>\n\n\n\n<p>G\u00f6k\u00e7eada Sualt\u0131 Milli Park\u0131, renkli mercan resifleri, deniz anemonlar\u0131, deniz kestaneleri ve birbirinden farkl\u0131 deniz canl\u0131lar\u0131 ile dolu. Ayn\u0131 zamanda, bir\u00e7ok tarihi bat\u0131k da bu sularda gizleniyor ve tarih merakl\u0131lar\u0131 i\u00e7in b\u00fcy\u00fcleyici bir dal\u0131\u015f deneyimi sunuyor. Dal\u0131\u015f tutkunlar\u0131, kristal berrakl\u0131\u011f\u0131ndaki sular\u0131n alt\u0131nda antik amforalar\u0131 ve tarihi kal\u0131nt\u0131lar\u0131 ke\u015ffe \u00e7\u0131karak adeta bir zaman yolculu\u011funa \u00e7\u0131k\u0131yorlar.<\/p>\n\n\n\n<p class=\"has-text-align-left\">G\u00f6k\u00e7eada Sualt\u0131 Milli Park\u0131 konumu&nbsp;<strong><a href=\"https:\/\/goo.gl\/maps\/5WA52aWoBVNmHnGBA\" target=\"_blank\" rel=\"noreferrer noopener\">burada.<\/a><\/strong><\/p>\n\n\n\n<p class=\"has-text-align-center\"><strong><span class=\"ez-toc-section-end\" style=\"box-sizing: border-box;\"><\/span><div><strong style=\"box-sizing: border-box;\"><strong style=\"box-sizing: border-box;\"><\/strong><\/strong><\/div><\/strong><div><strong style=\"box-sizing: border-box;\"><\/strong><\/div><\/p>\n\n\n\n<h3 class=\"wp-block-heading has-text-align-center has-neeon-button-dark-gray-color has-text-color has-link-color wp-elements-4b861b9b09845b2c5942cce93cd77773\"><span class=\"ez-toc-section\" id=\"gokceada_tuz_golu\"><\/span><strong>G\u00f6k\u00e7eada Tuz G\u00f6l\u00fc<\/strong><span class=\"ez-toc-section-end\"><\/span><\/h3>\n\n\n\n<p class=\"has-text-align-left\">G\u00f6k\u00e7eada Tuz G\u00f6l\u00fc, adan\u0131n do\u011fal g\u00fczelliklerine yeni bir boyut katan ve ziyaret\u00e7ilerini b\u00fcy\u00fcleyen bir do\u011fa harikas\u0131. Adan\u0131n bat\u0131 kesiminde yer alan bu tuz g\u00f6l\u00fc, tuz yataklar\u0131 ve tuzla kapl\u0131 zeminle \u00e7evrili b\u00fcy\u00fcl\u00fc bir ekosisteme sahip. Y\u0131l\u0131n belirli d\u00f6nemlerinde su seviyesi d\u00fc\u015fen g\u00f6l, berrak suyu ve etkileyici manzaras\u0131yla adeta bir do\u011fal ayna g\u00f6r\u00fcnt\u00fcs\u00fc sunuyor.<\/p>\n\n\n\n<p>Buras\u0131, g\u00f6\u00e7men ku\u015flar i\u00e7in \u00f6nemli bir durak olarak da biliniyor. \u00d6zellikle bahar ve sonbahar d\u00f6nemlerinde, flamingolar, pelikanlar, turnalar ve daha bir\u00e7ok ku\u015f t\u00fcr\u00fc, g\u00f6l\u00fcn kenar\u0131na yiyecek bulmak ve dinlenmek i\u00e7in u\u011fruyorlar. Bu d\u00f6nemlerde, g\u00f6l\u00fcn etraf\u0131nda g\u00f6z al\u0131c\u0131 bir ku\u015f c\u00fcmb\u00fc\u015f\u00fc izlemek, do\u011faseverler i\u00e7in unutulmaz bir deneyim oluyor.<\/p>\n\n\n\n<p class=\"has-text-align-left\">G\u00f6k\u00e7eada Tuz G\u00f6l\u00fc konumu&nbsp;<strong><a href=\"https:\/\/goo.gl\/maps\/6RveLKUHE27b7ExL6\" target=\"_blank\" rel=\"noreferrer noopener\">burada.<\/a><\/strong><\/p>\n\n\n\n<p class=\"has-text-align-center\"><strong><span class=\"ez-toc-section-end\" style=\"box-sizing: border-box;\"><\/span><div><strong style=\"box-sizing: border-box;\"><strong style=\"box-sizing: border-box;\"><\/strong><\/strong><\/div><\/strong><div><strong style=\"box-sizing: border-box;\"><\/strong><\/div><\/p>\n\n\n\n<h3 class=\"wp-block-heading has-text-align-center has-neeon-button-dark-gray-color has-text-color has-link-color wp-elements-0178c8d64e1c656a7624cf217491291c\"><span class=\"ez-toc-section\" id=\"marmaros_selalesi\"><\/span><strong>Marmaros \u015eelalesi<\/strong><span class=\"ez-toc-section-end\"><\/span><\/h3>\n\n\n\n<p class=\"has-text-align-left\">Marmaros \u015eelalesi, G\u00f6k\u00e7eada\u2019n\u0131n i\u00e7 kesimlerinde, do\u011fal g\u00fczellikleriyle adeta gizlenmi\u015f bir do\u011fa harikas\u0131. G\u00fcr ormanlar\u0131n ku\u015fatt\u0131\u011f\u0131 bir vaha gibi, bu \u015felale adan\u0131n sakin atmosferine renk ve canl\u0131l\u0131k kat\u0131yor. Berrak sular\u0131n kayalar\u0131n \u00fcst\u00fcnden co\u015fkuyla a\u015fa\u011f\u0131 d\u00f6k\u00fcld\u00fc\u011f\u00fc Marmaros \u015eelalesi, serinlemek ve do\u011fan\u0131n huzuruna dokunmak isteyenler i\u00e7in m\u00fckemmel bir ka\u00e7\u0131\u015f noktas\u0131.<\/p>\n\n\n\n<p>Marmaros \u015eelalesi\u2019ne ula\u015fmak i\u00e7in, y\u00fcr\u00fcy\u00fc\u015f\u00e7\u00fcler i\u00e7in \u00e7e\u015fitli do\u011fal patikalar mevcut. Yol boyunca nefes kesen manzaralar e\u015fli\u011finde yap\u0131lan bu y\u00fcr\u00fcy\u00fc\u015fler, do\u011faseverlerin kalbini \u00e7almak i\u00e7in bekliyor.<\/p>\n\n\n\n<p class=\"has-text-align-left\">Marmaros \u015eelalesi konumu&nbsp;<strong><a href=\"https:\/\/goo.gl\/maps\/yMuv6dFAnf64Hj4H8\" target=\"_blank\" rel=\"noreferrer noopener\">burada.<\/a><\/strong><\/p>\n\n\n\n<p class=\"has-text-align-center\"><strong><span class=\"ez-toc-section-end\" style=\"box-sizing: border-box;\"><\/span><div><strong style=\"box-sizing: border-box;\"><strong style=\"box-sizing: border-box;\"><strong style=\"box-sizing: border-box;\"><\/strong><\/strong><\/strong><\/div><\/strong><div><strong style=\"box-sizing: border-box;\"><\/strong><\/div><\/p>\n\n\n\n<h3 class=\"wp-block-heading has-text-align-center has-neeon-button-dark-gray-color has-text-color has-link-color wp-elements-77f913d505902ea9697e93b13f2d48aa\"><span class=\"ez-toc-section\" id=\"peynir_kayaliklari\"><\/span><strong>Peynir Kayal\u0131klar\u0131<\/strong><span class=\"ez-toc-section-end\"><\/span><\/h3>\n\n\n\n<figure class=\"wp-block-image size-large\"><img decoding=\"async\" src=\"https:\/\/res.cloudinary.com\/turna\/image\/upload\/v1690267817\/peynir_kayal%C4%B1klar%C4%B1.jpg\" alt=\"Peynir Kayal\u0131klar\u0131\"\/><figcaption class=\"wp-element-caption\">G\u00f6k\u00e7eada Gezi Rehberi &#8211; Peynir Kayal\u0131klar\u0131<\/figcaption><\/figure>\n\n\n\n<p class=\"has-text-align-left\">Peynir Kayal\u0131klar\u0131, G\u00f6k\u00e7eada\u2019n\u0131n e\u015fsiz do\u011fal olu\u015fumlar\u0131ndan biri olarak \u00f6ne \u00e7\u0131kan muhte\u015fem bir do\u011fa harikas\u0131. Adeta b\u00fcy\u00fcl\u00fc bir masal d\u00fcnyas\u0131ndan f\u0131rlam\u0131\u015f gibi g\u00f6r\u00fcnen bu kayal\u0131klar, adan\u0131n kuzey k\u0131y\u0131s\u0131nda yer al\u0131yor ve turkuaz renkteki Ege Denizi\u2019nin hemen k\u0131y\u0131s\u0131nda y\u00fckseliyor. Dilimlenmi\u015f peynire benzeyen g\u00f6r\u00fcnt\u00fcs\u00fcyle bu kayal\u0131klar benzersiz bir manzara ve doyumsuz bir deneyim sunuyor.<\/p>\n\n\n\n<p>Peynir Kayal\u0131klar\u0131\u2019n\u0131n etkileyici g\u00f6r\u00fcnt\u00fcs\u00fc, adan\u0131n di\u011fer do\u011fal g\u00fczellikleriyle birle\u015ferek, G\u00f6k\u00e7eada\u2019y\u0131 \u00f6zel k\u0131lan unsurlardan biri. Kayal\u0131klar\u0131n alt\u0131ndaki turkuaz renkteki deniz, yama\u00e7lar\u0131na vuran dalgalarla dans ediyor ve b\u00fcy\u00fcl\u00fc bir g\u00f6rsel \u015f\u00f6len olu\u015fturuyor. G\u00f6k\u00e7eada gezilecek yerler rotan\u0131za buray\u0131 mutlaka ekleyin.<\/p>\n\n\n\n<p class=\"has-text-align-left\">Peynir Kayal\u0131klar\u0131 konumu&nbsp;<strong><a href=\"https:\/\/goo.gl\/maps\/dhw73RRctCTxdNBo6\" target=\"_blank\" rel=\"noreferrer noopener\">burada.<\/a><\/strong><\/p>\n\n\n\n<p class=\"has-text-align-center\"><strong><span class=\"ez-toc-section-end\" style=\"box-sizing: border-box;\"><\/span><div><strong style=\"box-sizing: border-box;\"><strong style=\"box-sizing: border-box;\"><strong style=\"box-sizing: border-box;\"><strong style=\"box-sizing: border-box;\"><\/strong><\/strong><\/strong><\/strong><\/div><\/strong><div><strong style=\"box-sizing: border-box;\"><\/strong><\/div><\/p>\n\n\n\n<h3 class=\"wp-block-heading has-text-align-center has-neeon-button-dark-gray-color has-text-color has-link-color wp-elements-f5f3dbb1a9000c43f12d01799334496e\"><span class=\"ez-toc-section\" id=\"kalekoy\"><\/span><strong>Kalek\u00f6y<\/strong><span class=\"ez-toc-section-end\"><\/span><\/h3>\n\n\n\n<figure class=\"wp-block-image size-large\"><img decoding=\"async\" src=\"https:\/\/res.cloudinary.com\/turna\/image\/upload\/v1690267816\/g%C3%B6k%C3%A7eada_kalek%C3%B6y.jpg\" alt=\"Kalek\u00f6y\"\/><\/figure>\n\n\n\n<p class=\"has-text-align-left\">G\u00f6k\u00e7eada\u2019n\u0131n tarihi ve mistik atmosferini en iyi yans\u0131tan yerlerden biri olan Kalek\u00f6y, adan\u0131n en eski yerle\u015fim birimlerinden biri olarak tarihi dokusunu g\u00fcn\u00fcm\u00fcze ta\u015f\u0131yan e\u015fsiz bir k\u00f6y. Adan\u0131n kuzeydo\u011fusunda yer alan Kalek\u00f6y, kendine \u00f6zg\u00fc ta\u015f evleri, dar sokaklar\u0131 ve eski Rum mimarisine sahip yap\u0131lar\u0131yla bir zamanlar Rumlar\u0131n yo\u011fun olarak ya\u015fad\u0131\u011f\u0131 b\u00f6lgenin izlerini ta\u015f\u0131yor.<\/p>\n\n\n\n<p>Kalek\u00f6y\u2019\u00fcn en dikkat \u00e7ekici \u00f6zelli\u011fi, tarihi Kalek\u00f6y Kalesi\u2019ni i\u00e7inde bar\u0131nd\u0131rmas\u0131. Bu kale, adan\u0131n farkl\u0131 d\u00f6nemlerinde farkl\u0131 medeniyetler taraf\u0131ndan kullan\u0131lm\u0131\u015f ve g\u00fcn\u00fcm\u00fczde harabe halde olsa da ge\u00e7mi\u015fin izlerini h\u00e2l\u00e2 yans\u0131t\u0131yor.<\/p>\n\n\n\n<p class=\"has-text-align-left\">G\u00f6k\u00e7eada Kalek\u00f6y konumu&nbsp;<strong><a href=\"https:\/\/goo.gl\/maps\/9mkm8hCC6CwAMru96\" target=\"_blank\" rel=\"noreferrer noopener\">burada.<\/a><\/strong><\/p>\n\n\n\n<p class=\"has-text-align-center\"><strong><span class=\"ez-toc-section-end\" style=\"box-sizing: border-box;\"><\/span><div><strong style=\"box-sizing: border-box;\"><strong style=\"box-sizing: border-box;\"><strong style=\"box-sizing: border-box;\"><strong style=\"box-sizing: border-box;\"><\/strong><\/strong><\/strong><\/strong><\/div><\/strong><div><strong style=\"box-sizing: border-box;\"><\/strong><\/div><\/p>\n\n\n\n<h3 class=\"wp-block-heading has-text-align-center has-neeon-button-dark-gray-color has-text-color has-link-color wp-elements-adb27d27624b8d0d379a616f420b4940\"><span class=\"ez-toc-section\" id=\"zeytinlikoy\"><\/span><strong>Zeytinlik\u00f6y<\/strong><span class=\"ez-toc-section-end\"><\/span><\/h3>\n\n\n\n<figure class=\"wp-block-image size-large\"><img decoding=\"async\" src=\"https:\/\/res.cloudinary.com\/turna\/image\/upload\/v1690267818\/zeytinlik%C3%B6y.jpg\" alt=\"Zeytinlik\u00f6y\"\/><\/figure>\n\n\n\n<p class=\"has-text-align-left\">G\u00f6k\u00e7eada\u2019n\u0131n do\u011fal g\u00fczellikleri ve geleneksel ya\u015fam tarz\u0131n\u0131 en saf haliyle yans\u0131tan k\u00f6ylerinden biri olan Zeytinlik\u00f6y, adan\u0131n kalbinde bir inci gibi parlayan benzersiz bir yerle\u015fim yeri. Ad\u0131n\u0131, b\u00f6lgedeki zeytin a\u011fa\u00e7lar\u0131ndan alan bu k\u00f6y, yemye\u015fil zeytinlikleri, ta\u015f evleri ve s\u0131cac\u0131k atmosferiyle ziyaret\u00e7ilerini b\u00fcy\u00fcleyen bir g\u00fczelli\u011fe sahip.<\/p>\n\n\n\n<p>Zeytinlik\u00f6y, geleneksel Rum mimarisini yans\u0131tan ta\u015f evleri ve dar sokaklar\u0131yla adeta bir tarihi a\u00e7\u0131k hava m\u00fczesini and\u0131r\u0131yor. K\u00f6yde gezinirken, ge\u00e7mi\u015fin izleri aras\u0131nda ad\u0131m atar, ta\u015f evlerin g\u00fczelliklerini ke\u015ffeder ve adan\u0131n yerli halk\u0131n\u0131n s\u0131cak misafirperverli\u011fine tan\u0131kl\u0131k edersiniz. K\u00f6y\u00fcn sokaklar\u0131nda gezinirken zaman\u0131n durdu\u011funu hissedersiniz ve geleneksel ya\u015fam\u0131n izlerine tan\u0131k olursunuz.<\/p>\n\n\n\n<p class=\"has-text-align-left\">Zeytinlik\u00f6y konumu&nbsp;<strong><a href=\"https:\/\/goo.gl\/maps\/VAYzQWHG2eJMTP5s6\" target=\"_blank\" rel=\"noreferrer noopener\">burada.<\/a><\/strong><\/p>\n\n\n\n<p class=\"has-text-align-center\"><strong><span class=\"ez-toc-section-end\" style=\"box-sizing: border-box;\"><\/span><div><strong style=\"box-sizing: border-box;\"><strong style=\"box-sizing: border-box;\"><strong style=\"box-sizing: border-box;\"><strong style=\"box-sizing: border-box;\"><\/strong><strong style=\"box-sizing: border-box;\"><\/strong><\/strong><\/strong><\/strong><\/div><\/strong><div><strong style=\"box-sizing: border-box;\"><\/strong><\/div><\/p>\n\n\n\n<h3 class=\"wp-block-heading has-text-align-center has-neeon-button-dark-gray-color has-text-color has-link-color wp-elements-79b1b7786544f312b33521a021535c23\"><span class=\"ez-toc-section\" id=\"tepekoy\"><\/span><strong>Tepek\u00f6y<\/strong><span class=\"ez-toc-section-end\"><\/span><\/h3>\n\n\n\n<figure class=\"wp-block-image size-large\"><img decoding=\"async\" src=\"https:\/\/res.cloudinary.com\/turna\/image\/upload\/v1690267818\/tepek%C3%B6y.jpg\" alt=\"Tepek\u00f6y\"\/><\/figure>\n\n\n\n<p class=\"has-text-align-left\">G\u00f6k\u00e7eada\u2019n\u0131n do\u011fal zenginlikleri ve sakin atmosferiyle b\u00fcy\u00fcleyen k\u00f6ylerinden biri olan Tepek\u00f6y, adan\u0131n g\u00fczelliklerine hayranl\u0131kla tan\u0131kl\u0131k etmek isteyenler i\u00e7in m\u00fckemmel bir durak. Adan\u0131n g\u00fcneybat\u0131s\u0131nda yer alan Tepek\u00f6y, ad\u0131n\u0131 y\u00fcksek bir tepe \u00fczerine kurulmu\u015f olmas\u0131ndan al\u0131yor ve muhte\u015fem bir manzara sunuyor. E\u015fsiz do\u011fal g\u00fczellikleriyle \u00e7evrili olan Tepek\u00f6y, geleneksel k\u00f6y ya\u015fam\u0131n\u0131n izlerini ta\u015f\u0131yan ta\u015f evleri, dar sokaklar\u0131 ve \u00e7i\u00e7eklerle s\u00fcslenmi\u015f bah\u00e7eleriyle g\u00f6z dolduruyor.<\/p>\n\n\n\n<p class=\"has-text-align-left\">Tepek\u00f6y\u2019\u00fcn en dikkat \u00e7ekici \u00f6zelli\u011fi, G\u00f6k\u00e7eada\u2019n\u0131n en y\u00fcksek tepesi olan Marmaros Tepesi\u2019ne ev sahipli\u011fi yapmas\u0131. Marmaros Tepesi, do\u011fa y\u00fcr\u00fcy\u00fc\u015f\u00fc ve trekking tutkunlar\u0131 i\u00e7in harika ve tepeden adan\u0131n e\u015fsiz manzaras\u0131 adeta bir kartpostal gibi.<\/p>\n\n\n\n<p class=\"has-text-align-center\"><strong><span class=\"ez-toc-section-end\" style=\"box-sizing: border-box;\"><\/span><div><strong style=\"box-sizing: border-box;\"><strong style=\"box-sizing: border-box;\"><strong style=\"box-sizing: border-box;\"><strong style=\"box-sizing: border-box;\"><\/strong><strong style=\"box-sizing: border-box;\"><\/strong><\/strong><\/strong><\/strong><\/div><\/strong><div><strong style=\"box-sizing: border-box;\"><\/strong><\/div><\/p>\n\n\n\n<h3 class=\"wp-block-heading has-text-align-center has-neeon-button-dark-gray-color has-text-color has-link-color wp-elements-ff1e70d7329284122483e0f01705178f\"><span class=\"ez-toc-section\" id=\"bademli_koyu\"><\/span><strong>Bademli K\u00f6y\u00fc<\/strong><span class=\"ez-toc-section-end\"><\/span><\/h3>\n\n\n\n<figure class=\"wp-block-image size-large\"><img decoding=\"async\" src=\"https:\/\/res.cloudinary.com\/turna\/image\/upload\/v1690267816\/bademli_k%C3%B6y%C3%BC.jpg\" alt=\"Bademli K\u00f6y\u00fc\"\/><figcaption class=\"wp-element-caption\">G\u00f6k\u00e7eada Gezi Rehberi<\/figcaption><\/figure>\n\n\n\n<p class=\"has-text-align-left\">G\u00f6k\u00e7eada\u2019n\u0131n enfes do\u011fal g\u00fczelliklerine ve sakin atmosferine sahip k\u00f6ylerinden biri olan Bademli,&nbsp;<strong>G\u00f6k\u00e7eada\u2019n\u0131n en g\u00fczel k\u00f6y\u00fc<\/strong>&nbsp;belki de. Adan\u0131n kuzeydo\u011fusunda yer alan muhte\u015fem bir yerle\u015fim birimi. Bademli K\u00f6y\u00fc, ad\u0131n\u0131 badem a\u011fa\u00e7lar\u0131ndan alan ve bu a\u011fa\u00e7lar\u0131n sakin sokaklar\u0131 s\u00fcsledi\u011fi bir k\u00f6y olarak biliniyor. Ta\u015f evleri ve dar sokaklar\u0131yla geleneksel bir k\u00f6y atmosferini yans\u0131tan Bademli, huzurlu bir ka\u00e7\u0131\u015f noktas\u0131 arayanlar\u0131n g\u00f6zde duraklar\u0131ndan biri. As\u0131rl\u0131k \u00e7\u0131nar a\u011fac\u0131n\u0131 g\u00f6rmeden, k\u00f6y kahvesinde keyifli bir mola vermeden buradan ayr\u0131lmay\u0131n.<\/p>\n\n\n\n<p class=\"has-text-align-center\"><strong><span class=\"ez-toc-section-end\" style=\"box-sizing: border-box;\"><\/span><div><strong style=\"box-sizing: border-box;\"><strong style=\"box-sizing: border-box;\"><strong style=\"box-sizing: border-box;\"><strong style=\"box-sizing: border-box;\"><\/strong><strong style=\"box-sizing: border-box;\"><\/strong><\/strong><\/strong><\/strong><\/div><\/strong><div><strong style=\"box-sizing: border-box;\"><\/strong><\/div><\/p>\n\n\n\n<h3 class=\"wp-block-heading has-text-align-center has-neeon-button-dark-gray-color has-text-color has-link-color wp-elements-be616e77e4c186f2b1c8f58356d83b2b\"><span class=\"ez-toc-section\" id=\"kefalos_plaji\"><\/span><strong>Kefalos Plaj\u0131<\/strong><span class=\"ez-toc-section-end\"><\/span><\/h3>\n\n\n\n<p class=\"has-text-align-left\">R\u00fczgar, dalgalar ve sonsuz bir kumsal\u2026 \u0130\u015fte kar\u015f\u0131n\u0131zda Kefalos Plaj\u0131! G\u00f6k\u00e7eada\u2019n\u0131n en \u00fcnl\u00fc plajlar\u0131ndan biri olan Kefalos, r\u00fczgar s\u00f6rf\u00fc ve kiteboard tutkunlar\u0131n\u0131n vazge\u00e7ilmezi. Adan\u0131n r\u00fczgar\u0131yla dans eden bu plajda, denizle bulu\u015fmak tam anlam\u0131yla bir \u015f\u00f6len! S\u00f6rf tahtan\u0131za atlay\u0131n ya da sadece plaj\u0131n alt\u0131n rengi kumlar\u0131nda uzan\u0131p, dalgalar\u0131n sesiyle mest olun.<\/p>\n\n\n\n<p class=\"has-text-align-left\">Konum <strong><a href=\"https:\/\/maps.app.goo.gl\/Fo4hyxBDQ1idVM1K6\" target=\"_blank\" rel=\"noreferrer noopener\">burada.<\/a><\/strong><\/p>\n\n\n\n<p class=\"has-text-align-center\"><strong><span class=\"ez-toc-section-end\" style=\"box-sizing: border-box;\"><\/span><div><strong style=\"box-sizing: border-box;\"><strong style=\"box-sizing: border-box;\"><strong style=\"box-sizing: border-box;\"><strong style=\"box-sizing: border-box;\"><\/strong><strong style=\"box-sizing: border-box;\"><\/strong><\/strong><\/strong><\/strong><\/div><\/strong><div><strong style=\"box-sizing: border-box;\"><\/strong><\/div><\/p>\n\n\n<div id=\"rank-math-faq\" class=\"rank-math-block\">\n<div class=\"rank-math-list \">\n<div id=\"faq-question-685a80385a77d\" class=\"rank-math-list-item\">\n<h3 class=\"rank-math-question \"><span class=\"ez-toc-section\" id=\"gokceada_gunubirlik_gezilir_mi\"><\/span>G\u00f6k\u00e7eada g\u00fcn\u00fcbirlik gezilir mi?<br \/><br \/><span class=\"ez-toc-section-end\"><\/span><\/h3>\n<div class=\"rank-math-answer \">\n\n<p>E\u011fer yaln\u0131zca 1 g\u00fcn\u00fcn\u00fcz varsa aday\u0131 g\u00fcn\u00fcbirlik gezebilirsiniz. Ama plajlar\u0131nda y\u00fczmek, adan\u0131n keyfini \u00e7\u0131karmak isterseniz en az 3-4 g\u00fcn ay\u0131rmal\u0131s\u0131n\u0131z.<\/p>\n\n<\/div>\n<\/div>\n<div id=\"faq-question-685a80385a77f\" class=\"rank-math-list-item\">\n<h3 class=\"rank-math-question \"><span class=\"ez-toc-section\" id=\"gokceadada_yuruyerek_gezilir_mi\"><\/span>G\u00f6k\u00e7eada&#8217;da y\u00fcr\u00fcyerek gezilir mi?<br \/><span class=\"ez-toc-section-end\"><\/span><\/h3>\n<div class=\"rank-math-answer \">\n\n<p>G\u00f6k\u00e7eada&#8217;da gezilecek yerler birbirine uzak mesafede yer al\u0131yor. O nedenle y\u00fcr\u00fcyerek gezmek m\u00fcmk\u00fcn de\u011fil. Mutlaka ara\u00e7 gerekiyor.<\/p>\n\n<\/div>\n<\/div>\n<div id=\"faq-question-685a80385a780\" class=\"rank-math-list-item\">\n<h3 class=\"rank-math-question \"><span class=\"ez-toc-section\" id=\"gokceada_ne_ile_meshur\"><\/span>G\u00f6k\u00e7eada ne ile me\u015fhur?<span class=\"ez-toc-section-end\"><\/span><\/h3>\n<div class=\"rank-math-answer \">\n\n<p>Bademli kurabiyeleri, zeytinya\u011f\u0131, \u015faraplar\u0131, ke\u00e7i peyniri gibi \u00fcr\u00fcnleri ile \u00fcnl\u00fc.<\/p>\n\n<\/div>\n<\/div>\n<\/div>\n<\/div>\n\n\n<p>G\u00f6k\u00e7eada gezi rehberi i\u00e7eri\u011fim umar\u0131m i\u015finize yaram\u0131\u015ft\u0131r. Akl\u0131n\u0131za tak\u0131lan bir soru olursa yorum yaz\u0131n l\u00fctfen. \ud83d\ude0a<\/p>\n\n\n\n<p><\/p>\n\n    <div class=\"xs_social_share_widget xs_share_url after_content \t\tmain_content  wslu-style-1 wslu-share-box-shaped wslu-fill-colored wslu-none wslu-share-horizontal wslu-theme-font-no wslu-main_content\">\n\n\t\t\n        <ul>\n\t\t\t        <\/ul>\n    <\/div> \n","protected":false},"excerpt":{"rendered":"<p>G\u00f6k\u00e7eada&#8217;n\u0131n b\u00fcy\u00fcl\u00fc d\u00fcnyas\u0131na ho\u015f geldiniz! Ben, gezmeyi ve ke\u015ffetmeyi seven bir gezgin olarak, size G\u00f6k\u00e7eada gezi rehberi olmak i\u00e7in buraday\u0131m. \ud83d\ude0a Evet, tam da arad\u0131\u011f\u0131n\u0131z gibi; sizleri G\u00f6k\u00e7eada&#8217;n\u0131n en ince ipu\u00e7lar\u0131 ile donatarak, bu harika ada hakk\u0131nda her \u015feyi \u00f6\u011frenece\u011finiz ve unutulmaz an\u0131lar biriktirece\u011finiz bir yolculu\u011fa davet ediyorum. Masmavi denizi, tertemiz plajlar\u0131 ve tarihin i\u00e7 i\u00e7e ge\u00e7ti\u011fi sokaklar\u0131yla G\u00f6k\u00e7eada, ke\u015ffetmek i\u00e7in bir cennet. Siz de haz\u0131rsan\u0131z, bavullar\u0131n\u0131z\u0131 al\u0131n, heyecan\u0131n\u0131z\u0131 doruklara \u00e7\u0131kar\u0131n ve bu rehberle G\u00f6k\u00e7eada&#8217;n\u0131n b\u00fcy\u00fcl\u00fc d\u00fcnyas\u0131na ad\u0131m at\u0131n!<\/p>\n","protected":false},"author":34,"featured_media":21873,"comment_status":"open","ping_status":"open","sticky":false,"template":"","format":"standard","meta":{"rop_custom_images_group":[],"rop_custom_messages_group":[],"rop_publish_now":"initial","rop_publish_now_accounts":[],"rop_publish_now_history":[],"rop_publish_now_status":"pending","_cloudinary_featured_overwrite":false,"footnotes":""},"categories":[2,1821],"tags":[247,499],"class_list":["post-21872","post","type-post","status-publish","format-standard","has-post-thumbnail","hentry","category-ulkeler","category-canakkale","tag-canakkale","tag-gokceada"],"_links":{"self":[{"href":"https:\/\/www.turna.com\/blog\/wp-json\/wp\/v2\/posts\/21872","targetHints":{"allow":["GET"]}}],"collection":[{"href":"https:\/\/www.turna.com\/blog\/wp-json\/wp\/v2\/posts"}],"about":[{"href":"https:\/\/www.turna.com\/blog\/wp-json\/wp\/v2\/types\/post"}],"author":[{"embeddable":true,"href":"https:\/\/www.turna.com\/blog\/wp-json\/wp\/v2\/users\/34"}],"replies":[{"embeddable":true,"href":"https:\/\/www.turna.com\/blog\/wp-json\/wp\/v2\/comments?post=21872"}],"version-history":[{"count":0,"href":"https:\/\/www.turna.com\/blog\/wp-json\/wp\/v2\/posts\/21872\/revisions"}],"wp:featuredmedia":[{"embeddable":true,"href":"https:\/\/www.turna.com\/blog\/wp-json\/wp\/v2\/media\/21873"}],"wp:attachment":[{"href":"https:\/\/www.turna.com\/blog\/wp-json\/wp\/v2\/media?parent=21872"}],"wp:term":[{"taxonomy":"category","embeddable":true,"href":"https:\/\/www.turna.com\/blog\/wp-json\/wp\/v2\/categories?post=21872"},{"taxonomy":"post_tag","embeddable":true,"href":"https:\/\/www.turna.com\/blog\/wp-json\/wp\/v2\/tags?post=21872"}],"curies":[{"name":"wp","href":"https:\/\/api.w.org\/{rel}","templated":true}]}}