{"id":21868,"date":"2023-07-18T16:45:55","date_gmt":"2023-07-18T13:45:55","guid":{"rendered":"https:\/\/www.turna.com\/blog\/?p=21868"},"modified":"2025-12-08T16:17:39","modified_gmt":"2025-12-08T13:17:39","slug":"adatepe-koyu-rehberi","status":"publish","type":"post","link":"https:\/\/www.turna.com\/blog\/adatepe-koyu-rehberi","title":{"rendered":"Adatepe K\u00f6y\u00fc Rehberi: Ye\u015filin Kalbindeki Sessiz Mola"},"content":{"rendered":"<div id=\"ez-toc-container\" class=\"ez-toc-v2_0_82_2 counter-hierarchy ez-toc-counter ez-toc-black ez-toc-container-direction\">\n<div class=\"ez-toc-title-container\">\n<p class=\"ez-toc-title\" style=\"cursor:inherit\">\u0130\u00e7indekiler<\/p>\n<span class=\"ez-toc-title-toggle\"><a href=\"#\" class=\"ez-toc-pull-right ez-toc-btn ez-toc-btn-xs ez-toc-btn-default ez-toc-toggle\" aria-label=\"\u0130\u00e7indekiler Tablosunu A\u00e7\/Kapat\"><span class=\"ez-toc-js-icon-con\"><span class=\"\"><span class=\"eztoc-hide\" style=\"display:none;\">Toggle<\/span><span class=\"ez-toc-icon-toggle-span\"><svg style=\"fill: #ffffff;color:#ffffff\" xmlns=\"http:\/\/www.w3.org\/2000\/svg\" class=\"list-377408\" width=\"20px\" height=\"20px\" viewBox=\"0 0 24 24\" fill=\"none\"><path d=\"M6 6H4v2h2V6zm14 0H8v2h12V6zM4 11h2v2H4v-2zm16 0H8v2h12v-2zM4 16h2v2H4v-2zm16 0H8v2h12v-2z\" fill=\"currentColor\"><\/path><\/svg><svg style=\"fill: #ffffff;color:#ffffff\" class=\"arrow-unsorted-368013\" xmlns=\"http:\/\/www.w3.org\/2000\/svg\" width=\"10px\" height=\"10px\" viewBox=\"0 0 24 24\" version=\"1.2\" baseProfile=\"tiny\"><path d=\"M18.2 9.3l-6.2-6.3-6.2 6.3c-.2.2-.3.4-.3.7s.1.5.3.7c.2.2.4.3.7.3h11c.3 0 .5-.1.7-.3.2-.2.3-.5.3-.7s-.1-.5-.3-.7zM5.8 14.7l6.2 6.3 6.2-6.3c.2-.2.3-.5.3-.7s-.1-.5-.3-.7c-.2-.2-.4-.3-.7-.3h-11c-.3 0-.5.1-.7.3-.2.2-.3.5-.3.7s.1.5.3.7z\"\/><\/svg><\/span><\/span><\/span><\/a><\/span><\/div>\n<nav><ul class='ez-toc-list ez-toc-list-level-1 eztoc-toggle-hide-by-default' ><li class='ez-toc-page-1 ez-toc-heading-level-2'><a class=\"ez-toc-link ez-toc-heading-1\" href=\"https:\/\/www.turna.com\/blog\/adatepe-koyu-rehberi\/#adatepe_koyu\" >Adatepe K\u00f6y\u00fc<\/a><ul class='ez-toc-list-level-3' ><li class='ez-toc-heading-level-3'><a class=\"ez-toc-link ez-toc-heading-2\" href=\"https:\/\/www.turna.com\/blog\/adatepe-koyu-rehberi\/#adatepe_koyu_nereye_bagli\" >Adatepe K\u00f6y\u00fc Nereye Ba\u011fl\u0131?<\/a><\/li><li class='ez-toc-page-1 ez-toc-heading-level-3'><a class=\"ez-toc-link ez-toc-heading-3\" href=\"https:\/\/www.turna.com\/blog\/adatepe-koyu-rehberi\/#adatepe_koyune_nasil_gidilir\" >Adatepe K\u00f6y\u00fc&#8217;ne Nas\u0131l Gidilir?<\/a><\/li><li class='ez-toc-page-1 ez-toc-heading-level-3'><a class=\"ez-toc-link ez-toc-heading-4\" href=\"https:\/\/www.turna.com\/blog\/adatepe-koyu-rehberi\/#adatepe_koyu_tarihcesi\" >Adatepe K\u00f6y\u00fc Tarih\u00e7esi<\/a><\/li><li class='ez-toc-page-1 ez-toc-heading-level-3'><a class=\"ez-toc-link ez-toc-heading-5\" href=\"https:\/\/www.turna.com\/blog\/adatepe-koyu-rehberi\/#adatepe_koyunde_nerede_kalinir\" >Adatepe K\u00f6y\u00fc&#8217;nde Nerede Kal\u0131n\u0131r?<\/a><\/li><li class='ez-toc-page-1 ez-toc-heading-level-3'><a class=\"ez-toc-link ez-toc-heading-6\" href=\"https:\/\/www.turna.com\/blog\/adatepe-koyu-rehberi\/#adatepe_koyunde_ne_yenir\" >Adatepe K\u00f6y\u00fc&#8217;nde Ne Yenir?<\/a><\/li><li class='ez-toc-page-1 ez-toc-heading-level-3'><a class=\"ez-toc-link ez-toc-heading-7\" href=\"https:\/\/www.turna.com\/blog\/adatepe-koyu-rehberi\/#adatepe_koyu_gezilecek_yerler\" >Adatepe K\u00f6y\u00fc Gezilecek Yerler<\/a><ul class='ez-toc-list-level-4' ><li class='ez-toc-heading-level-4'><a class=\"ez-toc-link ez-toc-heading-8\" href=\"https:\/\/www.turna.com\/blog\/adatepe-koyu-rehberi\/#zeus_altari\" >Zeus Altar\u0131<\/a><\/li><li class='ez-toc-page-1 ez-toc-heading-level-4'><a class=\"ez-toc-link ez-toc-heading-9\" href=\"https:\/\/www.turna.com\/blog\/adatepe-koyu-rehberi\/#adatepe_tas_mektep\" >Adatepe Ta\u015f Mektep<\/a><\/li><li class='ez-toc-page-1 ez-toc-heading-level-4'><a class=\"ez-toc-link ez-toc-heading-10\" href=\"https:\/\/www.turna.com\/blog\/adatepe-koyu-rehberi\/#adatepe_zeytinyagi_muzesi\" >Adatepe Zeytinya\u011f\u0131 M\u00fczesi<\/a><\/li><\/ul><\/li><\/ul><\/li><\/ul><\/nav><\/div>\n\n<p>Hafif bir r\u00fczgar\u0131n sallad\u0131\u011f\u0131 yapraklar\u0131n melodisini dinliyorum. G\u00f6zlerimi kapatt\u0131m ve buram buram tarih kokan bu masals\u0131 k\u00f6ydeyim.<strong> Adatepe K\u00f6y\u00fc<\/strong>, zaman\u0131n ve modern d\u00fcnyan\u0131n h\u0131z\u0131na inat, do\u011fal g\u00fczellikleri ve sakinli\u011fiyle huzur bulabilece\u011finiz benzersiz bir durak. Ruhum, ta\u015f evlerin aras\u0131nda dolan\u0131rken, kaybolmu\u015f bir zamanda y\u00fcr\u00fcmeye ba\u015fl\u0131yorum. \u0130\u00e7 i\u00e7e ge\u00e7mi\u015f sokaklar\u0131nda dola\u015f\u0131rken, duvarlardaki tarih beni b\u00fcy\u00fcl\u00fcyor. Buras\u0131, \u00f6yle bir yer ki, adeta bir zaman kaps\u00fcl\u00fcnde yolculuk yap\u0131yor gibiyim. Size, s\u0131radan bir k\u00f6y\u00fcn \u00f6tesinde, y\u00fcrekleri saran bir masal\u0131n kap\u0131lar\u0131n\u0131 aralayaca\u011f\u0131n\u0131z bir rehber sunmak i\u00e7in buraday\u0131m. E\u015fsiz deneyimlerin, do\u011fan\u0131n \u015fefkatli kucaklamas\u0131n\u0131n ve tarihin nefes kesen dokusunun bir araya geldi\u011fi bu hayalperest k\u00f6y\u00fc ke\u015ffetmeye haz\u0131r m\u0131s\u0131n\u0131z? O zaman, Adatepe K\u00f6y\u00fc&#8217;ne ho\u015f geldiniz!<\/p>\n\n\n\n<h2 class=\"wp-block-heading has-text-align-center has-neeon-button-dark-gray-color has-text-color has-link-color wp-elements-de4ab593f478922631ca9967e79e9d25\"><span class=\"ez-toc-section\" id=\"adatepe_koyu\"><\/span><strong>Adatepe K\u00f6y\u00fc<\/strong><span class=\"ez-toc-section-end\"><\/span><\/h2>\n\n\n\n<figure class=\"wp-block-image size-large\"><img width=\"800\" height=\"500\" decoding=\"async\" src=\"data:image\/svg+xml;base64,PHN2ZyB4bWxucz0iaHR0cDovL3d3dy53My5vcmcvMjAwMC9zdmciIHdpZHRoPSI4MDAiIGhlaWdodD0iNTAwIj48cmVjdCB3aWR0aD0iMTAwJSIgaGVpZ2h0PSIxMDAlIj48YW5pbWF0ZSBhdHRyaWJ1dGVOYW1lPSJmaWxsIiB2YWx1ZXM9InJnYmEoMTUzLDE1MywxNTMsMC41KTtyZ2JhKDE1MywxNTMsMTUzLDAuMSk7cmdiYSgxNTMsMTUzLDE1MywwLjUpIiBkdXI9IjJzIiByZXBlYXRDb3VudD0iaW5kZWZpbml0ZSIgLz48L3JlY3Q+PC9zdmc+\" alt=\"Adatepe K\u00f6y\u00fc\" data-public-id=\"adatepe_k\u00f6y\u00fc_rehberi\/adatepe_k\u00f6y\u00fc_rehberi.jpg\" class=\"wp-post-21868 wp-image-21869\" data-format=\"jpg\" data-transformations=\"f_auto,q_auto:low\" data-version=\"1689686538\" data-seo=\"1\" data-size=\"800 500\" data-srcset=\"https:\/\/res.cloudinary.com\/turna\/images\/f_auto,q_auto:low\/v1689686538\/adatepe_k\u00f6y\u00fc_rehberi\/adatepe_k\u00f6y\u00fc_rehberi.jpg?_i=AA 800w, https:\/\/res.cloudinary.com\/turna\/images\/w_300,h_188,c_scale\/f_auto,q_auto:low\/v1689686538\/adatepe_k\u00f6y\u00fc_rehberi\/adatepe_k\u00f6y\u00fc_rehberi.jpg?_i=AA 300w, https:\/\/res.cloudinary.com\/turna\/images\/w_672,h_420,c_scale\/f_auto,q_auto:low\/v1689686538\/adatepe_k\u00f6y\u00fc_rehberi\/adatepe_k\u00f6y\u00fc_rehberi.jpg?_i=AA 672w, https:\/\/res.cloudinary.com\/turna\/images\/w_640,h_400,c_scale\/f_auto,q_auto:low\/v1689686538\/adatepe_k\u00f6y\u00fc_rehberi\/adatepe_k\u00f6y\u00fc_rehberi.jpg?_i=AA 640w, https:\/\/res.cloudinary.com\/turna\/images\/w_681,h_426,c_scale\/f_auto,q_auto:low\/v1689686538\/adatepe_k\u00f6y\u00fc_rehberi\/adatepe_k\u00f6y\u00fc_rehberi.jpg?_i=AA 681w\" data-sizes=\"(max-width: 800px) 100vw, 800px\" data-delivery=\"upload\" onload=\";window.CLDBind?CLDBind(this):null;\" data-cloudinary=\"lazy\" \/><\/figure>\n\n\n\n<p>Adatepe, cennetten bir par\u00e7a gibi adeta. Yemye\u015fil vadileri, tarihi dokulu ta\u015f evleri ve tertemiz havas\u0131yla b\u00fcy\u00fcl\u00fcyor insan\u0131. \u0130lk ad\u0131m\u0131n\u0131z\u0131 att\u0131\u011f\u0131n\u0131z anda, g\u00f6zleriniz, bu benzersiz g\u00fczellikleri kucaklayan bu masals\u0131 k\u00f6ye kan\u0131yor.<\/p>\n\n\n\n<p>Buras\u0131 s\u0131cakkanl\u0131 insanlar\u0131n ya\u015fad\u0131\u011f\u0131 bir sevgi yuvas\u0131. Misafirperverlikleri, g\u00fcl\u00fcmsemeleri ve i\u00e7ten sohbetleriyle sizi kucaklayarak, kendinizi evinizde hissettiriyorlar.<\/p>\n\n\n\n<p>Ve elbette, burada zaman ge\u00e7irmekle yetinmiyorsunuz, lezzetlerin pe\u015finden de ko\u015fuyorsunuz. Y\u00f6resel yemeklerin tad\u0131na bakarken, damaklar\u0131n\u0131zda dans eden lezzetler, buran\u0131n e\u015fsiz mutfa\u011f\u0131n\u0131n s\u0131rr\u0131n\u0131 size a\u00e7\u0131kl\u0131yor. Bu masal\u0131, kendi g\u00f6zlerinizle ya\u015famak, i\u00e7inde kaybolmak ve ruhunuzu beslemek i\u00e7in Adatepe K\u00f6y\u00fc&#8217;ne davetlisiniz. \ud83d\udc9a<\/p>\n\n\n\n<h3 class=\"wp-block-heading has-text-align-center has-neeon-button-dark-gray-color has-text-color has-link-color wp-elements-eaf4d91b09da2d2afb22d8eaec56a7c8\"><span class=\"ez-toc-section\" id=\"adatepe_koyu_nereye_bagli\"><\/span><strong>Adatepe K\u00f6y\u00fc Nereye Ba\u011fl\u0131?<\/strong><span class=\"ez-toc-section-end\"><\/span><\/h3>\n\n\n\n<p>Adatepe, T\u00fcrkiye&#8217;nin kuzeybat\u0131s\u0131nda yer alan \u00c7anakkale iline ba\u011fl\u0131. Daha spesifik olarak, Ege B\u00f6lgesi&#8217;nde bulunan \u00c7anakkale iline ba\u011fl\u0131 Ayvac\u0131k il\u00e7esinde yer al\u0131yor.<\/p>\n\n\n\n<p>Adatepe K\u00f6y\u00fc&#8217;n\u00fcn konumu <strong><a href=\"https:\/\/goo.gl\/maps\/4VgtmV5sbwvMuZSQ8\" target=\"_blank\" rel=\"noreferrer noopener\">burada.<\/a><\/strong><\/p>\n\n\n\n<h3 class=\"wp-block-heading has-text-align-center has-neeon-button-dark-gray-color has-text-color has-link-color wp-elements-4896e54a360c748c824e4af570a8355d\"><span class=\"ez-toc-section\" id=\"adatepe_koyune_nasil_gidilir\"><\/span><strong>Adatepe K\u00f6y\u00fc&#8217;ne Nas\u0131l Gidilir?<\/strong><span class=\"ez-toc-section-end\"><\/span><\/h3>\n\n\n\n<figure class=\"wp-block-image size-large\"><img decoding=\"async\" src=\"https:\/\/res.cloudinary.com\/turna\/image\/upload\/v1689686539\/adatepe_k%C3%B6y%C3%BC.jpg\" alt=\"Adatepe K\u00f6y\u00fc'ne Nas\u0131l Gidilir?\"\/><\/figure>\n\n\n\n<p>Adatepe K\u00f6y\u00fc&#8217;ne ula\u015f\u0131m i\u00e7in farkl\u0131 se\u00e7enekler mevcut. Ayvac\u0131k, \u00c7anakkale&#8217;nin bir il\u00e7esi oldu\u011fundan, \u00f6nce \u00c7anakkale&#8217;ye ula\u015fman\u0131z gerek. Sonras\u0131nda ise Adatepe K\u00f6y\u00fc&#8217;ne giden yollar\u0131 kullanarak kolayca varabilirsiniz. \u0130\u015fte farkl\u0131 ula\u015f\u0131m se\u00e7enekleri:<\/p>\n\n\n\n<ol class=\"wp-block-list\">\n<li><strong>\u00d6zel Ara\u00e7la<\/strong>: E\u011fer kendi arac\u0131n\u0131z varsa, en kolay ve rahat yol \u00f6zel ara\u00e7la seyahat etmektir. \u0130stanbul, \u0130zmir veya Bursa gibi b\u00fcy\u00fck \u015fehirlerden geliyorsan\u0131z, \u00c7anakkale&#8217;ye ula\u015fmak i\u00e7in Avrupa ve Anadolu yakalar\u0131ndan feribot veya k\u00f6pr\u00fcleri kullanabilirsiniz. Daha sonra \u00c7anakkale merkezden Ayvac\u0131k il\u00e7esine do\u011fru y\u00f6nlendirilen yollar\u0131 takip ederek Adatepe K\u00f6y\u00fc&#8217;ne varabilirsiniz.<\/li>\n\n\n\n<li><strong>Toplu Ta\u015f\u0131ma<\/strong>: \u00c7anakkale&#8217;ye otob\u00fcs veya u\u00e7akla ula\u015fabilirsiniz. \u00c7anakkale&#8217;ye geldikten sonra, Ayvac\u0131k il\u00e7esine giden minib\u00fcslerle veya otob\u00fcslerle seyahat ederek Adatepe K\u00f6y\u00fc&#8217;ne ula\u015fabilirsiniz.<\/li>\n\n\n\n<li><strong>\u00d6zel Tur ve Geziler<\/strong>: Turistik seyahat \u015firketleri, Adatepe K\u00f6y\u00fc&#8217;n\u00fc i\u00e7eren \u00c7anakkale turlar\u0131 d\u00fczenliyor. Bu turlar, ula\u015f\u0131m\u0131 ve rehberli\u011fi kolayla\u015ft\u0131rarak, Adatepe K\u00f6y\u00fc&#8217;n\u00fc ke\u015ffetmek isteyenler i\u00e7in pratik bir se\u00e7enek olabilir.<\/li>\n<\/ol>\n\n\n\n<h3 class=\"wp-block-heading has-text-align-center has-neeon-button-dark-gray-color has-text-color has-link-color wp-elements-ed7b61f691d1fcb4ffcc908c0e26221e\"><span class=\"ez-toc-section\" id=\"adatepe_koyu_tarihcesi\"><\/span><strong>Adatepe K\u00f6y\u00fc Tarih\u00e7esi<\/strong><span class=\"ez-toc-section-end\"><\/span><\/h3>\n\n\n\n<p>Hayal g\u00fcc\u00fcm\u00fc tarihle \u00f6rd\u00fc\u011f\u00fcm bir masal\u0131 size anlatay\u0131m. Adatepe&#8217;de dola\u015f\u0131rken, sanki bir zaman makinesiyle ge\u00e7mi\u015fe yolculuk yap\u0131yormu\u015fum gibi hissediyorum. O masals\u0131 zamanlara g\u00f6z k\u0131rp\u0131yorum ve tarihle i\u00e7 i\u00e7e ge\u00e7mi\u015f bu k\u00f6y\u00fcn hikayesine dal\u0131yorum.<\/p>\n\n\n\n<p>Bir zamanlar, Ege&#8217;nin masmavi sular\u0131n\u0131n kenar\u0131nda, ye\u015filin her tonunun bir araya geldi\u011fi bu cennet k\u00f6y, eski \u00e7a\u011flardan itibaren bir\u00e7ok uygarl\u0131\u011fa ev sahipli\u011fi yapm\u0131\u015f. Eski Yunan, Roma ve Osmanl\u0131 \u0130mparatorlu\u011fu gibi k\u00f6kl\u00fc medeniyetlerin izleri, bu topraklar\u0131n her k\u00f6\u015fesinde gizli.<\/p>\n\n\n\n<p>Y\u0131llar i\u00e7inde bir\u00e7ok medeniyetin ge\u00e7i\u015f yolu olan Adatepe, tarih boyunca ticaretin ve k\u00fclt\u00fcrel al\u0131\u015fveri\u015fin \u00f6nemli bir merkezi olmu\u015f. K\u00f6y, ticaret kervanlar\u0131n\u0131n u\u011frak yeri olarak canlanm\u0131\u015f, zenginliklerin ve el sanatlar\u0131n\u0131n sergilendi\u011fi bir pazar yeri haline gelmi\u015f.<\/p>\n\n\n\n<p>Eski ta\u015f evler, bu e\u015fsiz k\u00f6y\u00fcn tarihini g\u00f6zler \u00f6n\u00fcne seriyor. Her bir ta\u015f, ge\u00e7mi\u015fin hikayelerini anlat\u0131yor, ustalar\u0131n maharetini yans\u0131t\u0131yor. Sessiz tan\u0131klar\u0131, zaman\u0131n h\u0131z\u0131na inat dimdik ayakta duruyorlar ve k\u00f6y\u00fcn ya\u015fanm\u0131\u015fl\u0131klar\u0131n\u0131 koruyorlar.<\/p>\n\n\n\n<p>Osmanl\u0131 d\u00f6neminde, Adatepe, zeytinya\u011f\u0131 \u00fcretimi ile \u00fcnl\u00fc hale gelmi\u015f. Ege&#8217;nin bereketli topraklar\u0131nda yeti\u015fen zeytinler, bu topraklara bereket ve zenginlik getirmi\u015f. Zeytinya\u011f\u0131, bu k\u00f6y\u00fcn bir ba\u015fka de\u011ferli hazinesi.<\/p>\n\n\n\n<h3 class=\"wp-block-heading has-text-align-center has-neeon-button-dark-gray-color has-text-color has-link-color wp-elements-dbe13763697b2c9179efd49795d60b5b\"><span class=\"ez-toc-section\" id=\"adatepe_koyunde_nerede_kalinir\"><\/span><strong>Adatepe K\u00f6y\u00fc&#8217;nde Nerede Kal\u0131n\u0131r?<\/strong><span class=\"ez-toc-section-end\"><\/span><\/h3>\n\n\n\n<figure class=\"wp-block-image size-large\"><img decoding=\"async\" src=\"https:\/\/res.cloudinary.com\/turna\/image\/upload\/v1689686538\/adatepe_k%C3%B6y%C3%BC_gezilecek_yerler.jpg\" alt=\"Adatepe K\u00f6y\u00fc'nde Nerede Kal\u0131n\u0131r?\"\/><\/figure>\n\n\n\n<p>K\u00f6yde konaklamak i\u00e7in farkl\u0131 se\u00e7enekler mevcut. Butik oteller, ta\u015f evler, pansiyonlar, kamp alanlar\u0131 bu g\u00fczel k\u00f6y\u00fc g\u00f6rmeye gelenleri misafir ediyorlar. <strong>Adatepe Ta\u015f Otel<\/strong> k\u00f6y\u00fcn tarihine uygun \u015fekilde restore edilmi\u015f geleneksel ta\u015f evlerde konaklama imkan\u0131 sunan \u015firin bir butik otel. Otantik dekorasyonu ve huzur veren atmosferiyle ziyaret\u00e7ilere benzersiz bir deneyim sunuyor.<\/p>\n\n\n\n<p><strong>Adatepe Butik Otel<\/strong> tarihi ta\u015f evlerin modern konforlarla birle\u015fti\u011fi butik otel, misafirlerine rahat bir konaklama sa\u011fl\u0131yor. Bah\u00e7esi ve teras\u0131, do\u011fan\u0131n tad\u0131n\u0131 \u00e7\u0131karmak i\u00e7in m\u00fckemmel bir ortam sunuyor.<\/p>\n\n\n\n<h3 class=\"wp-block-heading has-text-align-center has-neeon-button-dark-gray-color has-text-color has-link-color wp-elements-c95b12949364fe82148874ca1a2b3549\"><span class=\"ez-toc-section\" id=\"adatepe_koyunde_ne_yenir\"><\/span><strong>Adatepe K\u00f6y\u00fc&#8217;nde Ne Yenir?<\/strong><span class=\"ez-toc-section-end\"><\/span><\/h3>\n\n\n\n<p>B\u00f6lge zeytin ve zeytinya\u011f\u0131 \u00fcretimiyle \u00fcnl\u00fc. K\u00f6ydeki restoranlarda zeytin \u00e7e\u015fitlerini ve kaliteli zeytinya\u011flar\u0131n\u0131 deneyebilirsiniz. Otlu dondurmalar\u0131 ise yemeden d\u00f6nmemeniz gerekenlerden. Is\u0131rganl\u0131, kekikli gibi \u00e7e\u015fitlerini mutlaka deneyin. <\/p>\n\n\n\n<h3 class=\"wp-block-heading has-text-align-center has-neeon-button-dark-gray-color has-text-color has-link-color wp-elements-a96113130e0761dba423fa558d0d0145\"><span class=\"ez-toc-section\" id=\"adatepe_koyu_gezilecek_yerler\"><\/span><strong>Adatepe K\u00f6y\u00fc Gezilecek Yerler<\/strong><span class=\"ez-toc-section-end\"><\/span><\/h3>\n\n\n\n<p>Zeytin a\u011fa\u00e7lar\u0131 aras\u0131nda sakl\u0131 bu \u015firin k\u00f6yde gezilecek ilgi \u00e7ekici yerler bulunuyor. Ta\u015f Mektep, tarihi atmosferiyle b\u00fcy\u00fcleyen bir yap\u0131d\u0131r. Antik d\u00f6nemden g\u00fcn\u00fcm\u00fcze uzanan Zeus Altar\u0131, k\u00f6y\u00fcn yak\u0131nlar\u0131nda tarih kokan bir mekan sunar. K\u00f6y\u00fcn sakin ve huzurlu ortam\u0131nda y\u00fcr\u00fcy\u00fc\u015f yapabilir ve k\u00f6y\u00fcn ta\u015f sokaklar\u0131nda nostaljik bir yolculu\u011fa \u00e7\u0131kabilirsiniz. Adatepe K\u00f6y\u00fc, tarihi dokusu ve do\u011fal g\u00fczellikleriyle ziyaret\u00e7ilerine unutulmaz bir deneyim sunuyor.<\/p>\n\n\n\n<h4 class=\"wp-block-heading has-text-align-center has-neeon-button-dark-gray-color has-text-color has-link-color wp-elements-0e72c3a5effe57a43e01cf8aeb30a1e1\"><span class=\"ez-toc-section\" id=\"zeus_altari\"><\/span><strong>Zeus Altar\u0131<\/strong><span class=\"ez-toc-section-end\"><\/span><\/h4>\n\n\n\n<figure class=\"wp-block-image size-large\"><img decoding=\"async\" src=\"https:\/\/res.cloudinary.com\/turna\/image\/upload\/v1689686539\/zeus_altar%C4%B1.jpg\" alt=\"Zeus Altar\u0131\"\/><\/figure>\n\n\n\n<p><strong>Zeus Altar\u0131<\/strong>, Adatepe K\u00f6y\u00fc&#8217;n\u00fcn yak\u0131nlar\u0131nda yer alan antik bir kal\u0131nt\u0131. Antik d\u00f6nemde tap\u0131nak olarak kullan\u0131lan bu alan, tanr\u0131 Zeus&#8217;a adanm\u0131\u015f bir kutsal mekan olarak \u00f6nemli bir rol oynam\u0131\u015f. Kal\u0131nt\u0131lar aras\u0131nda eski duvarlar ve yap\u0131lar bulunuyor, ancak zamanla baz\u0131 b\u00f6l\u00fcmleri tahrip olmu\u015f. Zeus Altar\u0131&#8217;n\u0131n muhte\u015fem manzaras\u0131 ve tarihi dokusu, ziyaret\u00e7ileri tarihle i\u00e7 i\u00e7e bir yolculu\u011fa \u00e7\u0131kar\u0131rken etkileyici bir atmosfer sunuyor.<\/p>\n\n\n\n<h4 class=\"wp-block-heading has-text-align-center has-neeon-button-dark-gray-color has-text-color has-link-color wp-elements-72cb5a1048836bd5573718f62d2c6f51\"><span class=\"ez-toc-section\" id=\"adatepe_tas_mektep\"><\/span><strong>Adatepe Ta\u015f Mektep<\/strong><span class=\"ez-toc-section-end\"><\/span><\/h4>\n\n\n\n<p><strong>Adatepe Ta\u015f Mektep,<\/strong> k\u00f6yde tarihi bir yap\u0131 olarak dikkat \u00e7eken \u00f6nemli bir mekan. Ta\u015f mimari tarz\u0131yla in\u015fa edilen bu mektep, ge\u00e7mi\u015ften g\u00fcn\u00fcm\u00fcze uzanan b\u00fcy\u00fcleyici bir tarihi dokuya sahip. Osmanl\u0131 d\u00f6neminde e\u011fitim amac\u0131yla kullan\u0131lan Ta\u015f Mektep, \u015fimdilerde bir k\u00fclt\u00fcrel miras olarak korunuyor.<\/p>\n\n\n\n<h4 class=\"wp-block-heading has-text-align-center has-neeon-button-dark-gray-color has-text-color has-link-color wp-elements-7c388b2d0f2bda706f90ab75bf0c1167\"><span class=\"ez-toc-section\" id=\"adatepe_zeytinyagi_muzesi\"><\/span><strong>Adatepe Zeytinya\u011f\u0131 M\u00fczesi<\/strong><span class=\"ez-toc-section-end\"><\/span><\/h4>\n\n\n\n<p>Adatepe Zeytinya\u011f\u0131 M\u00fczesi, T\u00fcrkiye&#8217;nin \u00c7anakkale iline ba\u011fl\u0131 Adatepe K\u00f6y\u00fc&#8217;nde bulunan ilgi \u00e7ekici bir m\u00fcze. Bu m\u00fcze, zeytin a\u011fa\u00e7lar\u0131yla \u00fcnl\u00fc olan b\u00f6lgede zeytinya\u011f\u0131 \u00fcretiminin ve zeytin k\u00fclt\u00fcr\u00fcn\u00fcn tarihini ve s\u00fcre\u00e7lerini ziyaret\u00e7ilere tan\u0131tmak amac\u0131yla kurulmu\u015f. M\u00fcze i\u00e7erisinde, zeytin hasat\u0131ndan zeytinya\u011f\u0131 \u00fcretimine kadar ge\u00e7en a\u015famalar\u0131 g\u00f6steren interaktif sergiler, geleneksel zeytinya\u011f\u0131 \u00fcretim ara\u00e7lar\u0131 ve eski zeytin presleri gibi tarihi ekipmanlar yer al\u0131yor.<\/p>\n\n\n\n<p>Bu b\u00f6lge ile ilgili di\u011fer i\u00e7eriklerime de g\u00f6z at\u0131n.<\/p>\n\n\n\n<p><strong><a href=\"https:\/\/www.turna.com\/blog\/assos-gezi-rehberi-mistik-bir-yolculuk?swcfpc=1\" target=\"_blank\" rel=\"noreferrer noopener\">Assos Gezi Rehberi<\/a><\/strong><\/p>\n\n\n\n<p><strong><a href=\"https:\/\/www.turna.com\/blog\/assos-gezilecek-yerler?swcfpc=1\" target=\"_blank\" rel=\"noreferrer noopener\">Assos Gezilecek Yerler<\/a><\/strong><\/p>\n\n\n\n<p><strong><a href=\"https:\/\/www.turna.com\/blog\/assosa-nasil-gidilir?swcfpc=1\" target=\"_blank\" rel=\"noreferrer noopener\">Assos\u2019a Nas\u0131l Gidilir?<\/a><\/strong><\/p>\n\n\n\n<p><strong><a href=\"https:\/\/www.turna.com\/blog\/kazdaglari-milli-parki?swcfpc=1\" target=\"_blank\" rel=\"noreferrer noopener\">Kazda\u011flar\u0131 Milli Park\u0131<\/a><\/strong><\/p>\n\n\n\n<p><\/p>\n\n    <div class=\"xs_social_share_widget xs_share_url after_content \t\tmain_content  wslu-style-1 wslu-share-box-shaped wslu-fill-colored wslu-none wslu-share-horizontal wslu-theme-font-no wslu-main_content\">\n\n\t\t\n        <ul>\n\t\t\t        <\/ul>\n    <\/div> \n","protected":false},"excerpt":{"rendered":"<p>Hafif bir r\u00fczgar\u0131n sallad\u0131\u011f\u0131 yapraklar\u0131n melodisini dinliyorum. G\u00f6zlerimi kapatt\u0131m ve buram buram tarih kokan bu masals\u0131 k\u00f6ydeyim. Adatepe K\u00f6y\u00fc, zaman\u0131n ve modern d\u00fcnyan\u0131n h\u0131z\u0131na inat, do\u011fal g\u00fczellikleri ve sakinli\u011fiyle huzur bulabilece\u011finiz benzersiz bir durak. Ruhum, ta\u015f evlerin aras\u0131nda dolan\u0131rken, kaybolmu\u015f bir zamanda y\u00fcr\u00fcmeye ba\u015fl\u0131yorum. \u0130\u00e7 i\u00e7e ge\u00e7mi\u015f sokaklar\u0131nda dola\u015f\u0131rken, duvarlardaki tarih beni b\u00fcy\u00fcl\u00fcyor. Buras\u0131, \u00f6yle bir yer ki, adeta bir zaman kaps\u00fcl\u00fcnde yolculuk yap\u0131yor gibiyim. Size, s\u0131radan bir k\u00f6y\u00fcn \u00f6tesinde, y\u00fcrekleri saran bir masal\u0131n kap\u0131lar\u0131n\u0131 aralayaca\u011f\u0131n\u0131z bir rehber sunmak i\u00e7in buraday\u0131m. E\u015fsiz deneyimlerin, do\u011fan\u0131n \u015fefkatli kucaklamas\u0131n\u0131n ve tarihin nefes kesen dokusunun bir araya geldi\u011fi bu hayalperest k\u00f6y\u00fc ke\u015ffetmeye haz\u0131r m\u0131s\u0131n\u0131z? O zaman, Adatepe K\u00f6y\u00fc&#8217;ne ho\u015f geldiniz!<\/p>\n","protected":false},"author":34,"featured_media":21869,"comment_status":"open","ping_status":"open","sticky":false,"template":"","format":"standard","meta":{"rop_custom_images_group":[],"rop_custom_messages_group":[],"rop_publish_now":"initial","rop_publish_now_accounts":[],"rop_publish_now_history":[],"rop_publish_now_status":"pending","_cloudinary_featured_overwrite":false,"footnotes":""},"categories":[2,1821],"tags":[2305],"class_list":["post-21868","post","type-post","status-publish","format-standard","has-post-thumbnail","hentry","category-ulkeler","category-canakkale","tag-canakkale-2"],"_links":{"self":[{"href":"https:\/\/www.turna.com\/blog\/wp-json\/wp\/v2\/posts\/21868","targetHints":{"allow":["GET"]}}],"collection":[{"href":"https:\/\/www.turna.com\/blog\/wp-json\/wp\/v2\/posts"}],"about":[{"href":"https:\/\/www.turna.com\/blog\/wp-json\/wp\/v2\/types\/post"}],"author":[{"embeddable":true,"href":"https:\/\/www.turna.com\/blog\/wp-json\/wp\/v2\/users\/34"}],"replies":[{"embeddable":true,"href":"https:\/\/www.turna.com\/blog\/wp-json\/wp\/v2\/comments?post=21868"}],"version-history":[{"count":0,"href":"https:\/\/www.turna.com\/blog\/wp-json\/wp\/v2\/posts\/21868\/revisions"}],"wp:featuredmedia":[{"embeddable":true,"href":"https:\/\/www.turna.com\/blog\/wp-json\/wp\/v2\/media\/21869"}],"wp:attachment":[{"href":"https:\/\/www.turna.com\/blog\/wp-json\/wp\/v2\/media?parent=21868"}],"wp:term":[{"taxonomy":"category","embeddable":true,"href":"https:\/\/www.turna.com\/blog\/wp-json\/wp\/v2\/categories?post=21868"},{"taxonomy":"post_tag","embeddable":true,"href":"https:\/\/www.turna.com\/blog\/wp-json\/wp\/v2\/tags?post=21868"}],"curies":[{"name":"wp","href":"https:\/\/api.w.org\/{rel}","templated":true}]}}