{"id":21699,"date":"2024-03-30T13:24:00","date_gmt":"2024-03-30T10:24:00","guid":{"rendered":"https:\/\/www.turna.com\/blog\/?p=21699"},"modified":"2025-12-08T15:36:58","modified_gmt":"2025-12-08T12:36:58","slug":"nisan-ayi-festivalleri","status":"publish","type":"post","link":"https:\/\/www.turna.com\/blog\/nisan-ayi-festivalleri","title":{"rendered":"Nisan Ay\u0131 Festivalleri: T\u00fcrkiye&#8217;nin Zenginli\u011fini Ke\u015ffedin"},"content":{"rendered":"<div id=\"ez-toc-container\" class=\"ez-toc-v2_0_82_2 counter-hierarchy ez-toc-counter ez-toc-black ez-toc-container-direction\">\n<div class=\"ez-toc-title-container\">\n<p class=\"ez-toc-title\" style=\"cursor:inherit\">\u0130\u00e7indekiler<\/p>\n<span class=\"ez-toc-title-toggle\"><a href=\"#\" class=\"ez-toc-pull-right ez-toc-btn ez-toc-btn-xs ez-toc-btn-default ez-toc-toggle\" aria-label=\"\u0130\u00e7indekiler Tablosunu A\u00e7\/Kapat\"><span class=\"ez-toc-js-icon-con\"><span class=\"\"><span class=\"eztoc-hide\" style=\"display:none;\">Toggle<\/span><span class=\"ez-toc-icon-toggle-span\"><svg style=\"fill: #ffffff;color:#ffffff\" xmlns=\"http:\/\/www.w3.org\/2000\/svg\" class=\"list-377408\" width=\"20px\" height=\"20px\" viewBox=\"0 0 24 24\" fill=\"none\"><path d=\"M6 6H4v2h2V6zm14 0H8v2h12V6zM4 11h2v2H4v-2zm16 0H8v2h12v-2zM4 16h2v2H4v-2zm16 0H8v2h12v-2z\" fill=\"currentColor\"><\/path><\/svg><svg style=\"fill: #ffffff;color:#ffffff\" class=\"arrow-unsorted-368013\" xmlns=\"http:\/\/www.w3.org\/2000\/svg\" width=\"10px\" height=\"10px\" viewBox=\"0 0 24 24\" version=\"1.2\" baseProfile=\"tiny\"><path d=\"M18.2 9.3l-6.2-6.3-6.2 6.3c-.2.2-.3.4-.3.7s.1.5.3.7c.2.2.4.3.7.3h11c.3 0 .5-.1.7-.3.2-.2.3-.5.3-.7s-.1-.5-.3-.7zM5.8 14.7l6.2 6.3 6.2-6.3c.2-.2.3-.5.3-.7s-.1-.5-.3-.7c-.2-.2-.4-.3-.7-.3h-11c-.3 0-.5.1-.7.3-.2.2-.3.5-.3.7s.1.5.3.7z\"\/><\/svg><\/span><\/span><\/span><\/a><\/span><\/div>\n<nav><ul class='ez-toc-list ez-toc-list-level-1 eztoc-toggle-hide-by-default' ><li class='ez-toc-page-1 ez-toc-heading-level-2'><a class=\"ez-toc-link ez-toc-heading-1\" href=\"https:\/\/www.turna.com\/blog\/nisan-ayi-festivalleri\/#nisan_ayi_festivalleri\" >Nisan Ay\u0131 Festivalleri<\/a><ul class='ez-toc-list-level-3' ><li class='ez-toc-heading-level-3'><a class=\"ez-toc-link ez-toc-heading-2\" href=\"https:\/\/www.turna.com\/blog\/nisan-ayi-festivalleri\/#alacati_ot_festivali\" >Ala\u00e7at\u0131 Ot Festivali<\/a><\/li><li class='ez-toc-page-1 ez-toc-heading-level-3'><a class=\"ez-toc-link ez-toc-heading-3\" href=\"https:\/\/www.turna.com\/blog\/nisan-ayi-festivalleri\/#uluslararasi_portakal_cicegi_karnavali\" >Uluslararas\u0131 Portakal \u00c7i\u00e7e\u011fi Karnaval\u0131<\/a><\/li><li class='ez-toc-page-1 ez-toc-heading-level-3'><a class=\"ez-toc-link ez-toc-heading-4\" href=\"https:\/\/www.turna.com\/blog\/nisan-ayi-festivalleri\/#uluslararasi_mesir_macunu_festivali\" >Uluslararas\u0131 Mesir Macunu Festivali<\/a><\/li><li class='ez-toc-page-1 ez-toc-heading-level-3'><a class=\"ez-toc-link ez-toc-heading-5\" href=\"https:\/\/www.turna.com\/blog\/nisan-ayi-festivalleri\/#bayindir_uluslararasi_cicek_festivali\" >Bay\u0131nd\u0131r Uluslararas\u0131 \u00c7i\u00e7ek Festivali<\/a><\/li><li class='ez-toc-page-1 ez-toc-heading-level-3'><a class=\"ez-toc-link ez-toc-heading-6\" href=\"https:\/\/www.turna.com\/blog\/nisan-ayi-festivalleri\/#vegfest\" >Vegfest<\/a><\/li><\/ul><\/li><\/ul><\/nav><\/div>\n\n<p>Festivaller, T\u00fcrk toplumunun k\u00fclt\u00fcrel miras\u0131n\u0131n \u00f6nemli bir par\u00e7as\u0131. T\u00fcrkiye&#8217;nin farkl\u0131 b\u00f6lgelerinde de\u011fi\u015fiklik g\u00f6stermekle birlikte, ortak bir tarihi ge\u00e7mi\u015fe sahipler. Geleneksel T\u00fcrk festivalleri, y\u00fczy\u0131llar \u00f6ncesine dayanan bir tarihe sahip olup, T\u00fcrk toplumunun hayat\u0131nda \u00f6nemli bir yere sahip. Bu festivaller, T\u00fcrk toplumunun bir par\u00e7as\u0131 olan insanlar\u0131n bir araya gelip, birlikte kutlama yaparak, k\u00fclt\u00fcrel ba\u011flar\u0131n\u0131 g\u00fc\u00e7lendirmesine yard\u0131mc\u0131 olan en g\u00fczel etkinlikler. Bahar\u0131n gelmesi, do\u011fan\u0131n canlanmas\u0131 ile co\u015fkuyla kutlanan <strong>T\u00fcrkiye&#8217;de Nisan ay\u0131 festivalleri<\/strong> nelermi\u015f gelin birlikte g\u00f6z atal\u0131m.<\/p>\n\n\n\n<h2 class=\"wp-block-heading has-text-align-center has-neeon-button-dark-gray-color has-text-color has-link-color wp-elements-dd12e58f6ab88be99178130025f2c2a6\"><span class=\"ez-toc-section\" id=\"nisan_ayi_festivalleri\"><\/span><strong><strong><strong><strong>Nisan Ay\u0131 Festivalleri<\/strong><\/strong><\/strong><\/strong><span class=\"ez-toc-section-end\"><\/span><\/h2>\n\n\n\n<figure class=\"wp-block-image size-large\"><img width=\"800\" height=\"500\" decoding=\"async\" src=\"data:image\/svg+xml;base64,PHN2ZyB4bWxucz0iaHR0cDovL3d3dy53My5vcmcvMjAwMC9zdmciIHdpZHRoPSI4MDAiIGhlaWdodD0iNTAwIj48cmVjdCB3aWR0aD0iMTAwJSIgaGVpZ2h0PSIxMDAlIj48YW5pbWF0ZSBhdHRyaWJ1dGVOYW1lPSJmaWxsIiB2YWx1ZXM9InJnYmEoMTUzLDE1MywxNTMsMC41KTtyZ2JhKDE1MywxNTMsMTUzLDAuMSk7cmdiYSgxNTMsMTUzLDE1MywwLjUpIiBkdXI9IjJzIiByZXBlYXRDb3VudD0iaW5kZWZpbml0ZSIgLz48L3JlY3Q+PC9zdmc+\" alt=\"Nisan Ay\u0131 Festivalleri\" data-public-id=\"adana_portakal_\u00e7i\u00e7e\u011fi_karnaval\u0131\/adana_portakal_\u00e7i\u00e7e\u011fi_karnaval\u0131.jpg\" class=\"wp-post-21699 wp-image-21700\" data-format=\"jpg\" data-transformations=\"f_auto,q_auto:low\" data-version=\"1680561507\" data-seo=\"1\" data-size=\"800 500\" data-srcset=\"https:\/\/res.cloudinary.com\/turna\/images\/f_auto,q_auto:low\/v1680561507\/adana_portakal_\u00e7i\u00e7e\u011fi_karnaval\u0131\/adana_portakal_\u00e7i\u00e7e\u011fi_karnaval\u0131.jpg?_i=AA 800w, https:\/\/res.cloudinary.com\/turna\/images\/w_300,h_188,c_scale\/f_auto,q_auto:low\/v1680561507\/adana_portakal_\u00e7i\u00e7e\u011fi_karnaval\u0131\/adana_portakal_\u00e7i\u00e7e\u011fi_karnaval\u0131.jpg?_i=AA 300w, https:\/\/res.cloudinary.com\/turna\/images\/w_672,h_420,c_scale\/f_auto,q_auto:low\/v1680561507\/adana_portakal_\u00e7i\u00e7e\u011fi_karnaval\u0131\/adana_portakal_\u00e7i\u00e7e\u011fi_karnaval\u0131.jpg?_i=AA 672w, https:\/\/res.cloudinary.com\/turna\/images\/w_640,h_400,c_scale\/f_auto,q_auto:low\/v1680561507\/adana_portakal_\u00e7i\u00e7e\u011fi_karnaval\u0131\/adana_portakal_\u00e7i\u00e7e\u011fi_karnaval\u0131.jpg?_i=AA 640w, https:\/\/res.cloudinary.com\/turna\/images\/w_681,h_426,c_scale\/f_auto,q_auto:low\/v1680561507\/adana_portakal_\u00e7i\u00e7e\u011fi_karnaval\u0131\/adana_portakal_\u00e7i\u00e7e\u011fi_karnaval\u0131.jpg?_i=AA 681w\" data-sizes=\"(max-width: 800px) 100vw, 800px\" data-delivery=\"upload\" onload=\";window.CLDBind?CLDBind(this):null;\" data-cloudinary=\"lazy\" \/><\/figure>\n\n\n\n<p>Nisan ay\u0131 bahar\u0131n kendini iyiden iyiye hissettirmeye ba\u015flad\u0131\u011f\u0131 bir ay. Bu ayda \u00fclkemizde do\u011fan\u0131n uyan\u0131\u015f\u0131 da co\u015fkuyla kutlan\u0131yor. \u0130zmir&#8217;den Adana&#8217;ya, Manisa&#8217;dan Van&#8217;a birbirinden renkli festivaller Nisan&#8217;da seyahat etmeniz i\u00e7in en g\u00fczel sebepler olabilir. Hadi gelin k\u00fclt\u00fcrel zenginliklerimize yak\u0131ndan bakal\u0131m.<\/p>\n\n\n\n<h3 class=\"wp-block-heading has-text-align-center has-neeon-button-dark-gray-color has-text-color has-link-color wp-elements-f8b3696209158fbc27b0a48661a22343\"><span class=\"ez-toc-section\" id=\"alacati_ot_festivali\"><\/span><strong><strong><strong><strong>Ala\u00e7at\u0131 Ot Festivali<\/strong><\/strong><\/strong><\/strong><span class=\"ez-toc-section-end\"><\/span><\/h3>\n\n\n\n<figure class=\"wp-block-image size-large\"><img decoding=\"async\" src=\"https:\/\/res.cloudinary.com\/turna\/image\/upload\/v1680561508\/ala%C3%A7at%C4%B1_ot_festivali.jpg\" alt=\"Ala\u00e7at\u0131 Ot Festivali Nisan ay\u0131 festivalleri\"\/><\/figure>\n\n\n\n<p><a href=\"https:\/\/www.instagram.com\/otfestivali\/\" target=\"_blank\" rel=\"noreferrer noopener\"><strong>Ala\u00e7at\u0131 Ot Festivali<\/strong>,<\/a> T\u00fcrkiye&#8217;de Nisan ay\u0131 festivalleri deyince ilk akla gelenlerden. \u0130zmir&#8217;in \u00c7e\u015fme il\u00e7esinde her y\u0131l d\u00fczenlenen ve y\u00fczlerce yerli ve yabanc\u0131 ziyaret\u00e7inin kat\u0131ld\u0131\u011f\u0131 bu festival ilk olarak 2007 y\u0131l\u0131nda d\u00fczenlendi. O tarihten bu yana her y\u0131l Nisan ay\u0131n\u0131n son haftas\u0131nda ger\u00e7ekle\u015ftirilen festivalde, b\u00f6lgede yeti\u015fen farkl\u0131 otlar\u0131n kullan\u0131ld\u0131\u011f\u0131 yemekler, tatl\u0131lar ve i\u00e7ecekler sunuluyor. Ayr\u0131ca, yerel \u00fcreticilerin organik \u00fcr\u00fcnlerinin sat\u0131\u015f\u0131 da yap\u0131l\u0131yor.<\/p>\n\n\n\n<p>Festival boyunca, Ala\u00e7at\u0131&#8217;n\u0131n sokaklar\u0131 ve meydanlar\u0131 rengarenk g\u00f6r\u00fcnt\u00fclere sahne oluyor. Etkinlikler aras\u0131nda, yemek yar\u0131\u015fmalar\u0131, a\u00e7\u0131k hava konserleri, sergiler ve paneller yer al\u0131yor. B\u00f6lgenin ot \u00fcreticileri ve \u015fefleri de ziyaret\u00e7ilerle bir araya gelerek, ot yeti\u015ftirme teknikleri, yemek tarifleri ve gastronomi hakk\u0131nda bilgi veriyorlar.<\/p>\n\n\n\n<p>Bu harika festivale kat\u0131lmak isterseniz <strong><a href=\"https:\/\/www.turna.com\/ucak-bileti\/izmir\" target=\"_blank\" rel=\"noreferrer noopener\">\u0130zmir u\u00e7ak bileti<\/a><\/strong> i\u00e7in web sitemizi ziyaret edin. Ayr\u0131ca <strong><a href=\"https:\/\/www.turna.com\/otel\" target=\"_blank\" rel=\"noreferrer noopener\">otel rezervasyonu<\/a><\/strong> i\u00e7in de elinizi \u00e7abuk tutman\u0131zda fayda var.<\/p>\n\n\n\n<p><strong>Festival Tarihi:<\/strong> 18-21 Nisan 2024<\/p>\n\n\n\n<h3 class=\"wp-block-heading has-text-align-center has-neeon-button-dark-gray-color has-text-color has-link-color wp-elements-c309cead297de48fada39f21a4614704\"><span class=\"ez-toc-section\" id=\"uluslararasi_portakal_cicegi_karnavali\"><\/span><strong><strong><strong><strong>Uluslararas\u0131 Portakal \u00c7i\u00e7e\u011fi Karnaval\u0131<\/strong><\/strong><\/strong><\/strong><span class=\"ez-toc-section-end\"><\/span><\/h3>\n\n\n\n<figure class=\"wp-block-image size-large\"><img decoding=\"async\" src=\"https:\/\/res.cloudinary.com\/turna\/image\/upload\/v1647899735\/nisanda_adanada_portakal_%C3%A7i%C3%A7e%C4%9Fi_festivali_rmymui.jpg\" alt=\"Uluslararas\u0131 Portakal \u00c7i\u00e7e\u011fi Karnaval\u0131\"\/><\/figure>\n\n\n\n<p><strong>Adana Portakal \u00c7i\u00e7e\u011fi Karnaval\u0131<\/strong>, <strong>T\u00fcrkiye&#8217;nin en b\u00fcy\u00fck<\/strong>&nbsp;<strong>festivalleri<\/strong> i\u00e7inde her y\u0131l Nisan ay\u0131nda Adana&#8217;da d\u00fczenlenen ve b\u00f6lgenin portakal bah\u00e7elerinin \u00e7i\u00e7eklenmesini kutlayan bir festival. Karnaval\u0131n ilk kez 1997 y\u0131l\u0131nda d\u00fczenlendi\u011fi biliniyor. Karnaval s\u00fcresince, b\u00f6lgedeki okullar, sivil toplum kurulu\u015flar\u0131 ve yerel i\u015fletmeler, rengarenk kost\u00fcmlerle sokaklarda y\u00fcr\u00fcyorlar.<\/p>\n\n\n\n<p>Portakal \u00e7i\u00e7e\u011fi krali\u00e7esi se\u00e7imi, konserler, dans g\u00f6sterileri, tiyatro performanslar\u0131 ve yar\u0131\u015fmalar gibi bir \u00e7ok etkinlik oluyor festivalde. Karnavala kat\u0131ld\u0131\u011f\u0131n\u0131zda, Adana&#8217;n\u0131n me\u015fhur lezzetlerini tadabilece\u011finiz yerel yemek stantlar\u0131na u\u011framaman\u0131z zaten imkans\u0131z. Ayr\u0131ca, b\u00f6lgedeki turistik yerleri ziyaret ederek Adana&#8217;n\u0131n tarihi ve k\u00fclt\u00fcrel dokusunu ke\u015ffedebilirsiniz.<\/p>\n\n\n\n<p><strong>Festival Tarihi:<\/strong> 13-21 Nisan 2024<\/p>\n\n\n\n<p> <strong><a href=\"https:\/\/www.turna.com\/ucak-bileti\/adana\" target=\"_blank\" rel=\"noreferrer noopener\">Adana u\u00e7ak bileti<\/a><\/strong> se\u00e7eneklerine g\u00f6z atmay\u0131 unutmay\u0131n.<\/p>\n\n\n\n<h3 class=\"wp-block-heading has-text-align-center has-neeon-button-dark-gray-color has-text-color has-link-color wp-elements-dd869fed261bc9f1c08e3f97ad4f3908\"><span class=\"ez-toc-section\" id=\"uluslararasi_mesir_macunu_festivali\"><\/span><strong><strong><strong><strong>Uluslararas\u0131 Mesir Macunu Festivali<\/strong><\/strong><\/strong><\/strong><span class=\"ez-toc-section-end\"><\/span><\/h3>\n\n\n\n<figure class=\"wp-block-image size-large\"><img decoding=\"async\" src=\"https:\/\/res.cloudinary.com\/turna\/image\/upload\/v1680561507\/Uluslararas%C4%B1_Mesir_Macunu_Festivali.jpg\" alt=\"Uluslararas\u0131 Mesir Macunu Festivali\"\/><\/figure>\n\n\n\n<p><strong>Uluslararas\u0131 Mesir Macunu Festivali<\/strong>, Manisa \u015fehrinde her y\u0131l d\u00fczenlenen <strong>T\u00fcrkiye&#8217;deki geleneksel festivaller<\/strong> listesinin \u00fcst s\u0131ralar\u0131nda. Festival, Osmanl\u0131 \u0130mparatorlu\u011fu d\u00f6neminden beri kutlan\u0131yor ve yakla\u015f\u0131k 500 y\u0131ll\u0131k bir tarihe sahip. Festivalde, halka \u015fifa da\u011f\u0131t\u0131ld\u0131\u011f\u0131na inan\u0131lan mesir macunu, 41 farkl\u0131 baharat ve bitkisel malzeme ile haz\u0131rlan\u0131yor ve Manisa Kalesi&#8217;nin tepesinden halka at\u0131l\u0131yor.<\/p>\n\n\n\n<p>Festivalde ayr\u0131ca, y\u00f6resel sanat\u00e7\u0131lar\u0131n verdi\u011fi konserler, halk oyunlar\u0131 g\u00f6sterileri, sergiler ve spor etkinlikleri gibi bir\u00e7ok farkl\u0131 etkinlik d\u00fczenleniyor. Ziyaret\u00e7iler, festival s\u00fcresince Manisa&#8217;n\u0131n tarihi ve turistik yerlerini gezebilir, y\u00f6resel yemekleri tadabilir ve festivalin renkli atmosferini ya\u015fayabilirler. Festival, her y\u0131l T\u00fcrkiye&#8217;nin d\u00f6rt bir yan\u0131ndan ve yurt d\u0131\u015f\u0131ndan ziyaret\u00e7ileri a\u011f\u0131rl\u0131yor.<\/p>\n\n\n\n<p><strong>Festival Tarihi:<\/strong> 23-28 Nisan 2024<\/p>\n\n\n\n<h3 class=\"wp-block-heading has-text-align-center has-neeon-button-dark-gray-color has-text-color has-link-color wp-elements-7957560257c5a3c7b08e1f5f66342120\"><span class=\"ez-toc-section\" id=\"bayindir_uluslararasi_cicek_festivali\"><\/span><strong><strong><strong><strong>Bay\u0131nd\u0131r Uluslararas\u0131 \u00c7i\u00e7ek Festivali<\/strong><\/strong><\/strong><\/strong><span class=\"ez-toc-section-end\"><\/span><\/h3>\n\n\n\n<figure class=\"wp-block-image size-large\"><img decoding=\"async\" src=\"https:\/\/res.cloudinary.com\/turna\/image\/upload\/v1711795778\/bayindir_uluslararasi_cicek_festivali.jpg\" alt=\"Bay\u0131nd\u0131r Uluslararas\u0131 \u00c7i\u00e7ek Festivali\"\/><\/figure>\n\n\n\n<p>Bu y\u0131l 25.si ger\u00e7ekle\u015fecek olan Bay\u0131nd\u0131r uluslararas\u0131 \u00e7i\u00e7ek festivali \u0130zmir Bay\u0131nd\u0131r Belediyesi taraf\u0131ndan d\u00fczenleniyor. Tam 4 g\u00fcn s\u00fcrecek olan festivalde mis gibi \u00e7i\u00e7ek kokular\u0131 ve manzaralar\u0131 sizi bekliyor. Bahar\u0131n geli\u015fini kutlamak i\u00e7in muhte\u015fem bir aktivite olacakt\u0131r. Harika foto\u011fraflar \u00e7ekebilir, konserde e\u011flenebilirsiniz. <\/p>\n\n\n\n<p><strong>Festival Tarihi:<\/strong> 25-28 Nisan 2024<\/p>\n\n\n\n<h3 class=\"wp-block-heading has-text-align-center has-neeon-button-dark-gray-color has-text-color has-link-color wp-elements-c0143072bd4da1ab50e0b95b7946e5a6\"><span class=\"ez-toc-section\" id=\"vegfest\"><\/span><strong><strong><strong><strong>Vegfest<\/strong><\/strong><\/strong><\/strong><span class=\"ez-toc-section-end\"><\/span><\/h3>\n\n\n\n<figure class=\"wp-block-image size-large\"><img decoding=\"async\" src=\"https:\/\/res.cloudinary.com\/turna\/image\/upload\/v1711795777\/didim_vegfest.jpg\" alt=\"Vegfest didim\"\/><\/figure>\n\n\n\n<p>Ayd\u0131n&#8217;\u0131n Didim il\u00e7esinde ger\u00e7ekle\u015ftirilen VegFest bu y\u0131l 6. kez ger\u00e7ekle\u015fecek. Festivalin amac\u0131 vegan ya\u015fam felsefesinin yay\u0131lmas\u0131n\u0131, hayvan \u00f6zg\u00fcrl\u00fc\u011f\u00fc m\u00fccadelesinin artmas\u0131n\u0131 sa\u011flamak. Vegfest ile bilin\u00e7li vegan say\u0131s\u0131n\u0131n artmas\u0131 hedefleniyor. Nisan ay\u0131 ba\u015f\u0131nda oldu\u011fumuz i\u00e7in hen\u00fcz tarihler netle\u015fmi\u015f olmasa da 26-28 Nisan&#8217;da yap\u0131lmas\u0131 planlan\u0131yor. Etkinlik yeri Apollon Tap\u0131na\u011f\u0131 olacak.<\/p>\n\n\n\n<p><strong>Festival Tarihi:<\/strong> 26-28 Nisan 2024<\/p>\n\n    <div class=\"xs_social_share_widget xs_share_url after_content \t\tmain_content  wslu-style-1 wslu-share-box-shaped wslu-fill-colored wslu-none wslu-share-horizontal wslu-theme-font-no wslu-main_content\">\n\n\t\t\n        <ul>\n\t\t\t        <\/ul>\n    <\/div> \n","protected":false},"excerpt":{"rendered":"<p>Festivaller, T\u00fcrk toplumunun k\u00fclt\u00fcrel miras\u0131n\u0131n \u00f6nemli bir par\u00e7as\u0131. T\u00fcrkiye&#8217;nin farkl\u0131 b\u00f6lgelerinde de\u011fi\u015fiklik g\u00f6stermekle birlikte, ortak bir tarihi ge\u00e7mi\u015fe sahipler. Geleneksel T\u00fcrk festivalleri, y\u00fczy\u0131llar \u00f6ncesine dayanan bir tarihe sahip olup, T\u00fcrk toplumunun hayat\u0131nda \u00f6nemli bir yere sahip. Bu festivaller, T\u00fcrk toplumunun bir par\u00e7as\u0131 olan insanlar\u0131n bir araya gelip, birlikte kutlama yaparak, k\u00fclt\u00fcrel ba\u011flar\u0131n\u0131 g\u00fc\u00e7lendirmesine yard\u0131mc\u0131 olan en g\u00fczel etkinlikler. Bahar\u0131n gelmesi, do\u011fan\u0131n canlanmas\u0131 ile co\u015fkuyla kutlanan T\u00fcrkiye&#8217;de Nisan ay\u0131 festivalleri nelermi\u015f gelin birlikte g\u00f6z atal\u0131m.<\/p>\n","protected":false},"author":34,"featured_media":21700,"comment_status":"open","ping_status":"open","sticky":false,"template":"","format":"standard","meta":{"rop_custom_images_group":[],"rop_custom_messages_group":[],"rop_publish_now":"initial","rop_publish_now_accounts":[],"rop_publish_now_history":[],"rop_publish_now_status":"pending","_cloudinary_featured_overwrite":false,"footnotes":""},"categories":[1],"tags":[450,635,224,351],"class_list":["post-21699","post","type-post","status-publish","format-standard","has-post-thumbnail","hentry","category-seyahat-rehberi","tag-adana","tag-aydin","tag-izmir","tag-manisa"],"_links":{"self":[{"href":"https:\/\/www.turna.com\/blog\/wp-json\/wp\/v2\/posts\/21699","targetHints":{"allow":["GET"]}}],"collection":[{"href":"https:\/\/www.turna.com\/blog\/wp-json\/wp\/v2\/posts"}],"about":[{"href":"https:\/\/www.turna.com\/blog\/wp-json\/wp\/v2\/types\/post"}],"author":[{"embeddable":true,"href":"https:\/\/www.turna.com\/blog\/wp-json\/wp\/v2\/users\/34"}],"replies":[{"embeddable":true,"href":"https:\/\/www.turna.com\/blog\/wp-json\/wp\/v2\/comments?post=21699"}],"version-history":[{"count":0,"href":"https:\/\/www.turna.com\/blog\/wp-json\/wp\/v2\/posts\/21699\/revisions"}],"wp:featuredmedia":[{"embeddable":true,"href":"https:\/\/www.turna.com\/blog\/wp-json\/wp\/v2\/media\/21700"}],"wp:attachment":[{"href":"https:\/\/www.turna.com\/blog\/wp-json\/wp\/v2\/media?parent=21699"}],"wp:term":[{"taxonomy":"category","embeddable":true,"href":"https:\/\/www.turna.com\/blog\/wp-json\/wp\/v2\/categories?post=21699"},{"taxonomy":"post_tag","embeddable":true,"href":"https:\/\/www.turna.com\/blog\/wp-json\/wp\/v2\/tags?post=21699"}],"curies":[{"name":"wp","href":"https:\/\/api.w.org\/{rel}","templated":true}]}}