{"id":21681,"date":"2023-03-22T21:17:53","date_gmt":"2023-03-22T18:17:53","guid":{"rendered":"https:\/\/www.turna.com\/blog\/?p=21681"},"modified":"2025-12-09T10:39:55","modified_gmt":"2025-12-09T07:39:55","slug":"buenos-aires-gezilecek-yerler","status":"publish","type":"post","link":"https:\/\/www.turna.com\/blog\/buenos-aires-gezilecek-yerler","title":{"rendered":"Buenos Aires Gezilecek Yerler:  G\u00f6r\u00fclecek 10 Yer"},"content":{"rendered":"<div id=\"ez-toc-container\" class=\"ez-toc-v2_0_82_2 counter-hierarchy ez-toc-counter ez-toc-black ez-toc-container-direction\">\n<div class=\"ez-toc-title-container\">\n<p class=\"ez-toc-title\" style=\"cursor:inherit\">\u0130\u00e7indekiler<\/p>\n<span class=\"ez-toc-title-toggle\"><a href=\"#\" class=\"ez-toc-pull-right ez-toc-btn ez-toc-btn-xs ez-toc-btn-default ez-toc-toggle\" aria-label=\"\u0130\u00e7indekiler Tablosunu A\u00e7\/Kapat\"><span class=\"ez-toc-js-icon-con\"><span class=\"\"><span class=\"eztoc-hide\" style=\"display:none;\">Toggle<\/span><span class=\"ez-toc-icon-toggle-span\"><svg style=\"fill: #ffffff;color:#ffffff\" xmlns=\"http:\/\/www.w3.org\/2000\/svg\" class=\"list-377408\" width=\"20px\" height=\"20px\" viewBox=\"0 0 24 24\" fill=\"none\"><path d=\"M6 6H4v2h2V6zm14 0H8v2h12V6zM4 11h2v2H4v-2zm16 0H8v2h12v-2zM4 16h2v2H4v-2zm16 0H8v2h12v-2z\" fill=\"currentColor\"><\/path><\/svg><svg style=\"fill: #ffffff;color:#ffffff\" class=\"arrow-unsorted-368013\" xmlns=\"http:\/\/www.w3.org\/2000\/svg\" width=\"10px\" height=\"10px\" viewBox=\"0 0 24 24\" version=\"1.2\" baseProfile=\"tiny\"><path d=\"M18.2 9.3l-6.2-6.3-6.2 6.3c-.2.2-.3.4-.3.7s.1.5.3.7c.2.2.4.3.7.3h11c.3 0 .5-.1.7-.3.2-.2.3-.5.3-.7s-.1-.5-.3-.7zM5.8 14.7l6.2 6.3 6.2-6.3c.2-.2.3-.5.3-.7s-.1-.5-.3-.7c-.2-.2-.4-.3-.7-.3h-11c-.3 0-.5.1-.7.3-.2.2-.3.5-.3.7s.1.5.3.7z\"\/><\/svg><\/span><\/span><\/span><\/a><\/span><\/div>\n<nav><ul class='ez-toc-list ez-toc-list-level-1 eztoc-toggle-hide-by-default' ><li class='ez-toc-page-1 ez-toc-heading-level-2'><a class=\"ez-toc-link ez-toc-heading-1\" href=\"https:\/\/www.turna.com\/blog\/buenos-aires-gezilecek-yerler\/#latin_amerikanin_parisi_buenos_aires_gezilecek_yerler\" >Latin Amerika&#8217;n\u0131n Paris&#8217;i: Buenos Aires Gezilecek Yerler<\/a><ul class='ez-toc-list-level-3' ><li class='ez-toc-heading-level-3'><a class=\"ez-toc-link ez-toc-heading-2\" href=\"https:\/\/www.turna.com\/blog\/buenos-aires-gezilecek-yerler\/#recoleta_mezarligi\" >Recoleta Mezarl\u0131\u011f\u0131<\/a><\/li><li class='ez-toc-page-1 ez-toc-heading-level-3'><a class=\"ez-toc-link ez-toc-heading-3\" href=\"https:\/\/www.turna.com\/blog\/buenos-aires-gezilecek-yerler\/#plaza_de_mayo_mayis_meydani\" >Plaza de Mayo (May\u0131s Meydan\u0131)<\/a><\/li><li class='ez-toc-page-1 ez-toc-heading-level-3'><a class=\"ez-toc-link ez-toc-heading-4\" href=\"https:\/\/www.turna.com\/blog\/buenos-aires-gezilecek-yerler\/#la_boca\" >La Boca<\/a><\/li><li class='ez-toc-page-1 ez-toc-heading-level-3'><a class=\"ez-toc-link ez-toc-heading-5\" href=\"https:\/\/www.turna.com\/blog\/buenos-aires-gezilecek-yerler\/#puerto_madero\" >Puerto Madero<\/a><\/li><li class='ez-toc-page-1 ez-toc-heading-level-3'><a class=\"ez-toc-link ez-toc-heading-6\" href=\"https:\/\/www.turna.com\/blog\/buenos-aires-gezilecek-yerler\/#teatro_colon_opera_binasi\" >Teatro Colon (Opera Binas\u0131)<\/a><\/li><li class='ez-toc-page-1 ez-toc-heading-level-3'><a class=\"ez-toc-link ez-toc-heading-7\" href=\"https:\/\/www.turna.com\/blog\/buenos-aires-gezilecek-yerler\/#japon_bahceleri\" >Japon Bah\u00e7eleri<\/a><\/li><li class='ez-toc-page-1 ez-toc-heading-level-3'><a class=\"ez-toc-link ez-toc-heading-8\" href=\"https:\/\/www.turna.com\/blog\/buenos-aires-gezilecek-yerler\/#palacia_barolo_barolo_sarayi\" >Palacia Barolo (Barolo Saray\u0131)<\/a><\/li><li class='ez-toc-page-1 ez-toc-heading-level-3'><a class=\"ez-toc-link ez-toc-heading-9\" href=\"https:\/\/www.turna.com\/blog\/buenos-aires-gezilecek-yerler\/#buenos_aires_latin_amerika_sanat_muzesi\" >Buenos Aires Latin Amerika Sanat M\u00fczesi<\/a><\/li><li class='ez-toc-page-1 ez-toc-heading-level-3'><a class=\"ez-toc-link ez-toc-heading-10\" href=\"https:\/\/www.turna.com\/blog\/buenos-aires-gezilecek-yerler\/#avenida_de_9_julio_9_temmuz_bulvari\" >Avenida De 9 Julio (9 Temmuz Bulvar\u0131)<\/a><\/li><li class='ez-toc-page-1 ez-toc-heading-level-3'><a class=\"ez-toc-link ez-toc-heading-11\" href=\"https:\/\/www.turna.com\/blog\/buenos-aires-gezilecek-yerler\/#casa_rosada\" >Casa Rosada<\/a><\/li><\/ul><\/li><li class='ez-toc-page-1 ez-toc-heading-level-2'><a class=\"ez-toc-link ez-toc-heading-12\" href=\"https:\/\/www.turna.com\/blog\/buenos-aires-gezilecek-yerler\/#buenos_aires_hakkinda_hap_bilgiler\" >Buenos Aires Hakk\u0131nda Hap Bilgiler<\/a><ul class='ez-toc-list-level-3' ><li class='ez-toc-heading-level-3'><a class=\"ez-toc-link ez-toc-heading-13\" href=\"https:\/\/www.turna.com\/blog\/buenos-aires-gezilecek-yerler\/#buenos_aires_nerede_nasil_gidilir\" >Buenos Aires Nerede &amp; Nas\u0131l Gidilir?<\/a><\/li><li class='ez-toc-page-1 ez-toc-heading-level-3'><a class=\"ez-toc-link ez-toc-heading-14\" href=\"https:\/\/www.turna.com\/blog\/buenos-aires-gezilecek-yerler\/#buenos_aires_guvenli_mi\" >Buenos Aires G\u00fcvenli mi?<\/a><\/li><li class='ez-toc-page-1 ez-toc-heading-level-3'><a class=\"ez-toc-link ez-toc-heading-15\" href=\"https:\/\/www.turna.com\/blog\/buenos-aires-gezilecek-yerler\/#buenos_aires_para_birimi\" >Buenos Aires Para Birimi<\/a><\/li><li class='ez-toc-page-1 ez-toc-heading-level-3'><a class=\"ez-toc-link ez-toc-heading-16\" href=\"https:\/\/www.turna.com\/blog\/buenos-aires-gezilecek-yerler\/#buenos_aireste_ne_yapilir\" >Buenos Aires&#8217;te Ne Yap\u0131l\u0131r?<\/a><\/li><li class='ez-toc-page-1 ez-toc-heading-level-3'><a class=\"ez-toc-link ez-toc-heading-17\" href=\"https:\/\/www.turna.com\/blog\/buenos-aires-gezilecek-yerler\/#buenos_aireste_yeme_icme\" >Buenos Aires&#8217;te Yeme&amp;\u0130\u00e7me<\/a><\/li><\/ul><\/li><\/ul><\/nav><\/div>\n\n<p>Buenos Aires, G\u00fcney Amerika&#8217;n\u0131n en b\u00fcy\u00fck \u015fehirlerinden biri ve d\u00fcnya \u00e7ap\u0131nda turistlerin ziyaret etti\u011fi pop\u00fcler bir turistik destinasyon. \u015eehir, Arjantin&#8217;in ba\u015fkenti ve ayn\u0131 zamanda tutkunun dans\u0131 tangonun do\u011fdu\u011fu yer. Buenos Aires, sanat, k\u00fclt\u00fcr, tarih ve gastronomi a\u00e7\u0131s\u0131ndan olduk\u00e7a zengin bir \u015fehir. \u015eehirdeki m\u00fczeleri, tarihi yap\u0131lar\u0131, renkli sokaklar\u0131, parklar\u0131 ve lezzetli yemekleri ke\u015ffetmek burada yapaca\u011f\u0131n\u0131z ba\u015fl\u0131ca \u015feyler. <strong>Buenos Aires gezilecek yerler<\/strong> aras\u0131nda \u015fehrin merkezi Plaza de Mayo, Recoleta Mezarl\u0131\u011f\u0131, San Telmo Pazar\u0131, La Boca semti, Palermo Park\u0131 ve Casa Rosada gibi yerler bulunuyor. \u015eehrin her k\u00f6\u015fesi bir \u00f6yk\u00fc anlat\u0131yor ve buran\u0131n kendine \u00f6zg\u00fc atmosferinde kendinizi kaybetmekten \u00e7ok ho\u015flanacaks\u0131n\u0131z.<\/p>\n\n\n\n<h2 class=\"wp-block-heading has-text-align-center has-neeon-button-dark-gray-color has-text-color has-link-color wp-elements-09fd644294d6e118384c17408ee97442\"><span class=\"ez-toc-section\" id=\"latin_amerikanin_parisi_buenos_aires_gezilecek_yerler\"><\/span><strong><strong><strong>Latin Amerika&#8217;n\u0131n Paris&#8217;i: <strong>Buenos Aires Gezilecek Yerler<\/strong><\/strong><\/strong><\/strong><span class=\"ez-toc-section-end\"><\/span><\/h2>\n\n\n\n<figure class=\"wp-block-image size-large\"><img width=\"800\" height=\"500\" data-public-id=\"buenos_aires_gezilecek_yerler\/buenos_aires_gezilecek_yerler.jpg\" decoding=\"async\" src=\"https:\/\/res.cloudinary.com\/turna\/images\/w_800,h_500,c_scale\/f_auto,q_auto:low\/v1679505305\/buenos_aires_gezilecek_yerler\/buenos_aires_gezilecek_yerler.jpg?_i=AA\" alt=\"Buenos Aires Gezilecek Yerler\" class=\"wp-post-0 wp-image-21682\" data-format=\"jpg\" data-transformations=\"f_auto,q_auto:low\" data-version=\"1679505305\" data-seo=\"1\" srcset=\"https:\/\/res.cloudinary.com\/turna\/images\/f_auto,q_auto:low\/v1679505305\/buenos_aires_gezilecek_yerler\/buenos_aires_gezilecek_yerler.jpg?_i=AA 800w, https:\/\/res.cloudinary.com\/turna\/images\/w_300,h_188,c_scale\/f_auto,q_auto:low\/v1679505305\/buenos_aires_gezilecek_yerler\/buenos_aires_gezilecek_yerler.jpg?_i=AA 300w, https:\/\/res.cloudinary.com\/turna\/images\/w_672,h_420,c_scale\/f_auto,q_auto:low\/v1679505305\/buenos_aires_gezilecek_yerler\/buenos_aires_gezilecek_yerler.jpg?_i=AA 672w, https:\/\/res.cloudinary.com\/turna\/images\/w_640,h_400,c_scale\/f_auto,q_auto:low\/v1679505305\/buenos_aires_gezilecek_yerler\/buenos_aires_gezilecek_yerler.jpg?_i=AA 640w, https:\/\/res.cloudinary.com\/turna\/images\/w_681,h_426,c_scale\/f_auto,q_auto:low\/v1679505305\/buenos_aires_gezilecek_yerler\/buenos_aires_gezilecek_yerler.jpg?_i=AA 681w\" sizes=\"(max-width: 800px) 100vw, 800px\" \/><\/figure>\n\n\n\n<p>Buenos Aires, biz gezginler i\u00e7in ke\u015ffedilecek bir\u00e7ok yer sunan zengin bir \u015fehir. \u015eehrin merkezi Plaza de Mayo, \u015fehrin politik tarihini yans\u0131tan \u00f6nemli bir meydan. Recoleta Mezarl\u0131\u011f\u0131, \u00fcnl\u00fc Arjantinlilerin mezarlar\u0131n\u0131n bulundu\u011fu tarihi bir mezarl\u0131k ve ilgi \u00e7ekici bir turistik nokta. San Telmo Pazar\u0131, antikac\u0131lar\u0131n ve el sanatlar\u0131 sat\u0131c\u0131lar\u0131n\u0131n yer ald\u0131\u011f\u0131 renkli bir pazar. Daha fazla spoiler vermeyeyim bu b\u00f6l\u00fcmde. \ud83d\ude01 Zaten a\u015fa\u011f\u0131da hepsini detayl\u0131ca anlataca\u011f\u0131m. Bilmeniz gereken bu \u015fehirde ke\u015ffedilecek \u00e7ok \u015fey var. <\/p>\n\n\n\n<p><strong>Buenos Aires&#8217;te Gezilecek Yerler<\/strong><\/p>\n\n\n\n<ol class=\"wp-block-list\">\n<li>Recoleta Mezarl\u0131\u011f\u0131<\/li>\n\n\n\n<li>Plaza de Mayo (May\u0131s Meydan\u0131)<\/li>\n\n\n\n<li>La Boca<\/li>\n\n\n\n<li>Puerto Madero<\/li>\n\n\n\n<li>Teatro Colon (Opera Binas\u0131)<\/li>\n\n\n\n<li>Japon Bah\u00e7eleri<\/li>\n\n\n\n<li>Palacia Barolo (Barolo Saray\u0131)<\/li>\n\n\n\n<li>Buenos Aires Latin Amerika Sanat M\u00fczesi<\/li>\n\n\n\n<li>Avenida De 9 Julio (9 Temmuz Bulvar\u0131)<\/li>\n\n\n\n<li>Casa Rosada<\/li>\n<\/ol>\n\n\n\n<h3 class=\"wp-block-heading has-text-align-center has-neeon-button-dark-gray-color has-text-color has-link-color wp-elements-a54db51a6bd86fd7d9cdc6301be5f8a6\"><span class=\"ez-toc-section\" id=\"recoleta_mezarligi\"><\/span><strong><strong><strong><strong>Recoleta Mezarl\u0131\u011f\u0131<\/strong><\/strong><\/strong><\/strong><span class=\"ez-toc-section-end\"><\/span><\/h3>\n\n\n\n<figure class=\"wp-block-image size-large\"><img decoding=\"async\" src=\"https:\/\/res.cloudinary.com\/turna\/image\/upload\/v1679505307\/recoleta_mezarl%C4%B1%C4%9F%C4%B1.jpg\" alt=\"Recoleta Mezarl\u0131\u011f\u0131\"\/><\/figure>\n\n\n\n<p><strong>Recoleta Mezarl\u0131\u011f\u0131<\/strong>, Buenos Aires&#8217;in Recoleta semtinde bulunan \u00fcnl\u00fc bir mezarl\u0131k. Mezarl\u0131k, Arjantin&#8217;in \u00f6nemli tarihi ve k\u00fclt\u00fcrel fig\u00fcrlerinin mezarlar\u0131na ev sahipli\u011fi yapmas\u0131yla \u00fcnl\u00fc. Frans\u0131z neoklasik tarzda in\u015fa edilmi\u015f ve 1822&#8217;de a\u00e7\u0131lm\u0131\u015f. Mezarl\u0131kta 90.000&#8217;den fazla mezar bulunuyor ve bunlar\u0131n aras\u0131nda \u00fcnl\u00fc yazarlar, siyasi liderler, askeri liderler ve sanat\u00e7\u0131lar gibi bir\u00e7ok tan\u0131nm\u0131\u015f ki\u015fi yer al\u0131yor. Mezarl\u0131\u011f\u0131n en \u00fcnl\u00fc sakinlerinden biri, \u00fcnl\u00fc Arjantinli First Lady Eva Per\u00f3n. Recoleta Mezarl\u0131\u011f\u0131, mimarisi ve zengin tarihi ile ilgi \u00e7ekici bir turistik mekan olmakla birlikte, ziyaret\u00e7ilerin sessiz ve sayg\u0131l\u0131 bir \u015fekilde gezmesi gereken bir yer. Mezarl\u0131k, Buenos Aires&#8217;in k\u00fclt\u00fcrel zenginli\u011fini yans\u0131tan \u00f6nemli bir turistik nokta.<\/p>\n\n\n\n<ul class=\"wp-block-list\">\n<li>Recoleta Mezarl\u0131\u011f\u0131 konumu <strong><a href=\"https:\/\/goo.gl\/maps\/MNrbFCmtbozfS6Bg9\" target=\"_blank\" rel=\"noreferrer noopener\">burada.<\/a><\/strong><\/li>\n<\/ul>\n\n\n\n<h3 class=\"wp-block-heading has-text-align-center has-neeon-button-dark-gray-color has-text-color has-link-color wp-elements-bcdc73ba7c27a8c35c15969d5f3832a2\"><span class=\"ez-toc-section\" id=\"plaza_de_mayo_mayis_meydani\"><\/span><strong><strong><strong><strong>Plaza de Mayo (May\u0131s Meydan\u0131)<\/strong><\/strong><\/strong><\/strong><span class=\"ez-toc-section-end\"><\/span><\/h3>\n\n\n\n<figure class=\"wp-block-image size-large\"><img decoding=\"async\" src=\"https:\/\/res.cloudinary.com\/turna\/image\/upload\/v1679505306\/plaza_de_mayo.jpg\" alt=\"Plaza de Mayo (May\u0131s Meydan\u0131)\"\/><\/figure>\n\n\n\n<p>Plaza de Mayo, Buenos Aires&#8217;in en \u00fcnl\u00fc meydanlar\u0131ndan biri. 1810&#8217;da Arjantin&#8217;in ba\u011f\u0131ms\u0131zl\u0131k hareketi ba\u015flad\u0131\u011f\u0131nda, bu meydan ba\u011f\u0131ms\u0131zl\u0131k sava\u015f\u0131 i\u00e7in \u00f6nemli bir toplanma ve protesto noktas\u0131 haline gelmi\u015f. Bug\u00fcn, meydan hala Arjantin h\u00fck\u00fcmetinin ve insan haklar\u0131 savunucular\u0131n\u0131n protestolar\u0131na ev sahipli\u011fi yap\u0131yor. Ayr\u0131ca, Plaza de Mayo \u00e7evresindeki tarihi binalar, \u00f6zellikle de Casa Rosada (Arjantin ba\u015fkanl\u0131k saray\u0131), meydana b\u00fcy\u00fck bir tarihi ve k\u00fclt\u00fcrel \u00f6nem kat\u0131yor. Buenos Aires&#8217;te bir gezi planlarken, Plaza de Mayo&#8217;nun tarihini ve g\u00fczelli\u011fini ke\u015ffetmek i\u00e7in mutlaka ziyaret etmelisiniz.<\/p>\n\n\n\n<ul class=\"wp-block-list\">\n<li>Plaza de Mayo konumu <strong><a href=\"https:\/\/goo.gl\/maps\/dsxjxhWPguhVAcoM8\" target=\"_blank\" rel=\"noreferrer noopener\">burada.<\/a><\/strong><\/li>\n<\/ul>\n\n\n\n<h3 class=\"wp-block-heading has-text-align-center has-neeon-button-dark-gray-color has-text-color has-link-color wp-elements-8623a9d0dcf002568b4e7bdca0d390ae\"><span class=\"ez-toc-section\" id=\"la_boca\"><\/span><strong><strong><strong><strong>La Boca<\/strong><\/strong><\/strong><\/strong><span class=\"ez-toc-section-end\"><\/span><\/h3>\n\n\n\n<figure class=\"wp-block-image size-large\"><img decoding=\"async\" src=\"https:\/\/res.cloudinary.com\/turna\/image\/upload\/v1679505306\/la_boca.jpg\" alt=\"La Boca Buenos Aires gezilecek yerler\"\/><\/figure>\n\n\n\n<p>La Boca, Buenos Aires gezilecek yerler listesinde yer alan renkli ve canl\u0131 bir semt. Semtin en \u00fcnl\u00fc \u00f6zelliklerinden biri, &#8220;Caminito&#8221; olarak adland\u0131r\u0131lan renkli sokak. Burada, evlerin ve d\u00fckkanlar\u0131n cepheleri, canl\u0131 renklerle boyanm\u0131\u015f ve sokak sanat\u00e7\u0131lar\u0131, tango m\u00fczi\u011fi ve dans\u0131 gibi geleneksel Arjantin k\u00fclt\u00fcr\u00fcn\u00fcn canl\u0131l\u0131\u011f\u0131na katk\u0131da bulunuyor. La Boca ayr\u0131ca \u00fcnl\u00fc bir futbol tak\u0131m\u0131 olan Boca Juniors&#8217;a ev sahipli\u011fi yap\u0131yor. Tak\u0131m\u0131n ev sahibi stadyumu, &#8220;La Bombonera&#8221; semtin en ikonik yap\u0131lar\u0131ndan biri. Semtte k\u00f6kl\u00fc \u0130talyan g\u00f6\u00e7men toplulu\u011fu ya\u015f\u0131yor bu nedenle, \u0130talyan k\u00fclt\u00fcr\u00fcne ait restoranlar ve di\u011fer i\u015fletmeleri de s\u0131k\u00e7a g\u00f6receksiniz.<\/p>\n\n\n\n<ul class=\"wp-block-list\">\n<li>La Boca konumu<strong><a href=\"https:\/\/goo.gl\/maps\/tyLDiHYz2tpCfJcL6\" target=\"_blank\" rel=\"noreferrer noopener\"> burada.<\/a><\/strong><\/li>\n<\/ul>\n\n\n\n<h3 class=\"wp-block-heading has-text-align-center has-neeon-button-dark-gray-color has-text-color has-link-color wp-elements-37ddff0cb886ad30225966708ce870ae\"><span class=\"ez-toc-section\" id=\"puerto_madero\"><\/span><strong><strong><strong><strong>Puerto Madero<\/strong><\/strong><\/strong><\/strong><span class=\"ez-toc-section-end\"><\/span><\/h3>\n\n\n\n<figure class=\"wp-block-image size-large\"><img decoding=\"async\" src=\"https:\/\/res.cloudinary.com\/turna\/image\/upload\/v1679505306\/Puerto_Madero.jpg\" alt=\"Puerto Madero\"\/><\/figure>\n\n\n\n<p>Puerto Madero, Arjantin&#8217;in tarihindeki \u00f6nemli bir liman b\u00f6lgesinde yer al\u0131yor. 90&#8217;l\u0131 y\u0131llarda restore edilen ve yeniden in\u015fa edilen semt, \u015fimdi l\u00fcks restoranlar\u0131, barlar\u0131, ofis binalar\u0131 ve y\u00fcksek binalar\u0131 ile dikkat \u00e7ekiyor. Ayn\u0131 zamanda, semt Buenos Aires&#8217;in en \u00fcnl\u00fc k\u00f6pr\u00fclerinden biri olan &#8220;Puente de la Mujer&#8221; (Kad\u0131n K\u00f6pr\u00fcs\u00fc) gibi mimari yap\u0131lar\u0131 da g\u00f6rebilece\u011finiz bir yer. Ak\u015famlar\u0131 Buenos Aires&#8217;in nehir manzaras\u0131n\u0131 izlemek i\u00e7in u\u011fray\u0131n derim.<\/p>\n\n\n\n<ul class=\"wp-block-list\">\n<li>Puerto Madero konumu<strong><a href=\"https:\/\/goo.gl\/maps\/WcYV3QQabej9k9xx5\" target=\"_blank\" rel=\"noreferrer noopener\"> burada.<\/a><\/strong><\/li>\n<\/ul>\n\n\n\n<h3 class=\"wp-block-heading has-text-align-center has-neeon-button-dark-gray-color has-text-color has-link-color wp-elements-145f7e27b96f22c8388196d237229d60\"><span class=\"ez-toc-section\" id=\"teatro_colon_opera_binasi\"><\/span><strong><strong><strong><strong>Teatro Colon (Opera Binas\u0131)<\/strong><\/strong><\/strong><\/strong><span class=\"ez-toc-section-end\"><\/span><\/h3>\n\n\n\n<figure class=\"wp-block-image size-large\"><img decoding=\"async\" src=\"https:\/\/res.cloudinary.com\/turna\/image\/upload\/v1679505306\/teatro_colon.jpg\" alt=\"Teatro Colon (Opera Binas\u0131)\"\/><\/figure>\n\n\n\n<p>Teatro Colon, d\u00fcnyan\u0131n en \u00fcnl\u00fc opera binalar\u0131ndan biri. 1908 y\u0131l\u0131nda in\u015fa edilen bina, Frans\u0131z ve \u0130talyan mimari tarzlar\u0131ndan esinlenilerek tasarlanm\u0131\u015f. Teatro Colon&#8217;un \u00f6zellikle akustikleri d\u00fcnya \u00e7ap\u0131nda \u00fcn kazanm\u0131\u015f ve burada sahne alan opera sanat\u00e7\u0131lar\u0131, dans\u00e7\u0131lar ve m\u00fczisyenler b\u00fcy\u00fck be\u011feni topluyor. Bina, tarihi ve sanatsal a\u00e7\u0131dan b\u00fcy\u00fck bir \u00f6nem ta\u015f\u0131yor. Bu muhte\u015fem atmosferi hissetmek isterseniz mutlaka orada oldu\u011funuz tarihlerde sahnelenen k\u00fclt\u00fcrel etkinliklerden biri kat\u0131lmadan d\u00f6nmeyin.<\/p>\n\n\n\n<ul class=\"wp-block-list\">\n<li>Teatro Colon konumu<strong><a href=\"https:\/\/goo.gl\/maps\/qPteHAtgrB5UCBpa8\" target=\"_blank\" rel=\"noreferrer noopener\"> burada.<\/a><\/strong><\/li>\n<\/ul>\n\n\n\n<h3 class=\"wp-block-heading has-text-align-center has-neeon-button-dark-gray-color has-text-color has-link-color wp-elements-28e238b6e86b412a8cb758eceae53d63\"><span class=\"ez-toc-section\" id=\"japon_bahceleri\"><\/span><strong><strong><strong><strong>Japon Bah\u00e7eleri<\/strong><\/strong><\/strong><\/strong><span class=\"ez-toc-section-end\"><\/span><\/h3>\n\n\n\n<figure class=\"wp-block-image size-large\"><img decoding=\"async\" src=\"https:\/\/res.cloudinary.com\/turna\/image\/upload\/v1679505305\/japon_bah%C3%A7eleri.jpg\" alt=\"Japon Bah\u00e7eleri Buenos Aires gezilecek yerler\"\/><\/figure>\n\n\n\n<p>Buenos Aires gezilecek yerler i\u00e7inde bulunan Japon Bah\u00e7esi, Palermo semtinde yer alan, Japon k\u00fclt\u00fcr\u00fc ve esteti\u011fini yans\u0131tan g\u00fczel bir bah\u00e7e. 1967 y\u0131l\u0131nda Japonya \u0130mparatorlu\u011fu h\u00fck\u00fcmeti taraf\u0131ndan Arjantin halk\u0131na bir hediye olarak verilen bu bah\u00e7e, Japonya&#8217;n\u0131n geleneksel bah\u00e7e tasar\u0131m\u0131 tekniklerini taklit ederek yap\u0131lm\u0131\u015f. Bah\u00e7e, tipik Japon bah\u00e7elerinde oldu\u011fu gibi do\u011fal ta\u015flar, su \u00f6zellikleri, bonsai a\u011fa\u00e7lar\u0131 ve Japon tap\u0131naklar\u0131 ile dolu. Ayr\u0131ca bah\u00e7e, Japon k\u00fclt\u00fcr\u00fcne ve tarihine dair pek \u00e7ok unsuru da sergiliyor. \u00d6zellikle bahar aylar\u0131nda, kiraz \u00e7i\u00e7eklerinin a\u00e7mas\u0131yla birlikte renkli ve g\u00fczel manzaralar sunuyor. Buenos Aires&#8217;in ziyaret edilmesi gereken en \u00f6nemli turistik yerlerinden biri.<\/p>\n\n\n\n<ul class=\"wp-block-list\">\n<li>Japon Bah\u00e7eleri konumu <strong><a href=\"https:\/\/goo.gl\/maps\/knUkis28S3G2cTTN7\" target=\"_blank\" rel=\"noreferrer noopener\">burada.<\/a><\/strong><\/li>\n<\/ul>\n\n\n\n<h3 class=\"wp-block-heading has-text-align-center has-neeon-button-dark-gray-color has-text-color has-link-color wp-elements-5e7ab2d2ab153f2da27f119170ed3507\"><span class=\"ez-toc-section\" id=\"palacia_barolo_barolo_sarayi\"><\/span><strong><strong><strong><strong>Palacia Barolo (Barolo Saray\u0131)<\/strong><\/strong><\/strong><\/strong><span class=\"ez-toc-section-end\"><\/span><\/h3>\n\n\n\n<figure class=\"wp-block-image size-large\"><img decoding=\"async\" src=\"https:\/\/res.cloudinary.com\/turna\/image\/upload\/v1679505307\/palacia_barolo.jpg\" alt=\"Palacia Barolo (Barolo Saray\u0131)\"\/><\/figure>\n\n\n\n<p>Palacio Barolo, Buenos Aires&#8217;in \u00fcnl\u00fc turistik mekanlar\u0131ndan biri. 1923 y\u0131l\u0131nda tamamlanm\u0131\u015f olan bu g\u00f6kdelen, Arjantin&#8217;in en y\u00fcksek binas\u0131 olma \u00f6zelli\u011fini ta\u015f\u0131d\u0131\u011f\u0131 d\u00f6nemlerde in\u015fa edilmi\u015f. Binan\u0131n tasar\u0131m\u0131nda \u0130talyan yazar Dante Alighieri&#8217;nin &#8220;\u0130lahi Komedya&#8221; adl\u0131 eserinden esinlenilmi\u015f. Binan\u0131n 22 kat\u0131, Dante&#8217;nin cennet, cehennem ve purgatoryo b\u00f6l\u00fcmlerine adanm\u0131\u015f ve bu b\u00f6l\u00fcmler Dante&#8217;nin cennete y\u00fckseli\u015f yolculu\u011funu simgeliyormu\u015f. Bu nedenle binan\u0131n en \u00fcst kat\u0131 cennet b\u00f6l\u00fcm\u00fcne adanm\u0131\u015f. Buradan \u015fehrin nefes kesici manzaras\u0131n\u0131n keyfini \u00e7\u0131karabilirsiniz.<\/p>\n\n\n\n<ul class=\"wp-block-list\">\n<li>Palacia Barolo konumu<a href=\"https:\/\/goo.gl\/maps\/ZBSQ9rZ4CayWERSC6\" target=\"_blank\" rel=\"noreferrer noopener\"> <strong>burada.<\/strong><\/a><\/li>\n<\/ul>\n\n\n\n<h3 class=\"wp-block-heading has-text-align-center has-neeon-button-dark-gray-color has-text-color has-link-color wp-elements-d2295ebec9c38de90b9f261b7a6c927d\"><span class=\"ez-toc-section\" id=\"buenos_aires_latin_amerika_sanat_muzesi\"><\/span><strong><strong><strong><strong>Buenos Aires Latin Amerika Sanat M\u00fczesi<\/strong><\/strong><\/strong><\/strong><span class=\"ez-toc-section-end\"><\/span><\/h3>\n\n\n\n<figure class=\"wp-block-image size-large\"><img decoding=\"async\" src=\"https:\/\/res.cloudinary.com\/turna\/image\/upload\/v1679505305\/Buenos_Aires_Latin_Amerika_Sanat_M%C3%BCzesi.jpg\" alt=\"Buenos Aires Latin Amerika Sanat M\u00fczesi\"\/><\/figure>\n\n\n\n<p>Buenos Aires Latin Amerika Sanat M\u00fczesi, Latin Amerika sanat\u0131n\u0131n en \u00f6nemli koleksiyonlar\u0131ndan birine ev sahipli\u011fi yap\u0131yor. M\u00fcze, 1957 y\u0131l\u0131nda kurulmu\u015f ve o tarihten bu yana, Latin Amerika&#8217;n\u0131n farkl\u0131 b\u00f6lgelerinden gelen sanat eserleriyle zenginle\u015ftirilmi\u015f. M\u00fczenin koleksiyonu, Kolomb \u00f6ncesi d\u00f6nemden g\u00fcn\u00fcm\u00fcze kadar Latin Amerika sanat\u0131n\u0131n farkl\u0131 d\u00f6nemlerinden \u00f6rnekler i\u00e7eriyor. Ayr\u0131ca, \u00e7a\u011fda\u015f sanat eserleri, resimler, heykeller, bask\u0131lar ve foto\u011fraflar gibi farkl\u0131 sanat disiplinlerinden eserler de bulunuyor. M\u00fcze, ziyaret\u00e7ilerine hem Latin Amerika sanat\u0131 hakk\u0131nda bilgi sahibi olma hem de k\u00fclt\u00fcrler aras\u0131 diyalogu art\u0131rma imkan\u0131 sunuyor.<\/p>\n\n\n\n<ul class=\"wp-block-list\">\n<li>Buenos Aires Latin Amerika Sanat M\u00fczesi konumu <strong><a href=\"https:\/\/goo.gl\/maps\/DBNtsb5RVdjcP8gJ7\" target=\"_blank\" rel=\"noreferrer noopener\">burada.<\/a><\/strong><\/li>\n<\/ul>\n\n\n\n<h3 class=\"wp-block-heading has-text-align-center has-neeon-button-dark-gray-color has-text-color has-link-color wp-elements-b66f588cedd85eb0194dcd0df3569c09\"><span class=\"ez-toc-section\" id=\"avenida_de_9_julio_9_temmuz_bulvari\"><\/span><strong><strong><strong><strong>Avenida De 9 Julio (9 Temmuz Bulvar\u0131)<\/strong><\/strong><\/strong><\/strong><span class=\"ez-toc-section-end\"><\/span><\/h3>\n\n\n\n<figure class=\"wp-block-image size-large\"><img decoding=\"async\" src=\"https:\/\/res.cloudinary.com\/turna\/image\/upload\/v1679505305\/Avenida_De_9_Julio_9_Temmuz_Bulvar%C4%B1.jpg\" alt=\"Avenida De 9 Julio (9 Temmuz Bulvar\u0131)\"\/><\/figure>\n\n\n\n<p>Buenos Aires&#8217;in merkezinde bulunan Avenida De 9 Julio, 140 metre geni\u015fli\u011fiyle d\u00fcnyan\u0131n en geni\u015f caddelerinden biri. Ad\u0131n\u0131, Arjantin&#8217;in ba\u011f\u0131ms\u0131zl\u0131k g\u00fcn\u00fc olan 9 Temmuz&#8217;dan al\u0131yor. 9 Temmuz Bulvar\u0131, Buenos Aires&#8217;in simgesi haline gelmi\u015f ve \u015fehrin en \u00f6nemli turistik yerlerinden biri. Caddenin iki yan\u0131nda, d\u00fcnyaca \u00fcnl\u00fc Teatro Colon gibi bir\u00e7ok \u00f6nemli yap\u0131 bulunuyor. Ayr\u0131ca, caddenin ortas\u0131nda yer alan Obelisco, Buenos Aires&#8217;in en ikonik yap\u0131lar\u0131ndan biri ve Arjantin&#8217;in ba\u011f\u0131ms\u0131zl\u0131k an\u0131s\u0131na dikilmi\u015f. Avenida De 9 Julio, Buenos Aires&#8217;in tarihi ve k\u00fclt\u00fcrel zenginli\u011fini yans\u0131tan \u00f6nemli bir simge.<\/p>\n\n\n\n<ul class=\"wp-block-list\">\n<li>Avenida De 9 Julio konumu<strong><a href=\"https:\/\/goo.gl\/maps\/m9hJxduh2S84926h8\" target=\"_blank\" rel=\"noreferrer noopener\"> burada.<\/a><\/strong><\/li>\n<\/ul>\n\n\n\n<h3 class=\"wp-block-heading has-text-align-center has-neeon-button-dark-gray-color has-text-color has-link-color wp-elements-0d1a4f22f7ea115c5bc4d23b1e45d8fe\"><span class=\"ez-toc-section\" id=\"casa_rosada\"><\/span><strong><strong><strong><strong>Casa Rosada<\/strong><\/strong><\/strong><\/strong><span class=\"ez-toc-section-end\"><\/span><\/h3>\n\n\n\n<figure class=\"wp-block-image size-large\"><img decoding=\"async\" src=\"https:\/\/res.cloudinary.com\/turna\/image\/upload\/v1679505304\/casa_rosada.jpg\" alt=\"Casa Rosada\"\/><\/figure>\n\n\n\n<p>Casa Rosada, \u00fclkenin en \u00fcnl\u00fc ve tarihi yap\u0131lar\u0131ndan biri. \u0130spanyolca &#8220;Pembe Ev&#8221; anlam\u0131na gelen Casa Rosada, Buenos Aires&#8217;in tarihi Plaza de Mayo Meydan\u0131&#8217;nda yer al\u0131yor. Yap\u0131, \u0130spanyol s\u00f6m\u00fcrge d\u00f6neminden bu yana bir\u00e7ok farkl\u0131 ama\u00e7 i\u00e7in kullan\u0131lm\u0131\u015f. Bug\u00fcn, Casa Rosada, Arjantin Cumhurba\u015fkanl\u0131\u011f\u0131 Ofisi olarak hizmet veriyor. Ayr\u0131ca, Arjantin tarihinde \u00f6nemli olaylar da burada ya\u015fanm\u0131\u015f. 1810 y\u0131l\u0131nda Arjantin&#8217;in ba\u011f\u0131ms\u0131zl\u0131k hareketinin ba\u015flang\u0131\u00e7 noktas\u0131 olarak kabul edilen May\u0131s Devrimi, Casa Rosada&#8217;n\u0131n balkonundan halka ilan edilmi\u015f. \u00dclkenin efsanevi lideri Eva Peron, Casa Rosada&#8217;da bir s\u00fcre ya\u015fam\u0131\u015f ve halka sesleni\u015flerini buradan yapm\u0131\u015f. <\/p>\n\n\n\n<ul class=\"wp-block-list\">\n<li>Casa Rosada konumu <strong><a href=\"https:\/\/goo.gl\/maps\/fqHEH3YxLLmorzVN7\" target=\"_blank\" rel=\"noreferrer noopener\">burada.<\/a><\/strong><\/li>\n<\/ul>\n\n\n\n<h2 class=\"wp-block-heading has-text-align-center has-neeon-button-dark-gray-color has-text-color has-link-color wp-elements-539ad6ac0ce0cc1855742afeb87bf9b3\"><span class=\"ez-toc-section\" id=\"buenos_aires_hakkinda_hap_bilgiler\"><\/span><strong><strong><strong><strong>Buenos Aires Hakk\u0131nda Hap Bilgiler<\/strong><\/strong><\/strong><\/strong><span class=\"ez-toc-section-end\"><\/span><\/h2>\n\n\n\n<h3 class=\"wp-block-heading has-text-align-center has-neeon-button-dark-gray-color has-text-color has-link-color wp-elements-a4966f46de1c2851f8da479add6f00ed\"><span class=\"ez-toc-section\" id=\"buenos_aires_nerede_nasil_gidilir\"><\/span><strong><strong><strong><strong>Buenos Aires Nerede &amp; Nas\u0131l Gidilir?<\/strong><\/strong><\/strong><\/strong><span class=\"ez-toc-section-end\"><\/span><\/h3>\n\n\n\n<p>Buenos Aires, Arjantin&#8217;in do\u011fu kesiminde, Rio de la Plata nehrinin g\u00fcneyinde bulunan ba\u015fkentidir. Arjantin&#8217;in en b\u00fcy\u00fck \u015fehri ve en \u00f6nemli liman kenti. \u00dclkenin en geli\u015fmi\u015f \u015fehirlerinden biri olarak ekonomi, k\u00fclt\u00fcr, sanat, e\u011fitim ve turizm alanlar\u0131nda \u00f6ne \u00e7\u0131k\u0131yor.<\/p>\n\n\n\n<p>T\u00fcrkiye&#8217;den Buenos Aires&#8217;e gitmek i\u00e7in en yayg\u0131n se\u00e7enek, uluslararas\u0131 bir u\u00e7u\u015fla Buenos Aires&#8217;in Ezeiza Uluslararas\u0131 Havaliman\u0131&#8217;na gitmek. Buenos Aires&#8217;e T\u00fcrkiye&#8217;den do\u011frudan u\u00e7u\u015flar mevcut yok, bir\u00e7ok havayolu \u015firketi Avrupa veya Amerika k\u0131tas\u0131ndaki bir \u015fehir \u00fczerinden aktarmal\u0131 u\u00e7u\u015flar d\u00fczenliyor.<\/p>\n\n\n\n<p><strong><a href=\"https:\/\/www.turna.com\/ucak-bileti\/buenos-aires\" target=\"_blank\" rel=\"noreferrer noopener\">Buenos Aires u\u00e7ak bileti <\/a><\/strong>se\u00e7enekleri i\u00e7in web sitemizi ziyaret edin.<\/p>\n\n\n\n<h3 class=\"wp-block-heading has-text-align-center has-neeon-button-dark-gray-color has-text-color has-link-color wp-elements-0f557c8210ab4fbe4fc11484b5e3267f\"><span class=\"ez-toc-section\" id=\"buenos_aires_guvenli_mi\"><\/span><strong><strong><strong><strong>Buenos Aires G\u00fcvenli mi?<\/strong><\/strong><\/strong><\/strong><span class=\"ez-toc-section-end\"><\/span><\/h3>\n\n\n\n<p>Buenos Aires, b\u00fcy\u00fck bir \u015fehir olmas\u0131na ra\u011fmen, turistler i\u00e7in genellikle g\u00fcvenli bir seyahat destinasyonu. Ancak, t\u0131pk\u0131 di\u011fer b\u00fcy\u00fck \u015fehirlerde oldu\u011fu gibi, dikkatli olmak ve \u00f6nlem almak \u00f6nemli. Turistlerin s\u0131k s\u0131k kar\u015f\u0131la\u015ft\u0131\u011f\u0131 sorunlar aras\u0131nda h\u0131rs\u0131zl\u0131k ve doland\u0131r\u0131c\u0131l\u0131k yer al\u0131yor. Bu nedenle, kalabal\u0131k yerlerde ve turistik b\u00f6lgelerde dikkatli olun, \u00e7antan\u0131za ve c\u00fczdan\u0131n\u0131za dikkat edin.<\/p>\n\n\n\n<h3 class=\"wp-block-heading has-text-align-center has-neeon-button-dark-gray-color has-text-color has-link-color wp-elements-40e24f5a1daebe38c5f2a27aceef0c1d\"><span class=\"ez-toc-section\" id=\"buenos_aires_para_birimi\"><\/span><strong><strong><strong><strong>Buenos Aires Para Birimi<\/strong><\/strong><\/strong><\/strong><span class=\"ez-toc-section-end\"><\/span><\/h3>\n\n\n\n<p>Buenos Aires ve Arjantin&#8217;in para birimi, Arjantin pesosudur (ARS). Arjantin pesosu, 100 centavoya b\u00f6l\u00fcn\u00fcr. Arjantin&#8217;de, d\u00f6viz b\u00fcrolar\u0131, bankalar ve ATM&#8217;ler, para birimini de\u011fi\u015ftirmek ve nakit para \u00e7ekmek i\u00e7in yayg\u0131n olarak kullan\u0131lan yerler. Ancak, d\u00f6viz kuru dalgal\u0131 oldu\u011fundan, d\u00f6viz b\u00fcrolar\u0131nda veya bankalarda para de\u011fi\u015ftirmeden \u00f6nce g\u00fcncel d\u00f6viz kurlar\u0131n\u0131 kontrol etmenizde fayda var.<\/p>\n\n\n\n<h3 class=\"wp-block-heading has-text-align-center has-neeon-button-dark-gray-color has-text-color has-link-color wp-elements-b6f7d3e9a880e4ac9cc5602c3eeeeb26\"><span class=\"ez-toc-section\" id=\"buenos_aireste_ne_yapilir\"><\/span><strong><strong><strong><strong>Buenos Aires&#8217;te Ne Yap\u0131l\u0131r?<\/strong><\/strong><\/strong><\/strong><span class=\"ez-toc-section-end\"><\/span><\/h3>\n\n\n\n<p>Buenos Aires, zengin tarihi, k\u00fclt\u00fcr\u00fc, sanat\u0131 ve gastronomisi ile turistler i\u00e7in ke\u015ffedilecek \u00e7ok say\u0131da aktivite sunuyor. \u0130\u015fte Buenos Aires&#8217;te yapabilece\u011finiz baz\u0131 pop\u00fcler aktiviteler:<\/p>\n\n\n\n<ol class=\"wp-block-list\">\n<li>Tango dans\u0131na kat\u0131l\u0131n: Buenos Aires, tango dans\u0131n\u0131n do\u011fdu\u011fu yer. Bu nedenle, bir tango g\u00f6sterisi izleyebilir veya bir tango dersine kat\u0131labilirsiniz.<\/li>\n\n\n\n<li>Puerto Madero&#8217;da yemek yiyin: Buenos Aires&#8217;in liman b\u00f6lgesinde yer alan Puerto Madero, \u015f\u0131k restoranlar\u0131 ve deniz manzaras\u0131 ile \u00fcnl\u00fc.<\/li>\n\n\n\n<li>Palermo Park\u0131&#8217;nda dinlenin: Palermo, Buenos Aires&#8217;in en b\u00fcy\u00fck parklar\u0131ndan biri. Burada, bisiklet kiralayabilir, y\u00fcr\u00fcy\u00fc\u015f yapabilir ve piknik yapabilirsiniz.<\/li>\n\n\n\n<li>Colon Tiyatrosu&#8217;nda bir g\u00f6steri izleyin: Buenos Aires&#8217;in en \u00fcnl\u00fc tiyatrosu olan Colon Tiyatrosu, d\u00fcnya \u00e7ap\u0131ndaki m\u00fczisyenler ve tiyatro oyuncular\u0131n\u0131 a\u011f\u0131rl\u0131yor.<\/li>\n\n\n\n<li>El Ateneo Grand Splendid Kitap\u00e7\u0131s\u0131&#8217;nda dola\u015f\u0131n: Buenos Aires&#8217;in en \u00fcnl\u00fc kitap\u00e7\u0131s\u0131 olan El Ateneo Grand Splendid, eski bir tiyatroya d\u00f6n\u00fc\u015ft\u00fcr\u00fclm\u00fc\u015f ve bir\u00e7ok turistin ziyaret etti\u011fi pop\u00fcler bir yer.<\/li>\n<\/ol>\n\n\n\n<h3 class=\"wp-block-heading has-text-align-center has-neeon-button-dark-gray-color has-text-color has-link-color wp-elements-9e23589034824ed63d18171b7c0e93df\"><span class=\"ez-toc-section\" id=\"buenos_aireste_yeme_icme\"><\/span><strong><strong><strong><strong>Buenos Aires&#8217;te Yeme&amp;\u0130\u00e7me<\/strong><\/strong><\/strong><\/strong><span class=\"ez-toc-section-end\"><\/span><\/h3>\n\n\n\n<p>Buenos Aires, d\u00fcnyaca \u00fcnl\u00fc etleri ve lezzetli yerel yemekleriyle gastronomi konusunda olduk\u00e7a zengin bir \u015fehir. \u0130\u015fte Buenos Aires&#8217;te denemeniz gereken baz\u0131 yemekler:<\/p>\n\n\n\n<ol class=\"wp-block-list\">\n<li>Asado: Arjantin&#8217;de asado, yani et \u0131zgaras\u0131, b\u00fcy\u00fck bir yere sahip. Buenos Aires&#8217;teki bir\u00e7ok restoranda bu et yeme\u011fi sunuluyor.<\/li>\n\n\n\n<li>Empanadas: Hamurun i\u00e7ine \u00e7e\u015fitli malzemeler konulup kapat\u0131l\u0131yor ve derin ya\u011fda k\u0131zart\u0131l\u0131yor. Farkl\u0131 \u00e7e\u015fitleri olan bu lezzeti denemeden d\u00f6nmeyin.<\/li>\n\n\n\n<li>Milanesa: Milanesa, tavuk veya dana eti gibi ince dilimlenmi\u015f etlerin ekmek k\u0131r\u0131nt\u0131s\u0131 ve yumurta ile kaplan\u0131p k\u0131zart\u0131lmas\u0131yla yap\u0131lan bir yemek.<\/li>\n\n\n\n<li>Chimichurri: Chimichurri, etlerle servis edilen bir \u00e7e\u015fni sosu. \u0130\u00e7eri\u011finde sar\u0131msak, biberiye, kekik, k\u0131rm\u0131z\u0131 biber, maydanoz ve sirke gibi malzemeler var.<\/li>\n\n\n\n<li>Provoleta: Provoleta, peynirin Arjantin versiyonu. \u0130ki dilim provolone peyniri aras\u0131nda chimichurri sosuyla birlikte k\u0131zart\u0131l\u0131yor.<\/li>\n\n\n\n<li>Alfajores: \u0130ki kurabiye aras\u0131nda karamel veya farkl\u0131 meyve dolgular\u0131 bulunan lezzetli bir at\u0131\u015ft\u0131rmal\u0131k kendisi.<\/li>\n\n\n\n<li>Dulce de Leche: Arjantin&#8217;in \u00fcnl\u00fc tatl\u0131s\u0131. Karamel gibi yo\u011fun ve tatl\u0131 bir s\u00fct re\u00e7eli. Bu tatl\u0131, waffle, pandispanya, tatl\u0131 ekmek veya s\u0131cak kek \u00fczerinde servis ediliyor.<\/li>\n<\/ol>\n\n\n\n<p>Arjantin hakk\u0131nda di\u011fer i\u00e7eriklerimin ba\u011flant\u0131lar\u0131 a\u015fa\u011f\u0131da.<\/p>\n\n\n\n<p><strong><a href=\"https:\/\/www.turna.com\/blog\/arjantin-gezilecek-yerler\" target=\"_blank\" rel=\"noreferrer noopener\">Arjantin Gezilecek Yerler<\/a><\/strong><\/p>\n\n    <div class=\"xs_social_share_widget xs_share_url after_content \t\tmain_content  wslu-style-1 wslu-share-box-shaped wslu-fill-colored wslu-none wslu-share-horizontal wslu-theme-font-no wslu-main_content\">\n\n\t\t\n        <ul>\n\t\t\t        <\/ul>\n    <\/div> \n","protected":false},"excerpt":{"rendered":"<p>Buenos Aires gezilecek yerler aras\u0131nda \u015fehrin merkezi Plaza de Mayo, Recoleta Mezarl\u0131\u011f\u0131, San Telmo Pazar\u0131, La Boca semti, Palermo Park\u0131 ve Casa Rosada gibi yerler bulunuyor. \u015eehrin her k\u00f6\u015fesi bir \u00f6yk\u00fc anlat\u0131yor ve buran\u0131n kendine \u00f6zg\u00fc atmosferinde kendinizi kaybetmekten \u00e7ok ho\u015flanacaks\u0131n\u0131z.<\/p>\n","protected":false},"author":34,"featured_media":21682,"comment_status":"open","ping_status":"open","sticky":false,"template":"","format":"standard","meta":{"rop_custom_images_group":[],"rop_custom_messages_group":[],"rop_publish_now":"initial","rop_publish_now_accounts":[],"rop_publish_now_history":[],"rop_publish_now_status":"pending","_cloudinary_featured_overwrite":false,"footnotes":""},"categories":[2,1391,401],"tags":[692],"class_list":["post-21681","post","type-post","status-publish","format-standard","has-post-thumbnail","hentry","category-ulkeler","category-arjantin","category-guney-amerika","tag-arjantin"],"_links":{"self":[{"href":"https:\/\/www.turna.com\/blog\/wp-json\/wp\/v2\/posts\/21681","targetHints":{"allow":["GET"]}}],"collection":[{"href":"https:\/\/www.turna.com\/blog\/wp-json\/wp\/v2\/posts"}],"about":[{"href":"https:\/\/www.turna.com\/blog\/wp-json\/wp\/v2\/types\/post"}],"author":[{"embeddable":true,"href":"https:\/\/www.turna.com\/blog\/wp-json\/wp\/v2\/users\/34"}],"replies":[{"embeddable":true,"href":"https:\/\/www.turna.com\/blog\/wp-json\/wp\/v2\/comments?post=21681"}],"version-history":[{"count":0,"href":"https:\/\/www.turna.com\/blog\/wp-json\/wp\/v2\/posts\/21681\/revisions"}],"wp:featuredmedia":[{"embeddable":true,"href":"https:\/\/www.turna.com\/blog\/wp-json\/wp\/v2\/media\/21682"}],"wp:attachment":[{"href":"https:\/\/www.turna.com\/blog\/wp-json\/wp\/v2\/media?parent=21681"}],"wp:term":[{"taxonomy":"category","embeddable":true,"href":"https:\/\/www.turna.com\/blog\/wp-json\/wp\/v2\/categories?post=21681"},{"taxonomy":"post_tag","embeddable":true,"href":"https:\/\/www.turna.com\/blog\/wp-json\/wp\/v2\/tags?post=21681"}],"curies":[{"name":"wp","href":"https:\/\/api.w.org\/{rel}","templated":true}]}}