{"id":21626,"date":"2023-02-24T01:01:12","date_gmt":"2023-02-23T22:01:12","guid":{"rendered":"https:\/\/www.turna.com\/blog\/?p=21626"},"modified":"2025-12-09T09:55:40","modified_gmt":"2025-12-09T06:55:40","slug":"sao-paulo-gezilecek-yerler","status":"publish","type":"post","link":"https:\/\/www.turna.com\/blog\/sao-paulo-gezilecek-yerler","title":{"rendered":"Sao Paulo Gezilecek Yerler"},"content":{"rendered":"<div id=\"ez-toc-container\" class=\"ez-toc-v2_0_82_2 counter-hierarchy ez-toc-counter ez-toc-black ez-toc-container-direction\">\n<div class=\"ez-toc-title-container\">\n<p class=\"ez-toc-title\" style=\"cursor:inherit\">\u0130\u00e7indekiler<\/p>\n<span class=\"ez-toc-title-toggle\"><a href=\"#\" class=\"ez-toc-pull-right ez-toc-btn ez-toc-btn-xs ez-toc-btn-default ez-toc-toggle\" aria-label=\"\u0130\u00e7indekiler Tablosunu A\u00e7\/Kapat\"><span class=\"ez-toc-js-icon-con\"><span class=\"\"><span class=\"eztoc-hide\" style=\"display:none;\">Toggle<\/span><span class=\"ez-toc-icon-toggle-span\"><svg style=\"fill: #ffffff;color:#ffffff\" xmlns=\"http:\/\/www.w3.org\/2000\/svg\" class=\"list-377408\" width=\"20px\" height=\"20px\" viewBox=\"0 0 24 24\" fill=\"none\"><path d=\"M6 6H4v2h2V6zm14 0H8v2h12V6zM4 11h2v2H4v-2zm16 0H8v2h12v-2zM4 16h2v2H4v-2zm16 0H8v2h12v-2z\" fill=\"currentColor\"><\/path><\/svg><svg style=\"fill: #ffffff;color:#ffffff\" class=\"arrow-unsorted-368013\" xmlns=\"http:\/\/www.w3.org\/2000\/svg\" width=\"10px\" height=\"10px\" viewBox=\"0 0 24 24\" version=\"1.2\" baseProfile=\"tiny\"><path d=\"M18.2 9.3l-6.2-6.3-6.2 6.3c-.2.2-.3.4-.3.7s.1.5.3.7c.2.2.4.3.7.3h11c.3 0 .5-.1.7-.3.2-.2.3-.5.3-.7s-.1-.5-.3-.7zM5.8 14.7l6.2 6.3 6.2-6.3c.2-.2.3-.5.3-.7s-.1-.5-.3-.7c-.2-.2-.4-.3-.7-.3h-11c-.3 0-.5.1-.7.3-.2.2-.3.5-.3.7s.1.5.3.7z\"\/><\/svg><\/span><\/span><\/span><\/a><\/span><\/div>\n<nav><ul class='ez-toc-list ez-toc-list-level-1 eztoc-toggle-hide-by-default' ><li class='ez-toc-page-1 ez-toc-heading-level-2'><a class=\"ez-toc-link ez-toc-heading-1\" href=\"https:\/\/www.turna.com\/blog\/sao-paulo-gezilecek-yerler\/#sao_paulo_gezilecek_yerler\" >Sao Paulo Gezilecek Yerler<\/a><ul class='ez-toc-list-level-3' ><li class='ez-toc-heading-level-3'><a class=\"ez-toc-link ez-toc-heading-2\" href=\"https:\/\/www.turna.com\/blog\/sao-paulo-gezilecek-yerler\/#sao_paulo_katedrali\" >Sao Paulo Katedrali<\/a><\/li><li class='ez-toc-page-1 ez-toc-heading-level-3'><a class=\"ez-toc-link ez-toc-heading-3\" href=\"https:\/\/www.turna.com\/blog\/sao-paulo-gezilecek-yerler\/#futbol_muzesi\" >Futbol M\u00fczesi<\/a><\/li><li class='ez-toc-page-1 ez-toc-heading-level-3'><a class=\"ez-toc-link ez-toc-heading-4\" href=\"https:\/\/www.turna.com\/blog\/sao-paulo-gezilecek-yerler\/#sao_paulo_sanat_muzesi\" >Sao Paulo Sanat M\u00fczesi<\/a><\/li><li class='ez-toc-page-1 ez-toc-heading-level-3'><a class=\"ez-toc-link ez-toc-heading-5\" href=\"https:\/\/www.turna.com\/blog\/sao-paulo-gezilecek-yerler\/#bagimsizlik_parki\" >Ba\u011f\u0131ms\u0131zl\u0131k Park\u0131<\/a><\/li><li class='ez-toc-page-1 ez-toc-heading-level-3'><a class=\"ez-toc-link ez-toc-heading-6\" href=\"https:\/\/www.turna.com\/blog\/sao-paulo-gezilecek-yerler\/#ibirapuera_parki\" >\u0130birapuera Park\u0131<\/a><\/li><li class='ez-toc-page-1 ez-toc-heading-level-3'><a class=\"ez-toc-link ez-toc-heading-7\" href=\"https:\/\/www.turna.com\/blog\/sao-paulo-gezilecek-yerler\/#sao_bento_manastiri\" >Sao Bento Manast\u0131r\u0131<\/a><\/li><li class='ez-toc-page-1 ez-toc-heading-level-3'><a class=\"ez-toc-link ez-toc-heading-8\" href=\"https:\/\/www.turna.com\/blog\/sao-paulo-gezilecek-yerler\/#belediye_pazari\" >Belediye Pazar\u0131<\/a><\/li><\/ul><\/li><li class='ez-toc-page-1 ez-toc-heading-level-2'><a class=\"ez-toc-link ez-toc-heading-9\" href=\"https:\/\/www.turna.com\/blog\/sao-paulo-gezilecek-yerler\/#sao_paulo_hakkinda_hap_bilgiler\" >Sao Paulo Hakk\u0131nda Hap Bilgiler<\/a><ul class='ez-toc-list-level-3' ><li class='ez-toc-heading-level-3'><a class=\"ez-toc-link ez-toc-heading-10\" href=\"https:\/\/www.turna.com\/blog\/sao-paulo-gezilecek-yerler\/#sao_paulo_nerede_nasil_gidilir\" >Sao Paulo Nerede &amp; Nas\u0131l Gidilir?<\/a><\/li><li class='ez-toc-page-1 ez-toc-heading-level-3'><a class=\"ez-toc-link ez-toc-heading-11\" href=\"https:\/\/www.turna.com\/blog\/sao-paulo-gezilecek-yerler\/#sao_pauloda_ne_yenir\" >Sao Paulo&#8217;da Ne Yenir?<\/a><\/li><li class='ez-toc-page-1 ez-toc-heading-level-3'><a class=\"ez-toc-link ez-toc-heading-12\" href=\"https:\/\/www.turna.com\/blog\/sao-paulo-gezilecek-yerler\/#sao_paulo_otelleri\" >Sao Paulo Otelleri<\/a><\/li><li class='ez-toc-page-1 ez-toc-heading-level-3'><a class=\"ez-toc-link ez-toc-heading-13\" href=\"https:\/\/www.turna.com\/blog\/sao-paulo-gezilecek-yerler\/#sao_paulo_istanbul_arasi_kac_saat\" >Sao Paulo \u0130stanbul aras\u0131 ka\u00e7 saat?<\/a><\/li><li class='ez-toc-page-1 ez-toc-heading-level-3'><a class=\"ez-toc-link ez-toc-heading-14\" href=\"https:\/\/www.turna.com\/blog\/sao-paulo-gezilecek-yerler\/#sao_paulo_guvenli_mi\" >Sao Paulo g\u00fcvenli mi?<\/a><\/li><li class='ez-toc-page-1 ez-toc-heading-level-3'><a class=\"ez-toc-link ez-toc-heading-15\" href=\"https:\/\/www.turna.com\/blog\/sao-paulo-gezilecek-yerler\/#sao_pauloya_ne_zaman_gidilir\" >Sao Paulo&#8217;ya ne zaman gidilir?<\/a><\/li><\/ul><\/li><\/ul><\/nav><\/div>\n\n<p>Bug\u00fcn G\u00fcney Amerika&#8217;n\u0131n \u015fahane \u00fclkesi Brezilya&#8217;ya gidiyoruz. Karnaval\u0131yla, c\u0131v\u0131l c\u0131v\u0131l plajlar\u0131yla, enfes kahveleriyle \u00fcnl\u00fc bu harika \u00fclkenin en b\u00fcy\u00fck kenti Sao Paulo&#8217;yu ke\u015ffedece\u011fiz. Rio de Janeiro kadar pop\u00fcler olmasa da burada da g\u00f6rebilece\u011finiz bir \u00e7ok yer, yapabilece\u011finiz bir \u00e7ok \u015fey var. <strong>Sao Paulo gezilecek yerler<\/strong> listesine birer birer tik atmak i\u00e7in hadi yola koyulal\u0131m.<\/p>\n\n\n\n<h2 class=\"wp-block-heading has-text-align-center has-neeon-button-dark-gray-color has-text-color has-link-color wp-elements-b8f4310005779fbd3e7c9867d9f000d1\"><span class=\"ez-toc-section\" id=\"sao_paulo_gezilecek_yerler\"><\/span><strong><strong><strong><strong>Sao Paulo Gezilecek Yerler<\/strong><\/strong><\/strong><\/strong><span class=\"ez-toc-section-end\"><\/span><\/h2>\n\n\n\n<figure class=\"wp-block-image size-large\"><img width=\"800\" height=\"500\" decoding=\"async\" src=\"data:image\/svg+xml;base64,PHN2ZyB4bWxucz0iaHR0cDovL3d3dy53My5vcmcvMjAwMC9zdmciIHdpZHRoPSI4MDAiIGhlaWdodD0iNTAwIj48cmVjdCB3aWR0aD0iMTAwJSIgaGVpZ2h0PSIxMDAlIj48YW5pbWF0ZSBhdHRyaWJ1dGVOYW1lPSJmaWxsIiB2YWx1ZXM9InJnYmEoMTUzLDE1MywxNTMsMC41KTtyZ2JhKDE1MywxNTMsMTUzLDAuMSk7cmdiYSgxNTMsMTUzLDE1MywwLjUpIiBkdXI9IjJzIiByZXBlYXRDb3VudD0iaW5kZWZpbml0ZSIgLz48L3JlY3Q+PC9zdmc+\" alt=\"Sao Paulo Gezilecek Yerler\" data-public-id=\"sao_paulo_gezilecek_yerler\/sao_paulo_gezilecek_yerler.jpg\" class=\"wp-post-21626 wp-image-21627\" data-format=\"jpg\" data-transformations=\"f_auto,q_auto:low\" data-version=\"1677188985\" data-seo=\"1\" data-size=\"800 500\" data-srcset=\"https:\/\/res.cloudinary.com\/turna\/images\/f_auto,q_auto:low\/v1677188985\/sao_paulo_gezilecek_yerler\/sao_paulo_gezilecek_yerler.jpg?_i=AA 800w, https:\/\/res.cloudinary.com\/turna\/images\/w_300,h_188,c_scale\/f_auto,q_auto:low\/v1677188985\/sao_paulo_gezilecek_yerler\/sao_paulo_gezilecek_yerler.jpg?_i=AA 300w, https:\/\/res.cloudinary.com\/turna\/images\/w_672,h_420,c_scale\/f_auto,q_auto:low\/v1677188985\/sao_paulo_gezilecek_yerler\/sao_paulo_gezilecek_yerler.jpg?_i=AA 672w, https:\/\/res.cloudinary.com\/turna\/images\/w_640,h_400,c_scale\/f_auto,q_auto:low\/v1677188985\/sao_paulo_gezilecek_yerler\/sao_paulo_gezilecek_yerler.jpg?_i=AA 640w, https:\/\/res.cloudinary.com\/turna\/images\/w_681,h_426,c_scale\/f_auto,q_auto:low\/v1677188985\/sao_paulo_gezilecek_yerler\/sao_paulo_gezilecek_yerler.jpg?_i=AA 681w\" data-sizes=\"(max-width: 800px) 100vw, 800px\" data-delivery=\"upload\" onload=\";window.CLDBind?CLDBind(this):null;\" data-cloudinary=\"lazy\" \/><\/figure>\n\n\n\n<p>1554&#8217;te Portekizli Katolik Rahipler taraf\u0131ndan kurulmu\u015f Brezilya. 1700\u2019l\u00fc y\u0131llarda kahve \u00fcretimi geli\u015fmeye ba\u015flad\u0131k\u00e7a daha da b\u00fcy\u00fcm\u00fc\u015f ve t\u00fcm d\u00fcnyan\u0131n tan\u0131d\u0131\u011f\u0131 bir \u00fclke haline gelmi\u015f. Sao Paulo ise bu \u00fclkenin ve hatta G\u00fcney Amerika&#8217;n\u0131n en b\u00fcy\u00fck kenti. Bu b\u00fcy\u00fck \u015fehir \u015fehir&nbsp;turizm&nbsp;ve&nbsp;sanat&nbsp;a\u00e7\u0131s\u0131ndan olduk\u00e7a zengin. E\u011fer k\u00fclt\u00fcr turizmi seviyorsan\u0131z Sao Paulo&#8217;da g\u00f6rece\u011finiz yerler sizi mutlu edebilir. <\/p>\n\n\n\n<p><strong>Sao Paulo Gezilecek Yerler Listesi<\/strong><\/p>\n\n\n\n<ul class=\"wp-block-list\">\n<li>Sao Paulo Katedrali<\/li>\n\n\n\n<li>Futbol M\u00fczesi<\/li>\n\n\n\n<li>Sao Paulo Sanat M\u00fczesi<\/li>\n\n\n\n<li>Ba\u011f\u0131ms\u0131zl\u0131k Park\u0131<\/li>\n\n\n\n<li>\u0130birapuera Park\u0131<\/li>\n\n\n\n<li>Sao Bento Manast\u0131r\u0131<\/li>\n\n\n\n<li>Belediye Pazar\u0131<\/li>\n<\/ul>\n\n\n\n<h3 class=\"wp-block-heading has-text-align-center has-neeon-button-dark-gray-color has-text-color has-link-color wp-elements-0369fdb15d45c30d5a4f82cc0a560870\"><span class=\"ez-toc-section\" id=\"sao_paulo_katedrali\"><\/span><strong><strong><strong><strong>Sao Paulo Katedrali<\/strong><\/strong><\/strong><\/strong><span class=\"ez-toc-section-end\"><\/span><\/h3>\n\n\n\n<figure class=\"wp-block-image size-large\"><img decoding=\"async\" src=\"https:\/\/res.cloudinary.com\/turna\/image\/upload\/v1677188985\/sao_paulo_katedrali.jpg\" alt=\"Sao Paulo Katedrali\"\/><\/figure>\n\n\n\n<p>D\u00fcnyan\u0131n en b\u00fcy\u00fck d\u00f6rd\u00fcnc\u00fc katedrali olarak an\u0131l\u0131yor buras\u0131. Tarihte bir&nbsp;Roma Katolik Kilisesi&nbsp;olan&nbsp;katedral 1913 y\u0131l\u0131nda yap\u0131lmaya ba\u015flanm\u0131\u015f. K\u0131rk y\u0131lda tamamlanan katedral&nbsp;Neo-Gotik mimarisiyle&nbsp;dikkat \u00e7ekiyor. Sao Paulo&#8217;ya gitti\u011finizde ziyaret edebilece\u011finiz yerlerden biri. <\/p>\n\n\n\n<ul class=\"wp-block-list\">\n<li>Sao Paulo Katedrali konumu <strong><a href=\"https:\/\/goo.gl\/maps\/WkCPq9BDhfpsPzbe7\" target=\"_blank\" rel=\"noreferrer noopener\">burada.<\/a><\/strong><\/li>\n<\/ul>\n\n\n\n<h3 class=\"wp-block-heading has-text-align-center has-neeon-button-dark-gray-color has-text-color has-link-color wp-elements-851c6c6aae14386d6a18b2cf6ac70103\"><span class=\"ez-toc-section\" id=\"futbol_muzesi\"><\/span><strong><strong><strong><strong>Futbol M\u00fczesi<\/strong><\/strong><\/strong><\/strong><span class=\"ez-toc-section-end\"><\/span><\/h3>\n\n\n\n<figure class=\"wp-block-image size-large\"><img decoding=\"async\" src=\"https:\/\/res.cloudinary.com\/turna\/image\/upload\/v1677188985\/futbol_m%C3%BCzesi.jpg\" alt=\"Futbol M\u00fczesi\"\/><\/figure>\n\n\n\n<p>Futbolun tarihine do\u011fru bir yolculu\u011fa \u00e7\u0131kmak isterseniz Sao Paulo&#8217;da g\u00f6rmeniz gereken \u00f6nemli bir yer futbol m\u00fczesi. 2008&#8217;de yap\u0131lan m\u00fcze Pacaembu Stadyumu\u2019nun giri\u015finde yer al\u0131yor. M\u00fczede tekme h\u0131z\u0131 \u00f6l\u00e7me makinas\u0131, futbol dans\u0131 odas\u0131 ve lang\u0131rt oyunu gibi e\u011flence alanlar\u0131 var. Hem Brezilya futbol tarihi hem de d\u00fcnya futbolu ile ilgili \u00f6rnek ve materyallerin bulundu\u011fu bu m\u00fcze mutlaka gezi program\u0131n\u0131zda olmal\u0131.<\/p>\n\n\n\n<ul class=\"wp-block-list\">\n<li>Futbol M\u00fczesi konumu <strong><a href=\"https:\/\/goo.gl\/maps\/2GA5KaGiSoqzrzaN6\" target=\"_blank\" rel=\"noreferrer noopener\">burada.<\/a><\/strong><\/li>\n<\/ul>\n\n\n\n<h3 class=\"wp-block-heading has-text-align-center has-neeon-button-dark-gray-color has-text-color has-link-color wp-elements-89a116f3d8c3fa498e62483c0abd6698\"><span class=\"ez-toc-section\" id=\"sao_paulo_sanat_muzesi\"><\/span><strong><strong><strong><strong>Sao Paulo Sanat M\u00fczesi<\/strong><\/strong><\/strong><\/strong><span class=\"ez-toc-section-end\"><\/span><\/h3>\n\n\n\n<figure class=\"wp-block-image size-large\"><img decoding=\"async\" src=\"https:\/\/res.cloudinary.com\/turna\/image\/upload\/v1677188985\/sao_paulo_sanat_m%C3%BCzesi.jpg\" alt=\"Sao Paulo Sanat M\u00fczesi\"\/><\/figure>\n\n\n\n<p>Sao Paulo&#8217;yu gezmeye m\u00fczelerden devam ediyoruz. S\u0131rada Brezilya\u2019daki modern mimarinin en \u00f6nemli \u00f6rneklerinden olan sanat m\u00fczesi var. Beton ve cam\u0131n muhte\u015fem uyumunu bir araya getiren m\u00fcze 1947 y\u0131l\u0131nda kurulmu\u015f.&nbsp;M\u00fczede 8 binden fazla par\u00e7adan olu\u015fan g\u00fczide bir koleksiyon bulunuyor.&nbsp;M\u00fcze Pazartesi g\u00fcnleri kapal\u0131. Di\u011fer g\u00fcnlerde ise \u00fccretsiz \u015fekilde ziyaret edebilirsiniz.<\/p>\n\n\n\n<ul class=\"wp-block-list\">\n<li>Sao Paulo Sanat M\u00fczesi konumu <strong><a href=\"https:\/\/goo.gl\/maps\/55xkz6FVJa5kSsRN6\" target=\"_blank\" rel=\"noreferrer noopener\">burada.<\/a><\/strong><\/li>\n<\/ul>\n\n\n\n<h3 class=\"wp-block-heading has-text-align-center has-neeon-button-dark-gray-color has-text-color has-link-color wp-elements-a080f0d51e854f1cc6e2e7c69b49aedc\"><span class=\"ez-toc-section\" id=\"bagimsizlik_parki\"><\/span><strong><strong><strong><strong>Ba\u011f\u0131ms\u0131zl\u0131k Park\u0131<\/strong><\/strong><\/strong><\/strong><span class=\"ez-toc-section-end\"><\/span><\/h3>\n\n\n\n<figure class=\"wp-block-image size-large\"><img decoding=\"async\" src=\"https:\/\/res.cloudinary.com\/turna\/image\/upload\/v1677188984\/ba%C4%9F%C4%B1ms%C4%B1zl%C4%B1k_park%C4%B1_sao_paulo.jpg\" alt=\"Ba\u011f\u0131ms\u0131zl\u0131k Park\u0131\"\/><\/figure>\n\n\n\n<p><strong>Ba\u011f\u0131ms\u0131zl\u0131k Park\u0131<\/strong>, Sao Paulo gezilecek yerler i\u00e7inde \u00f6nemli bir yer tutuyor. \u015eehrin ba\u011f\u0131ms\u0131zl\u0131\u011f\u0131na kavu\u015fmas\u0131 \u015ferefine 1989&#8217;da a\u00e7\u0131lm\u0131\u015f.&nbsp;Brezilya\u2019n\u0131n en \u00f6nemli parklar\u0131ndan biri olan bu park \u00fclkenin k\u00fclt\u00fcrel miraslar\u0131ndan biri. 160 bin metrekare alan \u00fczerine kurulmu\u015f bu park\u0131 mutlaka g\u00f6r\u00fcn.<\/p>\n\n\n\n<p>Ba\u011f\u0131ms\u0131zl\u0131k Park\u0131 konumu <strong><a href=\"https:\/\/goo.gl\/maps\/wFKxYXr7gULEkNET6\" target=\"_blank\" rel=\"noreferrer noopener\">burada.<\/a><\/strong><\/p>\n\n\n\n<h3 class=\"wp-block-heading has-text-align-center has-neeon-button-dark-gray-color has-text-color has-link-color wp-elements-3936484fa052419c735c1cfebb035eba\"><span class=\"ez-toc-section\" id=\"ibirapuera_parki\"><\/span><strong><strong><strong><strong><strong>\u0130birapuera Park\u0131<\/strong><\/strong><\/strong><\/strong><\/strong><span class=\"ez-toc-section-end\"><\/span><\/h3>\n\n\n\n<figure class=\"wp-block-image size-large\"><img decoding=\"async\" src=\"https:\/\/res.cloudinary.com\/turna\/image\/upload\/v1677188984\/ibirapuera_park%C4%B1.jpg\" alt=\"\u0130birapuera Park\u0131\"\/><\/figure>\n\n\n\n<p>Ibirapuera Park\u0131,&nbsp;S\u00e3o Paulo&#8217;nun en b\u00fcy\u00fck ikinci park\u0131. Parkta e\u011flence yerleri, ko\u015fu ve y\u00fcr\u00fcy\u00fc\u015f alanlar\u0131, g\u00f6let bulunuyor. \u015eehrin i\u00e7inde \u015fehirden ka\u00e7\u0131\u015f noktas\u0131 ararsan\u0131z yolunuzu buraya d\u00fc\u015f\u00fcr\u00fcn. Bisiklet s\u00fcrenler, ko\u015fanlar, evcil hayvanlar\u0131n\u0131 gezdirenlerle dolu oluyor park. Hele bir de hava g\u00fczelse ve hafta sonuysa olduk\u00e7a kalabal\u0131k oluyor. <\/p>\n\n\n\n<ul class=\"wp-block-list\">\n<li>\u0130birapuera Park\u0131 konumu <strong><a href=\"https:\/\/goo.gl\/maps\/iQ8byd25Hq4gTKcy9\" target=\"_blank\" rel=\"noreferrer noopener\">burada.<\/a><\/strong> <\/li>\n<\/ul>\n\n\n\n<h3 class=\"wp-block-heading has-text-align-center has-neeon-button-dark-gray-color has-text-color has-link-color wp-elements-8a56bf4fb892d133f8687655605342b5\"><span class=\"ez-toc-section\" id=\"sao_bento_manastiri\"><\/span><strong><strong><strong><strong><strong>Sao Bento Manast\u0131r\u0131<\/strong><\/strong><\/strong><\/strong><\/strong><span class=\"ez-toc-section-end\"><\/span><\/h3>\n\n\n\n<figure class=\"wp-block-image size-large\"><img decoding=\"async\" src=\"https:\/\/res.cloudinary.com\/turna\/image\/upload\/v1677188984\/sao_bento_manast%C4%B1r%C4%B1.jpg\" alt=\"Sao Bento Manast\u0131r\u0131\"\/><\/figure>\n\n\n\n<p>Sao Bento Manast\u0131r\u0131, 1598&#8217;de yap\u0131lan tarihi bir manast\u0131r. Bir kiliseden \u00e7ok bir sanat galerisini and\u0131r\u0131yor adeta. Korunmu\u015f renkleri ile freskleri, e\u015fsiz detaylar\u0131 olan bir manast\u0131r buras\u0131. Bu harika mimarideki yap\u0131y\u0131 ziyaret etmeye de\u011fer.<\/p>\n\n\n\n<ul class=\"wp-block-list\">\n<li>Sao Bento Manast\u0131r\u0131 konumu <strong><a href=\"https:\/\/goo.gl\/maps\/y6bBbahtARS1wNYA7\" target=\"_blank\" rel=\"noreferrer noopener\">burada.<\/a><\/strong><\/li>\n<\/ul>\n\n\n\n<h3 class=\"wp-block-heading has-text-align-center has-neeon-button-dark-gray-color has-text-color has-link-color wp-elements-f08e684f348e6562dcf361dc19b5b7a3\"><span class=\"ez-toc-section\" id=\"belediye_pazari\"><\/span><strong><strong><strong><strong><strong>Belediye Pazar\u0131<\/strong><\/strong><\/strong><\/strong><\/strong><span class=\"ez-toc-section-end\"><\/span><\/h3>\n\n\n\n<figure class=\"wp-block-image size-large\"><img decoding=\"async\" src=\"https:\/\/res.cloudinary.com\/turna\/image\/upload\/v1677188985\/sao_paulo_belediye_pazar%C4%B1.jpg\" alt=\"Belediye Pazar\u0131 Sao Paulo gezilecek yerler\"\/><\/figure>\n\n\n\n<p>Sao Paulo&#8217;nun tarihi merkezinde yer alan bir halk pazar\u0131 var son dura\u011f\u0131m\u0131zda. Belediye Pazar\u0131,&nbsp;1933&nbsp;y\u0131l\u0131nda a\u00e7\u0131lm\u0131\u015f. Pazar binas\u0131 barok stilinde in\u015fa edilmi\u015f, renkli camlarla s\u00fcsl\u00fc pencereleri olan g\u00f6z al\u0131c\u0131 bir yap\u0131. 300&#8217;den fazla tezgah bulunan&nbsp;pazarda meyve, sebze, tah\u0131l, et, baharat gibi bir\u00e7ok \u015fey bulabilirsiniz. Pazar\u0131n i\u00e7inde bir \u00e7ok yeme i\u00e7me alan\u0131 da var. Deniz mahsulleri seviyorsan\u0131z mutlaka tad\u0131n derim. Pazarl\u0131k etmeyi de unutmay\u0131n. \ud83d\ude0a<\/p>\n\n\n\n<ul class=\"wp-block-list\">\n<li>Sao Paulo belediye pazar\u0131 konumu <strong><a href=\"https:\/\/goo.gl\/maps\/SKbnwqGeL9kZk3hEA\" target=\"_blank\" rel=\"noreferrer noopener\">burada.<\/a><\/strong><\/li>\n<\/ul>\n\n\n\n<h2 class=\"wp-block-heading has-text-align-center has-neeon-button-dark-gray-color has-text-color has-link-color wp-elements-83454d3ad0cea7537cf41e31e71dd410\"><span class=\"ez-toc-section\" id=\"sao_paulo_hakkinda_hap_bilgiler\"><\/span><strong><strong><strong><strong>Sao Paulo Hakk\u0131nda Hap Bilgiler<\/strong><\/strong><\/strong><\/strong><span class=\"ez-toc-section-end\"><\/span><\/h2>\n\n\n\n<h3 class=\"wp-block-heading has-text-align-center has-neeon-button-dark-gray-color has-text-color has-link-color wp-elements-0097d8318a539cf387e7200f158771cc\"><span class=\"ez-toc-section\" id=\"sao_paulo_nerede_nasil_gidilir\"><\/span><strong><strong><strong><strong><strong>Sao Paulo Nerede &amp; Nas\u0131l Gidilir?<\/strong><\/strong><\/strong><\/strong><\/strong><span class=\"ez-toc-section-end\"><\/span><\/h3>\n\n\n\n<p><strong>S\u00e3o Paulo<\/strong>, Brezilya&#8217;n\u0131n g\u00fcneydo\u011fusunda yer al\u0131yor. \u00dclkenin en kalabal\u0131k ve geli\u015fmi\u015f eyaleti ve ba\u015fkentidir ayr\u0131ca. G\u00fcney Amerika&#8217;n\u0131n en b\u00fcy\u00fck \u015fehri olan&nbsp;S\u00e3o Paulo&#8217;ya T\u00fcrkiye&#8217;den direkt ya da aktarmal\u0131 olarak gidebilirsiniz. <strong><a href=\"https:\/\/www.turna.com\/ucak-bileti\/sao-paulo\" target=\"_blank\" rel=\"noreferrer noopener\">Sao Paulo u\u00e7ak bileti<\/a><\/strong> fiyatlar\u0131n\u0131 web sitemizde inceleyebilirsiniz.<\/p>\n\n\n\n<h3 class=\"wp-block-heading has-text-align-center has-neeon-button-dark-gray-color has-text-color has-link-color wp-elements-5547f7ba108a905f650b70c20af6e533\"><span class=\"ez-toc-section\" id=\"sao_pauloda_ne_yenir\"><\/span><strong><strong><strong><strong><strong>Sao Paulo&#8217;da Ne Yenir?<\/strong><\/strong><\/strong><\/strong><\/strong><span class=\"ez-toc-section-end\"><\/span><\/h3>\n\n\n\n<p>Yolunuz Brezilya&#8217;n\u0131n Sao Paulo \u015fehrine d\u00fc\u015ft\u00fc\u011f\u00fcnde mutlaka tatman\u0131z gereken lezzetlerden baz\u0131lar\u0131; pastel, churrasco, polenta, acaraje, feijoada.<\/p>\n\n\n\n<h3 class=\"wp-block-heading has-text-align-center has-neeon-button-dark-gray-color has-text-color has-link-color wp-elements-ba33a02def91261827d62f44eb781161\"><span class=\"ez-toc-section\" id=\"sao_paulo_otelleri\"><\/span><strong><strong><strong><strong><strong>Sao Paulo Otelleri<\/strong><\/strong><\/strong><\/strong><\/strong><span class=\"ez-toc-section-end\"><\/span><\/h3>\n\n\n\n<p>Konaklama bir seyahatin en \u00f6nemli unsuru. Sao Paulo&#8217;da nerede kal\u0131n\u0131r sorusunun da olduk\u00e7a \u00e7e\u015fitli cevaplar\u0131 var. Kaps\u00fcl otelden, butik otellere, klasik \u015fehir otellerine kadar her b\u00fct\u00e7eye ve tercihe g\u00f6re oteller bulunuyor \u015fehirde. <strong><a href=\"https:\/\/www.turna.com\/otel\" target=\"_blank\" rel=\"noreferrer noopener\">Turna.com otel<\/a><\/strong> b\u00f6l\u00fcm\u00fcm\u00fcz\u00fc ziyaret etmeyi ihmal etmeyin.<\/p>\n\n\n<div id=\"rank-math-faq\" class=\"rank-math-block\">\n<div class=\"rank-math-list \">\n<div id=\"faq-question-685a804c60aa6\" class=\"rank-math-list-item\">\n<h3 class=\"rank-math-question \"><span class=\"ez-toc-section\" id=\"sao_paulo_istanbul_arasi_kac_saat\"><\/span>Sao Paulo \u0130stanbul aras\u0131 ka\u00e7 saat?<span class=\"ez-toc-section-end\"><\/span><\/h3>\n<div class=\"rank-math-answer \">\n\n<p>Direkt u\u00e7u\u015f ile \u0130stanbul Sao Paulo aras\u0131 12 saat 20 dakika kadar s\u00fcr\u00fcyor.<\/p>\n\n<\/div>\n<\/div>\n<div id=\"faq-question-685a804c60aa8\" class=\"rank-math-list-item\">\n<h3 class=\"rank-math-question \"><span class=\"ez-toc-section\" id=\"sao_paulo_guvenli_mi\"><\/span>Sao Paulo g\u00fcvenli mi?<span class=\"ez-toc-section-end\"><\/span><\/h3>\n<div class=\"rank-math-answer \">\n\n<p>Brezilya&#8217; \u015fehirlerinde genel olarak sokak su\u00e7lar\u0131, silah ve \u015fiddet yayg\u0131n. Ancak \u015fehrin turistik yerlerinde gezerken bir sorun ya\u015faman\u0131z d\u00fc\u015f\u00fck ihtimal. Ara sokaklardan ve tenha yerlerden uzak durman\u0131zda fayda var.<\/p>\n\n<\/div>\n<\/div>\n<div id=\"faq-question-685a804c60aa9\" class=\"rank-math-list-item\">\n<h3 class=\"rank-math-question \"><span class=\"ez-toc-section\" id=\"sao_pauloya_ne_zaman_gidilir\"><\/span>Sao Paulo&#8217;ya ne zaman gidilir?<span class=\"ez-toc-section-end\"><\/span><\/h3>\n<div class=\"rank-math-answer \">\n\n<p>Seyahatinizi ilkbahar ve sonbahar aylar\u0131na planlaman\u0131z daha iyi olacakt\u0131r. Bu mevsimlerde Brezilya daha az ya\u011f\u0131\u015f ald\u0131\u011f\u0131 i\u00e7in gezmek daha keyifli.<\/p>\n\n<\/div>\n<\/div>\n<\/div>\n<\/div>\n\n\n<p><strong><a href=\"https:\/\/www.turna.com\/blog\/brezilya-gezi-rehberi\" target=\"_blank\" rel=\"noreferrer noopener\">Brezilya Gezi Rehberi<\/a><\/strong><\/p>\n\n\n\n<p><strong><a href=\"https:\/\/www.turna.com\/blog\/brezilya-gezilecek-yerler\" target=\"_blank\" rel=\"noreferrer noopener\">Brezilya Gezilecek Yerler<\/a><\/strong><\/p>\n\n\n\n<p><strong><a href=\"https:\/\/www.turna.com\/blog\/rio-de-janeiroda-gezilecek-yerler\" target=\"_blank\" rel=\"noreferrer noopener\">Rio de Janeiro Gezilecek Yerler<\/a><\/strong><\/p>\n\n    <div class=\"xs_social_share_widget xs_share_url after_content \t\tmain_content  wslu-style-1 wslu-share-box-shaped wslu-fill-colored wslu-none wslu-share-horizontal wslu-theme-font-no wslu-main_content\">\n\n\t\t\n        <ul>\n\t\t\t        <\/ul>\n    <\/div> \n","protected":false},"excerpt":{"rendered":"<p>Bug\u00fcn G\u00fcney Amerika&#8217;n\u0131n \u015fahane \u00fclkesi Brezilya&#8217;ya gidiyoruz. Karnaval\u0131yla, c\u0131v\u0131l c\u0131v\u0131l plajlar\u0131yla, enfes kahveleriyle \u00fcnl\u00fc bu harika \u00fclkenin en b\u00fcy\u00fck kenti Sao Paulo&#8217;yu ke\u015ffedece\u011fiz. Rio de Janeiro kadar pop\u00fcler olmasa da burada da g\u00f6rebilece\u011finiz bir \u00e7ok yer, yapabilece\u011finiz bir \u00e7ok \u015fey var. Sao Paulo gezilecek yerler listesine birer birer tik atmak i\u00e7in hadi yola koyulal\u0131m.<\/p>\n","protected":false},"author":34,"featured_media":21627,"comment_status":"open","ping_status":"open","sticky":false,"template":"","format":"standard","meta":{"rop_custom_images_group":[],"rop_custom_messages_group":[],"rop_publish_now":"initial","rop_publish_now_accounts":[],"rop_publish_now_history":[],"rop_publish_now_status":"pending","_cloudinary_featured_overwrite":false,"footnotes":""},"categories":[2,440,401],"tags":[488,892],"class_list":["post-21626","post","type-post","status-publish","format-standard","has-post-thumbnail","hentry","category-ulkeler","category-brezilya","category-guney-amerika","tag-brezilya","tag-sao-paulo"],"_links":{"self":[{"href":"https:\/\/www.turna.com\/blog\/wp-json\/wp\/v2\/posts\/21626","targetHints":{"allow":["GET"]}}],"collection":[{"href":"https:\/\/www.turna.com\/blog\/wp-json\/wp\/v2\/posts"}],"about":[{"href":"https:\/\/www.turna.com\/blog\/wp-json\/wp\/v2\/types\/post"}],"author":[{"embeddable":true,"href":"https:\/\/www.turna.com\/blog\/wp-json\/wp\/v2\/users\/34"}],"replies":[{"embeddable":true,"href":"https:\/\/www.turna.com\/blog\/wp-json\/wp\/v2\/comments?post=21626"}],"version-history":[{"count":0,"href":"https:\/\/www.turna.com\/blog\/wp-json\/wp\/v2\/posts\/21626\/revisions"}],"wp:featuredmedia":[{"embeddable":true,"href":"https:\/\/www.turna.com\/blog\/wp-json\/wp\/v2\/media\/21627"}],"wp:attachment":[{"href":"https:\/\/www.turna.com\/blog\/wp-json\/wp\/v2\/media?parent=21626"}],"wp:term":[{"taxonomy":"category","embeddable":true,"href":"https:\/\/www.turna.com\/blog\/wp-json\/wp\/v2\/categories?post=21626"},{"taxonomy":"post_tag","embeddable":true,"href":"https:\/\/www.turna.com\/blog\/wp-json\/wp\/v2\/tags?post=21626"}],"curies":[{"name":"wp","href":"https:\/\/api.w.org\/{rel}","templated":true}]}}