{"id":21505,"date":"2026-01-06T11:46:33","date_gmt":"2026-01-06T08:46:33","guid":{"rendered":"https:\/\/www.turna.com\/blog\/?p=21505"},"modified":"2026-01-06T11:58:34","modified_gmt":"2026-01-06T08:58:34","slug":"somestr-tatilinde-nereye-gidilir","status":"publish","type":"post","link":"https:\/\/www.turna.com\/blog\/somestr-tatilinde-nereye-gidilir","title":{"rendered":"S\u00f6mestir Tatilinde Nereye Gidilir?"},"content":{"rendered":"<div id=\"ez-toc-container\" class=\"ez-toc-v2_0_82_2 counter-hierarchy ez-toc-counter ez-toc-black ez-toc-container-direction\">\n<div class=\"ez-toc-title-container\">\n<p class=\"ez-toc-title\" style=\"cursor:inherit\">\u0130\u00e7indekiler<\/p>\n<span class=\"ez-toc-title-toggle\"><a href=\"#\" class=\"ez-toc-pull-right ez-toc-btn ez-toc-btn-xs ez-toc-btn-default ez-toc-toggle\" aria-label=\"\u0130\u00e7indekiler Tablosunu A\u00e7\/Kapat\"><span class=\"ez-toc-js-icon-con\"><span class=\"\"><span class=\"eztoc-hide\" style=\"display:none;\">Toggle<\/span><span class=\"ez-toc-icon-toggle-span\"><svg style=\"fill: #ffffff;color:#ffffff\" xmlns=\"http:\/\/www.w3.org\/2000\/svg\" class=\"list-377408\" width=\"20px\" height=\"20px\" viewBox=\"0 0 24 24\" fill=\"none\"><path d=\"M6 6H4v2h2V6zm14 0H8v2h12V6zM4 11h2v2H4v-2zm16 0H8v2h12v-2zM4 16h2v2H4v-2zm16 0H8v2h12v-2z\" fill=\"currentColor\"><\/path><\/svg><svg style=\"fill: #ffffff;color:#ffffff\" class=\"arrow-unsorted-368013\" xmlns=\"http:\/\/www.w3.org\/2000\/svg\" width=\"10px\" height=\"10px\" viewBox=\"0 0 24 24\" version=\"1.2\" baseProfile=\"tiny\"><path d=\"M18.2 9.3l-6.2-6.3-6.2 6.3c-.2.2-.3.4-.3.7s.1.5.3.7c.2.2.4.3.7.3h11c.3 0 .5-.1.7-.3.2-.2.3-.5.3-.7s-.1-.5-.3-.7zM5.8 14.7l6.2 6.3 6.2-6.3c.2-.2.3-.5.3-.7s-.1-.5-.3-.7c-.2-.2-.4-.3-.7-.3h-11c-.3 0-.5.1-.7.3-.2.2-.3.5-.3.7s.1.5.3.7z\"\/><\/svg><\/span><\/span><\/span><\/a><\/span><\/div>\n<nav><ul class='ez-toc-list ez-toc-list-level-1 eztoc-toggle-hide-by-default' ><li class='ez-toc-page-1 ez-toc-heading-level-2'><a class=\"ez-toc-link ez-toc-heading-1\" href=\"https:\/\/www.turna.com\/blog\/somestr-tatilinde-nereye-gidilir\/#somestir_tatilinde_nereye_gidilir\" >S\u00f6mestir Tatilinde Nereye Gidilir?<\/a><ul class='ez-toc-list-level-3' ><li class='ez-toc-heading-level-3'><a class=\"ez-toc-link ez-toc-heading-2\" href=\"https:\/\/www.turna.com\/blog\/somestr-tatilinde-nereye-gidilir\/#kars\" >Kars<\/a><\/li><li class='ez-toc-page-1 ez-toc-heading-level-3'><a class=\"ez-toc-link ez-toc-heading-3\" href=\"https:\/\/www.turna.com\/blog\/somestr-tatilinde-nereye-gidilir\/#kas_antalya\" >Ka\u015f, Antalya<\/a><\/li><li class='ez-toc-page-1 ez-toc-heading-level-3'><a class=\"ez-toc-link ez-toc-heading-4\" href=\"https:\/\/www.turna.com\/blog\/somestr-tatilinde-nereye-gidilir\/#bursa\" >Bursa<\/a><\/li><li class='ez-toc-page-1 ez-toc-heading-level-3'><a class=\"ez-toc-link ez-toc-heading-5\" href=\"https:\/\/www.turna.com\/blog\/somestr-tatilinde-nereye-gidilir\/#erciyes_kayseri\" >Erciyes, Kayseri<\/a><\/li><li class='ez-toc-page-1 ez-toc-heading-level-3'><a class=\"ez-toc-link ez-toc-heading-6\" href=\"https:\/\/www.turna.com\/blog\/somestr-tatilinde-nereye-gidilir\/#yalova\" >Yalova<\/a><\/li><li class='ez-toc-page-1 ez-toc-heading-level-3'><a class=\"ez-toc-link ez-toc-heading-7\" href=\"https:\/\/www.turna.com\/blog\/somestr-tatilinde-nereye-gidilir\/#kartepe_kocaeli\" >Kartepe, Kocaeli<\/a><\/li><li class='ez-toc-page-1 ez-toc-heading-level-3'><a class=\"ez-toc-link ez-toc-heading-8\" href=\"https:\/\/www.turna.com\/blog\/somestr-tatilinde-nereye-gidilir\/#urgup_nevsehir\" >\u00dcrg\u00fcp, Nev\u015fehir<\/a><\/li><li class='ez-toc-page-1 ez-toc-heading-level-3'><a class=\"ez-toc-link ez-toc-heading-9\" href=\"https:\/\/www.turna.com\/blog\/somestr-tatilinde-nereye-gidilir\/#ankara\" >Ankara<\/a><\/li><li class='ez-toc-page-1 ez-toc-heading-level-3'><a class=\"ez-toc-link ez-toc-heading-10\" href=\"https:\/\/www.turna.com\/blog\/somestr-tatilinde-nereye-gidilir\/#paris_fransa\" >Paris, Fransa<\/a><\/li><li class='ez-toc-page-1 ez-toc-heading-level-3'><a class=\"ez-toc-link ez-toc-heading-11\" href=\"https:\/\/www.turna.com\/blog\/somestr-tatilinde-nereye-gidilir\/#floransa_italya\" >Floransa, \u0130talya<\/a><\/li><li class='ez-toc-page-1 ez-toc-heading-level-3'><a class=\"ez-toc-link ez-toc-heading-12\" href=\"https:\/\/www.turna.com\/blog\/somestr-tatilinde-nereye-gidilir\/#tromso_norvec\" >Tromso, Norve\u00e7<\/a><\/li><li class='ez-toc-page-1 ez-toc-heading-level-3'><a class=\"ez-toc-link ez-toc-heading-13\" href=\"https:\/\/www.turna.com\/blog\/somestr-tatilinde-nereye-gidilir\/#belgrad_sirbistan\" >Belgrad, S\u0131rbistan<\/a><\/li><li class='ez-toc-page-1 ez-toc-heading-level-3'><a class=\"ez-toc-link ez-toc-heading-14\" href=\"https:\/\/www.turna.com\/blog\/somestr-tatilinde-nereye-gidilir\/#tiflis_gurcistan\" >Tiflis, G\u00fcrcistan<\/a><\/li><li class='ez-toc-page-1 ez-toc-heading-level-3'><a class=\"ez-toc-link ez-toc-heading-15\" href=\"https:\/\/www.turna.com\/blog\/somestr-tatilinde-nereye-gidilir\/#dubai_birlesik_arap_emirlikleri\" >Dubai, Birle\u015fik Arap Emirlikleri<\/a><\/li><li class='ez-toc-page-1 ez-toc-heading-level-3'><a class=\"ez-toc-link ez-toc-heading-16\" href=\"https:\/\/www.turna.com\/blog\/somestr-tatilinde-nereye-gidilir\/#somestir_tatilinde_istanbulda_nereye_gidilir\" >S\u00f6mestir tatilinde \u0130stanbul&#8217;da nereye gidilir?<\/a><\/li><li class='ez-toc-page-1 ez-toc-heading-level-3'><a class=\"ez-toc-link ez-toc-heading-17\" href=\"https:\/\/www.turna.com\/blog\/somestr-tatilinde-nereye-gidilir\/#somestir_tatilinde_ankarada_nereye_gidilir\" >S\u00f6mestir tatilinde Ankara&#8217;da nereye gidilir?<\/a><\/li><li class='ez-toc-page-1 ez-toc-heading-level-3'><a class=\"ez-toc-link ez-toc-heading-18\" href=\"https:\/\/www.turna.com\/blog\/somestr-tatilinde-nereye-gidilir\/#yariyil_tatilinde_neler_yapilabilir\" >Yar\u0131y\u0131l tatilinde neler yap\u0131labilir?<\/a><\/li><li class='ez-toc-page-1 ez-toc-heading-level-3'><a class=\"ez-toc-link ez-toc-heading-19\" href=\"https:\/\/www.turna.com\/blog\/somestr-tatilinde-nereye-gidilir\/#2026_yili_somestir_tatili_ne_zaman\" >2026 y\u0131l\u0131 s\u00f6mestir tatili ne zaman?<\/a><\/li><\/ul><\/li><\/ul><\/nav><\/div>\n\n<p>\u00d6\u011fretmenlerin, \u00f6\u011frencilerin, velilerin en sevdi\u011fi d\u00f6nemlerden biri olan s\u00f6mestir tatili kap\u0131da. Ailelerin bu d\u00f6nemde \u00e7ocuklar\u0131na verece\u011fi en g\u00fczel karne hediyesi macera dolu bir seyahat ya da keyifli bir tatil olabilir. Yar\u0131 y\u0131l tatiline say\u0131l\u0131 g\u00fcnler kala hen\u00fcz plan yapmad\u0131ysan\u0131z bu yaz\u0131 \u00e7ok i\u015finize yarayacak. S\u00f6mestir tatilinde nereye gidilir sorusuna \u00e7ok keyifli cevaplar bulacaks\u0131n\u0131z. Hadi tatilinizi birlikte planlayal\u0131m. \ud83d\ude0a<\/p>\n\n\n\n<h2 class=\"wp-block-heading has-text-align-center has-neeon-button-dark-gray-color has-text-color has-link-color wp-elements-d0f9fddff19bb260ed427fa5887d2a8b\"><span class=\"ez-toc-section\" id=\"somestir_tatilinde_nereye_gidilir\"><\/span><strong><strong>S\u00f6mestir Tatilinde Nereye Gidilir?<\/strong><\/strong><span class=\"ez-toc-section-end\"><\/span><\/h2>\n\n\n\n<figure class=\"wp-block-image size-large is-resized\"><img width=\"800\" height=\"500\" data-public-id=\"s\u00f6mestr_tatilinde_nereye_gidilir\/s\u00f6mestr_tatilinde_nereye_gidilir.jpg\" decoding=\"async\" src=\"https:\/\/res.cloudinary.com\/turna\/images\/w_800,h_500,c_scale\/f_auto,q_auto:low\/v1673639196\/s\u00f6mestr_tatilinde_nereye_gidilir\/s\u00f6mestr_tatilinde_nereye_gidilir.jpg?_i=AA\" alt=\"S\u00f6mestr Tatilinde Nereye Gidilir\" style=\"aspect-ratio:1.6000154802755489;width:1200px;height:auto\" class=\"wp-post-0 wp-image-21506\" data-format=\"jpg\" data-transformations=\"f_auto,q_auto:low\" data-version=\"1673639196\" data-seo=\"1\" srcset=\"https:\/\/res.cloudinary.com\/turna\/images\/f_auto,q_auto:low\/v1673639196\/s\u00f6mestr_tatilinde_nereye_gidilir\/s\u00f6mestr_tatilinde_nereye_gidilir.jpg?_i=AA 800w, https:\/\/res.cloudinary.com\/turna\/images\/w_300,h_188,c_scale\/f_auto,q_auto:low\/v1673639196\/s\u00f6mestr_tatilinde_nereye_gidilir\/s\u00f6mestr_tatilinde_nereye_gidilir.jpg?_i=AA 300w, https:\/\/res.cloudinary.com\/turna\/images\/w_672,h_420,c_scale\/f_auto,q_auto:low\/v1673639196\/s\u00f6mestr_tatilinde_nereye_gidilir\/s\u00f6mestr_tatilinde_nereye_gidilir.jpg?_i=AA 672w, https:\/\/res.cloudinary.com\/turna\/images\/w_640,h_400,c_scale\/f_auto,q_auto:low\/v1673639196\/s\u00f6mestr_tatilinde_nereye_gidilir\/s\u00f6mestr_tatilinde_nereye_gidilir.jpg?_i=AA 640w, https:\/\/res.cloudinary.com\/turna\/images\/w_681,h_426,c_scale\/f_auto,q_auto:low\/v1673639196\/s\u00f6mestr_tatilinde_nereye_gidilir\/s\u00f6mestr_tatilinde_nereye_gidilir.jpg?_i=AA 681w\" sizes=\"(max-width: 800px) 100vw, 800px\" \/><\/figure>\n\n\n\n<p>Ocak ay\u0131nda 15 g\u00fcn s\u00fcrecek s\u00f6mestir tatili yakla\u015f\u0131yor. Bu sene plan yapmakta geciktiyseniz nereye gitsek tela\u015f\u0131 ba\u015flam\u0131\u015f olabilir. E\u011fitim \u00f6\u011fretim y\u0131l\u0131n\u0131n ortas\u0131nda motive olarak ikinci yar\u0131 y\u0131la dinamik bir ba\u015flang\u0131\u00e7 yapabilirsiniz. Hem \u00e7ocuklar\u0131n\u0131z\u0131 hem sizi mutlu edecek birbirinden g\u00fczel destinasyonlar var. Beklentileriniz ve b\u00fct\u00e7enizle do\u011fru orant\u0131l\u0131 olarak yurt d\u0131\u015f\u0131 ya da yurt i\u00e7inde gidebilece\u011finiz rotalar\u0131 sizin i\u00e7in derledim. T\u00fcm bunlara ek olarak <strong><a href=\"https:\/\/www.turna.com\/blog\/ocak-ayinda-gezilecek-yerler\" target=\"_blank\" rel=\"noreferrer noopener\">Ocak ay\u0131nda gezilecek yerler<\/a><\/strong> yaz\u0131m da size fikir verebilir.<\/p>\n\n\n\n<h3 class=\"wp-block-heading has-text-align-center has-neeon-button-dark-gray-color has-text-color has-link-color wp-elements-ccb6258c2847b26d1c55b9dcf42c7490\"><span class=\"ez-toc-section\" id=\"kars\"><\/span><strong><strong><strong>Kars<\/strong><\/strong><\/strong><span class=\"ez-toc-section-end\"><\/span><\/h3>\n\n\n\n<figure class=\"wp-block-image size-large is-resized\"><img width=\"800\" height=\"500\" data-public-id=\"Kars\/Kars.jpg\" decoding=\"async\" src=\"https:\/\/res.cloudinary.com\/turna\/images\/w_800,h_500,c_scale\/f_auto,q_auto:low\/v1603955074\/Kars\/Kars.jpg?_i=AA\" alt=\"S\u00f6mestr Tatilinde Nereye Gidilir Kars\" style=\"aspect-ratio:1.600015528352183;width:1200px;height:auto\" class=\"wp-post-0 wp-image-17481\" data-format=\"jpg\" data-transformations=\"f_auto,q_auto:low\" data-version=\"1603955074\" data-seo=\"1\" srcset=\"https:\/\/res.cloudinary.com\/turna\/images\/f_auto,q_auto:low\/v1603955074\/Kars\/Kars.jpg?_i=AA 800w, https:\/\/res.cloudinary.com\/turna\/images\/w_300,h_188,c_scale\/f_auto,q_auto:low\/v1603955074\/Kars\/Kars.jpg?_i=AA 300w, https:\/\/res.cloudinary.com\/turna\/images\/w_672,h_420,c_scale\/f_auto,q_auto:low\/v1603955074\/Kars\/Kars.jpg?_i=AA 672w, https:\/\/res.cloudinary.com\/turna\/images\/w_640,h_400,c_scale\/f_auto,q_auto:low\/v1603955074\/Kars\/Kars.jpg?_i=AA 640w, https:\/\/res.cloudinary.com\/turna\/images\/w_681,h_426,c_scale\/f_auto,q_auto:low\/v1603955074\/Kars\/Kars.jpg?_i=AA 681w\" sizes=\"(max-width: 800px) 100vw, 800px\" \/><\/figure>\n\n\n\n<p>Kars, s\u00f6mestir tatili yapmak isteyenler i\u00e7in k\u0131\u015f\u0131n gidilecek en g\u00fczel rotalardan biri. Gidi\u015fte ya da d\u00f6n\u00fc\u015fte Do\u011fu Ekspresi ile kombinleyebilirseniz unutulmaz bir seyahat olaca\u011f\u0131ndan emin olabilirsiniz. Kars&#8217;ta donmu\u015f <a href=\"https:\/\/goo.gl\/maps\/ikEbnbk4EAf1rsyp6\" target=\"_blank\" rel=\"noreferrer noopener\">\u00c7\u0131ld\u0131r G\u00f6l\u00fc<\/a> \u00fczerinde y\u00fcr\u00fcyebilir, buzu k\u0131rarak bal\u0131k avlayanlara e\u015flik edebilir, atl\u0131 k\u0131zak yapabilirsiniz. G\u00f6l\u00fcn \u00e7evresindeki restoranlarda g\u00f6lden \u00e7\u0131kar\u0131lan lezzetli sar\u0131 bal\u0131klardan da mutlaka yiyin.<\/p>\n\n\n\n<p>Kars Kalesi, Havariler Kilisesi, Kafkas Cephesi Harp Tarihi M\u00fczesi, Fethiye Camii Kars merkezde mutlaka g\u00f6rmeniz gereken yerler. Ani Harabeleri ile tarihte bir yolculu\u011fa \u00e7\u0131kabilir, Sar\u0131kam\u0131\u015f&#8217;ta \u00fclkemizin en g\u00fczel pistlerinde kayak yapabilirsiniz. Kaz eti, Gravyer peyniri, Kars ka\u015far\u0131, Piti, H\u0131ngel ve Evelik \u00e7orbas\u0131 Kars&#8217;\u0131n en me\u015fhur lezzetlerinden. Bir de Kafkas g\u00f6sterisi izlerseniz m\u00fckemmel bir Kars seyahati ge\u00e7irmi\u015f olursunuz.<\/p>\n\n\n\n<p><a href=\"https:\/\/www.turna.com\/ucak-bileti\/kars\"><strong>Kars u\u00e7ak bileti<\/strong><\/a> ve <a href=\"https:\/\/www.turna.com\/otobus-bileti\/kars\"><strong>Kars otob\u00fcs bileti<\/strong><\/a> alternatifleri avantajl\u0131 fiyatlarla Turna&#8217;da.<\/p>\n\n\n\n<h3 class=\"wp-block-heading has-text-align-center has-neeon-button-dark-gray-color has-text-color has-link-color wp-elements-a56235dd81b206228be1822f31209b91\"><span class=\"ez-toc-section\" id=\"kas_antalya\"><\/span><strong><strong><strong>Ka\u015f, Antalya<\/strong><\/strong><\/strong><span class=\"ez-toc-section-end\"><\/span><\/h3>\n\n\n\n<figure class=\"wp-block-image size-large is-resized\"><img decoding=\"async\" src=\"https:\/\/res.cloudinary.com\/turna\/image\/upload\/v1673639195\/ka%C5%9F_villa_kiralama.jpg\" alt=\"S\u00f6mestr Tatilinde Nereye Gidilir Ka\u015f\" style=\"aspect-ratio:1.6000154802755489;width:1200px;height:auto\"\/><\/figure>\n\n\n\n<p>So\u011fuk bir rotadan s\u0131cak bir destinasyona ge\u00e7i\u015f yapal\u0131m. Burada sizin i\u00e7in daha \u00e7ok dinlenece\u011finiz ve kendinizi \u015f\u0131martaca\u011f\u0131n\u0131z bir tatil hayal ettim. Ka\u015f&#8217;ta \u00e7ok g\u00fczel oteller var. Bu otellerin baz\u0131lar\u0131nda kapal\u0131 havuz ya da \u0131s\u0131tmal\u0131 havuz oluyor. E\u011fitim \u00f6\u011fretim y\u0131l\u0131n\u0131n ortas\u0131nda keyif depolayaca\u011f\u0131n\u0131z bir otel tatiliyle kendinizi \u00f6d\u00fcllendirmeye ne dersiniz?<\/p>\n\n\n\n<p>D\u00f6nemsel kampanyalar ve cazip fiyatlarla birbirinden g\u00fczel <a href=\"https:\/\/www.turna.com\/otel\/antalya\" data-type=\"link\" data-id=\"https:\/\/www.turna.com\/otel\/antalya\"><strong>Antalya otelleri<\/strong> <\/a>ile tan\u0131\u015fmak i\u00e7in web sitemizi ziyaret edin.<\/p>\n\n\n\n<h3 class=\"wp-block-heading has-text-align-center\"><span class=\"ez-toc-section\" id=\"bursa\"><\/span><strong>Bursa<\/strong><span class=\"ez-toc-section-end\"><\/span><\/h3>\n\n\n\n<figure class=\"wp-block-image size-full is-resized\"><img width=\"800\" height=\"500\" data-public-id=\"wordpress-contents\/bursada_gezilecek_yerler\/bursada_gezilecek_yerler.jpg\" fetchpriority=\"high\" decoding=\"async\" src=\"https:\/\/res.cloudinary.com\/turna\/images\/w_800,h_500,c_scale\/f_auto,q_auto:low\/v1718113042\/wordpress-contents\/bursada_gezilecek_yerler\/bursada_gezilecek_yerler.jpg?_i=AA\" alt=\"Bursa&#039;da gezilecek yerler\" class=\"wp-post-21505 wp-image-22674\" style=\"aspect-ratio:1.6000187505859558;width:1200px;height:auto\" data-format=\"jpg\" data-transformations=\"f_auto,q_auto:low\" data-version=\"1718113042\" data-seo=\"1\" srcset=\"https:\/\/res.cloudinary.com\/turna\/images\/f_auto,q_auto:low\/v1718113042\/wordpress-contents\/bursada_gezilecek_yerler\/bursada_gezilecek_yerler.jpg?_i=AA 800w, https:\/\/res.cloudinary.com\/turna\/images\/w_300,h_188,c_scale\/f_auto,q_auto:low\/v1718113042\/wordpress-contents\/bursada_gezilecek_yerler\/bursada_gezilecek_yerler.jpg?_i=AA 300w, https:\/\/res.cloudinary.com\/turna\/images\/w_672,h_420,c_scale\/f_auto,q_auto:low\/v1718113042\/wordpress-contents\/bursada_gezilecek_yerler\/bursada_gezilecek_yerler.jpg?_i=AA 672w, https:\/\/res.cloudinary.com\/turna\/images\/w_640,h_400,c_scale\/f_auto,q_auto:low\/v1718113042\/wordpress-contents\/bursada_gezilecek_yerler\/bursada_gezilecek_yerler.jpg?_i=AA 640w, https:\/\/res.cloudinary.com\/turna\/images\/w_681,h_426,c_scale\/f_auto,q_auto:low\/v1718113042\/wordpress-contents\/bursada_gezilecek_yerler\/bursada_gezilecek_yerler.jpg?_i=AA 681w\" sizes=\"(max-width: 800px) 100vw, 800px\" \/><\/figure>\n\n\n\n<p class=\"has-text-align-left\">K\u0131\u015f deyince Uluda\u011f\u2019\u0131 d\u00fc\u015f\u00fcnmeden olmaz. Bursa, hem kayak hem \u015fehir gezisini bir arada sunmas\u0131yla s\u00f6mestir rotalar\u0131nda \u00f6n plana \u00e7\u0131k\u0131yor. Uluda\u011f\u2019da kayak yapt\u0131ktan sonra \u015fehir merkezinde tarihi hanlar\u0131 gezebilir, \u015fehir merkezinde lezzetli bir \u0130skender molas\u0131 verebilirsiniz. Teleferik yolculu\u011fu ise \u00e7ocuklar i\u00e7in ba\u015fl\u0131 ba\u015f\u0131na bir deneyim. Kayak yapmak istemeyenler i\u00e7in de termal oteller ve m\u00fczeler g\u00fczel alternatifler sunuyor. Ayr\u0131ca Mudanya ve Trilye b\u00f6lgesinde nostaljik ve deniz manzaral\u0131 ke\u015fifler de yap\u0131labiliyor.<\/p>\n\n\n\n<p><strong><a href=\"https:\/\/www.turna.com\/otel\/bursa-termal-oteller\" data-type=\"link\" data-id=\"https:\/\/www.turna.com\/otel\/bursa-termal-oteller\">Bursa termal otelleri<\/a><\/strong> cazip fiyatlarla Turna&#8217;da.<\/p>\n\n\n\n<h3 class=\"wp-block-heading has-text-align-center has-neeon-button-dark-gray-color has-text-color has-link-color wp-elements-c18612d3e593057baf350414d0cd3c52\"><span class=\"ez-toc-section\" id=\"erciyes_kayseri\"><\/span><strong><strong><strong>Erciyes, Kayseri<\/strong><\/strong><\/strong><span class=\"ez-toc-section-end\"><\/span><\/h3>\n\n\n\n<figure class=\"wp-block-image size-large is-resized\"><img decoding=\"async\" src=\"https:\/\/res.cloudinary.com\/turna\/image\/upload\/v1673639195\/erciyes_kayseri.jpg\" alt=\"Erciyes\/Kayseri\" style=\"aspect-ratio:1.6000154802755489;width:1200px;height:auto\"\/><\/figure>\n\n\n\n<p>Yar\u0131y\u0131l tatilinde ne yap\u0131l\u0131r sorusuna verilecek akla gelen ilk cevap bence kayak. Bunun i\u00e7in bu y\u0131l neden rotay\u0131 Kayseri&#8217;nin k\u0131\u015f turizmi g\u00f6zdesi Erciyes Da\u011f\u0131&#8217;na \u00e7evirmeyesiniz? Burada bulunan otellerde konaklayarak t\u00fcm g\u00fcn kayakla yorulabilir, yorulup ac\u0131kt\u0131\u011f\u0131n\u0131zda sucuk ekmek yiyebilirsiniz. Kayak bilmiyorsan\u0131z buradaki hocalardan kayak dersi alabilir ya da k\u0131zak kiralayarak \u00e7ocuklar gibi e\u011flenebilirsiniz.<\/p>\n\n\n\n<p>Web sitemizde <strong><a href=\"https:\/\/www.turna.com\/ucak-bileti\/kayseri\" target=\"_blank\" rel=\"noreferrer noopener\">Kayseri u\u00e7ak bileti <\/a><\/strong>se\u00e7eneklerini inceleyebilirsiniz.<\/p>\n\n\n\n<h3 class=\"wp-block-heading has-text-align-center has-neeon-button-dark-gray-color has-text-color has-link-color wp-elements-57ac0b76eb7439ee7e54542db96f9769\"><span class=\"ez-toc-section\" id=\"yalova\"><\/span><strong><strong><strong>Yalova<\/strong><\/strong><\/strong><span class=\"ez-toc-section-end\"><\/span><\/h3>\n\n\n\n<figure class=\"wp-block-image size-large is-resized\"><img decoding=\"async\" src=\"https:\/\/res.cloudinary.com\/turna\/image\/upload\/v1673639197\/yalova_termal_otel.jpg\" alt=\"Yalova\" style=\"aspect-ratio:1.6000155122934927;width:1200px;height:auto\"\/><\/figure>\n\n\n\n<p>S\u00f6mestirde tatil yerleri<strong> <\/strong>diyorsak termal otelleri olan yerleri listemize eklemezsek olmaz. S\u0131cak, \u015fifal\u0131 termal sularla bulu\u015fmak i\u00e7in en ideal mevsim bence k\u0131\u015f. D\u0131\u015far\u0131da lapa lapa kar ya\u011farken s\u0131cac\u0131k suya girmek inan\u0131lmaz bir keyif. Kendinizi bu keyiften mahrum b\u0131rakmak istemezseniz, Yalova harika termal otelleri ile sizi bekliyor. Web sitemizden <strong><a href=\"https:\/\/www.turna.com\/otel\/yalova\" target=\"_blank\" rel=\"noreferrer noopener\">Yalova otellerini<\/a><\/strong> inceleyebilir, g\u00fcvenle rezervasyon yapt\u0131rabilirsiniz.<\/p>\n\n\n\n<p><strong><a href=\"https:\/\/www.turna.com\/otobus-bileti\/yalova\" target=\"_blank\" rel=\"noreferrer noopener\">Yalova otob\u00fcs bileti<\/a><\/strong> fiyatlar\u0131n\u0131 kar\u015f\u0131la\u015ft\u0131rmak ve en iyi fiyatla sat\u0131n almak i\u00e7in web sitemizi ziyaret edin.<\/p>\n\n\n\n<h3 class=\"wp-block-heading has-text-align-center has-neeon-button-dark-gray-color has-text-color has-link-color wp-elements-bdd592c029eb5dabcc9a71957bbc8f1b\"><span class=\"ez-toc-section\" id=\"kartepe_kocaeli\"><\/span><strong><strong><strong>Kartepe, Kocaeli<\/strong><\/strong><\/strong><span class=\"ez-toc-section-end\"><\/span><\/h3>\n\n\n\n<figure class=\"wp-block-image size-large is-resized\"><img decoding=\"async\" src=\"https:\/\/res.cloudinary.com\/turna\/image\/upload\/v1673639195\/kartepe.jpg\" alt=\"Kartepe\/Kocaeli\" style=\"aspect-ratio:1.6000154802755489;width:1200px;height:auto\"\/><\/figure>\n\n\n\n<p>S\u00f6mestir tatili plan\u0131 i\u00e7in bir kayak destinasyonu daha eklemek istedim listeye. Kocaeli ilinde bulunan\u00a0Kartepe, s\u00f6mestirde kayak yapmak i\u00e7in ideal bir rota. \u0130stanbul&#8217;un yan\u0131 ba\u015f\u0131nda renkli bir kayak tatili yapmak isterseniz en yak\u0131n adres Kartepe.\u00a0Gitmi\u015fken Sapanca ve Ma\u015fukiye&#8217;yi de gezebilirsiniz.<\/p>\n\n\n\n<p><strong><a href=\"https:\/\/www.turna.com\/otobus-bileti\/kocaeli-izmit\" target=\"_blank\" rel=\"noreferrer noopener\">Kocaeli otob\u00fcs bileti<\/a><\/strong> sat\u0131n almak i\u00e7in web sitemizi inceleyin.<\/p>\n\n\n\n<h3 class=\"wp-block-heading has-text-align-center has-neeon-button-dark-gray-color has-text-color has-link-color wp-elements-35b972c211d60c2743556cec410ec78c\"><span class=\"ez-toc-section\" id=\"urgup_nevsehir\"><\/span><strong><strong><strong>\u00dcrg\u00fcp, Nev\u015fehir<\/strong><\/strong><\/strong><span class=\"ez-toc-section-end\"><\/span><\/h3>\n\n\n\n<figure class=\"wp-block-image size-large is-resized\"><img width=\"1024\" height=\"640\" data-public-id=\"blog\/kapadokya\/kapadokya.png\" decoding=\"async\" src=\"https:\/\/res.cloudinary.com\/turna\/images\/w_1024,h_640,c_scale\/f_auto,q_auto:low\/v1738658739\/blog\/kapadokya\/kapadokya.png?_i=AA\" alt=\"\" class=\"wp-post-21505 wp-image-23610\" style=\"aspect-ratio:1.6000146487951366;width:1200px;height:auto\" data-format=\"png\" data-transformations=\"f_auto,q_auto:low\" data-version=\"1738658739\" data-seo=\"1\" srcset=\"https:\/\/res.cloudinary.com\/turna\/images\/w_1024,h_640,c_scale\/f_auto,q_auto:low\/v1738658739\/blog\/kapadokya\/kapadokya.png?_i=AA 1024w, https:\/\/res.cloudinary.com\/turna\/images\/w_800,h_500,c_scale\/f_auto,q_auto:low\/v1738658739\/blog\/kapadokya\/kapadokya.png?_i=AA 800w, https:\/\/res.cloudinary.com\/turna\/images\/w_300,h_188,c_scale\/f_auto,q_auto:low\/v1738658739\/blog\/kapadokya\/kapadokya.png?_i=AA 300w, https:\/\/res.cloudinary.com\/turna\/images\/w_1536,h_960,c_scale\/f_auto,q_auto:low\/v1738658739\/blog\/kapadokya\/kapadokya.png?_i=AA 1536w, https:\/\/res.cloudinary.com\/turna\/images\/w_672,h_420,c_scale\/f_auto,q_auto:low\/v1738658739\/blog\/kapadokya\/kapadokya.png?_i=AA 672w, https:\/\/res.cloudinary.com\/turna\/images\/w_640,h_400,c_scale\/f_auto,q_auto:low\/v1738658739\/blog\/kapadokya\/kapadokya.png?_i=AA 640w, https:\/\/res.cloudinary.com\/turna\/images\/w_681,h_426,c_scale\/f_auto,q_auto:low\/v1738658739\/blog\/kapadokya\/kapadokya.png?_i=AA 681w, https:\/\/res.cloudinary.com\/turna\/images\/f_auto,q_auto:low\/v1738658739\/blog\/kapadokya\/kapadokya.png?_i=AA 1600w\" sizes=\"(max-width: 1024px) 100vw, 1024px\" \/><\/figure>\n\n\n\n<p>S\u00f6mestir tatili denince akla ilk gelen yerlerden bir di\u011feri de \u00dcrg\u00fcp! Kapadokya b\u00f6lgesinin en g\u00f6zde yerlerinden olan \u00dcrg\u00fcp, k\u0131\u015f\u0131n bamba\u015fka bir g\u00fczelli\u011fe b\u00fcr\u00fcn\u00fcyor. \u00dcstelik burada yapacak o kadar \u00e7ok \u015fey var ki! \u00dcrg\u00fcp\u2019te g\u00fcne g\u00fczel bir kahvalt\u0131yla ba\u015flay\u0131n ve yer alt\u0131 \u015fehirlerini ke\u015ffetmeye \u00e7\u0131k\u0131n. Ard\u0131ndan G\u00f6reme A\u00e7\u0131k Hava M\u00fczesi\u2019ni ziyaret edin ve b\u00f6lgenin tarihi zenginliklerini yak\u0131ndan g\u00f6r\u00fcn.<\/p>\n\n\n\n<p>Elbette k\u0131\u015f\u0131n Kapadokya\u2019da yap\u0131lacak en keyifli aktivitelerden biri de s\u0131cak hava balonu turu. Evet, biraz so\u011fuk olabilir ama bulutlar\u0131n aras\u0131nda s\u00fcz\u00fclmenin keyfi bamba\u015fka! \u00dcrg\u00fcp hem \u00e7ocuklar\u0131n hem de ebeveynlerin favorisi olacak bir destinasyon.<\/p>\n\n\n\n<p><a href=\"https:\/\/www.turna.com\/otobus-bileti\/nevsehir\"><strong>Nev\u015fehir otob\u00fcs bileti<\/strong><\/a> ve <strong><a href=\"https:\/\/www.turna.com\/ucak-bileti\/nevsehir\">Nev\u015fehir u\u00e7ak bileti<\/a><\/strong> se\u00e7eneklerini inceleyin ve planlar\u0131n\u0131z\u0131 yapmaya ba\u015flay\u0131n!<\/p>\n\n\n\n<h3 class=\"wp-block-heading has-text-align-center\"><span class=\"ez-toc-section\" id=\"ankara\"><\/span><strong>Ankara<\/strong><span class=\"ez-toc-section-end\"><\/span><\/h3>\n\n\n\n<figure class=\"wp-block-image size-full is-resized\"><img width=\"800\" height=\"500\" data-public-id=\"wordpress-contents\/ankarada_gezilecek_yerler\/ankarada_gezilecek_yerler.jpg\" decoding=\"async\" src=\"https:\/\/res.cloudinary.com\/turna\/images\/w_800,h_500,c_scale\/f_auto,q_auto:low\/v1717184183\/wordpress-contents\/ankarada_gezilecek_yerler\/ankarada_gezilecek_yerler.jpg?_i=AA\" alt=\"Ankara&#039;da gezilecek yerler\" class=\"wp-post-21505 wp-image-22640\" style=\"aspect-ratio:1.6000187505859558;width:1200px;height:auto\" data-format=\"jpg\" data-transformations=\"f_auto,q_auto:low\" data-version=\"1717184183\" data-seo=\"1\" srcset=\"https:\/\/res.cloudinary.com\/turna\/images\/f_auto,q_auto:low\/v1717184183\/wordpress-contents\/ankarada_gezilecek_yerler\/ankarada_gezilecek_yerler.jpg?_i=AA 800w, https:\/\/res.cloudinary.com\/turna\/images\/w_300,h_188,c_scale\/f_auto,q_auto:low\/v1717184183\/wordpress-contents\/ankarada_gezilecek_yerler\/ankarada_gezilecek_yerler.jpg?_i=AA 300w, https:\/\/res.cloudinary.com\/turna\/images\/w_672,h_420,c_scale\/f_auto,q_auto:low\/v1717184183\/wordpress-contents\/ankarada_gezilecek_yerler\/ankarada_gezilecek_yerler.jpg?_i=AA 672w, https:\/\/res.cloudinary.com\/turna\/images\/w_640,h_400,c_scale\/f_auto,q_auto:low\/v1717184183\/wordpress-contents\/ankarada_gezilecek_yerler\/ankarada_gezilecek_yerler.jpg?_i=AA 640w, https:\/\/res.cloudinary.com\/turna\/images\/w_681,h_426,c_scale\/f_auto,q_auto:low\/v1717184183\/wordpress-contents\/ankarada_gezilecek_yerler\/ankarada_gezilecek_yerler.jpg?_i=AA 681w\" sizes=\"(max-width: 800px) 100vw, 800px\" \/><\/figure>\n\n\n\n<p>S\u00f6mestir tatilinde k\u00fclt\u00fcr, tarih ve \u00e7ocuklara y\u00f6nelik ke\u015fif dolu bir rota ar\u0131yorsan\u0131z Ankara iyi bir se\u00e7enek olabilir. M\u00fcze ve a\u00e7\u0131k alan a\u00e7\u0131s\u0131ndan olduk\u00e7a zengin olan Ankara, k\u0131\u015f aylar\u0131nda sakin temposuyla aileler i\u00e7in de konforlu bir tatil deneyimi sunuyor. An\u0131tkabir, hem \u00e7ocuklar hem de yeti\u015fkinler i\u00e7in mutlaka g\u00f6r\u00fclmesi gereken yerlerin ba\u015f\u0131nda geliyor. Ard\u0131ndan Rahmi M. Ko\u00e7 M\u00fczesi\u2019nde trenlerden klasik otomobillere uzanan e\u011flenceli bir ke\u015fif yapabilirsiniz. Hamam\u00f6n\u00fc\u2019nde k\u0131sa bir y\u00fcr\u00fcy\u00fc\u015f, s\u0131cak bir salep molas\u0131 ve tarihi Ankara evlerini g\u00f6rmek de s\u00f6mestir tatiline keyif katacak. E\u011fer \u00e7ocuklar\u0131n\u0131z bilime merakl\u0131ysa Feza G\u00fcrsey Bilim Merkezi ve Alt\u0131nk\u00f6y A\u00e7\u0131k Hava M\u00fczesi ke\u015fif program\u0131na mutlaka eklenmeli. <\/p>\n\n\n\n<p><strong><a href=\"https:\/\/www.turna.com\/otel\/ankara\" data-type=\"link\" data-id=\"https:\/\/www.turna.com\/otel\/ankara\">Ankara otelleri<\/a><\/strong> avantajl\u0131 fiyatlar ve cazip kampanyalarla Turna&#8217;da.<\/p>\n\n\n\n<h3 class=\"wp-block-heading has-text-align-center has-neeon-button-dark-gray-color has-text-color has-link-color wp-elements-9d80113830fffc13231683ea7104e14f\"><span class=\"ez-toc-section\" id=\"paris_fransa\"><\/span><strong><strong><strong>Paris, Fransa<\/strong><\/strong><\/strong><span class=\"ez-toc-section-end\"><\/span><\/h3>\n\n\n\n<figure class=\"wp-block-image size-large is-resized\"><img width=\"800\" height=\"500\" data-public-id=\"paris\/paris.jpg\" decoding=\"async\" src=\"https:\/\/res.cloudinary.com\/turna\/images\/w_800,h_500,c_scale\/f_auto,q_auto:low\/v1617533056\/paris\/paris.jpg?_i=AA\" alt=\"Paris\/Fransa\" style=\"aspect-ratio:1.6000154802755489;width:1200px;height:auto\" class=\"wp-post-21505 wp-image-18834\" data-format=\"jpg\" data-transformations=\"f_auto,q_auto:low\" data-version=\"1617533056\" data-seo=\"1\" srcset=\"https:\/\/res.cloudinary.com\/turna\/images\/f_auto,q_auto:low\/v1617533056\/paris\/paris.jpg?_i=AA 800w, https:\/\/res.cloudinary.com\/turna\/images\/w_300,h_188,c_scale\/f_auto,q_auto:low\/v1617533056\/paris\/paris.jpg?_i=AA 300w, https:\/\/res.cloudinary.com\/turna\/images\/w_672,h_420,c_scale\/f_auto,q_auto:low\/v1617533056\/paris\/paris.jpg?_i=AA 672w, https:\/\/res.cloudinary.com\/turna\/images\/w_640,h_400,c_scale\/f_auto,q_auto:low\/v1617533056\/paris\/paris.jpg?_i=AA 640w, https:\/\/res.cloudinary.com\/turna\/images\/w_681,h_426,c_scale\/f_auto,q_auto:low\/v1617533056\/paris\/paris.jpg?_i=AA 681w\" sizes=\"(max-width: 800px) 100vw, 800px\" \/><\/figure>\n\n\n\n<p>S\u00f6mestir tatilinde yurt d\u0131\u015f\u0131nda nereye gidilir sorusuna verece\u011fim ilk cevap \u015f\u00fcphesiz Paris olur. Disneyland hangi \u00e7ocu\u011fun r\u00fcyalar\u0131n\u0131 s\u00fcslemez ki? \u00c7ocu\u011funuzu mutluluktan havalara u\u00e7uracak bir hediye olacak bu. Avrupa\u2019n\u0131n en \u00fcnl\u00fc ve en b\u00fcy\u00fck e\u011flence parklar\u0131ndan biri olan Disneyland&#8217;de yapacak \u00e7ok \u015fey var. 1 g\u00fcn\u00fcn\u00fcz\u00fc burada dolu dolu ge\u00e7irdikten sonra di\u011fer g\u00fcnlerde de Paris&#8217;i ke\u015ffedebilirsiniz.<\/p>\n\n\n\n<p>Seine Nehri&#8217;ni, Eiffel Kulesi&#8217;ni g\u00f6rmek, d\u00fcnyaca \u00fcnl\u00fc Champs Elysees caddesini turlamak, belki de biraz al\u0131\u015fveri\u015f yapmak Paris&#8217;in olmazsa olmazlar\u0131ndan. \ud83d\ude0d \u00c7ocuklar bu k\u0131s\u0131mda s\u0131k\u0131l\u0131rsa tek yapman\u0131z gereken Fransa\u2019ya \u00f6zg\u00fc makaron ve kruvasanlardan almak. Bu minik r\u00fc\u015fvetle \u00e7\u0131t \u00e7\u0131karmadan gezmeye devam edecekler. \ud83d\ude04<\/p>\n\n\n\n<p><strong><a href=\"https:\/\/www.turna.com\/ucak-bileti\/paris\" target=\"_blank\" rel=\"noreferrer noopener\">Paris u\u00e7ak bileti<\/a><\/strong> se\u00e7enekleri web sitemizde.<\/p>\n\n\n\n<h3 class=\"wp-block-heading has-text-align-center has-neeon-button-dark-gray-color has-text-color has-link-color wp-elements-5d93b6968bece6349312edb64ae69a24\"><span class=\"ez-toc-section\" id=\"floransa_italya\"><\/span><strong><strong><strong>Floransa, \u0130talya<\/strong><\/strong><\/strong><span class=\"ez-toc-section-end\"><\/span><\/h3>\n\n\n\n<figure class=\"wp-block-image size-full is-resized\"><img width=\"1024\" height=\"640\" data-public-id=\"floransa-gezi-rehberi\/floransa-gezi-rehberi.jpg\" loading=\"lazy\" decoding=\"async\" src=\"https:\/\/res.cloudinary.com\/turna\/images\/w_1024,h_640,c_scale\/f_auto,q_auto:low\/v1606390871\/floransa-gezi-rehberi\/floransa-gezi-rehberi.jpg?_i=AA\" alt=\"floransa gezi rehberi\" class=\"wp-post-21505 wp-image-17960\" style=\"aspect-ratio:1.6000146487951366;width:1200px;height:auto\" data-format=\"jpg\" data-transformations=\"f_auto,q_auto:low\" data-version=\"1606390871\" data-seo=\"1\" srcset=\"https:\/\/res.cloudinary.com\/turna\/images\/f_auto,q_auto:low\/v1606390871\/floransa-gezi-rehberi\/floransa-gezi-rehberi.jpg?_i=AA 1024w, https:\/\/res.cloudinary.com\/turna\/images\/w_800,h_500,c_scale\/f_auto,q_auto:low\/v1606390871\/floransa-gezi-rehberi\/floransa-gezi-rehberi.jpg?_i=AA 800w, https:\/\/res.cloudinary.com\/turna\/images\/w_300,h_188,c_scale\/f_auto,q_auto:low\/v1606390871\/floransa-gezi-rehberi\/floransa-gezi-rehberi.jpg?_i=AA 300w, https:\/\/res.cloudinary.com\/turna\/images\/w_672,h_420,c_scale\/f_auto,q_auto:low\/v1606390871\/floransa-gezi-rehberi\/floransa-gezi-rehberi.jpg?_i=AA 672w, https:\/\/res.cloudinary.com\/turna\/images\/w_640,h_400,c_scale\/f_auto,q_auto:low\/v1606390871\/floransa-gezi-rehberi\/floransa-gezi-rehberi.jpg?_i=AA 640w, https:\/\/res.cloudinary.com\/turna\/images\/w_681,h_426,c_scale\/f_auto,q_auto:low\/v1606390871\/floransa-gezi-rehberi\/floransa-gezi-rehberi.jpg?_i=AA 681w\" sizes=\"(max-width: 1024px) 100vw, 1024px\" \/><\/figure>\n\n\n\n<p>K\u00fclt\u00fcr gezisi sevenler i\u00e7in s\u0131radaki \u00f6nerim: Floransa. Floransa, k\u0131\u015f aylar\u0131nda turist kalabal\u0131\u011f\u0131ndan uzak, tam anlam\u0131yla huzur dolu bir seyahat vadediyor. Bu \u015fehirde her k\u00f6\u015fe ba\u015f\u0131nda bir sanat eseriyle kar\u015f\u0131la\u015fmak m\u00fcmk\u00fcn. Michelangelo\u2019nun \u00fcnl\u00fc Davut Heykeli, Uffizi Galerisi ve Floransa Katedrali, g\u00f6r\u00fclmesi gereken yerlerin ba\u015f\u0131nda geliyor.<\/p>\n\n\n\n<p>Floransa\u2019n\u0131n k\u0131\u015f aylar\u0131ndaki bir di\u011fer g\u00fczelli\u011fi de \u00fcnl\u00fc \u0130talyan mutfa\u011f\u0131n\u0131 tadabilece\u011finiz yerel restoranlar. Taze makarnalar, pizzalar ve tabii ki tiramisunun tad\u0131n\u0131 \u00e7\u0131karmak i\u00e7in en do\u011fru zaman!&nbsp;<\/p>\n\n\n\n<p><strong><a href=\"https:\/\/www.turna.com\/ucak-bileti\/floransa\">Floransa u\u00e7ak bileti<\/a><\/strong> f\u0131rsatlar\u0131 Turna&#8217;da sizi bekliyor.<\/p>\n\n\n\n<h3 class=\"wp-block-heading has-text-align-center has-neeon-button-dark-gray-color has-text-color has-link-color wp-elements-3140b6f06b4b5a7a3713e5adc35eaa2c\"><span class=\"ez-toc-section\" id=\"tromso_norvec\"><\/span><strong><strong><strong>Tromso, Norve\u00e7<\/strong><\/strong><\/strong><span class=\"ez-toc-section-end\"><\/span><\/h3>\n\n\n\n<figure class=\"wp-block-image size-large is-resized\"><img decoding=\"async\" src=\"https:\/\/res.cloudinary.com\/turna\/image\/upload\/v1673639196\/tromso_norve%C3%A7.jpg\" alt=\"Tromso\/Norve\u00e7\" style=\"aspect-ratio:1.6000154802755489;width:1200px;height:auto\"\/><\/figure>\n\n\n\n<p>S\u00f6mestirde kuzey \u0131\u015f\u0131klar\u0131 izlemek bu tatili zirveye ta\u015f\u0131mak anlam\u0131na geliyor. D\u00fcnyada kuzey \u0131\u015f\u0131klar\u0131n\u0131 izleyebilece\u011finiz bir \u00e7ok yer var. Norve\u00e7&#8217;in Tromso \u015fehrinde de \u0131\u015f\u0131klar g\u00f6ky\u00fcz\u00fcn\u00fc ye\u015file boyuyor ve unutulmaz manzaralar ortaya \u00e7\u0131k\u0131yor. Bu y\u0131l s\u00f6mestir i\u00e7in an\u0131 defterinize bu harika seyahati ekleyin. \u00d6m\u00fcr boyu unutulmayacak bu anlar\u0131 haf\u0131zan\u0131za kaz\u0131y\u0131n.<\/p>\n\n\n\n<p><strong><a href=\"https:\/\/www.turna.com\/ucak-bileti\/tromso\" target=\"_blank\" rel=\"noreferrer noopener\">Tromso u\u00e7ak bileti<\/a><\/strong> i\u00e7in tarih ve fiyat bilgisine web sitemizden ula\u015fabilirsiniz.<\/p>\n\n\n\n<h3 class=\"wp-block-heading has-text-align-center has-neeon-button-dark-gray-color has-text-color has-link-color wp-elements-11835b72bfc9bb70100c2d9e4b4040b2\"><span class=\"ez-toc-section\" id=\"belgrad_sirbistan\"><\/span><strong><strong><strong>Belgrad, S\u0131rbistan<\/strong><\/strong><\/strong><span class=\"ez-toc-section-end\"><\/span><\/h3>\n\n\n\n<figure class=\"wp-block-image size-full is-resized\"><img width=\"800\" height=\"500\" data-public-id=\"Belgrad_gb70kc_2384569b5d\/Belgrad_gb70kc_2384569b5d.jpg\" loading=\"lazy\" decoding=\"async\" src=\"https:\/\/res.cloudinary.com\/turna\/images\/w_800,h_500,c_scale\/f_auto,q_auto:low\/v1747985476\/Belgrad_gb70kc_2384569b5d\/Belgrad_gb70kc_2384569b5d.jpg?_i=AA\" alt=\"\" class=\"wp-post-21505 wp-image-23845\" style=\"aspect-ratio:1.6000187505859558;width:1200px;height:auto\" data-format=\"jpg\" data-transformations=\"f_auto,q_auto:low\" data-version=\"1747985476\" data-seo=\"1\" srcset=\"https:\/\/res.cloudinary.com\/turna\/images\/f_auto,q_auto:low\/v1747985476\/Belgrad_gb70kc_2384569b5d\/Belgrad_gb70kc_2384569b5d.jpg?_i=AA 800w, https:\/\/res.cloudinary.com\/turna\/images\/w_300,h_188,c_scale\/f_auto,q_auto:low\/v1747985476\/Belgrad_gb70kc_2384569b5d\/Belgrad_gb70kc_2384569b5d.jpg?_i=AA 300w, https:\/\/res.cloudinary.com\/turna\/images\/w_672,h_420,c_scale\/f_auto,q_auto:low\/v1747985476\/Belgrad_gb70kc_2384569b5d\/Belgrad_gb70kc_2384569b5d.jpg?_i=AA 672w, https:\/\/res.cloudinary.com\/turna\/images\/w_640,h_400,c_scale\/f_auto,q_auto:low\/v1747985476\/Belgrad_gb70kc_2384569b5d\/Belgrad_gb70kc_2384569b5d.jpg?_i=AA 640w, https:\/\/res.cloudinary.com\/turna\/images\/w_681,h_426,c_scale\/f_auto,q_auto:low\/v1747985476\/Belgrad_gb70kc_2384569b5d\/Belgrad_gb70kc_2384569b5d.jpg?_i=AA 681w\" sizes=\"(max-width: 800px) 100vw, 800px\" \/><\/figure>\n\n\n\n<p>E\u011fer vize ile u\u011fra\u015fmadan Avrupa gezisi planlamak istiyorsan\u0131z, Belgrad sizin i\u00e7in harika bir se\u00e7enek! Hem \u00e7ocuklara hem de yeti\u015fkinlere hitap eden bu tarihi \u015fehirde yeni ke\u015fifler ve birbirinden leziz yemekler sizi bekliyor. Belgrad\u2019da ilk dura\u011f\u0131n\u0131z Kalemegdan Kalesi olsun. Bu kale, hem \u015fehrin tarihi hakk\u0131nda bilgi edinmenizi sa\u011fl\u0131yor hem de muhte\u015fem bir manzara sunuyor. \u015eehir merkezinde de mutlaka S\u0131rbistan\u2019\u0131n me\u015fhur yemekleri cevapi ve pljeskavica deneyin. Tad\u0131 dama\u011f\u0131n\u0131zda kalacak ve Belgrad\u2019a tekrar gelmek isteyeceksiniz.\u00a0<\/p>\n\n\n\n<p>Hemen <strong><a href=\"https:\/\/www.turna.com\/ucak-bileti\/belgrad\">Belgrad u\u00e7ak bileti<\/a><\/strong> se\u00e7eneklerini incelemeye ba\u015flay\u0131n ve tatil ba\u015flas\u0131n!<\/p>\n\n\n\n<h3 class=\"wp-block-heading has-text-align-center\"><span class=\"ez-toc-section\" id=\"tiflis_gurcistan\"><\/span>Tiflis, G\u00fcrcistan<span class=\"ez-toc-section-end\"><\/span><\/h3>\n\n\n\n<figure class=\"wp-block-image size-full is-resized\"><img width=\"800\" height=\"500\" data-public-id=\"baris-koprus-tiflis\/baris-koprus-tiflis.png\" loading=\"lazy\" decoding=\"async\" src=\"https:\/\/res.cloudinary.com\/turna\/images\/w_800,h_500,c_scale\/f_auto,q_auto:low\/v1703605253\/baris-koprus-tiflis\/baris-koprus-tiflis.png?_i=AA\" alt=\"\" class=\"wp-post-21505 wp-image-22216\" style=\"aspect-ratio:1.6000187505859558;width:1190px;height:auto\" data-format=\"png\" data-transformations=\"f_auto,q_auto:low\" data-version=\"1703605253\" data-seo=\"1\" srcset=\"https:\/\/res.cloudinary.com\/turna\/images\/f_auto,q_auto:low\/v1703605253\/baris-koprus-tiflis\/baris-koprus-tiflis.png?_i=AA 800w, https:\/\/res.cloudinary.com\/turna\/images\/w_300,h_188,c_scale\/f_auto,q_auto:low\/v1703605253\/baris-koprus-tiflis\/baris-koprus-tiflis.png?_i=AA 300w, https:\/\/res.cloudinary.com\/turna\/images\/w_672,h_420,c_scale\/f_auto,q_auto:low\/v1703605253\/baris-koprus-tiflis\/baris-koprus-tiflis.png?_i=AA 672w, https:\/\/res.cloudinary.com\/turna\/images\/w_640,h_400,c_scale\/f_auto,q_auto:low\/v1703605253\/baris-koprus-tiflis\/baris-koprus-tiflis.png?_i=AA 640w, https:\/\/res.cloudinary.com\/turna\/images\/w_681,h_426,c_scale\/f_auto,q_auto:low\/v1703605253\/baris-koprus-tiflis\/baris-koprus-tiflis.png?_i=AA 681w\" sizes=\"(max-width: 800px) 100vw, 800px\" \/><\/figure>\n\n\n\n<p class=\"has-text-align-left\">Vizesiz yurt d\u0131\u015f\u0131 rotalar\u0131 aras\u0131nda hem ekonomik hem de k\u00fclt\u00fcrel a\u00e7\u0131dan \u00f6n plana \u00e7\u0131kan \u015fehirlerden bir di\u011feri ise Tiflis. S\u00f6mestir tatilinde farkl\u0131 bir \u00fclke g\u00f6rmek isteyen ama uzun yolculuklardan ka\u00e7\u0131nan aileler i\u00e7in Tiflis olduk\u00e7a ideal bir se\u00e7im. Tarihi eski \u015fehir b\u00f6lgesi, renkli balkonlu evleri ve dar sokaklar\u0131yla \u00e7ocuklar\u0131n da ilgisini \u00e7ekecek bir atmosfere sahip. Narikala Kalesi\u2019nden \u015fehri izlemek, Kura Nehri boyunca y\u00fcr\u00fcy\u00fc\u015f yapmak ve teleferikle k\u0131sa bir \u015fehir turu yapmak bu ke\u015ffin en keyifli anlar\u0131 aras\u0131nda yer al\u0131yor.  G\u00fcrc\u00fc mutfa\u011f\u0131n\u0131n sevilen lezzetleri ha\u00e7apuri ve hinkali ise \u00e7ocuklar\u0131n da kolayca sevece\u011fi tatlar aras\u0131nda. Bu renkli rotan\u0131n ekonomik yeme-i\u00e7me se\u00e7enekleri sayesinde b\u00fct\u00e7e dostu bir s\u00f6mestir tatili planlamak m\u00fcmk\u00fcn.<\/p>\n\n\n\n<p class=\"has-text-align-left\"><strong><a href=\"https:\/\/www.turna.com\/ucak-bileti\/tiflis\" data-type=\"link\" data-id=\"https:\/\/www.turna.com\/ucak-bileti\/tiflis\">Tiflis u\u00e7ak bileti<\/a><\/strong> se\u00e7eneklerini inceleyerek keyifli bir ke\u015fif i\u00e7in ilk ad\u0131m\u0131 atabilirsiniz.<\/p>\n\n\n\n<h3 class=\"wp-block-heading has-text-align-center\"><span class=\"ez-toc-section\" id=\"dubai_birlesik_arap_emirlikleri\"><\/span><strong>Dubai, Birle\u015fik Arap Emirlikleri<\/strong><span class=\"ez-toc-section-end\"><\/span><\/h3>\n\n\n\n<figure class=\"wp-block-image size-full is-resized\"><img width=\"800\" height=\"500\" data-public-id=\"Dubai_204660a9e6\/Dubai_204660a9e6.jpg\" loading=\"lazy\" decoding=\"async\" src=\"https:\/\/res.cloudinary.com\/turna\/images\/w_800,h_500,c_scale\/f_auto,q_auto:low\/v1730457695\/Dubai_204660a9e6\/Dubai_204660a9e6.jpg?_i=AA\" alt=\"Dubai\" class=\"wp-post-21505 wp-image-20466\" style=\"aspect-ratio:1.6000187505859558;width:1200px;height:auto\" data-format=\"jpg\" data-transformations=\"f_auto,q_auto:low\" data-version=\"1730457695\" data-seo=\"1\" srcset=\"https:\/\/res.cloudinary.com\/turna\/images\/f_auto,q_auto:low\/v1730457695\/Dubai_204660a9e6\/Dubai_204660a9e6.jpg?_i=AA 800w, https:\/\/res.cloudinary.com\/turna\/images\/w_300,h_188,c_scale\/f_auto,q_auto:low\/v1730457695\/Dubai_204660a9e6\/Dubai_204660a9e6.jpg?_i=AA 300w, https:\/\/res.cloudinary.com\/turna\/images\/w_672,h_420,c_scale\/f_auto,q_auto:low\/v1730457695\/Dubai_204660a9e6\/Dubai_204660a9e6.jpg?_i=AA 672w, https:\/\/res.cloudinary.com\/turna\/images\/w_640,h_400,c_scale\/f_auto,q_auto:low\/v1730457695\/Dubai_204660a9e6\/Dubai_204660a9e6.jpg?_i=AA 640w, https:\/\/res.cloudinary.com\/turna\/images\/w_681,h_426,c_scale\/f_auto,q_auto:low\/v1730457695\/Dubai_204660a9e6\/Dubai_204660a9e6.jpg?_i=AA 681w\" sizes=\"(max-width: 800px) 100vw, 800px\" \/><\/figure>\n\n\n\n<p class=\"has-text-align-left\">S\u00f6mestirde yaz tatili havas\u0131 ya\u015famak isteyenler i\u00e7in Dubai e\u015fsiz bir ka\u00e7\u0131\u015f noktas\u0131. Tema parklar\u0131, dev akvaryumlar, \u00e7\u00f6l safarileri ve uzun sahil \u015feridi sayesinde bu rota \u00e7ocuklu aileler i\u00e7in renkli bir tatil program\u0131 sunuyor. E\u011flence parklar\u0131ndan al\u0131\u015fveri\u015f merkezlerine kadar \u015fehirde her ya\u015f grubuna hitap eden pek \u00e7ok alternatif bulunuyor. Ocak ay\u0131, Dubai\u2019yi gezmek i\u00e7in en ideal d\u00f6nemler aras\u0131nda yer al\u0131yor. Hava ne bunalt\u0131c\u0131 s\u0131cakl\u0131kta ne de serin oluyor. G\u00fcn boyu rahat\u00e7a gezmeye olduk\u00e7a elveri\u015fli olan bu  d\u00f6nemde \u015fehir genelinde d\u00fczenlenen etkinlikler ve a\u00e7\u0131k hava aktiviteleri de tatili \u00e7ok daha keyifli hale getiriyor.<\/p>\n\n\n\n<p><a href=\"https:\/\/www.turna.com\/ucak-bileti\/dubai\" data-type=\"link\" data-id=\"https:\/\/www.turna.com\/ucak-bileti\/dubai\"><strong>Dubai u\u00e7ak bileti<\/strong> <\/a>se\u00e7enekleri web sitemizde.<\/p>\n\n\n<div id=\"rank-math-faq\" class=\"rank-math-block\">\n<div class=\"rank-math-list \">\n<div id=\"faq-question-685a803505d1e\" class=\"rank-math-list-item\">\n<h3 class=\"rank-math-question \"><span class=\"ez-toc-section\" id=\"somestir_tatilinde_istanbulda_nereye_gidilir\"><\/span>S\u00f6mestir tatilinde \u0130stanbul&#8217;da nereye gidilir?<span class=\"ez-toc-section-end\"><\/span><\/h3>\n<div class=\"rank-math-answer \">\n\n<p><strong>S\u00f6mestir tatilinde gidilecek yerler \u0130stanbul<\/strong> i\u00e7inde de olduk\u00e7a fazla. E\u011fer \u015fehir d\u0131\u015f\u0131na bir yere gidemiyorsan\u0131z da etkinlik dolu bir yar\u0131 y\u0131l tatili ge\u00e7irebilirsiniz. Akvaryum, \u0130ll\u00fczyon m\u00fczesi, oyuncak m\u00fczesi, hayvanat bah\u00e7esi s\u00f6mestirde gidebilece\u011finiz yerler.<\/p>\n\n<\/div>\n<\/div>\n<div id=\"faq-question-685a803505d20\" class=\"rank-math-list-item\">\n<h3 class=\"rank-math-question \"><span class=\"ez-toc-section\" id=\"somestir_tatilinde_ankarada_nereye_gidilir\"><\/span>S\u00f6mestir tatilinde Ankara&#8217;da nereye gidilir?<span class=\"ez-toc-section-end\"><\/span><\/h3>\n<div class=\"rank-math-answer \">\n\n<p>Ankara&#8217;da \u015fehir d\u0131\u015f\u0131na \u00e7\u0131kmadan keyifli ve dolu dolu bir s\u00f6mestir ge\u00e7irebilirsiniz. Alt\u0131nk\u00f6y A\u00e7\u0131k Hava M\u00fczesi, Ne\u015feli k\u00f6y Tepetaklak Ev, Feza G\u00fcrsey Bilim Merkezi \u00e7ocuklar\u0131n ilgisini \u00e7ekecek yerler.<\/p>\n\n<\/div>\n<\/div>\n<div id=\"faq-question-685a803505d21\" class=\"rank-math-list-item\">\n<h3 class=\"rank-math-question \"><span class=\"ez-toc-section\" id=\"yariyil_tatilinde_neler_yapilabilir\"><\/span>Yar\u0131y\u0131l tatilinde neler yap\u0131labilir?<span class=\"ez-toc-section-end\"><\/span><\/h3>\n<div class=\"rank-math-answer \">\n\n<p>Yar\u0131y\u0131l tatilinde bir seyahat planlama durumunuz yoksa ya\u015fad\u0131\u011f\u0131n\u0131z \u015fehirde de tatilinizi dolu dolu ge\u00e7irebilirsiniz. Sinema, tiyatro, konser yapabilece\u011finiz ba\u015fl\u0131ca k\u00fclt\u00fcrel etkinlikler. Sergiler ve m\u00fczeler de k\u0131\u015f\u0131n gezmek i\u00e7in en ideal yerlerden. De\u011fi\u015fik workshoplara kat\u0131larak keyifli zaman ge\u00e7irebilirsiniz.<\/p>\n\n<\/div>\n<\/div>\n<div id=\"faq-question-1767681999601\" class=\"rank-math-list-item\">\n<h3 class=\"rank-math-question \"><span class=\"ez-toc-section\" id=\"2026_yili_somestir_tatili_ne_zaman\"><\/span>2026 y\u0131l\u0131 s\u00f6mestir tatili ne zaman?<span class=\"ez-toc-section-end\"><\/span><\/h3>\n<div class=\"rank-math-answer \">\n\n<p>19-30 Ocak 2026 tarihleri aras\u0131nda.<\/p>\n\n<\/div>\n<\/div>\n<\/div>\n<\/div>\n    <div class=\"xs_social_share_widget xs_share_url after_content \t\tmain_content  wslu-style-1 wslu-share-box-shaped wslu-fill-colored wslu-none wslu-share-horizontal wslu-theme-font-no wslu-main_content\">\n\n\t\t\n        <ul>\n\t\t\t        <\/ul>\n    <\/div> \n","protected":false},"excerpt":{"rendered":"<p>\u00d6\u011fretmenlerin, \u00f6\u011frencilerin, velilerin en sevdi\u011fi d\u00f6nemlerden biri olan s\u00f6mestr tatili kap\u0131da. Ailelerin \u00e7ocuklar\u0131na verece\u011fi en g\u00fczel karne hediyesi bir seyahat ya da bir tatil olabilir. Yar\u0131 y\u0131l tatiline say\u0131l\u0131 g\u00fcnler kala hen\u00fcz plan yapmad\u0131ysan\u0131z bu yaz\u0131 \u00e7ok i\u015finize yarayacak. S\u00f6mestr tatilinde nereye gidilir sorusuna \u00e7ok keyifli cevaplar bulacaks\u0131n\u0131z. Hadi tatilinizi birlikte planlayal\u0131m. \ud83d\ude0a<\/p>\n","protected":false},"author":34,"featured_media":21506,"comment_status":"open","ping_status":"open","sticky":false,"template":"","format":"standard","meta":{"rop_custom_images_group":[],"rop_custom_messages_group":[],"rop_publish_now":"initial","rop_publish_now_accounts":[],"rop_publish_now_history":[],"rop_publish_now_status":"pending","_cloudinary_featured_overwrite":false,"footnotes":""},"categories":[1],"tags":[363,357,422,358,751,102,2128,10],"class_list":["post-21505","post","type-post","status-publish","format-standard","has-post-thumbnail","hentry","category-seyahat-rehberi","tag-erciyes-dagi","tag-kars","tag-kartepe","tag-kas","tag-norvec","tag-paris","tag-yalova","tag-yunanistan"],"_links":{"self":[{"href":"https:\/\/www.turna.com\/blog\/wp-json\/wp\/v2\/posts\/21505","targetHints":{"allow":["GET"]}}],"collection":[{"href":"https:\/\/www.turna.com\/blog\/wp-json\/wp\/v2\/posts"}],"about":[{"href":"https:\/\/www.turna.com\/blog\/wp-json\/wp\/v2\/types\/post"}],"author":[{"embeddable":true,"href":"https:\/\/www.turna.com\/blog\/wp-json\/wp\/v2\/users\/34"}],"replies":[{"embeddable":true,"href":"https:\/\/www.turna.com\/blog\/wp-json\/wp\/v2\/comments?post=21505"}],"version-history":[{"count":0,"href":"https:\/\/www.turna.com\/blog\/wp-json\/wp\/v2\/posts\/21505\/revisions"}],"wp:featuredmedia":[{"embeddable":true,"href":"https:\/\/www.turna.com\/blog\/wp-json\/wp\/v2\/media\/21506"}],"wp:attachment":[{"href":"https:\/\/www.turna.com\/blog\/wp-json\/wp\/v2\/media?parent=21505"}],"wp:term":[{"taxonomy":"category","embeddable":true,"href":"https:\/\/www.turna.com\/blog\/wp-json\/wp\/v2\/categories?post=21505"},{"taxonomy":"post_tag","embeddable":true,"href":"https:\/\/www.turna.com\/blog\/wp-json\/wp\/v2\/tags?post=21505"}],"curies":[{"name":"wp","href":"https:\/\/api.w.org\/{rel}","templated":true}]}}