{"id":21498,"date":"2023-01-09T19:01:26","date_gmt":"2023-01-09T16:01:26","guid":{"rendered":"https:\/\/www.turna.com\/blog\/?p=21498"},"modified":"2025-06-27T13:39:08","modified_gmt":"2025-06-27T10:39:08","slug":"ispanya-yemekleri-ispanyaya-goturen-lezzetler","status":"publish","type":"post","link":"https:\/\/www.turna.com\/blog\/ispanya-yemekleri-ispanyaya-goturen-lezzetler","title":{"rendered":"\u0130spanya Yemekleri: \u0130spanya&#8217;ya G\u00f6t\u00fcren Lezzetler"},"content":{"rendered":"<div id=\"ez-toc-container\" class=\"ez-toc-v2_0_82_2 counter-hierarchy ez-toc-counter ez-toc-black ez-toc-container-direction\">\n<div class=\"ez-toc-title-container\">\n<p class=\"ez-toc-title\" style=\"cursor:inherit\">\u0130\u00e7indekiler<\/p>\n<span class=\"ez-toc-title-toggle\"><a href=\"#\" class=\"ez-toc-pull-right ez-toc-btn ez-toc-btn-xs ez-toc-btn-default ez-toc-toggle\" aria-label=\"\u0130\u00e7indekiler Tablosunu A\u00e7\/Kapat\"><span class=\"ez-toc-js-icon-con\"><span class=\"\"><span class=\"eztoc-hide\" style=\"display:none;\">Toggle<\/span><span class=\"ez-toc-icon-toggle-span\"><svg style=\"fill: #ffffff;color:#ffffff\" xmlns=\"http:\/\/www.w3.org\/2000\/svg\" class=\"list-377408\" width=\"20px\" height=\"20px\" viewBox=\"0 0 24 24\" fill=\"none\"><path d=\"M6 6H4v2h2V6zm14 0H8v2h12V6zM4 11h2v2H4v-2zm16 0H8v2h12v-2zM4 16h2v2H4v-2zm16 0H8v2h12v-2z\" fill=\"currentColor\"><\/path><\/svg><svg style=\"fill: #ffffff;color:#ffffff\" class=\"arrow-unsorted-368013\" xmlns=\"http:\/\/www.w3.org\/2000\/svg\" width=\"10px\" height=\"10px\" viewBox=\"0 0 24 24\" version=\"1.2\" baseProfile=\"tiny\"><path d=\"M18.2 9.3l-6.2-6.3-6.2 6.3c-.2.2-.3.4-.3.7s.1.5.3.7c.2.2.4.3.7.3h11c.3 0 .5-.1.7-.3.2-.2.3-.5.3-.7s-.1-.5-.3-.7zM5.8 14.7l6.2 6.3 6.2-6.3c.2-.2.3-.5.3-.7s-.1-.5-.3-.7c-.2-.2-.4-.3-.7-.3h-11c-.3 0-.5.1-.7.3-.2.2-.3.5-.3.7s.1.5.3.7z\"\/><\/svg><\/span><\/span><\/span><\/a><\/span><\/div>\n<nav><ul class='ez-toc-list ez-toc-list-level-1 eztoc-toggle-hide-by-default' ><li class='ez-toc-page-1 ez-toc-heading-level-2'><a class=\"ez-toc-link ez-toc-heading-1\" href=\"https:\/\/www.turna.com\/blog\/ispanya-yemekleri-ispanyaya-goturen-lezzetler\/#en_guzel_ispanya_yemekleri\" >En G\u00fczel \u0130spanya Yemekleri<\/a><ul class='ez-toc-list-level-3' ><li class='ez-toc-heading-level-3'><a class=\"ez-toc-link ez-toc-heading-2\" href=\"https:\/\/www.turna.com\/blog\/ispanya-yemekleri-ispanyaya-goturen-lezzetler\/#paella\" >Paella<\/a><\/li><li class='ez-toc-page-1 ez-toc-heading-level-3'><a class=\"ez-toc-link ez-toc-heading-3\" href=\"https:\/\/www.turna.com\/blog\/ispanya-yemekleri-ispanyaya-goturen-lezzetler\/#gazpacho\" >Gazpacho<\/a><\/li><li class='ez-toc-page-1 ez-toc-heading-level-3'><a class=\"ez-toc-link ez-toc-heading-4\" href=\"https:\/\/www.turna.com\/blog\/ispanya-yemekleri-ispanyaya-goturen-lezzetler\/#tapas\" >Tapas<\/a><\/li><li class='ez-toc-page-1 ez-toc-heading-level-3'><a class=\"ez-toc-link ez-toc-heading-5\" href=\"https:\/\/www.turna.com\/blog\/ispanya-yemekleri-ispanyaya-goturen-lezzetler\/#tortilla\" >Tortilla<\/a><\/li><li class='ez-toc-page-1 ez-toc-heading-level-3'><a class=\"ez-toc-link ez-toc-heading-6\" href=\"https:\/\/www.turna.com\/blog\/ispanya-yemekleri-ispanyaya-goturen-lezzetler\/#fajita\" >Fajita<\/a><\/li><li class='ez-toc-page-1 ez-toc-heading-level-3'><a class=\"ez-toc-link ez-toc-heading-7\" href=\"https:\/\/www.turna.com\/blog\/ispanya-yemekleri-ispanyaya-goturen-lezzetler\/#empanadas\" >Empanadas<\/a><\/li><li class='ez-toc-page-1 ez-toc-heading-level-3'><a class=\"ez-toc-link ez-toc-heading-8\" href=\"https:\/\/www.turna.com\/blog\/ispanya-yemekleri-ispanyaya-goturen-lezzetler\/#churros\" >Churros<\/a><\/li><li class='ez-toc-page-1 ez-toc-heading-level-3'><a class=\"ez-toc-link ez-toc-heading-9\" href=\"https:\/\/www.turna.com\/blog\/ispanya-yemekleri-ispanyaya-goturen-lezzetler\/#patatas_bravas\" >Patatas Bravas<\/a><\/li><li class='ez-toc-page-1 ez-toc-heading-level-3'><a class=\"ez-toc-link ez-toc-heading-10\" href=\"https:\/\/www.turna.com\/blog\/ispanya-yemekleri-ispanyaya-goturen-lezzetler\/#arroz_con_leche\" >Arroz Con Leche<\/a><\/li><li class='ez-toc-page-1 ez-toc-heading-level-3'><a class=\"ez-toc-link ez-toc-heading-11\" href=\"https:\/\/www.turna.com\/blog\/ispanya-yemekleri-ispanyaya-goturen-lezzetler\/#creme_catalan\" >Creme Catalan<\/a><\/li><\/ul><\/li><\/ul><\/nav><\/div>\n\n<p>\u00dclke s\u0131n\u0131rlar\u0131n\u0131 a\u015fm\u0131\u015f adeta globalle\u015fmi\u015f yemekleri var \u0130spanya&#8217;n\u0131n. Belki baz\u0131lar\u0131n\u0131 ilk kez duyacaks\u0131n\u0131z, baz\u0131lar\u0131n\u0131 restoranlarda denemi\u015f olabilirsiniz. Hatta belki baz\u0131 <strong>\u0130spanya yemekleri <\/strong>mutfa\u011f\u0131n\u0131zda bile pi\u015fiyordur. Benim olduk\u00e7a sevdi\u011fim \u0130spanya mutfa\u011f\u0131ndan leziz yemekler bu yaz\u0131da sizi bekliyor. Yaz\u0131n\u0131n sonlar\u0131nda kendinizi <strong><a href=\"https:\/\/www.turna.com\/ucak-bileti\/ispanya\" target=\"_blank\" rel=\"noreferrer noopener\">\u0130spanya u\u00e7ak bileti<\/a><\/strong> bakarken bulabilirsiniz, benden s\u00f6ylemesi. \ud83d\ude0a<\/p>\n\n\n\n<h2 class=\"wp-block-heading has-text-align-center has-neeon-button-dark-gray-color has-text-color has-link-color wp-elements-37167e63720ba78b00b13bee7a7c8e25\"><span class=\"ez-toc-section\" id=\"en_guzel_ispanya_yemekleri\"><\/span><strong><strong><strong><strong><strong><strong>En G\u00fczel \u0130spanya Yemekleri<\/strong><\/strong><\/strong><\/strong><\/strong><\/strong><span class=\"ez-toc-section-end\"><\/span><\/h2>\n\n\n\n<figure class=\"wp-block-image size-large\"><img width=\"800\" height=\"500\" decoding=\"async\" src=\"data:image\/svg+xml;base64,PHN2ZyB4bWxucz0iaHR0cDovL3d3dy53My5vcmcvMjAwMC9zdmciIHdpZHRoPSI4MDAiIGhlaWdodD0iNTAwIj48cmVjdCB3aWR0aD0iMTAwJSIgaGVpZ2h0PSIxMDAlIj48YW5pbWF0ZSBhdHRyaWJ1dGVOYW1lPSJmaWxsIiB2YWx1ZXM9InJnYmEoMTUzLDE1MywxNTMsMC41KTtyZ2JhKDE1MywxNTMsMTUzLDAuMSk7cmdiYSgxNTMsMTUzLDE1MywwLjUpIiBkdXI9IjJzIiByZXBlYXRDb3VudD0iaW5kZWZpbml0ZSIgLz48L3JlY3Q+PC9zdmc+\" alt=\"En G\u00fczel \u0130spanya Yemekleri\" data-public-id=\"ispanya_yemekleri\/ispanya_yemekleri.jpg\" class=\"wp-post-21498 wp-image-21499\" data-format=\"jpg\" data-transformations=\"f_auto,q_auto:low\" data-version=\"1673279804\" data-seo=\"1\" data-size=\"800 500\" data-srcset=\"https:\/\/res.cloudinary.com\/turna\/images\/f_auto,q_auto:low\/v1673279804\/ispanya_yemekleri\/ispanya_yemekleri.jpg?_i=AA 800w, https:\/\/res.cloudinary.com\/turna\/images\/w_300,h_188,c_scale\/f_auto,q_auto:low\/v1673279804\/ispanya_yemekleri\/ispanya_yemekleri.jpg?_i=AA 300w, https:\/\/res.cloudinary.com\/turna\/images\/w_672,h_420,c_scale\/f_auto,q_auto:low\/v1673279804\/ispanya_yemekleri\/ispanya_yemekleri.jpg?_i=AA 672w, https:\/\/res.cloudinary.com\/turna\/images\/w_640,h_400,c_scale\/f_auto,q_auto:low\/v1673279804\/ispanya_yemekleri\/ispanya_yemekleri.jpg?_i=AA 640w, https:\/\/res.cloudinary.com\/turna\/images\/w_681,h_426,c_scale\/f_auto,q_auto:low\/v1673279804\/ispanya_yemekleri\/ispanya_yemekleri.jpg?_i=AA 681w\" data-sizes=\"(max-width: 800px) 100vw, 800px\" data-delivery=\"upload\" onload=\";window.CLDBind?CLDBind(this):null;\" data-cloudinary=\"lazy\" \/><\/figure>\n\n\n\n<p>\u0130spanyol mutfa\u011f\u0131nda a\u011f\u0131rl\u0131kl\u0131 olarak deniz \u00fcr\u00fcnleri, badem, domates gibi \u00fcr\u00fcnler kullan\u0131l\u0131yor. Kendine has ve olduk\u00e7a \u00fcnl\u00fc bir mutfa\u011f\u0131 olan \u0130spanya&#8217;da \u00e7orbalar, tavuk ve et yemekleri, tatl\u0131lar \u00f6nemli bir yer tutuyor.<\/p>\n\n\n\n<p><strong><a href=\"https:\/\/goo.gl\/maps\/jLJANmaixm6TSvay6\" target=\"_blank\" rel=\"noreferrer noopener\">\u0130spanya<\/a><\/strong>, hem farkl\u0131 medeniyetlere ev sahipli\u011fi yapm\u0131\u015f olmas\u0131 y\u00f6n\u00fcnden hem de bulundu\u011fu konum itibariyle zengin bir yemek k\u00fclt\u00fcr\u00fcne sahip. \u0130spanya mutfa\u011f\u0131nda End\u00fcl\u00fcs, Gali\u00e7ya, Kanarya, Kastilya, Bask, Katalonya, Valensiya ve Mayorka b\u00f6lgelerinin leziz yemekleri var. Her b\u00f6lgede yemek pi\u015firme teknikleri ve kullan\u0131lan malzemeler farkl\u0131l\u0131klar g\u00f6steriyor. Bu da ortaya olduk\u00e7a farkl\u0131 ve zengin yemek \u00e7e\u015fitlili\u011fi \u00e7\u0131kar\u0131yor. Bu \u00e7e\u015fitlili\u011fin i\u00e7inden en me\u015fhur 10 lezzeti se\u00e7tim. \u0130spanya&#8217;ya yolunuz d\u00fc\u015ferse bu harika tatlar\u0131 denemeden d\u00f6nmeyin.<\/p>\n\n\n\n<p><strong>En Lezzetli \u0130spanyol Yemekleri<\/strong><\/p>\n\n\n\n<ol class=\"wp-block-list\">\n<li>Paella<\/li>\n\n\n\n<li>Gazpacho<\/li>\n\n\n\n<li>Tapas<\/li>\n\n\n\n<li>Tortilla<\/li>\n\n\n\n<li>Fajita<\/li>\n\n\n\n<li>Empanadas<\/li>\n\n\n\n<li>Churros<\/li>\n\n\n\n<li>Patatas Bravas<\/li>\n\n\n\n<li>Arroz Con Leche<\/li>\n\n\n\n<li>Creme Catalan<\/li>\n<\/ol>\n\n\n\n<h3 class=\"wp-block-heading has-text-align-center has-neeon-button-dark-gray-color has-text-color has-link-color wp-elements-e9c43623c099216f320fef1b733f248d\"><span class=\"ez-toc-section\" id=\"paella\"><\/span><strong><strong><strong><strong><strong>Paella<\/strong><\/strong><\/strong><\/strong><\/strong><span class=\"ez-toc-section-end\"><\/span><\/h3>\n\n\n\n<figure class=\"wp-block-image size-large\"><img width=\"800\" height=\"500\" decoding=\"async\" src=\"data:image\/svg+xml;base64,PHN2ZyB4bWxucz0iaHR0cDovL3d3dy53My5vcmcvMjAwMC9zdmciIHdpZHRoPSI4MDAiIGhlaWdodD0iNTAwIj48cmVjdCB3aWR0aD0iMTAwJSIgaGVpZ2h0PSIxMDAlIj48YW5pbWF0ZSBhdHRyaWJ1dGVOYW1lPSJmaWxsIiB2YWx1ZXM9InJnYmEoMTUzLDE1MywxNTMsMC41KTtyZ2JhKDE1MywxNTMsMTUzLDAuMSk7cmdiYSgxNTMsMTUzLDE1MywwLjUpIiBkdXI9IjJzIiByZXBlYXRDb3VudD0iaW5kZWZpbml0ZSIgLz48L3JlY3Q+PC9zdmc+\" alt=\"\u0130spanya Yemekleri paella\" data-public-id=\"paella\/paella.jpg\" class=\"wp-post-21498 wp-image-22206\" data-format=\"jpg\" data-transformations=\"f_auto,q_auto:low\" data-version=\"1673279804\" data-seo=\"1\" data-size=\"800 500\" data-srcset=\"https:\/\/res.cloudinary.com\/turna\/images\/f_auto,q_auto:low\/v1673279804\/paella\/paella.jpg?_i=AA 800w, https:\/\/res.cloudinary.com\/turna\/images\/w_300,h_188,c_scale\/f_auto,q_auto:low\/v1673279804\/paella\/paella.jpg?_i=AA 300w, https:\/\/res.cloudinary.com\/turna\/images\/w_672,h_420,c_scale\/f_auto,q_auto:low\/v1673279804\/paella\/paella.jpg?_i=AA 672w, https:\/\/res.cloudinary.com\/turna\/images\/w_640,h_400,c_scale\/f_auto,q_auto:low\/v1673279804\/paella\/paella.jpg?_i=AA 640w, https:\/\/res.cloudinary.com\/turna\/images\/w_681,h_426,c_scale\/f_auto,q_auto:low\/v1673279804\/paella\/paella.jpg?_i=AA 681w\" data-sizes=\"(max-width: 800px) 100vw, 800px\" data-delivery=\"upload\" onload=\";window.CLDBind?CLDBind(this):null;\" data-cloudinary=\"lazy\" \/><\/figure>\n\n\n\n<p><strong>\u0130spanya&#8217;n\u0131n me\u015fhur yeme\u011fi paella<\/strong> ile listeye iddial\u0131 bir giri\u015f yap\u0131yorum. Bir \u00e7e\u015fit pilav diyebilece\u011fimiz paella asla bir yanc\u0131 \u00fcr\u00fcn de\u011fil. Ana yeme\u011fin ta kendisi! Zeytinya\u011f\u0131 ve pirin\u00e7 yeme\u011fin ana malzemeleri. Di\u011fer eklenecekler tercihe g\u00f6re de\u011fi\u015fiyor. Deniz \u00fcr\u00fcnleri, tavuk, et ya da sebze ile pi\u015firilebiliyor. Paella severlerin en favorisi salyangoz ile yap\u0131lan. Barcelona&#8217;da leziz Paellalar sunan bir \u00e7ok restoran bulabilirsiniz.<\/p>\n\n\n\n<h3 class=\"wp-block-heading has-text-align-center has-neeon-button-dark-gray-color has-text-color has-link-color wp-elements-114046a2e1424a72809518e63157d1d2\"><span class=\"ez-toc-section\" id=\"gazpacho\"><\/span><strong><strong><strong><strong><strong>Gazpacho<\/strong><\/strong><\/strong><\/strong><\/strong><span class=\"ez-toc-section-end\"><\/span><\/h3>\n\n\n\n<figure class=\"wp-block-image size-large\"><img decoding=\"async\" src=\"https:\/\/res.cloudinary.com\/turna\/image\/upload\/v1673279805\/gazpacho.jpg\" alt=\"En G\u00fczel \u0130spanya Yemekleri gazpacho\"\/><\/figure>\n\n\n\n<p><strong>\u0130spanya&#8217;da ak\u015fam yeme\u011fi<\/strong> yiyecekseniz ve \u00e7orba ile ba\u015flamak isterseniz bu gazpacho olmal\u0131. Pi\u015firilmeyen bu \u00e7orba so\u011fuk olarak yeniliyor. Sar\u0131msak, domates, tuz, so\u011fan ile yap\u0131lan bu so\u011fuk \u00e7orban\u0131n ana malzemesi domates. \u0130spanya\u2019da en&nbsp;\u00e7ok tercih edilen yemeklerden biri.<\/p>\n\n\n\n<h3 class=\"wp-block-heading has-text-align-center has-neeon-button-dark-gray-color has-text-color has-link-color wp-elements-5cf64a6d8b139dc72cdeefcb94624bed\"><span class=\"ez-toc-section\" id=\"tapas\"><\/span><strong><strong><strong><strong>Tapas<\/strong><\/strong><\/strong><\/strong><span class=\"ez-toc-section-end\"><\/span><\/h3>\n\n\n\n<figure class=\"wp-block-image size-large\"><img decoding=\"async\" src=\"https:\/\/res.cloudinary.com\/turna\/image\/upload\/v1673279805\/tapas.jpg\" alt=\"tapas\"\/><\/figure>\n\n\n\n<p><strong>\u0130spanya&#8217;n\u0131n en me\u015fhur yeme\u011fi nedir<\/strong> diye sorsan\u0131z Tapas kesinlikle ilk s\u0131ralarda yer al\u0131r. Bu lezzet \u0130spanyol yemekleri i\u00e7inde kendine at\u0131\u015ft\u0131rmal\u0131k grubunda yer bulmu\u015f. Bizde olsayd\u0131 biz kesinlikle meze olarak t\u00fcketirdik. Genelde biralar\u0131n yan\u0131nda yemeyi tercih ediyorlar \u0130spanyollar. Ana yemekle birlikte de yenebiliyor ama daha \u00e7ok ac\u0131kma anlar\u0131nda ve ana \u00f6\u011f\u00fcnlerde t\u00fcketiliyor. \u00dclkemizde de baz\u0131 restoranlarda farkl\u0131 \u00e7e\u015fitlerini bulabilir deneyebilirsiniz. Evde de et, mantar, past\u0131rma gibi \u00fcr\u00fcnler kullanarak envai \u00e7e\u015fitte tapaslar haz\u0131rlayabilir, s\u0131cak ya da so\u011fuk \u015fekilde afiyetle yiyebilirsiniz.<\/p>\n\n\n\n<h3 class=\"wp-block-heading has-text-align-center has-neeon-button-dark-gray-color has-text-color has-link-color wp-elements-35069b9ea8e59a3ad97383b4b2fb098f\"><span class=\"ez-toc-section\" id=\"tortilla\"><\/span><strong><strong><strong><strong>Tortilla<\/strong><\/strong><\/strong><\/strong><span class=\"ez-toc-section-end\"><\/span><\/h3>\n\n\n\n<figure class=\"wp-block-image size-large\"><img decoding=\"async\" src=\"https:\/\/res.cloudinary.com\/turna\/image\/upload\/v1673279805\/tortilla.jpg\" alt=\"tortilla\"\/><\/figure>\n\n\n\n<p><strong>\u0130spanya&#8217;da kahvalt\u0131da ne yenir<\/strong> derseniz cevab\u0131 <strong>tortilla. <\/strong>Bu nefis \u0130spanyol omleti ana yemek olarak da t\u00fcketilebiliyor, at\u0131\u015ft\u0131rmal\u0131k olarak da. Patates seviyorsan\u0131z mutlaka denemelisiniz. \u0130spanya&#8217;da hemen her restoranda bulabilirsiniz.<\/p>\n\n\n\n<h3 class=\"wp-block-heading has-text-align-center has-neeon-button-dark-gray-color has-text-color has-link-color wp-elements-6aa11a5e8a0b06799e0a82e1581fb3fc\"><span class=\"ez-toc-section\" id=\"fajita\"><\/span><strong><strong><strong><strong>Fajita<\/strong><\/strong><\/strong><\/strong><span class=\"ez-toc-section-end\"><\/span><\/h3>\n\n\n\n<figure class=\"wp-block-image size-large\"><img decoding=\"async\" src=\"https:\/\/res.cloudinary.com\/turna\/image\/upload\/v1673279804\/fajita.jpg\" alt=\"fajita\"\/><\/figure>\n\n\n\n<p>Fajita art\u0131k \u0130spanya s\u0131n\u0131rlar\u0131n\u0131 a\u015fm\u0131\u015f, hemen her \u00fclkede severek pi\u015firilen ve yenen bir yemek halini alm\u0131\u015f. \u00c7o\u011fumuz evlerimizde bile haz\u0131rl\u0131yoruz. Temelde etli ya da tavuklu \u015feklinde 2 t\u00fcr\u00fc var fajitan\u0131n. \u0130\u00e7erisine eklenilen julyen sebzeler ile adeta renk c\u00fcmb\u00fc\u015f\u00fc olan bu yemek daha \u00f6nce tatmad\u0131ysan\u0131z favorilerinizden biri olacak. Dilerseniz lava\u015flar\u0131n aras\u0131nda, dilerseniz pilav ya da makarna ile de servis edebilirsiniz.<\/p>\n\n\n\n<h3 class=\"wp-block-heading has-text-align-center has-neeon-button-dark-gray-color has-text-color has-link-color wp-elements-16604e372327a205d1ca2051facbbf4e\"><span class=\"ez-toc-section\" id=\"empanadas\"><\/span><strong><strong><strong><strong>Empanadas<\/strong><\/strong><\/strong><\/strong><span class=\"ez-toc-section-end\"><\/span><\/h3>\n\n\n\n<figure class=\"wp-block-image size-large\"><img decoding=\"async\" src=\"https:\/\/res.cloudinary.com\/turna\/image\/upload\/v1673279803\/empanadas.jpg\" alt=\"empanadas\"\/><\/figure>\n\n\n\n<p><strong>Meksika yemekleri<\/strong> i\u00e7inde de severek t\u00fcketilen empanadas bir \u0130spanyol lezzeti. D\u00fcnyan\u0131n bir\u00e7ok yerinde \u00fcn salm\u0131\u015f bu efsane lezzet i\u00e7in bir \u00e7e\u015fit b\u00f6rek diyebilirim. El a\u00e7mas\u0131 hamur ve k\u0131ymal\u0131 har\u00e7 ile haz\u0131rlanan empanadas ya\u011fda k\u0131zart\u0131l\u0131yor. Asl\u0131nda bizim bildi\u011fimiz pi\u015fiye benziyor. Ben \u00e7ok sevmi\u015ftim. Buldu\u011funuz yerde affetmeyin, afiyetle yiyin. \ud83d\ude0b<\/p>\n\n\n\n<h3 class=\"wp-block-heading has-text-align-center has-neeon-button-dark-gray-color has-text-color has-link-color wp-elements-74038679ff56ef1007567a4ba1f9df3e\"><span class=\"ez-toc-section\" id=\"churros\"><\/span><strong><strong><strong><strong>Churros<\/strong><\/strong><\/strong><\/strong><span class=\"ez-toc-section-end\"><\/span><\/h3>\n\n\n\n<figure class=\"wp-block-image size-large\"><img decoding=\"async\" src=\"https:\/\/res.cloudinary.com\/turna\/image\/upload\/v1673279803\/churros.jpg\" alt=\"churros\"\/><\/figure>\n\n\n\n<p>\u0130spanya s\u0131n\u0131rlar\u0131n\u0131 a\u015fan, d\u00fcnyan\u0131n her yerinde u\u011fruna mekanlar a\u00e7\u0131lan me\u015fhur <strong>\u0130spanyol tatl\u0131s\u0131<\/strong> churros var s\u0131rada. Asl\u0131nda bizdeki halka tatl\u0131 ile benzerlik g\u00f6steren bir lezzet. K\u0131zarm\u0131\u015f \u00e7\u0131t\u0131r \u00e7\u0131t\u0131r bir hamur ve yan\u0131nda gelen bir \u00e7ikolata sos. Bat\u0131r\u0131p bat\u0131r\u0131p yedi\u011finizi hayal etsenize. \ud83d\ude0d<\/p>\n\n\n\n<h3 class=\"wp-block-heading has-text-align-center has-neeon-button-dark-gray-color has-text-color has-link-color wp-elements-297e0edbee9818cd56b5729978280077\"><span class=\"ez-toc-section\" id=\"patatas_bravas\"><\/span><strong><strong><strong><strong>Patatas Bravas<\/strong><\/strong><\/strong><\/strong><span class=\"ez-toc-section-end\"><\/span><\/h3>\n\n\n\n<figure class=\"wp-block-image size-large\"><img decoding=\"async\" src=\"https:\/\/res.cloudinary.com\/turna\/image\/upload\/v1673279805\/patatas_bravas.jpg\" alt=\"patatas bravas\"\/><\/figure>\n\n\n\n<p><strong>\u0130spanya&#8217;n\u0131n y\u00f6resel yemekleri<\/strong> i\u00e7inde bir tapas \u00e7e\u015fidi olarak kar\u015f\u0131m\u0131za \u00e7\u0131k\u0131yor patatas bravas. Domates soslu bir patates k\u0131zartmas\u0131 gibi d\u00fc\u015f\u00fcnebilirsiniz. T\u00fcrk mutfa\u011f\u0131na olduk\u00e7a yak\u0131n bir lezzet. Deneyin, kesin seversiniz. \ud83d\ude0a<\/p>\n\n\n\n<h3 class=\"wp-block-heading has-text-align-center has-neeon-button-dark-gray-color has-text-color has-link-color wp-elements-8854245d78192e5f3ebe253c7c036e0e\"><span class=\"ez-toc-section\" id=\"arroz_con_leche\"><\/span><strong><strong><strong><strong>Arroz Con Leche<\/strong><\/strong><\/strong><\/strong><span class=\"ez-toc-section-end\"><\/span><\/h3>\n\n\n\n<figure class=\"wp-block-image size-large\"><img decoding=\"async\" src=\"https:\/\/res.cloudinary.com\/turna\/image\/upload\/v1673279804\/arroz_con_leche.jpg\" alt=\"arroz con leche\"\/><\/figure>\n\n\n\n<p>\u015eimdi sizi \u00e7ok \u015fa\u015f\u0131rtacak bir lezzete geldi s\u0131ra. \u0130spanya tatl\u0131s\u0131 olarak kar\u015f\u0131m\u0131za \u00e7\u0131kan Arroz Con Leche  asl\u0131nda bizim s\u00fctlac\u0131n ta kendisi. \u201cS\u00fctl\u00fc Pirin\u00e7\u201d anlam\u0131na gelen bu tatl\u0131 bizdeki gibi \u00fczerine tar\u00e7\u0131n ilave edilerek servis ediliyor. Pi\u015firirken i\u00e7ine de tar\u00e7\u0131n konuluyor ve k\u0131vam\u0131 da bizdekinden daha koyu oluyor. Meksika s\u00fctlac\u0131 olarak da kar\u015f\u0131n\u0131za \u00e7\u0131kabilir.<\/p>\n\n\n\n<h3 class=\"wp-block-heading has-text-align-center has-neeon-button-dark-gray-color has-text-color has-link-color wp-elements-77b7c0d4b016dfdfefca3f0fee95134b\"><span class=\"ez-toc-section\" id=\"creme_catalan\"><\/span><strong><strong><strong><strong>Creme Catalan<\/strong><\/strong><\/strong><\/strong><span class=\"ez-toc-section-end\"><\/span><\/h3>\n\n\n\n<figure class=\"wp-block-image size-large\"><img decoding=\"async\" src=\"https:\/\/res.cloudinary.com\/turna\/image\/upload\/v1673279804\/creme_catalan.jpg\" alt=\"creme catalan\"\/><\/figure>\n\n\n\n<p>\u0130spanya yemekleri yaz\u0131ma tatl\u0131 bir kapan\u0131\u015f yapal\u0131m. Creme Catalan krem br\u00fcle\u2019nin \u0130spanyol versiyonu diyebiliriz. Klasik re\u00e7eteden farkl\u0131 olarak s\u00fct yerine krema kullan\u0131l\u0131yor. Damaklar\u0131n\u0131z\u0131 \u015fenlendirecek bu tatl\u0131 \u0130spanya&#8217;da ne yenir sorusunun en lezzetli yan\u0131tlar\u0131ndan biri. &nbsp;<\/p>\n\n\n\n<p>T\u00fcm bu lezzetleri yerinde tatmak isterseniz <strong><a href=\"https:\/\/www.turna.com\/ucak-bileti\/ispanya\" target=\"_blank\" rel=\"noreferrer noopener\">\u0130spanya u\u00e7ak bileti<\/a><\/strong> se\u00e7eneklerine g\u00f6z atmay\u0131 unutmay\u0131n.<\/p>\n\n    <div class=\"xs_social_share_widget xs_share_url after_content \t\tmain_content  wslu-style-1 wslu-share-box-shaped wslu-fill-colored wslu-none wslu-share-horizontal wslu-theme-font-no wslu-main_content\">\n\n\t\t\n        <ul>\n\t\t\t        <\/ul>\n    <\/div> \n","protected":false},"excerpt":{"rendered":"<p>\u00dclke s\u0131n\u0131rlar\u0131n\u0131 a\u015fm\u0131\u015f adeta globalle\u015fmi\u015f yemekleri var \u0130spanya&#8217;n\u0131n. Belki baz\u0131lar\u0131n\u0131 ilk kez duyacaks\u0131n\u0131z, baz\u0131lar\u0131n\u0131 restoranlarda denemi\u015f olabilirsiniz. Hatta belki baz\u0131 \u0130spanya yemekleri mutfa\u011f\u0131n\u0131zda bile pi\u015fiyordur. Benim olduk\u00e7a sevdi\u011fim \u0130spanya mutfa\u011f\u0131ndan leziz yemekler bu yaz\u0131da sizi bekliyor. Yaz\u0131n\u0131n sonlar\u0131nda kendinizi \u0130spanya u\u00e7ak bileti bakarken bulabilirsiniz, benden s\u00f6ylemesi. \ud83d\ude0a<\/p>\n","protected":false},"author":34,"featured_media":21499,"comment_status":"open","ping_status":"open","sticky":false,"template":"","format":"standard","meta":{"rop_custom_images_group":[],"rop_custom_messages_group":[],"rop_publish_now":"initial","rop_publish_now_accounts":[],"rop_publish_now_history":[],"rop_publish_now_status":"pending","_cloudinary_featured_overwrite":false,"footnotes":""},"categories":[695,165],"tags":[],"class_list":["post-21498","post","type-post","status-publish","format-standard","has-post-thumbnail","hentry","category-gurme","category-ispanya"],"_links":{"self":[{"href":"https:\/\/www.turna.com\/blog\/wp-json\/wp\/v2\/posts\/21498","targetHints":{"allow":["GET"]}}],"collection":[{"href":"https:\/\/www.turna.com\/blog\/wp-json\/wp\/v2\/posts"}],"about":[{"href":"https:\/\/www.turna.com\/blog\/wp-json\/wp\/v2\/types\/post"}],"author":[{"embeddable":true,"href":"https:\/\/www.turna.com\/blog\/wp-json\/wp\/v2\/users\/34"}],"replies":[{"embeddable":true,"href":"https:\/\/www.turna.com\/blog\/wp-json\/wp\/v2\/comments?post=21498"}],"version-history":[{"count":0,"href":"https:\/\/www.turna.com\/blog\/wp-json\/wp\/v2\/posts\/21498\/revisions"}],"wp:featuredmedia":[{"embeddable":true,"href":"https:\/\/www.turna.com\/blog\/wp-json\/wp\/v2\/media\/21499"}],"wp:attachment":[{"href":"https:\/\/www.turna.com\/blog\/wp-json\/wp\/v2\/media?parent=21498"}],"wp:term":[{"taxonomy":"category","embeddable":true,"href":"https:\/\/www.turna.com\/blog\/wp-json\/wp\/v2\/categories?post=21498"},{"taxonomy":"post_tag","embeddable":true,"href":"https:\/\/www.turna.com\/blog\/wp-json\/wp\/v2\/tags?post=21498"}],"curies":[{"name":"wp","href":"https:\/\/api.w.org\/{rel}","templated":true}]}}