{"id":21492,"date":"2025-01-02T12:02:44","date_gmt":"2025-01-02T09:02:44","guid":{"rendered":"https:\/\/www.turna.com\/blog\/?p=21492"},"modified":"2025-07-10T15:19:49","modified_gmt":"2025-07-10T12:19:49","slug":"ocak-ayinda-gezilecek-yerler","status":"publish","type":"post","link":"https:\/\/www.turna.com\/blog\/ocak-ayinda-gezilecek-yerler","title":{"rendered":"Ocak Ay\u0131nda Gezilecek Yerler | 15 Rota Tavsiyesi"},"content":{"rendered":"<div id=\"ez-toc-container\" class=\"ez-toc-v2_0_82_2 counter-hierarchy ez-toc-counter ez-toc-black ez-toc-container-direction\">\n<div class=\"ez-toc-title-container\">\n<p class=\"ez-toc-title\" style=\"cursor:inherit\">\u0130\u00e7indekiler<\/p>\n<span class=\"ez-toc-title-toggle\"><a href=\"#\" class=\"ez-toc-pull-right ez-toc-btn ez-toc-btn-xs ez-toc-btn-default ez-toc-toggle\" aria-label=\"\u0130\u00e7indekiler Tablosunu A\u00e7\/Kapat\"><span class=\"ez-toc-js-icon-con\"><span class=\"\"><span class=\"eztoc-hide\" style=\"display:none;\">Toggle<\/span><span class=\"ez-toc-icon-toggle-span\"><svg style=\"fill: #ffffff;color:#ffffff\" xmlns=\"http:\/\/www.w3.org\/2000\/svg\" class=\"list-377408\" width=\"20px\" height=\"20px\" viewBox=\"0 0 24 24\" fill=\"none\"><path d=\"M6 6H4v2h2V6zm14 0H8v2h12V6zM4 11h2v2H4v-2zm16 0H8v2h12v-2zM4 16h2v2H4v-2zm16 0H8v2h12v-2z\" fill=\"currentColor\"><\/path><\/svg><svg style=\"fill: #ffffff;color:#ffffff\" class=\"arrow-unsorted-368013\" xmlns=\"http:\/\/www.w3.org\/2000\/svg\" width=\"10px\" height=\"10px\" viewBox=\"0 0 24 24\" version=\"1.2\" baseProfile=\"tiny\"><path d=\"M18.2 9.3l-6.2-6.3-6.2 6.3c-.2.2-.3.4-.3.7s.1.5.3.7c.2.2.4.3.7.3h11c.3 0 .5-.1.7-.3.2-.2.3-.5.3-.7s-.1-.5-.3-.7zM5.8 14.7l6.2 6.3 6.2-6.3c.2-.2.3-.5.3-.7s-.1-.5-.3-.7c-.2-.2-.4-.3-.7-.3h-11c-.3 0-.5.1-.7.3-.2.2-.3.5-.3.7s.1.5.3.7z\"\/><\/svg><\/span><\/span><\/span><\/a><\/span><\/div>\n<nav><ul class='ez-toc-list ez-toc-list-level-1 eztoc-toggle-hide-by-default' ><li class='ez-toc-page-1 ez-toc-heading-level-2'><a class=\"ez-toc-link ez-toc-heading-1\" href=\"https:\/\/www.turna.com\/blog\/ocak-ayinda-gezilecek-yerler\/#ocak_ayinda_gezilecek_yerler\" >Ocak Ay\u0131nda Gezilecek Yerler<\/a><ul class='ez-toc-list-level-3' ><li class='ez-toc-heading-level-3'><a class=\"ez-toc-link ez-toc-heading-2\" href=\"https:\/\/www.turna.com\/blog\/ocak-ayinda-gezilecek-yerler\/#palandokenerzurum\" >Paland\u00f6ken,Erzurum<\/a><\/li><li class='ez-toc-page-1 ez-toc-heading-level-3'><a class=\"ez-toc-link ez-toc-heading-3\" href=\"https:\/\/www.turna.com\/blog\/ocak-ayinda-gezilecek-yerler\/#uludagbursa\" >Uluda\u011f,Bursa<\/a><\/li><li class='ez-toc-page-1 ez-toc-heading-level-3'><a class=\"ez-toc-link ez-toc-heading-4\" href=\"https:\/\/www.turna.com\/blog\/ocak-ayinda-gezilecek-yerler\/#agvaistanbul\" >A\u011fva,\u0130stanbul<\/a><\/li><li class='ez-toc-page-1 ez-toc-heading-level-3'><a class=\"ez-toc-link ez-toc-heading-5\" href=\"https:\/\/www.turna.com\/blog\/ocak-ayinda-gezilecek-yerler\/#kartepekocaeli\" >Kartepe,Kocaeli<\/a><\/li><li class='ez-toc-page-1 ez-toc-heading-level-3'><a class=\"ez-toc-link ez-toc-heading-6\" href=\"https:\/\/www.turna.com\/blog\/ocak-ayinda-gezilecek-yerler\/#eskisehir\" >Eski\u015fehir<\/a><\/li><li class='ez-toc-page-1 ez-toc-heading-level-3'><a class=\"ez-toc-link ez-toc-heading-7\" href=\"https:\/\/www.turna.com\/blog\/ocak-ayinda-gezilecek-yerler\/#afyonkarahisar\" >Afyonkarahisar<\/a><\/li><li class='ez-toc-page-1 ez-toc-heading-level-3'><a class=\"ez-toc-link ez-toc-heading-8\" href=\"https:\/\/www.turna.com\/blog\/ocak-ayinda-gezilecek-yerler\/#sirince_izmir\" >\u015eirince, \u0130zmir<\/a><\/li><li class='ez-toc-page-1 ez-toc-heading-level-3'><a class=\"ez-toc-link ez-toc-heading-9\" href=\"https:\/\/www.turna.com\/blog\/ocak-ayinda-gezilecek-yerler\/#ayder_yaylasi_rize\" >Ayder Yaylas\u0131, Rize<\/a><\/li><li class='ez-toc-page-1 ez-toc-heading-level-3'><a class=\"ez-toc-link ez-toc-heading-10\" href=\"https:\/\/www.turna.com\/blog\/ocak-ayinda-gezilecek-yerler\/#kars\" >Kars<\/a><\/li><li class='ez-toc-page-1 ez-toc-heading-level-3'><a class=\"ez-toc-link ez-toc-heading-11\" href=\"https:\/\/www.turna.com\/blog\/ocak-ayinda-gezilecek-yerler\/#banskobulgaristan\" >Bansko,Bulgaristan<\/a><\/li><li class='ez-toc-page-1 ez-toc-heading-level-3'><a class=\"ez-toc-link ez-toc-heading-12\" href=\"https:\/\/www.turna.com\/blog\/ocak-ayinda-gezilecek-yerler\/#seyseller\" >Sey\u015feller<\/a><\/li><li class='ez-toc-page-1 ez-toc-heading-level-3'><a class=\"ez-toc-link ez-toc-heading-13\" href=\"https:\/\/www.turna.com\/blog\/ocak-ayinda-gezilecek-yerler\/#nagano_japonya\" >Nagano, Japonya<\/a><\/li><li class='ez-toc-page-1 ez-toc-heading-level-3'><a class=\"ez-toc-link ez-toc-heading-14\" href=\"https:\/\/www.turna.com\/blog\/ocak-ayinda-gezilecek-yerler\/#oslo_norvec\" >Oslo, Norve\u00e7<\/a><\/li><li class='ez-toc-page-1 ez-toc-heading-level-3'><a class=\"ez-toc-link ez-toc-heading-15\" href=\"https:\/\/www.turna.com\/blog\/ocak-ayinda-gezilecek-yerler\/#tiflis_gurcistan\" >Tiflis, G\u00fcrcistan<\/a><\/li><li class='ez-toc-page-1 ez-toc-heading-level-3'><a class=\"ez-toc-link ez-toc-heading-16\" href=\"https:\/\/www.turna.com\/blog\/ocak-ayinda-gezilecek-yerler\/#rio_de_janeiro_brezilya\" >Rio de Janeiro, Brezilya<\/a><\/li><\/ul><\/li><\/ul><\/nav><\/div>\n\n<p>Yeni y\u0131l\u0131n ba\u015flang\u0131c\u0131 Ocak ay\u0131 k\u0131\u015f\u0131 \u00f6zleyenlerin hasreti dindirmeye, kar ve kayak sevdal\u0131lar\u0131n\u0131n y\u00fcz\u00fcn\u00fc g\u00fcl\u00fcmsetmeye geldi. T\u00fcm y\u0131l\u0131 kayak tak\u0131mlar\u0131n\u0131 al\u0131p da\u011flara \u00e7\u0131kmak i\u00e7in bekleyenler oldu\u011funu biliyorum. T\u00fcrkiye&#8217;nin en g\u00fczel kayak merkezleri<strong> Ocak ay\u0131nda gezilecek yerler <\/strong>listemizin elbette olmazsa olmaz\u0131. Ben sakinlik severim diyenleri de unutmad\u0131m elbette. \u015e\u00f6yle k\u0131\u015f manzaralar\u0131 e\u015fli\u011finde kafa dinleyebilece\u011finiz rotalar, ters k\u00f6\u015fe yapmay\u0131 sevenler i\u00e7in s\u0131cac\u0131k destinasyonlar sizi bekliyor.<\/p>\n\n\n\n<h2 class=\"wp-block-heading has-text-align-center has-neeon-button-dark-gray-color has-text-color has-link-color wp-elements-4e4ce08e4a75449ee067b47ec9d8d7ae\"><span class=\"ez-toc-section\" id=\"ocak_ayinda_gezilecek_yerler\"><\/span><strong><strong>Ocak Ay\u0131nda Gezilecek Yerler<\/strong><\/strong><span class=\"ez-toc-section-end\"><\/span><\/h2>\n\n\n\n<figure class=\"wp-block-image size-large\"><img width=\"800\" height=\"500\" data-public-id=\"ocak_ay\u0131nda_gezilecek_yerler\/ocak_ay\u0131nda_gezilecek_yerler.jpg\" decoding=\"async\" src=\"https:\/\/res.cloudinary.com\/turna\/images\/w_800,h_500,c_scale\/f_auto,q_auto:low\/v1672948706\/ocak_ay\u0131nda_gezilecek_yerler\/ocak_ay\u0131nda_gezilecek_yerler.jpg?_i=AA\" alt=\"Ocak Ay\u0131nda Gezilecek Yerler\" class=\"wp-post-0 wp-image-21493\" data-format=\"jpg\" data-transformations=\"f_auto,q_auto:low\" data-version=\"1672948706\" data-seo=\"1\" srcset=\"https:\/\/res.cloudinary.com\/turna\/images\/f_auto,q_auto:low\/v1672948706\/ocak_ay\u0131nda_gezilecek_yerler\/ocak_ay\u0131nda_gezilecek_yerler.jpg?_i=AA 800w, https:\/\/res.cloudinary.com\/turna\/images\/w_300,h_188,c_scale\/f_auto,q_auto:low\/v1672948706\/ocak_ay\u0131nda_gezilecek_yerler\/ocak_ay\u0131nda_gezilecek_yerler.jpg?_i=AA 300w, https:\/\/res.cloudinary.com\/turna\/images\/w_672,h_420,c_scale\/f_auto,q_auto:low\/v1672948706\/ocak_ay\u0131nda_gezilecek_yerler\/ocak_ay\u0131nda_gezilecek_yerler.jpg?_i=AA 672w, https:\/\/res.cloudinary.com\/turna\/images\/w_640,h_400,c_scale\/f_auto,q_auto:low\/v1672948706\/ocak_ay\u0131nda_gezilecek_yerler\/ocak_ay\u0131nda_gezilecek_yerler.jpg?_i=AA 640w, https:\/\/res.cloudinary.com\/turna\/images\/w_681,h_426,c_scale\/f_auto,q_auto:low\/v1672948706\/ocak_ay\u0131nda_gezilecek_yerler\/ocak_ay\u0131nda_gezilecek_yerler.jpg?_i=AA 681w\" sizes=\"(max-width: 800px) 100vw, 800px\" \/><\/figure>\n\n\n\n<p>\u00dclkemizde ve d\u00fcnyada gezilip g\u00f6r\u00fclecek o kadar \u00e7ok yer, deneyimlenecek o kadar \u015fey var ki genelde seyahatlerimizi hep yaz aylar\u0131na planlayarak haks\u0131zl\u0131k ediyoruz. Oysa baz\u0131 yerlere \u00f6zellikle k\u0131\u015f\u0131n gidilmesi gerekiyor. Ocak ay\u0131nda seyahat etmek istiyor ama nereye gitsek diye d\u00fc\u015f\u00fcn\u00fcyorsan\u0131z sizin i\u00e7in harika se\u00e7enekler listeledim.<\/p>\n\n\n\n<h3 class=\"wp-block-heading has-text-align-center has-neeon-button-dark-gray-color has-text-color has-link-color wp-elements-4c17fbabc31a2fcd2da87ad778c2e398\"><span class=\"ez-toc-section\" id=\"palandokenerzurum\"><\/span><strong><strong><strong>Paland\u00f6ken,Erzurum<\/strong><\/strong><\/strong><span class=\"ez-toc-section-end\"><\/span><\/h3>\n\n\n\n<figure class=\"wp-block-image size-large\"><img decoding=\"async\" src=\"https:\/\/res.cloudinary.com\/turna\/image\/upload\/v1672948707\/paland%C3%B6ken_erzurum.jpg\" alt=\"Paland\u00f6ken\/Erzurum\"\/><\/figure>\n\n\n\n<p><strong>K\u0131\u015f\u0131n gezilecek yerler<\/strong> i\u00e7inde bence \u015fahane bir se\u00e7enek Erzurum. \u015eehrin i\u00e7indeki tarihi yerleri, k\u0131\u015f turizminin g\u00f6zdesi Paland\u00f6ken Da\u011f\u0131, dillere destan y\u00f6resel lezzetleri ile Erzurum tam bir k\u0131\u015f \u015fehri. Paland\u00f6ken ise son derece konforlu otelleri ve kayak pistleri ile kayak severlerin en sevdi\u011fi ve tercih etti\u011fi bir kayak merkezi. E\u011fer akl\u0131n\u0131zda bir k\u0131\u015f tatili yapmak varsa Paland\u00f6ken&#8217;e bir \u015fans verin derim.<\/p>\n\n\n\n<p>Gitti\u011finizde Erzurum&#8217;un \u015fahane yemeklerini yemeden d\u00f6nmeyin. Ca\u011f kebap ve kaday\u0131f dolmas\u0131 i\u00e7in \u00f6nerim Muammer Usta. Tarihi Erzurum evlerinde ise daha y\u00f6resel tatlar\u0131 deneyebilirsiniz. Su b\u00f6re\u011fi, lor dolmas\u0131, dut \u00e7ullamas\u0131 gibi Erzurum&#8217;a \u00f6zg\u00fc tatlar ilginizi \u00e7ekebilir. Da\u011f\u0131 ve kaya\u011f\u0131 b\u0131rakabilirseniz Erzurum&#8217;un tarihi dokusuna da tan\u0131kl\u0131k edin derim. \ud83d\ude0a<\/p>\n\n\n\n<p><strong>Erzurum Merkezde Gezilecek Yerler<\/strong><\/p>\n\n\n\n<ul class=\"wp-block-list\">\n<li>\u00c7ifte Minareli Medrese<\/li>\n\n\n\n<li>Yakutiye Medresesi<\/li>\n\n\n\n<li>Ulu Cami<\/li>\n\n\n\n<li>Erzurum Kalesi<\/li>\n\n\n\n<li>\u00dc\u00e7 K\u00fcmbetler<\/li>\n\n\n\n<li>Atat\u00fcrk Evi<\/li>\n\n\n\n<li>Erzurum Kongre ve Milli M\u00fccadele M\u00fczesi<\/li>\n\n\n\n<li>Ta\u015fhan<\/li>\n<\/ul>\n\n\n\n<p>Ocak ay\u0131n\u0131n ve k\u0131\u015f\u0131n tad\u0131n\u0131 \u00e7\u0131karmak i\u00e7in kendinize bir g\u00fczellik yap\u0131n ve<strong><a href=\"https:\/\/www.turna.com\/ucak-bileti\/edremit\" target=\"_blank\" rel=\"noreferrer noopener\"> <\/a><a href=\"https:\/\/www.turna.com\/ucak-bileti\/erzurum\" target=\"_blank\" rel=\"noreferrer noopener\">Erzurum u\u00e7ak bileti<\/a><\/strong> al\u0131n.<\/p>\n\n\n\n<h3 class=\"wp-block-heading has-text-align-center has-neeon-button-dark-gray-color has-text-color has-link-color wp-elements-3713039b726393b151e8542d6955c3fe\"><span class=\"ez-toc-section\" id=\"uludagbursa\"><\/span><strong><strong><strong>Uluda\u011f,Bursa<\/strong><\/strong><\/strong><span class=\"ez-toc-section-end\"><\/span><\/h3>\n\n\n\n<figure class=\"wp-block-image size-large\"><img decoding=\"async\" src=\"https:\/\/res.cloudinary.com\/turna\/image\/upload\/v1672948706\/uluda%C4%9F_bursa.jpg\" alt=\"Uluda\u011f\/Bursa\"\/><\/figure>\n\n\n\n<p>Ocak ay\u0131nda gezilecek yerler listemize k\u0131\u015f turizmi ile \u00f6zde\u015fle\u015fmi\u015f bir rota ile devam ediyoruz. Uluda\u011f \u0130stanbul&#8217;a yak\u0131nl\u0131\u011f\u0131 ile karla bulu\u015fmak isteyenlerin ilk tercih etti\u011fi yer oluyor. Zengin konaklama se\u00e7enekleri, festivalleri, partileri ile k\u0131\u015f tatili yapmak isteyenlerin favori destinasyonlar\u0131ndan.<\/p>\n\n\n\n<p>Hadi 1 g\u00fcnl\u00fc\u011f\u00fcne de olsa kayak k\u0131yafetlerinizden kurtulun ve Bursa&#8217;y\u0131 ke\u015ffe \u00e7\u0131k\u0131n. E gitmi\u015fken Bursa da \u015f\u00f6yle bir gezilmez mi, mis gibi tahanl\u0131s\u0131, iskenderi yenilmez, hanlar\u0131nda bir kahve i\u00e7ilmez mi? Mutlaka g\u00f6rmeniz gereken yerleri a\u015fa\u011f\u0131da listeliyorum.<\/p>\n\n\n\n<p><strong>Bursa Merkezde Gezilecek Yerler<\/strong><\/p>\n\n\n\n<ul class=\"wp-block-list\">\n<li>Kapal\u0131 \u00c7ar\u015f\u0131<\/li>\n\n\n\n<li>Irgand\u0131 K\u00f6pr\u00fcs\u00fc<\/li>\n\n\n\n<li>Tofa\u015f Bursa Anadolu Arabalar\u0131 M\u00fczesi<\/li>\n\n\n\n<li>Ulu Cami<\/li>\n\n\n\n<li>Koza Han<\/li>\n\n\n\n<li>Ye\u015fil Camii<\/li>\n\n\n\n<li>Tophane Saat Kulesi<\/li>\n<\/ul>\n\n\n\n<p>Bu tarihi \u015fehri g\u00f6rmek i\u00e7in tek yapman\u0131z gereken <a href=\"https:\/\/www.turna.com\/otobus-bileti\/bursa\" target=\"_blank\" rel=\"noreferrer noopener\"><strong>Bursa otob\u00fcs bileti<\/strong> <\/a>almak.<\/p>\n\n\n\n<h3 class=\"wp-block-heading has-text-align-center has-neeon-button-dark-gray-color has-text-color has-link-color wp-elements-2d07b88878fcb34f6ad14fc48dbc523a\"><span class=\"ez-toc-section\" id=\"agvaistanbul\"><\/span><strong><strong><strong>A\u011fva,\u0130stanbul<\/strong><\/strong><\/strong><span class=\"ez-toc-section-end\"><\/span><\/h3>\n\n\n\n<figure class=\"wp-block-image size-large\"><img decoding=\"async\" src=\"https:\/\/res.cloudinary.com\/turna\/image\/upload\/v1672948707\/a%C4%9Fva_istanbul.jpg\" alt=\"A\u011fva\/\u0130stanbul\"\/><\/figure>\n\n\n\n<p><strong>\u0130stanbul&#8217;da Ocak ay\u0131nda gezilecek yerler<\/strong> i\u00e7inde A\u011fva&#8217;y\u0131 d\u00fc\u015f\u00fcnebilirsiniz. Her zaman huzurlu bir ka\u00e7\u0131\u015f dura\u011f\u0131 olan A\u011fva belki de k\u0131\u015f\u0131n en sakin d\u00f6nemlerini ya\u015f\u0131yor. Keyifli otellerde konaklayarak, do\u011fa y\u00fcr\u00fcy\u00fc\u015fleri yaparak, nehir kenar\u0131nda keyifli kahvalt\u0131larla keyifli bir tatil yapabilirsiniz.<\/p>\n\n\n\n<p><strong>A\u011fva Gezilecek Yerler<\/strong><\/p>\n\n\n\n<ul class=\"wp-block-list\">\n<li>Gelin Kayas\u0131<\/li>\n\n\n\n<li>\u015eile Feneri<\/li>\n\n\n\n<li>G\u00f6ksu Nehri<\/li>\n\n\n\n<li>Pembe Kayalar<\/li>\n\n\n\n<li>Hac\u0131ll\u0131 K\u00f6y\u00fc<\/li>\n<\/ul>\n\n\n\n<p>A\u011fva&#8217;da tatil yapmak i\u00e7in <strong><a href=\"https:\/\/www.turna.com\/ucak-bileti\/istanbul\" target=\"_blank\" rel=\"noreferrer noopener\">\u0130stanbul u\u00e7ak bileti<\/a> <\/strong>se\u00e7eneklerine g\u00f6z at\u0131n. Ayr\u0131ca web sitemizde <strong><a href=\"https:\/\/www.turna.com\/otel\" target=\"_blank\" rel=\"noreferrer noopener\">A\u011fva otelleri<\/a><\/strong> listesini inceleyebilir, be\u011fendi\u011finiz otele an\u0131nda rezervasyon yapabilirsiniz.<\/p>\n\n\n\n<h3 class=\"wp-block-heading has-text-align-center has-neeon-button-dark-gray-color has-text-color has-link-color wp-elements-9f8ae829ee8721b050ca3be878c44d12\"><span class=\"ez-toc-section\" id=\"kartepekocaeli\"><\/span><strong><strong><strong>Kartepe,Kocaeli<\/strong><\/strong><\/strong><span class=\"ez-toc-section-end\"><\/span><\/h3>\n\n\n\n<figure class=\"wp-block-image size-full\"><img width=\"800\" height=\"500\" data-public-id=\"Kartepe-Kocaeli-800x500_vbbexp\/Kartepe-Kocaeli-800x500_vbbexp.jpg\" fetchpriority=\"high\" decoding=\"async\" src=\"https:\/\/res.cloudinary.com\/turna\/images\/w_800,h_500,c_scale\/f_auto,q_auto:low\/v1526400721\/Kartepe-Kocaeli-800x500_vbbexp\/Kartepe-Kocaeli-800x500_vbbexp.jpg?_i=AA\" alt=\"\" class=\"wp-post-21492 wp-image-22266\" data-format=\"jpg\" data-transformations=\"f_auto,q_auto:low\" data-version=\"1526400721\" data-seo=\"1\" srcset=\"https:\/\/res.cloudinary.com\/turna\/images\/f_auto,q_auto:low\/v1526400721\/Kartepe-Kocaeli-800x500_vbbexp\/Kartepe-Kocaeli-800x500_vbbexp.jpg?_i=AA 800w, https:\/\/res.cloudinary.com\/turna\/images\/w_300,h_188,c_scale\/f_auto,q_auto:low\/v1526400721\/Kartepe-Kocaeli-800x500_vbbexp\/Kartepe-Kocaeli-800x500_vbbexp.jpg?_i=AA 300w, https:\/\/res.cloudinary.com\/turna\/images\/w_672,h_420,c_scale\/f_auto,q_auto:low\/v1526400721\/Kartepe-Kocaeli-800x500_vbbexp\/Kartepe-Kocaeli-800x500_vbbexp.jpg?_i=AA 672w, https:\/\/res.cloudinary.com\/turna\/images\/w_640,h_400,c_scale\/f_auto,q_auto:low\/v1526400721\/Kartepe-Kocaeli-800x500_vbbexp\/Kartepe-Kocaeli-800x500_vbbexp.jpg?_i=AA 640w, https:\/\/res.cloudinary.com\/turna\/images\/w_681,h_426,c_scale\/f_auto,q_auto:low\/v1526400721\/Kartepe-Kocaeli-800x500_vbbexp\/Kartepe-Kocaeli-800x500_vbbexp.jpg?_i=AA 681w\" sizes=\"(max-width: 800px) 100vw, 800px\" \/><\/figure>\n\n\n\n<p>\u0130stanbul&#8217;a yakla\u015f\u0131k 2 saatlik bir mesafede bulunan Kartepe, do\u011fa ile i\u00e7 i\u00e7e vakit ge\u00e7irmek isteyenler i\u00e7in harika bir alternatif. G\u00fcn\u00fcbirlik de gidilebilecek k\u0131\u015f rotalar\u0131ndan biri. Kartepe kayak merkezinde kayak ve snowboard yapabilir; karlar \u00fczerinde sucuk ekmek keyfi yapabilirsiniz. \ud83d\ude42<\/p>\n\n\n\n<p><strong>Kartepe Gezilecek Yerler<\/strong><\/p>\n\n\n\n<ul class=\"wp-block-list\">\n<li>Ormanya<\/li>\n\n\n\n<li>Kuzuyayla Tabiat Park\u0131<\/li>\n\n\n\n<li>Ma\u015fukiye \u015eelalesi<\/li>\n\n\n\n<li>Hikmetiye Cami<\/li>\n<\/ul>\n\n\n\n<p>Kartepe&#8217;de konaklamay\u0131 d\u00fc\u015f\u00fcn\u00fcyorsan\u0131z k\u0131\u015f sezonunda yo\u011funluk olabilece\u011fini g\u00f6z \u00f6n\u00fcnde bulundurarak konaklama rezervasyonlar\u0131n\u0131 \u00f6nceden yapman\u0131z\u0131 \u00f6neririm. <a href=\"https:\/\/www.turna.com\/otel\/kartepe-kocaeli\"><strong>Kartepe otelleri<\/strong><\/a> aras\u0131ndan sizin en i\u00e7in en uygun olan\u0131 kolayca bulabilirsiniz.<\/p>\n\n\n\n<h3 class=\"wp-block-heading has-text-align-center has-neeon-button-dark-gray-color has-text-color has-link-color wp-elements-fa157a01e19194bdbbd1ef900eda1626\"><span class=\"ez-toc-section\" id=\"eskisehir\"><\/span><strong><strong><strong>Eski\u015fehir<\/strong><\/strong><\/strong><span class=\"ez-toc-section-end\"><\/span><\/h3>\n\n\n\n<figure class=\"wp-block-image size-full\"><img width=\"800\" height=\"500\" data-public-id=\"Eskisehir-Gezilecek-Yerler_y5mfgm\/Eskisehir-Gezilecek-Yerler_y5mfgm.jpg\" decoding=\"async\" src=\"https:\/\/res.cloudinary.com\/turna\/images\/w_800,h_500,c_scale\/f_auto,q_auto:low\/v1461685422\/Eskisehir-Gezilecek-Yerler_y5mfgm\/Eskisehir-Gezilecek-Yerler_y5mfgm.jpg?_i=AA\" alt=\"\" class=\"wp-post-21492 wp-image-22267\" data-format=\"jpg\" data-transformations=\"f_auto,q_auto:low\" data-version=\"1461685422\" data-seo=\"1\" srcset=\"https:\/\/res.cloudinary.com\/turna\/images\/f_auto,q_auto:low\/v1461685422\/Eskisehir-Gezilecek-Yerler_y5mfgm\/Eskisehir-Gezilecek-Yerler_y5mfgm.jpg?_i=AA 800w, https:\/\/res.cloudinary.com\/turna\/images\/w_300,h_188,c_scale\/f_auto,q_auto:low\/v1461685422\/Eskisehir-Gezilecek-Yerler_y5mfgm\/Eskisehir-Gezilecek-Yerler_y5mfgm.jpg?_i=AA 300w, https:\/\/res.cloudinary.com\/turna\/images\/w_672,h_420,c_scale\/f_auto,q_auto:low\/v1461685422\/Eskisehir-Gezilecek-Yerler_y5mfgm\/Eskisehir-Gezilecek-Yerler_y5mfgm.jpg?_i=AA 672w, https:\/\/res.cloudinary.com\/turna\/images\/w_640,h_400,c_scale\/f_auto,q_auto:low\/v1461685422\/Eskisehir-Gezilecek-Yerler_y5mfgm\/Eskisehir-Gezilecek-Yerler_y5mfgm.jpg?_i=AA 640w, https:\/\/res.cloudinary.com\/turna\/images\/w_681,h_426,c_scale\/f_auto,q_auto:low\/v1461685422\/Eskisehir-Gezilecek-Yerler_y5mfgm\/Eskisehir-Gezilecek-Yerler_y5mfgm.jpg?_i=AA 681w\" sizes=\"(max-width: 800px) 100vw, 800px\" \/><\/figure>\n\n\n\n<p>S\u00f6mestir tatilinin de ba\u015flad\u0131\u011f\u0131 ocak ay\u0131nda, ailecek keyifli bir tatil ge\u00e7irmek i\u00e7in en g\u00fczel yerlerden biri de Eski\u015fehir&#8217;dir. Tema parklar\u0131n, bilim m\u00fczelerinin ve tarihi g\u00fczelliklerin bir arada oldu\u011fu Eski\u015fehir&#8217;e \u00e7ocuklar\u0131n\u0131z bay\u0131lacak. <\/p>\n\n\n\n<p><strong>Eski\u015fehir&#8217;de Gezilecek Yerler<\/strong><\/p>\n\n\n\n<ul class=\"wp-block-list\">\n<li>Sazova Bilim K\u00fclt\u00fcr ve Sanat Park\u0131<\/li>\n\n\n\n<li>Masal \u015eatosu<\/li>\n\n\n\n<li>Kentpark<\/li>\n\n\n\n<li>T\u00dcRASA\u015e Devrim Arabalar\u0131 M\u00fczesi<\/li>\n\n\n\n<li>Tarihi Odun Pazar\u0131 Evleri<\/li>\n\n\n\n<li>Porsuk \u00c7ay\u0131 (tekne turu yapabilirsiniz)<\/li>\n\n\n\n<li>Eski\u015fehir ET\u0130 Arkeoloji M\u00fczesi<\/li>\n\n\n\n<li>Kurtulu\u015f M\u00fczesi<\/li>\n\n\n\n<li>Odunpazar\u0131 Modern M\u00fcze (OMM)<\/li>\n<\/ul>\n\n\n\n<p><strong><a href=\"https:\/\/www.turna.com\/otel\/eskisehir\">Eski\u015fehir otelleri<\/a><\/strong> aras\u0131ndan diledi\u011finiz otele kolayca rezervasyon yapabilirsiniz.<\/p>\n\n\n\n<p><strong><a href=\"https:\/\/www.turna.com\/otobus-bileti\/eskisehir\">Eski\u015fehir otob\u00fcs bileti<\/a><\/strong> se\u00e7eneklerini kolayca kar\u015f\u0131la\u015ft\u0131rabilirsiniz.<\/p>\n\n\n\n<h3 class=\"wp-block-heading has-text-align-center has-neeon-button-dark-gray-color has-text-color has-link-color wp-elements-0e1389e638b291a99449c9bc97bf8c75\"><span class=\"ez-toc-section\" id=\"afyonkarahisar\"><\/span><strong><strong><strong>Afyonkarahisar<\/strong><\/strong><\/strong><span class=\"ez-toc-section-end\"><\/span><\/h3>\n\n\n\n<figure class=\"wp-block-image size-large\"><img decoding=\"async\" src=\"https:\/\/res.cloudinary.com\/turna\/image\/upload\/v1672948706\/afyon_termal_otel.jpg\" alt=\"Afyonkarahisar\"\/><\/figure>\n\n\n\n<p>\u015eifal\u0131 termal sular\u0131yla Afyon otelleri Ocak ay\u0131nda ziyaret\u00e7ilerini bekliyor. Burada dinlenece\u011finiz ve \u015fifalanaca\u011f\u0131n\u0131z bir tatil yapabilirsiniz. D\u00fc\u015f\u00fcnsenize \u00fcst\u00fcn\u00fcze lapa lapa kar ya\u011f\u0131yor ve siz duman\u0131 t\u00fcten s\u0131cac\u0131k bir havuza giriyorsunuz. 10 saniye hayal edince v\u00fccut a\u011fr\u0131lar\u0131n\u0131z\u0131n dindi\u011fini hissediyorsunuz. \ud83d\ude04 Afyon&#8217;da termal otel se\u00e7enekleri olduk\u00e7a fazla. Zevkinize ve b\u00fct\u00e7enize g\u00f6re bir se\u00e7enek bulabilirsiniz. Gitmi\u015fken Afyon&#8217;u gezmek isterseniz a\u015fa\u011f\u0131daki listeyi <\/p>\n\n\n\n<p><strong>Afyon Gezilecek Yerler<\/strong><\/p>\n\n\n\n<ul class=\"wp-block-list\">\n<li>Afyonkarahisar Kalesi<\/li>\n\n\n\n<li>Cumhuriyet \u015eehitleri An\u0131t\u0131<\/li>\n\n\n\n<li>Afyon Arkeoloji M\u00fczesi<\/li>\n\n\n\n<li>Zafer M\u00fczesi<\/li>\n\n\n\n<li>Frig Vadisi<\/li>\n<\/ul>\n\n\n\n<p><strong><a href=\"https:\/\/www.turna.com\/otobus-bileti\/afyon\" target=\"_blank\" rel=\"noreferrer noopener\">Afyon otob\u00fcs bileti<\/a><\/strong> alabilir ve Ocak ay\u0131nda \u015fifa bulabilece\u011finiz bir termal tatil yapabilirsiniz.<\/p>\n\n\n\n<h3 class=\"wp-block-heading has-text-align-center has-neeon-button-dark-gray-color has-text-color has-link-color wp-elements-c47119093a17b73e7e70c07497b469db\"><span class=\"ez-toc-section\" id=\"sirince_izmir\"><\/span><strong><strong><strong>\u015eirince, \u0130zmir<\/strong><\/strong><\/strong><span class=\"ez-toc-section-end\"><\/span><\/h3>\n\n\n\n<figure class=\"wp-block-image size-large\"><img decoding=\"async\" src=\"https:\/\/res.cloudinary.com\/turna\/image\/upload\/v1725034915\/wordpress-contents\/sirince.jpg\" alt=\"\"\/><\/figure>\n\n\n\n<p>\u015eirince, ismi gibi \u015firin bir il\u00e7e! \u0130zmir&#8217;in huzur dolu bu tarihi b\u00f6lgesi, eski Rum evleri ve zeytin a\u011fa\u00e7lar\u0131yla \u00e7evrili sokaklar\u0131yla tam bir k\u0131\u015f ka\u00e7ama\u011f\u0131 rotas\u0131. Ocak ay\u0131nda turist kalabal\u0131\u011f\u0131ndan uzak, dingin bir atmosfer bulabiliyorsunuz. \u015e\u00f6mine ba\u015f\u0131nda s\u0131cak \u015farab\u0131n tad\u0131n\u0131 \u00e7\u0131kar\u0131rken, kasaban\u0131n benzersiz dokusunu ke\u015ffetmek b\u00fcy\u00fcleyici bir deneyim!<\/p>\n\n\n\n<p><strong>\u015eirince Gezilecek Yerler&nbsp;<\/strong><\/p>\n\n\n\n<ul class=\"wp-block-list\">\n<li>St. John Baptist Kilisesi<\/li>\n\n\n\n<li>Nesin Matematik K\u00f6y\u00fc<\/li>\n\n\n\n<li>Aziz Dimitrios Kilisesi<\/li>\n\n\n\n<li>Tiyatro Medresesi<\/li>\n\n\n\n<li>Ta\u015f Mektep<\/li>\n<\/ul>\n\n\n\n<p>Bu g\u00fczel il\u00e7eye gitmenin ilk ad\u0131m\u0131 da <a href=\"https:\/\/www.turna.com\/ucak-bileti\/izmir\"><strong>\u0130zmir u\u00e7ak bileti<\/strong><\/a> almak. Gerisini \u015eirince\u2019ye b\u0131rak\u0131n!<\/p>\n\n\n\n<h3 class=\"wp-block-heading has-text-align-center has-neeon-button-dark-gray-color has-text-color has-link-color wp-elements-acf494fba381eeac285142c35ff3fa15\"><span class=\"ez-toc-section\" id=\"ayder_yaylasi_rize\"><\/span><strong><strong><strong>Ayder Yaylas\u0131, Rize<\/strong><\/strong><\/strong><span class=\"ez-toc-section-end\"><\/span><\/h3>\n\n\n\n<figure class=\"wp-block-image size-large\"><img decoding=\"async\" src=\"https:\/\/res.cloudinary.com\/turna\/image\/upload\/v1735805883\/wordpress-contents\/ayder_k%C4%B1%C5%9F.jpg\" alt=\"\"\/><\/figure>\n\n\n\n<p>Ayder, karlarla kapl\u0131 ormanlar\u0131 ve buhar\u0131 t\u00fcm vadiye yay\u0131lan kapl\u0131calar\u0131yla tam bir k\u0131\u015f masal\u0131. Ocak ay\u0131nda Ayder&#8217;de do\u011fa severler i\u00e7in b\u0131rak\u0131lmayacak bir huzur ortam\u0131 mevcut. Burada y\u00fcr\u00fcy\u00fc\u015f rotalar\u0131nda saatler ge\u00e7irip, termal sular\u0131n keyfini \u00e7\u0131karabiliyorsunuz. Y\u0131ld\u0131z dolu bir geceyi ise unutamayacaks\u0131n\u0131z.<\/p>\n\n\n\n<p><strong>Ayder Yaylas\u0131 Gezilecek Yerler<\/strong><\/p>\n\n\n\n<ul class=\"wp-block-list\">\n<li>Palovit \u015eelalesi<\/li>\n\n\n\n<li>F\u0131rt\u0131na Vadisi<\/li>\n\n\n\n<li>Bulut \u015eelalesi<\/li>\n\n\n\n<li>Zilkale<\/li>\n\n\n\n<li>Gelint\u00fcl\u00fc \u015eelalesi<\/li>\n<\/ul>\n\n\n\n<p>Karadeniz\u2019in bu e\u015fsiz yaylas\u0131na gitmek i\u00e7in <a href=\"https:\/\/www.turna.com\/ucak-bileti\/rize-artvin-rzv-havalimani\"><strong>Rize u\u00e7ak bileti<\/strong><\/a> veya <a href=\"https:\/\/www.turna.com\/otobus-bileti\/rize\"><strong>Rize otob\u00fcs bileti<\/strong><\/a> se\u00e7eneklerini inceleyin ve size uygun zamanlara biletinizi al\u0131n.<\/p>\n\n\n\n<h3 class=\"wp-block-heading has-text-align-center has-neeon-button-dark-gray-color has-text-color has-link-color wp-elements-ccb6258c2847b26d1c55b9dcf42c7490\"><span class=\"ez-toc-section\" id=\"kars\"><\/span><strong><strong><strong>Kars<\/strong><\/strong><\/strong><span class=\"ez-toc-section-end\"><\/span><\/h3>\n\n\n\n<figure class=\"wp-block-image size-large\"><img decoding=\"async\" src=\"https:\/\/res.cloudinary.com\/turna\/image\/upload\/v1579287346\/Kars_tldsfv.jpg\" alt=\"\"\/><\/figure>\n\n\n\n<p>Kars, k\u0131\u015f\u0131n so\u011fu\u011fu kadar s\u0131cak insan\u0131yla da dikkat \u00e7ekiyor. Ocak ay\u0131nda bembeyaz karlarla kaplanan \u015fehir, bir masal kitab\u0131ndan f\u0131rlam\u0131\u015f gibi hissettiriyor. Rus mimarisiyle bezenmi\u015f tarihi binalar\u0131 ve Ani Harabeleri\u2019yle sizi zamanda bir yolculu\u011fa \u00e7\u0131kar\u0131yor. Kars\u2019ta hem lezzetli peynirler hem de e\u015fsiz bir tarih sizi bekliyor.<\/p>\n\n\n\n<p><strong>Kars Gezilecek Yerler<\/strong><\/p>\n\n\n\n<ul class=\"wp-block-list\">\n<li>Ani Harabeleri<\/li>\n\n\n\n<li>Kars Kalesi<\/li>\n\n\n\n<li>Kafkas Cephesi Harp Tarihi M\u00fczesi<\/li>\n\n\n\n<li>\u00c7\u0131ld\u0131r G\u00f6l\u00fc<\/li>\n\n\n\n<li>Kars Peynir M\u00fczesi<\/li>\n<\/ul>\n\n\n\n<p>Bu g\u00fczel \u015fehirde gezilecek o kadar \u00e7ok yer var ki listenize mutlaka eklemelisiniz. Hemen <a href=\"https:\/\/www.turna.com\/ucak-bileti\/kars\"><strong>Kars u\u00e7ak bileti<\/strong><\/a> veya <a href=\"https:\/\/www.turna.com\/otobus-bileti\/kars\"><strong>Kars otob\u00fcs bileti<\/strong><\/a> rezervasyonunuzu yap\u0131n ve yola \u00e7\u0131k\u0131n, macera sizi bekliyor!<\/p>\n\n\n\n<h3 class=\"wp-block-heading has-text-align-center has-neeon-button-dark-gray-color has-text-color has-link-color wp-elements-8eff3fb2521c700a98166052838c5f1f\"><span class=\"ez-toc-section\" id=\"banskobulgaristan\"><\/span><strong><strong><strong>Bansko,Bulgaristan<\/strong><\/strong><\/strong><span class=\"ez-toc-section-end\"><\/span><\/h3>\n\n\n\n<figure class=\"wp-block-image size-large\"><img decoding=\"async\" src=\"https:\/\/res.cloudinary.com\/turna\/image\/upload\/v1672948707\/bansko_bulgaristan.jpg\" alt=\"Bansko\/Bulgaristan\"\/><\/figure>\n\n\n\n<p><strong><br>Ocak<\/strong>&nbsp;<strong>ay\u0131nda<\/strong>&nbsp;<strong>yurtd\u0131\u015f\u0131nda nereye gidilir<\/strong> sorusunun cevab\u0131 Bulgaristan Bansko olabilir. Bir ta\u015fla iki ku\u015f vurabilece\u011finiz bu destinasyonda hem seyahat edebilir, \u00fclkeyi ve g\u00f6rmek istedi\u011finiz yerleri ke\u015ffedebilir hem de Bansko&#8217;nun e\u015fsiz pistlerinde kayabilirsiniz. Buran\u0131n olimpik standartlardaki pistleri, konaklama ve yeme\/i\u00e7me fiyatlar\u0131 ile Bansko g\u00f6zde kayak merkezlerinin ba\u015f\u0131nda geliyor. K\u0131\u015f turizmi i\u00e7in ideal iklimi olan Bansko&#8217;da Aral\u0131k ay\u0131ndan May\u0131s sonuna kadar kar sezonu devam ediyor.<\/p>\n\n\n\n<p><strong>Bansko Gezilecek Yerler<\/strong><\/p>\n\n\n\n<ul class=\"wp-block-list\">\n<li>Pirin Ulusal Park\u0131<\/li>\n\n\n\n<li>Trinity Meryem Ana Kilisesi<\/li>\n\n\n\n<li>Vihren Tepesi<\/li>\n<\/ul>\n\n\n\n<p><strong><a href=\"https:\/\/www.turna.com\/ucak-bileti\/bulgaristan\" target=\"_blank\" rel=\"noreferrer noopener\">Bulgaristan u\u00e7ak bileti <\/a><\/strong>ile Ocak ay\u0131nda gidilecek \u00fclkeler listenize tik atabilirsiniz.<\/p>\n\n\n\n<h3 class=\"wp-block-heading has-text-align-center has-neeon-button-dark-gray-color has-text-color has-link-color wp-elements-ee87c213f8a21f653fdbdd11539d9d49\"><span class=\"ez-toc-section\" id=\"seyseller\"><\/span><strong><strong><strong>Sey\u015feller<\/strong><\/strong><\/strong><span class=\"ez-toc-section-end\"><\/span><\/h3>\n\n\n\n<figure class=\"wp-block-image size-large\"><img decoding=\"async\" src=\"https:\/\/res.cloudinary.com\/turna\/image\/upload\/v1672948707\/sey%C5%9Feller.jpg\" alt=\"Sey\u015feller Ocak ay\u0131nda gezilecek yerler\"\/><\/figure>\n\n\n\n<p><strong><br>Ocak<\/strong>&nbsp;<strong>ay\u0131nda<\/strong>&nbsp;<strong>yaz tatili i\u00e7in nereye gidilir<\/strong> sorusuna verilecek o kadar \u00e7ok cevap var ki! Ama birini se\u00e7ecek olsam bu kesinlikle Sey\u015feller olurdu. Tam bir r\u00fcya rota benim i\u00e7in buras\u0131. Buras\u0131 tak\u0131m adalardan olu\u015fuyor. Hem romantik bir tatil vadediyor hem de gezgin ruhunuzu besleyecek harika ke\u015fif noktalar\u0131 ve deneyimler sunuyor. K\u0131\u015f\u0131n montlar\u0131 \u00e7\u0131kar\u0131p mayolara ge\u00e7i\u015f yapt\u0131\u011f\u0131n\u0131z s\u0131cac\u0131k bir yaz tatili i\u00e7in Sey\u015feller r\u00fcyas\u0131na ne dersiniz?<\/p>\n\n\n\n<p><strong>Sey\u015feller Gezilecek Yerler<\/strong><\/p>\n\n\n\n<ul class=\"wp-block-list\">\n<li>Praslin Adas\u0131<\/li>\n\n\n\n<li>La Digue Adas\u0131<\/li>\n\n\n\n<li>National Botanic Garden<\/li>\n\n\n\n<li>Morne Seychellious Ulusal Park\u0131<\/li>\n\n\n\n<li>Anse Lazio Sahili<\/li>\n\n\n\n<li>Ste Anne Marine Ulusal Deniz Park\u0131<\/li>\n\n\n\n<li>Moyenne Adas\u0131<\/li>\n\n\n\n<li>Sunset Beach<\/li>\n<\/ul>\n\n\n\n<p>Ocak ay\u0131nda gidilecek s\u0131cak \u00fclkeler ar\u0131yorsan\u0131z <strong><a href=\"https:\/\/www.turna.com\/ucak-bileti\/seyseller-adalari\" target=\"_blank\" rel=\"noreferrer noopener\">Sey\u015feller u\u00e7ak bileti<\/a><\/strong> alarak tam da arad\u0131\u011f\u0131n\u0131z tatili yapabilirsiniz.<\/p>\n\n\n\n<h3 class=\"wp-block-heading has-text-align-center has-neeon-button-dark-gray-color has-text-color has-link-color wp-elements-fbe8d5d59e6ea1a5dde815e1ed95fb29\"><span class=\"ez-toc-section\" id=\"nagano_japonya\"><\/span><strong><strong><strong>Nagano, Japonya<\/strong><\/strong><\/strong><span class=\"ez-toc-section-end\"><\/span><\/h3>\n\n\n\n<figure class=\"wp-block-image size-large\"><img decoding=\"async\" src=\"https:\/\/res.cloudinary.com\/turna\/image\/upload\/v1735806611\/wordpress-contents\/nagano_monkey.jpg\" alt=\"\"\/><\/figure>\n\n\n\n<p>Japonya\u2019n\u0131n \u00e7arp\u0131c\u0131 do\u011fas\u0131yla \u00f6ne \u00e7\u0131kan Nagano, Ocak ay\u0131nda kayak severlerin bulu\u015fma noktalar\u0131ndan biri oluyor. Bu g\u00fczel \u015fehirde karlarla kapl\u0131 tap\u0131naklar\u0131 ziyaret edebiliyor ya da Jigokudani\u2019de s\u0131cak su kaynaklar\u0131nda y\u00fczen kar maymunlar\u0131n\u0131 izleyebiliyorsunuz. Her y\u0131l binlerce ziyaret\u00e7i bu maymunlar\u0131 g\u00f6rmek i\u00e7in bu \u015fehre geliyor. Burada hem macera hem de huzur bir arada.<\/p>\n\n\n\n<p><strong>Nagano Gezilecek Yerler<\/strong><\/p>\n\n\n\n<ul class=\"wp-block-list\">\n<li>Jigokudani Kar Maymunu Park\u0131<\/li>\n\n\n\n<li>Zenko-ji Tap\u0131na\u011f\u0131<\/li>\n\n\n\n<li>Togakushi-Jinja Tap\u0131na\u011f\u0131<\/li>\n\n\n\n<li>Togakushi Do\u011fa Tarihi M\u00fczesi<\/li>\n\n\n\n<li>Takatsuma Da\u011f\u0131<\/li>\n<\/ul>\n\n\n\n<p><strong><a href=\"https:\/\/www.turna.com\/ucak-bileti\/japonya\">Japonya u\u00e7ak bileti<\/a> <\/strong>alarak tatil planlar\u0131n\u0131z\u0131 yapmaya ba\u015flay\u0131n, Nagano sizi \u00e7a\u011f\u0131r\u0131yor!<\/p>\n\n\n\n<h3 class=\"wp-block-heading has-text-align-center has-neeon-button-dark-gray-color has-text-color has-link-color wp-elements-dbab192a943576f17f31b6d82a106bae\"><span class=\"ez-toc-section\" id=\"oslo_norvec\"><\/span><strong><strong><strong>Oslo, Norve\u00e7<\/strong><\/strong><\/strong><span class=\"ez-toc-section-end\"><\/span><\/h3>\n\n\n\n<figure class=\"wp-block-image size-large\"><img decoding=\"async\" src=\"https:\/\/res.cloudinary.com\/turna\/image\/upload\/v1735806750\/wordpress-contents\/oslo_k%C4%B1%C5%9F.jpg\" alt=\"\"\/><\/figure>\n\n\n\n<p>Oslo, kuzey \u0131\u015f\u0131klar\u0131n\u0131n g\u00f6r\u00fclebilece\u011fi harika yerlerden biri! Ocak ay\u0131nda \u015fehrin \u00fczerinde dans eden auroralar, Oslo&#8217;yu ziyaret etmek i\u00e7in yeterli bir neden. \u015eehrin modern mimarisi, sokaklar\u0131 ve \u00e7evresindeki da\u011flar bir arada, k\u0131\u015f tatilinize benzersiz bir hava kat\u0131yor. E\u011fer siz de Ocak ay\u0131nda ne yap\u0131l\u0131r diye d\u00fc\u015f\u00fcn\u00fcyorsan\u0131z bu \u015fehri mutlaka listenize ekleyin!<\/p>\n\n\n\n<p><strong>Oslo Gezilecek Yerler<\/strong><\/p>\n\n\n\n<ul class=\"wp-block-list\">\n<li>Vigeland Park<\/li>\n\n\n\n<li>Akershus Kalesi<\/li>\n\n\n\n<li>Oslo Opera Binas\u0131<\/li>\n\n\n\n<li>Viking Gemi M\u00fczesi<\/li>\n\n\n\n<li>Oslo Katedrali<\/li>\n<\/ul>\n\n\n\n<p><a href=\"https:\/\/www.turna.com\/ucak-bileti\/oslo\"><strong>Oslo u\u00e7ak bileti<\/strong><\/a> ve valiziniz haz\u0131rsa muhte\u015fem bir tatil sizi bekliyor!<\/p>\n\n\n\n<h3 class=\"wp-block-heading has-text-align-center has-neeon-button-dark-gray-color has-text-color has-link-color wp-elements-9a647137287ac8414ccab1fe92157b98\"><span class=\"ez-toc-section\" id=\"tiflis_gurcistan\"><\/span><strong><strong><strong>Tiflis, G\u00fcrcistan<\/strong><\/strong><\/strong><span class=\"ez-toc-section-end\"><\/span><\/h3>\n\n\n\n<figure class=\"wp-block-image size-large\"><img decoding=\"async\" src=\"https:\/\/res.cloudinary.com\/turna\/image\/upload\/v1713356479\/wordpress-contents\/tiflis.jpg\" alt=\"\"\/><\/figure>\n\n\n\n<p>Tiflis, Ocak ay\u0131nda hafif so\u011fuk ama bir o kadar romantik bir havaya b\u00fcr\u00fcn\u00fcyor. Bu \u015fehirde tarih ve modern ya\u015fam bir arada. Dar ve k\u0131vr\u0131ml\u0131 sokaklar\u0131nda y\u00fcr\u00fcrken, sizi her k\u00f6\u015fede \u015fa\u015f\u0131rtacak g\u00fczellikler ke\u015ffetmeniz m\u00fcmk\u00fcn. \u015eehrin rengarenk binalar\u0131, Kura Nehri boyunca uzanan b\u00fcy\u00fcleyici manzaralar\u0131yla birle\u015fiyor. Geleneksel k\u00fck\u00fcrt hamamlar\u0131nda yorgunlu\u011funuzu atabiliyor, Tiflis&#8217;in s\u0131cac\u0131k kafelerinde yerel tatlar\u0131 deneyimleyebiliyorsunuz. Ocak ay\u0131nda Tiflis\u2019in a\u015f\u0131r\u0131 kalabal\u0131k olmad\u0131\u011f\u0131n\u0131 da ekleyelim!<\/p>\n\n\n\n<p><strong>Tiflis Gezilecek Yerler<\/strong><\/p>\n\n\n\n<ul class=\"wp-block-list\">\n<li>\u00d6zg\u00fcrl\u00fck Meydan\u0131<\/li>\n\n\n\n<li>Bar\u0131\u015f K\u00f6pr\u00fcs\u00fc<\/li>\n\n\n\n<li>Sameba Katedrali<\/li>\n\n\n\n<li>G\u00fcrcistan Tarihi Kronoloji Abidesi<\/li>\n\n\n\n<li>Metehi Kilisesi<\/li>\n<\/ul>\n\n\n\n<p>Bu muhte\u015fem atmosferdeki ba\u015fkenti gezmek i\u00e7in vakit kaybetmeden <a href=\"https:\/\/www.turna.com\/ucak-bileti\/tiflis\"><strong>Tiflis u\u00e7ak bileti<\/strong><\/a> se\u00e7eneklerini inceleyin ve gezi plan\u0131n\u0131z\u0131 yapmaya ba\u015flay\u0131n.<\/p>\n\n\n\n<h3 class=\"wp-block-heading has-text-align-center has-neeon-button-dark-gray-color has-text-color has-link-color wp-elements-60bd296edd4c4e59c68e7d92487e5a11\"><span class=\"ez-toc-section\" id=\"rio_de_janeiro_brezilya\"><\/span><strong><strong><strong>Rio de Janeiro, Brezilya<\/strong><\/strong><\/strong><span class=\"ez-toc-section-end\"><\/span><\/h3>\n\n\n\n<figure class=\"wp-block-image size-large\"><img width=\"800\" height=\"500\" data-public-id=\"rioblog3\/rioblog3.jpg\" decoding=\"async\" src=\"https:\/\/res.cloudinary.com\/turna\/images\/w_800,h_500,c_scale\/f_auto,q_auto:low\/v1603954924\/rioblog3\/rioblog3.jpg?_i=AA\" alt=\"\" class=\"wp-post-21492 wp-image-17635\" data-format=\"jpg\" data-transformations=\"f_auto,q_auto:low\" data-version=\"1603954924\" data-seo=\"1\" srcset=\"https:\/\/res.cloudinary.com\/turna\/images\/f_auto,q_auto:low\/v1603954924\/rioblog3\/rioblog3.jpg?_i=AA 800w, https:\/\/res.cloudinary.com\/turna\/images\/w_300,h_188,c_scale\/f_auto,q_auto:low\/v1603954924\/rioblog3\/rioblog3.jpg?_i=AA 300w, https:\/\/res.cloudinary.com\/turna\/images\/w_672,h_420,c_scale\/f_auto,q_auto:low\/v1603954924\/rioblog3\/rioblog3.jpg?_i=AA 672w, https:\/\/res.cloudinary.com\/turna\/images\/w_640,h_400,c_scale\/f_auto,q_auto:low\/v1603954924\/rioblog3\/rioblog3.jpg?_i=AA 640w, https:\/\/res.cloudinary.com\/turna\/images\/w_681,h_426,c_scale\/f_auto,q_auto:low\/v1603954924\/rioblog3\/rioblog3.jpg?_i=AA 681w\" sizes=\"(max-width: 800px) 100vw, 800px\" \/><\/figure>\n\n\n\n<p>K\u0131\u015f aylar\u0131nda yaz\u0131 ya\u015famak isteyenler i\u00e7in Rio, Ocak ay\u0131nda enerji dolu bir rota! S\u0131cac\u0131k havas\u0131, hareketli sokak festivalleri ve rengarenk k\u00fclt\u00fcrel etkinlikleriyle burada her an\u0131n\u0131z keyif dolu ge\u00e7ecek. \u0130konik plajlar\u0131, dans dolu sokaklar\u0131 ve egzotik do\u011fas\u0131yla Rio, tam anlam\u0131yla bir ya\u015fam tarz\u0131. \u0130ster Copacabana&#8217;n\u0131n alt\u0131n sar\u0131s\u0131 kumsallar\u0131nda g\u00fcne\u015flenin, ister Tijuca Ormanlar\u0131&#8217;n\u0131n ye\u015fil huzurunda kaybolun. Karnaval ruhunun y\u0131l boyunca hissedildi\u011fi bu \u015fehir, k\u0131\u015f aylar\u0131nda unutulmaz bir tatil arayanlar i\u00e7in ideal bir yer.<\/p>\n\n\n\n<p><strong>Rio de Janeiro Gezilecek Yerler<\/strong><\/p>\n\n\n\n<ul class=\"wp-block-list\">\n<li>Kurtar\u0131c\u0131 \u0130sa Heykeli<\/li>\n\n\n\n<li>Escadaria Selaron<\/li>\n\n\n\n<li>Lage Park\u0131<\/li>\n\n\n\n<li>Copacabana Plaj\u0131<\/li>\n\n\n\n<li>Tijuca Orman\u0131<\/li>\n<\/ul>\n\n\n\n<p>Ocak ay\u0131nda s\u0131ms\u0131cak bir tatil i\u00e7in tek ihtiyac\u0131n bir <a href=\"https:\/\/www.turna.com\/ucak-bileti\/rio-de-janeiro\"><strong>Rio De Janeiro<\/strong><\/a> u\u00e7ak bileti!<\/p>\n\n    <div class=\"xs_social_share_widget xs_share_url after_content \t\tmain_content  wslu-style-1 wslu-share-box-shaped wslu-fill-colored wslu-none wslu-share-horizontal wslu-theme-font-no wslu-main_content\">\n\n\t\t\n        <ul>\n\t\t\t        <\/ul>\n    <\/div> \n","protected":false},"excerpt":{"rendered":"<p>Yeni y\u0131l\u0131n ba\u015flang\u0131c\u0131 Ocak ay\u0131 k\u0131\u015f\u0131 \u00f6zleyenlerin hasreti dindirmeye, kar ve kayak sevdal\u0131lar\u0131n\u0131n y\u00fcz\u00fcn\u00fc g\u00fcl\u00fcmsetmeye geldi. T\u00fcm y\u0131l\u0131 kayak tak\u0131mlar\u0131n\u0131 al\u0131p da\u011flara \u00e7\u0131kmak i\u00e7in bekleyenler oldu\u011funu biliyorum. T\u00fcrkiye&#8217;nin en g\u00fczel kayak merkezleri Ocak ay\u0131nda gezilecek yerler listemizin elbette olmazsa olmaz\u0131. Ben sakinlik severim diyenleri de unutmad\u0131m elbette. \u015e\u00f6yle k\u0131\u015f manzaralar\u0131 e\u015fli\u011finde kafa dinleyebilece\u011finiz rotalar, ters k\u00f6\u015fe yapmay\u0131 sevenler i\u00e7in s\u0131cac\u0131k destinasyonlar sizi bekler.<\/p>\n","protected":false},"author":34,"featured_media":21493,"comment_status":"open","ping_status":"open","sticky":false,"template":"","format":"standard","meta":{"rop_custom_images_group":[],"rop_custom_messages_group":[],"rop_publish_now":"initial","rop_publish_now_accounts":[],"rop_publish_now_history":[],"rop_publish_now_status":"pending","_cloudinary_featured_overwrite":false,"footnotes":""},"categories":[84,1],"tags":[929,131,347,394,505,204,2561,865],"class_list":["post-21492","post","type-post","status-publish","format-standard","has-post-thumbnail","hentry","category-turkiye","category-seyahat-rehberi","tag-afyonkarahisar","tag-bulgaristan","tag-bursa","tag-erzurum","tag-eskisehir","tag-istanbul","tag-kocaeli","tag-seyseller"],"_links":{"self":[{"href":"https:\/\/www.turna.com\/blog\/wp-json\/wp\/v2\/posts\/21492","targetHints":{"allow":["GET"]}}],"collection":[{"href":"https:\/\/www.turna.com\/blog\/wp-json\/wp\/v2\/posts"}],"about":[{"href":"https:\/\/www.turna.com\/blog\/wp-json\/wp\/v2\/types\/post"}],"author":[{"embeddable":true,"href":"https:\/\/www.turna.com\/blog\/wp-json\/wp\/v2\/users\/34"}],"replies":[{"embeddable":true,"href":"https:\/\/www.turna.com\/blog\/wp-json\/wp\/v2\/comments?post=21492"}],"version-history":[{"count":0,"href":"https:\/\/www.turna.com\/blog\/wp-json\/wp\/v2\/posts\/21492\/revisions"}],"wp:featuredmedia":[{"embeddable":true,"href":"https:\/\/www.turna.com\/blog\/wp-json\/wp\/v2\/media\/21493"}],"wp:attachment":[{"href":"https:\/\/www.turna.com\/blog\/wp-json\/wp\/v2\/media?parent=21492"}],"wp:term":[{"taxonomy":"category","embeddable":true,"href":"https:\/\/www.turna.com\/blog\/wp-json\/wp\/v2\/categories?post=21492"},{"taxonomy":"post_tag","embeddable":true,"href":"https:\/\/www.turna.com\/blog\/wp-json\/wp\/v2\/tags?post=21492"}],"curies":[{"name":"wp","href":"https:\/\/api.w.org\/{rel}","templated":true}]}}