{"id":21488,"date":"2023-01-03T19:08:24","date_gmt":"2023-01-03T16:08:24","guid":{"rendered":"https:\/\/www.turna.com\/blog\/?p=21488"},"modified":"2025-12-09T09:09:58","modified_gmt":"2025-12-09T06:09:58","slug":"dunyada-ocak-ayi-festivalleri","status":"publish","type":"post","link":"https:\/\/www.turna.com\/blog\/dunyada-ocak-ayi-festivalleri","title":{"rendered":"D\u00fcnyada Ocak Ay\u0131 Festivalleri"},"content":{"rendered":"<div id=\"ez-toc-container\" class=\"ez-toc-v2_0_82_2 counter-hierarchy ez-toc-counter ez-toc-black ez-toc-container-direction\">\n<div class=\"ez-toc-title-container\">\n<p class=\"ez-toc-title\" style=\"cursor:inherit\">\u0130\u00e7indekiler<\/p>\n<span class=\"ez-toc-title-toggle\"><a href=\"#\" class=\"ez-toc-pull-right ez-toc-btn ez-toc-btn-xs ez-toc-btn-default ez-toc-toggle\" aria-label=\"\u0130\u00e7indekiler Tablosunu A\u00e7\/Kapat\"><span class=\"ez-toc-js-icon-con\"><span class=\"\"><span class=\"eztoc-hide\" style=\"display:none;\">Toggle<\/span><span class=\"ez-toc-icon-toggle-span\"><svg style=\"fill: #ffffff;color:#ffffff\" xmlns=\"http:\/\/www.w3.org\/2000\/svg\" class=\"list-377408\" width=\"20px\" height=\"20px\" viewBox=\"0 0 24 24\" fill=\"none\"><path d=\"M6 6H4v2h2V6zm14 0H8v2h12V6zM4 11h2v2H4v-2zm16 0H8v2h12v-2zM4 16h2v2H4v-2zm16 0H8v2h12v-2z\" fill=\"currentColor\"><\/path><\/svg><svg style=\"fill: #ffffff;color:#ffffff\" class=\"arrow-unsorted-368013\" xmlns=\"http:\/\/www.w3.org\/2000\/svg\" width=\"10px\" height=\"10px\" viewBox=\"0 0 24 24\" version=\"1.2\" baseProfile=\"tiny\"><path d=\"M18.2 9.3l-6.2-6.3-6.2 6.3c-.2.2-.3.4-.3.7s.1.5.3.7c.2.2.4.3.7.3h11c.3 0 .5-.1.7-.3.2-.2.3-.5.3-.7s-.1-.5-.3-.7zM5.8 14.7l6.2 6.3 6.2-6.3c.2-.2.3-.5.3-.7s-.1-.5-.3-.7c-.2-.2-.4-.3-.7-.3h-11c-.3 0-.5.1-.7.3-.2.2-.3.5-.3.7s.1.5.3.7z\"\/><\/svg><\/span><\/span><\/span><\/a><\/span><\/div>\n<nav><ul class='ez-toc-list ez-toc-list-level-1 eztoc-toggle-hide-by-default' ><li class='ez-toc-page-1 ez-toc-heading-level-2'><a class=\"ez-toc-link ez-toc-heading-1\" href=\"https:\/\/www.turna.com\/blog\/dunyada-ocak-ayi-festivalleri\/#dunyada_ocak_ayi_festivalleri\" >D\u00fcnyada Ocak Ay\u0131 Festivalleri<\/a><ul class='ez-toc-list-level-3' ><li class='ez-toc-heading-level-3'><a class=\"ez-toc-link ez-toc-heading-2\" href=\"https:\/\/www.turna.com\/blog\/dunyada-ocak-ayi-festivalleri\/#yamayaki_festivali\" >Yamayaki Festivali<\/a><\/li><li class='ez-toc-page-1 ez-toc-heading-level-3'><a class=\"ez-toc-link ez-toc-heading-3\" href=\"https:\/\/www.turna.com\/blog\/dunyada-ocak-ayi-festivalleri\/#viking_ates_festivali\" >Viking Ate\u015f Festivali<\/a><\/li><li class='ez-toc-page-1 ez-toc-heading-level-3'><a class=\"ez-toc-link ez-toc-heading-4\" href=\"https:\/\/www.turna.com\/blog\/dunyada-ocak-ayi-festivalleri\/#ati_atihan_festivali\" >Ati Atihan Festivali<\/a><\/li><li class='ez-toc-page-1 ez-toc-heading-level-3'><a class=\"ez-toc-link ez-toc-heading-5\" href=\"https:\/\/www.turna.com\/blog\/dunyada-ocak-ayi-festivalleri\/#jaipur_ucurtma_festivali\" >Jaipur U\u00e7urtma Festivali<\/a><\/li><li class='ez-toc-page-1 ez-toc-heading-level-3'><a class=\"ez-toc-link ez-toc-heading-6\" href=\"https:\/\/www.turna.com\/blog\/dunyada-ocak-ayi-festivalleri\/#harbin_buz_ve_kar_heykel_festivali\" >Harbin Buz Ve Kar Heykel Festivali<\/a><\/li><li class='ez-toc-page-1 ez-toc-heading-level-3'><a class=\"ez-toc-link ez-toc-heading-7\" href=\"https:\/\/www.turna.com\/blog\/dunyada-ocak-ayi-festivalleri\/#cin_yeni_yili\" >\u00c7in Yeni Y\u0131l\u0131<\/a><\/li><\/ul><\/li><\/ul><\/nav><\/div>\n\n<p><strong><a href=\"https:\/\/www.turna.com\/blog\/turkiyede-ocak-ayi-festivalleri\" target=\"_blank\" rel=\"noreferrer noopener\">T\u00fcrkiye&#8217;de Ocak ay\u0131 festivalleri <\/a><\/strong>yaz\u0131mdan sonra biraz da d\u00fcnyaya a\u00e7\u0131lal\u0131m diyorum. Bakal\u0131m yeni y\u0131l\u0131n bu ilk ay\u0131nda d\u00fcnyada neler oluyor, kimler neleri kutluyor? Farkl\u0131 inan\u0131\u015flara, de\u011fi\u015fik k\u00fclt\u00fcrlere tan\u0131kl\u0131k edece\u011finiz, e\u011flenceli anlar ya\u015fay\u0131p, yeni insanlarla tan\u0131\u015farak sosyalle\u015fece\u011finiz <strong>d\u00fcnyada Ocak ay\u0131 festivalleri<\/strong> sizi bekliyor.<\/p>\n\n\n\n<h2 class=\"wp-block-heading has-text-align-center has-neeon-button-dark-gray-color has-text-color has-link-color wp-elements-fcb0f02db439d605ee6022863a746c15\"><span class=\"ez-toc-section\" id=\"dunyada_ocak_ayi_festivalleri\"><\/span><strong><strong><strong><strong>D\u00fcnyada Ocak Ay\u0131 Festivalleri<\/strong><\/strong><\/strong><\/strong><span class=\"ez-toc-section-end\"><\/span><\/h2>\n\n\n\n<figure class=\"wp-block-image size-large\"><img width=\"800\" height=\"500\" decoding=\"async\" src=\"data:image\/svg+xml;base64,PHN2ZyB4bWxucz0iaHR0cDovL3d3dy53My5vcmcvMjAwMC9zdmciIHdpZHRoPSI4MDAiIGhlaWdodD0iNTAwIj48cmVjdCB3aWR0aD0iMTAwJSIgaGVpZ2h0PSIxMDAlIj48YW5pbWF0ZSBhdHRyaWJ1dGVOYW1lPSJmaWxsIiB2YWx1ZXM9InJnYmEoMTUzLDE1MywxNTMsMC41KTtyZ2JhKDE1MywxNTMsMTUzLDAuMSk7cmdiYSgxNTMsMTUzLDE1MywwLjUpIiBkdXI9IjJzIiByZXBlYXRDb3VudD0iaW5kZWZpbml0ZSIgLz48L3JlY3Q+PC9zdmc+\" alt=\"D\u00fcnyada Ocak Ay\u0131 Festivalleri\" data-public-id=\"d\u00fcnyada_ocak_ay\u0131_festivalleri\/d\u00fcnyada_ocak_ay\u0131_festivalleri.jpg\" class=\"wp-post-21488 wp-image-21489\" data-format=\"jpg\" data-transformations=\"f_auto,q_auto:low\" data-version=\"1672759951\" data-seo=\"1\" data-size=\"800 500\" data-srcset=\"https:\/\/res.cloudinary.com\/turna\/images\/f_auto,q_auto:low\/v1672759951\/d\u00fcnyada_ocak_ay\u0131_festivalleri\/d\u00fcnyada_ocak_ay\u0131_festivalleri.jpg?_i=AA 800w, https:\/\/res.cloudinary.com\/turna\/images\/w_300,h_188,c_scale\/f_auto,q_auto:low\/v1672759951\/d\u00fcnyada_ocak_ay\u0131_festivalleri\/d\u00fcnyada_ocak_ay\u0131_festivalleri.jpg?_i=AA 300w, https:\/\/res.cloudinary.com\/turna\/images\/w_672,h_420,c_scale\/f_auto,q_auto:low\/v1672759951\/d\u00fcnyada_ocak_ay\u0131_festivalleri\/d\u00fcnyada_ocak_ay\u0131_festivalleri.jpg?_i=AA 672w, https:\/\/res.cloudinary.com\/turna\/images\/w_640,h_400,c_scale\/f_auto,q_auto:low\/v1672759951\/d\u00fcnyada_ocak_ay\u0131_festivalleri\/d\u00fcnyada_ocak_ay\u0131_festivalleri.jpg?_i=AA 640w, https:\/\/res.cloudinary.com\/turna\/images\/w_681,h_426,c_scale\/f_auto,q_auto:low\/v1672759951\/d\u00fcnyada_ocak_ay\u0131_festivalleri\/d\u00fcnyada_ocak_ay\u0131_festivalleri.jpg?_i=AA 681w\" data-sizes=\"(max-width: 800px) 100vw, 800px\" data-delivery=\"upload\" onload=\";window.CLDBind?CLDBind(this):null;\" data-cloudinary=\"lazy\" \/><\/figure>\n\n\n\n<p>Festivaller, karnavallar, \u015fenlikler ba\u015fl\u0131 ba\u015f\u0131na bir deneyim de\u011fil mi sizce de? D\u00fcnyada u\u011fruna seyahat edilecek ba\u015fl\u0131ca nedenlerden biri bence. Yar\u0131nlar yokmu\u015f\u00e7as\u0131na bir e\u011flence anlay\u0131\u015f\u0131yla renklerin, m\u00fczi\u011fin, farkl\u0131l\u0131kta \u00e7\u0131\u011f\u0131r a\u00e7an kost\u00fcmlerin oldu\u011fu bu festivaller ba\u015f d\u00f6nd\u00fcren cinsten. <\/p>\n\n\n\n<p><strong>D\u00fcnyada Ocak Ay\u0131 Festivalleri<\/strong><\/p>\n\n\n\n<ul class=\"wp-block-list\">\n<li>Quebec K\u0131\u015f Karnaval\u0131<\/li>\n\n\n\n<li>Yamayaki Festivali<\/li>\n\n\n\n<li>Viking Ate\u015f Festivali<\/li>\n\n\n\n<li>Ati Atihan Festivali<\/li>\n\n\n\n<li>Jaipur U\u00e7urtma Festivali<\/li>\n\n\n\n<li>Harbin Buz Ve Kar Heykel Festivali<\/li>\n\n\n\n<li>\u00c7in Yeni Y\u0131l\u0131<\/li>\n<\/ul>\n\n\n\n<h3 class=\"wp-block-heading has-text-align-center has-neeon-button-dark-gray-color has-text-color has-link-color wp-elements-408709af34ab29830c57a409e34db70e\"><span class=\"ez-toc-section\" id=\"yamayaki_festivali\"><\/span><strong><strong><strong><strong>Yamayaki Festivali<\/strong><\/strong><\/strong><\/strong><span class=\"ez-toc-section-end\"><\/span><\/h3>\n\n\n\n<figure class=\"wp-block-image size-large\"><img decoding=\"async\" src=\"https:\/\/res.cloudinary.com\/turna\/image\/upload\/v1672759952\/yamayaki_festivali.jpg\" alt=\"Yamayaki Festivali\"\/><\/figure>\n\n\n\n<p id=\"tw-target-text\">250 y\u0131l\u0131 a\u015fk\u0131n bir s\u00fcre \u00f6nce insanlar, da\u011f\u0131n yanmas\u0131n\u0131 izlemek i\u00e7in Ocak ay\u0131n\u0131n d\u00f6rd\u00fcnc\u00fc Cumartesi g\u00fcn\u00fc Nara&#8217;daki Wakakusa Da\u011f\u0131&#8217;n\u0131n ete\u011finde toplanm\u0131\u015f. &#8220;Da\u011f yakma&#8221; anlam\u0131na gelen Yamayaki festivalinin k\u00f6kleri Todai-ji ve Kofuku-ji tap\u0131naklar\u0131 aras\u0131ndaki 1760 y\u0131l\u0131na kadar uzanan bir \u00e7at\u0131\u015fmaya dayan\u0131yor. Her ne kadar bir \u00e7at\u0131\u015fma olarak ba\u015flasa da sayg\u0131 duyulan bir gelene\u011fe d\u00f6n\u00fc\u015fm\u00fc\u015f.<\/p>\n\n\n\n<p id=\"tw-target-text\">E\u015fsiz g\u00fczellikteki Nara \u015fehri, o zamandan beri bu gelene\u011fe ev sahipli\u011fi yap\u0131yor. Japonya&#8217;n\u0131n en \u00fcnl\u00fc yang\u0131n festivaline kat\u0131lmak Ocak ay\u0131n\u0131n en enteresan deneyimlerinden biri olabilir. Y\u00fckselen alevler ve havai fi\u015feklerle dolu g\u00f6r\u00fcnt\u00fcler haf\u0131zalar\u0131n\u0131za kaz\u0131nacak. Bu ilgin\u00e7 tecr\u00fcbe i\u00e7in <strong><a href=\"https:\/\/www.turna.com\/ucak-bileti\/japonya\" target=\"_blank\" rel=\"noreferrer noopener\">Japonya u\u00e7ak bileti <\/a><\/strong>almak isterseniz web sitemizi ziyaret edin.<\/p>\n\n\n\n<p><strong>Festival Tarihi: <\/strong>28 Ocak 2023<\/p>\n\n\n\n<h3 class=\"wp-block-heading has-text-align-center has-neeon-button-dark-gray-color has-text-color has-link-color wp-elements-cb8e5fb1f52c8a8686b9b303f5df2a5a\"><span class=\"ez-toc-section\" id=\"viking_ates_festivali\"><\/span><strong><strong><strong><strong>Viking Ate\u015f Festivali<\/strong><\/strong><\/strong><\/strong><span class=\"ez-toc-section-end\"><\/span><\/h3>\n\n\n\n<figure class=\"wp-block-image size-large\"><img decoding=\"async\" src=\"https:\/\/res.cloudinary.com\/turna\/image\/upload\/v1672759952\/viking_ate%C5%9F_festivali.jpg\" alt=\"Viking Ate\u015f Festivali\"\/><\/figure>\n\n\n\n<p>Yine bir ate\u015f festivali var s\u0131rada. Bu defa \u0130sko\u00e7ya&#8217;ya gidiyoruz. Bu festival \u201cUp-Helly-Aa\u201d olarak adland\u0131r\u0131l\u0131yor. Her y\u0131l Ocak ay\u0131n\u0131n son Sal\u0131 g\u00fcn\u00fcnde \u0130sko\u00e7ya\u2019n\u0131n en kuzeyindeki <strong><a href=\"https:\/\/goo.gl\/maps\/pXpqBR782Z74ztmQ7\" target=\"_blank\" rel=\"noreferrer noopener\">Shetland <\/a><\/strong>Adalar\u0131&#8217;nda bulunan Lerwick \u015fehrinde yap\u0131l\u0131yor. Vikinglerin 1000 y\u0131l \u00f6nce adaya geli\u015fini kutluyorlar. Ana karakter olan Guizer Jarl&#8217;\u0131n elinde baltas\u0131 ve kafas\u0131ndaki boynuzlu mi\u011fferi ile \u00f6nderli\u011finde, festivale kat\u0131lan \u0130sko\u00e7yal\u0131 erkekler, t\u00fcm gece boyunca ellerinde me\u015falelerle, Viking atalar\u0131na sayg\u0131lar\u0131n\u0131 sunuyorlar. Adeta bir turizm etkinli\u011fine d\u00f6n\u00fc\u015fen festival eminim unutulmazlar\u0131n\u0131z aras\u0131na girecek. <\/p>\n\n\n\n<p><strong>Festival Tarihi:<\/strong> 31 Ocak 2023<\/p>\n\n\n\n<h3 class=\"wp-block-heading has-text-align-center has-neeon-button-dark-gray-color has-text-color has-link-color wp-elements-4b856d527609f8509e9e6476036d039b\"><span class=\"ez-toc-section\" id=\"ati_atihan_festivali\"><\/span><strong><strong><strong><strong>Ati Atihan Festivali<\/strong><\/strong><\/strong><\/strong><span class=\"ez-toc-section-end\"><\/span><\/h3>\n\n\n\n<figure class=\"wp-block-image size-large\"><img decoding=\"async\" src=\"https:\/\/res.cloudinary.com\/turna\/image\/upload\/v1672759952\/ati_atihan_festivali.jpg\" alt=\"Ati Atihan Festivali\"\/><\/figure>\n\n\n\n<p>D\u00fcnyan\u0131n en eski festivallerinden birini kutlamak i\u00e7in Filipinler&#8217;e gitmeye ne dersiniz? Ati Atihan 800 y\u0131ld\u0131r yap\u0131lan bir festival. Sokak partileri, ge\u00e7it t\u00f6renleri, \u015fark\u0131lar, danslar, ilgin\u00e7 makyajl\u0131 ve kost\u00fcml\u00fc insanlar festivalin olmazsa olmazlar\u0131. Panay Adas\u0131, Aklan&#8217;da Kutsal Bebek \u0130sa ve Santo Ni\u00f1o&#8217;nun onuruna d\u00fczenleniyor Ati Atihan.<\/p>\n\n\n\n<p>En b\u00fcy\u00fck kutlama Ocak ay\u0131n\u0131n \u00fc\u00e7\u00fcnc\u00fc Pazar g\u00fcn\u00fc Kalibo kasabas\u0131nda yap\u0131l\u0131yor. Santo Nino fig\u00fcr\u00fc Kalibo Katedrali&#8217;nden bir a\u00e7\u0131k hava ayininin d\u00fczenlendi\u011fi yak\u0131ndaki Pastrana Park\u0131&#8217;na ta\u015f\u0131n\u0131yor. \u00d6\u011fleden sonra ge\u00e7 saatlerde \u015fehrin merkezinde davul sesleri kulaklar\u0131n\u0131z\u0131 doldururken, abart\u0131l\u0131 kost\u00fcmler giymi\u015f ve boyaya bulanm\u0131\u015f kabile gruplar\u0131n\u0131n yer ald\u0131\u011f\u0131 b\u00fcy\u00fck bir ge\u00e7it t\u00f6reniyle sona eriyor. <strong><a href=\"https:\/\/www.turna.com\/ucak-bileti\/filipinler\" target=\"_blank\" rel=\"noreferrer noopener\">Filipinler u\u00e7ak bileti<\/a><\/strong> fiyatlar\u0131n\u0131 web sitemizden inceleyin.<\/p>\n\n\n\n<p><strong>Festival Tarihi:<\/strong> 11-17 Ocak 2023<\/p>\n\n\n\n<h3 class=\"wp-block-heading has-text-align-center has-neeon-button-dark-gray-color has-text-color has-link-color wp-elements-73af455ee0de507d9f6a7d8f9546237d\"><span class=\"ez-toc-section\" id=\"jaipur_ucurtma_festivali\"><\/span><strong><strong><strong><strong>Jaipur U\u00e7urtma Festivali<\/strong><\/strong><\/strong><\/strong><span class=\"ez-toc-section-end\"><\/span><\/h3>\n\n\n\n<figure class=\"wp-block-image size-large\"><img decoding=\"async\" src=\"https:\/\/res.cloudinary.com\/turna\/image\/upload\/v1672759952\/jaipur_u%C3%A7urtma_festivali.jpg\" alt=\"Jaipur U\u00e7urtma Festivali d\u00fcnyadaki Ocak ay\u0131 festivalleri\"\/><\/figure>\n\n\n\n<p id=\"tw-target-text\">D\u00fcnyada Ocak ay\u0131 festivalleri listemize rengarenk g\u00f6r\u00fcnt\u00fclerle devam edelim. Hindistan&#8217;a uzanal\u0131m ve g\u00f6ky\u00fcz\u00fcnde s\u00fcz\u00fclen birbirinden renkli u\u00e7urtmalarla i\u00e7imizdeki \u00e7ocu\u011fu uyand\u0131ral\u0131m. Jaipur U\u00e7urtma Festivali, Rajasthan&#8217;daki en \u00e7ok kat\u0131l\u0131m olan festivallerden biri. Bu festival her y\u0131l Ocak ay\u0131nda Makar Sankranti g\u00fcn\u00fcnde yap\u0131l\u0131yor. Bu festival \u00fclkenin uzak k\u00f6\u015felerinden u\u00e7urtma u\u00e7uranlar\u0131 \u00e7ekecek kadar pop\u00fcler.<\/p>\n\n\n\n<p id=\"tw-target-text\">Mavi g\u00f6ky\u00fcz\u00fcne tezat sar\u0131, k\u0131rm\u0131z\u0131, ye\u015fil, pembe ve turuncunun her tonundan u\u00e7urtmalar g\u00f6z kama\u015ft\u0131r\u0131yor. Her ya\u015ftan insan, sabahtan geceye kadar u\u00e7urtma u\u00e7uruyor. Festivalde yar\u0131\u015fmalar, \u00f6zel performanslar, \u0131\u015f\u0131kland\u0131r\u0131lm\u0131\u015f u\u00e7urtmalarla \u015fovlar yap\u0131l\u0131yor. Ayr\u0131ca yiyecek tezgahlar\u0131nda y\u00f6resel tatlar\u0131 deneyebilir, muhte\u015fem bir g\u00fcn ge\u00e7irebilirsiniz. <strong><a href=\"https:\/\/www.turna.com\/ucak-bileti\/hindistan\" target=\"_blank\" rel=\"noreferrer noopener\">Hindistan u\u00e7ak bileti<\/a><\/strong> se\u00e7eneklerine g\u00f6z atmay\u0131 unutmay\u0131n.<\/p>\n\n\n\n<p><strong>Festival Tarihi:<\/strong> 14 Ocak 2023<\/p>\n\n\n\n<h3 class=\"wp-block-heading has-text-align-center has-neeon-button-dark-gray-color has-text-color has-link-color wp-elements-e5357af6b7e9c9e292f1d3374aaa0132\"><span class=\"ez-toc-section\" id=\"harbin_buz_ve_kar_heykel_festivali\"><\/span><strong><strong><strong><strong>Harbin Buz Ve Kar Heykel Festivali<\/strong><\/strong><\/strong><\/strong><span class=\"ez-toc-section-end\"><\/span><\/h3>\n\n\n\n<figure class=\"wp-block-image size-large\"><img decoding=\"async\" src=\"https:\/\/res.cloudinary.com\/turna\/image\/upload\/v1672759952\/harbin_buz_ve_kar_lezzet_festivali.jpg\" alt=\"Harbin Buz Ve Kar Heykel Festivali\"\/><\/figure>\n\n\n\n<p>E madem Ocak ay\u0131nday\u0131z, madem k\u0131\u015f mevsimindeyiz hakk\u0131n\u0131 verelim de\u011fil mi? \u00c7in\u2019in kuzeydo\u011fusundaki Harbin \u015fehrinde her y\u0131l d\u00fcnyan\u0131n en b\u00fcy\u00fck festivallerinden biri yap\u0131l\u0131yor ve adeta buzdan bir d\u00fcnya yarat\u0131yorlar. Binlerce sanat\u00e7\u0131 ve i\u015f\u00e7i -40 derecelerde \u00e7al\u0131\u015farak buzdan heykeller yap\u0131yorlar.<\/p>\n\n\n\n<p>Bu festival nas\u0131l ortaya \u00e7\u0131km\u0131\u015f derseniz eskiden bal\u0131k\u00e7\u0131lar yakt\u0131klar\u0131 mumlar kolay s\u00f6nmesin diye buzlar\u0131n i\u00e7ini oyarak mumlar\u0131 buraya yerle\u015ftirirlermi\u015f. Bu olay zamanla bir sanat haline gelmi\u015f, kar ve buzdan b\u00fcy\u00fck ve farkl\u0131 eserler yapmaya ba\u015flam\u0131\u015flar. !963&#8217;te ise ilk festival yap\u0131lm\u0131\u015f. Sevmeyene bile k\u0131\u015f\u0131 sevdirecek bu harika festival i\u00e7in tek yapman\u0131z gereken <strong><a href=\"https:\/\/www.turna.com\/ucak-bileti\/cin\" target=\"_blank\" rel=\"noreferrer noopener\">\u00c7in u\u00e7ak bileti <\/a><\/strong>almak.<\/p>\n\n\n\n<p><strong>Festival Tarihi:<\/strong> 23 Aral\u0131k-28 \u015eubat 2023<\/p>\n\n\n\n<h3 class=\"wp-block-heading has-text-align-center has-neeon-button-dark-gray-color has-text-color has-link-color wp-elements-d9adb398ab6c3609409f58fa2bea2e0a\"><span class=\"ez-toc-section\" id=\"cin_yeni_yili\"><\/span><strong><strong><strong><strong>\u00c7in Yeni Y\u0131l\u0131<\/strong><\/strong><\/strong><\/strong><span class=\"ez-toc-section-end\"><\/span><\/h3>\n\n\n\n<figure class=\"wp-block-image size-large\"><img decoding=\"async\" src=\"https:\/\/res.cloudinary.com\/turna\/image\/upload\/v1672759953\/%C3%A7in_yeni_y%C4%B1l%C4%B1.jpg\" alt=\"\u00c7in Yeni Y\u0131l\u0131 D\u00fcnyadaki Ocak ay\u0131 festivalleri\"\/><\/figure>\n\n\n\n<p>\u00c7in astrolojisinde ay takvimine g\u00f6re kutlan\u0131yor yeni y\u0131l. Buna g\u00f6re ise bu y\u0131l \u00c7in yeni y\u0131l\u0131 22 Ocak 2023\u2019te ba\u015flay\u0131p 24 \u015eubat 2024\u2019te sona eriyor. \u00c7in yeni y\u0131l\u0131na s\u0131ras\u0131yla 12 farkl\u0131 hayvandan birinin ad\u0131 veriliyor. Her y\u0131l\u0131n kendine has \u00f6zellikleri oldu\u011funa inan\u0131l\u0131yor. Bu y\u0131llarda do\u011fan ki\u015filerin bu karakteristik \u00f6zellikleri ta\u015f\u0131d\u0131klar\u0131 d\u00fc\u015f\u00fcn\u00fcl\u00fcyor.&nbsp;Ay takviminde bu y\u0131l s\u0131ra Tav\u015fan\u2019da.<\/p>\n\n\n\n<p>Peki \u00c7in yeni y\u0131l\u0131 nas\u0131l kutlan\u0131yor derseniz adeta bir g\u00f6rsel \u015f\u00f6len tad\u0131nda diyebilirim. Sokaklarda dola\u015fan canavar maskotu, k\u0131rm\u0131z\u0131 s\u00fcslemeler ve havai fi\u015fek g\u00f6sterileri g\u00f6z dolduruyor. Bu hem dini hem de k\u00fclt\u00fcrel etkinlikte t\u00fcm \u00fclkede 15 g\u00fcn boyunca tatil ilan ediliyor. Hem evlerde hem sokaklarda y\u00f6resel yemeklerle, \u00f6zel rit\u00fcellerle hem yerel halk hem de turistler co\u015fkuyla kutluyor yeni y\u0131l\u0131.<\/p>\n\n\n\n<p><strong>Festival Tarihi:<\/strong> 22 Ocak 2023<\/p>\n\n    <div class=\"xs_social_share_widget xs_share_url after_content \t\tmain_content  wslu-style-1 wslu-share-box-shaped wslu-fill-colored wslu-none wslu-share-horizontal wslu-theme-font-no wslu-main_content\">\n\n\t\t\n        <ul>\n\t\t\t        <\/ul>\n    <\/div> \n","protected":false},"excerpt":{"rendered":"<p>T\u00fcrkiye&#8217;de Ocak ay\u0131 festivalleri yaz\u0131mdan sonra biraz da d\u00fcnyaya a\u00e7\u0131lal\u0131m diyorum. Bakal\u0131m yeni y\u0131l\u0131n bu ilk ay\u0131nda d\u00fcnyada neler oluyor, kimler neleri kutluyor? Farkl\u0131 inan\u0131\u015flara, de\u011fi\u015fik k\u00fclt\u00fcrlere tan\u0131kl\u0131k edece\u011finiz, e\u011flenceli anlar ya\u015fay\u0131p, yeni insanlarla tan\u0131\u015farak sosyalle\u015fece\u011finiz d\u00fcnyada Ocak ay\u0131 festivalleri sizi bekliyor.<\/p>\n","protected":false},"author":34,"featured_media":21489,"comment_status":"open","ping_status":"open","sticky":false,"template":"","format":"standard","meta":{"rop_custom_images_group":[],"rop_custom_messages_group":[],"rop_publish_now":"initial","rop_publish_now_accounts":[],"rop_publish_now_history":[],"rop_publish_now_status":"pending","_cloudinary_featured_overwrite":false,"footnotes":""},"categories":[1],"tags":[405,409,616],"class_list":["post-21488","post","type-post","status-publish","format-standard","has-post-thumbnail","hentry","category-seyahat-rehberi","tag-filipinler","tag-hindistan","tag-japonya"],"_links":{"self":[{"href":"https:\/\/www.turna.com\/blog\/wp-json\/wp\/v2\/posts\/21488","targetHints":{"allow":["GET"]}}],"collection":[{"href":"https:\/\/www.turna.com\/blog\/wp-json\/wp\/v2\/posts"}],"about":[{"href":"https:\/\/www.turna.com\/blog\/wp-json\/wp\/v2\/types\/post"}],"author":[{"embeddable":true,"href":"https:\/\/www.turna.com\/blog\/wp-json\/wp\/v2\/users\/34"}],"replies":[{"embeddable":true,"href":"https:\/\/www.turna.com\/blog\/wp-json\/wp\/v2\/comments?post=21488"}],"version-history":[{"count":0,"href":"https:\/\/www.turna.com\/blog\/wp-json\/wp\/v2\/posts\/21488\/revisions"}],"wp:featuredmedia":[{"embeddable":true,"href":"https:\/\/www.turna.com\/blog\/wp-json\/wp\/v2\/media\/21489"}],"wp:attachment":[{"href":"https:\/\/www.turna.com\/blog\/wp-json\/wp\/v2\/media?parent=21488"}],"wp:term":[{"taxonomy":"category","embeddable":true,"href":"https:\/\/www.turna.com\/blog\/wp-json\/wp\/v2\/categories?post=21488"},{"taxonomy":"post_tag","embeddable":true,"href":"https:\/\/www.turna.com\/blog\/wp-json\/wp\/v2\/tags?post=21488"}],"curies":[{"name":"wp","href":"https:\/\/api.w.org\/{rel}","templated":true}]}}