{"id":21178,"date":"2022-10-21T16:45:44","date_gmt":"2022-10-21T13:45:44","guid":{"rendered":"https:\/\/www.turna.com\/blog\/?p=21178"},"modified":"2025-06-26T15:42:44","modified_gmt":"2025-06-26T12:42:44","slug":"tyana-antik-kenti","status":"publish","type":"post","link":"https:\/\/www.turna.com\/blog\/tyana-antik-kenti","title":{"rendered":"Tyana Antik Kenti"},"content":{"rendered":"<div id=\"ez-toc-container\" class=\"ez-toc-v2_0_82_2 counter-hierarchy ez-toc-counter ez-toc-black ez-toc-container-direction\">\n<div class=\"ez-toc-title-container\">\n<p class=\"ez-toc-title\" style=\"cursor:inherit\">\u0130\u00e7indekiler<\/p>\n<span class=\"ez-toc-title-toggle\"><a href=\"#\" class=\"ez-toc-pull-right ez-toc-btn ez-toc-btn-xs ez-toc-btn-default ez-toc-toggle\" aria-label=\"\u0130\u00e7indekiler Tablosunu A\u00e7\/Kapat\"><span class=\"ez-toc-js-icon-con\"><span class=\"\"><span class=\"eztoc-hide\" style=\"display:none;\">Toggle<\/span><span class=\"ez-toc-icon-toggle-span\"><svg style=\"fill: #ffffff;color:#ffffff\" xmlns=\"http:\/\/www.w3.org\/2000\/svg\" class=\"list-377408\" width=\"20px\" height=\"20px\" viewBox=\"0 0 24 24\" fill=\"none\"><path d=\"M6 6H4v2h2V6zm14 0H8v2h12V6zM4 11h2v2H4v-2zm16 0H8v2h12v-2zM4 16h2v2H4v-2zm16 0H8v2h12v-2z\" fill=\"currentColor\"><\/path><\/svg><svg style=\"fill: #ffffff;color:#ffffff\" class=\"arrow-unsorted-368013\" xmlns=\"http:\/\/www.w3.org\/2000\/svg\" width=\"10px\" height=\"10px\" viewBox=\"0 0 24 24\" version=\"1.2\" baseProfile=\"tiny\"><path d=\"M18.2 9.3l-6.2-6.3-6.2 6.3c-.2.2-.3.4-.3.7s.1.5.3.7c.2.2.4.3.7.3h11c.3 0 .5-.1.7-.3.2-.2.3-.5.3-.7s-.1-.5-.3-.7zM5.8 14.7l6.2 6.3 6.2-6.3c.2-.2.3-.5.3-.7s-.1-.5-.3-.7c-.2-.2-.4-.3-.7-.3h-11c-.3 0-.5.1-.7.3-.2.2-.3.5-.3.7s.1.5.3.7z\"\/><\/svg><\/span><\/span><\/span><\/a><\/span><\/div>\n<nav><ul class='ez-toc-list ez-toc-list-level-1 eztoc-toggle-hide-by-default' ><li class='ez-toc-page-1 ez-toc-heading-level-2'><a class=\"ez-toc-link ez-toc-heading-1\" href=\"https:\/\/www.turna.com\/blog\/tyana-antik-kenti\/#tyana_antik_kenti_hakkinda_bilgi\" >Tyana Antik Kenti Hakk\u0131nda Bilgi<\/a><\/li><li class='ez-toc-page-1 ez-toc-heading-level-2'><a class=\"ez-toc-link ez-toc-heading-2\" href=\"https:\/\/www.turna.com\/blog\/tyana-antik-kenti\/#tyana_antik_kenti_nerede\" >Tyana Antik Kenti Nerede?<\/a><\/li><li class='ez-toc-page-1 ez-toc-heading-level-2'><a class=\"ez-toc-link ez-toc-heading-3\" href=\"https:\/\/www.turna.com\/blog\/tyana-antik-kenti\/#tyana_antik_kenti_tarihcesi\" >Tyana Antik Kenti Tarih\u00e7esi<\/a><\/li><\/ul><\/nav><\/div>\n\n<p>Ni\u011fde gezilecek yerler i\u00e7inde \u00f6nemli bir yer olan <strong>Tyana Antik Kenti<\/strong> var bug\u00fcn rotam\u0131zda. Tyana su kemerleri, vaftizhane ve kilise burada g\u00f6rebilece\u011finiz en \u00f6nemli yap\u0131lar. Ayr\u0131ca kentte yap\u0131lan arkeolojik kaz\u0131larda \u00e7\u0131kar\u0131lan eserler de Ni\u011fde M\u00fczesi&#8217;nde sergileniyor. Hadi gelin tarihin, medeniyetlerin tan\u0131\u011f\u0131 bu antik kenti birlikte ke\u015ffedelim.<\/p>\n\n\n\n<h2 class=\"wp-block-heading has-text-align-center has-neeon-button-dark-gray-color has-text-color has-link-color wp-elements-b56cb87811ffab13a06d142684aa8101\"><span class=\"ez-toc-section\" id=\"tyana_antik_kenti_hakkinda_bilgi\"><\/span><strong>Tyana Antik Kenti Hakk\u0131nda Bilgi<\/strong><span class=\"ez-toc-section-end\"><\/span><\/h2>\n\n\n\n<figure class=\"wp-block-image size-large\"><img width=\"800\" height=\"500\" data-public-id=\"tyana_su_kemerleri\/tyana_su_kemerleri.jpg\" decoding=\"async\" src=\"https:\/\/res.cloudinary.com\/turna\/images\/w_800,h_500,c_scale\/f_auto,q_auto:low\/v1666359823\/tyana_su_kemerleri\/tyana_su_kemerleri.jpg?_i=AA\" alt=\"Tyana Antik Kenti Hakk\u0131nda Bilgi\" class=\"wp-post-0 wp-image-21182\" data-format=\"jpg\" data-transformations=\"f_auto,q_auto:low\" data-version=\"1666359823\" data-seo=\"1\" srcset=\"https:\/\/res.cloudinary.com\/turna\/images\/f_auto,q_auto:low\/v1666359823\/tyana_su_kemerleri\/tyana_su_kemerleri.jpg?_i=AA 800w, https:\/\/res.cloudinary.com\/turna\/images\/w_300,h_188,c_scale\/f_auto,q_auto:low\/v1666359823\/tyana_su_kemerleri\/tyana_su_kemerleri.jpg?_i=AA 300w, https:\/\/res.cloudinary.com\/turna\/images\/w_672,h_420,c_scale\/f_auto,q_auto:low\/v1666359823\/tyana_su_kemerleri\/tyana_su_kemerleri.jpg?_i=AA 672w, https:\/\/res.cloudinary.com\/turna\/images\/w_640,h_400,c_scale\/f_auto,q_auto:low\/v1666359823\/tyana_su_kemerleri\/tyana_su_kemerleri.jpg?_i=AA 640w, https:\/\/res.cloudinary.com\/turna\/images\/w_681,h_426,c_scale\/f_auto,q_auto:low\/v1666359823\/tyana_su_kemerleri\/tyana_su_kemerleri.jpg?_i=AA 681w\" sizes=\"(max-width: 800px) 100vw, 800px\" \/><\/figure>\n\n\n\n<p>Tyana, daha \u00e7ok ge\u00e7 Roma evresindeki kente su sa\u011flayan havuzu ve su kemerleriyle biliniyor. H\u00f6y\u00fckte 13 y\u0131ld\u0131r kaz\u0131lar s\u00fcrd\u00fcr\u00fcl\u00fcyor ve ortaya \u00e7\u0131kart\u0131lan H\u0131ristiyanl\u0131k D\u00f6nemi\u2019ne ait kilise, vaftizhane buran\u0131n Bizans D\u00f6nemi\u2019nde de \u00f6nemli bir merkez oldu\u011funu kan\u0131tl\u0131yor.<\/p>\n\n\n\n<p>B\u00f6lge Sel\u00e7uklu devletinin eline ge\u00e7ince, eski yerle\u015fimin \u00fczerinde yeni bir kent dokusu olu\u015fmu\u015f.  Ve Tyana Antik Kenti&#8217;nin b\u00fcy\u00fck b\u00f6l\u00fcm\u00fc bug\u00fcnk\u00fc Kemerhisar yerle\u015fiminin alt\u0131nda kalm\u0131\u015f.   Kentin tarihi ge\u00e7mi\u015finden dolay\u0131 t\u00fcm yerle\u015fim alan\u0131 1. 2. ve 3. derece arkeolojik sit alan\u0131 olarak koruma alt\u0131na al\u0131nm\u0131\u015f.<\/p>\n\n\n\n<p>Roma havuzu&nbsp;olarak bilinen antik havuza giden kaynak suyu&nbsp;Roma Devri&#8217;nde yap\u0131lan kemerlerle ta\u015f\u0131n\u0131yormu\u015f. Halen b\u00fcy\u00fck bir b\u00f6l\u00fcm\u00fc ayakta olan <strong>Kemerhisar su kemerleri tarih\u00e7esi<\/strong> M.S. II-III. y\u00fczy\u0131llara ait. Tyana 1077\u2019de T\u00fcrklerin h\u00e2kimiyetine girmi\u015f. Sonras\u0131nda ad\u0131 Kilisehisar olarak de\u011fi\u015fen kent, Cumhuriyet D\u00f6neminde su kemerlerinden dolay\u0131 Kemerhisar ad\u0131n\u0131 alm\u0131\u015f. <\/p>\n\n\n\n<h2 class=\"wp-block-heading has-text-align-center has-neeon-button-dark-gray-color has-text-color has-link-color wp-elements-63bd93c36faaa7077bcee2a2e66b559c\"><span class=\"ez-toc-section\" id=\"tyana_antik_kenti_nerede\"><\/span><strong>Tyana Antik Kenti Nerede?<\/strong><span class=\"ez-toc-section-end\"><\/span><\/h2>\n\n\n\n<figure class=\"wp-block-image size-large\"><img width=\"800\" height=\"500\" data-public-id=\"tyana_antik_kenti_tarih\u00e7esi\/tyana_antik_kenti_tarih\u00e7esi.jpg\" decoding=\"async\" src=\"https:\/\/res.cloudinary.com\/turna\/images\/w_800,h_500,c_scale\/f_auto,q_auto:low\/v1666359822\/tyana_antik_kenti_tarih\u00e7esi\/tyana_antik_kenti_tarih\u00e7esi.jpg?_i=AA\" alt=\"Tyana Antik Kenti Nerede\" class=\"wp-post-0 wp-image-21187\" data-format=\"jpg\" data-transformations=\"f_auto,q_auto:low\" data-version=\"1666359822\" data-seo=\"1\" srcset=\"https:\/\/res.cloudinary.com\/turna\/images\/f_auto,q_auto:low\/v1666359822\/tyana_antik_kenti_tarih\u00e7esi\/tyana_antik_kenti_tarih\u00e7esi.jpg?_i=AA 800w, https:\/\/res.cloudinary.com\/turna\/images\/w_300,h_188,c_scale\/f_auto,q_auto:low\/v1666359822\/tyana_antik_kenti_tarih\u00e7esi\/tyana_antik_kenti_tarih\u00e7esi.jpg?_i=AA 300w, https:\/\/res.cloudinary.com\/turna\/images\/w_672,h_420,c_scale\/f_auto,q_auto:low\/v1666359822\/tyana_antik_kenti_tarih\u00e7esi\/tyana_antik_kenti_tarih\u00e7esi.jpg?_i=AA 672w, https:\/\/res.cloudinary.com\/turna\/images\/w_640,h_400,c_scale\/f_auto,q_auto:low\/v1666359822\/tyana_antik_kenti_tarih\u00e7esi\/tyana_antik_kenti_tarih\u00e7esi.jpg?_i=AA 640w, https:\/\/res.cloudinary.com\/turna\/images\/w_681,h_426,c_scale\/f_auto,q_auto:low\/v1666359822\/tyana_antik_kenti_tarih\u00e7esi\/tyana_antik_kenti_tarih\u00e7esi.jpg?_i=AA 681w\" sizes=\"(max-width: 800px) 100vw, 800px\" \/><\/figure>\n\n\n\n<p>Tyana \u00d6ren Yeri Ni\u011fde&#8217;nin Bor il\u00e7esi, Kemerhisar Kasabas\u0131&#8217;nda yer al\u0131yor. Ni\u011fde merkez Kemerhisar aras\u0131 yakla\u015f\u0131k 40 km. <\/p>\n\n\n\n<p>Tyana Antik Kenti yol tarifi <strong><a href=\"https:\/\/goo.gl\/maps\/a3rY7gr5fBkVUJk38\" target=\"_blank\" rel=\"noreferrer noopener\">burada.<\/a><\/strong><\/p>\n\n\n\n<h2 class=\"wp-block-heading has-text-align-center has-neeon-button-dark-gray-color has-text-color has-link-color wp-elements-bcfef40921ae5c4ea40915e8ee93f8de\"><span class=\"ez-toc-section\" id=\"tyana_antik_kenti_tarihcesi\"><\/span><strong>Tyana Antik Kenti Tarih\u00e7esi<\/strong><span class=\"ez-toc-section-end\"><\/span><\/h2>\n\n\n\n<figure class=\"wp-block-image size-large\"><img decoding=\"async\" src=\"https:\/\/res.cloudinary.com\/turna\/image\/upload\/v1666359823\/tyana_antik_kenti_nerede.jpg\" alt=\"Tyana Antik Kenti Tarih\u00e7esi\"\/><\/figure>\n\n\n\n<p>Pek \u00e7ok medeniyete ev sahipli\u011fi yapan Kemerhisar, Hititler d\u00f6neminde Tuwanuva, Roma d\u00f6neminde Tyana isimleriyle an\u0131lm\u0131\u015f. Roma D\u00f6nemi boyunca saraylar, tap\u0131naklar, su kemerleri ve di\u011fer yap\u0131lar\u0131yla b\u00fcy\u00fck bir yerle\u015fim haline gelmi\u015f. Roma \u00c7a\u011f\u0131&#8217;nda iki kez G\u00fcney Kapadokya Krall\u0131\u011f\u0131n\u0131n ba\u015fkentli\u011fini yapm\u0131\u015f Tyana. Anadolu&#8217;yu Mezopotamya&#8217;ya ba\u011flamas\u0131ndan dolay\u0131 da her d\u00f6nem stratejik bir \u00f6neme sahip olmu\u015f.<\/p>\n\n\n\n<p>Tarihi kaynaklardan M.\u00d6. II. biny\u0131la kadar uzanan bir ge\u00e7mi\u015fe sahip oldu\u011fu anla\u015f\u0131l\u0131yor. B\u00f6lgede ge\u00e7 antik \u00e7a\u011fda yo\u011fun bir yap\u0131la\u015fma olmu\u015f ve Sel\u00e7uklu, Osmanl\u0131 ve Cumhuriyet d\u00f6nemlerinde de kesintisiz olarak devam etmi\u015f. Antik kent, Filozof Apollonius\u2019un do\u011fum yeri oldu\u011fu i\u00e7in de olduk\u00e7a \u00f6nemli. &nbsp;<\/p>\n\n\n\n<p>Bu tarihi \u00f6ren yerini ziyaret etmek i\u00e7in tek yapman\u0131z gereken&nbsp;<a href=\"https:\/\/www.turna.com\/otobus-bileti\/nigde?swcfpc=1\" target=\"_blank\" rel=\"noreferrer noopener\"><strong>Ni\u011fde otob\u00fcs bileti<\/strong>&nbsp;<\/a>almak. Ayr\u0131ca Ni\u011fde ile ilgili yazd\u0131\u011f\u0131m di\u011fer yaz\u0131lar\u0131m\u0131 da mutlaka okuyun.<\/p>\n\n\n\n<p><strong><a href=\"https:\/\/www.turna.com\/blog\/nigde-gezilecek-yerler?swcfpc=1\" target=\"_blank\" rel=\"noreferrer noopener\">Ni\u011fde Gezilecek Yerler<\/a><\/strong><\/p>\n\n\n\n<p><strong><a href=\"https:\/\/www.turna.com\/blog\/nigdeye-nasil-gidilir?swcfpc=1\" target=\"_blank\" rel=\"noreferrer noopener\">Ni\u011fde\u2019ye Nas\u0131l Gidilir?<\/a><\/strong><\/p>\n\n\n\n<p><strong><a href=\"https:\/\/www.turna.com\/blog\/gumusler-manastiri-nigdenin-tarihi-mirasi?swcfpc=1\" target=\"_blank\" rel=\"noreferrer noopener\">G\u00fcm\u00fc\u015fler Manast\u0131r\u0131<\/a><\/strong><\/p>\n\n\n\n<p><strong><a href=\"https:\/\/www.turna.com\/blog\/nigde-kalesi?swcfpc=1\" target=\"_blank\" rel=\"noreferrer noopener\">Ni\u011fde Kalesi<\/a><\/strong><\/p>\n\n\n\n<p><\/p>\n\n    <div class=\"xs_social_share_widget xs_share_url after_content \t\tmain_content  wslu-style-1 wslu-share-box-shaped wslu-fill-colored wslu-none wslu-share-horizontal wslu-theme-font-no wslu-main_content\">\n\n\t\t\n        <ul>\n\t\t\t        <\/ul>\n    <\/div> \n","protected":false},"excerpt":{"rendered":"<p>Ni\u011fde gezilecek yerler i\u00e7inde \u00f6nemli bir yer olan Tyana Antik Kenti var bug\u00fcn rotam\u0131zda. Tyana su kemerleri, vaftizhane ve kilise burada g\u00f6rebilece\u011finiz en \u00f6nemli yap\u0131lar. Ayr\u0131ca kentte yap\u0131lan arkeolojik kaz\u0131larda \u00e7\u0131kar\u0131lan eserler de Ni\u011fde M\u00fczesi&#8217;nde sergileniyor. Hadi gelin tarihin, medeniyetlerin tan\u0131\u011f\u0131 bu antik kenti birlikte ke\u015ffedelim.<\/p>\n","protected":false},"author":34,"featured_media":21187,"comment_status":"open","ping_status":"open","sticky":false,"template":"","format":"standard","meta":{"rop_custom_images_group":[],"rop_custom_messages_group":[],"rop_publish_now":"initial","rop_publish_now_accounts":[],"rop_publish_now_history":[],"rop_publish_now_status":"pending","_cloudinary_featured_overwrite":false,"footnotes":""},"categories":[2,1855,84],"tags":[837],"class_list":["post-21178","post","type-post","status-publish","format-standard","has-post-thumbnail","hentry","category-ulkeler","category-nigde","category-turkiye","tag-nigde"],"_links":{"self":[{"href":"https:\/\/www.turna.com\/blog\/wp-json\/wp\/v2\/posts\/21178","targetHints":{"allow":["GET"]}}],"collection":[{"href":"https:\/\/www.turna.com\/blog\/wp-json\/wp\/v2\/posts"}],"about":[{"href":"https:\/\/www.turna.com\/blog\/wp-json\/wp\/v2\/types\/post"}],"author":[{"embeddable":true,"href":"https:\/\/www.turna.com\/blog\/wp-json\/wp\/v2\/users\/34"}],"replies":[{"embeddable":true,"href":"https:\/\/www.turna.com\/blog\/wp-json\/wp\/v2\/comments?post=21178"}],"version-history":[{"count":0,"href":"https:\/\/www.turna.com\/blog\/wp-json\/wp\/v2\/posts\/21178\/revisions"}],"wp:featuredmedia":[{"embeddable":true,"href":"https:\/\/www.turna.com\/blog\/wp-json\/wp\/v2\/media\/21187"}],"wp:attachment":[{"href":"https:\/\/www.turna.com\/blog\/wp-json\/wp\/v2\/media?parent=21178"}],"wp:term":[{"taxonomy":"category","embeddable":true,"href":"https:\/\/www.turna.com\/blog\/wp-json\/wp\/v2\/categories?post=21178"},{"taxonomy":"post_tag","embeddable":true,"href":"https:\/\/www.turna.com\/blog\/wp-json\/wp\/v2\/tags?post=21178"}],"curies":[{"name":"wp","href":"https:\/\/api.w.org\/{rel}","templated":true}]}}