{"id":21175,"date":"2022-10-20T15:31:33","date_gmt":"2022-10-20T12:31:33","guid":{"rendered":"https:\/\/www.turna.com\/blog\/?p=21175"},"modified":"2025-12-09T16:45:16","modified_gmt":"2025-12-09T13:45:16","slug":"nigde-kalesi","status":"publish","type":"post","link":"https:\/\/www.turna.com\/blog\/nigde-kalesi","title":{"rendered":"Ni\u011fde Kalesi : 1000 Y\u0131ll\u0131k Tarih Miras\u0131"},"content":{"rendered":"<div id=\"ez-toc-container\" class=\"ez-toc-v2_0_82_2 counter-hierarchy ez-toc-counter ez-toc-black ez-toc-container-direction\">\n<div class=\"ez-toc-title-container\">\n<p class=\"ez-toc-title\" style=\"cursor:inherit\">\u0130\u00e7indekiler<\/p>\n<span class=\"ez-toc-title-toggle\"><a href=\"#\" class=\"ez-toc-pull-right ez-toc-btn ez-toc-btn-xs ez-toc-btn-default ez-toc-toggle\" aria-label=\"\u0130\u00e7indekiler Tablosunu A\u00e7\/Kapat\"><span class=\"ez-toc-js-icon-con\"><span class=\"\"><span class=\"eztoc-hide\" style=\"display:none;\">Toggle<\/span><span class=\"ez-toc-icon-toggle-span\"><svg style=\"fill: #ffffff;color:#ffffff\" xmlns=\"http:\/\/www.w3.org\/2000\/svg\" class=\"list-377408\" width=\"20px\" height=\"20px\" viewBox=\"0 0 24 24\" fill=\"none\"><path d=\"M6 6H4v2h2V6zm14 0H8v2h12V6zM4 11h2v2H4v-2zm16 0H8v2h12v-2zM4 16h2v2H4v-2zm16 0H8v2h12v-2z\" fill=\"currentColor\"><\/path><\/svg><svg style=\"fill: #ffffff;color:#ffffff\" class=\"arrow-unsorted-368013\" xmlns=\"http:\/\/www.w3.org\/2000\/svg\" width=\"10px\" height=\"10px\" viewBox=\"0 0 24 24\" version=\"1.2\" baseProfile=\"tiny\"><path d=\"M18.2 9.3l-6.2-6.3-6.2 6.3c-.2.2-.3.4-.3.7s.1.5.3.7c.2.2.4.3.7.3h11c.3 0 .5-.1.7-.3.2-.2.3-.5.3-.7s-.1-.5-.3-.7zM5.8 14.7l6.2 6.3 6.2-6.3c.2-.2.3-.5.3-.7s-.1-.5-.3-.7c-.2-.2-.4-.3-.7-.3h-11c-.3 0-.5.1-.7.3-.2.2-.3.5-.3.7s.1.5.3.7z\"\/><\/svg><\/span><\/span><\/span><\/a><\/span><\/div>\n<nav><ul class='ez-toc-list ez-toc-list-level-1 eztoc-toggle-hide-by-default' ><li class='ez-toc-page-1 ez-toc-heading-level-2'><a class=\"ez-toc-link ez-toc-heading-1\" href=\"https:\/\/www.turna.com\/blog\/nigde-kalesi\/#nigde_kalesi_hakkinda_bilgi\" >Ni\u011fde Kalesi Hakk\u0131nda Bilgi<\/a><ul class='ez-toc-list-level-3' ><li class='ez-toc-heading-level-3'><a class=\"ez-toc-link ez-toc-heading-2\" href=\"https:\/\/www.turna.com\/blog\/nigde-kalesi\/#nigde_kalesi_nerede\" >Ni\u011fde Kalesi Nerede?<\/a><\/li><li class='ez-toc-page-1 ez-toc-heading-level-3'><a class=\"ez-toc-link ez-toc-heading-3\" href=\"https:\/\/www.turna.com\/blog\/nigde-kalesi\/#nigde_kalesi_tarihi\" >Ni\u011fde Kalesi Tarihi<\/a><\/li><li class='ez-toc-page-1 ez-toc-heading-level-3'><a class=\"ez-toc-link ez-toc-heading-4\" href=\"https:\/\/www.turna.com\/blog\/nigde-kalesi\/#nigde_kalesinin_ozellikleri\" >Ni\u011fde Kalesi&#8217;nin \u00d6zellikleri<\/a><\/li><li class='ez-toc-page-1 ez-toc-heading-level-3'><a class=\"ez-toc-link ez-toc-heading-5\" href=\"https:\/\/www.turna.com\/blog\/nigde-kalesi\/#nigde_kalesi_kim_tarafindan_yapilmistir\" >Ni\u011fde Kalesi kim taraf\u0131ndan yap\u0131lm\u0131\u015ft\u0131r?<\/a><\/li><li class='ez-toc-page-1 ez-toc-heading-level-3'><a class=\"ez-toc-link ez-toc-heading-6\" href=\"https:\/\/www.turna.com\/blog\/nigde-kalesi\/#nigde_kalesi_ne_zaman_yapildi\" >Ni\u011fde Kalesi ne zaman yap\u0131ld\u0131?<\/a><\/li><\/ul><\/li><\/ul><\/nav><\/div>\n\n<p>Bir\u00e7ok medeniyetin izlerini b\u00fcnyesinde ta\u015f\u0131yor Ni\u011fde. <strong>Ni\u011fde Kalesi <\/strong>de Ni\u011fde&#8217;de gezilecek yerler i\u00e7inde tarihi zenginli\u011fin bir par\u00e7as\u0131 olarak yer al\u0131yor. Eski Ni\u011fde \u015fehrinin bulundu\u011fu tepenin \u00fczerinde konumlan\u0131yor kale. Ne yaz\u0131k ki bir\u00e7ok yeri y\u0131k\u0131lm\u0131\u015f olan kalenin ta\u015flar\u0131 evlerin duvarlar\u0131nda kullan\u0131lm\u0131\u015f.<\/p>\n\n\n\n<p>Siz gitti\u011finiz \u015fehirlerde kaleleri ziyaret eder misiniz bilmiyorum ama ben \u00e7ok severim. T\u00fcm heybetleriyle dururlar \u015fehre hakim bir tepede. Ne sava\u015flar, ne kutlamalar g\u00f6rm\u00fc\u015ft\u00fcr kim bilir. Ka\u00e7 medeniyete ev sahipli\u011fi yapm\u0131\u015ft\u0131r. Bunlar\u0131 d\u00fc\u015f\u00fcnmeden edemem. E Ni\u011fde&#8217;ye gitmi\u015fken de kalesini g\u00f6rmeden d\u00f6nmek olmaz elbette. O halde gelin bu as\u0131rlara meydan okuyan tarihi miras\u0131 birlikte ke\u015ffedelim. <\/p>\n\n\n\n<h2 class=\"wp-block-heading has-text-align-center has-neeon-button-dark-gray-color has-text-color has-link-color wp-elements-5c08cc97bbc2b4069a54c017a76b9118\"><span class=\"ez-toc-section\" id=\"nigde_kalesi_hakkinda_bilgi\"><\/span><strong>Ni\u011fde Kalesi Hakk\u0131nda Bilgi<\/strong><span class=\"ez-toc-section-end\"><\/span><\/h2>\n\n\n\n<figure class=\"wp-block-image size-large\"><img width=\"800\" height=\"500\" decoding=\"async\" src=\"data:image\/svg+xml;base64,PHN2ZyB4bWxucz0iaHR0cDovL3d3dy53My5vcmcvMjAwMC9zdmciIHdpZHRoPSI4MDAiIGhlaWdodD0iNTAwIj48cmVjdCB3aWR0aD0iMTAwJSIgaGVpZ2h0PSIxMDAlIj48YW5pbWF0ZSBhdHRyaWJ1dGVOYW1lPSJmaWxsIiB2YWx1ZXM9InJnYmEoMTUzLDE1MywxNTMsMC41KTtyZ2JhKDE1MywxNTMsMTUzLDAuMSk7cmdiYSgxNTMsMTUzLDE1MywwLjUpIiBkdXI9IjJzIiByZXBlYXRDb3VudD0iaW5kZWZpbml0ZSIgLz48L3JlY3Q+PC9zdmc+\" alt=\"Ni\u011fde Kalesi Hakk\u0131nda Bilgi\" data-public-id=\"ni\u011fde_kalesi\/ni\u011fde_kalesi.jpg\" class=\"wp-post-21175 wp-image-21176\" data-format=\"jpg\" data-transformations=\"f_auto,q_auto:low\" data-version=\"1666268958\" data-seo=\"1\" data-size=\"800 500\" data-srcset=\"https:\/\/res.cloudinary.com\/turna\/images\/f_auto,q_auto:low\/v1666268958\/ni\u011fde_kalesi\/ni\u011fde_kalesi.jpg?_i=AA 800w, https:\/\/res.cloudinary.com\/turna\/images\/w_300,h_188,c_scale\/f_auto,q_auto:low\/v1666268958\/ni\u011fde_kalesi\/ni\u011fde_kalesi.jpg?_i=AA 300w, https:\/\/res.cloudinary.com\/turna\/images\/w_672,h_420,c_scale\/f_auto,q_auto:low\/v1666268958\/ni\u011fde_kalesi\/ni\u011fde_kalesi.jpg?_i=AA 672w, https:\/\/res.cloudinary.com\/turna\/images\/w_640,h_400,c_scale\/f_auto,q_auto:low\/v1666268958\/ni\u011fde_kalesi\/ni\u011fde_kalesi.jpg?_i=AA 640w, https:\/\/res.cloudinary.com\/turna\/images\/w_681,h_426,c_scale\/f_auto,q_auto:low\/v1666268958\/ni\u011fde_kalesi\/ni\u011fde_kalesi.jpg?_i=AA 681w\" data-sizes=\"(max-width: 800px) 100vw, 800px\" data-delivery=\"upload\" onload=\";window.CLDBind?CLDBind(this):null;\" data-cloudinary=\"lazy\" \/><\/figure>\n\n\n\n<p>Ni\u011fde tarihi yerler i\u00e7inde \u00f6nemli bir yeri olan kale D\u00fcnya K\u00fclt\u00fcr Ge\u00e7ici Miras Listesi&#8217;nde yer al\u0131yor. Kalede mutlaka g\u00f6rmeniz gereken yap\u0131lar aras\u0131nda Alaaddin Cami ve saat kulesi yer al\u0131yor.<\/p>\n\n\n\n<p>Kalenin eski bur\u00e7lar\u0131ndan birinin \u00fczerine yap\u0131lm\u0131\u015f bulunan me\u015fhur saat kulesi de Ni\u011fde&#8217;nin sembollerinden biri. Kule d\u0131\u015ftan minare g\u00f6r\u00fcnt\u00fcs\u00fcnde. Sultan II. Abd\u00fclhamit\u2019in tahta \u00e7\u0131k\u0131\u015f\u0131n\u0131n 25. y\u0131l\u0131nda yap\u0131lm\u0131\u015f. D\u00f6rt b\u00f6l\u00fcmden olu\u015fuyor ve tam, yar\u0131m saatlerde \u00e7al\u0131yor.<\/p>\n\n\n\n<p>Kaleden manzara da harika. Durup Ni\u011fde&#8217;ye \u015f\u00f6yle bir bakmay\u0131 ihmal etmeyin. Park olarak d\u00fczenlendi\u011fi i\u00e7in burada bulunan kafede bir \u015feyler i\u00e7ebilir, piknik yapabilirsiniz. \u00c7ocuk park alan\u0131 da mevcut.<\/p>\n\n\n\n<h3 class=\"wp-block-heading has-text-align-center has-neeon-button-dark-gray-color has-text-color has-link-color wp-elements-aa508de3714ea5a9473ba9e386d0e067\"><span class=\"ez-toc-section\" id=\"nigde_kalesi_nerede\"><\/span><strong>Ni\u011fde Kalesi Nerede?<\/strong><span class=\"ez-toc-section-end\"><\/span><\/h3>\n\n\n\n<p>Bug\u00fcnk\u00fc Ni\u011fde \u015fehrinin oldu\u011fu yerde &#8220;Eski Ni\u011fde&#8221; olarak an\u0131lan b\u00f6lgede tepe \u00fczerinde yer al\u0131yor.<\/p>\n\n\n\n<p>Ni\u011fde Kalesi yol tarifi i\u00e7in <strong><a href=\"https:\/\/goo.gl\/maps\/VGDPAEwB6XTkgu7f7\" target=\"_blank\" rel=\"noreferrer noopener\">buraya<\/a><\/strong> t\u0131klay\u0131n.<\/p>\n\n\n\n<h3 class=\"wp-block-heading has-text-align-center has-neeon-button-dark-gray-color has-text-color has-link-color wp-elements-b0cedd3b819deb1c69b5c3cbc2939de1\"><span class=\"ez-toc-section\" id=\"nigde_kalesi_tarihi\"><\/span><strong>Ni\u011fde Kalesi Tarihi<\/strong><span class=\"ez-toc-section-end\"><\/span><\/h3>\n\n\n\n<figure class=\"wp-block-image size-large\"><img decoding=\"async\" src=\"https:\/\/res.cloudinary.com\/turna\/image\/upload\/v1666268958\/ni%C4%9Fde_saat_kulesi.jpg\" alt=\"Ni\u011fde Kalesi Tarihi\"\/><\/figure>\n\n\n\n<p>Kale bir h\u00f6y\u00fck olan Alaeddin Tepesi\u2019ndeki kal\u0131nt\u0131lar\u0131n \u00fczerine in\u015fa edilmi\u015f. Ni\u011fde Kalesi&#8217;nin bir kitabesi yok. O nedenle Kalenin tarihi kesin olarak bilinmiyor.<\/p>\n\n\n\n<p>M\u00d6 8. as\u0131rda yap\u0131lm\u0131\u015f olma ihtimali \u00fczerinde duruluyor. Kale bug\u00fcnk\u00fc \u015feklini Sel\u00e7uklu H\u00fck\u00fcmdar\u0131 II.K\u0131l\u0131\u00e7aslan , II.Ruknettin S\u00fcleyman \u015eah ve I. Alaeddin Keykubat d\u00f6neminde alm\u0131\u015f. 1740 y\u0131llar\u0131nda Sadrazam \u0130shak Pa\u015fa taraf\u0131ndan onar\u0131lm\u0131\u015f. <\/p>\n\n\n\n<p>Cumhuriyet d\u00f6neminde bir m\u00fcddet hapishane olarak kullan\u0131lm\u0131\u015f. G\u00fcn\u00fcm\u00fczde belediye taraf\u0131ndan tepenin etraf\u0131 duvarla \u00e7evrilmi\u015f ve park haline getirilmi\u015f.<\/p>\n\n\n\n<h3 class=\"wp-block-heading has-text-align-center has-neeon-button-dark-gray-color has-text-color has-link-color wp-elements-9b03d94ca9d0c7891e009c3bf629b13a\"><span class=\"ez-toc-section\" id=\"nigde_kalesinin_ozellikleri\"><\/span><strong>Ni\u011fde Kalesi&#8217;nin \u00d6zellikleri<\/strong><span class=\"ez-toc-section-end\"><\/span><\/h3>\n\n\n\n<figure class=\"wp-block-image size-large\"><img width=\"800\" height=\"500\" decoding=\"async\" src=\"data:image\/svg+xml;base64,PHN2ZyB4bWxucz0iaHR0cDovL3d3dy53My5vcmcvMjAwMC9zdmciIHdpZHRoPSI4MDAiIGhlaWdodD0iNTAwIj48cmVjdCB3aWR0aD0iMTAwJSIgaGVpZ2h0PSIxMDAlIj48YW5pbWF0ZSBhdHRyaWJ1dGVOYW1lPSJmaWxsIiB2YWx1ZXM9InJnYmEoMTUzLDE1MywxNTMsMC41KTtyZ2JhKDE1MywxNTMsMTUzLDAuMSk7cmdiYSgxNTMsMTUzLDE1MywwLjUpIiBkdXI9IjJzIiByZXBlYXRDb3VudD0iaW5kZWZpbml0ZSIgLz48L3JlY3Q+PC9zdmc+\" alt=\"Ni\u011fde Kalesi&#039;nin \u00d6zellikleri\" data-public-id=\"ni\u011fde_kalesi_tarihi\/ni\u011fde_kalesi_tarihi.jpg\" class=\"wp-post-21175 wp-image-21180\" data-format=\"jpg\" data-transformations=\"f_auto,q_auto:low\" data-version=\"1666268958\" data-seo=\"1\" data-size=\"800 500\" data-srcset=\"https:\/\/res.cloudinary.com\/turna\/images\/f_auto,q_auto:low\/v1666268958\/ni\u011fde_kalesi_tarihi\/ni\u011fde_kalesi_tarihi.jpg?_i=AA 800w, https:\/\/res.cloudinary.com\/turna\/images\/w_300,h_188,c_scale\/f_auto,q_auto:low\/v1666268958\/ni\u011fde_kalesi_tarihi\/ni\u011fde_kalesi_tarihi.jpg?_i=AA 300w, https:\/\/res.cloudinary.com\/turna\/images\/w_672,h_420,c_scale\/f_auto,q_auto:low\/v1666268958\/ni\u011fde_kalesi_tarihi\/ni\u011fde_kalesi_tarihi.jpg?_i=AA 672w, https:\/\/res.cloudinary.com\/turna\/images\/w_640,h_400,c_scale\/f_auto,q_auto:low\/v1666268958\/ni\u011fde_kalesi_tarihi\/ni\u011fde_kalesi_tarihi.jpg?_i=AA 640w, https:\/\/res.cloudinary.com\/turna\/images\/w_681,h_426,c_scale\/f_auto,q_auto:low\/v1666268958\/ni\u011fde_kalesi_tarihi\/ni\u011fde_kalesi_tarihi.jpg?_i=AA 681w\" data-sizes=\"(max-width: 800px) 100vw, 800px\" data-delivery=\"upload\" onload=\";window.CLDBind?CLDBind(this):null;\" data-cloudinary=\"lazy\" \/><\/figure>\n\n\n\n<p>Kalenin en \u00f6nemli \u00f6zelliklerinden biri burada bulunan Alaaddin Camii kap\u0131s\u0131ndaki <strong>kad\u0131n sil\u00fceti<\/strong>. Caminin do\u011fuya bakan kap\u0131s\u0131n\u0131n \u00fcst k\u0131sm\u0131nda bir ta\u015f i\u015fleme var. Tam bu noktaya 09.00-11.00 saatlerinde d\u00fc\u015fen g\u00f6lge, &#8220;ta\u00e7l\u0131 kad\u0131n ba\u015f\u0131&#8221; sil\u00fceti olu\u015fturuyor. <\/p>\n\n\n\n<p>Halk aras\u0131ndaki bir inan\u0131\u015fa g\u00f6re camiyi in\u015fa eden ustalardan birisi, Ni\u011fde Sancak Beyi&#8217;nin k\u0131z\u0131na a\u015f\u0131k olmu\u015f. Bu &#8220;imkans\u0131z&#8221; a\u015fk\u0131n\u0131 \u00f6l\u00fcms\u00fczle\u015ftirmek i\u00e7in caminin kap\u0131s\u0131na beyin k\u0131z\u0131n\u0131 tasvir eden sil\u00fceti yapm\u0131\u015f.<\/p>\n\n\n<div id=\"rank-math-faq\" class=\"rank-math-block\">\n<div class=\"rank-math-list \">\n<div id=\"faq-question-685a80567fbf3\" class=\"rank-math-list-item\">\n<h3 class=\"rank-math-question \"><span class=\"ez-toc-section\" id=\"nigde_kalesi_kim_tarafindan_yapilmistir\"><\/span>Ni\u011fde Kalesi kim taraf\u0131ndan yap\u0131lm\u0131\u015ft\u0131r?<br \/><br \/><br \/><span class=\"ez-toc-section-end\"><\/span><\/h3>\n<div class=\"rank-math-answer \">\n\n<p>Kalenin kimin taraf\u0131ndan yapt\u0131r\u0131ld\u0131\u011f\u0131 bilinmese de bug\u00fcnk\u00fc \u015feklini II.K\u0131l\u0131\u00e7aslan , II.Ruknettin S\u00fcleyman \u015eah ve I. Alaeddin Keykubat zaman\u0131nda alm\u0131\u015f.<\/p>\n\n<\/div>\n<\/div>\n<div id=\"faq-question-685a80567fbf5\" class=\"rank-math-list-item\">\n<h3 class=\"rank-math-question \"><span class=\"ez-toc-section\" id=\"nigde_kalesi_ne_zaman_yapildi\"><\/span>Ni\u011fde Kalesi ne zaman yap\u0131ld\u0131?<br \/><br \/><br \/><span class=\"ez-toc-section-end\"><\/span><\/h3>\n<div class=\"rank-math-answer \">\n\n<p>Kalenin ilk yap\u0131m tarihi kesin olarak bilinmiyor. M\u00d6 8. as\u0131rda yap\u0131ld\u0131\u011f\u0131 tahmin ediliyor.<\/p>\n\n<\/div>\n<\/div>\n<\/div>\n<\/div>\n\n\n<p>Bu tarihi kaleyi ziyaret etmek i\u00e7in tek yapman\u0131z gereken <a href=\"https:\/\/www.turna.com\/otobus-bileti\/nigde\" target=\"_blank\" rel=\"noreferrer noopener\"><strong>Ni\u011fde otob\u00fcs bileti<\/strong> <\/a>almak. Ayr\u0131ca K\u00fctahya ile ilgili yazd\u0131\u011f\u0131m di\u011fer yaz\u0131lar\u0131m\u0131 da mutlaka okuyun.<\/p>\n\n\n\n<p><strong><a href=\"https:\/\/www.turna.com\/blog\/nigde-gezilecek-yerler?swcfpc=1\" target=\"_blank\" rel=\"noreferrer noopener\">Ni\u011fde Gezilecek Yerler<\/a><\/strong><\/p>\n\n\n\n<p><strong><a href=\"https:\/\/www.turna.com\/blog\/nigdeye-nasil-gidilir?swcfpc=1\" target=\"_blank\" rel=\"noreferrer noopener\">Ni\u011fde&#8217;ye Nas\u0131l Gidilir?<\/a><\/strong><\/p>\n\n\n\n<p><strong><a href=\"https:\/\/www.turna.com\/blog\/gumusler-manastiri-nigdenin-tarihi-mirasi?swcfpc=1\" target=\"_blank\" rel=\"noreferrer noopener\">G\u00fcm\u00fc\u015fler Manast\u0131r\u0131<\/a><\/strong><\/p>\n\n\n\n<p><\/p>\n\n    <div class=\"xs_social_share_widget xs_share_url after_content \t\tmain_content  wslu-style-1 wslu-share-box-shaped wslu-fill-colored wslu-none wslu-share-horizontal wslu-theme-font-no wslu-main_content\">\n\n\t\t\n        <ul>\n\t\t\t        <\/ul>\n    <\/div> \n","protected":false},"excerpt":{"rendered":"<p>Bir\u00e7ok medeniyetin izlerini b\u00fcnyesinde ta\u015f\u0131yor Ni\u011fde. Ni\u011fde Kalesi de Ni\u011fde&#8217;de gezilecek yerler i\u00e7inde tarihi zenginli\u011fin bir par\u00e7as\u0131 olarak yer al\u0131yor. Eski Ni\u011fde \u015fehrinin bulundu\u011fu tepenin \u00fczerinde konumlan\u0131yor kale. Ne yaz\u0131k ki bir\u00e7ok yeri y\u0131k\u0131lm\u0131\u015f olan kalenin ta\u015flar\u0131 evlerin duvarlar\u0131nda kullan\u0131lm\u0131\u015f.<\/p>\n","protected":false},"author":34,"featured_media":21176,"comment_status":"open","ping_status":"open","sticky":false,"template":"","format":"standard","meta":{"rop_custom_images_group":[],"rop_custom_messages_group":[],"rop_publish_now":"initial","rop_publish_now_accounts":[],"rop_publish_now_history":[],"rop_publish_now_status":"pending","_cloudinary_featured_overwrite":false,"footnotes":""},"categories":[84,1855],"tags":[837],"class_list":["post-21175","post","type-post","status-publish","format-standard","has-post-thumbnail","hentry","category-turkiye","category-nigde","tag-nigde"],"_links":{"self":[{"href":"https:\/\/www.turna.com\/blog\/wp-json\/wp\/v2\/posts\/21175","targetHints":{"allow":["GET"]}}],"collection":[{"href":"https:\/\/www.turna.com\/blog\/wp-json\/wp\/v2\/posts"}],"about":[{"href":"https:\/\/www.turna.com\/blog\/wp-json\/wp\/v2\/types\/post"}],"author":[{"embeddable":true,"href":"https:\/\/www.turna.com\/blog\/wp-json\/wp\/v2\/users\/34"}],"replies":[{"embeddable":true,"href":"https:\/\/www.turna.com\/blog\/wp-json\/wp\/v2\/comments?post=21175"}],"version-history":[{"count":0,"href":"https:\/\/www.turna.com\/blog\/wp-json\/wp\/v2\/posts\/21175\/revisions"}],"wp:featuredmedia":[{"embeddable":true,"href":"https:\/\/www.turna.com\/blog\/wp-json\/wp\/v2\/media\/21176"}],"wp:attachment":[{"href":"https:\/\/www.turna.com\/blog\/wp-json\/wp\/v2\/media?parent=21175"}],"wp:term":[{"taxonomy":"category","embeddable":true,"href":"https:\/\/www.turna.com\/blog\/wp-json\/wp\/v2\/categories?post=21175"},{"taxonomy":"post_tag","embeddable":true,"href":"https:\/\/www.turna.com\/blog\/wp-json\/wp\/v2\/tags?post=21175"}],"curies":[{"name":"wp","href":"https:\/\/api.w.org\/{rel}","templated":true}]}}