{"id":21173,"date":"2022-10-19T14:43:19","date_gmt":"2022-10-19T11:43:19","guid":{"rendered":"https:\/\/www.turna.com\/blog\/?p=21173"},"modified":"2025-12-09T16:46:05","modified_gmt":"2025-12-09T13:46:05","slug":"gumusler-manastiri-nigdenin-tarihi-mirasi","status":"publish","type":"post","link":"https:\/\/www.turna.com\/blog\/gumusler-manastiri-nigdenin-tarihi-mirasi","title":{"rendered":"G\u00fcm\u00fc\u015fler Manast\u0131r\u0131 : Ni\u011fde&#8217;nin Tarihi Miras\u0131"},"content":{"rendered":"<div id=\"ez-toc-container\" class=\"ez-toc-v2_0_82_2 counter-hierarchy ez-toc-counter ez-toc-black ez-toc-container-direction\">\n<div class=\"ez-toc-title-container\">\n<p class=\"ez-toc-title\" style=\"cursor:inherit\">\u0130\u00e7indekiler<\/p>\n<span class=\"ez-toc-title-toggle\"><a href=\"#\" class=\"ez-toc-pull-right ez-toc-btn ez-toc-btn-xs ez-toc-btn-default ez-toc-toggle\" aria-label=\"\u0130\u00e7indekiler Tablosunu A\u00e7\/Kapat\"><span class=\"ez-toc-js-icon-con\"><span class=\"\"><span class=\"eztoc-hide\" style=\"display:none;\">Toggle<\/span><span class=\"ez-toc-icon-toggle-span\"><svg style=\"fill: #ffffff;color:#ffffff\" xmlns=\"http:\/\/www.w3.org\/2000\/svg\" class=\"list-377408\" width=\"20px\" height=\"20px\" viewBox=\"0 0 24 24\" fill=\"none\"><path d=\"M6 6H4v2h2V6zm14 0H8v2h12V6zM4 11h2v2H4v-2zm16 0H8v2h12v-2zM4 16h2v2H4v-2zm16 0H8v2h12v-2z\" fill=\"currentColor\"><\/path><\/svg><svg style=\"fill: #ffffff;color:#ffffff\" class=\"arrow-unsorted-368013\" xmlns=\"http:\/\/www.w3.org\/2000\/svg\" width=\"10px\" height=\"10px\" viewBox=\"0 0 24 24\" version=\"1.2\" baseProfile=\"tiny\"><path d=\"M18.2 9.3l-6.2-6.3-6.2 6.3c-.2.2-.3.4-.3.7s.1.5.3.7c.2.2.4.3.7.3h11c.3 0 .5-.1.7-.3.2-.2.3-.5.3-.7s-.1-.5-.3-.7zM5.8 14.7l6.2 6.3 6.2-6.3c.2-.2.3-.5.3-.7s-.1-.5-.3-.7c-.2-.2-.4-.3-.7-.3h-11c-.3 0-.5.1-.7.3-.2.2-.3.5-.3.7s.1.5.3.7z\"\/><\/svg><\/span><\/span><\/span><\/a><\/span><\/div>\n<nav><ul class='ez-toc-list ez-toc-list-level-1 eztoc-toggle-hide-by-default' ><li class='ez-toc-page-1 ez-toc-heading-level-2'><a class=\"ez-toc-link ez-toc-heading-1\" href=\"https:\/\/www.turna.com\/blog\/gumusler-manastiri-nigdenin-tarihi-mirasi\/#gumusler_manastiri_hakkinda_bilgi\" >G\u00fcm\u00fc\u015fler Manast\u0131r\u0131 Hakk\u0131nda Bilgi<\/a><ul class='ez-toc-list-level-3' ><li class='ez-toc-heading-level-3'><a class=\"ez-toc-link ez-toc-heading-2\" href=\"https:\/\/www.turna.com\/blog\/gumusler-manastiri-nigdenin-tarihi-mirasi\/#gumusler_manastiri_nerede\" >G\u00fcm\u00fc\u015fler Manast\u0131r\u0131 Nerede?<\/a><\/li><li class='ez-toc-page-1 ez-toc-heading-level-3'><a class=\"ez-toc-link ez-toc-heading-3\" href=\"https:\/\/www.turna.com\/blog\/gumusler-manastiri-nigdenin-tarihi-mirasi\/#gumusler_manastiri_giris_ucreti\" >G\u00fcm\u00fc\u015fler Manast\u0131r\u0131 Giri\u015f \u00dccreti<\/a><\/li><li class='ez-toc-page-1 ez-toc-heading-level-3'><a class=\"ez-toc-link ez-toc-heading-4\" href=\"https:\/\/www.turna.com\/blog\/gumusler-manastiri-nigdenin-tarihi-mirasi\/#gumusler_manastiri_ucretli_mi\" >G\u00fcm\u00fc\u015fler Manast\u0131r\u0131 \u00fccretli mi?<\/a><\/li><li class='ez-toc-page-1 ez-toc-heading-level-3'><a class=\"ez-toc-link ez-toc-heading-5\" href=\"https:\/\/www.turna.com\/blog\/gumusler-manastiri-nigdenin-tarihi-mirasi\/#gumusler_manastiri_hafta_sonu_acik_mi\" >G\u00fcm\u00fc\u015fler Manast\u0131r\u0131 hafta sonu a\u00e7\u0131k m\u0131?<\/a><\/li><\/ul><\/li><\/ul><\/nav><\/div>\n\n<p>Daha \u00f6nce duymad\u0131ysan\u0131z ya da yolunuz Kapadokya taraf\u0131na d\u00fc\u015ft\u00fc ama buray\u0131 g\u00f6rmediyseniz \u00fcz\u00fclece\u011finiz bir yer <strong>G\u00fcm\u00fc\u015fler Manast\u0131r\u0131.<\/strong> B\u00fcy\u00fck bir t\u00fcf kaya kitlesinin i\u00e7ine oyulmu\u015f bir kaya manast\u0131r kilisesi buras\u0131. Bizans sanat\u0131n\u0131n Anadolu&#8217;da en g\u00fczel ve en iyi korunmu\u015f eserlerinden biri olarak \u00f6n plana \u00e7\u0131k\u0131yor.  <\/p>\n\n\n\n<p>1973&#8217;te arkeolojik sit alan\u0131 olarak kabul edilmi\u015f manast\u0131r. D\u00f6rt s\u00fctunu bulunan kilisenin duvarlar\u0131 fresklerle kapl\u0131. Buras\u0131 ayn\u0131 zamanda bir yeralt\u0131 \u015fehrine de ev sahipli\u011fi yap\u0131yor. B\u00fcy\u00fck mezarl\u0131k odas\u0131, yerle\u015fim birimleri, yeralt\u0131 \u015fehri ve kilisedeki freskleri ile manast\u0131r d\u00f6neminin \u00f6nemli din merkezlerinden biriymi\u015f.<\/p>\n\n\n\n<figure class=\"wp-block-image size-large\"><img decoding=\"async\" src=\"https:\/\/res.cloudinary.com\/turna\/image\/upload\/v1666179568\/g%C3%BCm%C3%BC%C5%9Fler_manast%C4%B1r%C4%B1_meryem_ana.jpg\" alt=\"g\u00fcm\u00fc\u015fler manast\u0131r\u0131 Meryem Ana\"\/><\/figure>\n\n\n\n<p>Kilise i\u00e7inde olduk\u00e7a iyi korunarak g\u00fcn\u00fcm\u00fcze ula\u015fabilmi\u015f, muhte\u015fem renkli freskler bulunuyor. Fresklerde Hz. \u0130sa&#8217;n\u0131n do\u011fumu, vaftiz edilmesi, kiliseye takdimi, Havariler ve H\u0131ristiyanl\u0131\u011f\u0131n ileri gelenlerini g\u00f6steren konular anlat\u0131lm\u0131\u015f. \u00d6zellikle <strong>g\u00fclen Meryem Ana freski<\/strong> mutlaka g\u00f6r\u00fclmeli. D\u00fcnyada ba\u015fka \u00f6rne\u011fi bulunmad\u0131\u011f\u0131 s\u00f6yleniyor.<\/p>\n\n\n\n<h2 class=\"wp-block-heading has-text-align-center has-neeon-button-dark-gray-color has-text-color has-link-color wp-elements-46c9c55a7e55598decb0eaffab7ab798\"><span class=\"ez-toc-section\" id=\"gumusler_manastiri_hakkinda_bilgi\"><\/span><strong>G\u00fcm\u00fc\u015fler Manast\u0131r\u0131 Hakk\u0131nda Bilgi<\/strong><span class=\"ez-toc-section-end\"><\/span><\/h2>\n\n\n\n<figure class=\"wp-block-image size-large\"><img decoding=\"async\" src=\"https:\/\/res.cloudinary.com\/turna\/image\/upload\/v1666179568\/g%C3%BCm%C3%BC%C5%9Fler_manast%C4%B1r%C4%B1_nerede.jpg\" alt=\"G\u00fcm\u00fc\u015fler Manast\u0131r\u0131 Hakk\u0131nda Bilgi\"\/><\/figure>\n\n\n\n<p>Manast\u0131r ve yeralt\u0131 yerle\u015fimi 10. y\u00fczy\u0131lda b\u00fcy\u00fck yerle\u015fim yerlerinden uzakta in\u015fa edilerek <em>Traicas<\/em>&nbsp;olarak adland\u0131r\u0131lm\u0131\u015f. Manast\u0131r\u0131n bulundu\u011fu yerin \u00e7evresinde eski d\u00f6nemlerden kalma g\u00fcm\u00fc\u015f yataklar\u0131 bulunuyor. Bundan dolay\u0131 Osmanl\u0131 imparatorlu\u011fu&nbsp;d\u00f6neminde&nbsp;Eski G\u00fcm\u00fc\u015fler&nbsp;kasabas\u0131 olarak adland\u0131r\u0131lm\u0131\u015f.<\/p>\n\n\n\n<p>O d\u00f6nemlerde manast\u0131r, gayrim\u00fcslim halk taraf\u0131ndan ibadet ama\u00e7l\u0131 kullan\u0131lm\u0131\u015f.&nbsp;Cumhuriyet d\u00f6neminde&nbsp;gayrim\u00fcslimler Yunanistan&#8217;a g\u00f6\u00e7 edince manast\u0131r i\u015flevini kaybetmi\u015f ve yakla\u015f\u0131k k\u0131rk y\u0131l kullan\u0131lmam\u0131\u015f.<\/p>\n\n\n\n<p>1962&#8217;de \u0130ngiliz arkeolog Michael Gough taraf\u0131ndan yeniden ke\u015ffedilmi\u015f. 1963&#8217;te ise restorasyona ba\u015flan\u0131larak&nbsp;Manast\u0131r ve \u00e7evresi 1973&#8217;te ziyarete a\u00e7\u0131lm\u0131\u015f.<\/p>\n\n\n\n<p>\u00dclkemizde hemen her tarihi ve turistik bir yerin hikayesi var. Hal b\u00f6yle olunca <strong>G\u00fcm\u00fc\u015fler Manast\u0131r\u0131 hikayesi<\/strong> diye de \u00e7ok arat\u0131lm\u0131\u015f ama buraya \u00f6zg\u00fc anlat\u0131lacak bir hikaye yok. \ud83d\ude0a<\/p>\n\n\n\n<h3 class=\"wp-block-heading has-text-align-center has-neeon-button-dark-gray-color has-text-color has-link-color wp-elements-7f8be8ee41482ff6281b558899524b10\"><span class=\"ez-toc-section\" id=\"gumusler_manastiri_nerede\"><\/span><strong>G\u00fcm\u00fc\u015fler Manast\u0131r\u0131 Nerede?<\/strong><span class=\"ez-toc-section-end\"><\/span><\/h3>\n\n\n\n<figure class=\"wp-block-image size-large\"><img decoding=\"async\" src=\"https:\/\/res.cloudinary.com\/turna\/image\/upload\/v1666179568\/g%C3%BCm%C3%BC%C5%9Fler_manast%C4%B1r%C4%B1.jpg\" alt=\"G\u00fcm\u00fc\u015fler Manast\u0131r\u0131 Nerede?\"\/><\/figure>\n\n\n\n<p>Manast\u0131r ve Yeralt\u0131 \u015eehri Ni\u011fde&#8217;ye 8 km uzakl\u0131ktaki G\u00fcm\u00fc\u015fler kasabas\u0131nda yer al\u0131yor. Buraya kendi ara\u00e7lar\u0131n\u0131zla kolayca ula\u015fabilirsiniz. Toplu ta\u015f\u0131ma ile gitmek isterseniz Ni\u011fde merkezden yar\u0131m saatte bir kalkan G\u00fcm\u00fc\u015fler Kasabas\u0131 dolmu\u015flar\u0131na binin. \u015eof\u00f6re manast\u0131ra yak\u0131n inmek istedi\u011finizi s\u00f6ylerseniz uygun bir yerde b\u0131rak\u0131r.<\/p>\n\n\n\n<p>G\u00fcm\u00fc\u015fler Manast\u0131r\u0131 yol tarifi i\u00e7in <strong><a href=\"https:\/\/goo.gl\/maps\/AbEzJF89UJFfo6jy6\" target=\"_blank\" rel=\"noreferrer noopener\">buraya<\/a><\/strong> t\u0131klay\u0131n.<\/p>\n\n\n\n<h3 class=\"wp-block-heading has-text-align-center has-neeon-button-dark-gray-color has-text-color has-link-color wp-elements-25852287c21a1336b2f70498da905a32\"><span class=\"ez-toc-section\" id=\"gumusler_manastiri_giris_ucreti\"><\/span><strong>G\u00fcm\u00fc\u015fler Manast\u0131r\u0131 Giri\u015f \u00dccreti<\/strong><span class=\"ez-toc-section-end\"><\/span><\/h3>\n\n\n\n<figure class=\"wp-block-image size-large\"><img decoding=\"async\" src=\"https:\/\/res.cloudinary.com\/turna\/image\/upload\/v1666179567\/g%C3%BCm%C3%BC%C5%9Fler_manast%C4%B1r%C4%B1_hikayesi.jpg\" alt=\"G\u00fcm\u00fc\u015fler Manast\u0131r\u0131 Giri\u015f \u00dccreti\"\/><\/figure>\n\n\n\n<p>Manast\u0131r\u0131n Giri\u015f \u00dccreti 20 TL. M\u00fcze kart ge\u00e7erli.<\/p>\n\n\n\n<p><strong>A\u00e7\u0131l\u0131\u015f\/Kapan\u0131\u015f Saatleri<\/strong><br>A\u00e7\u0131l\u0131\u015f Saati: 08:00<br>Kapan\u0131\u015f Saati: 19:00<br>Gi\u015fe Kapan\u0131\u015f Saati: 18:30<\/p>\n\n\n\n<p><strong>Adres:<\/strong>&nbsp;51310 G\u00fcm\u00fc\u015fler Beldesi<br><strong>Tel:<\/strong>&nbsp;03882352534<\/p>\n\n\n<div id=\"rank-math-faq\" class=\"rank-math-block\">\n<div class=\"rank-math-list \">\n<div id=\"faq-question-685a80574113d\" class=\"rank-math-list-item\">\n<h3 class=\"rank-math-question \"><span class=\"ez-toc-section\" id=\"gumusler_manastiri_ucretli_mi\"><\/span>G\u00fcm\u00fc\u015fler Manast\u0131r\u0131 \u00fccretli mi?<br \/><br \/><span class=\"ez-toc-section-end\"><\/span><\/h3>\n<div class=\"rank-math-answer \">\n\n<p>Evet, m\u00fcze kart\u0131n\u0131z yoksa manast\u0131ra giri\u015f \u00fccreti 20 TL.<\/p>\n\n<\/div>\n<\/div>\n<div id=\"faq-question-685a80574113f\" class=\"rank-math-list-item\">\n<h3 class=\"rank-math-question \"><span class=\"ez-toc-section\" id=\"gumusler_manastiri_hafta_sonu_acik_mi\"><\/span>G\u00fcm\u00fc\u015fler Manast\u0131r\u0131 hafta sonu a\u00e7\u0131k m\u0131?<br \/><br \/><span class=\"ez-toc-section-end\"><\/span><\/h3>\n<div class=\"rank-math-answer \">\n\n<p>Manast\u0131r haftan\u0131n her g\u00fcn\u00fc ziyarete a\u00e7\u0131k.<\/p>\n\n<\/div>\n<\/div>\n<\/div>\n<\/div>\n\n\n<figure class=\"wp-block-image size-large\"><img decoding=\"async\" src=\"https:\/\/res.cloudinary.com\/turna\/image\/upload\/v1666179567\/g%C3%BCm%C3%BC%C5%9Fler_manast%C4%B1r%C4%B1_giri%C5%9F_%C3%BCcreti.jpg\" alt=\"G\u00fcm\u00fc\u015fler Manast\u0131r\u0131\"\/><\/figure>\n\n\n\n<p>Bu \u00f6zel tarihi yeri ziyaret etmek isterseniz tek yapman\u0131z gereken <strong><a href=\"https:\/\/www.turna.com\/otobus-bileti\/nigde\" target=\"_blank\" rel=\"noreferrer noopener\">Ni\u011fde otob\u00fcs bileti <\/a><\/strong>almak. Ayr\u0131ca Ni\u011fde ile ilgili di\u011fer i\u00e7eriklerimi de okumay\u0131 unutmay\u0131n. \ud83d\ude0a<\/p>\n\n\n\n<p><strong><a href=\"https:\/\/www.turna.com\/blog\/nigdeye-nasil-gidilir?swcfpc=1\" target=\"_blank\" rel=\"noreferrer noopener\">Ni\u011fde&#8217;ye Nas\u0131l Gidilir?<\/a><\/strong><\/p>\n\n\n\n<p><strong><a href=\"https:\/\/www.turna.com\/blog\/nigde-gezilecek-yerler?swcfpc=1\" target=\"_blank\" rel=\"noreferrer noopener\">Ni\u011fde Gezilecek Yerler<\/a><\/strong><\/p>\n\n\n\n<p><strong><a href=\"https:\/\/www.turna.com\/blog\/nigdede-ne-yenir?swcfpc=1\" target=\"_blank\" rel=\"noreferrer noopener\">Ni\u011fde&#8217;de Ne Yenir?<\/a><\/strong><\/p>\n\n\n\n<p><strong><a href=\"https:\/\/www.turna.com\/blog\/nigde-kalesi?swcfpc=1\" target=\"_blank\" rel=\"noreferrer noopener\">Ni\u011fde Kalesi<\/a><\/strong><\/p>\n\n\n\n<p><strong><a href=\"https:\/\/www.turna.com\/blog\/tyana-antik-kenti?swcfpc=1\" target=\"_blank\" rel=\"noreferrer noopener\">Tyana Antik Kenti<\/a><\/strong><\/p>\n\n    <div class=\"xs_social_share_widget xs_share_url after_content \t\tmain_content  wslu-style-1 wslu-share-box-shaped wslu-fill-colored wslu-none wslu-share-horizontal wslu-theme-font-no wslu-main_content\">\n\n\t\t\n        <ul>\n\t\t\t        <\/ul>\n    <\/div> \n","protected":false},"excerpt":{"rendered":"<p>Daha \u00f6nce duymad\u0131ysan\u0131z ya da yolunuz Kapadokya taraf\u0131na d\u00fc\u015ft\u00fc ama buray\u0131 g\u00f6rmediyseniz \u00fcz\u00fclece\u011finiz bir yer G\u00fcm\u00fc\u015fler Manast\u0131r\u0131. B\u00fcy\u00fck bir t\u00fcf kaya kitlesinin i\u00e7ine oyulmu\u015f bir kaya manast\u0131r kilisesi buras\u0131. Bizans sanat\u0131n\u0131n Anadolu&#8217;da en g\u00fczel ve en iyi korunmu\u015f eserlerinden biri olarak \u00f6n plana \u00e7\u0131k\u0131yor. <\/p>\n","protected":false},"author":34,"featured_media":21174,"comment_status":"open","ping_status":"open","sticky":false,"template":"","format":"standard","meta":{"rop_custom_images_group":[],"rop_custom_messages_group":[],"rop_publish_now":"initial","rop_publish_now_accounts":[],"rop_publish_now_history":[],"rop_publish_now_status":"pending","_cloudinary_featured_overwrite":false,"footnotes":""},"categories":[84,1855],"tags":[837],"class_list":["post-21173","post","type-post","status-publish","format-standard","has-post-thumbnail","hentry","category-turkiye","category-nigde","tag-nigde"],"_links":{"self":[{"href":"https:\/\/www.turna.com\/blog\/wp-json\/wp\/v2\/posts\/21173","targetHints":{"allow":["GET"]}}],"collection":[{"href":"https:\/\/www.turna.com\/blog\/wp-json\/wp\/v2\/posts"}],"about":[{"href":"https:\/\/www.turna.com\/blog\/wp-json\/wp\/v2\/types\/post"}],"author":[{"embeddable":true,"href":"https:\/\/www.turna.com\/blog\/wp-json\/wp\/v2\/users\/34"}],"replies":[{"embeddable":true,"href":"https:\/\/www.turna.com\/blog\/wp-json\/wp\/v2\/comments?post=21173"}],"version-history":[{"count":0,"href":"https:\/\/www.turna.com\/blog\/wp-json\/wp\/v2\/posts\/21173\/revisions"}],"wp:featuredmedia":[{"embeddable":true,"href":"https:\/\/www.turna.com\/blog\/wp-json\/wp\/v2\/media\/21174"}],"wp:attachment":[{"href":"https:\/\/www.turna.com\/blog\/wp-json\/wp\/v2\/media?parent=21173"}],"wp:term":[{"taxonomy":"category","embeddable":true,"href":"https:\/\/www.turna.com\/blog\/wp-json\/wp\/v2\/categories?post=21173"},{"taxonomy":"post_tag","embeddable":true,"href":"https:\/\/www.turna.com\/blog\/wp-json\/wp\/v2\/tags?post=21173"}],"curies":[{"name":"wp","href":"https:\/\/api.w.org\/{rel}","templated":true}]}}