{"id":21168,"date":"2022-10-14T16:00:24","date_gmt":"2022-10-14T13:00:24","guid":{"rendered":"https:\/\/www.turna.com\/blog\/?p=21168"},"modified":"2025-12-09T16:47:38","modified_gmt":"2025-12-09T13:47:38","slug":"nigdeye-nasil-gidilir","status":"publish","type":"post","link":"https:\/\/www.turna.com\/blog\/nigdeye-nasil-gidilir","title":{"rendered":"Ni\u011fde&#8217;ye Nas\u0131l Gidilir ? Ni\u011fde Nerede?"},"content":{"rendered":"<div id=\"ez-toc-container\" class=\"ez-toc-v2_0_82_2 counter-hierarchy ez-toc-counter ez-toc-black ez-toc-container-direction\">\n<div class=\"ez-toc-title-container\">\n<p class=\"ez-toc-title\" style=\"cursor:inherit\">\u0130\u00e7indekiler<\/p>\n<span class=\"ez-toc-title-toggle\"><a href=\"#\" class=\"ez-toc-pull-right ez-toc-btn ez-toc-btn-xs ez-toc-btn-default ez-toc-toggle\" aria-label=\"\u0130\u00e7indekiler Tablosunu A\u00e7\/Kapat\"><span class=\"ez-toc-js-icon-con\"><span class=\"\"><span class=\"eztoc-hide\" style=\"display:none;\">Toggle<\/span><span class=\"ez-toc-icon-toggle-span\"><svg style=\"fill: #ffffff;color:#ffffff\" xmlns=\"http:\/\/www.w3.org\/2000\/svg\" class=\"list-377408\" width=\"20px\" height=\"20px\" viewBox=\"0 0 24 24\" fill=\"none\"><path d=\"M6 6H4v2h2V6zm14 0H8v2h12V6zM4 11h2v2H4v-2zm16 0H8v2h12v-2zM4 16h2v2H4v-2zm16 0H8v2h12v-2z\" fill=\"currentColor\"><\/path><\/svg><svg style=\"fill: #ffffff;color:#ffffff\" class=\"arrow-unsorted-368013\" xmlns=\"http:\/\/www.w3.org\/2000\/svg\" width=\"10px\" height=\"10px\" viewBox=\"0 0 24 24\" version=\"1.2\" baseProfile=\"tiny\"><path d=\"M18.2 9.3l-6.2-6.3-6.2 6.3c-.2.2-.3.4-.3.7s.1.5.3.7c.2.2.4.3.7.3h11c.3 0 .5-.1.7-.3.2-.2.3-.5.3-.7s-.1-.5-.3-.7zM5.8 14.7l6.2 6.3 6.2-6.3c.2-.2.3-.5.3-.7s-.1-.5-.3-.7c-.2-.2-.4-.3-.7-.3h-11c-.3 0-.5.1-.7.3-.2.2-.3.5-.3.7s.1.5.3.7z\"\/><\/svg><\/span><\/span><\/span><\/a><\/span><\/div>\n<nav><ul class='ez-toc-list ez-toc-list-level-1 eztoc-toggle-hide-by-default' ><li class='ez-toc-page-1 ez-toc-heading-level-2'><a class=\"ez-toc-link ez-toc-heading-1\" href=\"https:\/\/www.turna.com\/blog\/nigdeye-nasil-gidilir\/#nigde_nerede\" >Ni\u011fde Nerede?<\/a><\/li><li class='ez-toc-page-1 ez-toc-heading-level-2'><a class=\"ez-toc-link ez-toc-heading-2\" href=\"https:\/\/www.turna.com\/blog\/nigdeye-nasil-gidilir\/#nigdeye_nasil_gidilir\" >Ni\u011fde&#8217;ye Nas\u0131l Gidilir?<\/a><ul class='ez-toc-list-level-3' ><li class='ez-toc-heading-level-3'><a class=\"ez-toc-link ez-toc-heading-3\" href=\"https:\/\/www.turna.com\/blog\/nigdeye-nasil-gidilir\/#nigdeye_kara_yolu_ile_ulasim\" >Ni\u011fde&#8217;ye Kara Yolu ile Ula\u015f\u0131m<\/a><\/li><li class='ez-toc-page-1 ez-toc-heading-level-3'><a class=\"ez-toc-link ez-toc-heading-4\" href=\"https:\/\/www.turna.com\/blog\/nigdeye-nasil-gidilir\/#kutahyaya_tren_ile_ulasim\" >K\u00fctahya&#8217;ya Tren \u0130le Ula\u015f\u0131m<\/a><\/li><\/ul><\/li><li class='ez-toc-page-1 ez-toc-heading-level-2'><a class=\"ez-toc-link ez-toc-heading-5\" href=\"https:\/\/www.turna.com\/blog\/nigdeye-nasil-gidilir\/#nigdenin_ilceleri\" >Ni\u011fde&#8217;nin \u0130l\u00e7eleri<\/a><\/li><li class='ez-toc-page-1 ez-toc-heading-level-2'><a class=\"ez-toc-link ez-toc-heading-6\" href=\"https:\/\/www.turna.com\/blog\/nigdeye-nasil-gidilir\/#nigdeye_ne_zaman_gidilir\" >Ni\u011fde&#8217;ye Ne Zaman Gidilir?<\/a><\/li><\/ul><\/nav><\/div>\n\n<p>Ni\u011fde k\u00fc\u00e7\u00fck kendi halinde bir \u015fehir. Ni\u011fde gezilecek yerler \u00e7o\u011funlukla tarihi yerler olarak \u00f6n plana \u00e7\u0131k\u0131yor. Hafta sonu gezmek i\u00e7in ideal bir destinasyon. E\u011fer Ni\u011fde&#8217;ye gitmek G\u00fcm\u00fc\u015fler Manast\u0131r\u0131&#8217;n\u0131, Tyana \u00d6ren Yeri&#8217;ni ve di\u011fer \u00f6nemli yerleri ziyaret etmek isterseniz <strong>Ni\u011fde&#8217;ye nas\u0131l gidilir<\/strong> ve Ni\u011fde nerede sorular\u0131n\u0131n yan\u0131tlar\u0131n\u0131 bu yaz\u0131da bulabilirsiniz.<\/p>\n\n\n\n<p>Ni\u011fde&#8217;ye gitmenin en iyi yolunu detayl\u0131 \u015fekilde anlatmaya \u00e7al\u0131\u015faca\u011f\u0131m. Ni\u011fde&#8217;ye demiryolu ile ula\u015f\u0131m, karayolu ile ula\u015f\u0131m hakk\u0131nda bildi\u011fim her \u015feyi sizinle payla\u015fmaya ba\u015fl\u0131yorum o halde. \ud83d\ude42<\/p>\n\n\n\n<h2 class=\"wp-block-heading has-text-align-center has-neeon-button-dark-gray-color has-text-color has-link-color wp-elements-42b95860536fea70479f40ad27336107\"><span class=\"ez-toc-section\" id=\"nigde_nerede\"><\/span><strong>Ni\u011fde Nerede?<\/strong><span class=\"ez-toc-section-end\"><\/span><\/h2>\n\n\n\n<figure class=\"wp-block-image size-large\"><img width=\"800\" height=\"500\" data-public-id=\"ni\u011fde_ye_nas\u0131l_gidilir\/ni\u011fde_ye_nas\u0131l_gidilir.jpg\" decoding=\"async\" src=\"https:\/\/res.cloudinary.com\/turna\/images\/w_800,h_500,c_scale\/f_auto,q_auto:low\/v1665751454\/ni\u011fde_ye_nas\u0131l_gidilir\/ni\u011fde_ye_nas\u0131l_gidilir.jpg?_i=AA\" alt=\"\" class=\"wp-post-0 wp-image-21169\" data-format=\"jpg\" data-transformations=\"f_auto,q_auto:low\" data-version=\"1665751454\" data-seo=\"1\" srcset=\"https:\/\/res.cloudinary.com\/turna\/images\/f_auto,q_auto:low\/v1665751454\/ni\u011fde_ye_nas\u0131l_gidilir\/ni\u011fde_ye_nas\u0131l_gidilir.jpg?_i=AA 800w, https:\/\/res.cloudinary.com\/turna\/images\/w_300,h_188,c_scale\/f_auto,q_auto:low\/v1665751454\/ni\u011fde_ye_nas\u0131l_gidilir\/ni\u011fde_ye_nas\u0131l_gidilir.jpg?_i=AA 300w, https:\/\/res.cloudinary.com\/turna\/images\/w_672,h_420,c_scale\/f_auto,q_auto:low\/v1665751454\/ni\u011fde_ye_nas\u0131l_gidilir\/ni\u011fde_ye_nas\u0131l_gidilir.jpg?_i=AA 672w, https:\/\/res.cloudinary.com\/turna\/images\/w_640,h_400,c_scale\/f_auto,q_auto:low\/v1665751454\/ni\u011fde_ye_nas\u0131l_gidilir\/ni\u011fde_ye_nas\u0131l_gidilir.jpg?_i=AA 640w, https:\/\/res.cloudinary.com\/turna\/images\/w_681,h_426,c_scale\/f_auto,q_auto:low\/v1665751454\/ni\u011fde_ye_nas\u0131l_gidilir\/ni\u011fde_ye_nas\u0131l_gidilir.jpg?_i=AA 681w\" sizes=\"(max-width: 800px) 100vw, 800px\" \/><\/figure>\n\n\n\n<p>Ni\u011fde \u0130\u00e7 Anadolu B\u00f6lgesi\u2019nin g\u00fcneydo\u011fusunda yer al\u0131yor. \u00dc\u00e7 taraf\u0131 Toroslar ile \u00e7evrili.&nbsp;<strong>Ni\u011fde&#8217;nin kom\u015fu illeri <\/strong>ise kuzeybat\u0131da Aksaray, kuzeyde Nev\u015fehir, kuzeydo\u011fuda Kayseri, bat\u0131 ve g\u00fcneybat\u0131da ise Konya.<\/p>\n\n\n\n<ul class=\"wp-block-list\">\n<li>Ni\u011fde&#8217;nin haritadaki konumu <strong><a href=\"https:\/\/goo.gl\/maps\/ZCbewJ3ntvjv32Lg6\" target=\"_blank\" rel=\"noreferrer noopener\">burada.<\/a><\/strong><\/li>\n<\/ul>\n\n\n\n<h2 class=\"wp-block-heading has-text-align-center has-neeon-button-dark-gray-color has-text-color has-link-color wp-elements-17e1a3a918fd5387735df7bf852b9782\"><span class=\"ez-toc-section\" id=\"nigdeye_nasil_gidilir\"><\/span><strong>Ni\u011fde&#8217;ye Nas\u0131l Gidilir?<\/strong><span class=\"ez-toc-section-end\"><\/span><\/h2>\n\n\n\n<p>Ni\u011fde&#8217;ye nas\u0131l gidilir sorusunun 2 farkl\u0131 cevab\u0131 var. \u015eehirde havaliman\u0131 olmad\u0131\u011f\u0131 i\u00e7in karayoluyla ya da trenle ile ula\u015f\u0131m sa\u011flayabilirsiniz. <strong>Ni\u011fde ula\u015f\u0131m<\/strong> konusunu hem karayolu hem de demiryolu ile ula\u015f\u0131m ba\u015fl\u0131klar\u0131 alt\u0131nda detaylar\u0131 anlataca\u011f\u0131m.<\/p>\n\n\n\n<h3 class=\"wp-block-heading has-text-align-center has-neeon-button-dark-gray-color has-text-color has-link-color wp-elements-79a48ad596db7bc978020adecb090395\"><span class=\"ez-toc-section\" id=\"nigdeye_kara_yolu_ile_ulasim\"><\/span><strong>Ni\u011fde&#8217;ye Kara Yolu ile Ula\u015f\u0131m<\/strong><span class=\"ez-toc-section-end\"><\/span><\/h3>\n\n\n\n<p>Ni\u011fde&#8217;ye karayolu ile gidecekseniz; kendi arac\u0131n\u0131zla ya da otob\u00fcs seferleri ile ula\u015f\u0131m sa\u011flayabilirsiniz. Otob\u00fcs ile Ni\u011fde \u015eehirleraras\u0131 Otob\u00fcs Terminaline gidebilirsiniz. \u0130stanbul&#8217;dan Ni\u011fde&#8217;ye giderken \u0130zmit, D\u00fczce, Ankara illerinden ge\u00e7iyorsunuz. Baz\u0131 illerden Ni\u011fde&#8217;ye olan mesafeler ise \u015f\u00f6yle;<\/p>\n\n\n\n<p>Ni\u011fde &#8211; Ankara aras\u0131<strong> <\/strong>366 km<\/p>\n\n\n\n<p>Ni\u011fde &#8211; \u0130stanbul aras\u0131 753 km<\/p>\n\n\n\n<p>Ni\u011fde &#8211; \u0130zmir aras\u0131 846 km<\/p>\n\n\n\n<p>Nev\u015fehir ile Ni\u011fde birbirine olduk\u00e7a yak\u0131n oldu\u011fundan dolay\u0131 <strong>Nev\u015fehir&#8217;den Ni\u011fde&#8217;ye nas\u0131l gidilir <\/strong>konusu da ara\u015ft\u0131r\u0131l\u0131yor. Otob\u00fcs ile yakla\u015f\u0131k 1 saatte kolayca ula\u015f\u0131m sa\u011flayabilirsiniz.<\/p>\n\n\n\n<p>Ni\u011fde otob\u00fcs bileti fiyatlar\u0131 i\u00e7in <a href=\"https:\/\/www.turna.com\/otobus-bileti\/nigde\" target=\"_blank\" rel=\"noreferrer noopener\"><strong>bu ba\u011flant\u0131ya<\/strong> <\/a>mutlaka g\u00f6z at\u0131n.<\/p>\n\n\n\n<h3 class=\"wp-block-heading has-text-align-center has-neeon-button-dark-gray-color has-text-color has-link-color wp-elements-3705248352f9b03bbc37be3a8dd84b77\"><span class=\"ez-toc-section\" id=\"kutahyaya_tren_ile_ulasim\"><\/span><strong>K\u00fctahya&#8217;ya Tren \u0130le Ula\u015f\u0131m<\/strong><span class=\"ez-toc-section-end\"><\/span><\/h3>\n\n\n\n<p>Ni\u011fde&#8217;ye tren ile ula\u015fmak isterseniz tercih edece\u011finiz hat Erciyes Ekspresi&#8217;dir. Bu hat ile Kayseri ve Adana&#8217;ya gidebilirsiniz. <\/p>\n\n\n\n<figure class=\"wp-block-image size-large\"><img width=\"800\" height=\"500\" data-public-id=\"ni\u011fde_ula\u015f\u0131m\/ni\u011fde_ula\u015f\u0131m.jpg\" decoding=\"async\" src=\"https:\/\/res.cloudinary.com\/turna\/images\/w_800,h_500,c_scale\/f_auto,q_auto:low\/v1665751454\/ni\u011fde_ula\u015f\u0131m\/ni\u011fde_ula\u015f\u0131m.jpg?_i=AA\" alt=\"\" class=\"wp-post-0 wp-image-21174\" data-format=\"jpg\" data-transformations=\"f_auto,q_auto:low\" data-version=\"1665751454\" data-seo=\"1\" srcset=\"https:\/\/res.cloudinary.com\/turna\/images\/f_auto,q_auto:low\/v1665751454\/ni\u011fde_ula\u015f\u0131m\/ni\u011fde_ula\u015f\u0131m.jpg?_i=AA 800w, https:\/\/res.cloudinary.com\/turna\/images\/w_300,h_188,c_scale\/f_auto,q_auto:low\/v1665751454\/ni\u011fde_ula\u015f\u0131m\/ni\u011fde_ula\u015f\u0131m.jpg?_i=AA 300w, https:\/\/res.cloudinary.com\/turna\/images\/w_672,h_420,c_scale\/f_auto,q_auto:low\/v1665751454\/ni\u011fde_ula\u015f\u0131m\/ni\u011fde_ula\u015f\u0131m.jpg?_i=AA 672w, https:\/\/res.cloudinary.com\/turna\/images\/w_640,h_400,c_scale\/f_auto,q_auto:low\/v1665751454\/ni\u011fde_ula\u015f\u0131m\/ni\u011fde_ula\u015f\u0131m.jpg?_i=AA 640w, https:\/\/res.cloudinary.com\/turna\/images\/w_681,h_426,c_scale\/f_auto,q_auto:low\/v1665751454\/ni\u011fde_ula\u015f\u0131m\/ni\u011fde_ula\u015f\u0131m.jpg?_i=AA 681w\" sizes=\"(max-width: 800px) 100vw, 800px\" \/><\/figure>\n\n\n\n<h2 class=\"wp-block-heading has-text-align-center has-neeon-button-dark-gray-color has-text-color has-link-color wp-elements-bcc05a969639fceaf558a16be7025bca\"><span class=\"ez-toc-section\" id=\"nigdenin_ilceleri\"><\/span><strong>Ni\u011fde&#8217;nin \u0130l\u00e7eleri<\/strong><span class=\"ez-toc-section-end\"><\/span><\/h2>\n\n\n\n<p>Ni\u011fde&nbsp;iline ba\u011fl\u0131 1&#8217;i merkez il\u00e7e olmak \u00fczere toplam 6 il\u00e7e bulunuyor.<\/p>\n\n\n\n<ul class=\"wp-block-list\">\n<li><strong>Ni\u011fde<\/strong>\u00a0(\u0130l merkezi)<\/li>\n\n\n\n<li>Altunhisar.<\/li>\n\n\n\n<li>Bor.<\/li>\n\n\n\n<li>\u00c7amard\u0131<\/li>\n\n\n\n<li>\u00c7iftlik.<\/li>\n\n\n\n<li>Uluk\u0131\u015fla.<\/li>\n<\/ul>\n\n\n\n<p><strong>Ni\u011fde&#8217;nin \u0130l\u00e7eleri<\/strong><\/p>\n\n\n\n<h2 class=\"wp-block-heading has-text-align-center has-neeon-button-dark-gray-color has-text-color has-link-color wp-elements-c1b2d15d2d593558a5a7ded4decbb98a\"><span class=\"ez-toc-section\" id=\"nigdeye_ne_zaman_gidilir\"><\/span><strong>Ni\u011fde&#8217;ye Ne Zaman Gidilir?<\/strong><span class=\"ez-toc-section-end\"><\/span><\/h2>\n\n\n\n<figure class=\"wp-block-image size-large\"><img decoding=\"async\" src=\"https:\/\/res.cloudinary.com\/turna\/image\/upload\/v1665751454\/ni%C4%9Fde_nerede.jpg\" alt=\"\"\/><\/figure>\n\n\n\n<p>Ni\u011fde daha \u00e7ok tarihi yerleriyle \u00f6n plana \u00e7\u0131kan bir ilimiz. Hen\u00fcz g\u00f6rmediyseniz en k\u0131sa zamanda bir seyahat plan\u0131 yapmal\u0131s\u0131n\u0131z bu \u015fehre. Peki Ni\u011fde&#8217;ye ne zaman gidilir derseniz bence yaz ve k\u0131\u015f aylar\u0131ndan ziyade ilkbahar ya da sonbahar d\u00f6neminde plan yap\u0131n. Ni\u011fde ile ilgili di\u011fer yaz\u0131lar\u0131m\u0131 da mutlaka okuyun.<\/p>\n\n\n\n<p><strong style=\"color: initial;\"><a href=\"https:\/\/www.turna.com\/blog\/nigde-gezilecek-yerler?swcfpc=1\" target=\"_blank\" rel=\"noreferrer noopener\">Ni\u011fde Gezilecek Yerler<\/a><\/strong>   <p><strong><a href=\"https:\/\/www.turna.com\/blog\/nigdede-ne-yenir?swcfpc=1\" target=\"_blank\" rel=\"noreferrer noopener\">Ni\u011fde&#8217;de Ne Yenir?<\/a><\/strong><\/p><strong style=\"color: initial;\"><a href=\"https:\/\/www.turna.com\/blog\/nigde-kalesi?swcfpc=1\" target=\"_blank\" rel=\"noreferrer noopener\">Ni\u011fde Kalesi<\/a><\/strong>   <p><strong><a href=\"https:\/\/www.turna.com\/blog\/tyana-antik-kenti?swcfpc=1\" target=\"_blank\" rel=\"noreferrer noopener\">Tyana Antik Kenti<\/a><\/strong><\/p><\/p>\n\n\n\n<p><strong><a href=\"https:\/\/www.turna.com\/blog\/gumusler-manastiri-nigdenin-tarihi-mirasi?swcfpc=1\" target=\"_blank\" rel=\"noreferrer noopener\">G\u00fcm\u00fc\u015fler Manast\u0131r\u0131 <\/a><\/strong><\/p>\n\n    <div class=\"xs_social_share_widget xs_share_url after_content \t\tmain_content  wslu-style-1 wslu-share-box-shaped wslu-fill-colored wslu-none wslu-share-horizontal wslu-theme-font-no wslu-main_content\">\n\n\t\t\n        <ul>\n\t\t\t        <\/ul>\n    <\/div> \n","protected":false},"excerpt":{"rendered":"<p>E\u011fer K\u00fctahya&#8217;ya gitmek Aizanoi Antik Kenti&#8217;ni, \u00c7inili Camii&#8217;yi ve di\u011fer \u00f6nemli yerleri ziyaret etmek isterseniz K\u00fctahya&#8217;ya nas\u0131l gidilir ve K\u00fctahya&#8217;ya ula\u015f\u0131m sorular\u0131n\u0131n yan\u0131tlar\u0131n\u0131 bu yaz\u0131da bulabilirsiniz.<\/p>\n","protected":false},"author":34,"featured_media":21169,"comment_status":"open","ping_status":"open","sticky":false,"template":"","format":"standard","meta":{"rop_custom_images_group":[],"rop_custom_messages_group":[],"rop_publish_now":"initial","rop_publish_now_accounts":[],"rop_publish_now_history":[],"rop_publish_now_status":"pending","_cloudinary_featured_overwrite":false,"footnotes":""},"categories":[84,1855,2],"tags":[837],"class_list":["post-21168","post","type-post","status-publish","format-standard","has-post-thumbnail","hentry","category-turkiye","category-nigde","category-ulkeler","tag-nigde"],"_links":{"self":[{"href":"https:\/\/www.turna.com\/blog\/wp-json\/wp\/v2\/posts\/21168","targetHints":{"allow":["GET"]}}],"collection":[{"href":"https:\/\/www.turna.com\/blog\/wp-json\/wp\/v2\/posts"}],"about":[{"href":"https:\/\/www.turna.com\/blog\/wp-json\/wp\/v2\/types\/post"}],"author":[{"embeddable":true,"href":"https:\/\/www.turna.com\/blog\/wp-json\/wp\/v2\/users\/34"}],"replies":[{"embeddable":true,"href":"https:\/\/www.turna.com\/blog\/wp-json\/wp\/v2\/comments?post=21168"}],"version-history":[{"count":0,"href":"https:\/\/www.turna.com\/blog\/wp-json\/wp\/v2\/posts\/21168\/revisions"}],"wp:featuredmedia":[{"embeddable":true,"href":"https:\/\/www.turna.com\/blog\/wp-json\/wp\/v2\/media\/21169"}],"wp:attachment":[{"href":"https:\/\/www.turna.com\/blog\/wp-json\/wp\/v2\/media?parent=21168"}],"wp:term":[{"taxonomy":"category","embeddable":true,"href":"https:\/\/www.turna.com\/blog\/wp-json\/wp\/v2\/categories?post=21168"},{"taxonomy":"post_tag","embeddable":true,"href":"https:\/\/www.turna.com\/blog\/wp-json\/wp\/v2\/tags?post=21168"}],"curies":[{"name":"wp","href":"https:\/\/api.w.org\/{rel}","templated":true}]}}