{"id":21164,"date":"2022-10-13T16:46:00","date_gmt":"2022-10-13T13:46:00","guid":{"rendered":"https:\/\/www.turna.com\/blog\/?p=21164"},"modified":"2025-06-26T17:52:15","modified_gmt":"2025-06-26T14:52:15","slug":"kutahya-gezilecek-yerler","status":"publish","type":"post","link":"https:\/\/www.turna.com\/blog\/kutahya-gezilecek-yerler","title":{"rendered":"K\u00fctahya Gezilecek Yerler : G\u00f6r\u00fclmesi Gereken 15 Yer"},"content":{"rendered":"<div id=\"ez-toc-container\" class=\"ez-toc-v2_0_82_2 counter-hierarchy ez-toc-counter ez-toc-black ez-toc-container-direction\">\n<div class=\"ez-toc-title-container\">\n<p class=\"ez-toc-title\" style=\"cursor:inherit\">\u0130\u00e7indekiler<\/p>\n<span class=\"ez-toc-title-toggle\"><a href=\"#\" class=\"ez-toc-pull-right ez-toc-btn ez-toc-btn-xs ez-toc-btn-default ez-toc-toggle\" aria-label=\"\u0130\u00e7indekiler Tablosunu A\u00e7\/Kapat\"><span class=\"ez-toc-js-icon-con\"><span class=\"\"><span class=\"eztoc-hide\" style=\"display:none;\">Toggle<\/span><span class=\"ez-toc-icon-toggle-span\"><svg style=\"fill: #ffffff;color:#ffffff\" xmlns=\"http:\/\/www.w3.org\/2000\/svg\" class=\"list-377408\" width=\"20px\" height=\"20px\" viewBox=\"0 0 24 24\" fill=\"none\"><path d=\"M6 6H4v2h2V6zm14 0H8v2h12V6zM4 11h2v2H4v-2zm16 0H8v2h12v-2zM4 16h2v2H4v-2zm16 0H8v2h12v-2z\" fill=\"currentColor\"><\/path><\/svg><svg style=\"fill: #ffffff;color:#ffffff\" class=\"arrow-unsorted-368013\" xmlns=\"http:\/\/www.w3.org\/2000\/svg\" width=\"10px\" height=\"10px\" viewBox=\"0 0 24 24\" version=\"1.2\" baseProfile=\"tiny\"><path d=\"M18.2 9.3l-6.2-6.3-6.2 6.3c-.2.2-.3.4-.3.7s.1.5.3.7c.2.2.4.3.7.3h11c.3 0 .5-.1.7-.3.2-.2.3-.5.3-.7s-.1-.5-.3-.7zM5.8 14.7l6.2 6.3 6.2-6.3c.2-.2.3-.5.3-.7s-.1-.5-.3-.7c-.2-.2-.4-.3-.7-.3h-11c-.3 0-.5.1-.7.3-.2.2-.3.5-.3.7s.1.5.3.7z\"\/><\/svg><\/span><\/span><\/span><\/a><\/span><\/div>\n<nav><ul class='ez-toc-list ez-toc-list-level-1 eztoc-toggle-hide-by-default' ><li class='ez-toc-page-1 ez-toc-heading-level-2'><a class=\"ez-toc-link ez-toc-heading-1\" href=\"https:\/\/www.turna.com\/blog\/kutahya-gezilecek-yerler\/#kutahya_gezilecek_yerler\" >K\u00fctahya Gezilecek Yerler<\/a><\/li><li class='ez-toc-page-1 ez-toc-heading-level-2'><a class=\"ez-toc-link ez-toc-heading-2\" href=\"https:\/\/www.turna.com\/blog\/kutahya-gezilecek-yerler\/#aizanoi_antik_kenti\" >Aizanoi Antik Kenti<\/a><ul class='ez-toc-list-level-3' ><li class='ez-toc-heading-level-3'><a class=\"ez-toc-link ez-toc-heading-3\" href=\"https:\/\/www.turna.com\/blog\/kutahya-gezilecek-yerler\/#kutahya_kalesi\" >K\u00fctahya Kalesi<\/a><\/li><li class='ez-toc-page-1 ez-toc-heading-level-3'><a class=\"ez-toc-link ez-toc-heading-4\" href=\"https:\/\/www.turna.com\/blog\/kutahya-gezilecek-yerler\/#cinili_cami\" >\u00c7inili Cami<\/a><\/li><li class='ez-toc-page-1 ez-toc-heading-level-3'><a class=\"ez-toc-link ez-toc-heading-5\" href=\"https:\/\/www.turna.com\/blog\/kutahya-gezilecek-yerler\/#kutahya_ulu_camii\" >K\u00fctahya Ulu Camii<\/a><\/li><li class='ez-toc-page-1 ez-toc-heading-level-3'><a class=\"ez-toc-link ez-toc-heading-6\" href=\"https:\/\/www.turna.com\/blog\/kutahya-gezilecek-yerler\/#kutahya_saat_kulesi\" >K\u00fctahya Saat Kulesi<\/a><\/li><li class='ez-toc-page-1 ez-toc-heading-level-3'><a class=\"ez-toc-link ez-toc-heading-7\" href=\"https:\/\/www.turna.com\/blog\/kutahya-gezilecek-yerler\/#tarihi_kutahya_evleri\" >Tarihi K\u00fctahya Evleri<\/a><\/li><li class='ez-toc-page-1 ez-toc-heading-level-3'><a class=\"ez-toc-link ez-toc-heading-8\" href=\"https:\/\/www.turna.com\/blog\/kutahya-gezilecek-yerler\/#kutahya_arkeoloji_muzesi\" >K\u00fctahya Arkeoloji M\u00fczesi<\/a><\/li><li class='ez-toc-page-1 ez-toc-heading-level-3'><a class=\"ez-toc-link ez-toc-heading-9\" href=\"https:\/\/www.turna.com\/blog\/kutahya-gezilecek-yerler\/#kutahya_cini_muzesi\" >K\u00fctahya \u00c7ini M\u00fczesi<\/a><\/li><li class='ez-toc-page-1 ez-toc-heading-level-3'><a class=\"ez-toc-link ez-toc-heading-10\" href=\"https:\/\/www.turna.com\/blog\/kutahya-gezilecek-yerler\/#donenler_mevlevihanesi_ve_camii\" >D\u00f6nenler Mevlevihanesi ve Camii<\/a><\/li><li class='ez-toc-page-1 ez-toc-heading-level-3'><a class=\"ez-toc-link ez-toc-heading-11\" href=\"https:\/\/www.turna.com\/blog\/kutahya-gezilecek-yerler\/#kossuth_evi_muzesi\" >Kossuth Evi M\u00fczesi<\/a><\/li><li class='ez-toc-page-1 ez-toc-heading-level-3'><a class=\"ez-toc-link ez-toc-heading-12\" href=\"https:\/\/www.turna.com\/blog\/kutahya-gezilecek-yerler\/#dumlupinar_sehitligi\" >Dumlup\u0131nar \u015eehitli\u011fi<\/a><\/li><li class='ez-toc-page-1 ez-toc-heading-level-3'><a class=\"ez-toc-link ez-toc-heading-13\" href=\"https:\/\/www.turna.com\/blog\/kutahya-gezilecek-yerler\/#mizik_cami\" >M\u0131z\u0131k \u00c7am\u0131<\/a><\/li><li class='ez-toc-page-1 ez-toc-heading-level-3'><a class=\"ez-toc-link ez-toc-heading-14\" href=\"https:\/\/www.turna.com\/blog\/kutahya-gezilecek-yerler\/#1000_yillik_kestane_agaci\" >1000 Y\u0131ll\u0131k Kestane A\u011fac\u0131<\/a><\/li><li class='ez-toc-page-1 ez-toc-heading-level-3'><a class=\"ez-toc-link ez-toc-heading-15\" href=\"https:\/\/www.turna.com\/blog\/kutahya-gezilecek-yerler\/#domanic_ormanlari\" >Domani\u00e7 Ormanlar\u0131<\/a><\/li><li class='ez-toc-page-1 ez-toc-heading-level-3'><a class=\"ez-toc-link ez-toc-heading-16\" href=\"https:\/\/www.turna.com\/blog\/kutahya-gezilecek-yerler\/#frig_vadisi\" >Frig Vadisi<\/a><\/li><\/ul><\/li><li class='ez-toc-page-1 ez-toc-heading-level-2'><a class=\"ez-toc-link ez-toc-heading-17\" href=\"https:\/\/www.turna.com\/blog\/kutahya-gezilecek-yerler\/#kutahya_hakkinda_hap_bilgiler\" >K\u00fctahya Hakk\u0131nda Hap Bilgiler<\/a><ul class='ez-toc-list-level-3' ><li class='ez-toc-heading-level-3'><a class=\"ez-toc-link ez-toc-heading-18\" href=\"https:\/\/www.turna.com\/blog\/kutahya-gezilecek-yerler\/#kutahya_nerede_nasil_gidilir\" >K\u00fctahya Nerede, Nas\u0131l Gidilir ?<\/a><\/li><li class='ez-toc-page-1 ez-toc-heading-level-3'><a class=\"ez-toc-link ez-toc-heading-19\" href=\"https:\/\/www.turna.com\/blog\/kutahya-gezilecek-yerler\/#kutahya_kac_gunde_gezilir\" >K\u00fctahya Ka\u00e7 G\u00fcnde Gezilir ?<\/a><\/li><li class='ez-toc-page-1 ez-toc-heading-level-3'><a class=\"ez-toc-link ez-toc-heading-20\" href=\"https:\/\/www.turna.com\/blog\/kutahya-gezilecek-yerler\/#kutahyada_ne_yenir\" >K\u00fctahya&#8217;da Ne Yenir ?<\/a><\/li><li class='ez-toc-page-1 ez-toc-heading-level-3'><a class=\"ez-toc-link ez-toc-heading-21\" href=\"https:\/\/www.turna.com\/blog\/kutahya-gezilecek-yerler\/#kutahyada_nerede_kalinir\" >K\u00fctahya&#8217;da Nerede Kal\u0131n\u0131r ?<\/a><\/li><\/ul><\/li><\/ul><\/nav><\/div>\n\n<p>\u00c7ininin ba\u015fkenti K\u00fctahya tarihi ve do\u011fal miraslar\u0131 ile mutlaka ziyaret edilmesi gereken bir ilimiz. \u00dcstelik me\u015fhur seyahat yazar\u0131m\u0131z Evliya \u00c7elebi&#8217;nin memleketi K\u00fctahya. \u00c7inileri, yaylalar\u0131, kapl\u0131calar\u0131, tarihi ve k\u00fclt\u00fcrel de\u011ferleri ile ke\u015ffedilmeyi fazlas\u0131yla hak ediyor. K\u00fctahya gezilecek yerler tarih merakl\u0131lar\u0131n\u0131 da do\u011faseverleri de mutlu ediyor.<\/p>\n\n\n\n<h2 class=\"wp-block-heading has-text-align-center has-neeon-button-dark-gray-color has-text-color has-link-color wp-elements-dbcb31a51b3cbb1c4f47fb0f82a37e85\"><span class=\"ez-toc-section\" id=\"kutahya_gezilecek_yerler\"><\/span><strong>K\u00fctahya Gezilecek Yerler<\/strong><span class=\"ez-toc-section-end\"><\/span><\/h2>\n\n\n\n<p>UNESCO\u2019dan \u201cYarat\u0131c\u0131 \u015eehir\u201d unvan\u0131 alan bir \u015fehir K\u00fctahya. Bir \u00e7ok medeniyete ev sahipli\u011fi yapm\u0131\u015f olan \u015fehir zamana meydan okuyan tarihi yerleri, sanat\u0131, mutfak k\u00fclt\u00fcr\u00fc ve daha nice \u00f6zelli\u011fiyle hen\u00fcz ziyaret etmediyseniz en k\u0131sa zamanda plan yapman\u0131z gereken bir yer. O halde gelin bu g\u00fczel \u015fehirde ke\u015ffedilecek nereler var birlikte g\u00f6z atal\u0131m.<\/p>\n\n\n\n<p><strong>K\u00fctahya Gezilecek Yerler Listesi<\/strong><\/p>\n\n\n\n<ol class=\"wp-block-list\">\n<li>Aizanoi Antik Kenti<\/li>\n\n\n\n<li>K\u00fctahya Kalesi<\/li>\n\n\n\n<li>\u00c7inili Cami<\/li>\n\n\n\n<li>K\u00fctahya Ulu Camii<\/li>\n\n\n\n<li>K\u00fctahya Saat Kulesi<\/li>\n\n\n\n<li>Tarihi K\u00fctahya Evleri<\/li>\n\n\n\n<li>K\u00fctahya Arkeoloji M\u00fczesi<\/li>\n\n\n\n<li>K\u00fctahya \u00c7ini M\u00fczesi<\/li>\n\n\n\n<li>D\u00f6nenler Mevlevihanesi ve Camii<\/li>\n\n\n\n<li>Lajos Kossuth M\u00fczesi<\/li>\n\n\n\n<li>Dumlup\u0131nar \u015eehitli\u011fi<\/li>\n\n\n\n<li>M\u0131z\u0131k \u00c7am\u0131<\/li>\n\n\n\n<li>1000 Y\u0131ll\u0131k Kestane A\u011fac\u0131<\/li>\n\n\n\n<li>Domani\u00e7 Ormanlar\u0131<\/li>\n\n\n\n<li>Frig Vadisi<\/li>\n<\/ol>\n\n\n\n<h2 class=\"wp-block-heading has-text-align-center has-neeon-button-dark-gray-color has-text-color has-link-color wp-elements-e38a43f496d12c7622d7aeff90161a1f\"><span class=\"ez-toc-section\" id=\"aizanoi_antik_kenti\"><\/span><strong>Aizanoi Antik Kenti<\/strong><span class=\"ez-toc-section-end\"><\/span><\/h2>\n\n\n\n<figure class=\"wp-block-image size-large\"><img width=\"800\" height=\"500\" decoding=\"async\" src=\"data:image\/svg+xml;base64,PHN2ZyB4bWxucz0iaHR0cDovL3d3dy53My5vcmcvMjAwMC9zdmciIHdpZHRoPSI4MDAiIGhlaWdodD0iNTAwIj48cmVjdCB3aWR0aD0iMTAwJSIgaGVpZ2h0PSIxMDAlIj48YW5pbWF0ZSBhdHRyaWJ1dGVOYW1lPSJmaWxsIiB2YWx1ZXM9InJnYmEoMTUzLDE1MywxNTMsMC41KTtyZ2JhKDE1MywxNTMsMTUzLDAuMSk7cmdiYSgxNTMsMTUzLDE1MywwLjUpIiBkdXI9IjJzIiByZXBlYXRDb3VudD0iaW5kZWZpbml0ZSIgLz48L3JlY3Q+PC9zdmc+\" alt=\"Aizanoi Antik Kenti\" data-public-id=\"k\u00fctahya_aizanoi_antik_kenti\/k\u00fctahya_aizanoi_antik_kenti.jpg\" class=\"wp-post-21164 wp-image-21159\" data-format=\"jpg\" data-transformations=\"f_auto,q_auto:low\" data-version=\"1664545858\" data-seo=\"1\" data-size=\"800 500\" data-srcset=\"https:\/\/res.cloudinary.com\/turna\/images\/f_auto,q_auto:low\/v1664545858\/k\u00fctahya_aizanoi_antik_kenti\/k\u00fctahya_aizanoi_antik_kenti.jpg?_i=AA 800w, https:\/\/res.cloudinary.com\/turna\/images\/w_300,h_188,c_scale\/f_auto,q_auto:low\/v1664545858\/k\u00fctahya_aizanoi_antik_kenti\/k\u00fctahya_aizanoi_antik_kenti.jpg?_i=AA 300w, https:\/\/res.cloudinary.com\/turna\/images\/w_672,h_420,c_scale\/f_auto,q_auto:low\/v1664545858\/k\u00fctahya_aizanoi_antik_kenti\/k\u00fctahya_aizanoi_antik_kenti.jpg?_i=AA 672w, https:\/\/res.cloudinary.com\/turna\/images\/w_640,h_400,c_scale\/f_auto,q_auto:low\/v1664545858\/k\u00fctahya_aizanoi_antik_kenti\/k\u00fctahya_aizanoi_antik_kenti.jpg?_i=AA 640w, https:\/\/res.cloudinary.com\/turna\/images\/w_681,h_426,c_scale\/f_auto,q_auto:low\/v1664545858\/k\u00fctahya_aizanoi_antik_kenti\/k\u00fctahya_aizanoi_antik_kenti.jpg?_i=AA 681w\" data-sizes=\"(max-width: 800px) 100vw, 800px\" data-delivery=\"upload\" onload=\";window.CLDBind?CLDBind(this):null;\" data-cloudinary=\"lazy\" \/><\/figure>\n\n\n\n<p>Aizonai\u2019de rastlanan ilk topluluk Friglermi\u015f. Friglerden sonra Kimmer, Lidya, Pers, \u0130skender \u0130mparatorlu\u011fu, Bergama Krall\u0131\u011f\u0131 ve Roma imparatorlu\u011fu h\u00fck\u00fcm s\u00fcrm\u00fc\u015f bu topraklarda. Kent bir d\u00f6nem unutulup gitse de 1824\u2019te Avrupal\u0131 gezginler buray\u0131 yeniden ke\u015ffetmi\u015f. E\u011fer antik kentleri gezmeyi seviyorsan\u0131z s\u0131rf Aizanoi&#8217;yi g\u00f6rmek i\u00e7in bile yolunuzu K\u00fctahya&#8217;ya d\u00fc\u015f\u00fcr\u00fcn derim. Bu antik kent ile ilgili daha detayl\u0131 bilgi almak isterseniz <strong><a href=\"https:\/\/www.turna.com\/blog\/aizanoi-antik-kenti?swcfpc=1\" target=\"_blank\" rel=\"noreferrer noopener\">bu yaz\u0131m\u0131<\/a><\/strong> mutlaka okuyun.<\/p>\n\n\n\n<ul class=\"wp-block-list\">\n<li>Aizanoi Antik Kenti konumu <strong><a href=\"https:\/\/goo.gl\/maps\/5bN9hF6o1DEX4YiC6\" target=\"_blank\" rel=\"noreferrer noopener\">burada.<\/a><\/strong><\/li>\n<\/ul>\n\n\n\n<h3 class=\"wp-block-heading has-text-align-center has-neeon-button-dark-gray-color has-text-color has-link-color wp-elements-63c5ca8cbea27bb290e0f4a7d797e219\"><span class=\"ez-toc-section\" id=\"kutahya_kalesi\"><\/span><strong>K\u00fctahya Kalesi<\/strong><span class=\"ez-toc-section-end\"><\/span><\/h3>\n\n\n\n<figure class=\"wp-block-image size-large\"><img decoding=\"async\" src=\"https:\/\/res.cloudinary.com\/turna\/image\/upload\/v1665059284\/k%C3%BCtahya_kalesi_tarihi.jpg\" alt=\"K\u00fctahya Kalesi\"\/><\/figure>\n\n\n\n<p>K\u00fctahya&#8217;n\u0131n tarihi miraslar\u0131ndan biri de K\u00fctahya Kalesi. Kale bir Bizans eseri olarak g\u00fcn\u00fcm\u00fcze ula\u015fmay\u0131 ba\u015farm\u0131\u015f. Bu \u00f6nemli tarih miras\u0131n\u0131 K\u00fctahya&#8217;ya gitti\u011finizde mutlaka ziyaret etmelisiniz. Evliya \u00c7elebi eserinde kaleden T\u00fcrkiye\u2019nin 3. b\u00fcy\u00fck kalesi olarak bahsediyor.<\/p>\n\n\n\n<p>Ayr\u0131ca kale harika bir panoramik \u015fehir manzaras\u0131 sunuyor. Kalede bulunan d\u00f6ner gazino ad\u0131ndaki restoranda bir \u015feyler yiyip i\u00e7ebilirsiniz. Daha detayl\u0131 bilgi i\u00e7in <strong><a href=\"https:\/\/www.turna.com\/blog\/kutahya-kalesi?swcfpc=1\" target=\"_blank\" rel=\"noreferrer noopener\">K\u00fctahya Kalesi <\/a><\/strong>yaz\u0131m\u0131 da okuyun derim.<\/p>\n\n\n\n<ul class=\"wp-block-list\">\n<li>K\u00fctahya Kalesi konumu <strong><a href=\"https:\/\/goo.gl\/maps\/guLiwGUCAGNMut5H7\" target=\"_blank\" rel=\"noreferrer noopener\">burada.<\/a><\/strong><\/li>\n<\/ul>\n\n\n\n<h3 class=\"wp-block-heading has-text-align-center has-neeon-button-dark-gray-color has-text-color has-link-color wp-elements-81f671357f73d7a3e36e811a5d617305\"><span class=\"ez-toc-section\" id=\"cinili_cami\"><\/span><strong>\u00c7inili Cami<\/strong><span class=\"ez-toc-section-end\"><\/span><\/h3>\n\n\n\n<figure class=\"wp-block-image size-large\"><img decoding=\"async\" src=\"https:\/\/res.cloudinary.com\/turna\/image\/upload\/v1665411563\/k%C3%BCtahya_ula%C5%9F%C4%B1m.jpg\" alt=\"\u00c7inili Cami\"\/><\/figure>\n\n\n\n<p>K\u00fctahya \u00e7inileri ile \u00fcnl\u00fc bir \u015fehir. Bu \u00e7inilerin hayat buldu\u011fu \u00f6nemli bir eser de K\u00fctahya \u00c7inili Camii. Caminin i\u00e7i de d\u0131\u015f\u0131 da g\u00f6r\u00fclmeye de\u011fer. \u00c7ini sanat\u0131n\u0131n en g\u00fczel \u00f6rneklerini bu caminin mimarisinde g\u00f6rebilirsiniz. Cami \u015fuan tadilattan dolay\u0131 ziyarete kapal\u0131. 2023&#8217;te yeniden ziyarete a\u00e7\u0131lacakm\u0131\u015f. <strong><a href=\"https:\/\/www.turna.com\/blog\/kutahya-cinili-camii?swcfpc=1\" target=\"_blank\" rel=\"noreferrer noopener\">Bu yaz\u0131mdan<\/a><\/strong> daha detayl\u0131 bilgi edinebilirsiniz cami ile ilgili.<\/p>\n\n\n\n<ul class=\"wp-block-list\">\n<li>\u00c7inili Cami konumu <strong><a href=\"https:\/\/goo.gl\/maps\/LeG3R1epvJhfAHxp8\" target=\"_blank\" rel=\"noreferrer noopener\">burada.<\/a><\/strong><\/li>\n<\/ul>\n\n\n\n<h3 class=\"wp-block-heading has-text-align-center has-neeon-button-dark-gray-color has-text-color has-link-color wp-elements-105df584fc82b6373bb9917ab86ac3a1\"><span class=\"ez-toc-section\" id=\"kutahya_ulu_camii\"><\/span>K\u00fctahya Ulu Camii<span class=\"ez-toc-section-end\"><\/span><\/h3>\n\n\n\n<figure class=\"wp-block-image size-large\"><img decoding=\"async\" src=\"https:\/\/res.cloudinary.com\/turna\/image\/upload\/v1665668149\/k%C3%BCtahya_ulu_camii.jpg\" alt=\"K\u00fctahya Ulu Camii\"\/><\/figure>\n\n\n\n<p>K\u00fctahya Ulu Camii Y\u0131ld\u0131r\u0131m Beyaz\u0131t Camii ad\u0131yla da biliniyor. Y\u0131ld\u0131r\u0131m Bayezid zaman\u0131nda yap\u0131lmaya ba\u015flanmas\u0131ndan kaynakl\u0131 b\u00f6yle an\u0131l\u0131yor. Caminin yap\u0131m\u0131 1401&#8217;de tamamlanm\u0131\u015f.<\/p>\n\n\n\n<p>K\u00fctahya\u2019n\u0131n en b\u00fcy\u00fck camisi olma \u00f6zelli\u011fi ta\u015f\u0131yor. Cami i\u00e7indeki b\u00fcy\u00fck s\u00fctunlar Aizanoi Antik Kenti&#8217;nden getirilmi\u015f. Mihrab\u0131n sa\u011f\u0131ndaki K\u00e2be tasvirli \u00e7ini pano g\u00f6r\u00fclmeye de\u011fer.<\/p>\n\n\n\n<ul class=\"wp-block-list\">\n<li>K\u00fctahya Ulu Camii konumu <strong><a href=\"https:\/\/goo.gl\/maps\/5NymYDLy25RfU3o27\" target=\"_blank\" rel=\"noreferrer noopener\">burada.<\/a><\/strong><\/li>\n<\/ul>\n\n\n\n<h3 class=\"wp-block-heading has-text-align-center has-neeon-button-dark-gray-color has-text-color has-link-color wp-elements-8687304199858bed38bc48bcb43bcc1e\"><span class=\"ez-toc-section\" id=\"kutahya_saat_kulesi\"><\/span>K\u00fctahya Saat Kulesi<span class=\"ez-toc-section-end\"><\/span><\/h3>\n\n\n\n<p>K\u00fctahya Saat Kulesi ziyaret edebilece\u011finiz yerlerden biri. Orijinal kulenin asl\u0131 kilise \u00e7an kulesidir. 1922&#8217;de K\u00fctahya&#8217;n\u0131n kurtulu\u015fundan sonra kilise ile beraber belediyeye devredilmi\u015f. Belediye kiliseyi elektrik \u00fcretimi i\u00e7in kullanm\u0131\u015f. \u00c7an kulesinin de d\u00f6rt taraf\u0131na saat koyarak saat kulesi haline getirmi\u015fler.<\/p>\n\n\n\n<p>O d\u00f6nemin belediye ba\u015fkan\u0131&nbsp;bu kuleyi 1970&#8217;li y\u0131llar\u0131n ba\u015f\u0131nda y\u0131kt\u0131rm\u0131\u015f ve yerine i\u015f han\u0131 yapt\u0131rm\u0131\u015f.&nbsp;Mevcut yap\u0131 orijinaline sad\u0131k kal\u0131narak 2005 ve 2006 y\u0131llar\u0131nda yeniden in\u015fa edilmi\u015f.<\/p>\n\n\n\n<ul class=\"wp-block-list\">\n<li>K\u00fctahya Saat Kulesi konumu <strong><a href=\"https:\/\/goo.gl\/maps\/T92bVxeH6J94SXrb7\" target=\"_blank\" rel=\"noreferrer noopener\">burada.<\/a><\/strong><\/li>\n<\/ul>\n\n\n\n<h3 class=\"wp-block-heading has-text-align-center has-neeon-button-dark-gray-color has-text-color has-link-color wp-elements-18d5d3831bb25caccf4825809e4eb36e\"><span class=\"ez-toc-section\" id=\"tarihi_kutahya_evleri\"><\/span><strong>Tarihi K\u00fctahya Evleri<\/strong><span class=\"ez-toc-section-end\"><\/span><\/h3>\n\n\n\n<figure class=\"wp-block-image size-large\"><img width=\"800\" height=\"500\" decoding=\"async\" src=\"data:image\/svg+xml;base64,PHN2ZyB4bWxucz0iaHR0cDovL3d3dy53My5vcmcvMjAwMC9zdmciIHdpZHRoPSI4MDAiIGhlaWdodD0iNTAwIj48cmVjdCB3aWR0aD0iMTAwJSIgaGVpZ2h0PSIxMDAlIj48YW5pbWF0ZSBhdHRyaWJ1dGVOYW1lPSJmaWxsIiB2YWx1ZXM9InJnYmEoMTUzLDE1MywxNTMsMC41KTtyZ2JhKDE1MywxNTMsMTUzLDAuMSk7cmdiYSgxNTMsMTUzLDE1MywwLjUpIiBkdXI9IjJzIiByZXBlYXRDb3VudD0iaW5kZWZpbml0ZSIgLz48L3JlY3Q+PC9zdmc+\" alt=\"Tarihi K\u00fctahya Evleri\" data-public-id=\"tarihi_K\u00fctahya_evleri\/tarihi_K\u00fctahya_evleri.jpg\" class=\"wp-post-21164 wp-image-21166\" data-format=\"jpg\" data-transformations=\"f_auto,q_auto:low\" data-version=\"1665668149\" data-seo=\"1\" data-size=\"800 500\" data-srcset=\"https:\/\/res.cloudinary.com\/turna\/images\/f_auto,q_auto:low\/v1665668149\/tarihi_K\u00fctahya_evleri\/tarihi_K\u00fctahya_evleri.jpg?_i=AA 800w, https:\/\/res.cloudinary.com\/turna\/images\/w_300,h_188,c_scale\/f_auto,q_auto:low\/v1665668149\/tarihi_K\u00fctahya_evleri\/tarihi_K\u00fctahya_evleri.jpg?_i=AA 300w, https:\/\/res.cloudinary.com\/turna\/images\/w_672,h_420,c_scale\/f_auto,q_auto:low\/v1665668149\/tarihi_K\u00fctahya_evleri\/tarihi_K\u00fctahya_evleri.jpg?_i=AA 672w, https:\/\/res.cloudinary.com\/turna\/images\/w_640,h_400,c_scale\/f_auto,q_auto:low\/v1665668149\/tarihi_K\u00fctahya_evleri\/tarihi_K\u00fctahya_evleri.jpg?_i=AA 640w, https:\/\/res.cloudinary.com\/turna\/images\/w_681,h_426,c_scale\/f_auto,q_auto:low\/v1665668149\/tarihi_K\u00fctahya_evleri\/tarihi_K\u00fctahya_evleri.jpg?_i=AA 681w\" data-sizes=\"(max-width: 800px) 100vw, 800px\" data-delivery=\"upload\" onload=\";window.CLDBind?CLDBind(this):null;\" data-cloudinary=\"lazy\" \/><\/figure>\n\n\n\n<p>Ben seyahatlerimde o \u015fehrin tarihi evlerini g\u00f6rmeyi \u00e7ok severim. K\u00fctahya konaklar\u0131 da tarihin miraslar\u0131 olarak ziyaret edilmeyi bekliyor. Anadolu\u2019nun ah\u015fap mimari \u00f6zelliklerini ta\u015f\u0131yor K\u00fctahya evleri.<\/p>\n\n\n\n<p>Kendine \u00f6zg\u00fc iki ve \u00fc\u00e7 katl\u0131 bu evler eski konak k\u00fclt\u00fcr\u00fcn\u00fcn en g\u00fczel \u00f6rneklerinden. &#8221;\u00c7\u0131kma&#8221; K\u00fctahya evlerinin en \u00f6nemli \u00f6\u011fesi. Sokaklar olduk\u00e7a dar olsa da birbirine neredeyse de\u011fecek \u00e7\u0131kmalar yap\u0131lm\u0131\u015f. Germiyan ve Ahierbasan sokaklar\u0131nda sokak boyunca s\u0131ralanan bu evleri g\u00f6rebilirsiniz.<\/p>\n\n\n\n<ul class=\"wp-block-list\">\n<li>Tarihi K\u00fctahya Evleri konumu <strong><a href=\"https:\/\/goo.gl\/maps\/zzLXHgBPadgJAm4C9\" target=\"_blank\" rel=\"noreferrer noopener\">burada.<\/a><\/strong><\/li>\n<\/ul>\n\n\n\n<h3 class=\"wp-block-heading has-text-align-center has-neeon-button-dark-gray-color has-text-color has-link-color wp-elements-2fd8facfb20f9bc966f7b27a5fce1671\"><span class=\"ez-toc-section\" id=\"kutahya_arkeoloji_muzesi\"><\/span>K\u00fctahya Arkeoloji M\u00fczesi<span class=\"ez-toc-section-end\"><\/span><\/h3>\n\n\n\n<figure class=\"wp-block-image size-large\"><img decoding=\"async\" src=\"https:\/\/res.cloudinary.com\/turna\/image\/upload\/v1665668147\/k%C3%BCtahya_arkeoloji_m%C3%BCzesi.jpg\" alt=\"K\u00fctahya Arkeoloji M\u00fczesi\"\/><\/figure>\n\n\n\n<p>Medrese binas\u0131 1314&#8217;te Germiyan Beylerinden Umur bin Savc\u0131 taraf\u0131ndan yapt\u0131r\u0131lm\u0131\u015f. Vacidiye Medresesi olarak da biliniyor. G\u00fcn\u00fcm\u00fczde arkeoloji m\u00fczesi olarak hizmet veren medrese binas\u0131nda Paleolitik, Kalkolitik, Eski Tun\u00e7, Hitit, Frig, Helenistik, Roma, Bizans, Sel\u00e7uklu ve Osmanl\u0131 d\u00f6nemlerine ait eserler sergileniyor.<\/p>\n\n\n\n<p>Arkeoloji M\u00fczesindeki en \u00f6nemli eserlerden biri Amazonlar Lahdi. Aizanoi&#8217;de bulunan lahdin yan y\u00fczlerinde Greklerle Amazonlar aras\u0131ndaki sava\u015flar\u0131 betimleyen kabartmalar var. 1965&#8217;tenberi ziyarete a\u00e7\u0131k olan m\u00fczenin giri\u015f \u00fccreti 20 TL. M\u00fcze kart ile giri\u015f \u00fccretsiz.<\/p>\n\n\n\n<ul class=\"wp-block-list\">\n<li>K\u00fctahya Arkeoloji M\u00fczesi konumu <strong><a href=\"https:\/\/goo.gl\/maps\/N4KjST7Bmv81AuZt6\" target=\"_blank\" rel=\"noreferrer noopener\">burada.<\/a><\/strong><\/li>\n<\/ul>\n\n\n\n<h3 class=\"wp-block-heading has-text-align-center has-neeon-button-dark-gray-color has-text-color has-link-color wp-elements-def1a7c08f643f47d0440de2102ac235\"><span class=\"ez-toc-section\" id=\"kutahya_cini_muzesi\"><\/span><strong>K\u00fctahya \u00c7ini M\u00fczesi<\/strong><span class=\"ez-toc-section-end\"><\/span><\/h3>\n\n\n\n<figure class=\"wp-block-image size-large\"><img decoding=\"async\" src=\"https:\/\/res.cloudinary.com\/turna\/image\/upload\/v1665668149\/k%C3%BCtahya_%C3%A7ini_m%C3%BCzesi.jpg\" alt=\"K\u00fctahya \u00c7ini M\u00fczesi K\u00fctahya gezilecek yerler\"\/><\/figure>\n\n\n\n<p>K\u00fctahya \u00c7ini M\u00fczesi T\u00fcrkiye&#8217;nin ilk ve tek \u00e7ini m\u00fczesi olma \u00f6zelli\u011fini ta\u015f\u0131yor. Germiyan Beyi II. Yakup \u00c7elebi  taraf\u0131ndan 1411 y\u0131l\u0131nda imaret, medrese, mescit, k\u00fct\u00fcphane ve hamamdan olu\u015fan bir k\u00fclliye olarak yapt\u0131r\u0131lm\u0131\u015f. \u0130maret ve t\u00fcrbe b\u00f6l\u00fcm\u00fc \u00e7ini m\u00fczesi olarak hizmet veriyor.<\/p>\n\n\n\n<p>M\u00fczede 14. y\u00fczy\u0131ldan g\u00fcn\u00fcm\u00fcze kadar K\u00fctahya ve \u0130znik&#8217;te \u00fcretilen \u00e7ini eserler sergileniyor. M\u00fczeyi \u00fccretsiz \u015fekilde ziyaret edebilirsiniz. M\u00fcze her g\u00fcn a\u00e7\u0131k.<\/p>\n\n\n\n<ul class=\"wp-block-list\">\n<li>K\u00fctahya \u00c7ini M\u00fczesi konumu <strong><a href=\"https:\/\/goo.gl\/maps\/L63oRyknor7SV51S8\" target=\"_blank\" rel=\"noreferrer noopener\">burada.<\/a><\/strong><\/li>\n<\/ul>\n\n\n\n<h3 class=\"wp-block-heading has-text-align-center has-neeon-button-dark-gray-color has-text-color has-link-color wp-elements-a892c8329e6b4964ef8d50b84e14331a\"><span class=\"ez-toc-section\" id=\"donenler_mevlevihanesi_ve_camii\"><\/span>D\u00f6nenler Mevlevihanesi ve Camii<span class=\"ez-toc-section-end\"><\/span><\/h3>\n\n\n\n<figure class=\"wp-block-image size-large\"><img decoding=\"async\" src=\"https:\/\/res.cloudinary.com\/turna\/image\/upload\/v1665668147\/d%C3%B6nenler_mevlevihanesi_ve_cami.jpg\" alt=\"D\u00f6nenler Mevlevihanesi ve Camii\"\/><\/figure>\n\n\n\n<p>14&#8217;\u00fcnc\u00fc y\u00fczy\u0131lda Mevlevihanenin semahanesi olarak in\u015fa edilmi\u015f. K\u00fctahya\u2019n\u0131n ilk Mevlevihanesi iki kez onar\u0131m g\u00f6rm\u00fc\u015f. G\u00fcn\u00fcm\u00fcze ise semahane ile dervi\u015f h\u00fccreleri kalm\u0131\u015f. Bug\u00fcn cami olarak kullan\u0131l\u0131yor. Halk aras\u0131nda D\u00f6nenler Camii olarak da biliniyor.<\/p>\n\n\n\n<ul class=\"wp-block-list\">\n<li>D\u00f6nenler Mevlevihanesi ve Camii konumu <strong><a href=\"https:\/\/goo.gl\/maps\/A1ijDLwcDhJFkL1j8\" target=\"_blank\" rel=\"noreferrer noopener\">burada.<\/a><\/strong><\/li>\n<\/ul>\n\n\n\n<h3 class=\"wp-block-heading has-text-align-center has-neeon-button-dark-gray-color has-text-color has-link-color wp-elements-48305462af258ab1b8b5d474e53719c6\"><span class=\"ez-toc-section\" id=\"kossuth_evi_muzesi\"><\/span><strong>Kossuth Evi M\u00fczesi<\/strong><span class=\"ez-toc-section-end\"><\/span><\/h3>\n\n\n\n<figure class=\"wp-block-image size-large\"><img decoding=\"async\" src=\"https:\/\/res.cloudinary.com\/turna\/image\/upload\/v1665668148\/kossuth_evi_m%C3%BCzesi.jpg\" alt=\"Kossuth Evi M\u00fczesi\"\/><\/figure>\n\n\n\n<p>18. Y\u00fczy\u0131l\u2019dan kalma bir T\u00fcrk evi buras\u0131. Halk aras\u0131nda \u201cMacar Evi\u201d olarak da biliniyor. Macaristan \u00f6zg\u00fcrl\u00fck sava\u015f\u0131na \u00f6nderlik eden Avukat Lajos Kossuth, 1850-1851 y\u0131lar\u0131 aras\u0131nda bu evde konuk edilmi\u015f. Macaristan Anayasas\u0131 tasar\u0131s\u0131n\u0131 da bu evde haz\u0131rlam\u0131\u015f.<\/p>\n\n\n\n<p>M\u00fczede, Kossuth\u2019a ait ki\u015fisel e\u015fyalar\u0131, el yaz\u0131s\u0131 ile yazd\u0131\u011f\u0131 T\u00fcrk\u00e7e mektuplar\u0131n \u00f6rnekleri ayr\u0131ca Klasik K\u00fctahya evine ait etnografik eserler de sergileniyor. Bu M\u00fcze, L. Kossuth\u2019u tan\u0131tmakla kalmay\u0131p, T\u00fcrklerin konukseverli\u011fini de g\u00f6zler \u00f6n\u00fcne seriyor. \u00dccretsiz \u015fekilde gezebilirsiniz.<\/p>\n\n\n\n<ul class=\"wp-block-list\">\n<li>Lajos Kossuth M\u00fczesi konumu <strong><a href=\"https:\/\/goo.gl\/maps\/aKBQzvtcXU3kKT2B6\" target=\"_blank\" rel=\"noreferrer noopener\">burada.<\/a><\/strong><\/li>\n<\/ul>\n\n\n\n<h3 class=\"wp-block-heading has-text-align-center has-neeon-button-dark-gray-color has-text-color has-link-color wp-elements-9faefb2fb79fac1d202db6eaf7f742ea\"><span class=\"ez-toc-section\" id=\"dumlupinar_sehitligi\"><\/span><strong>Dumlup\u0131nar \u015eehitli\u011fi<\/strong><span class=\"ez-toc-section-end\"><\/span><\/h3>\n\n\n\n<figure class=\"wp-block-image size-large\"><img decoding=\"async\" src=\"https:\/\/res.cloudinary.com\/turna\/image\/upload\/v1665668147\/dumlup%C4%B1nar_%C5%9Fehitli%C4%9Fi.jpg\" alt=\"Dumlup\u0131nar \u015eehitli\u011fi\"\/><\/figure>\n\n\n\n<p>Dumlup\u0131nar \u015eehitli\u011fi K\u00fctahya&#8217;da ziyaret etmeniz gereken en \u00f6nemli yerlerin ba\u015f\u0131nda geliyor. Ba\u015fkomutan Meydan Muharebesi&nbsp;26 A\u011fustos 1922\u2019de Afyonkarahisar&#8217;dan ba\u015flam\u0131\u015f, 30 A\u011fustos 1922\u2019de Dumlup\u0131nar&#8217;da b\u00fcy\u00fck zaferle sona ermi\u015f.<\/p>\n\n\n\n<p><strong>Dumlup\u0131nar \u015eehitli\u011fi<\/strong>, Kurtulu\u015f Sava\u015f\u0131 boyunca t\u00fcm cephelerde \u015fehit d\u00fc\u015fen vatan evlatlar\u0131n\u0131n an\u0131s\u0131na yap\u0131lm\u0131\u015f. \u015eehitlikte&nbsp;\u00dc\u00e7 Komutan An\u0131t\u0131,&nbsp;Milisler An\u0131t\u0131, 500 ki\u015filik sembolik \u015fehit mezarlar\u0131 ve kitabeleri,&nbsp;\u015eehit Baba-O\u011ful An\u0131t\u0131,&nbsp;Mehmet\u00e7ik An\u0131t\u0131, Namazg\u00e2h ve \u015ead\u0131rvan mutlaka g\u00f6r\u00fclmeli.<\/p>\n\n\n\n<ul class=\"wp-block-list\">\n<li>Dumlup\u0131nar \u015eehitli\u011fi konumu <strong><a href=\"https:\/\/g.page\/dumlupinarsehitligi?share\" target=\"_blank\" rel=\"noreferrer noopener\">burada.<\/a><\/strong><\/li>\n<\/ul>\n\n\n\n<h3 class=\"wp-block-heading has-text-align-center has-neeon-button-dark-gray-color has-text-color has-link-color wp-elements-05a5a7a4e8850080291087e4802fa28d\"><span class=\"ez-toc-section\" id=\"mizik_cami\"><\/span><strong>M\u0131z\u0131k \u00c7am\u0131<\/strong><span class=\"ez-toc-section-end\"><\/span><\/h3>\n\n\n\n<figure class=\"wp-block-image size-large\"><img decoding=\"async\" src=\"https:\/\/res.cloudinary.com\/turna\/image\/upload\/v1665668149\/m%C4%B1z%C4%B1k_%C3%A7am%C4%B1.jpg\" alt=\"M\u0131z\u0131k \u00c7am\u0131\"\/><\/figure>\n\n\n\n<p>Kara\u00e7am cinsi M\u0131z\u0131k \u00c7am\u0131, 1980&#8217;de do\u011fal etkenler sonucu y\u0131k\u0131lm\u0131\u015f. \u00c7am\u0131n boyu 11 metre, \u00e7evresi 4.70 metre, ya\u015f\u0131 da yakla\u015f\u0131k 740 oldu\u011fu tespit edilmi\u015f. 1988 y\u0131l\u0131nda K\u00fclt\u00fcr ve Tabiat Varl\u0131klar\u0131n\u0131 Koruma Kurulu taraf\u0131ndan an\u0131t a\u011fa\u00e7 olarak tescil edilmi\u015f. Rivayete g\u00f6re Hayme Ana torunu Osmanl\u0131 Devleti&#8217;nin kurucusu Osman Gazi&#8217;yi bu ya\u015fl\u0131 \u00e7am a\u011fac\u0131n\u0131n dal\u0131na kurulan sal\u0131ncakta sallayarak uyuturmu\u015f.<\/p>\n\n\n\n<ul class=\"wp-block-list\">\n<li>M\u0131z\u0131k \u00c7am\u0131 konumu <strong><a href=\"https:\/\/goo.gl\/maps\/BKxBYHymFjCA2tML6\" target=\"_blank\" rel=\"noreferrer noopener\">burada.<\/a><\/strong><\/li>\n<\/ul>\n\n\n\n<h3 class=\"wp-block-heading has-text-align-center has-neeon-button-dark-gray-color has-text-color has-link-color wp-elements-7908e51e7887d66285a339948f358fc8\"><span class=\"ez-toc-section\" id=\"1000_yillik_kestane_agaci\"><\/span><strong>1000 Y\u0131ll\u0131k Kestane A\u011fac\u0131<\/strong><span class=\"ez-toc-section-end\"><\/span><\/h3>\n\n\n\n<figure class=\"wp-block-image size-large\"><img decoding=\"async\" src=\"https:\/\/res.cloudinary.com\/turna\/image\/upload\/v1665668147\/1000_y%C4%B1ll%C4%B1k_kestane_a%C4%9Fac%C4%B1.jpg\" alt=\"1000 Y\u0131ll\u0131k Kestane A\u011fac\u0131 K\u00fctahya gezilecek yerler\"\/><\/figure>\n\n\n\n<p>Bir\u00e7ok medeniyete tan\u0131kl\u0131k eden ve 1000 ya\u015f\u0131nda oldu\u011fu tahmin edilen a\u011fa\u00e7,&nbsp;T\u00fcrkiye\u2019nin en ya\u015fl\u0131 kestane a\u011fac\u0131&nbsp;unvan\u0131na sahip.&nbsp;1995\u2019te &#8220;an\u0131t a\u011fa\u00e7&#8221; olarak tescil edilmi\u015f.&nbsp;<\/p>\n\n\n\n<ul class=\"wp-block-list\">\n<li>1000 Y\u0131ll\u0131k Kestane A\u011fac\u0131 konumu <strong><a href=\"https:\/\/goo.gl\/maps\/dDzJV7ZpjuFYkgeD9\" target=\"_blank\" rel=\"noreferrer noopener\">burada.<\/a><\/strong><\/li>\n<\/ul>\n\n\n\n<h3 class=\"wp-block-heading has-text-align-center has-neeon-button-dark-gray-color has-text-color has-link-color wp-elements-5be5a5f22aca99a296ce1acc2315a030\"><span class=\"ez-toc-section\" id=\"domanic_ormanlari\"><\/span><strong>Domani\u00e7 Ormanlar\u0131<\/strong><span class=\"ez-toc-section-end\"><\/span><\/h3>\n\n\n\n<p><strong>K\u00fctahya&#8217;da gezilecek do\u011fal yerler<\/strong> ar\u0131yorsan\u0131z Domani\u00e7 Ormanlar\u0131 tam da ilac\u0131n\u0131z olacak yer. Buras\u0131 d\u00fcnyada yaln\u0131zca burada g\u00f6r\u00fclen ender a\u011fa\u00e7 t\u00fcrlerinden dolay\u0131 \u00f6nemli bir yer.<\/p>\n\n\n\n<p>Domani\u00e7 da\u011flar\u0131 oksijen zenginli\u011fiyle ad\u0131ndan s\u00f6z ettiriyor. Y\u00f6re halk\u0131 piknik i\u00e7in de buray\u0131 s\u0131kl\u0131kla tercih ediyor. K\u00fctahya&#8217;ya yakla\u015f\u0131k 90 km mesafede olan Domani\u00e7 Ormanlar\u0131 vaktiniz varsa K\u00fctahya gezilecek yerler listenizde olmal\u0131.<a href=\"https:\/\/www.google.com\/maps\/uv?pb=!1s0x14c962acddac6e1d:0x2f9558da25e73f76!3m1!7e115!5sGoogle%27da+Ara!15zQ2dJZ0FRPT0&amp;hl=tr&amp;imagekey=!1e10!2sAF1QipPdTYSN86qbAvF687f4AS-KDm0p9iCbiTceDj1y&amp;sa=X&amp;ved=2ahUKEwiv-rvbod36AhVNgf0HHWO5CgYQ9fkHKAB6BAgBEEM\" target=\"_blank\" rel=\"noopener\"><\/a><\/p>\n\n\n\n<ul class=\"wp-block-list\">\n<li>Domani\u00e7 Ormanlar\u0131 konumu <strong><a href=\"https:\/\/goo.gl\/maps\/7qh1ihkTWgNnUxf3A\" target=\"_blank\" rel=\"noreferrer noopener\">burada.<\/a><\/strong><\/li>\n<\/ul>\n\n\n\n<h3 class=\"wp-block-heading has-text-align-center has-neeon-button-dark-gray-color has-text-color has-link-color wp-elements-8f5cd3ac14caa3462be217bc80482512\"><span class=\"ez-toc-section\" id=\"frig_vadisi\"><\/span>Frig Vadisi<span class=\"ez-toc-section-end\"><\/span><\/h3>\n\n\n\n<p>Frig Vadisi olduk\u00e7a b\u00fcy\u00fck bir alan\u0131 kapl\u0131yor. Vadinin bir b\u00f6l\u00fcm\u00fc de K\u00fctahya s\u0131n\u0131rlar\u0131nda kal\u0131yor. Bu b\u00f6l\u00fcm Yeni Bosna k\u00f6y\u00fcnden ba\u015fl\u0131yor, Ovac\u0131k k\u00f6y\u00fcne kadar devam ediyor. <\/p>\n\n\n\n<p>Friglerin 11. y\u00fczy\u0131l\u0131n ortalar\u0131nda Anadolu\u2019ya geldikleri tahmin ediliyor. Frig tap\u0131nak mimarisini yans\u0131tan Kaya An\u0131tlar\u0131 onlardan g\u00fcn\u00fcm\u00fcze ula\u015fan en \u00f6nemli eserler. Bu eserleri toplu halde Afyon ve Eski\u015fehir aras\u0131ndaki b\u00f6lgede g\u00f6rebilirsiniz. Frig Vadisi ke\u015ffedilmeye de\u011fer K\u00fctahya turistik yerler aras\u0131nda yer al\u0131yor.<\/p>\n\n\n\n<ul class=\"wp-block-list\">\n<li>Frig Vadisi konumu <strong><a href=\"https:\/\/goo.gl\/maps\/CwM2etnBjwcsJkoa9\" target=\"_blank\" rel=\"noreferrer noopener\">burada.<\/a><\/strong><\/li>\n<\/ul>\n\n\n\n<h2 class=\"wp-block-heading has-text-align-center has-neeon-button-dark-gray-color has-text-color has-link-color wp-elements-835a52033fb7a95f68f6dff41f37a738\"><span class=\"ez-toc-section\" id=\"kutahya_hakkinda_hap_bilgiler\"><\/span><strong>K\u00fctahya <\/strong>Hakk\u0131nda Hap Bilgiler<span class=\"ez-toc-section-end\"><\/span><\/h2>\n\n\n\n<h3 class=\"wp-block-heading has-neeon-button-dark-gray-color has-text-color has-link-color wp-elements-cc496c605ee9f060c6e651450fc690f7\"><span class=\"ez-toc-section\" id=\"kutahya_nerede_nasil_gidilir\"><\/span><strong>K\u00fctahya Nerede, Nas\u0131l Gidilir ?<\/strong><span class=\"ez-toc-section-end\"><\/span><\/h3>\n\n\n\n<p>K\u00fctahya Ege b\u00f6lgesinde bulunan bir ilimiz. <strong><a href=\"https:\/\/www.turna.com\/blog\/kutahyaya-nasil-gidilir?swcfpc=1\" target=\"_blank\" rel=\"noreferrer noopener\">K\u00fctahya&#8217;ya nas\u0131l gidilir<\/a> <\/strong>yaz\u0131mdan da \u015fehre ula\u015f\u0131m ile ilgili t\u00fcm detayl\u0131 bilgiyi edinebilirsiniz.<\/p>\n\n\n\n<h3 class=\"wp-block-heading has-neeon-button-dark-gray-color has-text-color has-link-color wp-elements-5e2bbc32c7451d9e243f6b1305076d07\"><span class=\"ez-toc-section\" id=\"kutahya_kac_gunde_gezilir\"><\/span><strong>K\u00fctahya Ka\u00e7 G\u00fcnde Gezilir ?<\/strong><span class=\"ez-toc-section-end\"><\/span><\/h3>\n\n\n\n<p>K\u00fctahya gezilecek yerler listesi \u00e7ok kalabal\u0131k de\u011fil. O nedenle 2 g\u00fcnde rahatl\u0131kla gezebilirsiniz. \u015e\u00f6yle bir hafta sonu seyahati i\u00e7in ideal bir tercih olur K\u00fctahya.<\/p>\n\n\n\n<h3 class=\"wp-block-heading has-neeon-button-dark-gray-color has-text-color has-link-color wp-elements-c88daeb1271161e1b384955fa57e27ba\"><span class=\"ez-toc-section\" id=\"kutahyada_ne_yenir\"><\/span>K\u00fctahya&#8217;da Ne Yenir ?<span class=\"ez-toc-section-end\"><\/span><\/h3>\n\n\n\n<p>K\u00fctahya&#8217;da yenilebilecek harika lezzetler var. Cimcik, sini mant\u0131s\u0131, s\u0131k\u0131c\u0131k \u00e7orbas\u0131 gibi K\u00fctahya&#8217;ya has tatlar bunlar. Bu y\u00f6resel yemeklerle ilgili <strong><a href=\"https:\/\/www.turna.com\/blog\/kutahyada-ne-yenir?swcfpc=1\" target=\"_blank\" rel=\"noreferrer noopener\">K\u00fctahya&#8217;da ne yenir <\/a><\/strong>yaz\u0131ma bakabilirsiniz.<\/p>\n\n\n\n<h3 class=\"wp-block-heading has-neeon-button-dark-gray-color has-text-color has-link-color wp-elements-a70b996da5a3ee1b087d72bccceab0cf\"><span class=\"ez-toc-section\" id=\"kutahyada_nerede_kalinir\"><\/span>K\u00fctahya&#8217;da Nerede Kal\u0131n\u0131r ?<span class=\"ez-toc-section-end\"><\/span><\/h3>\n\n\n\n<p>K\u00fctahya seyahatinizde 1-2 gece konaklaman\u0131z gerekebilir. Bu durumda <strong><a href=\"https:\/\/www.turna.com\/otel\" target=\"_blank\" rel=\"noreferrer noopener\">Turna.com<\/a><\/strong> otel se\u00e7eneklerine g\u00f6z atmay\u0131 ve rezervasyonunuzu yapt\u0131rmay\u0131 ihmal etmeyin.<\/p>\n\n\n\n<p>T\u00fcm bu yerleri g\u00f6rmek isterseniz tek yapman\u0131z gereken <strong><a href=\"https:\/\/www.turna.com\/ucak-bileti\/kutahya\" target=\"_blank\" rel=\"noreferrer noopener\">K\u00fctahya u\u00e7ak bileti<\/a><\/strong> almak.   <\/p>\n\n\n\n<p><\/p>\n\n    <div class=\"xs_social_share_widget xs_share_url after_content \t\tmain_content  wslu-style-1 wslu-share-box-shaped wslu-fill-colored wslu-none wslu-share-horizontal wslu-theme-font-no wslu-main_content\">\n\n\t\t\n        <ul>\n\t\t\t        <\/ul>\n    <\/div> \n","protected":false},"excerpt":{"rendered":"<p>Ku\u015fadas\u0131 gezilecek yerler tarihi, do\u011fas\u0131, birbirinden g\u00fczel plajlar\u0131 ile tatilinizi renklendirmek i\u00e7in sizi bekliyor.<\/p>\n","protected":false},"author":34,"featured_media":21166,"comment_status":"open","ping_status":"open","sticky":false,"template":"","format":"standard","meta":{"rop_custom_images_group":[],"rop_custom_messages_group":[],"rop_publish_now":"initial","rop_publish_now_accounts":[],"rop_publish_now_history":[],"rop_publish_now_status":"pending","_cloudinary_featured_overwrite":false,"footnotes":""},"categories":[2,1847,84],"tags":[926],"class_list":["post-21164","post","type-post","status-publish","format-standard","has-post-thumbnail","hentry","category-ulkeler","category-kutahya","category-turkiye","tag-kutahya"],"_links":{"self":[{"href":"https:\/\/www.turna.com\/blog\/wp-json\/wp\/v2\/posts\/21164","targetHints":{"allow":["GET"]}}],"collection":[{"href":"https:\/\/www.turna.com\/blog\/wp-json\/wp\/v2\/posts"}],"about":[{"href":"https:\/\/www.turna.com\/blog\/wp-json\/wp\/v2\/types\/post"}],"author":[{"embeddable":true,"href":"https:\/\/www.turna.com\/blog\/wp-json\/wp\/v2\/users\/34"}],"replies":[{"embeddable":true,"href":"https:\/\/www.turna.com\/blog\/wp-json\/wp\/v2\/comments?post=21164"}],"version-history":[{"count":0,"href":"https:\/\/www.turna.com\/blog\/wp-json\/wp\/v2\/posts\/21164\/revisions"}],"wp:featuredmedia":[{"embeddable":true,"href":"https:\/\/www.turna.com\/blog\/wp-json\/wp\/v2\/media\/21166"}],"wp:attachment":[{"href":"https:\/\/www.turna.com\/blog\/wp-json\/wp\/v2\/media?parent=21164"}],"wp:term":[{"taxonomy":"category","embeddable":true,"href":"https:\/\/www.turna.com\/blog\/wp-json\/wp\/v2\/categories?post=21164"},{"taxonomy":"post_tag","embeddable":true,"href":"https:\/\/www.turna.com\/blog\/wp-json\/wp\/v2\/tags?post=21164"}],"curies":[{"name":"wp","href":"https:\/\/api.w.org\/{rel}","templated":true}]}}