{"id":21146,"date":"2022-10-07T17:57:08","date_gmt":"2022-10-07T14:57:08","guid":{"rendered":"https:\/\/www.turna.com\/blog\/?p=21146"},"modified":"2025-12-09T16:49:37","modified_gmt":"2025-12-09T13:49:37","slug":"kutahya-cinili-camii","status":"publish","type":"post","link":"https:\/\/www.turna.com\/blog\/kutahya-cinili-camii","title":{"rendered":"K\u00fctahya \u00c7inili Camii"},"content":{"rendered":"<div id=\"ez-toc-container\" class=\"ez-toc-v2_0_82_2 counter-hierarchy ez-toc-counter ez-toc-black ez-toc-container-direction\">\n<div class=\"ez-toc-title-container\">\n<p class=\"ez-toc-title\" style=\"cursor:inherit\">\u0130\u00e7indekiler<\/p>\n<span class=\"ez-toc-title-toggle\"><a href=\"#\" class=\"ez-toc-pull-right ez-toc-btn ez-toc-btn-xs ez-toc-btn-default ez-toc-toggle\" aria-label=\"\u0130\u00e7indekiler Tablosunu A\u00e7\/Kapat\"><span class=\"ez-toc-js-icon-con\"><span class=\"\"><span class=\"eztoc-hide\" style=\"display:none;\">Toggle<\/span><span class=\"ez-toc-icon-toggle-span\"><svg style=\"fill: #ffffff;color:#ffffff\" xmlns=\"http:\/\/www.w3.org\/2000\/svg\" class=\"list-377408\" width=\"20px\" height=\"20px\" viewBox=\"0 0 24 24\" fill=\"none\"><path d=\"M6 6H4v2h2V6zm14 0H8v2h12V6zM4 11h2v2H4v-2zm16 0H8v2h12v-2zM4 16h2v2H4v-2zm16 0H8v2h12v-2z\" fill=\"currentColor\"><\/path><\/svg><svg style=\"fill: #ffffff;color:#ffffff\" class=\"arrow-unsorted-368013\" xmlns=\"http:\/\/www.w3.org\/2000\/svg\" width=\"10px\" height=\"10px\" viewBox=\"0 0 24 24\" version=\"1.2\" baseProfile=\"tiny\"><path d=\"M18.2 9.3l-6.2-6.3-6.2 6.3c-.2.2-.3.4-.3.7s.1.5.3.7c.2.2.4.3.7.3h11c.3 0 .5-.1.7-.3.2-.2.3-.5.3-.7s-.1-.5-.3-.7zM5.8 14.7l6.2 6.3 6.2-6.3c.2-.2.3-.5.3-.7s-.1-.5-.3-.7c-.2-.2-.4-.3-.7-.3h-11c-.3 0-.5.1-.7.3-.2.2-.3.5-.3.7s.1.5.3.7z\"\/><\/svg><\/span><\/span><\/span><\/a><\/span><\/div>\n<nav><ul class='ez-toc-list ez-toc-list-level-1 eztoc-toggle-hide-by-default' ><li class='ez-toc-page-1 ez-toc-heading-level-2'><a class=\"ez-toc-link ez-toc-heading-1\" href=\"https:\/\/www.turna.com\/blog\/kutahya-cinili-camii\/#kutahya_cinili_camii_hakkinda_bilgi\" >K\u00fctahya \u00c7inili Camii Hakk\u0131nda Bilgi<\/a><ul class='ez-toc-list-level-3' ><li class='ez-toc-heading-level-3'><a class=\"ez-toc-link ez-toc-heading-2\" href=\"https:\/\/www.turna.com\/blog\/kutahya-cinili-camii\/#cinili_camii_nerede\" >\u00c7inili Camii Nerede?<\/a><\/li><li class='ez-toc-page-1 ez-toc-heading-level-3'><a class=\"ez-toc-link ez-toc-heading-3\" href=\"https:\/\/www.turna.com\/blog\/kutahya-cinili-camii\/#kutahya_cinili_camii_tarihcesi\" >K\u00fctahya \u00c7inili Camii Tarih\u00e7esi<\/a><\/li><\/ul><\/li><\/ul><\/nav><\/div>\n\n<p>K\u00fctahya gezilecek yerler i\u00e7inde g\u00f6rmeniz gereken en \u00f6nemli yap\u0131lardan biri \u00c7inili Camii. K\u00fctahya&#8217;n\u0131n merkezinde yer alan camii hem d\u0131\u015f hem de i\u00e7 mimarisiyle dikkat \u00e7ekiyor. Mimarisi \u00e7inilerle s\u00fcsl\u00fc oldu\u011fu i\u00e7in bu ismi alm\u0131\u015f. Camii Orta Asya&#8217;dan g\u00fcn\u00fcm\u00fcze T\u00fcrklerin \u0130slam mimarisinin yans\u0131mas\u0131 niteli\u011finde.<\/p>\n\n\n\n<p>Camii \u015fu an ibadete ve ziyarete a\u00e7\u0131k de\u011fil. Zeminde ya\u015fanan sorunlardan dolay\u0131 ziyarete kapat\u0131lm\u0131\u015f. Sorunun caminin y\u0131k\u0131l\u0131p yeniden yap\u0131lmadan \u00e7\u00f6z\u00fclebilmesi i\u00e7in yollar aranm\u0131\u015f. \u00c7\u00fcnk\u00fc bu y\u0131k\u0131ma kimse r\u0131za g\u00f6stermemi\u015f. Hem de yap\u0131lan yeni cami asl\u0131n\u0131n bir replikas\u0131 olmaktan \u00f6teye ge\u00e7emeyece\u011fi i\u00e7in karar s\u00fcreci epey uzun s\u00fcrm\u00fc\u015f. Ancak nihayet s\u00fcre\u00e7te sona gelindi\u011fini ve caminin 2023 y\u0131l\u0131nda yeniden ibadete a\u00e7\u0131laca\u011f\u0131n\u0131 duyurdular.<\/p>\n\n\n\n<h2 class=\"wp-block-heading has-text-align-center has-neeon-button-dark-gray-color has-text-color has-link-color wp-elements-eec326aec8378645591b6bc19a6c10ed\"><span class=\"ez-toc-section\" id=\"kutahya_cinili_camii_hakkinda_bilgi\"><\/span>K\u00fctahya \u00c7inili Camii Hakk\u0131nda Bilgi<span class=\"ez-toc-section-end\"><\/span><\/h2>\n\n\n\n<figure class=\"wp-block-image size-large\"><img width=\"800\" height=\"500\" decoding=\"async\" src=\"data:image\/svg+xml;base64,PHN2ZyB4bWxucz0iaHR0cDovL3d3dy53My5vcmcvMjAwMC9zdmciIHdpZHRoPSI4MDAiIGhlaWdodD0iNTAwIj48cmVjdCB3aWR0aD0iMTAwJSIgaGVpZ2h0PSIxMDAlIj48YW5pbWF0ZSBhdHRyaWJ1dGVOYW1lPSJmaWxsIiB2YWx1ZXM9InJnYmEoMTUzLDE1MywxNTMsMC41KTtyZ2JhKDE1MywxNTMsMTUzLDAuMSk7cmdiYSgxNTMsMTUzLDE1MywwLjUpIiBkdXI9IjJzIiByZXBlYXRDb3VudD0iaW5kZWZpbml0ZSIgLz48L3JlY3Q+PC9zdmc+\" alt=\"K\u00fctahya \u00c7inili Camii Hakk\u0131nda Bilgi\" data-public-id=\"K\u00fctahya_\u00e7inili_cami\/K\u00fctahya_\u00e7inili_cami.jpg\" class=\"wp-post-21146 wp-image-21147\" data-format=\"jpg\" data-transformations=\"f_auto,q_auto:low\" data-version=\"1665154527\" data-seo=\"1\" data-size=\"800 500\" data-srcset=\"https:\/\/res.cloudinary.com\/turna\/images\/f_auto,q_auto:low\/v1665154527\/K\u00fctahya_\u00e7inili_cami\/K\u00fctahya_\u00e7inili_cami.jpg?_i=AA 800w, https:\/\/res.cloudinary.com\/turna\/images\/w_300,h_188,c_scale\/f_auto,q_auto:low\/v1665154527\/K\u00fctahya_\u00e7inili_cami\/K\u00fctahya_\u00e7inili_cami.jpg?_i=AA 300w, https:\/\/res.cloudinary.com\/turna\/images\/w_672,h_420,c_scale\/f_auto,q_auto:low\/v1665154527\/K\u00fctahya_\u00e7inili_cami\/K\u00fctahya_\u00e7inili_cami.jpg?_i=AA 672w, https:\/\/res.cloudinary.com\/turna\/images\/w_640,h_400,c_scale\/f_auto,q_auto:low\/v1665154527\/K\u00fctahya_\u00e7inili_cami\/K\u00fctahya_\u00e7inili_cami.jpg?_i=AA 640w, https:\/\/res.cloudinary.com\/turna\/images\/w_681,h_426,c_scale\/f_auto,q_auto:low\/v1665154527\/K\u00fctahya_\u00e7inili_cami\/K\u00fctahya_\u00e7inili_cami.jpg?_i=AA 681w\" data-sizes=\"(max-width: 800px) 100vw, 800px\" data-delivery=\"upload\" onload=\";window.CLDBind?CLDBind(this):null;\" data-cloudinary=\"lazy\" \/><\/figure>\n\n\n\n<p>\u00c7inili Camii, d\u00fcnyada bile e\u015fi benzeri olmayan bir yap\u0131. K\u00fctahya\u2019n\u0131n simgesi olan \u00c7inili Cami\u2019nin t\u00fcm i\u00e7 duvarlar\u0131 ve d\u0131\u015f y\u00fczeyi K\u00fctahya \u00e7inileriyle kapl\u0131. Cami, yap\u0131s\u0131, tarz\u0131 ve s\u00fcsleme \u00fcslubuyla Orta Asya T\u00fcrk mimarisinden esintiler yans\u0131t\u0131yor.<\/p>\n\n\n\n<p>Caminin sekizgen iki katl\u0131 ve tek kubbeli ana g\u00f6vdesi var. Caminin d\u0131\u015f y\u00fcz\u00fc \u00f6zel \u00fcretim mavi K\u00fctahya \u00e7inileriyle s\u00fcsl\u00fc. T\u00fcrk motiflerinin kullan\u0131ld\u0131\u011f\u0131 s\u00fcslemeleri olduk\u00e7a \u00f6zg\u00fcn. \u00c7inili Camiyi ziyaretinizin ard\u0131ndan, K\u00fctahya Kalesi\u2019ni, \u00c7ini M\u00fczesi\u2019ni, Dumlup\u0131nar M\u00fczesi\u2019ni ve Dumlup\u0131nar \u015eehitli\u011fi\u2019ni de ziyaret edebilirsiniz.<\/p>\n\n\n\n<h3 class=\"wp-block-heading has-text-align-center has-neeon-button-dark-gray-color has-text-color has-link-color wp-elements-45740d44dd3bb6be568bf6f78fc2ecc1\"><span class=\"ez-toc-section\" id=\"cinili_camii_nerede\"><\/span><strong>\u00c7inili Camii Nerede?<\/strong><span class=\"ez-toc-section-end\"><\/span><\/h3>\n\n\n\n<p>\u00c7inili Camii K\u00fctahya&#8217;n\u0131n merkezinde Maltepe mahallesinde bulunuyor. Olu\u015fan hasarlar nedeniyle 2018 y\u0131l\u0131nda ibadete kapat\u0131lm\u0131\u015ft\u0131 camii. Restorasyon ile ilgili proje a\u015famas\u0131 tamamlanm\u0131\u015f. Uygulama a\u015famas\u0131ndan sonra 2023 y\u0131l\u0131nda yeniden ibadete a\u00e7\u0131laca\u011f\u0131 s\u00f6yleniyor.<\/p>\n\n\n\n<ul class=\"wp-block-list\">\n<li>K\u00fctahya \u00c7inili Camii konumu <strong><a href=\"https:\/\/goo.gl\/maps\/ZHJ3YUcyZ6rmLmi2A\" target=\"_blank\" rel=\"noreferrer noopener\">burada.<\/a><\/strong><\/li>\n<\/ul>\n\n\n\n<h3 class=\"wp-block-heading has-text-align-center has-neeon-button-dark-gray-color has-text-color has-link-color wp-elements-7bee45840800f4c91d910e1f6f3ecaee\"><span class=\"ez-toc-section\" id=\"kutahya_cinili_camii_tarihcesi\"><\/span><strong>K\u00fctahya \u00c7inili Camii Tarih\u00e7esi<\/strong><span class=\"ez-toc-section-end\"><\/span><\/h3>\n\n\n\n<p>Camii, Ressam ve Neyzen Ahmet Yakupo\u011flu taraf\u0131ndan 1973 y\u0131l\u0131nda yapt\u0131r\u0131lm\u0131\u015f. <\/p>\n\n\n\n<p>Bu tarihi camiiyi ziyaret etmek i\u00e7in tek yapman\u0131z gereken&nbsp;<strong><a href=\"https:\/\/www.turna.com\/ucak-bileti\/kutahya?swcfpc=1\" target=\"_blank\" rel=\"noreferrer noopener\">K\u00fctahya u\u00e7ak bileti<\/a><\/strong>&nbsp;almak. Ayr\u0131ca K\u00fctahya ile ilgili yazd\u0131\u011f\u0131m di\u011fer yaz\u0131lar\u0131m\u0131 da mutlaka okuyun.<\/p>\n\n\n\n<p><strong><a href=\"https:\/\/www.turna.com\/blog\/kutahya-gezilecek-yerler?swcfpc=1\" target=\"_blank\" rel=\"noreferrer noopener\">K\u00fctahya Gezilecek Yerler<\/a><\/strong><\/p>\n\n\n\n<p><strong><a href=\"https:\/\/www.turna.com\/blog\/aizanoi-antik-kenti?swcfpc=1\" target=\"_blank\" rel=\"noreferrer noopener\">Aizanoi Antik Kenti<\/a><\/strong><\/p>\n\n\n\n<p><strong><a href=\"https:\/\/www.turna.com\/blog\/kutahya-kalesi?swcfpc=1\" target=\"_blank\" rel=\"noreferrer noopener\">K\u00fctahya Kalesi<\/a><\/strong><\/p>\n\n    <div class=\"xs_social_share_widget xs_share_url after_content \t\tmain_content  wslu-style-1 wslu-share-box-shaped wslu-fill-colored wslu-none wslu-share-horizontal wslu-theme-font-no wslu-main_content\">\n\n\t\t\n        <ul>\n\t\t\t        <\/ul>\n    <\/div> \n","protected":false},"excerpt":{"rendered":"<p>K\u00fctahya gezilecek yerler i\u00e7inde g\u00f6rmeniz gereken en \u00f6nemli yap\u0131lardan biri \u00c7inili Camii. K\u00fctahya&#8217;n\u0131n merkezinde yer alan camii hem d\u0131\u015f hem de i\u00e7 mimarisiyle dikkat \u00e7ekiyor. Mimarisi \u00e7inilerle s\u00fcsl\u00fc oldu\u011fu i\u00e7in bu ismi alm\u0131\u015f. Camii Orta Asya&#8217;dan g\u00fcn\u00fcm\u00fcze T\u00fcrklerin \u0130slam mimarisinin yans\u0131mas\u0131 niteli\u011finde.<\/p>\n","protected":false},"author":34,"featured_media":21147,"comment_status":"open","ping_status":"open","sticky":false,"template":"","format":"standard","meta":{"rop_custom_images_group":[],"rop_custom_messages_group":[],"rop_publish_now":"initial","rop_publish_now_accounts":[],"rop_publish_now_history":[],"rop_publish_now_status":"pending","_cloudinary_featured_overwrite":false,"footnotes":""},"categories":[84,1847],"tags":[926],"class_list":["post-21146","post","type-post","status-publish","format-standard","has-post-thumbnail","hentry","category-turkiye","category-kutahya","tag-kutahya"],"_links":{"self":[{"href":"https:\/\/www.turna.com\/blog\/wp-json\/wp\/v2\/posts\/21146","targetHints":{"allow":["GET"]}}],"collection":[{"href":"https:\/\/www.turna.com\/blog\/wp-json\/wp\/v2\/posts"}],"about":[{"href":"https:\/\/www.turna.com\/blog\/wp-json\/wp\/v2\/types\/post"}],"author":[{"embeddable":true,"href":"https:\/\/www.turna.com\/blog\/wp-json\/wp\/v2\/users\/34"}],"replies":[{"embeddable":true,"href":"https:\/\/www.turna.com\/blog\/wp-json\/wp\/v2\/comments?post=21146"}],"version-history":[{"count":0,"href":"https:\/\/www.turna.com\/blog\/wp-json\/wp\/v2\/posts\/21146\/revisions"}],"wp:featuredmedia":[{"embeddable":true,"href":"https:\/\/www.turna.com\/blog\/wp-json\/wp\/v2\/media\/21147"}],"wp:attachment":[{"href":"https:\/\/www.turna.com\/blog\/wp-json\/wp\/v2\/media?parent=21146"}],"wp:term":[{"taxonomy":"category","embeddable":true,"href":"https:\/\/www.turna.com\/blog\/wp-json\/wp\/v2\/categories?post=21146"},{"taxonomy":"post_tag","embeddable":true,"href":"https:\/\/www.turna.com\/blog\/wp-json\/wp\/v2\/tags?post=21146"}],"curies":[{"name":"wp","href":"https:\/\/api.w.org\/{rel}","templated":true}]}}