{"id":21142,"date":"2022-10-06T15:30:40","date_gmt":"2022-10-06T12:30:40","guid":{"rendered":"https:\/\/www.turna.com\/blog\/?p=21142"},"modified":"2025-12-09T16:50:12","modified_gmt":"2025-12-09T13:50:12","slug":"kutahya-kalesi","status":"publish","type":"post","link":"https:\/\/www.turna.com\/blog\/kutahya-kalesi","title":{"rendered":"K\u00fctahya Kalesi : K\u00fctahya&#8217;n\u0131n Tarihi Miras\u0131"},"content":{"rendered":"<div id=\"ez-toc-container\" class=\"ez-toc-v2_0_82_2 counter-hierarchy ez-toc-counter ez-toc-black ez-toc-container-direction\">\n<div class=\"ez-toc-title-container\">\n<p class=\"ez-toc-title\" style=\"cursor:inherit\">\u0130\u00e7indekiler<\/p>\n<span class=\"ez-toc-title-toggle\"><a href=\"#\" class=\"ez-toc-pull-right ez-toc-btn ez-toc-btn-xs ez-toc-btn-default ez-toc-toggle\" aria-label=\"\u0130\u00e7indekiler Tablosunu A\u00e7\/Kapat\"><span class=\"ez-toc-js-icon-con\"><span class=\"\"><span class=\"eztoc-hide\" style=\"display:none;\">Toggle<\/span><span class=\"ez-toc-icon-toggle-span\"><svg style=\"fill: #ffffff;color:#ffffff\" xmlns=\"http:\/\/www.w3.org\/2000\/svg\" class=\"list-377408\" width=\"20px\" height=\"20px\" viewBox=\"0 0 24 24\" fill=\"none\"><path d=\"M6 6H4v2h2V6zm14 0H8v2h12V6zM4 11h2v2H4v-2zm16 0H8v2h12v-2zM4 16h2v2H4v-2zm16 0H8v2h12v-2z\" fill=\"currentColor\"><\/path><\/svg><svg style=\"fill: #ffffff;color:#ffffff\" class=\"arrow-unsorted-368013\" xmlns=\"http:\/\/www.w3.org\/2000\/svg\" width=\"10px\" height=\"10px\" viewBox=\"0 0 24 24\" version=\"1.2\" baseProfile=\"tiny\"><path d=\"M18.2 9.3l-6.2-6.3-6.2 6.3c-.2.2-.3.4-.3.7s.1.5.3.7c.2.2.4.3.7.3h11c.3 0 .5-.1.7-.3.2-.2.3-.5.3-.7s-.1-.5-.3-.7zM5.8 14.7l6.2 6.3 6.2-6.3c.2-.2.3-.5.3-.7s-.1-.5-.3-.7c-.2-.2-.4-.3-.7-.3h-11c-.3 0-.5.1-.7.3-.2.2-.3.5-.3.7s.1.5.3.7z\"\/><\/svg><\/span><\/span><\/span><\/a><\/span><\/div>\n<nav><ul class='ez-toc-list ez-toc-list-level-1 eztoc-toggle-hide-by-default' ><li class='ez-toc-page-1 ez-toc-heading-level-2'><a class=\"ez-toc-link ez-toc-heading-1\" href=\"https:\/\/www.turna.com\/blog\/kutahya-kalesi\/#kutahya_kalesi_hakkinda_bilgi\" >K\u00fctahya Kalesi Hakk\u0131nda Bilgi<\/a><ul class='ez-toc-list-level-3' ><li class='ez-toc-heading-level-3'><a class=\"ez-toc-link ez-toc-heading-2\" href=\"https:\/\/www.turna.com\/blog\/kutahya-kalesi\/#kutahya_kalesi_nerede\" >K\u00fctahya Kalesi Nerede?<\/a><\/li><li class='ez-toc-page-1 ez-toc-heading-level-3'><a class=\"ez-toc-link ez-toc-heading-3\" href=\"https:\/\/www.turna.com\/blog\/kutahya-kalesi\/#kutahya_kalesi_tarihi\" >K\u00fctahya Kalesi Tarihi<\/a><\/li><li class='ez-toc-page-1 ez-toc-heading-level-3'><a class=\"ez-toc-link ez-toc-heading-4\" href=\"https:\/\/www.turna.com\/blog\/kutahya-kalesi\/#kutahya_kalesi_efsanesi\" >K\u00fctahya Kalesi Efsanesi<\/a><\/li><li class='ez-toc-page-1 ez-toc-heading-level-3'><a class=\"ez-toc-link ez-toc-heading-5\" href=\"https:\/\/www.turna.com\/blog\/kutahya-kalesi\/#kutahya_kalesi_ne_amacla_yapilmistir\" >K\u00fctahya Kalesi ne ama\u00e7la yap\u0131lm\u0131\u015ft\u0131r?<\/a><\/li><li class='ez-toc-page-1 ez-toc-heading-level-3'><a class=\"ez-toc-link ez-toc-heading-6\" href=\"https:\/\/www.turna.com\/blog\/kutahya-kalesi\/#kutahya_kalesi_kim_tarafindan_yapilmistir\" >K\u00fctahya Kalesi kim taraf\u0131ndan yap\u0131lm\u0131\u015ft\u0131r?<\/a><\/li><\/ul><\/li><\/ul><\/nav><\/div>\n\n<p><strong>K\u00fctahya gezilecek yerler<\/strong> i\u00e7inde bulunan, \u015fehrin simgesi haline gelmi\u015f \u00f6nemli bir tarihi yeri ziyaret ediyoruz bug\u00fcn. Rotam\u0131zda <strong>K\u00fctahya Kalesi<\/strong> var. Tarih boyunca farkl\u0131 medeniyetlere kucak a\u00e7m\u0131\u015f bu \u015fehir. K\u00fctahya tarihinin en g\u00f6rkemli \u015fahidi K\u00fctahya Kalesi.<\/p>\n\n\n\n<p>Bir Bizans eseri olan kale halk aras\u0131nda Hisar olarak an\u0131l\u0131yor. Bu \u00f6nemli tarih miras\u0131 K\u00fctahyal\u0131 seyyah yazar Evliya \u00c7elebi&#8217;nin eserinde T\u00fcrkiye&#8217;nin 3. b\u00fcy\u00fck kalesi olarak ge\u00e7iyor. Tarihle do\u011fan\u0131n muhte\u015fem b\u00fct\u00fcnle\u015fmesine tan\u0131k olaca\u011f\u0131n\u0131z kale harika bir panoramik K\u00fctahya manzaras\u0131 vadediyor. G\u00fcnd\u00fcz ve gece ayr\u0131 g\u00f6r\u00fclmeli \u00fcstelik. Gecenin karanl\u0131\u011f\u0131nda \u015fehrin \u0131\u015f\u0131klar\u0131 adeta bir gerdanl\u0131\u011f\u0131 and\u0131r\u0131yor.<\/p>\n\n\n\n<h2 class=\"wp-block-heading has-text-align-center has-neeon-button-dark-gray-color has-text-color has-link-color wp-elements-50f4a98f0ae35379209fba27b4f32511\"><span class=\"ez-toc-section\" id=\"kutahya_kalesi_hakkinda_bilgi\"><\/span><strong>K\u00fctahya Kalesi Hakk\u0131nda Bilgi<\/strong><span class=\"ez-toc-section-end\"><\/span><\/h2>\n\n\n\n<figure class=\"wp-block-image size-large\"><img decoding=\"async\" src=\"https:\/\/res.cloudinary.com\/turna\/image\/upload\/v1665059284\/k%C3%BCtahya_kalesi.jpg\" alt=\"K\u00fctahya Kalesi Hakk\u0131nda Bilgi\"\/><\/figure>\n\n\n\n<p>Bu kale Bizansl\u0131lardan g\u00fcn\u00fcm\u00fcze miras kalan, bir \u00e7ok medeniyete ev sahipli\u011fi yapm\u0131\u015f olduk\u00e7a \u00f6nemli bir eser. K\u00fctahya&#8217;ya yolunuz d\u00fc\u015ferse bu  tarih miras\u0131n\u0131 g\u00f6rmeden sak\u0131n \u015fehirden ayr\u0131lmay\u0131n. K\u00fctahya Kalesi tarihi, efsanesi gibi detaylar\u0131n hepsini yaz\u0131mda bulabilirsiniz.<\/p>\n\n\n\n<p>Kalede ne yap\u0131l\u0131r derseniz panoramik manzaray\u0131 izlemek d\u0131\u015f\u0131nda burada bulunan D\u00f6ner Gazino ad\u0131ndaki restoranda bir \u015feyler yiyip i\u00e7ebilirsiniz. 45 dakikada tam tur atan restoranda siz oturuyorsunuz manzara s\u00fcrekli de\u011fi\u015fiyor.<\/p>\n\n\n\n<h3 class=\"wp-block-heading has-text-align-center has-neeon-button-dark-gray-color has-text-color has-link-color wp-elements-ac830f6d8e965e8ac5fa20a0b5621d9e\"><span class=\"ez-toc-section\" id=\"kutahya_kalesi_nerede\"><\/span><strong>K\u00fctahya Kalesi Nerede?<\/strong><span class=\"ez-toc-section-end\"><\/span><\/h3>\n\n\n\n<figure class=\"wp-block-image size-large\"><img width=\"800\" height=\"500\" decoding=\"async\" src=\"data:image\/svg+xml;base64,PHN2ZyB4bWxucz0iaHR0cDovL3d3dy53My5vcmcvMjAwMC9zdmciIHdpZHRoPSI4MDAiIGhlaWdodD0iNTAwIj48cmVjdCB3aWR0aD0iMTAwJSIgaGVpZ2h0PSIxMDAlIj48YW5pbWF0ZSBhdHRyaWJ1dGVOYW1lPSJmaWxsIiB2YWx1ZXM9InJnYmEoMTUzLDE1MywxNTMsMC41KTtyZ2JhKDE1MywxNTMsMTUzLDAuMSk7cmdiYSgxNTMsMTUzLDE1MywwLjUpIiBkdXI9IjJzIiByZXBlYXRDb3VudD0iaW5kZWZpbml0ZSIgLz48L3JlY3Q+PC9zdmc+\" alt=\"K\u00fctahya Kalesi Nerede?\" data-public-id=\"k\u00fctahya_kalesi_nerede\/k\u00fctahya_kalesi_nerede.jpg\" class=\"wp-post-21142 wp-image-21143\" data-format=\"jpg\" data-transformations=\"f_auto,q_auto:low\" data-version=\"1665059284\" data-seo=\"1\" data-size=\"800 500\" data-srcset=\"https:\/\/res.cloudinary.com\/turna\/images\/f_auto,q_auto:low\/v1665059284\/k\u00fctahya_kalesi_nerede\/k\u00fctahya_kalesi_nerede.jpg?_i=AA 800w, https:\/\/res.cloudinary.com\/turna\/images\/w_300,h_188,c_scale\/f_auto,q_auto:low\/v1665059284\/k\u00fctahya_kalesi_nerede\/k\u00fctahya_kalesi_nerede.jpg?_i=AA 300w, https:\/\/res.cloudinary.com\/turna\/images\/w_672,h_420,c_scale\/f_auto,q_auto:low\/v1665059284\/k\u00fctahya_kalesi_nerede\/k\u00fctahya_kalesi_nerede.jpg?_i=AA 672w, https:\/\/res.cloudinary.com\/turna\/images\/w_640,h_400,c_scale\/f_auto,q_auto:low\/v1665059284\/k\u00fctahya_kalesi_nerede\/k\u00fctahya_kalesi_nerede.jpg?_i=AA 640w, https:\/\/res.cloudinary.com\/turna\/images\/w_681,h_426,c_scale\/f_auto,q_auto:low\/v1665059284\/k\u00fctahya_kalesi_nerede\/k\u00fctahya_kalesi_nerede.jpg?_i=AA 681w\" data-sizes=\"(max-width: 800px) 100vw, 800px\" data-delivery=\"upload\" onload=\";window.CLDBind?CLDBind(this):null;\" data-cloudinary=\"lazy\" \/><\/figure>\n\n\n\n<p>Maruf Mahallesinde yer alan kalenin kent merkezine uzakl\u0131\u011f\u0131 yakla\u015f\u0131k 3 km.&nbsp;Otob\u00fcs ile gitmek isterseniz 3 veya 9 nolu otob\u00fcs ile Ulu Camii yak\u0131n\u0131ndaki duraktan Sultan Ba\u011flar\u0131 Mahallesi\u2019ni ge\u00e7tikten sonra Ok Meydan\u0131 yol ayr\u0131m\u0131nda inin. \u00c7aml\u0131k yoldan 10 dk y\u00fcr\u00fcyerek kaleye ula\u015fabilirsiniz.<\/p>\n\n\n\n<p>K\u00fctahya Kalesi yol tarifi i\u00e7in <strong><a href=\"https:\/\/goo.gl\/maps\/vCZw6Mpam9GHHBHY6\" target=\"_blank\" rel=\"noreferrer noopener\">buraya<\/a><\/strong> t\u0131klay\u0131n.<\/p>\n\n\n\n<h3 class=\"wp-block-heading has-text-align-center has-neeon-button-dark-gray-color has-text-color has-link-color wp-elements-1fab4c2dcec08e1506d318a1cddb649b\"><span class=\"ez-toc-section\" id=\"kutahya_kalesi_tarihi\"><\/span><strong>K\u00fctahya Kalesi Tarihi<\/strong><span class=\"ez-toc-section-end\"><\/span><\/h3>\n\n\n\n<figure class=\"wp-block-image size-large\"><img decoding=\"async\" src=\"https:\/\/res.cloudinary.com\/turna\/image\/upload\/v1665059284\/k%C3%BCtahya_kalesi_efsanesi.jpg\" alt=\"K\u00fctahya Kalesi Tarihi\"\/><\/figure>\n\n\n\n<p>Kale M.S. 8. y\u00fczy\u0131lda in\u015fa edilmi\u015f bir Bizans eseri.&nbsp;Bizansl\u0131lardan sonra Sel\u00e7uklu, Germiyano\u011flu ve Osmanl\u0131 \u0130mparatorlu\u011fu taraf\u0131ndan da kullan\u0131lan kale yap\u0131lan ilave ve onar\u0131mlarla g\u00fcn\u00fcm\u00fcze kadar ula\u015fm\u0131\u015f.<\/p>\n\n\n\n<p>Kale yukar\u0131, i\u00e7 ve a\u015fa\u011f\u0131 kale olmak \u00fczere \u00fc\u00e7 b\u00f6l\u00fcmden olu\u015fuyor. Yukar\u0131 Kale veya Eski Kale, Bizansl\u0131lar zaman\u0131ndan kalma iken Yeni Kale, Fatih Sultan Mehmet zaman\u0131nda yap\u0131lm\u0131\u015f.&nbsp;72 burcuyla T\u00fcrkiye\u2019nin 3. b\u00fcy\u00fck kalesi olma \u00f6zelli\u011fi ta\u015f\u0131yor. <\/p>\n\n\n\n<h3 class=\"wp-block-heading has-text-align-center has-neeon-button-dark-gray-color has-text-color has-link-color wp-elements-8e25a4f41c08c2321a7ffdf0f3de5056\"><span class=\"ez-toc-section\" id=\"kutahya_kalesi_efsanesi\"><\/span><strong>K\u00fctahya Kalesi Efsanesi<\/strong><span class=\"ez-toc-section-end\"><\/span><\/h3>\n\n\n\n<figure class=\"wp-block-image size-large\"><img decoding=\"async\" src=\"https:\/\/res.cloudinary.com\/turna\/image\/upload\/v1665059284\/k%C3%BCtahya_kalesi_tarihi.jpg\" alt=\"K\u00fctahya Kalesi Efsanesi\"\/><\/figure>\n\n\n\n<p>\u00dclkemizde tarihi bir yer olur da efsanesi olmaz m\u0131? Bu kalenin efsanesi de \u015f\u00f6yle; bir zamanlar K\u00fctahya&#8217;da ola\u011fan \u00fcst\u00fc, dev gibi iri ve g\u00fc\u00e7l\u00fc yap\u0131l\u0131 adamlar ya\u015f\u0131yormu\u015f. Bu adamlar\u0131n \u00f6m\u00fcrleri de \u00e7ok uzunmu\u015f. Susad\u0131\u011f\u0131nda e\u011filip 3 kilometre uzakl\u0131ktaki Felent \u00e7ay\u0131ndan su i\u00e7erlermi\u015f.<\/p>\n\n\n\n<p>Bir g\u00fcn liderleri yan yana dizilmelerini emretmi\u015f. S\u0131ran\u0131n bir ucu Yoncal\u0131&#8217;ya di\u011fer ucu Nemrut Kayas\u0131&#8217;na ula\u015fm\u0131\u015f. Liderleri Nemrut Kayas\u0131&#8217;ndan par\u00e7alar kestirmi\u015f ve oda b\u00fcy\u00fckl\u00fc\u011f\u00fcnde kaya par\u00e7alar\u0131 elden ele ta\u015f\u0131nm\u0131\u015f ve Gulam K\u00f6y\u00fc diye bir k\u00f6y\u00fcn yan\u0131nda \u015fimdiki Hisar Tepe&#8217;ye ta\u015f\u0131nm\u0131\u015flar.<\/p>\n\n\n\n<p>\u015eimdiki Enne K\u00f6y\u00fc&#8217;n\u00fcn ad\u0131n\u0131n bu olaydan kaynakland\u0131\u011f\u0131 s\u00f6yleniyor. Daha \u00f6nceleri&nbsp;<em>&#8220;Elele&#8221;<\/em>&nbsp;olan k\u00f6y\u00fcn ad\u0131 zamanla Enne&#8217;ye d\u00f6n\u00fc\u015fm\u00fc\u015f. Kalenin yap\u0131m\u0131 uzun s\u00fcrm\u00fc\u015f. G\u00f6rkemli bir kale y\u00fckselmeye ba\u015flam\u0131\u015f. Bu esnada bin ya\u015f\u0131nda olan ba\u015fkan\u0131n bir o\u011flu 300 ya\u015f\u0131ndayken birden \u00f6lm\u00fc\u015f. O g\u00fcne kadar \u00f6l\u00fcmle ilk kez kar\u015f\u0131la\u015fan ba\u015fkan yapt\u0131\u011f\u0131 kaleye bakarak \u015fu s\u00f6zleri s\u00f6ylemi\u015f;&nbsp;<em>&#8220;\u00dc\u00e7 y\u00fcz ya\u015f\u0131nda o\u011flum \u00f6ld\u00fc ham\u0131 tra\u015f. Bu diyarda \u00f6l\u00fcm oldu\u011funu bileydim, koymazd\u0131m ta\u015f \u00fcst\u00fcne ta\u015f&#8221;<\/em>.<\/p>\n\n\n<div id=\"rank-math-faq\" class=\"rank-math-block\">\n<div class=\"rank-math-list \">\n<div id=\"faq-question-685a805804112\" class=\"rank-math-list-item\">\n<h3 class=\"rank-math-question \"><span class=\"ez-toc-section\" id=\"kutahya_kalesi_ne_amacla_yapilmistir\"><\/span>K\u00fctahya Kalesi ne ama\u00e7la yap\u0131lm\u0131\u015ft\u0131r?<br \/><br \/><span class=\"ez-toc-section-end\"><\/span><\/h3>\n<div class=\"rank-math-answer \">\n\n<p>Kalenin ilk in\u015fas\u0131n\u0131n ne ama\u00e7la yap\u0131ld\u0131\u011f\u0131 tam olarak bilinmiyor ancak Bizans imparatorlar\u0131 \u015fehre hakim y\u00fcksek ve sarp bir tepe \u00fczerine \u015fato yapt\u0131rm\u0131\u015flar. Bur\u00e7larla tahkim ederek \u015fatoyu iki kat sur i\u00e7erisine alm\u0131\u015flar.<\/p>\n\n<\/div>\n<\/div>\n<div id=\"faq-question-685a805804114\" class=\"rank-math-list-item\">\n<h3 class=\"rank-math-question \"><span class=\"ez-toc-section\" id=\"kutahya_kalesi_kim_tarafindan_yapilmistir\"><\/span>K\u00fctahya Kalesi kim taraf\u0131ndan yap\u0131lm\u0131\u015ft\u0131r?<br \/><br \/><span class=\"ez-toc-section-end\"><\/span><\/h3>\n<div class=\"rank-math-answer \">\n\n<p>Yukar\u0131 Kale&#8217;nin ta\u015f kap\u0131daki yaz\u0131t\u0131ndan, Germiyano\u011flu S\u00fcleyman \u015eah taraf\u0131ndan 1377-1378 y\u0131llar\u0131nda yapt\u0131r\u0131ld\u0131\u011f\u0131 anla\u015f\u0131l\u0131yor.<\/p>\n\n<\/div>\n<\/div>\n<\/div>\n<\/div>\n\n\n<p>Bu m\u00fcthi\u015f tarihi kenti ziyaret etmek i\u00e7in tek yapman\u0131z gereken <strong><a href=\"https:\/\/www.turna.com\/ucak-bileti\/kutahya\" target=\"_blank\" rel=\"noreferrer noopener\">K\u00fctahya u\u00e7ak bileti<\/a><\/strong> almak. Ayr\u0131ca K\u00fctahya ile ilgili yazd\u0131\u011f\u0131m di\u011fer yaz\u0131lar\u0131m\u0131 da mutlaka okuyun.<\/p>\n\n\n\n<p><strong><a href=\"https:\/\/www.turna.com\/blog\/kutahya-gezilecek-yerler?swcfpc=1\" target=\"_blank\" rel=\"noreferrer noopener\">K\u00fctahya Gezilecek Yerler<\/a><\/strong><\/p>\n\n\n\n<p><strong><a href=\"https:\/\/www.turna.com\/blog\/aizanoi-antik-kenti?swcfpc=1\" target=\"_blank\" rel=\"noreferrer noopener\">Aizanoi Antik Kenti<\/a><\/strong><\/p>\n\n    <div class=\"xs_social_share_widget xs_share_url after_content \t\tmain_content  wslu-style-1 wslu-share-box-shaped wslu-fill-colored wslu-none wslu-share-horizontal wslu-theme-font-no wslu-main_content\">\n\n\t\t\n        <ul>\n\t\t\t        <\/ul>\n    <\/div> \n","protected":false},"excerpt":{"rendered":"<p>K\u00fctahya gezilecek yerler i\u00e7inde bulunan, \u015fehrin simgesi haline gelmi\u015f \u00f6nemli bir tarihi yeri ziyaret ediyoruz bug\u00fcn. Rotam\u0131zda K\u00fctahya Kalesi var. Tarih boyunca farkl\u0131 medeniyetlere kucak a\u00e7m\u0131\u015f bu \u015fehir. K\u00fctahya tarihinin en g\u00f6rkemli \u015fahidi K\u00fctahya Kalesi.<\/p>\n","protected":false},"author":34,"featured_media":21143,"comment_status":"open","ping_status":"open","sticky":false,"template":"","format":"standard","meta":{"rop_custom_images_group":[],"rop_custom_messages_group":[],"rop_publish_now":"initial","rop_publish_now_accounts":[],"rop_publish_now_history":[],"rop_publish_now_status":"pending","_cloudinary_featured_overwrite":false,"footnotes":""},"categories":[84,1847],"tags":[926],"class_list":["post-21142","post","type-post","status-publish","format-standard","has-post-thumbnail","hentry","category-turkiye","category-kutahya","tag-kutahya"],"_links":{"self":[{"href":"https:\/\/www.turna.com\/blog\/wp-json\/wp\/v2\/posts\/21142","targetHints":{"allow":["GET"]}}],"collection":[{"href":"https:\/\/www.turna.com\/blog\/wp-json\/wp\/v2\/posts"}],"about":[{"href":"https:\/\/www.turna.com\/blog\/wp-json\/wp\/v2\/types\/post"}],"author":[{"embeddable":true,"href":"https:\/\/www.turna.com\/blog\/wp-json\/wp\/v2\/users\/34"}],"replies":[{"embeddable":true,"href":"https:\/\/www.turna.com\/blog\/wp-json\/wp\/v2\/comments?post=21142"}],"version-history":[{"count":0,"href":"https:\/\/www.turna.com\/blog\/wp-json\/wp\/v2\/posts\/21142\/revisions"}],"wp:featuredmedia":[{"embeddable":true,"href":"https:\/\/www.turna.com\/blog\/wp-json\/wp\/v2\/media\/21143"}],"wp:attachment":[{"href":"https:\/\/www.turna.com\/blog\/wp-json\/wp\/v2\/media?parent=21142"}],"wp:term":[{"taxonomy":"category","embeddable":true,"href":"https:\/\/www.turna.com\/blog\/wp-json\/wp\/v2\/categories?post=21142"},{"taxonomy":"post_tag","embeddable":true,"href":"https:\/\/www.turna.com\/blog\/wp-json\/wp\/v2\/tags?post=21142"}],"curies":[{"name":"wp","href":"https:\/\/api.w.org\/{rel}","templated":true}]}}