{"id":21139,"date":"2024-09-11T12:00:00","date_gmt":"2024-09-11T09:00:00","guid":{"rendered":"https:\/\/www.turna.com\/blog\/?p=21139"},"modified":"2025-12-08T12:03:12","modified_gmt":"2025-12-08T09:03:12","slug":"denizlide-gezilecek-yerler-12-kesif-noktasi","status":"publish","type":"post","link":"https:\/\/www.turna.com\/blog\/denizlide-gezilecek-yerler-12-kesif-noktasi","title":{"rendered":"Denizli&#8217;de Gezilecek Yerler | 25 Ke\u015fif Noktas\u0131"},"content":{"rendered":"<div id=\"ez-toc-container\" class=\"ez-toc-v2_0_82_2 counter-hierarchy ez-toc-counter ez-toc-black ez-toc-container-direction\">\n<div class=\"ez-toc-title-container\">\n<p class=\"ez-toc-title\" style=\"cursor:inherit\">\u0130\u00e7indekiler<\/p>\n<span class=\"ez-toc-title-toggle\"><a href=\"#\" class=\"ez-toc-pull-right ez-toc-btn ez-toc-btn-xs ez-toc-btn-default ez-toc-toggle\" aria-label=\"\u0130\u00e7indekiler Tablosunu A\u00e7\/Kapat\"><span class=\"ez-toc-js-icon-con\"><span class=\"\"><span class=\"eztoc-hide\" style=\"display:none;\">Toggle<\/span><span class=\"ez-toc-icon-toggle-span\"><svg style=\"fill: #ffffff;color:#ffffff\" xmlns=\"http:\/\/www.w3.org\/2000\/svg\" class=\"list-377408\" width=\"20px\" height=\"20px\" viewBox=\"0 0 24 24\" fill=\"none\"><path d=\"M6 6H4v2h2V6zm14 0H8v2h12V6zM4 11h2v2H4v-2zm16 0H8v2h12v-2zM4 16h2v2H4v-2zm16 0H8v2h12v-2z\" fill=\"currentColor\"><\/path><\/svg><svg style=\"fill: #ffffff;color:#ffffff\" class=\"arrow-unsorted-368013\" xmlns=\"http:\/\/www.w3.org\/2000\/svg\" width=\"10px\" height=\"10px\" viewBox=\"0 0 24 24\" version=\"1.2\" baseProfile=\"tiny\"><path d=\"M18.2 9.3l-6.2-6.3-6.2 6.3c-.2.2-.3.4-.3.7s.1.5.3.7c.2.2.4.3.7.3h11c.3 0 .5-.1.7-.3.2-.2.3-.5.3-.7s-.1-.5-.3-.7zM5.8 14.7l6.2 6.3 6.2-6.3c.2-.2.3-.5.3-.7s-.1-.5-.3-.7c-.2-.2-.4-.3-.7-.3h-11c-.3 0-.5.1-.7.3-.2.2-.3.5-.3.7s.1.5.3.7z\"\/><\/svg><\/span><\/span><\/span><\/a><\/span><\/div>\n<nav><ul class='ez-toc-list ez-toc-list-level-1 eztoc-toggle-hide-by-default' ><li class='ez-toc-page-1 ez-toc-heading-level-2'><a class=\"ez-toc-link ez-toc-heading-1\" href=\"https:\/\/www.turna.com\/blog\/denizlide-gezilecek-yerler-12-kesif-noktasi\/#denizlide_gezilecek_yerler\" >Denizli&#8217;de Gezilecek Yerler<\/a><ul class='ez-toc-list-level-3' ><li class='ez-toc-heading-level-3'><a class=\"ez-toc-link ez-toc-heading-2\" href=\"https:\/\/www.turna.com\/blog\/denizlide-gezilecek-yerler-12-kesif-noktasi\/#pamukkale_travertenleri\" >Pamukkale Travertenleri<\/a><\/li><li class='ez-toc-page-1 ez-toc-heading-level-3'><a class=\"ez-toc-link ez-toc-heading-3\" href=\"https:\/\/www.turna.com\/blog\/denizlide-gezilecek-yerler-12-kesif-noktasi\/#hierapolis_antik_kenti\" >Hierapolis Antik Kenti<\/a><\/li><li class='ez-toc-page-1 ez-toc-heading-level-3'><a class=\"ez-toc-link ez-toc-heading-4\" href=\"https:\/\/www.turna.com\/blog\/denizlide-gezilecek-yerler-12-kesif-noktasi\/#laodikya_antik_kenti\" >Laodikya Antik Kenti<\/a><\/li><li class='ez-toc-page-1 ez-toc-heading-level-3'><a class=\"ez-toc-link ez-toc-heading-5\" href=\"https:\/\/www.turna.com\/blog\/denizlide-gezilecek-yerler-12-kesif-noktasi\/#ataturk_evi_ve_etnografya_muzesi\" >Atat\u00fcrk Evi ve Etnografya M\u00fczesi<\/a><\/li><li class='ez-toc-page-1 ez-toc-heading-level-3'><a class=\"ez-toc-link ez-toc-heading-6\" href=\"https:\/\/www.turna.com\/blog\/denizlide-gezilecek-yerler-12-kesif-noktasi\/#bagbasi_yaylasi\" >Ba\u011fba\u015f\u0131 Yaylas\u0131<\/a><\/li><li class='ez-toc-page-1 ez-toc-heading-level-3'><a class=\"ez-toc-link ez-toc-heading-7\" href=\"https:\/\/www.turna.com\/blog\/denizlide-gezilecek-yerler-12-kesif-noktasi\/#kaklik_magarasi\" >Kakl\u0131k Ma\u011faras\u0131<\/a><\/li><li class='ez-toc-page-1 ez-toc-heading-level-3'><a class=\"ez-toc-link ez-toc-heading-8\" href=\"https:\/\/www.turna.com\/blog\/denizlide-gezilecek-yerler-12-kesif-noktasi\/#karahayit_kaplicalari\" >Karahay\u0131t Kapl\u0131calar\u0131<\/a><\/li><li class='ez-toc-page-1 ez-toc-heading-level-3'><a class=\"ez-toc-link ez-toc-heading-9\" href=\"https:\/\/www.turna.com\/blog\/denizlide-gezilecek-yerler-12-kesif-noktasi\/#honaz_dagi_milli_parki\" >Honaz Da\u011f\u0131 Milli Park\u0131<\/a><\/li><li class='ez-toc-page-1 ez-toc-heading-level-3'><a class=\"ez-toc-link ez-toc-heading-10\" href=\"https:\/\/www.turna.com\/blog\/denizlide-gezilecek-yerler-12-kesif-noktasi\/#keloglan_magarasi\" >Kelo\u011flan Ma\u011faras\u0131<\/a><\/li><li class='ez-toc-page-1 ez-toc-heading-level-3'><a class=\"ez-toc-link ez-toc-heading-11\" href=\"https:\/\/www.turna.com\/blog\/denizlide-gezilecek-yerler-12-kesif-noktasi\/#tripolis_antik_kenti\" >Tripolis Antik Kenti<\/a><\/li><li class='ez-toc-page-1 ez-toc-heading-level-3'><a class=\"ez-toc-link ez-toc-heading-12\" href=\"https:\/\/www.turna.com\/blog\/denizlide-gezilecek-yerler-12-kesif-noktasi\/#isikli_golu\" >I\u015f\u0131kl\u0131 G\u00f6l\u00fc<\/a><\/li><li class='ez-toc-page-1 ez-toc-heading-level-3'><a class=\"ez-toc-link ez-toc-heading-13\" href=\"https:\/\/www.turna.com\/blog\/denizlide-gezilecek-yerler-12-kesif-noktasi\/#acipayam_kanyonu\" >Ac\u0131payam Kanyonu<\/a><\/li><li class='ez-toc-page-1 ez-toc-heading-level-3'><a class=\"ez-toc-link ez-toc-heading-14\" href=\"https:\/\/www.turna.com\/blog\/denizlide-gezilecek-yerler-12-kesif-noktasi\/#acigol\" >Ac\u0131g\u00f6l<\/a><\/li><li class='ez-toc-page-1 ez-toc-heading-level-3'><a class=\"ez-toc-link ez-toc-heading-15\" href=\"https:\/\/www.turna.com\/blog\/denizlide-gezilecek-yerler-12-kesif-noktasi\/#guney_selalesi\" >G\u00fcney \u015eelalesi<\/a><\/li><li class='ez-toc-page-1 ez-toc-heading-level-3'><a class=\"ez-toc-link ez-toc-heading-16\" href=\"https:\/\/www.turna.com\/blog\/denizlide-gezilecek-yerler-12-kesif-noktasi\/#colossae_antik_kenti\" >Colossae Antik Kenti<\/a><\/li><li class='ez-toc-page-1 ez-toc-heading-level-3'><a class=\"ez-toc-link ez-toc-heading-17\" href=\"https:\/\/www.turna.com\/blog\/denizlide-gezilecek-yerler-12-kesif-noktasi\/#yesildere_selalesi_aglayan_kaya\" >Ye\u015fildere \u015eelalesi (A\u011flayan Kaya)<\/a><\/li><li class='ez-toc-page-1 ez-toc-heading-level-3'><a class=\"ez-toc-link ez-toc-heading-18\" href=\"https:\/\/www.turna.com\/blog\/denizlide-gezilecek-yerler-12-kesif-noktasi\/#servergazi_turbesi\" >Servergazi T\u00fcrbesi<\/a><\/li><li class='ez-toc-page-1 ez-toc-heading-level-3'><a class=\"ez-toc-link ez-toc-heading-19\" href=\"https:\/\/www.turna.com\/blog\/denizlide-gezilecek-yerler-12-kesif-noktasi\/#cal_kanyonu\" >\u00c7al Kanyonu<\/a><\/li><li class='ez-toc-page-1 ez-toc-heading-level-3'><a class=\"ez-toc-link ez-toc-heading-20\" href=\"https:\/\/www.turna.com\/blog\/denizlide-gezilecek-yerler-12-kesif-noktasi\/#tabea_antik_kenti\" >Tabea Antik Kenti<\/a><\/li><li class='ez-toc-page-1 ez-toc-heading-level-3'><a class=\"ez-toc-link ez-toc-heading-21\" href=\"https:\/\/www.turna.com\/blog\/denizlide-gezilecek-yerler-12-kesif-noktasi\/#bozdag_kayak_merkezi\" >Bozda\u011f Kayak Merkezi<\/a><\/li><li class='ez-toc-page-1 ez-toc-heading-level-3'><a class=\"ez-toc-link ez-toc-heading-22\" href=\"https:\/\/www.turna.com\/blog\/denizlide-gezilecek-yerler-12-kesif-noktasi\/#incegiz_kanyonu\" >\u0130nce\u011fiz Kanyonu<\/a><\/li><li class='ez-toc-page-1 ez-toc-heading-level-3'><a class=\"ez-toc-link ez-toc-heading-23\" href=\"https:\/\/www.turna.com\/blog\/denizlide-gezilecek-yerler-12-kesif-noktasi\/#buldan_evleri\" >Buldan Evleri<\/a><\/li><li class='ez-toc-page-1 ez-toc-heading-level-3'><a class=\"ez-toc-link ez-toc-heading-24\" href=\"https:\/\/www.turna.com\/blog\/denizlide-gezilecek-yerler-12-kesif-noktasi\/#tokali_kanyonu\" >Tokal\u0131 Kanyonu<\/a><\/li><li class='ez-toc-page-1 ez-toc-heading-level-3'><a class=\"ez-toc-link ez-toc-heading-25\" href=\"https:\/\/www.turna.com\/blog\/denizlide-gezilecek-yerler-12-kesif-noktasi\/#sakli_gol\" >Sakl\u0131 G\u00f6l<\/a><\/li><li class='ez-toc-page-1 ez-toc-heading-level-3'><a class=\"ez-toc-link ez-toc-heading-26\" href=\"https:\/\/www.turna.com\/blog\/denizlide-gezilecek-yerler-12-kesif-noktasi\/#alacain_magarasi\" >Alacain Ma\u011faras\u0131<\/a><\/li><\/ul><\/li><li class='ez-toc-page-1 ez-toc-heading-level-2'><a class=\"ez-toc-link ez-toc-heading-27\" href=\"https:\/\/www.turna.com\/blog\/denizlide-gezilecek-yerler-12-kesif-noktasi\/#denizli_hakkinda_hap_bilgiler\" >Denizli Hakk\u0131nda Hap Bilgiler<\/a><ul class='ez-toc-list-level-3' ><li class='ez-toc-heading-level-3'><a class=\"ez-toc-link ez-toc-heading-28\" href=\"https:\/\/www.turna.com\/blog\/denizlide-gezilecek-yerler-12-kesif-noktasi\/#denizliye_nasil_gidilir\" >Denizli&#8217;ye Nas\u0131l Gidilir?<\/a><\/li><li class='ez-toc-page-1 ez-toc-heading-level-3'><a class=\"ez-toc-link ez-toc-heading-29\" href=\"https:\/\/www.turna.com\/blog\/denizlide-gezilecek-yerler-12-kesif-noktasi\/#denizliye_ne_zaman_gidilir\" >Denizli&#8217;ye Ne Zaman Gidilir?<\/a><\/li><li class='ez-toc-page-1 ez-toc-heading-level-3'><a class=\"ez-toc-link ez-toc-heading-30\" href=\"https:\/\/www.turna.com\/blog\/denizlide-gezilecek-yerler-12-kesif-noktasi\/#denizli_kac_gunde_gezilir\" >Denizli Ka\u00e7 G\u00fcnde Gezilir?<\/a><\/li><li class='ez-toc-page-1 ez-toc-heading-level-3'><a class=\"ez-toc-link ez-toc-heading-31\" href=\"https:\/\/www.turna.com\/blog\/denizlide-gezilecek-yerler-12-kesif-noktasi\/#denizlide_arac_kiralamak_gerekir_mi\" >Denizli&#8217;de Ara\u00e7 Kiralamak Gerekir mi?<\/a><\/li><li class='ez-toc-page-1 ez-toc-heading-level-3'><a class=\"ez-toc-link ez-toc-heading-32\" href=\"https:\/\/www.turna.com\/blog\/denizlide-gezilecek-yerler-12-kesif-noktasi\/#denizlide_ne_yenir\" >Denizli&#8217;de Ne Yenir?<\/a><\/li><li class='ez-toc-page-1 ez-toc-heading-level-3'><a class=\"ez-toc-link ez-toc-heading-33\" href=\"https:\/\/www.turna.com\/blog\/denizlide-gezilecek-yerler-12-kesif-noktasi\/#denizlide_nerede_kalinir\" >Denizli&#8217;de Nerede Kal\u0131n\u0131r?<\/a><\/li><\/ul><\/li><\/ul><\/nav><\/div>\n\n<p>Denizli birka\u00e7 kez g\u00f6rme f\u0131rsat\u0131 buldu\u011fum bir \u015fehir. Bazen defalarca kez gitti\u011fimiz yerlerden s\u0131k\u0131labiliyoruz ama Denizli beni her gidi\u015fimde heyecanland\u0131rmay\u0131 ba\u015far\u0131yor. Sahip oldu\u011fu tarihi ve do\u011fal g\u00fczelliklerin nam\u0131 \u00fclke s\u0131n\u0131rlar\u0131n\u0131 dahi a\u015fm\u0131\u015f durumda. Yabanc\u0131 turistler Pamukkale&#8217;yi g\u00f6rebilmek i\u00e7in d\u00fcnyan\u0131n \u00e7e\u015fitli yerlerinden kalk\u0131p Denizli&#8217;ye geliyorlar. Elbette Denizli ve Pamukkale zihinlerimizde \u00f6zde\u015fle\u015fmi\u015f olsa da <strong>Denizli&#8217;de gezilecek yerler <\/strong>olduk\u00e7a zengin.<\/p>\n\n\n\n<p>Sizi tarihe, k\u00fclt\u00fcre, do\u011faya doyuracak bir destinasyon Denizli. Kimi an bir antik kentte tarihin izini s\u00fcrecek, kimi zaman bir ma\u011farada do\u011fan\u0131n mucizelerine tan\u0131k olacak, g\u00f6llerde, \u015felalelerde huzur depolayacaks\u0131n\u0131z. Bu aralar &#8216;seyahatim geldi&#8217; diyorsan\u0131z ilac\u0131n\u0131z Denizli olabilir. \ud83d\ude0d<\/p>\n\n\n\n<h2 class=\"wp-block-heading has-text-align-center has-neeon-button-dark-gray-color has-text-color has-link-color wp-elements-54610a7a53a8a9082a4bcba4a657b819\"><span class=\"ez-toc-section\" id=\"denizlide_gezilecek_yerler\"><\/span><strong>Denizli&#8217;de Gezilecek Yerler<\/strong><span class=\"ez-toc-section-end\"><\/span><\/h2>\n\n\n\n<p>Denizli gezilecek yerler listemiz dolu dolu. Ama \u00f6yle \u015fi\u015firilmi\u015f bir doluluktan bahsetmiyorum. Her maddesi \u00f6zel ve anlaml\u0131 yerlerden olu\u015fan bir liste. Bu seyahatin her an\u0131ndan keyif alaca\u011f\u0131n\u0131z\u0131 rahatl\u0131kla s\u00f6yleyebilirim. Denizli&#8217;ye gitti\u011finizde gezilecek yerlerin yan\u0131 s\u0131ra m\u00fcthi\u015f lezzetlerini de deneyimlemenizi \u00f6neririm. G\u00fczellikleri haf\u0131zan\u0131zdan silinmeyece\u011fi gibi tad\u0131 da damaklar\u0131n\u0131zdan gitmeyecek. \ud83d\ude0a<\/p>\n\n\n\n<h3 class=\"wp-block-heading has-text-align-center has-neeon-button-dark-gray-color has-text-color has-link-color wp-elements-e574c2d8271ed70f3ef69a87a74a74c8\"><span class=\"ez-toc-section\" id=\"pamukkale_travertenleri\"><\/span><strong>Pamukkale Travertenleri<\/strong><span class=\"ez-toc-section-end\"><\/span><\/h3>\n\n\n\n<figure class=\"wp-block-image size-large\"><img width=\"800\" height=\"500\" data-public-id=\"denizli_gezilecek_yerler_pamukkale\/denizli_gezilecek_yerler_pamukkale.jpg\" decoding=\"async\" src=\"https:\/\/res.cloudinary.com\/turna\/images\/w_800,h_500,c_scale\/f_auto,q_auto:low\/v1664960137\/denizli_gezilecek_yerler_pamukkale\/denizli_gezilecek_yerler_pamukkale.jpg?_i=AA\" alt=\"Pamukkale Travertenleri\" class=\"wp-post-0 wp-image-21141\" data-format=\"jpg\" data-transformations=\"f_auto,q_auto:low\" data-version=\"1664960137\" data-seo=\"1\" srcset=\"https:\/\/res.cloudinary.com\/turna\/images\/f_auto,q_auto:low\/v1664960137\/denizli_gezilecek_yerler_pamukkale\/denizli_gezilecek_yerler_pamukkale.jpg?_i=AA 800w, https:\/\/res.cloudinary.com\/turna\/images\/w_300,h_188,c_scale\/f_auto,q_auto:low\/v1664960137\/denizli_gezilecek_yerler_pamukkale\/denizli_gezilecek_yerler_pamukkale.jpg?_i=AA 300w, https:\/\/res.cloudinary.com\/turna\/images\/w_672,h_420,c_scale\/f_auto,q_auto:low\/v1664960137\/denizli_gezilecek_yerler_pamukkale\/denizli_gezilecek_yerler_pamukkale.jpg?_i=AA 672w, https:\/\/res.cloudinary.com\/turna\/images\/w_640,h_400,c_scale\/f_auto,q_auto:low\/v1664960137\/denizli_gezilecek_yerler_pamukkale\/denizli_gezilecek_yerler_pamukkale.jpg?_i=AA 640w, https:\/\/res.cloudinary.com\/turna\/images\/w_681,h_426,c_scale\/f_auto,q_auto:low\/v1664960137\/denizli_gezilecek_yerler_pamukkale\/denizli_gezilecek_yerler_pamukkale.jpg?_i=AA 681w\" sizes=\"(max-width: 800px) 100vw, 800px\" \/><\/figure>\n\n\n\n<p>Bembeyaz bir g\u00fczellik Pamukkale. D\u00fcnyada nadir yerlerde olan bu harika do\u011fa olu\u015fumu \u00fclkemizde de oldu\u011fu i\u00e7in \u00e7ok \u015fansl\u0131y\u0131z. Yaz, k\u0131\u015f y\u0131l\u0131n her d\u00f6nemi yerli, yabanc\u0131 \u00e7ok say\u0131da turist bu narin g\u00fczelli\u011fi g\u00f6rmek i\u00e7in kilometrelerce yoldan geliyorlar.<\/p>\n\n\n\n<p>UNESCO D\u00fcnya Miras\u0131 listesinde koruma alt\u0131nda olan Pamukkale Travertenleri i\u00e7erisinde bulunan termal sular\u0131, bembeyaz g\u00f6r\u00fcnt\u00fcs\u00fc ile adeta bir turizm cenneti. Travertenlerin oldu\u011fu alan ayn\u0131 zamanda Hierapolis Antik Kenti&#8217;ne, arkeoloji m\u00fczesine ve Kleopatra Havuzuna da ev sahipli\u011fi yap\u0131yor. Bu \u00f6ren yerinin 3 giri\u015f kap\u0131s\u0131 bulunuyor. G\u00fcney kap\u0131s\u0131ndan girerseniz Hierapolis Antik Kenti ile gezmeye ba\u015flar, m\u00fcze, havuz ve travertenler \u015feklinde gezinizi sonland\u0131r\u0131rs\u0131n\u0131z. Travertenler k\u0131sm\u0131n\u0131 yukar\u0131dan a\u015fa\u011f\u0131ya do\u011fru gezmi\u015f olursunuz. Travertenlerin en alt k\u0131sm\u0131nda ise di\u011fer kap\u0131 var.<\/p>\n\n\n\n<p>Pamukkale Travertenleri konumu <strong><a href=\"https:\/\/goo.gl\/maps\/98gDN7TLZyo9EfuD8\" target=\"_blank\" rel=\"noreferrer noopener\">burada.<\/a><\/strong><\/p>\n\n\n\n<h3 class=\"wp-block-heading has-text-align-center has-neeon-button-dark-gray-color has-text-color has-link-color wp-elements-57885b1f768553f33b48a85a69b2b206\"><span class=\"ez-toc-section\" id=\"hierapolis_antik_kenti\"><\/span><strong>Hierapolis Antik Kenti<\/strong><span class=\"ez-toc-section-end\"><\/span><\/h3>\n\n\n\n<figure class=\"wp-block-image size-large\"><img decoding=\"async\" src=\"https:\/\/res.cloudinary.com\/turna\/image\/upload\/v1664960137\/hierapolis_antik_kenti.jpg\" alt=\"Hierapolis Antik Kenti Denizli'de gezilecek yerler\"\/><\/figure>\n\n\n\n<p>Hierapolis Antik Kenti Bergama Kral\u0131 II. Eumenes taraf\u0131ndan \u0130.\u00d6. 2 yy\u2019da kurulmu\u015f. Bergama&#8217;n\u0131n efsanevi kurucusu Telephos\u2019un kar\u0131s\u0131 Hiera\u2019dan dolay\u0131 Hierapolis ad\u0131n\u0131 alm\u0131\u015f. Antik tiyatro g\u00f6rkemini \u00f6ylesine koruyor ki kendinizi 2000 y\u0131l \u00f6ncesinde hissedebilirsiniz. Tap\u0131naklar, an\u0131tsal \u00e7e\u015fmeler, mezarlar, agora, gymnasium gibi yap\u0131lar kentte g\u00f6rebilece\u011finiz di\u011fer yerler.<\/p>\n\n\n\n<p>Antik kente ait hamam binas\u0131 da alan i\u00e7erisinde arkeoloji m\u00fczesi olarak kullan\u0131l\u0131yor. Kentten \u00e7\u0131kar\u0131lan eserler bu m\u00fczede sergileniyor. Mutlaka g\u00f6rmenizi tavsiye ederim.<\/p>\n\n\n\n<p>Ayr\u0131ca antik havuz da alan i\u00e7erisinde g\u00f6rmeniz gereken hatta i\u00e7inde y\u00fczebilece\u011finiz \u00f6zel bir yer. M.S 7. Y\u00fczy\u0131lda ya\u015fanan bir depremde \u015fehrin ortas\u0131nda b\u00fcy\u00fck bir \u00e7ukur a\u00e7\u0131lm\u0131\u015f. \u015eehrin g\u00f6rkemli s\u00fctunlar\u0131 bu \u00e7ukurun i\u00e7ine devrilmi\u015f. Termal sular da \u00e7ukurun i\u00e7ine dolunca <strong>Kleopatra Havuzu<\/strong> olu\u015fmu\u015f. \u00d6zellikle k\u0131\u015f\u0131n hava so\u011fukken bu s\u0131cak termal sularla dolu antik havuzda y\u00fczmek m\u00fcthi\u015f bir deneyim.<\/p>\n\n\n\n<figure class=\"wp-block-image size-large\"><img decoding=\"async\" src=\"https:\/\/res.cloudinary.com\/turna\/image\/upload\/v1664960137\/kleopatra_havuzu_denizli.jpg\" alt=\"\"\/><\/figure>\n\n\n\n<p>Bu havuzda y\u00fczmek isterseniz \u00f6ren yerine girerken \u00f6dedi\u011finiz giri\u015f \u00fccretine dahil olmad\u0131\u011f\u0131n\u0131 belirteyim. Antik havuzda y\u00fczme bedeli ayr\u0131ca 130 TL.<\/p>\n\n\n\n<p>Hierapolis Antik Kenti konumu <strong><a href=\"https:\/\/goo.gl\/maps\/nBnTv9zjSVKt6Gea7\" target=\"_blank\" rel=\"noreferrer noopener\">burada.<\/a><\/strong><\/p>\n\n\n\n<h3 class=\"wp-block-heading has-text-align-center has-neeon-button-dark-gray-color has-text-color has-link-color wp-elements-bb2c33832c591ee53c8b55ce87886e9c\"><span class=\"ez-toc-section\" id=\"laodikya_antik_kenti\"><\/span><strong>Laodikya Antik Kenti<\/strong><span class=\"ez-toc-section-end\"><\/span><\/h3>\n\n\n\n<figure class=\"wp-block-image size-large\"><img decoding=\"async\" src=\"https:\/\/res.cloudinary.com\/turna\/image\/upload\/v1664960137\/laodikya_antik_kenti.jpg\" alt=\"Laodikya Antik Kenti Denizli'de gezilecek yerler\"\/><\/figure>\n\n\n\n<p>Laodikya M\u00d6. 261-263 y\u0131llar\u0131 aras\u0131nda&nbsp;II. Antiokhos&nbsp;taraf\u0131ndan kurulmu\u015f. Kente Antiokhos&#8217;un kar\u0131s\u0131 Laodike&#8217;nin ad\u0131 verilmi\u015f. Anadolu&#8217;nun en \u00fcnl\u00fc 7 kilisesinden birine de ev sahipli\u011fi yapan kent Denizli&#8217;de gezilecek yerler listenize mutlaka eklemeniz gereken yerlerden. Kentte g\u00f6rebilece\u011finiz yap\u0131lar; Anadolu\u2019nun en b\u00fcy\u00fck stadyumu, 2 tiyatro, 4 hamam kompleksi, 5 Agora, 5 Nympheum, 2 Ana Giri\u015f Kap\u0131s\u0131, Meclis Binas\u0131, Tap\u0131naklar, kiliseler ve an\u0131tsal cadde.<\/p>\n\n\n\n<p>Laodikya Antik Kenti giri\u015f \u00fccreti 75 TL. M\u00fcze kart ile giri\u015f \u00fccretsiz.<\/p>\n\n\n\n<p>Laodikya Antik Kenti konumu <strong><a href=\"https:\/\/goo.gl\/maps\/KYDuiRwQMN9eQ8PX7\" target=\"_blank\" rel=\"noreferrer noopener\">burada.<\/a><\/strong><\/p>\n\n\n\n<h3 class=\"wp-block-heading has-text-align-center has-neeon-button-dark-gray-color has-text-color has-link-color wp-elements-21a8a06bfcb76c64c443643f0b6a27c5\"><span class=\"ez-toc-section\" id=\"ataturk_evi_ve_etnografya_muzesi\"><\/span><strong>Atat\u00fcrk Evi ve Etnografya M\u00fczesi<\/strong><span class=\"ez-toc-section-end\"><\/span><\/h3>\n\n\n\n<p>Denizli merkezde g\u00f6rebilece\u011finiz \u00f6nemli bir m\u00fcze <strong>Atat\u00fcrk Evi ve Etnografya M\u00fczesi<\/strong>. Bina, Cumhuriyetin ilk y\u0131llar\u0131nda parti binas\u0131 olarak kullan\u0131lm\u0131\u015f. Atat\u00fcrk, 4 \u015eubat 1931 tarihinde Denizli\u2019ye geldi\u011finde burada bir gece kalm\u0131\u015f. M\u00fcze binas\u0131 1950\u2019li y\u0131llardan sonra Sa\u011fl\u0131k Bakanl\u0131\u011f\u0131\u2019na tahsis edilmi\u015f ve bir s\u00fcre Verem Sava\u015f Dispanseri olarak hizmet vermi\u015f. 1977&#8217;de K\u00fclt\u00fcr Bakanl\u0131\u011f\u0131 taraf\u0131ndan an\u0131t eser olarak koruma alt\u0131na al\u0131nm\u0131\u015f.<\/p>\n\n\n\n<p>1 \u015eubat 1984 tarihinde m\u00fcze olarak ziyarete a\u00e7\u0131lm\u0131\u015f. M\u00fczede etnografik eserler sergileniyor. M\u00fczeye giri\u015fler \u00fccretsiz.<\/p>\n\n\n\n<p>Atat\u00fcrk Evi ve Etnografya M\u00fczesi konumu <strong><a href=\"https:\/\/goo.gl\/maps\/sxRAzYDhUwqMLt8t8\" target=\"_blank\" rel=\"noreferrer noopener\">burada.<\/a><\/strong><\/p>\n\n\n\n<h3 class=\"wp-block-heading has-text-align-center has-neeon-button-dark-gray-color has-text-color has-link-color wp-elements-ea6013f7ea6cf908a2a39cd17c5d0d98\"><span class=\"ez-toc-section\" id=\"bagbasi_yaylasi\"><\/span><strong>Ba\u011fba\u015f\u0131 Yaylas\u0131<\/strong><span class=\"ez-toc-section-end\"><\/span><\/h3>\n\n\n\n<figure class=\"wp-block-image size-large\"><img decoding=\"async\" src=\"https:\/\/res.cloudinary.com\/turna\/image\/upload\/v1664960137\/denizli_teleferik_ve_ba%C4%9Fba%C5%9F%C4%B1_yaylas%C4%B1.jpg\" alt=\"Ba\u011fba\u015f\u0131 Yaylas\u0131\"\/><\/figure>\n\n\n\n<p>Denizli&#8217;de k\u0131s\u0131tl\u0131 vaktiniz varsa bence bu  maddeyi es ge\u00e7ebilirsiniz. Ama vaktiniz geni\u015fse ve olmazsa olmaz yerleri g\u00f6rd\u00fcyseniz Denizli teleferik ve Ba\u011fba\u015f\u0131 Yaylas\u0131 rotan\u0131za dahil olabilir. Denizli merkeze yak\u0131n konumda bulunan teleferik ile t\u00fcm Denizli&#8217;yi yukar\u0131dan g\u00f6r\u00fcyorsunuz. Teleferikten indikten sonra dolmu\u015flarla Ba\u011fba\u015f\u0131 Yaylas\u0131&#8217;na gidiyorsunuz.<\/p>\n\n\n\n<p>Yaylada konaklama yapabilece\u011finiz bungalow evler, restoranlar bulunuyor. K\u0131\u015f\u0131n burada yo\u011fun miktarda kar oldu\u011fu i\u00e7in Denizlililer \u00f6zellikle hafta sonu yo\u011fun \u015fekilde ziyaret ediyor.<\/p>\n\n\n\n<p>Ba\u011fba\u015f\u0131 Yaylas\u0131 konumu <strong><a href=\"https:\/\/goo.gl\/maps\/njQBJbTpz42wtVDe6\" target=\"_blank\" rel=\"noreferrer noopener\">burada.<\/a><\/strong><\/p>\n\n\n\n<h3 class=\"wp-block-heading has-text-align-center has-neeon-button-dark-gray-color has-text-color has-link-color wp-elements-558cd03390a4536d394b5a2f6244e33a\"><span class=\"ez-toc-section\" id=\"kaklik_magarasi\"><\/span><strong>Kakl\u0131k Ma\u011faras\u0131<\/strong><span class=\"ez-toc-section-end\"><\/span><\/h3>\n\n\n\n<figure class=\"wp-block-image size-large\"><img decoding=\"async\" src=\"https:\/\/res.cloudinary.com\/turna\/image\/upload\/v1664960137\/kakl%C4%B1k_ma%C4%9Faras%C4%B1_denizlide_gezilecek_yerler.jpg\" alt=\"Kakl\u0131k Ma\u011faras\u0131\"\/><\/figure>\n\n\n\n<p>Yer alt\u0131nda sakl\u0131 bir Pamukkale daha g\u00f6rmek ister misiniz? O halde istikamet Kakl\u0131k Ma\u011faras\u0131. Ma\u011fara damlata\u015f\u0131, sark\u0131t ve dikitlerinin yan\u0131 s\u0131ra i\u00e7erisinde olu\u015fmu\u015f traverten basamaklar\u0131 bu basamaklar\u0131n i\u00e7ini dolduran termal sular\u0131yla dikkat \u00e7ekiyor. Bu \u00f6zelli\u011finden dolay\u0131 k\u00fc\u00e7\u00fck Pamukkale ya da ma\u011fara Pamukkale olarak da an\u0131l\u0131yor. Olduk\u00e7a farkl\u0131 ve ilgin\u00e7 olan bu ma\u011faraya giri\u015f \u00fccreti 5 TL.<\/p>\n\n\n\n<p>Kakl\u0131k Ma\u011faras\u0131 konumu <strong><a href=\"https:\/\/goo.gl\/maps\/ajDAtPXBTwrGGNxR6\" target=\"_blank\" rel=\"noreferrer noopener\">burada.<\/a><\/strong><\/p>\n\n\n\n<h3 class=\"wp-block-heading has-text-align-center has-neeon-button-dark-gray-color has-text-color has-link-color wp-elements-c39874c43b99f077e996191c7267b242\"><span class=\"ez-toc-section\" id=\"karahayit_kaplicalari\"><\/span><strong>Karahay\u0131t Kapl\u0131calar\u0131<\/strong><span class=\"ez-toc-section-end\"><\/span><\/h3>\n\n\n\n<figure class=\"wp-block-image size-large\"><img decoding=\"async\" src=\"https:\/\/res.cloudinary.com\/turna\/image\/upload\/v1726079206\/wordpress-contents\/karahayit_kaplica.jpg\" alt=\"Denizli'de Gezilecek Yerler Karahay\u0131t kapl\u0131ca\"\/><\/figure>\n\n\n\n<p>Denizli&#8217;de gezilecek yerler listesinde olmazsa olmazlardan biri de Karahay\u0131t Kapl\u0131calar\u0131! Pamukkale&#8217;nin hemen yan\u0131 ba\u015f\u0131ndaki bu mucizevi kapl\u0131calar, \u015fifal\u0131 k\u0131rm\u0131z\u0131 suyu ile \u00fcnl\u00fc. &#8220;Neden k\u0131rm\u0131z\u0131?&#8221; diye soracak olursan\u0131z, suyun i\u00e7indeki demir ve mineraller bu \u00f6zel renge sebep oluyor. Hem s\u0131cakl\u0131\u011f\u0131 tam 58\u00b0C! Bir yandan bu \u015fifal\u0131 sularda dinlenip v\u00fccudunuza iyi gelirken, bir yandan da do\u011fan\u0131n nas\u0131l b\u00f6ylesine harika bir renk kartelas\u0131yla oynad\u0131\u011f\u0131na \u015fa\u015f\u0131racaks\u0131n\u0131z.<\/p>\n\n\n\n<p>Konum <strong><a href=\"https:\/\/maps.app.goo.gl\/3BhtsCn4HoB1yyYC9\" target=\"_blank\" rel=\"noreferrer noopener\">burada.<\/a><\/strong><\/p>\n\n\n\n<h3 class=\"wp-block-heading has-text-align-center has-neeon-button-dark-gray-color has-text-color has-link-color wp-elements-a91f19de0ae5997d8d7bf94e5ff7e68f\"><span class=\"ez-toc-section\" id=\"honaz_dagi_milli_parki\"><\/span><strong>Honaz Da\u011f\u0131 Milli Park\u0131<\/strong><span class=\"ez-toc-section-end\"><\/span><\/h3>\n\n\n\n<figure class=\"wp-block-image size-large\"><img decoding=\"async\" src=\"https:\/\/res.cloudinary.com\/turna\/image\/upload\/v1726079206\/wordpress-contents\/honaz_dagi_milli_park.jpg\" alt=\"Denizli'de Gezilecek Yerler Honaz Da\u011f\u0131\"\/><\/figure>\n\n\n\n<p>Haz\u0131r m\u0131s\u0131n\u0131z? \u0130\u015fte kar\u015f\u0131n\u0131zda Ege B\u00f6lgesi\u2019nin en y\u00fcksek noktas\u0131: Honaz Da\u011f\u0131! 2.571 metre y\u00fcksekli\u011fiyle bulutlara kafa tutan bu da\u011f, do\u011fa tutkunlar\u0131n\u0131n bir numaral\u0131 ka\u00e7\u0131\u015f noktas\u0131. Do\u011fayla ba\u015f ba\u015fa kalmak, tertemiz bir hava solumak ve bolca y\u00fcr\u00fcy\u00fc\u015f yapmak isteyenler i\u00e7in tam bir cennet. K\u0131\u015f\u0131n kayak yapabilece\u011finiz Bozda\u011f\u2019a da g\u00f6z k\u0131rpan bu b\u00f6lge, d\u00f6rt mevsim do\u011fa severleri kucakl\u0131yor. Zirveye \u00e7\u0131k\u0131p manzaray\u0131 g\u00f6rd\u00fc\u011f\u00fcn\u00fczde, \u201cEge\u2019deyiz ama Karadeniz\u2019de gibiyiz\u201d demeniz an meselesi!<\/p>\n\n\n\n<p>Konum <strong><a href=\"https:\/\/maps.app.goo.gl\/1W7dZQaX7MSbY69F8\" target=\"_blank\" rel=\"noreferrer noopener\">burada.<\/a><\/strong><\/p>\n\n\n\n<h3 class=\"wp-block-heading has-text-align-center has-neeon-button-dark-gray-color has-text-color has-link-color wp-elements-38f9966474117d756254ed7a09492ec2\"><span class=\"ez-toc-section\" id=\"keloglan_magarasi\"><\/span><strong>Kelo\u011flan Ma\u011faras\u0131<\/strong><span class=\"ez-toc-section-end\"><\/span><\/h3>\n\n\n\n<figure class=\"wp-block-image size-large\"><img decoding=\"async\" src=\"https:\/\/res.cloudinary.com\/turna\/image\/upload\/v1663150186\/kelo%C4%9Flan_ma%C4%9Faras%C4%B1.jpg\" alt=\"Kelo\u011flan Ma\u011faras\u0131\"\/><\/figure>\n\n\n\n<p>Sa\u00e7\u0131m benim sa\u00e7\u0131m benim, d\u00f6k\u00fcl\u00fcyor sa\u00e7\u0131m benim. Girdim Kelo\u011flan Ma\u011faras\u0131&#8217;na g\u00fcr \u00e7\u0131kar sa\u00e7\u0131m benim. \ud83d\ude02 Bu s\u00f6zleri hat\u0131rlayan var m\u0131 aram\u0131zda? Sadettin Teksoy&#8217;un y\u0131llar \u00f6nce yapt\u0131\u011f\u0131 programda ma\u011faray\u0131 ziyareti s\u0131ras\u0131nda s\u00f6yledi\u011fi ve ak\u0131llara kaz\u0131nan s\u00f6zler. Bir efsaneye g\u00f6re kel oldu\u011fu i\u00e7in sevdi\u011fi k\u0131zla evlenemeyen bir \u00e7oban bu ma\u011farada g\u00fcnlerce uyumu\u015f, ve uyand\u0131\u011f\u0131nda sa\u00e7lar\u0131 varm\u0131\u015f. Bu inan\u0131\u015ftan dolay\u0131 da ziyaret edilen ma\u011faran\u0131n sa\u00e7 \u00e7\u0131karmada kan\u0131tlanm\u0131\u015f herhangi bir etkisi yok elbette. \ud83d\ude0a Ma\u011fara i\u00e7inde \u00e7ok say\u0131da sark\u0131t, dikit ve s\u00fctun bulunuyor. I\u015f\u0131kland\u0131r\u0131lm\u0131\u015f haliyle de ilgi \u00e7ekici g\u00f6r\u00fcn\u00fcyor. Ma\u011fara ile ilgili t\u00fcm detaylar i\u00e7in <strong><a href=\"https:\/\/www.turna.com\/blog\/keloglan-magarasi\" target=\"_blank\" rel=\"noreferrer noopener\">bu yaz\u0131m\u0131<\/a><\/strong> okuyun.<\/p>\n\n\n\n<p>Kelo\u011flan Ma\u011faras\u0131 konumu <strong><a href=\"https:\/\/goo.gl\/maps\/VtSdifzwSu7ibJdY7\" target=\"_blank\" rel=\"noreferrer noopener\">burada.<\/a><\/strong><\/p>\n\n\n\n<h3 class=\"wp-block-heading has-text-align-center has-neeon-button-dark-gray-color has-text-color has-link-color wp-elements-aaff224422ef0b4e2524e8071bec6b6e\"><span class=\"ez-toc-section\" id=\"tripolis_antik_kenti\"><\/span><strong>Tripolis Antik Kenti<\/strong><span class=\"ez-toc-section-end\"><\/span><\/h3>\n\n\n\n<p>Tripolis Antik Kenti, Denizli Buldan il\u00e7esinde yer al\u0131yor. Lydia B\u00f6lgesi s\u0131n\u0131rlar\u0131nda ilk kez Apollonia ismi ile kurulmu\u015f, k\u0131sa bir d\u00f6nem Antoniopolis olarak da an\u0131lm\u0131\u015f. M.\u00d6. 1. yy. da \u00fc\u00e7 b\u00f6lgenin kesi\u015fim noktas\u0131nda olmas\u0131 nedeniyle Tripolis ismini alm\u0131\u015f. Kent en ihti\u015faml\u0131 \u00e7a\u011f\u0131n\u0131 Roma d\u00f6neminde ya\u015fam\u0131\u015f. Olmazsa olmaz diyece\u011fim yerlerden olmasa da vakit k\u0131s\u0131t\u0131n\u0131z yoksa rotan\u0131za dahil edin derim.<\/p>\n\n\n\n<p>Tripolis Antik Kenti konumu <strong><a href=\"https:\/\/goo.gl\/maps\/t2MrfaFSLCipsrcY7\" target=\"_blank\" rel=\"noreferrer noopener\">burada.<\/a><\/strong><\/p>\n\n\n\n<h3 class=\"wp-block-heading has-text-align-center has-neeon-button-dark-gray-color has-text-color has-link-color wp-elements-9472abd11215c7d9f08879e4e76301d3\"><span class=\"ez-toc-section\" id=\"isikli_golu\"><\/span><strong>I\u015f\u0131kl\u0131 G\u00f6l\u00fc<\/strong><span class=\"ez-toc-section-end\"><\/span><\/h3>\n\n\n\n<figure class=\"wp-block-image size-large\"><img width=\"800\" height=\"500\" data-public-id=\"denizli_\u0131\u015f\u0131kl\u0131_g\u00f6l\u00fc\/denizli_\u0131\u015f\u0131kl\u0131_g\u00f6l\u00fc.jpg\" decoding=\"async\" src=\"https:\/\/res.cloudinary.com\/turna\/images\/w_800,h_500,c_scale\/f_auto,q_auto:low\/v1663242700\/denizli_\u0131\u015f\u0131kl\u0131_g\u00f6l\u00fc\/denizli_\u0131\u015f\u0131kl\u0131_g\u00f6l\u00fc.jpg?_i=AA\" alt=\"I\u015f\u0131kl\u0131 G\u00f6l\u00fc\" class=\"wp-post-0 wp-image-21124\" data-format=\"jpg\" data-transformations=\"f_auto,q_auto:low\" data-version=\"1663242700\" data-seo=\"1\" srcset=\"https:\/\/res.cloudinary.com\/turna\/images\/f_auto,q_auto:low\/v1663242700\/denizli_\u0131\u015f\u0131kl\u0131_g\u00f6l\u00fc\/denizli_\u0131\u015f\u0131kl\u0131_g\u00f6l\u00fc.jpg?_i=AA 800w, https:\/\/res.cloudinary.com\/turna\/images\/w_300,h_188,c_scale\/f_auto,q_auto:low\/v1663242700\/denizli_\u0131\u015f\u0131kl\u0131_g\u00f6l\u00fc\/denizli_\u0131\u015f\u0131kl\u0131_g\u00f6l\u00fc.jpg?_i=AA 300w, https:\/\/res.cloudinary.com\/turna\/images\/w_672,h_420,c_scale\/f_auto,q_auto:low\/v1663242700\/denizli_\u0131\u015f\u0131kl\u0131_g\u00f6l\u00fc\/denizli_\u0131\u015f\u0131kl\u0131_g\u00f6l\u00fc.jpg?_i=AA 672w, https:\/\/res.cloudinary.com\/turna\/images\/w_640,h_400,c_scale\/f_auto,q_auto:low\/v1663242700\/denizli_\u0131\u015f\u0131kl\u0131_g\u00f6l\u00fc\/denizli_\u0131\u015f\u0131kl\u0131_g\u00f6l\u00fc.jpg?_i=AA 640w, https:\/\/res.cloudinary.com\/turna\/images\/w_681,h_426,c_scale\/f_auto,q_auto:low\/v1663242700\/denizli_\u0131\u015f\u0131kl\u0131_g\u00f6l\u00fc\/denizli_\u0131\u015f\u0131kl\u0131_g\u00f6l\u00fc.jpg?_i=AA 681w\" sizes=\"(max-width: 800px) 100vw, 800px\" \/><\/figure>\n\n\n\n<p>I\u015f\u0131kl\u0131 G\u00f6l\u00fc Denizli&#8217;de gezilecek yerler i\u00e7inde son y\u0131llarda bilinirli\u011fi artan ve \u00e7ok say\u0131da turist \u00e7ekmeye ba\u015flayan bir destinasyon. \u00d6zellikle May\u0131s ay\u0131n\u0131n geli\u015fiyle g\u00f6lde a\u00e7an nil\u00fcfer \u00e7i\u00e7ekleri I\u015f\u0131kl\u0131 G\u00f6l\u00fc&#8217;n\u00fcn bu kadar pop\u00fcler olmas\u0131n\u0131n as\u0131l nedeni. Tekne turuyla bu nil\u00fcfer bah\u00e7esinde gezintiye \u00e7\u0131kmak I\u015f\u0131kl\u0131 G\u00f6l\u00fc&#8217;n\u00fcn alamet-i farikas\u0131. Temmuz sonuna kadar nil\u00fcfer \u00e7i\u00e7ekleri g\u00f6l\u00fcn y\u00fczeyinde s\u00fcz\u00fclmeye devam ediyor. Bu d\u00f6nem d\u0131\u015f\u0131nda giderseniz hayal k\u0131r\u0131kl\u0131\u011f\u0131na u\u011fratabilir, benden s\u00f6ylemesi. I\u015f\u0131kl\u0131 G\u00f6l\u00fc hakk\u0131nda t\u00fcm detayl\u0131 bilgileri <strong><a href=\"https:\/\/www.turna.com\/blog\/isikli-golu\" target=\"_blank\" rel=\"noreferrer noopener\">bu yaz\u0131mdan<\/a><\/strong> edinebilirsiniz.<\/p>\n\n\n\n<p>I\u015f\u0131kl\u0131 G\u00f6l\u00fc konumu <strong><a href=\"https:\/\/goo.gl\/maps\/DqxW71MESHHhkPRn6\" target=\"_blank\" rel=\"noreferrer noopener\">burada.<\/a><\/strong><\/p>\n\n\n\n<h3 class=\"wp-block-heading has-text-align-center has-neeon-button-dark-gray-color has-text-color has-link-color wp-elements-ebb0b98275a7b8409ea99a5cafac3fca\"><span class=\"ez-toc-section\" id=\"acipayam_kanyonu\"><\/span><strong>Ac\u0131payam Kanyonu<\/strong><span class=\"ez-toc-section-end\"><\/span><\/h3>\n\n\n\n<figure class=\"wp-block-image size-large is-resized\"><img width=\"800\" height=\"500\" data-public-id=\"ac\u0131payam_kanyonu_yol_tarifi\/ac\u0131payam_kanyonu_yol_tarifi.jpg\" decoding=\"async\" src=\"https:\/\/res.cloudinary.com\/turna\/images\/w_800,h_500,c_scale\/f_auto,q_auto:low\/v1663247801\/ac\u0131payam_kanyonu_yol_tarifi\/ac\u0131payam_kanyonu_yol_tarifi.jpg?_i=AA\" alt=\"Ac\u0131payam Kanyonu\" style=\"width:671px;height:419px\" class=\"wp-post-0 wp-image-21126\" data-format=\"jpg\" data-transformations=\"f_auto,q_auto:low\" data-version=\"1663247801\" data-seo=\"1\" srcset=\"https:\/\/res.cloudinary.com\/turna\/images\/f_auto,q_auto:low\/v1663247801\/ac\u0131payam_kanyonu_yol_tarifi\/ac\u0131payam_kanyonu_yol_tarifi.jpg?_i=AA 800w, https:\/\/res.cloudinary.com\/turna\/images\/w_300,h_188,c_scale\/f_auto,q_auto:low\/v1663247801\/ac\u0131payam_kanyonu_yol_tarifi\/ac\u0131payam_kanyonu_yol_tarifi.jpg?_i=AA 300w, https:\/\/res.cloudinary.com\/turna\/images\/w_672,h_420,c_scale\/f_auto,q_auto:low\/v1663247801\/ac\u0131payam_kanyonu_yol_tarifi\/ac\u0131payam_kanyonu_yol_tarifi.jpg?_i=AA 672w, https:\/\/res.cloudinary.com\/turna\/images\/w_640,h_400,c_scale\/f_auto,q_auto:low\/v1663247801\/ac\u0131payam_kanyonu_yol_tarifi\/ac\u0131payam_kanyonu_yol_tarifi.jpg?_i=AA 640w, https:\/\/res.cloudinary.com\/turna\/images\/w_681,h_426,c_scale\/f_auto,q_auto:low\/v1663247801\/ac\u0131payam_kanyonu_yol_tarifi\/ac\u0131payam_kanyonu_yol_tarifi.jpg?_i=AA 681w\" sizes=\"(max-width: 800px) 100vw, 800px\" \/><\/figure>\n\n\n\n<p>Asl\u0131nda evvelden beri orada olan ama turizme kazand\u0131r\u0131lmas\u0131yla bizim son y\u0131llarda ad\u0131n\u0131 duymaya ba\u015flad\u0131\u011f\u0131m\u0131z Ac\u0131payam Kanyonu Denizli seyahatinizde gidebilece\u011finiz yerlerden biri. Turkuaz renkli sular\u0131yla g\u00f6z kama\u015ft\u0131ran kanyonu ah\u015fap y\u00fcr\u00fcy\u00fc\u015f yolu ve seyir teraslar\u0131 sayesinde rahatl\u0131kla gezebilirsiniz. Hen\u00fcz kanyondaki \u00e7al\u0131\u015fmalar tamamlanamad\u0131\u011f\u0131ndan dolay\u0131 d\u00f6nem d\u00f6nem ziyarete kapan\u0131yor. Gitmeden \u00f6nce Ac\u0131payam Belediyesi&#8217;ni aray\u0131p kesin bilgi edinin.<\/p>\n\n\n\n<p>Ac\u0131payam Kanyonu konumu <strong><a href=\"https:\/\/goo.gl\/maps\/BBdSEscvfaGgqDc2A\" target=\"_blank\" rel=\"noreferrer noopener\">burada.<\/a><\/strong><\/p>\n\n\n\n<h3 class=\"wp-block-heading has-text-align-center has-neeon-button-dark-gray-color has-text-color has-link-color wp-elements-87504d05bb874c15ed85061f8d765942\"><span class=\"ez-toc-section\" id=\"acigol\"><\/span><strong>Ac\u0131g\u00f6l<\/strong><span class=\"ez-toc-section-end\"><\/span><\/h3>\n\n\n\n<p>Ac\u0131g\u00f6l: Ku\u015flar\u0131n VIP Mekan\u0131! Denizli&#8217;nin \u00c7ardak il\u00e7esine do\u011fru yol ald\u0131\u011f\u0131n\u0131zda, sizi bir do\u011fa harikas\u0131 kar\u015f\u0131l\u0131yor. Tuzlu suyu ve harika manzaras\u0131yla Ac\u0131g\u00f6l, ku\u015f g\u00f6zlemi yapmak isteyenler i\u00e7in tam bir cennet. Flamingolar, angutlar ve daha nice ku\u015f t\u00fcr\u00fc burada kendilerine \u00f6zel bir alan olu\u015fturmu\u015f, adeta VIP bir ku\u015f kul\u00fcb\u00fc! \ud83e\udebd Hadi, d\u00fcrb\u00fcnlerinizi kap\u0131n ve Ac\u0131g\u00f6l\u2019\u00fcn bu e\u015fsiz atmosferine dal\u0131n!<\/p>\n\n\n\n<p>Konum <strong><a href=\"https:\/\/maps.app.goo.gl\/cwyw6oL1ysVrq6dN6\" target=\"_blank\" rel=\"noreferrer noopener\">burada.<\/a><\/strong><\/p>\n\n\n\n<h3 class=\"wp-block-heading has-text-align-center has-neeon-button-dark-gray-color has-text-color has-link-color wp-elements-f2d41977d569429f94a26439534730fe\"><span class=\"ez-toc-section\" id=\"guney_selalesi\"><\/span><strong>G\u00fcney \u015eelalesi<\/strong><span class=\"ez-toc-section-end\"><\/span><\/h3>\n\n\n\n<figure class=\"wp-block-image size-large\"><img decoding=\"async\" src=\"https:\/\/res.cloudinary.com\/turna\/image\/upload\/v1663163571\/denizli_g%C3%BCney_%C5%9Felalesi.jpg\" alt=\"G\u00fcney \u015eelalesi\"\/><\/figure>\n\n\n\n<p>G\u00fcney \u015eelalesi Denizli&#8217;ye 70 km mesafede yer al\u0131yor. Birinci derece sit alan\u0131 olarak koruma alt\u0131nda. \u015eelale, Cindere Da\u011f\u0131 yama\u00e7lar\u0131ndan \u00e7\u0131kan sularla olu\u015fuyor. B\u00fcy\u00fck Menderes nehrine yakla\u015f\u0131k 20 m y\u00fcksekten d\u00f6k\u00fcl\u00fcyor. \u015eelalenin suyu kire\u00e7li, dolay\u0131s\u0131yla \u015felale yata\u011f\u0131nda kalker basamaklar ve \u00e7e\u015fitli olu\u015fumlar meydana getirmi\u015f. Suyun y\u0131llar boyu ak\u0131\u015f\u0131yla sark\u0131t dikitleri olan bir damla ta\u015f ma\u011faras\u0131 olu\u015fmu\u015f, \u00fcstelik ma\u011farada y\u00fcz\u00fclebilen derinlikte bir de g\u00f6l bulunuyor.<\/p>\n\n\n\n<p>G\u00fcney \u015eelalesi konumu <strong><a href=\"https:\/\/goo.gl\/maps\/qMVfj9smecoE7jdb7\" target=\"_blank\" rel=\"noreferrer noopener\">burada.<\/a><\/strong><\/p>\n\n\n\n<h3 class=\"wp-block-heading has-text-align-center has-neeon-button-dark-gray-color has-text-color has-link-color wp-elements-fbcf285bfe40e68c541de00938dafa4a\"><span class=\"ez-toc-section\" id=\"colossae_antik_kenti\"><\/span><strong>Colossae Antik Kenti<\/strong><span class=\"ez-toc-section-end\"><\/span><\/h3>\n\n\n\n<p>Antik kentlere bay\u0131lanlar buraya! Colossae, Honaz Da\u011f\u0131&#8217;n\u0131n eteklerinde, do\u011fan\u0131n kollar\u0131nda \u015firin mi \u015firin bir antik kent. Bir zamanlar ticaret yollar\u0131n\u0131n kalbi olan bu \u015fehirde, tarihi dokuyu adeta hissedeceksiniz. Roma ve Bizans d\u00f6nemine ait kal\u0131nt\u0131lar, sanki size &#8220;Gel, hik\u00e2yemi dinle!&#8221; diyor.<\/p>\n\n\n\n<p>Bir de \u015fu var: Colossae, \u0130ncil\u2019de bile ad\u0131 ge\u00e7en bir yer! Yani bu topraklarda y\u00fcr\u00fcrken tarihe bizzat dokunuyorsunuz. Bir yandan bu tarihi koklay\u0131p, bir yandan &#8220;Acaba o d\u00f6nemde ya\u015fam nas\u0131l olurdu?&#8221; diye hayal kurmak m\u00fcmk\u00fcn.<\/p>\n\n\n\n<p>Konum <strong><a href=\"https:\/\/maps.app.goo.gl\/HeQ1TveMLB86U44q8\" target=\"_blank\" rel=\"noreferrer noopener\">burada.<\/a><\/strong><\/p>\n\n\n\n<h3 class=\"wp-block-heading has-text-align-center has-neeon-button-dark-gray-color has-text-color has-link-color wp-elements-b7b08c83cff22a85b6b5e79554d0a68f\"><span class=\"ez-toc-section\" id=\"yesildere_selalesi_aglayan_kaya\"><\/span><strong>Ye\u015fildere \u015eelalesi (A\u011flayan Kaya)<\/strong><span class=\"ez-toc-section-end\"><\/span><\/h3>\n\n\n\n<figure class=\"wp-block-image size-large\"><img decoding=\"async\" src=\"https:\/\/res.cloudinary.com\/turna\/image\/upload\/v1726079207\/wordpress-contents\/yesildere_selale.jpg\" alt=\"Denizli'de Gezilecek Yerler | 12 Ke\u015fif Noktas\u0131 Ye\u015fildere \u015eelalesi\"\/><\/figure>\n\n\n\n<p>Ye\u015fildere \u015eelalesi Denizli&#8217;ye 30 km uzakl\u0131kta bulunuyor. \u015eelale 30 metre y\u00fckseklikten d\u00f6k\u00fcl\u00fcyor. \u015eelale a\u011flayan bir kayay\u0131 and\u0131ran do\u011fa harikas\u0131n\u0131 olu\u015fturdu\u011fundan dolay\u0131  bu ismi alm\u0131\u015f. Burada Hocan\u0131n Yeri ad\u0131nda bir i\u015fletme var. Giderseniz alabal\u0131k yiyebilirsiniz.<\/p>\n\n\n\n<p>Ye\u015fildere \u015eelalesi konumu <strong><a href=\"https:\/\/goo.gl\/maps\/vJP7iAvNz5fG2NTv5\" target=\"_blank\" rel=\"noreferrer noopener\">burada.<\/a><\/strong><\/p>\n\n\n\n<h3 class=\"wp-block-heading has-text-align-center has-neeon-button-dark-gray-color has-text-color has-link-color wp-elements-258f88e146490055532c070eaebfe72f\"><span class=\"ez-toc-section\" id=\"servergazi_turbesi\"><\/span><strong>Servergazi T\u00fcrbesi<\/strong><span class=\"ez-toc-section-end\"><\/span><\/h3>\n\n\n\n<p>Tarihin sayfalar\u0131n\u0131 biraz aralayal\u0131m ve Servergazi T\u00fcrbesi\u2019ne bir g\u00f6z atal\u0131m. Buras\u0131, Denizli\u2019nin fethi s\u0131ras\u0131nda kahramanl\u0131klar\u0131yla destan yazan Servergazi\u2019nin huzur i\u00e7inde yatt\u0131\u011f\u0131 yer. Denizli\u2019yi korumu\u015f, bize de g\u00fczel bir t\u00fcrbe b\u0131rakm\u0131\u015f! T\u00fcrbe, \u015fehrin manzaras\u0131n\u0131 g\u00f6rebilece\u011finiz bir tepede yer al\u0131yor; buraya \u00e7\u0131kt\u0131\u011f\u0131n\u0131zda hem tarihi bir yolculu\u011fa \u00e7\u0131k\u0131yorsunuz hem de \u015fehrin ku\u015fbak\u0131\u015f\u0131 manzaras\u0131n\u0131n tad\u0131n\u0131 \u00e7\u0131kar\u0131yorsunuz.<\/p>\n\n\n\n<p>Konum <strong><a href=\"https:\/\/maps.app.goo.gl\/AMQQt2k6ggWtWWsF7\" target=\"_blank\" rel=\"noreferrer noopener\">burada.<\/a><\/strong><\/p>\n\n\n\n<h3 class=\"wp-block-heading has-text-align-center has-neeon-button-dark-gray-color has-text-color has-link-color wp-elements-3a279aa55575b72024ce320ab587ba4d\"><span class=\"ez-toc-section\" id=\"cal_kanyonu\"><\/span><strong>\u00c7al Kanyonu<\/strong><span class=\"ez-toc-section-end\"><\/span><\/h3>\n\n\n\n<p>Do\u011fan\u0131n heyecan verici y\u00fcz\u00fcyle tan\u0131\u015fmak i\u00e7in rotan\u0131z\u0131 \u00c7al Kanyonu\u2019na \u00e7evirin! Denizli\u2019de gezilecek yerler aras\u0131nda adrenalin tutkunlar\u0131n\u0131n kalbini fetheden bu kanyon, do\u011fan\u0131n sab\u0131rl\u0131 bir heykelt\u0131ra\u015f gibi \u015fekillendirdi\u011fi harika bir yer. Tam 800 metre uzunlu\u011fundaki bu derin vadi, ke\u015ffetmeyi seven maceraperestler i\u00e7in bi\u00e7ilmi\u015f kaftan.<\/p>\n\n\n\n<p>Etraf\u0131n\u0131 saran dik kayal\u0131klar, i\u00e7inden ge\u00e7en deresiyle adeta bir do\u011fa harikas\u0131. \u00d6zellikle ilkbaharda su seviyesi y\u00fckseldi\u011finde, suyun \u015f\u0131r\u0131lt\u0131s\u0131 ve \u00e7evrenizdeki yemye\u015fil do\u011fa tam bir terapi seans\u0131 sunuyor.<\/p>\n\n\n\n<p>Konum <a href=\"https:\/\/maps.app.goo.gl\/okQDWtcLGMJEagyt8\" target=\"_blank\" rel=\"noreferrer noopener\"><strong>burada.<\/strong><\/a><\/p>\n\n\n\n<h3 class=\"wp-block-heading has-text-align-center has-neeon-button-dark-gray-color has-text-color has-link-color wp-elements-e8f8c7e842b2e622f5e175a3dee11c19\"><span class=\"ez-toc-section\" id=\"tabea_antik_kenti\"><\/span><strong>Tabea Antik Kenti<\/strong><div><span style=\"margin: 0px; padding: 0px; color: rgb(0, 0, 0);\"><\/span><\/div><span class=\"ez-toc-section-end\"><\/span><\/h3>\n\n\n\n<figure class=\"wp-block-image size-large\"><img decoding=\"async\" src=\"https:\/\/res.cloudinary.com\/turna\/image\/upload\/v1726079207\/wordpress-contents\/tabea_antik_kenti.jpg\" alt=\"Denizli'de Gezilecek Yerler | 12 Ke\u015fif Noktas\u0131 Tabea Antik Kenti\"\/><\/figure>\n\n\n\n<p>Kale il\u00e7esinde, Ege&#8217;nin s\u0131cac\u0131k havas\u0131na kar\u015f\u0131l\u0131k tarihin so\u011fuk ta\u015flar\u0131 aras\u0131nda dola\u015fmak isterseniz, Tabea tam size g\u00f6re. Helenistik D\u00f6nem&#8217;de kurulan bu antik \u015fehir, zaman\u0131nda \u00f6nemli bir ticaret merkeziymi\u015f. \u015eimdi ise sessizce ziyaret\u00e7ilerini bekliyor! Tabea\u2019n\u0131n b\u00fcy\u00fcleyici surlar\u0131, tiyatrosu ve su sarn\u0131\u00e7lar\u0131yla ge\u00e7mi\u015fin izinde bir y\u00fcr\u00fcy\u00fc\u015f yaparken, kendinizi tarihle i\u00e7 i\u00e7e bulacaks\u0131n\u0131z. Kentin stratejik konumu sayesinde \u00e7evreyi panoramik bir manzarayla izleyebilir, bir yandan da buran\u0131n nas\u0131l bu kadar az bilindi\u011fine \u015fa\u015f\u0131rabilirsiniz. Kim bilir, belki de bu kadar gizemli kalmas\u0131n\u0131n s\u0131rr\u0131, tarihin kendisine saklad\u0131\u011f\u0131 k\u00fc\u00e7\u00fck bir hediye! Tabea, antik d\u00f6nemlerin sessiz kahraman\u0131 olarak Denizli\u2019de sizi bekliyor.<\/p>\n\n\n\n<p>Konum <strong><a href=\"https:\/\/maps.app.goo.gl\/ugb46VvSCQba5DmZ9\" target=\"_blank\" rel=\"noreferrer noopener\">burada.<\/a><\/strong><\/p>\n\n\n\n<h3 class=\"wp-block-heading has-text-align-center has-neeon-button-dark-gray-color has-text-color has-link-color wp-elements-ee2270baef96a7c9cf482ff5546a7aae\"><span class=\"ez-toc-section\" id=\"bozdag_kayak_merkezi\"><\/span><strong>Bozda\u011f Kayak Merkez<\/strong>i<span class=\"ez-toc-section-end\"><\/span><\/h3>\n\n\n\n<figure class=\"wp-block-image size-large\"><img decoding=\"async\" src=\"https:\/\/res.cloudinary.com\/turna\/image\/upload\/v1726079207\/wordpress-contents\/bozdag_kayak_merkezi.jpg\" alt=\"Bozda\u011f Kayak Merkezi\"\/><\/figure>\n\n\n\n<p>Denizli&#8217;de kayak m\u0131? Evet, yanl\u0131\u015f duymad\u0131n\u0131z! Ege\u2019nin s\u0131cac\u0131k iklimiyle \u00fcnl\u00fc oldu\u011funu d\u00fc\u015f\u00fcnebilirsiniz ama Bozda\u011f Kayak Merkezi, k\u0131\u015f\u0131n beyaza b\u00fcr\u00fcn\u00fcp sizi kayak maceras\u0131na davet ediyor. Denizli\u2019de gezilecek yerler aras\u0131nda bu s\u00fcrpriz da\u011f, k\u0131\u015f sporlar\u0131 severlerin yeni favorisi olmaya aday!<\/p>\n\n\n\n<p>\u00dcstelik Bozda\u011f, 2.419 metrelik zirvesiyle kar tutma konusunda hi\u00e7 de m\u00fctevaz\u0131 de\u011fil. Kayak pistlerinde s\u00fcz\u00fclmek, telesiyejle manzaraya doymak ve sonunda s\u0131cac\u0131k bir \u00e7ayla \u0131s\u0131nmak&#8230; Daha ne olsun? Yaz tatiline alternatif ar\u0131yorsan\u0131z, Bozda\u011f&#8217;da kar keyfini ya\u015fay\u0131n; Ege\u2019nin sadece plajlardan ibaret olmad\u0131\u011f\u0131n\u0131 bir kez daha ke\u015ffedin!<\/p>\n\n\n\n<p>Konum <strong><a href=\"https:\/\/maps.app.goo.gl\/amFABc5xoqqE4yKBA\" target=\"_blank\" rel=\"noreferrer noopener\">burada.<\/a><\/strong><\/p>\n\n\n\n<h3 class=\"wp-block-heading has-text-align-center has-neeon-button-dark-gray-color has-text-color has-link-color wp-elements-d3a3f48b034eea66214bb958ab387250\"><span class=\"ez-toc-section\" id=\"incegiz_kanyonu\"><\/span><strong> \u0130nce\u011fiz Kanyonu<\/strong><span class=\"ez-toc-section-end\"><\/span><\/h3>\n\n\n\n<figure class=\"wp-block-image size-large\"><img decoding=\"async\" src=\"https:\/\/res.cloudinary.com\/turna\/image\/upload\/v1726079207\/wordpress-contents\/incegiz_kanyonu.jpg\" alt=\" \u0130nce\u011fiz Kanyonu\"\/><\/figure>\n\n\n\n<p>Denizli, Mu\u011fla ve Ayd\u0131n \u00fc\u00e7geninin birle\u015fim noktas\u0131nda yer alan \u0130nce\u011fiz Kanyonu, do\u011fa tutkunlar\u0131 i\u00e7in adeta bir \u015faheser! Bu b\u00fcy\u00fcleyici kanyon, 10 kilometrelik uzunlu\u011fuyla yemye\u015fil do\u011fas\u0131 ve i\u00e7inde akan p\u0131r\u0131l p\u0131r\u0131l suyu ile g\u00f6z kama\u015ft\u0131r\u0131yor. Do\u011fa foto\u011fraf\u00e7\u0131lar\u0131 i\u00e7in bi\u00e7ilmi\u015f kaftan!<\/p>\n\n\n\n<p>Kanyon boyunca yapaca\u011f\u0131n\u0131z tekne turu, size bu do\u011fal harikan\u0131n en etkileyici k\u00f6\u015felerini ke\u015ffetme \u015fans\u0131 verecek. \u0130sterseniz kayal\u0131klar\u0131n \u00fczerine kurulu antik kaya mezarlar\u0131na bakarak tarihte bir yolculu\u011fa \u00e7\u0131kabilir, isterseniz de manzara noktas\u0131nda nefes kesen foto\u011fraflar \u00e7ekebilirsiniz. Do\u011fan\u0131n olu\u015fturdu\u011fu bu muazzam oyuklarda gezinirken, &#8220;Bu kadar g\u00fczellik nas\u0131l bu kadar gizli kalm\u0131\u015f?&#8221; diye d\u00fc\u015f\u00fcnebilirsiniz.<\/p>\n\n\n\n<p>Konum <strong><a href=\"https:\/\/maps.app.goo.gl\/bumGKtmbJREri5uW6\" target=\"_blank\" rel=\"noreferrer noopener\">burada.<\/a><\/strong><\/p>\n\n\n\n<h3 class=\"wp-block-heading has-text-align-center has-neeon-button-dark-gray-color has-text-color has-link-color wp-elements-85011af526144890a654281c75bd85c4\"><span class=\"ez-toc-section\" id=\"buldan_evleri\"><\/span><strong>Buldan Evleri<\/strong><span class=\"ez-toc-section-end\"><\/span><\/h3>\n\n\n\n<figure class=\"wp-block-image size-large\"><img decoding=\"async\" src=\"https:\/\/res.cloudinary.com\/turna\/image\/upload\/v1726079206\/wordpress-contents\/buldan.jpg\" alt=\"Buldan Evleri\"\/><\/figure>\n\n\n\n<p>Bu renkli evler, Buldan\u2019\u0131n tarihini ve k\u00fclt\u00fcrel zenginli\u011fini adeta birer sergi haline getirmi\u015f. Osmanl\u0131 d\u00f6neminin zarif mimarisini yans\u0131tan Buldan evleri, hem i\u00e7 hem de d\u0131\u015f tasar\u0131m\u0131yla g\u00f6z dolduruyor. Evlerin d\u0131\u015f\u0131ndaki o harika ta\u015f i\u015flemeler ve geleneksel Ege dokumas\u0131, ge\u00e7mi\u015fe keyifli bir yolculuk yapman\u0131z\u0131 sa\u011fl\u0131yor. Burada el dokumas\u0131 Buldan kuma\u015flar\u0131n\u0131 g\u00f6rebilir, al\u0131\u015fveri\u015f yaparak tarih kokulu hediyeler edinebilirsiniz. \u015eehirden bir nebze uzakla\u015f\u0131p bu tarihi mek\u00e2nda birka\u00e7 saat ge\u00e7irmeye ne dersiniz?<\/p>\n\n\n\n<p>Konum <strong><a href=\"https:\/\/maps.app.goo.gl\/h1Jwy8eNtkTTBi247\" target=\"_blank\" rel=\"noreferrer noopener\">burada.<\/a><\/strong><\/p>\n\n\n\n<h3 class=\"wp-block-heading has-text-align-center has-neeon-button-dark-gray-color has-text-color has-link-color wp-elements-884d0f9aa01bc701de2d4cb16d46ff49\"><span class=\"ez-toc-section\" id=\"tokali_kanyonu\"><\/span><strong>Tokal\u0131 Kanyonu<\/strong><span class=\"ez-toc-section-end\"><\/span><\/h3>\n\n\n\n<p>Bu gizemli kanyon, do\u011fan\u0131n size sundu\u011fu en etkileyici hediye. Tokal\u0131 Kanyonu, 7 kilometrelik muazzam g\u00fczelli\u011fiyle sizi adeta bir do\u011fal ser\u00fcvene \u00e7\u0131karacak. \u015eelaleler, do\u011fal havuzlar ve renkli ta\u015flar aras\u0131nda dola\u015f\u0131rken, kendinizi bir do\u011fa belgeselinde gibi hissedeceksiniz. Bu do\u011fa harikas\u0131nda y\u00fcr\u00fcy\u00fc\u015f yapabilir, muhte\u015fem manzaralar\u0131 foto\u011fraflayabilirsiniz. \u00d6zellikle yaz aylar\u0131nda kanyonun serin sular\u0131nda serinlemek, do\u011fan\u0131n kollar\u0131nda huzuru bulmak i\u00e7in ideal. \u015eehirden ka\u00e7\u0131\u015f\u0131n tad\u0131n\u0131 burada \u00e7\u0131kar\u0131n, Tokal\u0131\u2019n\u0131n serinli\u011fiyle ferahlay\u0131n!<\/p>\n\n\n\n<p>Konum <strong><a href=\"https:\/\/maps.app.goo.gl\/VCr1wWeW21RdCFjx5\" target=\"_blank\" rel=\"noreferrer noopener\">burada.<\/a><\/strong><\/p>\n\n\n\n<h3 class=\"wp-block-heading has-text-align-center has-neeon-button-dark-gray-color has-text-color has-link-color wp-elements-b0340257c2229dd541e583faf4758c90\"><span class=\"ez-toc-section\" id=\"sakli_gol\"><\/span><strong>Sakl\u0131 G\u00f6l<\/strong><span class=\"ez-toc-section-end\"><\/span><\/h3>\n\n\n\n<figure class=\"wp-block-image size-large\"><img decoding=\"async\" src=\"https:\/\/res.cloudinary.com\/turna\/image\/upload\/v1726079206\/wordpress-contents\/sakl%C4%B1_gol_denizli.jpg\" alt=\"Sakl\u0131 G\u00f6l\"\/><\/figure>\n\n\n\n<p>\u00c7ameli il\u00e7esinin derinliklerinde gizlenmi\u015f bu do\u011fal cennet, do\u011fan\u0131n size sundu\u011fu en \u00f6zel s\u00fcrprizlerden biri. Sakl\u0131 G\u00f6l, g\u00f6\u011fe uzanan a\u011fa\u00e7lar aras\u0131nda sakl\u0131 bir m\u00fccevher gibi parl\u0131yor ve etraf\u0131ndaki sessizlik, adeta bir huzur ortam\u0131 yarat\u0131yor. G\u00f6lde tekne gezintisi yapmak, suyun \u00fcst\u00fcnde serinlemek ve g\u00f6l\u00fcn etraf\u0131ndaki y\u00fcr\u00fcy\u00fc\u015f parkurlar\u0131nda do\u011fan\u0131n tad\u0131n\u0131 \u00e7\u0131karmak olduk\u00e7a keyifli. Suya yans\u0131yan do\u011fa manzaralar\u0131, foto\u011fraf merakl\u0131lar\u0131 i\u00e7in m\u00fckemmel kareler sunuyor.<\/p>\n\n\n\n<p>Konum <strong><a href=\"https:\/\/maps.app.goo.gl\/tPWZSXfFqdvFGFEFA\" target=\"_blank\" rel=\"noreferrer noopener\">burada.<\/a><\/strong><\/p>\n\n\n\n<h3 class=\"wp-block-heading has-text-align-center has-neeon-button-dark-gray-color has-text-color has-link-color wp-elements-f2a618e23c95accc35846d808e7c9883\"><span class=\"ez-toc-section\" id=\"alacain_magarasi\"><\/span><strong>Alacain Ma\u011faras\u0131<\/strong><span class=\"ez-toc-section-end\"><\/span><\/h3>\n\n\n\n<figure class=\"wp-block-image size-large\"><img decoding=\"async\" src=\"https:\/\/res.cloudinary.com\/turna\/image\/upload\/v1726079206\/wordpress-contents\/alacain_magara.jpg\" alt=\"Alacain Ma\u011faras\u0131\"\/><\/figure>\n\n\n\n<p>Da\u011flar\u0131n aras\u0131nda gizlenmi\u015f bu ma\u011fara, tam bir do\u011fa harikas\u0131. Yakla\u015f\u0131k 400 metre uzunlu\u011fundaki bu yeralt\u0131 g\u00fczelli\u011fi, sark\u0131tlar, dikitler ve yer alt\u0131 g\u00f6lleri ile dolu. Ma\u011fara, olu\u015fumunu binlerce y\u0131l s\u00fcren suyun ve eriyen mineral tabakalar\u0131n\u0131n dans\u0131ndan al\u0131yor. Ma\u011faran\u0131n i\u00e7indeki etkileyici formasyonlar ve serin havas\u0131, sizi bir ba\u015fka d\u00fcnyaya ta\u015f\u0131yor. \u00d6zellikle s\u0131cak yaz g\u00fcnlerinde bu serin yeralt\u0131 d\u00fcnyas\u0131nda dola\u015fmak, adeta do\u011fal bir klima deneyimi ya\u015fat\u0131yor.<\/p>\n\n\n\n<p>Konum <strong><a href=\"https:\/\/maps.app.goo.gl\/LniqHrP7LfbsnpQx5\" target=\"_blank\" rel=\"noopener\">burada.<\/a><\/strong><\/p>\n\n\n\n<h2 class=\"wp-block-heading has-text-align-center has-neeon-button-dark-gray-color has-text-color has-link-color wp-elements-cf70067a2e970d394e9afdbbdc11c162\"><span class=\"ez-toc-section\" id=\"denizli_hakkinda_hap_bilgiler\"><\/span><strong>Denizli Hakk\u0131nda Hap Bilgiler<\/strong><span class=\"ez-toc-section-end\"><\/span><\/h2>\n\n\n\n<h3 class=\"wp-block-heading has-text-align-center has-neeon-button-dark-gray-color has-text-color has-link-color wp-elements-a4cafa5f5f298429b411c760acb634c6\"><span class=\"ez-toc-section\" id=\"denizliye_nasil_gidilir\"><\/span><strong>Denizli&#8217;ye Nas\u0131l Gidilir?<\/strong><span class=\"ez-toc-section-end\"><\/span><\/h3>\n\n\n\n<p>Denizli&#8217;ye havayolu ya da karayolu ile rahatl\u0131kla ula\u015fabilirsiniz. T\u00fcm detaylar\u0131 <strong><a href=\"https:\/\/www.turna.com\/blog\/denizliye-nasil-gidilir?swcfpc=1\" target=\"_blank\" rel=\"noreferrer noopener\">bu yaz\u0131mdan<\/a><\/strong> \u00f6\u011frenebilirsiniz. <strong><a href=\"https:\/\/www.turna.com\/ucak-bileti\/denizli\" target=\"_blank\" rel=\"noreferrer noopener\">Denizli u\u00e7ak bileti<\/a><\/strong> se\u00e7eneklerine g\u00f6z atmay\u0131 unutmay\u0131n.<\/p>\n\n\n\n<h3 class=\"wp-block-heading has-text-align-center has-neeon-button-dark-gray-color has-text-color has-link-color wp-elements-7f41a0f60527014e274e1a3847c6cbea\"><span class=\"ez-toc-section\" id=\"denizliye_ne_zaman_gidilir\"><\/span><strong>Denizli&#8217;ye Ne Zaman Gidilir?<\/strong><span class=\"ez-toc-section-end\"><\/span><\/h3>\n\n\n\n<p>Denizli seyahatiniz bol y\u00fcr\u00fcmeli ke\u015ffetmeli bir seyahat olacak. O nedenle yaz aylar\u0131nda gitmenizi pek \u00f6nermem. Pamukkale&#8217;de ba\u015f\u0131m\u0131za g\u00fcne\u015f ge\u00e7mi\u015fti ve 1 hafta kendimize gelememi\u015ftik. Hem a\u015f\u0131r\u0131 kalabal\u0131k olmamas\u0131 hem de s\u0131cakl\u0131klar\u0131n gezilebilecek seviyede olmas\u0131 y\u00f6n\u00fcnden ben Nisan, May\u0131s ve Eyl\u00fcl, Ekim aylar\u0131nda gitmenizi tavsiye ederim.<\/p>\n\n\n\n<h3 class=\"wp-block-heading has-text-align-center has-neeon-button-dark-gray-color has-text-color has-link-color wp-elements-936298ca5f1ff25f0596b2315aed83cb\"><span class=\"ez-toc-section\" id=\"denizli_kac_gunde_gezilir\"><\/span><strong>Denizli Ka\u00e7 G\u00fcnde Gezilir?<\/strong><span class=\"ez-toc-section-end\"><\/span><\/h3>\n\n\n\n<p>Denizli olduk\u00e7a b\u00fcy\u00fck bir \u015fehir ve gezilecek yerleri de fazla. E\u011fer listedeki her yeri gezmek istiyorsan\u0131z 5-6 g\u00fcn ay\u0131rman\u0131z\u0131 \u00f6neririm. Ama k\u0131s\u0131tl\u0131 vaktiniz varsa olmazsa olmaz yerleri 2 g\u00fcnde rahatl\u0131kla gezebilirsiniz.<\/p>\n\n\n\n<h3 class=\"wp-block-heading has-text-align-center has-neeon-button-dark-gray-color has-text-color has-link-color wp-elements-05542af3fd36947b8dc7ed6fdc244572\"><span class=\"ez-toc-section\" id=\"denizlide_arac_kiralamak_gerekir_mi\"><\/span><strong>Denizli&#8217;de Ara\u00e7 Kiralamak Gerekir mi?<\/strong><span class=\"ez-toc-section-end\"><\/span><\/h3>\n\n\n\n<p>Denizli&#8217;de gezilecek yerler da\u011f\u0131n\u0131k konumdalar. O nedenle ara\u00e7 kiralamak i\u015finizi olduk\u00e7a kolayla\u015ft\u0131r\u0131r.<\/p>\n\n\n\n<h3 class=\"wp-block-heading has-text-align-center has-neeon-button-dark-gray-color has-text-color has-link-color wp-elements-dce52ddaf605be9d9e25f78ce69b3f9f\"><span class=\"ez-toc-section\" id=\"denizlide_ne_yenir\"><\/span><strong>Denizli&#8217;de Ne Yenir?<\/strong><span class=\"ez-toc-section-end\"><\/span><\/h3>\n\n\n\n<p>Denizli&#8217;de tatman\u0131z gereken harika lezzetler var. Ben de bu y\u00f6resel tatlar i\u00e7in ayr\u0131 bir yaz\u0131 yazd\u0131m. <strong><a href=\"https:\/\/www.turna.com\/blog\/denizlide-ne-yenir?swcfpc=1\" target=\"_blank\" rel=\"noreferrer noopener\">Denizli&#8217;de ne yenir<\/a><\/strong> yaz\u0131m\u0131 mutlaka okuyun.<\/p>\n\n\n\n<h3 class=\"wp-block-heading has-text-align-center has-neeon-button-dark-gray-color has-text-color has-link-color wp-elements-9ba874f7d4b6f6a12b295383e58247ca\"><span class=\"ez-toc-section\" id=\"denizlide_nerede_kalinir\"><\/span><strong>Denizli&#8217;de Nerede Kal\u0131n\u0131r?<\/strong><span class=\"ez-toc-section-end\"><\/span><\/h3>\n\n\n\n<p>Denizli&#8217;de \u00e7ok say\u0131da otel mevcut. Pamukkale b\u00f6lgesinde termal, her \u015fey dahil konseptli oteller de var. Ben size merkezdeki \u015fehir otellerinde konaklaman\u0131z\u0131 \u00f6neririm. <strong><a href=\"https:\/\/www.turna.com\/otel\" target=\"_blank\" rel=\"noreferrer noopener\">Turna.com<\/a><\/strong> &#8216;da ki otel se\u00e7eneklerine g\u00f6z at\u0131p en uygun fiyattan rezervasyon yapabilirsiniz.<\/p>\n\n    <div class=\"xs_social_share_widget xs_share_url after_content \t\tmain_content  wslu-style-1 wslu-share-box-shaped wslu-fill-colored wslu-none wslu-share-horizontal wslu-theme-font-no wslu-main_content\">\n\n\t\t\n        <ul>\n\t\t\t        <\/ul>\n    <\/div> \n","protected":false},"excerpt":{"rendered":"<p>Sizi tarihe, k\u00fclt\u00fcre, do\u011faya doyuracak bir destinasyon Denizli. Kimi an bir antik kentte tarihin izini s\u00fcrecek, kimi zaman bir ma\u011farada do\u011fan\u0131n mucizelerine tan\u0131k olacak, g\u00f6llerde, \u015felalelerde huzur depolayacaks\u0131n\u0131z. Bu aralar &#8216;seyahatim geldi&#8217; diyorsan\u0131z ilac\u0131n\u0131z Denizli olabilir. \ud83d\ude0d<\/p>\n","protected":false},"author":34,"featured_media":21141,"comment_status":"open","ping_status":"open","sticky":false,"template":"","format":"standard","meta":{"rop_custom_images_group":[],"rop_custom_messages_group":[],"rop_publish_now":"initial","rop_publish_now_accounts":[],"rop_publish_now_history":[],"rop_publish_now_status":"pending","_cloudinary_featured_overwrite":false,"footnotes":""},"categories":[84,1824],"tags":[262],"class_list":["post-21139","post","type-post","status-publish","format-standard","has-post-thumbnail","hentry","category-turkiye","category-denizli","tag-denizli"],"_links":{"self":[{"href":"https:\/\/www.turna.com\/blog\/wp-json\/wp\/v2\/posts\/21139","targetHints":{"allow":["GET"]}}],"collection":[{"href":"https:\/\/www.turna.com\/blog\/wp-json\/wp\/v2\/posts"}],"about":[{"href":"https:\/\/www.turna.com\/blog\/wp-json\/wp\/v2\/types\/post"}],"author":[{"embeddable":true,"href":"https:\/\/www.turna.com\/blog\/wp-json\/wp\/v2\/users\/34"}],"replies":[{"embeddable":true,"href":"https:\/\/www.turna.com\/blog\/wp-json\/wp\/v2\/comments?post=21139"}],"version-history":[{"count":0,"href":"https:\/\/www.turna.com\/blog\/wp-json\/wp\/v2\/posts\/21139\/revisions"}],"wp:featuredmedia":[{"embeddable":true,"href":"https:\/\/www.turna.com\/blog\/wp-json\/wp\/v2\/media\/21141"}],"wp:attachment":[{"href":"https:\/\/www.turna.com\/blog\/wp-json\/wp\/v2\/media?parent=21139"}],"wp:term":[{"taxonomy":"category","embeddable":true,"href":"https:\/\/www.turna.com\/blog\/wp-json\/wp\/v2\/categories?post=21139"},{"taxonomy":"post_tag","embeddable":true,"href":"https:\/\/www.turna.com\/blog\/wp-json\/wp\/v2\/tags?post=21139"}],"curies":[{"name":"wp","href":"https:\/\/api.w.org\/{rel}","templated":true}]}}