{"id":21133,"date":"2022-09-29T15:49:59","date_gmt":"2022-09-29T12:49:59","guid":{"rendered":"https:\/\/www.turna.com\/blog\/?p=21133"},"modified":"2025-06-27T16:28:56","modified_gmt":"2025-06-27T13:28:56","slug":"denizlide-ne-yenir","status":"publish","type":"post","link":"https:\/\/www.turna.com\/blog\/denizlide-ne-yenir","title":{"rendered":"Denizli&#8217;de Ne Yenir ? Tatman\u0131z Gereken 10 Lezzet"},"content":{"rendered":"<div id=\"ez-toc-container\" class=\"ez-toc-v2_0_82_2 counter-hierarchy ez-toc-counter ez-toc-black ez-toc-container-direction\">\n<div class=\"ez-toc-title-container\">\n<p class=\"ez-toc-title\" style=\"cursor:inherit\">\u0130\u00e7indekiler<\/p>\n<span class=\"ez-toc-title-toggle\"><a href=\"#\" class=\"ez-toc-pull-right ez-toc-btn ez-toc-btn-xs ez-toc-btn-default ez-toc-toggle\" aria-label=\"\u0130\u00e7indekiler Tablosunu A\u00e7\/Kapat\"><span class=\"ez-toc-js-icon-con\"><span class=\"\"><span class=\"eztoc-hide\" style=\"display:none;\">Toggle<\/span><span class=\"ez-toc-icon-toggle-span\"><svg style=\"fill: #ffffff;color:#ffffff\" xmlns=\"http:\/\/www.w3.org\/2000\/svg\" class=\"list-377408\" width=\"20px\" height=\"20px\" viewBox=\"0 0 24 24\" fill=\"none\"><path d=\"M6 6H4v2h2V6zm14 0H8v2h12V6zM4 11h2v2H4v-2zm16 0H8v2h12v-2zM4 16h2v2H4v-2zm16 0H8v2h12v-2z\" fill=\"currentColor\"><\/path><\/svg><svg style=\"fill: #ffffff;color:#ffffff\" class=\"arrow-unsorted-368013\" xmlns=\"http:\/\/www.w3.org\/2000\/svg\" width=\"10px\" height=\"10px\" viewBox=\"0 0 24 24\" version=\"1.2\" baseProfile=\"tiny\"><path d=\"M18.2 9.3l-6.2-6.3-6.2 6.3c-.2.2-.3.4-.3.7s.1.5.3.7c.2.2.4.3.7.3h11c.3 0 .5-.1.7-.3.2-.2.3-.5.3-.7s-.1-.5-.3-.7zM5.8 14.7l6.2 6.3 6.2-6.3c.2-.2.3-.5.3-.7s-.1-.5-.3-.7c-.2-.2-.4-.3-.7-.3h-11c-.3 0-.5.1-.7.3-.2.2-.3.5-.3.7s.1.5.3.7z\"\/><\/svg><\/span><\/span><\/span><\/a><\/span><\/div>\n<nav><ul class='ez-toc-list ez-toc-list-level-1 eztoc-toggle-hide-by-default' ><li class='ez-toc-page-1 ez-toc-heading-level-2'><a class=\"ez-toc-link ez-toc-heading-1\" href=\"https:\/\/www.turna.com\/blog\/denizlide-ne-yenir\/#denizlide_ne_yenir\" >Denizli&#8217;de Ne Yenir?<\/a><ul class='ez-toc-list-level-3' ><li class='ez-toc-heading-level-3'><a class=\"ez-toc-link ez-toc-heading-2\" href=\"https:\/\/www.turna.com\/blog\/denizlide-ne-yenir\/#denizli_kebabi\" >Denizli Kebab\u0131<\/a><\/li><li class='ez-toc-page-1 ez-toc-heading-level-3'><a class=\"ez-toc-link ez-toc-heading-3\" href=\"https:\/\/www.turna.com\/blog\/denizlide-ne-yenir\/#arabasi\" >Araba\u015f\u0131<\/a><\/li><li class='ez-toc-page-1 ez-toc-heading-level-3'><a class=\"ez-toc-link ez-toc-heading-4\" href=\"https:\/\/www.turna.com\/blog\/denizlide-ne-yenir\/#borulce_boregi\" >B\u00f6r\u00fclce B\u00f6re\u011fi<\/a><\/li><li class='ez-toc-page-1 ez-toc-heading-level-3'><a class=\"ez-toc-link ez-toc-heading-5\" href=\"https:\/\/www.turna.com\/blog\/denizlide-ne-yenir\/#kiide\" >Kiide<\/a><\/li><li class='ez-toc-page-1 ez-toc-heading-level-3'><a class=\"ez-toc-link ez-toc-heading-6\" href=\"https:\/\/www.turna.com\/blog\/denizlide-ne-yenir\/#suller_pidesi\" >S\u00fcller Pidesi<\/a><\/li><li class='ez-toc-page-1 ez-toc-heading-level-3'><a class=\"ez-toc-link ez-toc-heading-7\" href=\"https:\/\/www.turna.com\/blog\/denizlide-ne-yenir\/#siron\" >Siron<\/a><\/li><li class='ez-toc-page-1 ez-toc-heading-level-3'><a class=\"ez-toc-link ez-toc-heading-8\" href=\"https:\/\/www.turna.com\/blog\/denizlide-ne-yenir\/#keskek\" >Ke\u015fkek<\/a><\/li><li class='ez-toc-page-1 ez-toc-heading-level-3'><a class=\"ez-toc-link ez-toc-heading-9\" href=\"https:\/\/www.turna.com\/blog\/denizlide-ne-yenir\/#caput_asi\" >\u00c7aput A\u015f\u0131<\/a><\/li><li class='ez-toc-page-1 ez-toc-heading-level-3'><a class=\"ez-toc-link ez-toc-heading-10\" href=\"https:\/\/www.turna.com\/blog\/denizlide-ne-yenir\/#biber_tatari\" >Biber Tatar\u0131<\/a><\/li><li class='ez-toc-page-1 ez-toc-heading-level-3'><a class=\"ez-toc-link ez-toc-heading-11\" href=\"https:\/\/www.turna.com\/blog\/denizlide-ne-yenir\/#misir_gombesi\" >M\u0131s\u0131r G\u00f6mbesi<\/a><\/li><\/ul><\/li><\/ul><\/nav><\/div>\n\n<p>Bug\u00fcn\u00fcn lezzet dura\u011f\u0131 Denizli. <strong>Denizli&#8217;de ne yenir<\/strong> listem ac\u0131kma garantili. Ne zaman akl\u0131ma d\u00fc\u015fse Denizli ve yemekleri hemen bir plan yapas\u0131m, Denizli&#8217;ye gidesim gelir. Sizde de ayn\u0131 etkiyi yarat\u0131rsa kar\u0131\u015fmam. \ud83d\ude01<\/p>\n\n\n\n<p>Denizli bar\u0131nd\u0131rd\u0131\u011f\u0131 tarihi ve do\u011fal g\u00fczellikleriyle mutlaka ke\u015ffedilmesi gereken bir \u015fehir. Seyahatler zaten unutulmaz anlarla dolu oluyor ama lezzetli yemeklerin tad\u0131 damaklara kaz\u0131n\u0131yor. Daha da unutulmaz hale geliyor. O halde hadi Denizli mutfa\u011f\u0131na konuk olal\u0131m. Denizli&#8217;de ne yenir sorusuna lezzet garantili cevaplar bulal\u0131m.<\/p>\n\n\n\n<h2 class=\"wp-block-heading has-text-align-center has-neeon-button-dark-gray-color has-text-color has-link-color wp-elements-8381618ddac8193f50952e7a3963c964\"><span class=\"ez-toc-section\" id=\"denizlide_ne_yenir\"><\/span><strong><strong><strong><strong><strong><strong>Denizli&#8217;de Ne Yenir?<\/strong><\/strong><\/strong><\/strong><\/strong><\/strong><span class=\"ez-toc-section-end\"><\/span><\/h2>\n\n\n\n<p>Denizli tarihi ve do\u011fas\u0131yla oldu\u011fu kadar zengin mutfa\u011f\u0131 ve muhte\u015fem yemekleriyle de haf\u0131zan\u0131zda iz b\u0131rakacak. <strong>Denizli yemekleri<\/strong> olduk\u00e7a \u00e7e\u015fitli. Bu listede her \u015feyi yazmama imkan yok. Zaten hepsini restoranlarda yeme imkan\u0131 da bulunmuyor. Baz\u0131lar\u0131 daha \u00e7ok evlerde pi\u015fen y\u00f6resel lezzetler. Ama Denizlili birine Denizli&#8217;de ne yenir diye sorsan\u0131z alaca\u011f\u0131n\u0131z mutlak cevaplar var. Ben t\u00fcm yemekleri merak ediyorum derseniz <strong><a href=\"https:\/\/denizli.ktb.gov.tr\/TR-250591\/yoresel-yemekler-ve-tarifleri.html\" target=\"_blank\" rel=\"noreferrer noopener\">buraya<\/a><\/strong> t\u0131klayarak bilgi edinebilirsiniz. Hadi birlikte bir lezzet yolculu\u011funa \u00e7\u0131kal\u0131m. <\/p>\n\n\n\n<p><strong>Denizli&#8217;de Ne Yenir<\/strong>?<\/p>\n\n\n\n<ol class=\"wp-block-list\">\n<li>Denizli Kebab\u0131<\/li>\n\n\n\n<li>Araba\u015f\u0131<\/li>\n\n\n\n<li>B\u00f6r\u00fclce B\u00f6re\u011fi<\/li>\n\n\n\n<li>Kiide<\/li>\n\n\n\n<li>S\u00fcller Pidesi<\/li>\n\n\n\n<li>Siron<\/li>\n\n\n\n<li>Ke\u015fkek<\/li>\n\n\n\n<li>\u00c7aput A\u015f\u0131<\/li>\n\n\n\n<li>Biber Tatar\u0131<\/li>\n\n\n\n<li>M\u0131s\u0131r G\u00f6mbesi<\/li>\n<\/ol>\n\n\n\n<h3 class=\"wp-block-heading has-text-align-center has-neeon-button-dark-gray-color has-text-color has-link-color wp-elements-b9b88c9280a2b300cc72c46d371e1120\"><span class=\"ez-toc-section\" id=\"denizli_kebabi\"><\/span><strong><strong><strong><strong>Denizli Kebab\u0131<\/strong><\/strong><\/strong><\/strong><span class=\"ez-toc-section-end\"><\/span><\/h3>\n\n\n\n<figure class=\"wp-block-image size-large\"><img width=\"800\" height=\"500\" data-public-id=\"denizli_kebab\u0131_1\/denizli_kebab\u0131_1.jpg\" decoding=\"async\" src=\"https:\/\/res.cloudinary.com\/turna\/images\/w_800,h_500,c_scale\/f_auto,q_auto:low\/v1664455727\/denizli_kebab\u0131_1\/denizli_kebab\u0131_1.jpg?_i=AA\" alt=\"denizli kebab\u0131\" class=\"wp-post-0 wp-image-21134\" data-format=\"jpg\" data-transformations=\"f_auto,q_auto:low\" data-version=\"1664455727\" data-seo=\"1\" srcset=\"https:\/\/res.cloudinary.com\/turna\/images\/f_auto,q_auto:low\/v1664455727\/denizli_kebab\u0131_1\/denizli_kebab\u0131_1.jpg?_i=AA 800w, https:\/\/res.cloudinary.com\/turna\/images\/w_300,h_188,c_scale\/f_auto,q_auto:low\/v1664455727\/denizli_kebab\u0131_1\/denizli_kebab\u0131_1.jpg?_i=AA 300w, https:\/\/res.cloudinary.com\/turna\/images\/w_672,h_420,c_scale\/f_auto,q_auto:low\/v1664455727\/denizli_kebab\u0131_1\/denizli_kebab\u0131_1.jpg?_i=AA 672w, https:\/\/res.cloudinary.com\/turna\/images\/w_640,h_400,c_scale\/f_auto,q_auto:low\/v1664455727\/denizli_kebab\u0131_1\/denizli_kebab\u0131_1.jpg?_i=AA 640w, https:\/\/res.cloudinary.com\/turna\/images\/w_681,h_426,c_scale\/f_auto,q_auto:low\/v1664455727\/denizli_kebab\u0131_1\/denizli_kebab\u0131_1.jpg?_i=AA 681w\" sizes=\"(max-width: 800px) 100vw, 800px\" \/><\/figure>\n\n\n\n<p>&#8230; kebab\u0131, &#8230; k\u00f6ftesi g\u00f6r\u00fcnce art\u0131k \u00e7ok da fazla heyecanlanmad\u0131\u011f\u0131m\u0131 s\u00f6ylemem gerekir. Bir \u00e7ok seyahatimde y\u00f6resel tatlar\u0131 denerim. Ama ne yaz\u0131k ki baz\u0131lar\u0131 s\u0131radan olmaktan \u00f6teye gidemedi. Denizli kebab\u0131 i\u00e7in de \u00f6nyarg\u0131l\u0131yd\u0131m ama yine de bir \u015fans vermek istedim. O ilk lokmada akl\u0131m\u0131 ba\u015f\u0131mdan al\u0131nca iyi ki denemeden gitmedim dedim.<\/p>\n\n\n\n<p>Yumu\u015fac\u0131k bir et, yan\u0131nda lokum gibi pidesi ve s\u00f6\u011f\u00fc\u015f domates. Bir yemek ancak bu kadar sade ve ancak bu kadar lezzet patlamas\u0131 olabilir. Masada \u00e7atal b\u0131\u00e7ak g\u00f6remeyince garsona seslenmeyin bo\u015funa. Denizli&#8217;de kebap elle yeniyor, usul b\u00f6yle. \ud83d\ude0a<strong> Denizli kebab\u0131 nerede yenir <\/strong>derseniz ki\u015fisel tavsiyem <strong>Kebap\u00e7\u0131 Dursun.<\/strong><\/p>\n\n\n\n<h3 class=\"wp-block-heading has-text-align-center has-neeon-button-dark-gray-color has-text-color has-link-color wp-elements-4ff24bc95e943f306153803e22949fc2\"><span class=\"ez-toc-section\" id=\"arabasi\"><\/span><strong><strong><strong><strong>Araba\u015f\u0131<\/strong><\/strong><\/strong><\/strong><span class=\"ez-toc-section-end\"><\/span><\/h3>\n\n\n\n<figure class=\"wp-block-image size-large\"><img decoding=\"async\" src=\"https:\/\/res.cloudinary.com\/turna\/image\/upload\/v1664455354\/araba%C5%9F%C4%B1_denizlide_ne_yenir.jpg\" alt=\"denizli'de ne yenir araba\u015f\u0131\"\/><\/figure>\n\n\n\n<p>Araba\u015f\u0131 bir \u00e7ok \u015fehirde yap\u0131lan y\u00f6resel bir yemek ya da \u00e7orba. Denizli&#8217;de de yap\u0131ld\u0131\u011f\u0131n\u0131 \u00f6\u011frendi\u011fimde \u015fa\u015f\u0131rd\u0131m. Buradaki araba\u015f\u0131 di\u011fer y\u00f6relerden farkl\u0131 olarak \u00e7orbas\u0131 tav\u015fan eti ile yap\u0131l\u0131yor. Di\u011ferlerinde oldu\u011fu gibi hamur ile birlikte yeniyor. <\/p>\n\n\n\n<h3 class=\"wp-block-heading has-text-align-center has-neeon-button-dark-gray-color has-text-color has-link-color wp-elements-afd2484d3cc5d0968bb22bfa7deeeb8e\"><span class=\"ez-toc-section\" id=\"borulce_boregi\"><\/span><strong><strong><strong><strong>B\u00f6r\u00fclce B\u00f6re\u011fi<\/strong><\/strong><\/strong><\/strong><span class=\"ez-toc-section-end\"><\/span><\/h3>\n\n\n\n<figure class=\"wp-block-image size-large\"><img decoding=\"async\" src=\"https:\/\/res.cloudinary.com\/turna\/image\/upload\/v1664455354\/b%C3%B6r%C3%BClce_b%C3%B6re%C4%9Fi.jpg\" alt=\"b\u00f6r\u00fclce b\u00f6re\u011fi\"\/><\/figure>\n\n\n\n<p>Denizlili birine Denizli&#8217;nin neyi me\u015fhur diye sorarsan\u0131z alaca\u011f\u0131n\u0131z cevaplardan biri b\u00f6r\u00fclce b\u00f6re\u011fi olur. Ya\u011f ile ufalanm\u0131\u015f kuru yufkalar 15 dakika kar\u0131\u015ft\u0131r\u0131larak k\u0131zart\u0131l\u0131yor. Ha\u015flanm\u0131\u015f b\u00f6r\u00fclceler k\u0131zart\u0131lm\u0131\u015f yufkalar\u0131n i\u00e7ine eklenip baharat ilave ediliyor ve afiyetle yeniyor.<\/p>\n\n\n\n<h3 class=\"wp-block-heading has-text-align-center has-neeon-button-dark-gray-color has-text-color has-link-color wp-elements-016638d55cc250dc4212fe71176e4a5f\"><span class=\"ez-toc-section\" id=\"kiide\"><\/span><strong><strong><strong><strong>Kiide<\/strong><\/strong><\/strong><\/strong><span class=\"ez-toc-section-end\"><\/span><\/h3>\n\n\n\n<figure class=\"wp-block-image size-large\"><img decoding=\"async\" src=\"https:\/\/res.cloudinary.com\/turna\/image\/upload\/v1664455354\/kiide_denizli_yemekleri.jpg\" alt=\"denizli'de ne yenir kiide\"\/><\/figure>\n\n\n\n<p>Ad\u0131 da tad\u0131 da farkl\u0131 bir lezzet var s\u0131rada. Kiide i\u00e7in bir \u00e7e\u015fit b\u00f6rek diyebiliriz. Un, su ve tuz ile bir hamur yo\u011fruluyor. A\u00e7\u0131lan hamurlar tepsiye seriliyor. Hamurlar\u0131n katlar\u0131na \u00e7\u00f6kelek ve kaymak konuluyor.&nbsp;Ortaya olduk\u00e7a lezzetli bir tarif \u00e7\u0131k\u0131yor.<\/p>\n\n\n\n<h3 class=\"wp-block-heading has-text-align-center has-neeon-button-dark-gray-color has-text-color has-link-color wp-elements-0f6ea935ab78ca8c52a599ec76eab35d\"><span class=\"ez-toc-section\" id=\"suller_pidesi\"><\/span><strong><strong><strong><strong>S\u00fcller Pidesi<\/strong><\/strong><\/strong><\/strong><span class=\"ez-toc-section-end\"><\/span><\/h3>\n\n\n\n<figure class=\"wp-block-image size-large\"><img decoding=\"async\" src=\"https:\/\/res.cloudinary.com\/turna\/image\/upload\/v1664455354\/s%C3%BCller_pidesi.jpg\" alt=\"s\u00fcller pidesi\"\/><\/figure>\n\n\n\n<p>Denizli&#8217;ye \u00f6zg\u00fc S\u00fcller pidesi, pide hamuru ku\u015fba\u015f\u0131 et, ka\u015far, domates, biber, \u015feker ve bal ile bulu\u015fmas\u0131yla ortaya \u00e7\u0131k\u0131yor.  A\u00e7\u0131k ya da kapal\u0131 olarak haz\u0131rlanabiliyor. Bu farkl\u0131 lezzeti Denizli&#8217;ye yolunuz d\u00fc\u015ferse mutlaka tatmal\u0131s\u0131n\u0131z.<\/p>\n\n\n\n<h3 class=\"wp-block-heading has-text-align-center has-neeon-button-dark-gray-color has-text-color has-link-color wp-elements-d007ab6dc23f926ba86c9b9c714c3e01\"><span class=\"ez-toc-section\" id=\"siron\"><\/span><strong><strong><strong><strong>Siron<\/strong><\/strong><\/strong><\/strong><span class=\"ez-toc-section-end\"><\/span><\/h3>\n\n\n\n<figure class=\"wp-block-image size-large\"><img decoding=\"async\" src=\"https:\/\/res.cloudinary.com\/turna\/image\/upload\/v1664455354\/denizlide_ne_yenir_siron.jpg\" alt=\"siron\"\/><\/figure>\n\n\n\n<p>Denizli yemekleri i\u00e7inde hat\u0131r\u0131 say\u0131l\u0131r bir yeri olan di\u011fer bir lezzet de <strong>siron<\/strong>. Yufkalar \u00f6nceden \u0131slat\u0131l\u0131yor. \u0130\u00e7 malzemeler sotelenip, yufkan\u0131n i\u00e7ine koyulup, rulo yap\u0131l\u0131yor. Sar\u0131msakl\u0131 yo\u011furt ve sos d\u00f6k\u00fclerek yeniyor.<\/p>\n\n\n\n<h3 class=\"wp-block-heading has-text-align-center has-neeon-button-dark-gray-color has-text-color has-link-color wp-elements-159acac747675362af053a9e1f939d90\"><span class=\"ez-toc-section\" id=\"keskek\"><\/span><strong><strong><strong><strong>Ke\u015fkek<\/strong><\/strong><\/strong><\/strong><span class=\"ez-toc-section-end\"><\/span><\/h3>\n\n\n\n<p>Ke\u015fkek de yine bir \u00e7ok yerde yap\u0131lan ama y\u00f6reden y\u00f6reye farkl\u0131l\u0131klar g\u00f6steren bir yemek. Denizli ke\u015fke\u011fi nas\u0131l olur derseniz bu\u011fday nohut ve par\u00e7a et ile birlikte toprak \u00e7\u00f6mle\u011fin i\u00e7inde f\u0131r\u0131nda uzun saatler pi\u015firiliyor. Ya\u011f k\u0131zd\u0131r\u0131l\u0131p sal\u00e7a ve baharat ilave edilerek haz\u0131rlanan sos ke\u015fke\u011fin \u00fczerine d\u00f6k\u00fclerek servis ediliyor.<\/p>\n\n\n\n<h3 class=\"wp-block-heading has-text-align-center has-neeon-button-dark-gray-color has-text-color has-link-color wp-elements-23ea7ed4245a2a7b448b9663724a9082\"><span class=\"ez-toc-section\" id=\"caput_asi\"><\/span><strong><strong><strong>\u00c7aput A\u015f\u0131<\/strong><\/strong><\/strong><span class=\"ez-toc-section-end\"><\/span><\/h3>\n\n\n\n<p>Nam\u0131 Denizli s\u0131n\u0131rlar\u0131n\u0131 a\u015fm\u0131\u015f bir lezzet \u00c7aput A\u015f\u0131. Di\u011fer bir deyi\u015fle \u00e7aput pilav\u0131 yiyen herkesin \u00e7ok sevdi\u011fi \u00f6zel bir yemek. Asma yapra\u011f\u0131, et ve pirincin uyumunu ve damaklarda yaratt\u0131\u011f\u0131 \u015f\u00f6len havas\u0131n\u0131 hayal edin yeter. \ud83d\ude0b<\/p>\n\n\n\n<h3 class=\"wp-block-heading has-text-align-center has-neeon-button-dark-gray-color has-text-color has-link-color wp-elements-c834c302f631d36f51a74dea26a2430b\"><span class=\"ez-toc-section\" id=\"biber_tatari\"><\/span><strong><strong><strong>Biber Tatar\u0131<\/strong><\/strong><\/strong><span class=\"ez-toc-section-end\"><\/span><\/h3>\n\n\n\n<p>Denizli&#8217;nin me\u015fhur yeme\u011fi biber tatar\u0131 hem haz\u0131rlamas\u0131 olduk\u00e7a kolay hem de yemesi olduk\u00e7a keyifli bir tat. Biberler k\u0131zart\u0131l\u0131yor. \u00dcst\u00fcne sar\u0131msakl\u0131 yo\u011furt ve \u00fcst\u00fcne de ya\u011f yak\u0131l\u0131yor. \u00d6zellikle Denizli&#8217;nin Kale il\u00e7esinde yeti\u015ftirilen co\u011frafi i\u015faret alm\u0131\u015f &#8216;kale biberi&#8217; ile haz\u0131rland\u0131ysa yeme de yan\u0131nda yat.<\/p>\n\n\n\n<h3 class=\"wp-block-heading has-text-align-center has-neeon-button-dark-gray-color has-text-color has-link-color wp-elements-ea6f44222d53f3312fcadbb3a3d5c94c\"><span class=\"ez-toc-section\" id=\"misir_gombesi\"><\/span><strong><strong><strong><strong>M\u0131s\u0131r G\u00f6mbesi<\/strong><\/strong><\/strong><\/strong><span class=\"ez-toc-section-end\"><\/span><\/h3>\n\n\n\n<figure class=\"wp-block-image size-large\"><img decoding=\"async\" src=\"https:\/\/res.cloudinary.com\/turna\/image\/upload\/v1664455354\/m%C4%B1s%C4%B1r_g%C3%B6mbesi.jpg\" alt=\"m\u0131s\u0131r g\u00f6mbesi\"\/><\/figure>\n\n\n\n<p>M\u0131s\u0131r unundan yap\u0131ld\u0131\u011f\u0131 i\u00e7in bu ismi alan bir \u00e7e\u015fit b\u00f6rek diyebiliriz g\u00f6mbe i\u00e7in. G\u00f6benin i\u00e7inde lezzetine lezzet katan k\u0131ymal\u0131 bir i\u00e7 har\u00e7 var. Genellikle lahana tur\u015fusu ve tarhana \u00e7orbas\u0131n\u0131n yan\u0131nda s\u0131cak olarak servis ediliyor. <\/p>\n\n\n\n<p>Bu \u015fahane lezzetler i\u00e7in yolunuzu Denizli&#8217;ye d\u00fc\u015f\u00fcrmeye karar verirseniz <strong><a href=\"https:\/\/www.turna.com\/ucak-bileti\/denizli\" target=\"_blank\" rel=\"noreferrer noopener\">Denizli u\u00e7ak bileti<\/a><\/strong> se\u00e7eneklerine mutlaka g\u00f6z at\u0131n. <span style=\"color: initial;\">Denizli ile ilgili di\u011fer i\u00e7eriklerimi de mutlaka okumal\u0131s\u0131n\u0131z.<\/span>   <\/p>\n\n\n\n<p><strong><a href=\"https:\/\/www.turna.com\/blog\/denizliye-nasil-gidilir?swcfpc=1\" target=\"_blank\" rel=\"noreferrer noopener\">Denizli&#8217;ye Nas\u0131l Gidilir?<\/a><\/strong><\/p>\n\n\n\n<p><strong><a href=\"https:\/\/www.turna.com\/blog\/denizlide-gezilecek-yerler-12-kesif-noktasi?swcfpc=1\" target=\"_blank\" rel=\"noreferrer noopener\">Denizli&#8217;de Gezilecek Yerler<\/a><\/strong><\/p>\n\n\n\n<p><strong><a href=\"https:\/\/www.turna.com\/blog\/denizli-tavas-gezilecek-yerler?swcfpc=1\" target=\"_blank\" rel=\"noreferrer noopener\">Denizli Tavas Gezilecek Yerler<\/a><\/strong><\/p>\n\n    <div class=\"xs_social_share_widget xs_share_url after_content \t\tmain_content  wslu-style-1 wslu-share-box-shaped wslu-fill-colored wslu-none wslu-share-horizontal wslu-theme-font-no wslu-main_content\">\n\n\t\t\n        <ul>\n\t\t\t        <\/ul>\n    <\/div> \n","protected":false},"excerpt":{"rendered":"<p>Bug\u00fcn\u00fcn lezzet dura\u011f\u0131 Denizli. Denizli&#8217;de ne yenir listem ac\u0131kma garantili. Ne zaman akl\u0131ma d\u00fc\u015fse Denizli ve yemekleri hemen bir plan yapas\u0131m, Denizli&#8217;ye gidesim gelir. Sizde de ayn\u0131 etkiyi yarat\u0131rsa kar\u0131\u015fmam.<\/p>\n","protected":false},"author":34,"featured_media":21134,"comment_status":"open","ping_status":"open","sticky":false,"template":"","format":"standard","meta":{"rop_custom_images_group":[],"rop_custom_messages_group":[],"rop_publish_now":"initial","rop_publish_now_accounts":[],"rop_publish_now_history":[],"rop_publish_now_status":"pending","_cloudinary_featured_overwrite":false,"footnotes":""},"categories":[695],"tags":[262],"class_list":["post-21133","post","type-post","status-publish","format-standard","has-post-thumbnail","hentry","category-gurme","tag-denizli"],"_links":{"self":[{"href":"https:\/\/www.turna.com\/blog\/wp-json\/wp\/v2\/posts\/21133","targetHints":{"allow":["GET"]}}],"collection":[{"href":"https:\/\/www.turna.com\/blog\/wp-json\/wp\/v2\/posts"}],"about":[{"href":"https:\/\/www.turna.com\/blog\/wp-json\/wp\/v2\/types\/post"}],"author":[{"embeddable":true,"href":"https:\/\/www.turna.com\/blog\/wp-json\/wp\/v2\/users\/34"}],"replies":[{"embeddable":true,"href":"https:\/\/www.turna.com\/blog\/wp-json\/wp\/v2\/comments?post=21133"}],"version-history":[{"count":0,"href":"https:\/\/www.turna.com\/blog\/wp-json\/wp\/v2\/posts\/21133\/revisions"}],"wp:featuredmedia":[{"embeddable":true,"href":"https:\/\/www.turna.com\/blog\/wp-json\/wp\/v2\/media\/21134"}],"wp:attachment":[{"href":"https:\/\/www.turna.com\/blog\/wp-json\/wp\/v2\/media?parent=21133"}],"wp:term":[{"taxonomy":"category","embeddable":true,"href":"https:\/\/www.turna.com\/blog\/wp-json\/wp\/v2\/categories?post=21133"},{"taxonomy":"post_tag","embeddable":true,"href":"https:\/\/www.turna.com\/blog\/wp-json\/wp\/v2\/tags?post=21133"}],"curies":[{"name":"wp","href":"https:\/\/api.w.org\/{rel}","templated":true}]}}