{"id":21125,"date":"2022-09-21T16:12:00","date_gmt":"2022-09-21T13:12:00","guid":{"rendered":"https:\/\/www.turna.com\/blog\/?p=21125"},"modified":"2025-12-09T16:53:58","modified_gmt":"2025-12-09T13:53:58","slug":"acipayam-kanyonu","status":"publish","type":"post","link":"https:\/\/www.turna.com\/blog\/acipayam-kanyonu","title":{"rendered":"Ac\u0131payam Kanyonu: Payla\u015f\u0131lamayan Sakl\u0131 G\u00fczellik"},"content":{"rendered":"<div id=\"ez-toc-container\" class=\"ez-toc-v2_0_82_2 counter-hierarchy ez-toc-counter ez-toc-black ez-toc-container-direction\">\n<div class=\"ez-toc-title-container\">\n<p class=\"ez-toc-title\" style=\"cursor:inherit\">\u0130\u00e7indekiler<\/p>\n<span class=\"ez-toc-title-toggle\"><a href=\"#\" class=\"ez-toc-pull-right ez-toc-btn ez-toc-btn-xs ez-toc-btn-default ez-toc-toggle\" aria-label=\"\u0130\u00e7indekiler Tablosunu A\u00e7\/Kapat\"><span class=\"ez-toc-js-icon-con\"><span class=\"\"><span class=\"eztoc-hide\" style=\"display:none;\">Toggle<\/span><span class=\"ez-toc-icon-toggle-span\"><svg style=\"fill: #ffffff;color:#ffffff\" xmlns=\"http:\/\/www.w3.org\/2000\/svg\" class=\"list-377408\" width=\"20px\" height=\"20px\" viewBox=\"0 0 24 24\" fill=\"none\"><path d=\"M6 6H4v2h2V6zm14 0H8v2h12V6zM4 11h2v2H4v-2zm16 0H8v2h12v-2zM4 16h2v2H4v-2zm16 0H8v2h12v-2z\" fill=\"currentColor\"><\/path><\/svg><svg style=\"fill: #ffffff;color:#ffffff\" class=\"arrow-unsorted-368013\" xmlns=\"http:\/\/www.w3.org\/2000\/svg\" width=\"10px\" height=\"10px\" viewBox=\"0 0 24 24\" version=\"1.2\" baseProfile=\"tiny\"><path d=\"M18.2 9.3l-6.2-6.3-6.2 6.3c-.2.2-.3.4-.3.7s.1.5.3.7c.2.2.4.3.7.3h11c.3 0 .5-.1.7-.3.2-.2.3-.5.3-.7s-.1-.5-.3-.7zM5.8 14.7l6.2 6.3 6.2-6.3c.2-.2.3-.5.3-.7s-.1-.5-.3-.7c-.2-.2-.4-.3-.7-.3h-11c-.3 0-.5.1-.7.3-.2.2-.3.5-.3.7s.1.5.3.7z\"\/><\/svg><\/span><\/span><\/span><\/a><\/span><\/div>\n<nav><ul class='ez-toc-list ez-toc-list-level-1 eztoc-toggle-hide-by-default' ><li class='ez-toc-page-1 ez-toc-heading-level-2'><a class=\"ez-toc-link ez-toc-heading-1\" href=\"https:\/\/www.turna.com\/blog\/acipayam-kanyonu\/#acipayam_kanyonu_hakkinda_bilgi\" >Ac\u0131payam Kanyonu Hakk\u0131nda Bilgi<\/a><ul class='ez-toc-list-level-3' ><li class='ez-toc-heading-level-3'><a class=\"ez-toc-link ez-toc-heading-2\" href=\"https:\/\/www.turna.com\/blog\/acipayam-kanyonu\/#acipayam_kanyonu_nerede\" >Ac\u0131payam Kanyonu Nerede?<\/a><\/li><li class='ez-toc-page-1 ez-toc-heading-level-3'><a class=\"ez-toc-link ez-toc-heading-3\" href=\"https:\/\/www.turna.com\/blog\/acipayam-kanyonu\/#acipayam_kanyonuna_nasil_gidilir\" >Ac\u0131payam Kanyonu&#8217;na Nas\u0131l Gidilir?<\/a><\/li><li class='ez-toc-page-1 ez-toc-heading-level-3'><a class=\"ez-toc-link ez-toc-heading-4\" href=\"https:\/\/www.turna.com\/blog\/acipayam-kanyonu\/#acipayam_kanyonu_giris_ucreti\" >Ac\u0131payam Kanyonu Giri\u015f \u00dccreti<\/a><\/li><li class='ez-toc-page-1 ez-toc-heading-level-3'><a class=\"ez-toc-link ez-toc-heading-5\" href=\"https:\/\/www.turna.com\/blog\/acipayam-kanyonu\/#acipayam_kanyonu_hangi_gunler_acik\" >Ac\u0131payam Kanyonu hangi g\u00fcnler a\u00e7\u0131k?<\/a><\/li><li class='ez-toc-page-1 ez-toc-heading-level-3'><a class=\"ez-toc-link ez-toc-heading-6\" href=\"https:\/\/www.turna.com\/blog\/acipayam-kanyonu\/#acipayam_kanyonunda_yuzulur_mu\" >Ac\u0131payam kanyonunda y\u00fcz\u00fcl\u00fcr m\u00fc?<\/a><\/li><li class='ez-toc-page-1 ez-toc-heading-level-3'><a class=\"ez-toc-link ez-toc-heading-7\" href=\"https:\/\/www.turna.com\/blog\/acipayam-kanyonu\/#acipayam_kanyonu_acik_mi\" >Ac\u0131payam Kanyonu a\u00e7\u0131k m\u0131?<\/a><\/li><\/ul><\/li><\/ul><\/nav><\/div>\n\n<p>\u00dclkemizde ne sakl\u0131 g\u00fczellikler var me\u011fer. G\u00fcn y\u00fcz\u00fcne \u00e7\u0131k\u0131nca \u00f6\u011freniyoruz \u00e7o\u011funu. <strong>Ac\u0131payam Kanyonu<\/strong> da birka\u00e7 y\u0131l evvel varl\u0131\u011f\u0131ndan haberdar olmad\u0131\u011f\u0131m\u0131z bir yerdi. Turizme kazand\u0131r\u0131lmas\u0131yla art\u0131k Denizli&#8217;ye gidenlerin rotas\u0131na ekledi\u011fi, turlar\u0131n programlar\u0131na dahil etti\u011fi bir yer haline geldi.<\/p>\n\n\n\n<p>Ormanlar\u0131n aras\u0131nda bir kanyon Ac\u0131payam. A\u011fa\u00e7lar\u0131n rengi mi yans\u0131yor suya hikmeti nedir bilinmez ama g\u00f6z al\u0131c\u0131 bir turkuaz renge sahip kanyon sular\u0131. <strong>Olukba\u015f\u0131 Kanyonu<\/strong>&nbsp;ya da&nbsp;<strong>Benlik Kanyonu<\/strong>&nbsp;olarak da biliniyor buras\u0131. \u0130ki k\u00f6y aras\u0131nda yer alan kanyon uzun y\u0131llar payla\u015f\u0131lamam\u0131\u015f. O k\u00f6y demi\u015f kanyon bizimdir, bu k\u00f6y demi\u015f hay\u0131r bizim. Sonras\u0131nda tam orta noktada bulunan Ac\u0131payam il\u00e7esinin ad\u0131 verilmi\u015f bu g\u00fczel kanyona. G\u00f6rd\u00fc\u011f\u00fcn\u00fczde siz de &#8216;payla\u015f\u0131lamad\u0131\u011f\u0131 kadar varm\u0131\u015f&#8217; diyeceksiniz eminim. \ud83d\ude0d<\/p>\n\n\n\n<h2 class=\"wp-block-heading has-text-align-center has-neeon-button-dark-gray-color has-text-color has-link-color wp-elements-8ff32a5c2d34c51c5cb668a65b62a1d2\"><span class=\"ez-toc-section\" id=\"acipayam_kanyonu_hakkinda_bilgi\"><\/span><strong>Ac\u0131payam Kanyonu Hakk\u0131nda Bilgi<\/strong><span class=\"ez-toc-section-end\"><\/span><\/h2>\n\n\n\n<figure class=\"wp-block-image size-large\"><img width=\"800\" height=\"500\" data-public-id=\"ac\u0131payam_kanyonu_yol_tarifi\/ac\u0131payam_kanyonu_yol_tarifi.jpg\" decoding=\"async\" src=\"https:\/\/res.cloudinary.com\/turna\/images\/w_800,h_500,c_scale\/f_auto,q_auto:low\/v1663247801\/ac\u0131payam_kanyonu_yol_tarifi\/ac\u0131payam_kanyonu_yol_tarifi.jpg?_i=AA\" alt=\"\" class=\"wp-post-0 wp-image-21126\" data-format=\"jpg\" data-transformations=\"f_auto,q_auto:low\" data-version=\"1663247801\" data-seo=\"1\" srcset=\"https:\/\/res.cloudinary.com\/turna\/images\/f_auto,q_auto:low\/v1663247801\/ac\u0131payam_kanyonu_yol_tarifi\/ac\u0131payam_kanyonu_yol_tarifi.jpg?_i=AA 800w, https:\/\/res.cloudinary.com\/turna\/images\/w_300,h_188,c_scale\/f_auto,q_auto:low\/v1663247801\/ac\u0131payam_kanyonu_yol_tarifi\/ac\u0131payam_kanyonu_yol_tarifi.jpg?_i=AA 300w, https:\/\/res.cloudinary.com\/turna\/images\/w_672,h_420,c_scale\/f_auto,q_auto:low\/v1663247801\/ac\u0131payam_kanyonu_yol_tarifi\/ac\u0131payam_kanyonu_yol_tarifi.jpg?_i=AA 672w, https:\/\/res.cloudinary.com\/turna\/images\/w_640,h_400,c_scale\/f_auto,q_auto:low\/v1663247801\/ac\u0131payam_kanyonu_yol_tarifi\/ac\u0131payam_kanyonu_yol_tarifi.jpg?_i=AA 640w, https:\/\/res.cloudinary.com\/turna\/images\/w_681,h_426,c_scale\/f_auto,q_auto:low\/v1663247801\/ac\u0131payam_kanyonu_yol_tarifi\/ac\u0131payam_kanyonu_yol_tarifi.jpg?_i=AA 681w\" sizes=\"(max-width: 800px) 100vw, 800px\" \/><\/figure>\n\n\n\n<p>Kanyona girdi\u011finizde sizi bir y\u00fcr\u00fcy\u00fc\u015f yolu bekliyor. Yan\u0131n\u0131zda turkuaz renkli sular s\u00fcz\u00fcl\u00fcrken burada y\u00fcr\u00fcmek m\u00fcthi\u015f keyifli. Manzaray\u0131 izlemek i\u00e7in kurulmu\u015f iskelelerde mola vere vere ilerleyin. Sonras\u0131nda kanyonun derinliklerine do\u011fru yol devam ediyor. \u015eimdilik o k\u0131sma ge\u00e7mek yasak. \u0130leride halat d\u00fczenekleri ya da profesyonel ekiple \u015felaleye kadar olan parkur da a\u00e7\u0131l\u0131rsa \u00e7ok daha g\u00fczel olur.<\/p>\n\n\n\n<p>Devasa kayalar\u0131n aras\u0131nda buz gibi akan suda kanyoning yapmak i\u00e7in biraz daha beklememiz gerek. Kayalar\u0131n y\u00fcksekli\u011fi yer yer 40 metreyi buluyor. Yaz s\u0131ca\u011f\u0131nda bu so\u011fuk sular \u015fifa olur resmen. Kanyonda otopark, kafe, hediyelik e\u015fya ve y\u00f6resel \u00fcr\u00fcnler satan ah\u015fap ma\u011fazalar yer al\u0131yor. Yeme i\u00e7me ihtiya\u00e7lar\u0131n\u0131z i\u00e7in buradaki restoran\u0131 ya da tedarikli giderek piknik masalar\u0131n\u0131 kullanabilirsiniz.<\/p>\n\n\n\n<h3 class=\"wp-block-heading has-text-align-center has-neeon-button-dark-gray-color has-text-color has-link-color wp-elements-b85a080f459592d0d47affb24d80cf75\"><span class=\"ez-toc-section\" id=\"acipayam_kanyonu_nerede\"><\/span><strong>Ac\u0131payam Kanyonu Nerede?<\/strong><span class=\"ez-toc-section-end\"><\/span><\/h3>\n\n\n\n<figure class=\"wp-block-image size-large\"><img decoding=\"async\" src=\"https:\/\/res.cloudinary.com\/turna\/image\/upload\/v1663247801\/ac%C4%B1payam.jpg\" alt=\"\"\/><\/figure>\n\n\n\n<p><strong>Ac\u0131payam<\/strong>&nbsp;Kanyonu Denizli ili Ac\u0131payam il\u00e7esine 40 km mesafede yer al\u0131yor.<\/p>\n\n\n\n<h3 class=\"wp-block-heading has-text-align-center has-neeon-button-dark-gray-color has-text-color has-link-color wp-elements-8396a19ee8b20983b5bd8dcee4c56e7a\"><span class=\"ez-toc-section\" id=\"acipayam_kanyonuna_nasil_gidilir\"><\/span><strong>Ac\u0131payam Kanyonu&#8217;na Nas\u0131l Gidilir?<\/strong><span class=\"ez-toc-section-end\"><\/span><\/h3>\n\n\n\n<figure class=\"wp-block-image size-large\"><img decoding=\"async\" src=\"https:\/\/res.cloudinary.com\/turna\/image\/upload\/v1663247800\/ac%C4%B1payam_kanyonu_nerede.jpg\" alt=\"\"\/><\/figure>\n\n\n\n<p>Kanyona Kelek\u00e7i-G\u00fcney-Olukba\u015f\u0131 istikametini takip ederek ula\u015fabilirsiniz. Gayet d\u00fczg\u00fcn bir yolu var. Toplu ta\u015f\u0131ma ile gidecekseniz Denizli \u015eehirleraras\u0131 Otob\u00fcs Terminali\u2019nden Kelek\u00e7i ara\u00e7lar\u0131na binin. Kelek\u00e7i Otogar\u0131ndan da Olukba\u015f\u0131 veya Benlik minib\u00fcslerine binerek kanyona rahatl\u0131kla gidebilirsiniz.<\/p>\n\n\n\n<p>Ac\u0131payam Kanyonu yol tarifi i\u00e7in <strong><a href=\"https:\/\/goo.gl\/maps\/kfRAddEj4JBkWwGb6\" target=\"_blank\" rel=\"noreferrer noopener\">buraya<\/a><\/strong> t\u0131klay\u0131n.<\/p>\n\n\n\n<h3 class=\"wp-block-heading has-text-align-center has-neeon-button-dark-gray-color has-text-color has-link-color wp-elements-22219e0c578f2a631c4f79f2dbccb513\"><span class=\"ez-toc-section\" id=\"acipayam_kanyonu_giris_ucreti\"><\/span><strong>Ac\u0131payam Kanyonu Giri\u015f \u00dccreti<\/strong><span class=\"ez-toc-section-end\"><\/span><\/h3>\n\n\n\n<figure class=\"wp-block-image size-large\"><img decoding=\"async\" src=\"https:\/\/res.cloudinary.com\/turna\/image\/upload\/v1663247800\/ac%C4%B1payam_kanyonu.jpg\" alt=\"\"\/><\/figure>\n\n\n\n<p>Kanyonun hen\u00fcz \u00e7al\u0131\u015fmalar\u0131 tam olarak bitirilmedi\u011finden dolay\u0131 giri\u015f \u00fccreti yok. T\u00fcm k\u0131s\u0131mlar tamamland\u0131ktan sonra giri\u015fler \u00fccretli olabilir.<\/p>\n\n\n<div id=\"rank-math-faq\" class=\"rank-math-block\">\n<div class=\"rank-math-list \">\n<div id=\"faq-question-685a805893b90\" class=\"rank-math-list-item\">\n<h3 class=\"rank-math-question \"><span class=\"ez-toc-section\" id=\"acipayam_kanyonu_hangi_gunler_acik\"><\/span>Ac\u0131payam Kanyonu hangi g\u00fcnler a\u00e7\u0131k?<br \/><br \/><span class=\"ez-toc-section-end\"><\/span><\/h3>\n<div class=\"rank-math-answer \">\n\n<p>Kanyon haftan\u0131n her g\u00fcn\u00fc ziyarete a\u00e7\u0131k. Ama bazen tadilat nedeniyle kapat\u0131labiliyor. En sa\u011fl\u0131kl\u0131 bilgiyi Ac\u0131payam Belediyesi&#8217;ni arayarak \u00f6\u011frenebilirsiniz.<\/p>\n\n<\/div>\n<\/div>\n<div id=\"faq-question-685a805893b92\" class=\"rank-math-list-item\">\n<h3 class=\"rank-math-question \"><span class=\"ez-toc-section\" id=\"acipayam_kanyonunda_yuzulur_mu\"><\/span>Ac\u0131payam kanyonunda y\u00fcz\u00fcl\u00fcr m\u00fc?<br \/><br \/><span class=\"ez-toc-section-end\"><\/span><\/h3>\n<div class=\"rank-math-answer \">\n\n<p>Kanyonda suya girmeye izin verilmiyor.<\/p>\n\n<\/div>\n<\/div>\n<div id=\"faq-question-685a805893b93\" class=\"rank-math-list-item\">\n<h3 class=\"rank-math-question \"><span class=\"ez-toc-section\" id=\"acipayam_kanyonu_acik_mi\"><\/span>Ac\u0131payam Kanyonu a\u00e7\u0131k m\u0131?<br \/><br \/><span class=\"ez-toc-section-end\"><\/span><\/h3>\n<div class=\"rank-math-answer \">\n\n<p>Kanyon Nisan 2022 itibariyle ziyarete a\u00e7\u0131k. <\/p>\n\n<\/div>\n<\/div>\n<\/div>\n<\/div>\n\n\n<p><\/p>\n\n\n\n<p> <p>Denizli ile ilgili di\u011fer i\u00e7eriklerimi de mutlaka okumal\u0131s\u0131n\u0131z.<\/p>   <p><strong><a href=\"https:\/\/www.turna.com\/blog\/denizlide-gezilecek-yerler-12-kesif-noktasi?swcfpc=1\" target=\"_blank\" rel=\"noreferrer noopener\">Denizli&#8217;de Gezilecek Yerler<\/a><a href=\"https:\/\/www.turna.com\/blog\/isikli-golu?swcfpc=1\" target=\"_blank\" rel=\"noreferrer noopener\">I\u015f\u0131kl\u0131 G\u00f6l\u00fc<\/a><a href=\"https:\/\/www.turna.com\/blog\/keloglan-magarasi?swcfpc=1\" target=\"_blank\" rel=\"noreferrer noopener\">Kelo\u011flan Ma\u011faras\u0131<\/a><\/strong><span style=\"color: initial;\">  <\/span><strong><a href=\"https:\/\/www.turna.com\/blog\/guney-selalesi?swcfpc=1\" target=\"_blank\" rel=\"noreferrer noopener\">G\u00fcney \u015eelalesi<\/a><\/strong><span style=\"color: initial;\">   <\/span><strong><a href=\"https:\/\/www.turna.com\/blog\/laodikeia-antik-kenti?swcfpc=1\" target=\"_blank\" rel=\"noreferrer noopener\">Laodikeia Antik Kenti<\/a><a href=\"https:\/\/www.turna.com\/blog\/denizli-tavas-gezilecek-yerler?swcfpc=1\" target=\"_blank\" rel=\"noreferrer noopener\">Denizli Tavas Gezilecek Yerler<\/a><\/strong><\/p> <\/p>\n\n    <div class=\"xs_social_share_widget xs_share_url after_content \t\tmain_content  wslu-style-1 wslu-share-box-shaped wslu-fill-colored wslu-none wslu-share-horizontal wslu-theme-font-no wslu-main_content\">\n\n\t\t\n        <ul>\n\t\t\t        <\/ul>\n    <\/div> \n","protected":false},"excerpt":{"rendered":"<p>Ac\u0131payam Kanyonu da birka\u00e7 y\u0131l evvel varl\u0131\u011f\u0131ndan haberdar olmad\u0131\u011f\u0131m\u0131z bir yerdi. Turizme kazand\u0131r\u0131lmas\u0131yla art\u0131k Denizli&#8217;ye gidenlerin rotas\u0131na ekledi\u011fi, turlar\u0131n programlar\u0131na dahil etti\u011fi bir yer haline geldi.<\/p>\n","protected":false},"author":34,"featured_media":21126,"comment_status":"open","ping_status":"open","sticky":false,"template":"","format":"standard","meta":{"rop_custom_images_group":[],"rop_custom_messages_group":[],"rop_publish_now":"initial","rop_publish_now_accounts":[],"rop_publish_now_history":[],"rop_publish_now_status":"pending","_cloudinary_featured_overwrite":false,"footnotes":""},"categories":[84,1824],"tags":[262],"class_list":["post-21125","post","type-post","status-publish","format-standard","has-post-thumbnail","hentry","category-turkiye","category-denizli","tag-denizli"],"_links":{"self":[{"href":"https:\/\/www.turna.com\/blog\/wp-json\/wp\/v2\/posts\/21125","targetHints":{"allow":["GET"]}}],"collection":[{"href":"https:\/\/www.turna.com\/blog\/wp-json\/wp\/v2\/posts"}],"about":[{"href":"https:\/\/www.turna.com\/blog\/wp-json\/wp\/v2\/types\/post"}],"author":[{"embeddable":true,"href":"https:\/\/www.turna.com\/blog\/wp-json\/wp\/v2\/users\/34"}],"replies":[{"embeddable":true,"href":"https:\/\/www.turna.com\/blog\/wp-json\/wp\/v2\/comments?post=21125"}],"version-history":[{"count":0,"href":"https:\/\/www.turna.com\/blog\/wp-json\/wp\/v2\/posts\/21125\/revisions"}],"wp:featuredmedia":[{"embeddable":true,"href":"https:\/\/www.turna.com\/blog\/wp-json\/wp\/v2\/media\/21126"}],"wp:attachment":[{"href":"https:\/\/www.turna.com\/blog\/wp-json\/wp\/v2\/media?parent=21125"}],"wp:term":[{"taxonomy":"category","embeddable":true,"href":"https:\/\/www.turna.com\/blog\/wp-json\/wp\/v2\/categories?post=21125"},{"taxonomy":"post_tag","embeddable":true,"href":"https:\/\/www.turna.com\/blog\/wp-json\/wp\/v2\/tags?post=21125"}],"curies":[{"name":"wp","href":"https:\/\/api.w.org\/{rel}","templated":true}]}}