{"id":21123,"date":"2022-09-20T12:27:00","date_gmt":"2022-09-20T09:27:00","guid":{"rendered":"https:\/\/www.turna.com\/blog\/?p=21123"},"modified":"2025-12-09T16:54:38","modified_gmt":"2025-12-09T13:54:38","slug":"isikli-golu","status":"publish","type":"post","link":"https:\/\/www.turna.com\/blog\/isikli-golu","title":{"rendered":"I\u015f\u0131kl\u0131 G\u00f6l\u00fc: Denizli&#8217;nin Nil\u00fcfer Bah\u00e7esi"},"content":{"rendered":"<div id=\"ez-toc-container\" class=\"ez-toc-v2_0_82_2 counter-hierarchy ez-toc-counter ez-toc-black ez-toc-container-direction\">\n<div class=\"ez-toc-title-container\">\n<p class=\"ez-toc-title\" style=\"cursor:inherit\">\u0130\u00e7indekiler<\/p>\n<span class=\"ez-toc-title-toggle\"><a href=\"#\" class=\"ez-toc-pull-right ez-toc-btn ez-toc-btn-xs ez-toc-btn-default ez-toc-toggle\" aria-label=\"\u0130\u00e7indekiler Tablosunu A\u00e7\/Kapat\"><span class=\"ez-toc-js-icon-con\"><span class=\"\"><span class=\"eztoc-hide\" style=\"display:none;\">Toggle<\/span><span class=\"ez-toc-icon-toggle-span\"><svg style=\"fill: #ffffff;color:#ffffff\" xmlns=\"http:\/\/www.w3.org\/2000\/svg\" class=\"list-377408\" width=\"20px\" height=\"20px\" viewBox=\"0 0 24 24\" fill=\"none\"><path d=\"M6 6H4v2h2V6zm14 0H8v2h12V6zM4 11h2v2H4v-2zm16 0H8v2h12v-2zM4 16h2v2H4v-2zm16 0H8v2h12v-2z\" fill=\"currentColor\"><\/path><\/svg><svg style=\"fill: #ffffff;color:#ffffff\" class=\"arrow-unsorted-368013\" xmlns=\"http:\/\/www.w3.org\/2000\/svg\" width=\"10px\" height=\"10px\" viewBox=\"0 0 24 24\" version=\"1.2\" baseProfile=\"tiny\"><path d=\"M18.2 9.3l-6.2-6.3-6.2 6.3c-.2.2-.3.4-.3.7s.1.5.3.7c.2.2.4.3.7.3h11c.3 0 .5-.1.7-.3.2-.2.3-.5.3-.7s-.1-.5-.3-.7zM5.8 14.7l6.2 6.3 6.2-6.3c.2-.2.3-.5.3-.7s-.1-.5-.3-.7c-.2-.2-.4-.3-.7-.3h-11c-.3 0-.5.1-.7.3-.2.2-.3.5-.3.7s.1.5.3.7z\"\/><\/svg><\/span><\/span><\/span><\/a><\/span><\/div>\n<nav><ul class='ez-toc-list ez-toc-list-level-1 eztoc-toggle-hide-by-default' ><li class='ez-toc-page-1 ez-toc-heading-level-2'><a class=\"ez-toc-link ez-toc-heading-1\" href=\"https:\/\/www.turna.com\/blog\/isikli-golu\/#isikli_golu_hakkinda_bilgi\" >I\u015f\u0131kl\u0131 G\u00f6l\u00fc Hakk\u0131nda Bilgi<\/a><ul class='ez-toc-list-level-3' ><li class='ez-toc-heading-level-3'><a class=\"ez-toc-link ez-toc-heading-2\" href=\"https:\/\/www.turna.com\/blog\/isikli-golu\/#isikli_golune_ne_zaman_gidilir\" >I\u015f\u0131kl\u0131 G\u00f6l\u00fc&#8217;ne Ne Zaman Gidilir?<\/a><\/li><li class='ez-toc-page-1 ez-toc-heading-level-3'><a class=\"ez-toc-link ez-toc-heading-3\" href=\"https:\/\/www.turna.com\/blog\/isikli-golu\/#isikli_golu_nerede\" >I\u015f\u0131kl\u0131 G\u00f6l\u00fc Nerede?<\/a><\/li><li class='ez-toc-page-1 ez-toc-heading-level-3'><a class=\"ez-toc-link ez-toc-heading-4\" href=\"https:\/\/www.turna.com\/blog\/isikli-golu\/#isikli_golu_tekne_turu\" >I\u015f\u0131kl\u0131 G\u00f6l\u00fc Tekne Turu<\/a><\/li><\/ul><\/li><\/ul><\/nav><\/div>\n\n<p>\u00dclkemizin yeni turizm de\u011ferlerinden biri <strong>\u00c7ivril I\u015f\u0131kl\u0131 G\u00f6l\u00fc<\/strong>. D\u00fc\u015f\u00fcnsenize birka\u00e7 sene \u00f6ncesine kadar neredeyse kimse bilmiyordu, ad\u0131n\u0131 bile duymam\u0131\u015ft\u0131k. Tesad\u00fcfen oralardan ge\u00e7en, ya da orada ya\u015fay\u0131p herkesten \u00f6nce bilenler ne \u015fansl\u0131 diye d\u00fc\u015f\u00fcn\u00fcr\u00fcm hep. \ud83d\ude0a<\/p>\n\n\n\n<p>\u00dclkemizin g\u00fczelliklerinin turizme kazand\u0131r\u0131lmas\u0131 da ayr\u0131ca mutluluk verici elbette. Art\u0131k herkesin bildi\u011fi, bahar\u0131n gelmesi ve nil\u00fcferlerin a\u00e7mas\u0131yla ziyaret\u00e7i ak\u0131n\u0131na u\u011frayan g\u00f6l hen\u00fcz g\u00f6rmediyseniz mutlaka gidilmesi gereken yerler listenizde olmal\u0131.<\/p>\n\n\n\n<h2 class=\"wp-block-heading has-text-align-center has-neeon-button-dark-gray-color has-text-color has-link-color wp-elements-3a4075ee5d3de1df57e7d824a3beae99\"><span class=\"ez-toc-section\" id=\"isikli_golu_hakkinda_bilgi\"><\/span><strong>I\u015f\u0131kl\u0131 G\u00f6l\u00fc Hakk\u0131nda Bilgi<\/strong><span class=\"ez-toc-section-end\"><\/span><\/h2>\n\n\n\n<figure class=\"wp-block-image size-large\"><img decoding=\"async\" src=\"https:\/\/res.cloudinary.com\/turna\/image\/upload\/v1663242700\/%C3%A7ivril_%C4%B1%C5%9F%C4%B1kl%C4%B1_g%C3%B6l%C3%BC.jpg\" alt=\"I\u015f\u0131kl\u0131 G\u00f6l\u00fc Hakk\u0131nda Bilgi\"\/><\/figure>\n\n\n\n<p><strong>I\u015f\u0131kl\u0131 G\u00f6l\u00fc<\/strong>&nbsp;ya da&nbsp;<strong>\u00c7ivril G\u00f6l\u00fc<\/strong> bir&nbsp;tatl\u0131 su g\u00f6l\u00fcd\u00fcr.&nbsp;B\u00fcy\u00fck Menderes&nbsp;\u0131rma\u011f\u0131 I\u015f\u0131kl\u0131 G\u00f6l\u00fc&#8217;nden \u00e7\u0131k\u0131yor. Buras\u0131 asl\u0131nda do\u011fal bir g\u00f6l. Ancak su seviyesinin y\u00fckseldi\u011fi d\u00f6nemlerde etraf\u0131nda yer alan yerle\u015fim yerlerinin ve tar\u0131m alanlar\u0131n\u0131n su bask\u0131nlar\u0131ndan korunmas\u0131 i\u00e7in&nbsp;DS\u0130&nbsp;taraf\u0131ndan etraf\u0131na bent yap\u0131lm\u0131\u015f ve bir&nbsp;baraj g\u00f6l\u00fcne&nbsp;d\u00f6n\u00fc\u015ft\u00fcr\u00fclm\u00fc\u015f.<\/p>\n\n\n\n<p>G\u00f6l su ku\u015flar\u0131 i\u00e7in \u00f6nemli bir ya\u015fam alan\u0131. B\u00f6lgede k\u00fc\u00e7\u00fck balaban, Alaca bal\u0131k\u00e7\u0131l, k\u00fc\u00e7\u00fck-b\u00fcy\u00fck ak bal\u0131k\u00e7\u0131l, erguvan bal\u0131k\u00e7\u0131l, \u00e7eltik\u00e7i, boz kaz, ang\u0131t, pasba\u015f dala\u011fan, deniz kartal\u0131, saz delicesi, k\u0131z\u0131l \u015fahin, uzunbacak, g\u00fclen sumru, k\u0131r incir ku\u015fu gibi t\u00fcrler kulu\u00e7kaya yat\u0131yor. G\u00f6l ta\u015f\u0131d\u0131\u011f\u0131 potansiyel dolay\u0131s\u0131yla \u00d6nemli Ku\u015f Alan\u0131 (\u00d6KA) ilan edilmi\u015f.<\/p>\n\n\n\n<h3 class=\"wp-block-heading has-text-align-center has-neeon-button-dark-gray-color has-text-color has-link-color wp-elements-5511810abc93ac173f13255200faf387\"><span class=\"ez-toc-section\" id=\"isikli_golune_ne_zaman_gidilir\"><\/span><strong>I\u015f\u0131kl\u0131 G\u00f6l<\/strong>\u00fc&#8217;ne Ne Zaman Gidilir?<span class=\"ez-toc-section-end\"><\/span><\/h3>\n\n\n\n<figure class=\"wp-block-image size-large\"><img decoding=\"async\" src=\"https:\/\/res.cloudinary.com\/turna\/image\/upload\/v1663242700\/%C4%B1%C5%9F%C4%B1kl%C4%B1_g%C3%B6l%C3%BC_nil%C3%BCferler.jpg\" alt=\"I\u015f\u0131kl\u0131 G\u00f6l\u00fc'ne Ne Zaman Gidilir?\"\/><\/figure>\n\n\n\n<p>G\u00f6l\u00fcn bu kadar pop\u00fcler olmas\u0131ndaki neden elbette t\u00fcm y\u00fczeyinin nil\u00fcferlerle kaplanmas\u0131 ve masals\u0131 bir g\u00f6r\u00fcnt\u00fc olu\u015fturmas\u0131. Nil\u00fcferler y\u0131l\u0131n her ay\u0131 olmuyor. O nedenle do\u011fru d\u00f6nemde gitmezseniz hayal k\u0131r\u0131kl\u0131\u011f\u0131na u\u011frayabilirsiniz. Lotus \u00e7i\u00e7e\u011fi olarak da bilinen nil\u00fcferler May\u0131s a\u00e7\u0131nda a\u00e7\u0131yor ve Temmuz sonuna kadar g\u00f6l y\u00fczeyinde kalmaya devam ediyor.<\/p>\n\n\n\n<p><strong>NOT:<\/strong> Nil\u00fcferleri koparman\u0131n 109 bin 593 TL cezas\u0131 var.<\/p>\n\n\n\n<h3 class=\"wp-block-heading has-text-align-center has-neeon-button-dark-gray-color has-text-color has-link-color wp-elements-0ba8935fe061635a5ac1f6ac856d3fd8\"><span class=\"ez-toc-section\" id=\"isikli_golu_nerede\"><\/span><strong>I\u015f\u0131kl\u0131 G\u00f6l\u00fc Nerede?<\/strong><span class=\"ez-toc-section-end\"><\/span><\/h3>\n\n\n\n<figure class=\"wp-block-image size-large\"><img decoding=\"async\" src=\"https:\/\/res.cloudinary.com\/turna\/image\/upload\/v1663242701\/%C4%B1%C5%9F%C4%B1kl%C4%B1_g%C3%B6l%C3%BC.jpg\" alt=\"I\u015f\u0131kl\u0131 G\u00f6l\u00fc Nerede?\"\/><\/figure>\n\n\n\n<p>G\u00f6l Denizli ili \u00c7ivril il\u00e7esinde yer al\u0131yor. Denizli merkezden \u00c7ivril minib\u00fcslerine binerek kolayca ula\u015f\u0131m sa\u011flayabilirsiniz.<\/p>\n\n\n\n<p>G\u00f6le \u00f6zel arac\u0131n\u0131zla gidecekseniz \u00c7ivril\u2019den Isparta-U\u015fak karayolunu takip ederek yakla\u015f\u0131k 8 km devam edin. I\u015f\u0131kl\u0131 kasabas\u0131na vard\u0131\u011f\u0131n\u0131zda 9 km g\u00fcney y\u00f6n\u00fcnde ilerleyin, g\u00f6le ula\u015facaks\u0131n\u0131z.<\/p>\n\n\n\n<p>Denizli-I\u015f\u0131kl\u0131 G\u00f6l\u00fc aras\u0131 142 km.<\/p>\n\n\n\n<p>\u00c7ivril I\u015f\u0131kl\u0131 G\u00f6l\u00fc konumu <strong><a href=\"https:\/\/goo.gl\/maps\/uDG4s8Fetpod3vLd7\" target=\"_blank\" rel=\"noreferrer noopener\">burada.<\/a><\/strong><\/p>\n\n\n\n<h3 class=\"wp-block-heading has-text-align-center has-neeon-button-dark-gray-color has-text-color has-link-color wp-elements-fdd6f57f1d204e99b31287d90f9839c9\"><span class=\"ez-toc-section\" id=\"isikli_golu_tekne_turu\"><\/span><strong>I\u015f\u0131kl\u0131 G\u00f6l<\/strong>\u00fc Tekne Turu<span class=\"ez-toc-section-end\"><\/span><\/h3>\n\n\n\n<figure class=\"wp-block-image size-large\"><img width=\"800\" height=\"500\" data-public-id=\"denizli_\u0131\u015f\u0131kl\u0131_g\u00f6l\u00fc\/denizli_\u0131\u015f\u0131kl\u0131_g\u00f6l\u00fc.jpg\" decoding=\"async\" src=\"https:\/\/res.cloudinary.com\/turna\/images\/w_800,h_500,c_scale\/f_auto,q_auto:low\/v1663242700\/denizli_\u0131\u015f\u0131kl\u0131_g\u00f6l\u00fc\/denizli_\u0131\u015f\u0131kl\u0131_g\u00f6l\u00fc.jpg?_i=AA\" alt=\"I\u015f\u0131kl\u0131 G\u00f6l\u00fc Tekne Turu\" class=\"wp-post-0 wp-image-21124\" data-format=\"jpg\" data-transformations=\"f_auto,q_auto:low\" data-version=\"1663242700\" data-seo=\"1\" srcset=\"https:\/\/res.cloudinary.com\/turna\/images\/f_auto,q_auto:low\/v1663242700\/denizli_\u0131\u015f\u0131kl\u0131_g\u00f6l\u00fc\/denizli_\u0131\u015f\u0131kl\u0131_g\u00f6l\u00fc.jpg?_i=AA 800w, https:\/\/res.cloudinary.com\/turna\/images\/w_300,h_188,c_scale\/f_auto,q_auto:low\/v1663242700\/denizli_\u0131\u015f\u0131kl\u0131_g\u00f6l\u00fc\/denizli_\u0131\u015f\u0131kl\u0131_g\u00f6l\u00fc.jpg?_i=AA 300w, https:\/\/res.cloudinary.com\/turna\/images\/w_672,h_420,c_scale\/f_auto,q_auto:low\/v1663242700\/denizli_\u0131\u015f\u0131kl\u0131_g\u00f6l\u00fc\/denizli_\u0131\u015f\u0131kl\u0131_g\u00f6l\u00fc.jpg?_i=AA 672w, https:\/\/res.cloudinary.com\/turna\/images\/w_640,h_400,c_scale\/f_auto,q_auto:low\/v1663242700\/denizli_\u0131\u015f\u0131kl\u0131_g\u00f6l\u00fc\/denizli_\u0131\u015f\u0131kl\u0131_g\u00f6l\u00fc.jpg?_i=AA 640w, https:\/\/res.cloudinary.com\/turna\/images\/w_681,h_426,c_scale\/f_auto,q_auto:low\/v1663242700\/denizli_\u0131\u015f\u0131kl\u0131_g\u00f6l\u00fc\/denizli_\u0131\u015f\u0131kl\u0131_g\u00f6l\u00fc.jpg?_i=AA 681w\" sizes=\"(max-width: 800px) 100vw, 800px\" \/><\/figure>\n\n\n\n<p>I\u015f\u0131kl\u0131 G\u00f6l\u00fc nil\u00fcferler a\u00e7t\u0131\u011f\u0131 zaman yemye\u015fil bir deniz gibi oluyor. G\u00fczelli\u011fi g\u00f6z kama\u015ft\u0131r\u0131yor. Ama bu denli pop\u00fcler olmas\u0131nda g\u00f6lde tekne turu yap\u0131lmas\u0131n\u0131n da pay\u0131 b\u00fcy\u00fck. Tekneyle g\u00f6lde nil\u00fcferlerin aras\u0131nda 1 saat s\u00fcren keyifli yolculuk buray\u0131 daha da unutulmaz k\u0131l\u0131yor. Foto\u011fraf, video \u00e7ekmeye doyam\u0131yor insan. \ud83d\ude0d G\u00f6lde tekne turu \u00fccreti 800 TL. Dilerseniz ba\u015fkalar\u0131yla binip \u00fccreti b\u00f6l\u00fc\u015febilir ya da \u00fccretin tamam\u0131n\u0131 \u00f6deyerek yaln\u0131zca siz binebilirsiniz.<\/p>\n\n\n\n<p><\/p>\n\n\n\n<p> <p>Denizli ile ilgili di\u011fer i\u00e7eriklerimi de mutlaka okumal\u0131s\u0131n\u0131z.<\/p>   <p><strong><a href=\"https:\/\/www.turna.com\/blog\/denizlide-gezilecek-yerler-12-kesif-noktasi?swcfpc=1\" target=\"_blank\" rel=\"noreferrer noopener\">Denizli&#8217;de Gezilecek Yerler<\/a><\/strong><span style=\"color: initial;\"> <\/span><strong><a href=\"https:\/\/www.turna.com\/blog\/acipayam-kanyonu?swcfpc=1\" target=\"_blank\" rel=\"noreferrer noopener\">Ac\u0131payam Kanyonu<\/a><\/strong><span style=\"color: initial;\">  <\/span><strong><a href=\"https:\/\/www.turna.com\/blog\/keloglan-magarasi?swcfpc=1\" target=\"_blank\" rel=\"noreferrer noopener\">Kelo\u011flan Ma\u011faras\u0131<\/a><\/strong><span style=\"color: initial;\">   <\/span><strong><a href=\"https:\/\/www.turna.com\/blog\/guney-selalesi?swcfpc=1\" target=\"_blank\" rel=\"noreferrer noopener\">G\u00fcney \u015eelalesi<\/a><a href=\"https:\/\/www.turna.com\/blog\/laodikeia-antik-kenti?swcfpc=1\" target=\"_blank\" rel=\"noreferrer noopener\">Laodikeia Antik Kenti<\/a><\/strong><span style=\"color: initial;\">   <\/span><strong><a href=\"https:\/\/www.turna.com\/blog\/denizli-tavas-gezilecek-yerler?swcfpc=1\" target=\"_blank\" rel=\"noreferrer noopener\">Denizli Tavas Gezilecek Yerler<\/a><\/strong><\/p> <\/p>\n\n    <div class=\"xs_social_share_widget xs_share_url after_content \t\tmain_content  wslu-style-1 wslu-share-box-shaped wslu-fill-colored wslu-none wslu-share-horizontal wslu-theme-font-no wslu-main_content\">\n\n\t\t\n        <ul>\n\t\t\t        <\/ul>\n    <\/div> \n","protected":false},"excerpt":{"rendered":"<p>Bahar\u0131n gelmesi ve nil\u00fcferlerin a\u00e7mas\u0131yla ziyaret\u00e7i ak\u0131n\u0131na u\u011frayan I\u015f\u0131kl\u0131 G\u00f6l\u00fc hen\u00fcz g\u00f6rmediyseniz mutlaka gidilmesi gereken yerler listenizde olmal\u0131.<\/p>\n","protected":false},"author":34,"featured_media":21124,"comment_status":"open","ping_status":"open","sticky":false,"template":"","format":"standard","meta":{"rop_custom_images_group":[],"rop_custom_messages_group":[],"rop_publish_now":"initial","rop_publish_now_accounts":[],"rop_publish_now_history":[],"rop_publish_now_status":"pending","_cloudinary_featured_overwrite":false,"footnotes":""},"categories":[84,1824],"tags":[262],"class_list":["post-21123","post","type-post","status-publish","format-standard","has-post-thumbnail","hentry","category-turkiye","category-denizli","tag-denizli"],"_links":{"self":[{"href":"https:\/\/www.turna.com\/blog\/wp-json\/wp\/v2\/posts\/21123","targetHints":{"allow":["GET"]}}],"collection":[{"href":"https:\/\/www.turna.com\/blog\/wp-json\/wp\/v2\/posts"}],"about":[{"href":"https:\/\/www.turna.com\/blog\/wp-json\/wp\/v2\/types\/post"}],"author":[{"embeddable":true,"href":"https:\/\/www.turna.com\/blog\/wp-json\/wp\/v2\/users\/34"}],"replies":[{"embeddable":true,"href":"https:\/\/www.turna.com\/blog\/wp-json\/wp\/v2\/comments?post=21123"}],"version-history":[{"count":0,"href":"https:\/\/www.turna.com\/blog\/wp-json\/wp\/v2\/posts\/21123\/revisions"}],"wp:featuredmedia":[{"embeddable":true,"href":"https:\/\/www.turna.com\/blog\/wp-json\/wp\/v2\/media\/21124"}],"wp:attachment":[{"href":"https:\/\/www.turna.com\/blog\/wp-json\/wp\/v2\/media?parent=21123"}],"wp:term":[{"taxonomy":"category","embeddable":true,"href":"https:\/\/www.turna.com\/blog\/wp-json\/wp\/v2\/categories?post=21123"},{"taxonomy":"post_tag","embeddable":true,"href":"https:\/\/www.turna.com\/blog\/wp-json\/wp\/v2\/tags?post=21123"}],"curies":[{"name":"wp","href":"https:\/\/api.w.org\/{rel}","templated":true}]}}