{"id":21122,"date":"2022-09-18T16:53:00","date_gmt":"2022-09-18T13:53:00","guid":{"rendered":"https:\/\/www.turna.com\/blog\/?p=21122"},"modified":"2025-12-09T16:56:42","modified_gmt":"2025-12-09T13:56:42","slug":"guney-selalesi","status":"publish","type":"post","link":"https:\/\/www.turna.com\/blog\/guney-selalesi","title":{"rendered":"G\u00fcney \u015eelalesi: Denizli&#8217;de Huzur Dolu Bir Adres"},"content":{"rendered":"<div id=\"ez-toc-container\" class=\"ez-toc-v2_0_82_2 counter-hierarchy ez-toc-counter ez-toc-black ez-toc-container-direction\">\n<div class=\"ez-toc-title-container\">\n<p class=\"ez-toc-title\" style=\"cursor:inherit\">\u0130\u00e7indekiler<\/p>\n<span class=\"ez-toc-title-toggle\"><a href=\"#\" class=\"ez-toc-pull-right ez-toc-btn ez-toc-btn-xs ez-toc-btn-default ez-toc-toggle\" aria-label=\"\u0130\u00e7indekiler Tablosunu A\u00e7\/Kapat\"><span class=\"ez-toc-js-icon-con\"><span class=\"\"><span class=\"eztoc-hide\" style=\"display:none;\">Toggle<\/span><span class=\"ez-toc-icon-toggle-span\"><svg style=\"fill: #ffffff;color:#ffffff\" xmlns=\"http:\/\/www.w3.org\/2000\/svg\" class=\"list-377408\" width=\"20px\" height=\"20px\" viewBox=\"0 0 24 24\" fill=\"none\"><path d=\"M6 6H4v2h2V6zm14 0H8v2h12V6zM4 11h2v2H4v-2zm16 0H8v2h12v-2zM4 16h2v2H4v-2zm16 0H8v2h12v-2z\" fill=\"currentColor\"><\/path><\/svg><svg style=\"fill: #ffffff;color:#ffffff\" class=\"arrow-unsorted-368013\" xmlns=\"http:\/\/www.w3.org\/2000\/svg\" width=\"10px\" height=\"10px\" viewBox=\"0 0 24 24\" version=\"1.2\" baseProfile=\"tiny\"><path d=\"M18.2 9.3l-6.2-6.3-6.2 6.3c-.2.2-.3.4-.3.7s.1.5.3.7c.2.2.4.3.7.3h11c.3 0 .5-.1.7-.3.2-.2.3-.5.3-.7s-.1-.5-.3-.7zM5.8 14.7l6.2 6.3 6.2-6.3c.2-.2.3-.5.3-.7s-.1-.5-.3-.7c-.2-.2-.4-.3-.7-.3h-11c-.3 0-.5.1-.7.3-.2.2-.3.5-.3.7s.1.5.3.7z\"\/><\/svg><\/span><\/span><\/span><\/a><\/span><\/div>\n<nav><ul class='ez-toc-list ez-toc-list-level-1 eztoc-toggle-hide-by-default' ><li class='ez-toc-page-1 ez-toc-heading-level-2'><a class=\"ez-toc-link ez-toc-heading-1\" href=\"https:\/\/www.turna.com\/blog\/guney-selalesi\/#guney_selalesi_hakkinda_bilgi\" >G\u00fcney \u015eelalesi Hakk\u0131nda Bilgi<\/a><ul class='ez-toc-list-level-3' ><li class='ez-toc-heading-level-3'><a class=\"ez-toc-link ez-toc-heading-2\" href=\"https:\/\/www.turna.com\/blog\/guney-selalesi\/#guney_selalesi_nerede\" >G\u00fcney \u015eelalesi Nerede?<\/a><\/li><li class='ez-toc-page-1 ez-toc-heading-level-3'><a class=\"ez-toc-link ez-toc-heading-3\" href=\"https:\/\/www.turna.com\/blog\/guney-selalesi\/#guney_selalesine_nasil_gidilir\" >G\u00fcney \u015eelalesi&#8217;ne Nas\u0131l Gidilir?<\/a><\/li><li class='ez-toc-page-1 ez-toc-heading-level-3'><a class=\"ez-toc-link ez-toc-heading-4\" href=\"https:\/\/www.turna.com\/blog\/guney-selalesi\/#guney_selalesi_giris_ucreti\" >G\u00fcney \u015eelalesi Giri\u015f \u00dccreti<\/a><\/li><\/ul><\/li><\/ul><\/nav><\/div>\n\n<p>Denizli gezilecek yerler i\u00e7inde Denizli \u015felaleleri biraz geri planda kalsa da fazladan vakit varsa mutlaka g\u00f6r\u00fclmesi gerekiyor. Elbette vaktiniz k\u0131s\u0131tl\u0131ysa \u00f6ncelikle Pamukkale, Hierapolis Antik Kenti, Laodikeia gibi \u00f6nemli yerleri g\u00f6r\u00fcn. Ama Denizli&#8217;ye fazladan zaman ay\u0131rabilirseniz uzayan listenin her bir maddesi birbirinden g\u00fczel bunu g\u00f6receksiniz. <strong>G\u00fcney \u015eelalesi<\/strong> de o listenin huzur dolu adreslerinden biri.<\/p>\n\n\n\n<h2 class=\"wp-block-heading has-text-align-center has-neeon-button-dark-gray-color has-text-color has-link-color wp-elements-42d9bf16c3fb8c770d570ac6a12da38a\"><span class=\"ez-toc-section\" id=\"guney_selalesi_hakkinda_bilgi\"><\/span><strong>G\u00fcney \u015eelalesi Hakk\u0131nda Bilgi<\/strong><span class=\"ez-toc-section-end\"><\/span><\/h2>\n\n\n\n<figure class=\"wp-block-image size-large\"><img decoding=\"async\" src=\"https:\/\/res.cloudinary.com\/turna\/image\/upload\/v1663163571\/denizli_g%C3%BCney_%C5%9Felalesi.jpg\" alt=\"G\u00fcney \u015eelalesi Hakk\u0131nda Bilgi\"\/><\/figure>\n\n\n\n<p>\u015eelale do\u011fal g\u00fczelli\u011fi bak\u0131m\u0131ndan Denizli&#8217;de g\u00f6r\u00fclmeye de\u011fer yerlerden. \u015eelale ve \u00e7evresi Birinci Derece Do\u011fal Sit Alan\u0131. G\u00fcney il\u00e7e merkezinin 3 kilometre uza\u011f\u0131nda yer alan Cindere Da\u011f\u0131 yama\u00e7lar\u0131ndan \u00e7\u0131kan su kaynaklar\u0131ndan besleniyor.<\/p>\n\n\n\n<p>B\u00fcy\u00fck Menderes Nehri&#8217;ne yakla\u015f\u0131k 20 metre y\u00fcksekten nazl\u0131 nazl\u0131 d\u00f6k\u00fcl\u00fcyor \u015felale. Suyu kire\u00e7li dolay\u0131s\u0131yla \u015felale yata\u011f\u0131nda kalker basamaklar ve \u00e7e\u015fitli olu\u015fumlar meydana getiriyor. \u015eelaleden s\u00fcz\u00fclen su damlalar\u0131 y\u0131llarca s\u00fcren ak\u0131\u015f\u0131yla sark\u0131t dikitleri olan damla ta\u015f ma\u011faras\u0131 olu\u015fturmu\u015f. Bu ma\u011fara i\u00e7inde y\u00fcz\u00fclebilen derinlikte bir de g\u00f6l bulunuyor.<\/p>\n\n\n\n<p>\u015eelalenin suyu yaz aylar\u0131nda epey azal\u0131yor. K\u0131\u015f\u0131n ise dondu\u011funda ayr\u0131 bir g\u00f6rsellik sunuyor. \u015eelalenin oldu\u011fu alanda otopark, piknik alan\u0131, \u00e7e\u015fmeler, tuvalet, restoranlar bulunuyor. Dilerseniz buradaki tesislerde yeme i\u00e7me ihtiya\u00e7lar\u0131n\u0131z\u0131 kar\u015f\u0131layabilir dilerseniz piknik yapabilirsiniz.<\/p>\n\n\n\n<h3 class=\"wp-block-heading has-text-align-center has-neeon-button-dark-gray-color has-text-color has-link-color wp-elements-e4896014afd2d5ba1fd71de7e39d76e9\"><span class=\"ez-toc-section\" id=\"guney_selalesi_nerede\"><\/span><strong>G\u00fcney \u015eelalesi Nerede?<\/strong><span class=\"ez-toc-section-end\"><\/span><\/h3>\n\n\n\n<figure class=\"wp-block-image size-large\"><img decoding=\"async\" src=\"https:\/\/res.cloudinary.com\/turna\/image\/upload\/v1663163571\/g%C3%BCney_%C5%9Felalesi.jpg\" alt=\"G\u00fcney \u015eelalesi Nerede?\"\/><\/figure>\n\n\n\n<p><strong>\u015eelale<\/strong>, Denizli ili G\u00fcney il\u00e7esi Cinlere Mahallesi s\u0131n\u0131rlar\u0131 i\u00e7inde yer al\u0131yor. G\u00fcney il\u00e7esinin yakla\u015f\u0131k 4 kilometre g\u00fcneyinden ge\u00e7en Menderes Nehri&#8217;nin kenar\u0131nda bulunuyor.<\/p>\n\n\n\n<p>G\u00fcney \u015eelalesi konumu <strong><a href=\"https:\/\/goo.gl\/maps\/6kXYKjj3HY5EWFYv9\" target=\"_blank\" rel=\"noreferrer noopener\">burada.<\/a><\/strong><\/p>\n\n\n\n<h3 class=\"wp-block-heading has-text-align-center has-neeon-button-dark-gray-color has-text-color has-link-color wp-elements-5453792058aea67bdb3c2d6175f7e22a\"><span class=\"ez-toc-section\" id=\"guney_selalesine_nasil_gidilir\"><\/span>G\u00fcney \u015eelalesi&#8217;ne Nas\u0131l Gidilir?<span class=\"ez-toc-section-end\"><\/span><\/h3>\n\n\n\n<figure class=\"wp-block-image size-large\"><img width=\"800\" height=\"500\" decoding=\"async\" src=\"data:image\/svg+xml;base64,PHN2ZyB4bWxucz0iaHR0cDovL3d3dy53My5vcmcvMjAwMC9zdmciIHdpZHRoPSI4MDAiIGhlaWdodD0iNTAwIj48cmVjdCB3aWR0aD0iMTAwJSIgaGVpZ2h0PSIxMDAlIj48YW5pbWF0ZSBhdHRyaWJ1dGVOYW1lPSJmaWxsIiB2YWx1ZXM9InJnYmEoMTUzLDE1MywxNTMsMC41KTtyZ2JhKDE1MywxNTMsMTUzLDAuMSk7cmdiYSgxNTMsMTUzLDE1MywwLjUpIiBkdXI9IjJzIiByZXBlYXRDb3VudD0iaW5kZWZpbml0ZSIgLz48L3JlY3Q+PC9zdmc+\" alt=\"G\u00fcney \u015eelalesi&#039;ne Nas\u0131l Gidilir?\" data-public-id=\"g\u00fcney_\u015felalesi_nerede\/g\u00fcney_\u015felalesi_nerede.jpg\" class=\"wp-post-21122 wp-image-21131\" data-format=\"jpg\" data-transformations=\"f_auto,q_auto:low\" data-version=\"1663163571\" data-seo=\"1\" data-size=\"800 500\" data-srcset=\"https:\/\/res.cloudinary.com\/turna\/images\/f_auto,q_auto:low\/v1663163571\/g\u00fcney_\u015felalesi_nerede\/g\u00fcney_\u015felalesi_nerede.jpg?_i=AA 800w, https:\/\/res.cloudinary.com\/turna\/images\/w_300,h_188,c_scale\/f_auto,q_auto:low\/v1663163571\/g\u00fcney_\u015felalesi_nerede\/g\u00fcney_\u015felalesi_nerede.jpg?_i=AA 300w, https:\/\/res.cloudinary.com\/turna\/images\/w_672,h_420,c_scale\/f_auto,q_auto:low\/v1663163571\/g\u00fcney_\u015felalesi_nerede\/g\u00fcney_\u015felalesi_nerede.jpg?_i=AA 672w, https:\/\/res.cloudinary.com\/turna\/images\/w_640,h_400,c_scale\/f_auto,q_auto:low\/v1663163571\/g\u00fcney_\u015felalesi_nerede\/g\u00fcney_\u015felalesi_nerede.jpg?_i=AA 640w, https:\/\/res.cloudinary.com\/turna\/images\/w_681,h_426,c_scale\/f_auto,q_auto:low\/v1663163571\/g\u00fcney_\u015felalesi_nerede\/g\u00fcney_\u015felalesi_nerede.jpg?_i=AA 681w\" data-sizes=\"(max-width: 800px) 100vw, 800px\" data-delivery=\"upload\" onload=\";window.CLDBind?CLDBind(this):null;\" data-cloudinary=\"lazy\" \/><\/figure>\n\n\n\n<p>\u015eelaleye Denizli il merkezinden gidecekseniz 55-60 km kadar yol gitmeniz gerek. \u015eehir merkezinden Salihli il\u00e7esi yolundaki Yenicekent mevkiine ilerleyin. Tripolis Antik Kenti taraf\u0131ndan G\u00fcney il\u00e7esine devam edin. \u0130l\u00e7eye vard\u0131ktan sonra B\u00fcy\u00fck Menderes Nehrinin paralelinde yer alan 16 kilometrelik yoldan devam ederek \u015felaleye ula\u015f\u0131n.<\/p>\n\n\n\n<p><br>G\u00fcney \u015eelalesi Denizli aras\u0131 57 km.<\/p>\n\n\n\n<h3 class=\"wp-block-heading has-text-align-center has-neeon-button-dark-gray-color has-text-color has-link-color wp-elements-866da168998fef0d482cf94e7cd99c41\"><span class=\"ez-toc-section\" id=\"guney_selalesi_giris_ucreti\"><\/span><strong>G\u00fcney \u015eelalesi Giri\u015f \u00dccreti<\/strong><span class=\"ez-toc-section-end\"><\/span><\/h3>\n\n\n\n<p>\u015eelaleye giri\u015f i\u00e7in herhangi bir \u00fccret \u00f6demenize gerek yok. Ancak otopark \u00fccreti olarak ara\u00e7 ba\u015f\u0131na 20 TL al\u0131n\u0131yor.<\/p>\n\n\n\n<p>Denizli&#8217;de bulunan havaliman\u0131na bir \u00e7ok \u015fehirden seferler d\u00fczenleniyor. \u015eehre ula\u015fman\u0131n en kolay se\u00e7ene\u011fi havayolu ile. <strong><a href=\"https:\/\/www.turna.com\/ucak-bileti\/denizli\" target=\"_blank\" rel=\"noreferrer noopener\">Denizli u\u00e7ak bileti<\/a><\/strong> se\u00e7eneklerine g\u00f6z atmay\u0131 ihmal etmeyin.<\/p>\n\n\n\n<p>Denizli&#8217;ye otob\u00fcsle gidecekseniz e\u011fer<strong><a href=\"https:\/\/www.turna.com\/otobus-bileti\/denizli\" target=\"_blank\" rel=\"noreferrer noopener\">&nbsp;Denizli otob\u00fcs bileti<\/a><\/strong>&nbsp;i\u00e7in turna.com sayfas\u0131n\u0131 ziyaret edin. Geli\u015fmi\u015f arama \u00f6zelli\u011fi ile 200\u2019den fazla otob\u00fcs firmas\u0131n\u0131 kar\u015f\u0131la\u015ft\u0131rabilir, biletini komisyon \u00f6demeden sat\u0131n alabilirsin.<\/p>\n\n\n\n<p> <p>Denizli ile ilgili di\u011fer i\u00e7eriklerimi de mutlaka okumal\u0131s\u0131n\u0131z.<\/p>   <p><strong><a href=\"https:\/\/www.turna.com\/blog\/denizlide-gezilecek-yerler-12-kesif-noktasi?swcfpc=1\" target=\"_blank\" rel=\"noreferrer noopener\">Denizli&#8217;de Gezilecek Yerler<\/a><\/strong><span style=\"color: initial;\">   <\/span><strong><a href=\"https:\/\/www.turna.com\/blog\/acipayam-kanyonu?swcfpc=1\" target=\"_blank\" rel=\"noreferrer noopener\">Ac\u0131payam Kanyonu<\/a><\/strong><span style=\"color: initial;\">   <\/span><strong><a href=\"https:\/\/www.turna.com\/blog\/isikli-golu?swcfpc=1\" target=\"_blank\" rel=\"noreferrer noopener\">I\u015f\u0131kl\u0131 G\u00f6l<\/a><\/strong><span style=\"color: initial;\">   <\/span><strong><a href=\"https:\/\/www.turna.com\/blog\/keloglan-magarasi?swcfpc=1\" target=\"_blank\" rel=\"noreferrer noopener\">Kelo\u011flan Ma\u011faras\u0131<\/a><\/strong><span style=\"color: initial;\">  <\/span><strong style=\"color: initial;\"><a href=\"https:\/\/www.turna.com\/blog\/laodikeia-antik-kenti?swcfpc=1\" target=\"_blank\" rel=\"noreferrer noopener\">Laodikeia Antik Kenti<\/a><\/strong><strong><a href=\"https:\/\/www.turna.com\/blog\/denizli-tavas-gezilecek-yerler?swcfpc=1\" target=\"_blank\" rel=\"noreferrer noopener\">Denizli Tavas Gezilecek Yerler<\/a><\/strong><\/p> <\/p>\n\n    <div class=\"xs_social_share_widget xs_share_url after_content \t\tmain_content  wslu-style-1 wslu-share-box-shaped wslu-fill-colored wslu-none wslu-share-horizontal wslu-theme-font-no wslu-main_content\">\n\n\t\t\n        <ul>\n\t\t\t        <\/ul>\n    <\/div> \n","protected":false},"excerpt":{"rendered":"<p>Denizli&#8217;ye fazladan zaman ay\u0131rabilirseniz uzayan listenin her bir maddesi birbirinden g\u00fczel bunu g\u00f6receksiniz. G\u00fcney \u015eelalesi de o listenin huzur dolu adreslerinden biri.<\/p>\n","protected":false},"author":34,"featured_media":21131,"comment_status":"open","ping_status":"open","sticky":false,"template":"","format":"standard","meta":{"rop_custom_images_group":[],"rop_custom_messages_group":[],"rop_publish_now":"initial","rop_publish_now_accounts":[],"rop_publish_now_history":[],"rop_publish_now_status":"pending","_cloudinary_featured_overwrite":false,"footnotes":""},"categories":[84,1824],"tags":[262],"class_list":["post-21122","post","type-post","status-publish","format-standard","has-post-thumbnail","hentry","category-turkiye","category-denizli","tag-denizli"],"_links":{"self":[{"href":"https:\/\/www.turna.com\/blog\/wp-json\/wp\/v2\/posts\/21122","targetHints":{"allow":["GET"]}}],"collection":[{"href":"https:\/\/www.turna.com\/blog\/wp-json\/wp\/v2\/posts"}],"about":[{"href":"https:\/\/www.turna.com\/blog\/wp-json\/wp\/v2\/types\/post"}],"author":[{"embeddable":true,"href":"https:\/\/www.turna.com\/blog\/wp-json\/wp\/v2\/users\/34"}],"replies":[{"embeddable":true,"href":"https:\/\/www.turna.com\/blog\/wp-json\/wp\/v2\/comments?post=21122"}],"version-history":[{"count":0,"href":"https:\/\/www.turna.com\/blog\/wp-json\/wp\/v2\/posts\/21122\/revisions"}],"wp:featuredmedia":[{"embeddable":true,"href":"https:\/\/www.turna.com\/blog\/wp-json\/wp\/v2\/media\/21131"}],"wp:attachment":[{"href":"https:\/\/www.turna.com\/blog\/wp-json\/wp\/v2\/media?parent=21122"}],"wp:term":[{"taxonomy":"category","embeddable":true,"href":"https:\/\/www.turna.com\/blog\/wp-json\/wp\/v2\/categories?post=21122"},{"taxonomy":"post_tag","embeddable":true,"href":"https:\/\/www.turna.com\/blog\/wp-json\/wp\/v2\/tags?post=21122"}],"curies":[{"name":"wp","href":"https:\/\/api.w.org\/{rel}","templated":true}]}}