{"id":21077,"date":"2022-08-19T17:56:23","date_gmt":"2022-08-19T14:56:23","guid":{"rendered":"https:\/\/www.turna.com\/blog\/?p=21077"},"modified":"2025-06-27T16:13:23","modified_gmt":"2025-06-27T13:13:23","slug":"giresun-gezilecek-yerler","status":"publish","type":"post","link":"https:\/\/www.turna.com\/blog\/giresun-gezilecek-yerler","title":{"rendered":"Giresun Gezilecek Yerler: G\u00f6r\u00fclmesi Gereken 15 Yer"},"content":{"rendered":"<div id=\"ez-toc-container\" class=\"ez-toc-v2_0_82_2 counter-hierarchy ez-toc-counter ez-toc-black ez-toc-container-direction\">\n<div class=\"ez-toc-title-container\">\n<p class=\"ez-toc-title\" style=\"cursor:inherit\">\u0130\u00e7indekiler<\/p>\n<span class=\"ez-toc-title-toggle\"><a href=\"#\" class=\"ez-toc-pull-right ez-toc-btn ez-toc-btn-xs ez-toc-btn-default ez-toc-toggle\" aria-label=\"\u0130\u00e7indekiler Tablosunu A\u00e7\/Kapat\"><span class=\"ez-toc-js-icon-con\"><span class=\"\"><span class=\"eztoc-hide\" style=\"display:none;\">Toggle<\/span><span class=\"ez-toc-icon-toggle-span\"><svg style=\"fill: #ffffff;color:#ffffff\" xmlns=\"http:\/\/www.w3.org\/2000\/svg\" class=\"list-377408\" width=\"20px\" height=\"20px\" viewBox=\"0 0 24 24\" fill=\"none\"><path d=\"M6 6H4v2h2V6zm14 0H8v2h12V6zM4 11h2v2H4v-2zm16 0H8v2h12v-2zM4 16h2v2H4v-2zm16 0H8v2h12v-2z\" fill=\"currentColor\"><\/path><\/svg><svg style=\"fill: #ffffff;color:#ffffff\" class=\"arrow-unsorted-368013\" xmlns=\"http:\/\/www.w3.org\/2000\/svg\" width=\"10px\" height=\"10px\" viewBox=\"0 0 24 24\" version=\"1.2\" baseProfile=\"tiny\"><path d=\"M18.2 9.3l-6.2-6.3-6.2 6.3c-.2.2-.3.4-.3.7s.1.5.3.7c.2.2.4.3.7.3h11c.3 0 .5-.1.7-.3.2-.2.3-.5.3-.7s-.1-.5-.3-.7zM5.8 14.7l6.2 6.3 6.2-6.3c.2-.2.3-.5.3-.7s-.1-.5-.3-.7c-.2-.2-.4-.3-.7-.3h-11c-.3 0-.5.1-.7.3-.2.2-.3.5-.3.7s.1.5.3.7z\"\/><\/svg><\/span><\/span><\/span><\/a><\/span><\/div>\n<nav><ul class='ez-toc-list ez-toc-list-level-1 eztoc-toggle-hide-by-default' ><li class='ez-toc-page-1 ez-toc-heading-level-2'><a class=\"ez-toc-link ez-toc-heading-1\" href=\"https:\/\/www.turna.com\/blog\/giresun-gezilecek-yerler\/#giresun_gezilecek_yerler\" >Giresun Gezilecek Yerler<\/a><ul class='ez-toc-list-level-3' ><li class='ez-toc-heading-level-3'><a class=\"ez-toc-link ez-toc-heading-2\" href=\"https:\/\/www.turna.com\/blog\/giresun-gezilecek-yerler\/#giresun_kalesi\" >Giresun Kalesi<\/a><\/li><li class='ez-toc-page-1 ez-toc-heading-level-3'><a class=\"ez-toc-link ez-toc-heading-3\" href=\"https:\/\/www.turna.com\/blog\/giresun-gezilecek-yerler\/#giresun_muzesi\" >Giresun M\u00fczesi<\/a><\/li><li class='ez-toc-page-1 ez-toc-heading-level-3'><a class=\"ez-toc-link ez-toc-heading-4\" href=\"https:\/\/www.turna.com\/blog\/giresun-gezilecek-yerler\/#zeytinlik_semti\" >Zeytinlik Semti<\/a><\/li><li class='ez-toc-page-1 ez-toc-heading-level-3'><a class=\"ez-toc-link ez-toc-heading-5\" href=\"https:\/\/www.turna.com\/blog\/giresun-gezilecek-yerler\/#kapu_camii\" >Kapu Camii<\/a><\/li><li class='ez-toc-page-1 ez-toc-heading-level-3'><a class=\"ez-toc-link ez-toc-heading-6\" href=\"https:\/\/www.turna.com\/blog\/giresun-gezilecek-yerler\/#giresun_adasi\" >Giresun Adas\u0131<\/a><\/li><li class='ez-toc-page-1 ez-toc-heading-level-3'><a class=\"ez-toc-link ez-toc-heading-7\" href=\"https:\/\/www.turna.com\/blog\/giresun-gezilecek-yerler\/#kuzalan_selalesi\" >Kuzalan \u015eelalesi<\/a><\/li><li class='ez-toc-page-1 ez-toc-heading-level-3'><a class=\"ez-toc-link ez-toc-heading-8\" href=\"https:\/\/www.turna.com\/blog\/giresun-gezilecek-yerler\/#mavi_gol\" >Mavi G\u00f6l<\/a><\/li><li class='ez-toc-page-1 ez-toc-heading-level-3'><a class=\"ez-toc-link ez-toc-heading-9\" href=\"https:\/\/www.turna.com\/blog\/giresun-gezilecek-yerler\/#tirebolu_kalesi\" >Tirebolu Kalesi<\/a><\/li><li class='ez-toc-page-1 ez-toc-heading-level-3'><a class=\"ez-toc-link ez-toc-heading-10\" href=\"https:\/\/www.turna.com\/blog\/giresun-gezilecek-yerler\/#sebinkarahisar_kalesi\" >\u015eebinkarahisar Kalesi<\/a><\/li><li class='ez-toc-page-1 ez-toc-heading-level-3'><a class=\"ez-toc-link ez-toc-heading-11\" href=\"https:\/\/www.turna.com\/blog\/giresun-gezilecek-yerler\/#bedrama_kalesi\" >Bedrama Kalesi<\/a><\/li><li class='ez-toc-page-1 ez-toc-heading-level-3'><a class=\"ez-toc-link ez-toc-heading-12\" href=\"https:\/\/www.turna.com\/blog\/giresun-gezilecek-yerler\/#gelin_kayasi\" >Gelin Kayas\u0131<\/a><\/li><li class='ez-toc-page-1 ez-toc-heading-level-3'><a class=\"ez-toc-link ez-toc-heading-13\" href=\"https:\/\/www.turna.com\/blog\/giresun-gezilecek-yerler\/#sebinkarahisar_meryem_ana_manastiri\" >\u015eebinkarahisar Meryem Ana Manast\u0131r\u0131<\/a><\/li><li class='ez-toc-page-1 ez-toc-heading-level-3'><a class=\"ez-toc-link ez-toc-heading-14\" href=\"https:\/\/www.turna.com\/blog\/giresun-gezilecek-yerler\/#yedidegirmenler_tabiat_parki\" >Yedide\u011firmenler Tabiat Park\u0131<\/a><\/li><li class='ez-toc-page-1 ez-toc-heading-level-3'><a class=\"ez-toc-link ez-toc-heading-15\" href=\"https:\/\/www.turna.com\/blog\/giresun-gezilecek-yerler\/#giresun_plajlari\" >Giresun Plajlar\u0131<\/a><\/li><li class='ez-toc-page-1 ez-toc-heading-level-3'><a class=\"ez-toc-link ez-toc-heading-16\" href=\"https:\/\/www.turna.com\/blog\/giresun-gezilecek-yerler\/#giresun_yaylalari\" >Giresun Yaylalar\u0131<\/a><\/li><\/ul><\/li><li class='ez-toc-page-1 ez-toc-heading-level-2'><a class=\"ez-toc-link ez-toc-heading-17\" href=\"https:\/\/www.turna.com\/blog\/giresun-gezilecek-yerler\/#giresun_hakkinda_hap_bilgiler\" >Giresun Hakk\u0131nda Hap Bilgiler<\/a><ul class='ez-toc-list-level-3' ><li class='ez-toc-heading-level-3'><a class=\"ez-toc-link ez-toc-heading-18\" href=\"https:\/\/www.turna.com\/blog\/giresun-gezilecek-yerler\/#giresuna_nasil_gidilir\" >Giresun&#8217;a Nas\u0131l Gidilir?<\/a><\/li><li class='ez-toc-page-1 ez-toc-heading-level-3'><a class=\"ez-toc-link ez-toc-heading-19\" href=\"https:\/\/www.turna.com\/blog\/giresun-gezilecek-yerler\/#giresuna_ne_zaman_gidilir\" >Giresun&#8217;a Ne Zaman Gidilir?<\/a><\/li><li class='ez-toc-page-1 ez-toc-heading-level-3'><a class=\"ez-toc-link ez-toc-heading-20\" href=\"https:\/\/www.turna.com\/blog\/giresun-gezilecek-yerler\/#giresun_kac_gunde_gezilir\" >Giresun Ka\u00e7 G\u00fcnde Gezilir?<\/a><\/li><\/ul><\/li><\/ul><\/nav><\/div>\n\n<p>Do\u011fu Karadeniz&#8217;e gidelim g\u00f6z\u00fcm\u00fcz\u00fc g\u00f6nl\u00fcm\u00fcz\u00fc ye\u015file doyural\u0131m denildi\u011finde ilk tercih edilen yerler Trabzon ve Rize oluyor. Ancak Giresun&#8217;da plajlar\u0131, yaylalar\u0131, gezilecek yerleri ile cennet gibi bir yer. E\u011fer bir Karadeniz turu planl\u0131yorsan\u0131z Giresun mutlaka rotan\u0131zda olmal\u0131. Ya da yaz\u0131n gideyim hem gezeyim, hem denize gireyim derseniz tercihinizi direkt Giresun&#8217;dan yana kullanabilirsiniz. <strong>Giresun gezilecek yerler<\/strong> g\u00f6r\u00fclmeye de\u011fer g\u00fczelliklerle dolu.<\/p>\n\n\n\n<h2 class=\"wp-block-heading has-text-align-center has-neeon-button-dark-gray-color has-text-color has-link-color wp-elements-c938be4420031fd047356b42f4425f03\"><span class=\"ez-toc-section\" id=\"giresun_gezilecek_yerler\"><\/span><strong><strong><strong><strong><strong><strong>Giresun Gezilecek Yerler<\/strong><\/strong><\/strong><\/strong><\/strong><\/strong><span class=\"ez-toc-section-end\"><\/span><\/h2>\n\n\n\n<p><strong>Giresun Gezilecek Yerler<\/strong> <strong>Listesi<\/strong><\/p>\n\n\n\n<ol class=\"wp-block-list\">\n<li>Giresun Kalesi<\/li>\n\n\n\n<li>Giresun M\u00fczesi<\/li>\n\n\n\n<li>Zeytinlik Semti<\/li>\n\n\n\n<li>Kapu Camii<\/li>\n\n\n\n<li>Giresun Adas\u0131<\/li>\n\n\n\n<li>Kuzalan \u015eelalesi<\/li>\n\n\n\n<li>Mavi G\u00f6l<\/li>\n\n\n\n<li>Tirebolu Kalesi<\/li>\n\n\n\n<li>\u015eebinkarahisar Kalesi<\/li>\n\n\n\n<li>Bedrama Kalesi<\/li>\n\n\n\n<li>Gelin Kayas\u0131<\/li>\n\n\n\n<li>\u015eebinkarahisar Meryem Ana Manast\u0131r\u0131<\/li>\n\n\n\n<li>Yedide\u011firmenler Tabiat Park\u0131<\/li>\n\n\n\n<li>Giresun Plajlar\u0131<\/li>\n\n\n\n<li>Giresun Yaylalar\u0131<\/li>\n<\/ol>\n\n\n\n<h3 class=\"wp-block-heading has-text-align-center has-neeon-button-dark-gray-color has-text-color has-link-color wp-elements-205f46e8fdfbf9a28ff954602dcae3fc\"><span class=\"ez-toc-section\" id=\"giresun_kalesi\"><\/span><strong><strong><strong><strong>Giresun Kalesi<\/strong><\/strong><\/strong><\/strong><span class=\"ez-toc-section-end\"><\/span><\/h3>\n\n\n\n<p><strong>Giresun Kalesi <\/strong>birinci derece do\u011fal ve arkeolojik sit alan\u0131 olarak koruma alt\u0131nda olan tarihi bir de\u011fer. Kalenin in\u015fa tarihi kesin olarak bilinmiyor. Baz\u0131 kaynaklara g\u00f6re M.\u00d6 II. y\u00fczy\u0131lda&nbsp;Pontus Kral\u0131 I. Farnakes&nbsp;taraf\u0131ndan yapt\u0131r\u0131ld\u0131\u011f\u0131 tahmin ediliyor.&nbsp;Bizans D\u00f6nemi&#8217;nde, denizden 100 metre y\u00fckseklikte bulunan kalede yayg\u0131n bir yerle\u015fim varm\u0131\u015f. O nedenle buraya kale-\u015fehir denilmi\u015f.<\/p>\n\n\n\n<p>Yap\u0131, i\u00e7 ve d\u0131\u015f kale olmak \u00fczere iki b\u00f6l\u00fcmden olu\u015fuyor. \u0130\u00e7 kalede bir saray kal\u0131nt\u0131s\u0131 bulunuyor. Kalenin kuzeyinde blok ta\u015flarla \u00f6r\u00fclm\u00fc\u015f ma\u011faralar yer al\u0131yor ve bu ma\u011faralar\u0131n s\u0131\u011f\u0131nak olarak kullan\u0131ld\u0131\u011f\u0131 d\u00fc\u015f\u00fcn\u00fcl\u00fcyor.<\/p>\n\n\n\n<p>Kale Giresun&#8217;u yukardan izlemek i\u00e7in ideal bir noktada. G\u00fcn\u00fcm\u00fczde piknik ve gezi alan\u0131 olarak kullan\u0131l\u0131yor.<\/p>\n\n\n\n<p>Giresun Kalesi yol tarifi i\u00e7in<strong><a href=\"https:\/\/goo.gl\/maps\/vkYsebeXJ39sxdFo7\" target=\"_blank\" rel=\"noreferrer noopener\"> buraya<\/a><\/strong> t\u0131klay\u0131n.<\/p>\n\n\n\n<h3 class=\"wp-block-heading has-text-align-center has-neeon-button-dark-gray-color has-text-color has-link-color wp-elements-726c87497a8db1a9e41bb1316b33dd7a\"><span class=\"ez-toc-section\" id=\"giresun_muzesi\"><\/span><strong><strong><strong><strong>Giresun M\u00fczesi<\/strong><\/strong><\/strong><\/strong><span class=\"ez-toc-section-end\"><\/span><\/h3>\n\n\n\n<figure class=\"wp-block-image size-large\"><img decoding=\"async\" src=\"https:\/\/res.cloudinary.com\/turna\/image\/upload\/v1660905903\/giresun_m%C3%BCzesi.jpg\" alt=\"Giresun M\u00fczesi Giresun gezilecek yerler\"\/><\/figure>\n\n\n\n<p><strong>Giresun M\u00fczesi<\/strong> binas\u0131 eski&nbsp;Gogora&nbsp;Kilisesi. \u0130l K\u00fclt\u00fcr ve Turizm M\u00fcd\u00fcrl\u00fc\u011f\u00fcne m\u00fcze olarak 25 y\u0131ll\u0131\u011f\u0131na tahsis edilmi\u015f. Kilise 1850-1860\u2019l\u0131&nbsp;y\u0131llarda&nbsp;Rumlar&nbsp;taraf\u0131ndan&nbsp;yap\u0131lan bir Rum&nbsp;Ortodoks&nbsp;Kilisesi. 1924 y\u0131l\u0131na kadar kilise olarak kullan\u0131lm\u0131\u015f, m\u00fcbadeleden sonra terk edilerek 1948&#8217;e kadar bo\u015f kalm\u0131\u015f. 1948-1967 y\u0131llar\u0131 aras\u0131nda ise cezaevi olarak kullan\u0131lm\u0131\u015f.<\/p>\n\n\n\n<p>1982\u20131988 aras\u0131nda K\u00fclt\u00fcr ve Turizm Bakanl\u0131\u011f\u0131nca restore edilmi\u015f ve 1988 y\u0131l\u0131nda m\u00fcze olarak hizmete a\u00e7\u0131lm\u0131\u015f. M\u00fczede b\u00f6lgeden toplanm\u0131\u015f ve&nbsp;di\u011fer&nbsp;m\u00fczelerden devir olmu\u015f Arkeolojik ve Etnografik eserler ile Sikkeler sergileniyor.<\/p>\n\n\n\n<p>Giresun M\u00fczesi yol tarifi i\u00e7in <strong><a href=\"https:\/\/goo.gl\/maps\/yufh5V8kBRw6z5JU9\" target=\"_blank\" rel=\"noreferrer noopener\">buraya<\/a><\/strong> t\u0131klay\u0131n.<\/p>\n\n\n\n<h3 class=\"wp-block-heading has-text-align-center has-neeon-button-dark-gray-color has-text-color has-link-color wp-elements-5b5b73d870d0e5ce3089c508e0efa8fc\"><span class=\"ez-toc-section\" id=\"zeytinlik_semti\"><\/span><strong><strong><strong><strong>Zeytinlik<\/strong> Semti<\/strong><\/strong><\/strong><span class=\"ez-toc-section-end\"><\/span><\/h3>\n\n\n\n<figure class=\"wp-block-image size-large\"><img decoding=\"async\" src=\"https:\/\/res.cloudinary.com\/turna\/image\/upload\/v1660905905\/zeytinlik_semti_giresun.jpg\" alt=\"Zeytinlik Semti\"\/><\/figure>\n\n\n\n<p>Giresun merkez gezilecek yerler i\u00e7inde bulunan <strong>Zeytinlik Semti<\/strong>, 3. derece kentsel sit alan\u0131d\u0131r. Yakla\u015f\u0131k iki as\u0131r \u00f6nce Avrupa\u2019dan ithal edilen malzemelerle in\u015fa edilmi\u015f buradaki evler ve Rumlarla T\u00fcrkler y\u0131llarca ya\u015fam\u0131\u015f. Nice t\u00fcrk\u00fclere konu olan tescilli Zeytinlik Evleri adeta tarihte yolculu\u011fa \u00e7\u0131kar\u0131yor. <\/p>\n\n\n\n<p>Eski d\u00f6nemlerde \u201cGogora Mahallesi\u201d olarak an\u0131lan semtte 80 adet tescilli ev yer al\u0131yor. Bu evler, kendine \u00f6zg\u00fc bah\u00e7esi, kap\u0131lar\u0131, pencereleri, i\u00e7 dizayn\u0131 gibi mimari \u00f6zellikleriyle mutlaka g\u00f6r\u00fclmesi gereken yap\u0131lar. \u0130thal malzemelerle in\u015fa edildi\u011fi i\u00e7in, Rus sobas\u0131, Marsilya kiremitleri gibi farkl\u0131 unsurlar dikkat \u00e7ekiyor.<\/p>\n\n\n\n<p>Zeytinlik Mahallesi yol tarifi i\u00e7in <strong><a href=\"https:\/\/goo.gl\/maps\/pSe2JTni7dovioRd7\" target=\"_blank\" rel=\"noreferrer noopener\">buraya<\/a><\/strong> t\u0131klay\u0131n.<\/p>\n\n\n\n<h3 class=\"wp-block-heading has-text-align-center has-neeon-button-dark-gray-color has-text-color has-link-color wp-elements-d9d62f6a9d3e58756cedf8f572c30fe0\"><span class=\"ez-toc-section\" id=\"kapu_camii\"><\/span><strong><strong><strong><strong>Kapu Camii<\/strong><\/strong><\/strong><\/strong><span class=\"ez-toc-section-end\"><\/span><\/h3>\n\n\n\n<figure class=\"wp-block-image size-large\"><img decoding=\"async\" src=\"https:\/\/res.cloudinary.com\/turna\/image\/upload\/v1660905903\/kapu_cami_giresun.jpg\" alt=\"Kapu Camii\"\/><\/figure>\n\n\n\n<p>Giresun gezilecek yerler listemize <strong>Kapu Camii <\/strong>ile devam ediyoruz. Camii korunmas\u0131 gerekli K\u00fclt\u00fcr Varl\u0131\u011f\u0131 olarak tescillenip koruma alt\u0131na al\u0131nm\u0131\u015f. \u0130lk olarak Mutasarr\u0131f Seyyid Mehmet Pa\u015fa taraf\u0131ndan 1593 y\u0131l\u0131nda ah\u015fap cami olarak in\u015fa edilmi\u015f. Kale giri\u015fine in\u015fa edilen cami halk aras\u0131nda&nbsp;<em>Kapu Camii&nbsp;<\/em>\u015feklinde an\u0131lm\u0131\u015f.<\/p>\n\n\n\n<p>Tarih i\u00e7inde bir\u00e7ok onar\u0131m g\u00f6rm\u00fc\u015f ancak bu g\u00fcnk\u00fc halini Karamustafaz\u00e2de Mahmut Efendi\u2019nin 1896 y\u0131l\u0131nda y\u0131k\u0131p yeniden yapt\u0131rmas\u0131 ile alm\u0131\u015f.<\/p>\n\n\n\n<p>Kapu Camii yol tarifi i\u00e7in <strong><a href=\"https:\/\/goo.gl\/maps\/jkWCngezpbRgoCUF9\" target=\"_blank\" rel=\"noreferrer noopener\">buraya<\/a><\/strong> t\u0131klay\u0131n.<\/p>\n\n\n\n<h3 class=\"wp-block-heading has-text-align-center has-neeon-button-dark-gray-color has-text-color has-link-color wp-elements-8c23d9cce4021a1357a25035aa95397d\"><span class=\"ez-toc-section\" id=\"giresun_adasi\"><\/span><strong><strong><strong><strong>Giresun Adas\u0131<\/strong><\/strong><\/strong><\/strong><span class=\"ez-toc-section-end\"><\/span><\/h3>\n\n\n\n<figure class=\"wp-block-image size-large\"><img decoding=\"async\" src=\"https:\/\/res.cloudinary.com\/turna\/image\/upload\/v1660905903\/giresun_adas%C4%B1.jpg\" alt=\"Giresun Adas\u0131 Giresun gezilecek yerler\"\/><\/figure>\n\n\n\n<p><strong>Giresun Adas\u0131<\/strong>, merkez Gedikkaya b\u00f6lgesinin kar\u015f\u0131s\u0131nda, 1.6 kilometre a\u00e7\u0131kta, 40 bin metrekare y\u00fcz\u00f6l\u00e7\u00fcm\u00fcne ve denizden 30 metre y\u00fcksekli\u011fe sahip \u00f6nemli bir ada. Eski ad\u0131 Aretias, Khalkeritis olan adan\u0131n Do\u011fu Karadeniz\u2019de Antik \u00c7a\u011f&#8217;da ve Orta\u00e7a\u011f&#8217;da yerle\u015fime sahne olmu\u015f tek ada oldu\u011fu biliniyor.<\/p>\n\n\n\n<p>Ada; 2. derece arkeolojik ve do\u011fal sit alan\u0131 olarak koruma alt\u0131nda. Ada \u00fczerinde orta\u00e7a\u011fdan kalma surlar, 1 adet kilise, 1 adet \u015fapel, 1 adet sarn\u0131\u00e7, \u00e7ok say\u0131da pithos ve mezar yap\u0131lar\u0131 bulunuyor. Adan\u0131n tarihi milattan \u00d6nce 300\u2019l\u00fc y\u0131llara kadar iniyor.<\/p>\n\n\n\n<p>Giresun Adas\u0131 mitolojik hikayeleriyle an\u0131l\u0131yor. Bunlar aras\u0131nda mitolojik kahraman \u201cHerk\u00fcl\u2019 \u00fcn ve Argonotlar\u0131n Alt\u0131n Post Efsanesi\u201d, \u201cKral Mitridates\u2019in K\u0131z\u0131 ve \u00c7oban Hikayesi\u201d, \u201cHz. Yusuf\u2019un Alt\u0131n Heykeli\u201d ve \u201cAmazon Kad\u0131nlar\u0131 Efsanesi\u201d gibi bir \u00e7ok hikaye var. Adada bulunan, Latincede \u201cHumuza\u201d kelimesinden gelen ve do\u011fum anlam\u0131nda kullan\u0131lan Hamza Ta\u015f\u0131 ad\u0131 verilen bir kaya par\u00e7as\u0131 bulunuyor. Hamza ta\u015f\u0131na \u00e7ocu\u011fu olmayan \u00e7iftler gidiyor ve kaya etraf\u0131nda dualar etdip bir geceyi de adada ge\u00e7iriyorlar.<\/p>\n\n\n\n<p>Giresun Adas\u0131 yol tarifi i\u00e7in<strong><a href=\"https:\/\/goo.gl\/maps\/7D764keWj49NRKpj6\" target=\"_blank\" rel=\"noreferrer noopener\"> buraya<\/a><\/strong> t\u0131klay\u0131n.<\/p>\n\n\n\n<h3 class=\"wp-block-heading has-text-align-center has-neeon-button-dark-gray-color has-text-color has-link-color wp-elements-1872238702df16f800a85caa4c1caca7\"><span class=\"ez-toc-section\" id=\"kuzalan_selalesi\"><\/span><strong><strong><strong><strong>Kuzalan \u015eelalesi<\/strong><\/strong><\/strong><\/strong><span class=\"ez-toc-section-end\"><\/span><\/h3>\n\n\n\n<figure class=\"wp-block-image size-large\"><img width=\"800\" height=\"500\" decoding=\"async\" src=\"data:image\/svg+xml;base64,PHN2ZyB4bWxucz0iaHR0cDovL3d3dy53My5vcmcvMjAwMC9zdmciIHdpZHRoPSI4MDAiIGhlaWdodD0iNTAwIj48cmVjdCB3aWR0aD0iMTAwJSIgaGVpZ2h0PSIxMDAlIj48YW5pbWF0ZSBhdHRyaWJ1dGVOYW1lPSJmaWxsIiB2YWx1ZXM9InJnYmEoMTUzLDE1MywxNTMsMC41KTtyZ2JhKDE1MywxNTMsMTUzLDAuMSk7cmdiYSgxNTMsMTUzLDE1MywwLjUpIiBkdXI9IjJzIiByZXBlYXRDb3VudD0iaW5kZWZpbml0ZSIgLz48L3JlY3Q+PC9zdmc+\" alt=\"Kuzalan \u015eelalesi Giresun gezilecek yerler\" data-public-id=\"kuzalan_\u015felalesi\/kuzalan_\u015felalesi.jpg\" class=\"wp-post-21077 wp-image-21064\" data-format=\"jpg\" data-transformations=\"f_auto,q_auto:low\" data-version=\"1660230921\" data-seo=\"1\" data-size=\"800 500\" data-srcset=\"https:\/\/res.cloudinary.com\/turna\/images\/f_auto,q_auto:low\/v1660230921\/kuzalan_\u015felalesi\/kuzalan_\u015felalesi.jpg?_i=AA 800w, https:\/\/res.cloudinary.com\/turna\/images\/w_300,h_188,c_scale\/f_auto,q_auto:low\/v1660230921\/kuzalan_\u015felalesi\/kuzalan_\u015felalesi.jpg?_i=AA 300w, https:\/\/res.cloudinary.com\/turna\/images\/w_672,h_420,c_scale\/f_auto,q_auto:low\/v1660230921\/kuzalan_\u015felalesi\/kuzalan_\u015felalesi.jpg?_i=AA 672w, https:\/\/res.cloudinary.com\/turna\/images\/w_640,h_400,c_scale\/f_auto,q_auto:low\/v1660230921\/kuzalan_\u015felalesi\/kuzalan_\u015felalesi.jpg?_i=AA 640w, https:\/\/res.cloudinary.com\/turna\/images\/w_681,h_426,c_scale\/f_auto,q_auto:low\/v1660230921\/kuzalan_\u015felalesi\/kuzalan_\u015felalesi.jpg?_i=AA 681w\" data-sizes=\"(max-width: 800px) 100vw, 800px\" data-delivery=\"upload\" onload=\";window.CLDBind?CLDBind(this):null;\" data-cloudinary=\"lazy\" \/><\/figure>\n\n\n\n<p>Giresun\u2019a 45 km, Dereli \u0130l\u00e7esine 13 km mesafededir bulunan bir do\u011fa harikas\u0131 <strong>Kuzalan \u015eelalesi<\/strong>. \u015eelale yakla\u015f\u0131k 20 metreden d\u00f6k\u00fcl\u00fcyor. \u015eelalenin kar\u015f\u0131s\u0131nda bulunan seyir teras\u0131ndan \u015felaleyi doya doya izleyebilirsiniz. \u00c7ok daha detayl\u0131 bilgi i\u00e7in <strong><a href=\"https:\/\/www.turna.com\/blog\/kuzalan-selalesi\" target=\"_blank\" rel=\"noreferrer noopener\">Kuzalan \u015eelalesi <\/a><\/strong>yaz\u0131m\u0131 mutlaka okuyun.<\/p>\n\n\n\n<p>Kuzalan \u015eelalesi yol tarifi i\u00e7in<strong><a href=\"https:\/\/goo.gl\/maps\/8BcsvFVSpKb5qSGq9\" target=\"_blank\" rel=\"noreferrer noopener\"> buraya<\/a><\/strong> t\u0131klay\u0131n.<\/p>\n\n\n\n<h3 class=\"wp-block-heading has-text-align-center has-neeon-button-dark-gray-color has-text-color has-link-color wp-elements-25aacfe33e022cd135ffdc7a59b489f9\"><span class=\"ez-toc-section\" id=\"mavi_gol\"><\/span><strong><strong><strong><strong>Mavi G\u00f6l<\/strong><\/strong><\/strong><\/strong><span class=\"ez-toc-section-end\"><\/span><\/h3>\n\n\n\n<figure class=\"wp-block-image size-large\"><img width=\"800\" height=\"500\" decoding=\"async\" src=\"data:image\/svg+xml;base64,PHN2ZyB4bWxucz0iaHR0cDovL3d3dy53My5vcmcvMjAwMC9zdmciIHdpZHRoPSI4MDAiIGhlaWdodD0iNTAwIj48cmVjdCB3aWR0aD0iMTAwJSIgaGVpZ2h0PSIxMDAlIj48YW5pbWF0ZSBhdHRyaWJ1dGVOYW1lPSJmaWxsIiB2YWx1ZXM9InJnYmEoMTUzLDE1MywxNTMsMC41KTtyZ2JhKDE1MywxNTMsMTUzLDAuMSk7cmdiYSgxNTMsMTUzLDE1MywwLjUpIiBkdXI9IjJzIiByZXBlYXRDb3VudD0iaW5kZWZpbml0ZSIgLz48L3JlY3Q+PC9zdmc+\" alt=\"Mavi G\u00f6l\" data-public-id=\"giresun_mavi_g\u00f6l\/giresun_mavi_g\u00f6l.jpg\" class=\"wp-post-21077 wp-image-21058\" data-format=\"jpg\" data-transformations=\"f_auto,q_auto:low\" data-version=\"1659972091\" data-seo=\"1\" data-size=\"800 500\" data-srcset=\"https:\/\/res.cloudinary.com\/turna\/images\/f_auto,q_auto:low\/v1659972091\/giresun_mavi_g\u00f6l\/giresun_mavi_g\u00f6l.jpg?_i=AA 800w, https:\/\/res.cloudinary.com\/turna\/images\/w_300,h_188,c_scale\/f_auto,q_auto:low\/v1659972091\/giresun_mavi_g\u00f6l\/giresun_mavi_g\u00f6l.jpg?_i=AA 300w, https:\/\/res.cloudinary.com\/turna\/images\/w_672,h_420,c_scale\/f_auto,q_auto:low\/v1659972091\/giresun_mavi_g\u00f6l\/giresun_mavi_g\u00f6l.jpg?_i=AA 672w, https:\/\/res.cloudinary.com\/turna\/images\/w_640,h_400,c_scale\/f_auto,q_auto:low\/v1659972091\/giresun_mavi_g\u00f6l\/giresun_mavi_g\u00f6l.jpg?_i=AA 640w, https:\/\/res.cloudinary.com\/turna\/images\/w_681,h_426,c_scale\/f_auto,q_auto:low\/v1659972091\/giresun_mavi_g\u00f6l\/giresun_mavi_g\u00f6l.jpg?_i=AA 681w\" data-sizes=\"(max-width: 800px) 100vw, 800px\" data-delivery=\"upload\" onload=\";window.CLDBind?CLDBind(this):null;\" data-cloudinary=\"lazy\" \/><\/figure>\n\n\n\n<p>Giresun\u2019un Dereli il\u00e7esi s\u0131n\u0131rlar\u0131nda ve il\u00e7e merkezine 20 kilometre uzakl\u0131kta bulunan <strong><a href=\"https:\/\/www.turna.com\/blog\/giresun-mavi-gol\" target=\"_blank\" rel=\"noreferrer noopener\">Mavi G\u00f6l, <\/a><\/strong>\u00fc\u00e7 g\u00f6l\u00fcn birle\u015fiminden olu\u015fuyor. Y\u00f6re halk\u0131 taraf\u0131ndan<em>&nbsp;\u2018\u2019Sodal\u0131 G\u00f6l veya G\u00f6\u011f G\u00f6l\u2019\u2019&nbsp;<\/em>olarak an\u0131lan Mavi G\u00f6l&#8217;\u00fcn suyu, kire\u00e7 ta\u015flar\u0131 ve Karadeniz\u2019in tek sodal\u0131 deresi olan G\u00f6ksu Deresi&#8217;nin etkisiyle \u00f6zellikle yaz aylar\u0131nda turkuaz rengini al\u0131yor. <\/p>\n\n\n\n<p>Mavi G\u00f6l yol tarifi i\u00e7in<strong><a href=\"https:\/\/goo.gl\/maps\/jeCPwVSynt3RmvKW8\" target=\"_blank\" rel=\"noreferrer noopener\"> buraya<\/a><\/strong> t\u0131klay\u0131n.<\/p>\n\n\n\n<h3 class=\"wp-block-heading has-text-align-center has-neeon-button-dark-gray-color has-text-color has-link-color wp-elements-d2ffcc147731b0f86c3e8b96ea19e458\"><span class=\"ez-toc-section\" id=\"tirebolu_kalesi\"><\/span><strong><strong><strong><strong>Tirebolu Kalesi<\/strong><\/strong><\/strong><\/strong><span class=\"ez-toc-section-end\"><\/span><\/h3>\n\n\n\n<figure class=\"wp-block-image size-large\"><img decoding=\"async\" src=\"https:\/\/res.cloudinary.com\/turna\/image\/upload\/v1660905903\/tirebolu_kalesi.jpg\" alt=\"Tirebolu Kalesi Giresun gezilecek yerler\"\/><\/figure>\n\n\n\n<p>Tirebolu il\u00e7e merkezinde bulunan tarih\u00ee&nbsp;<strong>Tirebolu Kalesi<\/strong> deniz i\u00e7erisindeki bir yar\u0131mada \u00fczerinde yer al\u0131yor. Kalenin i\u00e7inde Meryem Ana Kilisesi&nbsp;olarak adland\u0131r\u0131lan k\u00fc\u00e7\u00fck bir \u015fapel ve bir de mescit kal\u0131nt\u0131s\u0131 var. Kalede&nbsp;Osmanl\u0131 D\u00f6nemi&#8217;ne ait \u00e7ok say\u0131da mezar ta\u015f\u0131 bulunuyor. B\u00f6lgenin en g\u00fczel tarih\u00ee eserlerinden biri olan Tirebolu Kalesi&#8217;nin surlar\u0131 g\u00fcn\u00fcm\u00fcze dek gelebilmi\u015f. G\u00f6r\u00fclmeye de\u011fer.<\/p>\n\n\n\n<p>Tirebolu Kalesi yol tarifi i\u00e7in<strong><a href=\"https:\/\/goo.gl\/maps\/YjmmyNd4H2aJ2EKt6\" target=\"_blank\" rel=\"noreferrer noopener\"> buraya <\/a><\/strong>t\u0131klay\u0131n.<\/p>\n\n\n\n<h3 class=\"wp-block-heading has-text-align-center has-neeon-button-dark-gray-color has-text-color has-link-color wp-elements-5bf858758682fcf82cc339b9dce07e49\"><span class=\"ez-toc-section\" id=\"sebinkarahisar_kalesi\"><\/span><strong><strong><strong><strong>\u015eebinkarahisar Kalesi<\/strong><\/strong><\/strong><\/strong><span class=\"ez-toc-section-end\"><\/span><\/h3>\n\n\n\n<figure class=\"wp-block-image size-large\"><img decoding=\"async\" src=\"https:\/\/res.cloudinary.com\/turna\/image\/upload\/v1660905904\/%C5%9Febinkarahisar_kalesi.jpg\" alt=\"\u015eebinkarahisar Kalesi\"\/><\/figure>\n\n\n\n<p>\u015eebinkarahisar Kalesi&nbsp;Hac\u0131 Kayas\u0131&nbsp;olarak bilinen \u015fehre h\u00e2kim bir tepe \u00fczerinde yer al\u0131yor.&nbsp;\u015eebinkarahisar Kalesi&#8217;nin yap\u0131m tarihi kesin olarak bilinmiyor. \u0130lk kurulu\u015funun&nbsp;Roma&nbsp;\u00f6ncesine kadar gitti\u011fi, surlar\u0131n b\u00fcy\u00fck b\u00f6l\u00fcm\u00fcn\u00fcn&nbsp;Meng\u00fccekler&nbsp;zaman\u0131nda yeniden yap\u0131ld\u0131\u011f\u0131na dair bilgiler bulunuyor.<\/p>\n\n\n\n<p>Kalenin g\u00fcn\u00fcm\u00fczdeki giri\u015fi ve surlar\u0131&nbsp;Sel\u00e7uklu&nbsp;ve&nbsp;Osmanl\u0131&nbsp;d\u00f6nemlerine ait. Evliya \u00c7elebi&nbsp;Seyahatnamesi&#8217;nde kale i\u00e7inde yetmi\u015f kadar ev, \u00e7ok say\u0131da sarn\u0131\u00e7 ve bu\u011fday ambarlar\u0131 ile&nbsp;K\u00fc\u00e7\u00fck Fatih Camisi oldu\u011fundan bahsetmi\u015f. 1915 Ermeni isyan\u0131na kadar bu yap\u0131lar\u0131n \u00e7o\u011fu ayaktaym\u0131\u015f.<\/p>\n\n\n\n<p>\u015eebinkarahisar Kalesi yol tarifi i\u00e7in<strong><a href=\"https:\/\/goo.gl\/maps\/HGZyyqpmuKAxPASp7\" target=\"_blank\" rel=\"noreferrer noopener\"> buraya<\/a><\/strong> t\u0131klay\u0131n.<\/p>\n\n\n\n<h3 class=\"wp-block-heading has-text-align-center has-neeon-button-dark-gray-color has-text-color has-link-color wp-elements-8c0297645b74ecae8a606f3925b5e167\"><span class=\"ez-toc-section\" id=\"bedrama_kalesi\"><\/span><strong><strong><strong><strong>Bedrama Kalesi<\/strong><\/strong><\/strong><\/strong><span class=\"ez-toc-section-end\"><\/span><\/h3>\n\n\n\n<figure class=\"wp-block-image size-large\"><img decoding=\"async\" src=\"https:\/\/res.cloudinary.com\/turna\/image\/upload\/v1660905902\/bedrama_kalesi.jpg\" alt=\"Bedrama Kalesi\"\/><\/figure>\n\n\n\n<p>Tirebolu \u0130l\u00e7esi\u2019nin 8 km. g\u00fcneyinde, \u00d6renkaya K\u00f6y\u00fc s\u0131n\u0131rlar\u0131 i\u00e7erisinde bulunuyor <strong>Bedrama Kalesi.<\/strong> Kalenin in\u015fa tarihi kesin olarak bilinmiyor. T\u00fcrkler burada y\u0131llarca ya\u015fayan Rumlar i\u00e7in &#8216;Bedrum&#8217; (k\u00f6t\u00fc Rum) demi\u015fler, kale de ad\u0131n\u0131 bu kelimeden alm\u0131\u015f.<\/p>\n\n\n\n<p>Bedrama Kalesi yol tarifi i\u00e7in<strong><a href=\"https:\/\/goo.gl\/maps\/LbBm7E8vhMsqs23a8\" target=\"_blank\" rel=\"noreferrer noopener\"> buraya<\/a><\/strong> t\u0131klay\u0131n.<\/p>\n\n\n\n<h3 class=\"wp-block-heading has-text-align-center has-neeon-button-dark-gray-color has-text-color has-link-color wp-elements-2e4f1426f47726ee2e0709d756da9552\"><span class=\"ez-toc-section\" id=\"gelin_kayasi\"><\/span><strong><strong><strong><strong>Gelin Kayas\u0131<\/strong><\/strong><\/strong><\/strong><span class=\"ez-toc-section-end\"><\/span><\/h3>\n\n\n\n<figure class=\"wp-block-image size-large\"><img decoding=\"async\" src=\"https:\/\/res.cloudinary.com\/turna\/image\/upload\/v1660905903\/gelin_kayas%C4%B1_giresun.jpg\" alt=\"Gelin Kayas\u0131 Giresun gezilecek yerler\"\/><\/figure>\n\n\n\n<p>Giresun gezilecek yerler listemizde efsanelere konu olmu\u015f <strong>Gelin Kayas\u0131<\/strong> var s\u0131rada. Bu efsane ki buran\u0131n \u00fcn\u00fcne \u00fcn katm\u0131\u015f. Efsaneye g\u00f6re \u201cg\u00fczeller g\u00fczeli bir k\u0131z, sevmedi\u011fi bir erkek ile evlendirilmek istenmi\u015f. Anne ve babas\u0131na kar\u015f\u0131 \u00e7ok sayg\u0131l\u0131 olan iyi kalpli k\u0131z buna itiraz edememi\u015f. \u0130\u00e7ten i\u00e7e k\u00f6ydeki ba\u015fka bir delikanl\u0131ya sevdal\u0131ym\u0131\u015f. Ama bunu ailesi ile payla\u015famam\u0131\u015f. Tan\u0131mad\u0131\u011f\u0131 ve sevmedi\u011fi bir erkek ile evlenmek zorunda kalm\u0131\u015f.<\/p>\n\n\n\n<p>D\u00fc\u011f\u00fcn g\u00fcn\u00fc gelmi\u015f ve koca evine yolcu edilmi\u015f. Gelin at \u00fczerinde giderken, i\u00e7inden Allah&#8217;a yalvarm\u0131\u015f, &#8216;Allah&#8217;\u0131m, beni k\u00f6t\u00fc koca eline d\u00fc\u015f\u00fcrme, ta\u015f et dondur&#8217; demi\u015f. \u0130yi kalpli gelinin duas\u0131 o an kabul olmu\u015f ve gelin alay\u0131n\u0131n \u00f6n\u00fcnde, at \u00fcst\u00fcnde ta\u015f olmu\u015f\u201d.<\/p>\n\n\n\n<p>Gelin Kayas\u0131 yol tarifi i\u00e7in<strong><a href=\"https:\/\/goo.gl\/maps\/nUFZpB17yZLV86jM9\" target=\"_blank\" rel=\"noreferrer noopener\"> buraya<\/a><\/strong> t\u0131klay\u0131n.<\/p>\n\n\n\n<h3 class=\"wp-block-heading has-text-align-center has-neeon-button-dark-gray-color has-text-color has-link-color wp-elements-66f5e88e74668333dc7e611bf96957df\"><span class=\"ez-toc-section\" id=\"sebinkarahisar_meryem_ana_manastiri\"><\/span><strong><strong><strong><strong>\u015eebinkarahisar Meryem Ana Manast\u0131r\u0131<\/strong><\/strong><\/strong><\/strong><span class=\"ez-toc-section-end\"><\/span><\/h3>\n\n\n\n<figure class=\"wp-block-image size-large\"><img decoding=\"async\" src=\"https:\/\/res.cloudinary.com\/turna\/image\/upload\/v1660905905\/meryem_ana_manast%C4%B1r%C4%B1_%C5%9Febinkarahisar.jpg\" alt=\"\u015eebinkarahisar Meryem Ana Manast\u0131r\u0131\"\/><\/figure>\n\n\n\n<p><strong>\u015eebinkarahisar Meryem Ana Manast\u0131r\u0131<\/strong>, Bizans d\u00f6nemine ait. Sarp bir kayal\u0131\u011f\u0131n tam ortas\u0131nda b\u00fcy\u00fck\u00e7e bir oyuk i\u00e7erisine yap\u0131lm\u0131\u015f. Buray\u0131 g\u00f6rd\u00fc\u011f\u00fcn\u00fczde Trabzon&#8217;daki S\u00fcmela Manast\u0131r\u0131&#8217;na nas\u0131l benzedi\u011fini g\u00f6receksiniz. Zaten oradan etkilenerek in\u015fa edildi\u011fi tahmin ediliyor.<\/p>\n\n\n\n<p>4 katl\u0131 olan manast\u0131rda \u00e7e\u015fitli hizmetlere elveri\u015fli 32 oda bulunuyor. Manast\u0131r olduk\u00e7a tahrip olmu\u015f durumda. \u00d6zellikle 1939 depreminde \u00e7ok hasar g\u00f6rm\u00fc\u015f. O nedenle manast\u0131ra \u00e7\u0131kmak olduk\u00e7a g\u00fc\u00e7.<\/p>\n\n\n\n<p>\u015eebinkarahisar Meryem Ana Manast\u0131r\u0131 yol tarifi i\u00e7in <strong><a href=\"https:\/\/goo.gl\/maps\/WUrmNvAWp2tRxCtd9\" target=\"_blank\" rel=\"noreferrer noopener\">buraya<\/a><\/strong> t\u0131klay\u0131n.<\/p>\n\n\n\n<h3 class=\"wp-block-heading has-text-align-center has-neeon-button-dark-gray-color has-text-color has-link-color wp-elements-5d276c72ddb46f1b4231261049b9d47a\"><span class=\"ez-toc-section\" id=\"yedidegirmenler_tabiat_parki\"><\/span><strong><strong><strong><strong>Yedide\u011firmenler Tabiat Park\u0131<\/strong><\/strong><\/strong><\/strong><span class=\"ez-toc-section-end\"><\/span><\/h3>\n\n\n\n<figure class=\"wp-block-image size-large\"><img decoding=\"async\" src=\"https:\/\/res.cloudinary.com\/turna\/image\/upload\/v1660905905\/yedide%C4%9Firmenler_tabiat_pakr%C4%B1.jpg\" alt=\"Yedide\u011firmenler Tabiat Park\u0131\"\/><\/figure>\n\n\n\n<p><strong>Yedide\u011firmenler Tabiat Park\u0131<\/strong> Giresun\u2019a 62 km Espiye il\u00e7esine 28km mesafede yer al\u0131yor. 103 hektar alana sahip olan tabiat park\u0131 Avluca, Yenik\u00f6y ve Akkaya K\u00f6ylerinin s\u0131n\u0131rlar\u0131 i\u00e7inde bulunuyor.<\/p>\n\n\n\n<p>Park i\u00e7inde bulunan de\u011firmenlerin Cenevizliler d\u00f6neminde kullan\u0131ld\u0131\u011f\u0131 d\u00fc\u015f\u00fcn\u00fcl\u00fcyor. Parkta bir ma\u011fara, \u015felaleler, kaleler, kemer k\u00f6pr\u00fcler gibi hem tarihi hem do\u011fal g\u00fczellikler var. Ku\u015f t\u00fcrleri a\u00e7\u0131s\u0131ndan da olduk\u00e7a zengin. Do\u011fayla b\u00fct\u00fcnle\u015fmek isterseniz Giresun gezilecek yerler listenize dahil edin.<\/p>\n\n\n\n<p>Yedide\u011firmenler Tabiat Park\u0131 yol tarifi i\u00e7in <strong><a href=\"https:\/\/g.page\/yedidegirmenler?share\" target=\"_blank\" rel=\"noreferrer noopener\">buraya<\/a><\/strong> t\u0131klay\u0131n.<\/p>\n\n\n\n<h3 class=\"wp-block-heading has-text-align-center has-neeon-button-dark-gray-color has-text-color has-link-color wp-elements-161360c11cea414f806c7ed148ab6f15\"><span class=\"ez-toc-section\" id=\"giresun_plajlari\"><\/span><strong><strong><strong><strong>Giresun Plajlar\u0131<\/strong><\/strong><\/strong><\/strong><span class=\"ez-toc-section-end\"><\/span><\/h3>\n\n\n\n<p>Giresun&#8217;da denize girebilece\u011finiz o kadar \u00e7ok plaj var ki, buraya tek tek hepsini yazmak yerine <strong><a href=\"https:\/\/www.turna.com\/blog\/giresun-plajlari?swcfpc=1\" target=\"_blank\" rel=\"noreferrer noopener\">Giresun koylar\u0131 ve plajlar\u0131<\/a><\/strong> yaz\u0131s\u0131n\u0131 ayr\u0131 yazd\u0131m. Daha detayl\u0131 bilgi i\u00e7in mutlaka o yaz\u0131m\u0131 okuyun. Ben yine de buraya da bir liste b\u0131rakay\u0131m.<\/p>\n\n\n\n<p><strong>Giresun Plajlar\u0131<\/strong><\/p>\n\n\n\n<ul class=\"wp-block-list\">\n<li>Uluburun Plaj\u0131<\/li>\n\n\n\n<li>Giresun Belediye Plaj\u0131<\/li>\n\n\n\n<li>Bulancak Belediye Plaj\u0131<\/li>\n\n\n\n<li>Burunucu Ofran<\/li>\n\n\n\n<li>K\u00fc\u00e7\u00fckl\u00fc Plaj\u0131<\/li>\n\n\n\n<li>Deliklita\u015f Halk Plaj\u0131<\/li>\n\n\n\n<li>Bada Plaj\u0131<\/li>\n\n\n\n<li>Tirebolu Belediye Plaj\u0131<\/li>\n\n\n\n<li>E\u011frice Halk Plaj\u0131<\/li>\n\n\n\n<li>Beygir Kumu Plaj\u0131<\/li>\n\n\n\n<li>\u00c7erkez \u00d6n\u00fc Plaj\u0131<\/li>\n\n\n\n<li>Asarkaya Plaj\u0131<\/li>\n\n\n\n<li>Jandarma Plaj\u0131<\/li>\n\n\n\n<li>Y\u0131lg\u0131n Plaj\u0131<\/li>\n\n\n\n<li>K\u00fc\u00e7\u00fck\u00e7ay Plaj\u0131<\/li>\n\n\n\n<li>Boztepealt\u0131 Plaj\u0131<\/li>\n\n\n\n<li><span style=\"color: initial;\">D\u00fczk\u00f6y Alt\u0131 Aile Plaj\u0131<\/span><\/li>\n\n\n\n<li>Kaynarca Aile Plaj\u0131<\/li>\n\n\n\n<li>Sky Beach<\/li>\n<\/ul>\n\n\n\n<h3 class=\"wp-block-heading has-text-align-center has-neeon-button-dark-gray-color has-text-color has-link-color wp-elements-7195398a8e4edd33d32edf68bc3bdd54\"><span class=\"ez-toc-section\" id=\"giresun_yaylalari\"><\/span><strong><strong><strong><strong>Giresun Yaylalar\u0131<\/strong><\/strong><\/strong><\/strong><span class=\"ez-toc-section-end\"><\/span><\/h3>\n\n\n\n<figure class=\"wp-block-image size-large\"><img decoding=\"async\" src=\"https:\/\/res.cloudinary.com\/turna\/image\/upload\/v1660739205\/sis_da%C4%9F%C4%B1_yaylas%C4%B1.jpg\" alt=\"Giresun Yaylalar\u0131\"\/><\/figure>\n\n\n\n<p>Giresun i\u00e7in yaylalar \u015fehri diyebiliriz bence. Do\u011fu Karadeniz&#8217;in o yemye\u015fil ormanlar\u0131n\u0131, oksijen deposu havas\u0131n\u0131 ci\u011ferlerinize doldurmak isterseniz Giresun gezilecek yerler listenize mutlaka yaylalar\u0131 da eklemelisiniz. <strong><a href=\"https:\/\/www.turna.com\/blog\/giresun-yaylalari?swcfpc=1\" target=\"_blank\" rel=\"noreferrer noopener\">Giresun yaylalar\u0131<\/a><\/strong> yaz\u0131m\u0131 da mutlaka okumal\u0131s\u0131n\u0131z. \ud83d\ude0a<\/p>\n\n\n\n<p><strong>Giresun Yaylalar\u0131<\/strong><\/p>\n\n\n\n<ul class=\"wp-block-list\">\n<li>K\u00fcmbet Yaylas\u0131<\/li>\n\n\n\n<li>Bekta\u015f Yaylas\u0131<\/li>\n\n\n\n<li>Sis Da\u011f\u0131 Yaylas\u0131<\/li>\n\n\n\n<li>Kulakkaya Yaylas\u0131<\/li>\n\n\n\n<li>Karag\u00f6l Yaylas\u0131<\/li>\n\n\n\n<li>Pa\u015fakona\u011f\u0131 Yaylas\u0131<\/li>\n\n\n\n<li>\u00c7akrak Yaylas\u0131<\/li>\n\n\n\n<li>G\u00f6lyan\u0131 Obas\u0131<\/li>\n\n\n\n<li>Tamdere Yaylas\u0131<\/li>\n<\/ul>\n\n\n\n<h2 class=\"wp-block-heading has-text-align-center has-neeon-button-dark-gray-color has-text-color has-link-color wp-elements-48d9e67d62ac45500967275fe237fca9\"><span class=\"ez-toc-section\" id=\"giresun_hakkinda_hap_bilgiler\"><\/span><strong><strong><strong><strong><strong><strong>Giresun Hakk\u0131nda Hap Bilgiler<\/strong><\/strong><\/strong><\/strong><\/strong><\/strong><span class=\"ez-toc-section-end\"><\/span><\/h2>\n\n\n\n<h3 class=\"wp-block-heading has-text-align-center has-neeon-button-dark-gray-color has-text-color has-link-color wp-elements-0be1974c1fae35c4ed5b4b84d7ecbad2\"><span class=\"ez-toc-section\" id=\"giresuna_nasil_gidilir\"><\/span><strong><strong><strong><strong><strong>Giresun&#8217;a Nas\u0131l Gidilir?<\/strong><\/strong><\/strong><\/strong><\/strong><a href=\"data:image\/svg+xml;base64,PHN2ZyB4bWxucz0iaHR0cDovL3d3dy53My5vcmcvMjAwMC9zdmciIHdpZHRoPSI4MDAiIGhlaWdodD0iNTA0IiB2aWV3Qm94PSIwIDAgODAwIDUwNCI+PHJlY3Qgd2lkdGg9IjEwMCUiIGhlaWdodD0iMTAwJSIgc3R5bGU9ImZpbGw6I2NmZDRkYjtmaWxsLW9wYWNpdHk6IDAuMTsiLz48L3N2Zz4=\"><\/a><span class=\"ez-toc-section-end\"><\/span><\/h3>\n\n\n\n<p>2015&#8217;te faaliyete giren Ordu-Giresun Havaliman\u0131, Ordu G\u00fclyal\u0131 ile Giresun Piraziz il\u00e7eleri aras\u0131nda yer al\u0131yor. \u0130stanbul, Ankara ve \u0130zmir\u2019den bu havaliman\u0131na direkt seferler yap\u0131l\u0131yor. <strong>Ordu-Giresun Havaliman\u0131\u2019ndan Giresun \u015fehir merkezine ula\u015f\u0131m<\/strong> i\u00e7in HAVA\u015e servislerini kullanabilirsiniz. <strong><a href=\"https:\/\/www.turna.com\/ucak-bileti\/ordu-giresun\" target=\"_blank\" rel=\"noreferrer noopener\">Giresun u\u00e7ak bileti<\/a><\/strong> fiyatlar\u0131n\u0131 mutlaka inceleyin.<\/p>\n\n\n\n<p><strong>Giresun\u2019a kara yoluyla ula\u015f\u0131m <\/strong>sa\u011flamak isterseniz <strong><a href=\"https:\/\/www.turna.com\/otobus-bileti\/giresun\" target=\"_blank\" rel=\"noreferrer noopener\">Giresun otob\u00fcs bileti<\/a><\/strong> se\u00e7eneklerimize g\u00f6z atmay\u0131 unutmay\u0131n.<\/p>\n\n\n\n<p>Giresun-\u0130zmir aras\u0131 1.301 km<\/p>\n\n\n\n<p>Giresun-Ankara aras\u0131 625 km<\/p>\n\n\n\n<p>Giresun-\u0130stanbul aras\u0131 948 km<\/p>\n\n\n\n<p>Giresun-Samsun aras\u0131 209 km<\/p>\n\n\n\n<p>Giresun-Trabzon aras\u0131 140 km\u00a0<\/p>\n\n\n\n<h3 class=\"wp-block-heading has-text-align-center has-neeon-button-dark-gray-color has-text-color has-link-color wp-elements-99d3b286c9b39739a279775fe4ab44df\"><span class=\"ez-toc-section\" id=\"giresuna_ne_zaman_gidilir\"><\/span><strong><strong><strong><strong>Giresun&#8217;a <\/strong>Ne Zaman <strong>Gidilir?<\/strong><\/strong><\/strong><\/strong><a href=\"data:image\/svg+xml;base64,PHN2ZyB4bWxucz0iaHR0cDovL3d3dy53My5vcmcvMjAwMC9zdmciIHdpZHRoPSI4MDAiIGhlaWdodD0iNTA0IiB2aWV3Qm94PSIwIDAgODAwIDUwNCI+PHJlY3Qgd2lkdGg9IjEwMCUiIGhlaWdodD0iMTAwJSIgc3R5bGU9ImZpbGw6I2NmZDRkYjtmaWxsLW9wYWNpdHk6IDAuMTsiLz48L3N2Zz4=\"><\/a><span class=\"ez-toc-section-end\"><\/span><\/h3>\n\n\n\n<p>Giresun&#8217;da hava yazlar\u0131 \u0131l\u0131k ve nemliyken k\u0131\u015flar\u0131 ise serin bir hava hakim. En ideal d\u00f6nem bence May\u0131s ve Eyl\u00fcl aylar\u0131. Ama Karadeniz&#8217;in havas\u0131na g\u00fcven olmayaca\u011f\u0131n\u0131 d\u00fc\u015f\u00fcn\u00fcp yan\u0131n\u0131za mutlaka h\u0131rka, ceket tarz\u0131 k\u0131yafetler al\u0131n. Haziran&#8217;da terliklerle Kastamonu&#8217;ya gidip donmu\u015flu\u011fum var. &nbsp;\ud83d\ude01<\/p>\n\n\n\n<h3 class=\"wp-block-heading has-text-align-center has-neeon-button-dark-gray-color has-text-color has-link-color wp-elements-4c3170d94814c86a0da46b5af93e1e20\"><span class=\"ez-toc-section\" id=\"giresun_kac_gunde_gezilir\"><\/span><strong><strong><strong><strong>Giresun Ka\u00e7 G\u00fcnde Gezilir?<\/strong><\/strong><\/strong><\/strong><span class=\"ez-toc-section-end\"><\/span><\/h3>\n\n\n\n<p>Giresun&#8217;da gezilecek yerler biraz da\u011f\u0131n\u0131k konumda. O nedenle gezerken mutlaka ara\u00e7 kiralaman\u0131z\u0131 \u00f6neririm. 3-4 g\u00fcnde gezilecek yerleri tamamlars\u0131n\u0131z. E\u011fer koylara ve plajlara da zaman ay\u0131ray\u0131m, yaylalara da \u00e7\u0131kay\u0131m derseniz s\u00fcreyi uzatabilirsiniz.<\/p>\n\n\n\n<p><\/p>\n\n\n\n<p><\/p>\n\n    <div class=\"xs_social_share_widget xs_share_url after_content \t\tmain_content  wslu-style-1 wslu-share-box-shaped wslu-fill-colored wslu-none wslu-share-horizontal wslu-theme-font-no wslu-main_content\">\n\n\t\t\n        <ul>\n\t\t\t        <\/ul>\n    <\/div> \n","protected":false},"excerpt":{"rendered":"<p>E\u011fer bir Karadeniz turu planl\u0131yorsan\u0131z Giresun mutlaka rotan\u0131zda olmal\u0131. Ya da yaz\u0131n gideyim hem gezeyim, hem denize gireyim derseniz tercihinizi direkt Giresun&#8217;dan yana kullanabilirsiniz. Giresun gezilecek yerler g\u00f6r\u00fclmeye de\u011fer g\u00fczelliklerle dolu.<\/p>\n","protected":false},"author":34,"featured_media":21078,"comment_status":"open","ping_status":"open","sticky":false,"template":"","format":"standard","meta":{"rop_custom_images_group":[],"rop_custom_messages_group":[],"rop_publish_now":"initial","rop_publish_now_accounts":[],"rop_publish_now_history":[],"rop_publish_now_status":"pending","_cloudinary_featured_overwrite":false,"footnotes":""},"categories":[84,1832],"tags":[625],"class_list":["post-21077","post","type-post","status-publish","format-standard","has-post-thumbnail","hentry","category-turkiye","category-giresun","tag-giresun"],"_links":{"self":[{"href":"https:\/\/www.turna.com\/blog\/wp-json\/wp\/v2\/posts\/21077","targetHints":{"allow":["GET"]}}],"collection":[{"href":"https:\/\/www.turna.com\/blog\/wp-json\/wp\/v2\/posts"}],"about":[{"href":"https:\/\/www.turna.com\/blog\/wp-json\/wp\/v2\/types\/post"}],"author":[{"embeddable":true,"href":"https:\/\/www.turna.com\/blog\/wp-json\/wp\/v2\/users\/34"}],"replies":[{"embeddable":true,"href":"https:\/\/www.turna.com\/blog\/wp-json\/wp\/v2\/comments?post=21077"}],"version-history":[{"count":0,"href":"https:\/\/www.turna.com\/blog\/wp-json\/wp\/v2\/posts\/21077\/revisions"}],"wp:featuredmedia":[{"embeddable":true,"href":"https:\/\/www.turna.com\/blog\/wp-json\/wp\/v2\/media\/21078"}],"wp:attachment":[{"href":"https:\/\/www.turna.com\/blog\/wp-json\/wp\/v2\/media?parent=21077"}],"wp:term":[{"taxonomy":"category","embeddable":true,"href":"https:\/\/www.turna.com\/blog\/wp-json\/wp\/v2\/categories?post=21077"},{"taxonomy":"post_tag","embeddable":true,"href":"https:\/\/www.turna.com\/blog\/wp-json\/wp\/v2\/tags?post=21077"}],"curies":[{"name":"wp","href":"https:\/\/api.w.org\/{rel}","templated":true}]}}