{"id":21074,"date":"2022-08-17T15:35:29","date_gmt":"2022-08-17T12:35:29","guid":{"rendered":"https:\/\/www.turna.com\/blog\/?p=21074"},"modified":"2025-06-27T14:47:08","modified_gmt":"2025-06-27T11:47:08","slug":"giresun-yaylalari","status":"publish","type":"post","link":"https:\/\/www.turna.com\/blog\/giresun-yaylalari","title":{"rendered":"Giresun Yaylalar\u0131: En G\u00fczel 9 Yayla"},"content":{"rendered":"<div id=\"ez-toc-container\" class=\"ez-toc-v2_0_82_2 counter-hierarchy ez-toc-counter ez-toc-black ez-toc-container-direction\">\n<div class=\"ez-toc-title-container\">\n<p class=\"ez-toc-title\" style=\"cursor:inherit\">\u0130\u00e7indekiler<\/p>\n<span class=\"ez-toc-title-toggle\"><a href=\"#\" class=\"ez-toc-pull-right ez-toc-btn ez-toc-btn-xs ez-toc-btn-default ez-toc-toggle\" aria-label=\"\u0130\u00e7indekiler Tablosunu A\u00e7\/Kapat\"><span class=\"ez-toc-js-icon-con\"><span class=\"\"><span class=\"eztoc-hide\" style=\"display:none;\">Toggle<\/span><span class=\"ez-toc-icon-toggle-span\"><svg style=\"fill: #ffffff;color:#ffffff\" xmlns=\"http:\/\/www.w3.org\/2000\/svg\" class=\"list-377408\" width=\"20px\" height=\"20px\" viewBox=\"0 0 24 24\" fill=\"none\"><path d=\"M6 6H4v2h2V6zm14 0H8v2h12V6zM4 11h2v2H4v-2zm16 0H8v2h12v-2zM4 16h2v2H4v-2zm16 0H8v2h12v-2z\" fill=\"currentColor\"><\/path><\/svg><svg style=\"fill: #ffffff;color:#ffffff\" class=\"arrow-unsorted-368013\" xmlns=\"http:\/\/www.w3.org\/2000\/svg\" width=\"10px\" height=\"10px\" viewBox=\"0 0 24 24\" version=\"1.2\" baseProfile=\"tiny\"><path d=\"M18.2 9.3l-6.2-6.3-6.2 6.3c-.2.2-.3.4-.3.7s.1.5.3.7c.2.2.4.3.7.3h11c.3 0 .5-.1.7-.3.2-.2.3-.5.3-.7s-.1-.5-.3-.7zM5.8 14.7l6.2 6.3 6.2-6.3c.2-.2.3-.5.3-.7s-.1-.5-.3-.7c-.2-.2-.4-.3-.7-.3h-11c-.3 0-.5.1-.7.3-.2.2-.3.5-.3.7s.1.5.3.7z\"\/><\/svg><\/span><\/span><\/span><\/a><\/span><\/div>\n<nav><ul class='ez-toc-list ez-toc-list-level-1 eztoc-toggle-hide-by-default' ><li class='ez-toc-page-1 ez-toc-heading-level-2'><a class=\"ez-toc-link ez-toc-heading-1\" href=\"https:\/\/www.turna.com\/blog\/giresun-yaylalari\/#giresun_yaylalari\" >Giresun Yaylalar\u0131<\/a><ul class='ez-toc-list-level-3' ><li class='ez-toc-heading-level-3'><a class=\"ez-toc-link ez-toc-heading-2\" href=\"https:\/\/www.turna.com\/blog\/giresun-yaylalari\/#kumbet_yaylasi\" >K\u00fcmbet Yaylas\u0131<\/a><\/li><li class='ez-toc-page-1 ez-toc-heading-level-3'><a class=\"ez-toc-link ez-toc-heading-3\" href=\"https:\/\/www.turna.com\/blog\/giresun-yaylalari\/#bektas_yaylasi\" >Bekta\u015f Yaylas\u0131<\/a><\/li><li class='ez-toc-page-1 ez-toc-heading-level-3'><a class=\"ez-toc-link ez-toc-heading-4\" href=\"https:\/\/www.turna.com\/blog\/giresun-yaylalari\/#sis_dagi_yaylasi\" >Sis Da\u011f\u0131 Yaylas\u0131<\/a><\/li><li class='ez-toc-page-1 ez-toc-heading-level-3'><a class=\"ez-toc-link ez-toc-heading-5\" href=\"https:\/\/www.turna.com\/blog\/giresun-yaylalari\/#kulakkaya_yaylasi\" >Kulakkaya Yaylas\u0131<\/a><\/li><li class='ez-toc-page-1 ez-toc-heading-level-3'><a class=\"ez-toc-link ez-toc-heading-6\" href=\"https:\/\/www.turna.com\/blog\/giresun-yaylalari\/#karagol_yaylasi\" >Karag\u00f6l Yaylas\u0131<\/a><\/li><li class='ez-toc-page-1 ez-toc-heading-level-3'><a class=\"ez-toc-link ez-toc-heading-7\" href=\"https:\/\/www.turna.com\/blog\/giresun-yaylalari\/#pasakonagi_yaylasi\" >Pa\u015fakona\u011f\u0131 Yaylas\u0131<\/a><\/li><li class='ez-toc-page-1 ez-toc-heading-level-3'><a class=\"ez-toc-link ez-toc-heading-8\" href=\"https:\/\/www.turna.com\/blog\/giresun-yaylalari\/#cakrak_yaylasi\" >\u00c7akrak Yaylas\u0131<\/a><\/li><li class='ez-toc-page-1 ez-toc-heading-level-3'><a class=\"ez-toc-link ez-toc-heading-9\" href=\"https:\/\/www.turna.com\/blog\/giresun-yaylalari\/#golyani_yaylasi\" >G\u00f6lyan\u0131 Yaylas\u0131<\/a><\/li><li class='ez-toc-page-1 ez-toc-heading-level-3'><a class=\"ez-toc-link ez-toc-heading-10\" href=\"https:\/\/www.turna.com\/blog\/giresun-yaylalari\/#tamdere_yaylasi\" >Tamdere Yaylas\u0131<\/a><\/li><\/ul><\/li><\/ul><\/nav><\/div>\n\n<p>Karadeniz deyince sizin de akl\u0131n\u0131za yemye\u015fil yaylalar gelmiyor mu? Bulutlar\u0131n seviyesine \u00e7\u0131kmak, bol oksijeni ci\u011ferlerimize depolamak, sessizli\u011fin tad\u0131n\u0131 \u00e7\u0131karmak kadar huzur veren \u00e7ok az \u015fey var. Bir akarsu bulmak mesela, ayaklar\u0131m\u0131z\u0131 sokmak suya, bi oluk bulmak, da\u011fdan gelen sulardan i\u00e7mek, bi \u00e7obanla kar\u015f\u0131la\u015fmak belki, sofras\u0131na konuk olmak. Bir Karadenizli olarak k\u00f6y\u00fcm\u00fc ne \u00e7ok \u00f6zledi\u011fimi fark ettim yazarken. \ud83d\ude0a <strong>Giresun yaylalar\u0131<\/strong> da size bunlar\u0131 ve daha fazlas\u0131n\u0131 vadediyor.<\/p>\n\n\n\n<p>Giresun tam bir yayla cenneti. Trabzon&#8217;da, Rize&#8217;de bir \u00e7ok yaylaya gitmi\u015f olabilirsiniz. \u0130nan\u0131n her yaylan\u0131n kendine has \u00f6yle karakteristik bir yap\u0131s\u0131 var ki, hepsine ayr\u0131 sevdalanmamak elde de\u011fil. Giresun yaylalar\u0131 listemizdeki yerlerden baz\u0131lar\u0131 turistik yaylalar, baz\u0131lar\u0131 biraz daha yerel ama hepsi birbirinden g\u00fczel. Hadi gelin ye\u015fillenelim.<\/p>\n\n\n\n<h2 class=\"wp-block-heading has-text-align-center has-neeon-button-dark-gray-color has-text-color has-link-color wp-elements-ebebe7396015c6c16fe888880bfd4c8d\"><span class=\"ez-toc-section\" id=\"giresun_yaylalari\"><\/span><strong><strong><strong><strong><strong><strong>Giresun Yaylalar\u0131<\/strong><\/strong><\/strong><\/strong><\/strong><\/strong><span class=\"ez-toc-section-end\"><\/span><\/h2>\n\n\n\n<p><strong>Giresun Yaylalar\u0131<\/strong><\/p>\n\n\n\n<ol class=\"wp-block-list\">\n<li>K\u00fcmbet Yaylas\u0131<\/li>\n\n\n\n<li>Bekta\u015f Yaylas\u0131<\/li>\n\n\n\n<li>Sis Da\u011f\u0131 Yaylas\u0131<\/li>\n\n\n\n<li>Kulakkaya Yaylas\u0131<\/li>\n\n\n\n<li>Karag\u00f6l Yaylas\u0131<\/li>\n\n\n\n<li>Pa\u015fakona\u011f\u0131 Yaylas\u0131<\/li>\n\n\n\n<li>\u00c7akrak Yaylas\u0131<\/li>\n\n\n\n<li>G\u00f6lyan\u0131 Obas\u0131<\/li>\n\n\n\n<li>Tamdere Yaylas\u0131<\/li>\n<\/ol>\n\n\n\n<h3 class=\"wp-block-heading has-text-align-center has-neeon-button-dark-gray-color has-text-color has-link-color wp-elements-0e10f3a8421885561183999ee781e329\"><span class=\"ez-toc-section\" id=\"kumbet_yaylasi\"><\/span><strong><strong><strong><strong>K\u00fcmbet Yaylas\u0131<\/strong><\/strong><\/strong><\/strong><span class=\"ez-toc-section-end\"><\/span><\/h3>\n\n\n\n<figure class=\"wp-block-image size-large\"><img decoding=\"async\" src=\"https:\/\/res.cloudinary.com\/turna\/image\/upload\/v1660739204\/k%C3%BCmbet_yaylas%C4%B1.jpg\" alt=\"K\u00fcmbet Yaylas\u0131 Giresun yaylalar\u0131\"\/><\/figure>\n\n\n\n<p><strong>K\u00fcmbet Yaylas\u0131<\/strong>, Giresun&#8217;un 52 km. g\u00fcneyinde Dereli \u0130l\u00e7e s\u0131n\u0131rla bulunuyor. Dereli&#8217;ye kadar 30 km yol asfalt, sonras\u0131nda yaylaya kadar toprak yol. Yaz aylar\u0131nda dolmu\u015flarla gidebilirsiniz.<\/p>\n\n\n\n<p>Giresun&#8217;un en turistik yaylalar\u0131ndan biri oldu\u011fu i\u00e7in imkanlar da olduk\u00e7a geli\u015fmi\u015f. Yaylada et lokanta, f\u0131r\u0131n, k\u0131r kahvesi gibi olanaklar var. K\u00fcmbet yaylas\u0131 kamp ve piknik i\u00e7in s\u0131k\u00e7a tercih ediliyor.<\/p>\n\n\n\n<p>K\u00fcmbet yaylas\u0131ndan ne alabiliriz derseniz, el dokumas\u0131 kolan ve \u00f6rme sepet sat\u0131n alabilirsiniz. Yaylada konaklamak isterseniz burada bulunan otelde kalabilirsiniz. Ayr\u0131ca kamp i\u00e7in de K\u00fcmbet yaylas\u0131n\u0131n Orman i\u015fletmesi kamp tesislerinden faydalanabilirsiniz.<\/p>\n\n\n\n<p>K\u00fcmbet Yaylas\u0131 yol tarifi i\u00e7in <strong><a href=\"https:\/\/goo.gl\/maps\/S5ZY5sL4nj5GvrWv6\" target=\"_blank\" rel=\"noreferrer noopener\">buraya<\/a><\/strong> t\u0131klay\u0131n.<\/p>\n\n\n\n<h3 class=\"wp-block-heading has-text-align-center has-neeon-button-dark-gray-color has-text-color has-link-color wp-elements-ef953ff0a5a1cb1a849397e7e12e62dc\"><span class=\"ez-toc-section\" id=\"bektas_yaylasi\"><\/span><strong><strong><strong><strong>Bekta\u015f Yaylas\u0131<\/strong><\/strong><\/strong><\/strong><span class=\"ez-toc-section-end\"><\/span><\/h3>\n\n\n\n<figure class=\"wp-block-image size-large\"><img decoding=\"async\" src=\"https:\/\/res.cloudinary.com\/turna\/image\/upload\/v1660739204\/bekta%C5%9F_yaylas%C4%B1.jpg\" alt=\"Bekta\u015f Yaylas\u0131\"\/><\/figure>\n\n\n\n<p><strong>Bekta\u015f Yaylas\u0131<\/strong>, Giresun merkeze 60 km uzakl\u0131kta. Muhte\u015fem do\u011fal g\u00fczellikleri olan, buz gibi suyu olan oksijen deposu bir yayla hayal edin. \u0130\u015fte oras\u0131 Bekta\u015f Yaylas\u0131.&nbsp;Yaylada do\u011fa y\u00fcr\u00fcy\u00fc\u015fleri sevenler i\u00e7in \u00e7ok uygun parkurlar bulunuyor. <\/p>\n\n\n\n<p>Yaylada 80 yatak kapasiteli, iki y\u0131ld\u0131zl\u0131 bir otel var. Burada konaklayabilirsiniz. Yaylada bulunan restoranlarda kuzu eti yemeden de ayr\u0131lmamak gerek. Fiyatlar da uygun denecek seviyede.<\/p>\n\n\n\n<p>Bekta\u015f Yaylas\u0131 yol tarifi i\u00e7in<strong><a href=\"https:\/\/goo.gl\/maps\/xtNKfpLfCsMqDKbg7\" target=\"_blank\" rel=\"noreferrer noopener\"> buraya<\/a><\/strong> t\u0131klay\u0131n.<\/p>\n\n\n\n<h3 class=\"wp-block-heading has-text-align-center has-neeon-button-dark-gray-color has-text-color has-link-color wp-elements-51d36ce1b2c9d5ce62800c69731532a2\"><span class=\"ez-toc-section\" id=\"sis_dagi_yaylasi\"><\/span><strong><strong><strong><strong>Sis Da\u011f\u0131 Yaylas\u0131<\/strong><\/strong><\/strong><\/strong><span class=\"ez-toc-section-end\"><\/span><\/h3>\n\n\n\n<figure class=\"wp-block-image size-large\"><img decoding=\"async\" src=\"https:\/\/res.cloudinary.com\/turna\/image\/upload\/v1660739205\/sis_da%C4%9F%C4%B1_yaylas%C4%B1.jpg\" alt=\"Sis Da\u011f\u0131 Yaylas\u0131\"\/><\/figure>\n\n\n\n<p>Giresun G\u00f6rele il\u00e7esine 40 kilometre mesafede bulunuyor <strong>Sis Da\u011f\u0131 Yaylas\u0131<\/strong>. Giresun ve Trabzon il s\u0131n\u0131rlar\u0131n\u0131n kesi\u015fme alan\u0131nda yer al\u0131yor. 2.182 metre y\u00fcksekli\u011findeki Sis Da\u011f\u0131 \u00fczerinde olduk\u00e7a geni\u015f bir alan kapl\u0131yor yayla. K\u0131\u015f\u0131n karlar alt\u0131nda ba\u015fka, yaz\u0131n ba\u015fka g\u00fczel oluyor.<\/p>\n\n\n\n<p>Sis Da\u011f\u0131 Yaylas\u0131 2011 y\u0131l\u0131nda Turizm Merkezi ilan edilmi\u015f. Ayr\u0131ca Sis Da\u011f\u0131 \u2018C Stat\u00fcs\u00fcnde Milli Park\u2019 olarak korunmaya al\u0131nm\u0131\u015f.&nbsp;Her sene Temmuz ay\u0131n\u0131n 3. Cumartesi g\u00fcn\u00fc &#8216;Sis Da\u011f\u0131 Yaylas\u0131 \u015eenlikleri&#8217; d\u00fczenleniyor. <\/p>\n\n\n\n<p>Sis Da\u011f\u0131 Yaylas\u0131 yol tarifi i\u00e7in<strong><a href=\"https:\/\/goo.gl\/maps\/gvZWcGZV7eTHST9r8\" target=\"_blank\" rel=\"noreferrer noopener\"> buraya<\/a><\/strong> t\u0131klay\u0131n.<\/p>\n\n\n\n<h3 class=\"wp-block-heading has-text-align-center has-neeon-button-dark-gray-color has-text-color has-link-color wp-elements-7911265e2fb8c8b69874fefcd7d23a2d\"><span class=\"ez-toc-section\" id=\"kulakkaya_yaylasi\"><\/span><strong><strong><strong><strong>Kulakkaya Yaylas\u0131<\/strong><\/strong><\/strong><\/strong><span class=\"ez-toc-section-end\"><\/span><\/h3>\n\n\n\n<figure class=\"wp-block-image size-large\"><img decoding=\"async\" src=\"https:\/\/res.cloudinary.com\/turna\/image\/upload\/v1660739204\/kulakkaya_yaylas%C4%B1.jpg\" alt=\"Kulakkaya Yaylas\u0131\"\/><\/figure>\n\n\n\n<p>1700 m. rak\u0131mda bulunan <strong>Kulakkaya Yaylas\u0131<\/strong>, ilgin\u00e7 do\u011fal g\u00fczelliklere sahip. Orman g\u00fcllerine ve vargit \u00e7i\u00e7eklerine ev sahipli\u011fi yap\u0131yor. Giresun\u2019un&nbsp;bu en \u00e7ok ziyaret edilen yaylas\u0131na giderken yol \u00fczerinde Despot Kayas\u0131 ve Suyu, Erimez Mevkii ve Gelin Kayas\u0131 da g\u00f6r\u00fclmeye de\u011fer.<\/p>\n\n\n\n<p>Al\u00e7akbelOrman i\u00e7i&nbsp;piknik alan\u0131nda g\u00fcn\u00fcbirlik dinlence, e\u011flence imkan\u0131, hemen yak\u0131n\u0131ndaki&nbsp;Yavuz Kemal&nbsp;Beldesi&#8217;nde de her t\u00fcrl\u00fc al\u0131\u015fveri\u015f hizmeti bulunmaktad\u0131r.<\/p>\n\n\n\n<p>Yaylada kamp yapmak isterseniz kendi ekipman\u0131n\u0131zla gitmeniz gerekiyor. Al\u00e7akbel Mevkii\u2019nde bulunan&nbsp;Ormani\u00e7i&nbsp;E\u011fitim Tesisleri ve yan\u0131ndaki&nbsp;Orman i\u00e7i&nbsp;Piknik Alan\u0131 da g\u00fcn\u00fcbirlik kullan\u0131ma uygun. Burada piknik yapabilirsiniz.<\/p>\n\n\n\n<p>Kulakkaya Yaylas\u0131 yol tarifi i\u00e7in <strong><a href=\"https:\/\/goo.gl\/maps\/t8ypA4iePCMrZtfH6\" target=\"_blank\" rel=\"noreferrer noopener\">buraya<\/a><\/strong> t\u0131klay\u0131n.<\/p>\n\n\n\n<h3 class=\"wp-block-heading has-text-align-center has-neeon-button-dark-gray-color has-text-color has-link-color wp-elements-e4872794b7d171f520db71bf07e73030\"><span class=\"ez-toc-section\" id=\"karagol_yaylasi\"><\/span><strong><strong><strong><strong>Karag\u00f6l Yaylas\u0131<\/strong><\/strong><\/strong><\/strong><span class=\"ez-toc-section-end\"><\/span><\/h3>\n\n\n\n<figure class=\"wp-block-image size-large\"><img decoding=\"async\" src=\"https:\/\/res.cloudinary.com\/turna\/image\/upload\/v1660739204\/karag%C3%B6l_yaylas%C4%B1_giresun.jpg\" alt=\"Karag\u00f6l Yaylas\u0131\"\/><\/figure>\n\n\n\n<p>Dereli ile Bulancak il\u00e7elerinin en g\u00fcney ucunda, Ordu, Giresun ve Sivas il s\u0131n\u0131rlar\u0131n\u0131n birle\u015fme noktas\u0131nda bulunuyor Karag\u00f6l Da\u011flar\u0131. Burada buzul g\u00f6l\u00fc karakterine sahip Karag\u00f6l&#8217;\u00fcn \u00e7evresinde kurulmu\u015f yaylalar da <strong>Karag\u00f6l Yaylalar\u0131<\/strong> olarak an\u0131l\u0131yor. \u00d6ncelikle buraya gitti\u011finizde gezece\u011finiz \u00e7ok say\u0131da buzul g\u00f6lleri var. Bunlar Caml\u0131 G\u00f6l, Ayg\u0131r G\u00f6l\u00fc, Ba\u011f\u0131rsak G\u00f6l\u00fc, Sa\u011frak G\u00f6l\u00fc.<\/p>\n\n\n\n<p>Yaylalarda Temmuz ay\u0131nda, Sa\u011frak G\u00f6l Yayla Festivali ve Aksu K\u00f6y\u00fc Karag\u00f6l Ke\u015fkek G\u00fcn\u00fc Yayla Festivalleri d\u00fczenleniyor. Ayr\u0131ca y\u00fcr\u00fcy\u00fc\u015f i\u00e7in de olduk\u00e7a elveri\u015fli yaylalar. <\/p>\n\n\n\n<p>Karag\u00f6l Yaylas\u0131 yol tarifi i\u00e7in<strong><a href=\"https:\/\/goo.gl\/maps\/53TdgzxkUgBddhiK9\" target=\"_blank\" rel=\"noreferrer noopener\"> buraya <\/a><\/strong>t\u0131klay\u0131n.<\/p>\n\n\n\n<h3 class=\"wp-block-heading has-text-align-center has-neeon-button-dark-gray-color has-text-color has-link-color wp-elements-8d6247d5978f69a39c58b04a6805a66e\"><span class=\"ez-toc-section\" id=\"pasakonagi_yaylasi\"><\/span><strong><strong><strong><strong>Pa\u015fakona\u011f\u0131 Yaylas\u0131<\/strong><\/strong><\/strong><\/strong><span class=\"ez-toc-section-end\"><\/span><\/h3>\n\n\n\n<figure class=\"wp-block-image size-large\"><img decoding=\"async\" src=\"https:\/\/res.cloudinary.com\/turna\/image\/upload\/v1660739205\/pa%C5%9Fakona%C4%9F%C4%B1_yaylas%C4%B1.jpg\" alt=\"Giresun Yaylalar\u0131 Pa\u015fakona\u011f\u0131 Yaylas\u0131\"\/><\/figure>\n\n\n\n<p><strong>Pa\u015fakona\u011f\u0131 Yaylas\u0131<\/strong>, Bulancak il\u00e7e s\u0131n\u0131rlar\u0131 i\u00e7erisindeki Kovanl\u0131k beldesinde yer al\u0131yor. Yayla temiz havas\u0131yla hem bedeninizi hem ruhunuzu dinlendirecek. Yaylan\u0131n bu denli ziyaret edilmesinin nedenleri, mor, beyaz ve sar\u0131 a\u00e7alyalar ve yaylan\u0131n vadilerindeki \u015felaleler.<\/p>\n\n\n\n<p>Giresun\u2019un bir\u00e7ok yaylas\u0131nda oldu\u011fu gibi burada da yayla \u015fenlikleri yap\u0131l\u0131yor. Ziyaretinizi bu d\u00f6nemlere denk getirirseniz olduk\u00e7a keyifli ge\u00e7ebilir. Yaylada gezilip g\u00f6r\u00fclebilecek do\u011fal g\u00fczellikler Karasay \u015eelalesi, Ge\u00e7ilmez Vadisi, \u00c7i\u011fseli G\u00f6l\u00fc ve K\u0131z\u0131lot \u00c7ay\u0131r\u0131\u2019d\u0131r. Yaylaya 5 kilometrelik bir mesafede konaklayabilece\u011finiz bir tesis bulunuyor. Dilerseniz \u00e7ad\u0131r kurarak kamp da yapabilirsiniz.<\/p>\n\n\n\n<p>Yaylaya Bulancak Merkezden Pazarsuyu-Kovanl\u0131k Yolu \u00fczerinden ula\u015f\u0131labilir, merkeze uzakl\u0131\u011f\u0131 ortalama 45 dakikad\u0131r.<\/p>\n\n\n\n<p>Pa\u015fakona\u011f\u0131 Yaylas\u0131 yol tarifi i\u00e7in<strong><a href=\"https:\/\/goo.gl\/maps\/fRTy4c4MY5pv1hFN8\" target=\"_blank\" rel=\"noreferrer noopener\"> buraya<\/a><\/strong> t\u0131klay\u0131n.<\/p>\n\n\n\n<h3 class=\"wp-block-heading has-text-align-center has-neeon-button-dark-gray-color has-text-color has-link-color wp-elements-c74e7780d6d7749225250f6b26430b2e\"><span class=\"ez-toc-section\" id=\"cakrak_yaylasi\"><\/span><strong><strong><strong><strong>\u00c7akrak Yaylas\u0131<\/strong><\/strong><\/strong><\/strong><span class=\"ez-toc-section-end\"><\/span><\/h3>\n\n\n\n<figure class=\"wp-block-image size-large\"><img decoding=\"async\" src=\"https:\/\/res.cloudinary.com\/turna\/image\/upload\/v1660739204\/%C3%A7akrak_yaylas%C4%B1.jpg\" alt=\"\u00c7akrak Yaylas\u0131 Giresun Yaylalar\u0131\"\/><\/figure>\n\n\n\n<p><strong>\u00c7akrak Yaylas\u0131<\/strong>, Giresun ilinin Alucra il\u00e7esinde bulunuyor. Giresun&#8217;a 80 kilometre uzakl\u0131kta. Yaylaya Ya\u011fl\u0131dere ve K\u00fcmbet Yaylas\u0131 \u00fczerinden ula\u015fabilirsiniz. Yaylada g\u00f6rebilece\u011finiz 3 kemer k\u00f6pr\u00fc, 2 kilise kal\u0131nt\u0131s\u0131 bulunuyor. Yaylan\u0131n yak\u0131nlar\u0131nda ise K\u0131rkharman Obas\u0131&#8217;nda bulunan bir kilise ve 5 de\u011firmen kal\u0131nt\u0131s\u0131n\u0131 ziyaret edebilirsiniz.<\/p>\n\n\n\n<p>Ayr\u0131ca, \u00c7\u0131kr\u0131kkap\u0131 Obas\u0131\u2019ndaki 7 km\u2019lik &#8220;Hac\u0131 Abdullah Duvar\u0131&#8221; da g\u00f6r\u00fclmeye de\u011fer. \u00c7in Seddi\u2019nden sonra korunma ama\u00e7l\u0131 olarak yap\u0131lan ikinci b\u00fcy\u00fck duvar oldu\u011fu iddia ediliyor. Yaln\u0131zca bir kap\u0131s\u0131 olan ve 404 y\u0131ld\u0131r ayakta kalan, 6,5 kilometre uzunlu\u011funda ve 1,5 metre y\u00fcksekli\u011findeki Hac\u0131 Abdullah Duvar\u0131\u2019n\u0131n 1610 y\u0131llar\u0131nda Rum i\u015f\u00e7ilerinin yapt\u0131\u011f\u0131 biliniyor.<\/p>\n\n\n\n<h3 class=\"wp-block-heading has-text-align-center has-neeon-button-dark-gray-color has-text-color has-link-color wp-elements-377ff1c1ed80f0042c2bba1f85349ff8\"><span class=\"ez-toc-section\" id=\"golyani_yaylasi\"><\/span><strong><strong><strong>G\u00f6lyan\u0131 Yaylas\u0131<\/strong><\/strong><\/strong><span class=\"ez-toc-section-end\"><\/span><\/h3>\n\n\n\n<figure class=\"wp-block-image size-large\"><img decoding=\"async\" src=\"https:\/\/res.cloudinary.com\/turna\/image\/upload\/v1660739204\/g%C3%B6lyan%C4%B1_yaylas%C4%B1_giresun.jpg\" alt=\"G\u00f6lyan\u0131 Yaylas\u0131\"\/><\/figure>\n\n\n\n<p>Ya\u011fl\u0131dere \u0130l\u00e7esine ba\u011fl\u0131 S\u0131n\u0131r K\u00f6y\u00fc s\u0131n\u0131rlar\u0131nda yer al\u0131yor <strong>G\u00f6lyan\u0131 Yaylas\u0131.<\/strong> Yayla do\u011fal sit alan\u0131 kapsam\u0131nda koruma alt\u0131na al\u0131nm\u0131\u015f ve betonarme binalar\u0131n yap\u0131m\u0131 engellenmi\u015f. Yazarken edindi\u011fim baz\u0131 bilgiler nas\u0131l da y\u00fcz\u00fcm\u00fc g\u00fcl\u00fcmsetiyor. Dilerim t\u00fcm tarihi ve do\u011fal de\u011ferlerimiz ayn\u0131 ilgi ve \u00f6zveriyle korunur.<\/p>\n\n\n\n<p>G\u00f6lyan\u0131 Yaylas\u0131&#8217;n\u0131n en karakteristik \u00f6zelli\u011fi sahip oldu\u011fu do\u011fal g\u00f6l. Yaylaya ayr\u0131 bir g\u00fczellik kat\u0131yor g\u00f6l. Eski y\u0131llarda k\u00f6y halk\u0131 g\u00f6l\u00fc hayvanlar\u0131n su i\u00e7mesi i\u00e7in kullan\u0131yormu\u015f. \u015eeffaf renkte olan g\u00f6lde birka\u00e7 hayvan \u00f6l\u00fcnce k\u00f6y halk\u0131 da&nbsp;can ve mal kayb\u0131n\u0131 \u00f6nlemek i\u00e7in&nbsp;g\u00f6l\u00fc doldurmaya \u00e7al\u0131\u015fm\u0131\u015f. Neyse ki g\u00f6l alan\u0131 da, yayla ile birlikte sit alan\u0131 ilan edilerek koruma alt\u0131na al\u0131nm\u0131\u015f.<\/p>\n\n\n\n<p>G\u00f6lyan\u0131 Obas\u0131 yol tarifi i\u00e7in<strong><a href=\"https:\/\/goo.gl\/maps\/FpJa71i5hdNzRPhC7\" target=\"_blank\" rel=\"noreferrer noopener\"> buraya<\/a><\/strong> t\u0131klay\u0131n.<\/p>\n\n\n\n<h3 class=\"wp-block-heading has-text-align-center has-neeon-button-dark-gray-color has-text-color has-link-color wp-elements-805f5ecc320ffab7dae7e578c7614a03\"><span class=\"ez-toc-section\" id=\"tamdere_yaylasi\"><\/span><strong><strong><strong><strong>Tamdere Yaylas\u0131<\/strong><\/strong><\/strong><\/strong><span class=\"ez-toc-section-end\"><\/span><\/h3>\n\n\n\n<figure class=\"wp-block-image size-large\"><img decoding=\"async\" src=\"https:\/\/res.cloudinary.com\/turna\/image\/upload\/v1660739205\/tamdere_yaylas%C4%B1.jpg\" alt=\"Tamdere Yaylas\u0131\"\/><\/figure>\n\n\n\n<p>Tamdere, Giresun&#8217;un Dereli il\u00e7esine ba\u011fl\u0131 bir k\u00f6y. Giresun yaylalar\u0131 i\u00e7inde turizme a\u00e7\u0131k olan, en \u00e7ok ziyaret edilen yaylalardan biri de buras\u0131. Yaylada y\u0131llar \u00f6nce akmaya ba\u015flayan ve y\u00f6re halk\u0131 aras\u0131nda \u2019Ac\u0131su\u2019 olarak bilinen \u015fifal\u0131 bir su bulunuyor. Tamdere\u2019de y\u0131llardan beri \u015fifa arayan hastalar\u0131n u\u011frak yeri haline gelmi\u015f Ac\u0131su. Bu suyun sindirim sistemi, idrar yolu hastal\u0131klar\u0131 ve metabolizma bozukluklar\u0131na iyi geldi\u011fine inan\u0131l\u0131yor.<\/p>\n\n\n\n<p>Tamdere Yaylas\u0131 yol tarifi i\u00e7in <strong><a href=\"https:\/\/goo.gl\/maps\/G7qqBnkMWTthGiPMA\" target=\"_blank\" rel=\"noreferrer noopener\">buraya<\/a><\/strong> t\u0131klay\u0131n.<\/p>\n\n\n\n<p>Bu g\u00fczel yaylalar\u0131 ziyaret etmek i\u00e7in tek yapman\u0131z gereken&nbsp;<strong><a href=\"https:\/\/www.turna.com\/ucak-bileti\/ordu-giresun?swcfpc=1\" target=\"_blank\" rel=\"noreferrer noopener\">Giresun u\u00e7ak bileti<\/a><\/strong>&nbsp;almak. Ayr\u0131ca Giresun ile ilgili yazd\u0131\u011f\u0131m di\u011fer yaz\u0131lar\u0131m\u0131 da mutlaka okuyun.<\/p>\n\n\n\n<p><strong><a href=\"https:\/\/www.turna.com\/blog\/giresun-gezilecek-yerler?swcfpc=1\" target=\"_blank\" rel=\"noreferrer noopener\">Giresun Gezilecek Yerler<\/a><\/strong><\/p>\n\n\n\n<p><strong><a href=\"https:\/\/www.turna.com\/blog\/giresun-gorele-gezilecek-yerler-en-guzel-6-yer?swcfpc=1\" target=\"_blank\" rel=\"noreferrer noopener\">Giresun G\u00f6rele Gezilecek Yerler<\/a><\/strong><\/p>\n\n\n\n<p><strong><a href=\"https:\/\/www.turna.com\/blog\/giresun-mavi-gol?swcfpc=1\" target=\"_blank\" rel=\"noreferrer noopener\">Giresun Mavi G\u00f6l<\/a><\/strong><\/p>\n\n\n\n<p><strong><a href=\"https:\/\/www.turna.com\/blog\/giresun-plajlari?swcfpc=1\" target=\"_blank\" rel=\"noreferrer noopener\">Giresun Plajlar\u0131<\/a><\/strong><\/p>\n\n\n\n<p><strong><a href=\"https:\/\/www.turna.com\/blog\/kuzalan-selalesi?swcfpc=1\" target=\"_blank\" rel=\"noreferrer noopener\">Kuzalan \u015eelalesi<\/a><\/strong><\/p>\n\n\n\n<p><strong><a href=\"https:\/\/www.turna.com\/blog\/goksu-travertenleri?swcfpc=1\" target=\"_blank\" rel=\"noreferrer noopener\">G\u00f6ksu Travertenleri<\/a><\/strong><\/p>\n\n\n\n<p><\/p>\n\n    <div class=\"xs_social_share_widget xs_share_url after_content \t\tmain_content  wslu-style-1 wslu-share-box-shaped wslu-fill-colored wslu-none wslu-share-horizontal wslu-theme-font-no wslu-main_content\">\n\n\t\t\n        <ul>\n\t\t\t        <\/ul>\n    <\/div> \n","protected":false},"excerpt":{"rendered":"<p>Giresun yaylalar\u0131 listemizdeki yerlerden baz\u0131lar\u0131 turistik yaylalar, baz\u0131lar\u0131 biraz daha yerel ama hepsi birbirinden g\u00fczel. Hadi gelin ye\u015fillenelim.<\/p>\n","protected":false},"author":34,"featured_media":21075,"comment_status":"open","ping_status":"open","sticky":false,"template":"","format":"standard","meta":{"rop_custom_images_group":[],"rop_custom_messages_group":[],"rop_publish_now":"initial","rop_publish_now_accounts":[],"rop_publish_now_history":[],"rop_publish_now_status":"pending","_cloudinary_featured_overwrite":false,"footnotes":""},"categories":[2,1832,84],"tags":[625],"class_list":["post-21074","post","type-post","status-publish","format-standard","has-post-thumbnail","hentry","category-ulkeler","category-giresun","category-turkiye","tag-giresun"],"_links":{"self":[{"href":"https:\/\/www.turna.com\/blog\/wp-json\/wp\/v2\/posts\/21074","targetHints":{"allow":["GET"]}}],"collection":[{"href":"https:\/\/www.turna.com\/blog\/wp-json\/wp\/v2\/posts"}],"about":[{"href":"https:\/\/www.turna.com\/blog\/wp-json\/wp\/v2\/types\/post"}],"author":[{"embeddable":true,"href":"https:\/\/www.turna.com\/blog\/wp-json\/wp\/v2\/users\/34"}],"replies":[{"embeddable":true,"href":"https:\/\/www.turna.com\/blog\/wp-json\/wp\/v2\/comments?post=21074"}],"version-history":[{"count":0,"href":"https:\/\/www.turna.com\/blog\/wp-json\/wp\/v2\/posts\/21074\/revisions"}],"wp:featuredmedia":[{"embeddable":true,"href":"https:\/\/www.turna.com\/blog\/wp-json\/wp\/v2\/media\/21075"}],"wp:attachment":[{"href":"https:\/\/www.turna.com\/blog\/wp-json\/wp\/v2\/media?parent=21074"}],"wp:term":[{"taxonomy":"category","embeddable":true,"href":"https:\/\/www.turna.com\/blog\/wp-json\/wp\/v2\/categories?post=21074"},{"taxonomy":"post_tag","embeddable":true,"href":"https:\/\/www.turna.com\/blog\/wp-json\/wp\/v2\/tags?post=21074"}],"curies":[{"name":"wp","href":"https:\/\/api.w.org\/{rel}","templated":true}]}}