{"id":21063,"date":"2022-08-11T18:18:43","date_gmt":"2022-08-11T15:18:43","guid":{"rendered":"https:\/\/www.turna.com\/blog\/?p=21063"},"modified":"2025-12-09T17:39:04","modified_gmt":"2025-12-09T14:39:04","slug":"kuzalan-selalesi","status":"publish","type":"post","link":"https:\/\/www.turna.com\/blog\/kuzalan-selalesi","title":{"rendered":"Kuzalan \u015eelalesi: Tabiat\u0131n Hediyesi"},"content":{"rendered":"<div id=\"ez-toc-container\" class=\"ez-toc-v2_0_82_2 counter-hierarchy ez-toc-counter ez-toc-black ez-toc-container-direction\">\n<div class=\"ez-toc-title-container\">\n<p class=\"ez-toc-title\" style=\"cursor:inherit\">\u0130\u00e7indekiler<\/p>\n<span class=\"ez-toc-title-toggle\"><a href=\"#\" class=\"ez-toc-pull-right ez-toc-btn ez-toc-btn-xs ez-toc-btn-default ez-toc-toggle\" aria-label=\"\u0130\u00e7indekiler Tablosunu A\u00e7\/Kapat\"><span class=\"ez-toc-js-icon-con\"><span class=\"\"><span class=\"eztoc-hide\" style=\"display:none;\">Toggle<\/span><span class=\"ez-toc-icon-toggle-span\"><svg style=\"fill: #ffffff;color:#ffffff\" xmlns=\"http:\/\/www.w3.org\/2000\/svg\" class=\"list-377408\" width=\"20px\" height=\"20px\" viewBox=\"0 0 24 24\" fill=\"none\"><path d=\"M6 6H4v2h2V6zm14 0H8v2h12V6zM4 11h2v2H4v-2zm16 0H8v2h12v-2zM4 16h2v2H4v-2zm16 0H8v2h12v-2z\" fill=\"currentColor\"><\/path><\/svg><svg style=\"fill: #ffffff;color:#ffffff\" class=\"arrow-unsorted-368013\" xmlns=\"http:\/\/www.w3.org\/2000\/svg\" width=\"10px\" height=\"10px\" viewBox=\"0 0 24 24\" version=\"1.2\" baseProfile=\"tiny\"><path d=\"M18.2 9.3l-6.2-6.3-6.2 6.3c-.2.2-.3.4-.3.7s.1.5.3.7c.2.2.4.3.7.3h11c.3 0 .5-.1.7-.3.2-.2.3-.5.3-.7s-.1-.5-.3-.7zM5.8 14.7l6.2 6.3 6.2-6.3c.2-.2.3-.5.3-.7s-.1-.5-.3-.7c-.2-.2-.4-.3-.7-.3h-11c-.3 0-.5.1-.7.3-.2.2-.3.5-.3.7s.1.5.3.7z\"\/><\/svg><\/span><\/span><\/span><\/a><\/span><\/div>\n<nav><ul class='ez-toc-list ez-toc-list-level-1 eztoc-toggle-hide-by-default' ><li class='ez-toc-page-1 ez-toc-heading-level-2'><a class=\"ez-toc-link ez-toc-heading-1\" href=\"https:\/\/www.turna.com\/blog\/kuzalan-selalesi\/#kuzalan_selalesi_hakkinda_bilgi\" >Kuzalan \u015eelalesi Hakk\u0131nda Bilgi<\/a><ul class='ez-toc-list-level-3' ><li class='ez-toc-heading-level-3'><a class=\"ez-toc-link ez-toc-heading-2\" href=\"https:\/\/www.turna.com\/blog\/kuzalan-selalesi\/#kuzalan_selalesi_nerede\" >Kuzalan \u015eelalesi Nerede?<\/a><\/li><li class='ez-toc-page-1 ez-toc-heading-level-3'><a class=\"ez-toc-link ez-toc-heading-3\" href=\"https:\/\/www.turna.com\/blog\/kuzalan-selalesi\/#kuzalan_selalesine_nasil_gidilir\" >Kuzalan \u015eelalesi&#8217;ne Nas\u0131l Gidilir?<\/a><\/li><li class='ez-toc-page-1 ez-toc-heading-level-3'><a class=\"ez-toc-link ez-toc-heading-4\" href=\"https:\/\/www.turna.com\/blog\/kuzalan-selalesi\/#kuzalan_selalesinde_ne_yapilir\" >Kuzalan \u015eelalesi&#8217;nde Ne Yap\u0131l\u0131r?<\/a><\/li><li class='ez-toc-page-1 ez-toc-heading-level-3'><a class=\"ez-toc-link ez-toc-heading-5\" href=\"https:\/\/www.turna.com\/blog\/kuzalan-selalesi\/#kuzalan_selalesi_tabiat_parki_giris_ucreti\" >Kuzalan \u015eelalesi Tabiat Park\u0131 Giri\u015f \u00dccreti<\/a><\/li><\/ul><\/li><\/ul><\/nav><\/div>\n\n<p>Karadeniz deyince hepimizin akl\u0131na yemye\u015fil ormanlar, \u015felaleler geliyor. Giresun da bu g\u00fczellikten pay\u0131n\u0131 fazlas\u0131yla alm\u0131\u015f. Muhte\u015fem bir bitki \u00f6rt\u00fcs\u00fcn\u00fcn i\u00e7ine gizlenmi\u015f <strong>Kuzalan \u015eelalesi<\/strong> ayn\u0131 ad\u0131 ta\u015f\u0131yan tabiat park\u0131n\u0131n i\u00e7inde t\u00fcm co\u015fkusuyla \u00e7a\u011fl\u0131yor.<\/p>\n\n\n\n<p>Giresun gezilecek yerler listesinin olmazsa olmaz maddelerinden biri Kuzalan \u015eelalesi. \u00fcstelik i\u00e7inde bulundu\u011fu tabiat park\u0131 i\u00e7inde g\u00f6r\u00fclmesi gereken ba\u015fka g\u00fczellikler de var. Mavi G\u00f6l ve G\u00f6ksu Travertenlerini de ziyaret edip bir ta\u015fla 3 ku\u015f vurabilirsiniz.<\/p>\n\n\n\n<h2 class=\"wp-block-heading has-text-align-center has-neeon-button-dark-gray-color has-text-color has-link-color wp-elements-6ba0ac7128e7350ae72c9c0b9e8ad0dd\"><span class=\"ez-toc-section\" id=\"kuzalan_selalesi_hakkinda_bilgi\"><\/span><strong>Kuzalan \u015eelalesi Hakk\u0131nda Bilgi<\/strong><span class=\"ez-toc-section-end\"><\/span><\/h2>\n\n\n\n<figure class=\"wp-block-image size-large\"><img width=\"800\" height=\"500\" data-public-id=\"kuzalan_\u015felalesi\/kuzalan_\u015felalesi.jpg\" decoding=\"async\" src=\"https:\/\/res.cloudinary.com\/turna\/images\/w_800,h_500,c_scale\/f_auto,q_auto:low\/v1660230921\/kuzalan_\u015felalesi\/kuzalan_\u015felalesi.jpg?_i=AA\" alt=\"Kuzalan \u015eelalesi Hakk\u0131nda Bilgi\" class=\"wp-post-0 wp-image-21064\" data-format=\"jpg\" data-transformations=\"f_auto,q_auto:low\" data-version=\"1660230921\" data-seo=\"1\" srcset=\"https:\/\/res.cloudinary.com\/turna\/images\/f_auto,q_auto:low\/v1660230921\/kuzalan_\u015felalesi\/kuzalan_\u015felalesi.jpg?_i=AA 800w, https:\/\/res.cloudinary.com\/turna\/images\/w_300,h_188,c_scale\/f_auto,q_auto:low\/v1660230921\/kuzalan_\u015felalesi\/kuzalan_\u015felalesi.jpg?_i=AA 300w, https:\/\/res.cloudinary.com\/turna\/images\/w_672,h_420,c_scale\/f_auto,q_auto:low\/v1660230921\/kuzalan_\u015felalesi\/kuzalan_\u015felalesi.jpg?_i=AA 672w, https:\/\/res.cloudinary.com\/turna\/images\/w_640,h_400,c_scale\/f_auto,q_auto:low\/v1660230921\/kuzalan_\u015felalesi\/kuzalan_\u015felalesi.jpg?_i=AA 640w, https:\/\/res.cloudinary.com\/turna\/images\/w_681,h_426,c_scale\/f_auto,q_auto:low\/v1660230921\/kuzalan_\u015felalesi\/kuzalan_\u015felalesi.jpg?_i=AA 681w\" sizes=\"(max-width: 800px) 100vw, 800px\" \/><\/figure>\n\n\n\n<p>\u015eelalenin y\u00fcksekli\u011fi yakla\u015f\u0131k 20 metre. Kar\u015f\u0131s\u0131na kurulmu\u015f olan seyir teras\u0131ndan \u015felaleyi doya doya izleyebilirsiniz. G\u00fcr\u00fcl g\u00fcr\u00fcl sesi, serinli\u011fi ve do\u011fan\u0131n g\u00f6z kama\u015ft\u0131r\u0131c\u0131 renkleri huzur veriyor. Bol bol foto\u011fraf \u00e7ekmeyi de ihmal etmeyin. \ud83d\ude0a<\/p>\n\n\n\n<p>4820 d\u00f6n\u00fcm arazi alan\u0131na sahip \u015felale ve \u00e7evresi 2013&#8217;te tabiat park\u0131 ilan edilmi\u015f. Tabiat park\u0131 her mevsim ba\u015fka renge b\u00fcr\u00fcn\u00fcyor. Yaz\u0131n yemye\u015fil olan bitki \u00f6rt\u00fcs\u00fc sonbaharda sar\u0131, pembe, k\u0131rm\u0131z\u0131 tonlara boyan\u0131yor. Bu renkler orman\u0131n i\u00e7indeki g\u00f6llere, akarsulara yans\u0131yor ve resmedilecek g\u00f6r\u00fcnt\u00fcler ortaya \u00e7\u0131k\u0131yor.<\/p>\n\n\n\n<h3 class=\"wp-block-heading has-text-align-center has-neeon-button-dark-gray-color has-text-color has-link-color wp-elements-bfaa81d2de5bd9c481ad5cef96fda227\"><span class=\"ez-toc-section\" id=\"kuzalan_selalesi_nerede\"><\/span><strong>Kuzalan \u015eelalesi Nerede?<\/strong><span class=\"ez-toc-section-end\"><\/span><\/h3>\n\n\n\n<figure class=\"wp-block-image size-large\"><img decoding=\"async\" src=\"https:\/\/res.cloudinary.com\/turna\/image\/upload\/v1660230921\/kuzalan_%C5%9Felalesi_nerede.jpg\" alt=\"Kuzalan \u015eelalesi Nerede?\"\/><\/figure>\n\n\n\n<p>Giresun\u2019un Dereli \u0130l\u00e7esine 39 kilometre uzakl\u0131kta, Alanc\u0131k K\u00f6y\u00fc Kuzalan Mahallesinde bulunuyor. Kuzalan Tabiat Park\u0131&#8217;n\u0131n i\u00e7inde yer al\u0131yor \u015felale.<\/p>\n\n\n\n<ul class=\"wp-block-list\">\n<li>Kuzalan \u015eelalesi yol tarifi i\u00e7in <strong><a href=\"https:\/\/goo.gl\/maps\/mukjg5Yi3RbpXYkV6\" target=\"_blank\" rel=\"noreferrer noopener\">buraya<\/a><\/strong> t\u0131klay\u0131n.<\/li>\n<\/ul>\n\n\n\n<h3 class=\"wp-block-heading has-text-align-center has-neeon-button-dark-gray-color has-text-color has-link-color wp-elements-2c9fc40476246e32fffe6d4fb13c9196\"><span class=\"ez-toc-section\" id=\"kuzalan_selalesine_nasil_gidilir\"><\/span><strong>Kuzalan \u015eelalesi&#8217;ne Nas\u0131l Gidilir?<\/strong><span class=\"ez-toc-section-end\"><\/span><\/h3>\n\n\n\n<figure class=\"wp-block-image size-large\"><img decoding=\"async\" src=\"https:\/\/res.cloudinary.com\/turna\/image\/upload\/v1660230921\/kuzalan_%C5%9Felalesi_tabiat_park%C4%B1.jpg\" alt=\"Kuzalan \u015eelalesi'ne Nas\u0131l Gidilir?\"\/><\/figure>\n\n\n\n<p>Kuzalan Tabiat Park\u0131&#8217;na Giresun \u015eebinkarahisar yolundan bireysel arac\u0131n\u0131zla gidebilirsiniz. Buraya toplu ta\u015f\u0131ma ile gitmek isterseniz \u015fehir merkezlerinden kalkan Giresun \u015eebinkarahisar minib\u00fcslerini kullanabilirsiniz.<\/p>\n\n\n\n<p>Kuzalan \u015eelalesi &#8211; Giresun aras\u0131 mesafe 45 km.<\/p>\n\n\n\n<h3 class=\"wp-block-heading has-text-align-center has-neeon-button-dark-gray-color has-text-color has-link-color wp-elements-dfb021803f05cc0332b5fd714af0e675\"><span class=\"ez-toc-section\" id=\"kuzalan_selalesinde_ne_yapilir\"><\/span><strong>Kuzalan \u015eelalesi&#8217;nde Ne Yap\u0131l\u0131r?<\/strong><span class=\"ez-toc-section-end\"><\/span><\/h3>\n\n\n\n<figure class=\"wp-block-image size-large\"><img decoding=\"async\" src=\"https:\/\/res.cloudinary.com\/turna\/image\/upload\/v1660230921\/kuzalan_giresun.jpg\" alt=\"Kuzalan \u015eelalesi'nde Ne Yap\u0131l\u0131r?\"\/><\/figure>\n\n\n\n<p>Seyir teras\u0131ndan \u015felaleyi izleyebilir, merdivenlerden inerek \u015felalenin yan\u0131na kadar gidebilirsiniz.  Alanda kamp, do\u011fa foto\u011fraf\u00e7\u0131l\u0131\u011f\u0131 ve trekking yapabilirsiniz. Tabiat park\u0131 i\u00e7inde yer alan Mavi G\u00f6l&#8217;\u00fc de mutlaka g\u00f6rmelisiniz. Ya\u011fmur ya\u011fd\u0131ktan sonra 2-3 g\u00fcn suyun rengi de\u011fi\u015fse de do\u011fru zamanda giderseniz hayran kalaca\u011f\u0131n\u0131z bir g\u00fczellik oldu\u011funu s\u00f6yleyebilirim.<\/p>\n\n\n\n<p>Ayr\u0131ca Giresun&#8217;un Pamukkale&#8217;si olarak adland\u0131r\u0131lan G\u00f6ksu Travertenleri de gelmi\u015fken g\u00f6rmeden d\u00f6nmemeniz gereken bir yer. B\u00f6lgedeki mineralli sular b\u00f6lgede zaten travertenler olu\u015fturuyormu\u015f. Buray\u0131 turizme kazand\u0131rmak istemi\u015f ve bir projeyle G\u00f6ksu travertenlerini olu\u015fturmu\u015flar. Ard\u0131ndan da yolun devam\u0131ndaki Kulakkaya yaylas\u0131na giderek harika bir g\u00fcn ge\u00e7irebilirsiniz.<\/p>\n\n\n\n<h3 class=\"wp-block-heading has-text-align-center has-neeon-button-dark-gray-color has-text-color has-link-color wp-elements-7e7e17316a83ecdd42883b2490659a9f\"><span class=\"ez-toc-section\" id=\"kuzalan_selalesi_tabiat_parki_giris_ucreti\"><\/span><strong>Kuzalan \u015eelalesi Tabiat Park\u0131 Giri\u015f \u00dccreti<\/strong><span class=\"ez-toc-section-end\"><\/span><\/h3>\n\n\n\n<p>Tabiat Park\u0131 giri\u015finde ara\u00e7 ba\u015f\u0131 60 TL giri\u015f \u00fccreti al\u0131n\u0131yor. Yaya olarak girecekseniz ki\u015fi ba\u015f\u0131 20 TL.<\/p>\n\n\n\n<p>Bu g\u00fczel \u015felaleyi ziyaret etmek i\u00e7in tek yapman\u0131z gereken <strong><a href=\"https:\/\/www.turna.com\/ucak-bileti\/ordu-giresun\" target=\"_blank\" rel=\"noreferrer noopener\">Giresun u\u00e7ak bileti<\/a><\/strong> almak. Ayr\u0131ca Giresun ile ilgili yazd\u0131\u011f\u0131m di\u011fer yaz\u0131lar\u0131m\u0131 da mutlaka okuyun.<\/p>\n\n\n\n<p><strong><a href=\"https:\/\/www.turna.com\/blog\/giresun-gezilecek-yerler?swcfpc=1\" target=\"_blank\" rel=\"noreferrer noopener\">Giresun Gezilecek Yerler<\/a><\/strong><\/p>\n\n\n\n<p><strong><a href=\"https:\/\/www.turna.com\/blog\/giresun-gorele-gezilecek-yerler-en-guzel-6-yer?swcfpc=1\" target=\"_blank\" rel=\"noreferrer noopener\">Giresun G\u00f6rele Gezilecek Yerler<\/a><\/strong><\/p>\n\n\n\n<p><strong><a href=\"https:\/\/www.turna.com\/blog\/giresun-mavi-gol?swcfpc=1\" target=\"_blank\" rel=\"noreferrer noopener\">Giresun Mavi G\u00f6l<\/a><\/strong><\/p>\n\n\n\n<p><strong><a href=\"https:\/\/www.turna.com\/blog\/giresun-plajlari?swcfpc=1\" target=\"_blank\" rel=\"noreferrer noopener\">Giresun Plajlar\u0131<\/a><\/strong><\/p>\n\n    <div class=\"xs_social_share_widget xs_share_url after_content \t\tmain_content  wslu-style-1 wslu-share-box-shaped wslu-fill-colored wslu-none wslu-share-horizontal wslu-theme-font-no wslu-main_content\">\n\n\t\t\n        <ul>\n\t\t\t        <\/ul>\n    <\/div> \n","protected":false},"excerpt":{"rendered":"<p>Muhte\u015fem bir bitki \u00f6rt\u00fcs\u00fcn\u00fcn i\u00e7ine gizlenmi\u015f Kuzalan \u015eelalesi ayn\u0131 ad\u0131 ta\u015f\u0131yan tabiat park\u0131n\u0131n i\u00e7inde t\u00fcm co\u015fkusuyla \u00e7a\u011fl\u0131yor.<\/p>\n","protected":false},"author":34,"featured_media":21064,"comment_status":"open","ping_status":"open","sticky":false,"template":"","format":"standard","meta":{"rop_custom_images_group":[],"rop_custom_messages_group":[],"rop_publish_now":"initial","rop_publish_now_accounts":[],"rop_publish_now_history":[],"rop_publish_now_status":"pending","_cloudinary_featured_overwrite":false,"footnotes":""},"categories":[2,1832,84],"tags":[625],"class_list":["post-21063","post","type-post","status-publish","format-standard","has-post-thumbnail","hentry","category-ulkeler","category-giresun","category-turkiye","tag-giresun"],"_links":{"self":[{"href":"https:\/\/www.turna.com\/blog\/wp-json\/wp\/v2\/posts\/21063","targetHints":{"allow":["GET"]}}],"collection":[{"href":"https:\/\/www.turna.com\/blog\/wp-json\/wp\/v2\/posts"}],"about":[{"href":"https:\/\/www.turna.com\/blog\/wp-json\/wp\/v2\/types\/post"}],"author":[{"embeddable":true,"href":"https:\/\/www.turna.com\/blog\/wp-json\/wp\/v2\/users\/34"}],"replies":[{"embeddable":true,"href":"https:\/\/www.turna.com\/blog\/wp-json\/wp\/v2\/comments?post=21063"}],"version-history":[{"count":0,"href":"https:\/\/www.turna.com\/blog\/wp-json\/wp\/v2\/posts\/21063\/revisions"}],"wp:featuredmedia":[{"embeddable":true,"href":"https:\/\/www.turna.com\/blog\/wp-json\/wp\/v2\/media\/21064"}],"wp:attachment":[{"href":"https:\/\/www.turna.com\/blog\/wp-json\/wp\/v2\/media?parent=21063"}],"wp:term":[{"taxonomy":"category","embeddable":true,"href":"https:\/\/www.turna.com\/blog\/wp-json\/wp\/v2\/categories?post=21063"},{"taxonomy":"post_tag","embeddable":true,"href":"https:\/\/www.turna.com\/blog\/wp-json\/wp\/v2\/tags?post=21063"}],"curies":[{"name":"wp","href":"https:\/\/api.w.org\/{rel}","templated":true}]}}