{"id":21059,"date":"2022-08-10T16:22:05","date_gmt":"2022-08-10T13:22:05","guid":{"rendered":"https:\/\/www.turna.com\/blog\/?p=21059"},"modified":"2025-06-27T15:27:30","modified_gmt":"2025-06-27T12:27:30","slug":"giresun-plajlari","status":"publish","type":"post","link":"https:\/\/www.turna.com\/blog\/giresun-plajlari","title":{"rendered":"Giresun Plajlar\u0131: Giresun&#8217;da Denize Girilecek 19 Plaj"},"content":{"rendered":"<div id=\"ez-toc-container\" class=\"ez-toc-v2_0_82_2 counter-hierarchy ez-toc-counter ez-toc-black ez-toc-container-direction\">\n<div class=\"ez-toc-title-container\">\n<p class=\"ez-toc-title\" style=\"cursor:inherit\">\u0130\u00e7indekiler<\/p>\n<span class=\"ez-toc-title-toggle\"><a href=\"#\" class=\"ez-toc-pull-right ez-toc-btn ez-toc-btn-xs ez-toc-btn-default ez-toc-toggle\" aria-label=\"\u0130\u00e7indekiler Tablosunu A\u00e7\/Kapat\"><span class=\"ez-toc-js-icon-con\"><span class=\"\"><span class=\"eztoc-hide\" style=\"display:none;\">Toggle<\/span><span class=\"ez-toc-icon-toggle-span\"><svg style=\"fill: #ffffff;color:#ffffff\" xmlns=\"http:\/\/www.w3.org\/2000\/svg\" class=\"list-377408\" width=\"20px\" height=\"20px\" viewBox=\"0 0 24 24\" fill=\"none\"><path d=\"M6 6H4v2h2V6zm14 0H8v2h12V6zM4 11h2v2H4v-2zm16 0H8v2h12v-2zM4 16h2v2H4v-2zm16 0H8v2h12v-2z\" fill=\"currentColor\"><\/path><\/svg><svg style=\"fill: #ffffff;color:#ffffff\" class=\"arrow-unsorted-368013\" xmlns=\"http:\/\/www.w3.org\/2000\/svg\" width=\"10px\" height=\"10px\" viewBox=\"0 0 24 24\" version=\"1.2\" baseProfile=\"tiny\"><path d=\"M18.2 9.3l-6.2-6.3-6.2 6.3c-.2.2-.3.4-.3.7s.1.5.3.7c.2.2.4.3.7.3h11c.3 0 .5-.1.7-.3.2-.2.3-.5.3-.7s-.1-.5-.3-.7zM5.8 14.7l6.2 6.3 6.2-6.3c.2-.2.3-.5.3-.7s-.1-.5-.3-.7c-.2-.2-.4-.3-.7-.3h-11c-.3 0-.5.1-.7.3-.2.2-.3.5-.3.7s.1.5.3.7z\"\/><\/svg><\/span><\/span><\/span><\/a><\/span><\/div>\n<nav><ul class='ez-toc-list ez-toc-list-level-1 eztoc-toggle-hide-by-default' ><li class='ez-toc-page-1 ez-toc-heading-level-2'><a class=\"ez-toc-link ez-toc-heading-1\" href=\"https:\/\/www.turna.com\/blog\/giresun-plajlari\/#giresun_plajlari\" >Giresun Plajlar\u0131<\/a><ul class='ez-toc-list-level-3' ><li class='ez-toc-heading-level-3'><a class=\"ez-toc-link ez-toc-heading-2\" href=\"https:\/\/www.turna.com\/blog\/giresun-plajlari\/#uluburun_plaji\" >Uluburun Plaj\u0131<\/a><\/li><li class='ez-toc-page-1 ez-toc-heading-level-3'><a class=\"ez-toc-link ez-toc-heading-3\" href=\"https:\/\/www.turna.com\/blog\/giresun-plajlari\/#giresun_belediye_plaji\" >Giresun Belediye Plaj\u0131<\/a><\/li><li class='ez-toc-page-1 ez-toc-heading-level-3'><a class=\"ez-toc-link ez-toc-heading-4\" href=\"https:\/\/www.turna.com\/blog\/giresun-plajlari\/#bulancak_belediye_plaji\" >Bulancak Belediye Plaj\u0131<\/a><\/li><li class='ez-toc-page-1 ez-toc-heading-level-3'><a class=\"ez-toc-link ez-toc-heading-5\" href=\"https:\/\/www.turna.com\/blog\/giresun-plajlari\/#burunucu_plaji\" >Burunucu Plaj\u0131<\/a><\/li><li class='ez-toc-page-1 ez-toc-heading-level-3'><a class=\"ez-toc-link ez-toc-heading-6\" href=\"https:\/\/www.turna.com\/blog\/giresun-plajlari\/#kucuklu_plaji\" >K\u00fc\u00e7\u00fckl\u00fc Plaj\u0131<\/a><\/li><li class='ez-toc-page-1 ez-toc-heading-level-3'><a class=\"ez-toc-link ez-toc-heading-7\" href=\"https:\/\/www.turna.com\/blog\/giresun-plajlari\/#deliklitas_halk_plaji\" >Deliklita\u015f Halk Plaj\u0131<\/a><\/li><li class='ez-toc-page-1 ez-toc-heading-level-3'><a class=\"ez-toc-link ez-toc-heading-8\" href=\"https:\/\/www.turna.com\/blog\/giresun-plajlari\/#bada_plaji\" >Bada Plaj\u0131<\/a><\/li><li class='ez-toc-page-1 ez-toc-heading-level-3'><a class=\"ez-toc-link ez-toc-heading-9\" href=\"https:\/\/www.turna.com\/blog\/giresun-plajlari\/#tirebolu_belediye_plaji\" >Tirebolu Belediye Plaj\u0131<\/a><\/li><li class='ez-toc-page-1 ez-toc-heading-level-3'><a class=\"ez-toc-link ez-toc-heading-10\" href=\"https:\/\/www.turna.com\/blog\/giresun-plajlari\/#egrice_halk_plaji\" >E\u011frice Halk Plaj\u0131<\/a><\/li><li class='ez-toc-page-1 ez-toc-heading-level-3'><a class=\"ez-toc-link ez-toc-heading-11\" href=\"https:\/\/www.turna.com\/blog\/giresun-plajlari\/#beygir_kumu_plaji\" >Beygir Kumu Plaj\u0131<\/a><\/li><li class='ez-toc-page-1 ez-toc-heading-level-3'><a class=\"ez-toc-link ez-toc-heading-12\" href=\"https:\/\/www.turna.com\/blog\/giresun-plajlari\/#cerkez_onu_plaji\" >\u00c7erkez \u00d6n\u00fc Plaj\u0131<\/a><\/li><li class='ez-toc-page-1 ez-toc-heading-level-3'><a class=\"ez-toc-link ez-toc-heading-13\" href=\"https:\/\/www.turna.com\/blog\/giresun-plajlari\/#asarkaya_plaji\" >Asarkaya Plaj\u0131<\/a><\/li><li class='ez-toc-page-1 ez-toc-heading-level-3'><a class=\"ez-toc-link ez-toc-heading-14\" href=\"https:\/\/www.turna.com\/blog\/giresun-plajlari\/#jandarma_plaji\" >Jandarma Plaj\u0131<\/a><\/li><li class='ez-toc-page-1 ez-toc-heading-level-3'><a class=\"ez-toc-link ez-toc-heading-15\" href=\"https:\/\/www.turna.com\/blog\/giresun-plajlari\/#yilgin_plaji\" >Y\u0131lg\u0131n Plaj\u0131<\/a><\/li><li class='ez-toc-page-1 ez-toc-heading-level-3'><a class=\"ez-toc-link ez-toc-heading-16\" href=\"https:\/\/www.turna.com\/blog\/giresun-plajlari\/#kucukcay_plaji\" >K\u00fc\u00e7\u00fck\u00e7ay Plaj\u0131<\/a><\/li><li class='ez-toc-page-1 ez-toc-heading-level-3'><a class=\"ez-toc-link ez-toc-heading-17\" href=\"https:\/\/www.turna.com\/blog\/giresun-plajlari\/#boztepealti_plaji\" >Boztepealt\u0131 Plaj\u0131<\/a><\/li><li class='ez-toc-page-1 ez-toc-heading-level-3'><a class=\"ez-toc-link ez-toc-heading-18\" href=\"https:\/\/www.turna.com\/blog\/giresun-plajlari\/#duzkoy_alti_aile_plaji\" >D\u00fczk\u00f6y Alt\u0131 Aile Plaj\u0131<\/a><\/li><li class='ez-toc-page-1 ez-toc-heading-level-3'><a class=\"ez-toc-link ez-toc-heading-19\" href=\"https:\/\/www.turna.com\/blog\/giresun-plajlari\/#kaynarca_aile_plaji\" >Kaynarca Aile Plaj\u0131<\/a><\/li><li class='ez-toc-page-1 ez-toc-heading-level-3'><a class=\"ez-toc-link ez-toc-heading-20\" href=\"https:\/\/www.turna.com\/blog\/giresun-plajlari\/#sky_beach\" >Sky Beach<\/a><\/li><\/ul><\/li><\/ul><\/nav><\/div>\n\n<p>Hey gidi Karadeniz! Seni ne h\u0131r\u00e7\u0131n ne dalgal\u0131 bilirdim. Ta ki Giresun&#8217;da boylu boyunca uzanan k\u0131y\u0131lar\u0131n\u0131 g\u00f6rene dek. Deniz turizmi deyince akla hemen Akdeniz, Ege geliyor. Karadeniz&#8217;de hem sezon k\u0131sa s\u00fcr\u00fcyor hem de deniz dalgal\u0131 oluyor diye pek tercih etmeyiz. Ama bu listede kumsal, s\u0131\u011f ve tertemiz <strong>Giresun plajlar\u0131<\/strong> var.<\/p>\n\n\n\n<p>\u0130\u00e7lerinde mavi bayrakl\u0131 plajlar\u0131n da bulundu\u011fu harika se\u00e7enekler var listemizde. Ye\u015fille mavinin en g\u00fczel uyumunu g\u00f6rebilece\u011finiz sahillerde y\u00fczmek son derece keyifli. \u00dcstelik buralarda turist avc\u0131s\u0131 i\u015fletmeler de yok. Denize girebilmek i\u00e7in fahi\u015f fiyatlar \u00f6demek zorunda de\u011filsiniz. Dilerseniz havlunuzu istedi\u011finiz yere serip \u00f6zg\u00fcrl\u00fc\u011f\u00fcn tad\u0131n\u0131 \u00e7\u0131kar\u0131n, dilerseniz belediyeye ait tesislerde uygun fiyatlara \u015fezlong \u015femsiye kiralayabilirsiniz.<\/p>\n\n\n\n<h2 class=\"wp-block-heading has-text-align-center has-neeon-button-dark-gray-color has-text-color has-link-color wp-elements-fd2d6e505b44c1309be4201fa673c553\"><span class=\"ez-toc-section\" id=\"giresun_plajlari\"><\/span><strong><strong><strong><strong><strong><strong>Giresun Plajlar\u0131<\/strong><\/strong><\/strong><\/strong><\/strong><\/strong><span class=\"ez-toc-section-end\"><\/span><\/h2>\n\n\n\n<figure class=\"wp-block-image size-large\"><img width=\"800\" height=\"500\" decoding=\"async\" src=\"data:image\/svg+xml;base64,PHN2ZyB4bWxucz0iaHR0cDovL3d3dy53My5vcmcvMjAwMC9zdmciIHdpZHRoPSI4MDAiIGhlaWdodD0iNTAwIj48cmVjdCB3aWR0aD0iMTAwJSIgaGVpZ2h0PSIxMDAlIj48YW5pbWF0ZSBhdHRyaWJ1dGVOYW1lPSJmaWxsIiB2YWx1ZXM9InJnYmEoMTUzLDE1MywxNTMsMC41KTtyZ2JhKDE1MywxNTMsMTUzLDAuMSk7cmdiYSgxNTMsMTUzLDE1MywwLjUpIiBkdXI9IjJzIiByZXBlYXRDb3VudD0iaW5kZWZpbml0ZSIgLz48L3JlY3Q+PC9zdmc+\" alt=\"giresun plajlar\u0131\" data-public-id=\"giresun_plajlar\u0131\/giresun_plajlar\u0131.jpg\" class=\"wp-post-21059 wp-image-21062\" data-format=\"jpg\" data-transformations=\"f_auto,q_auto:low\" data-version=\"1660137562\" data-seo=\"1\" data-size=\"800 500\" data-srcset=\"https:\/\/res.cloudinary.com\/turna\/images\/f_auto,q_auto:low\/v1660137562\/giresun_plajlar\u0131\/giresun_plajlar\u0131.jpg?_i=AA 800w, https:\/\/res.cloudinary.com\/turna\/images\/w_300,h_188,c_scale\/f_auto,q_auto:low\/v1660137562\/giresun_plajlar\u0131\/giresun_plajlar\u0131.jpg?_i=AA 300w, https:\/\/res.cloudinary.com\/turna\/images\/w_672,h_420,c_scale\/f_auto,q_auto:low\/v1660137562\/giresun_plajlar\u0131\/giresun_plajlar\u0131.jpg?_i=AA 672w, https:\/\/res.cloudinary.com\/turna\/images\/w_640,h_400,c_scale\/f_auto,q_auto:low\/v1660137562\/giresun_plajlar\u0131\/giresun_plajlar\u0131.jpg?_i=AA 640w, https:\/\/res.cloudinary.com\/turna\/images\/w_681,h_426,c_scale\/f_auto,q_auto:low\/v1660137562\/giresun_plajlar\u0131\/giresun_plajlar\u0131.jpg?_i=AA 681w\" data-sizes=\"(max-width: 800px) 100vw, 800px\" data-delivery=\"upload\" onload=\";window.CLDBind?CLDBind(this):null;\" data-cloudinary=\"lazy\" \/><\/figure>\n\n\n\n<p><strong>Giresun Plajlar\u0131<\/strong><\/p>\n\n\n\n<ol class=\"wp-block-list\">\n<li>Uluburun Plaj\u0131<\/li>\n\n\n\n<li>Giresun Belediye Plaj\u0131<\/li>\n\n\n\n<li>Bulancak Belediye Plaj\u0131<\/li>\n\n\n\n<li>Burunucu Ofran<\/li>\n\n\n\n<li>K\u00fc\u00e7\u00fckl\u00fc Plaj\u0131<\/li>\n\n\n\n<li>Deliklita\u015f Halk Plaj\u0131<\/li>\n\n\n\n<li>Bada Plaj\u0131<\/li>\n\n\n\n<li>Tirebolu Belediye Plaj\u0131<\/li>\n\n\n\n<li>E\u011frice Halk Plaj\u0131<\/li>\n\n\n\n<li>Beygir Kumu Plaj\u0131<\/li>\n\n\n\n<li>\u00c7erkez \u00d6n\u00fc Plaj\u0131<\/li>\n\n\n\n<li>Asarkaya Plaj\u0131<\/li>\n\n\n\n<li>Jandarma Plaj\u0131<\/li>\n\n\n\n<li>Y\u0131lg\u0131n Plaj\u0131<\/li>\n\n\n\n<li>K\u00fc\u00e7\u00fck\u00e7ay Plaj\u0131<\/li>\n\n\n\n<li>Boztepealt\u0131 Plaj\u0131<\/li>\n\n\n\n<li><span style=\"color: initial;\">D\u00fczk\u00f6y Alt\u0131 Aile Plaj\u0131<\/span><\/li>\n\n\n\n<li>Kaynarca Aile Plaj\u0131<\/li>\n\n\n\n<li>Sky Beach<\/li>\n<\/ol>\n\n\n\n<h3 class=\"wp-block-heading has-text-align-center has-neeon-button-dark-gray-color has-text-color has-link-color wp-elements-98e8e5aa9a12aab3afc86d5d27b84d7c\"><span class=\"ez-toc-section\" id=\"uluburun_plaji\"><\/span><strong><strong><strong><strong>Uluburun Plaj\u0131<\/strong><\/strong><\/strong><\/strong><span class=\"ez-toc-section-end\"><\/span><\/h3>\n\n\n\n<p><strong>Uluburun Plaj\u0131<\/strong> Giresun\u2019daki en karakteristik plajlardan biri. Beton merdivenlerden inerek sahile ula\u015f\u0131l\u0131yor. \u0130\u015fletme oldu\u011fu i\u00e7in sahil k\u0131y\u0131s\u0131 olduk\u00e7a temiz. Manzara seyri, kamp, piknik, y\u00fczme ve dal\u0131\u015f gibi aktiviteler yapabilirsiniz.<\/p>\n\n\n\n<p>Plaj, Ke\u015fap il\u00e7esine ba\u011fl\u0131 De\u011firmena\u011fz\u0131 mevkiinde yer al\u0131yor. Trabzon \u2013 Giresun yol \u00fczerinde bulunan Uluburun Plaj\u0131\u2019na De\u011firmena\u011fz\u0131 T\u00fcneli\u2019nin oldu\u011fu yerdeki merdivenden ini\u015f yap\u0131l\u0131yor. Uluburun Plaj\u0131\u2019ndaki tesiste tuvalet, du\u015f imkan\u0131 var. Yeme i\u00e7me ihtiya\u00e7lar\u0131n\u0131z\u0131 da burada temin edebilirsiniz.<\/p>\n\n\n\n<p>Plajda zemin ta\u015fl\u0131k ve su olduk\u00e7a berrak. 4-5 metre sonra derinle\u015fiyor. Telefonun \u00e7ok iyi \u00e7ekmedi\u011fini belirtmekte fayda var. Tesiste kamp yapma imkan\u0131n\u0131z da bulunuyor. Elektrik i\u00e7in yan\u0131n\u0131zda uzatma kablo g\u00f6t\u00fcr\u00fcn mutlaka.<\/p>\n\n\n\n<ul class=\"wp-block-list\">\n<li>Uluburun Plaj\u0131 yol tarifi i\u00e7in <strong><a href=\"https:\/\/goo.gl\/maps\/u9XcYrbKiQupkhHn9\" target=\"_blank\" rel=\"noreferrer noopener\">buraya<\/a><\/strong> t\u0131klay\u0131n.<\/li>\n<\/ul>\n\n\n\n<h3 class=\"wp-block-heading has-text-align-center has-neeon-button-dark-gray-color has-text-color has-link-color wp-elements-b75b7fe0ed1db3e9764687b4de4a07e7\"><span class=\"ez-toc-section\" id=\"giresun_belediye_plaji\"><\/span><strong><strong><strong>Giresun Belediye<strong> Plaj\u0131<\/strong><\/strong><\/strong><\/strong><span class=\"ez-toc-section-end\"><\/span><\/h3>\n\n\n\n<p>Giresun plajlar\u0131 i\u00e7inde kolayl\u0131kla ula\u015fabilece\u011finiz bir yer <strong>Giresun Belediye Plaj\u0131.<\/strong> Buras\u0131 \u015fehir merkezinde yer al\u0131yor. Burada daha \u00e7ok sandalyeleriyle gidip oturmay\u0131 tercih ediyor insanlar. E tabi otursunlar yesinler i\u00e7sinler ama ke\u015fke \u00e7\u00f6plerini de burada b\u0131rak\u0131p gitmeseler. Maalesef k\u0131y\u0131da ve denizde \u00e7\u00f6pler oluyor. Temizlik anlam\u0131nda durumun \u00e7ok i\u00e7 a\u00e7\u0131c\u0131 olmad\u0131\u011f\u0131n\u0131 belirteyim. Burada y\u00fczmek tamamen sizin tercihinizde.<\/p>\n\n\n\n<ul class=\"wp-block-list\">\n<li>Giresun Belediye Plaj\u0131 yol tarifi i\u00e7in<strong><a href=\"https:\/\/goo.gl\/maps\/vEEhVpYJAGBuijBM9\" target=\"_blank\" rel=\"noreferrer noopener\"> buraya<\/a><\/strong> t\u0131klay\u0131n.<\/li>\n<\/ul>\n\n\n\n<h3 class=\"wp-block-heading has-text-align-center has-neeon-button-dark-gray-color has-text-color has-link-color wp-elements-0bff98ec0a0dfe2e5eb6b140112ddaa3\"><span class=\"ez-toc-section\" id=\"bulancak_belediye_plaji\"><\/span><strong><strong><strong><strong>Bulancak Belediye Plaj\u0131<\/strong><\/strong><\/strong><\/strong><span class=\"ez-toc-section-end\"><\/span><\/h3>\n\n\n\n<p><strong>Giresun&#8217;da nerede denize girilir<\/strong> sorusunun en \u00e7ok tercih edilen cevaplar\u0131ndan biri <strong>Bulancak Belediye Plaj\u0131<\/strong>. Kumsal, s\u0131\u011f ve temiz bir denizi var buran\u0131n. \u00c7ocuklu aileler i\u00e7in olduk\u00e7a uygun. Plajda du\u015f, tuvalet, \u015femsiye, \u015fezlong, yemek ve soyunma kabini gibi hizmetler sunuluyor.<\/p>\n\n\n\n<ul class=\"wp-block-list\">\n<li>Bulancak Belediye Plaj\u0131 yol tarifi i\u00e7in<strong><a href=\"https:\/\/goo.gl\/maps\/kg1hqtayhCet2RZu8\" target=\"_blank\" rel=\"noreferrer noopener\"> buraya<\/a><\/strong> t\u0131klay\u0131n.<\/li>\n<\/ul>\n\n\n\n<h3 class=\"wp-block-heading has-text-align-center has-neeon-button-dark-gray-color has-text-color has-link-color wp-elements-614fe12b453608a5ab1eac5a0bf2c395\"><span class=\"ez-toc-section\" id=\"burunucu_plaji\"><\/span><strong><strong><strong><strong>Burunucu <\/strong>Plaj\u0131<\/strong><\/strong><\/strong><span class=\"ez-toc-section-end\"><\/span><\/h3>\n\n\n\n<p>Giresun&#8217;un Bulancak il\u00e7esinde yer al\u0131yor Burunucu Plaj\u0131. Plajda sahil zemini \u00e7ak\u0131l. Do\u011fa ile i\u00e7 i\u00e7e ormanl\u0131k bir alanda denize girmek isterseniz buray\u0131 tercih edebilirsiniz. Yeme-i\u00e7me ihtiya\u00e7lar\u0131n\u0131z i\u00e7in burada i\u015fletme de bulunuyor.<\/p>\n\n\n\n<ul class=\"wp-block-list\">\n<li>Burunucu Plaj\u0131 yol tarifi i\u00e7in <strong><a href=\"https:\/\/yandex.com.tr\/harita\/-\/CCURBObOXA\" target=\"_blank\" rel=\"noreferrer noopener\">buraya<\/a><\/strong> t\u0131klay\u0131n.<\/li>\n<\/ul>\n\n\n\n<h3 class=\"wp-block-heading has-text-align-center has-neeon-button-dark-gray-color has-text-color has-link-color wp-elements-a9d47c9cad8e8b845cf0d28cdd1699b6\"><span class=\"ez-toc-section\" id=\"kucuklu_plaji\"><\/span><strong><strong><strong><strong>K\u00fc\u00e7\u00fckl\u00fc Plaj\u0131<\/strong><\/strong><\/strong><\/strong><span class=\"ez-toc-section-end\"><\/span><\/h3>\n\n\n\n<p>Yine Bulancak&#8217;ta bulunan plajlardan birine gidiyoruz. K\u00fc\u00e7\u00fckl\u00fc Plaj\u0131 kumdan olu\u015fan aileler i\u00e7in uygun ortam\u0131 olan bir plaj. \u015eezlong \u015femsiye, du\u015f tuvalet gibi olanaklar tesiste mevcut. Dilerseniz \u00fccretsiz \u015fekilde denize girebilirsiniz.<\/p>\n\n\n\n<h3 class=\"wp-block-heading has-text-align-center has-neeon-button-dark-gray-color has-text-color has-link-color wp-elements-ef0136be8e389a83e0322e1c2e484a24\"><span class=\"ez-toc-section\" id=\"deliklitas_halk_plaji\"><\/span><strong><strong><strong><strong>Deliklita\u015f Halk Plaj\u0131<\/strong><\/strong><\/strong><\/strong><span class=\"ez-toc-section-end\"><\/span><\/h3>\n\n\n\n<p>Giresun\u2019un G\u00f6rele il\u00e7esi sahilinde bulunan do\u011fal olu\u015fumlu Deliklita\u015f&#8217;tan al\u0131yor ad\u0131n\u0131 plaj. Efsanelere de konu olmu\u015f hatta Deliklita\u015f. Derdi olan, \u00e7ocu\u011fu olmayan bu ta\u015f\u0131n alt\u0131ndan ge\u00e7ince \u015fifa bulaca\u011f\u0131na inan\u0131l\u0131yor. Giresun plajlar\u0131 i\u00e7inde mutlaka ziyaret etmeniz gereken g\u00fczel bir yer. sahili 70-80 metre uzunlu\u011funda ve \u00e7ak\u0131ll\u0131 bir plaj\u0131 var. Plajda faydalanabilece\u011finiz tesis de bulunuyor.<\/p>\n\n\n\n<ul class=\"wp-block-list\">\n<li>Deliklita\u015f Plaj\u0131 yol tarifi i\u00e7in <strong><a href=\"https:\/\/goo.gl\/maps\/P1viTUzijxVA5miH6\" target=\"_blank\" rel=\"noreferrer noopener\">buraya<\/a><\/strong> t\u0131klay\u0131n.<\/li>\n<\/ul>\n\n\n\n<h3 class=\"wp-block-heading has-text-align-center has-neeon-button-dark-gray-color has-text-color has-link-color wp-elements-4f918e28b0ad5c19de68fe4b14d3e4e9\"><span class=\"ez-toc-section\" id=\"bada_plaji\"><\/span><strong><strong><strong><strong>Bada Plaj\u0131<\/strong><\/strong><\/strong><\/strong><span class=\"ez-toc-section-end\"><\/span><\/h3>\n\n\n\n<p>Giresun\u2019un Tirebolu il\u00e7esinde bulunan <strong>Bada Sahil Plaj\u0131<\/strong> denize girebilece\u011finiz g\u00fczel yerlerden biri. Plaj, Tirebolu il\u00e7e merkezine 7 km uzakl\u0131kta yer al\u0131yor. Sahilde zemin kumlu ve ta\u015fl\u0131 bir sahile sahip. Denizde ani derinle\u015fmeler olabiliyor. O nedenle dikkatli olunmas\u0131nda fayda var. Burada tesis anlam\u0131nda herhangi bir olanak yok. Du\u015f, tuvalet, kabin ya da yeme i\u00e7me anlam\u0131nda bir imkan bulunmuyor. O nedenle haz\u0131rl\u0131kl\u0131 bir \u015fekilde gitmelisiniz.<\/p>\n\n\n\n<ul class=\"wp-block-list\">\n<li>Bada Plaj\u0131 yol tarifi i\u00e7in <strong><a href=\"https:\/\/goo.gl\/maps\/WEpoEJA2ETt8qmWR7\" target=\"_blank\" rel=\"noreferrer noopener\">buraya<\/a><\/strong> t\u0131klay\u0131n.<\/li>\n<\/ul>\n\n\n\n<h3 class=\"wp-block-heading has-text-align-center has-neeon-button-dark-gray-color has-text-color has-link-color wp-elements-db094177bfa7f750855402c25447ec53\"><span class=\"ez-toc-section\" id=\"tirebolu_belediye_plaji\"><\/span><strong><strong><strong><strong>Tirebolu Belediye Plaj\u0131<\/strong><\/strong><\/strong><\/strong><span class=\"ez-toc-section-end\"><\/span><\/h3>\n\n\n\n<p>Tirebolu&#8217;nun hemen giri\u015finde incecik kumu, s\u0131\u011f deniziyle y\u00fczmek i\u00e7in en s\u0131k tercih edilen yerlerden biri <strong>Tirebolu Belediye Plaj\u0131.<\/strong> Plajda \u00fccretli ve \u00fccretsiz alanlar mevcut. \u015eezlong \u015femsiye kiralayabilir ya da havlunuzu serip tak\u0131labilirsiniz. Sahilde cankurtaran da oluyor. Yeme-i\u00e7me anlam\u0131nda da fiyatlar\u0131n normal oldu\u011funu s\u00f6yleyebilirim.<\/p>\n\n\n\n<ul class=\"wp-block-list\">\n<li>Tirebolu Belediye Plaj\u0131 yol tarifi i\u00e7in <strong><a href=\"https:\/\/goo.gl\/maps\/JpHTvGgwRrZt73K97\" target=\"_blank\" rel=\"noreferrer noopener\">buraya<\/a><\/strong> t\u0131klay\u0131n.<\/li>\n<\/ul>\n\n\n\n<h3 class=\"wp-block-heading has-text-align-center has-neeon-button-dark-gray-color has-text-color has-link-color wp-elements-b4d728812cc7c33083ae75356d55cf72\"><span class=\"ez-toc-section\" id=\"egrice_halk_plaji\"><\/span><strong><strong><strong><strong>E\u011frice Halk Plaj\u0131<\/strong><\/strong><\/strong><\/strong><span class=\"ez-toc-section-end\"><\/span><\/h3>\n\n\n\n<p>Piraziz il\u00e7esinde bulunan E\u011frice Halk Plaj\u0131 ye\u015fille mavinin uyumunu g\u00f6rebilece\u011finiz, denizden keyif alaca\u011f\u0131n\u0131z g\u00fczel bir plaj. Her sahil gibi hafta sonlar\u0131 buras\u0131 da kalabal\u0131k oluyor. Plajda hizmet veren restoranlar bulunuyor. \u00c7ad\u0131r kiralama ve kamp yapma olana\u011f\u0131 da var. Dilerseniz \u00fccretsiz kullanabilece\u011finiz k\u0131s\u0131mlar da var elbette. Denizi tertemiz ve hemen derinle\u015fmiyor. \u00c7ocuklar i\u00e7in gayet uygun.<\/p>\n\n\n\n<ul class=\"wp-block-list\">\n<li>E\u011frice Halk Plaj\u0131 yol tarifi i\u00e7in<strong><a href=\"https:\/\/goo.gl\/maps\/aHtfZvseuJcCp4ii9\" target=\"_blank\" rel=\"noreferrer noopener\"> buraya<\/a><\/strong> t\u0131klay\u0131n.<\/li>\n<\/ul>\n\n\n\n<h3 class=\"wp-block-heading has-text-align-center has-neeon-button-dark-gray-color has-text-color has-link-color wp-elements-dd963ad70e0e95a14710fd279efc07e7\"><span class=\"ez-toc-section\" id=\"beygir_kumu_plaji\"><\/span><strong><strong><strong><strong>Beygir Kumu Plaj\u0131<\/strong><\/strong><\/strong><\/strong><span class=\"ez-toc-section-end\"><\/span><\/h3>\n\n\n\n<p><strong>Beygir Kumu Plaj\u0131,<\/strong> Tirebolu il\u00e7esinde \u00fccretsiz bir \u015fekilde hizmet veren halk plajlar\u0131ndan biri. Tirebolu il\u00e7e merkezine olduk\u00e7a yak\u0131n konumda. Plaja \u00f6zel arac\u0131n\u0131zla ya da y\u00fcr\u00fcyerek kolayca ula\u015fabilirsiniz. Burada olanaklar biraz k\u0131s\u0131tl\u0131. Su alt\u0131nda baz\u0131 yerlerde b\u00fcy\u00fck kayalar var. Biraz da dalgal\u0131 olabiliyor bilginize.<\/p>\n\n\n\n<ul class=\"wp-block-list\">\n<li>Beygir Kumu Plaj\u0131 yol tarifi i\u00e7in<strong><a href=\"https:\/\/goo.gl\/maps\/b9LjaWgpTFj2xi157\" target=\"_blank\" rel=\"noreferrer noopener\"> buraya<\/a><\/strong> t\u0131klay\u0131n.<\/li>\n<\/ul>\n\n\n\n<h3 class=\"wp-block-heading has-text-align-center has-neeon-button-dark-gray-color has-text-color has-link-color wp-elements-62aacd3379bebd69acc61be4038dcfc0\"><span class=\"ez-toc-section\" id=\"cerkez_onu_plaji\"><\/span><strong><strong><strong><strong>\u00c7erkez \u00d6n\u00fc Plaj\u0131<\/strong><\/strong><\/strong><\/strong><span class=\"ez-toc-section-end\"><\/span><\/h3>\n\n\n\n<p>Giresun plajlar\u0131 listemize \u015fehir merkezine 21 km uzakl\u0131kta bulunan \u00c7erkez \u00d6n\u00fc Plaj\u0131 ile devam ediyoruz. Bu plaj mavi bayrakl\u0131 \u00fccretsiz bir plaj. Plaj\u0131n sahili \u00e7ak\u0131l ve kum kar\u0131\u015f\u0131k. Burada olanaklar k\u0131s\u0131tl\u0131. Tedarikli gitmenizde fayda var.<\/p>\n\n\n\n<h3 class=\"wp-block-heading has-text-align-center has-neeon-button-dark-gray-color has-text-color has-link-color wp-elements-4c90065b936e3072ae81294c100d2615\"><span class=\"ez-toc-section\" id=\"asarkaya_plaji\"><\/span><strong><strong><strong><strong>Asarkaya Plaj\u0131<\/strong><\/strong><\/strong><\/strong><span class=\"ez-toc-section-end\"><\/span><\/h3>\n\n\n\n<p><strong>Asarkaya Plaj\u0131,<\/strong> Ke\u015fap il\u00e7esinde bulunuyor. Plaja il\u00e7e merkezinden y\u00fcr\u00fcyerek ula\u015fabilirsiniz. Plajda bulunan tesislerden faydalanabilirsiniz. Yeme i\u00e7me, \u015fezlong \u015femsiye gibi ihtiya\u00e7lar\u0131n\u0131za y\u00f6nelik hizmetler var. Zemin kum olsa da denize giri\u015fte ta\u015flar var. Deniz ayakkab\u0131n\u0131z yan\u0131n\u0131zda olsun.<\/p>\n\n\n\n<ul class=\"wp-block-list\">\n<li>Asarkaya Plaj\u0131 yol tarifi i\u00e7in<strong><a href=\"https:\/\/goo.gl\/maps\/5BahP8L2KZh1bMhc6\" target=\"_blank\" rel=\"noreferrer noopener\"> buraya<\/a><\/strong> t\u0131klay\u0131n.<\/li>\n<\/ul>\n\n\n\n<h3 class=\"wp-block-heading has-text-align-center has-neeon-button-dark-gray-color has-text-color has-link-color wp-elements-c06b4764c2f5ffcc8732fef2f9163277\"><span class=\"ez-toc-section\" id=\"jandarma_plaji\"><\/span><strong><strong><strong><strong>Jandarma Plaj\u0131<\/strong><\/strong><\/strong><\/strong><span class=\"ez-toc-section-end\"><\/span><\/h3>\n\n\n\n<p>Tsk personeline \u00f6zel bir plaj. Kartla giri\u015f yap\u0131l\u0131yor. O nedenle herkesin kullan\u0131m\u0131na a\u00e7\u0131k de\u011fil. e\u011fer askeri personelseniz Giresun&#8217;da y\u00fczmek i\u00e7in <strong>Jandarma Plaj\u0131<\/strong>&#8216;n\u0131 de\u011ferlendirebilirsiniz. Soyunma kabini, du\u015f, cafe, \u00e7ocuk park\u0131 ve voleybol sahas\u0131 bulunuyor. Keyifle vakit ge\u00e7irebilece\u011finiz bir tesis. Fiyatlar da uygun.<\/p>\n\n\n\n<ul class=\"wp-block-list\">\n<li>Jandarma Plaj\u0131 yol tarifi i\u00e7in<strong><a href=\"https:\/\/goo.gl\/maps\/gDazJtbV7iwhKV7x7\" target=\"_blank\" rel=\"noreferrer noopener\"> buraya<\/a><\/strong> t\u0131klay\u0131n.<\/li>\n<\/ul>\n\n\n\n<h3 class=\"wp-block-heading has-text-align-center has-neeon-button-dark-gray-color has-text-color has-link-color wp-elements-423b2907605a37c5f29dcfad699cfa3b\"><span class=\"ez-toc-section\" id=\"yilgin_plaji\"><\/span><strong><strong><strong><strong>Y\u0131lg\u0131n Plaj\u0131<\/strong><\/strong><\/strong><\/strong><span class=\"ez-toc-section-end\"><\/span><\/h3>\n\n\n\n<p><strong>Y\u0131lg\u0131n Plaj\u0131<\/strong> Tirebolu\u2019da bulunan plajlardan biri. Merkezi konumda olan plajda soyunma kabini, yeme-i\u00e7me, \u015femsiye, \u015fezlong, tuvalet ve du\u015f olanaklar\u0131 bulunuyor. Hizmet veren i\u015fletmeler var. Burada zemin kum ve \u00e7ak\u0131l ta\u015flar\u0131ndan olu\u015fuyor. Deniz h\u0131zl\u0131 derinle\u015fiyor. Ak\u0131nt\u0131y\u0131 da g\u00f6z \u00f6n\u00fcnde bulundurup a\u00e7\u0131lmamak gerek. kar\u015f\u0131daki adalara y\u00fczmek tehlikeli olabilir uyarm\u0131\u015f olay\u0131m. A\u011fa\u00e7l\u0131k alanda kamp yapabilirsiniz.<\/p>\n\n\n\n<ul class=\"wp-block-list\">\n<li>Y\u0131lg\u0131n Plaj\u0131 yol tarifi i\u00e7in<strong><a href=\"https:\/\/goo.gl\/maps\/HRKVdao1ZuxEntn8A\" target=\"_blank\" rel=\"noreferrer noopener\"> buraya<\/a><\/strong> t\u0131klay\u0131n.<\/li>\n<\/ul>\n\n\n\n<h3 class=\"wp-block-heading has-text-align-center has-neeon-button-dark-gray-color has-text-color has-link-color wp-elements-39ba2561428da080662728240740230b\"><span class=\"ez-toc-section\" id=\"kucukcay_plaji\"><\/span><strong><strong><strong><strong>K\u00fc\u00e7\u00fck\u00e7ay Plaj\u0131<\/strong><\/strong><\/strong><\/strong><span class=\"ez-toc-section-end\"><\/span><\/h3>\n\n\n\n<p>Giresun\u2019un Tirebolu il\u00e7esinde bulunuyor <strong>K\u00fc\u00e7\u00fck\u00e7ay Plaj\u0131<\/strong>. \u0130l\u00e7eye 10 km uzakl\u0131kta \u00fccretsiz \u015fekilde yararlanabilece\u011finiz halk plajlar\u0131ndan biri. Plaj kumlu bir sahile sahip. Burada ziyaret\u00e7ilerin yararlanabilece\u011fi tuvalet, du\u015f, soyunma kabini, restoran ve beachler bulunuyor. Karadeniz k\u0131y\u0131s\u0131nda y\u00fczebilece\u011finiz en g\u00fczel yerlerden. Y\u00fczerken arkan\u0131z\u0131 d\u00f6n\u00fcn ve bol ye\u015fillikli k\u0131y\u0131 manzaras\u0131n\u0131 izleyin.<\/p>\n\n\n\n<ul class=\"wp-block-list\">\n<li>K\u00fc\u00e7\u00fck\u00e7ay Plaj\u0131 yol tarifi i\u00e7in<strong><a href=\"https:\/\/goo.gl\/maps\/z5oYcvJN4rNtVYWx9\" target=\"_blank\" rel=\"noreferrer noopener\"> buraya<\/a><\/strong> t\u0131klay\u0131n.<\/li>\n<\/ul>\n\n\n\n<h3 class=\"wp-block-heading has-text-align-center has-neeon-button-dark-gray-color has-text-color has-link-color wp-elements-2b9e2020f50f97352127502bbef6ccdc\"><span class=\"ez-toc-section\" id=\"boztepealti_plaji\"><\/span><strong><strong><strong><strong>Boztepealt\u0131 Plaj\u0131<\/strong><\/strong><\/strong><\/strong><span class=\"ez-toc-section-end\"><\/span><\/h3>\n\n\n\n<p>Boztepealt\u0131 Plaj\u0131, Eynesil il\u00e7esinde bulunuyor. K\u00fc\u00e7\u00fck bir plaj olmas\u0131na ra\u011fmen b\u00f6lgede denize girilebilecek en g\u00fczel alanlardan birisi. Eynesil Kalesi\u2019nin hemen yan\u0131nda bulunan plaj\u0131n manzaras\u0131 da \u00e7ok g\u00fczel.<\/p>\n\n\n\n<p>Plajda herhangi bir tesis bulunmuyor. Bu halk plaj\u0131na giderken tedarikli gidin. Yiyecek i\u00e7eceklerinizi yan\u0131n\u0131za al\u0131n. \u015eemsiye ve sandalyelerinizi a\u00e7\u0131p sahilin keyfini \u00e7\u0131kar\u0131n.<\/p>\n\n\n\n<p>Giresun \u015fehir merkezine uzakl\u0131\u011f\u0131 74 kilometre olup ara\u00e7 ile 1 saatte plaja ula\u015f\u0131labilmektedir.<\/p>\n\n\n\n<ul class=\"wp-block-list\">\n<li>Boztepealt\u0131 Plaj\u0131 yol tarifi i\u00e7in <strong><a href=\"https:\/\/yandex.com.tr\/harita\/-\/CCURFWt-TC\" target=\"_blank\" rel=\"noreferrer noopener\">buraya<\/a><\/strong> t\u0131klay\u0131n.<\/li>\n<\/ul>\n\n\n\n<h3 class=\"wp-block-heading has-text-align-center has-neeon-button-dark-gray-color has-text-color has-link-color wp-elements-4a511ab4425df4f0996a30908f53d670\"><span class=\"ez-toc-section\" id=\"duzkoy_alti_aile_plaji\"><\/span><strong><strong><strong><strong>D\u00fczk\u00f6y Alt\u0131 Aile Plaj\u0131<\/strong><\/strong><\/strong><\/strong><span class=\"ez-toc-section-end\"><\/span><\/h3>\n\n\n\n<p>Giresun plajlar\u0131 i\u00e7inde kumsal ve denizi \u00e7abuk derinle\u015fmeyen bir plaj ar\u0131yorsan\u0131z D\u00fczk\u00f6yalt\u0131 Plaj\u0131&#8217;n\u0131 tercih edebilirsiniz. Burada hem \u00fccretsiz \u015fekilde faydalanabilece\u011finiz halk plaj\u0131 k\u0131sm\u0131 hem de hizmet alabilece\u011finiz \u00fccretli tesis k\u0131sm\u0131 var. Sahili kumsal ama denizin giri\u015finde ta\u015flar var. Burada kamp yapma olana\u011f\u0131 da mevcut.<\/p>\n\n\n\n<ul class=\"wp-block-list\">\n<li>D\u00fczk\u00f6y Alt\u0131 Aile Plaj\u0131 yol tarifi i\u00e7in <strong><a href=\"https:\/\/goo.gl\/maps\/zSsQEPbyjPijaB2K9\" target=\"_blank\" rel=\"noreferrer noopener\">buraya<\/a><\/strong> t\u0131klay\u0131n.<\/li>\n<\/ul>\n\n\n\n<h3 class=\"wp-block-heading has-text-align-center has-neeon-button-dark-gray-color has-text-color has-link-color wp-elements-315ee052dd1a81e2dff748c1e2209251\"><span class=\"ez-toc-section\" id=\"kaynarca_aile_plaji\"><\/span><strong><strong><strong><strong>Kaynarca Aile Plaj\u0131<\/strong><\/strong><\/strong><\/strong><span class=\"ez-toc-section-end\"><\/span><\/h3>\n\n\n\n<p>Kaynarca aile plaj\u0131 Tirebolu&#8217;da denize girebilece\u011finiz g\u00fczel bir plaj. Burada bir i\u015fletme bulunuyor. \u015eezlong \u015femsiye kiralayabilirsiniz. Ancak Giresun&#8217;daki plaj i\u015fletmelerinin genel sorunu \u015fu ki \u015fezlonglar\u0131n \u00fczerinde minder yok. Bu da olay\u0131 konforsuz hale getiriyor. Yumu\u015fac\u0131k kumda yatar\u0131m daha iyi diyebilirsiniz. \ud83d\ude0a Yani Ege&#8217;de Akdeniz&#8217;de beach fiyatlar\u0131 fahi\u015f ama adamlar bu i\u015fi biliyor yalan yok.<\/p>\n\n\n\n<p>Du\u015f, tuvalet, soyunma kabini, otopark gibi olanaklar da var. Kafesinde bir \u015feyler yiyip i\u00e7ebilirsiniz. Fiyatlar normal seviyede. Plaj\u0131 kumsal, deniz ani derinle\u015febiliyor. Dikkatli olmakta fayda var.<\/p>\n\n\n\n<ul class=\"wp-block-list\">\n<li>Kaynarca Aile Plaj\u0131 yol tarifi i\u00e7in<strong><a href=\"https:\/\/goo.gl\/maps\/YSGBRu5UnLkCr86R7\" target=\"_blank\" rel=\"noreferrer noopener\"> buraya<\/a><\/strong> t\u0131klay\u0131n.<\/li>\n<\/ul>\n\n\n\n<h3 class=\"wp-block-heading has-text-align-center has-neeon-button-dark-gray-color has-text-color has-link-color wp-elements-92a357a828d07f967cfbd7f4432b5193\"><span class=\"ez-toc-section\" id=\"sky_beach\"><\/span><strong><strong><strong>Sky Beach<\/strong><\/strong><\/strong><span class=\"ez-toc-section-end\"><\/span><\/h3>\n\n\n\n<p>Giresun plajlar\u0131 listemi bir beach ile kapatay\u0131m istedim. Bu tarz i\u015fletmeler Karadeniz&#8217;de g\u00f6rmeye pek al\u0131\u015f\u0131k olmad\u0131\u011f\u0131m\u0131z yerler. O nedenle nadir bulunan bu yeri yazmasam olmazd\u0131. Sahilde zemin kumsal, deniz s\u0131\u011f. \u0130\u015fletmede \u015fezlong \u015femsiye kiralayabiliyorsunuz. Bir de Giresun&#8217;da ba\u015fka yerlerden pek al\u0131\u015f\u0131k olmad\u0131\u011f\u0131m\u0131z masa ve sandalye kiralama olana\u011f\u0131 da bulunuyor. Bu se\u00e7ene\u011fi de de\u011ferlendirebilirsiniz.<\/p>\n\n\n\n<ul class=\"wp-block-list\">\n<li>Sky Beach Giresun yol tarifi i\u00e7in<strong> <a href=\"https:\/\/goo.gl\/maps\/a3XQsxEhWays5Lvr5\" target=\"_blank\" rel=\"noreferrer noopener\">buraya<\/a><\/strong> t\u0131klay\u0131n.<\/li>\n<\/ul>\n\n\n\n<p><\/p>\n\n\n\n<p>Bu g\u00fczel plajlar\u0131 ziyaret etmek i\u00e7in tek yapman\u0131z gereken <strong><a href=\"https:\/\/www.turna.com\/ucak-bileti\/ordu-giresun\" target=\"_blank\" rel=\"noreferrer noopener\">Giresun u\u00e7ak bileti<\/a><\/strong> almak. Ayr\u0131ca Giresun ile ilgili yazd\u0131\u011f\u0131m di\u011fer yaz\u0131lar\u0131m\u0131 da mutlaka okuyun.<\/p>\n\n\n\n<p><strong><a href=\"https:\/\/www.turna.com\/blog\/giresun-gezilecek-yerler?swcfpc=1\" target=\"_blank\" rel=\"noreferrer noopener\">Giresun Gezilecek Yerler<\/a><\/strong><\/p>\n\n\n\n<p><strong><a href=\"https:\/\/www.turna.com\/blog\/giresun-gorele-gezilecek-yerler-en-guzel-6-yer?swcfpc=1\" target=\"_blank\" rel=\"noreferrer noopener\">Giresun G\u00f6rele Gezilecek Yerler<\/a><\/strong><\/p>\n\n\n\n<p><strong><a href=\"https:\/\/www.turna.com\/blog\/giresun-mavi-gol?swcfpc=1\" target=\"_blank\" rel=\"noreferrer noopener\">Giresun Mavi G\u00f6l<\/a><\/strong><\/p>\n\n    <div class=\"xs_social_share_widget xs_share_url after_content \t\tmain_content  wslu-style-1 wslu-share-box-shaped wslu-fill-colored wslu-none wslu-share-horizontal wslu-theme-font-no wslu-main_content\">\n\n\t\t\n        <ul>\n\t\t\t        <\/ul>\n    <\/div> \n","protected":false},"excerpt":{"rendered":"<p>Karadeniz&#8217;de hem sezon k\u0131sa s\u00fcr\u00fcyor hem de deniz dalgal\u0131 oluyor diye pek tercih etmeyiz. Ama bu listede kumsal, s\u0131\u011f ve tertemiz Giresun plajlar\u0131 var.<\/p>\n","protected":false},"author":34,"featured_media":21062,"comment_status":"open","ping_status":"open","sticky":false,"template":"","format":"standard","meta":{"rop_custom_images_group":[],"rop_custom_messages_group":[],"rop_publish_now":"initial","rop_publish_now_accounts":[],"rop_publish_now_history":[],"rop_publish_now_status":"pending","_cloudinary_featured_overwrite":false,"footnotes":""},"categories":[2,1832,84],"tags":[625],"class_list":["post-21059","post","type-post","status-publish","format-standard","has-post-thumbnail","hentry","category-ulkeler","category-giresun","category-turkiye","tag-giresun"],"_links":{"self":[{"href":"https:\/\/www.turna.com\/blog\/wp-json\/wp\/v2\/posts\/21059","targetHints":{"allow":["GET"]}}],"collection":[{"href":"https:\/\/www.turna.com\/blog\/wp-json\/wp\/v2\/posts"}],"about":[{"href":"https:\/\/www.turna.com\/blog\/wp-json\/wp\/v2\/types\/post"}],"author":[{"embeddable":true,"href":"https:\/\/www.turna.com\/blog\/wp-json\/wp\/v2\/users\/34"}],"replies":[{"embeddable":true,"href":"https:\/\/www.turna.com\/blog\/wp-json\/wp\/v2\/comments?post=21059"}],"version-history":[{"count":0,"href":"https:\/\/www.turna.com\/blog\/wp-json\/wp\/v2\/posts\/21059\/revisions"}],"wp:featuredmedia":[{"embeddable":true,"href":"https:\/\/www.turna.com\/blog\/wp-json\/wp\/v2\/media\/21062"}],"wp:attachment":[{"href":"https:\/\/www.turna.com\/blog\/wp-json\/wp\/v2\/media?parent=21059"}],"wp:term":[{"taxonomy":"category","embeddable":true,"href":"https:\/\/www.turna.com\/blog\/wp-json\/wp\/v2\/categories?post=21059"},{"taxonomy":"post_tag","embeddable":true,"href":"https:\/\/www.turna.com\/blog\/wp-json\/wp\/v2\/tags?post=21059"}],"curies":[{"name":"wp","href":"https:\/\/api.w.org\/{rel}","templated":true}]}}