{"id":21057,"date":"2022-08-08T18:30:46","date_gmt":"2022-08-08T15:30:46","guid":{"rendered":"https:\/\/www.turna.com\/blog\/?p=21057"},"modified":"2025-06-27T15:53:14","modified_gmt":"2025-06-27T12:53:14","slug":"giresun-mavi-gol","status":"publish","type":"post","link":"https:\/\/www.turna.com\/blog\/giresun-mavi-gol","title":{"rendered":"Giresun Mavi G\u00f6l : Bir Tabiat Harikas\u0131"},"content":{"rendered":"<div id=\"ez-toc-container\" class=\"ez-toc-v2_0_82_2 counter-hierarchy ez-toc-counter ez-toc-black ez-toc-container-direction\">\n<div class=\"ez-toc-title-container\">\n<p class=\"ez-toc-title\" style=\"cursor:inherit\">\u0130\u00e7indekiler<\/p>\n<span class=\"ez-toc-title-toggle\"><a href=\"#\" class=\"ez-toc-pull-right ez-toc-btn ez-toc-btn-xs ez-toc-btn-default ez-toc-toggle\" aria-label=\"\u0130\u00e7indekiler Tablosunu A\u00e7\/Kapat\"><span class=\"ez-toc-js-icon-con\"><span class=\"\"><span class=\"eztoc-hide\" style=\"display:none;\">Toggle<\/span><span class=\"ez-toc-icon-toggle-span\"><svg style=\"fill: #ffffff;color:#ffffff\" xmlns=\"http:\/\/www.w3.org\/2000\/svg\" class=\"list-377408\" width=\"20px\" height=\"20px\" viewBox=\"0 0 24 24\" fill=\"none\"><path d=\"M6 6H4v2h2V6zm14 0H8v2h12V6zM4 11h2v2H4v-2zm16 0H8v2h12v-2zM4 16h2v2H4v-2zm16 0H8v2h12v-2z\" fill=\"currentColor\"><\/path><\/svg><svg style=\"fill: #ffffff;color:#ffffff\" class=\"arrow-unsorted-368013\" xmlns=\"http:\/\/www.w3.org\/2000\/svg\" width=\"10px\" height=\"10px\" viewBox=\"0 0 24 24\" version=\"1.2\" baseProfile=\"tiny\"><path d=\"M18.2 9.3l-6.2-6.3-6.2 6.3c-.2.2-.3.4-.3.7s.1.5.3.7c.2.2.4.3.7.3h11c.3 0 .5-.1.7-.3.2-.2.3-.5.3-.7s-.1-.5-.3-.7zM5.8 14.7l6.2 6.3 6.2-6.3c.2-.2.3-.5.3-.7s-.1-.5-.3-.7c-.2-.2-.4-.3-.7-.3h-11c-.3 0-.5.1-.7.3-.2.2-.3.5-.3.7s.1.5.3.7z\"\/><\/svg><\/span><\/span><\/span><\/a><\/span><\/div>\n<nav><ul class='ez-toc-list ez-toc-list-level-1 eztoc-toggle-hide-by-default' ><li class='ez-toc-page-1 ez-toc-heading-level-2'><a class=\"ez-toc-link ez-toc-heading-1\" href=\"https:\/\/www.turna.com\/blog\/giresun-mavi-gol\/#giresun_mavi_gol_hakkinda_bilgi\" >Giresun Mavi G\u00f6l Hakk\u0131nda Bilgi<\/a><ul class='ez-toc-list-level-3' ><li class='ez-toc-heading-level-3'><a class=\"ez-toc-link ez-toc-heading-2\" href=\"https:\/\/www.turna.com\/blog\/giresun-mavi-gol\/#giresun_mavi_gol_nerede\" >Giresun Mavi G\u00f6l Nerede?<\/a><\/li><li class='ez-toc-page-1 ez-toc-heading-level-3'><a class=\"ez-toc-link ez-toc-heading-3\" href=\"https:\/\/www.turna.com\/blog\/giresun-mavi-gol\/#giresun_mavi_gol_giris_ucreti\" >Giresun Mavi G\u00f6l Giri\u015f \u00dccreti<\/a><\/li><li class='ez-toc-page-1 ez-toc-heading-level-3'><a class=\"ez-toc-link ez-toc-heading-4\" href=\"https:\/\/www.turna.com\/blog\/giresun-mavi-gol\/#giresun_mavi_gol_suyu_neden_mavi\" >Giresun Mavi G\u00f6l suyu neden mavi?<\/a><\/li><li class='ez-toc-page-1 ez-toc-heading-level-3'><a class=\"ez-toc-link ez-toc-heading-5\" href=\"https:\/\/www.turna.com\/blog\/giresun-mavi-gol\/#mavi_gol_ne_zaman_mavi_oluyor\" >Mavi G\u00f6l ne zaman mavi oluyor?<\/a><\/li><\/ul><\/li><\/ul><\/nav><\/div>\n\n<p>\u2018\u2019Sodal\u0131 G\u00f6l veya G\u00f6\u011f G\u00f6l\u2019\u2019&nbsp;olarak da an\u0131lan<strong>&nbsp;Giresun Mavi G\u00f6l<\/strong>&nbsp;muhte\u015fem bir do\u011fal olu\u015fum. Son y\u0131llarda sosyal medyada yap\u0131lan payla\u015f\u0131mlarla bilinirli\u011fi artan g\u00f6l \u00e7ok say\u0131da ziyaret\u00e7i a\u011f\u0131rl\u0131yor. Bu denli pop\u00fcler olmas\u0131nda ad\u0131n\u0131 da ald\u0131\u011f\u0131 mavi rengi rol oynuyor. Gitti\u011finiz d\u00f6neme g\u00f6re renginde farkl\u0131l\u0131klar olabilir. Karadeniz\u2019in bu nadide g\u00fczelli\u011fini daha yak\u0131ndan tan\u0131yal\u0131m m\u0131?<\/p>\n\n\n\n<h2 class=\"wp-block-heading has-text-align-center has-neeon-button-dark-gray-color has-text-color has-link-color wp-elements-8da733acfccdc7bbaa7a416e1dc79e73\"><span class=\"ez-toc-section\" id=\"giresun_mavi_gol_hakkinda_bilgi\"><\/span><strong><strong><strong><strong><strong><strong>Giresun Mavi G\u00f6l Hakk\u0131nda Bilgi<\/strong><\/strong><\/strong><\/strong><\/strong><\/strong><span class=\"ez-toc-section-end\"><\/span><\/h2>\n\n\n\n<figure class=\"wp-block-image size-large\"><img width=\"800\" height=\"500\" decoding=\"async\" src=\"data:image\/svg+xml;base64,PHN2ZyB4bWxucz0iaHR0cDovL3d3dy53My5vcmcvMjAwMC9zdmciIHdpZHRoPSI4MDAiIGhlaWdodD0iNTAwIj48cmVjdCB3aWR0aD0iMTAwJSIgaGVpZ2h0PSIxMDAlIj48YW5pbWF0ZSBhdHRyaWJ1dGVOYW1lPSJmaWxsIiB2YWx1ZXM9InJnYmEoMTUzLDE1MywxNTMsMC41KTtyZ2JhKDE1MywxNTMsMTUzLDAuMSk7cmdiYSgxNTMsMTUzLDE1MywwLjUpIiBkdXI9IjJzIiByZXBlYXRDb3VudD0iaW5kZWZpbml0ZSIgLz48L3JlY3Q+PC9zdmc+\" alt=\"Giresun Mavi G\u00f6l Hakk\u0131nda Bilgi\" data-public-id=\"giresun_mavi_g\u00f6l\/giresun_mavi_g\u00f6l.jpg\" class=\"wp-post-21057 wp-image-21058\" data-format=\"jpg\" data-transformations=\"f_auto,q_auto:low\" data-version=\"1659972091\" data-seo=\"1\" data-size=\"800 500\" data-srcset=\"https:\/\/res.cloudinary.com\/turna\/images\/f_auto,q_auto:low\/v1659972091\/giresun_mavi_g\u00f6l\/giresun_mavi_g\u00f6l.jpg?_i=AA 800w, https:\/\/res.cloudinary.com\/turna\/images\/w_300,h_188,c_scale\/f_auto,q_auto:low\/v1659972091\/giresun_mavi_g\u00f6l\/giresun_mavi_g\u00f6l.jpg?_i=AA 300w, https:\/\/res.cloudinary.com\/turna\/images\/w_672,h_420,c_scale\/f_auto,q_auto:low\/v1659972091\/giresun_mavi_g\u00f6l\/giresun_mavi_g\u00f6l.jpg?_i=AA 672w, https:\/\/res.cloudinary.com\/turna\/images\/w_640,h_400,c_scale\/f_auto,q_auto:low\/v1659972091\/giresun_mavi_g\u00f6l\/giresun_mavi_g\u00f6l.jpg?_i=AA 640w, https:\/\/res.cloudinary.com\/turna\/images\/w_681,h_426,c_scale\/f_auto,q_auto:low\/v1659972091\/giresun_mavi_g\u00f6l\/giresun_mavi_g\u00f6l.jpg?_i=AA 681w\" data-sizes=\"(max-width: 800px) 100vw, 800px\" data-delivery=\"upload\" onload=\";window.CLDBind?CLDBind(this):null;\" data-cloudinary=\"lazy\" \/><\/figure>\n\n\n\n<p>G\u00f6ksu Deresi ile Aksu \u00c7ay\u0131&#8217;n\u0131n birle\u015fti\u011fi noktadan bat\u0131ya do\u011fru \u00e7anak \u015feklinde en b\u00fcy\u00fc\u011f\u00fc 30 m \u00e7ap\u0131nda 5 adet g\u00f6l olu\u015fturuyor. Bunlardan biri de Mavi G\u00f6l. Aksu-G\u00f6ksu \u00e7aylar\u0131n\u0131n birle\u015fmesinden do\u011fan Mavi G\u00f6l Karadeniz b\u00f6lgesinin tek sodal\u0131 g\u00f6l\u00fc. Karlar\u0131n erimesiyle uzun s\u00fcre g\u00f6z al\u0131c\u0131 bir turkuaz renge b\u00fcr\u00fcn\u00fcyor.<\/p>\n\n\n\n<p>Mavi G\u00f6l Kuzalan Tabiat Park\u0131 i\u00e7erisinde yer al\u0131yor. 482 hektarl\u0131k bir alana yay\u0131lan bu tabiat park\u0131n\u0131n en \u00f6nemli \u00f6zelli\u011fi travertenleri. Halk\u0131n beyaz ta\u015f olarak adland\u0131rd\u0131\u011f\u0131 travertenler pek fazla bilinmiyor. Giresun\u2019un Pamukkale\u2019si olarak an\u0131lan G\u00f6ksu travertenleri&nbsp;de buraya gitti\u011finizde mutlaka g\u00f6rmeniz gereken bir yer.<\/p>\n\n\n\n<p>Ayr\u0131ca Kuzalan Tabiat Park\u0131 i\u00e7inde g\u00f6rebilece\u011finiz bir de Kuzalan \u015eelalesi var. Do\u011fayla b\u00fct\u00fcnle\u015fece\u011finiz bu m\u00fcthi\u015f tabiat park\u0131 Giresun gezilecek yerler listelerinin olmazsa olmaz\u0131. G\u00f6le 7 km mesafede bir mesire alan\u0131 bulunuyor. Ayr\u0131ca g\u00f6le yak\u0131n konumda restoranlar da bulunuyor.<\/p>\n\n\n\n<p>Konaklamak istiyorsan\u0131z b\u00f6lgede hizmet veren bir kamp alan\u0131 yok. Do\u011fada uygun bir yer belirleyip kamp yapabilirsiniz. Ancak Karadeniz&#8217;de oldu\u011funuzu ve ay\u0131larla kar\u015f\u0131la\u015fma ihtimaliniz oldu\u011funu unutmay\u0131n.<\/p>\n\n\n\n<h3 class=\"wp-block-heading has-text-align-center has-neeon-button-dark-gray-color has-text-color has-link-color wp-elements-dfe53870d673e4bd103de56822b89be8\"><span class=\"ez-toc-section\" id=\"giresun_mavi_gol_nerede\"><\/span><strong><strong><strong><strong>Giresun Mavi G\u00f6l Nerede?<\/strong><\/strong><\/strong><\/strong><span class=\"ez-toc-section-end\"><\/span><\/h3>\n\n\n\n<figure class=\"wp-block-image size-large\"><img decoding=\"async\" src=\"https:\/\/res.cloudinary.com\/turna\/image\/upload\/v1659972089\/mavi_g%C3%B6l_dereli.jpg\" alt=\"Giresun Mavi G\u00f6l Nerede?\"\/><\/figure>\n\n\n\n<p>Buraya toplu ta\u015f\u0131ma ile gidecekseniz Giresun otogardan Dereli minib\u00fcslerine binebilirsiniz. G\u00fcn\u00fcbirlik turlar da tercih edilebilir. Bireysel arac\u0131n\u0131zla gidecekseniz Giresun merkezden 45 km giderek kolayl\u0131kla ula\u015fabilirsiniz.<\/p>\n\n\n\n<p><strong><br>Giresun Mavi G\u00f6l Aras\u0131 ka\u00e7 km?<\/strong><\/p>\n\n\n\n<p>Giresun iline&nbsp;45 kilometre, Dereli il\u00e7esine 13 kilometre mesafede.<\/p>\n\n\n\n<p><br>Giresun Mavi G\u00f6l yol tarifi i\u00e7in <strong><a href=\"https:\/\/goo.gl\/maps\/jWQsdbW4niudQa116\" target=\"_blank\" rel=\"noreferrer noopener\">buraya<\/a><\/strong> t\u0131klay\u0131n.<\/p>\n\n\n\n<h3 class=\"wp-block-heading has-text-align-center has-neeon-button-dark-gray-color has-text-color has-link-color wp-elements-dfaa484b8d4d71658665deed3f296628\"><span class=\"ez-toc-section\" id=\"giresun_mavi_gol_giris_ucreti\"><\/span><strong><strong><strong><strong>Giresun Mavi G\u00f6l <\/strong>Giri\u015f \u00dccreti<\/strong><\/strong><\/strong><span class=\"ez-toc-section-end\"><\/span><\/h3>\n\n\n\n<figure class=\"wp-block-image size-large\"><img decoding=\"async\" src=\"https:\/\/res.cloudinary.com\/turna\/image\/upload\/v1659972089\/mavi_g%C3%B6l_giresun.jpg\" alt=\"Giresun Mavi G\u00f6l Giri\u015f \u00dccreti\"\/><\/figure>\n\n\n\n<p>Mavi G\u00f6l i\u00e7in herhangi bir giri\u015f \u00fccreti yok. Ayr\u0131ca \u00fccretsiz otopark imkan\u0131 da mevcut.<\/p>\n\n\n<div id=\"rank-math-faq\" class=\"rank-math-block\">\n<div class=\"rank-math-list \">\n<div id=\"faq-question-685a805c149f4\" class=\"rank-math-list-item\">\n<h3 class=\"rank-math-question \"><span class=\"ez-toc-section\" id=\"giresun_mavi_gol_suyu_neden_mavi\"><\/span>Giresun Mavi G\u00f6l suyu neden mavi?<br \/><span class=\"ez-toc-section-end\"><\/span><\/h3>\n<div class=\"rank-math-answer \">\n\n<p>B\u00f6lgenin \u00f6nemli bir \u00f6zelli\u011fi zengin mineralli sulara sahip olmas\u0131. Mavi g\u00f6l turkuaz rengini bu sulardan gelen mineraller sayesinde al\u0131yor.<\/p>\n\n<\/div>\n<\/div>\n<div id=\"faq-question-685a805c149f6\" class=\"rank-math-list-item\">\n<h3 class=\"rank-math-question \"><span class=\"ez-toc-section\" id=\"mavi_gol_ne_zaman_mavi_oluyor\"><\/span>Mavi G\u00f6l ne zaman mavi oluyor?<br \/><span class=\"ez-toc-section-end\"><\/span><\/h3>\n<div class=\"rank-math-answer \">\n\n<p>G\u00f6l karlar\u0131n erimesiyle\u00a0<strong>Haziran ay\u0131 ile Aral\u0131k aras\u0131<\/strong>\u00a0turkuaz renge b\u00fcr\u00fcn\u00fcyor.<\/p>\n\n<\/div>\n<\/div>\n<\/div>\n<\/div>\n\n\n<p>Bu do\u011fa harikas\u0131n\u0131 ziyaret etmek i\u00e7in tek yapman\u0131z gereken <strong><a href=\"https:\/\/www.turna.com\/ucak-bileti\/ordu-giresun\" target=\"_blank\" rel=\"noreferrer noopener\">Giresun u\u00e7ak bileti<\/a><\/strong> almak. Ayr\u0131ca Giresun ile ilgili yazd\u0131\u011f\u0131m di\u011fer yaz\u0131lar\u0131m\u0131 da mutlaka okuyun.<\/p>\n\n\n\n<p><strong><a href=\"https:\/\/www.turna.com\/blog\/giresun-gorele-gezilecek-yerler-en-guzel-6-yer?swcfpc=1\" target=\"_blank\" rel=\"noreferrer noopener\">Giresun G\u00f6rele Gezilecek Yerler<\/a><\/strong><\/p>\n\n\n\n<p><strong><a href=\"https:\/\/www.turna.com\/blog\/giresun-gezilecek-yerler?swcfpc=1\" target=\"_blank\" rel=\"noreferrer noopener\">Giresun Gezilecek Yerler<\/a><\/strong><\/p>\n\n    <div class=\"xs_social_share_widget xs_share_url after_content \t\tmain_content  wslu-style-1 wslu-share-box-shaped wslu-fill-colored wslu-none wslu-share-horizontal wslu-theme-font-no wslu-main_content\">\n\n\t\t\n        <ul>\n\t\t\t        <\/ul>\n    <\/div> \n","protected":false},"excerpt":{"rendered":"<p>\u2018\u2019Sodal\u0131 G\u00f6l veya G\u00f6\u011f G\u00f6l\u2019\u2019\u00a0olarak da an\u0131lan Giresun Mavi G\u00f6l muhte\u015fem bir do\u011fal olu\u015fum. Son y\u0131llarda sosyal medyada yap\u0131lan payla\u015f\u0131mlarla bilinirli\u011fi artan g\u00f6l \u00e7ok say\u0131da ziyaret\u00e7i a\u011f\u0131rl\u0131yor.<\/p>\n","protected":false},"author":34,"featured_media":21058,"comment_status":"open","ping_status":"open","sticky":false,"template":"","format":"standard","meta":{"rop_custom_images_group":[],"rop_custom_messages_group":[],"rop_publish_now":"initial","rop_publish_now_accounts":[],"rop_publish_now_history":[],"rop_publish_now_status":"pending","_cloudinary_featured_overwrite":false,"footnotes":""},"categories":[2],"tags":[625],"class_list":["post-21057","post","type-post","status-publish","format-standard","has-post-thumbnail","hentry","category-ulkeler","tag-giresun"],"_links":{"self":[{"href":"https:\/\/www.turna.com\/blog\/wp-json\/wp\/v2\/posts\/21057","targetHints":{"allow":["GET"]}}],"collection":[{"href":"https:\/\/www.turna.com\/blog\/wp-json\/wp\/v2\/posts"}],"about":[{"href":"https:\/\/www.turna.com\/blog\/wp-json\/wp\/v2\/types\/post"}],"author":[{"embeddable":true,"href":"https:\/\/www.turna.com\/blog\/wp-json\/wp\/v2\/users\/34"}],"replies":[{"embeddable":true,"href":"https:\/\/www.turna.com\/blog\/wp-json\/wp\/v2\/comments?post=21057"}],"version-history":[{"count":0,"href":"https:\/\/www.turna.com\/blog\/wp-json\/wp\/v2\/posts\/21057\/revisions"}],"wp:featuredmedia":[{"embeddable":true,"href":"https:\/\/www.turna.com\/blog\/wp-json\/wp\/v2\/media\/21058"}],"wp:attachment":[{"href":"https:\/\/www.turna.com\/blog\/wp-json\/wp\/v2\/media?parent=21057"}],"wp:term":[{"taxonomy":"category","embeddable":true,"href":"https:\/\/www.turna.com\/blog\/wp-json\/wp\/v2\/categories?post=21057"},{"taxonomy":"post_tag","embeddable":true,"href":"https:\/\/www.turna.com\/blog\/wp-json\/wp\/v2\/tags?post=21057"}],"curies":[{"name":"wp","href":"https:\/\/api.w.org\/{rel}","templated":true}]}}