{"id":21055,"date":"2022-08-02T21:54:39","date_gmt":"2022-08-02T18:54:39","guid":{"rendered":"https:\/\/www.turna.com\/blog\/?p=21055"},"modified":"2025-12-09T17:42:33","modified_gmt":"2025-12-09T14:42:33","slug":"canova-golu","status":"publish","type":"post","link":"https:\/\/www.turna.com\/blog\/canova-golu","title":{"rendered":"Canova G\u00f6l\u00fc: Sivas&#8217;ta Bir Nazar Boncu\u011fu"},"content":{"rendered":"<div id=\"ez-toc-container\" class=\"ez-toc-v2_0_82_2 counter-hierarchy ez-toc-counter ez-toc-black ez-toc-container-direction\">\n<div class=\"ez-toc-title-container\">\n<p class=\"ez-toc-title\" style=\"cursor:inherit\">\u0130\u00e7indekiler<\/p>\n<span class=\"ez-toc-title-toggle\"><a href=\"#\" class=\"ez-toc-pull-right ez-toc-btn ez-toc-btn-xs ez-toc-btn-default ez-toc-toggle\" aria-label=\"\u0130\u00e7indekiler Tablosunu A\u00e7\/Kapat\"><span class=\"ez-toc-js-icon-con\"><span class=\"\"><span class=\"eztoc-hide\" style=\"display:none;\">Toggle<\/span><span class=\"ez-toc-icon-toggle-span\"><svg style=\"fill: #ffffff;color:#ffffff\" xmlns=\"http:\/\/www.w3.org\/2000\/svg\" class=\"list-377408\" width=\"20px\" height=\"20px\" viewBox=\"0 0 24 24\" fill=\"none\"><path d=\"M6 6H4v2h2V6zm14 0H8v2h12V6zM4 11h2v2H4v-2zm16 0H8v2h12v-2zM4 16h2v2H4v-2zm16 0H8v2h12v-2z\" fill=\"currentColor\"><\/path><\/svg><svg style=\"fill: #ffffff;color:#ffffff\" class=\"arrow-unsorted-368013\" xmlns=\"http:\/\/www.w3.org\/2000\/svg\" width=\"10px\" height=\"10px\" viewBox=\"0 0 24 24\" version=\"1.2\" baseProfile=\"tiny\"><path d=\"M18.2 9.3l-6.2-6.3-6.2 6.3c-.2.2-.3.4-.3.7s.1.5.3.7c.2.2.4.3.7.3h11c.3 0 .5-.1.7-.3.2-.2.3-.5.3-.7s-.1-.5-.3-.7zM5.8 14.7l6.2 6.3 6.2-6.3c.2-.2.3-.5.3-.7s-.1-.5-.3-.7c-.2-.2-.4-.3-.7-.3h-11c-.3 0-.5.1-.7.3-.2.2-.3.5-.3.7s.1.5.3.7z\"\/><\/svg><\/span><\/span><\/span><\/a><\/span><\/div>\n<nav><ul class='ez-toc-list ez-toc-list-level-1 eztoc-toggle-hide-by-default' ><li class='ez-toc-page-1 ez-toc-heading-level-2'><a class=\"ez-toc-link ez-toc-heading-1\" href=\"https:\/\/www.turna.com\/blog\/canova-golu\/#canova_golu_hakkinda_bilgi\" >Canova G\u00f6l\u00fc Hakk\u0131nda Bilgi<\/a><ul class='ez-toc-list-level-3' ><li class='ez-toc-heading-level-3'><a class=\"ez-toc-link ez-toc-heading-2\" href=\"https:\/\/www.turna.com\/blog\/canova-golu\/#canova_golu_nerede\" >Canova G\u00f6l\u00fc Nerede?<\/a><\/li><li class='ez-toc-page-1 ez-toc-heading-level-3'><a class=\"ez-toc-link ez-toc-heading-3\" href=\"https:\/\/www.turna.com\/blog\/canova-golu\/#canova_golu_olusumu\" >Canova G\u00f6l\u00fc Olu\u015fumu<\/a><\/li><li class='ez-toc-page-1 ez-toc-heading-level-3'><a class=\"ez-toc-link ez-toc-heading-4\" href=\"https:\/\/www.turna.com\/blog\/canova-golu\/#canova_golu_ozellikleri\" >Canova G\u00f6l\u00fc \u00d6zellikleri<\/a><\/li><\/ul><\/li><\/ul><\/nav><\/div>\n\n<p>Sakl\u0131 g\u00fczellikleri sevenlere harika bir ke\u015fif noktas\u0131 tavsiyesi verece\u011fim bug\u00fcn. Sivas gezilecek yerler listelerinde kolay kolay bulamazs\u0131n\u0131z buray\u0131. Tarad\u0131\u011f\u0131n\u0131z bloglarda da denk gelmeme ihtimaliniz y\u00fcksek. <strong>Canova G\u00f6l\u00fc <\/strong>bilinen di\u011fer ad\u0131yla<strong> K\u0131z\u0131l\u00e7an G\u00f6l\u00fc<\/strong> Sivas&#8217;\u0131n nazar boncu\u011fu olarak son y\u0131llarda ad\u0131n\u0131 duyurmaya ba\u015flad\u0131.<\/p>\n\n\n\n<p>Biz g\u00f6l\u00fc bir ka\u00e7 sene \u00f6nce \u00e7ok tesad\u00fcfi \u015fekilde \u00f6\u011frendik ve ziyaret ettik. Sivas&#8217;a gitmek i\u00e7in plan yaparken ara\u015ft\u0131rd\u0131k okuduk, detayl\u0131 bir program \u00e7\u0131kard\u0131k. Seyahatimizin son g\u00fcn\u00fcnde Sivas&#8217;ta tan\u0131\u015ft\u0131\u011f\u0131m\u0131z arkada\u015flar\u0131m\u0131zdan \u00f6\u011frendik K\u0131z\u0131l\u00e7an&#8217;\u0131. Zara taraf\u0131na gitmi\u015fken mutlaka oray\u0131 da g\u00f6r\u00fcn dediler.<\/p>\n\n\n\n<p>Ertesi g\u00fcn koyulduk yola. \u00d6nce Zara&#8217;ya, oradan da Canova K\u00f6y\u00fc&#8217;ne. Nihayet g\u00f6l\u00fcn yan\u0131na kadar geldi\u011fimizde nutkumuz tutuldu ger\u00e7ekten. Turkuaz rengiyle, i\u00e7inde bulundu\u011fu \u00e7ukurdan parlayarak bak\u0131yordu bize. B\u00f6yle bir yerden haberdar oldu\u011fum ve g\u00f6rmeden d\u00f6nmedi\u011fim i\u00e7in o kadar \u015fansl\u0131 hissediyorum ki&#8230; <\/p>\n\n\n\n<h2 class=\"wp-block-heading has-text-align-center has-neeon-button-dark-gray-color has-text-color has-link-color wp-elements-66792ac985855d524682d8ba0e9d6a9a\"><span class=\"ez-toc-section\" id=\"canova_golu_hakkinda_bilgi\"><\/span><strong>Canova G\u00f6l\u00fc Hakk\u0131nda Bilgi<\/strong><span class=\"ez-toc-section-end\"><\/span><\/h2>\n\n\n\n<figure class=\"wp-block-image size-large\"><img decoding=\"async\" src=\"https:\/\/res.cloudinary.com\/turna\/image\/upload\/v1659466334\/sivas_k%C4%B1z%C4%B1l%C3%A7an_g%C3%B6l%C3%BC.jpg\" alt=\"Canova G\u00f6l\u00fc Hakk\u0131nda Bilgi\"\/><\/figure>\n\n\n\n<p>Bir kitle var az bilinen yerleri payla\u015f\u0131nca hemen lin\u00e7 etmeye \u00e7al\u0131\u015fan. Ben onlar\u0131n aksine \u00fclkemizin turizmine katk\u0131da bulunacak her g\u00fczelli\u011fin payla\u015f\u0131lmas\u0131 tan\u0131t\u0131lmas\u0131ndan yanay\u0131m. Bu \u00fclke hepimizin, g\u00fczelliklerinden faydalanmak da hepimizin hakk\u0131. O nedenle ben payla\u015fmaktan mutluluk duyuyorum. Canova G\u00f6l\u00fc de Sivas&#8217;\u0131n pek bilinmeyen sakl\u0131 bir do\u011fal g\u00fczelli\u011fi. Mutlaka gidin g\u00f6r\u00fcn ama l\u00fctfen bu e\u015fsiz do\u011fay\u0131 kirletmeyin. Arkan\u0131zda ayak izlerinizden ba\u015fka bir \u015fey b\u0131rakmay\u0131n&#8230; <\/p>\n\n\n\n<h3 class=\"wp-block-heading has-text-align-center has-neeon-button-dark-gray-color has-text-color has-link-color wp-elements-ce46d9db89f0388b62a57aeb4e0bc482\"><span class=\"ez-toc-section\" id=\"canova_golu_nerede\"><\/span><strong>Canova G\u00f6l\u00fc Nerede?<\/strong><span class=\"ez-toc-section-end\"><\/span><\/h3>\n\n\n\n<figure class=\"wp-block-image size-large\"><img decoding=\"async\" src=\"https:\/\/res.cloudinary.com\/turna\/image\/upload\/v1659466334\/canova_g%C3%B6l%C3%BC.jpg\" alt=\"Canova G\u00f6l\u00fc Nerede?\"\/><\/figure>\n\n\n\n<p>Canova G\u00f6l\u00fc&nbsp;Sivas&#8217;\u0131n Zara il\u00e7esine ba\u011fl\u0131 Canova K\u00f6y\u00fc&#8217;nde bulunuyor. K\u00f6ye 2 kilometre mesafede. Canova K\u00f6y\u00fc&#8217;ne ula\u015ft\u0131\u011f\u0131n\u0131zda k\u00f6yl\u00fclerden yard\u0131m isterseniz size tarif ederler. K\u00f6y\u00fc ge\u00e7tikten sonra 2-3 km d\u00fczg\u00fcn bir yoldan devam edeceksiniz. Sonra sa\u011fa d\u00f6nerek toprak  yola gireceksiniz. Yakla\u015f\u0131k 1 km ilerledikten sonra g\u00f6l\u00fc g\u00f6receksiniz. <\/p>\n\n\n\n<ul class=\"wp-block-list\">\n<li>K\u0131z\u0131l\u00e7an G\u00f6l\u00fc konumu\u00a0<a href=\"https:\/\/goo.gl\/maps\/ahqbR8RMJ23din328\" target=\"_blank\" rel=\"noreferrer noopener\">burada<\/a>.<\/li>\n<\/ul>\n\n\n\n<h3 class=\"wp-block-heading has-text-align-center has-neeon-button-dark-gray-color has-text-color has-link-color wp-elements-b9bbb83d677c2d5a81aeaefabac610d6\"><span class=\"ez-toc-section\" id=\"canova_golu_olusumu\"><\/span><strong>Canova G\u00f6l\u00fc Olu\u015fumu<\/strong><span class=\"ez-toc-section-end\"><\/span><\/h3>\n\n\n\n<figure class=\"wp-block-image size-large\"><img width=\"800\" height=\"500\" decoding=\"async\" src=\"data:image\/svg+xml;base64,PHN2ZyB4bWxucz0iaHR0cDovL3d3dy53My5vcmcvMjAwMC9zdmciIHdpZHRoPSI4MDAiIGhlaWdodD0iNTAwIj48cmVjdCB3aWR0aD0iMTAwJSIgaGVpZ2h0PSIxMDAlIj48YW5pbWF0ZSBhdHRyaWJ1dGVOYW1lPSJmaWxsIiB2YWx1ZXM9InJnYmEoMTUzLDE1MywxNTMsMC41KTtyZ2JhKDE1MywxNTMsMTUzLDAuMSk7cmdiYSgxNTMsMTUzLDE1MywwLjUpIiBkdXI9IjJzIiByZXBlYXRDb3VudD0iaW5kZWZpbml0ZSIgLz48L3JlY3Q+PC9zdmc+\" alt=\"Canova G\u00f6l\u00fc Olu\u015fumu\" data-public-id=\"canova_g\u00f6l\u00fc_nerede\/canova_g\u00f6l\u00fc_nerede.jpg\" class=\"wp-post-21055 wp-image-21056\" data-format=\"jpg\" data-transformations=\"f_auto,q_auto:low\" data-version=\"1659466334\" data-seo=\"1\" data-size=\"800 500\" data-srcset=\"https:\/\/res.cloudinary.com\/turna\/images\/f_auto,q_auto:low\/v1659466334\/canova_g\u00f6l\u00fc_nerede\/canova_g\u00f6l\u00fc_nerede.jpg?_i=AA 800w, https:\/\/res.cloudinary.com\/turna\/images\/w_300,h_188,c_scale\/f_auto,q_auto:low\/v1659466334\/canova_g\u00f6l\u00fc_nerede\/canova_g\u00f6l\u00fc_nerede.jpg?_i=AA 300w, https:\/\/res.cloudinary.com\/turna\/images\/w_672,h_420,c_scale\/f_auto,q_auto:low\/v1659466334\/canova_g\u00f6l\u00fc_nerede\/canova_g\u00f6l\u00fc_nerede.jpg?_i=AA 672w, https:\/\/res.cloudinary.com\/turna\/images\/w_640,h_400,c_scale\/f_auto,q_auto:low\/v1659466334\/canova_g\u00f6l\u00fc_nerede\/canova_g\u00f6l\u00fc_nerede.jpg?_i=AA 640w, https:\/\/res.cloudinary.com\/turna\/images\/w_681,h_426,c_scale\/f_auto,q_auto:low\/v1659466334\/canova_g\u00f6l\u00fc_nerede\/canova_g\u00f6l\u00fc_nerede.jpg?_i=AA 681w\" data-sizes=\"(max-width: 800px) 100vw, 800px\" data-delivery=\"upload\" onload=\";window.CLDBind?CLDBind(this):null;\" data-cloudinary=\"lazy\" \/><\/figure>\n\n\n\n<p>K\u0131z\u0131l\u00e7an G\u00f6l\u00fc olu\u015fum bak\u0131m\u0131ndan \u00e7\u00f6kme dolin tipi bir g\u00f6l.&nbsp;Zaten g\u00f6rd\u00fc\u011f\u00fcn\u00fczde anlayacaks\u0131n\u0131z. G\u00f6l\u00fcn yan\u0131na gidene kadar yol size asla ipucu vermiyor. Navigasyon az kald\u0131 diyor ama ne bir mavilik g\u00f6r\u00fcn\u00fcyor ne bir su.<\/p>\n\n\n\n<p>Derin bir \u00e7ukurun i\u00e7inden g\u00f6z k\u0131rp\u0131yor turkuaz g\u00f6l. En ortada koyu bir renk ve kenarlara do\u011fru a\u00e7\u0131lan tonlar. \u0130\u015fte bu y\u00fczden buras\u0131 Sivas&#8217;\u0131n nazar boncu\u011fu. Daha g\u00fczel bir yak\u0131\u015ft\u0131rma yap\u0131lamazd\u0131 bence de.<\/p>\n\n\n\n<h3 class=\"wp-block-heading has-text-align-center has-neeon-button-dark-gray-color has-text-color has-link-color wp-elements-316d3d8058497a3ce020e9d8565862b6\"><span class=\"ez-toc-section\" id=\"canova_golu_ozellikleri\"><\/span><strong>Canova G\u00f6l\u00fc \u00d6zellikleri<\/strong><span class=\"ez-toc-section-end\"><\/span><\/h3>\n\n\n\n<p>G\u00f6l\u00fcn derinli\u011fi net olarak bilinmiyor. Yap\u0131lan \u00f6l\u00e7\u00fcmler do\u011frultusunda 50 metre olabilece\u011fi tahmin edilmi\u015f ama kesin bir bilgi yok. G\u00f6lde y\u00fczenler ve profesyonel sporcular dal\u0131\u015f yap\u0131yorlar. Ama ben size asla tavsiye etmiyorum. Bakmak dahi yetiyor zaten.<\/p>\n\n\n\n<p>K\u0131\u015f aylar\u0131nda da g\u00f6l\u00fcn \u00fcst\u00fc buz tutuyor. G\u00f6l\u00fcn etraf\u0131nda herhangi bir tesis bulunmuyor. E\u011fer burada uzun vakit ge\u00e7irmek niyetindeyseniz yan\u0131n\u0131zda su ve at\u0131\u015ft\u0131rmal\u0131k bulundurun. Ayr\u0131ca en yak\u0131n yerle\u015fim yeri Canova K\u00f6y\u00fc 2 km mesafede. G\u00f6l de \u00e7ok bilinmedi\u011fi i\u00e7in pek kimse olmuyor. <\/p>\n\n\n\n<p>Canova&#8217;n\u0131n g\u00f6r\u00fclmeye de\u011fer 2 g\u00f6l\u00fc daha oldu\u011funu s\u00f6ylesem size. Hem de K\u0131z\u0131l\u00e7an&#8217;a \u00e7ok yak\u0131n konumda. Bu volkanik krater g\u00f6l\u00fcn\u00fc g\u00f6rd\u00fckten sonra hemen yak\u0131n\u0131nda bulunan A\u011fg\u00f6l ve Karag\u00f6l de ke\u015ffedilmek i\u00e7in sizi bekliyor.<\/p>\n\n\n\n<p>Bu harika g\u00f6lleri ziyaret etmek i\u00e7in tek yapman\u0131z gereken&nbsp;<strong><a href=\"https:\/\/www.turna.com\/ucak-bileti\/sivas\" target=\"_blank\" rel=\"noreferrer noopener\">Sivas u\u00e7ak bileti<\/a><\/strong>&nbsp;ya da&nbsp;<strong><a href=\"https:\/\/www.turna.com\/otobus-bileti\/sivas\" target=\"_blank\" rel=\"noreferrer noopener\">Sivas otob\u00fcs bileti<\/a><\/strong>&nbsp;almak. Sivas plan\u0131 yap\u0131yorsan\u0131z gitmeden \u00f6nce mutlaka di\u011fer yaz\u0131lar\u0131m\u0131 da okuman\u0131z\u0131 \u00f6neririm.<\/p>\n\n\n\n<p><strong><a href=\"https:\/\/www.turna.com\/blog\/divrigi-ulu-camii\" target=\"_blank\" rel=\"noreferrer noopener\">Divri\u011fi Ulu Camii: Sivas\u2019ta Bir D\u00fcnya Miras\u0131<\/a><\/strong><\/p>\n\n\n\n<p><strong><a href=\"https:\/\/www.turna.com\/blog\/sivastan-ne-alinir\" target=\"_blank\" rel=\"noreferrer noopener\">Sivas\u2019tan Ne Al\u0131n\u0131r? 8 Hediyelik E\u015fya \u00d6nerisi<\/a><\/strong><\/p>\n\n\n\n<p><strong><a href=\"https:\/\/www.turna.com\/blog\/sivasta-ne-yenir\" target=\"_blank\" rel=\"noreferrer noopener\">Sivas\u2019ta Ne Yenir ? Tad\u0131lmas\u0131 Gereken 10 Lezzet<\/a><\/strong><\/p>\n\n\n\n<p><strong><a href=\"https:\/\/www.turna.com\/blog\/gokpinar-golu\" target=\"_blank\" rel=\"noreferrer noopener\">G\u00f6kp\u0131nar G\u00f6l\u00fc: Sivas\u2019\u0131n Do\u011fal Akvaryumu<\/a><\/strong><\/p>\n\n\n\n<p><strong><a href=\"https:\/\/www.turna.com\/blog\/sivas-gezilecek-yerler\" target=\"_blank\" rel=\"noreferrer noopener\">Sivas Gezilecek Yerler \u2013 29 Yer \u0130le En Ayr\u0131nt\u0131l\u0131 Liste<\/a><\/strong><\/p>\n\n\n\n<p><strong><a href=\"https:\/\/www.turna.com\/blog\/sivasta-yapilacak-aktiviteler\" target=\"_blank\" rel=\"noreferrer noopener\">Sivas\u2019ta Yap\u0131lacak Aktiviteler: 6 Farkl\u0131 Deneyim<\/a><\/strong><\/p>\n\n    <div class=\"xs_social_share_widget xs_share_url after_content \t\tmain_content  wslu-style-1 wslu-share-box-shaped wslu-fill-colored wslu-none wslu-share-horizontal wslu-theme-font-no wslu-main_content\">\n\n\t\t\n        <ul>\n\t\t\t        <\/ul>\n    <\/div> \n","protected":false},"excerpt":{"rendered":"<p> Canova G\u00f6l\u00fc bilinen di\u011fer ad\u0131yla K\u0131z\u0131l\u00e7an G\u00f6l\u00fc Sivas&#8217;\u0131n nazar boncu\u011fu olarak son y\u0131llarda ad\u0131n\u0131 duyurmaya ba\u015flad\u0131.<\/p>\n","protected":false},"author":34,"featured_media":21056,"comment_status":"open","ping_status":"open","sticky":false,"template":"","format":"standard","meta":{"rop_custom_images_group":[],"rop_custom_messages_group":[],"rop_publish_now":"initial","rop_publish_now_accounts":[],"rop_publish_now_history":[],"rop_publish_now_status":"pending","_cloudinary_featured_overwrite":false,"footnotes":""},"categories":[2,1862,84],"tags":[935],"class_list":["post-21055","post","type-post","status-publish","format-standard","has-post-thumbnail","hentry","category-ulkeler","category-sivas","category-turkiye","tag-sivas"],"_links":{"self":[{"href":"https:\/\/www.turna.com\/blog\/wp-json\/wp\/v2\/posts\/21055","targetHints":{"allow":["GET"]}}],"collection":[{"href":"https:\/\/www.turna.com\/blog\/wp-json\/wp\/v2\/posts"}],"about":[{"href":"https:\/\/www.turna.com\/blog\/wp-json\/wp\/v2\/types\/post"}],"author":[{"embeddable":true,"href":"https:\/\/www.turna.com\/blog\/wp-json\/wp\/v2\/users\/34"}],"replies":[{"embeddable":true,"href":"https:\/\/www.turna.com\/blog\/wp-json\/wp\/v2\/comments?post=21055"}],"version-history":[{"count":0,"href":"https:\/\/www.turna.com\/blog\/wp-json\/wp\/v2\/posts\/21055\/revisions"}],"wp:featuredmedia":[{"embeddable":true,"href":"https:\/\/www.turna.com\/blog\/wp-json\/wp\/v2\/media\/21056"}],"wp:attachment":[{"href":"https:\/\/www.turna.com\/blog\/wp-json\/wp\/v2\/media?parent=21055"}],"wp:term":[{"taxonomy":"category","embeddable":true,"href":"https:\/\/www.turna.com\/blog\/wp-json\/wp\/v2\/categories?post=21055"},{"taxonomy":"post_tag","embeddable":true,"href":"https:\/\/www.turna.com\/blog\/wp-json\/wp\/v2\/tags?post=21055"}],"curies":[{"name":"wp","href":"https:\/\/api.w.org\/{rel}","templated":true}]}}