{"id":21053,"date":"2022-08-03T10:39:00","date_gmt":"2022-08-03T07:39:00","guid":{"rendered":"https:\/\/www.turna.com\/blog\/?p=21053"},"modified":"2025-06-27T13:08:42","modified_gmt":"2025-06-27T10:08:42","slug":"sizir-selalesi","status":"publish","type":"post","link":"https:\/\/www.turna.com\/blog\/sizir-selalesi","title":{"rendered":"S\u0131z\u0131r \u015eelalesi Gezi Rehberi"},"content":{"rendered":"<div id=\"ez-toc-container\" class=\"ez-toc-v2_0_82_2 counter-hierarchy ez-toc-counter ez-toc-black ez-toc-container-direction\">\n<div class=\"ez-toc-title-container\">\n<p class=\"ez-toc-title\" style=\"cursor:inherit\">\u0130\u00e7indekiler<\/p>\n<span class=\"ez-toc-title-toggle\"><a href=\"#\" class=\"ez-toc-pull-right ez-toc-btn ez-toc-btn-xs ez-toc-btn-default ez-toc-toggle\" aria-label=\"\u0130\u00e7indekiler Tablosunu A\u00e7\/Kapat\"><span class=\"ez-toc-js-icon-con\"><span class=\"\"><span class=\"eztoc-hide\" style=\"display:none;\">Toggle<\/span><span class=\"ez-toc-icon-toggle-span\"><svg style=\"fill: #ffffff;color:#ffffff\" xmlns=\"http:\/\/www.w3.org\/2000\/svg\" class=\"list-377408\" width=\"20px\" height=\"20px\" viewBox=\"0 0 24 24\" fill=\"none\"><path d=\"M6 6H4v2h2V6zm14 0H8v2h12V6zM4 11h2v2H4v-2zm16 0H8v2h12v-2zM4 16h2v2H4v-2zm16 0H8v2h12v-2z\" fill=\"currentColor\"><\/path><\/svg><svg style=\"fill: #ffffff;color:#ffffff\" class=\"arrow-unsorted-368013\" xmlns=\"http:\/\/www.w3.org\/2000\/svg\" width=\"10px\" height=\"10px\" viewBox=\"0 0 24 24\" version=\"1.2\" baseProfile=\"tiny\"><path d=\"M18.2 9.3l-6.2-6.3-6.2 6.3c-.2.2-.3.4-.3.7s.1.5.3.7c.2.2.4.3.7.3h11c.3 0 .5-.1.7-.3.2-.2.3-.5.3-.7s-.1-.5-.3-.7zM5.8 14.7l6.2 6.3 6.2-6.3c.2-.2.3-.5.3-.7s-.1-.5-.3-.7c-.2-.2-.4-.3-.7-.3h-11c-.3 0-.5.1-.7.3-.2.2-.3.5-.3.7s.1.5.3.7z\"\/><\/svg><\/span><\/span><\/span><\/a><\/span><\/div>\n<nav><ul class='ez-toc-list ez-toc-list-level-1 eztoc-toggle-hide-by-default' ><li class='ez-toc-page-1 ez-toc-heading-level-2'><a class=\"ez-toc-link ez-toc-heading-1\" href=\"https:\/\/www.turna.com\/blog\/sizir-selalesi\/#sizir_selalesi_hakkinda_bilgi\" >S\u0131z\u0131r \u015eelalesi Hakk\u0131nda Bilgi<\/a><\/li><li class='ez-toc-page-1 ez-toc-heading-level-2'><a class=\"ez-toc-link ez-toc-heading-2\" href=\"https:\/\/www.turna.com\/blog\/sizir-selalesi\/#sizir_selalesi_nerede\" >S\u0131z\u0131r \u015eelalesi Nerede?<\/a><\/li><li class='ez-toc-page-1 ez-toc-heading-level-2'><a class=\"ez-toc-link ez-toc-heading-3\" href=\"https:\/\/www.turna.com\/blog\/sizir-selalesi\/#sizir_selalesi_olusumu\" >S\u0131z\u0131r \u015eelalesi Olu\u015fumu<\/a><\/li><li class='ez-toc-page-1 ez-toc-heading-level-2'><a class=\"ez-toc-link ez-toc-heading-4\" href=\"https:\/\/www.turna.com\/blog\/sizir-selalesi\/#sizir_selalesinin_ozellikleri\" >S\u0131z\u0131r \u015eelalesi&#8217;nin \u00d6zellikleri<\/a><ul class='ez-toc-list-level-3' ><li class='ez-toc-heading-level-3'><a class=\"ez-toc-link ez-toc-heading-5\" href=\"https:\/\/www.turna.com\/blog\/sizir-selalesi\/#sizir_selalesi_hangi_ilcede\" >S\u0131z\u0131r \u015eelalesi hangi il\u00e7ede?<\/a><\/li><li class='ez-toc-page-1 ez-toc-heading-level-3'><a class=\"ez-toc-link ez-toc-heading-6\" href=\"https:\/\/www.turna.com\/blog\/sizir-selalesi\/#sizir_selalesi_acik_mi\" >S\u0131z\u0131r \u015eelalesi a\u00e7\u0131k m\u0131?<\/a><\/li><\/ul><\/li><\/ul><\/nav><\/div>\n\n<p>Bug\u00fcn size Sivas gezilecek yerler listelerinize mutlaka eklemeniz gereken bir do\u011fa harikas\u0131n\u0131 anlataca\u011f\u0131m.<strong> S\u0131z\u0131r \u015eelalesi <\/strong>belki ad\u0131n\u0131 daha \u00f6nce duymad\u0131\u011f\u0131n\u0131z ama tan\u0131\u015ft\u0131\u011f\u0131n\u0131za \u00e7ok memnun olaca\u011f\u0131n\u0131z bir g\u00fczellik. Alm\u0131\u015f bir yan\u0131na \u00c7at ormanlar\u0131n\u0131, bulmu\u015f a\u015f\u0131p akaca\u011f\u0131 dik yama\u00e7lar\u0131 t\u00fcm co\u015fkusuyla \u00e7a\u011fl\u0131yor.<\/p>\n\n\n\n<p>5-6 koldan ve 20 metre y\u00fckseklikten d\u00f6k\u00fclen \u015felale g\u00f6rd\u00fc\u011f\u00fcm anda g\u00f6nl\u00fcmde taht kurdu. Buradaki ah\u015fap y\u00fcr\u00fcy\u00fc\u015f yolu ile \u015felalenin alt k\u0131s\u0131mlar\u0131na kadar gidilebiliyor. Bu yemye\u015fil vadide bol bol foto\u011fraf \u00e7ekmek, do\u011fa y\u00fcr\u00fcy\u00fc\u015f\u00fc yapmak huzur veriyor.<\/p>\n\n\n\n<p>\u015eelalenin oldu\u011fu alan ormanl\u0131k oldu\u011fu i\u00e7in buras\u0131 piknik ve kamp yapmaya uygun. Hizmet veren bir kamp alan\u0131 olmasa da kendi ekipman\u0131n\u0131zla giderek burada kamp yapabilirsiniz. Alanda aile \u00e7ay bah\u00e7esi, restoran ve belediye taraf\u0131ndan a\u00e7\u0131lan Galip Uluta\u015f mesire alan\u0131 bulunuyor.<\/p>\n\n\n\n<h2 class=\"wp-block-heading has-text-align-center has-neeon-button-dark-gray-color has-text-color has-link-color wp-elements-f1934c7dd0f9742c4c2b68a4f673e4c5\"><span class=\"ez-toc-section\" id=\"sizir_selalesi_hakkinda_bilgi\"><\/span><strong>S\u0131z\u0131r \u015eelalesi Hakk\u0131nda Bilgi<\/strong><span class=\"ez-toc-section-end\"><\/span><\/h2>\n\n\n\n<figure class=\"wp-block-image size-large\"><img decoding=\"async\" src=\"https:\/\/res.cloudinary.com\/turna\/image\/upload\/v1659391771\/s%C4%B1z%C4%B1r_%C5%9Felalesi_%C3%B6zellikleri.jpg\" alt=\"S\u0131z\u0131r \u015eelalesi Hakk\u0131nda Bilgi\"\/><\/figure>\n\n\n\n<p>\u00c7at Ormanlar\u0131 i\u00e7erisinde, G\u00f6ksu \u00c7ay\u0131 \u00fczerinde bulunan \u015felale do\u011fa severlerin mutlaka g\u00f6rmesi gereken bir yer. \u00dclkemizin bu nadide g\u00fczelli\u011fi S\u0130T alan\u0131 ilan edilerek koruma alt\u0131na al\u0131nm\u0131\u015f. De\u011ferlerimizin korundu\u011funu bilmek g\u00fczel.<\/p>\n\n\n\n<p>Yemye\u015fil bir orman\u0131n i\u00e7inde 20 metreden d\u00f6k\u00fclen sular \u00f6yle ho\u015f bir tablo olu\u015fturuyor ki bakmalara doyulmuyor. Bir de size bir s\u0131r vereyim \u015felalenin hemen sa\u011f taraf\u0131nda pek bilinmeyen bir ma\u011fara var. 1-2 metre t\u0131rmanarak ma\u011faraya ula\u015f\u0131p kire\u00e7 ta\u015flar\u0131n\u0131n olu\u015fturdu\u011fu yap\u0131lar\u0131 g\u00f6rebilirsiniz.<\/p>\n\n\n\n<h2 class=\"wp-block-heading has-text-align-center has-neeon-button-dark-gray-color has-text-color has-link-color wp-elements-458dc6484c02852c12ac82146724b3d1\"><span class=\"ez-toc-section\" id=\"sizir_selalesi_nerede\"><\/span><strong>S\u0131z\u0131r \u015eelalesi Nerede?<\/strong><span class=\"ez-toc-section-end\"><\/span><\/h2>\n\n\n\n<figure class=\"wp-block-image size-large\"><img decoding=\"async\" src=\"https:\/\/res.cloudinary.com\/turna\/image\/upload\/v1659391771\/s%C4%B1z%C4%B1r_%C5%9Felale_olu%C5%9Fumu.jpg\" alt=\"S\u0131z\u0131r Nerede?\"\/><\/figure>\n\n\n\n<p><strong>S\u0131z\u0131r \u015eelalesi<\/strong>,&nbsp;Sivas&nbsp;ili,&nbsp;Gemerek&nbsp;il\u00e7esi,&nbsp;S\u0131z\u0131r&nbsp;beldesinde bulunuyor. \u015eelaleye Sivas merkezden gidecekseniz Kayseri-Sivas karayolunu kullanacaks\u0131n\u0131z. Kayseri istikametine do\u011fru giderken Yeni\u00e7ubuk b\u00f6lgesinden S\u0131z\u0131r kasabas\u0131na do\u011fru sa\u011f tarafa d\u00f6neceksiniz. Kav\u015fakta bulunan \u015felale tabelas\u0131 sizi \u015felaleye do\u011fru y\u00f6nlendirecek.<\/p>\n\n\n\n<p>Tren yolu ile gidecekseniz Gemerek\u2019e kadar trenle ula\u015f\u0131p oradan taksi veya y\u00fcr\u00fcy\u00fc\u015fle \u015felaleye ula\u015fabilirsiniz.<\/p>\n\n\n\n<p>Sivas S\u0131z\u0131r \u015eelalesi ka\u00e7 km? <strong>139 km<\/strong><\/p>\n\n\n\n<p>Kayseri S\u0131z\u0131r \u015eelalesi ka\u00e7 km? <strong>103 km<\/strong><\/p>\n\n\n\n<p>S\u0131z\u0131r \u015eelalesi Gemerek aras\u0131 ka\u00e7 km? <strong>24 km<\/strong><\/p>\n\n\n\n<ul class=\"wp-block-list\">\n<li>S\u0131z\u0131r \u015eelalesi konumu <strong><a href=\"https:\/\/goo.gl\/maps\/apCZPujWTor4VgCN8\" target=\"_blank\" rel=\"noreferrer noopener\">burada.<\/a><\/strong><\/li>\n<\/ul>\n\n\n\n<h2 class=\"wp-block-heading has-text-align-center has-neeon-button-dark-gray-color has-text-color has-link-color wp-elements-ba691f98c5d07233724b36a79b1358ec\"><span class=\"ez-toc-section\" id=\"sizir_selalesi_olusumu\"><\/span><strong>S\u0131z\u0131r \u015eelalesi Olu\u015fumu<\/strong><span class=\"ez-toc-section-end\"><\/span><\/h2>\n\n\n\n<figure class=\"wp-block-image size-large\"><img decoding=\"async\" src=\"https:\/\/res.cloudinary.com\/turna\/image\/upload\/v1659391771\/s%C4%B1z%C4%B1r_%C5%9Felalesi_nerede.jpg\" alt=\"S\u0131z\u0131r \u015eelale Olu\u015fumu\"\/><\/figure>\n\n\n\n<p>Y\u00f6rede &#8220;K\u0131rkg\u00f6z&#8221; denilen alandan \u00e7\u0131kan kaynaklar toplanarak G\u00f6ksu \u00c7ay\u0131&#8217;n\u0131 olu\u015fturuyor. Suyun bir k\u0131sm\u0131 S\u0131z\u0131r Hidroelektrik Santraline gidiyor. Bir k\u0131sm\u0131 da y\u00fcksek kayalardan d\u00fc\u015ferek \u015felaleyi olu\u015fturuyor.<\/p>\n\n\n\n<h2 class=\"wp-block-heading has-text-align-center has-neeon-button-dark-gray-color has-text-color has-link-color wp-elements-03c8a390883c37bcc0d775a5522159f2\"><span class=\"ez-toc-section\" id=\"sizir_selalesinin_ozellikleri\"><\/span><strong>S\u0131z\u0131r \u015eelalesi&#8217;nin \u00d6zellikleri<\/strong><span class=\"ez-toc-section-end\"><\/span><\/h2>\n\n\n\n<figure class=\"wp-block-image size-large\"><img width=\"800\" height=\"500\" decoding=\"async\" src=\"data:image\/svg+xml;base64,PHN2ZyB4bWxucz0iaHR0cDovL3d3dy53My5vcmcvMjAwMC9zdmciIHdpZHRoPSI4MDAiIGhlaWdodD0iNTAwIj48cmVjdCB3aWR0aD0iMTAwJSIgaGVpZ2h0PSIxMDAlIj48YW5pbWF0ZSBhdHRyaWJ1dGVOYW1lPSJmaWxsIiB2YWx1ZXM9InJnYmEoMTUzLDE1MywxNTMsMC41KTtyZ2JhKDE1MywxNTMsMTUzLDAuMSk7cmdiYSgxNTMsMTUzLDE1MywwLjUpIiBkdXI9IjJzIiByZXBlYXRDb3VudD0iaW5kZWZpbml0ZSIgLz48L3JlY3Q+PC9zdmc+\" alt=\"S\u0131z\u0131r \u015eelalesi&#039;nin \u00d6zellikleri\" data-public-id=\"sivas_s\u0131z\u0131r_\u015felalesi\/sivas_s\u0131z\u0131r_\u015felalesi.jpg\" class=\"wp-post-21053 wp-image-21054\" data-format=\"jpg\" data-transformations=\"f_auto,q_auto:low\" data-version=\"1659391770\" data-seo=\"1\" data-size=\"800 500\" data-srcset=\"https:\/\/res.cloudinary.com\/turna\/images\/f_auto,q_auto:low\/v1659391770\/sivas_s\u0131z\u0131r_\u015felalesi\/sivas_s\u0131z\u0131r_\u015felalesi.jpg?_i=AA 800w, https:\/\/res.cloudinary.com\/turna\/images\/w_300,h_188,c_scale\/f_auto,q_auto:low\/v1659391770\/sivas_s\u0131z\u0131r_\u015felalesi\/sivas_s\u0131z\u0131r_\u015felalesi.jpg?_i=AA 300w, https:\/\/res.cloudinary.com\/turna\/images\/w_672,h_420,c_scale\/f_auto,q_auto:low\/v1659391770\/sivas_s\u0131z\u0131r_\u015felalesi\/sivas_s\u0131z\u0131r_\u015felalesi.jpg?_i=AA 672w, https:\/\/res.cloudinary.com\/turna\/images\/w_640,h_400,c_scale\/f_auto,q_auto:low\/v1659391770\/sivas_s\u0131z\u0131r_\u015felalesi\/sivas_s\u0131z\u0131r_\u015felalesi.jpg?_i=AA 640w, https:\/\/res.cloudinary.com\/turna\/images\/w_681,h_426,c_scale\/f_auto,q_auto:low\/v1659391770\/sivas_s\u0131z\u0131r_\u015felalesi\/sivas_s\u0131z\u0131r_\u015felalesi.jpg?_i=AA 681w\" data-sizes=\"(max-width: 800px) 100vw, 800px\" data-delivery=\"upload\" onload=\";window.CLDBind?CLDBind(this):null;\" data-cloudinary=\"lazy\" \/><\/figure>\n\n\n\n<ul class=\"wp-block-list\">\n<li>K\u0131\u015f\u0131n \u015felalenin sular\u0131 donuyor. Bahar ve yaz aylar\u0131 ise en co\u015fkun akt\u0131\u011f\u0131 zamanlar.<\/li>\n\n\n\n<li>\u015eelalenin di\u011fer bir ad\u0131 da G\u00f6ksu \u015eelalesi.<\/li>\n\n\n\n<li>\u015eelalenin bulundu\u011fu alan 2. derece do\u011fal sit alan\u0131.<\/li>\n\n\n\n<li>\u015eelale 5 -6 koldan a\u015fa\u011f\u0131ya d\u00f6k\u00fcl\u00fcyor.\u00a0Yakla\u015f\u0131k uzunlu\u011fu 20 metre.<\/li>\n<\/ul>\n\n\n<div id=\"rank-math-faq\" class=\"rank-math-block\">\n<div class=\"rank-math-list \">\n<div id=\"faq-question-685a805d1dfbb\" class=\"rank-math-list-item\">\n<h3 class=\"rank-math-question \"><span class=\"ez-toc-section\" id=\"sizir_selalesi_hangi_ilcede\"><\/span>S\u0131z\u0131r \u015eelalesi hangi il\u00e7ede?<br \/><span class=\"ez-toc-section-end\"><\/span><\/h3>\n<div class=\"rank-math-answer \">\n\n<p>S\u0131z\u0131r Sivas&#8217;\u0131n Gemerek il\u00e7esinde yer al\u0131yor.<\/p>\n\n<\/div>\n<\/div>\n<div id=\"faq-question-685a805d1dfbd\" class=\"rank-math-list-item\">\n<h3 class=\"rank-math-question \"><span class=\"ez-toc-section\" id=\"sizir_selalesi_acik_mi\"><\/span>S\u0131z\u0131r \u015eelalesi a\u00e7\u0131k m\u0131?<br \/><span class=\"ez-toc-section-end\"><\/span><\/h3>\n<div class=\"rank-math-answer \">\n\n<p>\u015eelalede bulunan restoran 08.00-22.00 saatleri aras\u0131nda a\u00e7\u0131k.<\/p>\n\n<\/div>\n<\/div>\n<\/div>\n<\/div>\n\n\n<p>Bu do\u011fa harikas\u0131 \u015felaleyi ziyaret etmek i\u00e7in tek yapman\u0131z gereken <strong><a href=\"https:\/\/www.turna.com\/ucak-bileti\/sivas\" target=\"_blank\" rel=\"noreferrer noopener\">Sivas u\u00e7ak bileti<\/a><\/strong> ya da <strong><a href=\"https:\/\/www.turna.com\/otobus-bileti\/sivas\" target=\"_blank\" rel=\"noreferrer noopener\">Sivas otob\u00fcs bileti<\/a><\/strong> sat\u0131n almak. Sivas plan\u0131 yap\u0131yorsan\u0131z gitmeden \u00f6nce mutlaka di\u011fer yaz\u0131lar\u0131m\u0131 da okuman\u0131z\u0131 \u00f6neririm.<\/p>\n\n\n\n<p><strong><a href=\"https:\/\/www.turna.com\/blog\/divrigi-ulu-camii\" target=\"_blank\" rel=\"noreferrer noopener\">Divri\u011fi Ulu Camii: Sivas\u2019ta Bir D\u00fcnya Miras\u0131<\/a><\/strong><\/p>\n\n\n\n<p><strong><a href=\"https:\/\/www.turna.com\/blog\/sivastan-ne-alinir\" target=\"_blank\" rel=\"noreferrer noopener\">Sivas\u2019tan Ne Al\u0131n\u0131r? 8 Hediyelik E\u015fya \u00d6nerisi<\/a><\/strong><\/p>\n\n\n\n<p><strong><a href=\"https:\/\/www.turna.com\/blog\/sivasta-ne-yenir\" target=\"_blank\" rel=\"noreferrer noopener\">Sivas\u2019ta Ne Yenir ? Tad\u0131lmas\u0131 Gereken 10 Lezzet<\/a><\/strong><\/p>\n\n\n\n<p><strong><a href=\"https:\/\/www.turna.com\/blog\/gokpinar-golu\" target=\"_blank\" rel=\"noreferrer noopener\">G\u00f6kp\u0131nar G\u00f6l\u00fc: Sivas\u2019\u0131n Do\u011fal Akvaryumu<\/a><\/strong><\/p>\n\n\n\n<p><strong><a href=\"https:\/\/www.turna.com\/blog\/sivas-gezilecek-yerler\" target=\"_blank\" rel=\"noreferrer noopener\">Sivas Gezilecek Yerler \u2013 29 Yer \u0130le En Ayr\u0131nt\u0131l\u0131 Liste<\/a><\/strong><\/p>\n\n\n\n<p><strong><a href=\"https:\/\/www.turna.com\/blog\/sivasta-yapilacak-aktiviteler\" target=\"_blank\" rel=\"noreferrer noopener\">Sivas\u2019ta Yap\u0131lacak Aktiviteler: 6 Farkl\u0131 Deneyim<\/a><\/strong><\/p>\n\n    <div class=\"xs_social_share_widget xs_share_url after_content \t\tmain_content  wslu-style-1 wslu-share-box-shaped wslu-fill-colored wslu-none wslu-share-horizontal wslu-theme-font-no wslu-main_content\">\n\n\t\t\n        <ul>\n\t\t\t        <\/ul>\n    <\/div> \n","protected":false},"excerpt":{"rendered":"<p>S\u0131z\u0131r \u015eelalesi belki ad\u0131n\u0131 daha \u00f6nce duymad\u0131\u011f\u0131n\u0131z ama tan\u0131\u015ft\u0131\u011f\u0131n\u0131za \u00e7ok memnun olaca\u011f\u0131n\u0131z bir g\u00fczellik. Alm\u0131\u015f bir yan\u0131na \u00c7at ormanlar\u0131n\u0131, bulmu\u015f a\u015f\u0131p akaca\u011f\u0131 dik yama\u00e7lar\u0131 t\u00fcm co\u015fkusuyla \u00e7a\u011fl\u0131yor.<\/p>\n","protected":false},"author":34,"featured_media":21054,"comment_status":"open","ping_status":"open","sticky":false,"template":"","format":"standard","meta":{"rop_custom_images_group":[],"rop_custom_messages_group":[],"rop_publish_now":"initial","rop_publish_now_accounts":[],"rop_publish_now_history":[],"rop_publish_now_status":"pending","_cloudinary_featured_overwrite":false,"footnotes":""},"categories":[2,1862,84],"tags":[935],"class_list":["post-21053","post","type-post","status-publish","format-standard","has-post-thumbnail","hentry","category-ulkeler","category-sivas","category-turkiye","tag-sivas"],"_links":{"self":[{"href":"https:\/\/www.turna.com\/blog\/wp-json\/wp\/v2\/posts\/21053","targetHints":{"allow":["GET"]}}],"collection":[{"href":"https:\/\/www.turna.com\/blog\/wp-json\/wp\/v2\/posts"}],"about":[{"href":"https:\/\/www.turna.com\/blog\/wp-json\/wp\/v2\/types\/post"}],"author":[{"embeddable":true,"href":"https:\/\/www.turna.com\/blog\/wp-json\/wp\/v2\/users\/34"}],"replies":[{"embeddable":true,"href":"https:\/\/www.turna.com\/blog\/wp-json\/wp\/v2\/comments?post=21053"}],"version-history":[{"count":0,"href":"https:\/\/www.turna.com\/blog\/wp-json\/wp\/v2\/posts\/21053\/revisions"}],"wp:featuredmedia":[{"embeddable":true,"href":"https:\/\/www.turna.com\/blog\/wp-json\/wp\/v2\/media\/21054"}],"wp:attachment":[{"href":"https:\/\/www.turna.com\/blog\/wp-json\/wp\/v2\/media?parent=21053"}],"wp:term":[{"taxonomy":"category","embeddable":true,"href":"https:\/\/www.turna.com\/blog\/wp-json\/wp\/v2\/categories?post=21053"},{"taxonomy":"post_tag","embeddable":true,"href":"https:\/\/www.turna.com\/blog\/wp-json\/wp\/v2\/tags?post=21053"}],"curies":[{"name":"wp","href":"https:\/\/api.w.org\/{rel}","templated":true}]}}