{"id":21050,"date":"2022-08-01T16:19:04","date_gmt":"2022-08-01T13:19:04","guid":{"rendered":"https:\/\/www.turna.com\/blog\/?p=21050"},"modified":"2025-06-27T14:57:27","modified_gmt":"2025-06-27T11:57:27","slug":"sivasta-yapilacak-aktiviteler","status":"publish","type":"post","link":"https:\/\/www.turna.com\/blog\/sivasta-yapilacak-aktiviteler","title":{"rendered":"Sivas&#8217;ta Yap\u0131lacak Aktiviteler: 6 Farkl\u0131 Deneyim"},"content":{"rendered":"<div id=\"ez-toc-container\" class=\"ez-toc-v2_0_82_2 counter-hierarchy ez-toc-counter ez-toc-black ez-toc-container-direction\">\n<div class=\"ez-toc-title-container\">\n<p class=\"ez-toc-title\" style=\"cursor:inherit\">\u0130\u00e7indekiler<\/p>\n<span class=\"ez-toc-title-toggle\"><a href=\"#\" class=\"ez-toc-pull-right ez-toc-btn ez-toc-btn-xs ez-toc-btn-default ez-toc-toggle\" aria-label=\"\u0130\u00e7indekiler Tablosunu A\u00e7\/Kapat\"><span class=\"ez-toc-js-icon-con\"><span class=\"\"><span class=\"eztoc-hide\" style=\"display:none;\">Toggle<\/span><span class=\"ez-toc-icon-toggle-span\"><svg style=\"fill: #ffffff;color:#ffffff\" xmlns=\"http:\/\/www.w3.org\/2000\/svg\" class=\"list-377408\" width=\"20px\" height=\"20px\" viewBox=\"0 0 24 24\" fill=\"none\"><path d=\"M6 6H4v2h2V6zm14 0H8v2h12V6zM4 11h2v2H4v-2zm16 0H8v2h12v-2zM4 16h2v2H4v-2zm16 0H8v2h12v-2z\" fill=\"currentColor\"><\/path><\/svg><svg style=\"fill: #ffffff;color:#ffffff\" class=\"arrow-unsorted-368013\" xmlns=\"http:\/\/www.w3.org\/2000\/svg\" width=\"10px\" height=\"10px\" viewBox=\"0 0 24 24\" version=\"1.2\" baseProfile=\"tiny\"><path d=\"M18.2 9.3l-6.2-6.3-6.2 6.3c-.2.2-.3.4-.3.7s.1.5.3.7c.2.2.4.3.7.3h11c.3 0 .5-.1.7-.3.2-.2.3-.5.3-.7s-.1-.5-.3-.7zM5.8 14.7l6.2 6.3 6.2-6.3c.2-.2.3-.5.3-.7s-.1-.5-.3-.7c-.2-.2-.4-.3-.7-.3h-11c-.3 0-.5.1-.7.3-.2.2-.3.5-.3.7s.1.5.3.7z\"\/><\/svg><\/span><\/span><\/span><\/a><\/span><\/div>\n<nav><ul class='ez-toc-list ez-toc-list-level-1 eztoc-toggle-hide-by-default' ><li class='ez-toc-page-1 ez-toc-heading-level-2'><a class=\"ez-toc-link ez-toc-heading-1\" href=\"https:\/\/www.turna.com\/blog\/sivasta-yapilacak-aktiviteler\/#sivasta_yapilacak_aktiviteler\" >Sivas&#8217;ta Yap\u0131lacak Aktiviteler<\/a><ul class='ez-toc-list-level-3' ><li class='ez-toc-heading-level-3'><a class=\"ez-toc-link ez-toc-heading-2\" href=\"https:\/\/www.turna.com\/blog\/sivasta-yapilacak-aktiviteler\/#yildiz_daginda_snowboardkayak\" >Y\u0131ld\u0131z Da\u011f\u0131&#8217;nda Snowboard\/Kayak<\/a><\/li><li class='ez-toc-page-1 ez-toc-heading-level-3'><a class=\"ez-toc-link ez-toc-heading-3\" href=\"https:\/\/www.turna.com\/blog\/sivasta-yapilacak-aktiviteler\/#gokpinar_golunde_dalis\" >G\u00f6kp\u0131nar G\u00f6l\u00fc&#8217;nde Dal\u0131\u015f<\/a><\/li><li class='ez-toc-page-1 ez-toc-heading-level-3'><a class=\"ez-toc-link ez-toc-heading-4\" href=\"https:\/\/www.turna.com\/blog\/sivasta-yapilacak-aktiviteler\/#sivasspor_binicilik_tesislerinde_at_binme\" >Sivasspor Binicilik Tesisleri&#8217;nde At Binme<\/a><\/li><li class='ez-toc-page-1 ez-toc-heading-level-3'><a class=\"ez-toc-link ez-toc-heading-5\" href=\"https:\/\/www.turna.com\/blog\/sivasta-yapilacak-aktiviteler\/#todurge_golunde_kus_gozlemciligi\" >T\u00f6d\u00fcrge G\u00f6l\u00fc&#8217;nde Ku\u015f G\u00f6zlemcili\u011fi<\/a><\/li><li class='ez-toc-page-1 ez-toc-heading-level-3'><a class=\"ez-toc-link ez-toc-heading-6\" href=\"https:\/\/www.turna.com\/blog\/sivasta-yapilacak-aktiviteler\/#sizir_selalesinde_kampcilik\" >S\u0131z\u0131r \u015eelalesi&#8217;nde Kamp\u00e7\u0131l\u0131k<\/a><\/li><li class='ez-toc-page-1 ez-toc-heading-level-3'><a class=\"ez-toc-link ez-toc-heading-7\" href=\"https:\/\/www.turna.com\/blog\/sivasta-yapilacak-aktiviteler\/#sugul_vadisinde_trekking\" >\u015eu\u011ful Vadisi&#8217;nde Trekking<\/a><\/li><\/ul><\/li><\/ul><\/nav><\/div>\n\n<p>Sivas&#8217;ta ya\u015fayanlar ya da yolu Sivas&#8217;a d\u00fc\u015f\u00fcp biraz macera arayanlar i\u00e7in <strong>Sivas&#8217;ta yap\u0131lacak aktiviteler<\/strong> \u00f6nemli bir konu ba\u015fl\u0131\u011f\u0131. Her gezginin seyahat amac\u0131 ya da zevki ba\u015fka. Kimisi tarihin izini s\u00fcr\u00fcyor, kimisi do\u011fay\u0131 ke\u015ffetmeyi seviyor. Bu yaz\u0131da aktivite severleri Sivas&#8217;ta yapabilecekleri 6 deneyimle bulu\u015fturuyorum.<\/p>\n\n\n\n<h2 class=\"wp-block-heading has-text-align-center has-neeon-button-dark-gray-color has-text-color has-link-color wp-elements-60c9ace15fef43349d93a0928f449cd8\"><span class=\"ez-toc-section\" id=\"sivasta_yapilacak_aktiviteler\"><\/span><strong><strong><strong><strong><strong><strong>Sivas&#8217;ta Yap\u0131lacak Aktiviteler<\/strong><\/strong><\/strong><\/strong><\/strong><\/strong><span class=\"ez-toc-section-end\"><\/span><\/h2>\n\n\n\n<p>\u015eimdi sizi al\u0131p bi y\u00fckseklere \u00e7\u0131kar\u0131p, bi derinlere g\u00f6nderece\u011fim. Her biri g\u00fczel ve \u00f6zel deneyimlerden bahsedece\u011fim. Sivas&#8217;a gitti\u011finizde unutamayaca\u011f\u0131n\u0131z aktiviteler yapman\u0131z m\u00fcmk\u00fcn. Hadi adrenaline doyup, dinginli\u011fi hissedece\u011fimiz rotalara y\u00f6nelelim.<\/p>\n\n\n\n<p><strong>Sivas&#8217;ta Yap\u0131lacak Aktiviteler<\/strong><\/p>\n\n\n\n<ul class=\"wp-block-list\">\n<li>Y\u0131ld\u0131z Da\u011f\u0131&#8217;nda Snowboard\/Kayak<\/li>\n\n\n\n<li>G\u00f6kp\u0131nar G\u00f6l\u00fc&#8217;nde Dal\u0131\u015f<\/li>\n\n\n\n<li>Sivasspor Binicilik Tesisleri&#8217;nde At Binme<\/li>\n\n\n\n<li>T\u00f6d\u00fcrge G\u00f6l\u00fc&#8217;nde Ku\u015f G\u00f6zlemcili\u011fi<\/li>\n\n\n\n<li>S\u0131z\u0131r \u015eelalesi&#8217;nde Kamp\u00e7\u0131l\u0131k<\/li>\n\n\n\n<li>\u015eu\u011ful Vadisi&#8217;nde Trekking<\/li>\n<\/ul>\n\n\n\n<h3 class=\"wp-block-heading has-text-align-center has-neeon-button-dark-gray-color has-text-color has-link-color wp-elements-3516bb179601227c38ada6ac3c2fe462\"><span class=\"ez-toc-section\" id=\"yildiz_daginda_snowboardkayak\"><\/span><strong><strong><strong>Y\u0131ld\u0131z Da\u011f\u0131&#8217;nda Snowboard\/Kayak<\/strong><\/strong><\/strong><span class=\"ez-toc-section-end\"><\/span><\/h3>\n\n\n\n<figure class=\"wp-block-image size-large\"><img decoding=\"async\" src=\"https:\/\/res.cloudinary.com\/turna\/image\/upload\/v1659359684\/y%C4%B1ld%C4%B1z_da%C4%9F%C4%B1nda_kayak.jpg\" alt=\"Y\u0131ld\u0131z Da\u011f\u0131'nda Snowboard\/Kayak\"\/><\/figure>\n\n\n\n<p>Sivas\u2019\u0131n kuzeyinde bulunan Y\u0131ld\u0131z Da\u011f\u0131 2 bin 552 metre y\u00fckseklikte bulunuyor. \u015eehir merkezine 58 Km mesafede bulunan da\u011f Kas\u0131m ortas\u0131ndan Mart sonuna kadar karla kapl\u0131 oluyor. Sa\u011flam zemin yap\u0131s\u0131 ve kar kalitesi ile Y\u0131ld\u0131z Da\u011f\u0131, k\u0131\u015f turizminin \u00f6nemli destinasyonlar\u0131ndan biri.<\/p>\n\n\n\n<p>Y\u0131ld\u0131z Da\u011f\u0131&#8217;nda 2 tane konaklama tesisi, buz pateni salonu, kafe ve restoranlar, 2 y\u00fcr\u00fcyen bant ve 2 telesiyej bulunuyor. Sivas&#8217;ta ne yap\u0131l\u0131r sorusuna verilecek en g\u00fczel yan\u0131tlardan biri de Y\u0131ld\u0131z Da\u011f\u0131&#8217;nda snowboard ya da kayak yapmak diyebilirim. Biraz da fiyatlardan bahsedeyim.<\/p>\n\n\n\n<ul class=\"wp-block-list\">\n<li>Kayak Elbise Tak\u0131m\u0131 kiralama g\u00fcnl\u00fck 80 TL<\/li>\n\n\n\n<li>Snowboard kiralama 80 TL<\/li>\n\n\n\n<li>K\u0131zak saatlik 25 TL<\/li>\n\n\n\n<li>Kayak Tak\u0131m\u0131 kiralama g\u00fcnl\u00fck 80 TL<\/li>\n\n\n\n<li>Kask &amp; Kayak G\u00f6zl\u00fc\u011f\u00fc kiralama g\u00fcnl\u00fck 40 TL<\/li>\n<\/ul>\n\n\n\n<p>Y\u0131ld\u0131z Da\u011f\u0131 konumu <strong><a href=\"https:\/\/g.page\/yildizdagikayakmerkezi?share\" target=\"_blank\" rel=\"noreferrer noopener\">burada.<\/a><\/strong><\/p>\n\n\n\n<h3 class=\"wp-block-heading has-text-align-center has-neeon-button-dark-gray-color has-text-color has-link-color wp-elements-87daadda817c88f8c0d76b119efc30ef\"><span class=\"ez-toc-section\" id=\"gokpinar_golunde_dalis\"><\/span><strong><strong><strong>G\u00f6kp\u0131nar G\u00f6l\u00fc&#8217;nde Dal\u0131\u015f<\/strong><\/strong><\/strong><span class=\"ez-toc-section-end\"><\/span><\/h3>\n\n\n\n<figure class=\"wp-block-image size-large\"><img width=\"800\" height=\"500\" decoding=\"async\" src=\"data:image\/svg+xml;base64,PHN2ZyB4bWxucz0iaHR0cDovL3d3dy53My5vcmcvMjAwMC9zdmciIHdpZHRoPSI4MDAiIGhlaWdodD0iNTAwIj48cmVjdCB3aWR0aD0iMTAwJSIgaGVpZ2h0PSIxMDAlIj48YW5pbWF0ZSBhdHRyaWJ1dGVOYW1lPSJmaWxsIiB2YWx1ZXM9InJnYmEoMTUzLDE1MywxNTMsMC41KTtyZ2JhKDE1MywxNTMsMTUzLDAuMSk7cmdiYSgxNTMsMTUzLDE1MywwLjUpIiBkdXI9IjJzIiByZXBlYXRDb3VudD0iaW5kZWZpbml0ZSIgLz48L3JlY3Q+PC9zdmc+\" alt=\"G\u00f6kp\u0131nar G\u00f6l\u00fc&#039;nde Dal\u0131\u015f\" data-public-id=\"g\u00f6kp\u0131nar_g\u00f6l\u00fcnde_dal\u0131\u015f\/g\u00f6kp\u0131nar_g\u00f6l\u00fcnde_dal\u0131\u015f.jpg\" class=\"wp-post-21050 wp-image-21051\" data-format=\"jpg\" data-transformations=\"f_auto,q_auto:low\" data-version=\"1659359684\" data-seo=\"1\" data-size=\"800 500\" data-srcset=\"https:\/\/res.cloudinary.com\/turna\/images\/f_auto,q_auto:low\/v1659359684\/g\u00f6kp\u0131nar_g\u00f6l\u00fcnde_dal\u0131\u015f\/g\u00f6kp\u0131nar_g\u00f6l\u00fcnde_dal\u0131\u015f.jpg?_i=AA 800w, https:\/\/res.cloudinary.com\/turna\/images\/w_300,h_188,c_scale\/f_auto,q_auto:low\/v1659359684\/g\u00f6kp\u0131nar_g\u00f6l\u00fcnde_dal\u0131\u015f\/g\u00f6kp\u0131nar_g\u00f6l\u00fcnde_dal\u0131\u015f.jpg?_i=AA 300w, https:\/\/res.cloudinary.com\/turna\/images\/w_672,h_420,c_scale\/f_auto,q_auto:low\/v1659359684\/g\u00f6kp\u0131nar_g\u00f6l\u00fcnde_dal\u0131\u015f\/g\u00f6kp\u0131nar_g\u00f6l\u00fcnde_dal\u0131\u015f.jpg?_i=AA 672w, https:\/\/res.cloudinary.com\/turna\/images\/w_640,h_400,c_scale\/f_auto,q_auto:low\/v1659359684\/g\u00f6kp\u0131nar_g\u00f6l\u00fcnde_dal\u0131\u015f\/g\u00f6kp\u0131nar_g\u00f6l\u00fcnde_dal\u0131\u015f.jpg?_i=AA 640w, https:\/\/res.cloudinary.com\/turna\/images\/w_681,h_426,c_scale\/f_auto,q_auto:low\/v1659359684\/g\u00f6kp\u0131nar_g\u00f6l\u00fcnde_dal\u0131\u015f\/g\u00f6kp\u0131nar_g\u00f6l\u00fcnde_dal\u0131\u015f.jpg?_i=AA 681w\" data-sizes=\"(max-width: 800px) 100vw, 800px\" data-delivery=\"upload\" onload=\";window.CLDBind?CLDBind(this):null;\" data-cloudinary=\"lazy\" \/><\/figure>\n\n\n\n<p>G\u00f6kp\u0131nar G\u00f6l\u00fc, su alt\u0131 flora ve faunas\u0131yla do\u011fal akvaryum olarak an\u0131l\u0131yor. Dipten kaynaklarla beslenen ve derinli\u011fi 15 metreyi bulan g\u00f6l\u00fcn turkuaz rengi g\u00f6z kama\u015ft\u0131r\u0131yor. Su alt\u0131 sporlar\u0131yla u\u011fra\u015fanlar\u0131n da tercih etti\u011fi bir g\u00f6l buras\u0131. G\u00f6lde irtifa dal\u0131\u015flar\u0131 ger\u00e7ekle\u015ftiriliyor.<\/p>\n\n\n\n<p>Profesyonel olarak dal\u0131\u015f sporuyla ilgileniyorsan\u0131z ya da kendinize bir dal\u0131\u015f hocas\u0131 bulursan\u0131z <strong>G\u00f6kp\u0131nar G\u00f6l\u00fc&#8217;nde dal\u0131\u015f<\/strong> yapmak gibi e\u015fsiz bir deneyim ya\u015fayabilirsiniz. Dal\u0131\u015f d\u0131\u015f\u0131nda g\u00f6lde yunus bisiklet ya da kay\u0131k kiralayarak turlayabilirsiniz. G\u00f6l\u00fcn etraf\u0131nda bulunan restoranda ya da piknik alan\u0131nda dinlenip bir \u015feyler yiyip i\u00e7ebilirsiniz.<\/p>\n\n\n\n<p>G\u00f6kp\u0131nar G\u00f6l\u00fc konumu <strong><a href=\"https:\/\/goo.gl\/maps\/evkmbnBMUJ8mUaT97\" target=\"_blank\" rel=\"noreferrer noopener\">burada<\/a><\/strong>.<\/p>\n\n\n\n<h3 class=\"wp-block-heading has-text-align-center has-neeon-button-dark-gray-color has-text-color has-link-color wp-elements-3e93a4a23da01500ce6d9685e75317da\"><span class=\"ez-toc-section\" id=\"sivasspor_binicilik_tesislerinde_at_binme\"><\/span><strong><strong><strong>Sivasspor Binicilik Tesisleri&#8217;nde At Binme<\/strong><\/strong><\/strong><span class=\"ez-toc-section-end\"><\/span><\/h3>\n\n\n\n<figure class=\"wp-block-image size-large\"><img decoding=\"async\" src=\"https:\/\/res.cloudinary.com\/turna\/image\/upload\/v1659359685\/Sivasspor_Binicilik_Tesislerinde_At_Binme.jpg\" alt=\"Sivasspor Binicilik Tesisleri'nde At Binme\"\/><\/figure>\n\n\n\n<p>Y\u00fckseklere \u00e7\u0131kt\u0131k kayak yapt\u0131k, derinlere dald\u0131k su alt\u0131 d\u00fcnyas\u0131n\u0131 ke\u015ffettik. Sivas&#8217;ta ne yap\u0131l\u0131r sorusunun yan\u0131t\u0131n\u0131 biraz da yerde arayal\u0131m. \ud83d\ude01 Sivasspor binicilik tesisleri keyifli vakit ge\u00e7irebilece\u011finiz bir alan. At binmeyi seviyorsan\u0131z kesinlikle gitmeniz gereken bir yer. Ailecek de gidilebilir. \u0130\u00e7erisinde \u00e7ocuk park\u0131 olan tesisin restoran\u0131nda yemek de yiyebilirsiniz.<\/p>\n\n\n\n<p>Sivasspor Binicilik Tesisleri konumu <strong><a href=\"https:\/\/goo.gl\/maps\/xHmPkSqsi6v6WvN18\" target=\"_blank\" rel=\"noreferrer noopener\">burada. <\/a><\/strong><\/p>\n\n\n\n<h3 class=\"wp-block-heading has-text-align-center has-neeon-button-dark-gray-color has-text-color has-link-color wp-elements-126060e94c5743a12760e704ac73f330\"><span class=\"ez-toc-section\" id=\"todurge_golunde_kus_gozlemciligi\"><\/span><strong><strong><strong>T\u00f6d\u00fcrge G\u00f6l\u00fc&#8217;nde Ku\u015f G\u00f6zlemcili\u011fi<\/strong><\/strong><\/strong><span class=\"ez-toc-section-end\"><\/span><\/h3>\n\n\n\n<figure class=\"wp-block-image size-large\"><img decoding=\"async\" src=\"https:\/\/res.cloudinary.com\/turna\/image\/upload\/v1659359684\/t%C3%B6d%C3%BCrge_g%C3%B6l%C3%BCnde_ku%C5%9F_g%C3%B6zlemcili%C4%9Fi.jpg\" alt=\"T\u00f6d\u00fcrge G\u00f6l\u00fc'nde Ku\u015f G\u00f6zlemcili\u011fi\"\/><\/figure>\n\n\n\n<p><strong>T\u00f6d\u00fcrge G\u00f6l\u00fc<\/strong> i\u00e7in ku\u015f cenneti desek san\u0131r\u0131m yanl\u0131\u015f olmaz. G\u00f6lde bulunan ku\u015f g\u00f6zlem kulesine \u00e7\u0131karak burada <strong>ku\u015f g\u00f6zlemcili\u011fi<\/strong> yapabilirsiniz. G\u00f6l \u00e7evresinde izlenebilen ku\u015flardan baz\u0131lar\u0131 \u015funlard\u0131r; Tepeli Bata\u011fan, K\u0131z\u0131l\u0131 Boyunlu Bata\u011fan, Leylek, Angut, K\u0131l\u00f6rdek, Kara\u00e7aylak, Deniz Kartal\u0131, Saz Delicesi, Turna, Uzunbacak, K\u0131z\u0131lbacak, Sumru, Macar \u00d6rde\u011fi, Sar\u0131 Ba\u015fl\u0131 Kuyruksallayan.<\/p>\n\n\n\n<p>Ayr\u0131ca g\u00f6l \u00e7evresinde kafe ve restoranlar da bulunuyor. K\u0131\u015f aylar\u0131nda donan g\u00f6lde sporcular buz alt\u0131 dal\u0131\u015f\u0131 yap\u0131yor. Her mevsim g\u00f6rmeye de\u011fer bir do\u011fal g\u00fczellik T\u00f6d\u00fcrge.<\/p>\n\n\n\n<p>T\u00f6d\u00fcrge G\u00f6l\u00fc konumu <strong><a href=\"https:\/\/goo.gl\/maps\/ibTykvF4SnP1F6VC6\" target=\"_blank\" rel=\"noreferrer noopener\">burada.<\/a><\/strong><\/p>\n\n\n\n<h3 class=\"wp-block-heading has-text-align-center has-neeon-button-dark-gray-color has-text-color has-link-color wp-elements-f99b08418b882502a3e209b72693efa2\"><span class=\"ez-toc-section\" id=\"sizir_selalesinde_kampcilik\"><\/span><strong><strong><strong>S\u0131z\u0131r \u015eelalesi&#8217;nde Kamp\u00e7\u0131l\u0131k<\/strong><\/strong><\/strong><span class=\"ez-toc-section-end\"><\/span><\/h3>\n\n\n\n<figure class=\"wp-block-image size-large\"><img decoding=\"async\" src=\"https:\/\/res.cloudinary.com\/turna\/image\/upload\/v1659359685\/s%C4%B1z%C4%B1r_%C5%9Felalesinde_kamp.jpg\" alt=\"S\u0131z\u0131r \u015eelalesi'nde Kamp\u00e7\u0131l\u0131k\"\/><\/figure>\n\n\n\n<p>S\u0131z\u0131r \u015eelalesi Sivas&#8217;ta ziyaret etmeniz gereken do\u011fal g\u00fczelliklerden biri. Do\u011fay\u0131 ve kamp\u00e7\u0131l\u0131\u011f\u0131 sevenler ise burada mutlaka kamp yapmal\u0131. S\u0131z\u0131r \u015eelalesi&#8217;nde hizmet veren bir kamp alan\u0131 yok. Burada kamp yapacaksan\u0131z do\u011fa size kucak a\u00e7\u0131yor.<\/p>\n\n\n\n<p>Uygun bir yerde kendi ekipmanlar\u0131n\u0131zla kamp yapabilirsiniz. Tedarikli gitmenizde fayda var her y\u00f6nden. Elektrik, su gibi ihtiya\u00e7lar\u0131n\u0131z\u0131 kar\u015f\u0131layamayacaks\u0131n\u0131z. Ancak \u015felalenin oldu\u011fu yerdeki tesiste yeme-i\u00e7me olanaklar\u0131 mevcut.<\/p>\n\n\n\n<p>S\u0131z\u0131r \u015eelalesi konumu <strong><a href=\"https:\/\/goo.gl\/maps\/VtALYC9LzyXjktKm9\" target=\"_blank\" rel=\"noreferrer noopener\">burada.<\/a><\/strong><\/p>\n\n\n\n<h3 class=\"wp-block-heading has-text-align-center has-neeon-button-dark-gray-color has-text-color has-link-color wp-elements-873edc6d07fca30e34957645f0665d2b\"><span class=\"ez-toc-section\" id=\"sugul_vadisinde_trekking\"><\/span><strong><strong><strong>\u015eu\u011ful Vadisi&#8217;nde Trekking<\/strong><\/strong><\/strong><span class=\"ez-toc-section-end\"><\/span><\/h3>\n\n\n\n<figure class=\"wp-block-image size-large\"><img decoding=\"async\" src=\"https:\/\/res.cloudinary.com\/turna\/image\/upload\/v1659359685\/%C5%9Fu%C4%9Ful_vadisinde_trekking.jpg\" alt=\"\u015eu\u011ful Vadisi'nde Trekking\"\/><\/figure>\n\n\n\n<p>\u015eu\u011ful Vadisi&#8217;nde trekking yapmak da Sivas&#8217;ta yap\u0131lacak aktiviteler listemizin son maddesi. G\u00fcr\u00fcn&#8217;de g\u00f6r\u00fclmeye de\u011fer \u00f6nemli do\u011fal g\u00fczelliklerden birinde y\u00fcr\u00fcy\u00fc\u015f yapmak son derece keyifli. Burada \u00f6nceden kanyon giri\u015finde bulunan bir y\u00fcr\u00fcy\u00fc\u015f yolu vard\u0131. Son d\u00f6nemde yap\u0131lan \u00e7al\u0131\u015fmalarla bu y\u00fcr\u00fcy\u00fc\u015f yolu kanyonun i\u00e7ine do\u011fru uzat\u0131lm\u0131\u015f \u00e7ok da g\u00fczel olmu\u015f. Vadinin giri\u015finde bir bal\u0131k lokantas\u0131 ve k\u0131r kahvesi bulunuyor. Yoruldu\u011funuzda burada soluklanabilirsiniz.<\/p>\n\n\n\n<p>Y\u00fcr\u00fcrken g\u00f6rece\u011finiz kayal\u0131klar\u0131n dikli\u011fi, i\u00e7lerinden kaynayan sular, \u0131rma\u011f\u0131n berrak sular\u0131 ve i\u00e7indeki bal\u0131klar insan\u0131 b\u00fcy\u00fcl\u00fcyor. Baz\u0131 yerlerde do\u011fal olarak olu\u015fmu\u015f ma\u011fara a\u011f\u0131zlar\u0131 da g\u00f6receksiniz. Bir g\u00fcn\u00fcn\u00fcz\u00fc mutlaka buraya ay\u0131r\u0131n derim.<\/p>\n\n\n\n<p>\u015eu\u011ful Vadisi konumu <strong><a href=\"https:\/\/goo.gl\/maps\/sxtTjNJwhp7oD6Hu8\" target=\"_blank\" rel=\"noreferrer noopener\">burada.<\/a><\/strong><\/p>\n\n\n\n<p>Bu harika deneyimler i\u00e7in tek yapman\u0131z gereken <strong><a href=\"https:\/\/www.turna.com\/ucak-bileti\/sivas\" target=\"_blank\" rel=\"noreferrer noopener\">Sivas u\u00e7ak bileti<\/a><\/strong> ya da <strong><a href=\"https:\/\/www.turna.com\/otobus-bileti\/sivas\" target=\"_blank\" rel=\"noreferrer noopener\">Sivas otob\u00fcs bileti<\/a><\/strong> almak. Sivas plan\u0131 yap\u0131yorsan\u0131z gitmeden \u00f6nce mutlaka di\u011fer yaz\u0131lar\u0131m\u0131 da okuman\u0131z\u0131 \u00f6neririm.<\/p>\n\n\n\n<p><strong><a href=\"https:\/\/www.turna.com\/blog\/divrigi-ulu-camii\" target=\"_blank\" rel=\"noreferrer noopener\">Divri\u011fi Ulu Camii: Sivas\u2019ta Bir D\u00fcnya Miras\u0131<\/a><\/strong><\/p>\n\n\n\n<p><strong><a href=\"https:\/\/www.turna.com\/blog\/sivastan-ne-alinir\" target=\"_blank\" rel=\"noreferrer noopener\">Sivas\u2019tan Ne Al\u0131n\u0131r? 8 Hediyelik E\u015fya \u00d6nerisi<\/a><\/strong><\/p>\n\n\n\n<p><strong><a href=\"https:\/\/www.turna.com\/blog\/sivasta-ne-yenir\" target=\"_blank\" rel=\"noreferrer noopener\">Sivas\u2019ta Ne Yenir ? Tad\u0131lmas\u0131 Gereken 10 Lezzet<\/a><\/strong><\/p>\n\n\n\n<p><strong><a href=\"https:\/\/www.turna.com\/blog\/gokpinar-golu\" target=\"_blank\" rel=\"noreferrer noopener\">G\u00f6kp\u0131nar G\u00f6l\u00fc: Sivas\u2019\u0131n Do\u011fal Akvaryumu<\/a><\/strong><\/p>\n\n\n\n<p><strong><a href=\"https:\/\/www.turna.com\/blog\/sivas-gezilecek-yerler\" target=\"_blank\" rel=\"noreferrer noopener\">Sivas Gezilecek Yerler \u2013 29 Yer \u0130le En Ayr\u0131nt\u0131l\u0131 Liste<\/a><\/strong><\/p>\n\n    <div class=\"xs_social_share_widget xs_share_url after_content \t\tmain_content  wslu-style-1 wslu-share-box-shaped wslu-fill-colored wslu-none wslu-share-horizontal wslu-theme-font-no wslu-main_content\">\n\n\t\t\n        <ul>\n\t\t\t        <\/ul>\n    <\/div> \n","protected":false},"excerpt":{"rendered":"<p>Sivas&#8217;ta ya\u015fayanlar ya da yolu Sivas&#8217;a d\u00fc\u015f\u00fcp biraz macera arayanlar i\u00e7in Sivas&#8217;ta yap\u0131lacak aktiviteler \u00f6nemli bir konu ba\u015fl\u0131\u011f\u0131.<\/p>\n","protected":false},"author":34,"featured_media":21051,"comment_status":"open","ping_status":"open","sticky":false,"template":"","format":"standard","meta":{"rop_custom_images_group":[],"rop_custom_messages_group":[],"rop_publish_now":"initial","rop_publish_now_accounts":[],"rop_publish_now_history":[],"rop_publish_now_status":"pending","_cloudinary_featured_overwrite":false,"footnotes":""},"categories":[2,1862,84],"tags":[935],"class_list":["post-21050","post","type-post","status-publish","format-standard","has-post-thumbnail","hentry","category-ulkeler","category-sivas","category-turkiye","tag-sivas"],"_links":{"self":[{"href":"https:\/\/www.turna.com\/blog\/wp-json\/wp\/v2\/posts\/21050","targetHints":{"allow":["GET"]}}],"collection":[{"href":"https:\/\/www.turna.com\/blog\/wp-json\/wp\/v2\/posts"}],"about":[{"href":"https:\/\/www.turna.com\/blog\/wp-json\/wp\/v2\/types\/post"}],"author":[{"embeddable":true,"href":"https:\/\/www.turna.com\/blog\/wp-json\/wp\/v2\/users\/34"}],"replies":[{"embeddable":true,"href":"https:\/\/www.turna.com\/blog\/wp-json\/wp\/v2\/comments?post=21050"}],"version-history":[{"count":0,"href":"https:\/\/www.turna.com\/blog\/wp-json\/wp\/v2\/posts\/21050\/revisions"}],"wp:featuredmedia":[{"embeddable":true,"href":"https:\/\/www.turna.com\/blog\/wp-json\/wp\/v2\/media\/21051"}],"wp:attachment":[{"href":"https:\/\/www.turna.com\/blog\/wp-json\/wp\/v2\/media?parent=21050"}],"wp:term":[{"taxonomy":"category","embeddable":true,"href":"https:\/\/www.turna.com\/blog\/wp-json\/wp\/v2\/categories?post=21050"},{"taxonomy":"post_tag","embeddable":true,"href":"https:\/\/www.turna.com\/blog\/wp-json\/wp\/v2\/tags?post=21050"}],"curies":[{"name":"wp","href":"https:\/\/api.w.org\/{rel}","templated":true}]}}