{"id":21027,"date":"2022-07-20T17:56:38","date_gmt":"2022-07-20T14:56:38","guid":{"rendered":"https:\/\/www.turna.com\/blog\/?p=21027"},"modified":"2025-06-26T16:36:35","modified_gmt":"2025-06-26T13:36:35","slug":"erythrai-antik-kenti","status":"publish","type":"post","link":"https:\/\/www.turna.com\/blog\/erythrai-antik-kenti","title":{"rendered":"Erythrai Antik Kenti: \u0130zmir \u00c7e\u015fme&#8217;nin Antik Y\u00fcz\u00fc"},"content":{"rendered":"<div id=\"ez-toc-container\" class=\"ez-toc-v2_0_82_2 counter-hierarchy ez-toc-counter ez-toc-black ez-toc-container-direction\">\n<div class=\"ez-toc-title-container\">\n<p class=\"ez-toc-title\" style=\"cursor:inherit\">\u0130\u00e7indekiler<\/p>\n<span class=\"ez-toc-title-toggle\"><a href=\"#\" class=\"ez-toc-pull-right ez-toc-btn ez-toc-btn-xs ez-toc-btn-default ez-toc-toggle\" aria-label=\"\u0130\u00e7indekiler Tablosunu A\u00e7\/Kapat\"><span class=\"ez-toc-js-icon-con\"><span class=\"\"><span class=\"eztoc-hide\" style=\"display:none;\">Toggle<\/span><span class=\"ez-toc-icon-toggle-span\"><svg style=\"fill: #ffffff;color:#ffffff\" xmlns=\"http:\/\/www.w3.org\/2000\/svg\" class=\"list-377408\" width=\"20px\" height=\"20px\" viewBox=\"0 0 24 24\" fill=\"none\"><path d=\"M6 6H4v2h2V6zm14 0H8v2h12V6zM4 11h2v2H4v-2zm16 0H8v2h12v-2zM4 16h2v2H4v-2zm16 0H8v2h12v-2z\" fill=\"currentColor\"><\/path><\/svg><svg style=\"fill: #ffffff;color:#ffffff\" class=\"arrow-unsorted-368013\" xmlns=\"http:\/\/www.w3.org\/2000\/svg\" width=\"10px\" height=\"10px\" viewBox=\"0 0 24 24\" version=\"1.2\" baseProfile=\"tiny\"><path d=\"M18.2 9.3l-6.2-6.3-6.2 6.3c-.2.2-.3.4-.3.7s.1.5.3.7c.2.2.4.3.7.3h11c.3 0 .5-.1.7-.3.2-.2.3-.5.3-.7s-.1-.5-.3-.7zM5.8 14.7l6.2 6.3 6.2-6.3c.2-.2.3-.5.3-.7s-.1-.5-.3-.7c-.2-.2-.4-.3-.7-.3h-11c-.3 0-.5.1-.7.3-.2.2-.3.5-.3.7s.1.5.3.7z\"\/><\/svg><\/span><\/span><\/span><\/a><\/span><\/div>\n<nav><ul class='ez-toc-list ez-toc-list-level-1 eztoc-toggle-hide-by-default' ><li class='ez-toc-page-1 ez-toc-heading-level-2'><a class=\"ez-toc-link ez-toc-heading-1\" href=\"https:\/\/www.turna.com\/blog\/erythrai-antik-kenti\/#erythrai_antik_kenti_hakkinda_bilgi\" >Erythrai Antik Kenti Hakk\u0131nda Bilgi<\/a><ul class='ez-toc-list-level-3' ><li class='ez-toc-heading-level-3'><a class=\"ez-toc-link ez-toc-heading-2\" href=\"https:\/\/www.turna.com\/blog\/erythrai-antik-kenti\/#erythrai_antik_kenti_nerede\" >Erythrai Antik Kenti Nerede?<\/a><\/li><li class='ez-toc-page-1 ez-toc-heading-level-3'><a class=\"ez-toc-link ez-toc-heading-3\" href=\"https:\/\/www.turna.com\/blog\/erythrai-antik-kenti\/#erythrai_antik_kenti_tarihcesi\" >Erythrai Antik Kenti Tarih\u00e7esi<\/a><\/li><li class='ez-toc-page-1 ez-toc-heading-level-3'><a class=\"ez-toc-link ez-toc-heading-4\" href=\"https:\/\/www.turna.com\/blog\/erythrai-antik-kenti\/#erythrai_antik_kenti_giris_ucreti\" >Erythrai Antik Kenti Giri\u015f \u00dccreti<\/a><\/li><li class='ez-toc-page-1 ez-toc-heading-level-3'><a class=\"ez-toc-link ez-toc-heading-5\" href=\"https:\/\/www.turna.com\/blog\/erythrai-antik-kenti\/#erythrai_antik_kentindeki_yapilar\" >Erythrai Antik Kenti&#8217;ndeki Yap\u0131lar<\/a><\/li><li class='ez-toc-page-1 ez-toc-heading-level-3'><a class=\"ez-toc-link ez-toc-heading-6\" href=\"https:\/\/www.turna.com\/blog\/erythrai-antik-kenti\/#erythrainin_hikayesi\" >Erythrai&#8217;nin Hikayesi<\/a><\/li><li class='ez-toc-page-1 ez-toc-heading-level-3'><a class=\"ez-toc-link ez-toc-heading-7\" href=\"https:\/\/www.turna.com\/blog\/erythrai-antik-kenti\/#erythrai_ne_demek\" >Erythrai ne demek?<\/a><\/li><\/ul><\/li><\/ul><\/nav><\/div>\n\n<p>\u00c7e\u015fme&#8217;ye gittiniz ama deniz g\u00fcne\u015f kum \u00fc\u00e7l\u00fcs\u00fcnden s\u0131k\u0131ld\u0131ysan\u0131z, k\u00fclt\u00fcr turizmi a\u015fk\u0131n\u0131z co\u015ftu ve \u015fezlong batmaya ba\u015flad\u0131ysa kalk\u0131n sizi tarihe doyuracak bir yere gidiyoruz. \u0130stikamet; <strong>Erythrai Antik Kenti.<\/strong> Bu antik kenti her detay\u0131yla tan\u0131y\u0131p \u00f6\u011frenecek, yaz\u0131n\u0131n sonunda gitmi\u015f kadar olduk diyeceksiniz. \ud83d\ude0a O halde sizi daha fazla bekletmiyor, kehanetleriyle, hikayesiyle, tarihiyle ilgi \u00e7ekici bu antik \u015fehri anlatmaya ba\u015fl\u0131yorum.<\/p>\n\n\n\n<h2 class=\"wp-block-heading has-text-align-center has-neeon-button-dark-gray-color has-text-color has-link-color wp-elements-91978f15681618f329904d3506178fb5\"><span class=\"ez-toc-section\" id=\"erythrai_antik_kenti_hakkinda_bilgi\"><\/span><strong>Erythrai Antik Kenti Hakk\u0131nda Bilgi<\/strong><span class=\"ez-toc-section-end\"><\/span><\/h2>\n\n\n\n<figure class=\"wp-block-image size-large\"><img decoding=\"async\" src=\"https:\/\/res.cloudinary.com\/turna\/image\/upload\/v1658328784\/erythrai_antik_kenti_tarih%C3%A7esi.jpg\" alt=\"Erythrai Antik Kenti Hakk\u0131nda Bilgi\"\/><\/figure>\n\n\n\n<p>\u00dcnl\u00fc co\u011frafyac\u0131 Strabon, Erythrai Antik Kenti&#8217;nin Sibylla ad\u0131 verilen kad\u0131n k\u00e2hinleriyle tan\u0131nd\u0131\u011f\u0131ndan bahsediyor. \u0130lk Sibylla B\u00fcy\u00fck \u0130skender\u2019in \u00e7a\u011f\u0131nda ya\u015fam\u0131\u015f ve ismi &#8216;Athenais&#8217;mi\u015f. Rivayete g\u00f6re bu kahin, \u0130skender\u2019in do\u011fumunu ve kentin Perslerden kurtulu\u015funu \u00f6n g\u00f6rm\u00fc\u015f. <\/p>\n\n\n\n<p>\u0130kinci Sibylla ise daha iddial\u0131 bir kehanette bulunarak dikkatleri \u00fczerine \u00e7ekmi\u015f. Hz. \u0130sa&#8217;n\u0131n geli\u015fini ve paganizmin sonunun gelece\u011fini \u00f6ng\u00f6rm\u00fc\u015f. Bu kahinin ad\u0131 ise Herophile imi\u015f. Yani Erythrai i\u00e7in kehanetlerin kenti diyebiliriz bence. <\/p>\n\n\n\n<h3 class=\"wp-block-heading has-text-align-center has-neeon-button-dark-gray-color has-text-color has-link-color wp-elements-95100ee44522668a8b7c5ea664645511\"><span class=\"ez-toc-section\" id=\"erythrai_antik_kenti_nerede\"><\/span><strong>Erythrai Antik Kenti Nerede?<\/strong><span class=\"ez-toc-section-end\"><\/span><\/h3>\n\n\n\n<figure class=\"wp-block-image size-large\"><img width=\"800\" height=\"500\" decoding=\"async\" src=\"data:image\/svg+xml;base64,PHN2ZyB4bWxucz0iaHR0cDovL3d3dy53My5vcmcvMjAwMC9zdmciIHdpZHRoPSI4MDAiIGhlaWdodD0iNTAwIj48cmVjdCB3aWR0aD0iMTAwJSIgaGVpZ2h0PSIxMDAlIj48YW5pbWF0ZSBhdHRyaWJ1dGVOYW1lPSJmaWxsIiB2YWx1ZXM9InJnYmEoMTUzLDE1MywxNTMsMC41KTtyZ2JhKDE1MywxNTMsMTUzLDAuMSk7cmdiYSgxNTMsMTUzLDE1MywwLjUpIiBkdXI9IjJzIiByZXBlYXRDb3VudD0iaW5kZWZpbml0ZSIgLz48L3JlY3Q+PC9zdmc+\" alt=\"Erythrai Antik Kenti Nerede?\" data-public-id=\"erythrai\/erythrai.jpg\" class=\"wp-post-21027 wp-image-21028\" data-format=\"jpg\" data-transformations=\"f_auto,q_auto:low\" data-version=\"1658328783\" data-seo=\"1\" data-size=\"800 500\" data-srcset=\"https:\/\/res.cloudinary.com\/turna\/images\/f_auto,q_auto:low\/v1658328783\/erythrai\/erythrai.jpg?_i=AA 800w, https:\/\/res.cloudinary.com\/turna\/images\/w_300,h_188,c_scale\/f_auto,q_auto:low\/v1658328783\/erythrai\/erythrai.jpg?_i=AA 300w, https:\/\/res.cloudinary.com\/turna\/images\/w_672,h_420,c_scale\/f_auto,q_auto:low\/v1658328783\/erythrai\/erythrai.jpg?_i=AA 672w, https:\/\/res.cloudinary.com\/turna\/images\/w_640,h_400,c_scale\/f_auto,q_auto:low\/v1658328783\/erythrai\/erythrai.jpg?_i=AA 640w, https:\/\/res.cloudinary.com\/turna\/images\/w_681,h_426,c_scale\/f_auto,q_auto:low\/v1658328783\/erythrai\/erythrai.jpg?_i=AA 681w\" data-sizes=\"(max-width: 800px) 100vw, 800px\" data-delivery=\"upload\" onload=\";window.CLDBind?CLDBind(this):null;\" data-cloudinary=\"lazy\" \/><\/figure>\n\n\n\n<p>12&nbsp;\u0130yon&nbsp;\u015fehrinden biri olan Erythrae,&nbsp;Erythrai&nbsp;veya&nbsp;Litri \u0130zmir&#8217;e ba\u011fl\u0131 Ild\u0131r\u0131 K\u00f6y\u00fc&#8217;nde yer al\u0131yor.&nbsp;\u0130zmir&#8217;e 60 km,&nbsp;\u00c7e\u015fme&#8217;ye 22&nbsp;km mesafede bulunuyor.<\/p>\n\n\n\n<ul class=\"wp-block-list\">\n<li>Erythrai Antik Kenti yol tarifi <strong><a href=\"https:\/\/goo.gl\/maps\/mg4yKt6osFjNTTTf6\" target=\"_blank\" rel=\"noreferrer noopener\">burada.<\/a><\/strong><\/li>\n<\/ul>\n\n\n\n<p>Bu g\u00f6rkemli antik kenti ziyaret etmek i\u00e7in <strong><a href=\"https:\/\/www.turna.com\/ucak-bileti\/izmir\" target=\"_blank\" rel=\"noreferrer noopener\">\u0130zmir u\u00e7ak bileti<\/a> <\/strong>f\u0131rsatlar\u0131na g\u00f6z atmay\u0131 unutmay\u0131n.<\/p>\n\n\n\n<h3 class=\"wp-block-heading has-text-align-center has-neeon-button-dark-gray-color has-text-color has-link-color wp-elements-a4d2fc427d31341f69fd39ab4a783f5a\"><span class=\"ez-toc-section\" id=\"erythrai_antik_kenti_tarihcesi\"><\/span>Erythrai Antik Kenti Tarih\u00e7esi<span class=\"ez-toc-section-end\"><\/span><\/h3>\n\n\n\n<figure class=\"wp-block-image size-large\"><img decoding=\"async\" src=\"https:\/\/res.cloudinary.com\/turna\/image\/upload\/v1658328783\/erythrai_antik_kenti_nerede.jpg\" alt=\"Erythrai Antik Kenti Tarih\u00e7esi\"\/><\/figure>\n\n\n\n<p>Antik \u00c7a\u011f&nbsp;kentleri aras\u0131nda on iki iyon devletinin \u00f6nemli kentlerinden biri olmu\u015f Erithrai. Antik kentin yap\u0131 temellerinde ilk yerle\u015fimin M\u00d6. 3 bin (Bak\u0131r \u00c7a\u011f\u0131) olma olas\u0131l\u0131\u011f\u0131n\u0131n y\u00fcksek oldu\u011fu yap\u0131lan kaz\u0131lar sonras\u0131 belirlenmi\u015f. Ayr\u0131ca imar faaliyetlerinin M\u00d6. 8 y\u00fczy\u0131l ve M.\u00d6. 4. y\u00fczy\u0131l aras\u0131 d\u00f6nemde oldu\u011fu tahmin ediliyor.<\/p>\n\n\n\n<p>Erythrai ticaret ve diplomaside Miletos ve Samos ile birlikte hareket etmi\u015f ve kar\u015f\u0131 kom\u015fusu Khios ile b\u00fcy\u00fck bir rekabet i\u00e7erisinde olmu\u015f. Kent, Lidya ve daha sonra Persler\u2019in eline ge\u00e7mi\u015f. Pers boyunduru\u011funa kar\u015f\u0131 di\u011fer \u0130on kentleri gibi ayaklanmaya kat\u0131lm\u0131\u015f ve M\u00d6 334\u2019te \u0130skender, buraya ba\u011f\u0131ms\u0131zl\u0131\u011f\u0131n\u0131 kazand\u0131rm\u0131\u015f.<\/p>\n\n\n\n<p>\u0130skender\u2019in \u00f6l\u00fcm\u00fcnden sonra ortaya \u00e7\u0131kan karga\u015falar sonucunda bir \u00e7ok kez el de\u011fi\u015ftirmi\u015f Erythrai. Pergamon (Bergama) Krall\u0131\u011f\u0131ndan sonra M\u00d6 133\u2019te Roma \u0130mparatorlu\u011fu i\u00e7inde \u00f6zg\u00fcr bir kent stat\u00fcs\u00fc kazanm\u0131\u015f. Bu d\u00f6nemde \u015farab\u0131, ke\u00e7ileri, de\u011firmen ta\u015flar\u0131 ve kad\u0131n kahinleri Sibyl ile Herophile ile \u00fcn kazanm\u0131\u015f.<\/p>\n\n\n\n<p>M\u00d6 1.y\u00fczy\u0131l\u2019da depremler, sava\u015flar ve Romal\u0131 komutanlar\u0131n ya\u011fmalar\u0131 y\u00fcz\u00fcnden b\u00fcy\u00fck y\u0131k\u0131ma u\u011frayan b\u00f6lge, Bizans d\u00f6neminde \u00f6nemini yitirmi\u015f. 1366\u2019da T\u00fcrk Egemenli\u011fine girdikten sonra da Erythre, Rhtyrai, Lythri gibi de\u011fi\u015fik adlar alm\u0131\u015f ve 16.y\u00fczy\u0131l\u2019dan sonra da \u0130lderen ve Ild\u0131r\u0131 adlar\u0131yla an\u0131lmaya ba\u015flanm\u0131\u015f.<\/p>\n\n\n\n<h3 class=\"wp-block-heading has-text-align-center has-neeon-button-dark-gray-color has-text-color has-link-color wp-elements-7ca9f140d1e17bf34ce34bc52db2dfda\"><span class=\"ez-toc-section\" id=\"erythrai_antik_kenti_giris_ucreti\"><\/span>Erythrai Antik Kenti Giri\u015f \u00dccreti<span class=\"ez-toc-section-end\"><\/span><\/h3>\n\n\n\n<p>Erythrai Antik Kenti giri\u015f \u00fccreti <strong>bulunmuyor.<\/strong> Kenti \u00fccretsiz \u015fekilde gezebilirsiniz.<\/p>\n\n\n\n<h3 class=\"wp-block-heading has-text-align-center has-neeon-button-dark-gray-color has-text-color has-link-color wp-elements-4c81864e65b61b96f2c20f11cac93c46\"><span class=\"ez-toc-section\" id=\"erythrai_antik_kentindeki_yapilar\"><\/span><strong>Erythrai Antik Kenti&#8217;ndeki Yap\u0131lar<\/strong><span class=\"ez-toc-section-end\"><\/span><\/h3>\n\n\n\n<figure class=\"wp-block-image size-large\"><img decoding=\"async\" src=\"https:\/\/res.cloudinary.com\/turna\/image\/upload\/v1658328782\/erythrai_antik_kenti_giri%C5%9F_%C3%BCcreti.jpg\" alt=\"Erythrai Antik Kenti'ndeki Yap\u0131lar\"\/><\/figure>\n\n\n\n<p>Antik kent Erythrai&#8217;de M\u00d6 3.y\u00fczy\u0131l sonralar\u0131nda yap\u0131ld\u0131\u011f\u0131 tahmin edilen Akropol\u2019\u00fcn kuzey yama\u00e7lar\u0131ndaki antik tiyatro toprak alt\u0131ndan \u00e7\u0131kar\u0131lm\u0131\u015f. Akropol\u00fcn en tepesinde yap\u0131lan ara\u015ft\u0131rmalarda da Athena tap\u0131na\u011f\u0131na ait kal\u0131nt\u0131lar bulunmu\u015f. Ayr\u0131ca \u015fehrin etraf\u0131n\u0131n 5 km uzunlu\u011funda surla \u00e7evrili oldu\u011fu tespit edilmi\u015f.<\/p>\n\n\n\n<p>Akropolde bulunan kilisenin duvarlar\u0131 k\u0131smen korunmu\u015f. Erythrai&#8217;den \u00e7\u0131kart\u0131lan eserler \u0130zmir Arkeoloji M\u00fczesi&#8217;nde sergileniyor.<\/p>\n\n\n\n<h3 class=\"wp-block-heading has-text-align-center has-neeon-button-dark-gray-color has-text-color has-link-color wp-elements-fbfcd34fe8d7757a4c0344ccae306897\"><span class=\"ez-toc-section\" id=\"erythrainin_hikayesi\"><\/span><strong>Erythrai&#8217;nin Hikayesi<\/strong><span class=\"ez-toc-section-end\"><\/span><\/h3>\n\n\n\n<figure class=\"wp-block-image size-large\"><img decoding=\"async\" src=\"https:\/\/res.cloudinary.com\/turna\/image\/upload\/v1658328784\/erythrai_antik_kenti.jpg\" alt=\"Erythrai'nin Hikayesi\"\/><\/figure>\n\n\n\n<p>M.S. 2&#8217;nci y\u00fczy\u0131l\u0131n sonlar\u0131nda ya\u015fam\u0131\u015f Lidyal\u0131 gezgin ve co\u011frafyac\u0131 Pausanias taraf\u0131ndan Erythrai hakk\u0131nda anlat\u0131lan bir hikaye bulunuyor. Bir efsanede Herakles&#8217;i betimleyen bir heykelin Fenike&#8217;deki Tyros kentinden bir sal ile birlikte denize b\u0131rak\u0131ld\u0131\u011f\u0131 anlat\u0131l\u0131yor. Sal \u0130yonya k\u0131y\u0131lar\u0131na yakla\u015f\u0131nca Sak\u0131z Adas\u0131 ile Erythrai&#8217;nin tam ortas\u0131ndaki Mesate Burnu&#8217;nda karaya vurmu\u015f. <\/p>\n\n\n\n<p>Sak\u0131zl\u0131lar da, Erythraililer de heykeli kentlerine g\u00f6t\u00fcrmek i\u00e7in u\u011fra\u015fm\u0131\u015flar. Fakat heykel yerinden k\u0131p\u0131rdamam\u0131\u015f. Erythraili k\u00f6r bir bal\u0131k\u00e7\u0131 r\u00fcyas\u0131nda ona, Erythraili kad\u0131nlar\u0131n sa\u00e7lar\u0131n\u0131 kesmeleri, erkeklerin de bunlardan \u00f6recekleri bir halatla sal\u0131 k\u0131y\u0131lar\u0131na \u00e7ekmeleri gerekti\u011fini s\u00f6ylemi\u015f.<\/p>\n\n\n\n<p>Soylu kad\u0131nlar bunu kabul etmemi\u015f ancak k\u00f6leler ve Thrak as\u0131ll\u0131 kad\u0131nlar hi\u00e7 d\u00fc\u015f\u00fcnmeden gerekeni yapm\u0131\u015flar. Onlar\u0131n sa\u00e7lar\u0131ndan \u00f6r\u00fclen halat sayesinde, Erythraililer heykele sahip olmu\u015flar. Sonras\u0131nda k\u00f6r bal\u0131k\u00e7\u0131n\u0131n g\u00f6zleri a\u00e7\u0131lm\u0131\u015f. Herakles heykeli i\u00e7in kutsal kabul edilen bir yer yapm\u0131\u015flar ve bu kutsal yere Thrak kad\u0131nlar\u0131n\u0131n d\u0131\u015f\u0131nda kad\u0131nlar\u0131n girmesini yasaklam\u0131\u015flar.<\/p>\n\n\n<div id=\"rank-math-faq\" class=\"rank-math-block\">\n<div class=\"rank-math-list \">\n<div id=\"faq-question-685a805f62508\" class=\"rank-math-list-item\">\n<h3 class=\"rank-math-question \"><span class=\"ez-toc-section\" id=\"erythrai_ne_demek\"><\/span><strong>Erythrai ne demek<\/strong>?<span class=\"ez-toc-section-end\"><\/span><\/h3>\n<div class=\"rank-math-answer \">\n\n<p>Erythrai s\u00f6zc\u00fc\u011f\u00fcn\u00fcn Yunanca\u2019da \u201cK\u0131rm\u0131z\u0131\u201d anlam\u0131na gelen Erythros\u2018tan t\u00fcredi\u011fi kent topra\u011f\u0131n\u0131n k\u0131rm\u0131z\u0131 renginden dolay\u0131 Erythrai\u2019nin \u201cK\u0131z\u0131l Kent\u201d anlam\u0131nda kullan\u0131ld\u0131\u011f\u0131 tahmin ediliyor. Bir ba\u015fka varsay\u0131ma g\u00f6re ise kent ad\u0131n\u0131 ilk kurucusu olan Giritli Rhadamanthes\u2019in o\u011flu Erythro\u2019tan alm\u0131\u015f.<\/p>\n\n<\/div>\n<\/div>\n<\/div>\n<\/div>\n    <div class=\"xs_social_share_widget xs_share_url after_content \t\tmain_content  wslu-style-1 wslu-share-box-shaped wslu-fill-colored wslu-none wslu-share-horizontal wslu-theme-font-no wslu-main_content\">\n\n\t\t\n        <ul>\n\t\t\t        <\/ul>\n    <\/div> \n","protected":false},"excerpt":{"rendered":"<p>\u00c7e\u015fme&#8217;ye gittiniz ama deniz g\u00fcne\u015f kum \u00fc\u00e7l\u00fcs\u00fcnden s\u0131k\u0131ld\u0131ysan\u0131z, k\u00fclt\u00fcr turizmi a\u015fk\u0131n\u0131z co\u015ftu ve \u015fezlong batmaya ba\u015flad\u0131ysa kalk\u0131n sizi tarihe doyuracak bir yere gidiyoruz. \u0130stikamet; Erythrai Antik Kenti.<\/p>\n","protected":false},"author":34,"featured_media":21028,"comment_status":"open","ping_status":"open","sticky":false,"template":"","format":"standard","meta":{"rop_custom_images_group":[],"rop_custom_messages_group":[],"rop_publish_now":"initial","rop_publish_now_accounts":[],"rop_publish_now_history":[],"rop_publish_now_status":"pending","_cloudinary_featured_overwrite":false,"footnotes":""},"categories":[2,1839,84],"tags":[635],"class_list":["post-21027","post","type-post","status-publish","format-standard","has-post-thumbnail","hentry","category-ulkeler","category-izmir","category-turkiye","tag-aydin"],"_links":{"self":[{"href":"https:\/\/www.turna.com\/blog\/wp-json\/wp\/v2\/posts\/21027","targetHints":{"allow":["GET"]}}],"collection":[{"href":"https:\/\/www.turna.com\/blog\/wp-json\/wp\/v2\/posts"}],"about":[{"href":"https:\/\/www.turna.com\/blog\/wp-json\/wp\/v2\/types\/post"}],"author":[{"embeddable":true,"href":"https:\/\/www.turna.com\/blog\/wp-json\/wp\/v2\/users\/34"}],"replies":[{"embeddable":true,"href":"https:\/\/www.turna.com\/blog\/wp-json\/wp\/v2\/comments?post=21027"}],"version-history":[{"count":0,"href":"https:\/\/www.turna.com\/blog\/wp-json\/wp\/v2\/posts\/21027\/revisions"}],"wp:featuredmedia":[{"embeddable":true,"href":"https:\/\/www.turna.com\/blog\/wp-json\/wp\/v2\/media\/21028"}],"wp:attachment":[{"href":"https:\/\/www.turna.com\/blog\/wp-json\/wp\/v2\/media?parent=21027"}],"wp:term":[{"taxonomy":"category","embeddable":true,"href":"https:\/\/www.turna.com\/blog\/wp-json\/wp\/v2\/categories?post=21027"},{"taxonomy":"post_tag","embeddable":true,"href":"https:\/\/www.turna.com\/blog\/wp-json\/wp\/v2\/tags?post=21027"}],"curies":[{"name":"wp","href":"https:\/\/api.w.org\/{rel}","templated":true}]}}