{"id":21010,"date":"2022-07-19T15:36:54","date_gmt":"2022-07-19T12:36:54","guid":{"rendered":"https:\/\/www.turna.com\/blog\/?p=21010"},"modified":"2025-06-27T14:08:11","modified_gmt":"2025-06-27T11:08:11","slug":"pissa-plaji","status":"publish","type":"post","link":"https:\/\/www.turna.com\/blog\/pissa-plaji","title":{"rendered":"Pissa Plaj\u0131 Nerede, Nas\u0131l Gidilir, Giri\u015f \u00dccreti ve Detaylar"},"content":{"rendered":"<div id=\"ez-toc-container\" class=\"ez-toc-v2_0_82_2 counter-hierarchy ez-toc-counter ez-toc-black ez-toc-container-direction\">\n<div class=\"ez-toc-title-container\">\n<p class=\"ez-toc-title\" style=\"cursor:inherit\">\u0130\u00e7indekiler<\/p>\n<span class=\"ez-toc-title-toggle\"><a href=\"#\" class=\"ez-toc-pull-right ez-toc-btn ez-toc-btn-xs ez-toc-btn-default ez-toc-toggle\" aria-label=\"\u0130\u00e7indekiler Tablosunu A\u00e7\/Kapat\"><span class=\"ez-toc-js-icon-con\"><span class=\"\"><span class=\"eztoc-hide\" style=\"display:none;\">Toggle<\/span><span class=\"ez-toc-icon-toggle-span\"><svg style=\"fill: #ffffff;color:#ffffff\" xmlns=\"http:\/\/www.w3.org\/2000\/svg\" class=\"list-377408\" width=\"20px\" height=\"20px\" viewBox=\"0 0 24 24\" fill=\"none\"><path d=\"M6 6H4v2h2V6zm14 0H8v2h12V6zM4 11h2v2H4v-2zm16 0H8v2h12v-2zM4 16h2v2H4v-2zm16 0H8v2h12v-2z\" fill=\"currentColor\"><\/path><\/svg><svg style=\"fill: #ffffff;color:#ffffff\" class=\"arrow-unsorted-368013\" xmlns=\"http:\/\/www.w3.org\/2000\/svg\" width=\"10px\" height=\"10px\" viewBox=\"0 0 24 24\" version=\"1.2\" baseProfile=\"tiny\"><path d=\"M18.2 9.3l-6.2-6.3-6.2 6.3c-.2.2-.3.4-.3.7s.1.5.3.7c.2.2.4.3.7.3h11c.3 0 .5-.1.7-.3.2-.2.3-.5.3-.7s-.1-.5-.3-.7zM5.8 14.7l6.2 6.3 6.2-6.3c.2-.2.3-.5.3-.7s-.1-.5-.3-.7c-.2-.2-.4-.3-.7-.3h-11c-.3 0-.5.1-.7.3-.2.2-.3.5-.3.7s.1.5.3.7z\"\/><\/svg><\/span><\/span><\/span><\/a><\/span><\/div>\n<nav><ul class='ez-toc-list ez-toc-list-level-1 eztoc-toggle-hide-by-default' ><li class='ez-toc-page-1 ez-toc-heading-level-2'><a class=\"ez-toc-link ez-toc-heading-1\" href=\"https:\/\/www.turna.com\/blog\/pissa-plaji\/#pissa_plaji_nerede\" >Pissa Plaj\u0131 Nerede ?<\/a><\/li><li class='ez-toc-page-1 ez-toc-heading-level-2'><a class=\"ez-toc-link ez-toc-heading-2\" href=\"https:\/\/www.turna.com\/blog\/pissa-plaji\/#pissa_plajina_nasil_gidilir\" >Pissa Plaj\u0131&#8217;na Nas\u0131l Gidilir ?<\/a><\/li><li class='ez-toc-page-1 ez-toc-heading-level-2'><a class=\"ez-toc-link ez-toc-heading-3\" href=\"https:\/\/www.turna.com\/blog\/pissa-plaji\/#pissa_plajinin_denizi_nasil\" >Pissa Plaj\u0131&#8217;n\u0131n Denizi Nas\u0131l ?<\/a><\/li><li class='ez-toc-page-1 ez-toc-heading-level-2'><a class=\"ez-toc-link ez-toc-heading-4\" href=\"https:\/\/www.turna.com\/blog\/pissa-plaji\/#pissa_plaji_giris_ucreti\" >Pissa Plaj\u0131 Giri\u015f \u00dccreti<\/a><\/li><li class='ez-toc-page-1 ez-toc-heading-level-2'><a class=\"ez-toc-link ez-toc-heading-5\" href=\"https:\/\/www.turna.com\/blog\/pissa-plaji\/#pissa_plajina_yakin_gezilecek_yerler\" >Pissa Plaj\u0131&#8217;na Yak\u0131n Gezilecek Yerler<\/a><\/li><\/ul><\/nav><\/div>\n\n<p>\u0130zmirlilerin ka\u00e7amak ve kafa dinleme noktas\u0131 olan <strong>Pissa Plaj\u0131<\/strong> her noktas\u0131 ile tam bir huzur yuvas\u0131. \u0130zmir&#8217;de denize girilecek g\u00fczel bir yer ar\u0131yorsan\u0131z adresiniz Pissa Koyu olabilir. Burada turkuaz rengi sular ve tertemiz bir deniz sizi bekliyor.<\/p>\n\n\n\n<p>Hemen uyar\u0131m\u0131 yapay\u0131m. Buras\u0131 olduk\u00e7a bakir bir koy. Yani bir i\u015fletme, tesis bulunmuyor. Dolay\u0131s\u0131yla buraya gelecekseniz l\u00fctfen ama l\u00fctfen \u00e7\u00f6plerinizi toplamadan buradan ayr\u0131lmay\u0131n.<\/p>\n\n\n\n<p>Bu yaz\u0131mda Pissa Plaj\u0131 ile ilgili t\u00fcm detaylar\u0131 vermeye \u00e7al\u0131\u015faca\u011f\u0131m. Umar\u0131m faydal\u0131 bir yaz\u0131 olur ve Pissa&#8217;ya giderseniz yaz\u0131m size rehber olur.<\/p>\n\n\n\n<h2 class=\"wp-block-heading has-text-align-center has-neeon-button-dark-gray-color has-text-color has-link-color wp-elements-b8214bdfefaea936a317319bc737b713\"><span class=\"ez-toc-section\" id=\"pissa_plaji_nerede\"><\/span><strong><strong><strong><strong><strong><strong>Pissa Plaj\u0131 Nerede ?<\/strong><\/strong><\/strong><\/strong><\/strong><\/strong><span class=\"ez-toc-section-end\"><\/span><\/h2>\n\n\n\n<figure class=\"wp-block-image size-large\"><img width=\"800\" height=\"500\" decoding=\"async\" src=\"data:image\/svg+xml;base64,PHN2ZyB4bWxucz0iaHR0cDovL3d3dy53My5vcmcvMjAwMC9zdmciIHdpZHRoPSI4MDAiIGhlaWdodD0iNTAwIj48cmVjdCB3aWR0aD0iMTAwJSIgaGVpZ2h0PSIxMDAlIj48YW5pbWF0ZSBhdHRyaWJ1dGVOYW1lPSJmaWxsIiB2YWx1ZXM9InJnYmEoMTUzLDE1MywxNTMsMC41KTtyZ2JhKDE1MywxNTMsMTUzLDAuMSk7cmdiYSgxNTMsMTUzLDE1MywwLjUpIiBkdXI9IjJzIiByZXBlYXRDb3VudD0iaW5kZWZpbml0ZSIgLz48L3JlY3Q+PC9zdmc+\" alt=\"Pissa Plaj\u0131 Nerede ?\" data-public-id=\"pissa_plaj\u0131_izmir\/pissa_plaj\u0131_izmir.jpg\" class=\"wp-post-21010 wp-image-21026\" data-format=\"jpg\" data-transformations=\"f_auto,q_auto:low\" data-version=\"1658233824\" data-seo=\"1\" data-size=\"800 500\" data-srcset=\"https:\/\/res.cloudinary.com\/turna\/images\/f_auto,q_auto:low\/v1658233824\/pissa_plaj\u0131_izmir\/pissa_plaj\u0131_izmir.jpg?_i=AA 800w, https:\/\/res.cloudinary.com\/turna\/images\/w_300,h_188,c_scale\/f_auto,q_auto:low\/v1658233824\/pissa_plaj\u0131_izmir\/pissa_plaj\u0131_izmir.jpg?_i=AA 300w, https:\/\/res.cloudinary.com\/turna\/images\/w_672,h_420,c_scale\/f_auto,q_auto:low\/v1658233824\/pissa_plaj\u0131_izmir\/pissa_plaj\u0131_izmir.jpg?_i=AA 672w, https:\/\/res.cloudinary.com\/turna\/images\/w_640,h_400,c_scale\/f_auto,q_auto:low\/v1658233824\/pissa_plaj\u0131_izmir\/pissa_plaj\u0131_izmir.jpg?_i=AA 640w, https:\/\/res.cloudinary.com\/turna\/images\/w_681,h_426,c_scale\/f_auto,q_auto:low\/v1658233824\/pissa_plaj\u0131_izmir\/pissa_plaj\u0131_izmir.jpg?_i=AA 681w\" data-sizes=\"(max-width: 800px) 100vw, 800px\" data-delivery=\"upload\" onload=\";window.CLDBind?CLDBind(this):null;\" data-cloudinary=\"lazy\" \/><\/figure>\n\n\n\n<p>Pissa Plaj\u0131, <strong><a href=\"https:\/\/www.turna.com\/blog\/turkiye\/izmir\" target=\"_blank\" rel=\"noreferrer noopener\">\u0130zmir&#8217;in <\/a><\/strong>Dikili il\u00e7esinin Bademli K\u00f6y\u00fc s\u0131n\u0131rlar\u0131nda bulunuyor. Bademli K\u00f6y\u00fc ile Pissa Koyu aras\u0131 yakla\u015f\u0131k <strong>15 dk<\/strong>. Koyun \u0130zmir&#8217;e uzakl\u0131\u011f\u0131 ise 126 km.<\/p>\n\n\n\n<p>Koya ula\u015fmak i\u00e7in ilk olarak Dikili&#8217;ye sonra da Bademli K\u00f6y\u00fcne ula\u015fman\u0131z gerekiyor. Koyun haritadaki konumu <strong><a href=\"https:\/\/goo.gl\/maps\/Ju9PukrN4CUxJste6\" target=\"_blank\" rel=\"noreferrer noopener\">burada<\/a><\/strong>.<\/p>\n\n\n\n<p><strong>Not:<\/strong> Pissa Plaj\u0131&#8217;n\u0131n hemen kar\u015f\u0131s\u0131nda Midilli Adas\u0131 bulunuyor. Hava temizse \u00e7\u0131plak g\u00f6zle bu aday\u0131 g\u00f6rebilirsiniz.<\/p>\n\n\n\n<h2 class=\"wp-block-heading has-text-align-center has-neeon-button-dark-gray-color has-text-color has-link-color wp-elements-033ce693e58af907268c5f10b70426b8\"><span class=\"ez-toc-section\" id=\"pissa_plajina_nasil_gidilir\"><\/span><strong><strong><strong><strong><strong><strong>Pissa Plaj\u0131&#8217;na Nas\u0131l Gidilir ?<\/strong><\/strong><\/strong><\/strong><\/strong><\/strong><span class=\"ez-toc-section-end\"><\/span><\/h2>\n\n\n\n<figure class=\"wp-block-image size-large\"><img decoding=\"async\" src=\"https:\/\/res.cloudinary.com\/turna\/image\/upload\/v1658233823\/pissa_koyu.jpg\" alt=\"Pissa Plaj\u0131'na Nas\u0131l Gidilir ?\"\/><\/figure>\n\n\n\n<p>Pissa Plaj\u0131&#8217;na giden herhangi bir dolmu\u015f bulunmuyor. Buraya ula\u015fmak i\u00e7in ara\u00e7 \u015fart. Plaja Dikili&#8217;nin i\u00e7inden ge\u00e7ip Bademli K\u00f6y\u00fc&#8217;ne oradan da bozuk ve toprak bir yoldan ge\u00e7erek plaja ula\u015f\u0131yorsunuz. Yol dar ve bozuk dikkatli gitmeniz de fayda var. Geni\u015f bir alan var araban\u0131z\u0131 oraya park edebilirsiniz.<\/p>\n\n\n\n<p>Plaja karavan ile gelen bir \u00e7ok ki\u015fi var. Ayn\u0131 zamanda burada kamp yapabilece\u011finiz bir \u00e7ok alan da mevcut. Yani \u00e7ad\u0131r\u0131n\u0131z\u0131 rahat\u00e7a burada kurabilirsiniz.<\/p>\n\n\n\n<p>Plaja otob\u00fcs ile gelecekseniz, \u0130zmir Otogar\u0131\u2019na ya da Dikili Otogar\u0131\u2019na giden otob\u00fcslere binebilirsiniz. Dikili Otogar\u0131\u2019ndan Bademli\u2019ye giden servislere binerseniz k\u00f6ye kolayca ula\u015f\u0131m sa\u011flayabilirsiniz. Sonras\u0131 da ya otostop ile ya da y\u00fcr\u00fcme ile koya ula\u015fabilirsiniz.<\/p>\n\n\n\n<h2 class=\"wp-block-heading has-text-align-center has-neeon-button-dark-gray-color has-text-color has-link-color wp-elements-0ceeb0f1264c6c59e1f4c0ebed93306b\"><span class=\"ez-toc-section\" id=\"pissa_plajinin_denizi_nasil\"><\/span><strong><strong><strong><strong><strong><strong>Pissa Plaj\u0131&#8217;n\u0131n Denizi Nas\u0131l ?<\/strong><\/strong><\/strong><\/strong><\/strong><\/strong><span class=\"ez-toc-section-end\"><\/span><\/h2>\n\n\n\n<figure class=\"wp-block-image size-large\"><img decoding=\"async\" src=\"https:\/\/res.cloudinary.com\/turna\/image\/upload\/v1658233824\/pissa_plaj%C4%B1_nerede.jpg\" alt=\"Pissa Plaj\u0131'n\u0131n Denizi Nas\u0131l ?\"\/><\/figure>\n\n\n\n<p>Pissa Plaj\u0131&#8217;n\u0131n denizi tertemiz. Masmavi g\u00fczel bir deniz sizi bekliyor. Fakat \u015funlar\u0131 da belirteyim. Yaz\u0131n buras\u0131 olduk\u00e7a kalabal\u0131k. Dolay\u0131s\u0131yla deniz bulan\u0131kla\u015fabiliyor. Bir de a\u00e7\u0131k deniz oldu\u011fu i\u00e7in \u00f6zellikle \u00f6\u011fleden sonra deniz dalgal\u0131 olabiliyor.<\/p>\n\n\n\n<p>Pissa Plaj\u0131 alan olarak orta b\u00fcy\u00fckl\u00fckte bir plaj. Plaj\u0131n bir k\u0131sm\u0131 kumdan olu\u015fuyor bir k\u0131sm\u0131 da k\u00fc\u00e7\u00fck ta\u015flardan. Her ihtimale kar\u015f\u0131 deniz ayakkab\u0131s\u0131 almay\u0131 unutmay\u0131n. Deniz suyu genelde so\u011fuk. 7-8 metreden sonra deniz derinle\u015fiyor. Y\u00fczme bilmeyenler burada rahat\u00e7a tak\u0131labilir.<\/p>\n\n\n\n<p>Koyda herhangi bir tesis bulunmuyor. Du\u015f, soyunma alan\u0131 aramay\u0131n bulamazs\u0131n\u0131z. \u00d6zetle buraya gelirken haz\u0131rl\u0131kl\u0131 gelmeyi unutmay\u0131n.<\/p>\n\n\n\n<h2 class=\"wp-block-heading has-text-align-center has-neeon-button-dark-gray-color has-text-color has-link-color wp-elements-0ffc3d459b67fa840b0e297ee0a0ce26\"><span class=\"ez-toc-section\" id=\"pissa_plaji_giris_ucreti\"><\/span><strong><strong><strong><strong><strong><strong>Pissa Plaj\u0131 Giri\u015f \u00dccreti<\/strong><\/strong><\/strong><\/strong><\/strong><\/strong><span class=\"ez-toc-section-end\"><\/span><\/h2>\n\n\n\n<figure class=\"wp-block-image size-large\"><img decoding=\"async\" src=\"https:\/\/res.cloudinary.com\/turna\/image\/upload\/v1658233824\/pissa_koyu_kamp.jpg\" alt=\"Pissa Plaj\u0131 Giri\u015f \u00dccreti\"\/><\/figure>\n\n\n\n<p>Pissa Plaj\u0131&#8217;n\u0131n herhangi bir giri\u015f \u00fccreti bulunmuyor. Buray\u0131 \u00fccretsiz \u015fekilde ziyaret edebilirsiniz. \u00d6ncesinde belediyenin i\u015fletmesi vard\u0131 ve \u00fccret al\u0131n\u0131yordu ama art\u0131k giri\u015f \u00fccreti yok. Otoparktan da herhangi bir \u00fccret al\u0131nm\u0131yor. <\/p>\n\n\n\n<p>Pissa Plaj\u0131&#8217;nda herhangi bir tesis de bulunmuyor. Dolay\u0131s\u0131yla buraya gelmeyi tercih ederseniz yeme i\u00e7me noktas\u0131nda tedarikli gelmenizde fayda var. E\u011fer bir \u015feyler almay\u0131 unutursan\u0131z Bademli K\u00f6y\u00fc&#8217;nde bulunan marketlere gidebilirsiniz.<\/p>\n\n\n\n<h2 class=\"wp-block-heading has-text-align-center has-neeon-button-dark-gray-color has-text-color has-link-color wp-elements-e6dbc01d0622a8af68cca04a0535562c\"><span class=\"ez-toc-section\" id=\"pissa_plajina_yakin_gezilecek_yerler\"><\/span><strong><strong><strong><strong><strong><strong>Pissa Plaj\u0131&#8217;na Yak\u0131n Gezilecek Yerler<\/strong><\/strong><\/strong><\/strong><\/strong><\/strong><span class=\"ez-toc-section-end\"><\/span><\/h2>\n\n\n\n<figure class=\"wp-block-image size-large\"><img decoding=\"async\" src=\"https:\/\/res.cloudinary.com\/turna\/image\/upload\/v1658233824\/pissa_plaj%C4%B1.jpg\" alt=\"Pissa Plaj\u0131'na Yak\u0131n Gezilecek Yerler\"\/><\/figure>\n\n\n\n<p>Pissa Plaj\u0131 ve bulundu\u011fu b\u00f6lge cennetten bir k\u00f6\u015fe. Buraya geldi\u011finizde gezebilece\u011finiz bir \u00e7ok yer var. E\u011fer bu yerleri gezmek isterseniz sabah erkenden yola \u00e7\u0131kmal\u0131s\u0131n\u0131z. Pissa Koyu&#8217;na yak\u0131n gezilecek yerleri a\u015fa\u011f\u0131da bulabilirsiniz.<\/p>\n\n\n\n<p><strong>Pissa Plaj\u0131&#8217;na Yak\u0131n Gezilecek Yerler<\/strong><\/p>\n\n\n\n<ul class=\"wp-block-list\">\n<li>Bademli K\u00f6y\u00fc<\/li>\n\n\n\n<li>Dikili Merkez<\/li>\n\n\n\n<li>K\u00fc\u00e7\u00fck Zindanc\u0131k Koyu<\/li>\n\n\n\n<li>Killik Koyu<\/li>\n\n\n\n<li>Hay\u0131rl\u0131 Koyu<\/li>\n\n\n\n<li>Bergama Merkez<\/li>\n\n\n\n<li>Pergamon Antik Kenti<\/li>\n<\/ul>\n\n\n\n<p>Pissa Plaj\u0131 gezi notlar\u0131m\u0131n sonuna geldik. Umar\u0131m faydal\u0131 bir yol olmu\u015ftur. Sormak istedi\u011finiz bir \u015fey olursa a\u015fa\u011f\u0131ya yorum yapabilirsiniz. Keyifli gezmeleriniz olsun.<\/p>\n\n    <div class=\"xs_social_share_widget xs_share_url after_content \t\tmain_content  wslu-style-1 wslu-share-box-shaped wslu-fill-colored wslu-none wslu-share-horizontal wslu-theme-font-no wslu-main_content\">\n\n\t\t\n        <ul>\n\t\t\t        <\/ul>\n    <\/div> \n","protected":false},"excerpt":{"rendered":"<p>\u0130zmirlilerin ka\u00e7amak ve kafa dinleme noktas\u0131 olan Pissa Plaj\u0131 her noktas\u0131 ile tam bir huzur yuvas\u0131. \u0130zmir&#8217;de denize girilecek g\u00fczel bir yer ar\u0131yorsan\u0131z adresiniz Pissa Koyu olabilir. <\/p>\n","protected":false},"author":34,"featured_media":21026,"comment_status":"open","ping_status":"open","sticky":false,"template":"","format":"standard","meta":{"rop_custom_images_group":[],"rop_custom_messages_group":[],"rop_publish_now":"initial","rop_publish_now_accounts":[],"rop_publish_now_history":[],"rop_publish_now_status":"pending","_cloudinary_featured_overwrite":false,"footnotes":""},"categories":[1839],"tags":[224],"class_list":["post-21010","post","type-post","status-publish","format-standard","has-post-thumbnail","hentry","category-izmir","tag-izmir"],"_links":{"self":[{"href":"https:\/\/www.turna.com\/blog\/wp-json\/wp\/v2\/posts\/21010","targetHints":{"allow":["GET"]}}],"collection":[{"href":"https:\/\/www.turna.com\/blog\/wp-json\/wp\/v2\/posts"}],"about":[{"href":"https:\/\/www.turna.com\/blog\/wp-json\/wp\/v2\/types\/post"}],"author":[{"embeddable":true,"href":"https:\/\/www.turna.com\/blog\/wp-json\/wp\/v2\/users\/34"}],"replies":[{"embeddable":true,"href":"https:\/\/www.turna.com\/blog\/wp-json\/wp\/v2\/comments?post=21010"}],"version-history":[{"count":0,"href":"https:\/\/www.turna.com\/blog\/wp-json\/wp\/v2\/posts\/21010\/revisions"}],"wp:featuredmedia":[{"embeddable":true,"href":"https:\/\/www.turna.com\/blog\/wp-json\/wp\/v2\/media\/21026"}],"wp:attachment":[{"href":"https:\/\/www.turna.com\/blog\/wp-json\/wp\/v2\/media?parent=21010"}],"wp:term":[{"taxonomy":"category","embeddable":true,"href":"https:\/\/www.turna.com\/blog\/wp-json\/wp\/v2\/categories?post=21010"},{"taxonomy":"post_tag","embeddable":true,"href":"https:\/\/www.turna.com\/blog\/wp-json\/wp\/v2\/tags?post=21010"}],"curies":[{"name":"wp","href":"https:\/\/api.w.org\/{rel}","templated":true}]}}