{"id":20941,"date":"2022-06-06T19:55:52","date_gmt":"2022-06-06T16:55:52","guid":{"rendered":"https:\/\/www.turna.com\/blog\/?p=20941"},"modified":"2025-06-27T15:11:42","modified_gmt":"2025-06-27T12:11:42","slug":"almanyanin-en-guzel-sehirleri","status":"publish","type":"post","link":"https:\/\/www.turna.com\/blog\/almanyanin-en-guzel-sehirleri","title":{"rendered":"Almanya&#8217;n\u0131n En G\u00fczel \u015eehirleri : En Pop\u00fcler 5 \u015eehir"},"content":{"rendered":"<div id=\"ez-toc-container\" class=\"ez-toc-v2_0_82_2 counter-hierarchy ez-toc-counter ez-toc-black ez-toc-container-direction\">\n<div class=\"ez-toc-title-container\">\n<p class=\"ez-toc-title\" style=\"cursor:inherit\">\u0130\u00e7indekiler<\/p>\n<span class=\"ez-toc-title-toggle\"><a href=\"#\" class=\"ez-toc-pull-right ez-toc-btn ez-toc-btn-xs ez-toc-btn-default ez-toc-toggle\" aria-label=\"\u0130\u00e7indekiler Tablosunu A\u00e7\/Kapat\"><span class=\"ez-toc-js-icon-con\"><span class=\"\"><span class=\"eztoc-hide\" style=\"display:none;\">Toggle<\/span><span class=\"ez-toc-icon-toggle-span\"><svg style=\"fill: #ffffff;color:#ffffff\" xmlns=\"http:\/\/www.w3.org\/2000\/svg\" class=\"list-377408\" width=\"20px\" height=\"20px\" viewBox=\"0 0 24 24\" fill=\"none\"><path d=\"M6 6H4v2h2V6zm14 0H8v2h12V6zM4 11h2v2H4v-2zm16 0H8v2h12v-2zM4 16h2v2H4v-2zm16 0H8v2h12v-2z\" fill=\"currentColor\"><\/path><\/svg><svg style=\"fill: #ffffff;color:#ffffff\" class=\"arrow-unsorted-368013\" xmlns=\"http:\/\/www.w3.org\/2000\/svg\" width=\"10px\" height=\"10px\" viewBox=\"0 0 24 24\" version=\"1.2\" baseProfile=\"tiny\"><path d=\"M18.2 9.3l-6.2-6.3-6.2 6.3c-.2.2-.3.4-.3.7s.1.5.3.7c.2.2.4.3.7.3h11c.3 0 .5-.1.7-.3.2-.2.3-.5.3-.7s-.1-.5-.3-.7zM5.8 14.7l6.2 6.3 6.2-6.3c.2-.2.3-.5.3-.7s-.1-.5-.3-.7c-.2-.2-.4-.3-.7-.3h-11c-.3 0-.5.1-.7.3-.2.2-.3.5-.3.7s.1.5.3.7z\"\/><\/svg><\/span><\/span><\/span><\/a><\/span><\/div>\n<nav><ul class='ez-toc-list ez-toc-list-level-1 eztoc-toggle-hide-by-default' ><li class='ez-toc-page-1 ez-toc-heading-level-2'><a class=\"ez-toc-link ez-toc-heading-1\" href=\"https:\/\/www.turna.com\/blog\/almanyanin-en-guzel-sehirleri\/#almanyanin_en_guzel_sehirleri\" >Almanya&#8217;n\u0131n En G\u00fczel \u015eehirleri<\/a><ul class='ez-toc-list-level-3' ><li class='ez-toc-heading-level-3'><a class=\"ez-toc-link ez-toc-heading-2\" href=\"https:\/\/www.turna.com\/blog\/almanyanin-en-guzel-sehirleri\/#1_berlin\" >1. Berlin<\/a><\/li><li class='ez-toc-page-1 ez-toc-heading-level-3'><a class=\"ez-toc-link ez-toc-heading-3\" href=\"https:\/\/www.turna.com\/blog\/almanyanin-en-guzel-sehirleri\/#2_munih\" >2. M\u00fcnih<\/a><\/li><li class='ez-toc-page-1 ez-toc-heading-level-3'><a class=\"ez-toc-link ez-toc-heading-4\" href=\"https:\/\/www.turna.com\/blog\/almanyanin-en-guzel-sehirleri\/#3_dusseldorf\" >3. D\u00fcsseldorf<\/a><\/li><li class='ez-toc-page-1 ez-toc-heading-level-3'><a class=\"ez-toc-link ez-toc-heading-5\" href=\"https:\/\/www.turna.com\/blog\/almanyanin-en-guzel-sehirleri\/#4_hamburg\" >4. Hamburg<\/a><\/li><li class='ez-toc-page-1 ez-toc-heading-level-3'><a class=\"ez-toc-link ez-toc-heading-6\" href=\"https:\/\/www.turna.com\/blog\/almanyanin-en-guzel-sehirleri\/#5_frankfurt\" >5. Frankfurt<\/a><\/li><\/ul><\/li><\/ul><\/nav><\/div>\n\n<p>Bir \u015fehrin g\u00fczellik alg\u0131s\u0131 ki\u015fiden ki\u015fiye g\u00f6re de\u011fi\u015fir elbette. Baz\u0131 gezginler tarih sever, baz\u0131lar\u0131 do\u011fa. L\u00fcks ve ihti\u015fam i\u00e7in, al\u0131\u015fveri\u015f i\u00e7in bile seyahat eden insanlar var. Ama bana g\u00f6re bu d\u00fcnyadaki her yer g\u00f6r\u00fclmeye de\u011fer. Bazen bir ma\u011fara beni b\u00fcy\u00fclemeyi ba\u015far\u0131yor bazen bir katedral. Almanya da d\u00fcnyan\u0131n en ya\u015fan\u0131las\u0131 \u00fclkelerinden biri. Do\u011fadan yana da nasibini alm\u0131\u015f tarihi a\u00e7\u0131dan da \u00e7ok k\u0131ymetli. Ben kendime g\u00f6re <strong>Almanya&#8217;n\u0131n en g\u00fczel \u015fehirleri<\/strong> &#8216;ni s\u0131ralayaca\u011f\u0131m.<\/p>\n\n\n\n<p>Avrupa&#8217;n\u0131n en g\u00f6rkemli kalelerine ev sahipli\u011fi yapan Almanya T\u00fcrklerin de ya\u015famak i\u00e7in en s\u0131k tercih etti\u011fi \u00fclkelerden biri. Belki Almanya&#8217;da hangi \u015fehirde ya\u015fan\u0131r sorunuzun yan\u0131t\u0131n\u0131 da Almanya&#8217;n\u0131n en g\u00fczel \u015fehirleri yaz\u0131mda bulursunuz. O halde buyurun listemize ge\u00e7elim.<\/p>\n\n\n\n<h2 class=\"wp-block-heading has-text-align-center has-neeon-button-dark-gray-color has-text-color has-link-color wp-elements-d2b3ef62b586c948032400a45639e150\"><span class=\"ez-toc-section\" id=\"almanyanin_en_guzel_sehirleri\"><\/span><strong><strong><strong><strong><strong><strong>Almanya&#8217;n\u0131n En G\u00fczel \u015eehirleri<\/strong><\/strong><\/strong><\/strong><\/strong><\/strong><span class=\"ez-toc-section-end\"><\/span><\/h2>\n\n\n\n<h3 class=\"wp-block-heading has-text-align-center has-neeon-button-dark-gray-color has-text-color has-link-color wp-elements-b4220090697fc4d829818feaf48bc89b\"><span class=\"ez-toc-section\" id=\"1_berlin\"><\/span><strong><strong><strong><strong>1. Berlin<\/strong><\/strong><\/strong><\/strong><span class=\"ez-toc-section-end\"><\/span><\/h3>\n\n\n\n<figure class=\"wp-block-image size-large\"><img decoding=\"async\" src=\"https:\/\/res.cloudinary.com\/turna\/image\/upload\/v1654534370\/berlin.jpg\" alt=\"berlin\"\/><\/figure>\n\n\n\n<p>Almanya&#8217;n\u0131n en g\u00fczel \u015fehirleri denildi\u011finde \u00e7o\u011fu ki\u015finin akl\u0131na ilk gelen yerlerden biri <strong><a href=\"https:\/\/goo.gl\/maps\/1jazLYZj816qtonc8\" target=\"_blank\" rel=\"noreferrer noopener\">Berlin. <\/a><\/strong>Almanya&#8217;n\u0131n ba\u015fkenti olan Berlin listemizin ilk s\u0131ras\u0131nda yer al\u0131yor. K\u00fclt\u00fcrel bir \u015fehir gezisi hayal ediyorsan\u0131z bu dinamik ve hareketli kent sizi olduk\u00e7a tatmin edecek.<\/p>\n\n\n\n<p>Berlin&#8217;de kendinizi bir m\u00fczeden \u00e7\u0131k\u0131p di\u011ferine giderken bulabilirsiniz. Katedraller, an\u0131tlar ve daha bir \u00e7ok tarihi yeri gezerken g\u00fcn\u00fcn devam\u0131nda Berlin gece hayat\u0131 ile keyfinize keyif katabilirsiniz.<\/p>\n\n\n\n<p>Berlin&#8217;de ya\u015fayan o kadar \u00e7ok T\u00fcrk var ki burada hi\u00e7 yabanc\u0131l\u0131k \u00e7ekmeyece\u011finizi s\u00f6yleyebilirim. Yeme-i\u00e7me se\u00e7enekleri aras\u0131nda bile kebaplar\u0131n d\u00f6nerlerin hatr\u0131 say\u0131l\u0131r bir yeri var. Almanya&#8217;n\u0131n en ya\u015fan\u0131l\u0131r \u015fehirleri rozeti de verelim mi Berlin&#8217;e, ne dersiniz? \ud83d\ude03<\/p>\n\n\n\n<ul class=\"wp-block-list\">\n<li><strong><a href=\"https:\/\/www.turna.com\/ucak-bileti\/berlin\" target=\"_blank\" rel=\"noreferrer noopener\">Berlin u\u00e7ak bileti<\/a><\/strong> se\u00e7eneklerine g\u00f6z at\u0131n.<\/li>\n<\/ul>\n\n\n\n<h3 class=\"wp-block-heading has-text-align-center has-neeon-button-dark-gray-color has-text-color has-link-color wp-elements-c6c64fca0d621837dc8f72bbced9334a\"><span class=\"ez-toc-section\" id=\"2_munih\"><\/span><strong><strong><strong><strong>2. M\u00fcnih<\/strong><\/strong><\/strong><\/strong><span class=\"ez-toc-section-end\"><\/span><\/h3>\n\n\n\n<figure class=\"wp-block-image size-large\"><img decoding=\"async\" src=\"https:\/\/res.cloudinary.com\/turna\/image\/upload\/v1654534369\/m%C3%BCnih.jpg\" alt=\"m\u00fcnih\"\/><\/figure>\n\n\n\n<p>M\u00fcnih en sevdi\u011fim Almanya \u015fehri olabilir. <strong>Almanya&#8217;n\u0131n en g\u00fczel k\u00f6yleri<\/strong> de burada, tarih de burada do\u011fa da. \u00d6nce \u015fehrin en pop\u00fcler meydan\u0131 Marienplatz&#8217;\u0131 ve tarihi yerleri gezin. Me\u015fhur bira bah\u00e7elerinde soluklan\u0131n. D\u00fcnyaca \u00fcnl\u00fc Octoberfest bira festivali d\u00f6neminde giderseniz unutulmaz an\u0131lar biriktirebilirsiniz.<\/p>\n\n\n\n<p>Sonra rotan\u0131z\u0131 M\u00fcnih&#8217;in biraz d\u0131\u015f\u0131na \u00e7\u0131kar\u0131n ve b\u00fcy\u00fcleyici Neuschwanstein \u015eatosu&#8217;nu ziyaret edin. H\u0131z\u0131n\u0131z\u0131 alamazsan\u0131z ver elini Eibsee G\u00f6l\u00fc ve Zugspitze Da\u011f\u0131. Zugspitze&#8217;de teleferik&#8217;le zirveye \u00e7\u0131k\u0131p buradan Alpler&#8217;i g\u00f6rebilirsiniz. \u00dcstelik sizi konuma g\u00f6t\u00fcren yollar o kadar g\u00fczel ki ne y\u00f6ne baksan\u0131z di\u011fer taraftaki manzaray\u0131 ka\u00e7\u0131r\u0131yor gibi hissedeceksiniz.<\/p>\n\n\n\n<ul class=\"wp-block-list\">\n<li><strong><a href=\"https:\/\/www.turna.com\/ucak-bileti\/munih\" target=\"_blank\" rel=\"noreferrer noopener\">M\u00fcnih u\u00e7ak bileti<\/a><\/strong> se\u00e7eneklerine g\u00f6z at\u0131n.<\/li>\n<\/ul>\n\n\n\n<h3 class=\"wp-block-heading has-text-align-center has-neeon-button-dark-gray-color has-text-color has-link-color wp-elements-e720fba7a8a187905fb064100eaf6548\"><span class=\"ez-toc-section\" id=\"3_dusseldorf\"><\/span><strong><strong><strong><strong>3. D\u00fcsseldorf<\/strong><\/strong><\/strong><\/strong><span class=\"ez-toc-section-end\"><\/span><\/h3>\n\n\n\n<figure class=\"wp-block-image size-large\"><img decoding=\"async\" src=\"https:\/\/res.cloudinary.com\/turna\/image\/upload\/v1654534367\/d%C3%BCsseldorf.jpg\" alt=\"d\u00fcsseldorf\"\/><\/figure>\n\n\n\n<p>Tertipli d\u00fczenli bir \u015fehir olan <strong>D\u00fcsseldorf<\/strong>, <strong>Almanya&#8217;n\u0131n en ya\u015fan\u0131l\u0131r \u015fehirleri<\/strong>nden biri bana g\u00f6re. \u0130\u015f ve finans merkezi olan \u015fehir kariyer f\u0131rsatlar\u0131 a\u00e7\u0131s\u0131ndan da olduk\u00e7a tercih ediliyor. Moda kenti olarak tan\u0131nan \u015fehirde \u00fcnl\u00fc al\u0131\u015fveri\u015f caddeleri moda severleri cezbedebilir.<\/p>\n\n\n\n<p>Ren Nehri k\u0131y\u0131s\u0131na kurulu olan D\u00fcsseldorf&#8217;ta meydanlar\u0131, caddeleri ve tarihi yerleri gezmekten yoruldu\u011funuzda \u015fehrin barlar\u0131 ve kafelerinde soluklanabilirsiniz.<\/p>\n\n\n\n<ul class=\"wp-block-list\">\n<li><strong><a href=\"https:\/\/www.turna.com\/ucak-bileti\/dusseldorf\" target=\"_blank\" rel=\"noreferrer noopener\">D\u00fcsseldorf u\u00e7ak bileti<\/a><\/strong> se\u00e7eneklerine g\u00f6z at\u0131n.<\/li>\n<\/ul>\n\n\n\n<h3 class=\"wp-block-heading has-text-align-center has-neeon-button-dark-gray-color has-text-color has-link-color wp-elements-64e1f5f66c1dd208d2c4ebc31f64e89a\"><span class=\"ez-toc-section\" id=\"4_hamburg\"><\/span><strong><strong><strong><strong>4. Hamburg<\/strong><\/strong><\/strong><\/strong><span class=\"ez-toc-section-end\"><\/span><\/h3>\n\n\n\n<figure class=\"wp-block-image size-large\"><img width=\"1254\" height=\"836\" decoding=\"async\" src=\"data:image\/svg+xml;base64,PHN2ZyB4bWxucz0iaHR0cDovL3d3dy53My5vcmcvMjAwMC9zdmciIHdpZHRoPSIxMjU0IiBoZWlnaHQ9IjgzNiI+PHJlY3Qgd2lkdGg9IjEwMCUiIGhlaWdodD0iMTAwJSI+PGFuaW1hdGUgYXR0cmlidXRlTmFtZT0iZmlsbCIgdmFsdWVzPSJyZ2JhKDE1MywxNTMsMTUzLDAuNSk7cmdiYSgxNTMsMTUzLDE1MywwLjEpO3JnYmEoMTUzLDE1MywxNTMsMC41KSIgZHVyPSIycyIgcmVwZWF0Q291bnQ9ImluZGVmaW5pdGUiIC8+PC9yZWN0Pjwvc3ZnPg==\" alt=\"hamburg\" data-public-id=\"hamburg\/hamburg.jpg\" class=\"wp-post-20941 wp-image-20948\" data-format=\"jpg\" data-transformations=\"f_auto,q_auto:low\" data-version=\"1654534371\" data-seo=\"1\" data-size=\"1254 836\" data-srcset=\"https:\/\/res.cloudinary.com\/turna\/images\/f_auto,q_auto:low\/v1654534371\/hamburg\/hamburg.jpg?_i=AA 1254w, https:\/\/res.cloudinary.com\/turna\/images\/w_800,h_533,c_scale\/f_auto,q_auto:low\/v1654534371\/hamburg\/hamburg.jpg?_i=AA 800w, https:\/\/res.cloudinary.com\/turna\/images\/w_1024,h_683,c_scale\/f_auto,q_auto:low\/v1654534371\/hamburg\/hamburg.jpg?_i=AA 1024w, https:\/\/res.cloudinary.com\/turna\/images\/w_300,h_200,c_scale\/f_auto,q_auto:low\/v1654534371\/hamburg\/hamburg.jpg?_i=AA 300w, https:\/\/res.cloudinary.com\/turna\/images\/w_630,h_420,c_scale\/f_auto,q_auto:low\/v1654534371\/hamburg\/hamburg.jpg?_i=AA 630w, https:\/\/res.cloudinary.com\/turna\/images\/w_640,h_427,c_scale\/f_auto,q_auto:low\/v1654534371\/hamburg\/hamburg.jpg?_i=AA 640w, https:\/\/res.cloudinary.com\/turna\/images\/w_681,h_454,c_scale\/f_auto,q_auto:low\/v1654534371\/hamburg\/hamburg.jpg?_i=AA 681w\" data-sizes=\"(max-width: 1254px) 100vw, 1254px\" data-delivery=\"upload\" onload=\";window.CLDBind?CLDBind(this):null;\" data-cloudinary=\"lazy\" \/><\/figure>\n\n\n\n<p><strong>Hamburg<\/strong>, Almanya\u2019n\u0131n en kuzeyinde yer alan \u00e7ok g\u00fczel bir \u015fehir. Almanya&#8217;n\u0131n en b\u00fcy\u00fck ikinci \u015fehri olma \u00f6zelli\u011fi ta\u015f\u0131yor. \u015eehir merkezi olduk\u00e7a g\u00fczel. G\u00f6rkemli binalar, \u015fehrin i\u00e7inde \u015fehirden ka\u00e7\u0131\u015f rotas\u0131 yemye\u015fil parklar Hamburg&#8217;da sizi bekliyor.<\/p>\n\n\n\n<p>K\u00fclt\u00fcrel bir seyahat planl\u0131yorsan\u0131z hem tarihi hem modern m\u00fczeler \u015fehri daha da cazip k\u0131l\u0131yor. Hamburg Almanya&#8217;n\u0131n en g\u00fczel \u015fehirleri listemizde yer almay\u0131 fazlas\u0131yla hak eden bir yer bana g\u00f6re.<\/p>\n\n\n\n<ul class=\"wp-block-list\">\n<li><strong><a href=\"https:\/\/www.turna.com\/ucak-bileti\/hamburg\" target=\"_blank\" rel=\"noreferrer noopener\">Hamburg u\u00e7ak bileti <\/a><\/strong>se\u00e7eneklerine g\u00f6z at\u0131n.<\/li>\n<\/ul>\n\n\n\n<h3 class=\"wp-block-heading has-text-align-center has-neeon-button-dark-gray-color has-text-color has-link-color wp-elements-1856cc672a099f03519a7c1bd08ceb75\"><span class=\"ez-toc-section\" id=\"5_frankfurt\"><\/span><strong><strong><strong><strong>5. Frankfurt<\/strong><\/strong><\/strong><\/strong><span class=\"ez-toc-section-end\"><\/span><\/h3>\n\n\n\n<figure class=\"wp-block-image size-large\"><img decoding=\"async\" src=\"https:\/\/res.cloudinary.com\/turna\/image\/upload\/v1654534368\/frankfurt.jpg\" alt=\"frankfurt\"\/><\/figure>\n\n\n\n<p>Main Nehri \u00fczerinde yer alan <strong>Frankfurt<\/strong> insan\u0131 kendine \u00e7eken bir \u015fehir. 3 g\u00fcnl\u00fck bir programla Frankfurt gezilecek yerler listesinin hakk\u0131n\u0131 vererek bu g\u00fczel \u015fehri ke\u015ffedebilirsiniz. \u015eehirde sizi b\u00fcy\u00fcleyecek sembolik yap\u0131lar, parklar, m\u00fczeler ve daha \u00e7ok fazla detay var.<\/p>\n\n\n\n<p>Alman mutfa\u011f\u0131n\u0131 deneyimleyebilece\u011finiz birbirinden g\u00fczel mekanlarla Frankfurt seyahatinizi unutulmaz k\u0131labilirsiniz. \u015eehirde g\u00f6rebilece\u011finiz belli ba\u015fl\u0131 yap\u0131lar R\u00f6merberg, Palmengarten, Main Tower ve Frankfurt Katedrali mutlaka listenizde olmal\u0131.<\/p>\n\n\n\n<ul class=\"wp-block-list\">\n<li><strong><a href=\"https:\/\/www.turna.com\/ucak-bileti\/frankfurt\" target=\"_blank\" rel=\"noreferrer noopener\">Frankfurt u\u00e7ak bileti<\/a><\/strong> se\u00e7eneklerine g\u00f6z at\u0131n.<\/li>\n<\/ul>\n\n    <div class=\"xs_social_share_widget xs_share_url after_content \t\tmain_content  wslu-style-1 wslu-share-box-shaped wslu-fill-colored wslu-none wslu-share-horizontal wslu-theme-font-no wslu-main_content\">\n\n\t\t\n        <ul>\n\t\t\t        <\/ul>\n    <\/div> \n","protected":false},"excerpt":{"rendered":"<p>Almanya do\u011fadan yana da nasibini alm\u0131\u015f tarihi a\u00e7\u0131dan da \u00e7ok k\u0131ymetli. Ben kendime g\u00f6re Almanya&#8217;n\u0131n en g\u00fczel \u015fehirleri &#8216;ni s\u0131ralayaca\u011f\u0131m.<\/p>\n","protected":false},"author":34,"featured_media":20948,"comment_status":"open","ping_status":"open","sticky":false,"template":"","format":"standard","meta":{"rop_custom_images_group":[],"rop_custom_messages_group":[],"rop_publish_now":"initial","rop_publish_now_accounts":[],"rop_publish_now_history":[],"rop_publish_now_status":"pending","_cloudinary_featured_overwrite":false,"footnotes":""},"categories":[2],"tags":[111,717,1191,119,115],"class_list":["post-20941","post","type-post","status-publish","format-standard","has-post-thumbnail","hentry","category-ulkeler","tag-berlin","tag-dusseldorf","tag-frankfurt","tag-hamburg","tag-munih"],"_links":{"self":[{"href":"https:\/\/www.turna.com\/blog\/wp-json\/wp\/v2\/posts\/20941","targetHints":{"allow":["GET"]}}],"collection":[{"href":"https:\/\/www.turna.com\/blog\/wp-json\/wp\/v2\/posts"}],"about":[{"href":"https:\/\/www.turna.com\/blog\/wp-json\/wp\/v2\/types\/post"}],"author":[{"embeddable":true,"href":"https:\/\/www.turna.com\/blog\/wp-json\/wp\/v2\/users\/34"}],"replies":[{"embeddable":true,"href":"https:\/\/www.turna.com\/blog\/wp-json\/wp\/v2\/comments?post=20941"}],"version-history":[{"count":0,"href":"https:\/\/www.turna.com\/blog\/wp-json\/wp\/v2\/posts\/20941\/revisions"}],"wp:featuredmedia":[{"embeddable":true,"href":"https:\/\/www.turna.com\/blog\/wp-json\/wp\/v2\/media\/20948"}],"wp:attachment":[{"href":"https:\/\/www.turna.com\/blog\/wp-json\/wp\/v2\/media?parent=20941"}],"wp:term":[{"taxonomy":"category","embeddable":true,"href":"https:\/\/www.turna.com\/blog\/wp-json\/wp\/v2\/categories?post=20941"},{"taxonomy":"post_tag","embeddable":true,"href":"https:\/\/www.turna.com\/blog\/wp-json\/wp\/v2\/tags?post=20941"}],"curies":[{"name":"wp","href":"https:\/\/api.w.org\/{rel}","templated":true}]}}