{"id":20936,"date":"2022-07-04T16:54:43","date_gmt":"2022-07-04T13:54:43","guid":{"rendered":"https:\/\/www.turna.com\/blog\/?p=20936"},"modified":"2025-06-26T17:54:00","modified_gmt":"2025-06-26T14:54:00","slug":"turla-mi-bireysel-mi-gezmeli","status":"publish","type":"post","link":"https:\/\/www.turna.com\/blog\/turla-mi-bireysel-mi-gezmeli","title":{"rendered":"Turla m\u0131 Bireysel mi Gezmeli ?"},"content":{"rendered":"<div id=\"ez-toc-container\" class=\"ez-toc-v2_0_82_2 counter-hierarchy ez-toc-counter ez-toc-black ez-toc-container-direction\">\n<div class=\"ez-toc-title-container\">\n<p class=\"ez-toc-title\" style=\"cursor:inherit\">\u0130\u00e7indekiler<\/p>\n<span class=\"ez-toc-title-toggle\"><a href=\"#\" class=\"ez-toc-pull-right ez-toc-btn ez-toc-btn-xs ez-toc-btn-default ez-toc-toggle\" aria-label=\"\u0130\u00e7indekiler Tablosunu A\u00e7\/Kapat\"><span class=\"ez-toc-js-icon-con\"><span class=\"\"><span class=\"eztoc-hide\" style=\"display:none;\">Toggle<\/span><span class=\"ez-toc-icon-toggle-span\"><svg style=\"fill: #ffffff;color:#ffffff\" xmlns=\"http:\/\/www.w3.org\/2000\/svg\" class=\"list-377408\" width=\"20px\" height=\"20px\" viewBox=\"0 0 24 24\" fill=\"none\"><path d=\"M6 6H4v2h2V6zm14 0H8v2h12V6zM4 11h2v2H4v-2zm16 0H8v2h12v-2zM4 16h2v2H4v-2zm16 0H8v2h12v-2z\" fill=\"currentColor\"><\/path><\/svg><svg style=\"fill: #ffffff;color:#ffffff\" class=\"arrow-unsorted-368013\" xmlns=\"http:\/\/www.w3.org\/2000\/svg\" width=\"10px\" height=\"10px\" viewBox=\"0 0 24 24\" version=\"1.2\" baseProfile=\"tiny\"><path d=\"M18.2 9.3l-6.2-6.3-6.2 6.3c-.2.2-.3.4-.3.7s.1.5.3.7c.2.2.4.3.7.3h11c.3 0 .5-.1.7-.3.2-.2.3-.5.3-.7s-.1-.5-.3-.7zM5.8 14.7l6.2 6.3 6.2-6.3c.2-.2.3-.5.3-.7s-.1-.5-.3-.7c-.2-.2-.4-.3-.7-.3h-11c-.3 0-.5.1-.7.3-.2.2-.3.5-.3.7s.1.5.3.7z\"\/><\/svg><\/span><\/span><\/span><\/a><\/span><\/div>\n<nav><ul class='ez-toc-list ez-toc-list-level-1 eztoc-toggle-hide-by-default' ><li class='ez-toc-page-1 ez-toc-heading-level-2'><a class=\"ez-toc-link ez-toc-heading-1\" href=\"https:\/\/www.turna.com\/blog\/turla-mi-bireysel-mi-gezmeli\/#turla_mi_bireysel_mi_gezmeli\" >Turla m\u0131 Bireysel mi Gezmeli ?<\/a><\/li><li class='ez-toc-page-1 ez-toc-heading-level-2'><a class=\"ez-toc-link ez-toc-heading-2\" href=\"https:\/\/www.turna.com\/blog\/turla-mi-bireysel-mi-gezmeli\/#turla_gezmenin_avantajlari\" >Turla Gezmenin Avantajlar\u0131<\/a><\/li><li class='ez-toc-page-1 ez-toc-heading-level-2'><a class=\"ez-toc-link ez-toc-heading-3\" href=\"https:\/\/www.turna.com\/blog\/turla-mi-bireysel-mi-gezmeli\/#bireysel_gezmenin_avantajlari\" >Bireysel Gezmenin Avantajlar\u0131<\/a><\/li><\/ul><\/nav><\/div>\n\n<p>\u0130lk kez yurt d\u0131\u015f\u0131na \u00e7\u0131kacak olanlar\u0131n akl\u0131n\u0131 kurcalayan en \u00f6nemli soruya yan\u0131t arayaca\u011f\u0131z bug\u00fcn. <strong>Turla m\u0131 bireysel mi gezmeli<\/strong> konusu ki\u015fiye g\u00f6re de\u011fi\u015fir elbet. Ben her iki \u015fekilde de seyahat etmi\u015f biri olarak biraz da kendi deneyimlerimi payla\u015farak ve tarafs\u0131z \u015fekilde de\u011ferlendirmeye \u00e7al\u0131\u015farak anlataca\u011f\u0131m bu konuyu. <\/p>\n\n\n\n<h2 class=\"wp-block-heading has-text-align-center has-neeon-button-dark-gray-color has-text-color has-link-color wp-elements-f58137ce19a0d49c6712e1366b38edb8\"><span class=\"ez-toc-section\" id=\"turla_mi_bireysel_mi_gezmeli\"><\/span><strong>Turla m\u0131 Bireysel mi Gezmeli ?<\/strong><span class=\"ez-toc-section-end\"><\/span><\/h2>\n\n\n\n<figure class=\"wp-block-image size-large\"><img decoding=\"async\" src=\"https:\/\/res.cloudinary.com\/turna\/image\/upload\/v1656942624\/turla_m%C4%B1_gezmeli_bireysel_mi.jpg\" alt=\"Turla m\u0131 Bireysel mi Gezmeli ?\"\/><\/figure>\n\n\n\n<p>Yurtd\u0131\u015f\u0131 seyahati bir \u00e7ok ki\u015finin hayalini s\u00fcsl\u00fcyor ama beraberinde bir endi\u015fe de getiriyor. Hen\u00fcz hi\u00e7 yurtd\u0131\u015f\u0131na \u00e7\u0131kmam\u0131\u015f olanlar bana da s\u0131k s\u0131k soruyor bu soruyu; sence turla m\u0131 bireysel mi gezmeli Buju? Ne yalan s\u00f6yleyeyim ben bireyselciyim. Ama baz\u0131 ki\u015filer ve baz\u0131 durumlar i\u00e7in turla gezmek daha mant\u0131kl\u0131 olabiliyor. Yani her ikisinin de avantajlar\u0131 ve dezavantajlar\u0131 var.<\/p>\n\n\n\n<h2 class=\"wp-block-heading has-text-align-center has-neeon-button-dark-gray-color has-text-color has-link-color wp-elements-bb9854703d2f569d3c482039108b1e62\"><span class=\"ez-toc-section\" id=\"turla_gezmenin_avantajlari\"><\/span>Turla Gezmenin Avantajlar\u0131<span class=\"ez-toc-section-end\"><\/span><\/h2>\n\n\n\n<figure class=\"wp-block-image size-large\"><img decoding=\"async\" src=\"https:\/\/res.cloudinary.com\/turna\/image\/upload\/v1656942625\/turlam%C4%B1_bireyselmi.jpg\" alt=\"Turla Gezmenin Avantajlar\u0131\"\/><\/figure>\n\n\n\n<p>Turla gezmek benim bir kez deneyimledi\u011fim ancak \u00e7ok tercih etmedi\u011fim bir seyahat \u015fekli. Tamamen yermek de haks\u0131zl\u0131k olur elbette. Benim i\u00e7in dezavantajlar\u0131 avantajlar\u0131ndan fazla olsa da bir ba\u015fkas\u0131 i\u00e7in bu durum tam tersi olabilir. Mesela kimler i\u00e7in daha mant\u0131kl\u0131 tur seyahati hemen anlatay\u0131m. \u0130lk kez yurt d\u0131\u015f\u0131na \u00e7\u0131kacak olan ki\u015filerin akl\u0131nda onlarca soru oluyor. Ara\u015ft\u0131rmaya nereden ba\u015flasam, nas\u0131l planlasam, ya kaybolursam, ya ba\u015f\u0131ma bir \u015fey gelirse diye uzar gider bu liste. \u0130\u015fte b\u00f6yle korkular\u0131 olanlar ya da dil bilmeyenler i\u00e7in turla gezmek \u00e7ok daha i\u015fi kolayla\u015ft\u0131r\u0131yor.<\/p>\n\n\n\n<p>Turla m\u0131 yoksa bireysel mi gezmeli se\u00e7emiyorsan\u0131z bu yaz\u0131n\u0131n sonunda akl\u0131n\u0131zda \u015fekillenmi\u015f olacak. Turla gezmenin avantajlar\u0131 ile bireysel gezmenin avantajlar\u0131n\u0131 kar\u015f\u0131la\u015ft\u0131r\u0131p hangi seyahat t\u00fcr\u00fcn\u00fcn size daha uygun oldu\u011funu se\u00e7ebilirsiniz.<\/p>\n\n\n\n<figure class=\"wp-block-image size-large\"><img decoding=\"async\" src=\"https:\/\/res.cloudinary.com\/turna\/image\/upload\/v1656942624\/turla_m%C4%B1_bireysel_mi_gezmeli.jpg\" alt=\"Turla Gezmenin Avantajlar\u0131\"\/><\/figure>\n\n\n\n<ul class=\"wp-block-list\">\n<li>Plan yapmakla u\u011fra\u015fmazs\u0131n\u0131z.<\/li>\n\n\n\n<li>Seyahat b\u00fct\u00e7enizi a\u015fma riskiniz azal\u0131r.<\/li>\n\n\n\n<li>Rehberle gezdi\u011finiz i\u00e7in can al\u0131c\u0131 t\u00fcm bilgileri \u00f6\u011frenirsiniz.<\/li>\n\n\n\n<li>Turla gezerken dil bilmemeniz sorun olmaz.<\/li>\n\n\n\n<li>Grup halinde gezdi\u011finiz i\u00e7in g\u00fcvenlik anlam\u0131nda sorun ya\u015famazs\u0131n\u0131z.<\/li>\n\n\n\n<li>Gezilecek yerler aras\u0131ndaki ula\u015f\u0131m i\u00e7in tasalanmazs\u0131n\u0131z.<\/li>\n<\/ul>\n\n\n\n<h2 class=\"wp-block-heading has-text-align-center has-neeon-button-dark-gray-color has-text-color has-link-color wp-elements-6d8b3bfa60fe5602f4ac2ed5b89614c9\"><span class=\"ez-toc-section\" id=\"bireysel_gezmenin_avantajlari\"><\/span><strong>Bireysel Gezmenin Avantajlar\u0131<\/strong><span class=\"ez-toc-section-end\"><\/span><\/h2>\n\n\n\n<figure class=\"wp-block-image size-large\"><img decoding=\"async\" src=\"https:\/\/res.cloudinary.com\/turna\/image\/upload\/v1656942625\/turla_gezmek_mi_bireysel_gezmek_mi.jpg\" alt=\"Bireysel Gezmenin Avantajlar\u0131\"\/><\/figure>\n\n\n\n<p>E\u011fer biraz olsun cesaretiniz varsa ve dil biliyorsan\u0131z emin olun bireysel gezmenin verdi\u011fi hazz\u0131 da ba\u015fka hi\u00e7bir \u015fey vermiyor. Hatta dil bilmek de ne kadar \u00f6nemli tart\u0131\u015f\u0131l\u0131r. Meksika&#8217;ya gitti\u011fimizde herkes \u0130spanyolca konu\u015fuyordu ve biz tek kelime \u0130ngilizce konu\u015famad\u0131k. \ud83d\ude03 Bir \u00e7ok uygulama anl\u0131k sesli \u00e7eviri yap\u0131yor. \u00c7evrim d\u0131\u015f\u0131 haritalar sizi gidece\u011finiz noktaya kadar g\u00f6t\u00fcr\u00fcyor. Yani seyahati kolayla\u015ft\u0131ran o kadar yard\u0131mc\u0131 uygulamalar var ki inan\u0131n hi\u00e7 korkman\u0131za gerek yok.<\/p>\n\n\n\n<p>Zaman y\u00f6netimi konusu benim i\u00e7in en \u00f6nemli konu ba\u015fl\u0131klar\u0131ndan biri. D\u00fc\u015f\u00fcnsenize en \u00e7ok g\u00f6rmek istedi\u011finiz yere gitmi\u015fsiniz ve yaln\u0131zca 1 saatiniz var. Gezecek misiniz, foto\u011fraf m\u0131 \u00e7ekeceksiniz, hediyelik vs. al\u0131\u015fveri\u015f mi yapacaks\u0131n\u0131z bir \u015feyler mi yiyip i\u00e7eceksiniz? \u0130nan\u0131n o 1 saat su gibi ge\u00e7iyor ve hi\u00e7bir \u015fey anlam\u0131yorsunuz. O nedenle bireysel gezmek e\u015fittir \u00f6zg\u00fcrl\u00fck demek benim i\u00e7in. Ben buray\u0131 \u00e7ok be\u011fendim biraz daha kal\u0131yorum demek ne b\u00fcy\u00fck l\u00fcks bilseniz.<\/p>\n\n\n\n<p>B\u00fct\u00e7e planlamas\u0131, konaklama tercihleri, istedi\u011finiz lezzetleri tatma ve daha bir \u00e7ok konu bireysel seyahati \u00e7ok daha tercih edilesi k\u0131l\u0131yor benim a\u00e7\u0131mdan. <\/p>\n\n\n\n<ul class=\"wp-block-list\">\n<li>Nerede ne kadar zaman ge\u00e7irece\u011finize siz karar verirsiniz.<\/li>\n\n\n\n<li>B\u00fct\u00e7e planlamas\u0131n\u0131 kendiniz yaparak seyahatinizi \u00e7ok daha ucuza getirebilirsiniz.<\/li>\n\n\n\n<li>Konaklama yerlerini kendiniz belirlersiniz.<\/li>\n\n\n\n<li>Yemek yiyece\u011finiz mekanlar\u0131 kendi zevkinize g\u00f6re se\u00e7ersiniz.<\/li>\n\n\n\n<li>\u00d6zg\u00fcrl\u00fc\u011f\u00fc doyas\u0131ya hissedersiniz.<\/li>\n\n\n\n<li>Yerellerle daha fazla ileti\u015fim kurma ve yeni insanlar tan\u0131ma f\u0131rsat\u0131n\u0131z oluyor.<\/li>\n<\/ul>\n\n    <div class=\"xs_social_share_widget xs_share_url after_content \t\tmain_content  wslu-style-1 wslu-share-box-shaped wslu-fill-colored wslu-none wslu-share-horizontal wslu-theme-font-no wslu-main_content\">\n\n\t\t\n        <ul>\n\t\t\t        <\/ul>\n    <\/div> \n","protected":false},"excerpt":{"rendered":"<p>\u0130lk kez yurt d\u0131\u015f\u0131na \u00e7\u0131kacak olanlar\u0131n akl\u0131n\u0131 kurcalayan en \u00f6nemli soruya yan\u0131t arayaca\u011f\u0131z bug\u00fcn. Turla m\u0131 bireysel mi gezmeli ?<\/p>\n","protected":false},"author":34,"featured_media":21021,"comment_status":"open","ping_status":"open","sticky":false,"template":"","format":"standard","meta":{"rop_custom_images_group":[],"rop_custom_messages_group":[],"rop_publish_now":"initial","rop_publish_now_accounts":[],"rop_publish_now_history":[],"rop_publish_now_status":"pending","_cloudinary_featured_overwrite":false,"footnotes":""},"categories":[2,1],"tags":[],"class_list":["post-20936","post","type-post","status-publish","format-standard","has-post-thumbnail","hentry","category-ulkeler","category-seyahat-rehberi"],"_links":{"self":[{"href":"https:\/\/www.turna.com\/blog\/wp-json\/wp\/v2\/posts\/20936","targetHints":{"allow":["GET"]}}],"collection":[{"href":"https:\/\/www.turna.com\/blog\/wp-json\/wp\/v2\/posts"}],"about":[{"href":"https:\/\/www.turna.com\/blog\/wp-json\/wp\/v2\/types\/post"}],"author":[{"embeddable":true,"href":"https:\/\/www.turna.com\/blog\/wp-json\/wp\/v2\/users\/34"}],"replies":[{"embeddable":true,"href":"https:\/\/www.turna.com\/blog\/wp-json\/wp\/v2\/comments?post=20936"}],"version-history":[{"count":0,"href":"https:\/\/www.turna.com\/blog\/wp-json\/wp\/v2\/posts\/20936\/revisions"}],"wp:featuredmedia":[{"embeddable":true,"href":"https:\/\/www.turna.com\/blog\/wp-json\/wp\/v2\/media\/21021"}],"wp:attachment":[{"href":"https:\/\/www.turna.com\/blog\/wp-json\/wp\/v2\/media?parent=20936"}],"wp:term":[{"taxonomy":"category","embeddable":true,"href":"https:\/\/www.turna.com\/blog\/wp-json\/wp\/v2\/categories?post=20936"},{"taxonomy":"post_tag","embeddable":true,"href":"https:\/\/www.turna.com\/blog\/wp-json\/wp\/v2\/tags?post=20936"}],"curies":[{"name":"wp","href":"https:\/\/api.w.org\/{rel}","templated":true}]}}