{"id":20933,"date":"2022-06-20T16:29:25","date_gmt":"2022-06-20T13:29:25","guid":{"rendered":"https:\/\/www.turna.com\/blog\/?p=20933"},"modified":"2025-06-27T14:54:58","modified_gmt":"2025-06-27T11:54:58","slug":"adanada-ne-yenir","status":"publish","type":"post","link":"https:\/\/www.turna.com\/blog\/adanada-ne-yenir","title":{"rendered":"Adana&#8217;da Ne Yenir? Damak \u00c7atlatan 11 Lezzet"},"content":{"rendered":"<div id=\"ez-toc-container\" class=\"ez-toc-v2_0_82_2 counter-hierarchy ez-toc-counter ez-toc-black ez-toc-container-direction\">\n<div class=\"ez-toc-title-container\">\n<p class=\"ez-toc-title\" style=\"cursor:inherit\">\u0130\u00e7indekiler<\/p>\n<span class=\"ez-toc-title-toggle\"><a href=\"#\" class=\"ez-toc-pull-right ez-toc-btn ez-toc-btn-xs ez-toc-btn-default ez-toc-toggle\" aria-label=\"\u0130\u00e7indekiler Tablosunu A\u00e7\/Kapat\"><span class=\"ez-toc-js-icon-con\"><span class=\"\"><span class=\"eztoc-hide\" style=\"display:none;\">Toggle<\/span><span class=\"ez-toc-icon-toggle-span\"><svg style=\"fill: #ffffff;color:#ffffff\" xmlns=\"http:\/\/www.w3.org\/2000\/svg\" class=\"list-377408\" width=\"20px\" height=\"20px\" viewBox=\"0 0 24 24\" fill=\"none\"><path d=\"M6 6H4v2h2V6zm14 0H8v2h12V6zM4 11h2v2H4v-2zm16 0H8v2h12v-2zM4 16h2v2H4v-2zm16 0H8v2h12v-2z\" fill=\"currentColor\"><\/path><\/svg><svg style=\"fill: #ffffff;color:#ffffff\" class=\"arrow-unsorted-368013\" xmlns=\"http:\/\/www.w3.org\/2000\/svg\" width=\"10px\" height=\"10px\" viewBox=\"0 0 24 24\" version=\"1.2\" baseProfile=\"tiny\"><path d=\"M18.2 9.3l-6.2-6.3-6.2 6.3c-.2.2-.3.4-.3.7s.1.5.3.7c.2.2.4.3.7.3h11c.3 0 .5-.1.7-.3.2-.2.3-.5.3-.7s-.1-.5-.3-.7zM5.8 14.7l6.2 6.3 6.2-6.3c.2-.2.3-.5.3-.7s-.1-.5-.3-.7c-.2-.2-.4-.3-.7-.3h-11c-.3 0-.5.1-.7.3-.2.2-.3.5-.3.7s.1.5.3.7z\"\/><\/svg><\/span><\/span><\/span><\/a><\/span><\/div>\n<nav><ul class='ez-toc-list ez-toc-list-level-1 eztoc-toggle-hide-by-default' ><li class='ez-toc-page-1 ez-toc-heading-level-2'><a class=\"ez-toc-link ez-toc-heading-1\" href=\"https:\/\/www.turna.com\/blog\/adanada-ne-yenir\/#adanada_ne_yenir\" >Adana&#8217;da Ne Yenir?<\/a><ul class='ez-toc-list-level-3' ><li class='ez-toc-heading-level-3'><a class=\"ez-toc-link ez-toc-heading-2\" href=\"https:\/\/www.turna.com\/blog\/adanada-ne-yenir\/#kebap\" >Kebap<\/a><\/li><li class='ez-toc-page-1 ez-toc-heading-level-3'><a class=\"ez-toc-link ez-toc-heading-3\" href=\"https:\/\/www.turna.com\/blog\/adanada-ne-yenir\/#ciger\" >Ci\u011fer<\/a><\/li><li class='ez-toc-page-1 ez-toc-heading-level-3'><a class=\"ez-toc-link ez-toc-heading-4\" href=\"https:\/\/www.turna.com\/blog\/adanada-ne-yenir\/#adana_lahmacunu\" >Adana Lahmacunu<\/a><\/li><li class='ez-toc-page-1 ez-toc-heading-level-3'><a class=\"ez-toc-link ez-toc-heading-5\" href=\"https:\/\/www.turna.com\/blog\/adanada-ne-yenir\/#icli_kofte\" >\u0130\u00e7li K\u00f6fte<\/a><\/li><li class='ez-toc-page-1 ez-toc-heading-level-3'><a class=\"ez-toc-link ez-toc-heading-6\" href=\"https:\/\/www.turna.com\/blog\/adanada-ne-yenir\/#sirdan\" >\u015e\u0131rdan<\/a><\/li><li class='ez-toc-page-1 ez-toc-heading-level-3'><a class=\"ez-toc-link ez-toc-heading-7\" href=\"https:\/\/www.turna.com\/blog\/adanada-ne-yenir\/#sikma\" >S\u0131kma<\/a><\/li><li class='ez-toc-page-1 ez-toc-heading-level-3'><a class=\"ez-toc-link ez-toc-heading-8\" href=\"https:\/\/www.turna.com\/blog\/adanada-ne-yenir\/#bici_bici\" >Bici Bici<\/a><\/li><li class='ez-toc-page-1 ez-toc-heading-level-3'><a class=\"ez-toc-link ez-toc-heading-9\" href=\"https:\/\/www.turna.com\/blog\/adanada-ne-yenir\/#halka_tatlisi\" >Halka Tatl\u0131s\u0131<\/a><\/li><li class='ez-toc-page-1 ez-toc-heading-level-3'><a class=\"ez-toc-link ez-toc-heading-10\" href=\"https:\/\/www.turna.com\/blog\/adanada-ne-yenir\/#cezerye\" >Cezerye<\/a><\/li><li class='ez-toc-page-1 ez-toc-heading-level-3'><a class=\"ez-toc-link ez-toc-heading-11\" href=\"https:\/\/www.turna.com\/blog\/adanada-ne-yenir\/#salgam\" >\u015ealgam<\/a><\/li><li class='ez-toc-page-1 ez-toc-heading-level-3'><a class=\"ez-toc-link ez-toc-heading-12\" href=\"https:\/\/www.turna.com\/blog\/adanada-ne-yenir\/#muzlu_sut\" >Muzlu S\u00fct<\/a><\/li><\/ul><\/li><\/ul><\/nav><\/div>\n\n<p>Ba\u015fl\u0131\u011f\u0131 bile ac\u0131kt\u0131ran <strong>Adana&#8217;da ne yenir<\/strong> yaz\u0131ma ho\u015fgeldiniz. \ud83d\ude00 Adana lezzetleriyle tan\u0131\u015fmam \u00e7ocuklu\u011fuma dayan\u0131r. Ankara&#8217;da ya\u015farken halam\u0131n Adanal\u0131 olan e\u015finin k\u0131z karde\u015fi bana okul \u00e7\u0131k\u0131\u015flar\u0131 ders \u00e7al\u0131\u015ft\u0131r\u0131rd\u0131. O kadar misafirperver bir aileydi ki her gitti\u011fimde evde bir kom\u015fu ve mutlaka Adana&#8217;ya \u00f6zg\u00fc bir yemek olurdu. \u0130\u00e7li k\u00f6fteyi ilk defa tad\u0131\u015f\u0131m, sar\u0131msakl\u0131 k\u00f6fteye a\u015f\u0131k olu\u015fum o g\u00fcnlerdedir i\u015fte.<\/p>\n\n\n\n<p>Y\u0131llar ge\u00e7ip \u00fcniversiteyi Mersin&#8217;de okuyunca da bir aya\u011f\u0131m hep Adana&#8217;da oldu. Ben Tarsus&#8217;ta kal\u0131yordum. Bilen bilir Adana-Tarsus-Mersin birbirine yak\u0131nd\u0131r ve h\u0131zl\u0131 trenle \u00e7ok kolay ula\u015f\u0131m sa\u011flan\u0131r. O nedenle Adana lezzetlerine olduk\u00e7a hakimim. Sizlere \u015fahane bir liste haz\u0131rlad\u0131m. Yaz\u0131n\u0131n sonunda bir anda &#8216;kalk\u0131n Adana&#8217;ya gidiyoruz&#8217; demeniz i\u015ften bile de\u011fil. \ud83d\ude0d<\/p>\n\n\n\n<h2 class=\"wp-block-heading has-text-align-center has-neeon-button-dark-gray-color has-text-color has-link-color wp-elements-f8548d3e83eb983534474e879fcdd2ef\"><span class=\"ez-toc-section\" id=\"adanada_ne_yenir\"><\/span><strong><strong><strong><strong><strong><strong>Adana&#8217;da Ne Yenir<\/strong>?<\/strong><\/strong><\/strong><\/strong><\/strong><span class=\"ez-toc-section-end\"><\/span><\/h2>\n\n\n\n<p>Adana&#8217;ya gidek mi, \u015falgam\u0131ndan i\u00e7ek mi, kebab\u0131ndan yiyek mi ? Lezzetler \u015fark\u0131lara bile konu olmu\u015fken bu u\u011furda kalk\u0131p Adana&#8217;ya gidilmez mi? Valizi haz\u0131rlarken yan\u0131n\u0131za beli lastikli, sala\u015f ya da iyisi mi 1 beden b\u00fcy\u00fck k\u0131yafetler al\u0131n. \ud83d\ude05 <\/p>\n\n\n\n<p>3 kilo alma garantili bir seyahat olaca\u011f\u0131ndan emin olabilirsiniz. Yan\u0131n\u0131za mutlaka mide ila\u00e7lar\u0131 al\u0131n \u00e7\u00fcnk\u00fc s\u0131ra d\u0131\u015f\u0131 bir yeme-i\u00e7me deneyimi ya\u015fayacaks\u0131n\u0131z Adana&#8217;da. Kebaplar\u0131ndan tatl\u0131lar\u0131na, b\u00f6reklerinden i\u00e7eceklerine a\u011f\u0131z suland\u0131ran \u00f6neriler sunaca\u011f\u0131m size. Her lezzeti 1 porsiyon sipari\u015f edip 2 ki\u015fi payla\u015fmak mant\u0131kl\u0131 olacak. \u00c7\u00fcnk\u00fc o kadar \u00e7ok denenmesi gereken lezzet var ki birini yerken di\u011ferine de yer b\u0131rakman\u0131z \u015fart. Asla doyumluk de\u011fil, tad\u0131ml\u0131k ilerleyin.<\/p>\n\n\n\n<p><strong>Adana&#8217;da Ne Yenir?<\/strong><\/p>\n\n\n\n<ol class=\"wp-block-list\">\n<li>Kebap<\/li>\n\n\n\n<li>Ci\u011fer<\/li>\n\n\n\n<li>Adana Lahmacunu<\/li>\n\n\n\n<li>\u0130\u00e7li K\u00f6fte<\/li>\n\n\n\n<li>\u015e\u0131rdan<\/li>\n\n\n\n<li>S\u0131kma<\/li>\n\n\n\n<li>Bici Bici<\/li>\n\n\n\n<li>Halka Tatl\u0131s\u0131<\/li>\n\n\n\n<li>Cezerye<\/li>\n\n\n\n<li>\u015ealgam<\/li>\n\n\n\n<li>Muzlu S\u00fct<\/li>\n<\/ol>\n\n\n\n<h3 class=\"wp-block-heading has-text-align-center has-neeon-button-dark-gray-color has-text-color has-link-color wp-elements-4a31877a055c4531217dd30b9b8fbfb9\"><span class=\"ez-toc-section\" id=\"kebap\"><\/span><strong><strong><strong><strong>Kebap<\/strong><\/strong><\/strong><\/strong><span class=\"ez-toc-section-end\"><\/span><\/h3>\n\n\n\n<figure class=\"wp-block-image size-large\"><img decoding=\"async\" src=\"https:\/\/res.cloudinary.com\/turna\/image\/upload\/v1655731223\/adana_kebap.jpg\" alt=\"Kebap\"\/><\/figure>\n\n\n\n<p>\u0130stanbul&#8217;da Ankara&#8217;da ve Adana d\u0131\u015f\u0131nda ya\u015fayan sevgili okuyucular\u0131m. Bug\u00fcne dek yedi\u011finiz t\u00fcm kebaplar\u0131 unutun. Her \u015feyi yerinde yiyeceksin s\u00f6z\u00fcn\u00fcn ne kadar do\u011fru oldu\u011funu Adana&#8217;da kebap yerken fazlas\u0131yla hissedeceksiniz. Bu yedi\u011fim kebapsa \u015fimdiye kadar yediklerim neydi diye d\u00fc\u015f\u00fcnebilirsiniz.<\/p>\n\n\n\n<p>\u00d6yle \u00e7atalla b\u0131\u00e7akla yemek m\u00fcmk\u00fcn de\u011fil zaten. \u00c7atal de\u011fdi\u011fi anda da\u011f\u0131lan, sulu ve a\u015f\u0131r\u0131 lezzetli bu kebab\u0131 elle yiyerek tad\u0131n\u0131 \u00e7\u0131kar\u0131n. Lava\u015f\u0131 bile bi ba\u015fka lezzetli ne yalan s\u00f6yleyeyim. Bir de Adana kebap\u00e7\u0131lar\u0131 \u00f6nce g\u00f6z\u00fc sonra mideyi doyurmay\u0131 \u00e7ok iyi biliyor. \u00d6nden gelen ikramlar masay\u0131 \u00f6yle bir donat\u0131yor ki kendinize hakim olup \u00e7ok fazla yememenizi tavsiye ederim. Zira kebaba yer kalmayabilir. \ud83d\ude0a<\/p>\n\n\n\n<h3 class=\"wp-block-heading has-text-align-center has-neeon-button-dark-gray-color has-text-color has-link-color wp-elements-e7f75c1e694fec461341dddc70a97e86\"><span class=\"ez-toc-section\" id=\"ciger\"><\/span><strong><strong><strong><strong>Ci\u011fer<\/strong><\/strong><\/strong><\/strong><span class=\"ez-toc-section-end\"><\/span><\/h3>\n\n\n\n<figure class=\"wp-block-image size-large\"><img decoding=\"async\" src=\"https:\/\/res.cloudinary.com\/turna\/image\/upload\/v1655731222\/ci%C4%9Fer.jpg\" alt=\"Ci\u011fer\"\/><\/figure>\n\n\n\n<p>Ci\u011fer Adana&#8217;ya \u00f6zg\u00fc bir lezzet de\u011fil elbette. Bir \u00e7ok yerde yap\u0131l\u0131yor. \u00d6zellikle Urfa, Antep, Diyarbak\u0131r ci\u011fer konusunda r\u00fc\u015ft\u00fcn\u00fc ispatlam\u0131\u015f \u015fehirler. Ama Adana da hi\u00e7 yabana at\u0131l\u0131r cinsten de\u011fil. Mutlaka bir de burada deneyin derim.<\/p>\n\n\n\n<p>Hatta Adana&#8217;da da ci\u011feri sabah kahvalt\u0131da yeme k\u00fclt\u00fcr\u00fc var. Yan\u0131nda gelen ezme, so\u011fan salatas\u0131 sabah sabah biraz a\u011f\u0131r gelebilir ama hi\u00e7 de\u011filse \u00f6\u011flen ya da ak\u015fam mutlaka tad\u0131lmal\u0131. En me\u015fhur mekan ise Ci\u011ferci Mahmut.<\/p>\n\n\n\n<h3 class=\"wp-block-heading has-text-align-center has-neeon-button-dark-gray-color has-text-color has-link-color wp-elements-15f804d063547ca1672573bb92f8f99e\"><span class=\"ez-toc-section\" id=\"adana_lahmacunu\"><\/span><strong><strong><strong><strong>Adana Lahmacunu<\/strong><\/strong><\/strong><\/strong><span class=\"ez-toc-section-end\"><\/span><\/h3>\n\n\n\n<figure class=\"wp-block-image size-large\"><img decoding=\"async\" src=\"https:\/\/res.cloudinary.com\/turna\/image\/upload\/v1655731223\/adana_lahmacunu.jpg\" alt=\"Adana Lahmacunu\"\/><\/figure>\n\n\n\n<p>Eti bu kadar g\u00fczel yap\u0131lan ve lezzetli olan bir \u015fehirde lahmacunun k\u00f6t\u00fc olma \u015fans\u0131 elbette yok. Antep lahmacunundan ve hatta di\u011fer \u015fehirlerden daha farkl\u0131 bir lahmacun yiyeceksiniz Adana&#8217;da. \u015eekli yuvarlak ve orta boyda geliyor. \u00c7ok ince ve \u00e7ok \u00e7\u0131t\u0131r olmas\u0131 kabul g\u00f6rmez di\u011fer \u015fehirlerin aksine. Bir t\u0131k daha kal\u0131n olur hamuru. Porsiyonda 5 adet oluyor. Baz\u0131 sokaklarda el arabalar\u0131nda da sat\u0131ld\u0131\u011f\u0131n\u0131 g\u00f6rebilirsiniz. \u00c7o\u011fu kebap\u00e7\u0131da zaten bulunuyor.<\/p>\n\n\n\n<h3 class=\"wp-block-heading has-text-align-center has-neeon-button-dark-gray-color has-text-color has-link-color wp-elements-7350eeb7d87f7459750428870e0ce440\"><span class=\"ez-toc-section\" id=\"icli_kofte\"><\/span><strong><strong><strong><strong>\u0130\u00e7li K\u00f6fte<\/strong><\/strong><\/strong><\/strong><span class=\"ez-toc-section-end\"><\/span><\/h3>\n\n\n\n<figure class=\"wp-block-image size-large\"><img decoding=\"async\" src=\"https:\/\/res.cloudinary.com\/turna\/image\/upload\/v1655731223\/i%C3%A7li_k%C3%B6fte_adana.jpg\" alt=\"\u0130\u00e7li K\u00f6fte\"\/><\/figure>\n\n\n\n<p>Adana&#8217;da ne yenir listemize en favori lezzetlerimden biriyle devam ediyorum. \u0130ncecik a\u00e7\u0131lm\u0131\u015f bir d\u0131\u015f har\u00e7, i\u00e7i a\u015f\u0131r\u0131 lezzetli k\u0131ymal\u0131 dolgu. Adana i\u00e7li k\u00f6ftesinin di\u011fer k\u00f6ftelerden fark\u0131 ince uzun de\u011fil yuvarlak \u015fekilde olmas\u0131 ve k\u0131zart\u0131larak de\u011fil ha\u015flanarak yenilmesi. Sizi bilmem ama ha\u015flamas\u0131 k\u0131zartmas\u0131ndan \u00e7ok daha lezzetli bana g\u00f6re.<\/p>\n\n\n\n<p>Adanal\u0131 bir ailenin elinden yeme \u015fans\u0131na sahip oldu\u011fum i\u00e7in i\u00e7li k\u00f6fte yemenin inceliklerine de hakimim. \ud83d\ude00 E\u011fer evde yiyecekseniz \u015fu tarifimi mutlaka uygulay\u0131n; biraz ay\u00e7i\u00e7ek ya\u011f\u0131, 1 \u00e7ay ka\u015f\u0131\u011f\u0131 pul biber ve bir di\u015f sar\u0131msa\u011f\u0131 minik minik do\u011fray\u0131p kar\u0131\u015ft\u0131r\u0131n. \u0130\u00e7li k\u00f6fteden bir \u0131s\u0131r\u0131k al\u0131nca \u00fcst\u00fcne bu sostan d\u00f6kerek yemeye devam edin. Lezzeti resmen 10&#8217;a katl\u0131yor.<\/p>\n\n\n\n<h3 class=\"wp-block-heading has-text-align-center has-neeon-button-dark-gray-color has-text-color has-link-color wp-elements-69b7965a8e85f22b2a38af961f5ee633\"><span class=\"ez-toc-section\" id=\"sirdan\"><\/span><strong><strong><strong><strong>\u015e\u0131rdan<\/strong><\/strong><\/strong><\/strong><span class=\"ez-toc-section-end\"><\/span><\/h3>\n\n\n\n<figure class=\"wp-block-image size-large\"><img decoding=\"async\" src=\"https:\/\/res.cloudinary.com\/turna\/image\/upload\/v1655731224\/%C5%9F%C4%B1rdan.jpg\" alt=\"\u015e\u0131rdan\"\/><\/figure>\n\n\n\n<p>\u00d6nyarg\u0131lar\u0131 k\u0131rd\u0131ran lezzet: \u015e\u0131rdan! Sakatat yemeyenlerin bile bir \u015fans verip tad\u0131na bakt\u0131ktan sonra m\u00fcptelas\u0131 oldu\u011fu bir yiyecek bu. Koyun midesinin bir k\u0131sm\u0131 ile yap\u0131l\u0131yor. \u0130\u00e7i baharatl\u0131 pirin\u00e7 kar\u0131\u015f\u0131m\u0131 ile doldurulup dikilerek pi\u015firiliyor. \u015eekilleri birbirinden farkl\u0131 olan bu lezzeti sevenler ge\u00e7 saatlerde \u015f\u0131rdanc\u0131lar\u0131n \u00f6n\u00fcnde kuyruk oluyor. <\/p>\n\n\n\n<h3 class=\"wp-block-heading has-text-align-center has-neeon-button-dark-gray-color has-text-color has-link-color wp-elements-584a8542dd1bed9ef892179871086d39\"><span class=\"ez-toc-section\" id=\"sikma\"><\/span><strong><strong><strong><strong>S\u0131kma<\/strong><\/strong><\/strong><\/strong><span class=\"ez-toc-section-end\"><\/span><\/h3>\n\n\n\n<p>S\u0131kma Adana-Mersin y\u00f6resine ait evlerde de yap\u0131lan, kahvalt\u0131larda, kad\u0131nlar\u0131n bir araya gelip saclarda pi\u015firip yedi\u011fi bir \u00e7e\u015fit hamur i\u015fi. Elde yo\u011frulan hamur lava\u015f \u015feklinde a\u00e7\u0131l\u0131p pi\u015firiliyor. \u0130\u00e7 harc\u0131 da farkl\u0131 farkl\u0131 yap\u0131labiliyor. Patatesli, k\u0131ymal\u0131, peynirli gibi har\u00e7lar haz\u0131rlan\u0131yor. Benim en sevdi\u011fim lor peynirli, so\u011fanl\u0131, baharatl\u0131 haz\u0131rlanan i\u00e7. Adana Mersin karayolu \u00fczerinde s\u0131ra s\u0131ra s\u0131kmac\u0131lar var. Yol \u00fcst\u00fc bu lezzet duraklar\u0131nda s\u0131kman\u0131n tad\u0131na bakabilirsiniz.<\/p>\n\n\n\n<h3 class=\"wp-block-heading has-text-align-center has-neeon-button-dark-gray-color has-text-color has-link-color wp-elements-70962e1186ccdd4459d050da6f3df269\"><span class=\"ez-toc-section\" id=\"bici_bici\"><\/span><strong><strong><strong><strong>Bici Bici<\/strong><\/strong><\/strong><\/strong><span class=\"ez-toc-section-end\"><\/span><\/h3>\n\n\n\n<figure class=\"wp-block-image size-large\"><img decoding=\"async\" src=\"https:\/\/res.cloudinary.com\/turna\/image\/upload\/v1655731222\/bici_bici.jpg\" alt=\"Bici Bici\"\/><\/figure>\n\n\n\n<p>Oooh geldik tatl\u0131lara. Bici bici Adana&#8217;ya \u00f6zg\u00fc yaz aylar\u0131nda tercih edilen serinleten bir tatl\u0131. Ni\u015fasta ile su kar\u0131\u015ft\u0131r\u0131l\u0131p pi\u015firiliyor ve so\u011fuduktan sonra par\u00e7a par\u00e7a kesilerek kaseye konuyor.<br>\u00dczerine rendelenmi\u015f buz, g\u00fcl \u015ferbeti ve \u00e7e\u015fitli meyveler konuluyor.<\/p>\n\n\n\n<p>Pudra \u015fekeri ekletmeyi unutmay\u0131n. Adana s\u0131ca\u011f\u0131nda serinlemek isterseniz \u00e7o\u011fu seyyar sat\u0131c\u0131da bici bici bulabilirsiniz. Olduk\u00e7a uygun fiyatl\u0131 olan bu tatl\u0131n\u0131n mutlaka tad\u0131na bak\u0131n.<\/p>\n\n\n\n<h3 class=\"wp-block-heading has-text-align-center has-neeon-button-dark-gray-color has-text-color has-link-color wp-elements-5e95937356af4c75fdbf4ab0ce329a7f\"><span class=\"ez-toc-section\" id=\"halka_tatlisi\"><\/span><strong><strong><strong><strong>Halka Tatl\u0131s\u0131<\/strong><\/strong><\/strong><\/strong><span class=\"ez-toc-section-end\"><\/span><\/h3>\n\n\n\n<figure class=\"wp-block-image size-large\"><img decoding=\"async\" src=\"https:\/\/res.cloudinary.com\/turna\/image\/upload\/v1655731222\/halka_tatl%C4%B1s%C4%B1.jpg\" alt=\"Halka Tatl\u0131s\u0131\"\/><\/figure>\n\n\n\n<p>Adana&#8217;da \u00e7ar\u015f\u0131da y\u00fcr\u00fcrken, restoranlar\u0131n soka\u011fa bakan bir k\u0131sm\u0131nda tatl\u0131c\u0131lar oldu\u011funu g\u00f6receksiniz. Mis gibi kokular sizi kendine \u00e7ekecek zaten. Hamurlar\u0131n ya\u011fda nar gibi k\u0131zarmas\u0131n\u0131, ard\u0131ndan \u015ferbetle bulu\u015fmas\u0131n\u0131 izlemek terapi gibi. Tazecik halka tatl\u0131s\u0131 Adana&#8217;da ne yenir sorusuna verilecek en iyi yan\u0131tlardan bence. Ayr\u0131ca ayr\u0131 ayr\u0131 ba\u015fl\u0131klarda yazmad\u0131m ama bu tatl\u0131c\u0131larda bulabilece\u011finiz ta\u015f kaday\u0131f ve karaku\u015f tatl\u0131lar\u0131 da mutlaka tatman\u0131z gerekenlerden.<\/p>\n\n\n\n<h3 class=\"wp-block-heading has-text-align-center has-neeon-button-dark-gray-color has-text-color has-link-color wp-elements-feb71db62e426660c85c5665f604cb47\"><span class=\"ez-toc-section\" id=\"cezerye\"><\/span><strong><strong><strong><strong>Cezerye<\/strong><\/strong><\/strong><\/strong><span class=\"ez-toc-section-end\"><\/span><\/h3>\n\n\n\n<figure class=\"wp-block-image size-large\"><img decoding=\"async\" src=\"https:\/\/res.cloudinary.com\/turna\/image\/upload\/v1655731223\/cezerye.jpg\" alt=\"Cezerye\"\/><\/figure>\n\n\n\n<p>E yedik i\u00e7tik, eve d\u00f6nece\u011fiz. E\u015fe dosta ne g\u00f6t\u00fcrece\u011fiz diyenler i\u00e7in en iyi se\u00e7enek cezerye. Adana&#8217;ya \u00f6zg\u00fc diyemeyiz ama bu b\u00f6lgede en iyilerini bulabilirsiniz. Tazecik cezeryeler \u00e7e\u015fit \u00e7e\u015fit ve her damak tad\u0131na uygun bir se\u00e7enek var. <\/p>\n\n\n\n<h3 class=\"wp-block-heading has-text-align-center has-neeon-button-dark-gray-color has-text-color has-link-color wp-elements-ce7f9c23433526c42e3e9bf02e3c63da\"><span class=\"ez-toc-section\" id=\"salgam\"><\/span><strong><strong><strong><strong><strong>\u015ealgam<\/strong><\/strong><\/strong><\/strong><\/strong><span class=\"ez-toc-section-end\"><\/span><\/h3>\n\n\n\n<figure class=\"wp-block-image size-large\"><img width=\"800\" height=\"500\" decoding=\"async\" src=\"data:image\/svg+xml;base64,PHN2ZyB4bWxucz0iaHR0cDovL3d3dy53My5vcmcvMjAwMC9zdmciIHdpZHRoPSI4MDAiIGhlaWdodD0iNTAwIj48cmVjdCB3aWR0aD0iMTAwJSIgaGVpZ2h0PSIxMDAlIj48YW5pbWF0ZSBhdHRyaWJ1dGVOYW1lPSJmaWxsIiB2YWx1ZXM9InJnYmEoMTUzLDE1MywxNTMsMC41KTtyZ2JhKDE1MywxNTMsMTUzLDAuMSk7cmdiYSgxNTMsMTUzLDE1MywwLjUpIiBkdXI9IjJzIiByZXBlYXRDb3VudD0iaW5kZWZpbml0ZSIgLz48L3JlY3Q+PC9zdmc+\" alt=\"\u015ealgam\" data-public-id=\"\u015falgam\/\u015falgam.jpg\" class=\"wp-post-20933 wp-image-20962\" data-format=\"jpg\" data-transformations=\"f_auto,q_auto:low\" data-version=\"1655731224\" data-seo=\"1\" data-size=\"800 500\" data-srcset=\"https:\/\/res.cloudinary.com\/turna\/images\/f_auto,q_auto:low\/v1655731224\/\u015falgam\/\u015falgam.jpg?_i=AA 800w, https:\/\/res.cloudinary.com\/turna\/images\/w_300,h_188,c_scale\/f_auto,q_auto:low\/v1655731224\/\u015falgam\/\u015falgam.jpg?_i=AA 300w, https:\/\/res.cloudinary.com\/turna\/images\/w_672,h_420,c_scale\/f_auto,q_auto:low\/v1655731224\/\u015falgam\/\u015falgam.jpg?_i=AA 672w, https:\/\/res.cloudinary.com\/turna\/images\/w_640,h_400,c_scale\/f_auto,q_auto:low\/v1655731224\/\u015falgam\/\u015falgam.jpg?_i=AA 640w, https:\/\/res.cloudinary.com\/turna\/images\/w_681,h_426,c_scale\/f_auto,q_auto:low\/v1655731224\/\u015falgam\/\u015falgam.jpg?_i=AA 681w\" data-sizes=\"(max-width: 800px) 100vw, 800px\" data-delivery=\"upload\" onload=\";window.CLDBind?CLDBind(this):null;\" data-cloudinary=\"lazy\" \/><\/figure>\n\n\n\n<p>Ambalajl\u0131 i\u00e7ti\u011finiz \u015falgamlardan \u00e7ok \u00e7ok farkl\u0131, \u00e7ok lezzetli bir \u015falgam i\u00e7mek Adana&#8217;n\u0131n olmazsa olmazlar\u0131ndan. Havu\u00e7 ve \u015falgam k\u00f6k\u00fcn\u00fcn mayalanmas\u0131 ile yap\u0131lan bu i\u00e7ecek antioksidan i\u00e7eri\u011fi sayesinde epey sa\u011fl\u0131kl\u0131. Ac\u0131l\u0131 veya ac\u0131s\u0131z olarak tercih edebilirsiniz.<\/p>\n\n\n\n<p>Seyyar sat\u0131c\u0131larda, taze meyve sebze suyu s\u0131kan d\u00fckkanlarda ve elbette kebap\u00e7\u0131larda tad\u0131na bakabilirsiniz. \u0130\u00e7erisindeki havucu mutlaka yiyin. Yok b\u00f6yle bir lezzet. Ayr\u0131ca sat\u0131n alarak eve de g\u00f6t\u00fcrebilirsiniz.<\/p>\n\n\n\n<h3 class=\"wp-block-heading has-text-align-center has-neeon-button-dark-gray-color has-text-color has-link-color wp-elements-c66409e6f466e379cd526bdbf387eb4d\"><span class=\"ez-toc-section\" id=\"muzlu_sut\"><\/span><strong><strong><strong><strong>Muzlu S\u00fct<\/strong><\/strong><\/strong><\/strong><span class=\"ez-toc-section-end\"><\/span><\/h3>\n\n\n\n<figure class=\"wp-block-image size-large\"><img decoding=\"async\" src=\"https:\/\/res.cloudinary.com\/turna\/image\/upload\/v1655731223\/muzlu_s%C3%BCt_adana.jpg\" alt=\"Muzlu S\u00fct\"\/><\/figure>\n\n\n\n<p>Hayat\u0131n\u0131zda i\u00e7ece\u011finiz en lezzetli muzlu s\u00fct\u00fc Adana&#8217;da tatmaya haz\u0131r olun. Adres Kaz\u0131m B\u00fcfe. Asl\u0131nda klasik bir muzlu s\u00fctten \u00e7ok daha k\u0131vaml\u0131, milkshake gibi, muzlu frozen gibi bir \u015fey. Ama inan\u0131lmaz lezzetli. Porsiyonu kocaman. 1 tanesi 1 b\u00fcy\u00fck barda\u011f\u0131 dolduruyor, yar\u0131s\u0131na indi\u011finizde kalan\u0131n\u0131 tamaml\u0131yor. O nedenle 1 porsiyonu 2 ki\u015fi payla\u015f\u0131n derim. Kaz\u0131m B\u00fcfe&#8217;nin tostlar\u0131 da me\u015fhurdur. Sabah gidip kahvalt\u0131n\u0131z\u0131 burada tost ve ard\u0131ndan muzlu s\u00fctle yapabilirsiniz.<\/p>\n\n\n\n<p>T\u00fcm bu \u015fahane lezzetleri tatmak i\u00e7in yapman\u0131z gereken bir an \u00f6nce <strong><a href=\"https:\/\/www.turna.com\/ucak-bileti\/adana\" target=\"_blank\" rel=\"noreferrer noopener\">Adana u\u00e7ak bileti<\/a><\/strong> almak. \u2708<\/p>\n\n    <div class=\"xs_social_share_widget xs_share_url after_content \t\tmain_content  wslu-style-1 wslu-share-box-shaped wslu-fill-colored wslu-none wslu-share-horizontal wslu-theme-font-no wslu-main_content\">\n\n\t\t\n        <ul>\n\t\t\t        <\/ul>\n    <\/div> \n","protected":false},"excerpt":{"rendered":"<p>Ba\u015fl\u0131\u011f\u0131 bile ac\u0131kt\u0131ran Adana&#8217;da ne yenir yaz\u0131ma ho\u015fgeldiniz. \ud83d\ude00 Sizlere \u015fahane bir liste haz\u0131rlad\u0131m. Yaz\u0131n\u0131n sonunda bir anda &#8216;kalk\u0131n Adana&#8217;ya gidiyoruz&#8217; demeniz i\u015ften bile de\u011fil. \ud83d\ude0d<\/p>\n","protected":false},"author":34,"featured_media":20962,"comment_status":"open","ping_status":"open","sticky":false,"template":"","format":"standard","meta":{"rop_custom_images_group":[],"rop_custom_messages_group":[],"rop_publish_now":"initial","rop_publish_now_accounts":[],"rop_publish_now_history":[],"rop_publish_now_status":"pending","_cloudinary_featured_overwrite":false,"footnotes":""},"categories":[695,1805,2],"tags":[450],"class_list":["post-20933","post","type-post","status-publish","format-standard","has-post-thumbnail","hentry","category-gurme","category-adana","category-ulkeler","tag-adana"],"_links":{"self":[{"href":"https:\/\/www.turna.com\/blog\/wp-json\/wp\/v2\/posts\/20933","targetHints":{"allow":["GET"]}}],"collection":[{"href":"https:\/\/www.turna.com\/blog\/wp-json\/wp\/v2\/posts"}],"about":[{"href":"https:\/\/www.turna.com\/blog\/wp-json\/wp\/v2\/types\/post"}],"author":[{"embeddable":true,"href":"https:\/\/www.turna.com\/blog\/wp-json\/wp\/v2\/users\/34"}],"replies":[{"embeddable":true,"href":"https:\/\/www.turna.com\/blog\/wp-json\/wp\/v2\/comments?post=20933"}],"version-history":[{"count":0,"href":"https:\/\/www.turna.com\/blog\/wp-json\/wp\/v2\/posts\/20933\/revisions"}],"wp:featuredmedia":[{"embeddable":true,"href":"https:\/\/www.turna.com\/blog\/wp-json\/wp\/v2\/media\/20962"}],"wp:attachment":[{"href":"https:\/\/www.turna.com\/blog\/wp-json\/wp\/v2\/media?parent=20933"}],"wp:term":[{"taxonomy":"category","embeddable":true,"href":"https:\/\/www.turna.com\/blog\/wp-json\/wp\/v2\/categories?post=20933"},{"taxonomy":"post_tag","embeddable":true,"href":"https:\/\/www.turna.com\/blog\/wp-json\/wp\/v2\/tags?post=20933"}],"curies":[{"name":"wp","href":"https:\/\/api.w.org\/{rel}","templated":true}]}}